{"id":19561,"date":"2024-12-14T12:00:00","date_gmt":"2024-12-14T15:00:00","guid":{"rendered":"https:\/\/agenciainfra.com\/blog\/?p=19561"},"modified":"2024-12-16T09:26:18","modified_gmt":"2024-12-16T12:26:18","slug":"discussao-para-ampliar-area-publica-do-porto-de-santos-e-retomada-no-governo-federal","status":"publish","type":"post","link":"https:\/\/agenciainfra.com\/blog\/discussao-para-ampliar-area-publica-do-porto-de-santos-e-retomada-no-governo-federal\/","title":{"rendered":"Discuss\u00e3o para ampliar \u00e1rea p\u00fablica do Porto de Santos \u00e9 retomada no Governo Federal"},"content":{"rendered":"\n<p class=\"has-text-align-right\"><strong>Mar\u00edlia Sena, da Ag\u00eancia iNFRA<\/strong><\/p>\n\n\n\n<p>O ministro de Portos e Aeroportos, Silvio Costa Filho, apresentou, na \u00faltima quinta-feira (12),\u00a0um plano de amplia\u00e7\u00e3o da \u00e1rea p\u00fablica do Porto de Santos (SP). A inten\u00e7\u00e3o \u00e9 que o terminal que atualmente tem 7,2 milh\u00f5es de m\u00b2 cres\u00e7a mais 12 milh\u00f5es de m\u00b2, totalizando uma expans\u00e3o de 162,4%.\u00a0O primeiro n\u00famero divulgado pelo ministro foi de que o porto cresceria de 7,2 milh\u00f5es de m\u00b2 para 12 milh\u00f5es de m\u00b2, mas o Minist\u00e9rio de Portos e Aeroportos corrigiu os dados.<\/p>\n\n\n\n<p>\u201cA nossa expectativa \u00e9 que no in\u00edcio do m\u00eas de fevereiro a gente esteja assinando o decreto, e avan\u00e7ar nas a\u00e7\u00f5es estrat\u00e9gicas para atrair investidores ao porto\u201d, disse Costa Filho.&nbsp;<\/p>\n\n\n\n<p>O plano j\u00e1 vinha sendo trabalhado pela APS (Autoridade Portu\u00e1ria de Santos) e pelo Minist\u00e9rio de Portos e Aeroportos na gest\u00e3o do ent\u00e3o ministro M\u00e1rcio Fran\u00e7a. De acordo com ele, em entrevistas na \u00e9poca, a inten\u00e7\u00e3o j\u00e1 era ampliar a \u00e1rea do terminal para incluir as \u00e1reas de Barnab\u00e9 e Bagres.&nbsp;<\/p>\n\n\n\n<p>A expectativa \u00e9 de que, ap\u00f3s assinar o decreto, a expans\u00e3o inicie de fato no prazo de seis a oito meses. De acordo com o ministro, a estimativa de investimento na a\u00e7\u00e3o para o Porto de Santos \u00e9 de R$ 12 bilh\u00f5es. Segundo ele, a medida vai resultar em 15 propostas que englobam ao todo 11 \u00e1reas nas cidades de Santos, Guaruj\u00e1, Cubat\u00e3o e S\u00e3o Vicente.<\/p>\n\n\n\n<p>Anderson Pomini, presidente da APS, afirmou que a medida vai possibilitar &#8220;prestigiar o modal hidrovi\u00e1rio&#8221;. Ele considerou que o plano \u00e9 ousado, mas servir\u00e1 \u201cpara que a gente afaste o discurso de que o porto est\u00e1 no seu limite\u201d, afirmou.<\/p>\n\n\n\n<p>Segundo Pomini, h\u00e1 uma rela\u00e7\u00e3o de interdepend\u00eancia entre a poligonal e a concep\u00e7\u00e3o do PDZ (Plano de Desenvolvimento e Zoneamento). \u201cO PDZ tem a miss\u00e3o de definir a destina\u00e7\u00e3o do uso de \u00e1reas afetas e n\u00e3o afetas \u00e0s opera\u00e7\u00f5es portu\u00e1rias, obedecendo os limites da poligonal, e assim projetar e garantir o futuro do maior porto do hemisf\u00e9rio sul\u201d, afirmou o presidente da APS.<\/p>\n\n\n\n<p>Apesar das movimenta\u00e7\u00f5es para aumentar a poligonal, em 2021, o tema, ap\u00f3s ser intensamente debatido, recebeu um rev\u00e9s, e o Porto de Santos teve num intervalo de 10 meses \u2013 entre janeiro e outubro de 2022 \u2013, cerca de 6 milh\u00f5es de m\u00b2 exclu\u00eddos.<\/p>\n\n\n\n<p>Segundo a APS, a iniciativa atende \u201c\u00e0 necessidade de se conduzir um planejamento portu\u00e1rio eficiente e assertivo, observando as diretrizes de efici\u00eancia operacional e de integra\u00e7\u00e3o Porto-Cidades\u201d, completou a equipe t\u00e9cnica da Autoridade Portu\u00e1ria.<\/p>\n","protected":false},"excerpt":{"rendered":"<p>Mar\u00edlia Sena, da Ag\u00eancia iNFRA O ministro de Portos e Aeroportos, Silvio Costa Filho, apresentou, na \u00faltima quinta-feira (12),\u00a0um plano de amplia\u00e7\u00e3o da \u00e1rea p\u00fablica do Porto de Santos (SP). A inten\u00e7\u00e3o \u00e9 que o terminal que atualmente tem 7,2 milh\u00f5es de m\u00b2 cres\u00e7a mais 12 milh\u00f5es de m\u00b2, totalizando uma expans\u00e3o de 162,4%.\u00a0O primeiro [&hellip;]<\/p>\n","protected":false},"author":1,"featured_media":5524,"comment_status":"closed","ping_status":"closed","sticky":false,"template":"","format":"standard","meta":{"_monsterinsights_skip_tracking":false,"_monsterinsights_sitenote_active":false,"_monsterinsights_sitenote_note":"","_monsterinsights_sitenote_category":0,"footnotes":""},"categories":[7250,1,7],"tags":[12000,86,11999,4918,355,11654,6919,8493,260,310,7467],"class_list":["post-19561","post","type-post","status-publish","format-standard","has-post-thumbnail","hentry","category-destaque-lista","category-geral","category-infratransporte","tag-ampliacao-de-area-publica-do-porto-de-santos","tag-antaq","tag-area-publica-do-porto-de-santos","tag-autoridade-portuaria-de-santos","tag-hidrovias","tag-marilia-sena","tag-mpor","tag-planejamento-portuario","tag-porto-de-santos","tag-portos","tag-silvio-costa-filho"],"yoast_head":"<!-- This site is optimized with the Yoast SEO Premium plugin v25.4 (Yoast SEO v26.0) - https:\/\/yoast.com\/wordpress\/plugins\/seo\/ -->\n<title>Discuss\u00e3o para ampliar \u00e1rea p\u00fablica do Porto de Santos \u00e9 retomada no Governo Federal - Ag\u00eancia iNFRA<\/title>\n<meta name=\"robots\" content=\"index, follow, max-snippet:-1, max-image-preview:large, max-video-preview:-1\" \/>\n<link rel=\"canonical\" href=\"https:\/\/agenciainfra.com\/blog\/discussao-para-ampliar-area-publica-do-porto-de-santos-e-retomada-no-governo-federal\/\" \/>\n<meta property=\"og:locale\" content=\"pt_BR\" \/>\n<meta property=\"og:type\" content=\"article\" \/>\n<meta property=\"og:title\" content=\"Discuss\u00e3o para ampliar \u00e1rea p\u00fablica do Porto de Santos \u00e9 retomada no Governo Federal\" \/>\n<meta property=\"og:description\" content=\"Mar\u00edlia Sena, da Ag\u00eancia iNFRA O ministro de Portos e Aeroportos, Silvio Costa Filho, apresentou, na \u00faltima quinta-feira (12),\u00a0um plano de amplia\u00e7\u00e3o da \u00e1rea p\u00fablica do Porto de Santos (SP). A inten\u00e7\u00e3o \u00e9 que o terminal que atualmente tem 7,2 milh\u00f5es de m\u00b2 cres\u00e7a mais 12 milh\u00f5es de m\u00b2, totalizando uma expans\u00e3o de 162,4%.\u00a0O primeiro [&hellip;]\" \/>\n<meta property=\"og:url\" content=\"https:\/\/agenciainfra.com\/blog\/discussao-para-ampliar-area-publica-do-porto-de-santos-e-retomada-no-governo-federal\/\" \/>\n<meta property=\"og:site_name\" content=\"Ag\u00eancia iNFRA\" \/>\n<meta property=\"article:publisher\" content=\"https:\/\/www.facebook.com\/ageninfra\" \/>\n<meta property=\"article:published_time\" content=\"2024-12-14T15:00:00+00:00\" \/>\n<meta property=\"article:modified_time\" content=\"2024-12-16T12:26:18+00:00\" \/>\n<meta property=\"og:image\" content=\"https:\/\/agenciainfra.com\/blog\/wp-content\/uploads\/2020\/07\/porto-de-santos-foto-sergio-coelho-spa.jpeg\" \/>\n\t<meta property=\"og:image:width\" content=\"1280\" \/>\n\t<meta property=\"og:image:height\" content=\"858\" \/>\n\t<meta property=\"og:image:type\" content=\"image\/jpeg\" \/>\n<meta name=\"author\" content=\"Ag\u00eancia iNFRA\" \/>\n<meta name=\"twitter:card\" content=\"summary_large_image\" \/>\n<meta name=\"twitter:creator\" content=\"@agencia_infra\" \/>\n<meta name=\"twitter:site\" content=\"@agencia_infra\" \/>\n<meta name=\"twitter:label1\" content=\"Escrito por\" \/>\n\t<meta name=\"twitter:data1\" content=\"Ag\u00eancia iNFRA\" \/>\n\t<meta name=\"twitter:label2\" content=\"Est. tempo de leitura\" \/>\n\t<meta name=\"twitter:data2\" content=\"2 minutos\" \/>\n<script type=\"application\/ld+json\" class=\"yoast-schema-graph\">{\"@context\":\"https:\/\/schema.org\",\"@graph\":[{\"@type\":\"Article\",\"@id\":\"https:\/\/agenciainfra.com\/blog\/discussao-para-ampliar-area-publica-do-porto-de-santos-e-retomada-no-governo-federal\/#article\",\"isPartOf\":{\"@id\":\"https:\/\/agenciainfra.com\/blog\/discussao-para-ampliar-area-publica-do-porto-de-santos-e-retomada-no-governo-federal\/\"},\"author\":{\"name\":\"Ag\u00eancia iNFRA\",\"@id\":\"https:\/\/agenciainfra.com\/blog\/#\/schema\/person\/34af08dff6adea4cb22b06612ba7acfa\"},\"headline\":\"Discuss\u00e3o para ampliar \u00e1rea p\u00fablica do Porto de Santos \u00e9 retomada no Governo Federal\",\"datePublished\":\"2024-12-14T15:00:00+00:00\",\"dateModified\":\"2024-12-16T12:26:18+00:00\",\"mainEntityOfPage\":{\"@id\":\"https:\/\/agenciainfra.com\/blog\/discussao-para-ampliar-area-publica-do-porto-de-santos-e-retomada-no-governo-federal\/\"},\"wordCount\":462,\"publisher\":{\"@id\":\"https:\/\/agenciainfra.com\/blog\/#organization\"},\"image\":{\"@id\":\"https:\/\/agenciainfra.com\/blog\/discussao-para-ampliar-area-publica-do-porto-de-santos-e-retomada-no-governo-federal\/#primaryimage\"},\"thumbnailUrl\":\"https:\/\/agenciainfra.com\/blog\/wp-content\/uploads\/2020\/07\/porto-de-santos-foto-sergio-coelho-spa.jpeg\",\"keywords\":[\"amplia\u00e7\u00e3o de \u00e1rea p\u00fablica do porto de santos\",\"ANTAQ\",\"\u00e1rea p\u00fablica do porto de santos\",\"Autoridade Portu\u00e1ria de Santos\",\"hidrovias\",\"Mar\u00edlia Sena\",\"MPor\",\"planejamento portu\u00e1rio\",\"Porto de Santos\",\"portos\",\"Silvio Costa Filho\"],\"articleSection\":[\"Destaque lista\",\"Geral\",\"iNFRATransporte\"],\"inLanguage\":\"pt-BR\",\"copyrightYear\":\"2024\",\"copyrightHolder\":{\"@id\":\"https:\/\/agenciainfra.com\/blog\/#organization\"}},{\"@type\":\"WebPage\",\"@id\":\"https:\/\/agenciainfra.com\/blog\/discussao-para-ampliar-area-publica-do-porto-de-santos-e-retomada-no-governo-federal\/\",\"url\":\"https:\/\/agenciainfra.com\/blog\/discussao-para-ampliar-area-publica-do-porto-de-santos-e-retomada-no-governo-federal\/\",\"name\":\"Discuss\u00e3o para ampliar \u00e1rea p\u00fablica do Porto de Santos \u00e9 retomada no Governo Federal - Ag\u00eancia iNFRA\",\"isPartOf\":{\"@id\":\"https:\/\/agenciainfra.com\/blog\/#website\"},\"primaryImageOfPage\":{\"@id\":\"https:\/\/agenciainfra.com\/blog\/discussao-para-ampliar-area-publica-do-porto-de-santos-e-retomada-no-governo-federal\/#primaryimage\"},\"image\":{\"@id\":\"https:\/\/agenciainfra.com\/blog\/discussao-para-ampliar-area-publica-do-porto-de-santos-e-retomada-no-governo-federal\/#primaryimage\"},\"thumbnailUrl\":\"https:\/\/agenciainfra.com\/blog\/wp-content\/uploads\/2020\/07\/porto-de-santos-foto-sergio-coelho-spa.jpeg\",\"datePublished\":\"2024-12-14T15:00:00+00:00\",\"dateModified\":\"2024-12-16T12:26:18+00:00\",\"breadcrumb\":{\"@id\":\"https:\/\/agenciainfra.com\/blog\/discussao-para-ampliar-area-publica-do-porto-de-santos-e-retomada-no-governo-federal\/#breadcrumb\"},\"inLanguage\":\"pt-BR\",\"potentialAction\":[{\"@type\":\"ReadAction\",\"target\":[\"https:\/\/agenciainfra.com\/blog\/discussao-para-ampliar-area-publica-do-porto-de-santos-e-retomada-no-governo-federal\/\"]}]},{\"@type\":\"ImageObject\",\"inLanguage\":\"pt-BR\",\"@id\":\"https:\/\/agenciainfra.com\/blog\/discussao-para-ampliar-area-publica-do-porto-de-santos-e-retomada-no-governo-federal\/#primaryimage\",\"url\":\"https:\/\/agenciainfra.com\/blog\/wp-content\/uploads\/2020\/07\/porto-de-santos-foto-sergio-coelho-spa.jpeg\",\"contentUrl\":\"https:\/\/agenciainfra.com\/blog\/wp-content\/uploads\/2020\/07\/porto-de-santos-foto-sergio-coelho-spa.jpeg\",\"width\":1280,\"height\":858,\"caption\":\"Foto: S\u00e9rgio Coelho\/SPA\"},{\"@type\":\"BreadcrumbList\",\"@id\":\"https:\/\/agenciainfra.com\/blog\/discussao-para-ampliar-area-publica-do-porto-de-santos-e-retomada-no-governo-federal\/#breadcrumb\",\"itemListElement\":[{\"@type\":\"ListItem\",\"position\":1,\"name\":\"In\u00edcio\",\"item\":\"https:\/\/agenciainfra.com\/blog\/\"},{\"@type\":\"ListItem\",\"position\":2,\"name\":\"Discuss\u00e3o para ampliar \u00e1rea p\u00fablica do Porto de Santos \u00e9 retomada no Governo Federal\"}]},{\"@type\":\"WebSite\",\"@id\":\"https:\/\/agenciainfra.com\/blog\/#website\",\"url\":\"https:\/\/agenciainfra.com\/blog\/\",\"name\":\"Ag\u00eancia iNFRA\",\"description\":\"Multiplataforma de informa\u00e7\u00e3o jornal\u00edstica refer\u00eancia na \u00e1rea de infraestrutura no Brasil!\",\"publisher\":{\"@id\":\"https:\/\/agenciainfra.com\/blog\/#organization\"},\"potentialAction\":[{\"@type\":\"SearchAction\",\"target\":{\"@type\":\"EntryPoint\",\"urlTemplate\":\"https:\/\/agenciainfra.com\/blog\/?s={search_term_string}\"},\"query-input\":{\"@type\":\"PropertyValueSpecification\",\"valueRequired\":true,\"valueName\":\"search_term_string\"}}],\"inLanguage\":\"pt-BR\"},{\"@type\":\"Organization\",\"@id\":\"https:\/\/agenciainfra.com\/blog\/#organization\",\"name\":\"Ag\u00eancia iNFRA\",\"url\":\"https:\/\/agenciainfra.com\/blog\/\",\"logo\":{\"@type\":\"ImageObject\",\"inLanguage\":\"pt-BR\",\"@id\":\"https:\/\/agenciainfra.com\/blog\/#\/schema\/logo\/image\/\",\"url\":\"https:\/\/agenciainfra.com\/blog\/wp-content\/uploads\/2023\/09\/iNFRA_5-e1761735885940.png\",\"contentUrl\":\"https:\/\/agenciainfra.com\/blog\/wp-content\/uploads\/2023\/09\/iNFRA_5-e1761735885940.png\",\"width\":1672,\"height\":454,\"caption\":\"Ag\u00eancia iNFRA\"},\"image\":{\"@id\":\"https:\/\/agenciainfra.com\/blog\/#\/schema\/logo\/image\/\"},\"sameAs\":[\"https:\/\/www.facebook.com\/ageninfra\",\"https:\/\/x.com\/agencia_infra\",\"https:\/\/www.linkedin.com\/company\/ag\u00eanciainfra\/\",\"https:\/\/www.instagram.com\/agenciainfra\/\"]},{\"@type\":\"Person\",\"@id\":\"https:\/\/agenciainfra.com\/blog\/#\/schema\/person\/34af08dff6adea4cb22b06612ba7acfa\",\"name\":\"Ag\u00eancia iNFRA\",\"image\":{\"@type\":\"ImageObject\",\"inLanguage\":\"pt-BR\",\"@id\":\"https:\/\/agenciainfra.com\/blog\/#\/schema\/person\/image\/\",\"url\":\"https:\/\/secure.gravatar.com\/avatar\/d189e01678f06d8eb84d4e01f08eb848b3fffe3f8443818d3c356c66892f5be8?s=96&d=mm&r=g\",\"contentUrl\":\"https:\/\/secure.gravatar.com\/avatar\/d189e01678f06d8eb84d4e01f08eb848b3fffe3f8443818d3c356c66892f5be8?s=96&d=mm&r=g\",\"caption\":\"Ag\u00eancia iNFRA\"},\"url\":\"https:\/\/agenciainfra.com\/blog\/author\/admin\/\"}]}<\/script>\n<!-- \/ Yoast SEO Premium plugin. -->","yoast_head_json":{"title":"Discuss\u00e3o para ampliar \u00e1rea p\u00fablica do Porto de Santos \u00e9 retomada no Governo Federal - Ag\u00eancia iNFRA","robots":{"index":"index","follow":"follow","max-snippet":"max-snippet:-1","max-image-preview":"max-image-preview:large","max-video-preview":"max-video-preview:-1"},"canonical":"https:\/\/agenciainfra.com\/blog\/discussao-para-ampliar-area-publica-do-porto-de-santos-e-retomada-no-governo-federal\/","og_locale":"pt_BR","og_type":"article","og_title":"Discuss\u00e3o para ampliar \u00e1rea p\u00fablica do Porto de Santos \u00e9 retomada no Governo Federal","og_description":"Mar\u00edlia Sena, da Ag\u00eancia iNFRA O ministro de Portos e Aeroportos, Silvio Costa Filho, apresentou, na \u00faltima quinta-feira (12),\u00a0um plano de amplia\u00e7\u00e3o da \u00e1rea p\u00fablica do Porto de Santos (SP). A inten\u00e7\u00e3o \u00e9 que o terminal que atualmente tem 7,2 milh\u00f5es de m\u00b2 cres\u00e7a mais 12 milh\u00f5es de m\u00b2, totalizando uma expans\u00e3o de 162,4%.\u00a0O primeiro [&hellip;]","og_url":"https:\/\/agenciainfra.com\/blog\/discussao-para-ampliar-area-publica-do-porto-de-santos-e-retomada-no-governo-federal\/","og_site_name":"Ag\u00eancia iNFRA","article_publisher":"https:\/\/www.facebook.com\/ageninfra","article_published_time":"2024-12-14T15:00:00+00:00","article_modified_time":"2024-12-16T12:26:18+00:00","og_image":[{"width":1280,"height":858,"url":"https:\/\/agenciainfra.com\/blog\/wp-content\/uploads\/2020\/07\/porto-de-santos-foto-sergio-coelho-spa.jpeg","type":"image\/jpeg"}],"author":"Ag\u00eancia iNFRA","twitter_card":"summary_large_image","twitter_creator":"@agencia_infra","twitter_site":"@agencia_infra","twitter_misc":{"Escrito por":"Ag\u00eancia iNFRA","Est. tempo de leitura":"2 minutos"},"schema":{"@context":"https:\/\/schema.org","@graph":[{"@type":"Article","@id":"https:\/\/agenciainfra.com\/blog\/discussao-para-ampliar-area-publica-do-porto-de-santos-e-retomada-no-governo-federal\/#article","isPartOf":{"@id":"https:\/\/agenciainfra.com\/blog\/discussao-para-ampliar-area-publica-do-porto-de-santos-e-retomada-no-governo-federal\/"},"author":{"name":"Ag\u00eancia iNFRA","@id":"https:\/\/agenciainfra.com\/blog\/#\/schema\/person\/34af08dff6adea4cb22b06612ba7acfa"},"headline":"Discuss\u00e3o para ampliar \u00e1rea p\u00fablica do Porto de Santos \u00e9 retomada no Governo Federal","datePublished":"2024-12-14T15:00:00+00:00","dateModified":"2024-12-16T12:26:18+00:00","mainEntityOfPage":{"@id":"https:\/\/agenciainfra.com\/blog\/discussao-para-ampliar-area-publica-do-porto-de-santos-e-retomada-no-governo-federal\/"},"wordCount":462,"publisher":{"@id":"https:\/\/agenciainfra.com\/blog\/#organization"},"image":{"@id":"https:\/\/agenciainfra.com\/blog\/discussao-para-ampliar-area-publica-do-porto-de-santos-e-retomada-no-governo-federal\/#primaryimage"},"thumbnailUrl":"https:\/\/agenciainfra.com\/blog\/wp-content\/uploads\/2020\/07\/porto-de-santos-foto-sergio-coelho-spa.jpeg","keywords":["amplia\u00e7\u00e3o de \u00e1rea p\u00fablica do porto de santos","ANTAQ","\u00e1rea p\u00fablica do porto de santos","Autoridade Portu\u00e1ria de Santos","hidrovias","Mar\u00edlia Sena","MPor","planejamento portu\u00e1rio","Porto de Santos","portos","Silvio Costa Filho"],"articleSection":["Destaque lista","Geral","iNFRATransporte"],"inLanguage":"pt-BR","copyrightYear":"2024","copyrightHolder":{"@id":"https:\/\/agenciainfra.com\/blog\/#organization"}},{"@type":"WebPage","@id":"https:\/\/agenciainfra.com\/blog\/discussao-para-ampliar-area-publica-do-porto-de-santos-e-retomada-no-governo-federal\/","url":"https:\/\/agenciainfra.com\/blog\/discussao-para-ampliar-area-publica-do-porto-de-santos-e-retomada-no-governo-federal\/","name":"Discuss\u00e3o para ampliar \u00e1rea p\u00fablica do Porto de Santos \u00e9 retomada no Governo Federal - Ag\u00eancia iNFRA","isPartOf":{"@id":"https:\/\/agenciainfra.com\/blog\/#website"},"primaryImageOfPage":{"@id":"https:\/\/agenciainfra.com\/blog\/discussao-para-ampliar-area-publica-do-porto-de-santos-e-retomada-no-governo-federal\/#primaryimage"},"image":{"@id":"https:\/\/agenciainfra.com\/blog\/discussao-para-ampliar-area-publica-do-porto-de-santos-e-retomada-no-governo-federal\/#primaryimage"},"thumbnailUrl":"https:\/\/agenciainfra.com\/blog\/wp-content\/uploads\/2020\/07\/porto-de-santos-foto-sergio-coelho-spa.jpeg","datePublished":"2024-12-14T15:00:00+00:00","dateModified":"2024-12-16T12:26:18+00:00","breadcrumb":{"@id":"https:\/\/agenciainfra.com\/blog\/discussao-para-ampliar-area-publica-do-porto-de-santos-e-retomada-no-governo-federal\/#breadcrumb"},"inLanguage":"pt-BR","potentialAction":[{"@type":"ReadAction","target":["https:\/\/agenciainfra.com\/blog\/discussao-para-ampliar-area-publica-do-porto-de-santos-e-retomada-no-governo-federal\/"]}]},{"@type":"ImageObject","inLanguage":"pt-BR","@id":"https:\/\/agenciainfra.com\/blog\/discussao-para-ampliar-area-publica-do-porto-de-santos-e-retomada-no-governo-federal\/#primaryimage","url":"https:\/\/agenciainfra.com\/blog\/wp-content\/uploads\/2020\/07\/porto-de-santos-foto-sergio-coelho-spa.jpeg","contentUrl":"https:\/\/agenciainfra.com\/blog\/wp-content\/uploads\/2020\/07\/porto-de-santos-foto-sergio-coelho-spa.jpeg","width":1280,"height":858,"caption":"Foto: S\u00e9rgio Coelho\/SPA"},{"@type":"BreadcrumbList","@id":"https:\/\/agenciainfra.com\/blog\/discussao-para-ampliar-area-publica-do-porto-de-santos-e-retomada-no-governo-federal\/#breadcrumb","itemListElement":[{"@type":"ListItem","position":1,"name":"In\u00edcio","item":"https:\/\/agenciainfra.com\/blog\/"},{"@type":"ListItem","position":2,"name":"Discuss\u00e3o para ampliar \u00e1rea p\u00fablica do Porto de Santos \u00e9 retomada no Governo Federal"}]},{"@type":"WebSite","@id":"https:\/\/agenciainfra.com\/blog\/#website","url":"https:\/\/agenciainfra.com\/blog\/","name":"Ag\u00eancia iNFRA","description":"Multiplataforma de informa\u00e7\u00e3o jornal\u00edstica refer\u00eancia na \u00e1rea de infraestrutura no Brasil!","publisher":{"@id":"https:\/\/agenciainfra.com\/blog\/#organization"},"potentialAction":[{"@type":"SearchAction","target":{"@type":"EntryPoint","urlTemplate":"https:\/\/agenciainfra.com\/blog\/?s={search_term_string}"},"query-input":{"@type":"PropertyValueSpecification","valueRequired":true,"valueName":"search_term_string"}}],"inLanguage":"pt-BR"},{"@type":"Organization","@id":"https:\/\/agenciainfra.com\/blog\/#organization","name":"Ag\u00eancia iNFRA","url":"https:\/\/agenciainfra.com\/blog\/","logo":{"@type":"ImageObject","inLanguage":"pt-BR","@id":"https:\/\/agenciainfra.com\/blog\/#\/schema\/logo\/image\/","url":"https:\/\/agenciainfra.com\/blog\/wp-content\/uploads\/2023\/09\/iNFRA_5-e1761735885940.png","contentUrl":"https:\/\/agenciainfra.com\/blog\/wp-content\/uploads\/2023\/09\/iNFRA_5-e1761735885940.png","width":1672,"height":454,"caption":"Ag\u00eancia iNFRA"},"image":{"@id":"https:\/\/agenciainfra.com\/blog\/#\/schema\/logo\/image\/"},"sameAs":["https:\/\/www.facebook.com\/ageninfra","https:\/\/x.com\/agencia_infra","https:\/\/www.linkedin.com\/company\/ag\u00eanciainfra\/","https:\/\/www.instagram.com\/agenciainfra\/"]},{"@type":"Person","@id":"https:\/\/agenciainfra.com\/blog\/#\/schema\/person\/34af08dff6adea4cb22b06612ba7acfa","name":"Ag\u00eancia iNFRA","image":{"@type":"ImageObject","inLanguage":"pt-BR","@id":"https:\/\/agenciainfra.com\/blog\/#\/schema\/person\/image\/","url":"https:\/\/secure.gravatar.com\/avatar\/d189e01678f06d8eb84d4e01f08eb848b3fffe3f8443818d3c356c66892f5be8?s=96&d=mm&r=g","contentUrl":"https:\/\/secure.gravatar.com\/avatar\/d189e01678f06d8eb84d4e01f08eb848b3fffe3f8443818d3c356c66892f5be8?s=96&d=mm&r=g","caption":"Ag\u00eancia iNFRA"},"url":"https:\/\/agenciainfra.com\/blog\/author\/admin\/"}]}},"_links":{"self":[{"href":"https:\/\/agenciainfra.com\/blog\/wp-json\/wp\/v2\/posts\/19561","targetHints":{"allow":["GET"]}}],"collection":[{"href":"https:\/\/agenciainfra.com\/blog\/wp-json\/wp\/v2\/posts"}],"about":[{"href":"https:\/\/agenciainfra.com\/blog\/wp-json\/wp\/v2\/types\/post"}],"author":[{"embeddable":true,"href":"https:\/\/agenciainfra.com\/blog\/wp-json\/wp\/v2\/users\/1"}],"replies":[{"embeddable":true,"href":"https:\/\/agenciainfra.com\/blog\/wp-json\/wp\/v2\/comments?post=19561"}],"version-history":[{"count":1,"href":"https:\/\/agenciainfra.com\/blog\/wp-json\/wp\/v2\/posts\/19561\/revisions"}],"predecessor-version":[{"id":19562,"href":"https:\/\/agenciainfra.com\/blog\/wp-json\/wp\/v2\/posts\/19561\/revisions\/19562"}],"wp:featuredmedia":[{"embeddable":true,"href":"https:\/\/agenciainfra.com\/blog\/wp-json\/wp\/v2\/media\/5524"}],"wp:attachment":[{"href":"https:\/\/agenciainfra.com\/blog\/wp-json\/wp\/v2\/media?parent=19561"}],"wp:term":[{"taxonomy":"category","embeddable":true,"href":"https:\/\/agenciainfra.com\/blog\/wp-json\/wp\/v2\/categories?post=19561"},{"taxonomy":"post_tag","embeddable":true,"href":"https:\/\/agenciainfra.com\/blog\/wp-json\/wp\/v2\/tags?post=19561"}],"curies":[{"name":"wp","href":"https:\/\/api.w.org\/{rel}","templated":true}]}}