{"id":19579,"date":"2024-12-16T09:00:00","date_gmt":"2024-12-16T12:00:00","guid":{"rendered":"https:\/\/agenciainfra.com\/blog\/?p=19579"},"modified":"2024-12-17T09:39:19","modified_gmt":"2024-12-17T12:39:19","slug":"amazonas-energia-pede-a-aneel-mais-60-dias-para-concluir-transferencia-do-controle-a-ambar","status":"publish","type":"post","link":"https:\/\/agenciainfra.com\/blog\/amazonas-energia-pede-a-aneel-mais-60-dias-para-concluir-transferencia-do-controle-a-ambar\/","title":{"rendered":"Amazonas Energia pede \u00e0 ANEEL mais 60 dias para concluir transfer\u00eancia do controle \u00e0 \u00c2mbar"},"content":{"rendered":"\n<p class=\"has-text-align-right\"><strong>Geraldo Campos Jr. e Marisa Wanzeller, da Ag\u00eancia iNFRA<\/strong><\/p>\n\n\n\n<p>A Amazonas Energia pediu \u00e0 ANEEL (Ag\u00eancia Nacional de Energia El\u00e9trica) uma prorroga\u00e7\u00e3o de 60 dias no prazo que se encerraria em 31 de dezembro para concluir a transfer\u00eancia de controle, hoje nas m\u00e3os da Oliveira Energia, para a \u00c2mbar, dos irm\u00e3os Wesley e Joesley Batista. Assim, teria at\u00e9 o fim&nbsp;de fevereiro para consolidar a opera\u00e7\u00e3o.&nbsp;<\/p>\n\n\n\n<p>O processo foi&nbsp;<a href=\"https:\/\/www2.aneel.gov.br\/aplicacoes_liferay\/noticias_area\/dsp_detalheNoticia.cfm?idNoticia=14521&amp;idAreaNoticia=424\" target=\"_blank\" rel=\"noreferrer noopener\">sorteado<\/a>&nbsp;para relatoria da diretora Agnes Costa na \u00faltima quinta-feira (12). A expectativa \u00e9 que seja realizada uma RPE (Reuni\u00e3o P\u00fablica Extraordin\u00e1ria) pela diretoria colegiada da ANEEL ainda neste m\u00eas de dezembro&nbsp;para apreciar a solicita\u00e7\u00e3o, uma vez que as reuni\u00f5es ordin\u00e1rias de 2024, que ocorrem sempre \u00e0s ter\u00e7as-feiras, encerraram-se na \u00faltima semana e s\u00f3 retornar\u00e3o em 2025.&nbsp;<\/p>\n\n\n\n<p>A distribuidora alega que a concretiza\u00e7\u00e3o de todos os atos da transfer\u00eancia depende de terceiros, o que pode impedir o desfecho do neg\u00f3cio no prazo atual.<\/p>\n\n\n\n<p><strong>A\u00e7\u00e3o judicial<\/strong><br>Enquanto aguarda a ag\u00eancia, a distribuidora encaminhou o&nbsp;<a href=\"https:\/\/mcusercontent.com\/d460dd1bcf9ba0ae040e1fc0f\/files\/ce5cba0c-40e3-28d5-6832-f7856208f568\/PROCESSO__1029198_63.2024.4.01.3200_AMAZONAS_manifesta_ccedil_atilde_o.pdf\" target=\"_blank\" rel=\"noreferrer noopener\">mesmo pleito<\/a>&nbsp;\u00e0 ju\u00edza Jaiza Fraxe, da 1\u00aa Vara da SJAM (Se\u00e7\u00e3o Judici\u00e1ria do Estado do Amazonas), em 10 de dezembro. A empresa solicitou que a Justi\u00e7a obrigue a ANEEL a aprovar a extens\u00e3o do prazo em 60 dias para que sejam superados os tr\u00e2mites burocr\u00e1ticos necess\u00e1rios.<\/p>\n\n\n\n<p>Para formalizar a transfer\u00eancia, a Amazonas e a \u00c2mbar precisam apresentar documentos comprobat\u00f3rios de regularidade financeira, jur\u00eddica, fiscal e setorial at\u00e9 o prazo estipulado.&nbsp;<\/p>\n\n\n\n<p>Al\u00e9m disso, a empresa dos irm\u00e3os Batista aguarda uma estabiliza\u00e7\u00e3o da decis\u00e3o da ju\u00edza, que obrigou a ANEEL a autorizar o neg\u00f3cio, para ter seguran\u00e7a jur\u00eddica para assumir a distribuidora e realizar o aporte de R$ 10 bilh\u00f5es.<\/p>\n\n\n\n<p><strong>Repasses<\/strong><br>A Amazonas Energia destaca no pedido \u00e0 Justi\u00e7a que os recursos da CCC (Conta de Consumo de Combust\u00edveis) referentes \u00e0s flexibiliza\u00e7\u00f5es operacionais ainda n\u00e3o foram repassados \u00e0 concession\u00e1ria. A opera\u00e7\u00e3o firmada entre as partes conta com o repasse de R$ 14 bilh\u00f5es, assegurados por decis\u00e3o da ju\u00edza Jaiza Fraxe. &nbsp;<\/p>\n\n\n\n<p>Segundo a autora do pedido, ao consultar a CCEE (C\u00e2mara de Comercializa\u00e7\u00e3o de Energia El\u00e9trica) sobre os recursos devidos, foi informado pela ANEEL que os valores \u201cs\u00f3 ser\u00e3o reembolsados ap\u00f3s o in\u00edcio da efic\u00e1cia do termo de transfer\u00eancia\u201d.<\/p>\n\n\n\n<p>Contudo, a Amazonas ressalta que \u201cn\u00e3o h\u00e1 qualquer disposi\u00e7\u00e3o expressa no termo aditivo no sentido de que os repasses estariam condicionados ao atendimento da Cl\u00e1usula S\u00e9tima\u201d, que trata da efic\u00e1cia do termo aditivo.&nbsp;<\/p>\n\n\n\n<p>Desta forma, a empresa requer judicialmente que a ANEEL libere imediatamente os repasses relacionados \u00e0 flexibiliza\u00e7\u00e3o mesmo sem a conclus\u00e3o da opera\u00e7\u00e3o, solicitando pena de aplica\u00e7\u00e3o de multa di\u00e1ria em caso de descumprimento, \u201csob pena de grave preju\u00edzo \u00e0 continuidade de suas atividades\u201d.<\/p>\n\n\n\n<p><strong>ANEEL cobra cronograma<\/strong><br>Em&nbsp;<a href=\"https:\/\/mcusercontent.com\/d460dd1bcf9ba0ae040e1fc0f\/files\/a97cecf6-b731-4bc9-7ae9-6a08f5d037c3\/6661192_oficio_aneel.pdf\" target=\"_blank\" rel=\"noreferrer noopener\">of\u00edcio<\/a>&nbsp;encaminhado \u00e0 Amazonas Energia na \u00faltima sexta-feira (13), a ANEEL solicitou que a Amazonas Energia comunique&nbsp;at\u00e9 hoje (16) as atividades j\u00e1 realizadas relativas ao processo, assim como um cronograma com os pr\u00f3ximos passos.&nbsp;<\/p>\n\n\n\n<p>A ag\u00eancia requer o envio de:\u00a0<\/p>\n\n\n\n<p>1) a\u00e7\u00f5es j\u00e1 tomadas pelas partes para buscar a efetiva\u00e7\u00e3o da transfer\u00eancia do controle societ\u00e1rio at\u00e9 a data prevista no termo aditivo ao contrato de concess\u00e3o;\u00a0<\/p>\n\n\n\n<p>2) detalhamento do que as partes chamaram de \u201celevados desafios burocr\u00e1ticos\u201d, \u201cnatural lentifica\u00e7\u00e3o das atividades dos \u00f3rg\u00e3os p\u00fablicos\u201d e \u201cquantidade consider\u00e1vel de documentos e informa\u00e7\u00f5es\u201d que impediram a concretiza\u00e7\u00e3o da opera\u00e7\u00e3o no prazo estabelecido no aditivo contratual; e&nbsp;<\/p>\n\n\n\n<p>3) cronograma detalhado com todas as a\u00e7\u00f5es e atividades que ser\u00e3o executadas pelas interessadas at\u00e9 o final de fevereiro de 2025 com vista a assegurar que no prazo requerido a opera\u00e7\u00e3o ser\u00e1 integralmente conclu\u00edda.<\/p>\n","protected":false},"excerpt":{"rendered":"<p>Geraldo Campos Jr. e Marisa Wanzeller, da Ag\u00eancia iNFRA A Amazonas Energia pediu \u00e0 ANEEL (Ag\u00eancia Nacional de Energia El\u00e9trica) uma prorroga\u00e7\u00e3o de 60 dias no prazo que se encerraria em 31 de dezembro para concluir a transfer\u00eancia de controle, hoje nas m\u00e3os da Oliveira Energia, para a \u00c2mbar, dos irm\u00e3os Wesley e Joesley Batista. [&hellip;]<\/p>\n","protected":false},"author":1,"featured_media":7194,"comment_status":"closed","ping_status":"closed","sticky":false,"template":"","format":"standard","meta":{"_monsterinsights_skip_tracking":false,"_monsterinsights_sitenote_active":false,"_monsterinsights_sitenote_note":"","_monsterinsights_sitenote_category":0,"footnotes":""},"categories":[7250,1,10],"tags":[11969,144,5678,53,2026,1229,11594,11500,11970,7366,11374,11376,11971,7876,11968],"class_list":["post-19579","post","type-post","status-publish","format-standard","has-post-thumbnail","hentry","category-destaque-lista","category-geral","category-infraenergia","tag-1a-vara-civel-da-sjam","tag-amazonas-energia","tag-ambar","tag-aneel","tag-cigas","tag-eletronorte","tag-geraldo-campos-jr","tag-jaiza-maria-pinto-fraxe","tag-joesley-e-wesley-batista","tag-marisa-wanzeller","tag-secao-judiciaria-do-amazonas","tag-sjam","tag-termeletricas-do-norte","tag-transferencia-de-controle","tag-venda-da-amazonas-energia"],"yoast_head":"<!-- This site is optimized with the Yoast SEO Premium plugin v25.4 (Yoast SEO v26.0) - https:\/\/yoast.com\/wordpress\/plugins\/seo\/ -->\n<title>Amazonas Energia pede \u00e0 ANEEL mais 60 dias para concluir transfer\u00eancia do controle \u00e0 \u00c2mbar - Ag\u00eancia iNFRA<\/title>\n<meta name=\"robots\" content=\"index, follow, max-snippet:-1, max-image-preview:large, max-video-preview:-1\" \/>\n<link rel=\"canonical\" href=\"https:\/\/agenciainfra.com\/blog\/amazonas-energia-pede-a-aneel-mais-60-dias-para-concluir-transferencia-do-controle-a-ambar\/\" \/>\n<meta property=\"og:locale\" content=\"pt_BR\" \/>\n<meta property=\"og:type\" content=\"article\" \/>\n<meta property=\"og:title\" content=\"Amazonas Energia pede \u00e0 ANEEL mais 60 dias para concluir transfer\u00eancia do controle \u00e0 \u00c2mbar\" \/>\n<meta property=\"og:description\" content=\"Geraldo Campos Jr. e Marisa Wanzeller, da Ag\u00eancia iNFRA A Amazonas Energia pediu \u00e0 ANEEL (Ag\u00eancia Nacional de Energia El\u00e9trica) uma prorroga\u00e7\u00e3o de 60 dias no prazo que se encerraria em 31 de dezembro para concluir a transfer\u00eancia de controle, hoje nas m\u00e3os da Oliveira Energia, para a \u00c2mbar, dos irm\u00e3os Wesley e Joesley Batista. [&hellip;]\" \/>\n<meta property=\"og:url\" content=\"https:\/\/agenciainfra.com\/blog\/amazonas-energia-pede-a-aneel-mais-60-dias-para-concluir-transferencia-do-controle-a-ambar\/\" \/>\n<meta property=\"og:site_name\" content=\"Ag\u00eancia iNFRA\" \/>\n<meta property=\"article:publisher\" content=\"https:\/\/www.facebook.com\/ageninfra\" \/>\n<meta property=\"article:published_time\" content=\"2024-12-16T12:00:00+00:00\" \/>\n<meta property=\"article:modified_time\" content=\"2024-12-17T12:39:19+00:00\" \/>\n<meta property=\"og:image\" content=\"https:\/\/agenciainfra.com\/blog\/wp-content\/uploads\/2021\/05\/amazonas-energia-foto-amazonas-energia.jpeg\" \/>\n\t<meta property=\"og:image:width\" content=\"1280\" \/>\n\t<meta property=\"og:image:height\" content=\"959\" \/>\n\t<meta property=\"og:image:type\" content=\"image\/jpeg\" \/>\n<meta name=\"author\" content=\"Ag\u00eancia iNFRA\" \/>\n<meta name=\"twitter:card\" content=\"summary_large_image\" \/>\n<meta name=\"twitter:creator\" content=\"@agencia_infra\" \/>\n<meta name=\"twitter:site\" content=\"@agencia_infra\" \/>\n<meta name=\"twitter:label1\" content=\"Escrito por\" \/>\n\t<meta name=\"twitter:data1\" content=\"Ag\u00eancia iNFRA\" \/>\n\t<meta name=\"twitter:label2\" content=\"Est. tempo de leitura\" \/>\n\t<meta name=\"twitter:data2\" content=\"3 minutos\" \/>\n<script type=\"application\/ld+json\" class=\"yoast-schema-graph\">{\"@context\":\"https:\/\/schema.org\",\"@graph\":[{\"@type\":\"Article\",\"@id\":\"https:\/\/agenciainfra.com\/blog\/amazonas-energia-pede-a-aneel-mais-60-dias-para-concluir-transferencia-do-controle-a-ambar\/#article\",\"isPartOf\":{\"@id\":\"https:\/\/agenciainfra.com\/blog\/amazonas-energia-pede-a-aneel-mais-60-dias-para-concluir-transferencia-do-controle-a-ambar\/\"},\"author\":{\"name\":\"Ag\u00eancia iNFRA\",\"@id\":\"https:\/\/agenciainfra.com\/blog\/#\/schema\/person\/34af08dff6adea4cb22b06612ba7acfa\"},\"headline\":\"Amazonas Energia pede \u00e0 ANEEL mais 60 dias para concluir transfer\u00eancia do controle \u00e0 \u00c2mbar\",\"datePublished\":\"2024-12-16T12:00:00+00:00\",\"dateModified\":\"2024-12-17T12:39:19+00:00\",\"mainEntityOfPage\":{\"@id\":\"https:\/\/agenciainfra.com\/blog\/amazonas-energia-pede-a-aneel-mais-60-dias-para-concluir-transferencia-do-controle-a-ambar\/\"},\"wordCount\":674,\"publisher\":{\"@id\":\"https:\/\/agenciainfra.com\/blog\/#organization\"},\"image\":{\"@id\":\"https:\/\/agenciainfra.com\/blog\/amazonas-energia-pede-a-aneel-mais-60-dias-para-concluir-transferencia-do-controle-a-ambar\/#primaryimage\"},\"thumbnailUrl\":\"https:\/\/agenciainfra.com\/blog\/wp-content\/uploads\/2021\/05\/amazonas-energia-foto-amazonas-energia.jpeg\",\"keywords\":[\"1\u00aa Vara C\u00edvel da SJAM\",\"Amazonas Energia\",\"\u00c2mbar\",\"ANEEL\",\"Cig\u00e1s\",\"Eletronorte\",\"Geraldo Campos Jr.\",\"Jaiza Maria Pinto Fraxe\",\"Joesley e Wesley Batista\",\"Marisa Wanzeller\",\"Se\u00e7\u00e3o Judici\u00e1ria do Amazonas\",\"SJAM\",\"termel\u00e9tricas do Norte\",\"transfer\u00eancia de controle\",\"Venda da Amazonas Energia\"],\"articleSection\":[\"Destaque lista\",\"Geral\",\"iNFRAEnergia\"],\"inLanguage\":\"pt-BR\",\"copyrightYear\":\"2024\",\"copyrightHolder\":{\"@id\":\"https:\/\/agenciainfra.com\/blog\/#organization\"}},{\"@type\":\"WebPage\",\"@id\":\"https:\/\/agenciainfra.com\/blog\/amazonas-energia-pede-a-aneel-mais-60-dias-para-concluir-transferencia-do-controle-a-ambar\/\",\"url\":\"https:\/\/agenciainfra.com\/blog\/amazonas-energia-pede-a-aneel-mais-60-dias-para-concluir-transferencia-do-controle-a-ambar\/\",\"name\":\"Amazonas Energia pede \u00e0 ANEEL mais 60 dias para concluir transfer\u00eancia do controle \u00e0 \u00c2mbar - Ag\u00eancia iNFRA\",\"isPartOf\":{\"@id\":\"https:\/\/agenciainfra.com\/blog\/#website\"},\"primaryImageOfPage\":{\"@id\":\"https:\/\/agenciainfra.com\/blog\/amazonas-energia-pede-a-aneel-mais-60-dias-para-concluir-transferencia-do-controle-a-ambar\/#primaryimage\"},\"image\":{\"@id\":\"https:\/\/agenciainfra.com\/blog\/amazonas-energia-pede-a-aneel-mais-60-dias-para-concluir-transferencia-do-controle-a-ambar\/#primaryimage\"},\"thumbnailUrl\":\"https:\/\/agenciainfra.com\/blog\/wp-content\/uploads\/2021\/05\/amazonas-energia-foto-amazonas-energia.jpeg\",\"datePublished\":\"2024-12-16T12:00:00+00:00\",\"dateModified\":\"2024-12-17T12:39:19+00:00\",\"breadcrumb\":{\"@id\":\"https:\/\/agenciainfra.com\/blog\/amazonas-energia-pede-a-aneel-mais-60-dias-para-concluir-transferencia-do-controle-a-ambar\/#breadcrumb\"},\"inLanguage\":\"pt-BR\",\"potentialAction\":[{\"@type\":\"ReadAction\",\"target\":[\"https:\/\/agenciainfra.com\/blog\/amazonas-energia-pede-a-aneel-mais-60-dias-para-concluir-transferencia-do-controle-a-ambar\/\"]}]},{\"@type\":\"ImageObject\",\"inLanguage\":\"pt-BR\",\"@id\":\"https:\/\/agenciainfra.com\/blog\/amazonas-energia-pede-a-aneel-mais-60-dias-para-concluir-transferencia-do-controle-a-ambar\/#primaryimage\",\"url\":\"https:\/\/agenciainfra.com\/blog\/wp-content\/uploads\/2021\/05\/amazonas-energia-foto-amazonas-energia.jpeg\",\"contentUrl\":\"https:\/\/agenciainfra.com\/blog\/wp-content\/uploads\/2021\/05\/amazonas-energia-foto-amazonas-energia.jpeg\",\"width\":1280,\"height\":959},{\"@type\":\"BreadcrumbList\",\"@id\":\"https:\/\/agenciainfra.com\/blog\/amazonas-energia-pede-a-aneel-mais-60-dias-para-concluir-transferencia-do-controle-a-ambar\/#breadcrumb\",\"itemListElement\":[{\"@type\":\"ListItem\",\"position\":1,\"name\":\"In\u00edcio\",\"item\":\"https:\/\/agenciainfra.com\/blog\/\"},{\"@type\":\"ListItem\",\"position\":2,\"name\":\"Amazonas Energia pede \u00e0 ANEEL mais 60 dias para concluir transfer\u00eancia do controle \u00e0 \u00c2mbar\"}]},{\"@type\":\"WebSite\",\"@id\":\"https:\/\/agenciainfra.com\/blog\/#website\",\"url\":\"https:\/\/agenciainfra.com\/blog\/\",\"name\":\"Ag\u00eancia iNFRA\",\"description\":\"Multiplataforma de informa\u00e7\u00e3o jornal\u00edstica refer\u00eancia na \u00e1rea de infraestrutura no Brasil!\",\"publisher\":{\"@id\":\"https:\/\/agenciainfra.com\/blog\/#organization\"},\"potentialAction\":[{\"@type\":\"SearchAction\",\"target\":{\"@type\":\"EntryPoint\",\"urlTemplate\":\"https:\/\/agenciainfra.com\/blog\/?s={search_term_string}\"},\"query-input\":{\"@type\":\"PropertyValueSpecification\",\"valueRequired\":true,\"valueName\":\"search_term_string\"}}],\"inLanguage\":\"pt-BR\"},{\"@type\":\"Organization\",\"@id\":\"https:\/\/agenciainfra.com\/blog\/#organization\",\"name\":\"Ag\u00eancia iNFRA\",\"url\":\"https:\/\/agenciainfra.com\/blog\/\",\"logo\":{\"@type\":\"ImageObject\",\"inLanguage\":\"pt-BR\",\"@id\":\"https:\/\/agenciainfra.com\/blog\/#\/schema\/logo\/image\/\",\"url\":\"https:\/\/agenciainfra.com\/blog\/wp-content\/uploads\/2023\/09\/iNFRA_5-e1761735885940.png\",\"contentUrl\":\"https:\/\/agenciainfra.com\/blog\/wp-content\/uploads\/2023\/09\/iNFRA_5-e1761735885940.png\",\"width\":1672,\"height\":454,\"caption\":\"Ag\u00eancia iNFRA\"},\"image\":{\"@id\":\"https:\/\/agenciainfra.com\/blog\/#\/schema\/logo\/image\/\"},\"sameAs\":[\"https:\/\/www.facebook.com\/ageninfra\",\"https:\/\/x.com\/agencia_infra\",\"https:\/\/www.linkedin.com\/company\/ag\u00eanciainfra\/\",\"https:\/\/www.instagram.com\/agenciainfra\/\"]},{\"@type\":\"Person\",\"@id\":\"https:\/\/agenciainfra.com\/blog\/#\/schema\/person\/34af08dff6adea4cb22b06612ba7acfa\",\"name\":\"Ag\u00eancia iNFRA\",\"image\":{\"@type\":\"ImageObject\",\"inLanguage\":\"pt-BR\",\"@id\":\"https:\/\/agenciainfra.com\/blog\/#\/schema\/person\/image\/\",\"url\":\"https:\/\/secure.gravatar.com\/avatar\/d189e01678f06d8eb84d4e01f08eb848b3fffe3f8443818d3c356c66892f5be8?s=96&d=mm&r=g\",\"contentUrl\":\"https:\/\/secure.gravatar.com\/avatar\/d189e01678f06d8eb84d4e01f08eb848b3fffe3f8443818d3c356c66892f5be8?s=96&d=mm&r=g\",\"caption\":\"Ag\u00eancia iNFRA\"},\"url\":\"https:\/\/agenciainfra.com\/blog\/author\/admin\/\"}]}<\/script>\n<!-- \/ Yoast SEO Premium plugin. -->","yoast_head_json":{"title":"Amazonas Energia pede \u00e0 ANEEL mais 60 dias para concluir transfer\u00eancia do controle \u00e0 \u00c2mbar - Ag\u00eancia iNFRA","robots":{"index":"index","follow":"follow","max-snippet":"max-snippet:-1","max-image-preview":"max-image-preview:large","max-video-preview":"max-video-preview:-1"},"canonical":"https:\/\/agenciainfra.com\/blog\/amazonas-energia-pede-a-aneel-mais-60-dias-para-concluir-transferencia-do-controle-a-ambar\/","og_locale":"pt_BR","og_type":"article","og_title":"Amazonas Energia pede \u00e0 ANEEL mais 60 dias para concluir transfer\u00eancia do controle \u00e0 \u00c2mbar","og_description":"Geraldo Campos Jr. e Marisa Wanzeller, da Ag\u00eancia iNFRA A Amazonas Energia pediu \u00e0 ANEEL (Ag\u00eancia Nacional de Energia El\u00e9trica) uma prorroga\u00e7\u00e3o de 60 dias no prazo que se encerraria em 31 de dezembro para concluir a transfer\u00eancia de controle, hoje nas m\u00e3os da Oliveira Energia, para a \u00c2mbar, dos irm\u00e3os Wesley e Joesley Batista. [&hellip;]","og_url":"https:\/\/agenciainfra.com\/blog\/amazonas-energia-pede-a-aneel-mais-60-dias-para-concluir-transferencia-do-controle-a-ambar\/","og_site_name":"Ag\u00eancia iNFRA","article_publisher":"https:\/\/www.facebook.com\/ageninfra","article_published_time":"2024-12-16T12:00:00+00:00","article_modified_time":"2024-12-17T12:39:19+00:00","og_image":[{"width":1280,"height":959,"url":"https:\/\/agenciainfra.com\/blog\/wp-content\/uploads\/2021\/05\/amazonas-energia-foto-amazonas-energia.jpeg","type":"image\/jpeg"}],"author":"Ag\u00eancia iNFRA","twitter_card":"summary_large_image","twitter_creator":"@agencia_infra","twitter_site":"@agencia_infra","twitter_misc":{"Escrito por":"Ag\u00eancia iNFRA","Est. tempo de leitura":"3 minutos"},"schema":{"@context":"https:\/\/schema.org","@graph":[{"@type":"Article","@id":"https:\/\/agenciainfra.com\/blog\/amazonas-energia-pede-a-aneel-mais-60-dias-para-concluir-transferencia-do-controle-a-ambar\/#article","isPartOf":{"@id":"https:\/\/agenciainfra.com\/blog\/amazonas-energia-pede-a-aneel-mais-60-dias-para-concluir-transferencia-do-controle-a-ambar\/"},"author":{"name":"Ag\u00eancia iNFRA","@id":"https:\/\/agenciainfra.com\/blog\/#\/schema\/person\/34af08dff6adea4cb22b06612ba7acfa"},"headline":"Amazonas Energia pede \u00e0 ANEEL mais 60 dias para concluir transfer\u00eancia do controle \u00e0 \u00c2mbar","datePublished":"2024-12-16T12:00:00+00:00","dateModified":"2024-12-17T12:39:19+00:00","mainEntityOfPage":{"@id":"https:\/\/agenciainfra.com\/blog\/amazonas-energia-pede-a-aneel-mais-60-dias-para-concluir-transferencia-do-controle-a-ambar\/"},"wordCount":674,"publisher":{"@id":"https:\/\/agenciainfra.com\/blog\/#organization"},"image":{"@id":"https:\/\/agenciainfra.com\/blog\/amazonas-energia-pede-a-aneel-mais-60-dias-para-concluir-transferencia-do-controle-a-ambar\/#primaryimage"},"thumbnailUrl":"https:\/\/agenciainfra.com\/blog\/wp-content\/uploads\/2021\/05\/amazonas-energia-foto-amazonas-energia.jpeg","keywords":["1\u00aa Vara C\u00edvel da SJAM","Amazonas Energia","\u00c2mbar","ANEEL","Cig\u00e1s","Eletronorte","Geraldo Campos Jr.","Jaiza Maria Pinto Fraxe","Joesley e Wesley Batista","Marisa Wanzeller","Se\u00e7\u00e3o Judici\u00e1ria do Amazonas","SJAM","termel\u00e9tricas do Norte","transfer\u00eancia de controle","Venda da Amazonas Energia"],"articleSection":["Destaque lista","Geral","iNFRAEnergia"],"inLanguage":"pt-BR","copyrightYear":"2024","copyrightHolder":{"@id":"https:\/\/agenciainfra.com\/blog\/#organization"}},{"@type":"WebPage","@id":"https:\/\/agenciainfra.com\/blog\/amazonas-energia-pede-a-aneel-mais-60-dias-para-concluir-transferencia-do-controle-a-ambar\/","url":"https:\/\/agenciainfra.com\/blog\/amazonas-energia-pede-a-aneel-mais-60-dias-para-concluir-transferencia-do-controle-a-ambar\/","name":"Amazonas Energia pede \u00e0 ANEEL mais 60 dias para concluir transfer\u00eancia do controle \u00e0 \u00c2mbar - Ag\u00eancia iNFRA","isPartOf":{"@id":"https:\/\/agenciainfra.com\/blog\/#website"},"primaryImageOfPage":{"@id":"https:\/\/agenciainfra.com\/blog\/amazonas-energia-pede-a-aneel-mais-60-dias-para-concluir-transferencia-do-controle-a-ambar\/#primaryimage"},"image":{"@id":"https:\/\/agenciainfra.com\/blog\/amazonas-energia-pede-a-aneel-mais-60-dias-para-concluir-transferencia-do-controle-a-ambar\/#primaryimage"},"thumbnailUrl":"https:\/\/agenciainfra.com\/blog\/wp-content\/uploads\/2021\/05\/amazonas-energia-foto-amazonas-energia.jpeg","datePublished":"2024-12-16T12:00:00+00:00","dateModified":"2024-12-17T12:39:19+00:00","breadcrumb":{"@id":"https:\/\/agenciainfra.com\/blog\/amazonas-energia-pede-a-aneel-mais-60-dias-para-concluir-transferencia-do-controle-a-ambar\/#breadcrumb"},"inLanguage":"pt-BR","potentialAction":[{"@type":"ReadAction","target":["https:\/\/agenciainfra.com\/blog\/amazonas-energia-pede-a-aneel-mais-60-dias-para-concluir-transferencia-do-controle-a-ambar\/"]}]},{"@type":"ImageObject","inLanguage":"pt-BR","@id":"https:\/\/agenciainfra.com\/blog\/amazonas-energia-pede-a-aneel-mais-60-dias-para-concluir-transferencia-do-controle-a-ambar\/#primaryimage","url":"https:\/\/agenciainfra.com\/blog\/wp-content\/uploads\/2021\/05\/amazonas-energia-foto-amazonas-energia.jpeg","contentUrl":"https:\/\/agenciainfra.com\/blog\/wp-content\/uploads\/2021\/05\/amazonas-energia-foto-amazonas-energia.jpeg","width":1280,"height":959},{"@type":"BreadcrumbList","@id":"https:\/\/agenciainfra.com\/blog\/amazonas-energia-pede-a-aneel-mais-60-dias-para-concluir-transferencia-do-controle-a-ambar\/#breadcrumb","itemListElement":[{"@type":"ListItem","position":1,"name":"In\u00edcio","item":"https:\/\/agenciainfra.com\/blog\/"},{"@type":"ListItem","position":2,"name":"Amazonas Energia pede \u00e0 ANEEL mais 60 dias para concluir transfer\u00eancia do controle \u00e0 \u00c2mbar"}]},{"@type":"WebSite","@id":"https:\/\/agenciainfra.com\/blog\/#website","url":"https:\/\/agenciainfra.com\/blog\/","name":"Ag\u00eancia iNFRA","description":"Multiplataforma de informa\u00e7\u00e3o jornal\u00edstica refer\u00eancia na \u00e1rea de infraestrutura no Brasil!","publisher":{"@id":"https:\/\/agenciainfra.com\/blog\/#organization"},"potentialAction":[{"@type":"SearchAction","target":{"@type":"EntryPoint","urlTemplate":"https:\/\/agenciainfra.com\/blog\/?s={search_term_string}"},"query-input":{"@type":"PropertyValueSpecification","valueRequired":true,"valueName":"search_term_string"}}],"inLanguage":"pt-BR"},{"@type":"Organization","@id":"https:\/\/agenciainfra.com\/blog\/#organization","name":"Ag\u00eancia iNFRA","url":"https:\/\/agenciainfra.com\/blog\/","logo":{"@type":"ImageObject","inLanguage":"pt-BR","@id":"https:\/\/agenciainfra.com\/blog\/#\/schema\/logo\/image\/","url":"https:\/\/agenciainfra.com\/blog\/wp-content\/uploads\/2023\/09\/iNFRA_5-e1761735885940.png","contentUrl":"https:\/\/agenciainfra.com\/blog\/wp-content\/uploads\/2023\/09\/iNFRA_5-e1761735885940.png","width":1672,"height":454,"caption":"Ag\u00eancia iNFRA"},"image":{"@id":"https:\/\/agenciainfra.com\/blog\/#\/schema\/logo\/image\/"},"sameAs":["https:\/\/www.facebook.com\/ageninfra","https:\/\/x.com\/agencia_infra","https:\/\/www.linkedin.com\/company\/ag\u00eanciainfra\/","https:\/\/www.instagram.com\/agenciainfra\/"]},{"@type":"Person","@id":"https:\/\/agenciainfra.com\/blog\/#\/schema\/person\/34af08dff6adea4cb22b06612ba7acfa","name":"Ag\u00eancia iNFRA","image":{"@type":"ImageObject","inLanguage":"pt-BR","@id":"https:\/\/agenciainfra.com\/blog\/#\/schema\/person\/image\/","url":"https:\/\/secure.gravatar.com\/avatar\/d189e01678f06d8eb84d4e01f08eb848b3fffe3f8443818d3c356c66892f5be8?s=96&d=mm&r=g","contentUrl":"https:\/\/secure.gravatar.com\/avatar\/d189e01678f06d8eb84d4e01f08eb848b3fffe3f8443818d3c356c66892f5be8?s=96&d=mm&r=g","caption":"Ag\u00eancia iNFRA"},"url":"https:\/\/agenciainfra.com\/blog\/author\/admin\/"}]}},"_links":{"self":[{"href":"https:\/\/agenciainfra.com\/blog\/wp-json\/wp\/v2\/posts\/19579","targetHints":{"allow":["GET"]}}],"collection":[{"href":"https:\/\/agenciainfra.com\/blog\/wp-json\/wp\/v2\/posts"}],"about":[{"href":"https:\/\/agenciainfra.com\/blog\/wp-json\/wp\/v2\/types\/post"}],"author":[{"embeddable":true,"href":"https:\/\/agenciainfra.com\/blog\/wp-json\/wp\/v2\/users\/1"}],"replies":[{"embeddable":true,"href":"https:\/\/agenciainfra.com\/blog\/wp-json\/wp\/v2\/comments?post=19579"}],"version-history":[{"count":1,"href":"https:\/\/agenciainfra.com\/blog\/wp-json\/wp\/v2\/posts\/19579\/revisions"}],"predecessor-version":[{"id":19580,"href":"https:\/\/agenciainfra.com\/blog\/wp-json\/wp\/v2\/posts\/19579\/revisions\/19580"}],"wp:featuredmedia":[{"embeddable":true,"href":"https:\/\/agenciainfra.com\/blog\/wp-json\/wp\/v2\/media\/7194"}],"wp:attachment":[{"href":"https:\/\/agenciainfra.com\/blog\/wp-json\/wp\/v2\/media?parent=19579"}],"wp:term":[{"taxonomy":"category","embeddable":true,"href":"https:\/\/agenciainfra.com\/blog\/wp-json\/wp\/v2\/categories?post=19579"},{"taxonomy":"post_tag","embeddable":true,"href":"https:\/\/agenciainfra.com\/blog\/wp-json\/wp\/v2\/tags?post=19579"}],"curies":[{"name":"wp","href":"https:\/\/api.w.org\/{rel}","templated":true}]}}