{"id":19654,"date":"2024-12-18T10:00:00","date_gmt":"2024-12-18T13:00:00","guid":{"rendered":"https:\/\/agenciainfra.com\/blog\/?p=19654"},"modified":"2024-12-18T06:46:35","modified_gmt":"2024-12-18T09:46:35","slug":"agu-e-eletrobras-pedem-mais-60-dias-ao-stf-para-concluir-termo-de-conciliacao","status":"publish","type":"post","link":"https:\/\/agenciainfra.com\/blog\/agu-e-eletrobras-pedem-mais-60-dias-ao-stf-para-concluir-termo-de-conciliacao\/","title":{"rendered":"AGU e Eletrobras pedem mais 60 dias ao STF para concluir termo de concilia\u00e7\u00e3o"},"content":{"rendered":"\n<p class=\"has-text-align-right\"><strong>da Ag\u00eancia iNFRA<\/strong><\/p>\n\n\n\n<p>A AGU (Advocacia-Geral da Uni\u00e3o) e a Eletrobras encaminharam ao ministro Nunes Marques, do STF (Supremo Tribunal Federal), um&nbsp;<a href=\"https:\/\/mcusercontent.com\/d460dd1bcf9ba0ae040e1fc0f\/files\/82e474d3-2cf9-2d5a-5534-953c050a0a6b\/ADI_eletro.01.pdf\" target=\"_blank\" rel=\"noreferrer noopener\">requerimento<\/a>&nbsp;para prorrogar em mais 60 dias o prazo das tratativas relacionadas ao processo que discute o poder de voto da Uni\u00e3o na Eletrobras.<\/p>\n\n\n\n<p>De acordo com o documento enviado ao STF, as tratativas est\u00e3o em est\u00e1gio conclusivo e, para atendimento de prazos a fim de aprovar o termo de concilia\u00e7\u00e3o em Assembleia Geral Extraordin\u00e1ria dos acionistas da Eletrobras, antes da Assembleia Geral Ordin\u00e1ria que deve ser convocada em mar\u00e7o, \u00e9 necess\u00e1rio &#8220;que as partes protocolem o termo de concilia\u00e7\u00e3o no Supremo Tribunal Federal, devidamente aprovado por suas inst\u00e2ncias pr\u00f3prias de governan\u00e7as [&#8230;] ainda durante o m\u00eas de fevereiro de 2025&#8221;.<\/p>\n\n\n\n<p>A \u00faltima prorroga\u00e7\u00e3o do prazo autorizada pelo ministro foi em 18 de setembro, quando ele deu mais 90 dias para a conclus\u00e3o das negocia\u00e7\u00f5es, ou seja, at\u00e9 esta quarta-feira (18).<\/p>\n\n\n\n<p><strong>O que&nbsp;est\u00e1&nbsp;em jogo<\/strong><br>Em comunicado ao mercado no \u00faltimo dia 4 de dezembro, a Eletrobras afirmou que as negocia\u00e7\u00f5es para o acordo estavam avan\u00e7adas e que, no momento, as tratativas envolvem&nbsp;a&nbsp;poss\u00edvel venda da participa\u00e7\u00e3o acion\u00e1ria da empresa na Eletronuclear e a revis\u00e3o do acordo de investimentos relativo \u00e0 usina nuclear de Angra 3.<\/p>\n\n\n\n<p>Tamb\u00e9m foram discutidas a manuten\u00e7\u00e3o das garantias de financiamentos contratados para a Eletronuclear antes da desestatiza\u00e7\u00e3o e a preserva\u00e7\u00e3o de itens da Lei 14.182\/2021 e do Estatuto Social da Eletrobras.<\/p>\n\n\n\n<p>O n\u00famero de assentos da Uni\u00e3o no Conselho de Administra\u00e7\u00e3o continua como item central da pauta, mas a negocia\u00e7\u00e3o da antecipa\u00e7\u00e3o de recursos devidos pela empresa para a CDE (Conta de Desenvolvimento Energ\u00e9tico) saiu das discuss\u00f5es.<\/p>\n","protected":false},"excerpt":{"rendered":"<p>da Ag\u00eancia iNFRA A AGU (Advocacia-Geral da Uni\u00e3o) e a Eletrobras encaminharam ao ministro Nunes Marques, do STF (Supremo Tribunal Federal), um&nbsp;requerimento&nbsp;para prorrogar em mais 60 dias o prazo das tratativas relacionadas ao processo que discute o poder de voto da Uni\u00e3o na Eletrobras. De acordo com o documento enviado ao STF, as tratativas est\u00e3o [&hellip;]<\/p>\n","protected":false},"author":1,"featured_media":11428,"comment_status":"closed","ping_status":"closed","sticky":false,"template":"","format":"standard","meta":{"_monsterinsights_skip_tracking":false,"_monsterinsights_sitenote_active":false,"_monsterinsights_sitenote_note":"","_monsterinsights_sitenote_category":0,"footnotes":""},"categories":[7250,1,10],"tags":[353,326,56,4323,50,96,71,5844,372,12033],"class_list":["post-19654","post","type-post","status-publish","format-standard","has-post-thumbnail","hentry","category-destaque-lista","category-geral","category-infraenergia","tag-agu","tag-angra-3","tag-cde","tag-conciliacao","tag-eletrobras","tag-ministerio-de-minas-e-energia","tag-mme","tag-nunes-marques","tag-stf","tag-voto-da-uniao-na-eletrobras"],"yoast_head":"<!-- This site is optimized with the Yoast SEO Premium plugin v25.4 (Yoast SEO v26.0) - https:\/\/yoast.com\/wordpress\/plugins\/seo\/ -->\n<title>AGU e Eletrobras pedem mais 60 dias ao STF para concluir termo de concilia\u00e7\u00e3o - Ag\u00eancia iNFRA<\/title>\n<meta name=\"robots\" content=\"index, follow, max-snippet:-1, max-image-preview:large, max-video-preview:-1\" \/>\n<link rel=\"canonical\" href=\"https:\/\/agenciainfra.com\/blog\/agu-e-eletrobras-pedem-mais-60-dias-ao-stf-para-concluir-termo-de-conciliacao\/\" \/>\n<meta property=\"og:locale\" content=\"pt_BR\" \/>\n<meta property=\"og:type\" content=\"article\" \/>\n<meta property=\"og:title\" content=\"AGU e Eletrobras pedem mais 60 dias ao STF para concluir termo de concilia\u00e7\u00e3o\" \/>\n<meta property=\"og:description\" content=\"da Ag\u00eancia iNFRA A AGU (Advocacia-Geral da Uni\u00e3o) e a Eletrobras encaminharam ao ministro Nunes Marques, do STF (Supremo Tribunal Federal), um&nbsp;requerimento&nbsp;para prorrogar em mais 60 dias o prazo das tratativas relacionadas ao processo que discute o poder de voto da Uni\u00e3o na Eletrobras. De acordo com o documento enviado ao STF, as tratativas est\u00e3o [&hellip;]\" \/>\n<meta property=\"og:url\" content=\"https:\/\/agenciainfra.com\/blog\/agu-e-eletrobras-pedem-mais-60-dias-ao-stf-para-concluir-termo-de-conciliacao\/\" \/>\n<meta property=\"og:site_name\" content=\"Ag\u00eancia iNFRA\" \/>\n<meta property=\"article:publisher\" content=\"https:\/\/www.facebook.com\/ageninfra\" \/>\n<meta property=\"article:published_time\" content=\"2024-12-18T13:00:00+00:00\" \/>\n<meta property=\"og:image\" content=\"https:\/\/agenciainfra.com\/blog\/wp-content\/uploads\/2022\/09\/eletrobras-foto-fernando-frazao-agencia-brasil.jpeg\" \/>\n\t<meta property=\"og:image:width\" content=\"1280\" \/>\n\t<meta property=\"og:image:height\" content=\"766\" \/>\n\t<meta property=\"og:image:type\" content=\"image\/jpeg\" \/>\n<meta name=\"author\" content=\"Ag\u00eancia iNFRA\" \/>\n<meta name=\"twitter:card\" content=\"summary_large_image\" \/>\n<meta name=\"twitter:creator\" content=\"@agencia_infra\" \/>\n<meta name=\"twitter:site\" content=\"@agencia_infra\" \/>\n<meta name=\"twitter:label1\" content=\"Escrito por\" \/>\n\t<meta name=\"twitter:data1\" content=\"Ag\u00eancia iNFRA\" \/>\n\t<meta name=\"twitter:label2\" content=\"Est. tempo de leitura\" \/>\n\t<meta name=\"twitter:data2\" content=\"2 minutos\" \/>\n<script type=\"application\/ld+json\" class=\"yoast-schema-graph\">{\"@context\":\"https:\/\/schema.org\",\"@graph\":[{\"@type\":\"Article\",\"@id\":\"https:\/\/agenciainfra.com\/blog\/agu-e-eletrobras-pedem-mais-60-dias-ao-stf-para-concluir-termo-de-conciliacao\/#article\",\"isPartOf\":{\"@id\":\"https:\/\/agenciainfra.com\/blog\/agu-e-eletrobras-pedem-mais-60-dias-ao-stf-para-concluir-termo-de-conciliacao\/\"},\"author\":{\"name\":\"Ag\u00eancia iNFRA\",\"@id\":\"https:\/\/agenciainfra.com\/blog\/#\/schema\/person\/34af08dff6adea4cb22b06612ba7acfa\"},\"headline\":\"AGU e Eletrobras pedem mais 60 dias ao STF para concluir termo de concilia\u00e7\u00e3o\",\"datePublished\":\"2024-12-18T13:00:00+00:00\",\"mainEntityOfPage\":{\"@id\":\"https:\/\/agenciainfra.com\/blog\/agu-e-eletrobras-pedem-mais-60-dias-ao-stf-para-concluir-termo-de-conciliacao\/\"},\"wordCount\":320,\"publisher\":{\"@id\":\"https:\/\/agenciainfra.com\/blog\/#organization\"},\"image\":{\"@id\":\"https:\/\/agenciainfra.com\/blog\/agu-e-eletrobras-pedem-mais-60-dias-ao-stf-para-concluir-termo-de-conciliacao\/#primaryimage\"},\"thumbnailUrl\":\"https:\/\/agenciainfra.com\/blog\/wp-content\/uploads\/2022\/09\/eletrobras-foto-fernando-frazao-agencia-brasil.jpeg\",\"keywords\":[\"AGU\",\"Angra 3\",\"CDE\",\"concilia\u00e7\u00e3o\",\"Eletrobras\",\"Minist\u00e9rio de Minas e Energia\",\"MME\",\"Nunes Marques\",\"STF\",\"Voto da uni\u00e3o na eletrobras\"],\"articleSection\":[\"Destaque lista\",\"Geral\",\"iNFRAEnergia\"],\"inLanguage\":\"pt-BR\",\"copyrightYear\":\"2024\",\"copyrightHolder\":{\"@id\":\"https:\/\/agenciainfra.com\/blog\/#organization\"}},{\"@type\":\"WebPage\",\"@id\":\"https:\/\/agenciainfra.com\/blog\/agu-e-eletrobras-pedem-mais-60-dias-ao-stf-para-concluir-termo-de-conciliacao\/\",\"url\":\"https:\/\/agenciainfra.com\/blog\/agu-e-eletrobras-pedem-mais-60-dias-ao-stf-para-concluir-termo-de-conciliacao\/\",\"name\":\"AGU e Eletrobras pedem mais 60 dias ao STF para concluir termo de concilia\u00e7\u00e3o - Ag\u00eancia iNFRA\",\"isPartOf\":{\"@id\":\"https:\/\/agenciainfra.com\/blog\/#website\"},\"primaryImageOfPage\":{\"@id\":\"https:\/\/agenciainfra.com\/blog\/agu-e-eletrobras-pedem-mais-60-dias-ao-stf-para-concluir-termo-de-conciliacao\/#primaryimage\"},\"image\":{\"@id\":\"https:\/\/agenciainfra.com\/blog\/agu-e-eletrobras-pedem-mais-60-dias-ao-stf-para-concluir-termo-de-conciliacao\/#primaryimage\"},\"thumbnailUrl\":\"https:\/\/agenciainfra.com\/blog\/wp-content\/uploads\/2022\/09\/eletrobras-foto-fernando-frazao-agencia-brasil.jpeg\",\"datePublished\":\"2024-12-18T13:00:00+00:00\",\"breadcrumb\":{\"@id\":\"https:\/\/agenciainfra.com\/blog\/agu-e-eletrobras-pedem-mais-60-dias-ao-stf-para-concluir-termo-de-conciliacao\/#breadcrumb\"},\"inLanguage\":\"pt-BR\",\"potentialAction\":[{\"@type\":\"ReadAction\",\"target\":[\"https:\/\/agenciainfra.com\/blog\/agu-e-eletrobras-pedem-mais-60-dias-ao-stf-para-concluir-termo-de-conciliacao\/\"]}]},{\"@type\":\"ImageObject\",\"inLanguage\":\"pt-BR\",\"@id\":\"https:\/\/agenciainfra.com\/blog\/agu-e-eletrobras-pedem-mais-60-dias-ao-stf-para-concluir-termo-de-conciliacao\/#primaryimage\",\"url\":\"https:\/\/agenciainfra.com\/blog\/wp-content\/uploads\/2022\/09\/eletrobras-foto-fernando-frazao-agencia-brasil.jpeg\",\"contentUrl\":\"https:\/\/agenciainfra.com\/blog\/wp-content\/uploads\/2022\/09\/eletrobras-foto-fernando-frazao-agencia-brasil.jpeg\",\"width\":1280,\"height\":766,\"caption\":\"Foto: Fernando Fraz\u00e3o\/Ag\u00eancia Brasil\"},{\"@type\":\"BreadcrumbList\",\"@id\":\"https:\/\/agenciainfra.com\/blog\/agu-e-eletrobras-pedem-mais-60-dias-ao-stf-para-concluir-termo-de-conciliacao\/#breadcrumb\",\"itemListElement\":[{\"@type\":\"ListItem\",\"position\":1,\"name\":\"In\u00edcio\",\"item\":\"https:\/\/agenciainfra.com\/blog\/\"},{\"@type\":\"ListItem\",\"position\":2,\"name\":\"AGU e Eletrobras pedem mais 60 dias ao STF para concluir termo de concilia\u00e7\u00e3o\"}]},{\"@type\":\"WebSite\",\"@id\":\"https:\/\/agenciainfra.com\/blog\/#website\",\"url\":\"https:\/\/agenciainfra.com\/blog\/\",\"name\":\"Ag\u00eancia iNFRA\",\"description\":\"Multiplataforma de informa\u00e7\u00e3o jornal\u00edstica refer\u00eancia na \u00e1rea de infraestrutura no Brasil!\",\"publisher\":{\"@id\":\"https:\/\/agenciainfra.com\/blog\/#organization\"},\"potentialAction\":[{\"@type\":\"SearchAction\",\"target\":{\"@type\":\"EntryPoint\",\"urlTemplate\":\"https:\/\/agenciainfra.com\/blog\/?s={search_term_string}\"},\"query-input\":{\"@type\":\"PropertyValueSpecification\",\"valueRequired\":true,\"valueName\":\"search_term_string\"}}],\"inLanguage\":\"pt-BR\"},{\"@type\":\"Organization\",\"@id\":\"https:\/\/agenciainfra.com\/blog\/#organization\",\"name\":\"Ag\u00eancia iNFRA\",\"url\":\"https:\/\/agenciainfra.com\/blog\/\",\"logo\":{\"@type\":\"ImageObject\",\"inLanguage\":\"pt-BR\",\"@id\":\"https:\/\/agenciainfra.com\/blog\/#\/schema\/logo\/image\/\",\"url\":\"https:\/\/agenciainfra.com\/blog\/wp-content\/uploads\/2023\/09\/iNFRA_5-e1761735885940.png\",\"contentUrl\":\"https:\/\/agenciainfra.com\/blog\/wp-content\/uploads\/2023\/09\/iNFRA_5-e1761735885940.png\",\"width\":1672,\"height\":454,\"caption\":\"Ag\u00eancia iNFRA\"},\"image\":{\"@id\":\"https:\/\/agenciainfra.com\/blog\/#\/schema\/logo\/image\/\"},\"sameAs\":[\"https:\/\/www.facebook.com\/ageninfra\",\"https:\/\/x.com\/agencia_infra\",\"https:\/\/www.linkedin.com\/company\/ag\u00eanciainfra\/\",\"https:\/\/www.instagram.com\/agenciainfra\/\"]},{\"@type\":\"Person\",\"@id\":\"https:\/\/agenciainfra.com\/blog\/#\/schema\/person\/34af08dff6adea4cb22b06612ba7acfa\",\"name\":\"Ag\u00eancia iNFRA\",\"image\":{\"@type\":\"ImageObject\",\"inLanguage\":\"pt-BR\",\"@id\":\"https:\/\/agenciainfra.com\/blog\/#\/schema\/person\/image\/\",\"url\":\"https:\/\/secure.gravatar.com\/avatar\/d189e01678f06d8eb84d4e01f08eb848b3fffe3f8443818d3c356c66892f5be8?s=96&d=mm&r=g\",\"contentUrl\":\"https:\/\/secure.gravatar.com\/avatar\/d189e01678f06d8eb84d4e01f08eb848b3fffe3f8443818d3c356c66892f5be8?s=96&d=mm&r=g\",\"caption\":\"Ag\u00eancia iNFRA\"},\"url\":\"https:\/\/agenciainfra.com\/blog\/author\/admin\/\"}]}<\/script>\n<!-- \/ Yoast SEO Premium plugin. -->","yoast_head_json":{"title":"AGU e Eletrobras pedem mais 60 dias ao STF para concluir termo de concilia\u00e7\u00e3o - Ag\u00eancia iNFRA","robots":{"index":"index","follow":"follow","max-snippet":"max-snippet:-1","max-image-preview":"max-image-preview:large","max-video-preview":"max-video-preview:-1"},"canonical":"https:\/\/agenciainfra.com\/blog\/agu-e-eletrobras-pedem-mais-60-dias-ao-stf-para-concluir-termo-de-conciliacao\/","og_locale":"pt_BR","og_type":"article","og_title":"AGU e Eletrobras pedem mais 60 dias ao STF para concluir termo de concilia\u00e7\u00e3o","og_description":"da Ag\u00eancia iNFRA A AGU (Advocacia-Geral da Uni\u00e3o) e a Eletrobras encaminharam ao ministro Nunes Marques, do STF (Supremo Tribunal Federal), um&nbsp;requerimento&nbsp;para prorrogar em mais 60 dias o prazo das tratativas relacionadas ao processo que discute o poder de voto da Uni\u00e3o na Eletrobras. De acordo com o documento enviado ao STF, as tratativas est\u00e3o [&hellip;]","og_url":"https:\/\/agenciainfra.com\/blog\/agu-e-eletrobras-pedem-mais-60-dias-ao-stf-para-concluir-termo-de-conciliacao\/","og_site_name":"Ag\u00eancia iNFRA","article_publisher":"https:\/\/www.facebook.com\/ageninfra","article_published_time":"2024-12-18T13:00:00+00:00","og_image":[{"width":1280,"height":766,"url":"https:\/\/agenciainfra.com\/blog\/wp-content\/uploads\/2022\/09\/eletrobras-foto-fernando-frazao-agencia-brasil.jpeg","type":"image\/jpeg"}],"author":"Ag\u00eancia iNFRA","twitter_card":"summary_large_image","twitter_creator":"@agencia_infra","twitter_site":"@agencia_infra","twitter_misc":{"Escrito por":"Ag\u00eancia iNFRA","Est. tempo de leitura":"2 minutos"},"schema":{"@context":"https:\/\/schema.org","@graph":[{"@type":"Article","@id":"https:\/\/agenciainfra.com\/blog\/agu-e-eletrobras-pedem-mais-60-dias-ao-stf-para-concluir-termo-de-conciliacao\/#article","isPartOf":{"@id":"https:\/\/agenciainfra.com\/blog\/agu-e-eletrobras-pedem-mais-60-dias-ao-stf-para-concluir-termo-de-conciliacao\/"},"author":{"name":"Ag\u00eancia iNFRA","@id":"https:\/\/agenciainfra.com\/blog\/#\/schema\/person\/34af08dff6adea4cb22b06612ba7acfa"},"headline":"AGU e Eletrobras pedem mais 60 dias ao STF para concluir termo de concilia\u00e7\u00e3o","datePublished":"2024-12-18T13:00:00+00:00","mainEntityOfPage":{"@id":"https:\/\/agenciainfra.com\/blog\/agu-e-eletrobras-pedem-mais-60-dias-ao-stf-para-concluir-termo-de-conciliacao\/"},"wordCount":320,"publisher":{"@id":"https:\/\/agenciainfra.com\/blog\/#organization"},"image":{"@id":"https:\/\/agenciainfra.com\/blog\/agu-e-eletrobras-pedem-mais-60-dias-ao-stf-para-concluir-termo-de-conciliacao\/#primaryimage"},"thumbnailUrl":"https:\/\/agenciainfra.com\/blog\/wp-content\/uploads\/2022\/09\/eletrobras-foto-fernando-frazao-agencia-brasil.jpeg","keywords":["AGU","Angra 3","CDE","concilia\u00e7\u00e3o","Eletrobras","Minist\u00e9rio de Minas e Energia","MME","Nunes Marques","STF","Voto da uni\u00e3o na eletrobras"],"articleSection":["Destaque lista","Geral","iNFRAEnergia"],"inLanguage":"pt-BR","copyrightYear":"2024","copyrightHolder":{"@id":"https:\/\/agenciainfra.com\/blog\/#organization"}},{"@type":"WebPage","@id":"https:\/\/agenciainfra.com\/blog\/agu-e-eletrobras-pedem-mais-60-dias-ao-stf-para-concluir-termo-de-conciliacao\/","url":"https:\/\/agenciainfra.com\/blog\/agu-e-eletrobras-pedem-mais-60-dias-ao-stf-para-concluir-termo-de-conciliacao\/","name":"AGU e Eletrobras pedem mais 60 dias ao STF para concluir termo de concilia\u00e7\u00e3o - Ag\u00eancia iNFRA","isPartOf":{"@id":"https:\/\/agenciainfra.com\/blog\/#website"},"primaryImageOfPage":{"@id":"https:\/\/agenciainfra.com\/blog\/agu-e-eletrobras-pedem-mais-60-dias-ao-stf-para-concluir-termo-de-conciliacao\/#primaryimage"},"image":{"@id":"https:\/\/agenciainfra.com\/blog\/agu-e-eletrobras-pedem-mais-60-dias-ao-stf-para-concluir-termo-de-conciliacao\/#primaryimage"},"thumbnailUrl":"https:\/\/agenciainfra.com\/blog\/wp-content\/uploads\/2022\/09\/eletrobras-foto-fernando-frazao-agencia-brasil.jpeg","datePublished":"2024-12-18T13:00:00+00:00","breadcrumb":{"@id":"https:\/\/agenciainfra.com\/blog\/agu-e-eletrobras-pedem-mais-60-dias-ao-stf-para-concluir-termo-de-conciliacao\/#breadcrumb"},"inLanguage":"pt-BR","potentialAction":[{"@type":"ReadAction","target":["https:\/\/agenciainfra.com\/blog\/agu-e-eletrobras-pedem-mais-60-dias-ao-stf-para-concluir-termo-de-conciliacao\/"]}]},{"@type":"ImageObject","inLanguage":"pt-BR","@id":"https:\/\/agenciainfra.com\/blog\/agu-e-eletrobras-pedem-mais-60-dias-ao-stf-para-concluir-termo-de-conciliacao\/#primaryimage","url":"https:\/\/agenciainfra.com\/blog\/wp-content\/uploads\/2022\/09\/eletrobras-foto-fernando-frazao-agencia-brasil.jpeg","contentUrl":"https:\/\/agenciainfra.com\/blog\/wp-content\/uploads\/2022\/09\/eletrobras-foto-fernando-frazao-agencia-brasil.jpeg","width":1280,"height":766,"caption":"Foto: Fernando Fraz\u00e3o\/Ag\u00eancia Brasil"},{"@type":"BreadcrumbList","@id":"https:\/\/agenciainfra.com\/blog\/agu-e-eletrobras-pedem-mais-60-dias-ao-stf-para-concluir-termo-de-conciliacao\/#breadcrumb","itemListElement":[{"@type":"ListItem","position":1,"name":"In\u00edcio","item":"https:\/\/agenciainfra.com\/blog\/"},{"@type":"ListItem","position":2,"name":"AGU e Eletrobras pedem mais 60 dias ao STF para concluir termo de concilia\u00e7\u00e3o"}]},{"@type":"WebSite","@id":"https:\/\/agenciainfra.com\/blog\/#website","url":"https:\/\/agenciainfra.com\/blog\/","name":"Ag\u00eancia iNFRA","description":"Multiplataforma de informa\u00e7\u00e3o jornal\u00edstica refer\u00eancia na \u00e1rea de infraestrutura no Brasil!","publisher":{"@id":"https:\/\/agenciainfra.com\/blog\/#organization"},"potentialAction":[{"@type":"SearchAction","target":{"@type":"EntryPoint","urlTemplate":"https:\/\/agenciainfra.com\/blog\/?s={search_term_string}"},"query-input":{"@type":"PropertyValueSpecification","valueRequired":true,"valueName":"search_term_string"}}],"inLanguage":"pt-BR"},{"@type":"Organization","@id":"https:\/\/agenciainfra.com\/blog\/#organization","name":"Ag\u00eancia iNFRA","url":"https:\/\/agenciainfra.com\/blog\/","logo":{"@type":"ImageObject","inLanguage":"pt-BR","@id":"https:\/\/agenciainfra.com\/blog\/#\/schema\/logo\/image\/","url":"https:\/\/agenciainfra.com\/blog\/wp-content\/uploads\/2023\/09\/iNFRA_5-e1761735885940.png","contentUrl":"https:\/\/agenciainfra.com\/blog\/wp-content\/uploads\/2023\/09\/iNFRA_5-e1761735885940.png","width":1672,"height":454,"caption":"Ag\u00eancia iNFRA"},"image":{"@id":"https:\/\/agenciainfra.com\/blog\/#\/schema\/logo\/image\/"},"sameAs":["https:\/\/www.facebook.com\/ageninfra","https:\/\/x.com\/agencia_infra","https:\/\/www.linkedin.com\/company\/ag\u00eanciainfra\/","https:\/\/www.instagram.com\/agenciainfra\/"]},{"@type":"Person","@id":"https:\/\/agenciainfra.com\/blog\/#\/schema\/person\/34af08dff6adea4cb22b06612ba7acfa","name":"Ag\u00eancia iNFRA","image":{"@type":"ImageObject","inLanguage":"pt-BR","@id":"https:\/\/agenciainfra.com\/blog\/#\/schema\/person\/image\/","url":"https:\/\/secure.gravatar.com\/avatar\/d189e01678f06d8eb84d4e01f08eb848b3fffe3f8443818d3c356c66892f5be8?s=96&d=mm&r=g","contentUrl":"https:\/\/secure.gravatar.com\/avatar\/d189e01678f06d8eb84d4e01f08eb848b3fffe3f8443818d3c356c66892f5be8?s=96&d=mm&r=g","caption":"Ag\u00eancia iNFRA"},"url":"https:\/\/agenciainfra.com\/blog\/author\/admin\/"}]}},"_links":{"self":[{"href":"https:\/\/agenciainfra.com\/blog\/wp-json\/wp\/v2\/posts\/19654","targetHints":{"allow":["GET"]}}],"collection":[{"href":"https:\/\/agenciainfra.com\/blog\/wp-json\/wp\/v2\/posts"}],"about":[{"href":"https:\/\/agenciainfra.com\/blog\/wp-json\/wp\/v2\/types\/post"}],"author":[{"embeddable":true,"href":"https:\/\/agenciainfra.com\/blog\/wp-json\/wp\/v2\/users\/1"}],"replies":[{"embeddable":true,"href":"https:\/\/agenciainfra.com\/blog\/wp-json\/wp\/v2\/comments?post=19654"}],"version-history":[{"count":1,"href":"https:\/\/agenciainfra.com\/blog\/wp-json\/wp\/v2\/posts\/19654\/revisions"}],"predecessor-version":[{"id":19655,"href":"https:\/\/agenciainfra.com\/blog\/wp-json\/wp\/v2\/posts\/19654\/revisions\/19655"}],"wp:featuredmedia":[{"embeddable":true,"href":"https:\/\/agenciainfra.com\/blog\/wp-json\/wp\/v2\/media\/11428"}],"wp:attachment":[{"href":"https:\/\/agenciainfra.com\/blog\/wp-json\/wp\/v2\/media?parent=19654"}],"wp:term":[{"taxonomy":"category","embeddable":true,"href":"https:\/\/agenciainfra.com\/blog\/wp-json\/wp\/v2\/categories?post=19654"},{"taxonomy":"post_tag","embeddable":true,"href":"https:\/\/agenciainfra.com\/blog\/wp-json\/wp\/v2\/tags?post=19654"}],"curies":[{"name":"wp","href":"https:\/\/api.w.org\/{rel}","templated":true}]}}