{"id":19658,"date":"2024-12-18T13:00:00","date_gmt":"2024-12-18T16:00:00","guid":{"rendered":"https:\/\/agenciainfra.com\/blog\/?p=19658"},"modified":"2026-02-13T17:15:12","modified_gmt":"2026-02-13T20:15:12","slug":"20-anos-da-lei-de-ppps-mudancas-nas-leis-de-ppps-e-concessoes-podem-ocorrer-em-2025","status":"publish","type":"post","link":"https:\/\/agenciainfra.com\/blog\/20-anos-da-lei-de-ppps-mudancas-nas-leis-de-ppps-e-concessoes-podem-ocorrer-em-2025\/","title":{"rendered":"20 anos da Lei de PPPs: Mudan\u00e7as nas leis de PPPs e concess\u00f5es podem ocorrer em 2025"},"content":{"rendered":"\n<p class=\"has-text-align-right\"><strong>apresentado por ApexBrasil<\/strong><\/p>\n\n\n\n<p>Est\u00e1 mais do que na hora de aperfei\u00e7oar as atuais leis das PPPs (Parcerias P\u00fablico-Privadas) e das concess\u00f5es no Brasil. Foi o que defendeu o deputado federal Arnaldo Jardim (Cidadania-SP) durante o painel \u201cA Lei 11.079\/2004: ontem e hoje\u201d, que integrou o semin\u00e1rio 20 anos Lei Federal de PPPs, promovido pela ApexBrasil (Ag\u00eancia Brasileira de Promo\u00e7\u00e3o de Exporta\u00e7\u00f5es e Investimentos) e a Secretaria Especial do PPI (Programa de Parceria de Investimentos) da Casa Civil, realizado nos dias 9 e 10 de dezembro, em Bras\u00edlia.<\/p>\n\n\n\n<p>A cobertura completa do evento est\u00e1 dispon\u00edvel em um caderno especial produzido pela&nbsp;<strong>Ag\u00eancia iNFRA<\/strong>. Acesse&nbsp;<a href=\"https:\/\/agenciainfra.com\/blog\/cadernos-infra-seminario-20-anos-da-lei-de-ppps-apresentado-por-apexbrasil\/\">neste link<\/a>.<\/p>\n\n\n\n<p>O deputado \u00e9 o relator do <a href=\"https:\/\/www.camara.leg.br\/proposicoesWeb\/fichadetramitacao?idProposicao=2124888\">PL (Projeto de Lei) 7.063\/2017<\/a>, que estabelece a Nova Lei Geral de Concess\u00f5es, em tramita\u00e7\u00e3o na C\u00e2mara dos Deputados. Segundo o parlamentar, na proposta a ser apresentada no in\u00edcio do pr\u00f3ximo ano, est\u00e3o sendo tratados pontos como: instituir de forma definitiva os acordos tripartites, a possibilidade de prorroga\u00e7\u00e3o emergencial de contratos e regras mais claras para interven\u00e7\u00e3o.<\/p>\n\n\n\n<p>Jardim afirmou que o governo concorda com 90% do texto do projeto, e a meta \u00e9 \u201cmanter o clima de di\u00e1logo entre o Executivo, o Legislativo e a sociedade.\u201d A defini\u00e7\u00e3o em lei dos limites de comprometimento da receita corrente l\u00edquida para o aprimoramento das PPPs tamb\u00e9m est\u00e1 entre suas prioridades.<\/p>\n\n\n\n<p>O s\u00f3cio fundador do escrit\u00f3rio Portugal Ribeiro &amp; Jord\u00e3o advogados, Maur\u00edcio Portugal Ribeiro, apresentou um hist\u00f3rico das parcerias e concess\u00f5es no Brasil, com base no cen\u00e1rio pol\u00edtico-econ\u00f4mico de 1990, passando por 2003, \u00e9poca da elabora\u00e7\u00e3o do projeto que resultaria na Lei 11.079\/2004. \u201cA gente fala de uma circunst\u00e2ncia em que o pa\u00eds estava come\u00e7ando a mudar de patamar, sobretudo em consequ\u00eancia de v\u00e1rias reformas feitas no final dos anos 1990\u201d, explicou.<\/p>\n\n\n\n<p>O secret\u00e1rio de Reformas Econ\u00f4micas do Minist\u00e9rio da Fazenda, Marcos Pinto, rememorou a sua atua\u00e7\u00e3o, mais de 20 anos atr\u00e1s, ao lado do atual ministro da Fazenda, Fernando Haddad, quando prepararam o rascunho da Lei das PPPs. Ele ressalta as evolu\u00e7\u00f5es ocorridas nos \u00faltimos anos e que, l\u00e1 atr\u00e1s, com muito otimismo, pensou-se que as concess\u00f5es seriam esgotadas muito rapidamente. Hoje, disse, percebe-se que ainda h\u00e1 um caminho muito longo a ser percorrido.<\/p>\n\n\n\n<figure class=\"wp-block-image aligncenter is-resized is-style-default\"><img fetchpriority=\"high\" decoding=\"async\" width=\"1200\" height=\"627\" src=\"https:\/\/agenciainfra.com\/blog\/wp-content\/uploads\/2024\/12\/APEX-Peca-de-midia-ON_Agencia-Infra_LINKEDIN_1200x627-1.gif\" alt=\"\" class=\"wp-image-19608\" style=\"width:501px;height:auto\"\/><\/figure>\n\n\n\n<p><\/p>\n\n\n\n<p><strong>Experi\u00eancias internacionais<\/strong><\/p>\n\n\n\n<p>Na \u00faltima d\u00e9cada, o Brasil avan\u00e7ou nos projetos de PPPs (Parcerias P\u00fablico-Privadas), concess\u00f5es e privatiza\u00e7\u00f5es e atraiu a maior parte dos investimentos da Am\u00e9rica Latina e do Caribe. A avalia\u00e7\u00e3o foi dos participantes do painel \u201cExperi\u00eancia internacional na atra\u00e7\u00e3o de investimentos em PPPs\u201d.<\/p>\n\n\n\n<p>\u201cDe 2016 para c\u00e1, o Brasil atacou e inverteu praticamente todos os pontos que eram considerados mais cr\u00edticos [em projetos de PPPs]\u201d, destacou Bernardo Tavares, representante da IFC (International Finance Corporation), institui\u00e7\u00e3o do Banco Mundial que atua no setor privado em pa\u00edses em desenvolvimento.<\/p>\n\n\n\n<p>Gast\u00f3n Astesiano, chefe da equipe de Parcerias P\u00fablico-Privadas do BID, destacou que o Brasil atrai quase 70% de todo o investimento privado de infraestrutura que \u00e9 destinado para a Am\u00e9rica Latina e o Caribe. Astesiano ainda apresentou algumas experi\u00eancias internacionais de PPPs no Chile, que criou um m\u00e9todo de contratos com prazos variados \u2013 tamb\u00e9m utilizado na Col\u00f4mbia \u2013 e a inclus\u00e3o de certifica\u00e7\u00e3o de investimentos sustent\u00e1veis; e no Peru, com as parcerias entre o p\u00fablico e o privado em projetos de linhas de transmiss\u00e3o.<\/p>\n\n\n\n<p>Durante o painel, os participantes apontaram que n\u00e3o devem ser feitas grandes altera\u00e7\u00f5es na Lei de PPPs. Apesar disso, ambos concordam com ajustes na legisla\u00e7\u00e3o, principalmente no t\u00f3pico que trata das garantias.<\/p>\n\n\n\n<p><strong>Perspectivas das PPPs federais<\/strong><\/p>\n\n\n\n<p>Diferentes modelagens de licita\u00e7\u00e3o est\u00e3o em avalia\u00e7\u00e3o ou no in\u00edcio da implementa\u00e7\u00e3o pelo governo federal para os setores de infraestrutura, desenvolvimento regional e sa\u00fade. A informa\u00e7\u00e3o foi apresentada no painel \u201cPPPs Federais: perspectivas\u201d.<\/p>\n\n\n\n<p>O Minist\u00e9rio da Sa\u00fade j\u00e1 tem dois projetos de PPPs em andamento, segundo o gerente de projetos da pasta, Alisson Marques: novo complexo do Inca (Instituto Nacional de C\u00e2ncer) e o Hospital F\u00eamina, do Grupo Hospitalar Concei\u00e7\u00e3o (RS).<\/p>\n\n\n\n<p>No setor de transportes, o secret\u00e1rio-executivo do Minist\u00e9rio dos Transportes, George Santoro, defendeu a concess\u00e3o inteligente como uma das solu\u00e7\u00f5es para evitar o alto volume de aporte de dinheiro p\u00fablico na malha rodovi\u00e1ria. A ideia desse modelo \u00e9 uma tarifa menor para o usu\u00e1rio com uma contrapartida de poucos servi\u00e7os de manuten\u00e7\u00e3o e solu\u00e7\u00e3o de pontos cr\u00edticos por parte da iniciativa privada, por\u00e9m com um contrato mais curto. Essa modelagem, de acordo com Santoro, deve ser utilizada para rodovias que se mostram custosas para o governo federal, mas que n\u00e3o apresentam viabilidade econ\u00f4mica em modelagens como a concess\u00e3o comum.<\/p>\n\n\n\n<p>\u201cTamb\u00e9m estamos estudando [essa possibilidade de PPP] para ferrovias. Temos alguns projetos j\u00e1 modelados que v\u00e3o necessitar de recursos para obter viabilidade econ\u00f4mica. H\u00e1 uma s\u00e9rie de possibilidades, como aporte de or\u00e7amento, investimento cruzado ou outorgas advindas de outras concess\u00f5es\u201d, disse o secret\u00e1rio-executivo, que ainda destacou a necessidade de o governo federal garantir que os aportes ocorram em todos os contratos de todas as modalidades de PPPs.<\/p>\n\n\n\n<p>Por sua vez, o secret\u00e1rio-executivo adjunto do Minist\u00e9rio de Portos e Aeroportos, F\u00e1bio Lavor, levantou a hip\u00f3tese de se cogitar sobre concess\u00f5es integradas entre modais que se retroalimentam no processo de log\u00edstica. Al\u00e9m disso, Lavor assinalou a necessidade de o governo federal definir quais projetos devem se tornar PPPs, como ser\u00e1 a modelagem e como se dar\u00e1 a remunera\u00e7\u00e3o do parceiro privado.<\/p>\n","protected":false},"excerpt":{"rendered":"<p>apresentado por ApexBrasil Est\u00e1 mais do que na hora de aperfei\u00e7oar as atuais leis das PPPs (Parcerias P\u00fablico-Privadas) e das concess\u00f5es no Brasil. Foi o que defendeu o deputado federal Arnaldo Jardim (Cidadania-SP) durante o painel \u201cA Lei 11.079\/2004: ontem e hoje\u201d, que integrou o semin\u00e1rio 20 anos Lei Federal de PPPs, promovido pela ApexBrasil [&hellip;]<\/p>\n","protected":false},"author":1,"featured_media":19664,"comment_status":"closed","ping_status":"closed","sticky":false,"template":"","format":"standard","meta":{"_monsterinsights_skip_tracking":false,"_monsterinsights_sitenote_active":false,"_monsterinsights_sitenote_note":"","_monsterinsights_sitenote_category":0,"footnotes":""},"categories":[18468],"tags":[12037,9564,888,522,12039,2875,12041,6956,12042,8498,2834,3501,1081,12038,1693,36,406,12019,12040],"class_list":["post-19658","post","type-post","status-publish","format-standard","has-post-thumbnail","hentry","category-infra-cidades","tag-20-anos-da-lei-de-ppps","tag-apexbrasil","tag-arnaldo-jardim","tag-banco-mundial","tag-bernardo-tavares","tag-fabio-lavor","tag-gaston-astesiano","tag-george-santoro","tag-hospital-femina","tag-inca","tag-lei-11-079-2004","tag-marcos-pinto","tag-mauricio-portugal-ribeiro","tag-nova-lei-de-concessoes","tag-pl-7-063-2017","tag-ppi","tag-ppps","tag-ppps-e-concessoes","tag-ppps-federais"],"yoast_head":"<!-- This site is optimized with the Yoast SEO Premium plugin v25.4 (Yoast SEO v26.0) - https:\/\/yoast.com\/wordpress\/plugins\/seo\/ -->\n<title>20 anos da Lei de PPPs: Mudan\u00e7as nas leis de PPPs e concess\u00f5es podem ocorrer em 2025 - Ag\u00eancia iNFRA<\/title>\n<meta name=\"description\" content=\"Est\u00e1 mais do que na hora de aperfei\u00e7oar as atuais leis das PPPs (Parcerias P\u00fablico-Privadas) e das concess\u00f5es no Brasil, defendeu o deputado Arnaldo Jardim (Cdadania-SP). Ag\u00eancia iNFRA\" \/>\n<meta name=\"robots\" content=\"index, follow, max-snippet:-1, max-image-preview:large, max-video-preview:-1\" \/>\n<link rel=\"canonical\" href=\"https:\/\/agenciainfra.com\/blog\/20-anos-da-lei-de-ppps-mudancas-nas-leis-de-ppps-e-concessoes-podem-ocorrer-em-2025\/\" \/>\n<meta property=\"og:locale\" content=\"pt_BR\" \/>\n<meta property=\"og:type\" content=\"article\" \/>\n<meta property=\"og:title\" content=\"20 anos da Lei de PPPs: Mudan\u00e7as nas leis de PPPs e concess\u00f5es podem ocorrer em 2025\" \/>\n<meta property=\"og:description\" content=\"Est\u00e1 mais do que na hora de aperfei\u00e7oar as atuais leis das PPPs (Parcerias P\u00fablico-Privadas) e das concess\u00f5es no Brasil, defendeu o deputado Arnaldo Jardim (Cdadania-SP). Ag\u00eancia iNFRA\" \/>\n<meta property=\"og:url\" content=\"https:\/\/agenciainfra.com\/blog\/20-anos-da-lei-de-ppps-mudancas-nas-leis-de-ppps-e-concessoes-podem-ocorrer-em-2025\/\" \/>\n<meta property=\"og:site_name\" content=\"Ag\u00eancia iNFRA\" \/>\n<meta property=\"article:publisher\" content=\"https:\/\/www.facebook.com\/ageninfra\" \/>\n<meta property=\"article:published_time\" content=\"2024-12-18T16:00:00+00:00\" \/>\n<meta property=\"article:modified_time\" content=\"2026-02-13T20:15:12+00:00\" \/>\n<meta property=\"og:image\" content=\"https:\/\/agenciainfra.com\/blog\/wp-content\/uploads\/2024\/12\/RR2A4525-scaled-e1734530076614.jpg\" \/>\n\t<meta property=\"og:image:width\" content=\"1280\" \/>\n\t<meta property=\"og:image:height\" content=\"854\" \/>\n\t<meta property=\"og:image:type\" content=\"image\/jpeg\" \/>\n<meta name=\"author\" content=\"Ag\u00eancia iNFRA\" \/>\n<meta name=\"twitter:card\" content=\"summary_large_image\" \/>\n<meta name=\"twitter:creator\" content=\"@agencia_infra\" \/>\n<meta name=\"twitter:site\" content=\"@agencia_infra\" \/>\n<meta name=\"twitter:label1\" content=\"Escrito por\" \/>\n\t<meta name=\"twitter:data1\" content=\"Ag\u00eancia iNFRA\" \/>\n\t<meta name=\"twitter:label2\" content=\"Est. tempo de leitura\" \/>\n\t<meta name=\"twitter:data2\" content=\"5 minutos\" \/>\n<script type=\"application\/ld+json\" class=\"yoast-schema-graph\">{\"@context\":\"https:\/\/schema.org\",\"@graph\":[{\"@type\":\"Article\",\"@id\":\"https:\/\/agenciainfra.com\/blog\/20-anos-da-lei-de-ppps-mudancas-nas-leis-de-ppps-e-concessoes-podem-ocorrer-em-2025\/#article\",\"isPartOf\":{\"@id\":\"https:\/\/agenciainfra.com\/blog\/20-anos-da-lei-de-ppps-mudancas-nas-leis-de-ppps-e-concessoes-podem-ocorrer-em-2025\/\"},\"author\":{\"name\":\"Ag\u00eancia iNFRA\",\"@id\":\"https:\/\/agenciainfra.com\/blog\/#\/schema\/person\/34af08dff6adea4cb22b06612ba7acfa\"},\"headline\":\"20 anos da Lei de PPPs: Mudan\u00e7as nas leis de PPPs e concess\u00f5es podem ocorrer em 2025\",\"datePublished\":\"2024-12-18T16:00:00+00:00\",\"dateModified\":\"2026-02-13T20:15:12+00:00\",\"mainEntityOfPage\":{\"@id\":\"https:\/\/agenciainfra.com\/blog\/20-anos-da-lei-de-ppps-mudancas-nas-leis-de-ppps-e-concessoes-podem-ocorrer-em-2025\/\"},\"wordCount\":988,\"publisher\":{\"@id\":\"https:\/\/agenciainfra.com\/blog\/#organization\"},\"image\":{\"@id\":\"https:\/\/agenciainfra.com\/blog\/20-anos-da-lei-de-ppps-mudancas-nas-leis-de-ppps-e-concessoes-podem-ocorrer-em-2025\/#primaryimage\"},\"thumbnailUrl\":\"https:\/\/agenciainfra.com\/blog\/wp-content\/uploads\/2024\/12\/RR2A4525-scaled-e1734530076614.jpg\",\"keywords\":[\"20 anos da Lei de PPPs\",\"ApexBrasil\",\"Arnaldo Jardim\",\"Banco Mundial\",\"Bernardo Tavares\",\"F\u00e1bio Lavor\",\"gast\u00f3n astesiano\",\"George Santoro\",\"hospital f\u00eamina\",\"Inca\",\"Lei 11.079\/2004\",\"Marcos Pinto\",\"Mauricio Portugal Ribeiro\",\"Nova Lei de Concess\u00f5es\",\"PL 7.063\/2017\",\"PPI\",\"PPPs\",\"ppps e concess\u00f5es\",\"ppps federais\"],\"articleSection\":[\"iNFRACidades\"],\"inLanguage\":\"pt-BR\",\"copyrightYear\":\"2024\",\"copyrightHolder\":{\"@id\":\"https:\/\/agenciainfra.com\/blog\/#organization\"}},{\"@type\":\"WebPage\",\"@id\":\"https:\/\/agenciainfra.com\/blog\/20-anos-da-lei-de-ppps-mudancas-nas-leis-de-ppps-e-concessoes-podem-ocorrer-em-2025\/\",\"url\":\"https:\/\/agenciainfra.com\/blog\/20-anos-da-lei-de-ppps-mudancas-nas-leis-de-ppps-e-concessoes-podem-ocorrer-em-2025\/\",\"name\":\"20 anos da Lei de PPPs: Mudan\u00e7as nas leis de PPPs e concess\u00f5es podem ocorrer em 2025 - Ag\u00eancia iNFRA\",\"isPartOf\":{\"@id\":\"https:\/\/agenciainfra.com\/blog\/#website\"},\"primaryImageOfPage\":{\"@id\":\"https:\/\/agenciainfra.com\/blog\/20-anos-da-lei-de-ppps-mudancas-nas-leis-de-ppps-e-concessoes-podem-ocorrer-em-2025\/#primaryimage\"},\"image\":{\"@id\":\"https:\/\/agenciainfra.com\/blog\/20-anos-da-lei-de-ppps-mudancas-nas-leis-de-ppps-e-concessoes-podem-ocorrer-em-2025\/#primaryimage\"},\"thumbnailUrl\":\"https:\/\/agenciainfra.com\/blog\/wp-content\/uploads\/2024\/12\/RR2A4525-scaled-e1734530076614.jpg\",\"datePublished\":\"2024-12-18T16:00:00+00:00\",\"dateModified\":\"2026-02-13T20:15:12+00:00\",\"description\":\"Est\u00e1 mais do que na hora de aperfei\u00e7oar as atuais leis das PPPs (Parcerias P\u00fablico-Privadas) e das concess\u00f5es no Brasil, defendeu o deputado Arnaldo Jardim (Cdadania-SP). Ag\u00eancia iNFRA\",\"breadcrumb\":{\"@id\":\"https:\/\/agenciainfra.com\/blog\/20-anos-da-lei-de-ppps-mudancas-nas-leis-de-ppps-e-concessoes-podem-ocorrer-em-2025\/#breadcrumb\"},\"inLanguage\":\"pt-BR\",\"potentialAction\":[{\"@type\":\"ReadAction\",\"target\":[\"https:\/\/agenciainfra.com\/blog\/20-anos-da-lei-de-ppps-mudancas-nas-leis-de-ppps-e-concessoes-podem-ocorrer-em-2025\/\"]}]},{\"@type\":\"ImageObject\",\"inLanguage\":\"pt-BR\",\"@id\":\"https:\/\/agenciainfra.com\/blog\/20-anos-da-lei-de-ppps-mudancas-nas-leis-de-ppps-e-concessoes-podem-ocorrer-em-2025\/#primaryimage\",\"url\":\"https:\/\/agenciainfra.com\/blog\/wp-content\/uploads\/2024\/12\/RR2A4525-scaled-e1734530076614.jpg\",\"contentUrl\":\"https:\/\/agenciainfra.com\/blog\/wp-content\/uploads\/2024\/12\/RR2A4525-scaled-e1734530076614.jpg\",\"width\":1280,\"height\":854,\"caption\":\"09.12.2024 - PPP_20 Anos_Foto: Perco Campos\"},{\"@type\":\"BreadcrumbList\",\"@id\":\"https:\/\/agenciainfra.com\/blog\/20-anos-da-lei-de-ppps-mudancas-nas-leis-de-ppps-e-concessoes-podem-ocorrer-em-2025\/#breadcrumb\",\"itemListElement\":[{\"@type\":\"ListItem\",\"position\":1,\"name\":\"In\u00edcio\",\"item\":\"https:\/\/agenciainfra.com\/blog\/\"},{\"@type\":\"ListItem\",\"position\":2,\"name\":\"20 anos da Lei de PPPs: Mudan\u00e7as nas leis de PPPs e concess\u00f5es podem ocorrer em 2025\"}]},{\"@type\":\"WebSite\",\"@id\":\"https:\/\/agenciainfra.com\/blog\/#website\",\"url\":\"https:\/\/agenciainfra.com\/blog\/\",\"name\":\"Ag\u00eancia iNFRA\",\"description\":\"Multiplataforma de informa\u00e7\u00e3o jornal\u00edstica refer\u00eancia na \u00e1rea de infraestrutura no Brasil!\",\"publisher\":{\"@id\":\"https:\/\/agenciainfra.com\/blog\/#organization\"},\"potentialAction\":[{\"@type\":\"SearchAction\",\"target\":{\"@type\":\"EntryPoint\",\"urlTemplate\":\"https:\/\/agenciainfra.com\/blog\/?s={search_term_string}\"},\"query-input\":{\"@type\":\"PropertyValueSpecification\",\"valueRequired\":true,\"valueName\":\"search_term_string\"}}],\"inLanguage\":\"pt-BR\"},{\"@type\":\"Organization\",\"@id\":\"https:\/\/agenciainfra.com\/blog\/#organization\",\"name\":\"Ag\u00eancia iNFRA\",\"url\":\"https:\/\/agenciainfra.com\/blog\/\",\"logo\":{\"@type\":\"ImageObject\",\"inLanguage\":\"pt-BR\",\"@id\":\"https:\/\/agenciainfra.com\/blog\/#\/schema\/logo\/image\/\",\"url\":\"https:\/\/agenciainfra.com\/blog\/wp-content\/uploads\/2023\/09\/iNFRA_5-e1761735885940.png\",\"contentUrl\":\"https:\/\/agenciainfra.com\/blog\/wp-content\/uploads\/2023\/09\/iNFRA_5-e1761735885940.png\",\"width\":1672,\"height\":454,\"caption\":\"Ag\u00eancia iNFRA\"},\"image\":{\"@id\":\"https:\/\/agenciainfra.com\/blog\/#\/schema\/logo\/image\/\"},\"sameAs\":[\"https:\/\/www.facebook.com\/ageninfra\",\"https:\/\/x.com\/agencia_infra\",\"https:\/\/www.linkedin.com\/company\/ag\u00eanciainfra\/\",\"https:\/\/www.instagram.com\/agenciainfra\/\"]},{\"@type\":\"Person\",\"@id\":\"https:\/\/agenciainfra.com\/blog\/#\/schema\/person\/34af08dff6adea4cb22b06612ba7acfa\",\"name\":\"Ag\u00eancia iNFRA\",\"image\":{\"@type\":\"ImageObject\",\"inLanguage\":\"pt-BR\",\"@id\":\"https:\/\/agenciainfra.com\/blog\/#\/schema\/person\/image\/\",\"url\":\"https:\/\/secure.gravatar.com\/avatar\/d189e01678f06d8eb84d4e01f08eb848b3fffe3f8443818d3c356c66892f5be8?s=96&d=mm&r=g\",\"contentUrl\":\"https:\/\/secure.gravatar.com\/avatar\/d189e01678f06d8eb84d4e01f08eb848b3fffe3f8443818d3c356c66892f5be8?s=96&d=mm&r=g\",\"caption\":\"Ag\u00eancia iNFRA\"},\"url\":\"https:\/\/agenciainfra.com\/blog\/author\/admin\/\"}]}<\/script>\n<!-- \/ Yoast SEO Premium plugin. -->","yoast_head_json":{"title":"20 anos da Lei de PPPs: Mudan\u00e7as nas leis de PPPs e concess\u00f5es podem ocorrer em 2025 - Ag\u00eancia iNFRA","description":"Est\u00e1 mais do que na hora de aperfei\u00e7oar as atuais leis das PPPs (Parcerias P\u00fablico-Privadas) e das concess\u00f5es no Brasil, defendeu o deputado Arnaldo Jardim (Cdadania-SP). Ag\u00eancia iNFRA","robots":{"index":"index","follow":"follow","max-snippet":"max-snippet:-1","max-image-preview":"max-image-preview:large","max-video-preview":"max-video-preview:-1"},"canonical":"https:\/\/agenciainfra.com\/blog\/20-anos-da-lei-de-ppps-mudancas-nas-leis-de-ppps-e-concessoes-podem-ocorrer-em-2025\/","og_locale":"pt_BR","og_type":"article","og_title":"20 anos da Lei de PPPs: Mudan\u00e7as nas leis de PPPs e concess\u00f5es podem ocorrer em 2025","og_description":"Est\u00e1 mais do que na hora de aperfei\u00e7oar as atuais leis das PPPs (Parcerias P\u00fablico-Privadas) e das concess\u00f5es no Brasil, defendeu o deputado Arnaldo Jardim (Cdadania-SP). Ag\u00eancia iNFRA","og_url":"https:\/\/agenciainfra.com\/blog\/20-anos-da-lei-de-ppps-mudancas-nas-leis-de-ppps-e-concessoes-podem-ocorrer-em-2025\/","og_site_name":"Ag\u00eancia iNFRA","article_publisher":"https:\/\/www.facebook.com\/ageninfra","article_published_time":"2024-12-18T16:00:00+00:00","article_modified_time":"2026-02-13T20:15:12+00:00","og_image":[{"width":1280,"height":854,"url":"https:\/\/agenciainfra.com\/blog\/wp-content\/uploads\/2024\/12\/RR2A4525-scaled-e1734530076614.jpg","type":"image\/jpeg"}],"author":"Ag\u00eancia iNFRA","twitter_card":"summary_large_image","twitter_creator":"@agencia_infra","twitter_site":"@agencia_infra","twitter_misc":{"Escrito por":"Ag\u00eancia iNFRA","Est. tempo de leitura":"5 minutos"},"schema":{"@context":"https:\/\/schema.org","@graph":[{"@type":"Article","@id":"https:\/\/agenciainfra.com\/blog\/20-anos-da-lei-de-ppps-mudancas-nas-leis-de-ppps-e-concessoes-podem-ocorrer-em-2025\/#article","isPartOf":{"@id":"https:\/\/agenciainfra.com\/blog\/20-anos-da-lei-de-ppps-mudancas-nas-leis-de-ppps-e-concessoes-podem-ocorrer-em-2025\/"},"author":{"name":"Ag\u00eancia iNFRA","@id":"https:\/\/agenciainfra.com\/blog\/#\/schema\/person\/34af08dff6adea4cb22b06612ba7acfa"},"headline":"20 anos da Lei de PPPs: Mudan\u00e7as nas leis de PPPs e concess\u00f5es podem ocorrer em 2025","datePublished":"2024-12-18T16:00:00+00:00","dateModified":"2026-02-13T20:15:12+00:00","mainEntityOfPage":{"@id":"https:\/\/agenciainfra.com\/blog\/20-anos-da-lei-de-ppps-mudancas-nas-leis-de-ppps-e-concessoes-podem-ocorrer-em-2025\/"},"wordCount":988,"publisher":{"@id":"https:\/\/agenciainfra.com\/blog\/#organization"},"image":{"@id":"https:\/\/agenciainfra.com\/blog\/20-anos-da-lei-de-ppps-mudancas-nas-leis-de-ppps-e-concessoes-podem-ocorrer-em-2025\/#primaryimage"},"thumbnailUrl":"https:\/\/agenciainfra.com\/blog\/wp-content\/uploads\/2024\/12\/RR2A4525-scaled-e1734530076614.jpg","keywords":["20 anos da Lei de PPPs","ApexBrasil","Arnaldo Jardim","Banco Mundial","Bernardo Tavares","F\u00e1bio Lavor","gast\u00f3n astesiano","George Santoro","hospital f\u00eamina","Inca","Lei 11.079\/2004","Marcos Pinto","Mauricio Portugal Ribeiro","Nova Lei de Concess\u00f5es","PL 7.063\/2017","PPI","PPPs","ppps e concess\u00f5es","ppps federais"],"articleSection":["iNFRACidades"],"inLanguage":"pt-BR","copyrightYear":"2024","copyrightHolder":{"@id":"https:\/\/agenciainfra.com\/blog\/#organization"}},{"@type":"WebPage","@id":"https:\/\/agenciainfra.com\/blog\/20-anos-da-lei-de-ppps-mudancas-nas-leis-de-ppps-e-concessoes-podem-ocorrer-em-2025\/","url":"https:\/\/agenciainfra.com\/blog\/20-anos-da-lei-de-ppps-mudancas-nas-leis-de-ppps-e-concessoes-podem-ocorrer-em-2025\/","name":"20 anos da Lei de PPPs: Mudan\u00e7as nas leis de PPPs e concess\u00f5es podem ocorrer em 2025 - Ag\u00eancia iNFRA","isPartOf":{"@id":"https:\/\/agenciainfra.com\/blog\/#website"},"primaryImageOfPage":{"@id":"https:\/\/agenciainfra.com\/blog\/20-anos-da-lei-de-ppps-mudancas-nas-leis-de-ppps-e-concessoes-podem-ocorrer-em-2025\/#primaryimage"},"image":{"@id":"https:\/\/agenciainfra.com\/blog\/20-anos-da-lei-de-ppps-mudancas-nas-leis-de-ppps-e-concessoes-podem-ocorrer-em-2025\/#primaryimage"},"thumbnailUrl":"https:\/\/agenciainfra.com\/blog\/wp-content\/uploads\/2024\/12\/RR2A4525-scaled-e1734530076614.jpg","datePublished":"2024-12-18T16:00:00+00:00","dateModified":"2026-02-13T20:15:12+00:00","description":"Est\u00e1 mais do que na hora de aperfei\u00e7oar as atuais leis das PPPs (Parcerias P\u00fablico-Privadas) e das concess\u00f5es no Brasil, defendeu o deputado Arnaldo Jardim (Cdadania-SP). Ag\u00eancia iNFRA","breadcrumb":{"@id":"https:\/\/agenciainfra.com\/blog\/20-anos-da-lei-de-ppps-mudancas-nas-leis-de-ppps-e-concessoes-podem-ocorrer-em-2025\/#breadcrumb"},"inLanguage":"pt-BR","potentialAction":[{"@type":"ReadAction","target":["https:\/\/agenciainfra.com\/blog\/20-anos-da-lei-de-ppps-mudancas-nas-leis-de-ppps-e-concessoes-podem-ocorrer-em-2025\/"]}]},{"@type":"ImageObject","inLanguage":"pt-BR","@id":"https:\/\/agenciainfra.com\/blog\/20-anos-da-lei-de-ppps-mudancas-nas-leis-de-ppps-e-concessoes-podem-ocorrer-em-2025\/#primaryimage","url":"https:\/\/agenciainfra.com\/blog\/wp-content\/uploads\/2024\/12\/RR2A4525-scaled-e1734530076614.jpg","contentUrl":"https:\/\/agenciainfra.com\/blog\/wp-content\/uploads\/2024\/12\/RR2A4525-scaled-e1734530076614.jpg","width":1280,"height":854,"caption":"09.12.2024 - PPP_20 Anos_Foto: Perco Campos"},{"@type":"BreadcrumbList","@id":"https:\/\/agenciainfra.com\/blog\/20-anos-da-lei-de-ppps-mudancas-nas-leis-de-ppps-e-concessoes-podem-ocorrer-em-2025\/#breadcrumb","itemListElement":[{"@type":"ListItem","position":1,"name":"In\u00edcio","item":"https:\/\/agenciainfra.com\/blog\/"},{"@type":"ListItem","position":2,"name":"20 anos da Lei de PPPs: Mudan\u00e7as nas leis de PPPs e concess\u00f5es podem ocorrer em 2025"}]},{"@type":"WebSite","@id":"https:\/\/agenciainfra.com\/blog\/#website","url":"https:\/\/agenciainfra.com\/blog\/","name":"Ag\u00eancia iNFRA","description":"Multiplataforma de informa\u00e7\u00e3o jornal\u00edstica refer\u00eancia na \u00e1rea de infraestrutura no Brasil!","publisher":{"@id":"https:\/\/agenciainfra.com\/blog\/#organization"},"potentialAction":[{"@type":"SearchAction","target":{"@type":"EntryPoint","urlTemplate":"https:\/\/agenciainfra.com\/blog\/?s={search_term_string}"},"query-input":{"@type":"PropertyValueSpecification","valueRequired":true,"valueName":"search_term_string"}}],"inLanguage":"pt-BR"},{"@type":"Organization","@id":"https:\/\/agenciainfra.com\/blog\/#organization","name":"Ag\u00eancia iNFRA","url":"https:\/\/agenciainfra.com\/blog\/","logo":{"@type":"ImageObject","inLanguage":"pt-BR","@id":"https:\/\/agenciainfra.com\/blog\/#\/schema\/logo\/image\/","url":"https:\/\/agenciainfra.com\/blog\/wp-content\/uploads\/2023\/09\/iNFRA_5-e1761735885940.png","contentUrl":"https:\/\/agenciainfra.com\/blog\/wp-content\/uploads\/2023\/09\/iNFRA_5-e1761735885940.png","width":1672,"height":454,"caption":"Ag\u00eancia iNFRA"},"image":{"@id":"https:\/\/agenciainfra.com\/blog\/#\/schema\/logo\/image\/"},"sameAs":["https:\/\/www.facebook.com\/ageninfra","https:\/\/x.com\/agencia_infra","https:\/\/www.linkedin.com\/company\/ag\u00eanciainfra\/","https:\/\/www.instagram.com\/agenciainfra\/"]},{"@type":"Person","@id":"https:\/\/agenciainfra.com\/blog\/#\/schema\/person\/34af08dff6adea4cb22b06612ba7acfa","name":"Ag\u00eancia iNFRA","image":{"@type":"ImageObject","inLanguage":"pt-BR","@id":"https:\/\/agenciainfra.com\/blog\/#\/schema\/person\/image\/","url":"https:\/\/secure.gravatar.com\/avatar\/d189e01678f06d8eb84d4e01f08eb848b3fffe3f8443818d3c356c66892f5be8?s=96&d=mm&r=g","contentUrl":"https:\/\/secure.gravatar.com\/avatar\/d189e01678f06d8eb84d4e01f08eb848b3fffe3f8443818d3c356c66892f5be8?s=96&d=mm&r=g","caption":"Ag\u00eancia iNFRA"},"url":"https:\/\/agenciainfra.com\/blog\/author\/admin\/"}]}},"_links":{"self":[{"href":"https:\/\/agenciainfra.com\/blog\/wp-json\/wp\/v2\/posts\/19658","targetHints":{"allow":["GET"]}}],"collection":[{"href":"https:\/\/agenciainfra.com\/blog\/wp-json\/wp\/v2\/posts"}],"about":[{"href":"https:\/\/agenciainfra.com\/blog\/wp-json\/wp\/v2\/types\/post"}],"author":[{"embeddable":true,"href":"https:\/\/agenciainfra.com\/blog\/wp-json\/wp\/v2\/users\/1"}],"replies":[{"embeddable":true,"href":"https:\/\/agenciainfra.com\/blog\/wp-json\/wp\/v2\/comments?post=19658"}],"version-history":[{"count":3,"href":"https:\/\/agenciainfra.com\/blog\/wp-json\/wp\/v2\/posts\/19658\/revisions"}],"predecessor-version":[{"id":19662,"href":"https:\/\/agenciainfra.com\/blog\/wp-json\/wp\/v2\/posts\/19658\/revisions\/19662"}],"wp:featuredmedia":[{"embeddable":true,"href":"https:\/\/agenciainfra.com\/blog\/wp-json\/wp\/v2\/media\/19664"}],"wp:attachment":[{"href":"https:\/\/agenciainfra.com\/blog\/wp-json\/wp\/v2\/media?parent=19658"}],"wp:term":[{"taxonomy":"category","embeddable":true,"href":"https:\/\/agenciainfra.com\/blog\/wp-json\/wp\/v2\/categories?post=19658"},{"taxonomy":"post_tag","embeddable":true,"href":"https:\/\/agenciainfra.com\/blog\/wp-json\/wp\/v2\/tags?post=19658"}],"curies":[{"name":"wp","href":"https:\/\/api.w.org\/{rel}","templated":true}]}}