{"id":19680,"date":"2024-12-19T08:00:00","date_gmt":"2024-12-19T11:00:00","guid":{"rendered":"https:\/\/agenciainfra.com\/blog\/?p=19680"},"modified":"2024-12-19T06:54:20","modified_gmt":"2024-12-19T09:54:20","slug":"senado-aprova-alteracoes-no-financiamento-das-ppps","status":"publish","type":"post","link":"https:\/\/agenciainfra.com\/blog\/senado-aprova-alteracoes-no-financiamento-das-ppps\/","title":{"rendered":"Senado aprova altera\u00e7\u00f5es no financiamento das PPPs"},"content":{"rendered":"\n<p class=\"has-text-align-right\"><strong>da Ag\u00eancia iNFRA<\/strong><\/p>\n\n\n\n<p>O plen\u00e1rio do\u00a0Senado\u00a0aprovou, na \u00faltima ter\u00e7a-feira (17), o\u00a0<a href=\"https:\/\/agenciainfra.us14.list-manage.com\/track\/click?u=d460dd1bcf9ba0ae040e1fc0f&amp;id=051a09a272&amp;e=55b7a27fc9\" target=\"_blank\" rel=\"noreferrer noopener\">PLP (Projeto de Lei Complementar) 121\/2024<\/a>, que traz\u00a0altera\u00e7\u00f5es\u00a0no\u00a0financiamento\u00a0das\u00a0PPPs\u00a0(Parcerias P\u00fablico-Privadas). Conforme o novo texto, o artigo 35 da LFR (Lei de Responsabilidade Fiscal) foi modificado para permitir que institui\u00e7\u00f5es financeiras oficiais, como o Banco do Brasil e a Caixa Econ\u00f4mica Federal, possam financiar a estrutura\u00e7\u00e3o de projetos ou garantir contrapartidas em contratos de\u00a0PPPs\u00a0ou concess\u00f5es, para todos os entes da Federa\u00e7\u00e3o (Uni\u00e3o, estados, munic\u00edpios e Distrito Federal).\u00a0<\/p>\n\n\n\n<p>Anteriormente, essa possibilidade estava limitada a situa\u00e7\u00f5es de calamidade p\u00fablica reconhecidas pelo Congresso Nacional. A medida faz parte do Propag (Programa de Pleno Pagamento de D\u00edvidas dos Estados), que agora segue para san\u00e7\u00e3o presidencial. Entre outras determina\u00e7\u00f5es, o texto visa promover a revis\u00e3o dos termos das d\u00edvidas dos estados e do Distrito Federal com a Uni\u00e3o.&nbsp;<\/p>\n\n\n\n<p>Com os 20 anos da Lei das&nbsp;PPPs&nbsp;(<a href=\"https:\/\/agenciainfra.us14.list-manage.com\/track\/click?u=d460dd1bcf9ba0ae040e1fc0f&amp;id=3deb58c7fd&amp;e=55b7a27fc9\" target=\"_blank\" rel=\"noreferrer noopener\">11.079\/2004<\/a>), interlocutores do texto j\u00e1 come\u00e7am a buscar medidas para adaptar a legisla\u00e7\u00e3o ao cen\u00e1rio atual. Em discuss\u00f5es sobre as mudan\u00e7as, uma das queixas \u00e9 a falta de verba dos estados para aplicar em projetos com o setor privado.<\/p>\n\n\n\n<p>A expectativa \u00e9 que, em 2025, o deputado Arnaldo Jardim (Cidadania-SP) apresente uma proposta para alterar a legisla\u00e7\u00e3o vigente. A proposta est\u00e1 sendo debatida com o setor de infraestrutura e com o Minist\u00e9rio da Fazenda.<\/p>\n","protected":false},"excerpt":{"rendered":"<p>da Ag\u00eancia iNFRA O plen\u00e1rio do\u00a0Senado\u00a0aprovou, na \u00faltima ter\u00e7a-feira (17), o\u00a0PLP (Projeto de Lei Complementar) 121\/2024, que traz\u00a0altera\u00e7\u00f5es\u00a0no\u00a0financiamento\u00a0das\u00a0PPPs\u00a0(Parcerias P\u00fablico-Privadas). Conforme o novo texto, o artigo 35 da LFR (Lei de Responsabilidade Fiscal) foi modificado para permitir que institui\u00e7\u00f5es financeiras oficiais, como o Banco do Brasil e a Caixa Econ\u00f4mica Federal, possam financiar a estrutura\u00e7\u00e3o de [&hellip;]<\/p>\n","protected":false},"author":1,"featured_media":3699,"comment_status":"closed","ping_status":"closed","sticky":false,"template":"","format":"standard","meta":{"_monsterinsights_skip_tracking":false,"_monsterinsights_sitenote_active":false,"_monsterinsights_sitenote_note":"","_monsterinsights_sitenote_category":0,"footnotes":""},"categories":[7250,1,7],"tags":[888,3013,187,12047,12049,5841,6587,12048,406,12019,4354],"class_list":["post-19680","post","type-post","status-publish","format-standard","has-post-thumbnail","hentry","category-destaque-lista","category-geral","category-infratransporte","tag-arnaldo-jardim","tag-estruturacao-de-projetos","tag-financiamento","tag-financiamento-das-ppps","tag-lei-11-079-2024","tag-lei-das-ppps","tag-plp","tag-plp-121-2024","tag-ppps","tag-ppps-e-concessoes","tag-senado-federal"],"yoast_head":"<!-- This site is optimized with the Yoast SEO Premium plugin v25.4 (Yoast SEO v26.0) - https:\/\/yoast.com\/wordpress\/plugins\/seo\/ -->\n<title>Senado aprova altera\u00e7\u00f5es no financiamento das PPPs - Ag\u00eancia iNFRA<\/title>\n<meta name=\"robots\" content=\"index, follow, max-snippet:-1, max-image-preview:large, max-video-preview:-1\" \/>\n<link rel=\"canonical\" href=\"https:\/\/agenciainfra.com\/blog\/senado-aprova-alteracoes-no-financiamento-das-ppps\/\" \/>\n<meta property=\"og:locale\" content=\"pt_BR\" \/>\n<meta property=\"og:type\" content=\"article\" \/>\n<meta property=\"og:title\" content=\"Senado aprova altera\u00e7\u00f5es no financiamento das PPPs\" \/>\n<meta property=\"og:description\" content=\"da Ag\u00eancia iNFRA O plen\u00e1rio do\u00a0Senado\u00a0aprovou, na \u00faltima ter\u00e7a-feira (17), o\u00a0PLP (Projeto de Lei Complementar) 121\/2024, que traz\u00a0altera\u00e7\u00f5es\u00a0no\u00a0financiamento\u00a0das\u00a0PPPs\u00a0(Parcerias P\u00fablico-Privadas). Conforme o novo texto, o artigo 35 da LFR (Lei de Responsabilidade Fiscal) foi modificado para permitir que institui\u00e7\u00f5es financeiras oficiais, como o Banco do Brasil e a Caixa Econ\u00f4mica Federal, possam financiar a estrutura\u00e7\u00e3o de [&hellip;]\" \/>\n<meta property=\"og:url\" content=\"https:\/\/agenciainfra.com\/blog\/senado-aprova-alteracoes-no-financiamento-das-ppps\/\" \/>\n<meta property=\"og:site_name\" content=\"Ag\u00eancia iNFRA\" \/>\n<meta property=\"article:publisher\" content=\"https:\/\/www.facebook.com\/ageninfra\" \/>\n<meta property=\"article:published_time\" content=\"2024-12-19T11:00:00+00:00\" \/>\n<meta property=\"og:image\" content=\"https:\/\/agenciainfra.com\/blog\/wp-content\/uploads\/2019\/09\/arnaldo-jardim-foto-luis-macedo-camara-dos-deputados.jpg\" \/>\n\t<meta property=\"og:image:width\" content=\"1280\" \/>\n\t<meta property=\"og:image:height\" content=\"853\" \/>\n\t<meta property=\"og:image:type\" content=\"image\/jpeg\" \/>\n<meta name=\"author\" content=\"Ag\u00eancia iNFRA\" \/>\n<meta name=\"twitter:card\" content=\"summary_large_image\" \/>\n<meta name=\"twitter:creator\" content=\"@agencia_infra\" \/>\n<meta name=\"twitter:site\" content=\"@agencia_infra\" \/>\n<meta name=\"twitter:label1\" content=\"Escrito por\" \/>\n\t<meta name=\"twitter:data1\" content=\"Ag\u00eancia iNFRA\" \/>\n\t<meta name=\"twitter:label2\" content=\"Est. tempo de leitura\" \/>\n\t<meta name=\"twitter:data2\" content=\"1 minuto\" \/>\n<script type=\"application\/ld+json\" class=\"yoast-schema-graph\">{\"@context\":\"https:\/\/schema.org\",\"@graph\":[{\"@type\":\"Article\",\"@id\":\"https:\/\/agenciainfra.com\/blog\/senado-aprova-alteracoes-no-financiamento-das-ppps\/#article\",\"isPartOf\":{\"@id\":\"https:\/\/agenciainfra.com\/blog\/senado-aprova-alteracoes-no-financiamento-das-ppps\/\"},\"author\":{\"name\":\"Ag\u00eancia iNFRA\",\"@id\":\"https:\/\/agenciainfra.com\/blog\/#\/schema\/person\/34af08dff6adea4cb22b06612ba7acfa\"},\"headline\":\"Senado aprova altera\u00e7\u00f5es no financiamento das PPPs\",\"datePublished\":\"2024-12-19T11:00:00+00:00\",\"mainEntityOfPage\":{\"@id\":\"https:\/\/agenciainfra.com\/blog\/senado-aprova-alteracoes-no-financiamento-das-ppps\/\"},\"wordCount\":254,\"publisher\":{\"@id\":\"https:\/\/agenciainfra.com\/blog\/#organization\"},\"image\":{\"@id\":\"https:\/\/agenciainfra.com\/blog\/senado-aprova-alteracoes-no-financiamento-das-ppps\/#primaryimage\"},\"thumbnailUrl\":\"https:\/\/agenciainfra.com\/blog\/wp-content\/uploads\/2019\/09\/arnaldo-jardim-foto-luis-macedo-camara-dos-deputados.jpg\",\"keywords\":[\"Arnaldo Jardim\",\"estrutura\u00e7\u00e3o de projetos\",\"financiamento\",\"financiamento das PPPs\",\"Lei 11.079\/2024\",\"Lei das PPPs\",\"PLP\",\"PLP 121\/2024\",\"PPPs\",\"ppps e concess\u00f5es\",\"Senado Federal\"],\"articleSection\":[\"Destaque lista\",\"Geral\",\"iNFRATransporte\"],\"inLanguage\":\"pt-BR\",\"copyrightYear\":\"2024\",\"copyrightHolder\":{\"@id\":\"https:\/\/agenciainfra.com\/blog\/#organization\"}},{\"@type\":\"WebPage\",\"@id\":\"https:\/\/agenciainfra.com\/blog\/senado-aprova-alteracoes-no-financiamento-das-ppps\/\",\"url\":\"https:\/\/agenciainfra.com\/blog\/senado-aprova-alteracoes-no-financiamento-das-ppps\/\",\"name\":\"Senado aprova altera\u00e7\u00f5es no financiamento das PPPs - Ag\u00eancia iNFRA\",\"isPartOf\":{\"@id\":\"https:\/\/agenciainfra.com\/blog\/#website\"},\"primaryImageOfPage\":{\"@id\":\"https:\/\/agenciainfra.com\/blog\/senado-aprova-alteracoes-no-financiamento-das-ppps\/#primaryimage\"},\"image\":{\"@id\":\"https:\/\/agenciainfra.com\/blog\/senado-aprova-alteracoes-no-financiamento-das-ppps\/#primaryimage\"},\"thumbnailUrl\":\"https:\/\/agenciainfra.com\/blog\/wp-content\/uploads\/2019\/09\/arnaldo-jardim-foto-luis-macedo-camara-dos-deputados.jpg\",\"datePublished\":\"2024-12-19T11:00:00+00:00\",\"breadcrumb\":{\"@id\":\"https:\/\/agenciainfra.com\/blog\/senado-aprova-alteracoes-no-financiamento-das-ppps\/#breadcrumb\"},\"inLanguage\":\"pt-BR\",\"potentialAction\":[{\"@type\":\"ReadAction\",\"target\":[\"https:\/\/agenciainfra.com\/blog\/senado-aprova-alteracoes-no-financiamento-das-ppps\/\"]}]},{\"@type\":\"ImageObject\",\"inLanguage\":\"pt-BR\",\"@id\":\"https:\/\/agenciainfra.com\/blog\/senado-aprova-alteracoes-no-financiamento-das-ppps\/#primaryimage\",\"url\":\"https:\/\/agenciainfra.com\/blog\/wp-content\/uploads\/2019\/09\/arnaldo-jardim-foto-luis-macedo-camara-dos-deputados.jpg\",\"contentUrl\":\"https:\/\/agenciainfra.com\/blog\/wp-content\/uploads\/2019\/09\/arnaldo-jardim-foto-luis-macedo-camara-dos-deputados.jpg\",\"width\":1280,\"height\":853},{\"@type\":\"BreadcrumbList\",\"@id\":\"https:\/\/agenciainfra.com\/blog\/senado-aprova-alteracoes-no-financiamento-das-ppps\/#breadcrumb\",\"itemListElement\":[{\"@type\":\"ListItem\",\"position\":1,\"name\":\"In\u00edcio\",\"item\":\"https:\/\/agenciainfra.com\/blog\/\"},{\"@type\":\"ListItem\",\"position\":2,\"name\":\"Senado aprova altera\u00e7\u00f5es no financiamento das PPPs\"}]},{\"@type\":\"WebSite\",\"@id\":\"https:\/\/agenciainfra.com\/blog\/#website\",\"url\":\"https:\/\/agenciainfra.com\/blog\/\",\"name\":\"Ag\u00eancia iNFRA\",\"description\":\"Multiplataforma de informa\u00e7\u00e3o jornal\u00edstica refer\u00eancia na \u00e1rea de infraestrutura no Brasil!\",\"publisher\":{\"@id\":\"https:\/\/agenciainfra.com\/blog\/#organization\"},\"potentialAction\":[{\"@type\":\"SearchAction\",\"target\":{\"@type\":\"EntryPoint\",\"urlTemplate\":\"https:\/\/agenciainfra.com\/blog\/?s={search_term_string}\"},\"query-input\":{\"@type\":\"PropertyValueSpecification\",\"valueRequired\":true,\"valueName\":\"search_term_string\"}}],\"inLanguage\":\"pt-BR\"},{\"@type\":\"Organization\",\"@id\":\"https:\/\/agenciainfra.com\/blog\/#organization\",\"name\":\"Ag\u00eancia iNFRA\",\"url\":\"https:\/\/agenciainfra.com\/blog\/\",\"logo\":{\"@type\":\"ImageObject\",\"inLanguage\":\"pt-BR\",\"@id\":\"https:\/\/agenciainfra.com\/blog\/#\/schema\/logo\/image\/\",\"url\":\"https:\/\/agenciainfra.com\/blog\/wp-content\/uploads\/2023\/09\/iNFRA_5-e1761735885940.png\",\"contentUrl\":\"https:\/\/agenciainfra.com\/blog\/wp-content\/uploads\/2023\/09\/iNFRA_5-e1761735885940.png\",\"width\":1672,\"height\":454,\"caption\":\"Ag\u00eancia iNFRA\"},\"image\":{\"@id\":\"https:\/\/agenciainfra.com\/blog\/#\/schema\/logo\/image\/\"},\"sameAs\":[\"https:\/\/www.facebook.com\/ageninfra\",\"https:\/\/x.com\/agencia_infra\",\"https:\/\/www.linkedin.com\/company\/ag\u00eanciainfra\/\",\"https:\/\/www.instagram.com\/agenciainfra\/\"]},{\"@type\":\"Person\",\"@id\":\"https:\/\/agenciainfra.com\/blog\/#\/schema\/person\/34af08dff6adea4cb22b06612ba7acfa\",\"name\":\"Ag\u00eancia iNFRA\",\"image\":{\"@type\":\"ImageObject\",\"inLanguage\":\"pt-BR\",\"@id\":\"https:\/\/agenciainfra.com\/blog\/#\/schema\/person\/image\/\",\"url\":\"https:\/\/secure.gravatar.com\/avatar\/d189e01678f06d8eb84d4e01f08eb848b3fffe3f8443818d3c356c66892f5be8?s=96&d=mm&r=g\",\"contentUrl\":\"https:\/\/secure.gravatar.com\/avatar\/d189e01678f06d8eb84d4e01f08eb848b3fffe3f8443818d3c356c66892f5be8?s=96&d=mm&r=g\",\"caption\":\"Ag\u00eancia iNFRA\"},\"url\":\"https:\/\/agenciainfra.com\/blog\/author\/admin\/\"}]}<\/script>\n<!-- \/ Yoast SEO Premium plugin. -->","yoast_head_json":{"title":"Senado aprova altera\u00e7\u00f5es no financiamento das PPPs - Ag\u00eancia iNFRA","robots":{"index":"index","follow":"follow","max-snippet":"max-snippet:-1","max-image-preview":"max-image-preview:large","max-video-preview":"max-video-preview:-1"},"canonical":"https:\/\/agenciainfra.com\/blog\/senado-aprova-alteracoes-no-financiamento-das-ppps\/","og_locale":"pt_BR","og_type":"article","og_title":"Senado aprova altera\u00e7\u00f5es no financiamento das PPPs","og_description":"da Ag\u00eancia iNFRA O plen\u00e1rio do\u00a0Senado\u00a0aprovou, na \u00faltima ter\u00e7a-feira (17), o\u00a0PLP (Projeto de Lei Complementar) 121\/2024, que traz\u00a0altera\u00e7\u00f5es\u00a0no\u00a0financiamento\u00a0das\u00a0PPPs\u00a0(Parcerias P\u00fablico-Privadas). Conforme o novo texto, o artigo 35 da LFR (Lei de Responsabilidade Fiscal) foi modificado para permitir que institui\u00e7\u00f5es financeiras oficiais, como o Banco do Brasil e a Caixa Econ\u00f4mica Federal, possam financiar a estrutura\u00e7\u00e3o de [&hellip;]","og_url":"https:\/\/agenciainfra.com\/blog\/senado-aprova-alteracoes-no-financiamento-das-ppps\/","og_site_name":"Ag\u00eancia iNFRA","article_publisher":"https:\/\/www.facebook.com\/ageninfra","article_published_time":"2024-12-19T11:00:00+00:00","og_image":[{"width":1280,"height":853,"url":"https:\/\/agenciainfra.com\/blog\/wp-content\/uploads\/2019\/09\/arnaldo-jardim-foto-luis-macedo-camara-dos-deputados.jpg","type":"image\/jpeg"}],"author":"Ag\u00eancia iNFRA","twitter_card":"summary_large_image","twitter_creator":"@agencia_infra","twitter_site":"@agencia_infra","twitter_misc":{"Escrito por":"Ag\u00eancia iNFRA","Est. tempo de leitura":"1 minuto"},"schema":{"@context":"https:\/\/schema.org","@graph":[{"@type":"Article","@id":"https:\/\/agenciainfra.com\/blog\/senado-aprova-alteracoes-no-financiamento-das-ppps\/#article","isPartOf":{"@id":"https:\/\/agenciainfra.com\/blog\/senado-aprova-alteracoes-no-financiamento-das-ppps\/"},"author":{"name":"Ag\u00eancia iNFRA","@id":"https:\/\/agenciainfra.com\/blog\/#\/schema\/person\/34af08dff6adea4cb22b06612ba7acfa"},"headline":"Senado aprova altera\u00e7\u00f5es no financiamento das PPPs","datePublished":"2024-12-19T11:00:00+00:00","mainEntityOfPage":{"@id":"https:\/\/agenciainfra.com\/blog\/senado-aprova-alteracoes-no-financiamento-das-ppps\/"},"wordCount":254,"publisher":{"@id":"https:\/\/agenciainfra.com\/blog\/#organization"},"image":{"@id":"https:\/\/agenciainfra.com\/blog\/senado-aprova-alteracoes-no-financiamento-das-ppps\/#primaryimage"},"thumbnailUrl":"https:\/\/agenciainfra.com\/blog\/wp-content\/uploads\/2019\/09\/arnaldo-jardim-foto-luis-macedo-camara-dos-deputados.jpg","keywords":["Arnaldo Jardim","estrutura\u00e7\u00e3o de projetos","financiamento","financiamento das PPPs","Lei 11.079\/2024","Lei das PPPs","PLP","PLP 121\/2024","PPPs","ppps e concess\u00f5es","Senado Federal"],"articleSection":["Destaque lista","Geral","iNFRATransporte"],"inLanguage":"pt-BR","copyrightYear":"2024","copyrightHolder":{"@id":"https:\/\/agenciainfra.com\/blog\/#organization"}},{"@type":"WebPage","@id":"https:\/\/agenciainfra.com\/blog\/senado-aprova-alteracoes-no-financiamento-das-ppps\/","url":"https:\/\/agenciainfra.com\/blog\/senado-aprova-alteracoes-no-financiamento-das-ppps\/","name":"Senado aprova altera\u00e7\u00f5es no financiamento das PPPs - Ag\u00eancia iNFRA","isPartOf":{"@id":"https:\/\/agenciainfra.com\/blog\/#website"},"primaryImageOfPage":{"@id":"https:\/\/agenciainfra.com\/blog\/senado-aprova-alteracoes-no-financiamento-das-ppps\/#primaryimage"},"image":{"@id":"https:\/\/agenciainfra.com\/blog\/senado-aprova-alteracoes-no-financiamento-das-ppps\/#primaryimage"},"thumbnailUrl":"https:\/\/agenciainfra.com\/blog\/wp-content\/uploads\/2019\/09\/arnaldo-jardim-foto-luis-macedo-camara-dos-deputados.jpg","datePublished":"2024-12-19T11:00:00+00:00","breadcrumb":{"@id":"https:\/\/agenciainfra.com\/blog\/senado-aprova-alteracoes-no-financiamento-das-ppps\/#breadcrumb"},"inLanguage":"pt-BR","potentialAction":[{"@type":"ReadAction","target":["https:\/\/agenciainfra.com\/blog\/senado-aprova-alteracoes-no-financiamento-das-ppps\/"]}]},{"@type":"ImageObject","inLanguage":"pt-BR","@id":"https:\/\/agenciainfra.com\/blog\/senado-aprova-alteracoes-no-financiamento-das-ppps\/#primaryimage","url":"https:\/\/agenciainfra.com\/blog\/wp-content\/uploads\/2019\/09\/arnaldo-jardim-foto-luis-macedo-camara-dos-deputados.jpg","contentUrl":"https:\/\/agenciainfra.com\/blog\/wp-content\/uploads\/2019\/09\/arnaldo-jardim-foto-luis-macedo-camara-dos-deputados.jpg","width":1280,"height":853},{"@type":"BreadcrumbList","@id":"https:\/\/agenciainfra.com\/blog\/senado-aprova-alteracoes-no-financiamento-das-ppps\/#breadcrumb","itemListElement":[{"@type":"ListItem","position":1,"name":"In\u00edcio","item":"https:\/\/agenciainfra.com\/blog\/"},{"@type":"ListItem","position":2,"name":"Senado aprova altera\u00e7\u00f5es no financiamento das PPPs"}]},{"@type":"WebSite","@id":"https:\/\/agenciainfra.com\/blog\/#website","url":"https:\/\/agenciainfra.com\/blog\/","name":"Ag\u00eancia iNFRA","description":"Multiplataforma de informa\u00e7\u00e3o jornal\u00edstica refer\u00eancia na \u00e1rea de infraestrutura no Brasil!","publisher":{"@id":"https:\/\/agenciainfra.com\/blog\/#organization"},"potentialAction":[{"@type":"SearchAction","target":{"@type":"EntryPoint","urlTemplate":"https:\/\/agenciainfra.com\/blog\/?s={search_term_string}"},"query-input":{"@type":"PropertyValueSpecification","valueRequired":true,"valueName":"search_term_string"}}],"inLanguage":"pt-BR"},{"@type":"Organization","@id":"https:\/\/agenciainfra.com\/blog\/#organization","name":"Ag\u00eancia iNFRA","url":"https:\/\/agenciainfra.com\/blog\/","logo":{"@type":"ImageObject","inLanguage":"pt-BR","@id":"https:\/\/agenciainfra.com\/blog\/#\/schema\/logo\/image\/","url":"https:\/\/agenciainfra.com\/blog\/wp-content\/uploads\/2023\/09\/iNFRA_5-e1761735885940.png","contentUrl":"https:\/\/agenciainfra.com\/blog\/wp-content\/uploads\/2023\/09\/iNFRA_5-e1761735885940.png","width":1672,"height":454,"caption":"Ag\u00eancia iNFRA"},"image":{"@id":"https:\/\/agenciainfra.com\/blog\/#\/schema\/logo\/image\/"},"sameAs":["https:\/\/www.facebook.com\/ageninfra","https:\/\/x.com\/agencia_infra","https:\/\/www.linkedin.com\/company\/ag\u00eanciainfra\/","https:\/\/www.instagram.com\/agenciainfra\/"]},{"@type":"Person","@id":"https:\/\/agenciainfra.com\/blog\/#\/schema\/person\/34af08dff6adea4cb22b06612ba7acfa","name":"Ag\u00eancia iNFRA","image":{"@type":"ImageObject","inLanguage":"pt-BR","@id":"https:\/\/agenciainfra.com\/blog\/#\/schema\/person\/image\/","url":"https:\/\/secure.gravatar.com\/avatar\/d189e01678f06d8eb84d4e01f08eb848b3fffe3f8443818d3c356c66892f5be8?s=96&d=mm&r=g","contentUrl":"https:\/\/secure.gravatar.com\/avatar\/d189e01678f06d8eb84d4e01f08eb848b3fffe3f8443818d3c356c66892f5be8?s=96&d=mm&r=g","caption":"Ag\u00eancia iNFRA"},"url":"https:\/\/agenciainfra.com\/blog\/author\/admin\/"}]}},"_links":{"self":[{"href":"https:\/\/agenciainfra.com\/blog\/wp-json\/wp\/v2\/posts\/19680","targetHints":{"allow":["GET"]}}],"collection":[{"href":"https:\/\/agenciainfra.com\/blog\/wp-json\/wp\/v2\/posts"}],"about":[{"href":"https:\/\/agenciainfra.com\/blog\/wp-json\/wp\/v2\/types\/post"}],"author":[{"embeddable":true,"href":"https:\/\/agenciainfra.com\/blog\/wp-json\/wp\/v2\/users\/1"}],"replies":[{"embeddable":true,"href":"https:\/\/agenciainfra.com\/blog\/wp-json\/wp\/v2\/comments?post=19680"}],"version-history":[{"count":1,"href":"https:\/\/agenciainfra.com\/blog\/wp-json\/wp\/v2\/posts\/19680\/revisions"}],"predecessor-version":[{"id":19681,"href":"https:\/\/agenciainfra.com\/blog\/wp-json\/wp\/v2\/posts\/19680\/revisions\/19681"}],"wp:featuredmedia":[{"embeddable":true,"href":"https:\/\/agenciainfra.com\/blog\/wp-json\/wp\/v2\/media\/3699"}],"wp:attachment":[{"href":"https:\/\/agenciainfra.com\/blog\/wp-json\/wp\/v2\/media?parent=19680"}],"wp:term":[{"taxonomy":"category","embeddable":true,"href":"https:\/\/agenciainfra.com\/blog\/wp-json\/wp\/v2\/categories?post=19680"},{"taxonomy":"post_tag","embeddable":true,"href":"https:\/\/agenciainfra.com\/blog\/wp-json\/wp\/v2\/tags?post=19680"}],"curies":[{"name":"wp","href":"https:\/\/api.w.org\/{rel}","templated":true}]}}