{"id":19691,"date":"2024-12-26T09:00:00","date_gmt":"2024-12-26T12:00:00","guid":{"rendered":"https:\/\/agenciainfra.com\/blog\/?p=19691"},"modified":"2024-12-28T12:04:26","modified_gmt":"2024-12-28T15:04:26","slug":"mpor-propoe-fazer-alocacao-direta-de-aeroportos-regionais","status":"publish","type":"post","link":"https:\/\/agenciainfra.com\/blog\/mpor-propoe-fazer-alocacao-direta-de-aeroportos-regionais\/","title":{"rendered":"MPor prop\u00f5e fazer aloca\u00e7\u00e3o direta de aeroportos regionais"},"content":{"rendered":"\n<p class=\"has-text-align-right\"><strong>Dimmi Amora, da Ag\u00eancia iNFRA<\/strong><\/p>\n\n\n\n<p>O MPor (Minist\u00e9rio de Portos&nbsp;e&nbsp;Aeroportos) est\u00e1 propondo que os aeroportos regionais deficit\u00e1rios que n\u00e3o tiverem interessados no processo competitivo para serem inclu\u00eddos&nbsp;em&nbsp;contratos de concess\u00e3o de outras unidades lucrativas possam ter uma aloca\u00e7\u00e3o direta por op\u00e7\u00e3o da pr\u00f3pria pasta.<\/p>\n\n\n\n<p>Essa \u00e9 uma das propostas da minuta de portaria que foi colocada\u00a0em\u00a0consulta p\u00fablica na semana passada, que se encerrar\u00e1\u00a0em\u00a017 de janeiro, para definir o novo modelo do programa para os aeroportos regionais, denominado AmpliAR. Al\u00e9m da portaria, tamb\u00e9m est\u00e1\u00a0em\u00a0consulta uma proposta de edital para o processo competitivo para escolha dos operadores. As propostas podem ser feitas\u00a0<a href=\"https:\/\/agenciainfra.us14.list-manage.com\/track\/click?u=d460dd1bcf9ba0ae040e1fc0f&amp;id=fece5fbac2&amp;e=55b7a27fc9\" target=\"_blank\" rel=\"noreferrer noopener\">neste link<\/a>.<\/p>\n\n\n\n<p>A ideia j\u00e1 anunciada pelo minist\u00e9rio era fazer com que a aloca\u00e7\u00e3o de unidades regionais deficit\u00e1rias&nbsp;em&nbsp;contratos de concess\u00e3o de aeroportos de grande porte pudesse ser permanente, para o caso de n\u00e3o haver interessados. Mas, al\u00e9m disso, o minist\u00e9rio tamb\u00e9m criou a figura da aloca\u00e7\u00e3o direta para aqueles sem interessados. Ou seja, ele pode dar a quem pedir uma unidade.<\/p>\n\n\n\n<p>Na defini\u00e7\u00e3o dos blocos de aeroportos regionais que v\u00e3o a leil\u00e3o, as concession\u00e1rias v\u00e3o poder apresentar manifesta\u00e7\u00e3o de interesse&nbsp;em&nbsp;determinadas unidades para a avalia\u00e7\u00e3o do minist\u00e9rio, de acordo com a proposta que prev\u00ea outros crit\u00e9rios, como a localiza\u00e7\u00e3o.<\/p>\n\n\n\n<p>Para definir o valor de cada bloco, ser\u00e1 criado um &#8220;pre\u00e7o-teto&#8221; para cada um deles, com base nas estimativas do PAN (Plano Aerovi\u00e1rio Nacional), com um fator de risco multiplicador. Esse fator de risco pode variar de 1,2 a 1,8 a depender de especificidades de cada unidade, de acordo com a proposta.<\/p>\n\n\n\n<p>Conforme reportagem da&nbsp;<strong>Ag\u00eancia iNFRA<\/strong>, o minist\u00e9rio j\u00e1 tinha anunciado que haveria esse fator multiplicador quando apresentou a proposta ao mercado, inclusive com os blocos propostos para a primeira rodada. A reportagem est\u00e1&nbsp;<a href=\"https:\/\/agenciainfra.us14.list-manage.com\/track\/click?u=d460dd1bcf9ba0ae040e1fc0f&amp;id=d6f5f49bce&amp;e=55b7a27fc9\" target=\"_blank\" rel=\"noreferrer noopener\">neste link<\/a>.<\/p>\n\n\n\n<p><strong>Repactua\u00e7\u00e3o do Gale\u00e3o<\/strong><br>O acordo para a repactua\u00e7\u00e3o do contrato de concess\u00e3o do Aeroporto do Gale\u00e3o (RJ), fechado na SecexConsenso (Secretaria de Solu\u00e7\u00e3o Consensual\u00a0e\u00a0Preven\u00e7\u00e3o de Conflitos) do TCU (Tribunal de Contas da Uni\u00e3o) no \u00faltimo dia 16, prev\u00ea que a Infraero, atualmente com 49% da concess\u00e3o, deixe de ser acionista no novo contrato, segundo uma fonte a par da negocia\u00e7\u00e3o.<\/p>\n\n\n\n<p>Isso ser\u00e1 feito pela concession\u00e1ria que vencer a disputa pelo novo contrato&nbsp;em&nbsp;processo competitivo que ser\u00e1 criado. Caso o vencedor seja diferente da atual&nbsp;concession\u00e1ria, a RioGale\u00e3o, do grupo Changi, o ganhador tamb\u00e9m ter\u00e1 que pagar pelos ativos n\u00e3o amortizados.&nbsp;<\/p>\n\n\n\n<p>O c\u00e1lculo desse valor, que representa investimentos j\u00e1 realizados que n\u00e3o foram amortizados no contrato, foi um dos \u00faltimos pontos a serem fechados na negocia\u00e7\u00e3o&nbsp;e, segundo a fonte, a concession\u00e1ria teve que ceder na sua proposta para fechar o acordo.<\/p>\n","protected":false},"excerpt":{"rendered":"<p>Dimmi Amora, da Ag\u00eancia iNFRA O MPor (Minist\u00e9rio de Portos&nbsp;e&nbsp;Aeroportos) est\u00e1 propondo que os aeroportos regionais deficit\u00e1rios que n\u00e3o tiverem interessados no processo competitivo para serem inclu\u00eddos&nbsp;em&nbsp;contratos de concess\u00e3o de outras unidades lucrativas possam ter uma aloca\u00e7\u00e3o direta por op\u00e7\u00e3o da pr\u00f3pria pasta. Essa \u00e9 uma das propostas da minuta de portaria que foi colocada\u00a0em\u00a0consulta [&hellip;]<\/p>\n","protected":false},"author":1,"featured_media":8667,"comment_status":"closed","ping_status":"closed","sticky":false,"template":"","format":"standard","meta":{"_monsterinsights_skip_tracking":false,"_monsterinsights_sitenote_active":false,"_monsterinsights_sitenote_note":"","_monsterinsights_sitenote_category":0,"footnotes":""},"categories":[7250,1,7],"tags":[107,1912,12063,12062,11881,22,1299,3050,6257,6919,12064],"class_list":["post-19691","post","type-post","status-publish","format-standard","has-post-thumbnail","hentry","category-destaque-lista","category-geral","category-infratransporte","tag-aeroportos","tag-aeroportos-regionais","tag-alocacao","tag-alocacao-direta-de-aeroportos-regionais","tag-ampliar","tag-concessao","tag-dimmi-amora","tag-galeao","tag-ministerio-de-portos-e-aeroportos","tag-mpor","tag-repactuacao-do-galeao"],"yoast_head":"<!-- This site is optimized with the Yoast SEO Premium plugin v25.4 (Yoast SEO v26.0) - https:\/\/yoast.com\/wordpress\/plugins\/seo\/ -->\n<title>MPor prop\u00f5e fazer aloca\u00e7\u00e3o direta de aeroportos regionais - Ag\u00eancia iNFRA<\/title>\n<meta name=\"robots\" content=\"index, follow, max-snippet:-1, max-image-preview:large, max-video-preview:-1\" \/>\n<link rel=\"canonical\" href=\"https:\/\/agenciainfra.com\/blog\/mpor-propoe-fazer-alocacao-direta-de-aeroportos-regionais\/\" \/>\n<meta property=\"og:locale\" content=\"pt_BR\" \/>\n<meta property=\"og:type\" content=\"article\" \/>\n<meta property=\"og:title\" content=\"MPor prop\u00f5e fazer aloca\u00e7\u00e3o direta de aeroportos regionais\" \/>\n<meta property=\"og:description\" content=\"Dimmi Amora, da Ag\u00eancia iNFRA O MPor (Minist\u00e9rio de Portos&nbsp;e&nbsp;Aeroportos) est\u00e1 propondo que os aeroportos regionais deficit\u00e1rios que n\u00e3o tiverem interessados no processo competitivo para serem inclu\u00eddos&nbsp;em&nbsp;contratos de concess\u00e3o de outras unidades lucrativas possam ter uma aloca\u00e7\u00e3o direta por op\u00e7\u00e3o da pr\u00f3pria pasta. Essa \u00e9 uma das propostas da minuta de portaria que foi colocada\u00a0em\u00a0consulta [&hellip;]\" \/>\n<meta property=\"og:url\" content=\"https:\/\/agenciainfra.com\/blog\/mpor-propoe-fazer-alocacao-direta-de-aeroportos-regionais\/\" \/>\n<meta property=\"og:site_name\" content=\"Ag\u00eancia iNFRA\" \/>\n<meta property=\"article:publisher\" content=\"https:\/\/www.facebook.com\/ageninfra\" \/>\n<meta property=\"article:published_time\" content=\"2024-12-26T12:00:00+00:00\" \/>\n<meta property=\"article:modified_time\" content=\"2024-12-28T15:04:26+00:00\" \/>\n<meta property=\"og:image\" content=\"https:\/\/agenciainfra.com\/blog\/wp-content\/uploads\/2021\/10\/aeroporto-do-galeao-foto-fernando-frazao-agencia-brasil.jpeg\" \/>\n\t<meta property=\"og:image:width\" content=\"1280\" \/>\n\t<meta property=\"og:image:height\" content=\"766\" \/>\n\t<meta property=\"og:image:type\" content=\"image\/jpeg\" \/>\n<meta name=\"author\" content=\"Ag\u00eancia iNFRA\" \/>\n<meta name=\"twitter:card\" content=\"summary_large_image\" \/>\n<meta name=\"twitter:creator\" content=\"@agencia_infra\" \/>\n<meta name=\"twitter:site\" content=\"@agencia_infra\" \/>\n<meta name=\"twitter:label1\" content=\"Escrito por\" \/>\n\t<meta name=\"twitter:data1\" content=\"Ag\u00eancia iNFRA\" \/>\n\t<meta name=\"twitter:label2\" content=\"Est. tempo de leitura\" \/>\n\t<meta name=\"twitter:data2\" content=\"3 minutos\" \/>\n<script type=\"application\/ld+json\" class=\"yoast-schema-graph\">{\"@context\":\"https:\/\/schema.org\",\"@graph\":[{\"@type\":\"Article\",\"@id\":\"https:\/\/agenciainfra.com\/blog\/mpor-propoe-fazer-alocacao-direta-de-aeroportos-regionais\/#article\",\"isPartOf\":{\"@id\":\"https:\/\/agenciainfra.com\/blog\/mpor-propoe-fazer-alocacao-direta-de-aeroportos-regionais\/\"},\"author\":{\"name\":\"Ag\u00eancia iNFRA\",\"@id\":\"https:\/\/agenciainfra.com\/blog\/#\/schema\/person\/34af08dff6adea4cb22b06612ba7acfa\"},\"headline\":\"MPor prop\u00f5e fazer aloca\u00e7\u00e3o direta de aeroportos regionais\",\"datePublished\":\"2024-12-26T12:00:00+00:00\",\"dateModified\":\"2024-12-28T15:04:26+00:00\",\"mainEntityOfPage\":{\"@id\":\"https:\/\/agenciainfra.com\/blog\/mpor-propoe-fazer-alocacao-direta-de-aeroportos-regionais\/\"},\"wordCount\":515,\"publisher\":{\"@id\":\"https:\/\/agenciainfra.com\/blog\/#organization\"},\"image\":{\"@id\":\"https:\/\/agenciainfra.com\/blog\/mpor-propoe-fazer-alocacao-direta-de-aeroportos-regionais\/#primaryimage\"},\"thumbnailUrl\":\"https:\/\/agenciainfra.com\/blog\/wp-content\/uploads\/2021\/10\/aeroporto-do-galeao-foto-fernando-frazao-agencia-brasil.jpeg\",\"keywords\":[\"aeroportos\",\"aeroportos regionais\",\"aloca\u00e7\u00e3o\",\"aloca\u00e7\u00e3o direta de aeroportos regionais\",\"AmpliAR\",\"Concess\u00e3o\",\"Dimmi Amora\",\"Gale\u00e3o\",\"Minist\u00e9rio de Portos e Aeroportos\",\"MPor\",\"repactua\u00e7\u00e3o do Gale\u00e3o\"],\"articleSection\":[\"Destaque lista\",\"Geral\",\"iNFRATransporte\"],\"inLanguage\":\"pt-BR\",\"copyrightYear\":\"2024\",\"copyrightHolder\":{\"@id\":\"https:\/\/agenciainfra.com\/blog\/#organization\"}},{\"@type\":\"WebPage\",\"@id\":\"https:\/\/agenciainfra.com\/blog\/mpor-propoe-fazer-alocacao-direta-de-aeroportos-regionais\/\",\"url\":\"https:\/\/agenciainfra.com\/blog\/mpor-propoe-fazer-alocacao-direta-de-aeroportos-regionais\/\",\"name\":\"MPor prop\u00f5e fazer aloca\u00e7\u00e3o direta de aeroportos regionais - Ag\u00eancia iNFRA\",\"isPartOf\":{\"@id\":\"https:\/\/agenciainfra.com\/blog\/#website\"},\"primaryImageOfPage\":{\"@id\":\"https:\/\/agenciainfra.com\/blog\/mpor-propoe-fazer-alocacao-direta-de-aeroportos-regionais\/#primaryimage\"},\"image\":{\"@id\":\"https:\/\/agenciainfra.com\/blog\/mpor-propoe-fazer-alocacao-direta-de-aeroportos-regionais\/#primaryimage\"},\"thumbnailUrl\":\"https:\/\/agenciainfra.com\/blog\/wp-content\/uploads\/2021\/10\/aeroporto-do-galeao-foto-fernando-frazao-agencia-brasil.jpeg\",\"datePublished\":\"2024-12-26T12:00:00+00:00\",\"dateModified\":\"2024-12-28T15:04:26+00:00\",\"breadcrumb\":{\"@id\":\"https:\/\/agenciainfra.com\/blog\/mpor-propoe-fazer-alocacao-direta-de-aeroportos-regionais\/#breadcrumb\"},\"inLanguage\":\"pt-BR\",\"potentialAction\":[{\"@type\":\"ReadAction\",\"target\":[\"https:\/\/agenciainfra.com\/blog\/mpor-propoe-fazer-alocacao-direta-de-aeroportos-regionais\/\"]}]},{\"@type\":\"ImageObject\",\"inLanguage\":\"pt-BR\",\"@id\":\"https:\/\/agenciainfra.com\/blog\/mpor-propoe-fazer-alocacao-direta-de-aeroportos-regionais\/#primaryimage\",\"url\":\"https:\/\/agenciainfra.com\/blog\/wp-content\/uploads\/2021\/10\/aeroporto-do-galeao-foto-fernando-frazao-agencia-brasil.jpeg\",\"contentUrl\":\"https:\/\/agenciainfra.com\/blog\/wp-content\/uploads\/2021\/10\/aeroporto-do-galeao-foto-fernando-frazao-agencia-brasil.jpeg\",\"width\":1280,\"height\":766,\"caption\":\"Foto: Fernando Fraz\u00e3o\/Ag\u00eancia Brasil\"},{\"@type\":\"BreadcrumbList\",\"@id\":\"https:\/\/agenciainfra.com\/blog\/mpor-propoe-fazer-alocacao-direta-de-aeroportos-regionais\/#breadcrumb\",\"itemListElement\":[{\"@type\":\"ListItem\",\"position\":1,\"name\":\"In\u00edcio\",\"item\":\"https:\/\/agenciainfra.com\/blog\/\"},{\"@type\":\"ListItem\",\"position\":2,\"name\":\"MPor prop\u00f5e fazer aloca\u00e7\u00e3o direta de aeroportos regionais\"}]},{\"@type\":\"WebSite\",\"@id\":\"https:\/\/agenciainfra.com\/blog\/#website\",\"url\":\"https:\/\/agenciainfra.com\/blog\/\",\"name\":\"Ag\u00eancia iNFRA\",\"description\":\"Multiplataforma de informa\u00e7\u00e3o jornal\u00edstica refer\u00eancia na \u00e1rea de infraestrutura no Brasil!\",\"publisher\":{\"@id\":\"https:\/\/agenciainfra.com\/blog\/#organization\"},\"potentialAction\":[{\"@type\":\"SearchAction\",\"target\":{\"@type\":\"EntryPoint\",\"urlTemplate\":\"https:\/\/agenciainfra.com\/blog\/?s={search_term_string}\"},\"query-input\":{\"@type\":\"PropertyValueSpecification\",\"valueRequired\":true,\"valueName\":\"search_term_string\"}}],\"inLanguage\":\"pt-BR\"},{\"@type\":\"Organization\",\"@id\":\"https:\/\/agenciainfra.com\/blog\/#organization\",\"name\":\"Ag\u00eancia iNFRA\",\"url\":\"https:\/\/agenciainfra.com\/blog\/\",\"logo\":{\"@type\":\"ImageObject\",\"inLanguage\":\"pt-BR\",\"@id\":\"https:\/\/agenciainfra.com\/blog\/#\/schema\/logo\/image\/\",\"url\":\"https:\/\/agenciainfra.com\/blog\/wp-content\/uploads\/2023\/09\/iNFRA_5-e1761735885940.png\",\"contentUrl\":\"https:\/\/agenciainfra.com\/blog\/wp-content\/uploads\/2023\/09\/iNFRA_5-e1761735885940.png\",\"width\":1672,\"height\":454,\"caption\":\"Ag\u00eancia iNFRA\"},\"image\":{\"@id\":\"https:\/\/agenciainfra.com\/blog\/#\/schema\/logo\/image\/\"},\"sameAs\":[\"https:\/\/www.facebook.com\/ageninfra\",\"https:\/\/x.com\/agencia_infra\",\"https:\/\/www.linkedin.com\/company\/ag\u00eanciainfra\/\",\"https:\/\/www.instagram.com\/agenciainfra\/\"]},{\"@type\":\"Person\",\"@id\":\"https:\/\/agenciainfra.com\/blog\/#\/schema\/person\/34af08dff6adea4cb22b06612ba7acfa\",\"name\":\"Ag\u00eancia iNFRA\",\"image\":{\"@type\":\"ImageObject\",\"inLanguage\":\"pt-BR\",\"@id\":\"https:\/\/agenciainfra.com\/blog\/#\/schema\/person\/image\/\",\"url\":\"https:\/\/secure.gravatar.com\/avatar\/d189e01678f06d8eb84d4e01f08eb848b3fffe3f8443818d3c356c66892f5be8?s=96&d=mm&r=g\",\"contentUrl\":\"https:\/\/secure.gravatar.com\/avatar\/d189e01678f06d8eb84d4e01f08eb848b3fffe3f8443818d3c356c66892f5be8?s=96&d=mm&r=g\",\"caption\":\"Ag\u00eancia iNFRA\"},\"url\":\"https:\/\/agenciainfra.com\/blog\/author\/admin\/\"}]}<\/script>\n<!-- \/ Yoast SEO Premium plugin. -->","yoast_head_json":{"title":"MPor prop\u00f5e fazer aloca\u00e7\u00e3o direta de aeroportos regionais - Ag\u00eancia iNFRA","robots":{"index":"index","follow":"follow","max-snippet":"max-snippet:-1","max-image-preview":"max-image-preview:large","max-video-preview":"max-video-preview:-1"},"canonical":"https:\/\/agenciainfra.com\/blog\/mpor-propoe-fazer-alocacao-direta-de-aeroportos-regionais\/","og_locale":"pt_BR","og_type":"article","og_title":"MPor prop\u00f5e fazer aloca\u00e7\u00e3o direta de aeroportos regionais","og_description":"Dimmi Amora, da Ag\u00eancia iNFRA O MPor (Minist\u00e9rio de Portos&nbsp;e&nbsp;Aeroportos) est\u00e1 propondo que os aeroportos regionais deficit\u00e1rios que n\u00e3o tiverem interessados no processo competitivo para serem inclu\u00eddos&nbsp;em&nbsp;contratos de concess\u00e3o de outras unidades lucrativas possam ter uma aloca\u00e7\u00e3o direta por op\u00e7\u00e3o da pr\u00f3pria pasta. Essa \u00e9 uma das propostas da minuta de portaria que foi colocada\u00a0em\u00a0consulta [&hellip;]","og_url":"https:\/\/agenciainfra.com\/blog\/mpor-propoe-fazer-alocacao-direta-de-aeroportos-regionais\/","og_site_name":"Ag\u00eancia iNFRA","article_publisher":"https:\/\/www.facebook.com\/ageninfra","article_published_time":"2024-12-26T12:00:00+00:00","article_modified_time":"2024-12-28T15:04:26+00:00","og_image":[{"width":1280,"height":766,"url":"https:\/\/agenciainfra.com\/blog\/wp-content\/uploads\/2021\/10\/aeroporto-do-galeao-foto-fernando-frazao-agencia-brasil.jpeg","type":"image\/jpeg"}],"author":"Ag\u00eancia iNFRA","twitter_card":"summary_large_image","twitter_creator":"@agencia_infra","twitter_site":"@agencia_infra","twitter_misc":{"Escrito por":"Ag\u00eancia iNFRA","Est. tempo de leitura":"3 minutos"},"schema":{"@context":"https:\/\/schema.org","@graph":[{"@type":"Article","@id":"https:\/\/agenciainfra.com\/blog\/mpor-propoe-fazer-alocacao-direta-de-aeroportos-regionais\/#article","isPartOf":{"@id":"https:\/\/agenciainfra.com\/blog\/mpor-propoe-fazer-alocacao-direta-de-aeroportos-regionais\/"},"author":{"name":"Ag\u00eancia iNFRA","@id":"https:\/\/agenciainfra.com\/blog\/#\/schema\/person\/34af08dff6adea4cb22b06612ba7acfa"},"headline":"MPor prop\u00f5e fazer aloca\u00e7\u00e3o direta de aeroportos regionais","datePublished":"2024-12-26T12:00:00+00:00","dateModified":"2024-12-28T15:04:26+00:00","mainEntityOfPage":{"@id":"https:\/\/agenciainfra.com\/blog\/mpor-propoe-fazer-alocacao-direta-de-aeroportos-regionais\/"},"wordCount":515,"publisher":{"@id":"https:\/\/agenciainfra.com\/blog\/#organization"},"image":{"@id":"https:\/\/agenciainfra.com\/blog\/mpor-propoe-fazer-alocacao-direta-de-aeroportos-regionais\/#primaryimage"},"thumbnailUrl":"https:\/\/agenciainfra.com\/blog\/wp-content\/uploads\/2021\/10\/aeroporto-do-galeao-foto-fernando-frazao-agencia-brasil.jpeg","keywords":["aeroportos","aeroportos regionais","aloca\u00e7\u00e3o","aloca\u00e7\u00e3o direta de aeroportos regionais","AmpliAR","Concess\u00e3o","Dimmi Amora","Gale\u00e3o","Minist\u00e9rio de Portos e Aeroportos","MPor","repactua\u00e7\u00e3o do Gale\u00e3o"],"articleSection":["Destaque lista","Geral","iNFRATransporte"],"inLanguage":"pt-BR","copyrightYear":"2024","copyrightHolder":{"@id":"https:\/\/agenciainfra.com\/blog\/#organization"}},{"@type":"WebPage","@id":"https:\/\/agenciainfra.com\/blog\/mpor-propoe-fazer-alocacao-direta-de-aeroportos-regionais\/","url":"https:\/\/agenciainfra.com\/blog\/mpor-propoe-fazer-alocacao-direta-de-aeroportos-regionais\/","name":"MPor prop\u00f5e fazer aloca\u00e7\u00e3o direta de aeroportos regionais - Ag\u00eancia iNFRA","isPartOf":{"@id":"https:\/\/agenciainfra.com\/blog\/#website"},"primaryImageOfPage":{"@id":"https:\/\/agenciainfra.com\/blog\/mpor-propoe-fazer-alocacao-direta-de-aeroportos-regionais\/#primaryimage"},"image":{"@id":"https:\/\/agenciainfra.com\/blog\/mpor-propoe-fazer-alocacao-direta-de-aeroportos-regionais\/#primaryimage"},"thumbnailUrl":"https:\/\/agenciainfra.com\/blog\/wp-content\/uploads\/2021\/10\/aeroporto-do-galeao-foto-fernando-frazao-agencia-brasil.jpeg","datePublished":"2024-12-26T12:00:00+00:00","dateModified":"2024-12-28T15:04:26+00:00","breadcrumb":{"@id":"https:\/\/agenciainfra.com\/blog\/mpor-propoe-fazer-alocacao-direta-de-aeroportos-regionais\/#breadcrumb"},"inLanguage":"pt-BR","potentialAction":[{"@type":"ReadAction","target":["https:\/\/agenciainfra.com\/blog\/mpor-propoe-fazer-alocacao-direta-de-aeroportos-regionais\/"]}]},{"@type":"ImageObject","inLanguage":"pt-BR","@id":"https:\/\/agenciainfra.com\/blog\/mpor-propoe-fazer-alocacao-direta-de-aeroportos-regionais\/#primaryimage","url":"https:\/\/agenciainfra.com\/blog\/wp-content\/uploads\/2021\/10\/aeroporto-do-galeao-foto-fernando-frazao-agencia-brasil.jpeg","contentUrl":"https:\/\/agenciainfra.com\/blog\/wp-content\/uploads\/2021\/10\/aeroporto-do-galeao-foto-fernando-frazao-agencia-brasil.jpeg","width":1280,"height":766,"caption":"Foto: Fernando Fraz\u00e3o\/Ag\u00eancia Brasil"},{"@type":"BreadcrumbList","@id":"https:\/\/agenciainfra.com\/blog\/mpor-propoe-fazer-alocacao-direta-de-aeroportos-regionais\/#breadcrumb","itemListElement":[{"@type":"ListItem","position":1,"name":"In\u00edcio","item":"https:\/\/agenciainfra.com\/blog\/"},{"@type":"ListItem","position":2,"name":"MPor prop\u00f5e fazer aloca\u00e7\u00e3o direta de aeroportos regionais"}]},{"@type":"WebSite","@id":"https:\/\/agenciainfra.com\/blog\/#website","url":"https:\/\/agenciainfra.com\/blog\/","name":"Ag\u00eancia iNFRA","description":"Multiplataforma de informa\u00e7\u00e3o jornal\u00edstica refer\u00eancia na \u00e1rea de infraestrutura no Brasil!","publisher":{"@id":"https:\/\/agenciainfra.com\/blog\/#organization"},"potentialAction":[{"@type":"SearchAction","target":{"@type":"EntryPoint","urlTemplate":"https:\/\/agenciainfra.com\/blog\/?s={search_term_string}"},"query-input":{"@type":"PropertyValueSpecification","valueRequired":true,"valueName":"search_term_string"}}],"inLanguage":"pt-BR"},{"@type":"Organization","@id":"https:\/\/agenciainfra.com\/blog\/#organization","name":"Ag\u00eancia iNFRA","url":"https:\/\/agenciainfra.com\/blog\/","logo":{"@type":"ImageObject","inLanguage":"pt-BR","@id":"https:\/\/agenciainfra.com\/blog\/#\/schema\/logo\/image\/","url":"https:\/\/agenciainfra.com\/blog\/wp-content\/uploads\/2023\/09\/iNFRA_5-e1761735885940.png","contentUrl":"https:\/\/agenciainfra.com\/blog\/wp-content\/uploads\/2023\/09\/iNFRA_5-e1761735885940.png","width":1672,"height":454,"caption":"Ag\u00eancia iNFRA"},"image":{"@id":"https:\/\/agenciainfra.com\/blog\/#\/schema\/logo\/image\/"},"sameAs":["https:\/\/www.facebook.com\/ageninfra","https:\/\/x.com\/agencia_infra","https:\/\/www.linkedin.com\/company\/ag\u00eanciainfra\/","https:\/\/www.instagram.com\/agenciainfra\/"]},{"@type":"Person","@id":"https:\/\/agenciainfra.com\/blog\/#\/schema\/person\/34af08dff6adea4cb22b06612ba7acfa","name":"Ag\u00eancia iNFRA","image":{"@type":"ImageObject","inLanguage":"pt-BR","@id":"https:\/\/agenciainfra.com\/blog\/#\/schema\/person\/image\/","url":"https:\/\/secure.gravatar.com\/avatar\/d189e01678f06d8eb84d4e01f08eb848b3fffe3f8443818d3c356c66892f5be8?s=96&d=mm&r=g","contentUrl":"https:\/\/secure.gravatar.com\/avatar\/d189e01678f06d8eb84d4e01f08eb848b3fffe3f8443818d3c356c66892f5be8?s=96&d=mm&r=g","caption":"Ag\u00eancia iNFRA"},"url":"https:\/\/agenciainfra.com\/blog\/author\/admin\/"}]}},"_links":{"self":[{"href":"https:\/\/agenciainfra.com\/blog\/wp-json\/wp\/v2\/posts\/19691","targetHints":{"allow":["GET"]}}],"collection":[{"href":"https:\/\/agenciainfra.com\/blog\/wp-json\/wp\/v2\/posts"}],"about":[{"href":"https:\/\/agenciainfra.com\/blog\/wp-json\/wp\/v2\/types\/post"}],"author":[{"embeddable":true,"href":"https:\/\/agenciainfra.com\/blog\/wp-json\/wp\/v2\/users\/1"}],"replies":[{"embeddable":true,"href":"https:\/\/agenciainfra.com\/blog\/wp-json\/wp\/v2\/comments?post=19691"}],"version-history":[{"count":1,"href":"https:\/\/agenciainfra.com\/blog\/wp-json\/wp\/v2\/posts\/19691\/revisions"}],"predecessor-version":[{"id":19692,"href":"https:\/\/agenciainfra.com\/blog\/wp-json\/wp\/v2\/posts\/19691\/revisions\/19692"}],"wp:featuredmedia":[{"embeddable":true,"href":"https:\/\/agenciainfra.com\/blog\/wp-json\/wp\/v2\/media\/8667"}],"wp:attachment":[{"href":"https:\/\/agenciainfra.com\/blog\/wp-json\/wp\/v2\/media?parent=19691"}],"wp:term":[{"taxonomy":"category","embeddable":true,"href":"https:\/\/agenciainfra.com\/blog\/wp-json\/wp\/v2\/categories?post=19691"},{"taxonomy":"post_tag","embeddable":true,"href":"https:\/\/agenciainfra.com\/blog\/wp-json\/wp\/v2\/tags?post=19691"}],"curies":[{"name":"wp","href":"https:\/\/api.w.org\/{rel}","templated":true}]}}