{"id":19695,"date":"2024-12-19T09:00:00","date_gmt":"2024-12-19T12:00:00","guid":{"rendered":"https:\/\/agenciainfra.com\/blog\/?p=19695"},"modified":"2024-12-20T13:07:30","modified_gmt":"2024-12-20T16:07:30","slug":"decreto-com-tres-nomes-para-substitutos-na-aneel-deve-ser-publicado-ainda-neste-mes-dizem-fontes","status":"publish","type":"post","link":"https:\/\/agenciainfra.com\/blog\/decreto-com-tres-nomes-para-substitutos-na-aneel-deve-ser-publicado-ainda-neste-mes-dizem-fontes\/","title":{"rendered":"Decreto com tr\u00eas nomes para substitutos na ANEEL deve ser publicado ainda neste m\u00eas, dizem fontes"},"content":{"rendered":"\n<p class=\"has-text-align-right\"><strong>Marisa Wanzeller e Geraldo Campos Jr., da Ag\u00eancia iNFRA<\/strong><\/p>\n\n\n\n<p>Um decreto presidencial designando tr\u00eas diretores substitutos para a ANEEL (Ag\u00eancia Nacional de Energia El\u00e9trica) deve ser publicado ainda neste m\u00eas, disseram fontes do governo. Assim, a cadeira vaga na diretoria poder\u00e1 ser ocupada provisoriamente, e de forma imediata.<\/p>\n\n\n\n<p>A medida deve ser tomada porque n\u00e3o h\u00e1 previs\u00e3o de que ocorra a indica\u00e7\u00e3o de um titular para sabatinas no Senado Federal ainda em 2024. Os nomes para a ANEEL sequer foram encaminhados ao Legislativo no pacote de indica\u00e7\u00f5es que saiu na \u00faltima segunda-feira (16).<\/p>\n\n\n\n<p>A nomea\u00e7\u00e3o de um substituto n\u00e3o precisa passar pelo Senado e \u00e9 feita com base em uma lista com nove nomes de superintendentes aprovados pela diretoria da ANEEL. O decreto dever\u00e1 conter tr\u00eas nomes, e cada diretor substituto poder\u00e1 atuar por um prazo m\u00e1ximo de 180 dias.&nbsp;<\/p>\n\n\n\n<p><strong>Processos empatados<\/strong><br>O governo tem interesse em destravar processos que est\u00e3o empatados na ANEEL desde a sa\u00edda do ex-diretor H\u00e9lvio Guerra, por vezes considerado o voto de desempate na diretoria. Dentre os itens, est\u00e1 a conclus\u00e3o da transfer\u00eancia de controle da Amazonas Energia para a \u00c2mbar Energia, dos irm\u00e3os Wesley e Joesley Batista.&nbsp;<\/p>\n\n\n\n<p>A MP (Medida Provis\u00f3ria) 1.232\/2024, publicada em junho deste ano, viabilizou a opera\u00e7\u00e3o com flexibiliza\u00e7\u00f5es regulat\u00f3rias para a concession\u00e1ria. O processo de troca de controle foi judicializado e levou a embates entre o governo e a ANEEL.&nbsp;<\/p>\n\n\n\n<p>Agora, a \u00c2mbar Energia, que assinou o termo aditivo de transfer\u00eancia de controle com base em uma decis\u00e3o judicial, espera que as condi\u00e7\u00f5es sejam respaldadas pela reguladora para que prossiga com a opera\u00e7\u00e3o.<\/p>\n\n\n\n<p><strong>Diretor titular<\/strong><br>A essa altura, cinco nomes j\u00e1 estiveram no p\u00e1reo para apenas duas vagas titulares na ANEEL, mas n\u00e3o houve consenso entre governo e Senado Federal: Gentil Nogueira, secret\u00e1rio de Energia El\u00e9trica;&nbsp;Willamy Frota, ex-presidente da Amazonas Energia; \u00c2ngelo Rezende, advogado ligado ao PT da Bahia; R\u00f4mulo do Amaral, advogado do Senado, atualmente cedido para o gabinete do ministro do STF (Supremo Tribunal Federal) Gilmar Mendes e Andr\u00e9 Ruelli, servidor de carreira e superintendente da ANEEL. Outro superintendente da ag\u00eancia, Carlos Mattar, tamb\u00e9m chegou a ser cogitado para uma vaga h\u00e1 alguns meses.<\/p>\n\n\n\n<p>Segundo fontes, a falta de acordo para a ANEEL parece ter influenciado \u201ca falta de apetite\u201d do Senado Federal para realizar as sabatinas dos indicados para as demais autarquias ainda nesta semana, que \u00e9 a \u00faltima antes do recesso legislativo.&nbsp;<\/p>\n\n\n\n<p><strong>Substitutos&nbsp;<\/strong><br>Os nomes para substitutos j\u00e1 foram aprovados na ANEEL e encaminhados para o MME (Minist\u00e9rio de Minas e Energia)&nbsp;em maio passado. O governo dever\u00e1 selecionar um nome de cada lista tr\u00edplice. S\u00e3o elas:<\/p>\n\n\n\n<p>Lista 1: Ludimila Lima da Silva, Francisco Jos\u00e9 Pereira, Paulo Luciano de Carvalho;<br>Lista 2: Joseanne Aguiar Santos, Daniel Danna, Adriana Carvalho Vivan;<br>Lista 3: Maria Luiza Caldwell, Ivo Sechi Nazareno, Carlos Calixto Mattar.<\/p>\n","protected":false},"excerpt":{"rendered":"<p>Marisa Wanzeller e Geraldo Campos Jr., da Ag\u00eancia iNFRA Um decreto presidencial designando tr\u00eas diretores substitutos para a ANEEL (Ag\u00eancia Nacional de Energia El\u00e9trica) deve ser publicado ainda neste m\u00eas, disseram fontes do governo. Assim, a cadeira vaga na diretoria poder\u00e1 ser ocupada provisoriamente, e de forma imediata. A medida deve ser tomada porque n\u00e3o [&hellip;]<\/p>\n","protected":false},"author":1,"featured_media":10310,"comment_status":"closed","ping_status":"closed","sticky":false,"template":"","format":"standard","meta":{"_monsterinsights_skip_tracking":false,"_monsterinsights_sitenote_active":false,"_monsterinsights_sitenote_note":"","_monsterinsights_sitenote_category":0,"footnotes":""},"categories":[7250,1,10],"tags":[46,1682,53,11893,8594,6781,11594,11803,12067,7366,12025,11892],"class_list":["post-19695","post","type-post","status-publish","format-standard","has-post-thumbnail","hentry","category-destaque-lista","category-geral","category-infraenergia","tag-agencias-reguladoras","tag-andre-ruelli","tag-aneel","tag-angelo-rezende","tag-carlos-mattar","tag-gentil-nogueira","tag-geraldo-campos-jr","tag-indicacao-a-aneel","tag-indicacoes-as-agencias-reguladoras","tag-marisa-wanzeller","tag-romulo-do-amaral","tag-willamy-frota"],"yoast_head":"<!-- This site is optimized with the Yoast SEO Premium plugin v25.4 (Yoast SEO v26.0) - https:\/\/yoast.com\/wordpress\/plugins\/seo\/ -->\n<title>Decreto com tr\u00eas nomes para substitutos na ANEEL deve ser publicado ainda neste m\u00eas, dizem fontes - Ag\u00eancia iNFRA<\/title>\n<meta name=\"robots\" content=\"index, follow, max-snippet:-1, max-image-preview:large, max-video-preview:-1\" \/>\n<link rel=\"canonical\" href=\"https:\/\/agenciainfra.com\/blog\/decreto-com-tres-nomes-para-substitutos-na-aneel-deve-ser-publicado-ainda-neste-mes-dizem-fontes\/\" \/>\n<meta property=\"og:locale\" content=\"pt_BR\" \/>\n<meta property=\"og:type\" content=\"article\" \/>\n<meta property=\"og:title\" content=\"Decreto com tr\u00eas nomes para substitutos na ANEEL deve ser publicado ainda neste m\u00eas, dizem fontes\" \/>\n<meta property=\"og:description\" content=\"Marisa Wanzeller e Geraldo Campos Jr., da Ag\u00eancia iNFRA Um decreto presidencial designando tr\u00eas diretores substitutos para a ANEEL (Ag\u00eancia Nacional de Energia El\u00e9trica) deve ser publicado ainda neste m\u00eas, disseram fontes do governo. Assim, a cadeira vaga na diretoria poder\u00e1 ser ocupada provisoriamente, e de forma imediata. A medida deve ser tomada porque n\u00e3o [&hellip;]\" \/>\n<meta property=\"og:url\" content=\"https:\/\/agenciainfra.com\/blog\/decreto-com-tres-nomes-para-substitutos-na-aneel-deve-ser-publicado-ainda-neste-mes-dizem-fontes\/\" \/>\n<meta property=\"og:site_name\" content=\"Ag\u00eancia iNFRA\" \/>\n<meta property=\"article:publisher\" content=\"https:\/\/www.facebook.com\/ageninfra\" \/>\n<meta property=\"article:published_time\" content=\"2024-12-19T12:00:00+00:00\" \/>\n<meta property=\"article:modified_time\" content=\"2024-12-20T16:07:30+00:00\" \/>\n<meta property=\"og:image\" content=\"https:\/\/agenciainfra.com\/blog\/wp-content\/uploads\/2022\/05\/aneel-foto-aneel.jpg\" \/>\n\t<meta property=\"og:image:width\" content=\"1299\" \/>\n\t<meta property=\"og:image:height\" content=\"868\" \/>\n\t<meta property=\"og:image:type\" content=\"image\/jpeg\" \/>\n<meta name=\"author\" content=\"Ag\u00eancia iNFRA\" \/>\n<meta name=\"twitter:card\" content=\"summary_large_image\" \/>\n<meta name=\"twitter:creator\" content=\"@agencia_infra\" \/>\n<meta name=\"twitter:site\" content=\"@agencia_infra\" \/>\n<meta name=\"twitter:label1\" content=\"Escrito por\" \/>\n\t<meta name=\"twitter:data1\" content=\"Ag\u00eancia iNFRA\" \/>\n\t<meta name=\"twitter:label2\" content=\"Est. tempo de leitura\" \/>\n\t<meta name=\"twitter:data2\" content=\"3 minutos\" \/>\n<script type=\"application\/ld+json\" class=\"yoast-schema-graph\">{\"@context\":\"https:\/\/schema.org\",\"@graph\":[{\"@type\":\"Article\",\"@id\":\"https:\/\/agenciainfra.com\/blog\/decreto-com-tres-nomes-para-substitutos-na-aneel-deve-ser-publicado-ainda-neste-mes-dizem-fontes\/#article\",\"isPartOf\":{\"@id\":\"https:\/\/agenciainfra.com\/blog\/decreto-com-tres-nomes-para-substitutos-na-aneel-deve-ser-publicado-ainda-neste-mes-dizem-fontes\/\"},\"author\":{\"name\":\"Ag\u00eancia iNFRA\",\"@id\":\"https:\/\/agenciainfra.com\/blog\/#\/schema\/person\/34af08dff6adea4cb22b06612ba7acfa\"},\"headline\":\"Decreto com tr\u00eas nomes para substitutos na ANEEL deve ser publicado ainda neste m\u00eas, dizem fontes\",\"datePublished\":\"2024-12-19T12:00:00+00:00\",\"dateModified\":\"2024-12-20T16:07:30+00:00\",\"mainEntityOfPage\":{\"@id\":\"https:\/\/agenciainfra.com\/blog\/decreto-com-tres-nomes-para-substitutos-na-aneel-deve-ser-publicado-ainda-neste-mes-dizem-fontes\/\"},\"wordCount\":520,\"publisher\":{\"@id\":\"https:\/\/agenciainfra.com\/blog\/#organization\"},\"image\":{\"@id\":\"https:\/\/agenciainfra.com\/blog\/decreto-com-tres-nomes-para-substitutos-na-aneel-deve-ser-publicado-ainda-neste-mes-dizem-fontes\/#primaryimage\"},\"thumbnailUrl\":\"https:\/\/agenciainfra.com\/blog\/wp-content\/uploads\/2022\/05\/aneel-foto-aneel-e1764788022595.jpg\",\"keywords\":[\"Ag\u00eancias Reguladoras\",\"Andr\u00e9 Ruelli\",\"ANEEL\",\"\u00c2ngelo Rezende\",\"Carlos Mattar\",\"Gentil Nogueira\",\"Geraldo Campos Jr.\",\"Indica\u00e7\u00e3o \u00e0 ANEEL\",\"indica\u00e7\u00f5es \u00e0s ag\u00eancias reguladoras\",\"Marisa Wanzeller\",\"R\u00f4mulo do Amaral\",\"Willamy Frota\"],\"articleSection\":[\"Destaque lista\",\"Geral\",\"iNFRAEnergia\"],\"inLanguage\":\"pt-BR\",\"copyrightYear\":\"2024\",\"copyrightHolder\":{\"@id\":\"https:\/\/agenciainfra.com\/blog\/#organization\"}},{\"@type\":\"WebPage\",\"@id\":\"https:\/\/agenciainfra.com\/blog\/decreto-com-tres-nomes-para-substitutos-na-aneel-deve-ser-publicado-ainda-neste-mes-dizem-fontes\/\",\"url\":\"https:\/\/agenciainfra.com\/blog\/decreto-com-tres-nomes-para-substitutos-na-aneel-deve-ser-publicado-ainda-neste-mes-dizem-fontes\/\",\"name\":\"Decreto com tr\u00eas nomes para substitutos na ANEEL deve ser publicado ainda neste m\u00eas, dizem fontes - Ag\u00eancia iNFRA\",\"isPartOf\":{\"@id\":\"https:\/\/agenciainfra.com\/blog\/#website\"},\"primaryImageOfPage\":{\"@id\":\"https:\/\/agenciainfra.com\/blog\/decreto-com-tres-nomes-para-substitutos-na-aneel-deve-ser-publicado-ainda-neste-mes-dizem-fontes\/#primaryimage\"},\"image\":{\"@id\":\"https:\/\/agenciainfra.com\/blog\/decreto-com-tres-nomes-para-substitutos-na-aneel-deve-ser-publicado-ainda-neste-mes-dizem-fontes\/#primaryimage\"},\"thumbnailUrl\":\"https:\/\/agenciainfra.com\/blog\/wp-content\/uploads\/2022\/05\/aneel-foto-aneel-e1764788022595.jpg\",\"datePublished\":\"2024-12-19T12:00:00+00:00\",\"dateModified\":\"2024-12-20T16:07:30+00:00\",\"breadcrumb\":{\"@id\":\"https:\/\/agenciainfra.com\/blog\/decreto-com-tres-nomes-para-substitutos-na-aneel-deve-ser-publicado-ainda-neste-mes-dizem-fontes\/#breadcrumb\"},\"inLanguage\":\"pt-BR\",\"potentialAction\":[{\"@type\":\"ReadAction\",\"target\":[\"https:\/\/agenciainfra.com\/blog\/decreto-com-tres-nomes-para-substitutos-na-aneel-deve-ser-publicado-ainda-neste-mes-dizem-fontes\/\"]}]},{\"@type\":\"ImageObject\",\"inLanguage\":\"pt-BR\",\"@id\":\"https:\/\/agenciainfra.com\/blog\/decreto-com-tres-nomes-para-substitutos-na-aneel-deve-ser-publicado-ainda-neste-mes-dizem-fontes\/#primaryimage\",\"url\":\"https:\/\/agenciainfra.com\/blog\/wp-content\/uploads\/2022\/05\/aneel-foto-aneel-e1764788022595.jpg\",\"contentUrl\":\"https:\/\/agenciainfra.com\/blog\/wp-content\/uploads\/2022\/05\/aneel-foto-aneel-e1764788022595.jpg\",\"width\":1280,\"height\":753,\"caption\":\"Foto: ANEEL\"},{\"@type\":\"BreadcrumbList\",\"@id\":\"https:\/\/agenciainfra.com\/blog\/decreto-com-tres-nomes-para-substitutos-na-aneel-deve-ser-publicado-ainda-neste-mes-dizem-fontes\/#breadcrumb\",\"itemListElement\":[{\"@type\":\"ListItem\",\"position\":1,\"name\":\"In\u00edcio\",\"item\":\"https:\/\/agenciainfra.com\/blog\/\"},{\"@type\":\"ListItem\",\"position\":2,\"name\":\"Decreto com tr\u00eas nomes para substitutos na ANEEL deve ser publicado ainda neste m\u00eas, dizem fontes\"}]},{\"@type\":\"WebSite\",\"@id\":\"https:\/\/agenciainfra.com\/blog\/#website\",\"url\":\"https:\/\/agenciainfra.com\/blog\/\",\"name\":\"Ag\u00eancia iNFRA\",\"description\":\"Multiplataforma de informa\u00e7\u00e3o jornal\u00edstica refer\u00eancia na \u00e1rea de infraestrutura no Brasil!\",\"publisher\":{\"@id\":\"https:\/\/agenciainfra.com\/blog\/#organization\"},\"potentialAction\":[{\"@type\":\"SearchAction\",\"target\":{\"@type\":\"EntryPoint\",\"urlTemplate\":\"https:\/\/agenciainfra.com\/blog\/?s={search_term_string}\"},\"query-input\":{\"@type\":\"PropertyValueSpecification\",\"valueRequired\":true,\"valueName\":\"search_term_string\"}}],\"inLanguage\":\"pt-BR\"},{\"@type\":\"Organization\",\"@id\":\"https:\/\/agenciainfra.com\/blog\/#organization\",\"name\":\"Ag\u00eancia iNFRA\",\"url\":\"https:\/\/agenciainfra.com\/blog\/\",\"logo\":{\"@type\":\"ImageObject\",\"inLanguage\":\"pt-BR\",\"@id\":\"https:\/\/agenciainfra.com\/blog\/#\/schema\/logo\/image\/\",\"url\":\"https:\/\/agenciainfra.com\/blog\/wp-content\/uploads\/2023\/09\/iNFRA_5-e1761735885940.png\",\"contentUrl\":\"https:\/\/agenciainfra.com\/blog\/wp-content\/uploads\/2023\/09\/iNFRA_5-e1761735885940.png\",\"width\":1672,\"height\":454,\"caption\":\"Ag\u00eancia iNFRA\"},\"image\":{\"@id\":\"https:\/\/agenciainfra.com\/blog\/#\/schema\/logo\/image\/\"},\"sameAs\":[\"https:\/\/www.facebook.com\/ageninfra\",\"https:\/\/x.com\/agencia_infra\",\"https:\/\/www.linkedin.com\/company\/ag\u00eanciainfra\/\",\"https:\/\/www.instagram.com\/agenciainfra\/\"]},{\"@type\":\"Person\",\"@id\":\"https:\/\/agenciainfra.com\/blog\/#\/schema\/person\/34af08dff6adea4cb22b06612ba7acfa\",\"name\":\"Ag\u00eancia iNFRA\",\"image\":{\"@type\":\"ImageObject\",\"inLanguage\":\"pt-BR\",\"@id\":\"https:\/\/agenciainfra.com\/blog\/#\/schema\/person\/image\/\",\"url\":\"https:\/\/secure.gravatar.com\/avatar\/d189e01678f06d8eb84d4e01f08eb848b3fffe3f8443818d3c356c66892f5be8?s=96&d=mm&r=g\",\"contentUrl\":\"https:\/\/secure.gravatar.com\/avatar\/d189e01678f06d8eb84d4e01f08eb848b3fffe3f8443818d3c356c66892f5be8?s=96&d=mm&r=g\",\"caption\":\"Ag\u00eancia iNFRA\"},\"url\":\"https:\/\/agenciainfra.com\/blog\/author\/admin\/\"}]}<\/script>\n<!-- \/ Yoast SEO Premium plugin. -->","yoast_head_json":{"title":"Decreto com tr\u00eas nomes para substitutos na ANEEL deve ser publicado ainda neste m\u00eas, dizem fontes - Ag\u00eancia iNFRA","robots":{"index":"index","follow":"follow","max-snippet":"max-snippet:-1","max-image-preview":"max-image-preview:large","max-video-preview":"max-video-preview:-1"},"canonical":"https:\/\/agenciainfra.com\/blog\/decreto-com-tres-nomes-para-substitutos-na-aneel-deve-ser-publicado-ainda-neste-mes-dizem-fontes\/","og_locale":"pt_BR","og_type":"article","og_title":"Decreto com tr\u00eas nomes para substitutos na ANEEL deve ser publicado ainda neste m\u00eas, dizem fontes","og_description":"Marisa Wanzeller e Geraldo Campos Jr., da Ag\u00eancia iNFRA Um decreto presidencial designando tr\u00eas diretores substitutos para a ANEEL (Ag\u00eancia Nacional de Energia El\u00e9trica) deve ser publicado ainda neste m\u00eas, disseram fontes do governo. Assim, a cadeira vaga na diretoria poder\u00e1 ser ocupada provisoriamente, e de forma imediata. A medida deve ser tomada porque n\u00e3o [&hellip;]","og_url":"https:\/\/agenciainfra.com\/blog\/decreto-com-tres-nomes-para-substitutos-na-aneel-deve-ser-publicado-ainda-neste-mes-dizem-fontes\/","og_site_name":"Ag\u00eancia iNFRA","article_publisher":"https:\/\/www.facebook.com\/ageninfra","article_published_time":"2024-12-19T12:00:00+00:00","article_modified_time":"2024-12-20T16:07:30+00:00","og_image":[{"width":1299,"height":868,"url":"https:\/\/agenciainfra.com\/blog\/wp-content\/uploads\/2022\/05\/aneel-foto-aneel.jpg","type":"image\/jpeg"}],"author":"Ag\u00eancia iNFRA","twitter_card":"summary_large_image","twitter_creator":"@agencia_infra","twitter_site":"@agencia_infra","twitter_misc":{"Escrito por":"Ag\u00eancia iNFRA","Est. tempo de leitura":"3 minutos"},"schema":{"@context":"https:\/\/schema.org","@graph":[{"@type":"Article","@id":"https:\/\/agenciainfra.com\/blog\/decreto-com-tres-nomes-para-substitutos-na-aneel-deve-ser-publicado-ainda-neste-mes-dizem-fontes\/#article","isPartOf":{"@id":"https:\/\/agenciainfra.com\/blog\/decreto-com-tres-nomes-para-substitutos-na-aneel-deve-ser-publicado-ainda-neste-mes-dizem-fontes\/"},"author":{"name":"Ag\u00eancia iNFRA","@id":"https:\/\/agenciainfra.com\/blog\/#\/schema\/person\/34af08dff6adea4cb22b06612ba7acfa"},"headline":"Decreto com tr\u00eas nomes para substitutos na ANEEL deve ser publicado ainda neste m\u00eas, dizem fontes","datePublished":"2024-12-19T12:00:00+00:00","dateModified":"2024-12-20T16:07:30+00:00","mainEntityOfPage":{"@id":"https:\/\/agenciainfra.com\/blog\/decreto-com-tres-nomes-para-substitutos-na-aneel-deve-ser-publicado-ainda-neste-mes-dizem-fontes\/"},"wordCount":520,"publisher":{"@id":"https:\/\/agenciainfra.com\/blog\/#organization"},"image":{"@id":"https:\/\/agenciainfra.com\/blog\/decreto-com-tres-nomes-para-substitutos-na-aneel-deve-ser-publicado-ainda-neste-mes-dizem-fontes\/#primaryimage"},"thumbnailUrl":"https:\/\/agenciainfra.com\/blog\/wp-content\/uploads\/2022\/05\/aneel-foto-aneel-e1764788022595.jpg","keywords":["Ag\u00eancias Reguladoras","Andr\u00e9 Ruelli","ANEEL","\u00c2ngelo Rezende","Carlos Mattar","Gentil Nogueira","Geraldo Campos Jr.","Indica\u00e7\u00e3o \u00e0 ANEEL","indica\u00e7\u00f5es \u00e0s ag\u00eancias reguladoras","Marisa Wanzeller","R\u00f4mulo do Amaral","Willamy Frota"],"articleSection":["Destaque lista","Geral","iNFRAEnergia"],"inLanguage":"pt-BR","copyrightYear":"2024","copyrightHolder":{"@id":"https:\/\/agenciainfra.com\/blog\/#organization"}},{"@type":"WebPage","@id":"https:\/\/agenciainfra.com\/blog\/decreto-com-tres-nomes-para-substitutos-na-aneel-deve-ser-publicado-ainda-neste-mes-dizem-fontes\/","url":"https:\/\/agenciainfra.com\/blog\/decreto-com-tres-nomes-para-substitutos-na-aneel-deve-ser-publicado-ainda-neste-mes-dizem-fontes\/","name":"Decreto com tr\u00eas nomes para substitutos na ANEEL deve ser publicado ainda neste m\u00eas, dizem fontes - Ag\u00eancia iNFRA","isPartOf":{"@id":"https:\/\/agenciainfra.com\/blog\/#website"},"primaryImageOfPage":{"@id":"https:\/\/agenciainfra.com\/blog\/decreto-com-tres-nomes-para-substitutos-na-aneel-deve-ser-publicado-ainda-neste-mes-dizem-fontes\/#primaryimage"},"image":{"@id":"https:\/\/agenciainfra.com\/blog\/decreto-com-tres-nomes-para-substitutos-na-aneel-deve-ser-publicado-ainda-neste-mes-dizem-fontes\/#primaryimage"},"thumbnailUrl":"https:\/\/agenciainfra.com\/blog\/wp-content\/uploads\/2022\/05\/aneel-foto-aneel-e1764788022595.jpg","datePublished":"2024-12-19T12:00:00+00:00","dateModified":"2024-12-20T16:07:30+00:00","breadcrumb":{"@id":"https:\/\/agenciainfra.com\/blog\/decreto-com-tres-nomes-para-substitutos-na-aneel-deve-ser-publicado-ainda-neste-mes-dizem-fontes\/#breadcrumb"},"inLanguage":"pt-BR","potentialAction":[{"@type":"ReadAction","target":["https:\/\/agenciainfra.com\/blog\/decreto-com-tres-nomes-para-substitutos-na-aneel-deve-ser-publicado-ainda-neste-mes-dizem-fontes\/"]}]},{"@type":"ImageObject","inLanguage":"pt-BR","@id":"https:\/\/agenciainfra.com\/blog\/decreto-com-tres-nomes-para-substitutos-na-aneel-deve-ser-publicado-ainda-neste-mes-dizem-fontes\/#primaryimage","url":"https:\/\/agenciainfra.com\/blog\/wp-content\/uploads\/2022\/05\/aneel-foto-aneel-e1764788022595.jpg","contentUrl":"https:\/\/agenciainfra.com\/blog\/wp-content\/uploads\/2022\/05\/aneel-foto-aneel-e1764788022595.jpg","width":1280,"height":753,"caption":"Foto: ANEEL"},{"@type":"BreadcrumbList","@id":"https:\/\/agenciainfra.com\/blog\/decreto-com-tres-nomes-para-substitutos-na-aneel-deve-ser-publicado-ainda-neste-mes-dizem-fontes\/#breadcrumb","itemListElement":[{"@type":"ListItem","position":1,"name":"In\u00edcio","item":"https:\/\/agenciainfra.com\/blog\/"},{"@type":"ListItem","position":2,"name":"Decreto com tr\u00eas nomes para substitutos na ANEEL deve ser publicado ainda neste m\u00eas, dizem fontes"}]},{"@type":"WebSite","@id":"https:\/\/agenciainfra.com\/blog\/#website","url":"https:\/\/agenciainfra.com\/blog\/","name":"Ag\u00eancia iNFRA","description":"Multiplataforma de informa\u00e7\u00e3o jornal\u00edstica refer\u00eancia na \u00e1rea de infraestrutura no Brasil!","publisher":{"@id":"https:\/\/agenciainfra.com\/blog\/#organization"},"potentialAction":[{"@type":"SearchAction","target":{"@type":"EntryPoint","urlTemplate":"https:\/\/agenciainfra.com\/blog\/?s={search_term_string}"},"query-input":{"@type":"PropertyValueSpecification","valueRequired":true,"valueName":"search_term_string"}}],"inLanguage":"pt-BR"},{"@type":"Organization","@id":"https:\/\/agenciainfra.com\/blog\/#organization","name":"Ag\u00eancia iNFRA","url":"https:\/\/agenciainfra.com\/blog\/","logo":{"@type":"ImageObject","inLanguage":"pt-BR","@id":"https:\/\/agenciainfra.com\/blog\/#\/schema\/logo\/image\/","url":"https:\/\/agenciainfra.com\/blog\/wp-content\/uploads\/2023\/09\/iNFRA_5-e1761735885940.png","contentUrl":"https:\/\/agenciainfra.com\/blog\/wp-content\/uploads\/2023\/09\/iNFRA_5-e1761735885940.png","width":1672,"height":454,"caption":"Ag\u00eancia iNFRA"},"image":{"@id":"https:\/\/agenciainfra.com\/blog\/#\/schema\/logo\/image\/"},"sameAs":["https:\/\/www.facebook.com\/ageninfra","https:\/\/x.com\/agencia_infra","https:\/\/www.linkedin.com\/company\/ag\u00eanciainfra\/","https:\/\/www.instagram.com\/agenciainfra\/"]},{"@type":"Person","@id":"https:\/\/agenciainfra.com\/blog\/#\/schema\/person\/34af08dff6adea4cb22b06612ba7acfa","name":"Ag\u00eancia iNFRA","image":{"@type":"ImageObject","inLanguage":"pt-BR","@id":"https:\/\/agenciainfra.com\/blog\/#\/schema\/person\/image\/","url":"https:\/\/secure.gravatar.com\/avatar\/d189e01678f06d8eb84d4e01f08eb848b3fffe3f8443818d3c356c66892f5be8?s=96&d=mm&r=g","contentUrl":"https:\/\/secure.gravatar.com\/avatar\/d189e01678f06d8eb84d4e01f08eb848b3fffe3f8443818d3c356c66892f5be8?s=96&d=mm&r=g","caption":"Ag\u00eancia iNFRA"},"url":"https:\/\/agenciainfra.com\/blog\/author\/admin\/"}]}},"_links":{"self":[{"href":"https:\/\/agenciainfra.com\/blog\/wp-json\/wp\/v2\/posts\/19695","targetHints":{"allow":["GET"]}}],"collection":[{"href":"https:\/\/agenciainfra.com\/blog\/wp-json\/wp\/v2\/posts"}],"about":[{"href":"https:\/\/agenciainfra.com\/blog\/wp-json\/wp\/v2\/types\/post"}],"author":[{"embeddable":true,"href":"https:\/\/agenciainfra.com\/blog\/wp-json\/wp\/v2\/users\/1"}],"replies":[{"embeddable":true,"href":"https:\/\/agenciainfra.com\/blog\/wp-json\/wp\/v2\/comments?post=19695"}],"version-history":[{"count":1,"href":"https:\/\/agenciainfra.com\/blog\/wp-json\/wp\/v2\/posts\/19695\/revisions"}],"predecessor-version":[{"id":19696,"href":"https:\/\/agenciainfra.com\/blog\/wp-json\/wp\/v2\/posts\/19695\/revisions\/19696"}],"wp:featuredmedia":[{"embeddable":true,"href":"https:\/\/agenciainfra.com\/blog\/wp-json\/wp\/v2\/media\/10310"}],"wp:attachment":[{"href":"https:\/\/agenciainfra.com\/blog\/wp-json\/wp\/v2\/media?parent=19695"}],"wp:term":[{"taxonomy":"category","embeddable":true,"href":"https:\/\/agenciainfra.com\/blog\/wp-json\/wp\/v2\/categories?post=19695"},{"taxonomy":"post_tag","embeddable":true,"href":"https:\/\/agenciainfra.com\/blog\/wp-json\/wp\/v2\/tags?post=19695"}],"curies":[{"name":"wp","href":"https:\/\/api.w.org\/{rel}","templated":true}]}}