{"id":19707,"date":"2024-12-19T10:00:00","date_gmt":"2024-12-19T13:00:00","guid":{"rendered":"https:\/\/agenciainfra.com\/blog\/?p=19707"},"modified":"2024-12-19T08:54:04","modified_gmt":"2024-12-19T11:54:04","slug":"cedro-vence-leilao-de-terminal-portuario-de-minerio-no-rj-e-pode-ampliar-concorrencia-no-setor","status":"publish","type":"post","link":"https:\/\/agenciainfra.com\/blog\/cedro-vence-leilao-de-terminal-portuario-de-minerio-no-rj-e-pode-ampliar-concorrencia-no-setor\/","title":{"rendered":"Cedro vence leil\u00e3o de terminal portu\u00e1rio de min\u00e9rio no RJ e pode ampliar concorr\u00eancia no setor"},"content":{"rendered":"\n<p class=\"has-text-align-right\"><strong>Mar\u00edlia Sena e Dimmi Amora, da Ag\u00eancia iNFRA<\/strong><\/p>\n\n\n\n<p>A Cedro Participa\u00e7\u00f5es, empresa de minera\u00e7\u00e3o em Minas Gerais, foi a \u00fanica proponente no leil\u00e3o do terminal portu\u00e1rio ITG02, tamb\u00e9m conhecido como \u00c1rea do Meio, no porto de Itagua\u00ed (RJ). O terminal vai exigir o maior volume de investimentos j\u00e1 feito por uma empresa num arrendamento portu\u00e1rio no pa\u00eds, algo na faixa dos R$ 3,6 bilh\u00f5es, segundo o Minist\u00e9rio de Portos e Aeroportos.<\/p>\n\n\n\n<p>Mais do que o expressivo investimento, a vit\u00f3ria da mineradora de pequeno porte que est\u00e1 em fase de expans\u00e3o tem a capacidade de mudar o jogo no setor e ampliar ainda mais a disputa. Ser\u00e1 o primeiro terminal portu\u00e1rio da empresa, que tem duas minas em Minas Gerais, onde extrai sete milh\u00f5es de toneladas\/ano.<\/p>\n\n\n\n<p>Em Itagua\u00ed&nbsp;j\u00e1 operam duas de suas concorrentes de grande porte, a Vale e a CSN, cada uma com um grande terminal. Nas primeiras vers\u00f5es do estudo para esse arrendamento, chegou a se cogitar restringir a participa\u00e7\u00e3o das empresas que j\u00e1 operam no porto de Itagua\u00ed, mas a ideia n\u00e3o foi levada ao edital.<\/p>\n\n\n\n<p>O acesso ao primeiro porto\u00a0pela empresa foi destacado na fala do\u00a0presidente do conselho da Cedro Participa\u00e7\u00f5es, Lucas Kallas, ao bater o martelo na cerim\u00f4nia na B3 na quarta-feira (18), em evento que contou com a presen\u00e7a do\u00a0ministro de Portos e Aeroportos, Silvio Costa Filho. O ministro reiterou a grandiosidade do investimento nessa \u00e1rea, cujos estudos de viabilidade foram conduzidos pela Infra S.A., estatal do Minist\u00e9rio dos Transportes.<\/p>\n\n\n\n<p>\u201cO ITG02 vai fazer que s\u00f3 o porto receba em 25 anos mais de R$ 25 bilh\u00f5es, e sobretudo a cidade que vai produzir arrecada\u00e7\u00e3o, isso \u00e9 fundamental para o desenvolvimento da regi\u00e3o\u201d, disse Costa Filho.<\/p>\n\n\n\n<p>O investimento de tal valor \u00e9 necess\u00e1rio porque a \u00e1rea de 349 mil metros quadrados hoje \u00e9 completamente desocupada (greenfield) e tem a necessidade de tirar um porto do zero, com a constru\u00e7\u00e3o de ber\u00e7o, p\u00e1tio, terminal e principalmente uma p\u00eara ferrovi\u00e1ria, \u00e1rea para manobras dos trens. A regi\u00e3o \u00e9 servida pela ferrovia MRS Log\u00edstica, que tem entre os s\u00f3cios a Vale e a CSN, e vai do Rio de Janeiro a Minas Gerais, na regi\u00e3o produtora de min\u00e9rio.<\/p>\n\n\n\n<p>O setor de minera\u00e7\u00e3o \u00e9 extremamente dependente do setor ferrovi\u00e1rio. Mas as grandes empresas de minera\u00e7\u00e3o controlam as concession\u00e1rias de ferrovias e s\u00e3o rotineiras as queixas de concorrentes&nbsp;de dificuldade de acesso \u00e0s ferrovias. Jos\u00e9 Carlos Martins, conselheiro da companhia, disse que n\u00e3o v\u00ea a ferrovia como um problema para o novo terminal.<\/p>\n\n\n\n<p>&#8220;A MRS \u00e9 ferrovia de uso aberto. N\u00e3o \u00e9 cativa, como a da Vale. Voc\u00ea faz contrato de longo prazo e tem acesso. N\u00e3o \u00e9 uma quest\u00e3o que nos preocupa no momento&#8221;, disse Jos\u00e9 Carlos Martins.<\/p>\n\n\n\n<p>Cedro e MRS j\u00e1 est\u00e3o numa disputa por um trecho ferrovi\u00e1rio de 26 quil\u00f4metros entre os munic\u00edpios de M\u00e1rio Campos e Mateus Leme (MG), onde a Cedro pediu para construir uma ferrovia privada e a MRS est\u00e1 tentando judicialmente impedir, alegando direito de prefer\u00eancia para esta constru\u00e7\u00e3o, que se liga ao tronco principal da pr\u00f3pria MRS em dire\u00e7\u00e3o ao Rio de Janeiro.<\/p>\n\n\n\n<p>Martins afirmou que, assim como o porto, a ferrovia da Cedro ser\u00e1 de uso livre e quem precisar ter\u00e1 acesso.&nbsp;&#8220;Nossa pol\u00edtica \u00e9 ter uma opera\u00e7\u00e3o aberta. N\u00e3o estamos pensando em nada cativo&#8221;, afirmou.<\/p>\n\n\n\n<p>O per\u00edodo para a implanta\u00e7\u00e3o do porto \u00e9 de quatro anos. Martins acredita que em 2029 vai faltar espa\u00e7o nos portos e por isso ser\u00e1 poss\u00edvel que o terminal projetado inicialmente para 20 milh\u00f5es de toneladas\/ano seja usado tamb\u00e9m pelas concorrentes. &#8220;A ociosidade nos portos vai desaparecer. Estamos pensando no futuro&#8221;, afirmou ele,&nbsp;que tem planos para produzir 20 a 25 milh\u00f5es de toneladas\/ano somente nas minas de Nova Lima e Mariana, onde a empresa opera.<\/p>\n\n\n\n<p><strong>Novos leil\u00f5es<\/strong><br>O ministro Silvio Costa Filho anunciou no evento novos prazos para os estudos para o projeto do leil\u00e3o do STS10, terminal de cont\u00eaineres no Porto de Santos (SP). De acordo com ele, os documentos ser\u00e3o enviados ao TCU (Tribunal de Contas da Uni\u00e3o) em 60 dias. A expectativa, de acordo com ele, \u00e9 que o leil\u00e3o tamb\u00e9m aconte\u00e7a em 2025. \u201cIsso \u00e9 fundamental, uma prioridade do governo do presidente Lula\u201d, disse.<\/p>\n\n\n\n<p>J\u00e1 o leil\u00e3o do canal de acesso p\u00fablico ao porto de Paranagu\u00e1 (PR) foi anunciado para o dia 21 de fevereiro, segundo o secret\u00e1rio nacional de Portos, Alex \u00c1vila. \u201cTeremos programado uma \u00e1rea de Paranagu\u00e1 e outras tr\u00eas ou quatro para fazermos o primeiro bloco\u201d, afirmou o secret\u00e1rio.<\/p>\n\n\n\n<p>No entanto, esse projeto foi enviado em novembro ao TCU e ainda est\u00e1 com os estudos de viabilidade em an\u00e1lise, sem garantia que ser\u00e1 liberado para publica\u00e7\u00e3o do edital a tempo de realizar o leil\u00e3o nesta data. A concess\u00e3o desse canal faz parte dos 21 projetos de arrendamento ou concess\u00e3o que o governo estima fazer em 2025, com total de R$ 8,5 bilh\u00f5es em investimentos previstos nesses processos.<\/p>\n\n\n\n<p>O diretor-geral da ANTAQ (Ag\u00eancia Nacional de Transportes Aquavi\u00e1rios), Eduardo Nery, fez um discurso em tom de despedida do comando da autarquia e lembrou que entregou os estudos de duas concess\u00f5es de hidrovias ao Minist\u00e9rio de Portos e Aeroportos para serem encaminhadas a audi\u00eancias p\u00fablicas. A audi\u00eancia p\u00fablica da concess\u00e3o da hidrovia do Paraguai <a href=\"https:\/\/www.in.gov.br\/web\/dou\/-\/aviso-de-audiencia-publica-n-18\/2024-antaq-602747248\">foi publicada<\/a> no DOU (Di\u00e1rio Oficial da Uni\u00e3o) nesta quinta-feira (19). <\/p>\n\n\n\n<p>A concess\u00e3o da hidrovia do rio Madeira, que era cotada para sair primeiro, fica para ter a audi\u00eancia lan\u00e7ada ap\u00f3s fevereiro, segundo o ministro Silvio Costa Filho. De acordo com ele, \u00e9 necess\u00e1rio reunir-se com lideran\u00e7as locais para ouvir sobre os problemas da regi\u00e3o. \u201cA gente est\u00e1 em um processo de ajuste [&#8230;] \u00e9 importante que possamos construir o melhor caminho para que quando ela avance n\u00f3s tenhamos o apoio do setor produtivo\u201d, afirmou em conversa com jornalistas.<\/p>\n\n\n\n<p><strong>Norte e Nordeste tamb\u00e9m recebem investimentos<\/strong><br>Nos outros leil\u00f5es desta quarta-feira (18), a empresa Rocha Gran\u00e9is S\u00f3lidos venceu o leil\u00e3o do terminal&nbsp; MCP03, em Santana (AP), para movimenta\u00e7\u00e3o de gran\u00e9is s\u00f3lidos vegetais, com proposta de R$ 58,060 milh\u00f5es. A empresa opera terminais portu\u00e1rios na Regi\u00e3o Sul. Os concorrentes foram a Cianport, Athena Fundo de Investimentos e Arco Norte Infraestrutura.<\/p>\n\n\n\n<p>A \u00e1rea \u00e9 um ativo estrat\u00e9gico para o desenvolvimento do Arco Norte. Com um contrato de 25 anos, o projeto prev\u00ea investimentos de R$ 89,9 milh\u00f5es na constru\u00e7\u00e3o de silos, sistemas de descarregamento e expedi\u00e7\u00e3o de gr\u00e3os, e amplia\u00e7\u00e3o do P\u00eder 1 para receber navios de grande porte.<\/p>\n\n\n\n<p>J\u00e1 o cons\u00f3rcio Brito-Marcelog, que \u00e9 composto pelas empresas Irm\u00e3os Brito e Marcelog, foi o vencedor do leil\u00e3o do terminal MAC16, em Macei\u00f3 (AL), com a outorga de R$ 1,451 milh\u00e3o. Os concorrentes para o terminal de gran\u00e9is vegetais foram a SC Portos Opera\u00e7\u00f5es Portu\u00e1rias LTDA e a Intermar\u00edtima Portos e Log\u00edstica. Segundo o Minist\u00e9rio de Portos e Aeroportos, ser\u00e3o R$ 6,2 milh\u00f5es em investimentos com o novo arrendamento para gran\u00e9is.<\/p>\n","protected":false},"excerpt":{"rendered":"<p>Mar\u00edlia Sena e Dimmi Amora, da Ag\u00eancia iNFRA A Cedro Participa\u00e7\u00f5es, empresa de minera\u00e7\u00e3o em Minas Gerais, foi a \u00fanica proponente no leil\u00e3o do terminal portu\u00e1rio ITG02, tamb\u00e9m conhecido como \u00c1rea do Meio, no porto de Itagua\u00ed (RJ). O terminal vai exigir o maior volume de investimentos j\u00e1 feito por uma empresa num arrendamento portu\u00e1rio [&hellip;]<\/p>\n","protected":false},"author":1,"featured_media":10434,"comment_status":"closed","ping_status":"closed","sticky":false,"template":"","format":"standard","meta":{"_monsterinsights_skip_tracking":false,"_monsterinsights_sitenote_active":false,"_monsterinsights_sitenote_note":"","_monsterinsights_sitenote_category":0,"footnotes":""},"categories":[7250,1,7],"tags":[86,12073,12075,1299,355,6897,254,4754,11654,6257,6919,310,7467,4101,623,12074],"class_list":["post-19707","post","type-post","status-publish","format-standard","has-post-thumbnail","hentry","category-destaque-lista","category-geral","category-infratransporte","tag-antaq","tag-cedo-participacoes","tag-concessao-da-hidrovia-do-paraguai","tag-dimmi-amora","tag-hidrovias","tag-itg02","tag-leilao","tag-leilao-portuario","tag-marilia-sena","tag-ministerio-de-portos-e-aeroportos","tag-mpor","tag-portos","tag-silvio-costa-filho","tag-sts10","tag-terminais-portuarios","tag-terminal-portuario-de-minerio"],"yoast_head":"<!-- This site is optimized with the Yoast SEO Premium plugin v25.4 (Yoast SEO v26.0) - https:\/\/yoast.com\/wordpress\/plugins\/seo\/ -->\n<title>Cedro vence leil\u00e3o de terminal portu\u00e1rio de min\u00e9rio no RJ e pode ampliar concorr\u00eancia no setor - Ag\u00eancia iNFRA<\/title>\n<meta name=\"robots\" content=\"index, follow, max-snippet:-1, max-image-preview:large, max-video-preview:-1\" \/>\n<link rel=\"canonical\" href=\"https:\/\/agenciainfra.com\/blog\/cedro-vence-leilao-de-terminal-portuario-de-minerio-no-rj-e-pode-ampliar-concorrencia-no-setor\/\" \/>\n<meta property=\"og:locale\" content=\"pt_BR\" \/>\n<meta property=\"og:type\" content=\"article\" \/>\n<meta property=\"og:title\" content=\"Cedro vence leil\u00e3o de terminal portu\u00e1rio de min\u00e9rio no RJ e pode ampliar concorr\u00eancia no setor\" \/>\n<meta property=\"og:description\" content=\"Mar\u00edlia Sena e Dimmi Amora, da Ag\u00eancia iNFRA A Cedro Participa\u00e7\u00f5es, empresa de minera\u00e7\u00e3o em Minas Gerais, foi a \u00fanica proponente no leil\u00e3o do terminal portu\u00e1rio ITG02, tamb\u00e9m conhecido como \u00c1rea do Meio, no porto de Itagua\u00ed (RJ). O terminal vai exigir o maior volume de investimentos j\u00e1 feito por uma empresa num arrendamento portu\u00e1rio [&hellip;]\" \/>\n<meta property=\"og:url\" content=\"https:\/\/agenciainfra.com\/blog\/cedro-vence-leilao-de-terminal-portuario-de-minerio-no-rj-e-pode-ampliar-concorrencia-no-setor\/\" \/>\n<meta property=\"og:site_name\" content=\"Ag\u00eancia iNFRA\" \/>\n<meta property=\"article:publisher\" content=\"https:\/\/www.facebook.com\/ageninfra\" \/>\n<meta property=\"article:published_time\" content=\"2024-12-19T13:00:00+00:00\" \/>\n<meta property=\"og:image\" content=\"https:\/\/agenciainfra.com\/blog\/wp-content\/uploads\/2022\/05\/cargas-portos-foto-dominio-publico.jpg\" \/>\n\t<meta property=\"og:image:width\" content=\"1920\" \/>\n\t<meta property=\"og:image:height\" content=\"1280\" \/>\n\t<meta property=\"og:image:type\" content=\"image\/jpeg\" \/>\n<meta name=\"author\" content=\"Ag\u00eancia iNFRA\" \/>\n<meta name=\"twitter:card\" content=\"summary_large_image\" \/>\n<meta name=\"twitter:creator\" content=\"@agencia_infra\" \/>\n<meta name=\"twitter:site\" content=\"@agencia_infra\" \/>\n<meta name=\"twitter:label1\" content=\"Escrito por\" \/>\n\t<meta name=\"twitter:data1\" content=\"Ag\u00eancia iNFRA\" \/>\n\t<meta name=\"twitter:label2\" content=\"Est. tempo de leitura\" \/>\n\t<meta name=\"twitter:data2\" content=\"6 minutos\" \/>\n<script type=\"application\/ld+json\" class=\"yoast-schema-graph\">{\"@context\":\"https:\/\/schema.org\",\"@graph\":[{\"@type\":\"Article\",\"@id\":\"https:\/\/agenciainfra.com\/blog\/cedro-vence-leilao-de-terminal-portuario-de-minerio-no-rj-e-pode-ampliar-concorrencia-no-setor\/#article\",\"isPartOf\":{\"@id\":\"https:\/\/agenciainfra.com\/blog\/cedro-vence-leilao-de-terminal-portuario-de-minerio-no-rj-e-pode-ampliar-concorrencia-no-setor\/\"},\"author\":{\"name\":\"Ag\u00eancia iNFRA\",\"@id\":\"https:\/\/agenciainfra.com\/blog\/#\/schema\/person\/34af08dff6adea4cb22b06612ba7acfa\"},\"headline\":\"Cedro vence leil\u00e3o de terminal portu\u00e1rio de min\u00e9rio no RJ e pode ampliar concorr\u00eancia no setor\",\"datePublished\":\"2024-12-19T13:00:00+00:00\",\"mainEntityOfPage\":{\"@id\":\"https:\/\/agenciainfra.com\/blog\/cedro-vence-leilao-de-terminal-portuario-de-minerio-no-rj-e-pode-ampliar-concorrencia-no-setor\/\"},\"wordCount\":1256,\"publisher\":{\"@id\":\"https:\/\/agenciainfra.com\/blog\/#organization\"},\"image\":{\"@id\":\"https:\/\/agenciainfra.com\/blog\/cedro-vence-leilao-de-terminal-portuario-de-minerio-no-rj-e-pode-ampliar-concorrencia-no-setor\/#primaryimage\"},\"thumbnailUrl\":\"https:\/\/agenciainfra.com\/blog\/wp-content\/uploads\/2022\/05\/cargas-portos-foto-dominio-publico-e1763561848909.jpg\",\"keywords\":[\"ANTAQ\",\"Cedo Participa\u00e7\u00f5es\",\"Concess\u00e3o da Hidrovia do Paraguai\",\"Dimmi Amora\",\"hidrovias\",\"ITG02\",\"leil\u00e3o\",\"leil\u00e3o portu\u00e1rio\",\"Mar\u00edlia Sena\",\"Minist\u00e9rio de Portos e Aeroportos\",\"MPor\",\"portos\",\"Silvio Costa Filho\",\"STS10\",\"terminais portu\u00e1rios\",\"terminal portu\u00e1rio de min\u00e9rio\"],\"articleSection\":[\"Destaque lista\",\"Geral\",\"iNFRATransporte\"],\"inLanguage\":\"pt-BR\",\"copyrightYear\":\"2024\",\"copyrightHolder\":{\"@id\":\"https:\/\/agenciainfra.com\/blog\/#organization\"}},{\"@type\":\"WebPage\",\"@id\":\"https:\/\/agenciainfra.com\/blog\/cedro-vence-leilao-de-terminal-portuario-de-minerio-no-rj-e-pode-ampliar-concorrencia-no-setor\/\",\"url\":\"https:\/\/agenciainfra.com\/blog\/cedro-vence-leilao-de-terminal-portuario-de-minerio-no-rj-e-pode-ampliar-concorrencia-no-setor\/\",\"name\":\"Cedro vence leil\u00e3o de terminal portu\u00e1rio de min\u00e9rio no RJ e pode ampliar concorr\u00eancia no setor - Ag\u00eancia iNFRA\",\"isPartOf\":{\"@id\":\"https:\/\/agenciainfra.com\/blog\/#website\"},\"primaryImageOfPage\":{\"@id\":\"https:\/\/agenciainfra.com\/blog\/cedro-vence-leilao-de-terminal-portuario-de-minerio-no-rj-e-pode-ampliar-concorrencia-no-setor\/#primaryimage\"},\"image\":{\"@id\":\"https:\/\/agenciainfra.com\/blog\/cedro-vence-leilao-de-terminal-portuario-de-minerio-no-rj-e-pode-ampliar-concorrencia-no-setor\/#primaryimage\"},\"thumbnailUrl\":\"https:\/\/agenciainfra.com\/blog\/wp-content\/uploads\/2022\/05\/cargas-portos-foto-dominio-publico-e1763561848909.jpg\",\"datePublished\":\"2024-12-19T13:00:00+00:00\",\"breadcrumb\":{\"@id\":\"https:\/\/agenciainfra.com\/blog\/cedro-vence-leilao-de-terminal-portuario-de-minerio-no-rj-e-pode-ampliar-concorrencia-no-setor\/#breadcrumb\"},\"inLanguage\":\"pt-BR\",\"potentialAction\":[{\"@type\":\"ReadAction\",\"target\":[\"https:\/\/agenciainfra.com\/blog\/cedro-vence-leilao-de-terminal-portuario-de-minerio-no-rj-e-pode-ampliar-concorrencia-no-setor\/\"]}]},{\"@type\":\"ImageObject\",\"inLanguage\":\"pt-BR\",\"@id\":\"https:\/\/agenciainfra.com\/blog\/cedro-vence-leilao-de-terminal-portuario-de-minerio-no-rj-e-pode-ampliar-concorrencia-no-setor\/#primaryimage\",\"url\":\"https:\/\/agenciainfra.com\/blog\/wp-content\/uploads\/2022\/05\/cargas-portos-foto-dominio-publico-e1763561848909.jpg\",\"contentUrl\":\"https:\/\/agenciainfra.com\/blog\/wp-content\/uploads\/2022\/05\/cargas-portos-foto-dominio-publico-e1763561848909.jpg\",\"width\":1280,\"height\":772,\"caption\":\"Foto: Dom\u00ednio P\u00fablico\"},{\"@type\":\"BreadcrumbList\",\"@id\":\"https:\/\/agenciainfra.com\/blog\/cedro-vence-leilao-de-terminal-portuario-de-minerio-no-rj-e-pode-ampliar-concorrencia-no-setor\/#breadcrumb\",\"itemListElement\":[{\"@type\":\"ListItem\",\"position\":1,\"name\":\"In\u00edcio\",\"item\":\"https:\/\/agenciainfra.com\/blog\/\"},{\"@type\":\"ListItem\",\"position\":2,\"name\":\"Cedro vence leil\u00e3o de terminal portu\u00e1rio de min\u00e9rio no RJ e pode ampliar concorr\u00eancia no setor\"}]},{\"@type\":\"WebSite\",\"@id\":\"https:\/\/agenciainfra.com\/blog\/#website\",\"url\":\"https:\/\/agenciainfra.com\/blog\/\",\"name\":\"Ag\u00eancia iNFRA\",\"description\":\"Multiplataforma de informa\u00e7\u00e3o jornal\u00edstica refer\u00eancia na \u00e1rea de infraestrutura no Brasil!\",\"publisher\":{\"@id\":\"https:\/\/agenciainfra.com\/blog\/#organization\"},\"potentialAction\":[{\"@type\":\"SearchAction\",\"target\":{\"@type\":\"EntryPoint\",\"urlTemplate\":\"https:\/\/agenciainfra.com\/blog\/?s={search_term_string}\"},\"query-input\":{\"@type\":\"PropertyValueSpecification\",\"valueRequired\":true,\"valueName\":\"search_term_string\"}}],\"inLanguage\":\"pt-BR\"},{\"@type\":\"Organization\",\"@id\":\"https:\/\/agenciainfra.com\/blog\/#organization\",\"name\":\"Ag\u00eancia iNFRA\",\"url\":\"https:\/\/agenciainfra.com\/blog\/\",\"logo\":{\"@type\":\"ImageObject\",\"inLanguage\":\"pt-BR\",\"@id\":\"https:\/\/agenciainfra.com\/blog\/#\/schema\/logo\/image\/\",\"url\":\"https:\/\/agenciainfra.com\/blog\/wp-content\/uploads\/2023\/09\/iNFRA_5-e1761735885940.png\",\"contentUrl\":\"https:\/\/agenciainfra.com\/blog\/wp-content\/uploads\/2023\/09\/iNFRA_5-e1761735885940.png\",\"width\":1672,\"height\":454,\"caption\":\"Ag\u00eancia iNFRA\"},\"image\":{\"@id\":\"https:\/\/agenciainfra.com\/blog\/#\/schema\/logo\/image\/\"},\"sameAs\":[\"https:\/\/www.facebook.com\/ageninfra\",\"https:\/\/x.com\/agencia_infra\",\"https:\/\/www.linkedin.com\/company\/ag\u00eanciainfra\/\",\"https:\/\/www.instagram.com\/agenciainfra\/\"]},{\"@type\":\"Person\",\"@id\":\"https:\/\/agenciainfra.com\/blog\/#\/schema\/person\/34af08dff6adea4cb22b06612ba7acfa\",\"name\":\"Ag\u00eancia iNFRA\",\"image\":{\"@type\":\"ImageObject\",\"inLanguage\":\"pt-BR\",\"@id\":\"https:\/\/agenciainfra.com\/blog\/#\/schema\/person\/image\/\",\"url\":\"https:\/\/secure.gravatar.com\/avatar\/d189e01678f06d8eb84d4e01f08eb848b3fffe3f8443818d3c356c66892f5be8?s=96&d=mm&r=g\",\"contentUrl\":\"https:\/\/secure.gravatar.com\/avatar\/d189e01678f06d8eb84d4e01f08eb848b3fffe3f8443818d3c356c66892f5be8?s=96&d=mm&r=g\",\"caption\":\"Ag\u00eancia iNFRA\"},\"url\":\"https:\/\/agenciainfra.com\/blog\/author\/admin\/\"}]}<\/script>\n<!-- \/ Yoast SEO Premium plugin. -->","yoast_head_json":{"title":"Cedro vence leil\u00e3o de terminal portu\u00e1rio de min\u00e9rio no RJ e pode ampliar concorr\u00eancia no setor - Ag\u00eancia iNFRA","robots":{"index":"index","follow":"follow","max-snippet":"max-snippet:-1","max-image-preview":"max-image-preview:large","max-video-preview":"max-video-preview:-1"},"canonical":"https:\/\/agenciainfra.com\/blog\/cedro-vence-leilao-de-terminal-portuario-de-minerio-no-rj-e-pode-ampliar-concorrencia-no-setor\/","og_locale":"pt_BR","og_type":"article","og_title":"Cedro vence leil\u00e3o de terminal portu\u00e1rio de min\u00e9rio no RJ e pode ampliar concorr\u00eancia no setor","og_description":"Mar\u00edlia Sena e Dimmi Amora, da Ag\u00eancia iNFRA A Cedro Participa\u00e7\u00f5es, empresa de minera\u00e7\u00e3o em Minas Gerais, foi a \u00fanica proponente no leil\u00e3o do terminal portu\u00e1rio ITG02, tamb\u00e9m conhecido como \u00c1rea do Meio, no porto de Itagua\u00ed (RJ). O terminal vai exigir o maior volume de investimentos j\u00e1 feito por uma empresa num arrendamento portu\u00e1rio [&hellip;]","og_url":"https:\/\/agenciainfra.com\/blog\/cedro-vence-leilao-de-terminal-portuario-de-minerio-no-rj-e-pode-ampliar-concorrencia-no-setor\/","og_site_name":"Ag\u00eancia iNFRA","article_publisher":"https:\/\/www.facebook.com\/ageninfra","article_published_time":"2024-12-19T13:00:00+00:00","og_image":[{"width":1920,"height":1280,"url":"https:\/\/agenciainfra.com\/blog\/wp-content\/uploads\/2022\/05\/cargas-portos-foto-dominio-publico.jpg","type":"image\/jpeg"}],"author":"Ag\u00eancia iNFRA","twitter_card":"summary_large_image","twitter_creator":"@agencia_infra","twitter_site":"@agencia_infra","twitter_misc":{"Escrito por":"Ag\u00eancia iNFRA","Est. tempo de leitura":"6 minutos"},"schema":{"@context":"https:\/\/schema.org","@graph":[{"@type":"Article","@id":"https:\/\/agenciainfra.com\/blog\/cedro-vence-leilao-de-terminal-portuario-de-minerio-no-rj-e-pode-ampliar-concorrencia-no-setor\/#article","isPartOf":{"@id":"https:\/\/agenciainfra.com\/blog\/cedro-vence-leilao-de-terminal-portuario-de-minerio-no-rj-e-pode-ampliar-concorrencia-no-setor\/"},"author":{"name":"Ag\u00eancia iNFRA","@id":"https:\/\/agenciainfra.com\/blog\/#\/schema\/person\/34af08dff6adea4cb22b06612ba7acfa"},"headline":"Cedro vence leil\u00e3o de terminal portu\u00e1rio de min\u00e9rio no RJ e pode ampliar concorr\u00eancia no setor","datePublished":"2024-12-19T13:00:00+00:00","mainEntityOfPage":{"@id":"https:\/\/agenciainfra.com\/blog\/cedro-vence-leilao-de-terminal-portuario-de-minerio-no-rj-e-pode-ampliar-concorrencia-no-setor\/"},"wordCount":1256,"publisher":{"@id":"https:\/\/agenciainfra.com\/blog\/#organization"},"image":{"@id":"https:\/\/agenciainfra.com\/blog\/cedro-vence-leilao-de-terminal-portuario-de-minerio-no-rj-e-pode-ampliar-concorrencia-no-setor\/#primaryimage"},"thumbnailUrl":"https:\/\/agenciainfra.com\/blog\/wp-content\/uploads\/2022\/05\/cargas-portos-foto-dominio-publico-e1763561848909.jpg","keywords":["ANTAQ","Cedo Participa\u00e7\u00f5es","Concess\u00e3o da Hidrovia do Paraguai","Dimmi Amora","hidrovias","ITG02","leil\u00e3o","leil\u00e3o portu\u00e1rio","Mar\u00edlia Sena","Minist\u00e9rio de Portos e Aeroportos","MPor","portos","Silvio Costa Filho","STS10","terminais portu\u00e1rios","terminal portu\u00e1rio de min\u00e9rio"],"articleSection":["Destaque lista","Geral","iNFRATransporte"],"inLanguage":"pt-BR","copyrightYear":"2024","copyrightHolder":{"@id":"https:\/\/agenciainfra.com\/blog\/#organization"}},{"@type":"WebPage","@id":"https:\/\/agenciainfra.com\/blog\/cedro-vence-leilao-de-terminal-portuario-de-minerio-no-rj-e-pode-ampliar-concorrencia-no-setor\/","url":"https:\/\/agenciainfra.com\/blog\/cedro-vence-leilao-de-terminal-portuario-de-minerio-no-rj-e-pode-ampliar-concorrencia-no-setor\/","name":"Cedro vence leil\u00e3o de terminal portu\u00e1rio de min\u00e9rio no RJ e pode ampliar concorr\u00eancia no setor - Ag\u00eancia iNFRA","isPartOf":{"@id":"https:\/\/agenciainfra.com\/blog\/#website"},"primaryImageOfPage":{"@id":"https:\/\/agenciainfra.com\/blog\/cedro-vence-leilao-de-terminal-portuario-de-minerio-no-rj-e-pode-ampliar-concorrencia-no-setor\/#primaryimage"},"image":{"@id":"https:\/\/agenciainfra.com\/blog\/cedro-vence-leilao-de-terminal-portuario-de-minerio-no-rj-e-pode-ampliar-concorrencia-no-setor\/#primaryimage"},"thumbnailUrl":"https:\/\/agenciainfra.com\/blog\/wp-content\/uploads\/2022\/05\/cargas-portos-foto-dominio-publico-e1763561848909.jpg","datePublished":"2024-12-19T13:00:00+00:00","breadcrumb":{"@id":"https:\/\/agenciainfra.com\/blog\/cedro-vence-leilao-de-terminal-portuario-de-minerio-no-rj-e-pode-ampliar-concorrencia-no-setor\/#breadcrumb"},"inLanguage":"pt-BR","potentialAction":[{"@type":"ReadAction","target":["https:\/\/agenciainfra.com\/blog\/cedro-vence-leilao-de-terminal-portuario-de-minerio-no-rj-e-pode-ampliar-concorrencia-no-setor\/"]}]},{"@type":"ImageObject","inLanguage":"pt-BR","@id":"https:\/\/agenciainfra.com\/blog\/cedro-vence-leilao-de-terminal-portuario-de-minerio-no-rj-e-pode-ampliar-concorrencia-no-setor\/#primaryimage","url":"https:\/\/agenciainfra.com\/blog\/wp-content\/uploads\/2022\/05\/cargas-portos-foto-dominio-publico-e1763561848909.jpg","contentUrl":"https:\/\/agenciainfra.com\/blog\/wp-content\/uploads\/2022\/05\/cargas-portos-foto-dominio-publico-e1763561848909.jpg","width":1280,"height":772,"caption":"Foto: Dom\u00ednio P\u00fablico"},{"@type":"BreadcrumbList","@id":"https:\/\/agenciainfra.com\/blog\/cedro-vence-leilao-de-terminal-portuario-de-minerio-no-rj-e-pode-ampliar-concorrencia-no-setor\/#breadcrumb","itemListElement":[{"@type":"ListItem","position":1,"name":"In\u00edcio","item":"https:\/\/agenciainfra.com\/blog\/"},{"@type":"ListItem","position":2,"name":"Cedro vence leil\u00e3o de terminal portu\u00e1rio de min\u00e9rio no RJ e pode ampliar concorr\u00eancia no setor"}]},{"@type":"WebSite","@id":"https:\/\/agenciainfra.com\/blog\/#website","url":"https:\/\/agenciainfra.com\/blog\/","name":"Ag\u00eancia iNFRA","description":"Multiplataforma de informa\u00e7\u00e3o jornal\u00edstica refer\u00eancia na \u00e1rea de infraestrutura no Brasil!","publisher":{"@id":"https:\/\/agenciainfra.com\/blog\/#organization"},"potentialAction":[{"@type":"SearchAction","target":{"@type":"EntryPoint","urlTemplate":"https:\/\/agenciainfra.com\/blog\/?s={search_term_string}"},"query-input":{"@type":"PropertyValueSpecification","valueRequired":true,"valueName":"search_term_string"}}],"inLanguage":"pt-BR"},{"@type":"Organization","@id":"https:\/\/agenciainfra.com\/blog\/#organization","name":"Ag\u00eancia iNFRA","url":"https:\/\/agenciainfra.com\/blog\/","logo":{"@type":"ImageObject","inLanguage":"pt-BR","@id":"https:\/\/agenciainfra.com\/blog\/#\/schema\/logo\/image\/","url":"https:\/\/agenciainfra.com\/blog\/wp-content\/uploads\/2023\/09\/iNFRA_5-e1761735885940.png","contentUrl":"https:\/\/agenciainfra.com\/blog\/wp-content\/uploads\/2023\/09\/iNFRA_5-e1761735885940.png","width":1672,"height":454,"caption":"Ag\u00eancia iNFRA"},"image":{"@id":"https:\/\/agenciainfra.com\/blog\/#\/schema\/logo\/image\/"},"sameAs":["https:\/\/www.facebook.com\/ageninfra","https:\/\/x.com\/agencia_infra","https:\/\/www.linkedin.com\/company\/ag\u00eanciainfra\/","https:\/\/www.instagram.com\/agenciainfra\/"]},{"@type":"Person","@id":"https:\/\/agenciainfra.com\/blog\/#\/schema\/person\/34af08dff6adea4cb22b06612ba7acfa","name":"Ag\u00eancia iNFRA","image":{"@type":"ImageObject","inLanguage":"pt-BR","@id":"https:\/\/agenciainfra.com\/blog\/#\/schema\/person\/image\/","url":"https:\/\/secure.gravatar.com\/avatar\/d189e01678f06d8eb84d4e01f08eb848b3fffe3f8443818d3c356c66892f5be8?s=96&d=mm&r=g","contentUrl":"https:\/\/secure.gravatar.com\/avatar\/d189e01678f06d8eb84d4e01f08eb848b3fffe3f8443818d3c356c66892f5be8?s=96&d=mm&r=g","caption":"Ag\u00eancia iNFRA"},"url":"https:\/\/agenciainfra.com\/blog\/author\/admin\/"}]}},"_links":{"self":[{"href":"https:\/\/agenciainfra.com\/blog\/wp-json\/wp\/v2\/posts\/19707","targetHints":{"allow":["GET"]}}],"collection":[{"href":"https:\/\/agenciainfra.com\/blog\/wp-json\/wp\/v2\/posts"}],"about":[{"href":"https:\/\/agenciainfra.com\/blog\/wp-json\/wp\/v2\/types\/post"}],"author":[{"embeddable":true,"href":"https:\/\/agenciainfra.com\/blog\/wp-json\/wp\/v2\/users\/1"}],"replies":[{"embeddable":true,"href":"https:\/\/agenciainfra.com\/blog\/wp-json\/wp\/v2\/comments?post=19707"}],"version-history":[{"count":2,"href":"https:\/\/agenciainfra.com\/blog\/wp-json\/wp\/v2\/posts\/19707\/revisions"}],"predecessor-version":[{"id":19709,"href":"https:\/\/agenciainfra.com\/blog\/wp-json\/wp\/v2\/posts\/19707\/revisions\/19709"}],"wp:featuredmedia":[{"embeddable":true,"href":"https:\/\/agenciainfra.com\/blog\/wp-json\/wp\/v2\/media\/10434"}],"wp:attachment":[{"href":"https:\/\/agenciainfra.com\/blog\/wp-json\/wp\/v2\/media?parent=19707"}],"wp:term":[{"taxonomy":"category","embeddable":true,"href":"https:\/\/agenciainfra.com\/blog\/wp-json\/wp\/v2\/categories?post=19707"},{"taxonomy":"post_tag","embeddable":true,"href":"https:\/\/agenciainfra.com\/blog\/wp-json\/wp\/v2\/tags?post=19707"}],"curies":[{"name":"wp","href":"https:\/\/api.w.org\/{rel}","templated":true}]}}