{"id":19719,"date":"2024-12-23T09:00:00","date_gmt":"2024-12-23T12:00:00","guid":{"rendered":"https:\/\/agenciainfra.com\/blog\/?p=19719"},"modified":"2024-12-24T12:29:41","modified_gmt":"2024-12-24T15:29:41","slug":"liminar-impede-federalizacao-do-porto-de-itajai","status":"publish","type":"post","link":"https:\/\/agenciainfra.com\/blog\/liminar-impede-federalizacao-do-porto-de-itajai\/","title":{"rendered":"Liminar impede federaliza\u00e7\u00e3o do Porto de Itaja\u00ed"},"content":{"rendered":"\n<p class=\"has-text-align-right\"><strong>Mar\u00edlia Sena, da Ag\u00eancia iNFRA<\/strong><\/p>\n\n\n\n<p>O Tribunal Regional Federal da 4\u00aa Regi\u00e3o, por meio da desembargadora Ana Cristina Ferro Blasi, concedeu, no \u00faltimo dia 19, uma\u00a0<a href=\"https:\/\/agenciainfra.us14.list-manage.com\/track\/click?u=d460dd1bcf9ba0ae040e1fc0f&amp;id=9d1662f4c9&amp;e=55b7a27fc9\" target=\"_blank\" rel=\"noreferrer noopener\">liminar<\/a>\u00a0para assegurar a continuidade da gest\u00e3o do Porto de Itaja\u00ed (SC)\u00a0pelo munic\u00edpio e impedir a federaliza\u00e7\u00e3o do terminal, ou \u201cat\u00e9 que seja implementado um plano de transi\u00e7\u00e3o adequado e participativo\u201d.\u00a0<\/p>\n\n\n\n<p>O secret\u00e1rio nacional de Portos, Alex \u00c1vila, afirmou \u00e0\u00a0<strong>Ag\u00eancia iNFRA<\/strong> na semana passada\u00a0que o Minist\u00e9rio ainda n\u00e3o foi notificado da decis\u00e3o e assim que a pasta for notificada o governo federal, \u201cpor meio da AGU (Advocacia-Geral da Uni\u00e3o), ir\u00e1 recorrer da decis\u00e3o\u201d.\u00a0<\/p>\n\n\n\n<p>A a\u00e7\u00e3o est\u00e1 sendo movida pelo Foro Metropolitano da Foz do Rio Itaja\u00ed, grupo ligado ao prefeito eleito de Itaja\u00ed, Robison Coelho (PL). De acordo com o advogado Jo\u00e3o Paulo Tavares, que foi escalado pelo governo federal para ser o novo superintendente, a \u201cju\u00edza foi levada a erro porque ela cita falta de transi\u00e7\u00e3o, mas est\u00e1 sendo feita com a atual gest\u00e3o, n\u00e3o com a gest\u00e3o eleita\u201d, disse \u00e0&nbsp;<strong>iNFRA<\/strong>.<\/p>\n\n\n\n<p>De acordo com ele, caso a liminar n\u00e3o seja barrada, o porto corre o risco de paralisar novamente. A nova superintend\u00eancia informou que j\u00e1 acionou a AGU e que vai continuar com o processo de transi\u00e7\u00e3o no momento. &nbsp;<\/p>\n\n\n\n<p><strong>Federaliza\u00e7\u00e3o<\/strong><br>O governo federal decidiu, no dia 17 de dezembro, <a href=\"https:\/\/agenciainfra.us14.list-manage.com\/track\/click?u=d460dd1bcf9ba0ae040e1fc0f&amp;id=9310cf232a&amp;e=55b7a27fc9\" target=\"_blank\" rel=\"noreferrer noopener\">federalizar o Porto de Itaja\u00ed<\/a>, que vinha apresentando problemas principalmente com a dragagem. A gest\u00e3o ser\u00e1 passada \u00e0\u00a0APS (Autoridade Portu\u00e1ria de Santos).\u00a0<\/p>\n\n\n\n<p>A decis\u00e3o de federalizar o terminal, contudo, <a href=\"https:\/\/agenciainfra.com\/blog\/decisao-de-federalizar-porto-de-itajai-gera-conflitos-politicos-e-reacoes-no-estado\">n\u00e3o tem repercutido de forma positiva<\/a> no estado de Santa Catarina. O governador Jorginho Mello classificou a medida como \u201cinaceit\u00e1vel\u201d e considerou a decis\u00e3o como \u201cpol\u00edtica\u201d.<\/p>\n\n\n\n<p>O ministro de Portos e Aeroportos, Silvio Costa Filho, tem respondido \u00e0s cr\u00edticas afirmando&nbsp;que as a\u00e7\u00f5es s\u00e3o as melhores para o porto. \u201cA gente n\u00e3o viu manifesta\u00e7\u00f5es quando o porto foi fechado e milhares de pessoas ficaram desempregadas. Se tem algu\u00e9m que tem compromisso com o porto de Itaja\u00ed, \u00e9 o presidente Lula\u201d, disse em declara\u00e7\u00e3o a jornalistas na sede da B3, em S\u00e3o Paulo, na quarta-feira (18).&nbsp;<\/p>\n\n\n\n<p>O porto de Itaja\u00ed, gerido pelo munic\u00edpio, teve suas atividades paralisadas em 2022, ap\u00f3s o fim do contrato com a operadora do terminal, sem renova\u00e7\u00e3o. A inten\u00e7\u00e3o do governo federal era privatizar o terminal, mas a opera\u00e7\u00e3o foi retomada apenas em dezembro de 2023, com a assinatura de um contrato provis\u00f3rio.<\/p>\n\n\n\n<p>Em 2024, surgiram problemas com a dragagem, essenciais para a navegabilidade, devido a mudan\u00e7as na empresa contratada e atrasos nos pagamentos. O diretor-geral da ANTAQ (Ag\u00eancia Nacional de Transportes Aquavi\u00e1rios), Eduardo Nery, criticou a paralisa\u00e7\u00e3o do servi\u00e7o. A dragagem foi retomada ap\u00f3s um acordo para garantir a profundidade necess\u00e1ria do rio.<\/p>\n","protected":false},"excerpt":{"rendered":"<p>Mar\u00edlia Sena, da Ag\u00eancia iNFRA O Tribunal Regional Federal da 4\u00aa Regi\u00e3o, por meio da desembargadora Ana Cristina Ferro Blasi, concedeu, no \u00faltimo dia 19, uma\u00a0liminar\u00a0para assegurar a continuidade da gest\u00e3o do Porto de Itaja\u00ed (SC)\u00a0pelo munic\u00edpio e impedir a federaliza\u00e7\u00e3o do terminal, ou \u201cat\u00e9 que seja implementado um plano de transi\u00e7\u00e3o adequado e participativo\u201d.\u00a0 [&hellip;]<\/p>\n","protected":false},"author":1,"featured_media":10919,"comment_status":"closed","ping_status":"closed","sticky":false,"template":"","format":"standard","meta":{"_monsterinsights_skip_tracking":false,"_monsterinsights_sitenote_active":false,"_monsterinsights_sitenote_note":"","_monsterinsights_sitenote_category":0,"footnotes":""},"categories":[1,7],"tags":[2737,12109,12107,12105,12101,12104,12100,12111,12102,12108,12099,12110,12106,12112,12103],"class_list":["post-19719","post","type-post","status-publish","format-standard","has-post-thumbnail","hentry","category-geral","category-infratransporte","tag-advocacia-geral-da-uniao","tag-antaq-criticas","tag-aps-autoridade-portuaria-de-santos","tag-dragagem-do-porto-de-itajai","tag-federalizacao-do-porto","tag-gestao-portuaria-municipal","tag-gestao-publica-de-portos","tag-governador-jorginho-mello","tag-liminar-porto-de-itajai","tag-paralisacao-do-porto","tag-privatizacao-de-terminais","tag-problemas-de-navegabilidade","tag-superintendencia-portuaria","tag-transicao-portuaria","tag-tribunal-regional-federal-4a-regiao"],"yoast_head":"<!-- This site is optimized with the Yoast SEO Premium plugin v25.4 (Yoast SEO v26.0) - https:\/\/yoast.com\/wordpress\/plugins\/seo\/ -->\n<title>Liminar impede federaliza\u00e7\u00e3o do Porto de Itaja\u00ed - Ag\u00eancia iNFRA<\/title>\n<meta name=\"robots\" content=\"index, follow, max-snippet:-1, max-image-preview:large, max-video-preview:-1\" \/>\n<link rel=\"canonical\" href=\"https:\/\/agenciainfra.com\/blog\/liminar-impede-federalizacao-do-porto-de-itajai\/\" \/>\n<meta property=\"og:locale\" content=\"pt_BR\" \/>\n<meta property=\"og:type\" content=\"article\" \/>\n<meta property=\"og:title\" content=\"Liminar impede federaliza\u00e7\u00e3o do Porto de Itaja\u00ed\" \/>\n<meta property=\"og:description\" content=\"Mar\u00edlia Sena, da Ag\u00eancia iNFRA O Tribunal Regional Federal da 4\u00aa Regi\u00e3o, por meio da desembargadora Ana Cristina Ferro Blasi, concedeu, no \u00faltimo dia 19, uma\u00a0liminar\u00a0para assegurar a continuidade da gest\u00e3o do Porto de Itaja\u00ed (SC)\u00a0pelo munic\u00edpio e impedir a federaliza\u00e7\u00e3o do terminal, ou \u201cat\u00e9 que seja implementado um plano de transi\u00e7\u00e3o adequado e participativo\u201d.\u00a0 [&hellip;]\" \/>\n<meta property=\"og:url\" content=\"https:\/\/agenciainfra.com\/blog\/liminar-impede-federalizacao-do-porto-de-itajai\/\" \/>\n<meta property=\"og:site_name\" content=\"Ag\u00eancia iNFRA\" \/>\n<meta property=\"article:publisher\" content=\"https:\/\/www.facebook.com\/ageninfra\" \/>\n<meta property=\"article:published_time\" content=\"2024-12-23T12:00:00+00:00\" \/>\n<meta property=\"article:modified_time\" content=\"2024-12-24T15:29:41+00:00\" \/>\n<meta property=\"og:image\" content=\"https:\/\/agenciainfra.com\/blog\/wp-content\/uploads\/2022\/07\/porto-de-itajai-foto-prefeitura-de-itajai.jpeg\" \/>\n\t<meta property=\"og:image:width\" content=\"1280\" \/>\n\t<meta property=\"og:image:height\" content=\"848\" \/>\n\t<meta property=\"og:image:type\" content=\"image\/jpeg\" \/>\n<meta name=\"author\" content=\"Ag\u00eancia iNFRA\" \/>\n<meta name=\"twitter:card\" content=\"summary_large_image\" \/>\n<meta name=\"twitter:creator\" content=\"@agencia_infra\" \/>\n<meta name=\"twitter:site\" content=\"@agencia_infra\" \/>\n<meta name=\"twitter:label1\" content=\"Escrito por\" \/>\n\t<meta name=\"twitter:data1\" content=\"Ag\u00eancia iNFRA\" \/>\n\t<meta name=\"twitter:label2\" content=\"Est. tempo de leitura\" \/>\n\t<meta name=\"twitter:data2\" content=\"2 minutos\" \/>\n<script type=\"application\/ld+json\" class=\"yoast-schema-graph\">{\"@context\":\"https:\/\/schema.org\",\"@graph\":[{\"@type\":\"Article\",\"@id\":\"https:\/\/agenciainfra.com\/blog\/liminar-impede-federalizacao-do-porto-de-itajai\/#article\",\"isPartOf\":{\"@id\":\"https:\/\/agenciainfra.com\/blog\/liminar-impede-federalizacao-do-porto-de-itajai\/\"},\"author\":{\"name\":\"Ag\u00eancia iNFRA\",\"@id\":\"https:\/\/agenciainfra.com\/blog\/#\/schema\/person\/34af08dff6adea4cb22b06612ba7acfa\"},\"headline\":\"Liminar impede federaliza\u00e7\u00e3o do Porto de Itaja\u00ed\",\"datePublished\":\"2024-12-23T12:00:00+00:00\",\"dateModified\":\"2024-12-24T15:29:41+00:00\",\"mainEntityOfPage\":{\"@id\":\"https:\/\/agenciainfra.com\/blog\/liminar-impede-federalizacao-do-porto-de-itajai\/\"},\"wordCount\":501,\"publisher\":{\"@id\":\"https:\/\/agenciainfra.com\/blog\/#organization\"},\"image\":{\"@id\":\"https:\/\/agenciainfra.com\/blog\/liminar-impede-federalizacao-do-porto-de-itajai\/#primaryimage\"},\"thumbnailUrl\":\"https:\/\/agenciainfra.com\/blog\/wp-content\/uploads\/2022\/07\/porto-de-itajai-foto-prefeitura-de-itajai.jpeg\",\"keywords\":[\"Advocacia-Geral da Uni\u00e3o\",\"ANTAQ cr\u00edticas\",\"APS Autoridade Portu\u00e1ria de Santos\",\"dragagem do Porto de Itaja\u00ed\",\"federaliza\u00e7\u00e3o do porto\",\"gest\u00e3o portu\u00e1ria municipal\",\"gest\u00e3o p\u00fablica de portos\",\"governador Jorginho Mello\",\"liminar Porto de Itaja\u00ed\",\"paralisa\u00e7\u00e3o do porto\",\"privatiza\u00e7\u00e3o de terminais\",\"problemas de navegabilidade\",\"superintend\u00eancia portu\u00e1ria\",\"transi\u00e7\u00e3o portu\u00e1ria\",\"Tribunal Regional Federal 4\u00aa Regi\u00e3o\"],\"articleSection\":[\"Geral\",\"iNFRATransporte\"],\"inLanguage\":\"pt-BR\",\"copyrightYear\":\"2024\",\"copyrightHolder\":{\"@id\":\"https:\/\/agenciainfra.com\/blog\/#organization\"}},{\"@type\":\"WebPage\",\"@id\":\"https:\/\/agenciainfra.com\/blog\/liminar-impede-federalizacao-do-porto-de-itajai\/\",\"url\":\"https:\/\/agenciainfra.com\/blog\/liminar-impede-federalizacao-do-porto-de-itajai\/\",\"name\":\"Liminar impede federaliza\u00e7\u00e3o do Porto de Itaja\u00ed - Ag\u00eancia iNFRA\",\"isPartOf\":{\"@id\":\"https:\/\/agenciainfra.com\/blog\/#website\"},\"primaryImageOfPage\":{\"@id\":\"https:\/\/agenciainfra.com\/blog\/liminar-impede-federalizacao-do-porto-de-itajai\/#primaryimage\"},\"image\":{\"@id\":\"https:\/\/agenciainfra.com\/blog\/liminar-impede-federalizacao-do-porto-de-itajai\/#primaryimage\"},\"thumbnailUrl\":\"https:\/\/agenciainfra.com\/blog\/wp-content\/uploads\/2022\/07\/porto-de-itajai-foto-prefeitura-de-itajai.jpeg\",\"datePublished\":\"2024-12-23T12:00:00+00:00\",\"dateModified\":\"2024-12-24T15:29:41+00:00\",\"breadcrumb\":{\"@id\":\"https:\/\/agenciainfra.com\/blog\/liminar-impede-federalizacao-do-porto-de-itajai\/#breadcrumb\"},\"inLanguage\":\"pt-BR\",\"potentialAction\":[{\"@type\":\"ReadAction\",\"target\":[\"https:\/\/agenciainfra.com\/blog\/liminar-impede-federalizacao-do-porto-de-itajai\/\"]}]},{\"@type\":\"ImageObject\",\"inLanguage\":\"pt-BR\",\"@id\":\"https:\/\/agenciainfra.com\/blog\/liminar-impede-federalizacao-do-porto-de-itajai\/#primaryimage\",\"url\":\"https:\/\/agenciainfra.com\/blog\/wp-content\/uploads\/2022\/07\/porto-de-itajai-foto-prefeitura-de-itajai.jpeg\",\"contentUrl\":\"https:\/\/agenciainfra.com\/blog\/wp-content\/uploads\/2022\/07\/porto-de-itajai-foto-prefeitura-de-itajai.jpeg\",\"width\":1280,\"height\":848,\"caption\":\"Foto: Prefeitura de Itaja\u00ed\"},{\"@type\":\"BreadcrumbList\",\"@id\":\"https:\/\/agenciainfra.com\/blog\/liminar-impede-federalizacao-do-porto-de-itajai\/#breadcrumb\",\"itemListElement\":[{\"@type\":\"ListItem\",\"position\":1,\"name\":\"In\u00edcio\",\"item\":\"https:\/\/agenciainfra.com\/blog\/\"},{\"@type\":\"ListItem\",\"position\":2,\"name\":\"Liminar impede federaliza\u00e7\u00e3o do Porto de Itaja\u00ed\"}]},{\"@type\":\"WebSite\",\"@id\":\"https:\/\/agenciainfra.com\/blog\/#website\",\"url\":\"https:\/\/agenciainfra.com\/blog\/\",\"name\":\"Ag\u00eancia iNFRA\",\"description\":\"Multiplataforma de informa\u00e7\u00e3o jornal\u00edstica refer\u00eancia na \u00e1rea de infraestrutura no Brasil!\",\"publisher\":{\"@id\":\"https:\/\/agenciainfra.com\/blog\/#organization\"},\"potentialAction\":[{\"@type\":\"SearchAction\",\"target\":{\"@type\":\"EntryPoint\",\"urlTemplate\":\"https:\/\/agenciainfra.com\/blog\/?s={search_term_string}\"},\"query-input\":{\"@type\":\"PropertyValueSpecification\",\"valueRequired\":true,\"valueName\":\"search_term_string\"}}],\"inLanguage\":\"pt-BR\"},{\"@type\":\"Organization\",\"@id\":\"https:\/\/agenciainfra.com\/blog\/#organization\",\"name\":\"Ag\u00eancia iNFRA\",\"url\":\"https:\/\/agenciainfra.com\/blog\/\",\"logo\":{\"@type\":\"ImageObject\",\"inLanguage\":\"pt-BR\",\"@id\":\"https:\/\/agenciainfra.com\/blog\/#\/schema\/logo\/image\/\",\"url\":\"https:\/\/agenciainfra.com\/blog\/wp-content\/uploads\/2023\/09\/iNFRA_5-e1761735885940.png\",\"contentUrl\":\"https:\/\/agenciainfra.com\/blog\/wp-content\/uploads\/2023\/09\/iNFRA_5-e1761735885940.png\",\"width\":1672,\"height\":454,\"caption\":\"Ag\u00eancia iNFRA\"},\"image\":{\"@id\":\"https:\/\/agenciainfra.com\/blog\/#\/schema\/logo\/image\/\"},\"sameAs\":[\"https:\/\/www.facebook.com\/ageninfra\",\"https:\/\/x.com\/agencia_infra\",\"https:\/\/www.linkedin.com\/company\/ag\u00eanciainfra\/\",\"https:\/\/www.instagram.com\/agenciainfra\/\"]},{\"@type\":\"Person\",\"@id\":\"https:\/\/agenciainfra.com\/blog\/#\/schema\/person\/34af08dff6adea4cb22b06612ba7acfa\",\"name\":\"Ag\u00eancia iNFRA\",\"image\":{\"@type\":\"ImageObject\",\"inLanguage\":\"pt-BR\",\"@id\":\"https:\/\/agenciainfra.com\/blog\/#\/schema\/person\/image\/\",\"url\":\"https:\/\/secure.gravatar.com\/avatar\/d189e01678f06d8eb84d4e01f08eb848b3fffe3f8443818d3c356c66892f5be8?s=96&d=mm&r=g\",\"contentUrl\":\"https:\/\/secure.gravatar.com\/avatar\/d189e01678f06d8eb84d4e01f08eb848b3fffe3f8443818d3c356c66892f5be8?s=96&d=mm&r=g\",\"caption\":\"Ag\u00eancia iNFRA\"},\"url\":\"https:\/\/agenciainfra.com\/blog\/author\/admin\/\"}]}<\/script>\n<!-- \/ Yoast SEO Premium plugin. -->","yoast_head_json":{"title":"Liminar impede federaliza\u00e7\u00e3o do Porto de Itaja\u00ed - Ag\u00eancia iNFRA","robots":{"index":"index","follow":"follow","max-snippet":"max-snippet:-1","max-image-preview":"max-image-preview:large","max-video-preview":"max-video-preview:-1"},"canonical":"https:\/\/agenciainfra.com\/blog\/liminar-impede-federalizacao-do-porto-de-itajai\/","og_locale":"pt_BR","og_type":"article","og_title":"Liminar impede federaliza\u00e7\u00e3o do Porto de Itaja\u00ed","og_description":"Mar\u00edlia Sena, da Ag\u00eancia iNFRA O Tribunal Regional Federal da 4\u00aa Regi\u00e3o, por meio da desembargadora Ana Cristina Ferro Blasi, concedeu, no \u00faltimo dia 19, uma\u00a0liminar\u00a0para assegurar a continuidade da gest\u00e3o do Porto de Itaja\u00ed (SC)\u00a0pelo munic\u00edpio e impedir a federaliza\u00e7\u00e3o do terminal, ou \u201cat\u00e9 que seja implementado um plano de transi\u00e7\u00e3o adequado e participativo\u201d.\u00a0 [&hellip;]","og_url":"https:\/\/agenciainfra.com\/blog\/liminar-impede-federalizacao-do-porto-de-itajai\/","og_site_name":"Ag\u00eancia iNFRA","article_publisher":"https:\/\/www.facebook.com\/ageninfra","article_published_time":"2024-12-23T12:00:00+00:00","article_modified_time":"2024-12-24T15:29:41+00:00","og_image":[{"width":1280,"height":848,"url":"https:\/\/agenciainfra.com\/blog\/wp-content\/uploads\/2022\/07\/porto-de-itajai-foto-prefeitura-de-itajai.jpeg","type":"image\/jpeg"}],"author":"Ag\u00eancia iNFRA","twitter_card":"summary_large_image","twitter_creator":"@agencia_infra","twitter_site":"@agencia_infra","twitter_misc":{"Escrito por":"Ag\u00eancia iNFRA","Est. tempo de leitura":"2 minutos"},"schema":{"@context":"https:\/\/schema.org","@graph":[{"@type":"Article","@id":"https:\/\/agenciainfra.com\/blog\/liminar-impede-federalizacao-do-porto-de-itajai\/#article","isPartOf":{"@id":"https:\/\/agenciainfra.com\/blog\/liminar-impede-federalizacao-do-porto-de-itajai\/"},"author":{"name":"Ag\u00eancia iNFRA","@id":"https:\/\/agenciainfra.com\/blog\/#\/schema\/person\/34af08dff6adea4cb22b06612ba7acfa"},"headline":"Liminar impede federaliza\u00e7\u00e3o do Porto de Itaja\u00ed","datePublished":"2024-12-23T12:00:00+00:00","dateModified":"2024-12-24T15:29:41+00:00","mainEntityOfPage":{"@id":"https:\/\/agenciainfra.com\/blog\/liminar-impede-federalizacao-do-porto-de-itajai\/"},"wordCount":501,"publisher":{"@id":"https:\/\/agenciainfra.com\/blog\/#organization"},"image":{"@id":"https:\/\/agenciainfra.com\/blog\/liminar-impede-federalizacao-do-porto-de-itajai\/#primaryimage"},"thumbnailUrl":"https:\/\/agenciainfra.com\/blog\/wp-content\/uploads\/2022\/07\/porto-de-itajai-foto-prefeitura-de-itajai.jpeg","keywords":["Advocacia-Geral da Uni\u00e3o","ANTAQ cr\u00edticas","APS Autoridade Portu\u00e1ria de Santos","dragagem do Porto de Itaja\u00ed","federaliza\u00e7\u00e3o do porto","gest\u00e3o portu\u00e1ria municipal","gest\u00e3o p\u00fablica de portos","governador Jorginho Mello","liminar Porto de Itaja\u00ed","paralisa\u00e7\u00e3o do porto","privatiza\u00e7\u00e3o de terminais","problemas de navegabilidade","superintend\u00eancia portu\u00e1ria","transi\u00e7\u00e3o portu\u00e1ria","Tribunal Regional Federal 4\u00aa Regi\u00e3o"],"articleSection":["Geral","iNFRATransporte"],"inLanguage":"pt-BR","copyrightYear":"2024","copyrightHolder":{"@id":"https:\/\/agenciainfra.com\/blog\/#organization"}},{"@type":"WebPage","@id":"https:\/\/agenciainfra.com\/blog\/liminar-impede-federalizacao-do-porto-de-itajai\/","url":"https:\/\/agenciainfra.com\/blog\/liminar-impede-federalizacao-do-porto-de-itajai\/","name":"Liminar impede federaliza\u00e7\u00e3o do Porto de Itaja\u00ed - Ag\u00eancia iNFRA","isPartOf":{"@id":"https:\/\/agenciainfra.com\/blog\/#website"},"primaryImageOfPage":{"@id":"https:\/\/agenciainfra.com\/blog\/liminar-impede-federalizacao-do-porto-de-itajai\/#primaryimage"},"image":{"@id":"https:\/\/agenciainfra.com\/blog\/liminar-impede-federalizacao-do-porto-de-itajai\/#primaryimage"},"thumbnailUrl":"https:\/\/agenciainfra.com\/blog\/wp-content\/uploads\/2022\/07\/porto-de-itajai-foto-prefeitura-de-itajai.jpeg","datePublished":"2024-12-23T12:00:00+00:00","dateModified":"2024-12-24T15:29:41+00:00","breadcrumb":{"@id":"https:\/\/agenciainfra.com\/blog\/liminar-impede-federalizacao-do-porto-de-itajai\/#breadcrumb"},"inLanguage":"pt-BR","potentialAction":[{"@type":"ReadAction","target":["https:\/\/agenciainfra.com\/blog\/liminar-impede-federalizacao-do-porto-de-itajai\/"]}]},{"@type":"ImageObject","inLanguage":"pt-BR","@id":"https:\/\/agenciainfra.com\/blog\/liminar-impede-federalizacao-do-porto-de-itajai\/#primaryimage","url":"https:\/\/agenciainfra.com\/blog\/wp-content\/uploads\/2022\/07\/porto-de-itajai-foto-prefeitura-de-itajai.jpeg","contentUrl":"https:\/\/agenciainfra.com\/blog\/wp-content\/uploads\/2022\/07\/porto-de-itajai-foto-prefeitura-de-itajai.jpeg","width":1280,"height":848,"caption":"Foto: Prefeitura de Itaja\u00ed"},{"@type":"BreadcrumbList","@id":"https:\/\/agenciainfra.com\/blog\/liminar-impede-federalizacao-do-porto-de-itajai\/#breadcrumb","itemListElement":[{"@type":"ListItem","position":1,"name":"In\u00edcio","item":"https:\/\/agenciainfra.com\/blog\/"},{"@type":"ListItem","position":2,"name":"Liminar impede federaliza\u00e7\u00e3o do Porto de Itaja\u00ed"}]},{"@type":"WebSite","@id":"https:\/\/agenciainfra.com\/blog\/#website","url":"https:\/\/agenciainfra.com\/blog\/","name":"Ag\u00eancia iNFRA","description":"Multiplataforma de informa\u00e7\u00e3o jornal\u00edstica refer\u00eancia na \u00e1rea de infraestrutura no Brasil!","publisher":{"@id":"https:\/\/agenciainfra.com\/blog\/#organization"},"potentialAction":[{"@type":"SearchAction","target":{"@type":"EntryPoint","urlTemplate":"https:\/\/agenciainfra.com\/blog\/?s={search_term_string}"},"query-input":{"@type":"PropertyValueSpecification","valueRequired":true,"valueName":"search_term_string"}}],"inLanguage":"pt-BR"},{"@type":"Organization","@id":"https:\/\/agenciainfra.com\/blog\/#organization","name":"Ag\u00eancia iNFRA","url":"https:\/\/agenciainfra.com\/blog\/","logo":{"@type":"ImageObject","inLanguage":"pt-BR","@id":"https:\/\/agenciainfra.com\/blog\/#\/schema\/logo\/image\/","url":"https:\/\/agenciainfra.com\/blog\/wp-content\/uploads\/2023\/09\/iNFRA_5-e1761735885940.png","contentUrl":"https:\/\/agenciainfra.com\/blog\/wp-content\/uploads\/2023\/09\/iNFRA_5-e1761735885940.png","width":1672,"height":454,"caption":"Ag\u00eancia iNFRA"},"image":{"@id":"https:\/\/agenciainfra.com\/blog\/#\/schema\/logo\/image\/"},"sameAs":["https:\/\/www.facebook.com\/ageninfra","https:\/\/x.com\/agencia_infra","https:\/\/www.linkedin.com\/company\/ag\u00eanciainfra\/","https:\/\/www.instagram.com\/agenciainfra\/"]},{"@type":"Person","@id":"https:\/\/agenciainfra.com\/blog\/#\/schema\/person\/34af08dff6adea4cb22b06612ba7acfa","name":"Ag\u00eancia iNFRA","image":{"@type":"ImageObject","inLanguage":"pt-BR","@id":"https:\/\/agenciainfra.com\/blog\/#\/schema\/person\/image\/","url":"https:\/\/secure.gravatar.com\/avatar\/d189e01678f06d8eb84d4e01f08eb848b3fffe3f8443818d3c356c66892f5be8?s=96&d=mm&r=g","contentUrl":"https:\/\/secure.gravatar.com\/avatar\/d189e01678f06d8eb84d4e01f08eb848b3fffe3f8443818d3c356c66892f5be8?s=96&d=mm&r=g","caption":"Ag\u00eancia iNFRA"},"url":"https:\/\/agenciainfra.com\/blog\/author\/admin\/"}]}},"_links":{"self":[{"href":"https:\/\/agenciainfra.com\/blog\/wp-json\/wp\/v2\/posts\/19719","targetHints":{"allow":["GET"]}}],"collection":[{"href":"https:\/\/agenciainfra.com\/blog\/wp-json\/wp\/v2\/posts"}],"about":[{"href":"https:\/\/agenciainfra.com\/blog\/wp-json\/wp\/v2\/types\/post"}],"author":[{"embeddable":true,"href":"https:\/\/agenciainfra.com\/blog\/wp-json\/wp\/v2\/users\/1"}],"replies":[{"embeddable":true,"href":"https:\/\/agenciainfra.com\/blog\/wp-json\/wp\/v2\/comments?post=19719"}],"version-history":[{"count":3,"href":"https:\/\/agenciainfra.com\/blog\/wp-json\/wp\/v2\/posts\/19719\/revisions"}],"predecessor-version":[{"id":19723,"href":"https:\/\/agenciainfra.com\/blog\/wp-json\/wp\/v2\/posts\/19719\/revisions\/19723"}],"wp:featuredmedia":[{"embeddable":true,"href":"https:\/\/agenciainfra.com\/blog\/wp-json\/wp\/v2\/media\/10919"}],"wp:attachment":[{"href":"https:\/\/agenciainfra.com\/blog\/wp-json\/wp\/v2\/media?parent=19719"}],"wp:term":[{"taxonomy":"category","embeddable":true,"href":"https:\/\/agenciainfra.com\/blog\/wp-json\/wp\/v2\/categories?post=19719"},{"taxonomy":"post_tag","embeddable":true,"href":"https:\/\/agenciainfra.com\/blog\/wp-json\/wp\/v2\/tags?post=19719"}],"curies":[{"name":"wp","href":"https:\/\/api.w.org\/{rel}","templated":true}]}}