{"id":19727,"date":"2025-01-02T09:00:00","date_gmt":"2025-01-02T12:00:00","guid":{"rendered":"https:\/\/agenciainfra.com\/blog\/?p=19727"},"modified":"2025-01-03T22:03:28","modified_gmt":"2025-01-04T01:03:28","slug":"ministerio-dos-transportes-ja-tem-seis-leiloes-para-2025-objetivo-da-pasta-e-chegar-a-15-diz-secretaria","status":"publish","type":"post","link":"https:\/\/agenciainfra.com\/blog\/ministerio-dos-transportes-ja-tem-seis-leiloes-para-2025-objetivo-da-pasta-e-chegar-a-15-diz-secretaria\/","title":{"rendered":"Minist\u00e9rio dos Transportes j\u00e1 tem seis leil\u00f5es para 2025. Objetivo da pasta \u00e9 chegar a 15, diz secret\u00e1ria"},"content":{"rendered":"\n<p class=\"has-text-align-right\"><strong>Sheyla Santos, da Ag\u00eancia iNFRA<\/strong><\/p>\n\n\n\n<p>O Minist\u00e9rio dos Transportes tem seis leil\u00f5es de concess\u00f5es rodovi\u00e1rias previstos para 2025. O objetivo da pasta \u00e9 chegar a um pipeline de 15 projetos, segundo a secret\u00e1ria nacional de Transporte Rodovi\u00e1rio, Viviane Esse.<br><br>A secret\u00e1ria comenta em entrevista \u00e0\u00a0<strong>Ag\u00eancia iNFRA<\/strong>\u00a0sobre 2024 ser o ano com maior n\u00famero de leil\u00f5es de concess\u00f5es rodovi\u00e1rias da hist\u00f3ria da pasta, com diversifica\u00e7\u00e3o de players e regi\u00f5es atendidas.\u00a0E lembrou que os projetos para o ano que vem\u00a0incluem os acordos de repactua\u00e7\u00f5es que ser\u00e3o levados a disputa.<br><br><strong>&#8220;<\/strong>No processo construtivo das otimiza\u00e7\u00f5es [na SecexConsenso, do TCU], j\u00e1 tem uns tr\u00eas acordos, e em abril a previs\u00e3o dessa oferta ao mercado l\u00e1 na B3. Seis [ofertas de concess\u00f5es] j\u00e1 est\u00e3o publicadas, e as demais a gente vai publicar em breve&#8221;, disse a secret\u00e1ria, destacando que a diversidade regional vai trazer qualidade de infraestrutura em mais regi\u00f5es.<br><br>No dia 19 de dezembro, o minist\u00e9rio e a ANTT (Ag\u00eancia Nacional de Transportes Terrestres) realizaram na B3, em S\u00e3o Paulo, o s\u00e9timo e \u00faltimo certame do ano, o lote paranaense PR6. Ele \u00e9 formado pela combina\u00e7\u00e3o das rodovias federais BR-163\/277\/469 e estaduais PR-158\/180\/182\/280\/483.<br><br>A EPR, associa\u00e7\u00e3o das empresas Equipav e Perfin, foi a \u00fanica empresa a participar do leil\u00e3o, ofertando um desconto de 0,08% no valor do ped\u00e1gio-teto do leil\u00e3o.\u00a0Mas\u00a0o primeiro leil\u00e3o de 2025 j\u00e1 acontece no dia 7 de janeiro, a ponte binacional de S\u00e3o Borja (RS).<br><br>&#8220;Houve uma s\u00e9rie de a\u00e7\u00f5es que contribu\u00edram para que a gente tivesse essa carteira t\u00e3o significativa e t\u00e3o arrojada do tamanho que o Brasil precisa e merece, com sete leil\u00f5es neste ano. Lembrando que em seis deles n\u00f3s tivemos vencedores diferentes, alguns com um n\u00famero bastante significativo de participantes&#8221;, destacou a secret\u00e1ria.<br><br>Para ela, ter um cronograma e o comprometimento do governo de manter esse cronograma \u00e9 relevante para o mercado, al\u00e9m da melhoria da qualidade dos projetos mais bem estruturados.<br><br>&#8220;N\u00f3s temos projetos com capex maior e menor, extens\u00e3o maior e menor nas mais diversas regi\u00f5es do pa\u00eds e com o compartilhamento de risco adequado para cada tipo de projeto&#8221;, explicou, lembrando do intensivo processo de escuta dos players nacionais e estrangeiros para melhorar a qualidade dos estudos.<\/p>\n","protected":false},"excerpt":{"rendered":"<p>Sheyla Santos, da Ag\u00eancia iNFRA O Minist\u00e9rio dos Transportes tem seis leil\u00f5es de concess\u00f5es rodovi\u00e1rias previstos para 2025. O objetivo da pasta \u00e9 chegar a um pipeline de 15 projetos, segundo a secret\u00e1ria nacional de Transporte Rodovi\u00e1rio, Viviane Esse. A secret\u00e1ria comenta em entrevista \u00e0\u00a0Ag\u00eancia iNFRA\u00a0sobre 2024 ser o ano com maior n\u00famero de leil\u00f5es [&hellip;]<\/p>\n","protected":false},"author":1,"featured_media":14500,"comment_status":"closed","ping_status":"closed","sticky":false,"template":"","format":"standard","meta":{"_monsterinsights_skip_tracking":false,"_monsterinsights_sitenote_active":false,"_monsterinsights_sitenote_note":"","_monsterinsights_sitenote_category":0,"footnotes":""},"categories":[9714,1,7],"tags":[19,9756,838,4829,12116,12114,16,12117,3101,12115,3259,8838,1396],"class_list":["post-19727","post","type-post","status-publish","format-standard","has-post-thumbnail","hentry","category-destaque-menor","category-geral","category-infratransporte","tag-antt","tag-epr","tag-infraestrutura-rodoviaria","tag-leilao-de-rodovias","tag-leiloes-2025","tag-leiloes-de-concessoes-rodoviarias","tag-ministerio-dos-transportes","tag-pedagio-teto","tag-projetos-de-concessoes","tag-repactuacao-de-concessoes","tag-rodovias-do-parana","tag-sheyla-santos","tag-viviane-esse"],"yoast_head":"<!-- This site is optimized with the Yoast SEO Premium plugin v25.4 (Yoast SEO v26.0) - https:\/\/yoast.com\/wordpress\/plugins\/seo\/ -->\n<title>Minist\u00e9rio dos Transportes j\u00e1 tem seis leil\u00f5es para 2025. Objetivo da pasta \u00e9 chegar a 15, diz secret\u00e1ria - Ag\u00eancia iNFRA<\/title>\n<meta name=\"robots\" content=\"index, follow, max-snippet:-1, max-image-preview:large, max-video-preview:-1\" \/>\n<link rel=\"canonical\" href=\"https:\/\/agenciainfra.com\/blog\/ministerio-dos-transportes-ja-tem-seis-leiloes-para-2025-objetivo-da-pasta-e-chegar-a-15-diz-secretaria\/\" \/>\n<meta property=\"og:locale\" content=\"pt_BR\" \/>\n<meta property=\"og:type\" content=\"article\" \/>\n<meta property=\"og:title\" content=\"Minist\u00e9rio dos Transportes j\u00e1 tem seis leil\u00f5es para 2025. Objetivo da pasta \u00e9 chegar a 15, diz secret\u00e1ria\" \/>\n<meta property=\"og:description\" content=\"Sheyla Santos, da Ag\u00eancia iNFRA O Minist\u00e9rio dos Transportes tem seis leil\u00f5es de concess\u00f5es rodovi\u00e1rias previstos para 2025. O objetivo da pasta \u00e9 chegar a um pipeline de 15 projetos, segundo a secret\u00e1ria nacional de Transporte Rodovi\u00e1rio, Viviane Esse. A secret\u00e1ria comenta em entrevista \u00e0\u00a0Ag\u00eancia iNFRA\u00a0sobre 2024 ser o ano com maior n\u00famero de leil\u00f5es [&hellip;]\" \/>\n<meta property=\"og:url\" content=\"https:\/\/agenciainfra.com\/blog\/ministerio-dos-transportes-ja-tem-seis-leiloes-para-2025-objetivo-da-pasta-e-chegar-a-15-diz-secretaria\/\" \/>\n<meta property=\"og:site_name\" content=\"Ag\u00eancia iNFRA\" \/>\n<meta property=\"article:publisher\" content=\"https:\/\/www.facebook.com\/ageninfra\" \/>\n<meta property=\"article:published_time\" content=\"2025-01-02T12:00:00+00:00\" \/>\n<meta property=\"article:modified_time\" content=\"2025-01-04T01:03:28+00:00\" \/>\n<meta property=\"og:image\" content=\"https:\/\/agenciainfra.com\/blog\/wp-content\/uploads\/2023\/10\/viviane-esse-foto-governo-federal.jpeg\" \/>\n\t<meta property=\"og:image:width\" content=\"1202\" \/>\n\t<meta property=\"og:image:height\" content=\"801\" \/>\n\t<meta property=\"og:image:type\" content=\"image\/jpeg\" \/>\n<meta name=\"author\" content=\"Ag\u00eancia iNFRA\" \/>\n<meta name=\"twitter:card\" content=\"summary_large_image\" \/>\n<meta name=\"twitter:creator\" content=\"@agencia_infra\" \/>\n<meta name=\"twitter:site\" content=\"@agencia_infra\" \/>\n<meta name=\"twitter:label1\" content=\"Escrito por\" \/>\n\t<meta name=\"twitter:data1\" content=\"Ag\u00eancia iNFRA\" \/>\n\t<meta name=\"twitter:label2\" content=\"Est. tempo de leitura\" \/>\n\t<meta name=\"twitter:data2\" content=\"2 minutos\" \/>\n<script type=\"application\/ld+json\" class=\"yoast-schema-graph\">{\"@context\":\"https:\/\/schema.org\",\"@graph\":[{\"@type\":\"Article\",\"@id\":\"https:\/\/agenciainfra.com\/blog\/ministerio-dos-transportes-ja-tem-seis-leiloes-para-2025-objetivo-da-pasta-e-chegar-a-15-diz-secretaria\/#article\",\"isPartOf\":{\"@id\":\"https:\/\/agenciainfra.com\/blog\/ministerio-dos-transportes-ja-tem-seis-leiloes-para-2025-objetivo-da-pasta-e-chegar-a-15-diz-secretaria\/\"},\"author\":{\"name\":\"Ag\u00eancia iNFRA\",\"@id\":\"https:\/\/agenciainfra.com\/blog\/#\/schema\/person\/34af08dff6adea4cb22b06612ba7acfa\"},\"headline\":\"Minist\u00e9rio dos Transportes j\u00e1 tem seis leil\u00f5es para 2025. Objetivo da pasta \u00e9 chegar a 15, diz secret\u00e1ria\",\"datePublished\":\"2025-01-02T12:00:00+00:00\",\"dateModified\":\"2025-01-04T01:03:28+00:00\",\"mainEntityOfPage\":{\"@id\":\"https:\/\/agenciainfra.com\/blog\/ministerio-dos-transportes-ja-tem-seis-leiloes-para-2025-objetivo-da-pasta-e-chegar-a-15-diz-secretaria\/\"},\"wordCount\":426,\"publisher\":{\"@id\":\"https:\/\/agenciainfra.com\/blog\/#organization\"},\"image\":{\"@id\":\"https:\/\/agenciainfra.com\/blog\/ministerio-dos-transportes-ja-tem-seis-leiloes-para-2025-objetivo-da-pasta-e-chegar-a-15-diz-secretaria\/#primaryimage\"},\"thumbnailUrl\":\"https:\/\/agenciainfra.com\/blog\/wp-content\/uploads\/2023\/10\/viviane-esse-foto-governo-federal.jpeg\",\"keywords\":[\"ANTT\",\"EPR\",\"infraestrutura rodovi\u00e1ria\",\"leil\u00e3o de rodovias\",\"leil\u00f5es 2025\",\"leil\u00f5es de concess\u00f5es rodovi\u00e1rias\",\"minist\u00e9rio dos transportes\",\"ped\u00e1gio-teto\",\"projetos de concess\u00f5es\",\"repactua\u00e7\u00e3o de concess\u00f5es\",\"rodovias do Paran\u00e1\",\"Sheyla Santos\",\"Viviane Esse\"],\"articleSection\":[\"Destaque Menor\",\"Geral\",\"iNFRATransporte\"],\"inLanguage\":\"pt-BR\",\"copyrightYear\":\"2025\",\"copyrightHolder\":{\"@id\":\"https:\/\/agenciainfra.com\/blog\/#organization\"}},{\"@type\":\"WebPage\",\"@id\":\"https:\/\/agenciainfra.com\/blog\/ministerio-dos-transportes-ja-tem-seis-leiloes-para-2025-objetivo-da-pasta-e-chegar-a-15-diz-secretaria\/\",\"url\":\"https:\/\/agenciainfra.com\/blog\/ministerio-dos-transportes-ja-tem-seis-leiloes-para-2025-objetivo-da-pasta-e-chegar-a-15-diz-secretaria\/\",\"name\":\"Minist\u00e9rio dos Transportes j\u00e1 tem seis leil\u00f5es para 2025. Objetivo da pasta \u00e9 chegar a 15, diz secret\u00e1ria - Ag\u00eancia iNFRA\",\"isPartOf\":{\"@id\":\"https:\/\/agenciainfra.com\/blog\/#website\"},\"primaryImageOfPage\":{\"@id\":\"https:\/\/agenciainfra.com\/blog\/ministerio-dos-transportes-ja-tem-seis-leiloes-para-2025-objetivo-da-pasta-e-chegar-a-15-diz-secretaria\/#primaryimage\"},\"image\":{\"@id\":\"https:\/\/agenciainfra.com\/blog\/ministerio-dos-transportes-ja-tem-seis-leiloes-para-2025-objetivo-da-pasta-e-chegar-a-15-diz-secretaria\/#primaryimage\"},\"thumbnailUrl\":\"https:\/\/agenciainfra.com\/blog\/wp-content\/uploads\/2023\/10\/viviane-esse-foto-governo-federal.jpeg\",\"datePublished\":\"2025-01-02T12:00:00+00:00\",\"dateModified\":\"2025-01-04T01:03:28+00:00\",\"breadcrumb\":{\"@id\":\"https:\/\/agenciainfra.com\/blog\/ministerio-dos-transportes-ja-tem-seis-leiloes-para-2025-objetivo-da-pasta-e-chegar-a-15-diz-secretaria\/#breadcrumb\"},\"inLanguage\":\"pt-BR\",\"potentialAction\":[{\"@type\":\"ReadAction\",\"target\":[\"https:\/\/agenciainfra.com\/blog\/ministerio-dos-transportes-ja-tem-seis-leiloes-para-2025-objetivo-da-pasta-e-chegar-a-15-diz-secretaria\/\"]}]},{\"@type\":\"ImageObject\",\"inLanguage\":\"pt-BR\",\"@id\":\"https:\/\/agenciainfra.com\/blog\/ministerio-dos-transportes-ja-tem-seis-leiloes-para-2025-objetivo-da-pasta-e-chegar-a-15-diz-secretaria\/#primaryimage\",\"url\":\"https:\/\/agenciainfra.com\/blog\/wp-content\/uploads\/2023\/10\/viviane-esse-foto-governo-federal.jpeg\",\"contentUrl\":\"https:\/\/agenciainfra.com\/blog\/wp-content\/uploads\/2023\/10\/viviane-esse-foto-governo-federal.jpeg\",\"width\":1202,\"height\":801},{\"@type\":\"BreadcrumbList\",\"@id\":\"https:\/\/agenciainfra.com\/blog\/ministerio-dos-transportes-ja-tem-seis-leiloes-para-2025-objetivo-da-pasta-e-chegar-a-15-diz-secretaria\/#breadcrumb\",\"itemListElement\":[{\"@type\":\"ListItem\",\"position\":1,\"name\":\"In\u00edcio\",\"item\":\"https:\/\/agenciainfra.com\/blog\/\"},{\"@type\":\"ListItem\",\"position\":2,\"name\":\"Minist\u00e9rio dos Transportes j\u00e1 tem seis leil\u00f5es para 2025. Objetivo da pasta \u00e9 chegar a 15, diz secret\u00e1ria\"}]},{\"@type\":\"WebSite\",\"@id\":\"https:\/\/agenciainfra.com\/blog\/#website\",\"url\":\"https:\/\/agenciainfra.com\/blog\/\",\"name\":\"Ag\u00eancia iNFRA\",\"description\":\"Multiplataforma de informa\u00e7\u00e3o jornal\u00edstica refer\u00eancia na \u00e1rea de infraestrutura no Brasil!\",\"publisher\":{\"@id\":\"https:\/\/agenciainfra.com\/blog\/#organization\"},\"potentialAction\":[{\"@type\":\"SearchAction\",\"target\":{\"@type\":\"EntryPoint\",\"urlTemplate\":\"https:\/\/agenciainfra.com\/blog\/?s={search_term_string}\"},\"query-input\":{\"@type\":\"PropertyValueSpecification\",\"valueRequired\":true,\"valueName\":\"search_term_string\"}}],\"inLanguage\":\"pt-BR\"},{\"@type\":\"Organization\",\"@id\":\"https:\/\/agenciainfra.com\/blog\/#organization\",\"name\":\"Ag\u00eancia iNFRA\",\"url\":\"https:\/\/agenciainfra.com\/blog\/\",\"logo\":{\"@type\":\"ImageObject\",\"inLanguage\":\"pt-BR\",\"@id\":\"https:\/\/agenciainfra.com\/blog\/#\/schema\/logo\/image\/\",\"url\":\"https:\/\/agenciainfra.com\/blog\/wp-content\/uploads\/2023\/09\/iNFRA_5-e1761735885940.png\",\"contentUrl\":\"https:\/\/agenciainfra.com\/blog\/wp-content\/uploads\/2023\/09\/iNFRA_5-e1761735885940.png\",\"width\":1672,\"height\":454,\"caption\":\"Ag\u00eancia iNFRA\"},\"image\":{\"@id\":\"https:\/\/agenciainfra.com\/blog\/#\/schema\/logo\/image\/\"},\"sameAs\":[\"https:\/\/www.facebook.com\/ageninfra\",\"https:\/\/x.com\/agencia_infra\",\"https:\/\/www.linkedin.com\/company\/ag\u00eanciainfra\/\",\"https:\/\/www.instagram.com\/agenciainfra\/\"]},{\"@type\":\"Person\",\"@id\":\"https:\/\/agenciainfra.com\/blog\/#\/schema\/person\/34af08dff6adea4cb22b06612ba7acfa\",\"name\":\"Ag\u00eancia iNFRA\",\"image\":{\"@type\":\"ImageObject\",\"inLanguage\":\"pt-BR\",\"@id\":\"https:\/\/agenciainfra.com\/blog\/#\/schema\/person\/image\/\",\"url\":\"https:\/\/secure.gravatar.com\/avatar\/d189e01678f06d8eb84d4e01f08eb848b3fffe3f8443818d3c356c66892f5be8?s=96&d=mm&r=g\",\"contentUrl\":\"https:\/\/secure.gravatar.com\/avatar\/d189e01678f06d8eb84d4e01f08eb848b3fffe3f8443818d3c356c66892f5be8?s=96&d=mm&r=g\",\"caption\":\"Ag\u00eancia iNFRA\"},\"url\":\"https:\/\/agenciainfra.com\/blog\/author\/admin\/\"}]}<\/script>\n<!-- \/ Yoast SEO Premium plugin. -->","yoast_head_json":{"title":"Minist\u00e9rio dos Transportes j\u00e1 tem seis leil\u00f5es para 2025. Objetivo da pasta \u00e9 chegar a 15, diz secret\u00e1ria - Ag\u00eancia iNFRA","robots":{"index":"index","follow":"follow","max-snippet":"max-snippet:-1","max-image-preview":"max-image-preview:large","max-video-preview":"max-video-preview:-1"},"canonical":"https:\/\/agenciainfra.com\/blog\/ministerio-dos-transportes-ja-tem-seis-leiloes-para-2025-objetivo-da-pasta-e-chegar-a-15-diz-secretaria\/","og_locale":"pt_BR","og_type":"article","og_title":"Minist\u00e9rio dos Transportes j\u00e1 tem seis leil\u00f5es para 2025. Objetivo da pasta \u00e9 chegar a 15, diz secret\u00e1ria","og_description":"Sheyla Santos, da Ag\u00eancia iNFRA O Minist\u00e9rio dos Transportes tem seis leil\u00f5es de concess\u00f5es rodovi\u00e1rias previstos para 2025. O objetivo da pasta \u00e9 chegar a um pipeline de 15 projetos, segundo a secret\u00e1ria nacional de Transporte Rodovi\u00e1rio, Viviane Esse. A secret\u00e1ria comenta em entrevista \u00e0\u00a0Ag\u00eancia iNFRA\u00a0sobre 2024 ser o ano com maior n\u00famero de leil\u00f5es [&hellip;]","og_url":"https:\/\/agenciainfra.com\/blog\/ministerio-dos-transportes-ja-tem-seis-leiloes-para-2025-objetivo-da-pasta-e-chegar-a-15-diz-secretaria\/","og_site_name":"Ag\u00eancia iNFRA","article_publisher":"https:\/\/www.facebook.com\/ageninfra","article_published_time":"2025-01-02T12:00:00+00:00","article_modified_time":"2025-01-04T01:03:28+00:00","og_image":[{"width":1202,"height":801,"url":"https:\/\/agenciainfra.com\/blog\/wp-content\/uploads\/2023\/10\/viviane-esse-foto-governo-federal.jpeg","type":"image\/jpeg"}],"author":"Ag\u00eancia iNFRA","twitter_card":"summary_large_image","twitter_creator":"@agencia_infra","twitter_site":"@agencia_infra","twitter_misc":{"Escrito por":"Ag\u00eancia iNFRA","Est. tempo de leitura":"2 minutos"},"schema":{"@context":"https:\/\/schema.org","@graph":[{"@type":"Article","@id":"https:\/\/agenciainfra.com\/blog\/ministerio-dos-transportes-ja-tem-seis-leiloes-para-2025-objetivo-da-pasta-e-chegar-a-15-diz-secretaria\/#article","isPartOf":{"@id":"https:\/\/agenciainfra.com\/blog\/ministerio-dos-transportes-ja-tem-seis-leiloes-para-2025-objetivo-da-pasta-e-chegar-a-15-diz-secretaria\/"},"author":{"name":"Ag\u00eancia iNFRA","@id":"https:\/\/agenciainfra.com\/blog\/#\/schema\/person\/34af08dff6adea4cb22b06612ba7acfa"},"headline":"Minist\u00e9rio dos Transportes j\u00e1 tem seis leil\u00f5es para 2025. Objetivo da pasta \u00e9 chegar a 15, diz secret\u00e1ria","datePublished":"2025-01-02T12:00:00+00:00","dateModified":"2025-01-04T01:03:28+00:00","mainEntityOfPage":{"@id":"https:\/\/agenciainfra.com\/blog\/ministerio-dos-transportes-ja-tem-seis-leiloes-para-2025-objetivo-da-pasta-e-chegar-a-15-diz-secretaria\/"},"wordCount":426,"publisher":{"@id":"https:\/\/agenciainfra.com\/blog\/#organization"},"image":{"@id":"https:\/\/agenciainfra.com\/blog\/ministerio-dos-transportes-ja-tem-seis-leiloes-para-2025-objetivo-da-pasta-e-chegar-a-15-diz-secretaria\/#primaryimage"},"thumbnailUrl":"https:\/\/agenciainfra.com\/blog\/wp-content\/uploads\/2023\/10\/viviane-esse-foto-governo-federal.jpeg","keywords":["ANTT","EPR","infraestrutura rodovi\u00e1ria","leil\u00e3o de rodovias","leil\u00f5es 2025","leil\u00f5es de concess\u00f5es rodovi\u00e1rias","minist\u00e9rio dos transportes","ped\u00e1gio-teto","projetos de concess\u00f5es","repactua\u00e7\u00e3o de concess\u00f5es","rodovias do Paran\u00e1","Sheyla Santos","Viviane Esse"],"articleSection":["Destaque Menor","Geral","iNFRATransporte"],"inLanguage":"pt-BR","copyrightYear":"2025","copyrightHolder":{"@id":"https:\/\/agenciainfra.com\/blog\/#organization"}},{"@type":"WebPage","@id":"https:\/\/agenciainfra.com\/blog\/ministerio-dos-transportes-ja-tem-seis-leiloes-para-2025-objetivo-da-pasta-e-chegar-a-15-diz-secretaria\/","url":"https:\/\/agenciainfra.com\/blog\/ministerio-dos-transportes-ja-tem-seis-leiloes-para-2025-objetivo-da-pasta-e-chegar-a-15-diz-secretaria\/","name":"Minist\u00e9rio dos Transportes j\u00e1 tem seis leil\u00f5es para 2025. Objetivo da pasta \u00e9 chegar a 15, diz secret\u00e1ria - Ag\u00eancia iNFRA","isPartOf":{"@id":"https:\/\/agenciainfra.com\/blog\/#website"},"primaryImageOfPage":{"@id":"https:\/\/agenciainfra.com\/blog\/ministerio-dos-transportes-ja-tem-seis-leiloes-para-2025-objetivo-da-pasta-e-chegar-a-15-diz-secretaria\/#primaryimage"},"image":{"@id":"https:\/\/agenciainfra.com\/blog\/ministerio-dos-transportes-ja-tem-seis-leiloes-para-2025-objetivo-da-pasta-e-chegar-a-15-diz-secretaria\/#primaryimage"},"thumbnailUrl":"https:\/\/agenciainfra.com\/blog\/wp-content\/uploads\/2023\/10\/viviane-esse-foto-governo-federal.jpeg","datePublished":"2025-01-02T12:00:00+00:00","dateModified":"2025-01-04T01:03:28+00:00","breadcrumb":{"@id":"https:\/\/agenciainfra.com\/blog\/ministerio-dos-transportes-ja-tem-seis-leiloes-para-2025-objetivo-da-pasta-e-chegar-a-15-diz-secretaria\/#breadcrumb"},"inLanguage":"pt-BR","potentialAction":[{"@type":"ReadAction","target":["https:\/\/agenciainfra.com\/blog\/ministerio-dos-transportes-ja-tem-seis-leiloes-para-2025-objetivo-da-pasta-e-chegar-a-15-diz-secretaria\/"]}]},{"@type":"ImageObject","inLanguage":"pt-BR","@id":"https:\/\/agenciainfra.com\/blog\/ministerio-dos-transportes-ja-tem-seis-leiloes-para-2025-objetivo-da-pasta-e-chegar-a-15-diz-secretaria\/#primaryimage","url":"https:\/\/agenciainfra.com\/blog\/wp-content\/uploads\/2023\/10\/viviane-esse-foto-governo-federal.jpeg","contentUrl":"https:\/\/agenciainfra.com\/blog\/wp-content\/uploads\/2023\/10\/viviane-esse-foto-governo-federal.jpeg","width":1202,"height":801},{"@type":"BreadcrumbList","@id":"https:\/\/agenciainfra.com\/blog\/ministerio-dos-transportes-ja-tem-seis-leiloes-para-2025-objetivo-da-pasta-e-chegar-a-15-diz-secretaria\/#breadcrumb","itemListElement":[{"@type":"ListItem","position":1,"name":"In\u00edcio","item":"https:\/\/agenciainfra.com\/blog\/"},{"@type":"ListItem","position":2,"name":"Minist\u00e9rio dos Transportes j\u00e1 tem seis leil\u00f5es para 2025. Objetivo da pasta \u00e9 chegar a 15, diz secret\u00e1ria"}]},{"@type":"WebSite","@id":"https:\/\/agenciainfra.com\/blog\/#website","url":"https:\/\/agenciainfra.com\/blog\/","name":"Ag\u00eancia iNFRA","description":"Multiplataforma de informa\u00e7\u00e3o jornal\u00edstica refer\u00eancia na \u00e1rea de infraestrutura no Brasil!","publisher":{"@id":"https:\/\/agenciainfra.com\/blog\/#organization"},"potentialAction":[{"@type":"SearchAction","target":{"@type":"EntryPoint","urlTemplate":"https:\/\/agenciainfra.com\/blog\/?s={search_term_string}"},"query-input":{"@type":"PropertyValueSpecification","valueRequired":true,"valueName":"search_term_string"}}],"inLanguage":"pt-BR"},{"@type":"Organization","@id":"https:\/\/agenciainfra.com\/blog\/#organization","name":"Ag\u00eancia iNFRA","url":"https:\/\/agenciainfra.com\/blog\/","logo":{"@type":"ImageObject","inLanguage":"pt-BR","@id":"https:\/\/agenciainfra.com\/blog\/#\/schema\/logo\/image\/","url":"https:\/\/agenciainfra.com\/blog\/wp-content\/uploads\/2023\/09\/iNFRA_5-e1761735885940.png","contentUrl":"https:\/\/agenciainfra.com\/blog\/wp-content\/uploads\/2023\/09\/iNFRA_5-e1761735885940.png","width":1672,"height":454,"caption":"Ag\u00eancia iNFRA"},"image":{"@id":"https:\/\/agenciainfra.com\/blog\/#\/schema\/logo\/image\/"},"sameAs":["https:\/\/www.facebook.com\/ageninfra","https:\/\/x.com\/agencia_infra","https:\/\/www.linkedin.com\/company\/ag\u00eanciainfra\/","https:\/\/www.instagram.com\/agenciainfra\/"]},{"@type":"Person","@id":"https:\/\/agenciainfra.com\/blog\/#\/schema\/person\/34af08dff6adea4cb22b06612ba7acfa","name":"Ag\u00eancia iNFRA","image":{"@type":"ImageObject","inLanguage":"pt-BR","@id":"https:\/\/agenciainfra.com\/blog\/#\/schema\/person\/image\/","url":"https:\/\/secure.gravatar.com\/avatar\/d189e01678f06d8eb84d4e01f08eb848b3fffe3f8443818d3c356c66892f5be8?s=96&d=mm&r=g","contentUrl":"https:\/\/secure.gravatar.com\/avatar\/d189e01678f06d8eb84d4e01f08eb848b3fffe3f8443818d3c356c66892f5be8?s=96&d=mm&r=g","caption":"Ag\u00eancia iNFRA"},"url":"https:\/\/agenciainfra.com\/blog\/author\/admin\/"}]}},"_links":{"self":[{"href":"https:\/\/agenciainfra.com\/blog\/wp-json\/wp\/v2\/posts\/19727","targetHints":{"allow":["GET"]}}],"collection":[{"href":"https:\/\/agenciainfra.com\/blog\/wp-json\/wp\/v2\/posts"}],"about":[{"href":"https:\/\/agenciainfra.com\/blog\/wp-json\/wp\/v2\/types\/post"}],"author":[{"embeddable":true,"href":"https:\/\/agenciainfra.com\/blog\/wp-json\/wp\/v2\/users\/1"}],"replies":[{"embeddable":true,"href":"https:\/\/agenciainfra.com\/blog\/wp-json\/wp\/v2\/comments?post=19727"}],"version-history":[{"count":1,"href":"https:\/\/agenciainfra.com\/blog\/wp-json\/wp\/v2\/posts\/19727\/revisions"}],"predecessor-version":[{"id":19728,"href":"https:\/\/agenciainfra.com\/blog\/wp-json\/wp\/v2\/posts\/19727\/revisions\/19728"}],"wp:featuredmedia":[{"embeddable":true,"href":"https:\/\/agenciainfra.com\/blog\/wp-json\/wp\/v2\/media\/14500"}],"wp:attachment":[{"href":"https:\/\/agenciainfra.com\/blog\/wp-json\/wp\/v2\/media?parent=19727"}],"wp:term":[{"taxonomy":"category","embeddable":true,"href":"https:\/\/agenciainfra.com\/blog\/wp-json\/wp\/v2\/categories?post=19727"},{"taxonomy":"post_tag","embeddable":true,"href":"https:\/\/agenciainfra.com\/blog\/wp-json\/wp\/v2\/tags?post=19727"}],"curies":[{"name":"wp","href":"https:\/\/api.w.org\/{rel}","templated":true}]}}