{"id":19739,"date":"2024-12-21T08:00:00","date_gmt":"2024-12-21T11:00:00","guid":{"rendered":"https:\/\/agenciainfra.com\/blog\/?p=19739"},"modified":"2026-02-13T17:16:08","modified_gmt":"2026-02-13T20:16:08","slug":"cobertura-fotografica-do-seminario-20-anos-da-lei-de-ppps","status":"publish","type":"post","link":"https:\/\/agenciainfra.com\/blog\/cobertura-fotografica-do-seminario-20-anos-da-lei-de-ppps\/","title":{"rendered":"Cobertura fotogr\u00e1fica do Semin\u00e1rio 20 Anos da Lei de PPPs"},"content":{"rendered":"\t\t<div data-elementor-type=\"wp-post\" data-elementor-id=\"19739\" class=\"elementor elementor-19739\" data-elementor-post-type=\"post\">\n\t\t\t\t<div class=\"elementor-element elementor-element-6c5ab3f4 e-con-full e-flex e-con e-parent\" data-id=\"6c5ab3f4\" data-element_type=\"container\">\n\t\t\t\t<div class=\"elementor-element elementor-element-198eb001 elementor-widget elementor-widget-text-editor\" data-id=\"198eb001\" data-element_type=\"widget\" data-widget_type=\"text-editor.default\">\n\t\t\t\t<div class=\"elementor-widget-container\">\n\t\t\t\t\t\t\t\t\t<p><\/p>\n<p class=\"has-text-align-right\"><strong>apresentado por ApexBrasil<\/strong><\/p>\n<p><\/p>\n<p><\/p>\n<p>Nos dias 9 e 10 de dezembro, foi realizado em Bras\u00edlia (DF) o semin\u00e1rio 20 Anos da Lei Federal de PPPs \u2013 Lei 11.079, promovido pela ApexBrasil e pelo PPI (Programa de Parceria de Investimentos) da Casa Civil da Presid\u00eancia da Rep\u00fablica. A\u00a0<strong>Ag\u00eancia iNFRA<\/strong>\u00a0promoveu uma cobertura especial do encontro que reuniu especialistas e autoridades nacionais e internacionais para debater sobre os avan\u00e7os desse marco das parcerias entre o setor p\u00fablico e privado no pa\u00eds.<\/p>\n<p>A cobertura do evento resultou no <a href=\"https:\/\/agenciainfra.com\/blog\/cadernos-infra-seminario-20-anos-da-lei-de-ppps-apresentado-por-apexbrasil\/\">Cadernos iNFRA<\/a>, uma revista especial produzida pela\u00a0<strong>Ag\u00eancia iNFRA<\/strong>\u00a0e apresentada pela ApexBrasil, contando sobre cada uma das mesas do evento.\u00a0<\/p>\n<p><\/p>\n<p><\/p>\n<p>Confira abaixo a galeria com alguns dos registros feitos pelo fot\u00f3grafo P\u00e9rcio Campos durante o semin\u00e1rio:<span style=\"color: var( --e-global-color-text ); text-align: var(--text-align);\">\u00a0<\/span><\/p>\n<p>\u00a0<\/p>\n<figure class=\"wp-block-gallery has-nested-images columns-default is-cropped\">\n<p><\/p>\n<\/figure>\n<p><!-- \/wp:gallery --><\/p>\t\t\t\t\t\t\t\t<\/div>\n\t\t\t\t<\/div>\n\t\t\t\t<\/div>\n\t\t<div class=\"elementor-element elementor-element-3b22845 e-flex e-con-boxed e-con e-parent\" data-id=\"3b22845\" data-element_type=\"container\">\n\t\t\t\t\t<div class=\"e-con-inner\">\n\t\t\t\t<div class=\"elementor-element elementor-element-28df74b elementor-widget elementor-widget-gallery\" data-id=\"28df74b\" data-element_type=\"widget\" data-settings=\"{&quot;columns&quot;:3,&quot;gap&quot;:{&quot;unit&quot;:&quot;px&quot;,&quot;size&quot;:8,&quot;sizes&quot;:[]},&quot;lazyload&quot;:&quot;yes&quot;,&quot;gallery_layout&quot;:&quot;grid&quot;,&quot;columns_tablet&quot;:2,&quot;columns_mobile&quot;:1,&quot;gap_tablet&quot;:{&quot;unit&quot;:&quot;px&quot;,&quot;size&quot;:10,&quot;sizes&quot;:[]},&quot;gap_mobile&quot;:{&quot;unit&quot;:&quot;px&quot;,&quot;size&quot;:10,&quot;sizes&quot;:[]},&quot;link_to&quot;:&quot;file&quot;,&quot;aspect_ratio&quot;:&quot;3:2&quot;,&quot;overlay_background&quot;:&quot;yes&quot;,&quot;content_hover_animation&quot;:&quot;fade-in&quot;}\" data-widget_type=\"gallery.default\">\n\t\t\t\t<div class=\"elementor-widget-container\">\n\t\t\t\t\t\t\t<div class=\"elementor-gallery__container\">\n\t\t\t\t\t\t\t<a class=\"e-gallery-item elementor-gallery-item elementor-animated-content\" href=\"https:\/\/agenciainfra.com\/blog\/wp-content\/uploads\/2024\/12\/20anosleidepps-foto-percio-campos-agencia-infra-1-1-scaled.jpg\" data-elementor-open-lightbox=\"yes\" data-elementor-lightbox-slideshow=\"28df74b\" data-elementor-lightbox-title=\"PPP_20 Anos_Foto: Perco Campos\" data-e-action-hash=\"#elementor-action%3Aaction%3Dlightbox%26settings%3DeyJpZCI6MTk4MTUsInVybCI6Imh0dHBzOlwvXC9hZ2VuY2lhaW5mcmEuY29tXC9ibG9nXC93cC1jb250ZW50XC91cGxvYWRzXC8yMDI0XC8xMlwvMjBhbm9zbGVpZGVwcHMtZm90by1wZXJjaW8tY2FtcG9zLWFnZW5jaWEtaW5mcmEtMS0xLXNjYWxlZC5qcGciLCJzbGlkZXNob3ciOiIyOGRmNzRiIn0%3D\">\n\t\t\t\t\t<div class=\"e-gallery-image elementor-gallery-item__image\" data-thumbnail=\"https:\/\/agenciainfra.com\/blog\/wp-content\/uploads\/2024\/12\/20anosleidepps-foto-percio-campos-agencia-infra-1-1-1024x683.jpg\" data-width=\"800\" data-height=\"534\" aria-label=\"\" role=\"img\" ><\/div>\n\t\t\t\t\t\t\t\t\t\t\t<div class=\"elementor-gallery-item__overlay\"><\/div>\n\t\t\t\t\t\t\t\t\t\t\t\t\t\t<\/a>\n\t\t\t\t\t\t\t<a class=\"e-gallery-item elementor-gallery-item elementor-animated-content\" href=\"https:\/\/agenciainfra.com\/blog\/wp-content\/uploads\/2024\/12\/20anosleidepps-foto-percio-campos-agencia-infra-2-1-scaled.jpg\" data-elementor-open-lightbox=\"yes\" data-elementor-lightbox-slideshow=\"28df74b\" data-elementor-lightbox-title=\"PPP_20 Anos_Foto: Perco Campos\" data-e-action-hash=\"#elementor-action%3Aaction%3Dlightbox%26settings%3DeyJpZCI6MTk4MTYsInVybCI6Imh0dHBzOlwvXC9hZ2VuY2lhaW5mcmEuY29tXC9ibG9nXC93cC1jb250ZW50XC91cGxvYWRzXC8yMDI0XC8xMlwvMjBhbm9zbGVpZGVwcHMtZm90by1wZXJjaW8tY2FtcG9zLWFnZW5jaWEtaW5mcmEtMi0xLXNjYWxlZC5qcGciLCJzbGlkZXNob3ciOiIyOGRmNzRiIn0%3D\">\n\t\t\t\t\t<div class=\"e-gallery-image elementor-gallery-item__image\" data-thumbnail=\"https:\/\/agenciainfra.com\/blog\/wp-content\/uploads\/2024\/12\/20anosleidepps-foto-percio-campos-agencia-infra-2-1-1024x683.jpg\" data-width=\"800\" data-height=\"534\" aria-label=\"\" role=\"img\" ><\/div>\n\t\t\t\t\t\t\t\t\t\t\t<div class=\"elementor-gallery-item__overlay\"><\/div>\n\t\t\t\t\t\t\t\t\t\t\t\t\t\t<\/a>\n\t\t\t\t\t\t\t<a class=\"e-gallery-item elementor-gallery-item elementor-animated-content\" href=\"https:\/\/agenciainfra.com\/blog\/wp-content\/uploads\/2024\/12\/20anosleidepps-foto-percio-campos-agencia-infra-3-1-scaled.jpg\" data-elementor-open-lightbox=\"yes\" data-elementor-lightbox-slideshow=\"28df74b\" data-elementor-lightbox-title=\"PPP_20 Anos_Foto: Perco Campos\" data-e-action-hash=\"#elementor-action%3Aaction%3Dlightbox%26settings%3DeyJpZCI6MTk4MTcsInVybCI6Imh0dHBzOlwvXC9hZ2VuY2lhaW5mcmEuY29tXC9ibG9nXC93cC1jb250ZW50XC91cGxvYWRzXC8yMDI0XC8xMlwvMjBhbm9zbGVpZGVwcHMtZm90by1wZXJjaW8tY2FtcG9zLWFnZW5jaWEtaW5mcmEtMy0xLXNjYWxlZC5qcGciLCJzbGlkZXNob3ciOiIyOGRmNzRiIn0%3D\">\n\t\t\t\t\t<div class=\"e-gallery-image elementor-gallery-item__image\" data-thumbnail=\"https:\/\/agenciainfra.com\/blog\/wp-content\/uploads\/2024\/12\/20anosleidepps-foto-percio-campos-agencia-infra-3-1-1024x683.jpg\" data-width=\"800\" data-height=\"534\" aria-label=\"\" role=\"img\" ><\/div>\n\t\t\t\t\t\t\t\t\t\t\t<div class=\"elementor-gallery-item__overlay\"><\/div>\n\t\t\t\t\t\t\t\t\t\t\t\t\t\t<\/a>\n\t\t\t\t\t\t\t<a class=\"e-gallery-item elementor-gallery-item elementor-animated-content\" href=\"https:\/\/agenciainfra.com\/blog\/wp-content\/uploads\/2024\/12\/20anosleidepps-foto-percio-campos-agencia-infra-4-1-scaled.jpg\" data-elementor-open-lightbox=\"yes\" data-elementor-lightbox-slideshow=\"28df74b\" data-elementor-lightbox-title=\"PPP_20 Anos_Foto: Perco Campos\" data-e-action-hash=\"#elementor-action%3Aaction%3Dlightbox%26settings%3DeyJpZCI6MTk4MTgsInVybCI6Imh0dHBzOlwvXC9hZ2VuY2lhaW5mcmEuY29tXC9ibG9nXC93cC1jb250ZW50XC91cGxvYWRzXC8yMDI0XC8xMlwvMjBhbm9zbGVpZGVwcHMtZm90by1wZXJjaW8tY2FtcG9zLWFnZW5jaWEtaW5mcmEtNC0xLXNjYWxlZC5qcGciLCJzbGlkZXNob3ciOiIyOGRmNzRiIn0%3D\">\n\t\t\t\t\t<div class=\"e-gallery-image elementor-gallery-item__image\" data-thumbnail=\"https:\/\/agenciainfra.com\/blog\/wp-content\/uploads\/2024\/12\/20anosleidepps-foto-percio-campos-agencia-infra-4-1-683x1024.jpg\" data-width=\"683\" data-height=\"1024\" aria-label=\"\" role=\"img\" ><\/div>\n\t\t\t\t\t\t\t\t\t\t\t<div class=\"elementor-gallery-item__overlay\"><\/div>\n\t\t\t\t\t\t\t\t\t\t\t\t\t\t<\/a>\n\t\t\t\t\t\t\t<a class=\"e-gallery-item elementor-gallery-item elementor-animated-content\" href=\"https:\/\/agenciainfra.com\/blog\/wp-content\/uploads\/2024\/12\/20anosleidepps-foto-percio-campos-agencia-infra-5-1-scaled.jpg\" data-elementor-open-lightbox=\"yes\" data-elementor-lightbox-slideshow=\"28df74b\" data-elementor-lightbox-title=\"PPP_20 Anos_Foto: Perco Campos\" data-e-action-hash=\"#elementor-action%3Aaction%3Dlightbox%26settings%3DeyJpZCI6MTk4MTksInVybCI6Imh0dHBzOlwvXC9hZ2VuY2lhaW5mcmEuY29tXC9ibG9nXC93cC1jb250ZW50XC91cGxvYWRzXC8yMDI0XC8xMlwvMjBhbm9zbGVpZGVwcHMtZm90by1wZXJjaW8tY2FtcG9zLWFnZW5jaWEtaW5mcmEtNS0xLXNjYWxlZC5qcGciLCJzbGlkZXNob3ciOiIyOGRmNzRiIn0%3D\">\n\t\t\t\t\t<div class=\"e-gallery-image elementor-gallery-item__image\" data-thumbnail=\"https:\/\/agenciainfra.com\/blog\/wp-content\/uploads\/2024\/12\/20anosleidepps-foto-percio-campos-agencia-infra-5-1-1024x683.jpg\" data-width=\"800\" data-height=\"534\" aria-label=\"\" role=\"img\" ><\/div>\n\t\t\t\t\t\t\t\t\t\t\t<div class=\"elementor-gallery-item__overlay\"><\/div>\n\t\t\t\t\t\t\t\t\t\t\t\t\t\t<\/a>\n\t\t\t\t\t\t\t<a class=\"e-gallery-item elementor-gallery-item elementor-animated-content\" href=\"https:\/\/agenciainfra.com\/blog\/wp-content\/uploads\/2024\/12\/20anosleidepps-foto-percio-campos-agencia-infra-6-1-scaled.jpg\" data-elementor-open-lightbox=\"yes\" data-elementor-lightbox-slideshow=\"28df74b\" data-elementor-lightbox-title=\"PPP_20 Anos_Foto: Perco Campos\" data-e-action-hash=\"#elementor-action%3Aaction%3Dlightbox%26settings%3DeyJpZCI6MTk4MjAsInVybCI6Imh0dHBzOlwvXC9hZ2VuY2lhaW5mcmEuY29tXC9ibG9nXC93cC1jb250ZW50XC91cGxvYWRzXC8yMDI0XC8xMlwvMjBhbm9zbGVpZGVwcHMtZm90by1wZXJjaW8tY2FtcG9zLWFnZW5jaWEtaW5mcmEtNi0xLXNjYWxlZC5qcGciLCJzbGlkZXNob3ciOiIyOGRmNzRiIn0%3D\">\n\t\t\t\t\t<div class=\"e-gallery-image elementor-gallery-item__image\" data-thumbnail=\"https:\/\/agenciainfra.com\/blog\/wp-content\/uploads\/2024\/12\/20anosleidepps-foto-percio-campos-agencia-infra-6-1-1024x683.jpg\" data-width=\"800\" data-height=\"534\" aria-label=\"\" role=\"img\" ><\/div>\n\t\t\t\t\t\t\t\t\t\t\t<div class=\"elementor-gallery-item__overlay\"><\/div>\n\t\t\t\t\t\t\t\t\t\t\t\t\t\t<\/a>\n\t\t\t\t\t\t\t<a class=\"e-gallery-item elementor-gallery-item elementor-animated-content\" href=\"https:\/\/agenciainfra.com\/blog\/wp-content\/uploads\/2024\/12\/20anosleidepps-foto-percio-campos-agencia-infra-7-1-scaled.jpg\" data-elementor-open-lightbox=\"yes\" data-elementor-lightbox-slideshow=\"28df74b\" data-elementor-lightbox-title=\"PPP_20 Anos_Foto: Perco Campos\" data-e-action-hash=\"#elementor-action%3Aaction%3Dlightbox%26settings%3DeyJpZCI6MTk4MjEsInVybCI6Imh0dHBzOlwvXC9hZ2VuY2lhaW5mcmEuY29tXC9ibG9nXC93cC1jb250ZW50XC91cGxvYWRzXC8yMDI0XC8xMlwvMjBhbm9zbGVpZGVwcHMtZm90by1wZXJjaW8tY2FtcG9zLWFnZW5jaWEtaW5mcmEtNy0xLXNjYWxlZC5qcGciLCJzbGlkZXNob3ciOiIyOGRmNzRiIn0%3D\">\n\t\t\t\t\t<div class=\"e-gallery-image elementor-gallery-item__image\" data-thumbnail=\"https:\/\/agenciainfra.com\/blog\/wp-content\/uploads\/2024\/12\/20anosleidepps-foto-percio-campos-agencia-infra-7-1-1024x717.jpg\" data-width=\"800\" data-height=\"560\" aria-label=\"\" role=\"img\" ><\/div>\n\t\t\t\t\t\t\t\t\t\t\t<div class=\"elementor-gallery-item__overlay\"><\/div>\n\t\t\t\t\t\t\t\t\t\t\t\t\t\t<\/a>\n\t\t\t\t\t\t\t<a class=\"e-gallery-item elementor-gallery-item elementor-animated-content\" href=\"https:\/\/agenciainfra.com\/blog\/wp-content\/uploads\/2024\/12\/20anosleidepps-foto-percio-campos-agencia-infra-8-1-scaled.jpg\" data-elementor-open-lightbox=\"yes\" data-elementor-lightbox-slideshow=\"28df74b\" data-elementor-lightbox-title=\"PPP_20 Anos_Foto: Perco Campos\" data-e-action-hash=\"#elementor-action%3Aaction%3Dlightbox%26settings%3DeyJpZCI6MTk4MjIsInVybCI6Imh0dHBzOlwvXC9hZ2VuY2lhaW5mcmEuY29tXC9ibG9nXC93cC1jb250ZW50XC91cGxvYWRzXC8yMDI0XC8xMlwvMjBhbm9zbGVpZGVwcHMtZm90by1wZXJjaW8tY2FtcG9zLWFnZW5jaWEtaW5mcmEtOC0xLXNjYWxlZC5qcGciLCJzbGlkZXNob3ciOiIyOGRmNzRiIn0%3D\">\n\t\t\t\t\t<div class=\"e-gallery-image elementor-gallery-item__image\" data-thumbnail=\"https:\/\/agenciainfra.com\/blog\/wp-content\/uploads\/2024\/12\/20anosleidepps-foto-percio-campos-agencia-infra-8-1-1024x683.jpg\" data-width=\"800\" data-height=\"534\" aria-label=\"\" role=\"img\" ><\/div>\n\t\t\t\t\t\t\t\t\t\t\t<div class=\"elementor-gallery-item__overlay\"><\/div>\n\t\t\t\t\t\t\t\t\t\t\t\t\t\t<\/a>\n\t\t\t\t\t\t\t<a class=\"e-gallery-item elementor-gallery-item elementor-animated-content\" href=\"https:\/\/agenciainfra.com\/blog\/wp-content\/uploads\/2024\/12\/20anosleidepps-foto-percio-campos-agencia-infra-9-1-scaled.jpg\" data-elementor-open-lightbox=\"yes\" data-elementor-lightbox-slideshow=\"28df74b\" data-elementor-lightbox-title=\"PPP_20 Anos_Foto: Perco Campos\" data-e-action-hash=\"#elementor-action%3Aaction%3Dlightbox%26settings%3DeyJpZCI6MTk4MjMsInVybCI6Imh0dHBzOlwvXC9hZ2VuY2lhaW5mcmEuY29tXC9ibG9nXC93cC1jb250ZW50XC91cGxvYWRzXC8yMDI0XC8xMlwvMjBhbm9zbGVpZGVwcHMtZm90by1wZXJjaW8tY2FtcG9zLWFnZW5jaWEtaW5mcmEtOS0xLXNjYWxlZC5qcGciLCJzbGlkZXNob3ciOiIyOGRmNzRiIn0%3D\">\n\t\t\t\t\t<div class=\"e-gallery-image elementor-gallery-item__image\" data-thumbnail=\"https:\/\/agenciainfra.com\/blog\/wp-content\/uploads\/2024\/12\/20anosleidepps-foto-percio-campos-agencia-infra-9-1-1024x683.jpg\" data-width=\"800\" data-height=\"534\" aria-label=\"\" role=\"img\" ><\/div>\n\t\t\t\t\t\t\t\t\t\t\t<div class=\"elementor-gallery-item__overlay\"><\/div>\n\t\t\t\t\t\t\t\t\t\t\t\t\t\t<\/a>\n\t\t\t\t\t\t\t<a class=\"e-gallery-item elementor-gallery-item elementor-animated-content\" href=\"https:\/\/agenciainfra.com\/blog\/wp-content\/uploads\/2024\/12\/20anosleidepps-foto-percio-campos-agencia-infra-10-1-scaled.jpg\" data-elementor-open-lightbox=\"yes\" data-elementor-lightbox-slideshow=\"28df74b\" data-elementor-lightbox-title=\"PPP_20 Anos_Foto: Perco Campos\" data-e-action-hash=\"#elementor-action%3Aaction%3Dlightbox%26settings%3DeyJpZCI6MTk4MjQsInVybCI6Imh0dHBzOlwvXC9hZ2VuY2lhaW5mcmEuY29tXC9ibG9nXC93cC1jb250ZW50XC91cGxvYWRzXC8yMDI0XC8xMlwvMjBhbm9zbGVpZGVwcHMtZm90by1wZXJjaW8tY2FtcG9zLWFnZW5jaWEtaW5mcmEtMTAtMS1zY2FsZWQuanBnIiwic2xpZGVzaG93IjoiMjhkZjc0YiJ9\">\n\t\t\t\t\t<div class=\"e-gallery-image elementor-gallery-item__image\" data-thumbnail=\"https:\/\/agenciainfra.com\/blog\/wp-content\/uploads\/2024\/12\/20anosleidepps-foto-percio-campos-agencia-infra-10-1-1024x683.jpg\" data-width=\"800\" data-height=\"534\" aria-label=\"\" role=\"img\" ><\/div>\n\t\t\t\t\t\t\t\t\t\t\t<div class=\"elementor-gallery-item__overlay\"><\/div>\n\t\t\t\t\t\t\t\t\t\t\t\t\t\t<\/a>\n\t\t\t\t\t\t\t<a class=\"e-gallery-item elementor-gallery-item elementor-animated-content\" href=\"https:\/\/agenciainfra.com\/blog\/wp-content\/uploads\/2024\/12\/1-apex_investimento_post-carrossel-1.jpg\" data-elementor-open-lightbox=\"yes\" data-elementor-lightbox-slideshow=\"28df74b\" data-elementor-lightbox-title=\"1-apex_investimento_post-carrossel-1\" data-e-action-hash=\"#elementor-action%3Aaction%3Dlightbox%26settings%3DeyJpZCI6MTk4MDAsInVybCI6Imh0dHBzOlwvXC9hZ2VuY2lhaW5mcmEuY29tXC9ibG9nXC93cC1jb250ZW50XC91cGxvYWRzXC8yMDI0XC8xMlwvMS1hcGV4X2ludmVzdGltZW50b19wb3N0LWNhcnJvc3NlbC0xLmpwZyIsInNsaWRlc2hvdyI6IjI4ZGY3NGIifQ%3D%3D\">\n\t\t\t\t\t<div class=\"e-gallery-image elementor-gallery-item__image\" data-thumbnail=\"https:\/\/agenciainfra.com\/blog\/wp-content\/uploads\/2024\/12\/1-apex_investimento_post-carrossel-1-1024x1024.jpg\" data-width=\"800\" data-height=\"800\" aria-label=\"\" role=\"img\" ><\/div>\n\t\t\t\t\t\t\t\t\t\t\t<div class=\"elementor-gallery-item__overlay\"><\/div>\n\t\t\t\t\t\t\t\t\t\t\t\t\t\t<\/a>\n\t\t\t\t\t\t\t<a class=\"e-gallery-item elementor-gallery-item elementor-animated-content\" href=\"https:\/\/agenciainfra.com\/blog\/wp-content\/uploads\/2024\/12\/20anosleidepps-foto-percio-campos-agencia-infra-11-1-scaled.jpg\" data-elementor-open-lightbox=\"yes\" data-elementor-lightbox-slideshow=\"28df74b\" data-elementor-lightbox-title=\"PPP_20 Anos_Foto: Perco Campos\" data-e-action-hash=\"#elementor-action%3Aaction%3Dlightbox%26settings%3DeyJpZCI6MTk4MjUsInVybCI6Imh0dHBzOlwvXC9hZ2VuY2lhaW5mcmEuY29tXC9ibG9nXC93cC1jb250ZW50XC91cGxvYWRzXC8yMDI0XC8xMlwvMjBhbm9zbGVpZGVwcHMtZm90by1wZXJjaW8tY2FtcG9zLWFnZW5jaWEtaW5mcmEtMTEtMS1zY2FsZWQuanBnIiwic2xpZGVzaG93IjoiMjhkZjc0YiJ9\">\n\t\t\t\t\t<div class=\"e-gallery-image elementor-gallery-item__image\" data-thumbnail=\"https:\/\/agenciainfra.com\/blog\/wp-content\/uploads\/2024\/12\/20anosleidepps-foto-percio-campos-agencia-infra-11-1-1024x683.jpg\" data-width=\"800\" data-height=\"534\" aria-label=\"\" role=\"img\" ><\/div>\n\t\t\t\t\t\t\t\t\t\t\t<div class=\"elementor-gallery-item__overlay\"><\/div>\n\t\t\t\t\t\t\t\t\t\t\t\t\t\t<\/a>\n\t\t\t\t\t\t\t<a class=\"e-gallery-item elementor-gallery-item elementor-animated-content\" href=\"https:\/\/agenciainfra.com\/blog\/wp-content\/uploads\/2024\/12\/20anosleidepps-foto-percio-campos-agencia-infra-12-1-scaled.jpg\" data-elementor-open-lightbox=\"yes\" data-elementor-lightbox-slideshow=\"28df74b\" data-elementor-lightbox-title=\"PPP_20 Anos_Foto: Perco Campos\" data-e-action-hash=\"#elementor-action%3Aaction%3Dlightbox%26settings%3DeyJpZCI6MTk4MjYsInVybCI6Imh0dHBzOlwvXC9hZ2VuY2lhaW5mcmEuY29tXC9ibG9nXC93cC1jb250ZW50XC91cGxvYWRzXC8yMDI0XC8xMlwvMjBhbm9zbGVpZGVwcHMtZm90by1wZXJjaW8tY2FtcG9zLWFnZW5jaWEtaW5mcmEtMTItMS1zY2FsZWQuanBnIiwic2xpZGVzaG93IjoiMjhkZjc0YiJ9\">\n\t\t\t\t\t<div class=\"e-gallery-image elementor-gallery-item__image\" data-thumbnail=\"https:\/\/agenciainfra.com\/blog\/wp-content\/uploads\/2024\/12\/20anosleidepps-foto-percio-campos-agencia-infra-12-1-1024x683.jpg\" data-width=\"800\" data-height=\"534\" aria-label=\"\" role=\"img\" ><\/div>\n\t\t\t\t\t\t\t\t\t\t\t<div class=\"elementor-gallery-item__overlay\"><\/div>\n\t\t\t\t\t\t\t\t\t\t\t\t\t\t<\/a>\n\t\t\t\t\t\t\t<a class=\"e-gallery-item elementor-gallery-item elementor-animated-content\" href=\"https:\/\/agenciainfra.com\/blog\/wp-content\/uploads\/2024\/12\/20anosleidepps-foto-percio-campos-agencia-infra-13-1-scaled.jpg\" data-elementor-open-lightbox=\"yes\" data-elementor-lightbox-slideshow=\"28df74b\" data-elementor-lightbox-title=\"PPP_20 Anos_Foto: Perco Campos\" data-e-action-hash=\"#elementor-action%3Aaction%3Dlightbox%26settings%3DeyJpZCI6MTk4MjcsInVybCI6Imh0dHBzOlwvXC9hZ2VuY2lhaW5mcmEuY29tXC9ibG9nXC93cC1jb250ZW50XC91cGxvYWRzXC8yMDI0XC8xMlwvMjBhbm9zbGVpZGVwcHMtZm90by1wZXJjaW8tY2FtcG9zLWFnZW5jaWEtaW5mcmEtMTMtMS1zY2FsZWQuanBnIiwic2xpZGVzaG93IjoiMjhkZjc0YiJ9\">\n\t\t\t\t\t<div class=\"e-gallery-image elementor-gallery-item__image\" data-thumbnail=\"https:\/\/agenciainfra.com\/blog\/wp-content\/uploads\/2024\/12\/20anosleidepps-foto-percio-campos-agencia-infra-13-1-1024x683.jpg\" data-width=\"800\" data-height=\"534\" aria-label=\"\" role=\"img\" ><\/div>\n\t\t\t\t\t\t\t\t\t\t\t<div class=\"elementor-gallery-item__overlay\"><\/div>\n\t\t\t\t\t\t\t\t\t\t\t\t\t\t<\/a>\n\t\t\t\t\t\t\t<a class=\"e-gallery-item elementor-gallery-item elementor-animated-content\" href=\"https:\/\/agenciainfra.com\/blog\/wp-content\/uploads\/2024\/12\/20anosleidepps-foto-percio-campos-agencia-infra-14-1-scaled.jpg\" data-elementor-open-lightbox=\"yes\" data-elementor-lightbox-slideshow=\"28df74b\" data-elementor-lightbox-title=\"PPP_20 Anos_Foto: Perco Campos\" data-e-action-hash=\"#elementor-action%3Aaction%3Dlightbox%26settings%3DeyJpZCI6MTk4MjgsInVybCI6Imh0dHBzOlwvXC9hZ2VuY2lhaW5mcmEuY29tXC9ibG9nXC93cC1jb250ZW50XC91cGxvYWRzXC8yMDI0XC8xMlwvMjBhbm9zbGVpZGVwcHMtZm90by1wZXJjaW8tY2FtcG9zLWFnZW5jaWEtaW5mcmEtMTQtMS1zY2FsZWQuanBnIiwic2xpZGVzaG93IjoiMjhkZjc0YiJ9\">\n\t\t\t\t\t<div class=\"e-gallery-image elementor-gallery-item__image\" data-thumbnail=\"https:\/\/agenciainfra.com\/blog\/wp-content\/uploads\/2024\/12\/20anosleidepps-foto-percio-campos-agencia-infra-14-1-1024x683.jpg\" data-width=\"800\" data-height=\"534\" aria-label=\"\" role=\"img\" ><\/div>\n\t\t\t\t\t\t\t\t\t\t\t<div class=\"elementor-gallery-item__overlay\"><\/div>\n\t\t\t\t\t\t\t\t\t\t\t\t\t\t<\/a>\n\t\t\t\t\t\t\t<a class=\"e-gallery-item elementor-gallery-item elementor-animated-content\" href=\"https:\/\/agenciainfra.com\/blog\/wp-content\/uploads\/2024\/12\/20anosleidepps-foto-percio-campos-agencia-infra-15-1-scaled.jpg\" data-elementor-open-lightbox=\"yes\" data-elementor-lightbox-slideshow=\"28df74b\" data-elementor-lightbox-title=\"PPP_20 Anos_Foto: Perco Campos\" data-e-action-hash=\"#elementor-action%3Aaction%3Dlightbox%26settings%3DeyJpZCI6MTk4MjksInVybCI6Imh0dHBzOlwvXC9hZ2VuY2lhaW5mcmEuY29tXC9ibG9nXC93cC1jb250ZW50XC91cGxvYWRzXC8yMDI0XC8xMlwvMjBhbm9zbGVpZGVwcHMtZm90by1wZXJjaW8tY2FtcG9zLWFnZW5jaWEtaW5mcmEtMTUtMS1zY2FsZWQuanBnIiwic2xpZGVzaG93IjoiMjhkZjc0YiJ9\">\n\t\t\t\t\t<div class=\"e-gallery-image elementor-gallery-item__image\" data-thumbnail=\"https:\/\/agenciainfra.com\/blog\/wp-content\/uploads\/2024\/12\/20anosleidepps-foto-percio-campos-agencia-infra-15-1-1024x683.jpg\" data-width=\"800\" data-height=\"534\" aria-label=\"\" role=\"img\" ><\/div>\n\t\t\t\t\t\t\t\t\t\t\t<div class=\"elementor-gallery-item__overlay\"><\/div>\n\t\t\t\t\t\t\t\t\t\t\t\t\t\t<\/a>\n\t\t\t\t\t\t\t<a class=\"e-gallery-item elementor-gallery-item elementor-animated-content\" href=\"https:\/\/agenciainfra.com\/blog\/wp-content\/uploads\/2024\/12\/20anosleidepps-foto-percio-campos-agencia-infra-16-1-scaled.jpg\" data-elementor-open-lightbox=\"yes\" data-elementor-lightbox-slideshow=\"28df74b\" data-elementor-lightbox-title=\"PPP_20 Anos_Foto: Perco Campos\" data-e-action-hash=\"#elementor-action%3Aaction%3Dlightbox%26settings%3DeyJpZCI6MTk4MzAsInVybCI6Imh0dHBzOlwvXC9hZ2VuY2lhaW5mcmEuY29tXC9ibG9nXC93cC1jb250ZW50XC91cGxvYWRzXC8yMDI0XC8xMlwvMjBhbm9zbGVpZGVwcHMtZm90by1wZXJjaW8tY2FtcG9zLWFnZW5jaWEtaW5mcmEtMTYtMS1zY2FsZWQuanBnIiwic2xpZGVzaG93IjoiMjhkZjc0YiJ9\">\n\t\t\t\t\t<div class=\"e-gallery-image elementor-gallery-item__image\" data-thumbnail=\"https:\/\/agenciainfra.com\/blog\/wp-content\/uploads\/2024\/12\/20anosleidepps-foto-percio-campos-agencia-infra-16-1-1024x683.jpg\" data-width=\"800\" data-height=\"534\" aria-label=\"\" role=\"img\" ><\/div>\n\t\t\t\t\t\t\t\t\t\t\t<div class=\"elementor-gallery-item__overlay\"><\/div>\n\t\t\t\t\t\t\t\t\t\t\t\t\t\t<\/a>\n\t\t\t\t\t\t\t<a class=\"e-gallery-item elementor-gallery-item elementor-animated-content\" href=\"https:\/\/agenciainfra.com\/blog\/wp-content\/uploads\/2024\/12\/20anosleidepps-foto-percio-campos-agencia-infra-17-1-scaled.jpg\" data-elementor-open-lightbox=\"yes\" data-elementor-lightbox-slideshow=\"28df74b\" data-elementor-lightbox-title=\"PPP_20 Anos_Foto: Perco Campos\" data-e-action-hash=\"#elementor-action%3Aaction%3Dlightbox%26settings%3DeyJpZCI6MTk4MzEsInVybCI6Imh0dHBzOlwvXC9hZ2VuY2lhaW5mcmEuY29tXC9ibG9nXC93cC1jb250ZW50XC91cGxvYWRzXC8yMDI0XC8xMlwvMjBhbm9zbGVpZGVwcHMtZm90by1wZXJjaW8tY2FtcG9zLWFnZW5jaWEtaW5mcmEtMTctMS1zY2FsZWQuanBnIiwic2xpZGVzaG93IjoiMjhkZjc0YiJ9\">\n\t\t\t\t\t<div class=\"e-gallery-image elementor-gallery-item__image\" data-thumbnail=\"https:\/\/agenciainfra.com\/blog\/wp-content\/uploads\/2024\/12\/20anosleidepps-foto-percio-campos-agencia-infra-17-1-1024x666.jpg\" data-width=\"800\" data-height=\"520\" aria-label=\"\" role=\"img\" ><\/div>\n\t\t\t\t\t\t\t\t\t\t\t<div class=\"elementor-gallery-item__overlay\"><\/div>\n\t\t\t\t\t\t\t\t\t\t\t\t\t\t<\/a>\n\t\t\t\t\t\t\t<a class=\"e-gallery-item elementor-gallery-item elementor-animated-content\" href=\"https:\/\/agenciainfra.com\/blog\/wp-content\/uploads\/2024\/12\/20anosleidepps-foto-percio-campos-agencia-infra-18-1-scaled.jpg\" data-elementor-open-lightbox=\"yes\" data-elementor-lightbox-slideshow=\"28df74b\" data-elementor-lightbox-title=\"PPP_20 Anos_Foto: Perco Campos\" data-e-action-hash=\"#elementor-action%3Aaction%3Dlightbox%26settings%3DeyJpZCI6MTk4MzIsInVybCI6Imh0dHBzOlwvXC9hZ2VuY2lhaW5mcmEuY29tXC9ibG9nXC93cC1jb250ZW50XC91cGxvYWRzXC8yMDI0XC8xMlwvMjBhbm9zbGVpZGVwcHMtZm90by1wZXJjaW8tY2FtcG9zLWFnZW5jaWEtaW5mcmEtMTgtMS1zY2FsZWQuanBnIiwic2xpZGVzaG93IjoiMjhkZjc0YiJ9\">\n\t\t\t\t\t<div class=\"e-gallery-image elementor-gallery-item__image\" data-thumbnail=\"https:\/\/agenciainfra.com\/blog\/wp-content\/uploads\/2024\/12\/20anosleidepps-foto-percio-campos-agencia-infra-18-1-1024x683.jpg\" data-width=\"800\" data-height=\"534\" aria-label=\"\" role=\"img\" ><\/div>\n\t\t\t\t\t\t\t\t\t\t\t<div class=\"elementor-gallery-item__overlay\"><\/div>\n\t\t\t\t\t\t\t\t\t\t\t\t\t\t<\/a>\n\t\t\t\t\t\t\t<a class=\"e-gallery-item elementor-gallery-item elementor-animated-content\" href=\"https:\/\/agenciainfra.com\/blog\/wp-content\/uploads\/2024\/12\/20anosleidepps-foto-percio-campos-agencia-infra-19-1-scaled.jpg\" data-elementor-open-lightbox=\"yes\" data-elementor-lightbox-slideshow=\"28df74b\" data-elementor-lightbox-title=\"PPP_20 Anos_Foto: Perco Campos\" data-e-action-hash=\"#elementor-action%3Aaction%3Dlightbox%26settings%3DeyJpZCI6MTk4MzMsInVybCI6Imh0dHBzOlwvXC9hZ2VuY2lhaW5mcmEuY29tXC9ibG9nXC93cC1jb250ZW50XC91cGxvYWRzXC8yMDI0XC8xMlwvMjBhbm9zbGVpZGVwcHMtZm90by1wZXJjaW8tY2FtcG9zLWFnZW5jaWEtaW5mcmEtMTktMS1zY2FsZWQuanBnIiwic2xpZGVzaG93IjoiMjhkZjc0YiJ9\">\n\t\t\t\t\t<div class=\"e-gallery-image elementor-gallery-item__image\" data-thumbnail=\"https:\/\/agenciainfra.com\/blog\/wp-content\/uploads\/2024\/12\/20anosleidepps-foto-percio-campos-agencia-infra-19-1-1024x683.jpg\" data-width=\"800\" data-height=\"534\" aria-label=\"\" role=\"img\" ><\/div>\n\t\t\t\t\t\t\t\t\t\t\t<div class=\"elementor-gallery-item__overlay\"><\/div>\n\t\t\t\t\t\t\t\t\t\t\t\t\t\t<\/a>\n\t\t\t\t\t\t\t<a class=\"e-gallery-item elementor-gallery-item elementor-animated-content\" href=\"https:\/\/agenciainfra.com\/blog\/wp-content\/uploads\/2024\/12\/20anosleidepps-foto-percio-campos-agencia-infra-20-1-scaled.jpg\" data-elementor-open-lightbox=\"yes\" data-elementor-lightbox-slideshow=\"28df74b\" data-elementor-lightbox-title=\"PPP_20 Anos_Foto: Perco Campos\" data-e-action-hash=\"#elementor-action%3Aaction%3Dlightbox%26settings%3DeyJpZCI6MTk4MzQsInVybCI6Imh0dHBzOlwvXC9hZ2VuY2lhaW5mcmEuY29tXC9ibG9nXC93cC1jb250ZW50XC91cGxvYWRzXC8yMDI0XC8xMlwvMjBhbm9zbGVpZGVwcHMtZm90by1wZXJjaW8tY2FtcG9zLWFnZW5jaWEtaW5mcmEtMjAtMS1zY2FsZWQuanBnIiwic2xpZGVzaG93IjoiMjhkZjc0YiJ9\">\n\t\t\t\t\t<div class=\"e-gallery-image elementor-gallery-item__image\" data-thumbnail=\"https:\/\/agenciainfra.com\/blog\/wp-content\/uploads\/2024\/12\/20anosleidepps-foto-percio-campos-agencia-infra-20-1-1024x683.jpg\" data-width=\"800\" data-height=\"534\" aria-label=\"\" role=\"img\" ><\/div>\n\t\t\t\t\t\t\t\t\t\t\t<div class=\"elementor-gallery-item__overlay\"><\/div>\n\t\t\t\t\t\t\t\t\t\t\t\t\t\t<\/a>\n\t\t\t\t\t\t\t<a class=\"e-gallery-item elementor-gallery-item elementor-animated-content\" href=\"https:\/\/agenciainfra.com\/blog\/wp-content\/uploads\/2024\/12\/2-apex_investimento_post-carrossel-1.jpg\" data-elementor-open-lightbox=\"yes\" data-elementor-lightbox-slideshow=\"28df74b\" data-elementor-lightbox-title=\"2-apex_investimento_post-carrossel-1\" data-e-action-hash=\"#elementor-action%3Aaction%3Dlightbox%26settings%3DeyJpZCI6MTk4MDMsInVybCI6Imh0dHBzOlwvXC9hZ2VuY2lhaW5mcmEuY29tXC9ibG9nXC93cC1jb250ZW50XC91cGxvYWRzXC8yMDI0XC8xMlwvMi1hcGV4X2ludmVzdGltZW50b19wb3N0LWNhcnJvc3NlbC0xLmpwZyIsInNsaWRlc2hvdyI6IjI4ZGY3NGIifQ%3D%3D\">\n\t\t\t\t\t<div class=\"e-gallery-image elementor-gallery-item__image\" data-thumbnail=\"https:\/\/agenciainfra.com\/blog\/wp-content\/uploads\/2024\/12\/2-apex_investimento_post-carrossel-1-1024x1024.jpg\" data-width=\"800\" data-height=\"800\" aria-label=\"\" role=\"img\" ><\/div>\n\t\t\t\t\t\t\t\t\t\t\t<div class=\"elementor-gallery-item__overlay\"><\/div>\n\t\t\t\t\t\t\t\t\t\t\t\t\t\t<\/a>\n\t\t\t\t\t\t\t<a class=\"e-gallery-item elementor-gallery-item elementor-animated-content\" href=\"https:\/\/agenciainfra.com\/blog\/wp-content\/uploads\/2024\/12\/20anosleidepps-foto-percio-campos-agencia-infra-21-1-scaled.jpg\" data-elementor-open-lightbox=\"yes\" data-elementor-lightbox-slideshow=\"28df74b\" data-elementor-lightbox-title=\"PPP_20 Anos_Foto: Perco Campos\" data-e-action-hash=\"#elementor-action%3Aaction%3Dlightbox%26settings%3DeyJpZCI6MTk4MzUsInVybCI6Imh0dHBzOlwvXC9hZ2VuY2lhaW5mcmEuY29tXC9ibG9nXC93cC1jb250ZW50XC91cGxvYWRzXC8yMDI0XC8xMlwvMjBhbm9zbGVpZGVwcHMtZm90by1wZXJjaW8tY2FtcG9zLWFnZW5jaWEtaW5mcmEtMjEtMS1zY2FsZWQuanBnIiwic2xpZGVzaG93IjoiMjhkZjc0YiJ9\">\n\t\t\t\t\t<div class=\"e-gallery-image elementor-gallery-item__image\" data-thumbnail=\"https:\/\/agenciainfra.com\/blog\/wp-content\/uploads\/2024\/12\/20anosleidepps-foto-percio-campos-agencia-infra-21-1-1024x540.jpg\" data-width=\"800\" data-height=\"422\" aria-label=\"\" role=\"img\" ><\/div>\n\t\t\t\t\t\t\t\t\t\t\t<div class=\"elementor-gallery-item__overlay\"><\/div>\n\t\t\t\t\t\t\t\t\t\t\t\t\t\t<\/a>\n\t\t\t\t\t\t\t<a class=\"e-gallery-item elementor-gallery-item elementor-animated-content\" href=\"https:\/\/agenciainfra.com\/blog\/wp-content\/uploads\/2024\/12\/20anosleidepps-foto-percio-campos-agencia-infra-22-1-scaled.jpg\" data-elementor-open-lightbox=\"yes\" data-elementor-lightbox-slideshow=\"28df74b\" data-elementor-lightbox-title=\"PPP_20 Anos_Foto: Perco Campos\" data-e-action-hash=\"#elementor-action%3Aaction%3Dlightbox%26settings%3DeyJpZCI6MTk4MzYsInVybCI6Imh0dHBzOlwvXC9hZ2VuY2lhaW5mcmEuY29tXC9ibG9nXC93cC1jb250ZW50XC91cGxvYWRzXC8yMDI0XC8xMlwvMjBhbm9zbGVpZGVwcHMtZm90by1wZXJjaW8tY2FtcG9zLWFnZW5jaWEtaW5mcmEtMjItMS1zY2FsZWQuanBnIiwic2xpZGVzaG93IjoiMjhkZjc0YiJ9\">\n\t\t\t\t\t<div class=\"e-gallery-image elementor-gallery-item__image\" data-thumbnail=\"https:\/\/agenciainfra.com\/blog\/wp-content\/uploads\/2024\/12\/20anosleidepps-foto-percio-campos-agencia-infra-22-1-683x1024.jpg\" data-width=\"683\" data-height=\"1024\" aria-label=\"\" role=\"img\" ><\/div>\n\t\t\t\t\t\t\t\t\t\t\t<div class=\"elementor-gallery-item__overlay\"><\/div>\n\t\t\t\t\t\t\t\t\t\t\t\t\t\t<\/a>\n\t\t\t\t\t\t\t<a class=\"e-gallery-item elementor-gallery-item elementor-animated-content\" href=\"https:\/\/agenciainfra.com\/blog\/wp-content\/uploads\/2024\/12\/20anosleidepps-foto-percio-campos-agencia-infra-23-1-scaled.jpg\" data-elementor-open-lightbox=\"yes\" data-elementor-lightbox-slideshow=\"28df74b\" data-elementor-lightbox-title=\"PPP_20 Anos_Foto: Perco Campos\" data-e-action-hash=\"#elementor-action%3Aaction%3Dlightbox%26settings%3DeyJpZCI6MTk4MzcsInVybCI6Imh0dHBzOlwvXC9hZ2VuY2lhaW5mcmEuY29tXC9ibG9nXC93cC1jb250ZW50XC91cGxvYWRzXC8yMDI0XC8xMlwvMjBhbm9zbGVpZGVwcHMtZm90by1wZXJjaW8tY2FtcG9zLWFnZW5jaWEtaW5mcmEtMjMtMS1zY2FsZWQuanBnIiwic2xpZGVzaG93IjoiMjhkZjc0YiJ9\">\n\t\t\t\t\t<div class=\"e-gallery-image elementor-gallery-item__image\" data-thumbnail=\"https:\/\/agenciainfra.com\/blog\/wp-content\/uploads\/2024\/12\/20anosleidepps-foto-percio-campos-agencia-infra-23-1-1024x683.jpg\" data-width=\"800\" data-height=\"534\" aria-label=\"\" role=\"img\" ><\/div>\n\t\t\t\t\t\t\t\t\t\t\t<div class=\"elementor-gallery-item__overlay\"><\/div>\n\t\t\t\t\t\t\t\t\t\t\t\t\t\t<\/a>\n\t\t\t\t\t\t\t<a class=\"e-gallery-item elementor-gallery-item elementor-animated-content\" href=\"https:\/\/agenciainfra.com\/blog\/wp-content\/uploads\/2024\/12\/20anosleidepps-foto-percio-campos-agencia-infra-24-1-scaled.jpg\" data-elementor-open-lightbox=\"yes\" data-elementor-lightbox-slideshow=\"28df74b\" data-elementor-lightbox-title=\"PPP_20 Anos_Foto: Perco Campos\" data-e-action-hash=\"#elementor-action%3Aaction%3Dlightbox%26settings%3DeyJpZCI6MTk4MzgsInVybCI6Imh0dHBzOlwvXC9hZ2VuY2lhaW5mcmEuY29tXC9ibG9nXC93cC1jb250ZW50XC91cGxvYWRzXC8yMDI0XC8xMlwvMjBhbm9zbGVpZGVwcHMtZm90by1wZXJjaW8tY2FtcG9zLWFnZW5jaWEtaW5mcmEtMjQtMS1zY2FsZWQuanBnIiwic2xpZGVzaG93IjoiMjhkZjc0YiJ9\">\n\t\t\t\t\t<div class=\"e-gallery-image elementor-gallery-item__image\" data-thumbnail=\"https:\/\/agenciainfra.com\/blog\/wp-content\/uploads\/2024\/12\/20anosleidepps-foto-percio-campos-agencia-infra-24-1-1024x635.jpg\" data-width=\"800\" data-height=\"496\" aria-label=\"\" role=\"img\" ><\/div>\n\t\t\t\t\t\t\t\t\t\t\t<div class=\"elementor-gallery-item__overlay\"><\/div>\n\t\t\t\t\t\t\t\t\t\t\t\t\t\t<\/a>\n\t\t\t\t\t\t\t<a class=\"e-gallery-item elementor-gallery-item elementor-animated-content\" href=\"https:\/\/agenciainfra.com\/blog\/wp-content\/uploads\/2024\/12\/20anosleidepps-foto-percio-campos-agencia-infra-25-1-scaled.jpg\" data-elementor-open-lightbox=\"yes\" data-elementor-lightbox-slideshow=\"28df74b\" data-elementor-lightbox-title=\"PPP_20 Anos_Foto: Perco Campos\" data-e-action-hash=\"#elementor-action%3Aaction%3Dlightbox%26settings%3DeyJpZCI6MTk4MzksInVybCI6Imh0dHBzOlwvXC9hZ2VuY2lhaW5mcmEuY29tXC9ibG9nXC93cC1jb250ZW50XC91cGxvYWRzXC8yMDI0XC8xMlwvMjBhbm9zbGVpZGVwcHMtZm90by1wZXJjaW8tY2FtcG9zLWFnZW5jaWEtaW5mcmEtMjUtMS1zY2FsZWQuanBnIiwic2xpZGVzaG93IjoiMjhkZjc0YiJ9\">\n\t\t\t\t\t<div class=\"e-gallery-image elementor-gallery-item__image\" data-thumbnail=\"https:\/\/agenciainfra.com\/blog\/wp-content\/uploads\/2024\/12\/20anosleidepps-foto-percio-campos-agencia-infra-25-1-1024x683.jpg\" data-width=\"800\" data-height=\"534\" aria-label=\"\" role=\"img\" ><\/div>\n\t\t\t\t\t\t\t\t\t\t\t<div class=\"elementor-gallery-item__overlay\"><\/div>\n\t\t\t\t\t\t\t\t\t\t\t\t\t\t<\/a>\n\t\t\t\t\t\t\t<a class=\"e-gallery-item elementor-gallery-item elementor-animated-content\" href=\"https:\/\/agenciainfra.com\/blog\/wp-content\/uploads\/2024\/12\/20anosleidepps-foto-percio-campos-agencia-infra-26-1-scaled.jpg\" data-elementor-open-lightbox=\"yes\" data-elementor-lightbox-slideshow=\"28df74b\" data-elementor-lightbox-title=\"PPP_20 Anos_Foto: Perco Campos\" data-e-action-hash=\"#elementor-action%3Aaction%3Dlightbox%26settings%3DeyJpZCI6MTk4NDAsInVybCI6Imh0dHBzOlwvXC9hZ2VuY2lhaW5mcmEuY29tXC9ibG9nXC93cC1jb250ZW50XC91cGxvYWRzXC8yMDI0XC8xMlwvMjBhbm9zbGVpZGVwcHMtZm90by1wZXJjaW8tY2FtcG9zLWFnZW5jaWEtaW5mcmEtMjYtMS1zY2FsZWQuanBnIiwic2xpZGVzaG93IjoiMjhkZjc0YiJ9\">\n\t\t\t\t\t<div class=\"e-gallery-image elementor-gallery-item__image\" data-thumbnail=\"https:\/\/agenciainfra.com\/blog\/wp-content\/uploads\/2024\/12\/20anosleidepps-foto-percio-campos-agencia-infra-26-1-683x1024.jpg\" data-width=\"683\" data-height=\"1024\" aria-label=\"\" role=\"img\" ><\/div>\n\t\t\t\t\t\t\t\t\t\t\t<div class=\"elementor-gallery-item__overlay\"><\/div>\n\t\t\t\t\t\t\t\t\t\t\t\t\t\t<\/a>\n\t\t\t\t\t\t\t<a class=\"e-gallery-item elementor-gallery-item elementor-animated-content\" href=\"https:\/\/agenciainfra.com\/blog\/wp-content\/uploads\/2024\/12\/20anosleidepps-foto-percio-campos-agencia-infra-27-1-scaled.jpg\" data-elementor-open-lightbox=\"yes\" data-elementor-lightbox-slideshow=\"28df74b\" data-elementor-lightbox-title=\"PPP_20 Anos_Foto: Perco Campos\" data-e-action-hash=\"#elementor-action%3Aaction%3Dlightbox%26settings%3DeyJpZCI6MTk4NDEsInVybCI6Imh0dHBzOlwvXC9hZ2VuY2lhaW5mcmEuY29tXC9ibG9nXC93cC1jb250ZW50XC91cGxvYWRzXC8yMDI0XC8xMlwvMjBhbm9zbGVpZGVwcHMtZm90by1wZXJjaW8tY2FtcG9zLWFnZW5jaWEtaW5mcmEtMjctMS1zY2FsZWQuanBnIiwic2xpZGVzaG93IjoiMjhkZjc0YiJ9\">\n\t\t\t\t\t<div class=\"e-gallery-image elementor-gallery-item__image\" data-thumbnail=\"https:\/\/agenciainfra.com\/blog\/wp-content\/uploads\/2024\/12\/20anosleidepps-foto-percio-campos-agencia-infra-27-1-683x1024.jpg\" data-width=\"683\" data-height=\"1024\" aria-label=\"\" role=\"img\" ><\/div>\n\t\t\t\t\t\t\t\t\t\t\t<div class=\"elementor-gallery-item__overlay\"><\/div>\n\t\t\t\t\t\t\t\t\t\t\t\t\t\t<\/a>\n\t\t\t\t\t\t\t<a class=\"e-gallery-item elementor-gallery-item elementor-animated-content\" href=\"https:\/\/agenciainfra.com\/blog\/wp-content\/uploads\/2024\/12\/20anosleidepps-foto-percio-campos-agencia-infra-28-1-scaled.jpg\" data-elementor-open-lightbox=\"yes\" data-elementor-lightbox-slideshow=\"28df74b\" data-elementor-lightbox-title=\"PPP_20 Anos_Foto: Perco Campos\" data-e-action-hash=\"#elementor-action%3Aaction%3Dlightbox%26settings%3DeyJpZCI6MTk4NDIsInVybCI6Imh0dHBzOlwvXC9hZ2VuY2lhaW5mcmEuY29tXC9ibG9nXC93cC1jb250ZW50XC91cGxvYWRzXC8yMDI0XC8xMlwvMjBhbm9zbGVpZGVwcHMtZm90by1wZXJjaW8tY2FtcG9zLWFnZW5jaWEtaW5mcmEtMjgtMS1zY2FsZWQuanBnIiwic2xpZGVzaG93IjoiMjhkZjc0YiJ9\">\n\t\t\t\t\t<div class=\"e-gallery-image elementor-gallery-item__image\" data-thumbnail=\"https:\/\/agenciainfra.com\/blog\/wp-content\/uploads\/2024\/12\/20anosleidepps-foto-percio-campos-agencia-infra-28-1-1024x683.jpg\" data-width=\"800\" data-height=\"534\" aria-label=\"\" role=\"img\" ><\/div>\n\t\t\t\t\t\t\t\t\t\t\t<div class=\"elementor-gallery-item__overlay\"><\/div>\n\t\t\t\t\t\t\t\t\t\t\t\t\t\t<\/a>\n\t\t\t\t\t\t\t<a class=\"e-gallery-item elementor-gallery-item elementor-animated-content\" href=\"https:\/\/agenciainfra.com\/blog\/wp-content\/uploads\/2024\/12\/20anosleidepps-foto-percio-campos-agencia-infra-29-1-scaled.jpg\" data-elementor-open-lightbox=\"yes\" data-elementor-lightbox-slideshow=\"28df74b\" data-elementor-lightbox-title=\"PPP_20 Anos_Foto: Perco Campos\" data-e-action-hash=\"#elementor-action%3Aaction%3Dlightbox%26settings%3DeyJpZCI6MTk4NDMsInVybCI6Imh0dHBzOlwvXC9hZ2VuY2lhaW5mcmEuY29tXC9ibG9nXC93cC1jb250ZW50XC91cGxvYWRzXC8yMDI0XC8xMlwvMjBhbm9zbGVpZGVwcHMtZm90by1wZXJjaW8tY2FtcG9zLWFnZW5jaWEtaW5mcmEtMjktMS1zY2FsZWQuanBnIiwic2xpZGVzaG93IjoiMjhkZjc0YiJ9\">\n\t\t\t\t\t<div class=\"e-gallery-image elementor-gallery-item__image\" data-thumbnail=\"https:\/\/agenciainfra.com\/blog\/wp-content\/uploads\/2024\/12\/20anosleidepps-foto-percio-campos-agencia-infra-29-1-1024x688.jpg\" data-width=\"800\" data-height=\"538\" aria-label=\"\" role=\"img\" ><\/div>\n\t\t\t\t\t\t\t\t\t\t\t<div class=\"elementor-gallery-item__overlay\"><\/div>\n\t\t\t\t\t\t\t\t\t\t\t\t\t\t<\/a>\n\t\t\t\t\t\t\t<a class=\"e-gallery-item elementor-gallery-item elementor-animated-content\" href=\"https:\/\/agenciainfra.com\/blog\/wp-content\/uploads\/2024\/12\/20anosleidepps-foto-percio-campos-agencia-infra-30-1-scaled.jpg\" data-elementor-open-lightbox=\"yes\" data-elementor-lightbox-slideshow=\"28df74b\" data-elementor-lightbox-title=\"PPP_20 Anos_Foto: Perco Campos\" data-e-action-hash=\"#elementor-action%3Aaction%3Dlightbox%26settings%3DeyJpZCI6MTk4NDQsInVybCI6Imh0dHBzOlwvXC9hZ2VuY2lhaW5mcmEuY29tXC9ibG9nXC93cC1jb250ZW50XC91cGxvYWRzXC8yMDI0XC8xMlwvMjBhbm9zbGVpZGVwcHMtZm90by1wZXJjaW8tY2FtcG9zLWFnZW5jaWEtaW5mcmEtMzAtMS1zY2FsZWQuanBnIiwic2xpZGVzaG93IjoiMjhkZjc0YiJ9\">\n\t\t\t\t\t<div class=\"e-gallery-image elementor-gallery-item__image\" data-thumbnail=\"https:\/\/agenciainfra.com\/blog\/wp-content\/uploads\/2024\/12\/20anosleidepps-foto-percio-campos-agencia-infra-30-1-1024x683.jpg\" data-width=\"800\" data-height=\"534\" aria-label=\"\" role=\"img\" ><\/div>\n\t\t\t\t\t\t\t\t\t\t\t<div class=\"elementor-gallery-item__overlay\"><\/div>\n\t\t\t\t\t\t\t\t\t\t\t\t\t\t<\/a>\n\t\t\t\t\t\t\t<a class=\"e-gallery-item elementor-gallery-item elementor-animated-content\" href=\"https:\/\/agenciainfra.com\/blog\/wp-content\/uploads\/2024\/12\/3-apex_investimento_post-carrossel-1.jpg\" data-elementor-open-lightbox=\"yes\" data-elementor-lightbox-slideshow=\"28df74b\" data-elementor-lightbox-title=\"3-apex_investimento_post-carrossel-1\" data-e-action-hash=\"#elementor-action%3Aaction%3Dlightbox%26settings%3DeyJpZCI6MTk4MDEsInVybCI6Imh0dHBzOlwvXC9hZ2VuY2lhaW5mcmEuY29tXC9ibG9nXC93cC1jb250ZW50XC91cGxvYWRzXC8yMDI0XC8xMlwvMy1hcGV4X2ludmVzdGltZW50b19wb3N0LWNhcnJvc3NlbC0xLmpwZyIsInNsaWRlc2hvdyI6IjI4ZGY3NGIifQ%3D%3D\">\n\t\t\t\t\t<div class=\"e-gallery-image elementor-gallery-item__image\" data-thumbnail=\"https:\/\/agenciainfra.com\/blog\/wp-content\/uploads\/2024\/12\/3-apex_investimento_post-carrossel-1-1024x1024.jpg\" data-width=\"800\" data-height=\"800\" aria-label=\"\" role=\"img\" ><\/div>\n\t\t\t\t\t\t\t\t\t\t\t<div class=\"elementor-gallery-item__overlay\"><\/div>\n\t\t\t\t\t\t\t\t\t\t\t\t\t\t<\/a>\n\t\t\t\t\t\t\t<a class=\"e-gallery-item elementor-gallery-item elementor-animated-content\" href=\"https:\/\/agenciainfra.com\/blog\/wp-content\/uploads\/2024\/12\/20anosleidepps-foto-percio-campos-agencia-infra-31-1-scaled.jpg\" data-elementor-open-lightbox=\"yes\" data-elementor-lightbox-slideshow=\"28df74b\" data-elementor-lightbox-title=\"PPP_20 Anos_Foto: Perco Campos\" data-e-action-hash=\"#elementor-action%3Aaction%3Dlightbox%26settings%3DeyJpZCI6MTk4NDUsInVybCI6Imh0dHBzOlwvXC9hZ2VuY2lhaW5mcmEuY29tXC9ibG9nXC93cC1jb250ZW50XC91cGxvYWRzXC8yMDI0XC8xMlwvMjBhbm9zbGVpZGVwcHMtZm90by1wZXJjaW8tY2FtcG9zLWFnZW5jaWEtaW5mcmEtMzEtMS1zY2FsZWQuanBnIiwic2xpZGVzaG93IjoiMjhkZjc0YiJ9\">\n\t\t\t\t\t<div class=\"e-gallery-image elementor-gallery-item__image\" data-thumbnail=\"https:\/\/agenciainfra.com\/blog\/wp-content\/uploads\/2024\/12\/20anosleidepps-foto-percio-campos-agencia-infra-31-1-1024x683.jpg\" data-width=\"800\" data-height=\"534\" aria-label=\"\" role=\"img\" ><\/div>\n\t\t\t\t\t\t\t\t\t\t\t<div class=\"elementor-gallery-item__overlay\"><\/div>\n\t\t\t\t\t\t\t\t\t\t\t\t\t\t<\/a>\n\t\t\t\t\t\t\t<a class=\"e-gallery-item elementor-gallery-item elementor-animated-content\" href=\"https:\/\/agenciainfra.com\/blog\/wp-content\/uploads\/2024\/12\/20anosleidepps-foto-percio-campos-agencia-infra-32-1-scaled.jpg\" data-elementor-open-lightbox=\"yes\" data-elementor-lightbox-slideshow=\"28df74b\" data-elementor-lightbox-title=\"PPP_20 Anos_Foto: Perco Campos\" data-e-action-hash=\"#elementor-action%3Aaction%3Dlightbox%26settings%3DeyJpZCI6MTk4NDYsInVybCI6Imh0dHBzOlwvXC9hZ2VuY2lhaW5mcmEuY29tXC9ibG9nXC93cC1jb250ZW50XC91cGxvYWRzXC8yMDI0XC8xMlwvMjBhbm9zbGVpZGVwcHMtZm90by1wZXJjaW8tY2FtcG9zLWFnZW5jaWEtaW5mcmEtMzItMS1zY2FsZWQuanBnIiwic2xpZGVzaG93IjoiMjhkZjc0YiJ9\">\n\t\t\t\t\t<div class=\"e-gallery-image elementor-gallery-item__image\" data-thumbnail=\"https:\/\/agenciainfra.com\/blog\/wp-content\/uploads\/2024\/12\/20anosleidepps-foto-percio-campos-agencia-infra-32-1-1024x683.jpg\" data-width=\"800\" data-height=\"534\" aria-label=\"\" role=\"img\" ><\/div>\n\t\t\t\t\t\t\t\t\t\t\t<div class=\"elementor-gallery-item__overlay\"><\/div>\n\t\t\t\t\t\t\t\t\t\t\t\t\t\t<\/a>\n\t\t\t\t\t\t\t<a class=\"e-gallery-item elementor-gallery-item elementor-animated-content\" href=\"https:\/\/agenciainfra.com\/blog\/wp-content\/uploads\/2024\/12\/20anosleidepps-foto-percio-campos-agencia-infra-33-1-scaled.jpg\" data-elementor-open-lightbox=\"yes\" data-elementor-lightbox-slideshow=\"28df74b\" data-elementor-lightbox-title=\"PPP_20 Anos_Foto: Perco Campos\" data-e-action-hash=\"#elementor-action%3Aaction%3Dlightbox%26settings%3DeyJpZCI6MTk4NDcsInVybCI6Imh0dHBzOlwvXC9hZ2VuY2lhaW5mcmEuY29tXC9ibG9nXC93cC1jb250ZW50XC91cGxvYWRzXC8yMDI0XC8xMlwvMjBhbm9zbGVpZGVwcHMtZm90by1wZXJjaW8tY2FtcG9zLWFnZW5jaWEtaW5mcmEtMzMtMS1zY2FsZWQuanBnIiwic2xpZGVzaG93IjoiMjhkZjc0YiJ9\">\n\t\t\t\t\t<div class=\"e-gallery-image elementor-gallery-item__image\" data-thumbnail=\"https:\/\/agenciainfra.com\/blog\/wp-content\/uploads\/2024\/12\/20anosleidepps-foto-percio-campos-agencia-infra-33-1-1024x683.jpg\" data-width=\"800\" data-height=\"534\" aria-label=\"\" role=\"img\" ><\/div>\n\t\t\t\t\t\t\t\t\t\t\t<div class=\"elementor-gallery-item__overlay\"><\/div>\n\t\t\t\t\t\t\t\t\t\t\t\t\t\t<\/a>\n\t\t\t\t\t\t\t<a class=\"e-gallery-item elementor-gallery-item elementor-animated-content\" href=\"https:\/\/agenciainfra.com\/blog\/wp-content\/uploads\/2024\/12\/20anosleidepps-foto-percio-campos-agencia-infra-34-1-scaled.jpg\" data-elementor-open-lightbox=\"yes\" data-elementor-lightbox-slideshow=\"28df74b\" data-elementor-lightbox-title=\"PPP_20 Anos_Foto: Perco Campos\" data-e-action-hash=\"#elementor-action%3Aaction%3Dlightbox%26settings%3DeyJpZCI6MTk4NDgsInVybCI6Imh0dHBzOlwvXC9hZ2VuY2lhaW5mcmEuY29tXC9ibG9nXC93cC1jb250ZW50XC91cGxvYWRzXC8yMDI0XC8xMlwvMjBhbm9zbGVpZGVwcHMtZm90by1wZXJjaW8tY2FtcG9zLWFnZW5jaWEtaW5mcmEtMzQtMS1zY2FsZWQuanBnIiwic2xpZGVzaG93IjoiMjhkZjc0YiJ9\">\n\t\t\t\t\t<div class=\"e-gallery-image elementor-gallery-item__image\" data-thumbnail=\"https:\/\/agenciainfra.com\/blog\/wp-content\/uploads\/2024\/12\/20anosleidepps-foto-percio-campos-agencia-infra-34-1-1024x683.jpg\" data-width=\"800\" data-height=\"534\" aria-label=\"\" role=\"img\" ><\/div>\n\t\t\t\t\t\t\t\t\t\t\t<div class=\"elementor-gallery-item__overlay\"><\/div>\n\t\t\t\t\t\t\t\t\t\t\t\t\t\t<\/a>\n\t\t\t\t\t\t\t<a class=\"e-gallery-item elementor-gallery-item elementor-animated-content\" href=\"https:\/\/agenciainfra.com\/blog\/wp-content\/uploads\/2024\/12\/20anosleidepps-foto-percio-campos-agencia-infra-35-1-scaled.jpg\" data-elementor-open-lightbox=\"yes\" data-elementor-lightbox-slideshow=\"28df74b\" data-elementor-lightbox-title=\"PPP_20 Anos_Foto: Perco Campos\" data-e-action-hash=\"#elementor-action%3Aaction%3Dlightbox%26settings%3DeyJpZCI6MTk4NDksInVybCI6Imh0dHBzOlwvXC9hZ2VuY2lhaW5mcmEuY29tXC9ibG9nXC93cC1jb250ZW50XC91cGxvYWRzXC8yMDI0XC8xMlwvMjBhbm9zbGVpZGVwcHMtZm90by1wZXJjaW8tY2FtcG9zLWFnZW5jaWEtaW5mcmEtMzUtMS1zY2FsZWQuanBnIiwic2xpZGVzaG93IjoiMjhkZjc0YiJ9\">\n\t\t\t\t\t<div class=\"e-gallery-image elementor-gallery-item__image\" data-thumbnail=\"https:\/\/agenciainfra.com\/blog\/wp-content\/uploads\/2024\/12\/20anosleidepps-foto-percio-campos-agencia-infra-35-1-1024x683.jpg\" data-width=\"800\" data-height=\"534\" aria-label=\"\" role=\"img\" ><\/div>\n\t\t\t\t\t\t\t\t\t\t\t<div class=\"elementor-gallery-item__overlay\"><\/div>\n\t\t\t\t\t\t\t\t\t\t\t\t\t\t<\/a>\n\t\t\t\t\t\t\t<a class=\"e-gallery-item elementor-gallery-item elementor-animated-content\" href=\"https:\/\/agenciainfra.com\/blog\/wp-content\/uploads\/2024\/12\/20anosleidepps-foto-percio-campos-agencia-infra-36-1-scaled.jpg\" data-elementor-open-lightbox=\"yes\" data-elementor-lightbox-slideshow=\"28df74b\" data-elementor-lightbox-title=\"PPP_20 Anos_Foto: Percio Campos\" data-e-action-hash=\"#elementor-action%3Aaction%3Dlightbox%26settings%3DeyJpZCI6MTk4NTAsInVybCI6Imh0dHBzOlwvXC9hZ2VuY2lhaW5mcmEuY29tXC9ibG9nXC93cC1jb250ZW50XC91cGxvYWRzXC8yMDI0XC8xMlwvMjBhbm9zbGVpZGVwcHMtZm90by1wZXJjaW8tY2FtcG9zLWFnZW5jaWEtaW5mcmEtMzYtMS1zY2FsZWQuanBnIiwic2xpZGVzaG93IjoiMjhkZjc0YiJ9\">\n\t\t\t\t\t<div class=\"e-gallery-image elementor-gallery-item__image\" data-thumbnail=\"https:\/\/agenciainfra.com\/blog\/wp-content\/uploads\/2024\/12\/20anosleidepps-foto-percio-campos-agencia-infra-36-1-1024x683.jpg\" data-width=\"800\" data-height=\"534\" aria-label=\"\" role=\"img\" ><\/div>\n\t\t\t\t\t\t\t\t\t\t\t<div class=\"elementor-gallery-item__overlay\"><\/div>\n\t\t\t\t\t\t\t\t\t\t\t\t\t\t<\/a>\n\t\t\t\t\t\t\t<a class=\"e-gallery-item elementor-gallery-item elementor-animated-content\" href=\"https:\/\/agenciainfra.com\/blog\/wp-content\/uploads\/2024\/12\/20anosleidepps-foto-percio-campos-agencia-infra-37-1-scaled.jpg\" data-elementor-open-lightbox=\"yes\" data-elementor-lightbox-slideshow=\"28df74b\" data-elementor-lightbox-title=\"PPP_20 Anos_Foto: Percio Campos\" data-e-action-hash=\"#elementor-action%3Aaction%3Dlightbox%26settings%3DeyJpZCI6MTk4NTEsInVybCI6Imh0dHBzOlwvXC9hZ2VuY2lhaW5mcmEuY29tXC9ibG9nXC93cC1jb250ZW50XC91cGxvYWRzXC8yMDI0XC8xMlwvMjBhbm9zbGVpZGVwcHMtZm90by1wZXJjaW8tY2FtcG9zLWFnZW5jaWEtaW5mcmEtMzctMS1zY2FsZWQuanBnIiwic2xpZGVzaG93IjoiMjhkZjc0YiJ9\">\n\t\t\t\t\t<div class=\"e-gallery-image elementor-gallery-item__image\" data-thumbnail=\"https:\/\/agenciainfra.com\/blog\/wp-content\/uploads\/2024\/12\/20anosleidepps-foto-percio-campos-agencia-infra-37-1-1024x683.jpg\" data-width=\"800\" data-height=\"534\" aria-label=\"\" role=\"img\" ><\/div>\n\t\t\t\t\t\t\t\t\t\t\t<div class=\"elementor-gallery-item__overlay\"><\/div>\n\t\t\t\t\t\t\t\t\t\t\t\t\t\t<\/a>\n\t\t\t\t\t\t\t<a class=\"e-gallery-item elementor-gallery-item elementor-animated-content\" href=\"https:\/\/agenciainfra.com\/blog\/wp-content\/uploads\/2024\/12\/20anosleidepps-foto-percio-campos-agencia-infra-38-1-scaled.jpg\" data-elementor-open-lightbox=\"yes\" data-elementor-lightbox-slideshow=\"28df74b\" data-elementor-lightbox-title=\"PPP_20 Anos_Foto: Percio Campos\" data-e-action-hash=\"#elementor-action%3Aaction%3Dlightbox%26settings%3DeyJpZCI6MTk4NTIsInVybCI6Imh0dHBzOlwvXC9hZ2VuY2lhaW5mcmEuY29tXC9ibG9nXC93cC1jb250ZW50XC91cGxvYWRzXC8yMDI0XC8xMlwvMjBhbm9zbGVpZGVwcHMtZm90by1wZXJjaW8tY2FtcG9zLWFnZW5jaWEtaW5mcmEtMzgtMS1zY2FsZWQuanBnIiwic2xpZGVzaG93IjoiMjhkZjc0YiJ9\">\n\t\t\t\t\t<div class=\"e-gallery-image elementor-gallery-item__image\" data-thumbnail=\"https:\/\/agenciainfra.com\/blog\/wp-content\/uploads\/2024\/12\/20anosleidepps-foto-percio-campos-agencia-infra-38-1-1024x627.jpg\" data-width=\"800\" data-height=\"490\" aria-label=\"\" role=\"img\" ><\/div>\n\t\t\t\t\t\t\t\t\t\t\t<div class=\"elementor-gallery-item__overlay\"><\/div>\n\t\t\t\t\t\t\t\t\t\t\t\t\t\t<\/a>\n\t\t\t\t\t\t\t<a class=\"e-gallery-item elementor-gallery-item elementor-animated-content\" href=\"https:\/\/agenciainfra.com\/blog\/wp-content\/uploads\/2024\/12\/20anosleidepps-foto-percio-campos-agencia-infra-39-1-scaled.jpg\" data-elementor-open-lightbox=\"yes\" data-elementor-lightbox-slideshow=\"28df74b\" data-elementor-lightbox-title=\"PPP_20 Anos_Foto: Percio Campos\" data-e-action-hash=\"#elementor-action%3Aaction%3Dlightbox%26settings%3DeyJpZCI6MTk4NTMsInVybCI6Imh0dHBzOlwvXC9hZ2VuY2lhaW5mcmEuY29tXC9ibG9nXC93cC1jb250ZW50XC91cGxvYWRzXC8yMDI0XC8xMlwvMjBhbm9zbGVpZGVwcHMtZm90by1wZXJjaW8tY2FtcG9zLWFnZW5jaWEtaW5mcmEtMzktMS1zY2FsZWQuanBnIiwic2xpZGVzaG93IjoiMjhkZjc0YiJ9\">\n\t\t\t\t\t<div class=\"e-gallery-image elementor-gallery-item__image\" data-thumbnail=\"https:\/\/agenciainfra.com\/blog\/wp-content\/uploads\/2024\/12\/20anosleidepps-foto-percio-campos-agencia-infra-39-1-683x1024.jpg\" data-width=\"683\" data-height=\"1024\" aria-label=\"\" role=\"img\" ><\/div>\n\t\t\t\t\t\t\t\t\t\t\t<div class=\"elementor-gallery-item__overlay\"><\/div>\n\t\t\t\t\t\t\t\t\t\t\t\t\t\t<\/a>\n\t\t\t\t\t\t\t<a class=\"e-gallery-item elementor-gallery-item elementor-animated-content\" href=\"https:\/\/agenciainfra.com\/blog\/wp-content\/uploads\/2024\/12\/20anosleidepps-foto-percio-campos-agencia-infra-40-1-scaled.jpg\" data-elementor-open-lightbox=\"yes\" data-elementor-lightbox-slideshow=\"28df74b\" data-elementor-lightbox-title=\"PPP_20 Anos_Foto: Percio Campos\" data-e-action-hash=\"#elementor-action%3Aaction%3Dlightbox%26settings%3DeyJpZCI6MTk4NTQsInVybCI6Imh0dHBzOlwvXC9hZ2VuY2lhaW5mcmEuY29tXC9ibG9nXC93cC1jb250ZW50XC91cGxvYWRzXC8yMDI0XC8xMlwvMjBhbm9zbGVpZGVwcHMtZm90by1wZXJjaW8tY2FtcG9zLWFnZW5jaWEtaW5mcmEtNDAtMS1zY2FsZWQuanBnIiwic2xpZGVzaG93IjoiMjhkZjc0YiJ9\">\n\t\t\t\t\t<div class=\"e-gallery-image elementor-gallery-item__image\" data-thumbnail=\"https:\/\/agenciainfra.com\/blog\/wp-content\/uploads\/2024\/12\/20anosleidepps-foto-percio-campos-agencia-infra-40-1-1024x683.jpg\" data-width=\"800\" data-height=\"534\" aria-label=\"\" role=\"img\" ><\/div>\n\t\t\t\t\t\t\t\t\t\t\t<div class=\"elementor-gallery-item__overlay\"><\/div>\n\t\t\t\t\t\t\t\t\t\t\t\t\t\t<\/a>\n\t\t\t\t\t\t\t<a class=\"e-gallery-item elementor-gallery-item elementor-animated-content\" href=\"https:\/\/agenciainfra.com\/blog\/wp-content\/uploads\/2024\/12\/4-apex_investimento_post-carrossel-1.jpg\" data-elementor-open-lightbox=\"yes\" data-elementor-lightbox-slideshow=\"28df74b\" data-elementor-lightbox-title=\"4-apex_investimento_post-carrossel-1\" data-e-action-hash=\"#elementor-action%3Aaction%3Dlightbox%26settings%3DeyJpZCI6MTk4MDIsInVybCI6Imh0dHBzOlwvXC9hZ2VuY2lhaW5mcmEuY29tXC9ibG9nXC93cC1jb250ZW50XC91cGxvYWRzXC8yMDI0XC8xMlwvNC1hcGV4X2ludmVzdGltZW50b19wb3N0LWNhcnJvc3NlbC0xLmpwZyIsInNsaWRlc2hvdyI6IjI4ZGY3NGIifQ%3D%3D\">\n\t\t\t\t\t<div class=\"e-gallery-image elementor-gallery-item__image\" data-thumbnail=\"https:\/\/agenciainfra.com\/blog\/wp-content\/uploads\/2024\/12\/4-apex_investimento_post-carrossel-1-1024x1024.jpg\" data-width=\"800\" data-height=\"800\" aria-label=\"\" role=\"img\" ><\/div>\n\t\t\t\t\t\t\t\t\t\t\t<div class=\"elementor-gallery-item__overlay\"><\/div>\n\t\t\t\t\t\t\t\t\t\t\t\t\t\t<\/a>\n\t\t\t\t\t\t\t<a class=\"e-gallery-item elementor-gallery-item elementor-animated-content\" href=\"https:\/\/agenciainfra.com\/blog\/wp-content\/uploads\/2024\/12\/20anosleidepps-foto-percio-campos-agencia-infra-41-1-scaled.jpg\" data-elementor-open-lightbox=\"yes\" data-elementor-lightbox-slideshow=\"28df74b\" data-elementor-lightbox-title=\"PPP_20 Anos_Foto: Percio Campos\" data-e-action-hash=\"#elementor-action%3Aaction%3Dlightbox%26settings%3DeyJpZCI6MTk4NTUsInVybCI6Imh0dHBzOlwvXC9hZ2VuY2lhaW5mcmEuY29tXC9ibG9nXC93cC1jb250ZW50XC91cGxvYWRzXC8yMDI0XC8xMlwvMjBhbm9zbGVpZGVwcHMtZm90by1wZXJjaW8tY2FtcG9zLWFnZW5jaWEtaW5mcmEtNDEtMS1zY2FsZWQuanBnIiwic2xpZGVzaG93IjoiMjhkZjc0YiJ9\">\n\t\t\t\t\t<div class=\"e-gallery-image elementor-gallery-item__image\" data-thumbnail=\"https:\/\/agenciainfra.com\/blog\/wp-content\/uploads\/2024\/12\/20anosleidepps-foto-percio-campos-agencia-infra-41-1-1024x683.jpg\" data-width=\"800\" data-height=\"534\" aria-label=\"\" role=\"img\" ><\/div>\n\t\t\t\t\t\t\t\t\t\t\t<div class=\"elementor-gallery-item__overlay\"><\/div>\n\t\t\t\t\t\t\t\t\t\t\t\t\t\t<\/a>\n\t\t\t\t\t\t\t<a class=\"e-gallery-item elementor-gallery-item elementor-animated-content\" href=\"https:\/\/agenciainfra.com\/blog\/wp-content\/uploads\/2024\/12\/20anosleidepps-foto-percio-campos-agencia-infra-42-1-scaled.jpg\" data-elementor-open-lightbox=\"yes\" data-elementor-lightbox-slideshow=\"28df74b\" data-elementor-lightbox-title=\"PPP_20 Anos_Foto: Percio Campos\" data-e-action-hash=\"#elementor-action%3Aaction%3Dlightbox%26settings%3DeyJpZCI6MTk4NTYsInVybCI6Imh0dHBzOlwvXC9hZ2VuY2lhaW5mcmEuY29tXC9ibG9nXC93cC1jb250ZW50XC91cGxvYWRzXC8yMDI0XC8xMlwvMjBhbm9zbGVpZGVwcHMtZm90by1wZXJjaW8tY2FtcG9zLWFnZW5jaWEtaW5mcmEtNDItMS1zY2FsZWQuanBnIiwic2xpZGVzaG93IjoiMjhkZjc0YiJ9\">\n\t\t\t\t\t<div class=\"e-gallery-image elementor-gallery-item__image\" data-thumbnail=\"https:\/\/agenciainfra.com\/blog\/wp-content\/uploads\/2024\/12\/20anosleidepps-foto-percio-campos-agencia-infra-42-1-683x1024.jpg\" data-width=\"683\" data-height=\"1024\" aria-label=\"\" role=\"img\" ><\/div>\n\t\t\t\t\t\t\t\t\t\t\t<div class=\"elementor-gallery-item__overlay\"><\/div>\n\t\t\t\t\t\t\t\t\t\t\t\t\t\t<\/a>\n\t\t\t\t\t\t\t<a class=\"e-gallery-item elementor-gallery-item elementor-animated-content\" href=\"https:\/\/agenciainfra.com\/blog\/wp-content\/uploads\/2024\/12\/20anosleidepps-foto-percio-campos-agencia-infra-43-1-scaled.jpg\" data-elementor-open-lightbox=\"yes\" data-elementor-lightbox-slideshow=\"28df74b\" data-elementor-lightbox-title=\"PPP_20 Anos_Foto: Percio Campos\" data-e-action-hash=\"#elementor-action%3Aaction%3Dlightbox%26settings%3DeyJpZCI6MTk4NTcsInVybCI6Imh0dHBzOlwvXC9hZ2VuY2lhaW5mcmEuY29tXC9ibG9nXC93cC1jb250ZW50XC91cGxvYWRzXC8yMDI0XC8xMlwvMjBhbm9zbGVpZGVwcHMtZm90by1wZXJjaW8tY2FtcG9zLWFnZW5jaWEtaW5mcmEtNDMtMS1zY2FsZWQuanBnIiwic2xpZGVzaG93IjoiMjhkZjc0YiJ9\">\n\t\t\t\t\t<div class=\"e-gallery-image elementor-gallery-item__image\" data-thumbnail=\"https:\/\/agenciainfra.com\/blog\/wp-content\/uploads\/2024\/12\/20anosleidepps-foto-percio-campos-agencia-infra-43-1-683x1024.jpg\" data-width=\"683\" data-height=\"1024\" aria-label=\"\" role=\"img\" ><\/div>\n\t\t\t\t\t\t\t\t\t\t\t<div class=\"elementor-gallery-item__overlay\"><\/div>\n\t\t\t\t\t\t\t\t\t\t\t\t\t\t<\/a>\n\t\t\t\t\t\t\t<a class=\"e-gallery-item elementor-gallery-item elementor-animated-content\" href=\"https:\/\/agenciainfra.com\/blog\/wp-content\/uploads\/2024\/12\/20anosleidepps-foto-percio-campos-agencia-infra-44-1-scaled.jpg\" data-elementor-open-lightbox=\"yes\" data-elementor-lightbox-slideshow=\"28df74b\" data-elementor-lightbox-title=\"PPP_20 Anos_Foto: Percio Campos\" data-e-action-hash=\"#elementor-action%3Aaction%3Dlightbox%26settings%3DeyJpZCI6MTk4NTgsInVybCI6Imh0dHBzOlwvXC9hZ2VuY2lhaW5mcmEuY29tXC9ibG9nXC93cC1jb250ZW50XC91cGxvYWRzXC8yMDI0XC8xMlwvMjBhbm9zbGVpZGVwcHMtZm90by1wZXJjaW8tY2FtcG9zLWFnZW5jaWEtaW5mcmEtNDQtMS1zY2FsZWQuanBnIiwic2xpZGVzaG93IjoiMjhkZjc0YiJ9\">\n\t\t\t\t\t<div class=\"e-gallery-image elementor-gallery-item__image\" data-thumbnail=\"https:\/\/agenciainfra.com\/blog\/wp-content\/uploads\/2024\/12\/20anosleidepps-foto-percio-campos-agencia-infra-44-1-1024x683.jpg\" data-width=\"800\" data-height=\"534\" aria-label=\"\" role=\"img\" ><\/div>\n\t\t\t\t\t\t\t\t\t\t\t<div class=\"elementor-gallery-item__overlay\"><\/div>\n\t\t\t\t\t\t\t\t\t\t\t\t\t\t<\/a>\n\t\t\t\t\t\t\t<a class=\"e-gallery-item elementor-gallery-item elementor-animated-content\" href=\"https:\/\/agenciainfra.com\/blog\/wp-content\/uploads\/2024\/12\/20anosleidepps-foto-percio-campos-agencia-infra-45-1-scaled.jpg\" data-elementor-open-lightbox=\"yes\" data-elementor-lightbox-slideshow=\"28df74b\" data-elementor-lightbox-title=\"PPP_20 Anos_Foto: Percio Campos\" data-e-action-hash=\"#elementor-action%3Aaction%3Dlightbox%26settings%3DeyJpZCI6MTk4NTksInVybCI6Imh0dHBzOlwvXC9hZ2VuY2lhaW5mcmEuY29tXC9ibG9nXC93cC1jb250ZW50XC91cGxvYWRzXC8yMDI0XC8xMlwvMjBhbm9zbGVpZGVwcHMtZm90by1wZXJjaW8tY2FtcG9zLWFnZW5jaWEtaW5mcmEtNDUtMS1zY2FsZWQuanBnIiwic2xpZGVzaG93IjoiMjhkZjc0YiJ9\">\n\t\t\t\t\t<div class=\"e-gallery-image elementor-gallery-item__image\" data-thumbnail=\"https:\/\/agenciainfra.com\/blog\/wp-content\/uploads\/2024\/12\/20anosleidepps-foto-percio-campos-agencia-infra-45-1-1024x683.jpg\" data-width=\"800\" data-height=\"534\" aria-label=\"\" role=\"img\" ><\/div>\n\t\t\t\t\t\t\t\t\t\t\t<div class=\"elementor-gallery-item__overlay\"><\/div>\n\t\t\t\t\t\t\t\t\t\t\t\t\t\t<\/a>\n\t\t\t\t\t\t\t<a class=\"e-gallery-item elementor-gallery-item elementor-animated-content\" href=\"https:\/\/agenciainfra.com\/blog\/wp-content\/uploads\/2024\/12\/20anosleidepps-foto-percio-campos-agencia-infra-46-1-scaled.jpg\" data-elementor-open-lightbox=\"yes\" data-elementor-lightbox-slideshow=\"28df74b\" data-elementor-lightbox-title=\"PPP_20 Anos_Foto: Percio Campos\" data-e-action-hash=\"#elementor-action%3Aaction%3Dlightbox%26settings%3DeyJpZCI6MTk4NjAsInVybCI6Imh0dHBzOlwvXC9hZ2VuY2lhaW5mcmEuY29tXC9ibG9nXC93cC1jb250ZW50XC91cGxvYWRzXC8yMDI0XC8xMlwvMjBhbm9zbGVpZGVwcHMtZm90by1wZXJjaW8tY2FtcG9zLWFnZW5jaWEtaW5mcmEtNDYtMS1zY2FsZWQuanBnIiwic2xpZGVzaG93IjoiMjhkZjc0YiJ9\">\n\t\t\t\t\t<div class=\"e-gallery-image elementor-gallery-item__image\" data-thumbnail=\"https:\/\/agenciainfra.com\/blog\/wp-content\/uploads\/2024\/12\/20anosleidepps-foto-percio-campos-agencia-infra-46-1-1024x683.jpg\" data-width=\"800\" data-height=\"534\" aria-label=\"\" role=\"img\" ><\/div>\n\t\t\t\t\t\t\t\t\t\t\t<div class=\"elementor-gallery-item__overlay\"><\/div>\n\t\t\t\t\t\t\t\t\t\t\t\t\t\t<\/a>\n\t\t\t\t\t\t\t<a class=\"e-gallery-item elementor-gallery-item elementor-animated-content\" href=\"https:\/\/agenciainfra.com\/blog\/wp-content\/uploads\/2024\/12\/20anosleidepps-foto-percio-campos-agencia-infra-47-1-scaled.jpg\" data-elementor-open-lightbox=\"yes\" data-elementor-lightbox-slideshow=\"28df74b\" data-elementor-lightbox-title=\"PPP_20 Anos_Foto: Percio Campos\" data-e-action-hash=\"#elementor-action%3Aaction%3Dlightbox%26settings%3DeyJpZCI6MTk4NjEsInVybCI6Imh0dHBzOlwvXC9hZ2VuY2lhaW5mcmEuY29tXC9ibG9nXC93cC1jb250ZW50XC91cGxvYWRzXC8yMDI0XC8xMlwvMjBhbm9zbGVpZGVwcHMtZm90by1wZXJjaW8tY2FtcG9zLWFnZW5jaWEtaW5mcmEtNDctMS1zY2FsZWQuanBnIiwic2xpZGVzaG93IjoiMjhkZjc0YiJ9\">\n\t\t\t\t\t<div class=\"e-gallery-image elementor-gallery-item__image\" data-thumbnail=\"https:\/\/agenciainfra.com\/blog\/wp-content\/uploads\/2024\/12\/20anosleidepps-foto-percio-campos-agencia-infra-47-1-1024x683.jpg\" data-width=\"800\" data-height=\"534\" aria-label=\"\" role=\"img\" ><\/div>\n\t\t\t\t\t\t\t\t\t\t\t<div class=\"elementor-gallery-item__overlay\"><\/div>\n\t\t\t\t\t\t\t\t\t\t\t\t\t\t<\/a>\n\t\t\t\t\t\t\t<a class=\"e-gallery-item elementor-gallery-item elementor-animated-content\" href=\"https:\/\/agenciainfra.com\/blog\/wp-content\/uploads\/2024\/12\/20anosleidepps-foto-percio-campos-agencia-infra-48-1-scaled.jpg\" data-elementor-open-lightbox=\"yes\" data-elementor-lightbox-slideshow=\"28df74b\" data-elementor-lightbox-title=\"PPP_20 Anos_Foto: Percio Campos\" data-e-action-hash=\"#elementor-action%3Aaction%3Dlightbox%26settings%3DeyJpZCI6MTk4NjIsInVybCI6Imh0dHBzOlwvXC9hZ2VuY2lhaW5mcmEuY29tXC9ibG9nXC93cC1jb250ZW50XC91cGxvYWRzXC8yMDI0XC8xMlwvMjBhbm9zbGVpZGVwcHMtZm90by1wZXJjaW8tY2FtcG9zLWFnZW5jaWEtaW5mcmEtNDgtMS1zY2FsZWQuanBnIiwic2xpZGVzaG93IjoiMjhkZjc0YiJ9\">\n\t\t\t\t\t<div class=\"e-gallery-image elementor-gallery-item__image\" data-thumbnail=\"https:\/\/agenciainfra.com\/blog\/wp-content\/uploads\/2024\/12\/20anosleidepps-foto-percio-campos-agencia-infra-48-1-683x1024.jpg\" data-width=\"683\" data-height=\"1024\" aria-label=\"\" role=\"img\" ><\/div>\n\t\t\t\t\t\t\t\t\t\t\t<div class=\"elementor-gallery-item__overlay\"><\/div>\n\t\t\t\t\t\t\t\t\t\t\t\t\t\t<\/a>\n\t\t\t\t\t\t\t<a class=\"e-gallery-item elementor-gallery-item elementor-animated-content\" href=\"https:\/\/agenciainfra.com\/blog\/wp-content\/uploads\/2024\/12\/20anosleidepps-foto-percio-campos-agencia-infra-49-1-scaled.jpg\" data-elementor-open-lightbox=\"yes\" data-elementor-lightbox-slideshow=\"28df74b\" data-elementor-lightbox-title=\"PPP_20 Anos_Foto: Percio Campos\" data-e-action-hash=\"#elementor-action%3Aaction%3Dlightbox%26settings%3DeyJpZCI6MTk4NjMsInVybCI6Imh0dHBzOlwvXC9hZ2VuY2lhaW5mcmEuY29tXC9ibG9nXC93cC1jb250ZW50XC91cGxvYWRzXC8yMDI0XC8xMlwvMjBhbm9zbGVpZGVwcHMtZm90by1wZXJjaW8tY2FtcG9zLWFnZW5jaWEtaW5mcmEtNDktMS1zY2FsZWQuanBnIiwic2xpZGVzaG93IjoiMjhkZjc0YiJ9\">\n\t\t\t\t\t<div class=\"e-gallery-image elementor-gallery-item__image\" data-thumbnail=\"https:\/\/agenciainfra.com\/blog\/wp-content\/uploads\/2024\/12\/20anosleidepps-foto-percio-campos-agencia-infra-49-1-1024x683.jpg\" data-width=\"800\" data-height=\"534\" aria-label=\"\" role=\"img\" ><\/div>\n\t\t\t\t\t\t\t\t\t\t\t<div class=\"elementor-gallery-item__overlay\"><\/div>\n\t\t\t\t\t\t\t\t\t\t\t\t\t\t<\/a>\n\t\t\t\t\t\t\t<a class=\"e-gallery-item elementor-gallery-item elementor-animated-content\" href=\"https:\/\/agenciainfra.com\/blog\/wp-content\/uploads\/2024\/12\/20anosleidepps-foto-percio-campos-agencia-infra-50-1-scaled.jpg\" data-elementor-open-lightbox=\"yes\" data-elementor-lightbox-slideshow=\"28df74b\" data-elementor-lightbox-title=\"PPP_20 Anos_Foto: Percio Campos\" data-e-action-hash=\"#elementor-action%3Aaction%3Dlightbox%26settings%3DeyJpZCI6MTk4NjQsInVybCI6Imh0dHBzOlwvXC9hZ2VuY2lhaW5mcmEuY29tXC9ibG9nXC93cC1jb250ZW50XC91cGxvYWRzXC8yMDI0XC8xMlwvMjBhbm9zbGVpZGVwcHMtZm90by1wZXJjaW8tY2FtcG9zLWFnZW5jaWEtaW5mcmEtNTAtMS1zY2FsZWQuanBnIiwic2xpZGVzaG93IjoiMjhkZjc0YiJ9\">\n\t\t\t\t\t<div class=\"e-gallery-image elementor-gallery-item__image\" data-thumbnail=\"https:\/\/agenciainfra.com\/blog\/wp-content\/uploads\/2024\/12\/20anosleidepps-foto-percio-campos-agencia-infra-50-1-1024x683.jpg\" data-width=\"800\" data-height=\"534\" aria-label=\"\" role=\"img\" ><\/div>\n\t\t\t\t\t\t\t\t\t\t\t<div class=\"elementor-gallery-item__overlay\"><\/div>\n\t\t\t\t\t\t\t\t\t\t\t\t\t\t<\/a>\n\t\t\t\t\t<\/div>\n\t\t\t\t\t<\/div>\n\t\t\t\t<\/div>\n\t\t\t\t\t<\/div>\n\t\t\t\t<\/div>\n\t\t\t\t<\/div>\n\t\t","protected":false},"excerpt":{"rendered":"<p>apresentado por ApexBrasil Nos dias 9 e 10 de dezembro, foi realizado em Bras\u00edlia (DF) o semin\u00e1rio 20 Anos da Lei Federal de PPPs \u2013 Lei 11.079, promovido pela ApexBrasil e pelo PPI (Programa de Parceria de Investimentos) da Casa Civil da Presid\u00eancia da Rep\u00fablica. A\u00a0Ag\u00eancia iNFRA\u00a0promoveu uma cobertura especial do encontro que reuniu especialistas [&hellip;]<\/p>\n","protected":false},"author":1,"featured_media":19603,"comment_status":"closed","ping_status":"closed","sticky":false,"template":"","format":"standard","meta":{"_monsterinsights_skip_tracking":false,"_monsterinsights_sitenote_active":false,"_monsterinsights_sitenote_note":"","_monsterinsights_sitenote_category":0,"footnotes":""},"categories":[18468],"tags":[9564,78,34,32,254,49,916,36,97,8504,699,179,617,70],"class_list":["post-19739","post","type-post","status-publish","format-standard","has-post-thumbnail","hentry","category-infra-cidades","tag-apexbrasil","tag-concessoes","tag-infraestrutura","tag-investimentos","tag-leilao","tag-mobilidade","tag-parceria-publico-privada","tag-ppi","tag-ppp","tag-ppps-sociais","tag-prefeitura","tag-saneamento","tag-transporte","tag-transportes"],"yoast_head":"<!-- This site is optimized with the Yoast SEO Premium plugin v25.4 (Yoast SEO v26.0) - https:\/\/yoast.com\/wordpress\/plugins\/seo\/ -->\n<title>Cobertura fotogr\u00e1fica do Semin\u00e1rio 20 Anos da Lei de PPPs - Ag\u00eancia iNFRA<\/title>\n<meta name=\"robots\" content=\"index, follow, max-snippet:-1, max-image-preview:large, max-video-preview:-1\" \/>\n<link rel=\"canonical\" href=\"https:\/\/agenciainfra.com\/blog\/cobertura-fotografica-do-seminario-20-anos-da-lei-de-ppps\/\" \/>\n<meta property=\"og:locale\" content=\"pt_BR\" \/>\n<meta property=\"og:type\" content=\"article\" \/>\n<meta property=\"og:title\" content=\"Cobertura fotogr\u00e1fica do Semin\u00e1rio 20 Anos da Lei de PPPs\" \/>\n<meta property=\"og:description\" content=\"apresentado por ApexBrasil Nos dias 9 e 10 de dezembro, foi realizado em Bras\u00edlia (DF) o semin\u00e1rio 20 Anos da Lei Federal de PPPs \u2013 Lei 11.079, promovido pela ApexBrasil e pelo PPI (Programa de Parceria de Investimentos) da Casa Civil da Presid\u00eancia da Rep\u00fablica. A\u00a0Ag\u00eancia iNFRA\u00a0promoveu uma cobertura especial do encontro que reuniu especialistas [&hellip;]\" \/>\n<meta property=\"og:url\" content=\"https:\/\/agenciainfra.com\/blog\/cobertura-fotografica-do-seminario-20-anos-da-lei-de-ppps\/\" \/>\n<meta property=\"og:site_name\" content=\"Ag\u00eancia iNFRA\" \/>\n<meta property=\"article:publisher\" content=\"https:\/\/www.facebook.com\/ageninfra\" \/>\n<meta property=\"article:published_time\" content=\"2024-12-21T11:00:00+00:00\" \/>\n<meta property=\"article:modified_time\" content=\"2026-02-13T20:16:08+00:00\" \/>\n<meta property=\"og:image\" content=\"https:\/\/agenciainfra.com\/blog\/wp-content\/uploads\/2024\/12\/APEX-Peca-de-midia-ON_Agencia-Infra_SITE_1920x1080-1.gif\" \/>\n\t<meta property=\"og:image:width\" content=\"1920\" \/>\n\t<meta property=\"og:image:height\" content=\"1080\" \/>\n\t<meta property=\"og:image:type\" content=\"image\/gif\" \/>\n<meta name=\"author\" content=\"Ag\u00eancia iNFRA\" \/>\n<meta name=\"twitter:card\" content=\"summary_large_image\" \/>\n<meta name=\"twitter:creator\" content=\"@agencia_infra\" \/>\n<meta name=\"twitter:site\" content=\"@agencia_infra\" \/>\n<meta name=\"twitter:label1\" content=\"Escrito por\" \/>\n\t<meta name=\"twitter:data1\" content=\"Ag\u00eancia iNFRA\" \/>\n\t<meta name=\"twitter:label2\" content=\"Est. tempo de leitura\" \/>\n\t<meta name=\"twitter:data2\" content=\"1 minuto\" \/>\n<script type=\"application\/ld+json\" class=\"yoast-schema-graph\">{\"@context\":\"https:\/\/schema.org\",\"@graph\":[{\"@type\":\"Article\",\"@id\":\"https:\/\/agenciainfra.com\/blog\/cobertura-fotografica-do-seminario-20-anos-da-lei-de-ppps\/#article\",\"isPartOf\":{\"@id\":\"https:\/\/agenciainfra.com\/blog\/cobertura-fotografica-do-seminario-20-anos-da-lei-de-ppps\/\"},\"author\":{\"name\":\"Ag\u00eancia iNFRA\",\"@id\":\"https:\/\/agenciainfra.com\/blog\/#\/schema\/person\/34af08dff6adea4cb22b06612ba7acfa\"},\"headline\":\"Cobertura fotogr\u00e1fica do Semin\u00e1rio 20 Anos da Lei de PPPs\",\"datePublished\":\"2024-12-21T11:00:00+00:00\",\"dateModified\":\"2026-02-13T20:16:08+00:00\",\"mainEntityOfPage\":{\"@id\":\"https:\/\/agenciainfra.com\/blog\/cobertura-fotografica-do-seminario-20-anos-da-lei-de-ppps\/\"},\"wordCount\":140,\"publisher\":{\"@id\":\"https:\/\/agenciainfra.com\/blog\/#organization\"},\"image\":{\"@id\":\"https:\/\/agenciainfra.com\/blog\/cobertura-fotografica-do-seminario-20-anos-da-lei-de-ppps\/#primaryimage\"},\"thumbnailUrl\":\"https:\/\/agenciainfra.com\/blog\/wp-content\/uploads\/2024\/12\/APEX-Peca-de-midia-ON_Agencia-Infra_SITE_1920x1080-1.gif\",\"keywords\":[\"ApexBrasil\",\"concess\u00f5es\",\"Infraestrutura\",\"Investimentos\",\"leil\u00e3o\",\"mobilidade\",\"parceria p\u00fablico-privada\",\"PPI\",\"PPP\",\"PPPs sociais\",\"prefeitura\",\"saneamento\",\"transporte\",\"transportes\"],\"articleSection\":[\"iNFRACidades\"],\"inLanguage\":\"pt-BR\",\"copyrightYear\":\"2024\",\"copyrightHolder\":{\"@id\":\"https:\/\/agenciainfra.com\/blog\/#organization\"}},{\"@type\":\"WebPage\",\"@id\":\"https:\/\/agenciainfra.com\/blog\/cobertura-fotografica-do-seminario-20-anos-da-lei-de-ppps\/\",\"url\":\"https:\/\/agenciainfra.com\/blog\/cobertura-fotografica-do-seminario-20-anos-da-lei-de-ppps\/\",\"name\":\"Cobertura fotogr\u00e1fica do Semin\u00e1rio 20 Anos da Lei de PPPs - Ag\u00eancia iNFRA\",\"isPartOf\":{\"@id\":\"https:\/\/agenciainfra.com\/blog\/#website\"},\"primaryImageOfPage\":{\"@id\":\"https:\/\/agenciainfra.com\/blog\/cobertura-fotografica-do-seminario-20-anos-da-lei-de-ppps\/#primaryimage\"},\"image\":{\"@id\":\"https:\/\/agenciainfra.com\/blog\/cobertura-fotografica-do-seminario-20-anos-da-lei-de-ppps\/#primaryimage\"},\"thumbnailUrl\":\"https:\/\/agenciainfra.com\/blog\/wp-content\/uploads\/2024\/12\/APEX-Peca-de-midia-ON_Agencia-Infra_SITE_1920x1080-1.gif\",\"datePublished\":\"2024-12-21T11:00:00+00:00\",\"dateModified\":\"2026-02-13T20:16:08+00:00\",\"breadcrumb\":{\"@id\":\"https:\/\/agenciainfra.com\/blog\/cobertura-fotografica-do-seminario-20-anos-da-lei-de-ppps\/#breadcrumb\"},\"inLanguage\":\"pt-BR\",\"potentialAction\":[{\"@type\":\"ReadAction\",\"target\":[\"https:\/\/agenciainfra.com\/blog\/cobertura-fotografica-do-seminario-20-anos-da-lei-de-ppps\/\"]}]},{\"@type\":\"ImageObject\",\"inLanguage\":\"pt-BR\",\"@id\":\"https:\/\/agenciainfra.com\/blog\/cobertura-fotografica-do-seminario-20-anos-da-lei-de-ppps\/#primaryimage\",\"url\":\"https:\/\/agenciainfra.com\/blog\/wp-content\/uploads\/2024\/12\/APEX-Peca-de-midia-ON_Agencia-Infra_SITE_1920x1080-1.gif\",\"contentUrl\":\"https:\/\/agenciainfra.com\/blog\/wp-content\/uploads\/2024\/12\/APEX-Peca-de-midia-ON_Agencia-Infra_SITE_1920x1080-1.gif\",\"width\":1920,\"height\":1080},{\"@type\":\"BreadcrumbList\",\"@id\":\"https:\/\/agenciainfra.com\/blog\/cobertura-fotografica-do-seminario-20-anos-da-lei-de-ppps\/#breadcrumb\",\"itemListElement\":[{\"@type\":\"ListItem\",\"position\":1,\"name\":\"In\u00edcio\",\"item\":\"https:\/\/agenciainfra.com\/blog\/\"},{\"@type\":\"ListItem\",\"position\":2,\"name\":\"Cobertura fotogr\u00e1fica do Semin\u00e1rio 20 Anos da Lei de PPPs\"}]},{\"@type\":\"WebSite\",\"@id\":\"https:\/\/agenciainfra.com\/blog\/#website\",\"url\":\"https:\/\/agenciainfra.com\/blog\/\",\"name\":\"Ag\u00eancia iNFRA\",\"description\":\"Multiplataforma de informa\u00e7\u00e3o jornal\u00edstica refer\u00eancia na \u00e1rea de infraestrutura no Brasil!\",\"publisher\":{\"@id\":\"https:\/\/agenciainfra.com\/blog\/#organization\"},\"potentialAction\":[{\"@type\":\"SearchAction\",\"target\":{\"@type\":\"EntryPoint\",\"urlTemplate\":\"https:\/\/agenciainfra.com\/blog\/?s={search_term_string}\"},\"query-input\":{\"@type\":\"PropertyValueSpecification\",\"valueRequired\":true,\"valueName\":\"search_term_string\"}}],\"inLanguage\":\"pt-BR\"},{\"@type\":\"Organization\",\"@id\":\"https:\/\/agenciainfra.com\/blog\/#organization\",\"name\":\"Ag\u00eancia iNFRA\",\"url\":\"https:\/\/agenciainfra.com\/blog\/\",\"logo\":{\"@type\":\"ImageObject\",\"inLanguage\":\"pt-BR\",\"@id\":\"https:\/\/agenciainfra.com\/blog\/#\/schema\/logo\/image\/\",\"url\":\"https:\/\/agenciainfra.com\/blog\/wp-content\/uploads\/2023\/09\/iNFRA_5-e1761735885940.png\",\"contentUrl\":\"https:\/\/agenciainfra.com\/blog\/wp-content\/uploads\/2023\/09\/iNFRA_5-e1761735885940.png\",\"width\":1672,\"height\":454,\"caption\":\"Ag\u00eancia iNFRA\"},\"image\":{\"@id\":\"https:\/\/agenciainfra.com\/blog\/#\/schema\/logo\/image\/\"},\"sameAs\":[\"https:\/\/www.facebook.com\/ageninfra\",\"https:\/\/x.com\/agencia_infra\",\"https:\/\/www.linkedin.com\/company\/ag\u00eanciainfra\/\",\"https:\/\/www.instagram.com\/agenciainfra\/\"]},{\"@type\":\"Person\",\"@id\":\"https:\/\/agenciainfra.com\/blog\/#\/schema\/person\/34af08dff6adea4cb22b06612ba7acfa\",\"name\":\"Ag\u00eancia iNFRA\",\"image\":{\"@type\":\"ImageObject\",\"inLanguage\":\"pt-BR\",\"@id\":\"https:\/\/agenciainfra.com\/blog\/#\/schema\/person\/image\/\",\"url\":\"https:\/\/secure.gravatar.com\/avatar\/d189e01678f06d8eb84d4e01f08eb848b3fffe3f8443818d3c356c66892f5be8?s=96&d=mm&r=g\",\"contentUrl\":\"https:\/\/secure.gravatar.com\/avatar\/d189e01678f06d8eb84d4e01f08eb848b3fffe3f8443818d3c356c66892f5be8?s=96&d=mm&r=g\",\"caption\":\"Ag\u00eancia iNFRA\"},\"url\":\"https:\/\/agenciainfra.com\/blog\/author\/admin\/\"}]}<\/script>\n<!-- \/ Yoast SEO Premium plugin. -->","yoast_head_json":{"title":"Cobertura fotogr\u00e1fica do Semin\u00e1rio 20 Anos da Lei de PPPs - Ag\u00eancia iNFRA","robots":{"index":"index","follow":"follow","max-snippet":"max-snippet:-1","max-image-preview":"max-image-preview:large","max-video-preview":"max-video-preview:-1"},"canonical":"https:\/\/agenciainfra.com\/blog\/cobertura-fotografica-do-seminario-20-anos-da-lei-de-ppps\/","og_locale":"pt_BR","og_type":"article","og_title":"Cobertura fotogr\u00e1fica do Semin\u00e1rio 20 Anos da Lei de PPPs","og_description":"apresentado por ApexBrasil Nos dias 9 e 10 de dezembro, foi realizado em Bras\u00edlia (DF) o semin\u00e1rio 20 Anos da Lei Federal de PPPs \u2013 Lei 11.079, promovido pela ApexBrasil e pelo PPI (Programa de Parceria de Investimentos) da Casa Civil da Presid\u00eancia da Rep\u00fablica. A\u00a0Ag\u00eancia iNFRA\u00a0promoveu uma cobertura especial do encontro que reuniu especialistas [&hellip;]","og_url":"https:\/\/agenciainfra.com\/blog\/cobertura-fotografica-do-seminario-20-anos-da-lei-de-ppps\/","og_site_name":"Ag\u00eancia iNFRA","article_publisher":"https:\/\/www.facebook.com\/ageninfra","article_published_time":"2024-12-21T11:00:00+00:00","article_modified_time":"2026-02-13T20:16:08+00:00","og_image":[{"width":1920,"height":1080,"url":"https:\/\/agenciainfra.com\/blog\/wp-content\/uploads\/2024\/12\/APEX-Peca-de-midia-ON_Agencia-Infra_SITE_1920x1080-1.gif","type":"image\/gif"}],"author":"Ag\u00eancia iNFRA","twitter_card":"summary_large_image","twitter_creator":"@agencia_infra","twitter_site":"@agencia_infra","twitter_misc":{"Escrito por":"Ag\u00eancia iNFRA","Est. tempo de leitura":"1 minuto"},"schema":{"@context":"https:\/\/schema.org","@graph":[{"@type":"Article","@id":"https:\/\/agenciainfra.com\/blog\/cobertura-fotografica-do-seminario-20-anos-da-lei-de-ppps\/#article","isPartOf":{"@id":"https:\/\/agenciainfra.com\/blog\/cobertura-fotografica-do-seminario-20-anos-da-lei-de-ppps\/"},"author":{"name":"Ag\u00eancia iNFRA","@id":"https:\/\/agenciainfra.com\/blog\/#\/schema\/person\/34af08dff6adea4cb22b06612ba7acfa"},"headline":"Cobertura fotogr\u00e1fica do Semin\u00e1rio 20 Anos da Lei de PPPs","datePublished":"2024-12-21T11:00:00+00:00","dateModified":"2026-02-13T20:16:08+00:00","mainEntityOfPage":{"@id":"https:\/\/agenciainfra.com\/blog\/cobertura-fotografica-do-seminario-20-anos-da-lei-de-ppps\/"},"wordCount":140,"publisher":{"@id":"https:\/\/agenciainfra.com\/blog\/#organization"},"image":{"@id":"https:\/\/agenciainfra.com\/blog\/cobertura-fotografica-do-seminario-20-anos-da-lei-de-ppps\/#primaryimage"},"thumbnailUrl":"https:\/\/agenciainfra.com\/blog\/wp-content\/uploads\/2024\/12\/APEX-Peca-de-midia-ON_Agencia-Infra_SITE_1920x1080-1.gif","keywords":["ApexBrasil","concess\u00f5es","Infraestrutura","Investimentos","leil\u00e3o","mobilidade","parceria p\u00fablico-privada","PPI","PPP","PPPs sociais","prefeitura","saneamento","transporte","transportes"],"articleSection":["iNFRACidades"],"inLanguage":"pt-BR","copyrightYear":"2024","copyrightHolder":{"@id":"https:\/\/agenciainfra.com\/blog\/#organization"}},{"@type":"WebPage","@id":"https:\/\/agenciainfra.com\/blog\/cobertura-fotografica-do-seminario-20-anos-da-lei-de-ppps\/","url":"https:\/\/agenciainfra.com\/blog\/cobertura-fotografica-do-seminario-20-anos-da-lei-de-ppps\/","name":"Cobertura fotogr\u00e1fica do Semin\u00e1rio 20 Anos da Lei de PPPs - Ag\u00eancia iNFRA","isPartOf":{"@id":"https:\/\/agenciainfra.com\/blog\/#website"},"primaryImageOfPage":{"@id":"https:\/\/agenciainfra.com\/blog\/cobertura-fotografica-do-seminario-20-anos-da-lei-de-ppps\/#primaryimage"},"image":{"@id":"https:\/\/agenciainfra.com\/blog\/cobertura-fotografica-do-seminario-20-anos-da-lei-de-ppps\/#primaryimage"},"thumbnailUrl":"https:\/\/agenciainfra.com\/blog\/wp-content\/uploads\/2024\/12\/APEX-Peca-de-midia-ON_Agencia-Infra_SITE_1920x1080-1.gif","datePublished":"2024-12-21T11:00:00+00:00","dateModified":"2026-02-13T20:16:08+00:00","breadcrumb":{"@id":"https:\/\/agenciainfra.com\/blog\/cobertura-fotografica-do-seminario-20-anos-da-lei-de-ppps\/#breadcrumb"},"inLanguage":"pt-BR","potentialAction":[{"@type":"ReadAction","target":["https:\/\/agenciainfra.com\/blog\/cobertura-fotografica-do-seminario-20-anos-da-lei-de-ppps\/"]}]},{"@type":"ImageObject","inLanguage":"pt-BR","@id":"https:\/\/agenciainfra.com\/blog\/cobertura-fotografica-do-seminario-20-anos-da-lei-de-ppps\/#primaryimage","url":"https:\/\/agenciainfra.com\/blog\/wp-content\/uploads\/2024\/12\/APEX-Peca-de-midia-ON_Agencia-Infra_SITE_1920x1080-1.gif","contentUrl":"https:\/\/agenciainfra.com\/blog\/wp-content\/uploads\/2024\/12\/APEX-Peca-de-midia-ON_Agencia-Infra_SITE_1920x1080-1.gif","width":1920,"height":1080},{"@type":"BreadcrumbList","@id":"https:\/\/agenciainfra.com\/blog\/cobertura-fotografica-do-seminario-20-anos-da-lei-de-ppps\/#breadcrumb","itemListElement":[{"@type":"ListItem","position":1,"name":"In\u00edcio","item":"https:\/\/agenciainfra.com\/blog\/"},{"@type":"ListItem","position":2,"name":"Cobertura fotogr\u00e1fica do Semin\u00e1rio 20 Anos da Lei de PPPs"}]},{"@type":"WebSite","@id":"https:\/\/agenciainfra.com\/blog\/#website","url":"https:\/\/agenciainfra.com\/blog\/","name":"Ag\u00eancia iNFRA","description":"Multiplataforma de informa\u00e7\u00e3o jornal\u00edstica refer\u00eancia na \u00e1rea de infraestrutura no Brasil!","publisher":{"@id":"https:\/\/agenciainfra.com\/blog\/#organization"},"potentialAction":[{"@type":"SearchAction","target":{"@type":"EntryPoint","urlTemplate":"https:\/\/agenciainfra.com\/blog\/?s={search_term_string}"},"query-input":{"@type":"PropertyValueSpecification","valueRequired":true,"valueName":"search_term_string"}}],"inLanguage":"pt-BR"},{"@type":"Organization","@id":"https:\/\/agenciainfra.com\/blog\/#organization","name":"Ag\u00eancia iNFRA","url":"https:\/\/agenciainfra.com\/blog\/","logo":{"@type":"ImageObject","inLanguage":"pt-BR","@id":"https:\/\/agenciainfra.com\/blog\/#\/schema\/logo\/image\/","url":"https:\/\/agenciainfra.com\/blog\/wp-content\/uploads\/2023\/09\/iNFRA_5-e1761735885940.png","contentUrl":"https:\/\/agenciainfra.com\/blog\/wp-content\/uploads\/2023\/09\/iNFRA_5-e1761735885940.png","width":1672,"height":454,"caption":"Ag\u00eancia iNFRA"},"image":{"@id":"https:\/\/agenciainfra.com\/blog\/#\/schema\/logo\/image\/"},"sameAs":["https:\/\/www.facebook.com\/ageninfra","https:\/\/x.com\/agencia_infra","https:\/\/www.linkedin.com\/company\/ag\u00eanciainfra\/","https:\/\/www.instagram.com\/agenciainfra\/"]},{"@type":"Person","@id":"https:\/\/agenciainfra.com\/blog\/#\/schema\/person\/34af08dff6adea4cb22b06612ba7acfa","name":"Ag\u00eancia iNFRA","image":{"@type":"ImageObject","inLanguage":"pt-BR","@id":"https:\/\/agenciainfra.com\/blog\/#\/schema\/person\/image\/","url":"https:\/\/secure.gravatar.com\/avatar\/d189e01678f06d8eb84d4e01f08eb848b3fffe3f8443818d3c356c66892f5be8?s=96&d=mm&r=g","contentUrl":"https:\/\/secure.gravatar.com\/avatar\/d189e01678f06d8eb84d4e01f08eb848b3fffe3f8443818d3c356c66892f5be8?s=96&d=mm&r=g","caption":"Ag\u00eancia iNFRA"},"url":"https:\/\/agenciainfra.com\/blog\/author\/admin\/"}]}},"_links":{"self":[{"href":"https:\/\/agenciainfra.com\/blog\/wp-json\/wp\/v2\/posts\/19739","targetHints":{"allow":["GET"]}}],"collection":[{"href":"https:\/\/agenciainfra.com\/blog\/wp-json\/wp\/v2\/posts"}],"about":[{"href":"https:\/\/agenciainfra.com\/blog\/wp-json\/wp\/v2\/types\/post"}],"author":[{"embeddable":true,"href":"https:\/\/agenciainfra.com\/blog\/wp-json\/wp\/v2\/users\/1"}],"replies":[{"embeddable":true,"href":"https:\/\/agenciainfra.com\/blog\/wp-json\/wp\/v2\/comments?post=19739"}],"version-history":[{"count":38,"href":"https:\/\/agenciainfra.com\/blog\/wp-json\/wp\/v2\/posts\/19739\/revisions"}],"predecessor-version":[{"id":36652,"href":"https:\/\/agenciainfra.com\/blog\/wp-json\/wp\/v2\/posts\/19739\/revisions\/36652"}],"wp:featuredmedia":[{"embeddable":true,"href":"https:\/\/agenciainfra.com\/blog\/wp-json\/wp\/v2\/media\/19603"}],"wp:attachment":[{"href":"https:\/\/agenciainfra.com\/blog\/wp-json\/wp\/v2\/media?parent=19739"}],"wp:term":[{"taxonomy":"category","embeddable":true,"href":"https:\/\/agenciainfra.com\/blog\/wp-json\/wp\/v2\/categories?post=19739"},{"taxonomy":"post_tag","embeddable":true,"href":"https:\/\/agenciainfra.com\/blog\/wp-json\/wp\/v2\/tags?post=19739"}],"curies":[{"name":"wp","href":"https:\/\/api.w.org\/{rel}","templated":true}]}}