{"id":19894,"date":"2024-12-28T12:57:37","date_gmt":"2024-12-28T15:57:37","guid":{"rendered":"https:\/\/agenciainfra.com\/blog\/?p=19894"},"modified":"2025-01-07T06:54:59","modified_gmt":"2025-01-07T09:54:59","slug":"antt-aprova-acordo-de-ate-r-113-bilhoes-sobre-ferrovias-da-vale","status":"publish","type":"post","link":"https:\/\/agenciainfra.com\/blog\/antt-aprova-acordo-de-ate-r-113-bilhoes-sobre-ferrovias-da-vale\/","title":{"rendered":"ANTT aprova acordo de at\u00e9 R$ 11,3 bilh\u00f5es sobre ferrovias da Vale"},"content":{"rendered":"\n<p class=\"has-text-align-right\"><strong>da Ag\u00eancia iNFRA<\/strong><\/p>\n\n\n\n<p>A ANTT (Ag\u00eancia Nacional de Transportes Terrestres) aprovou nesta sexta-feira (27), em <a href=\"https:\/\/www.youtube.com\/watch?v=yC3psirpX8U\">reuni\u00e3o extraordin\u00e1ria<\/a> de diretoria, os termos aditivos ao contrato da EFC (Estrada de Ferro Caraj\u00e1s) e da EFVM (Estrada de Ferro Vit\u00f3ria a Minas), da Vale, referentes ao acordo de repactua\u00e7\u00e3o do processo de renova\u00e7\u00e3o das ferrovias.<\/p>\n\n\n\n<p>O relator do processo, diretor Felipe Queiroz, afirmou que o processo ser\u00e1 encaminhado \u00e0 SecexConsenso, do TCU (Tribunal de Contas da Uni\u00e3o). Segundo ele, foi estabelecido pelo Minist\u00e9rio dos Transportes e a Vale um teto de R$ 11,3 bilh\u00f5es para a discuss\u00e3o no \u00e2mbito da SecexConsenso.<\/p>\n\n\n\n<p>De acordo com Queiroz, as diretrizes encaminhadas pela SNTF (Secretaria Nacional de Transporte Ferrovi\u00e1rio) para celebra\u00e7\u00e3o dos aditivos abrangeram quatro pontos: 1) ajuste do crit\u00e9rio de c\u00e1lculo do ISF (\u00cdndice de Satura\u00e7\u00e3o da Ferrovia); 2) antecipa\u00e7\u00e3o do pagamento de R$ 4 bilh\u00f5es, pela Vale, por eventuais diverg\u00eancias entre os valores apurados e estimados da base de ativos; 3) autoriza\u00e7\u00e3o para que seja feita a compensa\u00e7\u00e3o de valores devidos pela concession\u00e1ria caso o termo de solu\u00e7\u00e3o consensual definitiva do TCU n\u00e3o seja celebrado at\u00e9 o fim de novembro de 2025; e 4) inser\u00e7\u00e3o de cl\u00e1usula no sentido de que o Minist\u00e9rio dos Transportes e a Vale concordaram em limitar as discuss\u00f5es no \u00e2mbito da SecexConsenso at\u00e9 o valor de R$ 11,3 bilh\u00f5es.<\/p>\n\n\n\n<p>Em seu voto, o relator afirmou que o pagamento referente \u00e0 antecipa\u00e7\u00e3o de R$ 4 bilh\u00f5es n\u00e3o representa reconhecimento de d\u00edvida por nenhuma das partes (ANTT e concession\u00e1ria). Tamb\u00e9m foram feitos ajustes em rela\u00e7\u00e3o \u00e0 proposta encaminhada quanto ao crit\u00e9rio de c\u00e1lculo do ISF.<\/p>\n\n\n\n<p><strong>Repactua\u00e7\u00e3o da Malha Oeste<\/strong><br>O processo que trata da remodela\u00e7\u00e3o do contrato de concess\u00e3o da Malha Oeste, da Rumo, e de avalia\u00e7\u00e3o acerca da necessidade de instaura\u00e7\u00e3o de Comiss\u00e3o de Solu\u00e7\u00e3o Consensual no TCU tamb\u00e9m foi pautado para a reuni\u00e3o extraordin\u00e1ria.<\/p>\n\n\n\n<p>No entanto, ele n\u00e3o foi deliberado durante a transmiss\u00e3o p\u00fablica da reuni\u00e3o, uma vez que \u00e9 classificado como sigiloso. Segundo o diretor-geral, Rafael Vitale, o tema seria analisado de forma restrita.<\/p>\n\n\n\n<p>Na reuni\u00e3o extraordin\u00e1ria desta sexta-feira, o colegiado da ANTT aprovou ainda o processo que estabelece a metodologia dos pisos m\u00ednimos referentes ao quil\u00f4metro rodado em transporte rodovi\u00e1rio de cargas.<\/p>\n","protected":false},"excerpt":{"rendered":"<p>da Ag\u00eancia iNFRA A ANTT (Ag\u00eancia Nacional de Transportes Terrestres) aprovou nesta sexta-feira (27), em reuni\u00e3o extraordin\u00e1ria de diretoria, os termos aditivos ao contrato da EFC (Estrada de Ferro Caraj\u00e1s) e da EFVM (Estrada de Ferro Vit\u00f3ria a Minas), da Vale, referentes ao acordo de repactua\u00e7\u00e3o do processo de renova\u00e7\u00e3o das ferrovias. O relator do [&hellip;]<\/p>\n","protected":false},"author":1,"featured_media":3337,"comment_status":"closed","ping_status":"closed","sticky":false,"template":"","format":"standard","meta":{"_monsterinsights_skip_tracking":false,"_monsterinsights_sitenote_active":false,"_monsterinsights_sitenote_note":"","_monsterinsights_sitenote_category":0,"footnotes":""},"categories":[9714,1,7],"tags":[19,229,228,470,1419,5732,120,2793,226,2131,80,7218,6379,18,83],"class_list":["post-19894","post","type-post","status-publish","format-standard","has-post-thumbnail","hentry","category-destaque-menor","category-geral","category-infratransporte","tag-antt","tag-efc","tag-efvm","tag-estrada-de-ferro-carajas","tag-estrada-de-ferro-vitoria-a-minas","tag-felipe-queiroz","tag-ferrovias","tag-malha-oeste","tag-renovacao","tag-repactuacao","tag-rumo","tag-secexconsenso","tag-solucao-consensual","tag-tcu","tag-vale"],"yoast_head":"<!-- This site is optimized with the Yoast SEO Premium plugin v25.4 (Yoast SEO v26.0) - https:\/\/yoast.com\/wordpress\/plugins\/seo\/ -->\n<title>ANTT aprova acordo de at\u00e9 R$ 11,3 bilh\u00f5es sobre ferrovias da Vale - Ag\u00eancia iNFRA<\/title>\n<meta name=\"robots\" content=\"index, follow, max-snippet:-1, max-image-preview:large, max-video-preview:-1\" \/>\n<link rel=\"canonical\" href=\"https:\/\/agenciainfra.com\/blog\/antt-aprova-acordo-de-ate-r-113-bilhoes-sobre-ferrovias-da-vale\/\" \/>\n<meta property=\"og:locale\" content=\"pt_BR\" \/>\n<meta property=\"og:type\" content=\"article\" \/>\n<meta property=\"og:title\" content=\"ANTT aprova acordo de at\u00e9 R$ 11,3 bilh\u00f5es sobre ferrovias da Vale\" \/>\n<meta property=\"og:description\" content=\"da Ag\u00eancia iNFRA A ANTT (Ag\u00eancia Nacional de Transportes Terrestres) aprovou nesta sexta-feira (27), em reuni\u00e3o extraordin\u00e1ria de diretoria, os termos aditivos ao contrato da EFC (Estrada de Ferro Caraj\u00e1s) e da EFVM (Estrada de Ferro Vit\u00f3ria a Minas), da Vale, referentes ao acordo de repactua\u00e7\u00e3o do processo de renova\u00e7\u00e3o das ferrovias. O relator do [&hellip;]\" \/>\n<meta property=\"og:url\" content=\"https:\/\/agenciainfra.com\/blog\/antt-aprova-acordo-de-ate-r-113-bilhoes-sobre-ferrovias-da-vale\/\" \/>\n<meta property=\"og:site_name\" content=\"Ag\u00eancia iNFRA\" \/>\n<meta property=\"article:publisher\" content=\"https:\/\/www.facebook.com\/ageninfra\" \/>\n<meta property=\"article:published_time\" content=\"2024-12-28T15:57:37+00:00\" \/>\n<meta property=\"article:modified_time\" content=\"2025-01-07T09:54:59+00:00\" \/>\n<meta property=\"og:image\" content=\"https:\/\/agenciainfra.com\/blog\/wp-content\/uploads\/2019\/06\/efvm-divulgacao-vale.jpg\" \/>\n\t<meta property=\"og:image:width\" content=\"930\" \/>\n\t<meta property=\"og:image:height\" content=\"545\" \/>\n\t<meta property=\"og:image:type\" content=\"image\/jpeg\" \/>\n<meta name=\"author\" content=\"Ag\u00eancia iNFRA\" \/>\n<meta name=\"twitter:card\" content=\"summary_large_image\" \/>\n<meta name=\"twitter:creator\" content=\"@agencia_infra\" \/>\n<meta name=\"twitter:site\" content=\"@agencia_infra\" \/>\n<meta name=\"twitter:label1\" content=\"Escrito por\" \/>\n\t<meta name=\"twitter:data1\" content=\"Ag\u00eancia iNFRA\" \/>\n\t<meta name=\"twitter:label2\" content=\"Est. tempo de leitura\" \/>\n\t<meta name=\"twitter:data2\" content=\"2 minutos\" \/>\n<script type=\"application\/ld+json\" class=\"yoast-schema-graph\">{\"@context\":\"https:\/\/schema.org\",\"@graph\":[{\"@type\":\"Article\",\"@id\":\"https:\/\/agenciainfra.com\/blog\/antt-aprova-acordo-de-ate-r-113-bilhoes-sobre-ferrovias-da-vale\/#article\",\"isPartOf\":{\"@id\":\"https:\/\/agenciainfra.com\/blog\/antt-aprova-acordo-de-ate-r-113-bilhoes-sobre-ferrovias-da-vale\/\"},\"author\":{\"name\":\"Ag\u00eancia iNFRA\",\"@id\":\"https:\/\/agenciainfra.com\/blog\/#\/schema\/person\/34af08dff6adea4cb22b06612ba7acfa\"},\"headline\":\"ANTT aprova acordo de at\u00e9 R$ 11,3 bilh\u00f5es sobre ferrovias da Vale\",\"datePublished\":\"2024-12-28T15:57:37+00:00\",\"dateModified\":\"2025-01-07T09:54:59+00:00\",\"mainEntityOfPage\":{\"@id\":\"https:\/\/agenciainfra.com\/blog\/antt-aprova-acordo-de-ate-r-113-bilhoes-sobre-ferrovias-da-vale\/\"},\"wordCount\":420,\"publisher\":{\"@id\":\"https:\/\/agenciainfra.com\/blog\/#organization\"},\"image\":{\"@id\":\"https:\/\/agenciainfra.com\/blog\/antt-aprova-acordo-de-ate-r-113-bilhoes-sobre-ferrovias-da-vale\/#primaryimage\"},\"thumbnailUrl\":\"https:\/\/agenciainfra.com\/blog\/wp-content\/uploads\/2019\/06\/efvm-divulgacao-vale.jpg\",\"keywords\":[\"ANTT\",\"EFC\",\"EFVM\",\"Estrada de Ferro Caraj\u00e1s\",\"Estrada de Ferro Vit\u00f3ria a Minas\",\"Felipe Queiroz\",\"Ferrovias\",\"Malha Oeste\",\"renova\u00e7\u00e3o\",\"repactua\u00e7\u00e3o\",\"Rumo\",\"SecexConsenso\",\"solu\u00e7\u00e3o consensual\",\"TCU\",\"Vale\"],\"articleSection\":[\"Destaque Menor\",\"Geral\",\"iNFRATransporte\"],\"inLanguage\":\"pt-BR\",\"copyrightYear\":\"2024\",\"copyrightHolder\":{\"@id\":\"https:\/\/agenciainfra.com\/blog\/#organization\"}},{\"@type\":\"WebPage\",\"@id\":\"https:\/\/agenciainfra.com\/blog\/antt-aprova-acordo-de-ate-r-113-bilhoes-sobre-ferrovias-da-vale\/\",\"url\":\"https:\/\/agenciainfra.com\/blog\/antt-aprova-acordo-de-ate-r-113-bilhoes-sobre-ferrovias-da-vale\/\",\"name\":\"ANTT aprova acordo de at\u00e9 R$ 11,3 bilh\u00f5es sobre ferrovias da Vale - Ag\u00eancia iNFRA\",\"isPartOf\":{\"@id\":\"https:\/\/agenciainfra.com\/blog\/#website\"},\"primaryImageOfPage\":{\"@id\":\"https:\/\/agenciainfra.com\/blog\/antt-aprova-acordo-de-ate-r-113-bilhoes-sobre-ferrovias-da-vale\/#primaryimage\"},\"image\":{\"@id\":\"https:\/\/agenciainfra.com\/blog\/antt-aprova-acordo-de-ate-r-113-bilhoes-sobre-ferrovias-da-vale\/#primaryimage\"},\"thumbnailUrl\":\"https:\/\/agenciainfra.com\/blog\/wp-content\/uploads\/2019\/06\/efvm-divulgacao-vale.jpg\",\"datePublished\":\"2024-12-28T15:57:37+00:00\",\"dateModified\":\"2025-01-07T09:54:59+00:00\",\"breadcrumb\":{\"@id\":\"https:\/\/agenciainfra.com\/blog\/antt-aprova-acordo-de-ate-r-113-bilhoes-sobre-ferrovias-da-vale\/#breadcrumb\"},\"inLanguage\":\"pt-BR\",\"potentialAction\":[{\"@type\":\"ReadAction\",\"target\":[\"https:\/\/agenciainfra.com\/blog\/antt-aprova-acordo-de-ate-r-113-bilhoes-sobre-ferrovias-da-vale\/\"]}]},{\"@type\":\"ImageObject\",\"inLanguage\":\"pt-BR\",\"@id\":\"https:\/\/agenciainfra.com\/blog\/antt-aprova-acordo-de-ate-r-113-bilhoes-sobre-ferrovias-da-vale\/#primaryimage\",\"url\":\"https:\/\/agenciainfra.com\/blog\/wp-content\/uploads\/2019\/06\/efvm-divulgacao-vale.jpg\",\"contentUrl\":\"https:\/\/agenciainfra.com\/blog\/wp-content\/uploads\/2019\/06\/efvm-divulgacao-vale.jpg\",\"width\":930,\"height\":545},{\"@type\":\"BreadcrumbList\",\"@id\":\"https:\/\/agenciainfra.com\/blog\/antt-aprova-acordo-de-ate-r-113-bilhoes-sobre-ferrovias-da-vale\/#breadcrumb\",\"itemListElement\":[{\"@type\":\"ListItem\",\"position\":1,\"name\":\"In\u00edcio\",\"item\":\"https:\/\/agenciainfra.com\/blog\/\"},{\"@type\":\"ListItem\",\"position\":2,\"name\":\"ANTT aprova acordo de at\u00e9 R$ 11,3 bilh\u00f5es sobre ferrovias da Vale\"}]},{\"@type\":\"WebSite\",\"@id\":\"https:\/\/agenciainfra.com\/blog\/#website\",\"url\":\"https:\/\/agenciainfra.com\/blog\/\",\"name\":\"Ag\u00eancia iNFRA\",\"description\":\"Multiplataforma de informa\u00e7\u00e3o jornal\u00edstica refer\u00eancia na \u00e1rea de infraestrutura no Brasil!\",\"publisher\":{\"@id\":\"https:\/\/agenciainfra.com\/blog\/#organization\"},\"potentialAction\":[{\"@type\":\"SearchAction\",\"target\":{\"@type\":\"EntryPoint\",\"urlTemplate\":\"https:\/\/agenciainfra.com\/blog\/?s={search_term_string}\"},\"query-input\":{\"@type\":\"PropertyValueSpecification\",\"valueRequired\":true,\"valueName\":\"search_term_string\"}}],\"inLanguage\":\"pt-BR\"},{\"@type\":\"Organization\",\"@id\":\"https:\/\/agenciainfra.com\/blog\/#organization\",\"name\":\"Ag\u00eancia iNFRA\",\"url\":\"https:\/\/agenciainfra.com\/blog\/\",\"logo\":{\"@type\":\"ImageObject\",\"inLanguage\":\"pt-BR\",\"@id\":\"https:\/\/agenciainfra.com\/blog\/#\/schema\/logo\/image\/\",\"url\":\"https:\/\/agenciainfra.com\/blog\/wp-content\/uploads\/2023\/09\/iNFRA_5-e1761735885940.png\",\"contentUrl\":\"https:\/\/agenciainfra.com\/blog\/wp-content\/uploads\/2023\/09\/iNFRA_5-e1761735885940.png\",\"width\":1672,\"height\":454,\"caption\":\"Ag\u00eancia iNFRA\"},\"image\":{\"@id\":\"https:\/\/agenciainfra.com\/blog\/#\/schema\/logo\/image\/\"},\"sameAs\":[\"https:\/\/www.facebook.com\/ageninfra\",\"https:\/\/x.com\/agencia_infra\",\"https:\/\/www.linkedin.com\/company\/ag\u00eanciainfra\/\",\"https:\/\/www.instagram.com\/agenciainfra\/\"]},{\"@type\":\"Person\",\"@id\":\"https:\/\/agenciainfra.com\/blog\/#\/schema\/person\/34af08dff6adea4cb22b06612ba7acfa\",\"name\":\"Ag\u00eancia iNFRA\",\"image\":{\"@type\":\"ImageObject\",\"inLanguage\":\"pt-BR\",\"@id\":\"https:\/\/agenciainfra.com\/blog\/#\/schema\/person\/image\/\",\"url\":\"https:\/\/secure.gravatar.com\/avatar\/d189e01678f06d8eb84d4e01f08eb848b3fffe3f8443818d3c356c66892f5be8?s=96&d=mm&r=g\",\"contentUrl\":\"https:\/\/secure.gravatar.com\/avatar\/d189e01678f06d8eb84d4e01f08eb848b3fffe3f8443818d3c356c66892f5be8?s=96&d=mm&r=g\",\"caption\":\"Ag\u00eancia iNFRA\"},\"url\":\"https:\/\/agenciainfra.com\/blog\/author\/admin\/\"}]}<\/script>\n<!-- \/ Yoast SEO Premium plugin. -->","yoast_head_json":{"title":"ANTT aprova acordo de at\u00e9 R$ 11,3 bilh\u00f5es sobre ferrovias da Vale - Ag\u00eancia iNFRA","robots":{"index":"index","follow":"follow","max-snippet":"max-snippet:-1","max-image-preview":"max-image-preview:large","max-video-preview":"max-video-preview:-1"},"canonical":"https:\/\/agenciainfra.com\/blog\/antt-aprova-acordo-de-ate-r-113-bilhoes-sobre-ferrovias-da-vale\/","og_locale":"pt_BR","og_type":"article","og_title":"ANTT aprova acordo de at\u00e9 R$ 11,3 bilh\u00f5es sobre ferrovias da Vale","og_description":"da Ag\u00eancia iNFRA A ANTT (Ag\u00eancia Nacional de Transportes Terrestres) aprovou nesta sexta-feira (27), em reuni\u00e3o extraordin\u00e1ria de diretoria, os termos aditivos ao contrato da EFC (Estrada de Ferro Caraj\u00e1s) e da EFVM (Estrada de Ferro Vit\u00f3ria a Minas), da Vale, referentes ao acordo de repactua\u00e7\u00e3o do processo de renova\u00e7\u00e3o das ferrovias. O relator do [&hellip;]","og_url":"https:\/\/agenciainfra.com\/blog\/antt-aprova-acordo-de-ate-r-113-bilhoes-sobre-ferrovias-da-vale\/","og_site_name":"Ag\u00eancia iNFRA","article_publisher":"https:\/\/www.facebook.com\/ageninfra","article_published_time":"2024-12-28T15:57:37+00:00","article_modified_time":"2025-01-07T09:54:59+00:00","og_image":[{"width":930,"height":545,"url":"https:\/\/agenciainfra.com\/blog\/wp-content\/uploads\/2019\/06\/efvm-divulgacao-vale.jpg","type":"image\/jpeg"}],"author":"Ag\u00eancia iNFRA","twitter_card":"summary_large_image","twitter_creator":"@agencia_infra","twitter_site":"@agencia_infra","twitter_misc":{"Escrito por":"Ag\u00eancia iNFRA","Est. tempo de leitura":"2 minutos"},"schema":{"@context":"https:\/\/schema.org","@graph":[{"@type":"Article","@id":"https:\/\/agenciainfra.com\/blog\/antt-aprova-acordo-de-ate-r-113-bilhoes-sobre-ferrovias-da-vale\/#article","isPartOf":{"@id":"https:\/\/agenciainfra.com\/blog\/antt-aprova-acordo-de-ate-r-113-bilhoes-sobre-ferrovias-da-vale\/"},"author":{"name":"Ag\u00eancia iNFRA","@id":"https:\/\/agenciainfra.com\/blog\/#\/schema\/person\/34af08dff6adea4cb22b06612ba7acfa"},"headline":"ANTT aprova acordo de at\u00e9 R$ 11,3 bilh\u00f5es sobre ferrovias da Vale","datePublished":"2024-12-28T15:57:37+00:00","dateModified":"2025-01-07T09:54:59+00:00","mainEntityOfPage":{"@id":"https:\/\/agenciainfra.com\/blog\/antt-aprova-acordo-de-ate-r-113-bilhoes-sobre-ferrovias-da-vale\/"},"wordCount":420,"publisher":{"@id":"https:\/\/agenciainfra.com\/blog\/#organization"},"image":{"@id":"https:\/\/agenciainfra.com\/blog\/antt-aprova-acordo-de-ate-r-113-bilhoes-sobre-ferrovias-da-vale\/#primaryimage"},"thumbnailUrl":"https:\/\/agenciainfra.com\/blog\/wp-content\/uploads\/2019\/06\/efvm-divulgacao-vale.jpg","keywords":["ANTT","EFC","EFVM","Estrada de Ferro Caraj\u00e1s","Estrada de Ferro Vit\u00f3ria a Minas","Felipe Queiroz","Ferrovias","Malha Oeste","renova\u00e7\u00e3o","repactua\u00e7\u00e3o","Rumo","SecexConsenso","solu\u00e7\u00e3o consensual","TCU","Vale"],"articleSection":["Destaque Menor","Geral","iNFRATransporte"],"inLanguage":"pt-BR","copyrightYear":"2024","copyrightHolder":{"@id":"https:\/\/agenciainfra.com\/blog\/#organization"}},{"@type":"WebPage","@id":"https:\/\/agenciainfra.com\/blog\/antt-aprova-acordo-de-ate-r-113-bilhoes-sobre-ferrovias-da-vale\/","url":"https:\/\/agenciainfra.com\/blog\/antt-aprova-acordo-de-ate-r-113-bilhoes-sobre-ferrovias-da-vale\/","name":"ANTT aprova acordo de at\u00e9 R$ 11,3 bilh\u00f5es sobre ferrovias da Vale - Ag\u00eancia iNFRA","isPartOf":{"@id":"https:\/\/agenciainfra.com\/blog\/#website"},"primaryImageOfPage":{"@id":"https:\/\/agenciainfra.com\/blog\/antt-aprova-acordo-de-ate-r-113-bilhoes-sobre-ferrovias-da-vale\/#primaryimage"},"image":{"@id":"https:\/\/agenciainfra.com\/blog\/antt-aprova-acordo-de-ate-r-113-bilhoes-sobre-ferrovias-da-vale\/#primaryimage"},"thumbnailUrl":"https:\/\/agenciainfra.com\/blog\/wp-content\/uploads\/2019\/06\/efvm-divulgacao-vale.jpg","datePublished":"2024-12-28T15:57:37+00:00","dateModified":"2025-01-07T09:54:59+00:00","breadcrumb":{"@id":"https:\/\/agenciainfra.com\/blog\/antt-aprova-acordo-de-ate-r-113-bilhoes-sobre-ferrovias-da-vale\/#breadcrumb"},"inLanguage":"pt-BR","potentialAction":[{"@type":"ReadAction","target":["https:\/\/agenciainfra.com\/blog\/antt-aprova-acordo-de-ate-r-113-bilhoes-sobre-ferrovias-da-vale\/"]}]},{"@type":"ImageObject","inLanguage":"pt-BR","@id":"https:\/\/agenciainfra.com\/blog\/antt-aprova-acordo-de-ate-r-113-bilhoes-sobre-ferrovias-da-vale\/#primaryimage","url":"https:\/\/agenciainfra.com\/blog\/wp-content\/uploads\/2019\/06\/efvm-divulgacao-vale.jpg","contentUrl":"https:\/\/agenciainfra.com\/blog\/wp-content\/uploads\/2019\/06\/efvm-divulgacao-vale.jpg","width":930,"height":545},{"@type":"BreadcrumbList","@id":"https:\/\/agenciainfra.com\/blog\/antt-aprova-acordo-de-ate-r-113-bilhoes-sobre-ferrovias-da-vale\/#breadcrumb","itemListElement":[{"@type":"ListItem","position":1,"name":"In\u00edcio","item":"https:\/\/agenciainfra.com\/blog\/"},{"@type":"ListItem","position":2,"name":"ANTT aprova acordo de at\u00e9 R$ 11,3 bilh\u00f5es sobre ferrovias da Vale"}]},{"@type":"WebSite","@id":"https:\/\/agenciainfra.com\/blog\/#website","url":"https:\/\/agenciainfra.com\/blog\/","name":"Ag\u00eancia iNFRA","description":"Multiplataforma de informa\u00e7\u00e3o jornal\u00edstica refer\u00eancia na \u00e1rea de infraestrutura no Brasil!","publisher":{"@id":"https:\/\/agenciainfra.com\/blog\/#organization"},"potentialAction":[{"@type":"SearchAction","target":{"@type":"EntryPoint","urlTemplate":"https:\/\/agenciainfra.com\/blog\/?s={search_term_string}"},"query-input":{"@type":"PropertyValueSpecification","valueRequired":true,"valueName":"search_term_string"}}],"inLanguage":"pt-BR"},{"@type":"Organization","@id":"https:\/\/agenciainfra.com\/blog\/#organization","name":"Ag\u00eancia iNFRA","url":"https:\/\/agenciainfra.com\/blog\/","logo":{"@type":"ImageObject","inLanguage":"pt-BR","@id":"https:\/\/agenciainfra.com\/blog\/#\/schema\/logo\/image\/","url":"https:\/\/agenciainfra.com\/blog\/wp-content\/uploads\/2023\/09\/iNFRA_5-e1761735885940.png","contentUrl":"https:\/\/agenciainfra.com\/blog\/wp-content\/uploads\/2023\/09\/iNFRA_5-e1761735885940.png","width":1672,"height":454,"caption":"Ag\u00eancia iNFRA"},"image":{"@id":"https:\/\/agenciainfra.com\/blog\/#\/schema\/logo\/image\/"},"sameAs":["https:\/\/www.facebook.com\/ageninfra","https:\/\/x.com\/agencia_infra","https:\/\/www.linkedin.com\/company\/ag\u00eanciainfra\/","https:\/\/www.instagram.com\/agenciainfra\/"]},{"@type":"Person","@id":"https:\/\/agenciainfra.com\/blog\/#\/schema\/person\/34af08dff6adea4cb22b06612ba7acfa","name":"Ag\u00eancia iNFRA","image":{"@type":"ImageObject","inLanguage":"pt-BR","@id":"https:\/\/agenciainfra.com\/blog\/#\/schema\/person\/image\/","url":"https:\/\/secure.gravatar.com\/avatar\/d189e01678f06d8eb84d4e01f08eb848b3fffe3f8443818d3c356c66892f5be8?s=96&d=mm&r=g","contentUrl":"https:\/\/secure.gravatar.com\/avatar\/d189e01678f06d8eb84d4e01f08eb848b3fffe3f8443818d3c356c66892f5be8?s=96&d=mm&r=g","caption":"Ag\u00eancia iNFRA"},"url":"https:\/\/agenciainfra.com\/blog\/author\/admin\/"}]}},"_links":{"self":[{"href":"https:\/\/agenciainfra.com\/blog\/wp-json\/wp\/v2\/posts\/19894","targetHints":{"allow":["GET"]}}],"collection":[{"href":"https:\/\/agenciainfra.com\/blog\/wp-json\/wp\/v2\/posts"}],"about":[{"href":"https:\/\/agenciainfra.com\/blog\/wp-json\/wp\/v2\/types\/post"}],"author":[{"embeddable":true,"href":"https:\/\/agenciainfra.com\/blog\/wp-json\/wp\/v2\/users\/1"}],"replies":[{"embeddable":true,"href":"https:\/\/agenciainfra.com\/blog\/wp-json\/wp\/v2\/comments?post=19894"}],"version-history":[{"count":1,"href":"https:\/\/agenciainfra.com\/blog\/wp-json\/wp\/v2\/posts\/19894\/revisions"}],"predecessor-version":[{"id":19895,"href":"https:\/\/agenciainfra.com\/blog\/wp-json\/wp\/v2\/posts\/19894\/revisions\/19895"}],"wp:featuredmedia":[{"embeddable":true,"href":"https:\/\/agenciainfra.com\/blog\/wp-json\/wp\/v2\/media\/3337"}],"wp:attachment":[{"href":"https:\/\/agenciainfra.com\/blog\/wp-json\/wp\/v2\/media?parent=19894"}],"wp:term":[{"taxonomy":"category","embeddable":true,"href":"https:\/\/agenciainfra.com\/blog\/wp-json\/wp\/v2\/categories?post=19894"},{"taxonomy":"post_tag","embeddable":true,"href":"https:\/\/agenciainfra.com\/blog\/wp-json\/wp\/v2\/tags?post=19894"}],"curies":[{"name":"wp","href":"https:\/\/api.w.org\/{rel}","templated":true}]}}