{"id":19897,"date":"2025-01-06T15:30:00","date_gmt":"2025-01-06T18:30:00","guid":{"rendered":"https:\/\/agenciainfra.com\/blog\/?p=19897"},"modified":"2025-01-02T13:00:43","modified_gmt":"2025-01-02T16:00:43","slug":"opiniao-cai-uma-ponte-mas-ainda-faltam-726","status":"publish","type":"post","link":"https:\/\/agenciainfra.com\/blog\/opiniao-cai-uma-ponte-mas-ainda-faltam-726\/","title":{"rendered":"Opini\u00e3o \u2013 Cai uma ponte, mas ainda faltam 726"},"content":{"rendered":"\n<p class=\"has-text-align-right\"><strong>Jos\u00e9 Augusto Valente*<\/strong><\/p>\n\n\n\n<p>No dia 23 de dezembro, a trag\u00e9dia do desabamento da ponte sobre o Rio Tocantins, que resultou em mortes e ferimentos graves, evidenciou uma quest\u00e3o cr\u00edtica: o estado de conserva\u00e7\u00e3o das infraestruturas rodovi\u00e1rias do Brasil. Dados do DNIT (Departamento Nacional de Infraestrutura de Transportes), levantados pela Folha de S. Paulo, revelam que o pa\u00eds possui 727 pontes em condi\u00e7\u00f5es estruturais cr\u00edticas, das quais 130 est\u00e3o na pior categoria poss\u00edvel e outras 597 s\u00e3o classificadas como ruins. E esses n\u00fameros n\u00e3o incluem os viadutos, o que torna essa situa\u00e7\u00e3o mais dram\u00e1tica, na medida em que estes tamb\u00e9m sofrem os mesmos impactos diretos do movimento de caminh\u00f5es de carga em suas estruturas, e t\u00eam a mesma idade das pontes avaliadas.<\/p>\n\n\n\n<p>A atual LOA (Lei Or\u00e7ament\u00e1ria Anual) destina 50,87% dos recursos, ou R$2,5 trilh\u00f5es, para juros e amortiza\u00e7\u00e3o da d\u00edvida p\u00fablica, enquanto para setores vitais, como infraestrutura de transporte, sob responsabilidade do Minist\u00e9rio dos Transportes, s\u00e3o destinados apenas 0,27% do or\u00e7amento total, ou R$ 13,5 bilh\u00f5es.<\/p>\n\n\n\n<p>Paralelamente, a LOA prev\u00ea R$ 49,2 bilh\u00f5es em emendas parlamentares, que representam quase quatro vezes o valor destinado \u00e0 fun\u00e7\u00e3o transporte. montante destinado a iniciativas locais que nem sempre est\u00e3o alinhadas \u00e0s demandas estruturais priorit\u00e1rias, como educa\u00e7\u00e3o, sa\u00fade, assist\u00eancia social e, sobretudo, transporte e log\u00edstica.<\/p>\n\n\n\n<p>Esse desequil\u00edbrio \u00e9 preocupante. O Brasil \u00e9 um pa\u00eds cuja economia depende intensamente do transporte de cargas por rodovias, e a precariedade da infraestrutura log\u00edstica compromete n\u00e3o apenas a seguran\u00e7a da popula\u00e7\u00e3o, mas tamb\u00e9m o desempenho econ\u00f4mico. Sem mudan\u00e7as estruturais significativas no or\u00e7amento, \u00e9 prov\u00e1vel que outras pontes e viadutos enfrentem colapsos nos pr\u00f3ximos anos, resultando em trag\u00e9dias evit\u00e1veis.<\/p>\n\n\n\n<p>A mudan\u00e7a desse cen\u00e1rio exige decis\u00f5es pol\u00edticas corajosas como redistribuir uma pequena parte dos recursos alocados \u00e0s emendas parlamentares ou ao pagamento da d\u00edvida, o que for mais vi\u00e1vel para o governo federal e para o Congresso Nacional, para investimentos exclusivamente no DNIT, na manuten\u00e7\u00e3o do patrim\u00f4nio log\u00edstico de pontes e viadutos.<\/p>\n\n\n\n<p>Estamos falando de algo em torno de R$ 3 bilh\u00f5es\/ano, que permitir\u00e3o salvar vidas, como tamb\u00e9m recuperar o patrim\u00f4nio rodovi\u00e1rio federal e aumentar a efici\u00eancia log\u00edstica, contribuindo para o crescimento econ\u00f4mico sustent\u00e1vel e a redu\u00e7\u00e3o dos custos das mercadorias transportadas.<\/p>\n\n\n\n<p>Se nada for feito, desastres como o recente desabamento da ponte sobre o Rio Tocantins continuar\u00e3o a se repetir, com impacto para fam\u00edlias, comunidades e a economia nacional. O momento exige uma reavalia\u00e7\u00e3o das prioridades or\u00e7ament\u00e1rias, assegurando que os recursos p\u00fablicos sejam direcionados para onde se mostram mais necess\u00e1rios.<\/p>\n\n\n\n<p><strong>* Jos\u00e9 Augusto Valente&nbsp;<\/strong>\u00e9 membro da Divis\u00e3o T\u00e9cnica de Transporte e Log\u00edstica do Clube de Engenharia. Foi secret\u00e1rio de Pol\u00edtica Nacional de Transportes e Presidente do DER-RJ.<\/p>\n\n\n\n<p class=\"has-luminous-vivid-orange-color has-text-color has-link-color wp-elements-fd3f544adf696c46a4d36363cd72c59e\">As opini\u00f5es dos autores n\u00e3o refletem necessariamente o pensamento da<strong> Ag\u00eancia iNFRA<\/strong>, sendo de total responsabilidade do autor as informa\u00e7\u00f5es, ju\u00edzos de valor e conceitos descritos no texto.<\/p>\n","protected":false},"excerpt":{"rendered":"<p>Jos\u00e9 Augusto Valente* No dia 23 de dezembro, a trag\u00e9dia do desabamento da ponte sobre o Rio Tocantins, que resultou em mortes e ferimentos graves, evidenciou uma quest\u00e3o cr\u00edtica: o estado de conserva\u00e7\u00e3o das infraestruturas rodovi\u00e1rias do Brasil. Dados do DNIT (Departamento Nacional de Infraestrutura de Transportes), levantados pela Folha de S. Paulo, revelam que [&hellip;]<\/p>\n","protected":false},"author":1,"featured_media":18872,"comment_status":"closed","ping_status":"closed","sticky":false,"template":"","format":"standard","meta":{"_monsterinsights_skip_tracking":false,"_monsterinsights_sitenote_active":false,"_monsterinsights_sitenote_note":"","_monsterinsights_sitenote_category":0,"footnotes":""},"categories":[7250,1,7,10040],"tags":[12141,328,34,32,1944,16,10317,11580,12142,11060,126],"class_list":["post-19897","post","type-post","status-publish","format-standard","has-post-thumbnail","hentry","category-destaque-lista","category-geral","category-infratransporte","category-opiniao","tag-construcao-de-pontes","tag-dnit","tag-infraestrutura","tag-investimentos","tag-jose-augusto-valente","tag-ministerio-dos-transportes","tag-opiniao","tag-pontes","tag-queda-de-ponte","tag-rio-tocantins","tag-rodovias"],"yoast_head":"<!-- This site is optimized with the Yoast SEO Premium plugin v25.4 (Yoast SEO v26.0) - https:\/\/yoast.com\/wordpress\/plugins\/seo\/ -->\n<title>Opini\u00e3o \u2013 Cai uma ponte, mas ainda faltam 726 - Ag\u00eancia iNFRA<\/title>\n<meta name=\"robots\" content=\"index, follow, max-snippet:-1, max-image-preview:large, max-video-preview:-1\" \/>\n<link rel=\"canonical\" href=\"https:\/\/agenciainfra.com\/blog\/opiniao-cai-uma-ponte-mas-ainda-faltam-726\/\" \/>\n<meta property=\"og:locale\" content=\"pt_BR\" \/>\n<meta property=\"og:type\" content=\"article\" \/>\n<meta property=\"og:title\" content=\"Opini\u00e3o \u2013 Cai uma ponte, mas ainda faltam 726\" \/>\n<meta property=\"og:description\" content=\"Jos\u00e9 Augusto Valente* No dia 23 de dezembro, a trag\u00e9dia do desabamento da ponte sobre o Rio Tocantins, que resultou em mortes e ferimentos graves, evidenciou uma quest\u00e3o cr\u00edtica: o estado de conserva\u00e7\u00e3o das infraestruturas rodovi\u00e1rias do Brasil. Dados do DNIT (Departamento Nacional de Infraestrutura de Transportes), levantados pela Folha de S. Paulo, revelam que [&hellip;]\" \/>\n<meta property=\"og:url\" content=\"https:\/\/agenciainfra.com\/blog\/opiniao-cai-uma-ponte-mas-ainda-faltam-726\/\" \/>\n<meta property=\"og:site_name\" content=\"Ag\u00eancia iNFRA\" \/>\n<meta property=\"article:publisher\" content=\"https:\/\/www.facebook.com\/ageninfra\" \/>\n<meta property=\"article:published_time\" content=\"2025-01-06T18:30:00+00:00\" \/>\n<meta property=\"og:image\" content=\"https:\/\/agenciainfra.com\/blog\/wp-content\/uploads\/2024\/10\/jose-augusto-valente-arquivo-pessoal-1024x717-1.jpeg\" \/>\n\t<meta property=\"og:image:width\" content=\"1024\" \/>\n\t<meta property=\"og:image:height\" content=\"717\" \/>\n\t<meta property=\"og:image:type\" content=\"image\/jpeg\" \/>\n<meta name=\"author\" content=\"Ag\u00eancia iNFRA\" \/>\n<meta name=\"twitter:card\" content=\"summary_large_image\" \/>\n<meta name=\"twitter:creator\" content=\"@agencia_infra\" \/>\n<meta name=\"twitter:site\" content=\"@agencia_infra\" \/>\n<meta name=\"twitter:label1\" content=\"Escrito por\" \/>\n\t<meta name=\"twitter:data1\" content=\"Ag\u00eancia iNFRA\" \/>\n\t<meta name=\"twitter:label2\" content=\"Est. tempo de leitura\" \/>\n\t<meta name=\"twitter:data2\" content=\"3 minutos\" \/>\n<script type=\"application\/ld+json\" class=\"yoast-schema-graph\">{\"@context\":\"https:\/\/schema.org\",\"@graph\":[{\"@type\":\"Article\",\"@id\":\"https:\/\/agenciainfra.com\/blog\/opiniao-cai-uma-ponte-mas-ainda-faltam-726\/#article\",\"isPartOf\":{\"@id\":\"https:\/\/agenciainfra.com\/blog\/opiniao-cai-uma-ponte-mas-ainda-faltam-726\/\"},\"author\":{\"name\":\"Ag\u00eancia iNFRA\",\"@id\":\"https:\/\/agenciainfra.com\/blog\/#\/schema\/person\/34af08dff6adea4cb22b06612ba7acfa\"},\"headline\":\"Opini\u00e3o \u2013 Cai uma ponte, mas ainda faltam 726\",\"datePublished\":\"2025-01-06T18:30:00+00:00\",\"mainEntityOfPage\":{\"@id\":\"https:\/\/agenciainfra.com\/blog\/opiniao-cai-uma-ponte-mas-ainda-faltam-726\/\"},\"wordCount\":548,\"publisher\":{\"@id\":\"https:\/\/agenciainfra.com\/blog\/#organization\"},\"image\":{\"@id\":\"https:\/\/agenciainfra.com\/blog\/opiniao-cai-uma-ponte-mas-ainda-faltam-726\/#primaryimage\"},\"thumbnailUrl\":\"https:\/\/agenciainfra.com\/blog\/wp-content\/uploads\/2024\/10\/jose-augusto-valente-arquivo-pessoal-1024x717-1.jpeg\",\"keywords\":[\"constru\u00e7\u00e3o de pontes\",\"DNIT\",\"Infraestrutura\",\"Investimentos\",\"Jos\u00e9 Augusto Valente\",\"minist\u00e9rio dos transportes\",\"opini\u00e3o\",\"pontes\",\"queda de ponte\",\"rio Tocantins\",\"rodovias\"],\"articleSection\":[\"Destaque lista\",\"Geral\",\"iNFRATransporte\",\"Opini\u00e3o\"],\"inLanguage\":\"pt-BR\",\"copyrightYear\":\"2025\",\"copyrightHolder\":{\"@id\":\"https:\/\/agenciainfra.com\/blog\/#organization\"}},{\"@type\":\"WebPage\",\"@id\":\"https:\/\/agenciainfra.com\/blog\/opiniao-cai-uma-ponte-mas-ainda-faltam-726\/\",\"url\":\"https:\/\/agenciainfra.com\/blog\/opiniao-cai-uma-ponte-mas-ainda-faltam-726\/\",\"name\":\"Opini\u00e3o \u2013 Cai uma ponte, mas ainda faltam 726 - Ag\u00eancia iNFRA\",\"isPartOf\":{\"@id\":\"https:\/\/agenciainfra.com\/blog\/#website\"},\"primaryImageOfPage\":{\"@id\":\"https:\/\/agenciainfra.com\/blog\/opiniao-cai-uma-ponte-mas-ainda-faltam-726\/#primaryimage\"},\"image\":{\"@id\":\"https:\/\/agenciainfra.com\/blog\/opiniao-cai-uma-ponte-mas-ainda-faltam-726\/#primaryimage\"},\"thumbnailUrl\":\"https:\/\/agenciainfra.com\/blog\/wp-content\/uploads\/2024\/10\/jose-augusto-valente-arquivo-pessoal-1024x717-1.jpeg\",\"datePublished\":\"2025-01-06T18:30:00+00:00\",\"breadcrumb\":{\"@id\":\"https:\/\/agenciainfra.com\/blog\/opiniao-cai-uma-ponte-mas-ainda-faltam-726\/#breadcrumb\"},\"inLanguage\":\"pt-BR\",\"potentialAction\":[{\"@type\":\"ReadAction\",\"target\":[\"https:\/\/agenciainfra.com\/blog\/opiniao-cai-uma-ponte-mas-ainda-faltam-726\/\"]}]},{\"@type\":\"ImageObject\",\"inLanguage\":\"pt-BR\",\"@id\":\"https:\/\/agenciainfra.com\/blog\/opiniao-cai-uma-ponte-mas-ainda-faltam-726\/#primaryimage\",\"url\":\"https:\/\/agenciainfra.com\/blog\/wp-content\/uploads\/2024\/10\/jose-augusto-valente-arquivo-pessoal-1024x717-1.jpeg\",\"contentUrl\":\"https:\/\/agenciainfra.com\/blog\/wp-content\/uploads\/2024\/10\/jose-augusto-valente-arquivo-pessoal-1024x717-1.jpeg\",\"width\":1024,\"height\":717},{\"@type\":\"BreadcrumbList\",\"@id\":\"https:\/\/agenciainfra.com\/blog\/opiniao-cai-uma-ponte-mas-ainda-faltam-726\/#breadcrumb\",\"itemListElement\":[{\"@type\":\"ListItem\",\"position\":1,\"name\":\"In\u00edcio\",\"item\":\"https:\/\/agenciainfra.com\/blog\/\"},{\"@type\":\"ListItem\",\"position\":2,\"name\":\"Opini\u00e3o \u2013 Cai uma ponte, mas ainda faltam 726\"}]},{\"@type\":\"WebSite\",\"@id\":\"https:\/\/agenciainfra.com\/blog\/#website\",\"url\":\"https:\/\/agenciainfra.com\/blog\/\",\"name\":\"Ag\u00eancia iNFRA\",\"description\":\"Multiplataforma de informa\u00e7\u00e3o jornal\u00edstica refer\u00eancia na \u00e1rea de infraestrutura no Brasil!\",\"publisher\":{\"@id\":\"https:\/\/agenciainfra.com\/blog\/#organization\"},\"potentialAction\":[{\"@type\":\"SearchAction\",\"target\":{\"@type\":\"EntryPoint\",\"urlTemplate\":\"https:\/\/agenciainfra.com\/blog\/?s={search_term_string}\"},\"query-input\":{\"@type\":\"PropertyValueSpecification\",\"valueRequired\":true,\"valueName\":\"search_term_string\"}}],\"inLanguage\":\"pt-BR\"},{\"@type\":\"Organization\",\"@id\":\"https:\/\/agenciainfra.com\/blog\/#organization\",\"name\":\"Ag\u00eancia iNFRA\",\"url\":\"https:\/\/agenciainfra.com\/blog\/\",\"logo\":{\"@type\":\"ImageObject\",\"inLanguage\":\"pt-BR\",\"@id\":\"https:\/\/agenciainfra.com\/blog\/#\/schema\/logo\/image\/\",\"url\":\"https:\/\/agenciainfra.com\/blog\/wp-content\/uploads\/2023\/09\/iNFRA_5-e1761735885940.png\",\"contentUrl\":\"https:\/\/agenciainfra.com\/blog\/wp-content\/uploads\/2023\/09\/iNFRA_5-e1761735885940.png\",\"width\":1672,\"height\":454,\"caption\":\"Ag\u00eancia iNFRA\"},\"image\":{\"@id\":\"https:\/\/agenciainfra.com\/blog\/#\/schema\/logo\/image\/\"},\"sameAs\":[\"https:\/\/www.facebook.com\/ageninfra\",\"https:\/\/x.com\/agencia_infra\",\"https:\/\/www.linkedin.com\/company\/ag\u00eanciainfra\/\",\"https:\/\/www.instagram.com\/agenciainfra\/\"]},{\"@type\":\"Person\",\"@id\":\"https:\/\/agenciainfra.com\/blog\/#\/schema\/person\/34af08dff6adea4cb22b06612ba7acfa\",\"name\":\"Ag\u00eancia iNFRA\",\"image\":{\"@type\":\"ImageObject\",\"inLanguage\":\"pt-BR\",\"@id\":\"https:\/\/agenciainfra.com\/blog\/#\/schema\/person\/image\/\",\"url\":\"https:\/\/secure.gravatar.com\/avatar\/d189e01678f06d8eb84d4e01f08eb848b3fffe3f8443818d3c356c66892f5be8?s=96&d=mm&r=g\",\"contentUrl\":\"https:\/\/secure.gravatar.com\/avatar\/d189e01678f06d8eb84d4e01f08eb848b3fffe3f8443818d3c356c66892f5be8?s=96&d=mm&r=g\",\"caption\":\"Ag\u00eancia iNFRA\"},\"url\":\"https:\/\/agenciainfra.com\/blog\/author\/admin\/\"}]}<\/script>\n<!-- \/ Yoast SEO Premium plugin. -->","yoast_head_json":{"title":"Opini\u00e3o \u2013 Cai uma ponte, mas ainda faltam 726 - Ag\u00eancia iNFRA","robots":{"index":"index","follow":"follow","max-snippet":"max-snippet:-1","max-image-preview":"max-image-preview:large","max-video-preview":"max-video-preview:-1"},"canonical":"https:\/\/agenciainfra.com\/blog\/opiniao-cai-uma-ponte-mas-ainda-faltam-726\/","og_locale":"pt_BR","og_type":"article","og_title":"Opini\u00e3o \u2013 Cai uma ponte, mas ainda faltam 726","og_description":"Jos\u00e9 Augusto Valente* No dia 23 de dezembro, a trag\u00e9dia do desabamento da ponte sobre o Rio Tocantins, que resultou em mortes e ferimentos graves, evidenciou uma quest\u00e3o cr\u00edtica: o estado de conserva\u00e7\u00e3o das infraestruturas rodovi\u00e1rias do Brasil. Dados do DNIT (Departamento Nacional de Infraestrutura de Transportes), levantados pela Folha de S. Paulo, revelam que [&hellip;]","og_url":"https:\/\/agenciainfra.com\/blog\/opiniao-cai-uma-ponte-mas-ainda-faltam-726\/","og_site_name":"Ag\u00eancia iNFRA","article_publisher":"https:\/\/www.facebook.com\/ageninfra","article_published_time":"2025-01-06T18:30:00+00:00","og_image":[{"width":1024,"height":717,"url":"https:\/\/agenciainfra.com\/blog\/wp-content\/uploads\/2024\/10\/jose-augusto-valente-arquivo-pessoal-1024x717-1.jpeg","type":"image\/jpeg"}],"author":"Ag\u00eancia iNFRA","twitter_card":"summary_large_image","twitter_creator":"@agencia_infra","twitter_site":"@agencia_infra","twitter_misc":{"Escrito por":"Ag\u00eancia iNFRA","Est. tempo de leitura":"3 minutos"},"schema":{"@context":"https:\/\/schema.org","@graph":[{"@type":"Article","@id":"https:\/\/agenciainfra.com\/blog\/opiniao-cai-uma-ponte-mas-ainda-faltam-726\/#article","isPartOf":{"@id":"https:\/\/agenciainfra.com\/blog\/opiniao-cai-uma-ponte-mas-ainda-faltam-726\/"},"author":{"name":"Ag\u00eancia iNFRA","@id":"https:\/\/agenciainfra.com\/blog\/#\/schema\/person\/34af08dff6adea4cb22b06612ba7acfa"},"headline":"Opini\u00e3o \u2013 Cai uma ponte, mas ainda faltam 726","datePublished":"2025-01-06T18:30:00+00:00","mainEntityOfPage":{"@id":"https:\/\/agenciainfra.com\/blog\/opiniao-cai-uma-ponte-mas-ainda-faltam-726\/"},"wordCount":548,"publisher":{"@id":"https:\/\/agenciainfra.com\/blog\/#organization"},"image":{"@id":"https:\/\/agenciainfra.com\/blog\/opiniao-cai-uma-ponte-mas-ainda-faltam-726\/#primaryimage"},"thumbnailUrl":"https:\/\/agenciainfra.com\/blog\/wp-content\/uploads\/2024\/10\/jose-augusto-valente-arquivo-pessoal-1024x717-1.jpeg","keywords":["constru\u00e7\u00e3o de pontes","DNIT","Infraestrutura","Investimentos","Jos\u00e9 Augusto Valente","minist\u00e9rio dos transportes","opini\u00e3o","pontes","queda de ponte","rio Tocantins","rodovias"],"articleSection":["Destaque lista","Geral","iNFRATransporte","Opini\u00e3o"],"inLanguage":"pt-BR","copyrightYear":"2025","copyrightHolder":{"@id":"https:\/\/agenciainfra.com\/blog\/#organization"}},{"@type":"WebPage","@id":"https:\/\/agenciainfra.com\/blog\/opiniao-cai-uma-ponte-mas-ainda-faltam-726\/","url":"https:\/\/agenciainfra.com\/blog\/opiniao-cai-uma-ponte-mas-ainda-faltam-726\/","name":"Opini\u00e3o \u2013 Cai uma ponte, mas ainda faltam 726 - Ag\u00eancia iNFRA","isPartOf":{"@id":"https:\/\/agenciainfra.com\/blog\/#website"},"primaryImageOfPage":{"@id":"https:\/\/agenciainfra.com\/blog\/opiniao-cai-uma-ponte-mas-ainda-faltam-726\/#primaryimage"},"image":{"@id":"https:\/\/agenciainfra.com\/blog\/opiniao-cai-uma-ponte-mas-ainda-faltam-726\/#primaryimage"},"thumbnailUrl":"https:\/\/agenciainfra.com\/blog\/wp-content\/uploads\/2024\/10\/jose-augusto-valente-arquivo-pessoal-1024x717-1.jpeg","datePublished":"2025-01-06T18:30:00+00:00","breadcrumb":{"@id":"https:\/\/agenciainfra.com\/blog\/opiniao-cai-uma-ponte-mas-ainda-faltam-726\/#breadcrumb"},"inLanguage":"pt-BR","potentialAction":[{"@type":"ReadAction","target":["https:\/\/agenciainfra.com\/blog\/opiniao-cai-uma-ponte-mas-ainda-faltam-726\/"]}]},{"@type":"ImageObject","inLanguage":"pt-BR","@id":"https:\/\/agenciainfra.com\/blog\/opiniao-cai-uma-ponte-mas-ainda-faltam-726\/#primaryimage","url":"https:\/\/agenciainfra.com\/blog\/wp-content\/uploads\/2024\/10\/jose-augusto-valente-arquivo-pessoal-1024x717-1.jpeg","contentUrl":"https:\/\/agenciainfra.com\/blog\/wp-content\/uploads\/2024\/10\/jose-augusto-valente-arquivo-pessoal-1024x717-1.jpeg","width":1024,"height":717},{"@type":"BreadcrumbList","@id":"https:\/\/agenciainfra.com\/blog\/opiniao-cai-uma-ponte-mas-ainda-faltam-726\/#breadcrumb","itemListElement":[{"@type":"ListItem","position":1,"name":"In\u00edcio","item":"https:\/\/agenciainfra.com\/blog\/"},{"@type":"ListItem","position":2,"name":"Opini\u00e3o \u2013 Cai uma ponte, mas ainda faltam 726"}]},{"@type":"WebSite","@id":"https:\/\/agenciainfra.com\/blog\/#website","url":"https:\/\/agenciainfra.com\/blog\/","name":"Ag\u00eancia iNFRA","description":"Multiplataforma de informa\u00e7\u00e3o jornal\u00edstica refer\u00eancia na \u00e1rea de infraestrutura no Brasil!","publisher":{"@id":"https:\/\/agenciainfra.com\/blog\/#organization"},"potentialAction":[{"@type":"SearchAction","target":{"@type":"EntryPoint","urlTemplate":"https:\/\/agenciainfra.com\/blog\/?s={search_term_string}"},"query-input":{"@type":"PropertyValueSpecification","valueRequired":true,"valueName":"search_term_string"}}],"inLanguage":"pt-BR"},{"@type":"Organization","@id":"https:\/\/agenciainfra.com\/blog\/#organization","name":"Ag\u00eancia iNFRA","url":"https:\/\/agenciainfra.com\/blog\/","logo":{"@type":"ImageObject","inLanguage":"pt-BR","@id":"https:\/\/agenciainfra.com\/blog\/#\/schema\/logo\/image\/","url":"https:\/\/agenciainfra.com\/blog\/wp-content\/uploads\/2023\/09\/iNFRA_5-e1761735885940.png","contentUrl":"https:\/\/agenciainfra.com\/blog\/wp-content\/uploads\/2023\/09\/iNFRA_5-e1761735885940.png","width":1672,"height":454,"caption":"Ag\u00eancia iNFRA"},"image":{"@id":"https:\/\/agenciainfra.com\/blog\/#\/schema\/logo\/image\/"},"sameAs":["https:\/\/www.facebook.com\/ageninfra","https:\/\/x.com\/agencia_infra","https:\/\/www.linkedin.com\/company\/ag\u00eanciainfra\/","https:\/\/www.instagram.com\/agenciainfra\/"]},{"@type":"Person","@id":"https:\/\/agenciainfra.com\/blog\/#\/schema\/person\/34af08dff6adea4cb22b06612ba7acfa","name":"Ag\u00eancia iNFRA","image":{"@type":"ImageObject","inLanguage":"pt-BR","@id":"https:\/\/agenciainfra.com\/blog\/#\/schema\/person\/image\/","url":"https:\/\/secure.gravatar.com\/avatar\/d189e01678f06d8eb84d4e01f08eb848b3fffe3f8443818d3c356c66892f5be8?s=96&d=mm&r=g","contentUrl":"https:\/\/secure.gravatar.com\/avatar\/d189e01678f06d8eb84d4e01f08eb848b3fffe3f8443818d3c356c66892f5be8?s=96&d=mm&r=g","caption":"Ag\u00eancia iNFRA"},"url":"https:\/\/agenciainfra.com\/blog\/author\/admin\/"}]}},"_links":{"self":[{"href":"https:\/\/agenciainfra.com\/blog\/wp-json\/wp\/v2\/posts\/19897","targetHints":{"allow":["GET"]}}],"collection":[{"href":"https:\/\/agenciainfra.com\/blog\/wp-json\/wp\/v2\/posts"}],"about":[{"href":"https:\/\/agenciainfra.com\/blog\/wp-json\/wp\/v2\/types\/post"}],"author":[{"embeddable":true,"href":"https:\/\/agenciainfra.com\/blog\/wp-json\/wp\/v2\/users\/1"}],"replies":[{"embeddable":true,"href":"https:\/\/agenciainfra.com\/blog\/wp-json\/wp\/v2\/comments?post=19897"}],"version-history":[{"count":1,"href":"https:\/\/agenciainfra.com\/blog\/wp-json\/wp\/v2\/posts\/19897\/revisions"}],"predecessor-version":[{"id":19898,"href":"https:\/\/agenciainfra.com\/blog\/wp-json\/wp\/v2\/posts\/19897\/revisions\/19898"}],"wp:featuredmedia":[{"embeddable":true,"href":"https:\/\/agenciainfra.com\/blog\/wp-json\/wp\/v2\/media\/18872"}],"wp:attachment":[{"href":"https:\/\/agenciainfra.com\/blog\/wp-json\/wp\/v2\/media?parent=19897"}],"wp:term":[{"taxonomy":"category","embeddable":true,"href":"https:\/\/agenciainfra.com\/blog\/wp-json\/wp\/v2\/categories?post=19897"},{"taxonomy":"post_tag","embeddable":true,"href":"https:\/\/agenciainfra.com\/blog\/wp-json\/wp\/v2\/tags?post=19897"}],"curies":[{"name":"wp","href":"https:\/\/api.w.org\/{rel}","templated":true}]}}