{"id":19912,"date":"2025-01-06T09:00:00","date_gmt":"2025-01-06T12:00:00","guid":{"rendered":"https:\/\/agenciainfra.com\/blog\/?p=19912"},"modified":"2025-01-07T12:29:18","modified_gmt":"2025-01-07T15:29:18","slug":"custos-dos-cortes-de-energia-solar-e-eolica-devem-ser-compartilhados-com-geracao-distribuida-avalia-instituto","status":"publish","type":"post","link":"https:\/\/agenciainfra.com\/blog\/custos-dos-cortes-de-energia-solar-e-eolica-devem-ser-compartilhados-com-geracao-distribuida-avalia-instituto\/","title":{"rendered":"Custos dos cortes de energia solar e e\u00f3lica devem ser compartilhados com gera\u00e7\u00e3o distribu\u00edda, avalia instituto"},"content":{"rendered":"\n<p class=\"has-text-align-right\"><strong>Marisa Wanzeller, da Ag\u00eancia iNFRA<\/strong><\/p>\n\n\n\n<p>Os custos do curtailment ou constrained-off, como s\u00e3o chamados os cortes de gera\u00e7\u00e3o solar e e\u00f3lica determinados pelo ONS (Operador Nacional do Sistema El\u00e9trico), deveriam ser compartilhados com a MMGD (Micro e Minigera\u00e7\u00e3o Distribu\u00edda), avalia o diretor de Assuntos Econ\u00f4micos e Regulat\u00f3rios do Instituto Acende Brasil, Richard Lee Hochstetler.&nbsp;<\/p>\n\n\n\n<p>Um <a href=\"https:\/\/mcusercontent.com\/d460dd1bcf9ba0ae040e1fc0f\/files\/b391e21d-951d-a373-f87f-0a3b0af14e80\/Energia_Transparente_edicao18_rev3.pdf\" target=\"_blank\" rel=\"noreferrer noopener\">monitoramento<\/a> realizado pela entidade elencou o curtailment como tema de maior impacto no setor em 2024 e constatou que o fen\u00f4meno deve se agravar ao longo dos pr\u00f3ximos anos caso n\u00e3o haja adequa\u00e7\u00e3o regulat\u00f3ria. Segundo o instituto, parte disso se deve \u00e0 expans\u00e3o da Gera\u00e7\u00e3o Distribu\u00edda, especialmente de energia solar, segmento que n\u00e3o \u00e9 impactado pelos cortes de gera\u00e7\u00e3o de energia atualmente.\u00a0<\/p>\n\n\n\n<p>\u201cDo jeito que est\u00e1 a regula\u00e7\u00e3o, a gera\u00e7\u00e3o distribu\u00edda passa impune nisso. Ela n\u00e3o est\u00e1 sujeita a nenhum curtailment e a nenhuma reparti\u00e7\u00e3o desse custo. Esse \u00e9 um dos pontos que surge de desigualdade de tratamento e parte do problema est\u00e1 nessa expans\u00e3o descoordenada da GD&#8221;, avaliou Hochstetler \u00e0 <strong>Ag\u00eancia iNFRA<\/strong>. &nbsp;<\/p>\n\n\n\n<p>O <a href=\"https:\/\/www.ons.org.br\/paginas\/energia-no-futuro\/suprimento-eletrico\/parpel2024\/sumario-executivo\/index.html#impactosDaGeracaoDistribuidaNaSegurancaEletrica2\" target=\"_blank\" rel=\"noreferrer noopener\">Plano da&nbsp;Opera\u00e7\u00e3o El\u00e9trica&nbsp;de M\u00e9dio Prazo<\/a> divulgado pelo ONS no \u00faltimo m\u00eas indica que a MMGD deve atingir cerca de 50 GW (gigawatts) de capacidade instalada at\u00e9 2029, se consolidando como a segunda maior fonte de gera\u00e7\u00e3o el\u00e9trica do pa\u00eds. Contudo, as proje\u00e7\u00f5es mostram que tal expans\u00e3o pode levar a cortes de cerca de 40 GW de e\u00f3lica e fotovoltaica centralizada, a fim de \u201cgarantir o equil\u00edbrio entre carga e gera\u00e7\u00e3o no sistema e mitigar o risco de perda de controlabilidade da frequ\u00eancia\u201d.<\/p>\n\n\n\n<p>\u201cEmbora a expans\u00e3o da MMGD seja um vetor significativo para impulsionar a transforma\u00e7\u00e3o energ\u00e9tica, ela tamb\u00e9m imp\u00f5e desafios consider\u00e1veis \u00e0 opera\u00e7\u00e3o dos sistemas el\u00e9tricos modernos. Entre esses desafios est\u00e3o o controle de frequ\u00eancia e tens\u00e3o, a necessidade de maior flexibilidade operacional e a gest\u00e3o das restri\u00e7\u00f5es e gargalos na rede de transmiss\u00e3o, caracter\u00edsticas que podem se intensificar com a expans\u00e3o de recursos conectados diretamente \u00e0s redes de distribui\u00e7\u00e3o e n\u00e3o control\u00e1veis&#8221;, destacou o operador.<\/p>\n\n\n\n<p><strong>Custos<\/strong><br>Para Richard Lee Hochstetler, \u00e9 importante que os custos do curtailment n\u00e3o recaiam apenas sobre os agentes, mesmo que isso possa significar mais gastos para os consumidores. Eles que ter\u00e3o de arcar com o ressarcimento do preju\u00edzo gerado aos empreendimentos por meio dos ESS (Encargos de Servi\u00e7os do Sistema).&nbsp;<\/p>\n\n\n\n<p>\u201cQuando a gente fala de ressarcimento, sim, isso recai sobre os consumidores, mas \u00e9 menos custoso do que um aumento de pr\u00eamio de risco que vai ter ao longo dos pr\u00f3ximos anos para todos os novos empreendimentos \u00e0 medida que voc\u00ea percebe uma aloca\u00e7\u00e3o de riscos desatrelada de qualquer aspecto gerenci\u00e1vel e minimamente previs\u00edvel para os agentes\u201d, destacou o diretor.<\/p>\n\n\n\n<p>&#8220;Querer alocar esse risco para os pr\u00f3prios agentes e responsabiliz\u00e1-los de alguma forma pode ser muito problem\u00e1tico, porque a\u00ed a percep\u00e7\u00e3o de risco do sistema vai aumentar muito e vai tornar muito mais custoso a capta\u00e7\u00e3o de recursos para para novos empreendimentos l\u00e1 na frente&#8221;.<\/p>\n\n\n\n<p>Dados do Instituto Acende Brasil mostram que em 2024, cerca de 8,4% do potencial de gera\u00e7\u00e3o dos parques e\u00f3licos foi desperdi\u00e7ado por curtailment. O percentual chega a 13% nos parques fotovoltaicos. Juntos, os preju\u00edzos representam cerca de R$ 1 bilh\u00e3o.&nbsp;<\/p>\n\n\n\n<p><strong>Ressarcimento<\/strong><br>Atualmente, s\u00f3 podem ser ressarcidos cortes classificados pelo ONS como \u201cindisponibilidade externa&#8221;, ou seja, quando o escoamento de energia \u00e9 prejudicado pela indisponibilidade de instala\u00e7\u00f5es de transmiss\u00e3o. J\u00e1 as outras classifica\u00e7\u00f5es para o curtailment, \u201cconfiabilidade el\u00e9trica\u201d (atendimento de requisitos para preservar a rede) e \u201craz\u00e3o energ\u00e9tica\u201d (gera\u00e7\u00e3o de energia superior \u00e0 demanda), n\u00e3o s\u00e3o pass\u00edveis de reembolso.&nbsp;<\/p>\n\n\n\n<p>Para o instituto, \u00e9 preciso uma adequa\u00e7\u00e3o regulat\u00f3ria que permita ressarcimento para cortes definidos por \u201cconfiabilidade el\u00e9trica\u201d. \u201cEles t\u00eam as mesmas caracter\u00edsticas, que \u00e9 uma coisa que est\u00e1 fora do controle das geradoras e que n\u00e3o era previs\u00edvel&#8221;, ponderou o diretor.&nbsp;<\/p>\n\n\n\n<p>Segundo Hochstetler, uma mudan\u00e7a de pol\u00edtica operativa da magnitude que ocorreu ap\u00f3s o apag\u00e3o de agosto de 2023 \u201cestava fora de qualquer qualquer radar, inclusive do pr\u00f3prio ONS\u201d. O evento ocorrido em 15 de agosto de 2023 levou o operador a um ajuste na opera\u00e7\u00e3o \u201cpara representar com maior ader\u00eancia o comportamento das fontes renov\u00e1veis vari\u00e1veis\u201d, o que \u201ctem impactado o escoamento de gera\u00e7\u00e3o renov\u00e1vel no Nordeste, aumentando o curtailment dos geradores para manter a confiabilidade do SIN [Sistema Interligado Nacional]&#8221;, diz o Plano da&nbsp;Opera\u00e7\u00e3o El\u00e9trica divulgado pelo ONS. &nbsp;<\/p>\n\n\n\n<p>O Instituto Acende Brasil ainda defende que parte dos cortes classificados como \u201cconfiabilidade el\u00e9trica\u201d sejam tratados como \u201cindisponibilidade externa\u201d, j\u00e1 que se devem a atrasos de linhas de transmiss\u00e3o e subesta\u00e7\u00f5es que estavam previstas para entrar em opera\u00e7\u00e3o. \u201cNa medida que essa confiabilidade foi afetada pela transmiss\u00e3o, faria mais sentido classificar isso ent\u00e3o como por indisponibilidade do que por confiabilidade&#8221;, explicou Hochstetler.<\/p>\n\n\n\n<p><strong>ANEEL<\/strong><br>Ainda em dezembro de 2024 a ANEEL (Ag\u00eancia Nacional de Energia El\u00e9trica) abriu uma terceira fase para a CP (Consulta P\u00fablica) 45\/2019, que trata sobre crit\u00e9rios operativos para redu\u00e7\u00e3o ou limita\u00e7\u00e3o de gera\u00e7\u00e3o. A consulta vai at\u00e9 10 de fevereiro deste ano e integra processo sob relatoria da diretora Agnes Costa.&nbsp;<\/p>\n\n\n\n<p>O diretor-geral da ag\u00eancia, Sandoval Feitosa, chegou a se manifestar em novembro sobre o tema e disse que os custos dos cortes de gera\u00e7\u00e3o n\u00e3o podem ser imputados aos consumidores: \u201cO ponto que n\u00f3s estamos fazendo hoje \u00e9 tentar aprimorar possibilidades de remunera\u00e7\u00e3o pelo curtailment. O que a gente n\u00e3o pode, de maneira alguma, \u00e9 buscar a solu\u00e7\u00e3o mais f\u00e1cil, que \u00e9 simplesmente imputar esse custo ao consumidor de energia el\u00e9trica\u201d.&nbsp;<\/p>\n","protected":false},"excerpt":{"rendered":"<p>Marisa Wanzeller, da Ag\u00eancia iNFRA Os custos do curtailment ou constrained-off, como s\u00e3o chamados os cortes de gera\u00e7\u00e3o solar e e\u00f3lica determinados pelo ONS (Operador Nacional do Sistema El\u00e9trico), deveriam ser compartilhados com a MMGD (Micro e Minigera\u00e7\u00e3o Distribu\u00edda), avalia o diretor de Assuntos Econ\u00f4micos e Regulat\u00f3rios do Instituto Acende Brasil, Richard Lee Hochstetler.&nbsp; Um [&hellip;]<\/p>\n","protected":false},"author":1,"featured_media":8226,"comment_status":"closed","ping_status":"closed","sticky":false,"template":"","format":"standard","meta":{"_monsterinsights_skip_tracking":false,"_monsterinsights_sitenote_active":false,"_monsterinsights_sitenote_note":"","_monsterinsights_sitenote_category":0,"footnotes":""},"categories":[7250,1,10],"tags":[12162,53,12156,12154,11474,12159,1275,1093,4507,12157,850,12153,7366,8724,216,4015,12161,12155,12158,3360],"class_list":["post-19912","post","type-post","status-publish","format-standard","has-post-thumbnail","hentry","category-destaque-lista","category-geral","category-infraenergia","tag-adequacao-regulatoria","tag-aneel","tag-confiabilidade-eletrica","tag-cortes-de-geracao","tag-curtailment","tag-custos-do-curtailment","tag-energia-eolica","tag-energia-solar","tag-ess","tag-gargalos-na-transmissao","tag-geracao-distribuida","tag-indisponibilidade-externa","tag-marisa-wanzeller","tag-mmgd","tag-ons","tag-parques-eolicos","tag-parques-fotovoltaicos","tag-ressarcimento","tag-riscos-operacionais","tag-sin"],"yoast_head":"<!-- This site is optimized with the Yoast SEO Premium plugin v25.4 (Yoast SEO v26.0) - https:\/\/yoast.com\/wordpress\/plugins\/seo\/ -->\n<title>Custos dos cortes de energia solar e e\u00f3lica devem ser compartilhados com gera\u00e7\u00e3o distribu\u00edda, avalia instituto - Ag\u00eancia iNFRA<\/title>\n<meta name=\"robots\" content=\"index, follow, max-snippet:-1, max-image-preview:large, max-video-preview:-1\" \/>\n<link rel=\"canonical\" href=\"https:\/\/agenciainfra.com\/blog\/custos-dos-cortes-de-energia-solar-e-eolica-devem-ser-compartilhados-com-geracao-distribuida-avalia-instituto\/\" \/>\n<meta property=\"og:locale\" content=\"pt_BR\" \/>\n<meta property=\"og:type\" content=\"article\" \/>\n<meta property=\"og:title\" content=\"Custos dos cortes de energia solar e e\u00f3lica devem ser compartilhados com gera\u00e7\u00e3o distribu\u00edda, avalia instituto\" \/>\n<meta property=\"og:description\" content=\"Marisa Wanzeller, da Ag\u00eancia iNFRA Os custos do curtailment ou constrained-off, como s\u00e3o chamados os cortes de gera\u00e7\u00e3o solar e e\u00f3lica determinados pelo ONS (Operador Nacional do Sistema El\u00e9trico), deveriam ser compartilhados com a MMGD (Micro e Minigera\u00e7\u00e3o Distribu\u00edda), avalia o diretor de Assuntos Econ\u00f4micos e Regulat\u00f3rios do Instituto Acende Brasil, Richard Lee Hochstetler.&nbsp; Um [&hellip;]\" \/>\n<meta property=\"og:url\" content=\"https:\/\/agenciainfra.com\/blog\/custos-dos-cortes-de-energia-solar-e-eolica-devem-ser-compartilhados-com-geracao-distribuida-avalia-instituto\/\" \/>\n<meta property=\"og:site_name\" content=\"Ag\u00eancia iNFRA\" \/>\n<meta property=\"article:publisher\" content=\"https:\/\/www.facebook.com\/ageninfra\" \/>\n<meta property=\"article:published_time\" content=\"2025-01-06T12:00:00+00:00\" \/>\n<meta property=\"article:modified_time\" content=\"2025-01-07T15:29:18+00:00\" \/>\n<meta property=\"og:image\" content=\"https:\/\/agenciainfra.com\/blog\/wp-content\/uploads\/2021\/09\/geracao-distribuida-foto-dominio-publico.jpg\" \/>\n\t<meta property=\"og:image:width\" content=\"1280\" \/>\n\t<meta property=\"og:image:height\" content=\"851\" \/>\n\t<meta property=\"og:image:type\" content=\"image\/jpeg\" \/>\n<meta name=\"author\" content=\"Ag\u00eancia iNFRA\" \/>\n<meta name=\"twitter:card\" content=\"summary_large_image\" \/>\n<meta name=\"twitter:creator\" content=\"@agencia_infra\" \/>\n<meta name=\"twitter:site\" content=\"@agencia_infra\" \/>\n<meta name=\"twitter:label1\" content=\"Escrito por\" \/>\n\t<meta name=\"twitter:data1\" content=\"Ag\u00eancia iNFRA\" \/>\n\t<meta name=\"twitter:label2\" content=\"Est. tempo de leitura\" \/>\n\t<meta name=\"twitter:data2\" content=\"5 minutos\" \/>\n<script type=\"application\/ld+json\" class=\"yoast-schema-graph\">{\"@context\":\"https:\/\/schema.org\",\"@graph\":[{\"@type\":\"Article\",\"@id\":\"https:\/\/agenciainfra.com\/blog\/custos-dos-cortes-de-energia-solar-e-eolica-devem-ser-compartilhados-com-geracao-distribuida-avalia-instituto\/#article\",\"isPartOf\":{\"@id\":\"https:\/\/agenciainfra.com\/blog\/custos-dos-cortes-de-energia-solar-e-eolica-devem-ser-compartilhados-com-geracao-distribuida-avalia-instituto\/\"},\"author\":{\"name\":\"Ag\u00eancia iNFRA\",\"@id\":\"https:\/\/agenciainfra.com\/blog\/#\/schema\/person\/34af08dff6adea4cb22b06612ba7acfa\"},\"headline\":\"Custos dos cortes de energia solar e e\u00f3lica devem ser compartilhados com gera\u00e7\u00e3o distribu\u00edda, avalia instituto\",\"datePublished\":\"2025-01-06T12:00:00+00:00\",\"dateModified\":\"2025-01-07T15:29:18+00:00\",\"mainEntityOfPage\":{\"@id\":\"https:\/\/agenciainfra.com\/blog\/custos-dos-cortes-de-energia-solar-e-eolica-devem-ser-compartilhados-com-geracao-distribuida-avalia-instituto\/\"},\"wordCount\":1027,\"publisher\":{\"@id\":\"https:\/\/agenciainfra.com\/blog\/#organization\"},\"image\":{\"@id\":\"https:\/\/agenciainfra.com\/blog\/custos-dos-cortes-de-energia-solar-e-eolica-devem-ser-compartilhados-com-geracao-distribuida-avalia-instituto\/#primaryimage\"},\"thumbnailUrl\":\"https:\/\/agenciainfra.com\/blog\/wp-content\/uploads\/2021\/09\/geracao-distribuida-foto-dominio-publico-e1748341512698.jpg\",\"keywords\":[\"adequa\u00e7\u00e3o regulat\u00f3ria\",\"ANEEL\",\"confiabilidade el\u00e9trica\",\"cortes de gera\u00e7\u00e3o\",\"curtailment\",\"custos do curtailment\",\"energia e\u00f3lica\",\"energia solar\",\"ESS\",\"gargalos na transmiss\u00e3o\",\"gera\u00e7\u00e3o distribu\u00edda\",\"indisponibilidade externa\",\"Marisa Wanzeller\",\"MMGD\",\"ONS\",\"parques e\u00f3licos\",\"parques fotovoltaicos\",\"ressarcimento\",\"riscos operacionais\",\"SIN\"],\"articleSection\":[\"Destaque lista\",\"Geral\",\"iNFRAEnergia\"],\"inLanguage\":\"pt-BR\",\"copyrightYear\":\"2025\",\"copyrightHolder\":{\"@id\":\"https:\/\/agenciainfra.com\/blog\/#organization\"}},{\"@type\":\"WebPage\",\"@id\":\"https:\/\/agenciainfra.com\/blog\/custos-dos-cortes-de-energia-solar-e-eolica-devem-ser-compartilhados-com-geracao-distribuida-avalia-instituto\/\",\"url\":\"https:\/\/agenciainfra.com\/blog\/custos-dos-cortes-de-energia-solar-e-eolica-devem-ser-compartilhados-com-geracao-distribuida-avalia-instituto\/\",\"name\":\"Custos dos cortes de energia solar e e\u00f3lica devem ser compartilhados com gera\u00e7\u00e3o distribu\u00edda, avalia instituto - Ag\u00eancia iNFRA\",\"isPartOf\":{\"@id\":\"https:\/\/agenciainfra.com\/blog\/#website\"},\"primaryImageOfPage\":{\"@id\":\"https:\/\/agenciainfra.com\/blog\/custos-dos-cortes-de-energia-solar-e-eolica-devem-ser-compartilhados-com-geracao-distribuida-avalia-instituto\/#primaryimage\"},\"image\":{\"@id\":\"https:\/\/agenciainfra.com\/blog\/custos-dos-cortes-de-energia-solar-e-eolica-devem-ser-compartilhados-com-geracao-distribuida-avalia-instituto\/#primaryimage\"},\"thumbnailUrl\":\"https:\/\/agenciainfra.com\/blog\/wp-content\/uploads\/2021\/09\/geracao-distribuida-foto-dominio-publico-e1748341512698.jpg\",\"datePublished\":\"2025-01-06T12:00:00+00:00\",\"dateModified\":\"2025-01-07T15:29:18+00:00\",\"breadcrumb\":{\"@id\":\"https:\/\/agenciainfra.com\/blog\/custos-dos-cortes-de-energia-solar-e-eolica-devem-ser-compartilhados-com-geracao-distribuida-avalia-instituto\/#breadcrumb\"},\"inLanguage\":\"pt-BR\",\"potentialAction\":[{\"@type\":\"ReadAction\",\"target\":[\"https:\/\/agenciainfra.com\/blog\/custos-dos-cortes-de-energia-solar-e-eolica-devem-ser-compartilhados-com-geracao-distribuida-avalia-instituto\/\"]}]},{\"@type\":\"ImageObject\",\"inLanguage\":\"pt-BR\",\"@id\":\"https:\/\/agenciainfra.com\/blog\/custos-dos-cortes-de-energia-solar-e-eolica-devem-ser-compartilhados-com-geracao-distribuida-avalia-instituto\/#primaryimage\",\"url\":\"https:\/\/agenciainfra.com\/blog\/wp-content\/uploads\/2021\/09\/geracao-distribuida-foto-dominio-publico-e1748341512698.jpg\",\"contentUrl\":\"https:\/\/agenciainfra.com\/blog\/wp-content\/uploads\/2021\/09\/geracao-distribuida-foto-dominio-publico-e1748341512698.jpg\",\"width\":1280,\"height\":760,\"caption\":\"Foto: Dom\u00ednio P\u00fablico\"},{\"@type\":\"BreadcrumbList\",\"@id\":\"https:\/\/agenciainfra.com\/blog\/custos-dos-cortes-de-energia-solar-e-eolica-devem-ser-compartilhados-com-geracao-distribuida-avalia-instituto\/#breadcrumb\",\"itemListElement\":[{\"@type\":\"ListItem\",\"position\":1,\"name\":\"In\u00edcio\",\"item\":\"https:\/\/agenciainfra.com\/blog\/\"},{\"@type\":\"ListItem\",\"position\":2,\"name\":\"Custos dos cortes de energia solar e e\u00f3lica devem ser compartilhados com gera\u00e7\u00e3o distribu\u00edda, avalia instituto\"}]},{\"@type\":\"WebSite\",\"@id\":\"https:\/\/agenciainfra.com\/blog\/#website\",\"url\":\"https:\/\/agenciainfra.com\/blog\/\",\"name\":\"Ag\u00eancia iNFRA\",\"description\":\"Multiplataforma de informa\u00e7\u00e3o jornal\u00edstica refer\u00eancia na \u00e1rea de infraestrutura no Brasil!\",\"publisher\":{\"@id\":\"https:\/\/agenciainfra.com\/blog\/#organization\"},\"potentialAction\":[{\"@type\":\"SearchAction\",\"target\":{\"@type\":\"EntryPoint\",\"urlTemplate\":\"https:\/\/agenciainfra.com\/blog\/?s={search_term_string}\"},\"query-input\":{\"@type\":\"PropertyValueSpecification\",\"valueRequired\":true,\"valueName\":\"search_term_string\"}}],\"inLanguage\":\"pt-BR\"},{\"@type\":\"Organization\",\"@id\":\"https:\/\/agenciainfra.com\/blog\/#organization\",\"name\":\"Ag\u00eancia iNFRA\",\"url\":\"https:\/\/agenciainfra.com\/blog\/\",\"logo\":{\"@type\":\"ImageObject\",\"inLanguage\":\"pt-BR\",\"@id\":\"https:\/\/agenciainfra.com\/blog\/#\/schema\/logo\/image\/\",\"url\":\"https:\/\/agenciainfra.com\/blog\/wp-content\/uploads\/2023\/09\/iNFRA_5-e1761735885940.png\",\"contentUrl\":\"https:\/\/agenciainfra.com\/blog\/wp-content\/uploads\/2023\/09\/iNFRA_5-e1761735885940.png\",\"width\":1672,\"height\":454,\"caption\":\"Ag\u00eancia iNFRA\"},\"image\":{\"@id\":\"https:\/\/agenciainfra.com\/blog\/#\/schema\/logo\/image\/\"},\"sameAs\":[\"https:\/\/www.facebook.com\/ageninfra\",\"https:\/\/x.com\/agencia_infra\",\"https:\/\/www.linkedin.com\/company\/ag\u00eanciainfra\/\",\"https:\/\/www.instagram.com\/agenciainfra\/\"]},{\"@type\":\"Person\",\"@id\":\"https:\/\/agenciainfra.com\/blog\/#\/schema\/person\/34af08dff6adea4cb22b06612ba7acfa\",\"name\":\"Ag\u00eancia iNFRA\",\"image\":{\"@type\":\"ImageObject\",\"inLanguage\":\"pt-BR\",\"@id\":\"https:\/\/agenciainfra.com\/blog\/#\/schema\/person\/image\/\",\"url\":\"https:\/\/secure.gravatar.com\/avatar\/d189e01678f06d8eb84d4e01f08eb848b3fffe3f8443818d3c356c66892f5be8?s=96&d=mm&r=g\",\"contentUrl\":\"https:\/\/secure.gravatar.com\/avatar\/d189e01678f06d8eb84d4e01f08eb848b3fffe3f8443818d3c356c66892f5be8?s=96&d=mm&r=g\",\"caption\":\"Ag\u00eancia iNFRA\"},\"url\":\"https:\/\/agenciainfra.com\/blog\/author\/admin\/\"}]}<\/script>\n<!-- \/ Yoast SEO Premium plugin. -->","yoast_head_json":{"title":"Custos dos cortes de energia solar e e\u00f3lica devem ser compartilhados com gera\u00e7\u00e3o distribu\u00edda, avalia instituto - Ag\u00eancia iNFRA","robots":{"index":"index","follow":"follow","max-snippet":"max-snippet:-1","max-image-preview":"max-image-preview:large","max-video-preview":"max-video-preview:-1"},"canonical":"https:\/\/agenciainfra.com\/blog\/custos-dos-cortes-de-energia-solar-e-eolica-devem-ser-compartilhados-com-geracao-distribuida-avalia-instituto\/","og_locale":"pt_BR","og_type":"article","og_title":"Custos dos cortes de energia solar e e\u00f3lica devem ser compartilhados com gera\u00e7\u00e3o distribu\u00edda, avalia instituto","og_description":"Marisa Wanzeller, da Ag\u00eancia iNFRA Os custos do curtailment ou constrained-off, como s\u00e3o chamados os cortes de gera\u00e7\u00e3o solar e e\u00f3lica determinados pelo ONS (Operador Nacional do Sistema El\u00e9trico), deveriam ser compartilhados com a MMGD (Micro e Minigera\u00e7\u00e3o Distribu\u00edda), avalia o diretor de Assuntos Econ\u00f4micos e Regulat\u00f3rios do Instituto Acende Brasil, Richard Lee Hochstetler.&nbsp; Um [&hellip;]","og_url":"https:\/\/agenciainfra.com\/blog\/custos-dos-cortes-de-energia-solar-e-eolica-devem-ser-compartilhados-com-geracao-distribuida-avalia-instituto\/","og_site_name":"Ag\u00eancia iNFRA","article_publisher":"https:\/\/www.facebook.com\/ageninfra","article_published_time":"2025-01-06T12:00:00+00:00","article_modified_time":"2025-01-07T15:29:18+00:00","og_image":[{"width":1280,"height":851,"url":"https:\/\/agenciainfra.com\/blog\/wp-content\/uploads\/2021\/09\/geracao-distribuida-foto-dominio-publico.jpg","type":"image\/jpeg"}],"author":"Ag\u00eancia iNFRA","twitter_card":"summary_large_image","twitter_creator":"@agencia_infra","twitter_site":"@agencia_infra","twitter_misc":{"Escrito por":"Ag\u00eancia iNFRA","Est. tempo de leitura":"5 minutos"},"schema":{"@context":"https:\/\/schema.org","@graph":[{"@type":"Article","@id":"https:\/\/agenciainfra.com\/blog\/custos-dos-cortes-de-energia-solar-e-eolica-devem-ser-compartilhados-com-geracao-distribuida-avalia-instituto\/#article","isPartOf":{"@id":"https:\/\/agenciainfra.com\/blog\/custos-dos-cortes-de-energia-solar-e-eolica-devem-ser-compartilhados-com-geracao-distribuida-avalia-instituto\/"},"author":{"name":"Ag\u00eancia iNFRA","@id":"https:\/\/agenciainfra.com\/blog\/#\/schema\/person\/34af08dff6adea4cb22b06612ba7acfa"},"headline":"Custos dos cortes de energia solar e e\u00f3lica devem ser compartilhados com gera\u00e7\u00e3o distribu\u00edda, avalia instituto","datePublished":"2025-01-06T12:00:00+00:00","dateModified":"2025-01-07T15:29:18+00:00","mainEntityOfPage":{"@id":"https:\/\/agenciainfra.com\/blog\/custos-dos-cortes-de-energia-solar-e-eolica-devem-ser-compartilhados-com-geracao-distribuida-avalia-instituto\/"},"wordCount":1027,"publisher":{"@id":"https:\/\/agenciainfra.com\/blog\/#organization"},"image":{"@id":"https:\/\/agenciainfra.com\/blog\/custos-dos-cortes-de-energia-solar-e-eolica-devem-ser-compartilhados-com-geracao-distribuida-avalia-instituto\/#primaryimage"},"thumbnailUrl":"https:\/\/agenciainfra.com\/blog\/wp-content\/uploads\/2021\/09\/geracao-distribuida-foto-dominio-publico-e1748341512698.jpg","keywords":["adequa\u00e7\u00e3o regulat\u00f3ria","ANEEL","confiabilidade el\u00e9trica","cortes de gera\u00e7\u00e3o","curtailment","custos do curtailment","energia e\u00f3lica","energia solar","ESS","gargalos na transmiss\u00e3o","gera\u00e7\u00e3o distribu\u00edda","indisponibilidade externa","Marisa Wanzeller","MMGD","ONS","parques e\u00f3licos","parques fotovoltaicos","ressarcimento","riscos operacionais","SIN"],"articleSection":["Destaque lista","Geral","iNFRAEnergia"],"inLanguage":"pt-BR","copyrightYear":"2025","copyrightHolder":{"@id":"https:\/\/agenciainfra.com\/blog\/#organization"}},{"@type":"WebPage","@id":"https:\/\/agenciainfra.com\/blog\/custos-dos-cortes-de-energia-solar-e-eolica-devem-ser-compartilhados-com-geracao-distribuida-avalia-instituto\/","url":"https:\/\/agenciainfra.com\/blog\/custos-dos-cortes-de-energia-solar-e-eolica-devem-ser-compartilhados-com-geracao-distribuida-avalia-instituto\/","name":"Custos dos cortes de energia solar e e\u00f3lica devem ser compartilhados com gera\u00e7\u00e3o distribu\u00edda, avalia instituto - Ag\u00eancia iNFRA","isPartOf":{"@id":"https:\/\/agenciainfra.com\/blog\/#website"},"primaryImageOfPage":{"@id":"https:\/\/agenciainfra.com\/blog\/custos-dos-cortes-de-energia-solar-e-eolica-devem-ser-compartilhados-com-geracao-distribuida-avalia-instituto\/#primaryimage"},"image":{"@id":"https:\/\/agenciainfra.com\/blog\/custos-dos-cortes-de-energia-solar-e-eolica-devem-ser-compartilhados-com-geracao-distribuida-avalia-instituto\/#primaryimage"},"thumbnailUrl":"https:\/\/agenciainfra.com\/blog\/wp-content\/uploads\/2021\/09\/geracao-distribuida-foto-dominio-publico-e1748341512698.jpg","datePublished":"2025-01-06T12:00:00+00:00","dateModified":"2025-01-07T15:29:18+00:00","breadcrumb":{"@id":"https:\/\/agenciainfra.com\/blog\/custos-dos-cortes-de-energia-solar-e-eolica-devem-ser-compartilhados-com-geracao-distribuida-avalia-instituto\/#breadcrumb"},"inLanguage":"pt-BR","potentialAction":[{"@type":"ReadAction","target":["https:\/\/agenciainfra.com\/blog\/custos-dos-cortes-de-energia-solar-e-eolica-devem-ser-compartilhados-com-geracao-distribuida-avalia-instituto\/"]}]},{"@type":"ImageObject","inLanguage":"pt-BR","@id":"https:\/\/agenciainfra.com\/blog\/custos-dos-cortes-de-energia-solar-e-eolica-devem-ser-compartilhados-com-geracao-distribuida-avalia-instituto\/#primaryimage","url":"https:\/\/agenciainfra.com\/blog\/wp-content\/uploads\/2021\/09\/geracao-distribuida-foto-dominio-publico-e1748341512698.jpg","contentUrl":"https:\/\/agenciainfra.com\/blog\/wp-content\/uploads\/2021\/09\/geracao-distribuida-foto-dominio-publico-e1748341512698.jpg","width":1280,"height":760,"caption":"Foto: Dom\u00ednio P\u00fablico"},{"@type":"BreadcrumbList","@id":"https:\/\/agenciainfra.com\/blog\/custos-dos-cortes-de-energia-solar-e-eolica-devem-ser-compartilhados-com-geracao-distribuida-avalia-instituto\/#breadcrumb","itemListElement":[{"@type":"ListItem","position":1,"name":"In\u00edcio","item":"https:\/\/agenciainfra.com\/blog\/"},{"@type":"ListItem","position":2,"name":"Custos dos cortes de energia solar e e\u00f3lica devem ser compartilhados com gera\u00e7\u00e3o distribu\u00edda, avalia instituto"}]},{"@type":"WebSite","@id":"https:\/\/agenciainfra.com\/blog\/#website","url":"https:\/\/agenciainfra.com\/blog\/","name":"Ag\u00eancia iNFRA","description":"Multiplataforma de informa\u00e7\u00e3o jornal\u00edstica refer\u00eancia na \u00e1rea de infraestrutura no Brasil!","publisher":{"@id":"https:\/\/agenciainfra.com\/blog\/#organization"},"potentialAction":[{"@type":"SearchAction","target":{"@type":"EntryPoint","urlTemplate":"https:\/\/agenciainfra.com\/blog\/?s={search_term_string}"},"query-input":{"@type":"PropertyValueSpecification","valueRequired":true,"valueName":"search_term_string"}}],"inLanguage":"pt-BR"},{"@type":"Organization","@id":"https:\/\/agenciainfra.com\/blog\/#organization","name":"Ag\u00eancia iNFRA","url":"https:\/\/agenciainfra.com\/blog\/","logo":{"@type":"ImageObject","inLanguage":"pt-BR","@id":"https:\/\/agenciainfra.com\/blog\/#\/schema\/logo\/image\/","url":"https:\/\/agenciainfra.com\/blog\/wp-content\/uploads\/2023\/09\/iNFRA_5-e1761735885940.png","contentUrl":"https:\/\/agenciainfra.com\/blog\/wp-content\/uploads\/2023\/09\/iNFRA_5-e1761735885940.png","width":1672,"height":454,"caption":"Ag\u00eancia iNFRA"},"image":{"@id":"https:\/\/agenciainfra.com\/blog\/#\/schema\/logo\/image\/"},"sameAs":["https:\/\/www.facebook.com\/ageninfra","https:\/\/x.com\/agencia_infra","https:\/\/www.linkedin.com\/company\/ag\u00eanciainfra\/","https:\/\/www.instagram.com\/agenciainfra\/"]},{"@type":"Person","@id":"https:\/\/agenciainfra.com\/blog\/#\/schema\/person\/34af08dff6adea4cb22b06612ba7acfa","name":"Ag\u00eancia iNFRA","image":{"@type":"ImageObject","inLanguage":"pt-BR","@id":"https:\/\/agenciainfra.com\/blog\/#\/schema\/person\/image\/","url":"https:\/\/secure.gravatar.com\/avatar\/d189e01678f06d8eb84d4e01f08eb848b3fffe3f8443818d3c356c66892f5be8?s=96&d=mm&r=g","contentUrl":"https:\/\/secure.gravatar.com\/avatar\/d189e01678f06d8eb84d4e01f08eb848b3fffe3f8443818d3c356c66892f5be8?s=96&d=mm&r=g","caption":"Ag\u00eancia iNFRA"},"url":"https:\/\/agenciainfra.com\/blog\/author\/admin\/"}]}},"_links":{"self":[{"href":"https:\/\/agenciainfra.com\/blog\/wp-json\/wp\/v2\/posts\/19912","targetHints":{"allow":["GET"]}}],"collection":[{"href":"https:\/\/agenciainfra.com\/blog\/wp-json\/wp\/v2\/posts"}],"about":[{"href":"https:\/\/agenciainfra.com\/blog\/wp-json\/wp\/v2\/types\/post"}],"author":[{"embeddable":true,"href":"https:\/\/agenciainfra.com\/blog\/wp-json\/wp\/v2\/users\/1"}],"replies":[{"embeddable":true,"href":"https:\/\/agenciainfra.com\/blog\/wp-json\/wp\/v2\/comments?post=19912"}],"version-history":[{"count":2,"href":"https:\/\/agenciainfra.com\/blog\/wp-json\/wp\/v2\/posts\/19912\/revisions"}],"predecessor-version":[{"id":19923,"href":"https:\/\/agenciainfra.com\/blog\/wp-json\/wp\/v2\/posts\/19912\/revisions\/19923"}],"wp:featuredmedia":[{"embeddable":true,"href":"https:\/\/agenciainfra.com\/blog\/wp-json\/wp\/v2\/media\/8226"}],"wp:attachment":[{"href":"https:\/\/agenciainfra.com\/blog\/wp-json\/wp\/v2\/media?parent=19912"}],"wp:term":[{"taxonomy":"category","embeddable":true,"href":"https:\/\/agenciainfra.com\/blog\/wp-json\/wp\/v2\/categories?post=19912"},{"taxonomy":"post_tag","embeddable":true,"href":"https:\/\/agenciainfra.com\/blog\/wp-json\/wp\/v2\/tags?post=19912"}],"curies":[{"name":"wp","href":"https:\/\/api.w.org\/{rel}","templated":true}]}}