{"id":19917,"date":"2025-01-06T14:00:00","date_gmt":"2025-01-06T17:00:00","guid":{"rendered":"https:\/\/agenciainfra.com\/blog\/?p=19917"},"modified":"2025-01-06T06:30:48","modified_gmt":"2025-01-06T09:30:48","slug":"ronei-glanzmann-sera-o-novo-ceo-do-moveinfra","status":"publish","type":"post","link":"https:\/\/agenciainfra.com\/blog\/ronei-glanzmann-sera-o-novo-ceo-do-moveinfra\/","title":{"rendered":"Ronei Glanzmann ser\u00e1 o novo CEO do MoveInfra"},"content":{"rendered":"\n<p class=\"has-text-align-right\"><strong>da Ag\u00eancia iNFRA<\/strong><\/p>\n\n\n\n<p>Ronei Glanzmann foi escolhido como novo CEO do MoveInfra,&nbsp;movimento que re\u00fane as seis maiores empresas de infraestrutura do pa\u00eds (CCR, EcoRodovias, Hidrovias do Brasil, Rumo, Santos Brasil e Ultracargo). Ele assume o cargo a partir do dia 17 de janeiro.<br><br>Economista do Banco Central, ele tem ampla experi\u00eancia no setor de infraestrutura, principalmente no segmento a\u00e9reo, tendo passado por cargos de chefia no Poder Executivo durante os tr\u00eas \u00faltimos governos federais. Estava como CEO da SJK Airport, concession\u00e1ria do Aeroporto de S\u00e3o Jos\u00e9 dos Campos (SP).<br><br>Glanzmann assume o comando do MoveInfra ap\u00f3s a sa\u00edda de Nat\u00e1lia Marcassa, que estava \u00e0 frente do movimento desde o seu lan\u00e7amento, em dezembro de 2022. Marcassa deixou o posto para assumir a vice-presid\u00eancia de Rela\u00e7\u00f5es Governamentais, Regulat\u00f3rio e Comunica\u00e7\u00e3o Externa da Rumo.<br><br>Em comunicado da associa\u00e7\u00e3o,&nbsp;Glanzmann destacou que o&nbsp;cen\u00e1rio macroecon\u00f4mico e o avan\u00e7o das reformas estruturais, previstos para este ano, s\u00e3o fatores fundamentais para o desenvolvimento sustent\u00e1vel da infraestrutura.<br><br>\u201c\u00c9 uma agenda realmente desafiadora, capaz de melhorar efetivamente a vida das pessoas. Em 2025, o setor ter\u00e1 uma carteira robusta de projetos em todos os modais, o que torna o investidor ainda mais seletivo, especialmente no atual cen\u00e1rio de juros elevados. H\u00e1 tamb\u00e9m muito a ser feito na regulamenta\u00e7\u00e3o da Reforma Tribut\u00e1ria; e levaremos \u00e0 COP30 caminhos para a descarboniza\u00e7\u00e3o e a resili\u00eancia das infraestruturas log\u00edsticas\u201d.<\/p>\n","protected":false},"excerpt":{"rendered":"<p>da Ag\u00eancia iNFRA Ronei Glanzmann foi escolhido como novo CEO do MoveInfra,&nbsp;movimento que re\u00fane as seis maiores empresas de infraestrutura do pa\u00eds (CCR, EcoRodovias, Hidrovias do Brasil, Rumo, Santos Brasil e Ultracargo). Ele assume o cargo a partir do dia 17 de janeiro. Economista do Banco Central, ele tem ampla experi\u00eancia no setor de infraestrutura, [&hellip;]<\/p>\n","protected":false},"author":1,"featured_media":8851,"comment_status":"closed","ping_status":"closed","sticky":false,"template":"","format":"standard","meta":{"_monsterinsights_skip_tracking":false,"_monsterinsights_sitenote_active":false,"_monsterinsights_sitenote_note":"","_monsterinsights_sitenote_category":0,"footnotes":""},"categories":[7250,1,7],"tags":[588,12173,12171,8068,3361,1340,8000,4342,10316,6141,5126,1763,80,1898,12175,6135],"class_list":["post-19917","post","type-post","status-publish","format-standard","has-post-thumbnail","hentry","category-destaque-lista","category-geral","category-infratransporte","tag-ccr","tag-cenario-macroeconomico","tag-ceo-moveinfra","tag-cop30","tag-descarbonizacao","tag-ecorodovias","tag-empresas-de-infraestrutura","tag-hidrovias-do-brasil","tag-infraestrutura-logistica","tag-moveinfra","tag-projetos-de-infraestrutura","tag-ronei-glanzmann","tag-rumo","tag-santos-brasil","tag-sustentabilidade-na-infraestrutura","tag-ultracargo"],"yoast_head":"<!-- This site is optimized with the Yoast SEO Premium plugin v25.4 (Yoast SEO v26.0) - https:\/\/yoast.com\/wordpress\/plugins\/seo\/ -->\n<title>Ronei Glanzmann ser\u00e1 o novo CEO do MoveInfra - Ag\u00eancia iNFRA<\/title>\n<meta name=\"robots\" content=\"index, follow, max-snippet:-1, max-image-preview:large, max-video-preview:-1\" \/>\n<link rel=\"canonical\" href=\"https:\/\/agenciainfra.com\/blog\/ronei-glanzmann-sera-o-novo-ceo-do-moveinfra\/\" \/>\n<meta property=\"og:locale\" content=\"pt_BR\" \/>\n<meta property=\"og:type\" content=\"article\" \/>\n<meta property=\"og:title\" content=\"Ronei Glanzmann ser\u00e1 o novo CEO do MoveInfra\" \/>\n<meta property=\"og:description\" content=\"da Ag\u00eancia iNFRA Ronei Glanzmann foi escolhido como novo CEO do MoveInfra,&nbsp;movimento que re\u00fane as seis maiores empresas de infraestrutura do pa\u00eds (CCR, EcoRodovias, Hidrovias do Brasil, Rumo, Santos Brasil e Ultracargo). Ele assume o cargo a partir do dia 17 de janeiro. Economista do Banco Central, ele tem ampla experi\u00eancia no setor de infraestrutura, [&hellip;]\" \/>\n<meta property=\"og:url\" content=\"https:\/\/agenciainfra.com\/blog\/ronei-glanzmann-sera-o-novo-ceo-do-moveinfra\/\" \/>\n<meta property=\"og:site_name\" content=\"Ag\u00eancia iNFRA\" \/>\n<meta property=\"article:publisher\" content=\"https:\/\/www.facebook.com\/ageninfra\" \/>\n<meta property=\"article:published_time\" content=\"2025-01-06T17:00:00+00:00\" \/>\n<meta property=\"og:image\" content=\"https:\/\/agenciainfra.com\/blog\/wp-content\/uploads\/2021\/11\/ronei-glanzmann-geraldo-magela-agencia-senado.jpg\" \/>\n\t<meta property=\"og:image:width\" content=\"2047\" \/>\n\t<meta property=\"og:image:height\" content=\"1359\" \/>\n\t<meta property=\"og:image:type\" content=\"image\/jpeg\" \/>\n<meta name=\"author\" content=\"Ag\u00eancia iNFRA\" \/>\n<meta name=\"twitter:card\" content=\"summary_large_image\" \/>\n<meta name=\"twitter:creator\" content=\"@agencia_infra\" \/>\n<meta name=\"twitter:site\" content=\"@agencia_infra\" \/>\n<meta name=\"twitter:label1\" content=\"Escrito por\" \/>\n\t<meta name=\"twitter:data1\" content=\"Ag\u00eancia iNFRA\" \/>\n\t<meta name=\"twitter:label2\" content=\"Est. tempo de leitura\" \/>\n\t<meta name=\"twitter:data2\" content=\"1 minuto\" \/>\n<script type=\"application\/ld+json\" class=\"yoast-schema-graph\">{\"@context\":\"https:\/\/schema.org\",\"@graph\":[{\"@type\":\"Article\",\"@id\":\"https:\/\/agenciainfra.com\/blog\/ronei-glanzmann-sera-o-novo-ceo-do-moveinfra\/#article\",\"isPartOf\":{\"@id\":\"https:\/\/agenciainfra.com\/blog\/ronei-glanzmann-sera-o-novo-ceo-do-moveinfra\/\"},\"author\":{\"name\":\"Ag\u00eancia iNFRA\",\"@id\":\"https:\/\/agenciainfra.com\/blog\/#\/schema\/person\/34af08dff6adea4cb22b06612ba7acfa\"},\"headline\":\"Ronei Glanzmann ser\u00e1 o novo CEO do MoveInfra\",\"datePublished\":\"2025-01-06T17:00:00+00:00\",\"mainEntityOfPage\":{\"@id\":\"https:\/\/agenciainfra.com\/blog\/ronei-glanzmann-sera-o-novo-ceo-do-moveinfra\/\"},\"wordCount\":263,\"publisher\":{\"@id\":\"https:\/\/agenciainfra.com\/blog\/#organization\"},\"image\":{\"@id\":\"https:\/\/agenciainfra.com\/blog\/ronei-glanzmann-sera-o-novo-ceo-do-moveinfra\/#primaryimage\"},\"thumbnailUrl\":\"https:\/\/agenciainfra.com\/blog\/wp-content\/uploads\/2021\/11\/ronei-glanzmann-geraldo-magela-agencia-senado.jpg\",\"keywords\":[\"CCR\",\"cen\u00e1rio macroecon\u00f4mico\",\"CEO MoveInfra\",\"COP30\",\"Descarboniza\u00e7\u00e3o\",\"EcoRodovias\",\"empresas de infraestrutura\",\"Hidrovias do Brasil\",\"infraestrutura log\u00edstica\",\"MoveInfra\",\"projetos de infraestrutura\",\"Ronei Glanzmann\",\"Rumo\",\"Santos Brasil\",\"sustentabilidade na infraestrutura\",\"Ultracargo\"],\"articleSection\":[\"Destaque lista\",\"Geral\",\"iNFRATransporte\"],\"inLanguage\":\"pt-BR\",\"copyrightYear\":\"2025\",\"copyrightHolder\":{\"@id\":\"https:\/\/agenciainfra.com\/blog\/#organization\"}},{\"@type\":\"WebPage\",\"@id\":\"https:\/\/agenciainfra.com\/blog\/ronei-glanzmann-sera-o-novo-ceo-do-moveinfra\/\",\"url\":\"https:\/\/agenciainfra.com\/blog\/ronei-glanzmann-sera-o-novo-ceo-do-moveinfra\/\",\"name\":\"Ronei Glanzmann ser\u00e1 o novo CEO do MoveInfra - Ag\u00eancia iNFRA\",\"isPartOf\":{\"@id\":\"https:\/\/agenciainfra.com\/blog\/#website\"},\"primaryImageOfPage\":{\"@id\":\"https:\/\/agenciainfra.com\/blog\/ronei-glanzmann-sera-o-novo-ceo-do-moveinfra\/#primaryimage\"},\"image\":{\"@id\":\"https:\/\/agenciainfra.com\/blog\/ronei-glanzmann-sera-o-novo-ceo-do-moveinfra\/#primaryimage\"},\"thumbnailUrl\":\"https:\/\/agenciainfra.com\/blog\/wp-content\/uploads\/2021\/11\/ronei-glanzmann-geraldo-magela-agencia-senado.jpg\",\"datePublished\":\"2025-01-06T17:00:00+00:00\",\"breadcrumb\":{\"@id\":\"https:\/\/agenciainfra.com\/blog\/ronei-glanzmann-sera-o-novo-ceo-do-moveinfra\/#breadcrumb\"},\"inLanguage\":\"pt-BR\",\"potentialAction\":[{\"@type\":\"ReadAction\",\"target\":[\"https:\/\/agenciainfra.com\/blog\/ronei-glanzmann-sera-o-novo-ceo-do-moveinfra\/\"]}]},{\"@type\":\"ImageObject\",\"inLanguage\":\"pt-BR\",\"@id\":\"https:\/\/agenciainfra.com\/blog\/ronei-glanzmann-sera-o-novo-ceo-do-moveinfra\/#primaryimage\",\"url\":\"https:\/\/agenciainfra.com\/blog\/wp-content\/uploads\/2021\/11\/ronei-glanzmann-geraldo-magela-agencia-senado.jpg\",\"contentUrl\":\"https:\/\/agenciainfra.com\/blog\/wp-content\/uploads\/2021\/11\/ronei-glanzmann-geraldo-magela-agencia-senado.jpg\",\"width\":2047,\"height\":1359},{\"@type\":\"BreadcrumbList\",\"@id\":\"https:\/\/agenciainfra.com\/blog\/ronei-glanzmann-sera-o-novo-ceo-do-moveinfra\/#breadcrumb\",\"itemListElement\":[{\"@type\":\"ListItem\",\"position\":1,\"name\":\"In\u00edcio\",\"item\":\"https:\/\/agenciainfra.com\/blog\/\"},{\"@type\":\"ListItem\",\"position\":2,\"name\":\"Ronei Glanzmann ser\u00e1 o novo CEO do MoveInfra\"}]},{\"@type\":\"WebSite\",\"@id\":\"https:\/\/agenciainfra.com\/blog\/#website\",\"url\":\"https:\/\/agenciainfra.com\/blog\/\",\"name\":\"Ag\u00eancia iNFRA\",\"description\":\"Multiplataforma de informa\u00e7\u00e3o jornal\u00edstica refer\u00eancia na \u00e1rea de infraestrutura no Brasil!\",\"publisher\":{\"@id\":\"https:\/\/agenciainfra.com\/blog\/#organization\"},\"potentialAction\":[{\"@type\":\"SearchAction\",\"target\":{\"@type\":\"EntryPoint\",\"urlTemplate\":\"https:\/\/agenciainfra.com\/blog\/?s={search_term_string}\"},\"query-input\":{\"@type\":\"PropertyValueSpecification\",\"valueRequired\":true,\"valueName\":\"search_term_string\"}}],\"inLanguage\":\"pt-BR\"},{\"@type\":\"Organization\",\"@id\":\"https:\/\/agenciainfra.com\/blog\/#organization\",\"name\":\"Ag\u00eancia iNFRA\",\"url\":\"https:\/\/agenciainfra.com\/blog\/\",\"logo\":{\"@type\":\"ImageObject\",\"inLanguage\":\"pt-BR\",\"@id\":\"https:\/\/agenciainfra.com\/blog\/#\/schema\/logo\/image\/\",\"url\":\"https:\/\/agenciainfra.com\/blog\/wp-content\/uploads\/2023\/09\/iNFRA_5-e1761735885940.png\",\"contentUrl\":\"https:\/\/agenciainfra.com\/blog\/wp-content\/uploads\/2023\/09\/iNFRA_5-e1761735885940.png\",\"width\":1672,\"height\":454,\"caption\":\"Ag\u00eancia iNFRA\"},\"image\":{\"@id\":\"https:\/\/agenciainfra.com\/blog\/#\/schema\/logo\/image\/\"},\"sameAs\":[\"https:\/\/www.facebook.com\/ageninfra\",\"https:\/\/x.com\/agencia_infra\",\"https:\/\/www.linkedin.com\/company\/ag\u00eanciainfra\/\",\"https:\/\/www.instagram.com\/agenciainfra\/\"]},{\"@type\":\"Person\",\"@id\":\"https:\/\/agenciainfra.com\/blog\/#\/schema\/person\/34af08dff6adea4cb22b06612ba7acfa\",\"name\":\"Ag\u00eancia iNFRA\",\"image\":{\"@type\":\"ImageObject\",\"inLanguage\":\"pt-BR\",\"@id\":\"https:\/\/agenciainfra.com\/blog\/#\/schema\/person\/image\/\",\"url\":\"https:\/\/secure.gravatar.com\/avatar\/d189e01678f06d8eb84d4e01f08eb848b3fffe3f8443818d3c356c66892f5be8?s=96&d=mm&r=g\",\"contentUrl\":\"https:\/\/secure.gravatar.com\/avatar\/d189e01678f06d8eb84d4e01f08eb848b3fffe3f8443818d3c356c66892f5be8?s=96&d=mm&r=g\",\"caption\":\"Ag\u00eancia iNFRA\"},\"url\":\"https:\/\/agenciainfra.com\/blog\/author\/admin\/\"}]}<\/script>\n<!-- \/ Yoast SEO Premium plugin. -->","yoast_head_json":{"title":"Ronei Glanzmann ser\u00e1 o novo CEO do MoveInfra - Ag\u00eancia iNFRA","robots":{"index":"index","follow":"follow","max-snippet":"max-snippet:-1","max-image-preview":"max-image-preview:large","max-video-preview":"max-video-preview:-1"},"canonical":"https:\/\/agenciainfra.com\/blog\/ronei-glanzmann-sera-o-novo-ceo-do-moveinfra\/","og_locale":"pt_BR","og_type":"article","og_title":"Ronei Glanzmann ser\u00e1 o novo CEO do MoveInfra","og_description":"da Ag\u00eancia iNFRA Ronei Glanzmann foi escolhido como novo CEO do MoveInfra,&nbsp;movimento que re\u00fane as seis maiores empresas de infraestrutura do pa\u00eds (CCR, EcoRodovias, Hidrovias do Brasil, Rumo, Santos Brasil e Ultracargo). Ele assume o cargo a partir do dia 17 de janeiro. Economista do Banco Central, ele tem ampla experi\u00eancia no setor de infraestrutura, [&hellip;]","og_url":"https:\/\/agenciainfra.com\/blog\/ronei-glanzmann-sera-o-novo-ceo-do-moveinfra\/","og_site_name":"Ag\u00eancia iNFRA","article_publisher":"https:\/\/www.facebook.com\/ageninfra","article_published_time":"2025-01-06T17:00:00+00:00","og_image":[{"width":2047,"height":1359,"url":"https:\/\/agenciainfra.com\/blog\/wp-content\/uploads\/2021\/11\/ronei-glanzmann-geraldo-magela-agencia-senado.jpg","type":"image\/jpeg"}],"author":"Ag\u00eancia iNFRA","twitter_card":"summary_large_image","twitter_creator":"@agencia_infra","twitter_site":"@agencia_infra","twitter_misc":{"Escrito por":"Ag\u00eancia iNFRA","Est. tempo de leitura":"1 minuto"},"schema":{"@context":"https:\/\/schema.org","@graph":[{"@type":"Article","@id":"https:\/\/agenciainfra.com\/blog\/ronei-glanzmann-sera-o-novo-ceo-do-moveinfra\/#article","isPartOf":{"@id":"https:\/\/agenciainfra.com\/blog\/ronei-glanzmann-sera-o-novo-ceo-do-moveinfra\/"},"author":{"name":"Ag\u00eancia iNFRA","@id":"https:\/\/agenciainfra.com\/blog\/#\/schema\/person\/34af08dff6adea4cb22b06612ba7acfa"},"headline":"Ronei Glanzmann ser\u00e1 o novo CEO do MoveInfra","datePublished":"2025-01-06T17:00:00+00:00","mainEntityOfPage":{"@id":"https:\/\/agenciainfra.com\/blog\/ronei-glanzmann-sera-o-novo-ceo-do-moveinfra\/"},"wordCount":263,"publisher":{"@id":"https:\/\/agenciainfra.com\/blog\/#organization"},"image":{"@id":"https:\/\/agenciainfra.com\/blog\/ronei-glanzmann-sera-o-novo-ceo-do-moveinfra\/#primaryimage"},"thumbnailUrl":"https:\/\/agenciainfra.com\/blog\/wp-content\/uploads\/2021\/11\/ronei-glanzmann-geraldo-magela-agencia-senado.jpg","keywords":["CCR","cen\u00e1rio macroecon\u00f4mico","CEO MoveInfra","COP30","Descarboniza\u00e7\u00e3o","EcoRodovias","empresas de infraestrutura","Hidrovias do Brasil","infraestrutura log\u00edstica","MoveInfra","projetos de infraestrutura","Ronei Glanzmann","Rumo","Santos Brasil","sustentabilidade na infraestrutura","Ultracargo"],"articleSection":["Destaque lista","Geral","iNFRATransporte"],"inLanguage":"pt-BR","copyrightYear":"2025","copyrightHolder":{"@id":"https:\/\/agenciainfra.com\/blog\/#organization"}},{"@type":"WebPage","@id":"https:\/\/agenciainfra.com\/blog\/ronei-glanzmann-sera-o-novo-ceo-do-moveinfra\/","url":"https:\/\/agenciainfra.com\/blog\/ronei-glanzmann-sera-o-novo-ceo-do-moveinfra\/","name":"Ronei Glanzmann ser\u00e1 o novo CEO do MoveInfra - Ag\u00eancia iNFRA","isPartOf":{"@id":"https:\/\/agenciainfra.com\/blog\/#website"},"primaryImageOfPage":{"@id":"https:\/\/agenciainfra.com\/blog\/ronei-glanzmann-sera-o-novo-ceo-do-moveinfra\/#primaryimage"},"image":{"@id":"https:\/\/agenciainfra.com\/blog\/ronei-glanzmann-sera-o-novo-ceo-do-moveinfra\/#primaryimage"},"thumbnailUrl":"https:\/\/agenciainfra.com\/blog\/wp-content\/uploads\/2021\/11\/ronei-glanzmann-geraldo-magela-agencia-senado.jpg","datePublished":"2025-01-06T17:00:00+00:00","breadcrumb":{"@id":"https:\/\/agenciainfra.com\/blog\/ronei-glanzmann-sera-o-novo-ceo-do-moveinfra\/#breadcrumb"},"inLanguage":"pt-BR","potentialAction":[{"@type":"ReadAction","target":["https:\/\/agenciainfra.com\/blog\/ronei-glanzmann-sera-o-novo-ceo-do-moveinfra\/"]}]},{"@type":"ImageObject","inLanguage":"pt-BR","@id":"https:\/\/agenciainfra.com\/blog\/ronei-glanzmann-sera-o-novo-ceo-do-moveinfra\/#primaryimage","url":"https:\/\/agenciainfra.com\/blog\/wp-content\/uploads\/2021\/11\/ronei-glanzmann-geraldo-magela-agencia-senado.jpg","contentUrl":"https:\/\/agenciainfra.com\/blog\/wp-content\/uploads\/2021\/11\/ronei-glanzmann-geraldo-magela-agencia-senado.jpg","width":2047,"height":1359},{"@type":"BreadcrumbList","@id":"https:\/\/agenciainfra.com\/blog\/ronei-glanzmann-sera-o-novo-ceo-do-moveinfra\/#breadcrumb","itemListElement":[{"@type":"ListItem","position":1,"name":"In\u00edcio","item":"https:\/\/agenciainfra.com\/blog\/"},{"@type":"ListItem","position":2,"name":"Ronei Glanzmann ser\u00e1 o novo CEO do MoveInfra"}]},{"@type":"WebSite","@id":"https:\/\/agenciainfra.com\/blog\/#website","url":"https:\/\/agenciainfra.com\/blog\/","name":"Ag\u00eancia iNFRA","description":"Multiplataforma de informa\u00e7\u00e3o jornal\u00edstica refer\u00eancia na \u00e1rea de infraestrutura no Brasil!","publisher":{"@id":"https:\/\/agenciainfra.com\/blog\/#organization"},"potentialAction":[{"@type":"SearchAction","target":{"@type":"EntryPoint","urlTemplate":"https:\/\/agenciainfra.com\/blog\/?s={search_term_string}"},"query-input":{"@type":"PropertyValueSpecification","valueRequired":true,"valueName":"search_term_string"}}],"inLanguage":"pt-BR"},{"@type":"Organization","@id":"https:\/\/agenciainfra.com\/blog\/#organization","name":"Ag\u00eancia iNFRA","url":"https:\/\/agenciainfra.com\/blog\/","logo":{"@type":"ImageObject","inLanguage":"pt-BR","@id":"https:\/\/agenciainfra.com\/blog\/#\/schema\/logo\/image\/","url":"https:\/\/agenciainfra.com\/blog\/wp-content\/uploads\/2023\/09\/iNFRA_5-e1761735885940.png","contentUrl":"https:\/\/agenciainfra.com\/blog\/wp-content\/uploads\/2023\/09\/iNFRA_5-e1761735885940.png","width":1672,"height":454,"caption":"Ag\u00eancia iNFRA"},"image":{"@id":"https:\/\/agenciainfra.com\/blog\/#\/schema\/logo\/image\/"},"sameAs":["https:\/\/www.facebook.com\/ageninfra","https:\/\/x.com\/agencia_infra","https:\/\/www.linkedin.com\/company\/ag\u00eanciainfra\/","https:\/\/www.instagram.com\/agenciainfra\/"]},{"@type":"Person","@id":"https:\/\/agenciainfra.com\/blog\/#\/schema\/person\/34af08dff6adea4cb22b06612ba7acfa","name":"Ag\u00eancia iNFRA","image":{"@type":"ImageObject","inLanguage":"pt-BR","@id":"https:\/\/agenciainfra.com\/blog\/#\/schema\/person\/image\/","url":"https:\/\/secure.gravatar.com\/avatar\/d189e01678f06d8eb84d4e01f08eb848b3fffe3f8443818d3c356c66892f5be8?s=96&d=mm&r=g","contentUrl":"https:\/\/secure.gravatar.com\/avatar\/d189e01678f06d8eb84d4e01f08eb848b3fffe3f8443818d3c356c66892f5be8?s=96&d=mm&r=g","caption":"Ag\u00eancia iNFRA"},"url":"https:\/\/agenciainfra.com\/blog\/author\/admin\/"}]}},"_links":{"self":[{"href":"https:\/\/agenciainfra.com\/blog\/wp-json\/wp\/v2\/posts\/19917","targetHints":{"allow":["GET"]}}],"collection":[{"href":"https:\/\/agenciainfra.com\/blog\/wp-json\/wp\/v2\/posts"}],"about":[{"href":"https:\/\/agenciainfra.com\/blog\/wp-json\/wp\/v2\/types\/post"}],"author":[{"embeddable":true,"href":"https:\/\/agenciainfra.com\/blog\/wp-json\/wp\/v2\/users\/1"}],"replies":[{"embeddable":true,"href":"https:\/\/agenciainfra.com\/blog\/wp-json\/wp\/v2\/comments?post=19917"}],"version-history":[{"count":1,"href":"https:\/\/agenciainfra.com\/blog\/wp-json\/wp\/v2\/posts\/19917\/revisions"}],"predecessor-version":[{"id":19918,"href":"https:\/\/agenciainfra.com\/blog\/wp-json\/wp\/v2\/posts\/19917\/revisions\/19918"}],"wp:featuredmedia":[{"embeddable":true,"href":"https:\/\/agenciainfra.com\/blog\/wp-json\/wp\/v2\/media\/8851"}],"wp:attachment":[{"href":"https:\/\/agenciainfra.com\/blog\/wp-json\/wp\/v2\/media?parent=19917"}],"wp:term":[{"taxonomy":"category","embeddable":true,"href":"https:\/\/agenciainfra.com\/blog\/wp-json\/wp\/v2\/categories?post=19917"},{"taxonomy":"post_tag","embeddable":true,"href":"https:\/\/agenciainfra.com\/blog\/wp-json\/wp\/v2\/tags?post=19917"}],"curies":[{"name":"wp","href":"https:\/\/api.w.org\/{rel}","templated":true}]}}