{"id":19921,"date":"2025-01-06T11:00:00","date_gmt":"2025-01-06T14:00:00","guid":{"rendered":"https:\/\/agenciainfra.com\/blog\/?p=19921"},"modified":"2025-01-07T07:15:39","modified_gmt":"2025-01-07T10:15:39","slug":"ministerio-de-minas-e-energia-publica-nova-portaria-atualizando-regras-para-leilao-de-potencia-de-2025","status":"publish","type":"post","link":"https:\/\/agenciainfra.com\/blog\/ministerio-de-minas-e-energia-publica-nova-portaria-atualizando-regras-para-leilao-de-potencia-de-2025\/","title":{"rendered":"Minist\u00e9rio de Minas e Energia publica nova portaria atualizando regras para Leil\u00e3o de Pot\u00eancia de 2025"},"content":{"rendered":"\n<p class=\"has-text-align-right\"><strong>da Ag\u00eancia iNFRA<\/strong><\/p>\n\n\n\n<p>A <a href=\"https:\/\/www.in.gov.br\/en\/web\/dou\/-\/portaria-normativa-mme-n-97-de-3-de-janeiro-de-2025-605429538\">Portaria Normativa 97<\/a> foi publicada nesta segunda-feira (6) no Di\u00e1rio Oficial da Uni\u00e3o e atualiza as diretrizes para &#8220;a realiza\u00e7\u00e3o do Leil\u00e3o para Contrata\u00e7\u00e3o de Pot\u00eancia El\u00e9trica, a partir de empreendimentos de gera\u00e7\u00e3o, novos e existentes&#8221;.<\/p>\n\n\n\n<p>Os empreendimentos de gera\u00e7\u00e3o termel\u00e9tricas a g\u00e1s natural e biocombust\u00edveis, sem inflexibidade operativa, a serem entregues entre 2028 e 2030, foram divididos em duas modalidades: existentes (modalidade A) e novos (modalidade B). Foi permitida a participa\u00e7\u00e3o de empreendimentos a biocombust\u00edvel nas entregas entre 2025 e 2027, que estavam restritas a termel\u00e9tricas a g\u00e1s natural na vers\u00e3o anterior.<\/p>\n\n\n\n<p>Al\u00e9m disso, os per\u00edodos para entrega tamb\u00e9m foram alterados. Para os empreendimentos existentes, passou de sete para 10 anos. J\u00e1 para os novos, foi mantido em 15 anos. <\/p>\n\n\n\n<p>A <a href=\"https:\/\/pesquisa.in.gov.br\/imprensa\/jsp\/visualiza\/index.jsp?data=02\/01\/2025&amp;jornal=515&amp;pagina=37&amp;totalArquivos=55\">portaria anterior<\/a>, publicada na semana passada, foi criticada porque exclu\u00eda do leil\u00e3o termel\u00e9tricas da empresa Eneva, o que levou a forte queda nas a\u00e7\u00f5es da empresa no dia da publica\u00e7\u00e3o.<\/p>\n\n\n\n<p>O leil\u00e3o est\u00e1 previsto para 27 de junho. Ser\u00e3o contratadas t\u00e9rmicas existentes e ou\/novas a g\u00e1s natural e biocombust\u00edveis com entrega entre 2025 e 2030.<\/p>\n\n\n\n<p>J\u00e1 para o de hidrel\u00e9tricas em 2030 podem participar &#8220;empreendimentos de amplia\u00e7\u00e3o de capacidade instalada, por meio da instala\u00e7\u00e3o de novas unidades geradoras, de usinas hidrel\u00e9tricas existentes despachadas centralizadamente e que n\u00e3o foram prorrogadas ou licitadas nos termos da Lei n\u00ba 12.783, de 11 de janeiro de 2013, exceto aquelas que foram licitadas no regime de cotas e que tem parte da garantia f\u00edsica fora desse regime, conforme disposto no art. 2\u00ba-A da Lei n\u00ba 9.478, de 6 de agosto de 1997&#8221;.<\/p>\n\n\n\n<p><br><\/p>\n","protected":false},"excerpt":{"rendered":"<p>da Ag\u00eancia iNFRA A Portaria Normativa 97 foi publicada nesta segunda-feira (6) no Di\u00e1rio Oficial da Uni\u00e3o e atualiza as diretrizes para &#8220;a realiza\u00e7\u00e3o do Leil\u00e3o para Contrata\u00e7\u00e3o de Pot\u00eancia El\u00e9trica, a partir de empreendimentos de gera\u00e7\u00e3o, novos e existentes&#8221;. Os empreendimentos de gera\u00e7\u00e3o termel\u00e9tricas a g\u00e1s natural e biocombust\u00edveis, sem inflexibidade operativa, a serem [&hellip;]<\/p>\n","protected":false},"author":1,"featured_media":6548,"comment_status":"closed","ping_status":"closed","sticky":false,"template":"","format":"standard","meta":{"_monsterinsights_skip_tracking":false,"_monsterinsights_sitenote_active":false,"_monsterinsights_sitenote_note":"","_monsterinsights_sitenote_category":0,"footnotes":""},"categories":[7248,1,10],"tags":[1127,254,4912,12187,9822,12186,96,71,1154],"class_list":["post-19921","post","type-post","status-publish","format-standard","has-post-thumbnail","hentry","category-cabecalho","category-geral","category-infraenergia","tag-eneva","tag-leilao","tag-leilao-de-energia","tag-leilao-de-potencia","tag-lrcap","tag-lrcap-2025","tag-ministerio-de-minas-e-energia","tag-mme","tag-termeletricas"],"yoast_head":"<!-- This site is optimized with the Yoast SEO Premium plugin v25.4 (Yoast SEO v26.0) - https:\/\/yoast.com\/wordpress\/plugins\/seo\/ -->\n<title>Minist\u00e9rio de Minas e Energia publica nova portaria atualizando regras para Leil\u00e3o de Pot\u00eancia de 2025 - Ag\u00eancia iNFRA<\/title>\n<meta name=\"robots\" content=\"index, follow, max-snippet:-1, max-image-preview:large, max-video-preview:-1\" \/>\n<link rel=\"canonical\" href=\"https:\/\/agenciainfra.com\/blog\/ministerio-de-minas-e-energia-publica-nova-portaria-atualizando-regras-para-leilao-de-potencia-de-2025\/\" \/>\n<meta property=\"og:locale\" content=\"pt_BR\" \/>\n<meta property=\"og:type\" content=\"article\" \/>\n<meta property=\"og:title\" content=\"Minist\u00e9rio de Minas e Energia publica nova portaria atualizando regras para Leil\u00e3o de Pot\u00eancia de 2025\" \/>\n<meta property=\"og:description\" content=\"da Ag\u00eancia iNFRA A Portaria Normativa 97 foi publicada nesta segunda-feira (6) no Di\u00e1rio Oficial da Uni\u00e3o e atualiza as diretrizes para &#8220;a realiza\u00e7\u00e3o do Leil\u00e3o para Contrata\u00e7\u00e3o de Pot\u00eancia El\u00e9trica, a partir de empreendimentos de gera\u00e7\u00e3o, novos e existentes&#8221;. Os empreendimentos de gera\u00e7\u00e3o termel\u00e9tricas a g\u00e1s natural e biocombust\u00edveis, sem inflexibidade operativa, a serem [&hellip;]\" \/>\n<meta property=\"og:url\" content=\"https:\/\/agenciainfra.com\/blog\/ministerio-de-minas-e-energia-publica-nova-portaria-atualizando-regras-para-leilao-de-potencia-de-2025\/\" \/>\n<meta property=\"og:site_name\" content=\"Ag\u00eancia iNFRA\" \/>\n<meta property=\"article:publisher\" content=\"https:\/\/www.facebook.com\/ageninfra\" \/>\n<meta property=\"article:published_time\" content=\"2025-01-06T14:00:00+00:00\" \/>\n<meta property=\"article:modified_time\" content=\"2025-01-07T10:15:39+00:00\" \/>\n<meta property=\"og:image\" content=\"https:\/\/agenciainfra.com\/blog\/wp-content\/uploads\/2020\/12\/termeletrica-foto-cgtee-eletrobras.jpg\" \/>\n\t<meta property=\"og:image:width\" content=\"1280\" \/>\n\t<meta property=\"og:image:height\" content=\"853\" \/>\n\t<meta property=\"og:image:type\" content=\"image\/jpeg\" \/>\n<meta name=\"author\" content=\"Ag\u00eancia iNFRA\" \/>\n<meta name=\"twitter:card\" content=\"summary_large_image\" \/>\n<meta name=\"twitter:creator\" content=\"@agencia_infra\" \/>\n<meta name=\"twitter:site\" content=\"@agencia_infra\" \/>\n<meta name=\"twitter:label1\" content=\"Escrito por\" \/>\n\t<meta name=\"twitter:data1\" content=\"Ag\u00eancia iNFRA\" \/>\n\t<meta name=\"twitter:label2\" content=\"Est. tempo de leitura\" \/>\n\t<meta name=\"twitter:data2\" content=\"1 minuto\" \/>\n<script type=\"application\/ld+json\" class=\"yoast-schema-graph\">{\"@context\":\"https:\/\/schema.org\",\"@graph\":[{\"@type\":\"Article\",\"@id\":\"https:\/\/agenciainfra.com\/blog\/ministerio-de-minas-e-energia-publica-nova-portaria-atualizando-regras-para-leilao-de-potencia-de-2025\/#article\",\"isPartOf\":{\"@id\":\"https:\/\/agenciainfra.com\/blog\/ministerio-de-minas-e-energia-publica-nova-portaria-atualizando-regras-para-leilao-de-potencia-de-2025\/\"},\"author\":{\"name\":\"Ag\u00eancia iNFRA\",\"@id\":\"https:\/\/agenciainfra.com\/blog\/#\/schema\/person\/34af08dff6adea4cb22b06612ba7acfa\"},\"headline\":\"Minist\u00e9rio de Minas e Energia publica nova portaria atualizando regras para Leil\u00e3o de Pot\u00eancia de 2025\",\"datePublished\":\"2025-01-06T14:00:00+00:00\",\"dateModified\":\"2025-01-07T10:15:39+00:00\",\"mainEntityOfPage\":{\"@id\":\"https:\/\/agenciainfra.com\/blog\/ministerio-de-minas-e-energia-publica-nova-portaria-atualizando-regras-para-leilao-de-potencia-de-2025\/\"},\"wordCount\":301,\"publisher\":{\"@id\":\"https:\/\/agenciainfra.com\/blog\/#organization\"},\"image\":{\"@id\":\"https:\/\/agenciainfra.com\/blog\/ministerio-de-minas-e-energia-publica-nova-portaria-atualizando-regras-para-leilao-de-potencia-de-2025\/#primaryimage\"},\"thumbnailUrl\":\"https:\/\/agenciainfra.com\/blog\/wp-content\/uploads\/2020\/12\/termeletrica-foto-cgtee-eletrobras.jpg\",\"keywords\":[\"Eneva\",\"leil\u00e3o\",\"leil\u00e3o de energia\",\"Leil\u00e3o de pot\u00eancia\",\"LRCAP\",\"LRCAP 2025\",\"Minist\u00e9rio de Minas e Energia\",\"MME\",\"termel\u00e9tricas\"],\"articleSection\":[\"Cabe\u00e7alho\",\"Geral\",\"iNFRAEnergia\"],\"inLanguage\":\"pt-BR\",\"copyrightYear\":\"2025\",\"copyrightHolder\":{\"@id\":\"https:\/\/agenciainfra.com\/blog\/#organization\"}},{\"@type\":\"WebPage\",\"@id\":\"https:\/\/agenciainfra.com\/blog\/ministerio-de-minas-e-energia-publica-nova-portaria-atualizando-regras-para-leilao-de-potencia-de-2025\/\",\"url\":\"https:\/\/agenciainfra.com\/blog\/ministerio-de-minas-e-energia-publica-nova-portaria-atualizando-regras-para-leilao-de-potencia-de-2025\/\",\"name\":\"Minist\u00e9rio de Minas e Energia publica nova portaria atualizando regras para Leil\u00e3o de Pot\u00eancia de 2025 - Ag\u00eancia iNFRA\",\"isPartOf\":{\"@id\":\"https:\/\/agenciainfra.com\/blog\/#website\"},\"primaryImageOfPage\":{\"@id\":\"https:\/\/agenciainfra.com\/blog\/ministerio-de-minas-e-energia-publica-nova-portaria-atualizando-regras-para-leilao-de-potencia-de-2025\/#primaryimage\"},\"image\":{\"@id\":\"https:\/\/agenciainfra.com\/blog\/ministerio-de-minas-e-energia-publica-nova-portaria-atualizando-regras-para-leilao-de-potencia-de-2025\/#primaryimage\"},\"thumbnailUrl\":\"https:\/\/agenciainfra.com\/blog\/wp-content\/uploads\/2020\/12\/termeletrica-foto-cgtee-eletrobras.jpg\",\"datePublished\":\"2025-01-06T14:00:00+00:00\",\"dateModified\":\"2025-01-07T10:15:39+00:00\",\"breadcrumb\":{\"@id\":\"https:\/\/agenciainfra.com\/blog\/ministerio-de-minas-e-energia-publica-nova-portaria-atualizando-regras-para-leilao-de-potencia-de-2025\/#breadcrumb\"},\"inLanguage\":\"pt-BR\",\"potentialAction\":[{\"@type\":\"ReadAction\",\"target\":[\"https:\/\/agenciainfra.com\/blog\/ministerio-de-minas-e-energia-publica-nova-portaria-atualizando-regras-para-leilao-de-potencia-de-2025\/\"]}]},{\"@type\":\"ImageObject\",\"inLanguage\":\"pt-BR\",\"@id\":\"https:\/\/agenciainfra.com\/blog\/ministerio-de-minas-e-energia-publica-nova-portaria-atualizando-regras-para-leilao-de-potencia-de-2025\/#primaryimage\",\"url\":\"https:\/\/agenciainfra.com\/blog\/wp-content\/uploads\/2020\/12\/termeletrica-foto-cgtee-eletrobras.jpg\",\"contentUrl\":\"https:\/\/agenciainfra.com\/blog\/wp-content\/uploads\/2020\/12\/termeletrica-foto-cgtee-eletrobras.jpg\",\"width\":1280,\"height\":853},{\"@type\":\"BreadcrumbList\",\"@id\":\"https:\/\/agenciainfra.com\/blog\/ministerio-de-minas-e-energia-publica-nova-portaria-atualizando-regras-para-leilao-de-potencia-de-2025\/#breadcrumb\",\"itemListElement\":[{\"@type\":\"ListItem\",\"position\":1,\"name\":\"In\u00edcio\",\"item\":\"https:\/\/agenciainfra.com\/blog\/\"},{\"@type\":\"ListItem\",\"position\":2,\"name\":\"Minist\u00e9rio de Minas e Energia publica nova portaria atualizando regras para Leil\u00e3o de Pot\u00eancia de 2025\"}]},{\"@type\":\"WebSite\",\"@id\":\"https:\/\/agenciainfra.com\/blog\/#website\",\"url\":\"https:\/\/agenciainfra.com\/blog\/\",\"name\":\"Ag\u00eancia iNFRA\",\"description\":\"Multiplataforma de informa\u00e7\u00e3o jornal\u00edstica refer\u00eancia na \u00e1rea de infraestrutura no Brasil!\",\"publisher\":{\"@id\":\"https:\/\/agenciainfra.com\/blog\/#organization\"},\"potentialAction\":[{\"@type\":\"SearchAction\",\"target\":{\"@type\":\"EntryPoint\",\"urlTemplate\":\"https:\/\/agenciainfra.com\/blog\/?s={search_term_string}\"},\"query-input\":{\"@type\":\"PropertyValueSpecification\",\"valueRequired\":true,\"valueName\":\"search_term_string\"}}],\"inLanguage\":\"pt-BR\"},{\"@type\":\"Organization\",\"@id\":\"https:\/\/agenciainfra.com\/blog\/#organization\",\"name\":\"Ag\u00eancia iNFRA\",\"url\":\"https:\/\/agenciainfra.com\/blog\/\",\"logo\":{\"@type\":\"ImageObject\",\"inLanguage\":\"pt-BR\",\"@id\":\"https:\/\/agenciainfra.com\/blog\/#\/schema\/logo\/image\/\",\"url\":\"https:\/\/agenciainfra.com\/blog\/wp-content\/uploads\/2023\/09\/iNFRA_5-e1761735885940.png\",\"contentUrl\":\"https:\/\/agenciainfra.com\/blog\/wp-content\/uploads\/2023\/09\/iNFRA_5-e1761735885940.png\",\"width\":1672,\"height\":454,\"caption\":\"Ag\u00eancia iNFRA\"},\"image\":{\"@id\":\"https:\/\/agenciainfra.com\/blog\/#\/schema\/logo\/image\/\"},\"sameAs\":[\"https:\/\/www.facebook.com\/ageninfra\",\"https:\/\/x.com\/agencia_infra\",\"https:\/\/www.linkedin.com\/company\/ag\u00eanciainfra\/\",\"https:\/\/www.instagram.com\/agenciainfra\/\"]},{\"@type\":\"Person\",\"@id\":\"https:\/\/agenciainfra.com\/blog\/#\/schema\/person\/34af08dff6adea4cb22b06612ba7acfa\",\"name\":\"Ag\u00eancia iNFRA\",\"image\":{\"@type\":\"ImageObject\",\"inLanguage\":\"pt-BR\",\"@id\":\"https:\/\/agenciainfra.com\/blog\/#\/schema\/person\/image\/\",\"url\":\"https:\/\/secure.gravatar.com\/avatar\/d189e01678f06d8eb84d4e01f08eb848b3fffe3f8443818d3c356c66892f5be8?s=96&d=mm&r=g\",\"contentUrl\":\"https:\/\/secure.gravatar.com\/avatar\/d189e01678f06d8eb84d4e01f08eb848b3fffe3f8443818d3c356c66892f5be8?s=96&d=mm&r=g\",\"caption\":\"Ag\u00eancia iNFRA\"},\"url\":\"https:\/\/agenciainfra.com\/blog\/author\/admin\/\"}]}<\/script>\n<!-- \/ Yoast SEO Premium plugin. -->","yoast_head_json":{"title":"Minist\u00e9rio de Minas e Energia publica nova portaria atualizando regras para Leil\u00e3o de Pot\u00eancia de 2025 - Ag\u00eancia iNFRA","robots":{"index":"index","follow":"follow","max-snippet":"max-snippet:-1","max-image-preview":"max-image-preview:large","max-video-preview":"max-video-preview:-1"},"canonical":"https:\/\/agenciainfra.com\/blog\/ministerio-de-minas-e-energia-publica-nova-portaria-atualizando-regras-para-leilao-de-potencia-de-2025\/","og_locale":"pt_BR","og_type":"article","og_title":"Minist\u00e9rio de Minas e Energia publica nova portaria atualizando regras para Leil\u00e3o de Pot\u00eancia de 2025","og_description":"da Ag\u00eancia iNFRA A Portaria Normativa 97 foi publicada nesta segunda-feira (6) no Di\u00e1rio Oficial da Uni\u00e3o e atualiza as diretrizes para &#8220;a realiza\u00e7\u00e3o do Leil\u00e3o para Contrata\u00e7\u00e3o de Pot\u00eancia El\u00e9trica, a partir de empreendimentos de gera\u00e7\u00e3o, novos e existentes&#8221;. Os empreendimentos de gera\u00e7\u00e3o termel\u00e9tricas a g\u00e1s natural e biocombust\u00edveis, sem inflexibidade operativa, a serem [&hellip;]","og_url":"https:\/\/agenciainfra.com\/blog\/ministerio-de-minas-e-energia-publica-nova-portaria-atualizando-regras-para-leilao-de-potencia-de-2025\/","og_site_name":"Ag\u00eancia iNFRA","article_publisher":"https:\/\/www.facebook.com\/ageninfra","article_published_time":"2025-01-06T14:00:00+00:00","article_modified_time":"2025-01-07T10:15:39+00:00","og_image":[{"width":1280,"height":853,"url":"https:\/\/agenciainfra.com\/blog\/wp-content\/uploads\/2020\/12\/termeletrica-foto-cgtee-eletrobras.jpg","type":"image\/jpeg"}],"author":"Ag\u00eancia iNFRA","twitter_card":"summary_large_image","twitter_creator":"@agencia_infra","twitter_site":"@agencia_infra","twitter_misc":{"Escrito por":"Ag\u00eancia iNFRA","Est. tempo de leitura":"1 minuto"},"schema":{"@context":"https:\/\/schema.org","@graph":[{"@type":"Article","@id":"https:\/\/agenciainfra.com\/blog\/ministerio-de-minas-e-energia-publica-nova-portaria-atualizando-regras-para-leilao-de-potencia-de-2025\/#article","isPartOf":{"@id":"https:\/\/agenciainfra.com\/blog\/ministerio-de-minas-e-energia-publica-nova-portaria-atualizando-regras-para-leilao-de-potencia-de-2025\/"},"author":{"name":"Ag\u00eancia iNFRA","@id":"https:\/\/agenciainfra.com\/blog\/#\/schema\/person\/34af08dff6adea4cb22b06612ba7acfa"},"headline":"Minist\u00e9rio de Minas e Energia publica nova portaria atualizando regras para Leil\u00e3o de Pot\u00eancia de 2025","datePublished":"2025-01-06T14:00:00+00:00","dateModified":"2025-01-07T10:15:39+00:00","mainEntityOfPage":{"@id":"https:\/\/agenciainfra.com\/blog\/ministerio-de-minas-e-energia-publica-nova-portaria-atualizando-regras-para-leilao-de-potencia-de-2025\/"},"wordCount":301,"publisher":{"@id":"https:\/\/agenciainfra.com\/blog\/#organization"},"image":{"@id":"https:\/\/agenciainfra.com\/blog\/ministerio-de-minas-e-energia-publica-nova-portaria-atualizando-regras-para-leilao-de-potencia-de-2025\/#primaryimage"},"thumbnailUrl":"https:\/\/agenciainfra.com\/blog\/wp-content\/uploads\/2020\/12\/termeletrica-foto-cgtee-eletrobras.jpg","keywords":["Eneva","leil\u00e3o","leil\u00e3o de energia","Leil\u00e3o de pot\u00eancia","LRCAP","LRCAP 2025","Minist\u00e9rio de Minas e Energia","MME","termel\u00e9tricas"],"articleSection":["Cabe\u00e7alho","Geral","iNFRAEnergia"],"inLanguage":"pt-BR","copyrightYear":"2025","copyrightHolder":{"@id":"https:\/\/agenciainfra.com\/blog\/#organization"}},{"@type":"WebPage","@id":"https:\/\/agenciainfra.com\/blog\/ministerio-de-minas-e-energia-publica-nova-portaria-atualizando-regras-para-leilao-de-potencia-de-2025\/","url":"https:\/\/agenciainfra.com\/blog\/ministerio-de-minas-e-energia-publica-nova-portaria-atualizando-regras-para-leilao-de-potencia-de-2025\/","name":"Minist\u00e9rio de Minas e Energia publica nova portaria atualizando regras para Leil\u00e3o de Pot\u00eancia de 2025 - Ag\u00eancia iNFRA","isPartOf":{"@id":"https:\/\/agenciainfra.com\/blog\/#website"},"primaryImageOfPage":{"@id":"https:\/\/agenciainfra.com\/blog\/ministerio-de-minas-e-energia-publica-nova-portaria-atualizando-regras-para-leilao-de-potencia-de-2025\/#primaryimage"},"image":{"@id":"https:\/\/agenciainfra.com\/blog\/ministerio-de-minas-e-energia-publica-nova-portaria-atualizando-regras-para-leilao-de-potencia-de-2025\/#primaryimage"},"thumbnailUrl":"https:\/\/agenciainfra.com\/blog\/wp-content\/uploads\/2020\/12\/termeletrica-foto-cgtee-eletrobras.jpg","datePublished":"2025-01-06T14:00:00+00:00","dateModified":"2025-01-07T10:15:39+00:00","breadcrumb":{"@id":"https:\/\/agenciainfra.com\/blog\/ministerio-de-minas-e-energia-publica-nova-portaria-atualizando-regras-para-leilao-de-potencia-de-2025\/#breadcrumb"},"inLanguage":"pt-BR","potentialAction":[{"@type":"ReadAction","target":["https:\/\/agenciainfra.com\/blog\/ministerio-de-minas-e-energia-publica-nova-portaria-atualizando-regras-para-leilao-de-potencia-de-2025\/"]}]},{"@type":"ImageObject","inLanguage":"pt-BR","@id":"https:\/\/agenciainfra.com\/blog\/ministerio-de-minas-e-energia-publica-nova-portaria-atualizando-regras-para-leilao-de-potencia-de-2025\/#primaryimage","url":"https:\/\/agenciainfra.com\/blog\/wp-content\/uploads\/2020\/12\/termeletrica-foto-cgtee-eletrobras.jpg","contentUrl":"https:\/\/agenciainfra.com\/blog\/wp-content\/uploads\/2020\/12\/termeletrica-foto-cgtee-eletrobras.jpg","width":1280,"height":853},{"@type":"BreadcrumbList","@id":"https:\/\/agenciainfra.com\/blog\/ministerio-de-minas-e-energia-publica-nova-portaria-atualizando-regras-para-leilao-de-potencia-de-2025\/#breadcrumb","itemListElement":[{"@type":"ListItem","position":1,"name":"In\u00edcio","item":"https:\/\/agenciainfra.com\/blog\/"},{"@type":"ListItem","position":2,"name":"Minist\u00e9rio de Minas e Energia publica nova portaria atualizando regras para Leil\u00e3o de Pot\u00eancia de 2025"}]},{"@type":"WebSite","@id":"https:\/\/agenciainfra.com\/blog\/#website","url":"https:\/\/agenciainfra.com\/blog\/","name":"Ag\u00eancia iNFRA","description":"Multiplataforma de informa\u00e7\u00e3o jornal\u00edstica refer\u00eancia na \u00e1rea de infraestrutura no Brasil!","publisher":{"@id":"https:\/\/agenciainfra.com\/blog\/#organization"},"potentialAction":[{"@type":"SearchAction","target":{"@type":"EntryPoint","urlTemplate":"https:\/\/agenciainfra.com\/blog\/?s={search_term_string}"},"query-input":{"@type":"PropertyValueSpecification","valueRequired":true,"valueName":"search_term_string"}}],"inLanguage":"pt-BR"},{"@type":"Organization","@id":"https:\/\/agenciainfra.com\/blog\/#organization","name":"Ag\u00eancia iNFRA","url":"https:\/\/agenciainfra.com\/blog\/","logo":{"@type":"ImageObject","inLanguage":"pt-BR","@id":"https:\/\/agenciainfra.com\/blog\/#\/schema\/logo\/image\/","url":"https:\/\/agenciainfra.com\/blog\/wp-content\/uploads\/2023\/09\/iNFRA_5-e1761735885940.png","contentUrl":"https:\/\/agenciainfra.com\/blog\/wp-content\/uploads\/2023\/09\/iNFRA_5-e1761735885940.png","width":1672,"height":454,"caption":"Ag\u00eancia iNFRA"},"image":{"@id":"https:\/\/agenciainfra.com\/blog\/#\/schema\/logo\/image\/"},"sameAs":["https:\/\/www.facebook.com\/ageninfra","https:\/\/x.com\/agencia_infra","https:\/\/www.linkedin.com\/company\/ag\u00eanciainfra\/","https:\/\/www.instagram.com\/agenciainfra\/"]},{"@type":"Person","@id":"https:\/\/agenciainfra.com\/blog\/#\/schema\/person\/34af08dff6adea4cb22b06612ba7acfa","name":"Ag\u00eancia iNFRA","image":{"@type":"ImageObject","inLanguage":"pt-BR","@id":"https:\/\/agenciainfra.com\/blog\/#\/schema\/person\/image\/","url":"https:\/\/secure.gravatar.com\/avatar\/d189e01678f06d8eb84d4e01f08eb848b3fffe3f8443818d3c356c66892f5be8?s=96&d=mm&r=g","contentUrl":"https:\/\/secure.gravatar.com\/avatar\/d189e01678f06d8eb84d4e01f08eb848b3fffe3f8443818d3c356c66892f5be8?s=96&d=mm&r=g","caption":"Ag\u00eancia iNFRA"},"url":"https:\/\/agenciainfra.com\/blog\/author\/admin\/"}]}},"_links":{"self":[{"href":"https:\/\/agenciainfra.com\/blog\/wp-json\/wp\/v2\/posts\/19921","targetHints":{"allow":["GET"]}}],"collection":[{"href":"https:\/\/agenciainfra.com\/blog\/wp-json\/wp\/v2\/posts"}],"about":[{"href":"https:\/\/agenciainfra.com\/blog\/wp-json\/wp\/v2\/types\/post"}],"author":[{"embeddable":true,"href":"https:\/\/agenciainfra.com\/blog\/wp-json\/wp\/v2\/users\/1"}],"replies":[{"embeddable":true,"href":"https:\/\/agenciainfra.com\/blog\/wp-json\/wp\/v2\/comments?post=19921"}],"version-history":[{"count":2,"href":"https:\/\/agenciainfra.com\/blog\/wp-json\/wp\/v2\/posts\/19921\/revisions"}],"predecessor-version":[{"id":19925,"href":"https:\/\/agenciainfra.com\/blog\/wp-json\/wp\/v2\/posts\/19921\/revisions\/19925"}],"wp:featuredmedia":[{"embeddable":true,"href":"https:\/\/agenciainfra.com\/blog\/wp-json\/wp\/v2\/media\/6548"}],"wp:attachment":[{"href":"https:\/\/agenciainfra.com\/blog\/wp-json\/wp\/v2\/media?parent=19921"}],"wp:term":[{"taxonomy":"category","embeddable":true,"href":"https:\/\/agenciainfra.com\/blog\/wp-json\/wp\/v2\/categories?post=19921"},{"taxonomy":"post_tag","embeddable":true,"href":"https:\/\/agenciainfra.com\/blog\/wp-json\/wp\/v2\/tags?post=19921"}],"curies":[{"name":"wp","href":"https:\/\/api.w.org\/{rel}","templated":true}]}}