{"id":19926,"date":"2025-01-07T08:00:00","date_gmt":"2025-01-07T11:00:00","guid":{"rendered":"https:\/\/agenciainfra.com\/blog\/?p=19926"},"modified":"2025-01-07T06:59:17","modified_gmt":"2025-01-07T09:59:17","slug":"ministerio-avalia-mudar-decreto-para-resolver-deficit-da-conta-de-comercializacao-de-itaipu","status":"publish","type":"post","link":"https:\/\/agenciainfra.com\/blog\/ministerio-avalia-mudar-decreto-para-resolver-deficit-da-conta-de-comercializacao-de-itaipu\/","title":{"rendered":"Minist\u00e9rio avalia mudar decreto para resolver d\u00e9ficit da conta de comercializa\u00e7\u00e3o de Itaipu"},"content":{"rendered":"\n<p class=\"has-text-align-right\"><strong>Geraldo Campos Jr. e Marisa Wanzeller, da Ag\u00eancia iNFRA<\/strong><\/p>\n\n\n\n<p>O MME (Minist\u00e9rio de Minas e Energia) avalia uma proposta da ENBPar (Empresa Brasileira de Participa\u00e7\u00f5es em Energia Nuclear e Binacional) de altera\u00e7\u00e3o do&nbsp;<a href=\"https:\/\/agenciainfra.us14.list-manage.com\/track\/click?u=d460dd1bcf9ba0ae040e1fc0f&amp;id=8d154df938&amp;e=cccbf75ee3\" target=\"_blank\" rel=\"noreferrer noopener\">Decreto 11.027\/2022<\/a>&nbsp;para equacionar o d\u00e9ficit de quase R$ 333 milh\u00f5es na Conta de Comercializa\u00e7\u00e3o de Energia El\u00e9trica de Itaipu em 2024.&nbsp;<\/p>\n\n\n\n<p>A estatal enviou proposta para que seja permitido o uso dos valores da Conta de Recomposi\u00e7\u00e3o Tarif\u00e1ria para cobrir o saldo negativo, disseram fontes \u00e0<strong>&nbsp;Ag\u00eancia iNFRA<\/strong>. A sugest\u00e3o, tamb\u00e9m apresentada em&nbsp;<a href=\"https:\/\/mcusercontent.com\/d460dd1bcf9ba0ae040e1fc0f\/files\/ea443dde-391a-837b-9f25-637a9ee66bcc\/Ofi_cio_375_ENBpar.pdf\" target=\"_blank\" rel=\"noreferrer noopener\">of\u00edcio<\/a>&nbsp;\u00e0 ANEEL (Ag\u00eancia Nacional de Energia El\u00e9trica), \u00e9 alterar o artigo do decreto que estipula que em caso de d\u00e9ficit o valor ser\u00e1 repassado para a tarifa de Itaipu do ano seguinte.<\/p>\n\n\n\n<p>O MME informou em resposta \u00e0 imprensa que \u201ca Conta de Comercializa\u00e7\u00e3o de Itaipu \u00e9 naturalmente influenciada pela situa\u00e7\u00e3o hidrol\u00f3gica do pa\u00eds, em decorr\u00eancia da pr\u00f3pria estrutura\u00e7\u00e3o&#8221; e, por isso, a pasta avalia sugest\u00f5es apresentadas pela ENBPar e pela ANEEL, e ainda \u201ceventuais altera\u00e7\u00f5es na regulamenta\u00e7\u00e3o&#8221;.<\/p>\n\n\n\n<p><strong>Conta reserva<\/strong><br>Segundo apurou a&nbsp;<strong>Ag\u00eancia iNFRA<\/strong>, a ENBPar solicitou reuni\u00e3o com o MME para tratar do d\u00e9ficit de 2024 e discutir a necessidade de altera\u00e7\u00e3o do artigo sobre a destina\u00e7\u00e3o do resultado da Conta de Comercializa\u00e7\u00e3o de Itaipu, com objetivo de criar uma conta de reserva que suporte poss\u00edveis saldos negativos futuros antes da distribui\u00e7\u00e3o de b\u00f4nus.<\/p>\n\n\n\n<p>O artigo 15 do decreto atual diz que caso seja superavit\u00e1rio, o saldo da Conta de Comercializa\u00e7\u00e3o de Itaipu ser\u00e1 rateado entre os consumidores de energia, de forma proporcional, no ano seguinte ao resultado. J\u00e1 em caso de d\u00e9ficit, o valor negativo precisa ser incorporado pela ANEEL no c\u00e1lculo da tarifa de repasse.<\/p>\n\n\n\n<p>Em 6 de dezembro de 2024, a ENBPar encaminhou of\u00edcio para a ANEEL reportando que a Conta de Comercializa\u00e7\u00e3o de Itaipu fecharia o ano com saldo negativo de R$ 332,6 milh\u00f5es. A conta \u00e9 gerida pela estatal, que recebe os pagamentos feitos pelas distribuidoras pela energia da usina e os repassa para a Itaipu de acordo com a tarifa vigente.&nbsp;<\/p>\n\n\n\n<p>Segundo a ENBPar, o rombo se deve \u00e0 menor gera\u00e7\u00e3o em 2024, causada pela situa\u00e7\u00e3o h\u00eddrica do pa\u00eds, e pela menor receita em fun\u00e7\u00e3o do arranjo feito pelo governo para manter os pre\u00e7os \u00e0s distribuidoras sem reajuste mesmo com o aumento da energia acordado com o Paraguai.<\/p>\n\n\n\n<p><strong>Ag\u00eancia cobra resolu\u00e7\u00e3o<\/strong><br>Em 10 de dezembro, a ANEEL deu 45 dias para que o MME tome medidas adicionais necess\u00e1rias sobre o d\u00e9ficit da Conta de Comercializa\u00e7\u00e3o de forma a garantir a manuten\u00e7\u00e3o da tarifa de Itaipu ao longo de 2025. O modelo adotado ante o acordo com o Paraguai foi criticado pelo relator do processo na ag\u00eancia, diretor Fernando Mosna.<\/p>\n\n\n\n<p>Em maio deste ano, os governos do Brasil e do Paraguai fecharam um acordo para aumentar a tarifa de Itaipu de US$ 17,66\/kW para US$ 19,28\/kW, valor que deve vigorar at\u00e9 2026. No entanto, foi feito um arranjo pelo MME para permitir que n\u00e3o houvesse o repasse desse reajuste para os consumidores brasileiros.<\/p>\n\n\n\n<p>A solu\u00e7\u00e3o dada foi usar o saldo da conta da usina. Na pr\u00e1tica, a ENBPar paga para a Conta de Comercializa\u00e7\u00e3o de Energia El\u00e9trica de Itaipu o valor de US$ 19,28, mas a binacional devolve para a sua controladora a diferen\u00e7a equivalente a US$ 2,57. Assim, a ENBPar n\u00e3o chega a repassar o aumento para as distribuidoras.<\/p>\n\n\n\n<p>O problema, segundo Mosna, \u00e9 que o arranjo n\u00e3o tem sido suficiente. \u201cAparentemente foi uma derrapada do Minist\u00e9rio de Minas e Energia, que n\u00e3o calibrou bem qual deveria ser o valor que deveria ter na conta de Itaipu\u201d, disse o diretor em 10 de dezembro.<\/p>\n","protected":false},"excerpt":{"rendered":"<p>Geraldo Campos Jr. e Marisa Wanzeller, da Ag\u00eancia iNFRA O MME (Minist\u00e9rio de Minas e Energia) avalia uma proposta da ENBPar (Empresa Brasileira de Participa\u00e7\u00f5es em Energia Nuclear e Binacional) de altera\u00e7\u00e3o do&nbsp;Decreto 11.027\/2022&nbsp;para equacionar o d\u00e9ficit de quase R$ 333 milh\u00f5es na Conta de Comercializa\u00e7\u00e3o de Energia El\u00e9trica de Itaipu em 2024.&nbsp; A estatal [&hellip;]<\/p>\n","protected":false},"author":1,"featured_media":5659,"comment_status":"closed","ping_status":"closed","sticky":false,"template":"","format":"standard","meta":{"_monsterinsights_skip_tracking":false,"_monsterinsights_sitenote_active":false,"_monsterinsights_sitenote_note":"","_monsterinsights_sitenote_category":0,"footnotes":""},"categories":[7250,1,10],"tags":[53,11816,12189,12190,5453,11594,4644,99,7366,71,12188],"class_list":["post-19926","post","type-post","status-publish","format-standard","has-post-thumbnail","hentry","category-destaque-lista","category-geral","category-infraenergia","tag-aneel","tag-conta-de-comercializacao","tag-decreto-11-027-2022","tag-deficit-energetico","tag-enbpar","tag-geraldo-campos-jr","tag-hidrologia","tag-itaipu","tag-marisa-wanzeller","tag-mme","tag-tarifa-eletrica"],"yoast_head":"<!-- This site is optimized with the Yoast SEO Premium plugin v25.4 (Yoast SEO v26.0) - https:\/\/yoast.com\/wordpress\/plugins\/seo\/ -->\n<title>Minist\u00e9rio avalia mudar decreto para resolver d\u00e9ficit da conta de comercializa\u00e7\u00e3o de Itaipu - Ag\u00eancia iNFRA<\/title>\n<meta name=\"robots\" content=\"index, follow, max-snippet:-1, max-image-preview:large, max-video-preview:-1\" \/>\n<link rel=\"canonical\" href=\"https:\/\/agenciainfra.com\/blog\/ministerio-avalia-mudar-decreto-para-resolver-deficit-da-conta-de-comercializacao-de-itaipu\/\" \/>\n<meta property=\"og:locale\" content=\"pt_BR\" \/>\n<meta property=\"og:type\" content=\"article\" \/>\n<meta property=\"og:title\" content=\"Minist\u00e9rio avalia mudar decreto para resolver d\u00e9ficit da conta de comercializa\u00e7\u00e3o de Itaipu\" \/>\n<meta property=\"og:description\" content=\"Geraldo Campos Jr. e Marisa Wanzeller, da Ag\u00eancia iNFRA O MME (Minist\u00e9rio de Minas e Energia) avalia uma proposta da ENBPar (Empresa Brasileira de Participa\u00e7\u00f5es em Energia Nuclear e Binacional) de altera\u00e7\u00e3o do&nbsp;Decreto 11.027\/2022&nbsp;para equacionar o d\u00e9ficit de quase R$ 333 milh\u00f5es na Conta de Comercializa\u00e7\u00e3o de Energia El\u00e9trica de Itaipu em 2024.&nbsp; A estatal [&hellip;]\" \/>\n<meta property=\"og:url\" content=\"https:\/\/agenciainfra.com\/blog\/ministerio-avalia-mudar-decreto-para-resolver-deficit-da-conta-de-comercializacao-de-itaipu\/\" \/>\n<meta property=\"og:site_name\" content=\"Ag\u00eancia iNFRA\" \/>\n<meta property=\"article:publisher\" content=\"https:\/\/www.facebook.com\/ageninfra\" \/>\n<meta property=\"article:published_time\" content=\"2025-01-07T11:00:00+00:00\" \/>\n<meta property=\"og:image\" content=\"https:\/\/agenciainfra.com\/blog\/wp-content\/uploads\/2020\/08\/usina-hidreletrica-foto-itaipu.jpg\" \/>\n\t<meta property=\"og:image:width\" content=\"1313\" \/>\n\t<meta property=\"og:image:height\" content=\"675\" \/>\n\t<meta property=\"og:image:type\" content=\"image\/jpeg\" \/>\n<meta name=\"author\" content=\"Ag\u00eancia iNFRA\" \/>\n<meta name=\"twitter:card\" content=\"summary_large_image\" \/>\n<meta name=\"twitter:creator\" content=\"@agencia_infra\" \/>\n<meta name=\"twitter:site\" content=\"@agencia_infra\" \/>\n<meta name=\"twitter:label1\" content=\"Escrito por\" \/>\n\t<meta name=\"twitter:data1\" content=\"Ag\u00eancia iNFRA\" \/>\n\t<meta name=\"twitter:label2\" content=\"Est. tempo de leitura\" \/>\n\t<meta name=\"twitter:data2\" content=\"3 minutos\" \/>\n<script type=\"application\/ld+json\" class=\"yoast-schema-graph\">{\"@context\":\"https:\/\/schema.org\",\"@graph\":[{\"@type\":\"Article\",\"@id\":\"https:\/\/agenciainfra.com\/blog\/ministerio-avalia-mudar-decreto-para-resolver-deficit-da-conta-de-comercializacao-de-itaipu\/#article\",\"isPartOf\":{\"@id\":\"https:\/\/agenciainfra.com\/blog\/ministerio-avalia-mudar-decreto-para-resolver-deficit-da-conta-de-comercializacao-de-itaipu\/\"},\"author\":{\"name\":\"Ag\u00eancia iNFRA\",\"@id\":\"https:\/\/agenciainfra.com\/blog\/#\/schema\/person\/34af08dff6adea4cb22b06612ba7acfa\"},\"headline\":\"Minist\u00e9rio avalia mudar decreto para resolver d\u00e9ficit da conta de comercializa\u00e7\u00e3o de Itaipu\",\"datePublished\":\"2025-01-07T11:00:00+00:00\",\"mainEntityOfPage\":{\"@id\":\"https:\/\/agenciainfra.com\/blog\/ministerio-avalia-mudar-decreto-para-resolver-deficit-da-conta-de-comercializacao-de-itaipu\/\"},\"wordCount\":666,\"publisher\":{\"@id\":\"https:\/\/agenciainfra.com\/blog\/#organization\"},\"image\":{\"@id\":\"https:\/\/agenciainfra.com\/blog\/ministerio-avalia-mudar-decreto-para-resolver-deficit-da-conta-de-comercializacao-de-itaipu\/#primaryimage\"},\"thumbnailUrl\":\"https:\/\/agenciainfra.com\/blog\/wp-content\/uploads\/2020\/08\/usina-hidreletrica-foto-itaipu-e1772485150519.jpg\",\"keywords\":[\"ANEEL\",\"conta de comercializa\u00e7\u00e3o\",\"decreto 11.027\/2022\",\"d\u00e9ficit energ\u00e9tico\",\"ENBPar\",\"Geraldo Campos Jr.\",\"hidrologia\",\"Itaipu\",\"Marisa Wanzeller\",\"MME\",\"tarifa el\u00e9trica\"],\"articleSection\":[\"Destaque lista\",\"Geral\",\"iNFRAEnergia\"],\"inLanguage\":\"pt-BR\",\"copyrightYear\":\"2025\",\"copyrightHolder\":{\"@id\":\"https:\/\/agenciainfra.com\/blog\/#organization\"}},{\"@type\":\"WebPage\",\"@id\":\"https:\/\/agenciainfra.com\/blog\/ministerio-avalia-mudar-decreto-para-resolver-deficit-da-conta-de-comercializacao-de-itaipu\/\",\"url\":\"https:\/\/agenciainfra.com\/blog\/ministerio-avalia-mudar-decreto-para-resolver-deficit-da-conta-de-comercializacao-de-itaipu\/\",\"name\":\"Minist\u00e9rio avalia mudar decreto para resolver d\u00e9ficit da conta de comercializa\u00e7\u00e3o de Itaipu - Ag\u00eancia iNFRA\",\"isPartOf\":{\"@id\":\"https:\/\/agenciainfra.com\/blog\/#website\"},\"primaryImageOfPage\":{\"@id\":\"https:\/\/agenciainfra.com\/blog\/ministerio-avalia-mudar-decreto-para-resolver-deficit-da-conta-de-comercializacao-de-itaipu\/#primaryimage\"},\"image\":{\"@id\":\"https:\/\/agenciainfra.com\/blog\/ministerio-avalia-mudar-decreto-para-resolver-deficit-da-conta-de-comercializacao-de-itaipu\/#primaryimage\"},\"thumbnailUrl\":\"https:\/\/agenciainfra.com\/blog\/wp-content\/uploads\/2020\/08\/usina-hidreletrica-foto-itaipu-e1772485150519.jpg\",\"datePublished\":\"2025-01-07T11:00:00+00:00\",\"breadcrumb\":{\"@id\":\"https:\/\/agenciainfra.com\/blog\/ministerio-avalia-mudar-decreto-para-resolver-deficit-da-conta-de-comercializacao-de-itaipu\/#breadcrumb\"},\"inLanguage\":\"pt-BR\",\"potentialAction\":[{\"@type\":\"ReadAction\",\"target\":[\"https:\/\/agenciainfra.com\/blog\/ministerio-avalia-mudar-decreto-para-resolver-deficit-da-conta-de-comercializacao-de-itaipu\/\"]}]},{\"@type\":\"ImageObject\",\"inLanguage\":\"pt-BR\",\"@id\":\"https:\/\/agenciainfra.com\/blog\/ministerio-avalia-mudar-decreto-para-resolver-deficit-da-conta-de-comercializacao-de-itaipu\/#primaryimage\",\"url\":\"https:\/\/agenciainfra.com\/blog\/wp-content\/uploads\/2020\/08\/usina-hidreletrica-foto-itaipu-e1772485150519.jpg\",\"contentUrl\":\"https:\/\/agenciainfra.com\/blog\/wp-content\/uploads\/2020\/08\/usina-hidreletrica-foto-itaipu-e1772485150519.jpg\",\"width\":1280,\"height\":658,\"caption\":\"Foto: Itaipu\"},{\"@type\":\"BreadcrumbList\",\"@id\":\"https:\/\/agenciainfra.com\/blog\/ministerio-avalia-mudar-decreto-para-resolver-deficit-da-conta-de-comercializacao-de-itaipu\/#breadcrumb\",\"itemListElement\":[{\"@type\":\"ListItem\",\"position\":1,\"name\":\"In\u00edcio\",\"item\":\"https:\/\/agenciainfra.com\/blog\/\"},{\"@type\":\"ListItem\",\"position\":2,\"name\":\"Minist\u00e9rio avalia mudar decreto para resolver d\u00e9ficit da conta de comercializa\u00e7\u00e3o de Itaipu\"}]},{\"@type\":\"WebSite\",\"@id\":\"https:\/\/agenciainfra.com\/blog\/#website\",\"url\":\"https:\/\/agenciainfra.com\/blog\/\",\"name\":\"Ag\u00eancia iNFRA\",\"description\":\"Multiplataforma de informa\u00e7\u00e3o jornal\u00edstica refer\u00eancia na \u00e1rea de infraestrutura no Brasil!\",\"publisher\":{\"@id\":\"https:\/\/agenciainfra.com\/blog\/#organization\"},\"potentialAction\":[{\"@type\":\"SearchAction\",\"target\":{\"@type\":\"EntryPoint\",\"urlTemplate\":\"https:\/\/agenciainfra.com\/blog\/?s={search_term_string}\"},\"query-input\":{\"@type\":\"PropertyValueSpecification\",\"valueRequired\":true,\"valueName\":\"search_term_string\"}}],\"inLanguage\":\"pt-BR\"},{\"@type\":\"Organization\",\"@id\":\"https:\/\/agenciainfra.com\/blog\/#organization\",\"name\":\"Ag\u00eancia iNFRA\",\"url\":\"https:\/\/agenciainfra.com\/blog\/\",\"logo\":{\"@type\":\"ImageObject\",\"inLanguage\":\"pt-BR\",\"@id\":\"https:\/\/agenciainfra.com\/blog\/#\/schema\/logo\/image\/\",\"url\":\"https:\/\/agenciainfra.com\/blog\/wp-content\/uploads\/2023\/09\/iNFRA_5-e1761735885940.png\",\"contentUrl\":\"https:\/\/agenciainfra.com\/blog\/wp-content\/uploads\/2023\/09\/iNFRA_5-e1761735885940.png\",\"width\":1672,\"height\":454,\"caption\":\"Ag\u00eancia iNFRA\"},\"image\":{\"@id\":\"https:\/\/agenciainfra.com\/blog\/#\/schema\/logo\/image\/\"},\"sameAs\":[\"https:\/\/www.facebook.com\/ageninfra\",\"https:\/\/x.com\/agencia_infra\",\"https:\/\/www.linkedin.com\/company\/ag\u00eanciainfra\/\",\"https:\/\/www.instagram.com\/agenciainfra\/\"]},{\"@type\":\"Person\",\"@id\":\"https:\/\/agenciainfra.com\/blog\/#\/schema\/person\/34af08dff6adea4cb22b06612ba7acfa\",\"name\":\"Ag\u00eancia iNFRA\",\"image\":{\"@type\":\"ImageObject\",\"inLanguage\":\"pt-BR\",\"@id\":\"https:\/\/agenciainfra.com\/blog\/#\/schema\/person\/image\/\",\"url\":\"https:\/\/secure.gravatar.com\/avatar\/d189e01678f06d8eb84d4e01f08eb848b3fffe3f8443818d3c356c66892f5be8?s=96&d=mm&r=g\",\"contentUrl\":\"https:\/\/secure.gravatar.com\/avatar\/d189e01678f06d8eb84d4e01f08eb848b3fffe3f8443818d3c356c66892f5be8?s=96&d=mm&r=g\",\"caption\":\"Ag\u00eancia iNFRA\"},\"url\":\"https:\/\/agenciainfra.com\/blog\/author\/admin\/\"}]}<\/script>\n<!-- \/ Yoast SEO Premium plugin. -->","yoast_head_json":{"title":"Minist\u00e9rio avalia mudar decreto para resolver d\u00e9ficit da conta de comercializa\u00e7\u00e3o de Itaipu - Ag\u00eancia iNFRA","robots":{"index":"index","follow":"follow","max-snippet":"max-snippet:-1","max-image-preview":"max-image-preview:large","max-video-preview":"max-video-preview:-1"},"canonical":"https:\/\/agenciainfra.com\/blog\/ministerio-avalia-mudar-decreto-para-resolver-deficit-da-conta-de-comercializacao-de-itaipu\/","og_locale":"pt_BR","og_type":"article","og_title":"Minist\u00e9rio avalia mudar decreto para resolver d\u00e9ficit da conta de comercializa\u00e7\u00e3o de Itaipu","og_description":"Geraldo Campos Jr. e Marisa Wanzeller, da Ag\u00eancia iNFRA O MME (Minist\u00e9rio de Minas e Energia) avalia uma proposta da ENBPar (Empresa Brasileira de Participa\u00e7\u00f5es em Energia Nuclear e Binacional) de altera\u00e7\u00e3o do&nbsp;Decreto 11.027\/2022&nbsp;para equacionar o d\u00e9ficit de quase R$ 333 milh\u00f5es na Conta de Comercializa\u00e7\u00e3o de Energia El\u00e9trica de Itaipu em 2024.&nbsp; A estatal [&hellip;]","og_url":"https:\/\/agenciainfra.com\/blog\/ministerio-avalia-mudar-decreto-para-resolver-deficit-da-conta-de-comercializacao-de-itaipu\/","og_site_name":"Ag\u00eancia iNFRA","article_publisher":"https:\/\/www.facebook.com\/ageninfra","article_published_time":"2025-01-07T11:00:00+00:00","og_image":[{"width":1313,"height":675,"url":"https:\/\/agenciainfra.com\/blog\/wp-content\/uploads\/2020\/08\/usina-hidreletrica-foto-itaipu.jpg","type":"image\/jpeg"}],"author":"Ag\u00eancia iNFRA","twitter_card":"summary_large_image","twitter_creator":"@agencia_infra","twitter_site":"@agencia_infra","twitter_misc":{"Escrito por":"Ag\u00eancia iNFRA","Est. tempo de leitura":"3 minutos"},"schema":{"@context":"https:\/\/schema.org","@graph":[{"@type":"Article","@id":"https:\/\/agenciainfra.com\/blog\/ministerio-avalia-mudar-decreto-para-resolver-deficit-da-conta-de-comercializacao-de-itaipu\/#article","isPartOf":{"@id":"https:\/\/agenciainfra.com\/blog\/ministerio-avalia-mudar-decreto-para-resolver-deficit-da-conta-de-comercializacao-de-itaipu\/"},"author":{"name":"Ag\u00eancia iNFRA","@id":"https:\/\/agenciainfra.com\/blog\/#\/schema\/person\/34af08dff6adea4cb22b06612ba7acfa"},"headline":"Minist\u00e9rio avalia mudar decreto para resolver d\u00e9ficit da conta de comercializa\u00e7\u00e3o de Itaipu","datePublished":"2025-01-07T11:00:00+00:00","mainEntityOfPage":{"@id":"https:\/\/agenciainfra.com\/blog\/ministerio-avalia-mudar-decreto-para-resolver-deficit-da-conta-de-comercializacao-de-itaipu\/"},"wordCount":666,"publisher":{"@id":"https:\/\/agenciainfra.com\/blog\/#organization"},"image":{"@id":"https:\/\/agenciainfra.com\/blog\/ministerio-avalia-mudar-decreto-para-resolver-deficit-da-conta-de-comercializacao-de-itaipu\/#primaryimage"},"thumbnailUrl":"https:\/\/agenciainfra.com\/blog\/wp-content\/uploads\/2020\/08\/usina-hidreletrica-foto-itaipu-e1772485150519.jpg","keywords":["ANEEL","conta de comercializa\u00e7\u00e3o","decreto 11.027\/2022","d\u00e9ficit energ\u00e9tico","ENBPar","Geraldo Campos Jr.","hidrologia","Itaipu","Marisa Wanzeller","MME","tarifa el\u00e9trica"],"articleSection":["Destaque lista","Geral","iNFRAEnergia"],"inLanguage":"pt-BR","copyrightYear":"2025","copyrightHolder":{"@id":"https:\/\/agenciainfra.com\/blog\/#organization"}},{"@type":"WebPage","@id":"https:\/\/agenciainfra.com\/blog\/ministerio-avalia-mudar-decreto-para-resolver-deficit-da-conta-de-comercializacao-de-itaipu\/","url":"https:\/\/agenciainfra.com\/blog\/ministerio-avalia-mudar-decreto-para-resolver-deficit-da-conta-de-comercializacao-de-itaipu\/","name":"Minist\u00e9rio avalia mudar decreto para resolver d\u00e9ficit da conta de comercializa\u00e7\u00e3o de Itaipu - Ag\u00eancia iNFRA","isPartOf":{"@id":"https:\/\/agenciainfra.com\/blog\/#website"},"primaryImageOfPage":{"@id":"https:\/\/agenciainfra.com\/blog\/ministerio-avalia-mudar-decreto-para-resolver-deficit-da-conta-de-comercializacao-de-itaipu\/#primaryimage"},"image":{"@id":"https:\/\/agenciainfra.com\/blog\/ministerio-avalia-mudar-decreto-para-resolver-deficit-da-conta-de-comercializacao-de-itaipu\/#primaryimage"},"thumbnailUrl":"https:\/\/agenciainfra.com\/blog\/wp-content\/uploads\/2020\/08\/usina-hidreletrica-foto-itaipu-e1772485150519.jpg","datePublished":"2025-01-07T11:00:00+00:00","breadcrumb":{"@id":"https:\/\/agenciainfra.com\/blog\/ministerio-avalia-mudar-decreto-para-resolver-deficit-da-conta-de-comercializacao-de-itaipu\/#breadcrumb"},"inLanguage":"pt-BR","potentialAction":[{"@type":"ReadAction","target":["https:\/\/agenciainfra.com\/blog\/ministerio-avalia-mudar-decreto-para-resolver-deficit-da-conta-de-comercializacao-de-itaipu\/"]}]},{"@type":"ImageObject","inLanguage":"pt-BR","@id":"https:\/\/agenciainfra.com\/blog\/ministerio-avalia-mudar-decreto-para-resolver-deficit-da-conta-de-comercializacao-de-itaipu\/#primaryimage","url":"https:\/\/agenciainfra.com\/blog\/wp-content\/uploads\/2020\/08\/usina-hidreletrica-foto-itaipu-e1772485150519.jpg","contentUrl":"https:\/\/agenciainfra.com\/blog\/wp-content\/uploads\/2020\/08\/usina-hidreletrica-foto-itaipu-e1772485150519.jpg","width":1280,"height":658,"caption":"Foto: Itaipu"},{"@type":"BreadcrumbList","@id":"https:\/\/agenciainfra.com\/blog\/ministerio-avalia-mudar-decreto-para-resolver-deficit-da-conta-de-comercializacao-de-itaipu\/#breadcrumb","itemListElement":[{"@type":"ListItem","position":1,"name":"In\u00edcio","item":"https:\/\/agenciainfra.com\/blog\/"},{"@type":"ListItem","position":2,"name":"Minist\u00e9rio avalia mudar decreto para resolver d\u00e9ficit da conta de comercializa\u00e7\u00e3o de Itaipu"}]},{"@type":"WebSite","@id":"https:\/\/agenciainfra.com\/blog\/#website","url":"https:\/\/agenciainfra.com\/blog\/","name":"Ag\u00eancia iNFRA","description":"Multiplataforma de informa\u00e7\u00e3o jornal\u00edstica refer\u00eancia na \u00e1rea de infraestrutura no Brasil!","publisher":{"@id":"https:\/\/agenciainfra.com\/blog\/#organization"},"potentialAction":[{"@type":"SearchAction","target":{"@type":"EntryPoint","urlTemplate":"https:\/\/agenciainfra.com\/blog\/?s={search_term_string}"},"query-input":{"@type":"PropertyValueSpecification","valueRequired":true,"valueName":"search_term_string"}}],"inLanguage":"pt-BR"},{"@type":"Organization","@id":"https:\/\/agenciainfra.com\/blog\/#organization","name":"Ag\u00eancia iNFRA","url":"https:\/\/agenciainfra.com\/blog\/","logo":{"@type":"ImageObject","inLanguage":"pt-BR","@id":"https:\/\/agenciainfra.com\/blog\/#\/schema\/logo\/image\/","url":"https:\/\/agenciainfra.com\/blog\/wp-content\/uploads\/2023\/09\/iNFRA_5-e1761735885940.png","contentUrl":"https:\/\/agenciainfra.com\/blog\/wp-content\/uploads\/2023\/09\/iNFRA_5-e1761735885940.png","width":1672,"height":454,"caption":"Ag\u00eancia iNFRA"},"image":{"@id":"https:\/\/agenciainfra.com\/blog\/#\/schema\/logo\/image\/"},"sameAs":["https:\/\/www.facebook.com\/ageninfra","https:\/\/x.com\/agencia_infra","https:\/\/www.linkedin.com\/company\/ag\u00eanciainfra\/","https:\/\/www.instagram.com\/agenciainfra\/"]},{"@type":"Person","@id":"https:\/\/agenciainfra.com\/blog\/#\/schema\/person\/34af08dff6adea4cb22b06612ba7acfa","name":"Ag\u00eancia iNFRA","image":{"@type":"ImageObject","inLanguage":"pt-BR","@id":"https:\/\/agenciainfra.com\/blog\/#\/schema\/person\/image\/","url":"https:\/\/secure.gravatar.com\/avatar\/d189e01678f06d8eb84d4e01f08eb848b3fffe3f8443818d3c356c66892f5be8?s=96&d=mm&r=g","contentUrl":"https:\/\/secure.gravatar.com\/avatar\/d189e01678f06d8eb84d4e01f08eb848b3fffe3f8443818d3c356c66892f5be8?s=96&d=mm&r=g","caption":"Ag\u00eancia iNFRA"},"url":"https:\/\/agenciainfra.com\/blog\/author\/admin\/"}]}},"_links":{"self":[{"href":"https:\/\/agenciainfra.com\/blog\/wp-json\/wp\/v2\/posts\/19926","targetHints":{"allow":["GET"]}}],"collection":[{"href":"https:\/\/agenciainfra.com\/blog\/wp-json\/wp\/v2\/posts"}],"about":[{"href":"https:\/\/agenciainfra.com\/blog\/wp-json\/wp\/v2\/types\/post"}],"author":[{"embeddable":true,"href":"https:\/\/agenciainfra.com\/blog\/wp-json\/wp\/v2\/users\/1"}],"replies":[{"embeddable":true,"href":"https:\/\/agenciainfra.com\/blog\/wp-json\/wp\/v2\/comments?post=19926"}],"version-history":[{"count":1,"href":"https:\/\/agenciainfra.com\/blog\/wp-json\/wp\/v2\/posts\/19926\/revisions"}],"predecessor-version":[{"id":19927,"href":"https:\/\/agenciainfra.com\/blog\/wp-json\/wp\/v2\/posts\/19926\/revisions\/19927"}],"wp:featuredmedia":[{"embeddable":true,"href":"https:\/\/agenciainfra.com\/blog\/wp-json\/wp\/v2\/media\/5659"}],"wp:attachment":[{"href":"https:\/\/agenciainfra.com\/blog\/wp-json\/wp\/v2\/media?parent=19926"}],"wp:term":[{"taxonomy":"category","embeddable":true,"href":"https:\/\/agenciainfra.com\/blog\/wp-json\/wp\/v2\/categories?post=19926"},{"taxonomy":"post_tag","embeddable":true,"href":"https:\/\/agenciainfra.com\/blog\/wp-json\/wp\/v2\/tags?post=19926"}],"curies":[{"name":"wp","href":"https:\/\/api.w.org\/{rel}","templated":true}]}}