{"id":19928,"date":"2025-01-07T09:00:00","date_gmt":"2025-01-07T12:00:00","guid":{"rendered":"https:\/\/agenciainfra.com\/blog\/?p=19928"},"modified":"2025-01-08T12:24:16","modified_gmt":"2025-01-08T15:24:16","slug":"justica-anula-conversao-de-contratos-da-ambar-e-impede-transferencia-sem-anuencia-da-cigas","status":"publish","type":"post","link":"https:\/\/agenciainfra.com\/blog\/justica-anula-conversao-de-contratos-da-ambar-e-impede-transferencia-sem-anuencia-da-cigas\/","title":{"rendered":"Justi\u00e7a anula convers\u00e3o de contratos da \u00c2mbar e impede transfer\u00eancia sem anu\u00eancia da Cig\u00e1s"},"content":{"rendered":"\n<p class=\"has-text-align-right\"><strong>Marisa Wanzeller e Geraldo Campos Jr., da Ag\u00eancia iNFRA<\/strong><\/p>\n\n\n\n<p>O desembargador Ney Bello, do TRF-1 (Tribunal Regional Federal da 1\u00aa Regi\u00e3o), concedeu\u00a0<a href=\"https:\/\/mcusercontent.com\/d460dd1bcf9ba0ae040e1fc0f\/files\/21545d04-9577-5cac-a384-4992c683e97e\/10291986320244013200_2165474593_Atojudicialdeinsta_nciasuperior_1_.pdf\" target=\"_blank\" rel=\"noreferrer noopener\">liminar<\/a>\u00a0na \u00faltima segunda-feira (6) anulando a convers\u00e3o dos contratos de compra e venda de energia de t\u00e9rmicas do Norte vendidas da Eletrobras para a \u00c2mbar Energia, dos irm\u00e3os Wesley e Joesley Batista, em CER (Contratos de Energia de Reserva).\u00a0<\/p>\n\n\n\n<p>Foi determinado que as convers\u00f5es s\u00f3 ocorram com anu\u00eancia pr\u00e9via da Cig\u00e1s (Companhia de G\u00e1s do Amazonas). O magistrado atendeu o pedido elaborado pela companhia, que tem o empres\u00e1rio Carlos Suarez entre os acionistas. A peti\u00e7\u00e3o foi assinada em 3 de janeiro pelo ex-presidente Michel Temer como advogado da distribuidora de g\u00e1s.<\/p>\n\n\n\n<p>A decis\u00e3o anula liminar anterior concedida pela ju\u00edza Jaiza Fraxe. Foi tomada pelo desembargador durante o plant\u00e3o judicial, que terminou nesta segunda-feira. Com o fim do recesso forense, a decis\u00e3o ser\u00e1 encaminhada ao presidente do TRF-1, a quem compete decidir o m\u00e9rito e quest\u00f5es incidentais sobre despachos proferidos no plant\u00e3o.<\/p>\n\n\n\n<p><strong>Riscos<\/strong><br>Na peti\u00e7\u00e3o, Michel Temer sustentou em nome da Cig\u00e1s que a manuten\u00e7\u00e3o das decis\u00f5es que aprovaram a convers\u00e3o dos contratos \u201cacarretar\u00e1 um preju\u00edzo grave e irrevers\u00edvel, n\u00e3o apenas no plano financeiro, mas tamb\u00e9m institucional\u201d. Ele cita o risco de inadimpl\u00eancia pelo g\u00e1s fornecido pela companhia e de inviabiliza\u00e7\u00e3o da explora\u00e7\u00e3o dos servi\u00e7os locais de g\u00e1s canalizado.<\/p>\n\n\n\n<p>\u201cTodas as altera\u00e7\u00f5es efetuadas nas condi\u00e7\u00f5es e no cumprimento dos CCVE (Contratos de Compra e Venda de Energia) impactam os compromissos assumidos nos contratos de fornecimento de g\u00e1s para a gera\u00e7\u00e3o de energia termel\u00e9trica e, consequentemente, causam preju\u00edzos aos consumidores ou ao Estado\u201d, assinalou tamb\u00e9m o desembargador Ney Bello em sua decis\u00e3o.<\/p>\n\n\n\n<p><strong>Ju\u00edza tinha decidido contra Cig\u00e1s<\/strong><br>Em outubro do ano passado, a ju\u00edza Jaiza, protagonista no processo de convers\u00e3o dos contratos das usinas e da transfer\u00eancia da Amazonas Energia para a \u00c2mbar, excluiu a distribuidora de g\u00e1s como parte judicial do processo. A decis\u00e3o ocorreu ap\u00f3s a Amazonas Energia argumentar que o contrato firmado entre a Cig\u00e1s, a Eletronorte e a Petrobras no estado n\u00e3o ser\u00e1 alterado com a opera\u00e7\u00e3o.<\/p>\n\n\n\n<p>Em dezembro, a Cig\u00e1s pediu suspei\u00e7\u00e3o da magistrada sobre o caso alegando que \u201cas condutas da excepta (ju\u00edza) comprovam a sua mais absoluta falta de isen\u00e7\u00e3o de \u00e2nimo na an\u00e1lise e enfrentamento de fatos processuais complexos e de consider\u00e1vel tecnicidade&#8221;.<\/p>\n\n\n\n<p>O pleito foi rejeitado pela ju\u00edza, que afirmou se tratar de uma \u201cestrat\u00e9gia ileg\u00edtima\u201d voltada para tentar suspender o curso do processo, que determinou que a ANEEL (Ag\u00eancia Nacional de Energia El\u00e9trica) aprovasse as opera\u00e7\u00f5es. \u201cA Cig\u00e1s estava plenamente ciente dos fatos e da ju\u00edza atuante no processo desde sua entrada volunt\u00e1ria no processo&#8221;, destacou a magistrada na ocasi\u00e3o.&nbsp;<\/p>\n\n\n\n<p>\u201cAlega\u00e7\u00f5es gen\u00e9ricas de parcialidade ou insatisfa\u00e7\u00e3o com decis\u00f5es desfavor\u00e1veis n\u00e3o configuram motivos leg\u00edtimos para o processamento da exce\u00e7\u00e3o de suspei\u00e7\u00e3o, pois al\u00e9m de intempestivas, firmo convic\u00e7\u00e3o de [que] decis\u00f5es judiciais podem e devem ser contestadas pelos meios processuais pr\u00f3prios, como agravos e outros recursos, mas n\u00e3o configuram suspei\u00e7\u00e3o\u201d, disse a ju\u00edza em outro trecho daquela decis\u00e3o.<\/p>\n","protected":false},"excerpt":{"rendered":"<p>Marisa Wanzeller e Geraldo Campos Jr., da Ag\u00eancia iNFRA O desembargador Ney Bello, do TRF-1 (Tribunal Regional Federal da 1\u00aa Regi\u00e3o), concedeu\u00a0liminar\u00a0na \u00faltima segunda-feira (6) anulando a convers\u00e3o dos contratos de compra e venda de energia de t\u00e9rmicas do Norte vendidas da Eletrobras para a \u00c2mbar Energia, dos irm\u00e3os Wesley e Joesley Batista, em CER [&hellip;]<\/p>\n","protected":false},"author":1,"featured_media":5204,"comment_status":"closed","ping_status":"closed","sticky":false,"template":"","format":"standard","meta":{"_monsterinsights_skip_tracking":false,"_monsterinsights_sitenote_active":false,"_monsterinsights_sitenote_note":"","_monsterinsights_sitenote_category":0,"footnotes":""},"categories":[7250,1,10],"tags":[144,5678,5481,11510,2026,7836,9059,50,1229,3713,11594,11970,7366,3367,12192,143,1154,11971,4766,11968],"class_list":["post-19928","post","type-post","status-publish","format-standard","has-post-thumbnail","hentry","category-destaque-lista","category-geral","category-infraenergia","tag-amazonas-energia","tag-ambar","tag-ambar-energia","tag-carlos-suarez","tag-cigas","tag-contratos-de-energia-de-reserva","tag-decisao-liminar","tag-eletrobras","tag-eletronorte","tag-gas-canalizado","tag-geraldo-campos-jr","tag-joesley-e-wesley-batista","tag-marisa-wanzeller","tag-michel-temer","tag-ney-bello","tag-petrobras","tag-termeletricas","tag-termeletricas-do-norte","tag-trf-1","tag-venda-da-amazonas-energia"],"yoast_head":"<!-- This site is optimized with the Yoast SEO Premium plugin v25.4 (Yoast SEO v26.0) - https:\/\/yoast.com\/wordpress\/plugins\/seo\/ -->\n<title>Justi\u00e7a anula convers\u00e3o de contratos da \u00c2mbar e impede transfer\u00eancia sem anu\u00eancia da Cig\u00e1s - Ag\u00eancia iNFRA<\/title>\n<meta name=\"robots\" content=\"index, follow, max-snippet:-1, max-image-preview:large, max-video-preview:-1\" \/>\n<link rel=\"canonical\" href=\"https:\/\/agenciainfra.com\/blog\/justica-anula-conversao-de-contratos-da-ambar-e-impede-transferencia-sem-anuencia-da-cigas\/\" \/>\n<meta property=\"og:locale\" content=\"pt_BR\" \/>\n<meta property=\"og:type\" content=\"article\" \/>\n<meta property=\"og:title\" content=\"Justi\u00e7a anula convers\u00e3o de contratos da \u00c2mbar e impede transfer\u00eancia sem anu\u00eancia da Cig\u00e1s\" \/>\n<meta property=\"og:description\" content=\"Marisa Wanzeller e Geraldo Campos Jr., da Ag\u00eancia iNFRA O desembargador Ney Bello, do TRF-1 (Tribunal Regional Federal da 1\u00aa Regi\u00e3o), concedeu\u00a0liminar\u00a0na \u00faltima segunda-feira (6) anulando a convers\u00e3o dos contratos de compra e venda de energia de t\u00e9rmicas do Norte vendidas da Eletrobras para a \u00c2mbar Energia, dos irm\u00e3os Wesley e Joesley Batista, em CER [&hellip;]\" \/>\n<meta property=\"og:url\" content=\"https:\/\/agenciainfra.com\/blog\/justica-anula-conversao-de-contratos-da-ambar-e-impede-transferencia-sem-anuencia-da-cigas\/\" \/>\n<meta property=\"og:site_name\" content=\"Ag\u00eancia iNFRA\" \/>\n<meta property=\"article:publisher\" content=\"https:\/\/www.facebook.com\/ageninfra\" \/>\n<meta property=\"article:published_time\" content=\"2025-01-07T12:00:00+00:00\" \/>\n<meta property=\"article:modified_time\" content=\"2025-01-08T15:24:16+00:00\" \/>\n<meta property=\"og:image\" content=\"https:\/\/agenciainfra.com\/blog\/wp-content\/uploads\/2020\/06\/mercado-de-gas-foto-divulgacao-cigas.jpg\" \/>\n\t<meta property=\"og:image:width\" content=\"888\" \/>\n\t<meta property=\"og:image:height\" content=\"591\" \/>\n\t<meta property=\"og:image:type\" content=\"image\/jpeg\" \/>\n<meta name=\"author\" content=\"Ag\u00eancia iNFRA\" \/>\n<meta name=\"twitter:card\" content=\"summary_large_image\" \/>\n<meta name=\"twitter:creator\" content=\"@agencia_infra\" \/>\n<meta name=\"twitter:site\" content=\"@agencia_infra\" \/>\n<meta name=\"twitter:label1\" content=\"Escrito por\" \/>\n\t<meta name=\"twitter:data1\" content=\"Ag\u00eancia iNFRA\" \/>\n\t<meta name=\"twitter:label2\" content=\"Est. tempo de leitura\" \/>\n\t<meta name=\"twitter:data2\" content=\"3 minutos\" \/>\n<script type=\"application\/ld+json\" class=\"yoast-schema-graph\">{\"@context\":\"https:\/\/schema.org\",\"@graph\":[{\"@type\":\"Article\",\"@id\":\"https:\/\/agenciainfra.com\/blog\/justica-anula-conversao-de-contratos-da-ambar-e-impede-transferencia-sem-anuencia-da-cigas\/#article\",\"isPartOf\":{\"@id\":\"https:\/\/agenciainfra.com\/blog\/justica-anula-conversao-de-contratos-da-ambar-e-impede-transferencia-sem-anuencia-da-cigas\/\"},\"author\":{\"name\":\"Ag\u00eancia iNFRA\",\"@id\":\"https:\/\/agenciainfra.com\/blog\/#\/schema\/person\/34af08dff6adea4cb22b06612ba7acfa\"},\"headline\":\"Justi\u00e7a anula convers\u00e3o de contratos da \u00c2mbar e impede transfer\u00eancia sem anu\u00eancia da Cig\u00e1s\",\"datePublished\":\"2025-01-07T12:00:00+00:00\",\"dateModified\":\"2025-01-08T15:24:16+00:00\",\"mainEntityOfPage\":{\"@id\":\"https:\/\/agenciainfra.com\/blog\/justica-anula-conversao-de-contratos-da-ambar-e-impede-transferencia-sem-anuencia-da-cigas\/\"},\"wordCount\":601,\"publisher\":{\"@id\":\"https:\/\/agenciainfra.com\/blog\/#organization\"},\"image\":{\"@id\":\"https:\/\/agenciainfra.com\/blog\/justica-anula-conversao-de-contratos-da-ambar-e-impede-transferencia-sem-anuencia-da-cigas\/#primaryimage\"},\"thumbnailUrl\":\"https:\/\/agenciainfra.com\/blog\/wp-content\/uploads\/2020\/06\/mercado-de-gas-foto-divulgacao-cigas.jpg\",\"keywords\":[\"Amazonas Energia\",\"\u00c2mbar\",\"\u00c2mbar Energia\",\"Carlos Suarez\",\"Cig\u00e1s\",\"Contratos de Energia de Reserva\",\"Decis\u00e3o liminar\",\"Eletrobras\",\"Eletronorte\",\"g\u00e1s canalizado\",\"Geraldo Campos Jr.\",\"Joesley e Wesley Batista\",\"Marisa Wanzeller\",\"Michel Temer\",\"Ney Bello\",\"Petrobras\",\"termel\u00e9tricas\",\"termel\u00e9tricas do Norte\",\"TRF-1\",\"Venda da Amazonas Energia\"],\"articleSection\":[\"Destaque lista\",\"Geral\",\"iNFRAEnergia\"],\"inLanguage\":\"pt-BR\",\"copyrightYear\":\"2025\",\"copyrightHolder\":{\"@id\":\"https:\/\/agenciainfra.com\/blog\/#organization\"}},{\"@type\":\"WebPage\",\"@id\":\"https:\/\/agenciainfra.com\/blog\/justica-anula-conversao-de-contratos-da-ambar-e-impede-transferencia-sem-anuencia-da-cigas\/\",\"url\":\"https:\/\/agenciainfra.com\/blog\/justica-anula-conversao-de-contratos-da-ambar-e-impede-transferencia-sem-anuencia-da-cigas\/\",\"name\":\"Justi\u00e7a anula convers\u00e3o de contratos da \u00c2mbar e impede transfer\u00eancia sem anu\u00eancia da Cig\u00e1s - Ag\u00eancia iNFRA\",\"isPartOf\":{\"@id\":\"https:\/\/agenciainfra.com\/blog\/#website\"},\"primaryImageOfPage\":{\"@id\":\"https:\/\/agenciainfra.com\/blog\/justica-anula-conversao-de-contratos-da-ambar-e-impede-transferencia-sem-anuencia-da-cigas\/#primaryimage\"},\"image\":{\"@id\":\"https:\/\/agenciainfra.com\/blog\/justica-anula-conversao-de-contratos-da-ambar-e-impede-transferencia-sem-anuencia-da-cigas\/#primaryimage\"},\"thumbnailUrl\":\"https:\/\/agenciainfra.com\/blog\/wp-content\/uploads\/2020\/06\/mercado-de-gas-foto-divulgacao-cigas.jpg\",\"datePublished\":\"2025-01-07T12:00:00+00:00\",\"dateModified\":\"2025-01-08T15:24:16+00:00\",\"breadcrumb\":{\"@id\":\"https:\/\/agenciainfra.com\/blog\/justica-anula-conversao-de-contratos-da-ambar-e-impede-transferencia-sem-anuencia-da-cigas\/#breadcrumb\"},\"inLanguage\":\"pt-BR\",\"potentialAction\":[{\"@type\":\"ReadAction\",\"target\":[\"https:\/\/agenciainfra.com\/blog\/justica-anula-conversao-de-contratos-da-ambar-e-impede-transferencia-sem-anuencia-da-cigas\/\"]}]},{\"@type\":\"ImageObject\",\"inLanguage\":\"pt-BR\",\"@id\":\"https:\/\/agenciainfra.com\/blog\/justica-anula-conversao-de-contratos-da-ambar-e-impede-transferencia-sem-anuencia-da-cigas\/#primaryimage\",\"url\":\"https:\/\/agenciainfra.com\/blog\/wp-content\/uploads\/2020\/06\/mercado-de-gas-foto-divulgacao-cigas.jpg\",\"contentUrl\":\"https:\/\/agenciainfra.com\/blog\/wp-content\/uploads\/2020\/06\/mercado-de-gas-foto-divulgacao-cigas.jpg\",\"width\":888,\"height\":591},{\"@type\":\"BreadcrumbList\",\"@id\":\"https:\/\/agenciainfra.com\/blog\/justica-anula-conversao-de-contratos-da-ambar-e-impede-transferencia-sem-anuencia-da-cigas\/#breadcrumb\",\"itemListElement\":[{\"@type\":\"ListItem\",\"position\":1,\"name\":\"In\u00edcio\",\"item\":\"https:\/\/agenciainfra.com\/blog\/\"},{\"@type\":\"ListItem\",\"position\":2,\"name\":\"Justi\u00e7a anula convers\u00e3o de contratos da \u00c2mbar e impede transfer\u00eancia sem anu\u00eancia da Cig\u00e1s\"}]},{\"@type\":\"WebSite\",\"@id\":\"https:\/\/agenciainfra.com\/blog\/#website\",\"url\":\"https:\/\/agenciainfra.com\/blog\/\",\"name\":\"Ag\u00eancia iNFRA\",\"description\":\"Multiplataforma de informa\u00e7\u00e3o jornal\u00edstica refer\u00eancia na \u00e1rea de infraestrutura no Brasil!\",\"publisher\":{\"@id\":\"https:\/\/agenciainfra.com\/blog\/#organization\"},\"potentialAction\":[{\"@type\":\"SearchAction\",\"target\":{\"@type\":\"EntryPoint\",\"urlTemplate\":\"https:\/\/agenciainfra.com\/blog\/?s={search_term_string}\"},\"query-input\":{\"@type\":\"PropertyValueSpecification\",\"valueRequired\":true,\"valueName\":\"search_term_string\"}}],\"inLanguage\":\"pt-BR\"},{\"@type\":\"Organization\",\"@id\":\"https:\/\/agenciainfra.com\/blog\/#organization\",\"name\":\"Ag\u00eancia iNFRA\",\"url\":\"https:\/\/agenciainfra.com\/blog\/\",\"logo\":{\"@type\":\"ImageObject\",\"inLanguage\":\"pt-BR\",\"@id\":\"https:\/\/agenciainfra.com\/blog\/#\/schema\/logo\/image\/\",\"url\":\"https:\/\/agenciainfra.com\/blog\/wp-content\/uploads\/2023\/09\/iNFRA_5-e1761735885940.png\",\"contentUrl\":\"https:\/\/agenciainfra.com\/blog\/wp-content\/uploads\/2023\/09\/iNFRA_5-e1761735885940.png\",\"width\":1672,\"height\":454,\"caption\":\"Ag\u00eancia iNFRA\"},\"image\":{\"@id\":\"https:\/\/agenciainfra.com\/blog\/#\/schema\/logo\/image\/\"},\"sameAs\":[\"https:\/\/www.facebook.com\/ageninfra\",\"https:\/\/x.com\/agencia_infra\",\"https:\/\/www.linkedin.com\/company\/ag\u00eanciainfra\/\",\"https:\/\/www.instagram.com\/agenciainfra\/\"]},{\"@type\":\"Person\",\"@id\":\"https:\/\/agenciainfra.com\/blog\/#\/schema\/person\/34af08dff6adea4cb22b06612ba7acfa\",\"name\":\"Ag\u00eancia iNFRA\",\"image\":{\"@type\":\"ImageObject\",\"inLanguage\":\"pt-BR\",\"@id\":\"https:\/\/agenciainfra.com\/blog\/#\/schema\/person\/image\/\",\"url\":\"https:\/\/secure.gravatar.com\/avatar\/d189e01678f06d8eb84d4e01f08eb848b3fffe3f8443818d3c356c66892f5be8?s=96&d=mm&r=g\",\"contentUrl\":\"https:\/\/secure.gravatar.com\/avatar\/d189e01678f06d8eb84d4e01f08eb848b3fffe3f8443818d3c356c66892f5be8?s=96&d=mm&r=g\",\"caption\":\"Ag\u00eancia iNFRA\"},\"url\":\"https:\/\/agenciainfra.com\/blog\/author\/admin\/\"}]}<\/script>\n<!-- \/ Yoast SEO Premium plugin. -->","yoast_head_json":{"title":"Justi\u00e7a anula convers\u00e3o de contratos da \u00c2mbar e impede transfer\u00eancia sem anu\u00eancia da Cig\u00e1s - Ag\u00eancia iNFRA","robots":{"index":"index","follow":"follow","max-snippet":"max-snippet:-1","max-image-preview":"max-image-preview:large","max-video-preview":"max-video-preview:-1"},"canonical":"https:\/\/agenciainfra.com\/blog\/justica-anula-conversao-de-contratos-da-ambar-e-impede-transferencia-sem-anuencia-da-cigas\/","og_locale":"pt_BR","og_type":"article","og_title":"Justi\u00e7a anula convers\u00e3o de contratos da \u00c2mbar e impede transfer\u00eancia sem anu\u00eancia da Cig\u00e1s","og_description":"Marisa Wanzeller e Geraldo Campos Jr., da Ag\u00eancia iNFRA O desembargador Ney Bello, do TRF-1 (Tribunal Regional Federal da 1\u00aa Regi\u00e3o), concedeu\u00a0liminar\u00a0na \u00faltima segunda-feira (6) anulando a convers\u00e3o dos contratos de compra e venda de energia de t\u00e9rmicas do Norte vendidas da Eletrobras para a \u00c2mbar Energia, dos irm\u00e3os Wesley e Joesley Batista, em CER [&hellip;]","og_url":"https:\/\/agenciainfra.com\/blog\/justica-anula-conversao-de-contratos-da-ambar-e-impede-transferencia-sem-anuencia-da-cigas\/","og_site_name":"Ag\u00eancia iNFRA","article_publisher":"https:\/\/www.facebook.com\/ageninfra","article_published_time":"2025-01-07T12:00:00+00:00","article_modified_time":"2025-01-08T15:24:16+00:00","og_image":[{"width":888,"height":591,"url":"https:\/\/agenciainfra.com\/blog\/wp-content\/uploads\/2020\/06\/mercado-de-gas-foto-divulgacao-cigas.jpg","type":"image\/jpeg"}],"author":"Ag\u00eancia iNFRA","twitter_card":"summary_large_image","twitter_creator":"@agencia_infra","twitter_site":"@agencia_infra","twitter_misc":{"Escrito por":"Ag\u00eancia iNFRA","Est. tempo de leitura":"3 minutos"},"schema":{"@context":"https:\/\/schema.org","@graph":[{"@type":"Article","@id":"https:\/\/agenciainfra.com\/blog\/justica-anula-conversao-de-contratos-da-ambar-e-impede-transferencia-sem-anuencia-da-cigas\/#article","isPartOf":{"@id":"https:\/\/agenciainfra.com\/blog\/justica-anula-conversao-de-contratos-da-ambar-e-impede-transferencia-sem-anuencia-da-cigas\/"},"author":{"name":"Ag\u00eancia iNFRA","@id":"https:\/\/agenciainfra.com\/blog\/#\/schema\/person\/34af08dff6adea4cb22b06612ba7acfa"},"headline":"Justi\u00e7a anula convers\u00e3o de contratos da \u00c2mbar e impede transfer\u00eancia sem anu\u00eancia da Cig\u00e1s","datePublished":"2025-01-07T12:00:00+00:00","dateModified":"2025-01-08T15:24:16+00:00","mainEntityOfPage":{"@id":"https:\/\/agenciainfra.com\/blog\/justica-anula-conversao-de-contratos-da-ambar-e-impede-transferencia-sem-anuencia-da-cigas\/"},"wordCount":601,"publisher":{"@id":"https:\/\/agenciainfra.com\/blog\/#organization"},"image":{"@id":"https:\/\/agenciainfra.com\/blog\/justica-anula-conversao-de-contratos-da-ambar-e-impede-transferencia-sem-anuencia-da-cigas\/#primaryimage"},"thumbnailUrl":"https:\/\/agenciainfra.com\/blog\/wp-content\/uploads\/2020\/06\/mercado-de-gas-foto-divulgacao-cigas.jpg","keywords":["Amazonas Energia","\u00c2mbar","\u00c2mbar Energia","Carlos Suarez","Cig\u00e1s","Contratos de Energia de Reserva","Decis\u00e3o liminar","Eletrobras","Eletronorte","g\u00e1s canalizado","Geraldo Campos Jr.","Joesley e Wesley Batista","Marisa Wanzeller","Michel Temer","Ney Bello","Petrobras","termel\u00e9tricas","termel\u00e9tricas do Norte","TRF-1","Venda da Amazonas Energia"],"articleSection":["Destaque lista","Geral","iNFRAEnergia"],"inLanguage":"pt-BR","copyrightYear":"2025","copyrightHolder":{"@id":"https:\/\/agenciainfra.com\/blog\/#organization"}},{"@type":"WebPage","@id":"https:\/\/agenciainfra.com\/blog\/justica-anula-conversao-de-contratos-da-ambar-e-impede-transferencia-sem-anuencia-da-cigas\/","url":"https:\/\/agenciainfra.com\/blog\/justica-anula-conversao-de-contratos-da-ambar-e-impede-transferencia-sem-anuencia-da-cigas\/","name":"Justi\u00e7a anula convers\u00e3o de contratos da \u00c2mbar e impede transfer\u00eancia sem anu\u00eancia da Cig\u00e1s - Ag\u00eancia iNFRA","isPartOf":{"@id":"https:\/\/agenciainfra.com\/blog\/#website"},"primaryImageOfPage":{"@id":"https:\/\/agenciainfra.com\/blog\/justica-anula-conversao-de-contratos-da-ambar-e-impede-transferencia-sem-anuencia-da-cigas\/#primaryimage"},"image":{"@id":"https:\/\/agenciainfra.com\/blog\/justica-anula-conversao-de-contratos-da-ambar-e-impede-transferencia-sem-anuencia-da-cigas\/#primaryimage"},"thumbnailUrl":"https:\/\/agenciainfra.com\/blog\/wp-content\/uploads\/2020\/06\/mercado-de-gas-foto-divulgacao-cigas.jpg","datePublished":"2025-01-07T12:00:00+00:00","dateModified":"2025-01-08T15:24:16+00:00","breadcrumb":{"@id":"https:\/\/agenciainfra.com\/blog\/justica-anula-conversao-de-contratos-da-ambar-e-impede-transferencia-sem-anuencia-da-cigas\/#breadcrumb"},"inLanguage":"pt-BR","potentialAction":[{"@type":"ReadAction","target":["https:\/\/agenciainfra.com\/blog\/justica-anula-conversao-de-contratos-da-ambar-e-impede-transferencia-sem-anuencia-da-cigas\/"]}]},{"@type":"ImageObject","inLanguage":"pt-BR","@id":"https:\/\/agenciainfra.com\/blog\/justica-anula-conversao-de-contratos-da-ambar-e-impede-transferencia-sem-anuencia-da-cigas\/#primaryimage","url":"https:\/\/agenciainfra.com\/blog\/wp-content\/uploads\/2020\/06\/mercado-de-gas-foto-divulgacao-cigas.jpg","contentUrl":"https:\/\/agenciainfra.com\/blog\/wp-content\/uploads\/2020\/06\/mercado-de-gas-foto-divulgacao-cigas.jpg","width":888,"height":591},{"@type":"BreadcrumbList","@id":"https:\/\/agenciainfra.com\/blog\/justica-anula-conversao-de-contratos-da-ambar-e-impede-transferencia-sem-anuencia-da-cigas\/#breadcrumb","itemListElement":[{"@type":"ListItem","position":1,"name":"In\u00edcio","item":"https:\/\/agenciainfra.com\/blog\/"},{"@type":"ListItem","position":2,"name":"Justi\u00e7a anula convers\u00e3o de contratos da \u00c2mbar e impede transfer\u00eancia sem anu\u00eancia da Cig\u00e1s"}]},{"@type":"WebSite","@id":"https:\/\/agenciainfra.com\/blog\/#website","url":"https:\/\/agenciainfra.com\/blog\/","name":"Ag\u00eancia iNFRA","description":"Multiplataforma de informa\u00e7\u00e3o jornal\u00edstica refer\u00eancia na \u00e1rea de infraestrutura no Brasil!","publisher":{"@id":"https:\/\/agenciainfra.com\/blog\/#organization"},"potentialAction":[{"@type":"SearchAction","target":{"@type":"EntryPoint","urlTemplate":"https:\/\/agenciainfra.com\/blog\/?s={search_term_string}"},"query-input":{"@type":"PropertyValueSpecification","valueRequired":true,"valueName":"search_term_string"}}],"inLanguage":"pt-BR"},{"@type":"Organization","@id":"https:\/\/agenciainfra.com\/blog\/#organization","name":"Ag\u00eancia iNFRA","url":"https:\/\/agenciainfra.com\/blog\/","logo":{"@type":"ImageObject","inLanguage":"pt-BR","@id":"https:\/\/agenciainfra.com\/blog\/#\/schema\/logo\/image\/","url":"https:\/\/agenciainfra.com\/blog\/wp-content\/uploads\/2023\/09\/iNFRA_5-e1761735885940.png","contentUrl":"https:\/\/agenciainfra.com\/blog\/wp-content\/uploads\/2023\/09\/iNFRA_5-e1761735885940.png","width":1672,"height":454,"caption":"Ag\u00eancia iNFRA"},"image":{"@id":"https:\/\/agenciainfra.com\/blog\/#\/schema\/logo\/image\/"},"sameAs":["https:\/\/www.facebook.com\/ageninfra","https:\/\/x.com\/agencia_infra","https:\/\/www.linkedin.com\/company\/ag\u00eanciainfra\/","https:\/\/www.instagram.com\/agenciainfra\/"]},{"@type":"Person","@id":"https:\/\/agenciainfra.com\/blog\/#\/schema\/person\/34af08dff6adea4cb22b06612ba7acfa","name":"Ag\u00eancia iNFRA","image":{"@type":"ImageObject","inLanguage":"pt-BR","@id":"https:\/\/agenciainfra.com\/blog\/#\/schema\/person\/image\/","url":"https:\/\/secure.gravatar.com\/avatar\/d189e01678f06d8eb84d4e01f08eb848b3fffe3f8443818d3c356c66892f5be8?s=96&d=mm&r=g","contentUrl":"https:\/\/secure.gravatar.com\/avatar\/d189e01678f06d8eb84d4e01f08eb848b3fffe3f8443818d3c356c66892f5be8?s=96&d=mm&r=g","caption":"Ag\u00eancia iNFRA"},"url":"https:\/\/agenciainfra.com\/blog\/author\/admin\/"}]}},"_links":{"self":[{"href":"https:\/\/agenciainfra.com\/blog\/wp-json\/wp\/v2\/posts\/19928","targetHints":{"allow":["GET"]}}],"collection":[{"href":"https:\/\/agenciainfra.com\/blog\/wp-json\/wp\/v2\/posts"}],"about":[{"href":"https:\/\/agenciainfra.com\/blog\/wp-json\/wp\/v2\/types\/post"}],"author":[{"embeddable":true,"href":"https:\/\/agenciainfra.com\/blog\/wp-json\/wp\/v2\/users\/1"}],"replies":[{"embeddable":true,"href":"https:\/\/agenciainfra.com\/blog\/wp-json\/wp\/v2\/comments?post=19928"}],"version-history":[{"count":1,"href":"https:\/\/agenciainfra.com\/blog\/wp-json\/wp\/v2\/posts\/19928\/revisions"}],"predecessor-version":[{"id":19929,"href":"https:\/\/agenciainfra.com\/blog\/wp-json\/wp\/v2\/posts\/19928\/revisions\/19929"}],"wp:featuredmedia":[{"embeddable":true,"href":"https:\/\/agenciainfra.com\/blog\/wp-json\/wp\/v2\/media\/5204"}],"wp:attachment":[{"href":"https:\/\/agenciainfra.com\/blog\/wp-json\/wp\/v2\/media?parent=19928"}],"wp:term":[{"taxonomy":"category","embeddable":true,"href":"https:\/\/agenciainfra.com\/blog\/wp-json\/wp\/v2\/categories?post=19928"},{"taxonomy":"post_tag","embeddable":true,"href":"https:\/\/agenciainfra.com\/blog\/wp-json\/wp\/v2\/tags?post=19928"}],"curies":[{"name":"wp","href":"https:\/\/api.w.org\/{rel}","templated":true}]}}