{"id":19938,"date":"2025-01-08T09:00:00","date_gmt":"2025-01-08T12:00:00","guid":{"rendered":"https:\/\/agenciainfra.com\/blog\/?p=19938"},"modified":"2025-01-08T12:24:05","modified_gmt":"2025-01-08T15:24:05","slug":"ambar-diz-que-nao-cedera-a-pressao-sobre-termicas-apos-liminar-que-anulou-conversao-de-contratos","status":"publish","type":"post","link":"https:\/\/agenciainfra.com\/blog\/ambar-diz-que-nao-cedera-a-pressao-sobre-termicas-apos-liminar-que-anulou-conversao-de-contratos\/","title":{"rendered":"\u00c2mbar diz que n\u00e3o ceder\u00e1 \u00e0 press\u00e3o sobre t\u00e9rmicas ap\u00f3s liminar que anulou convers\u00e3o de contratos"},"content":{"rendered":"\n<p class=\"has-text-align-right\"><strong>Geraldo Campos Jr. e Marisa Wanzeller, da Ag\u00eancia iNFRA<\/strong><\/p>\n\n\n\n<p>A \u00c2mbar Energia afirmou nesta ter\u00e7a-feira (7) que \u201cn\u00e3o ceder\u00e1 \u00e0s seguidas press\u00f5es do empres\u00e1rio Carlos Suarez\u201d sobre o neg\u00f3cio envolvendo as t\u00e9rmicas compradas pela empresa no Norte. Em nota, a companhia do Grupo J&amp;F, dos irm\u00e3os Wesley e Joesley Batista, fez duras cr\u00edticas ao acionista da Cig\u00e1s (Companhia de G\u00e1s do Amazonas).<\/p>\n\n\n\n<p>O conflito entre os dois grupos se intensificou ainda em novembro de 2024, quando a \u00c2mbar acusou Suarez de tentar \u201cextrair benef\u00edcios de um neg\u00f3cio que n\u00e3o lhe diz respeito\u201d. E escalou depois da&nbsp;<a href=\"https:\/\/mcusercontent.com\/d460dd1bcf9ba0ae040e1fc0f\/files\/21545d04-9577-5cac-a384-4992c683e97e\/10291986320244013200_2165474593_Atojudicialdeinsta_nciasuperior_1_.pdf\" target=\"_blank\" rel=\"noreferrer noopener\">decis\u00e3o<\/a>&nbsp;emitida pelo desembargador Ney Bello, do TRF-1 (Tribunal Regional Federal da 1\u00aa Regi\u00e3o), na segunda-feira (6), que anulou a convers\u00e3o dos contratos de compra e venda de energia das t\u00e9rmicas em CER (Contratos de Energia de Reserva).<\/p>\n\n\n\n<p>Na nova nota de teor similar \u00e0 de novembro, a \u00c2mbar Energia diz que Suarez \u201ctenta criar dificuldades para obter vantagens ap\u00f3s perder um processo competitivo privado e acirrado\u201d, referindo-se \u00e0 compra das usinas nas m\u00e3os da Eletrobras, neg\u00f3cio que tamb\u00e9m tinha como interessado o empres\u00e1rio do setor de g\u00e1s natural.<\/p>\n\n\n\n<p>A empresa dos Batista afirma ainda que \u201ca nova tentativa de Suarez de extrair benef\u00edcios de um neg\u00f3cio que n\u00e3o lhe diz respeito deve ter o mesmo destino de seus ataques anteriores contra os interesses da \u00c2mbar: o fracasso\u201d.<\/p>\n\n\n\n<p><strong>Empresa nega riscos<\/strong><br>A companhia do grupo J&amp;F argumenta que a aquisi\u00e7\u00e3o das usinas t\u00e9rmicas da Eletrobras no Norte \u201cn\u00e3o afeta qualquer alegado direito da Cig\u00e1s e n\u00e3o altera as condi\u00e7\u00f5es e riscos de seus neg\u00f3cios&#8221;. Segundo fontes, a \u00c2mbar vai recorrer da decis\u00e3o que anulou a convers\u00e3o dos contratos e determinou que isso s\u00f3 ocorra com anu\u00eancia pr\u00e9via da Cig\u00e1s.&nbsp;<\/p>\n\n\n\n<p>Esse foi o argumento usado pela Cig\u00e1s na peti\u00e7\u00e3o, assinada pelo ex-presidente Michel Temer e protocolada junto ao plant\u00e3o judicial do TRF-1 no dia 3 de janeiro. A empresa sustentou que a convers\u00e3o \u201cacarretar\u00e1 um preju\u00edzo grave e irrevers\u00edvel, n\u00e3o apenas no plano financeiro, mas tamb\u00e9m institucional\u201d, como o risco de inadimpl\u00eancia pelo g\u00e1s fornecido pela companhia e de inviabiliza\u00e7\u00e3o da explora\u00e7\u00e3o do servi\u00e7o de g\u00e1s canalizado.&nbsp;<\/p>\n\n\n\n<p><strong>Caso vai para o presidente do TRF-1<\/strong><br>A decis\u00e3o de segunda inst\u00e2ncia no plant\u00e3o judicial anulou a liminar anterior concedida pela ju\u00edza Jaiza Fraxe, de primeiro grau. Com o fim do recesso forense, a decis\u00e3o foi encaminhada nesta ter\u00e7a-feira ao presidente do TRF-1, a quem cabe decidir o m\u00e9rito e quest\u00f5es incidentais sobre despachos proferidos no plant\u00e3o.<\/p>\n\n\n\n<p>Em outubro do ano passado, a ju\u00edza Jaiza, protagonista no processo de convers\u00e3o dos contratos das usinas e da transfer\u00eancia da Amazonas Energia para a \u00c2mbar, excluiu a distribuidora de g\u00e1s como parte judicial do processo. A decis\u00e3o ocorreu ap\u00f3s a Amazonas Energia argumentar que o contrato firmado entre a Cig\u00e1s, a Eletronorte e a Petrobras no estado n\u00e3o ser\u00e1 alterado com a opera\u00e7\u00e3o.<\/p>\n\n\n\n<p>A Cig\u00e1s chegou a pedir, em dezembro, a suspei\u00e7\u00e3o da magistrada sobre o caso, alegando \u201cfalta de isen\u00e7\u00e3o&#8221;. O pleito foi rejeitado pela ju\u00edza, que afirmou se tratar de uma \u201cestrat\u00e9gia ileg\u00edtima\u201d voltada para tentar suspender o curso do processo.<\/p>\n\n\n\n<p>Procurada pela&nbsp;<strong>Ag\u00eancia iNFRA<\/strong>, a Cig\u00e1s informou que n\u00e3o comentaria as declara\u00e7\u00f5es da \u00c2mbar e que seu posicionamento sobre o tema j\u00e1 foi devidamente manifestado nos autos do processo.<\/p>\n\n\n\n<p><strong>Leia a \u00edntegra da nota da \u00c2mbar Energia:<\/strong><br>\u201cA \u00c2mbar Energia n\u00e3o ceder\u00e1 \u00e0s seguidas press\u00f5es do empres\u00e1rio Carlos Suarez, que tenta criar dificuldades para obter vantagens ap\u00f3s perder um processo competitivo privado e acirrado.<\/p>\n\n\n\n<p>A aquisi\u00e7\u00e3o das usinas da Eletrobras pela \u00c2mbar Energia envolveu apenas os ativos, sem caixa e sem d\u00edvida, conforme tornado p\u00fablico em fato relevante. A transa\u00e7\u00e3o n\u00e3o afeta qualquer alegado direito da Cig\u00e1s e n\u00e3o altera as condi\u00e7\u00f5es e riscos de seus neg\u00f3cios.<\/p>\n\n\n\n<p>Esta nova tentativa de Suarez de extrair benef\u00edcios de um neg\u00f3cio que n\u00e3o lhe diz respeito deve ter o mesmo destino de seus ataques anteriores contra os interesses da \u00c2mbar: o fracasso.\u201d<\/p>\n","protected":false},"excerpt":{"rendered":"<p>Geraldo Campos Jr. e Marisa Wanzeller, da Ag\u00eancia iNFRA A \u00c2mbar Energia afirmou nesta ter\u00e7a-feira (7) que \u201cn\u00e3o ceder\u00e1 \u00e0s seguidas press\u00f5es do empres\u00e1rio Carlos Suarez\u201d sobre o neg\u00f3cio envolvendo as t\u00e9rmicas compradas pela empresa no Norte. Em nota, a companhia do Grupo J&amp;F, dos irm\u00e3os Wesley e Joesley Batista, fez duras cr\u00edticas ao acionista [&hellip;]<\/p>\n","protected":false},"author":1,"featured_media":10719,"comment_status":"closed","ping_status":"closed","sticky":false,"template":"","format":"standard","meta":{"_monsterinsights_skip_tracking":false,"_monsterinsights_sitenote_active":false,"_monsterinsights_sitenote_note":"","_monsterinsights_sitenote_category":0,"footnotes":""},"categories":[7250,1,10],"tags":[144,5678,5481,11510,2026,7836,12200,9059,50,1229,3713,11594,11970,7366,3367,12192,143,1154,11971,4766,11968],"class_list":["post-19938","post","type-post","status-publish","format-standard","has-post-thumbnail","hentry","category-destaque-lista","category-geral","category-infraenergia","tag-amazonas-energia","tag-ambar","tag-ambar-energia","tag-carlos-suarez","tag-cigas","tag-contratos-de-energia-de-reserva","tag-conversao-de-contratos","tag-decisao-liminar","tag-eletrobras","tag-eletronorte","tag-gas-canalizado","tag-geraldo-campos-jr","tag-joesley-e-wesley-batista","tag-marisa-wanzeller","tag-michel-temer","tag-ney-bello","tag-petrobras","tag-termeletricas","tag-termeletricas-do-norte","tag-trf-1","tag-venda-da-amazonas-energia"],"yoast_head":"<!-- This site is optimized with the Yoast SEO Premium plugin v25.4 (Yoast SEO v26.0) - https:\/\/yoast.com\/wordpress\/plugins\/seo\/ -->\n<title>\u00c2mbar diz que n\u00e3o ceder\u00e1 \u00e0 press\u00e3o sobre t\u00e9rmicas ap\u00f3s liminar que anulou convers\u00e3o de contratos - Ag\u00eancia iNFRA<\/title>\n<meta name=\"robots\" content=\"index, follow, max-snippet:-1, max-image-preview:large, max-video-preview:-1\" \/>\n<link rel=\"canonical\" href=\"https:\/\/agenciainfra.com\/blog\/ambar-diz-que-nao-cedera-a-pressao-sobre-termicas-apos-liminar-que-anulou-conversao-de-contratos\/\" \/>\n<meta property=\"og:locale\" content=\"pt_BR\" \/>\n<meta property=\"og:type\" content=\"article\" \/>\n<meta property=\"og:title\" content=\"\u00c2mbar diz que n\u00e3o ceder\u00e1 \u00e0 press\u00e3o sobre t\u00e9rmicas ap\u00f3s liminar que anulou convers\u00e3o de contratos\" \/>\n<meta property=\"og:description\" content=\"Geraldo Campos Jr. e Marisa Wanzeller, da Ag\u00eancia iNFRA A \u00c2mbar Energia afirmou nesta ter\u00e7a-feira (7) que \u201cn\u00e3o ceder\u00e1 \u00e0s seguidas press\u00f5es do empres\u00e1rio Carlos Suarez\u201d sobre o neg\u00f3cio envolvendo as t\u00e9rmicas compradas pela empresa no Norte. Em nota, a companhia do Grupo J&amp;F, dos irm\u00e3os Wesley e Joesley Batista, fez duras cr\u00edticas ao acionista [&hellip;]\" \/>\n<meta property=\"og:url\" content=\"https:\/\/agenciainfra.com\/blog\/ambar-diz-que-nao-cedera-a-pressao-sobre-termicas-apos-liminar-que-anulou-conversao-de-contratos\/\" \/>\n<meta property=\"og:site_name\" content=\"Ag\u00eancia iNFRA\" \/>\n<meta property=\"article:publisher\" content=\"https:\/\/www.facebook.com\/ageninfra\" \/>\n<meta property=\"article:published_time\" content=\"2025-01-08T12:00:00+00:00\" \/>\n<meta property=\"article:modified_time\" content=\"2025-01-08T15:24:05+00:00\" \/>\n<meta property=\"og:image\" content=\"https:\/\/agenciainfra.com\/blog\/wp-content\/uploads\/2022\/06\/usinas-termicas-foto-dominio-publico-pexels.jpeg\" \/>\n\t<meta property=\"og:image:width\" content=\"1300\" \/>\n\t<meta property=\"og:image:height\" content=\"867\" \/>\n\t<meta property=\"og:image:type\" content=\"image\/jpeg\" \/>\n<meta name=\"author\" content=\"Ag\u00eancia iNFRA\" \/>\n<meta name=\"twitter:card\" content=\"summary_large_image\" \/>\n<meta name=\"twitter:creator\" content=\"@agencia_infra\" \/>\n<meta name=\"twitter:site\" content=\"@agencia_infra\" \/>\n<meta name=\"twitter:label1\" content=\"Escrito por\" \/>\n\t<meta name=\"twitter:data1\" content=\"Ag\u00eancia iNFRA\" \/>\n\t<meta name=\"twitter:label2\" content=\"Est. tempo de leitura\" \/>\n\t<meta name=\"twitter:data2\" content=\"4 minutos\" \/>\n<script type=\"application\/ld+json\" class=\"yoast-schema-graph\">{\"@context\":\"https:\/\/schema.org\",\"@graph\":[{\"@type\":\"Article\",\"@id\":\"https:\/\/agenciainfra.com\/blog\/ambar-diz-que-nao-cedera-a-pressao-sobre-termicas-apos-liminar-que-anulou-conversao-de-contratos\/#article\",\"isPartOf\":{\"@id\":\"https:\/\/agenciainfra.com\/blog\/ambar-diz-que-nao-cedera-a-pressao-sobre-termicas-apos-liminar-que-anulou-conversao-de-contratos\/\"},\"author\":{\"name\":\"Ag\u00eancia iNFRA\",\"@id\":\"https:\/\/agenciainfra.com\/blog\/#\/schema\/person\/34af08dff6adea4cb22b06612ba7acfa\"},\"headline\":\"\u00c2mbar diz que n\u00e3o ceder\u00e1 \u00e0 press\u00e3o sobre t\u00e9rmicas ap\u00f3s liminar que anulou convers\u00e3o de contratos\",\"datePublished\":\"2025-01-08T12:00:00+00:00\",\"dateModified\":\"2025-01-08T15:24:05+00:00\",\"mainEntityOfPage\":{\"@id\":\"https:\/\/agenciainfra.com\/blog\/ambar-diz-que-nao-cedera-a-pressao-sobre-termicas-apos-liminar-que-anulou-conversao-de-contratos\/\"},\"wordCount\":771,\"publisher\":{\"@id\":\"https:\/\/agenciainfra.com\/blog\/#organization\"},\"image\":{\"@id\":\"https:\/\/agenciainfra.com\/blog\/ambar-diz-que-nao-cedera-a-pressao-sobre-termicas-apos-liminar-que-anulou-conversao-de-contratos\/#primaryimage\"},\"thumbnailUrl\":\"https:\/\/agenciainfra.com\/blog\/wp-content\/uploads\/2022\/06\/usinas-termicas-foto-dominio-publico-pexels-e1748859394761.jpeg\",\"keywords\":[\"Amazonas Energia\",\"\u00c2mbar\",\"\u00c2mbar Energia\",\"Carlos Suarez\",\"Cig\u00e1s\",\"Contratos de Energia de Reserva\",\"convers\u00e3o de contratos\",\"Decis\u00e3o liminar\",\"Eletrobras\",\"Eletronorte\",\"g\u00e1s canalizado\",\"Geraldo Campos Jr.\",\"Joesley e Wesley Batista\",\"Marisa Wanzeller\",\"Michel Temer\",\"Ney Bello\",\"Petrobras\",\"termel\u00e9tricas\",\"termel\u00e9tricas do Norte\",\"TRF-1\",\"Venda da Amazonas Energia\"],\"articleSection\":[\"Destaque lista\",\"Geral\",\"iNFRAEnergia\"],\"inLanguage\":\"pt-BR\",\"copyrightYear\":\"2025\",\"copyrightHolder\":{\"@id\":\"https:\/\/agenciainfra.com\/blog\/#organization\"}},{\"@type\":\"WebPage\",\"@id\":\"https:\/\/agenciainfra.com\/blog\/ambar-diz-que-nao-cedera-a-pressao-sobre-termicas-apos-liminar-que-anulou-conversao-de-contratos\/\",\"url\":\"https:\/\/agenciainfra.com\/blog\/ambar-diz-que-nao-cedera-a-pressao-sobre-termicas-apos-liminar-que-anulou-conversao-de-contratos\/\",\"name\":\"\u00c2mbar diz que n\u00e3o ceder\u00e1 \u00e0 press\u00e3o sobre t\u00e9rmicas ap\u00f3s liminar que anulou convers\u00e3o de contratos - Ag\u00eancia iNFRA\",\"isPartOf\":{\"@id\":\"https:\/\/agenciainfra.com\/blog\/#website\"},\"primaryImageOfPage\":{\"@id\":\"https:\/\/agenciainfra.com\/blog\/ambar-diz-que-nao-cedera-a-pressao-sobre-termicas-apos-liminar-que-anulou-conversao-de-contratos\/#primaryimage\"},\"image\":{\"@id\":\"https:\/\/agenciainfra.com\/blog\/ambar-diz-que-nao-cedera-a-pressao-sobre-termicas-apos-liminar-que-anulou-conversao-de-contratos\/#primaryimage\"},\"thumbnailUrl\":\"https:\/\/agenciainfra.com\/blog\/wp-content\/uploads\/2022\/06\/usinas-termicas-foto-dominio-publico-pexels-e1748859394761.jpeg\",\"datePublished\":\"2025-01-08T12:00:00+00:00\",\"dateModified\":\"2025-01-08T15:24:05+00:00\",\"breadcrumb\":{\"@id\":\"https:\/\/agenciainfra.com\/blog\/ambar-diz-que-nao-cedera-a-pressao-sobre-termicas-apos-liminar-que-anulou-conversao-de-contratos\/#breadcrumb\"},\"inLanguage\":\"pt-BR\",\"potentialAction\":[{\"@type\":\"ReadAction\",\"target\":[\"https:\/\/agenciainfra.com\/blog\/ambar-diz-que-nao-cedera-a-pressao-sobre-termicas-apos-liminar-que-anulou-conversao-de-contratos\/\"]}]},{\"@type\":\"ImageObject\",\"inLanguage\":\"pt-BR\",\"@id\":\"https:\/\/agenciainfra.com\/blog\/ambar-diz-que-nao-cedera-a-pressao-sobre-termicas-apos-liminar-que-anulou-conversao-de-contratos\/#primaryimage\",\"url\":\"https:\/\/agenciainfra.com\/blog\/wp-content\/uploads\/2022\/06\/usinas-termicas-foto-dominio-publico-pexels-e1748859394761.jpeg\",\"contentUrl\":\"https:\/\/agenciainfra.com\/blog\/wp-content\/uploads\/2022\/06\/usinas-termicas-foto-dominio-publico-pexels-e1748859394761.jpeg\",\"width\":1276,\"height\":780,\"caption\":\"Foto: Dom\u00ednio P\u00fablico\"},{\"@type\":\"BreadcrumbList\",\"@id\":\"https:\/\/agenciainfra.com\/blog\/ambar-diz-que-nao-cedera-a-pressao-sobre-termicas-apos-liminar-que-anulou-conversao-de-contratos\/#breadcrumb\",\"itemListElement\":[{\"@type\":\"ListItem\",\"position\":1,\"name\":\"In\u00edcio\",\"item\":\"https:\/\/agenciainfra.com\/blog\/\"},{\"@type\":\"ListItem\",\"position\":2,\"name\":\"\u00c2mbar diz que n\u00e3o ceder\u00e1 \u00e0 press\u00e3o sobre t\u00e9rmicas ap\u00f3s liminar que anulou convers\u00e3o de contratos\"}]},{\"@type\":\"WebSite\",\"@id\":\"https:\/\/agenciainfra.com\/blog\/#website\",\"url\":\"https:\/\/agenciainfra.com\/blog\/\",\"name\":\"Ag\u00eancia iNFRA\",\"description\":\"Multiplataforma de informa\u00e7\u00e3o jornal\u00edstica refer\u00eancia na \u00e1rea de infraestrutura no Brasil!\",\"publisher\":{\"@id\":\"https:\/\/agenciainfra.com\/blog\/#organization\"},\"potentialAction\":[{\"@type\":\"SearchAction\",\"target\":{\"@type\":\"EntryPoint\",\"urlTemplate\":\"https:\/\/agenciainfra.com\/blog\/?s={search_term_string}\"},\"query-input\":{\"@type\":\"PropertyValueSpecification\",\"valueRequired\":true,\"valueName\":\"search_term_string\"}}],\"inLanguage\":\"pt-BR\"},{\"@type\":\"Organization\",\"@id\":\"https:\/\/agenciainfra.com\/blog\/#organization\",\"name\":\"Ag\u00eancia iNFRA\",\"url\":\"https:\/\/agenciainfra.com\/blog\/\",\"logo\":{\"@type\":\"ImageObject\",\"inLanguage\":\"pt-BR\",\"@id\":\"https:\/\/agenciainfra.com\/blog\/#\/schema\/logo\/image\/\",\"url\":\"https:\/\/agenciainfra.com\/blog\/wp-content\/uploads\/2023\/09\/iNFRA_5-e1761735885940.png\",\"contentUrl\":\"https:\/\/agenciainfra.com\/blog\/wp-content\/uploads\/2023\/09\/iNFRA_5-e1761735885940.png\",\"width\":1672,\"height\":454,\"caption\":\"Ag\u00eancia iNFRA\"},\"image\":{\"@id\":\"https:\/\/agenciainfra.com\/blog\/#\/schema\/logo\/image\/\"},\"sameAs\":[\"https:\/\/www.facebook.com\/ageninfra\",\"https:\/\/x.com\/agencia_infra\",\"https:\/\/www.linkedin.com\/company\/ag\u00eanciainfra\/\",\"https:\/\/www.instagram.com\/agenciainfra\/\"]},{\"@type\":\"Person\",\"@id\":\"https:\/\/agenciainfra.com\/blog\/#\/schema\/person\/34af08dff6adea4cb22b06612ba7acfa\",\"name\":\"Ag\u00eancia iNFRA\",\"image\":{\"@type\":\"ImageObject\",\"inLanguage\":\"pt-BR\",\"@id\":\"https:\/\/agenciainfra.com\/blog\/#\/schema\/person\/image\/\",\"url\":\"https:\/\/secure.gravatar.com\/avatar\/d189e01678f06d8eb84d4e01f08eb848b3fffe3f8443818d3c356c66892f5be8?s=96&d=mm&r=g\",\"contentUrl\":\"https:\/\/secure.gravatar.com\/avatar\/d189e01678f06d8eb84d4e01f08eb848b3fffe3f8443818d3c356c66892f5be8?s=96&d=mm&r=g\",\"caption\":\"Ag\u00eancia iNFRA\"},\"url\":\"https:\/\/agenciainfra.com\/blog\/author\/admin\/\"}]}<\/script>\n<!-- \/ Yoast SEO Premium plugin. -->","yoast_head_json":{"title":"\u00c2mbar diz que n\u00e3o ceder\u00e1 \u00e0 press\u00e3o sobre t\u00e9rmicas ap\u00f3s liminar que anulou convers\u00e3o de contratos - Ag\u00eancia iNFRA","robots":{"index":"index","follow":"follow","max-snippet":"max-snippet:-1","max-image-preview":"max-image-preview:large","max-video-preview":"max-video-preview:-1"},"canonical":"https:\/\/agenciainfra.com\/blog\/ambar-diz-que-nao-cedera-a-pressao-sobre-termicas-apos-liminar-que-anulou-conversao-de-contratos\/","og_locale":"pt_BR","og_type":"article","og_title":"\u00c2mbar diz que n\u00e3o ceder\u00e1 \u00e0 press\u00e3o sobre t\u00e9rmicas ap\u00f3s liminar que anulou convers\u00e3o de contratos","og_description":"Geraldo Campos Jr. e Marisa Wanzeller, da Ag\u00eancia iNFRA A \u00c2mbar Energia afirmou nesta ter\u00e7a-feira (7) que \u201cn\u00e3o ceder\u00e1 \u00e0s seguidas press\u00f5es do empres\u00e1rio Carlos Suarez\u201d sobre o neg\u00f3cio envolvendo as t\u00e9rmicas compradas pela empresa no Norte. Em nota, a companhia do Grupo J&amp;F, dos irm\u00e3os Wesley e Joesley Batista, fez duras cr\u00edticas ao acionista [&hellip;]","og_url":"https:\/\/agenciainfra.com\/blog\/ambar-diz-que-nao-cedera-a-pressao-sobre-termicas-apos-liminar-que-anulou-conversao-de-contratos\/","og_site_name":"Ag\u00eancia iNFRA","article_publisher":"https:\/\/www.facebook.com\/ageninfra","article_published_time":"2025-01-08T12:00:00+00:00","article_modified_time":"2025-01-08T15:24:05+00:00","og_image":[{"width":1300,"height":867,"url":"https:\/\/agenciainfra.com\/blog\/wp-content\/uploads\/2022\/06\/usinas-termicas-foto-dominio-publico-pexels.jpeg","type":"image\/jpeg"}],"author":"Ag\u00eancia iNFRA","twitter_card":"summary_large_image","twitter_creator":"@agencia_infra","twitter_site":"@agencia_infra","twitter_misc":{"Escrito por":"Ag\u00eancia iNFRA","Est. tempo de leitura":"4 minutos"},"schema":{"@context":"https:\/\/schema.org","@graph":[{"@type":"Article","@id":"https:\/\/agenciainfra.com\/blog\/ambar-diz-que-nao-cedera-a-pressao-sobre-termicas-apos-liminar-que-anulou-conversao-de-contratos\/#article","isPartOf":{"@id":"https:\/\/agenciainfra.com\/blog\/ambar-diz-que-nao-cedera-a-pressao-sobre-termicas-apos-liminar-que-anulou-conversao-de-contratos\/"},"author":{"name":"Ag\u00eancia iNFRA","@id":"https:\/\/agenciainfra.com\/blog\/#\/schema\/person\/34af08dff6adea4cb22b06612ba7acfa"},"headline":"\u00c2mbar diz que n\u00e3o ceder\u00e1 \u00e0 press\u00e3o sobre t\u00e9rmicas ap\u00f3s liminar que anulou convers\u00e3o de contratos","datePublished":"2025-01-08T12:00:00+00:00","dateModified":"2025-01-08T15:24:05+00:00","mainEntityOfPage":{"@id":"https:\/\/agenciainfra.com\/blog\/ambar-diz-que-nao-cedera-a-pressao-sobre-termicas-apos-liminar-que-anulou-conversao-de-contratos\/"},"wordCount":771,"publisher":{"@id":"https:\/\/agenciainfra.com\/blog\/#organization"},"image":{"@id":"https:\/\/agenciainfra.com\/blog\/ambar-diz-que-nao-cedera-a-pressao-sobre-termicas-apos-liminar-que-anulou-conversao-de-contratos\/#primaryimage"},"thumbnailUrl":"https:\/\/agenciainfra.com\/blog\/wp-content\/uploads\/2022\/06\/usinas-termicas-foto-dominio-publico-pexels-e1748859394761.jpeg","keywords":["Amazonas Energia","\u00c2mbar","\u00c2mbar Energia","Carlos Suarez","Cig\u00e1s","Contratos de Energia de Reserva","convers\u00e3o de contratos","Decis\u00e3o liminar","Eletrobras","Eletronorte","g\u00e1s canalizado","Geraldo Campos Jr.","Joesley e Wesley Batista","Marisa Wanzeller","Michel Temer","Ney Bello","Petrobras","termel\u00e9tricas","termel\u00e9tricas do Norte","TRF-1","Venda da Amazonas Energia"],"articleSection":["Destaque lista","Geral","iNFRAEnergia"],"inLanguage":"pt-BR","copyrightYear":"2025","copyrightHolder":{"@id":"https:\/\/agenciainfra.com\/blog\/#organization"}},{"@type":"WebPage","@id":"https:\/\/agenciainfra.com\/blog\/ambar-diz-que-nao-cedera-a-pressao-sobre-termicas-apos-liminar-que-anulou-conversao-de-contratos\/","url":"https:\/\/agenciainfra.com\/blog\/ambar-diz-que-nao-cedera-a-pressao-sobre-termicas-apos-liminar-que-anulou-conversao-de-contratos\/","name":"\u00c2mbar diz que n\u00e3o ceder\u00e1 \u00e0 press\u00e3o sobre t\u00e9rmicas ap\u00f3s liminar que anulou convers\u00e3o de contratos - Ag\u00eancia iNFRA","isPartOf":{"@id":"https:\/\/agenciainfra.com\/blog\/#website"},"primaryImageOfPage":{"@id":"https:\/\/agenciainfra.com\/blog\/ambar-diz-que-nao-cedera-a-pressao-sobre-termicas-apos-liminar-que-anulou-conversao-de-contratos\/#primaryimage"},"image":{"@id":"https:\/\/agenciainfra.com\/blog\/ambar-diz-que-nao-cedera-a-pressao-sobre-termicas-apos-liminar-que-anulou-conversao-de-contratos\/#primaryimage"},"thumbnailUrl":"https:\/\/agenciainfra.com\/blog\/wp-content\/uploads\/2022\/06\/usinas-termicas-foto-dominio-publico-pexels-e1748859394761.jpeg","datePublished":"2025-01-08T12:00:00+00:00","dateModified":"2025-01-08T15:24:05+00:00","breadcrumb":{"@id":"https:\/\/agenciainfra.com\/blog\/ambar-diz-que-nao-cedera-a-pressao-sobre-termicas-apos-liminar-que-anulou-conversao-de-contratos\/#breadcrumb"},"inLanguage":"pt-BR","potentialAction":[{"@type":"ReadAction","target":["https:\/\/agenciainfra.com\/blog\/ambar-diz-que-nao-cedera-a-pressao-sobre-termicas-apos-liminar-que-anulou-conversao-de-contratos\/"]}]},{"@type":"ImageObject","inLanguage":"pt-BR","@id":"https:\/\/agenciainfra.com\/blog\/ambar-diz-que-nao-cedera-a-pressao-sobre-termicas-apos-liminar-que-anulou-conversao-de-contratos\/#primaryimage","url":"https:\/\/agenciainfra.com\/blog\/wp-content\/uploads\/2022\/06\/usinas-termicas-foto-dominio-publico-pexels-e1748859394761.jpeg","contentUrl":"https:\/\/agenciainfra.com\/blog\/wp-content\/uploads\/2022\/06\/usinas-termicas-foto-dominio-publico-pexels-e1748859394761.jpeg","width":1276,"height":780,"caption":"Foto: Dom\u00ednio P\u00fablico"},{"@type":"BreadcrumbList","@id":"https:\/\/agenciainfra.com\/blog\/ambar-diz-que-nao-cedera-a-pressao-sobre-termicas-apos-liminar-que-anulou-conversao-de-contratos\/#breadcrumb","itemListElement":[{"@type":"ListItem","position":1,"name":"In\u00edcio","item":"https:\/\/agenciainfra.com\/blog\/"},{"@type":"ListItem","position":2,"name":"\u00c2mbar diz que n\u00e3o ceder\u00e1 \u00e0 press\u00e3o sobre t\u00e9rmicas ap\u00f3s liminar que anulou convers\u00e3o de contratos"}]},{"@type":"WebSite","@id":"https:\/\/agenciainfra.com\/blog\/#website","url":"https:\/\/agenciainfra.com\/blog\/","name":"Ag\u00eancia iNFRA","description":"Multiplataforma de informa\u00e7\u00e3o jornal\u00edstica refer\u00eancia na \u00e1rea de infraestrutura no Brasil!","publisher":{"@id":"https:\/\/agenciainfra.com\/blog\/#organization"},"potentialAction":[{"@type":"SearchAction","target":{"@type":"EntryPoint","urlTemplate":"https:\/\/agenciainfra.com\/blog\/?s={search_term_string}"},"query-input":{"@type":"PropertyValueSpecification","valueRequired":true,"valueName":"search_term_string"}}],"inLanguage":"pt-BR"},{"@type":"Organization","@id":"https:\/\/agenciainfra.com\/blog\/#organization","name":"Ag\u00eancia iNFRA","url":"https:\/\/agenciainfra.com\/blog\/","logo":{"@type":"ImageObject","inLanguage":"pt-BR","@id":"https:\/\/agenciainfra.com\/blog\/#\/schema\/logo\/image\/","url":"https:\/\/agenciainfra.com\/blog\/wp-content\/uploads\/2023\/09\/iNFRA_5-e1761735885940.png","contentUrl":"https:\/\/agenciainfra.com\/blog\/wp-content\/uploads\/2023\/09\/iNFRA_5-e1761735885940.png","width":1672,"height":454,"caption":"Ag\u00eancia iNFRA"},"image":{"@id":"https:\/\/agenciainfra.com\/blog\/#\/schema\/logo\/image\/"},"sameAs":["https:\/\/www.facebook.com\/ageninfra","https:\/\/x.com\/agencia_infra","https:\/\/www.linkedin.com\/company\/ag\u00eanciainfra\/","https:\/\/www.instagram.com\/agenciainfra\/"]},{"@type":"Person","@id":"https:\/\/agenciainfra.com\/blog\/#\/schema\/person\/34af08dff6adea4cb22b06612ba7acfa","name":"Ag\u00eancia iNFRA","image":{"@type":"ImageObject","inLanguage":"pt-BR","@id":"https:\/\/agenciainfra.com\/blog\/#\/schema\/person\/image\/","url":"https:\/\/secure.gravatar.com\/avatar\/d189e01678f06d8eb84d4e01f08eb848b3fffe3f8443818d3c356c66892f5be8?s=96&d=mm&r=g","contentUrl":"https:\/\/secure.gravatar.com\/avatar\/d189e01678f06d8eb84d4e01f08eb848b3fffe3f8443818d3c356c66892f5be8?s=96&d=mm&r=g","caption":"Ag\u00eancia iNFRA"},"url":"https:\/\/agenciainfra.com\/blog\/author\/admin\/"}]}},"_links":{"self":[{"href":"https:\/\/agenciainfra.com\/blog\/wp-json\/wp\/v2\/posts\/19938","targetHints":{"allow":["GET"]}}],"collection":[{"href":"https:\/\/agenciainfra.com\/blog\/wp-json\/wp\/v2\/posts"}],"about":[{"href":"https:\/\/agenciainfra.com\/blog\/wp-json\/wp\/v2\/types\/post"}],"author":[{"embeddable":true,"href":"https:\/\/agenciainfra.com\/blog\/wp-json\/wp\/v2\/users\/1"}],"replies":[{"embeddable":true,"href":"https:\/\/agenciainfra.com\/blog\/wp-json\/wp\/v2\/comments?post=19938"}],"version-history":[{"count":1,"href":"https:\/\/agenciainfra.com\/blog\/wp-json\/wp\/v2\/posts\/19938\/revisions"}],"predecessor-version":[{"id":19939,"href":"https:\/\/agenciainfra.com\/blog\/wp-json\/wp\/v2\/posts\/19938\/revisions\/19939"}],"wp:featuredmedia":[{"embeddable":true,"href":"https:\/\/agenciainfra.com\/blog\/wp-json\/wp\/v2\/media\/10719"}],"wp:attachment":[{"href":"https:\/\/agenciainfra.com\/blog\/wp-json\/wp\/v2\/media?parent=19938"}],"wp:term":[{"taxonomy":"category","embeddable":true,"href":"https:\/\/agenciainfra.com\/blog\/wp-json\/wp\/v2\/categories?post=19938"},{"taxonomy":"post_tag","embeddable":true,"href":"https:\/\/agenciainfra.com\/blog\/wp-json\/wp\/v2\/tags?post=19938"}],"curies":[{"name":"wp","href":"https:\/\/api.w.org\/{rel}","templated":true}]}}