{"id":19949,"date":"2025-01-10T10:00:00","date_gmt":"2025-01-10T13:00:00","guid":{"rendered":"https:\/\/agenciainfra.com\/blog\/?p=19949"},"modified":"2025-01-13T09:52:23","modified_gmt":"2025-01-13T12:52:23","slug":"banco-do-brasil-avanca-em-garantias-para-ppps-e-concessoes-e-avalia-entrar-em-estruturacao","status":"publish","type":"post","link":"https:\/\/agenciainfra.com\/blog\/banco-do-brasil-avanca-em-garantias-para-ppps-e-concessoes-e-avalia-entrar-em-estruturacao\/","title":{"rendered":"Banco do Brasil avan\u00e7a em garantias e capacita\u00e7\u00e3o para PPPs e concess\u00f5es e avalia entrar em estrutura\u00e7\u00e3o"},"content":{"rendered":"\n<p class=\"has-text-align-right\"><strong>Dimmi Amora, da Ag\u00eancia iNFRA<\/strong><\/p>\n\n\n\n<p>Ter novos modelos para emitir e administrar garantias contratuais em contratos de parceria entre os setores p\u00fablico e privado e ajudar na qualifica\u00e7\u00e3o dos servidores para esses contratos foi a forma como o Banco do Brasil fincou seu p\u00e9 no setor de concess\u00f5es e PPPs (Parcerias P\u00fablico-Privadas) desde o ano passado.<\/p>\n\n\n\n<p>Os programas nessas duas \u00e1reas est\u00e3o a pleno vapor no banco, que quer usar sua capilaridade com os agentes p\u00fablicos para ampliar sua participa\u00e7\u00e3o no ecossistema de concess\u00f5es e PPPs, enquanto avalia a possibilidade de ser mais um agente na estrutura\u00e7\u00e3o dos projetos para essa parceria, disse o gerente-geral da Unidade Estrat\u00e9gia Governo do banco, Jos\u00e9 Alves Cardoso, em entrevista \u00e0 <strong>Ag\u00eancia iNFRA<\/strong>.<\/p>\n\n\n\n<p>&#8220;Avaliamos a possibilidade de atuar na estrutura\u00e7\u00e3o de PPPs e concess\u00f5es. Mas a gente encontrou duas avenidas para atuar neste momento, onde a gente consegue colocar a nossa estrutura e expertise em favor do ecossistema&#8221;, explicou Cardoso.<\/p>\n\n\n\n<p>No caso das garantias, Cardoso informou que o banco j\u00e1 tem uma atua\u00e7\u00e3o nessa \u00e1rea h\u00e1 anos e decidiu dar mais \u00eanfase, ampliando sua capacidade interna. Segundo ele, uma parte relevante para contratos de longo prazo \u00e9 o gerenciamento dessas garantias.<\/p>\n\n\n\n<p>&#8220;S\u00e3o contratos de longo prazo e essas garantias t\u00eam que ser geridas nesse tempo. Para isso, tem que ter sistemas para controlar, equipes especializadas para acompanhar e executar quando necess\u00e1rio&#8221;, lembrou. &#8220;Nosso objetivo \u00e9 estar na vanguarda na estrutura\u00e7\u00e3o de garantias para PPPs.&#8221;<\/p>\n\n\n\n<p>Cada contrato de parceria tem diferentes necessidades de garantias, do leil\u00e3o \u00e0 etapa de execu\u00e7\u00e3o. No caso dos modelos de garantias, a ideia no banco \u00e9 tamb\u00e9m criar novos, especialmente porque \u00e9 o Banco do Brasil o respons\u00e1vel por gerenciar diversos fundos p\u00fablicos que podem ser usados para lastrear essas opera\u00e7\u00f5es.<\/p>\n\n\n\n<p>&#8220;Iremos fazer um projeto-piloto com garantia do Fundeb para uma PPP de educa\u00e7\u00e3o em parceria com o BNDES. Estamos desenvolvendo essas novas alternativas&#8221;, explicou o gerente-geral, citando tamb\u00e9m uma opera\u00e7\u00e3o de cr\u00e9dito com aval da Uni\u00e3o como mecanismo de garantia para contratos de parceria, que est\u00e1 em avalia\u00e7\u00e3o.<\/p>\n\n\n\n<p>&#8220;Queremos participar das garantias desde a estrutura\u00e7\u00e3o. Colocar nossa expertise em todo o processo. Porque, junto com o subnacional e o estruturador, podemos ajudar a debater o melhor modelo de garantia a estruturar, estudando possibilidades de forma conjugada, se for preciso&#8221;, disse Cardoso.<\/p>\n\n\n\n<p><strong>Treinamento<\/strong><br>O outro caminho j\u00e1 em andamento no banco para essa \u00e1rea \u00e9 trabalhar na capacita\u00e7\u00e3o profissional para parcerias, especialmente nos subnacionais. Para isso, o banco se utiliza de recursos que uma portaria do Tesouro Nacional (808\/2023) destinou para essa finalidade, quando h\u00e1 opera\u00e7\u00f5es de cr\u00e9dito para subnacionais com aval da Uni\u00e3o.<\/p>\n\n\n\n<p>Nesses casos, o banco tem que destinar contrapartida de 0,5% do valor da opera\u00e7\u00e3o para finalidades que incluem treinamento. S\u00f3 em 2023, o banco destinou R$ 18 bilh\u00f5es nessas opera\u00e7\u00f5es. Segundo o gerente-geral, j\u00e1 foram firmados acordos com institui\u00e7\u00f5es de ensino para criar diferentes tipos de cursos, dos mais elementares aos mais avan\u00e7ados, para formar pessoal nos estados e munic\u00edpios.<\/p>\n\n\n\n<p>&#8220;Essa portaria traz inova\u00e7\u00e3o porque assegura que \u00e9 uma estrat\u00e9gia continuada. H\u00e1 um fluxo cont\u00ednuo de recursos, n\u00e3o nasce hoje e no semestre que vem n\u00e3o tem mais&#8221;, explicou Cardoso, lembrando que a inten\u00e7\u00e3o \u00e9 produzir capacita\u00e7\u00f5es em escala, para todo Brasil, e de gra\u00e7a para o agente p\u00fablico.<\/p>\n\n\n\n<p><strong>Estrutura\u00e7\u00e3o<\/strong><br>Em rela\u00e7\u00e3o \u00e0 estrutura\u00e7\u00e3o de projetos, Cardoso disse que o banco segue avaliando com que configura\u00e7\u00e3o, e timing para isso, poderia entrar. Dos bancos p\u00fablicos, BNDES e Caixa j\u00e1 trabalham coordenando essas estrutura\u00e7\u00f5es h\u00e1 alguns anos. Outros bancos p\u00fablicos tamb\u00e9m anunciaram inten\u00e7\u00e3o de avan\u00e7ar nesse caminho, entre eles bancos de desenvolvimento regional.<\/p>\n\n\n\n<p>Cardoso informou que foi contratada uma consultoria externa para ajudar a avaliar o cen\u00e1rio, mas que uma decis\u00e3o ainda est\u00e1 em discuss\u00e3o e avalia\u00e7\u00e3o pelo banco.<\/p>\n\n\n\n<p>&#8220;O banco tem uma vis\u00e3o de como a gente pode ajudar de forma relevante no processo. Queremos ocupar um espa\u00e7o relevante e isso requer um n\u00edvel elevado de investimento. Onde encontramos mais clareza para atuar, foi nessas duas \u00e1reas, garantias e a capacita\u00e7\u00e3o&#8221;, afirmou o gerente-geral, lembrando que os dois setores s\u00e3o relevantes e j\u00e1 mostram resultados na transforma\u00e7\u00e3o do ambiente de neg\u00f3cios nas parcerias com a iniciativa privada.<\/p>\n","protected":false},"excerpt":{"rendered":"<p>Dimmi Amora, da Ag\u00eancia iNFRA Ter novos modelos para emitir e administrar garantias contratuais em contratos de parceria entre os setores p\u00fablico e privado e ajudar na qualifica\u00e7\u00e3o dos servidores para esses contratos foi a forma como o Banco do Brasil fincou seu p\u00e9 no setor de concess\u00f5es e PPPs (Parcerias P\u00fablico-Privadas) desde o ano [&hellip;]<\/p>\n","protected":false},"author":1,"featured_media":5101,"comment_status":"closed","ping_status":"closed","sticky":false,"template":"","format":"standard","meta":{"_monsterinsights_skip_tracking":false,"_monsterinsights_sitenote_active":false,"_monsterinsights_sitenote_note":"","_monsterinsights_sitenote_category":0,"footnotes":""},"categories":[9714,1,7],"tags":[1051,103,78,1299,3013,12205,406,12019],"class_list":["post-19949","post","type-post","status-publish","format-standard","has-post-thumbnail","hentry","category-destaque-menor","category-geral","category-infratransporte","tag-banco-do-brasil","tag-bndes","tag-concessoes","tag-dimmi-amora","tag-estruturacao-de-projetos","tag-jose-alves-cardoso","tag-ppps","tag-ppps-e-concessoes"],"yoast_head":"<!-- This site is optimized with the Yoast SEO Premium plugin v25.4 (Yoast SEO v26.0) - https:\/\/yoast.com\/wordpress\/plugins\/seo\/ -->\n<title>Banco do Brasil avan\u00e7a em garantias e capacita\u00e7\u00e3o para PPPs e concess\u00f5es e avalia entrar em estrutura\u00e7\u00e3o - Ag\u00eancia iNFRA<\/title>\n<meta name=\"robots\" content=\"index, follow, max-snippet:-1, max-image-preview:large, max-video-preview:-1\" \/>\n<link rel=\"canonical\" href=\"https:\/\/agenciainfra.com\/blog\/banco-do-brasil-avanca-em-garantias-para-ppps-e-concessoes-e-avalia-entrar-em-estruturacao\/\" \/>\n<meta property=\"og:locale\" content=\"pt_BR\" \/>\n<meta property=\"og:type\" content=\"article\" \/>\n<meta property=\"og:title\" content=\"Banco do Brasil avan\u00e7a em garantias e capacita\u00e7\u00e3o para PPPs e concess\u00f5es e avalia entrar em estrutura\u00e7\u00e3o\" \/>\n<meta property=\"og:description\" content=\"Dimmi Amora, da Ag\u00eancia iNFRA Ter novos modelos para emitir e administrar garantias contratuais em contratos de parceria entre os setores p\u00fablico e privado e ajudar na qualifica\u00e7\u00e3o dos servidores para esses contratos foi a forma como o Banco do Brasil fincou seu p\u00e9 no setor de concess\u00f5es e PPPs (Parcerias P\u00fablico-Privadas) desde o ano [&hellip;]\" \/>\n<meta property=\"og:url\" content=\"https:\/\/agenciainfra.com\/blog\/banco-do-brasil-avanca-em-garantias-para-ppps-e-concessoes-e-avalia-entrar-em-estruturacao\/\" \/>\n<meta property=\"og:site_name\" content=\"Ag\u00eancia iNFRA\" \/>\n<meta property=\"article:publisher\" content=\"https:\/\/www.facebook.com\/ageninfra\" \/>\n<meta property=\"article:published_time\" content=\"2025-01-10T13:00:00+00:00\" \/>\n<meta property=\"article:modified_time\" content=\"2025-01-13T12:52:23+00:00\" \/>\n<meta property=\"og:image\" content=\"https:\/\/agenciainfra.com\/blog\/wp-content\/uploads\/2020\/06\/contratos-foto-dominio-publico.jpg\" \/>\n\t<meta property=\"og:image:width\" content=\"1280\" \/>\n\t<meta property=\"og:image:height\" content=\"853\" \/>\n\t<meta property=\"og:image:type\" content=\"image\/jpeg\" \/>\n<meta name=\"author\" content=\"Ag\u00eancia iNFRA\" \/>\n<meta name=\"twitter:card\" content=\"summary_large_image\" \/>\n<meta name=\"twitter:creator\" content=\"@agencia_infra\" \/>\n<meta name=\"twitter:site\" content=\"@agencia_infra\" \/>\n<meta name=\"twitter:label1\" content=\"Escrito por\" \/>\n\t<meta name=\"twitter:data1\" content=\"Ag\u00eancia iNFRA\" \/>\n\t<meta name=\"twitter:label2\" content=\"Est. tempo de leitura\" \/>\n\t<meta name=\"twitter:data2\" content=\"4 minutos\" \/>\n<script type=\"application\/ld+json\" class=\"yoast-schema-graph\">{\"@context\":\"https:\/\/schema.org\",\"@graph\":[{\"@type\":\"Article\",\"@id\":\"https:\/\/agenciainfra.com\/blog\/banco-do-brasil-avanca-em-garantias-para-ppps-e-concessoes-e-avalia-entrar-em-estruturacao\/#article\",\"isPartOf\":{\"@id\":\"https:\/\/agenciainfra.com\/blog\/banco-do-brasil-avanca-em-garantias-para-ppps-e-concessoes-e-avalia-entrar-em-estruturacao\/\"},\"author\":{\"name\":\"Ag\u00eancia iNFRA\",\"@id\":\"https:\/\/agenciainfra.com\/blog\/#\/schema\/person\/34af08dff6adea4cb22b06612ba7acfa\"},\"headline\":\"Banco do Brasil avan\u00e7a em garantias e capacita\u00e7\u00e3o para PPPs e concess\u00f5es e avalia entrar em estrutura\u00e7\u00e3o\",\"datePublished\":\"2025-01-10T13:00:00+00:00\",\"dateModified\":\"2025-01-13T12:52:23+00:00\",\"mainEntityOfPage\":{\"@id\":\"https:\/\/agenciainfra.com\/blog\/banco-do-brasil-avanca-em-garantias-para-ppps-e-concessoes-e-avalia-entrar-em-estruturacao\/\"},\"wordCount\":770,\"publisher\":{\"@id\":\"https:\/\/agenciainfra.com\/blog\/#organization\"},\"image\":{\"@id\":\"https:\/\/agenciainfra.com\/blog\/banco-do-brasil-avanca-em-garantias-para-ppps-e-concessoes-e-avalia-entrar-em-estruturacao\/#primaryimage\"},\"thumbnailUrl\":\"https:\/\/agenciainfra.com\/blog\/wp-content\/uploads\/2020\/06\/contratos-foto-dominio-publico-e1751021330131.jpg\",\"keywords\":[\"Banco do Brasil\",\"BNDES\",\"concess\u00f5es\",\"Dimmi Amora\",\"estrutura\u00e7\u00e3o de projetos\",\"Jos\u00e9 Alves Cardoso\",\"PPPs\",\"ppps e concess\u00f5es\"],\"articleSection\":[\"Destaque Menor\",\"Geral\",\"iNFRATransporte\"],\"inLanguage\":\"pt-BR\",\"copyrightYear\":\"2025\",\"copyrightHolder\":{\"@id\":\"https:\/\/agenciainfra.com\/blog\/#organization\"}},{\"@type\":\"WebPage\",\"@id\":\"https:\/\/agenciainfra.com\/blog\/banco-do-brasil-avanca-em-garantias-para-ppps-e-concessoes-e-avalia-entrar-em-estruturacao\/\",\"url\":\"https:\/\/agenciainfra.com\/blog\/banco-do-brasil-avanca-em-garantias-para-ppps-e-concessoes-e-avalia-entrar-em-estruturacao\/\",\"name\":\"Banco do Brasil avan\u00e7a em garantias e capacita\u00e7\u00e3o para PPPs e concess\u00f5es e avalia entrar em estrutura\u00e7\u00e3o - Ag\u00eancia iNFRA\",\"isPartOf\":{\"@id\":\"https:\/\/agenciainfra.com\/blog\/#website\"},\"primaryImageOfPage\":{\"@id\":\"https:\/\/agenciainfra.com\/blog\/banco-do-brasil-avanca-em-garantias-para-ppps-e-concessoes-e-avalia-entrar-em-estruturacao\/#primaryimage\"},\"image\":{\"@id\":\"https:\/\/agenciainfra.com\/blog\/banco-do-brasil-avanca-em-garantias-para-ppps-e-concessoes-e-avalia-entrar-em-estruturacao\/#primaryimage\"},\"thumbnailUrl\":\"https:\/\/agenciainfra.com\/blog\/wp-content\/uploads\/2020\/06\/contratos-foto-dominio-publico-e1751021330131.jpg\",\"datePublished\":\"2025-01-10T13:00:00+00:00\",\"dateModified\":\"2025-01-13T12:52:23+00:00\",\"breadcrumb\":{\"@id\":\"https:\/\/agenciainfra.com\/blog\/banco-do-brasil-avanca-em-garantias-para-ppps-e-concessoes-e-avalia-entrar-em-estruturacao\/#breadcrumb\"},\"inLanguage\":\"pt-BR\",\"potentialAction\":[{\"@type\":\"ReadAction\",\"target\":[\"https:\/\/agenciainfra.com\/blog\/banco-do-brasil-avanca-em-garantias-para-ppps-e-concessoes-e-avalia-entrar-em-estruturacao\/\"]}]},{\"@type\":\"ImageObject\",\"inLanguage\":\"pt-BR\",\"@id\":\"https:\/\/agenciainfra.com\/blog\/banco-do-brasil-avanca-em-garantias-para-ppps-e-concessoes-e-avalia-entrar-em-estruturacao\/#primaryimage\",\"url\":\"https:\/\/agenciainfra.com\/blog\/wp-content\/uploads\/2020\/06\/contratos-foto-dominio-publico-e1751021330131.jpg\",\"contentUrl\":\"https:\/\/agenciainfra.com\/blog\/wp-content\/uploads\/2020\/06\/contratos-foto-dominio-publico-e1751021330131.jpg\",\"width\":1280,\"height\":762,\"caption\":\"Foto: Dom\u00ednio P\u00fablico\"},{\"@type\":\"BreadcrumbList\",\"@id\":\"https:\/\/agenciainfra.com\/blog\/banco-do-brasil-avanca-em-garantias-para-ppps-e-concessoes-e-avalia-entrar-em-estruturacao\/#breadcrumb\",\"itemListElement\":[{\"@type\":\"ListItem\",\"position\":1,\"name\":\"In\u00edcio\",\"item\":\"https:\/\/agenciainfra.com\/blog\/\"},{\"@type\":\"ListItem\",\"position\":2,\"name\":\"Banco do Brasil avan\u00e7a em garantias e capacita\u00e7\u00e3o para PPPs e concess\u00f5es e avalia entrar em estrutura\u00e7\u00e3o\"}]},{\"@type\":\"WebSite\",\"@id\":\"https:\/\/agenciainfra.com\/blog\/#website\",\"url\":\"https:\/\/agenciainfra.com\/blog\/\",\"name\":\"Ag\u00eancia iNFRA\",\"description\":\"Multiplataforma de informa\u00e7\u00e3o jornal\u00edstica refer\u00eancia na \u00e1rea de infraestrutura no Brasil!\",\"publisher\":{\"@id\":\"https:\/\/agenciainfra.com\/blog\/#organization\"},\"potentialAction\":[{\"@type\":\"SearchAction\",\"target\":{\"@type\":\"EntryPoint\",\"urlTemplate\":\"https:\/\/agenciainfra.com\/blog\/?s={search_term_string}\"},\"query-input\":{\"@type\":\"PropertyValueSpecification\",\"valueRequired\":true,\"valueName\":\"search_term_string\"}}],\"inLanguage\":\"pt-BR\"},{\"@type\":\"Organization\",\"@id\":\"https:\/\/agenciainfra.com\/blog\/#organization\",\"name\":\"Ag\u00eancia iNFRA\",\"url\":\"https:\/\/agenciainfra.com\/blog\/\",\"logo\":{\"@type\":\"ImageObject\",\"inLanguage\":\"pt-BR\",\"@id\":\"https:\/\/agenciainfra.com\/blog\/#\/schema\/logo\/image\/\",\"url\":\"https:\/\/agenciainfra.com\/blog\/wp-content\/uploads\/2023\/09\/iNFRA_5-e1761735885940.png\",\"contentUrl\":\"https:\/\/agenciainfra.com\/blog\/wp-content\/uploads\/2023\/09\/iNFRA_5-e1761735885940.png\",\"width\":1672,\"height\":454,\"caption\":\"Ag\u00eancia iNFRA\"},\"image\":{\"@id\":\"https:\/\/agenciainfra.com\/blog\/#\/schema\/logo\/image\/\"},\"sameAs\":[\"https:\/\/www.facebook.com\/ageninfra\",\"https:\/\/x.com\/agencia_infra\",\"https:\/\/www.linkedin.com\/company\/ag\u00eanciainfra\/\",\"https:\/\/www.instagram.com\/agenciainfra\/\"]},{\"@type\":\"Person\",\"@id\":\"https:\/\/agenciainfra.com\/blog\/#\/schema\/person\/34af08dff6adea4cb22b06612ba7acfa\",\"name\":\"Ag\u00eancia iNFRA\",\"image\":{\"@type\":\"ImageObject\",\"inLanguage\":\"pt-BR\",\"@id\":\"https:\/\/agenciainfra.com\/blog\/#\/schema\/person\/image\/\",\"url\":\"https:\/\/secure.gravatar.com\/avatar\/d189e01678f06d8eb84d4e01f08eb848b3fffe3f8443818d3c356c66892f5be8?s=96&d=mm&r=g\",\"contentUrl\":\"https:\/\/secure.gravatar.com\/avatar\/d189e01678f06d8eb84d4e01f08eb848b3fffe3f8443818d3c356c66892f5be8?s=96&d=mm&r=g\",\"caption\":\"Ag\u00eancia iNFRA\"},\"url\":\"https:\/\/agenciainfra.com\/blog\/author\/admin\/\"}]}<\/script>\n<!-- \/ Yoast SEO Premium plugin. -->","yoast_head_json":{"title":"Banco do Brasil avan\u00e7a em garantias e capacita\u00e7\u00e3o para PPPs e concess\u00f5es e avalia entrar em estrutura\u00e7\u00e3o - Ag\u00eancia iNFRA","robots":{"index":"index","follow":"follow","max-snippet":"max-snippet:-1","max-image-preview":"max-image-preview:large","max-video-preview":"max-video-preview:-1"},"canonical":"https:\/\/agenciainfra.com\/blog\/banco-do-brasil-avanca-em-garantias-para-ppps-e-concessoes-e-avalia-entrar-em-estruturacao\/","og_locale":"pt_BR","og_type":"article","og_title":"Banco do Brasil avan\u00e7a em garantias e capacita\u00e7\u00e3o para PPPs e concess\u00f5es e avalia entrar em estrutura\u00e7\u00e3o","og_description":"Dimmi Amora, da Ag\u00eancia iNFRA Ter novos modelos para emitir e administrar garantias contratuais em contratos de parceria entre os setores p\u00fablico e privado e ajudar na qualifica\u00e7\u00e3o dos servidores para esses contratos foi a forma como o Banco do Brasil fincou seu p\u00e9 no setor de concess\u00f5es e PPPs (Parcerias P\u00fablico-Privadas) desde o ano [&hellip;]","og_url":"https:\/\/agenciainfra.com\/blog\/banco-do-brasil-avanca-em-garantias-para-ppps-e-concessoes-e-avalia-entrar-em-estruturacao\/","og_site_name":"Ag\u00eancia iNFRA","article_publisher":"https:\/\/www.facebook.com\/ageninfra","article_published_time":"2025-01-10T13:00:00+00:00","article_modified_time":"2025-01-13T12:52:23+00:00","og_image":[{"width":1280,"height":853,"url":"https:\/\/agenciainfra.com\/blog\/wp-content\/uploads\/2020\/06\/contratos-foto-dominio-publico.jpg","type":"image\/jpeg"}],"author":"Ag\u00eancia iNFRA","twitter_card":"summary_large_image","twitter_creator":"@agencia_infra","twitter_site":"@agencia_infra","twitter_misc":{"Escrito por":"Ag\u00eancia iNFRA","Est. tempo de leitura":"4 minutos"},"schema":{"@context":"https:\/\/schema.org","@graph":[{"@type":"Article","@id":"https:\/\/agenciainfra.com\/blog\/banco-do-brasil-avanca-em-garantias-para-ppps-e-concessoes-e-avalia-entrar-em-estruturacao\/#article","isPartOf":{"@id":"https:\/\/agenciainfra.com\/blog\/banco-do-brasil-avanca-em-garantias-para-ppps-e-concessoes-e-avalia-entrar-em-estruturacao\/"},"author":{"name":"Ag\u00eancia iNFRA","@id":"https:\/\/agenciainfra.com\/blog\/#\/schema\/person\/34af08dff6adea4cb22b06612ba7acfa"},"headline":"Banco do Brasil avan\u00e7a em garantias e capacita\u00e7\u00e3o para PPPs e concess\u00f5es e avalia entrar em estrutura\u00e7\u00e3o","datePublished":"2025-01-10T13:00:00+00:00","dateModified":"2025-01-13T12:52:23+00:00","mainEntityOfPage":{"@id":"https:\/\/agenciainfra.com\/blog\/banco-do-brasil-avanca-em-garantias-para-ppps-e-concessoes-e-avalia-entrar-em-estruturacao\/"},"wordCount":770,"publisher":{"@id":"https:\/\/agenciainfra.com\/blog\/#organization"},"image":{"@id":"https:\/\/agenciainfra.com\/blog\/banco-do-brasil-avanca-em-garantias-para-ppps-e-concessoes-e-avalia-entrar-em-estruturacao\/#primaryimage"},"thumbnailUrl":"https:\/\/agenciainfra.com\/blog\/wp-content\/uploads\/2020\/06\/contratos-foto-dominio-publico-e1751021330131.jpg","keywords":["Banco do Brasil","BNDES","concess\u00f5es","Dimmi Amora","estrutura\u00e7\u00e3o de projetos","Jos\u00e9 Alves Cardoso","PPPs","ppps e concess\u00f5es"],"articleSection":["Destaque Menor","Geral","iNFRATransporte"],"inLanguage":"pt-BR","copyrightYear":"2025","copyrightHolder":{"@id":"https:\/\/agenciainfra.com\/blog\/#organization"}},{"@type":"WebPage","@id":"https:\/\/agenciainfra.com\/blog\/banco-do-brasil-avanca-em-garantias-para-ppps-e-concessoes-e-avalia-entrar-em-estruturacao\/","url":"https:\/\/agenciainfra.com\/blog\/banco-do-brasil-avanca-em-garantias-para-ppps-e-concessoes-e-avalia-entrar-em-estruturacao\/","name":"Banco do Brasil avan\u00e7a em garantias e capacita\u00e7\u00e3o para PPPs e concess\u00f5es e avalia entrar em estrutura\u00e7\u00e3o - Ag\u00eancia iNFRA","isPartOf":{"@id":"https:\/\/agenciainfra.com\/blog\/#website"},"primaryImageOfPage":{"@id":"https:\/\/agenciainfra.com\/blog\/banco-do-brasil-avanca-em-garantias-para-ppps-e-concessoes-e-avalia-entrar-em-estruturacao\/#primaryimage"},"image":{"@id":"https:\/\/agenciainfra.com\/blog\/banco-do-brasil-avanca-em-garantias-para-ppps-e-concessoes-e-avalia-entrar-em-estruturacao\/#primaryimage"},"thumbnailUrl":"https:\/\/agenciainfra.com\/blog\/wp-content\/uploads\/2020\/06\/contratos-foto-dominio-publico-e1751021330131.jpg","datePublished":"2025-01-10T13:00:00+00:00","dateModified":"2025-01-13T12:52:23+00:00","breadcrumb":{"@id":"https:\/\/agenciainfra.com\/blog\/banco-do-brasil-avanca-em-garantias-para-ppps-e-concessoes-e-avalia-entrar-em-estruturacao\/#breadcrumb"},"inLanguage":"pt-BR","potentialAction":[{"@type":"ReadAction","target":["https:\/\/agenciainfra.com\/blog\/banco-do-brasil-avanca-em-garantias-para-ppps-e-concessoes-e-avalia-entrar-em-estruturacao\/"]}]},{"@type":"ImageObject","inLanguage":"pt-BR","@id":"https:\/\/agenciainfra.com\/blog\/banco-do-brasil-avanca-em-garantias-para-ppps-e-concessoes-e-avalia-entrar-em-estruturacao\/#primaryimage","url":"https:\/\/agenciainfra.com\/blog\/wp-content\/uploads\/2020\/06\/contratos-foto-dominio-publico-e1751021330131.jpg","contentUrl":"https:\/\/agenciainfra.com\/blog\/wp-content\/uploads\/2020\/06\/contratos-foto-dominio-publico-e1751021330131.jpg","width":1280,"height":762,"caption":"Foto: Dom\u00ednio P\u00fablico"},{"@type":"BreadcrumbList","@id":"https:\/\/agenciainfra.com\/blog\/banco-do-brasil-avanca-em-garantias-para-ppps-e-concessoes-e-avalia-entrar-em-estruturacao\/#breadcrumb","itemListElement":[{"@type":"ListItem","position":1,"name":"In\u00edcio","item":"https:\/\/agenciainfra.com\/blog\/"},{"@type":"ListItem","position":2,"name":"Banco do Brasil avan\u00e7a em garantias e capacita\u00e7\u00e3o para PPPs e concess\u00f5es e avalia entrar em estrutura\u00e7\u00e3o"}]},{"@type":"WebSite","@id":"https:\/\/agenciainfra.com\/blog\/#website","url":"https:\/\/agenciainfra.com\/blog\/","name":"Ag\u00eancia iNFRA","description":"Multiplataforma de informa\u00e7\u00e3o jornal\u00edstica refer\u00eancia na \u00e1rea de infraestrutura no Brasil!","publisher":{"@id":"https:\/\/agenciainfra.com\/blog\/#organization"},"potentialAction":[{"@type":"SearchAction","target":{"@type":"EntryPoint","urlTemplate":"https:\/\/agenciainfra.com\/blog\/?s={search_term_string}"},"query-input":{"@type":"PropertyValueSpecification","valueRequired":true,"valueName":"search_term_string"}}],"inLanguage":"pt-BR"},{"@type":"Organization","@id":"https:\/\/agenciainfra.com\/blog\/#organization","name":"Ag\u00eancia iNFRA","url":"https:\/\/agenciainfra.com\/blog\/","logo":{"@type":"ImageObject","inLanguage":"pt-BR","@id":"https:\/\/agenciainfra.com\/blog\/#\/schema\/logo\/image\/","url":"https:\/\/agenciainfra.com\/blog\/wp-content\/uploads\/2023\/09\/iNFRA_5-e1761735885940.png","contentUrl":"https:\/\/agenciainfra.com\/blog\/wp-content\/uploads\/2023\/09\/iNFRA_5-e1761735885940.png","width":1672,"height":454,"caption":"Ag\u00eancia iNFRA"},"image":{"@id":"https:\/\/agenciainfra.com\/blog\/#\/schema\/logo\/image\/"},"sameAs":["https:\/\/www.facebook.com\/ageninfra","https:\/\/x.com\/agencia_infra","https:\/\/www.linkedin.com\/company\/ag\u00eanciainfra\/","https:\/\/www.instagram.com\/agenciainfra\/"]},{"@type":"Person","@id":"https:\/\/agenciainfra.com\/blog\/#\/schema\/person\/34af08dff6adea4cb22b06612ba7acfa","name":"Ag\u00eancia iNFRA","image":{"@type":"ImageObject","inLanguage":"pt-BR","@id":"https:\/\/agenciainfra.com\/blog\/#\/schema\/person\/image\/","url":"https:\/\/secure.gravatar.com\/avatar\/d189e01678f06d8eb84d4e01f08eb848b3fffe3f8443818d3c356c66892f5be8?s=96&d=mm&r=g","contentUrl":"https:\/\/secure.gravatar.com\/avatar\/d189e01678f06d8eb84d4e01f08eb848b3fffe3f8443818d3c356c66892f5be8?s=96&d=mm&r=g","caption":"Ag\u00eancia iNFRA"},"url":"https:\/\/agenciainfra.com\/blog\/author\/admin\/"}]}},"_links":{"self":[{"href":"https:\/\/agenciainfra.com\/blog\/wp-json\/wp\/v2\/posts\/19949","targetHints":{"allow":["GET"]}}],"collection":[{"href":"https:\/\/agenciainfra.com\/blog\/wp-json\/wp\/v2\/posts"}],"about":[{"href":"https:\/\/agenciainfra.com\/blog\/wp-json\/wp\/v2\/types\/post"}],"author":[{"embeddable":true,"href":"https:\/\/agenciainfra.com\/blog\/wp-json\/wp\/v2\/users\/1"}],"replies":[{"embeddable":true,"href":"https:\/\/agenciainfra.com\/blog\/wp-json\/wp\/v2\/comments?post=19949"}],"version-history":[{"count":3,"href":"https:\/\/agenciainfra.com\/blog\/wp-json\/wp\/v2\/posts\/19949\/revisions"}],"predecessor-version":[{"id":19962,"href":"https:\/\/agenciainfra.com\/blog\/wp-json\/wp\/v2\/posts\/19949\/revisions\/19962"}],"wp:featuredmedia":[{"embeddable":true,"href":"https:\/\/agenciainfra.com\/blog\/wp-json\/wp\/v2\/media\/5101"}],"wp:attachment":[{"href":"https:\/\/agenciainfra.com\/blog\/wp-json\/wp\/v2\/media?parent=19949"}],"wp:term":[{"taxonomy":"category","embeddable":true,"href":"https:\/\/agenciainfra.com\/blog\/wp-json\/wp\/v2\/categories?post=19949"},{"taxonomy":"post_tag","embeddable":true,"href":"https:\/\/agenciainfra.com\/blog\/wp-json\/wp\/v2\/tags?post=19949"}],"curies":[{"name":"wp","href":"https:\/\/api.w.org\/{rel}","templated":true}]}}