{"id":19953,"date":"2025-01-09T08:00:00","date_gmt":"2025-01-09T11:00:00","guid":{"rendered":"https:\/\/agenciainfra.com\/blog\/?p=19953"},"modified":"2025-01-10T05:48:01","modified_gmt":"2025-01-10T08:48:01","slug":"decreto-aponta-superintendente-ludimila-lima-como-primeira-na-lista-de-substituicao-de-diretores-na-aneel","status":"publish","type":"post","link":"https:\/\/agenciainfra.com\/blog\/decreto-aponta-superintendente-ludimila-lima-como-primeira-na-lista-de-substituicao-de-diretores-na-aneel\/","title":{"rendered":"Decreto aponta superintendente Ludimila Lima como primeira na lista de substitui\u00e7\u00e3o de diretores na ANEEL"},"content":{"rendered":"\n<p class=\"has-text-align-right\"><strong>Marisa Wanzeller e Geraldo Campos Jr.,\u00a0da Ag\u00eancia iNFRA<\/strong><\/p>\n\n\n\n<p>O decreto com a lista de diretores-substitutos para a ANEEL (Ag\u00eancia Nacional de Energia El\u00e9trica) foi publicado&nbsp;no Di\u00e1rio Oficial da Uni\u00e3o de hoje (9). A publica\u00e7\u00e3o, <a href=\"https:\/\/www.in.gov.br\/en\/web\/dou\/-\/decretos-de-8-de-janeiro-de-2025-606243625\" target=\"_blank\" rel=\"noreferrer noopener\">neste link<\/a>, traz a superintendente&nbsp;de Concess\u00f5es, Permiss\u00f5es e Autoriza\u00e7\u00f5es dos Servi\u00e7os de Energia El\u00e9trica da ag\u00eancia, Ludimila Lima da Silva, como primeira na lista.&nbsp;<\/p>\n\n\n\n<p>O secret\u00e1rio-Geral da ANEEL, Daniel Dana, foi indicado como segundo substituto e o superintendente de&nbsp;Concess\u00f5es, Permiss\u00f5es e Autoriza\u00e7\u00f5es de Transmiss\u00e3o e Distribui\u00e7\u00e3o, Ivo Sechi Nazareno, como terceiro na lista.<\/p>\n\n\n\n<p>A designa\u00e7\u00e3o dos substitutos permitir\u00e1 que a cadeira vaga na diretoria seja ocupada provisoriamente, e de forma imediata. A nomea\u00e7\u00e3o de um substituto n\u00e3o precisa passar pelo Senado e \u00e9 feita com base nessa lista. Ludimila Lima, como primeira na lista, tem a prioridade para ser convocada.<\/p>\n\n\n\n<p>O envio de um pacote ao Senado com indicados para as ag\u00eancias reguladoras sem contemplar a ANEEL levou o MME&nbsp;(Minist\u00e9rio de Minas e Energia) a destravar a designa\u00e7\u00e3o de um substituto. A ag\u00eancia acumula processos empatados desde maio do \u00faltimo ano, quando encerrou o mandato do ex-diretor H\u00e9lvio Guerra, e a diretoria ficou incompleta, com apenas quatro membros. Em maio deste ano, outra vaga estar\u00e1 dispon\u00edvel com o fim do mandato do diretor Ricardo Tili.<\/p>\n\n\n\n<p>Perguntado numa cerim\u00f4nia no Pal\u00e1cio do Planalto nesta quarta-feira (8) sobre os nomes dos substitutos, o&nbsp;ministro de Minas e Energia, Alexandre Silveira, disse \u00e0&nbsp;<strong>Ag\u00eancia iNFRA<\/strong> que&nbsp;\u201cn\u00e3o tem nenhuma press\u00e3o\u201d para a publica\u00e7\u00e3o do decreto com os nomes, que segue o \u201ctr\u00e2mite natural\u201d.<\/p>\n\n\n\n<p>Segundo fontes, o MME fez uma an\u00e1lise da \u201clegalidade\u201d das recomenda\u00e7\u00f5es e, quanto a isso, n\u00e3o houve obje\u00e7\u00e3o a nenhum dos nove nomes sugeridos pela ANEEL. Contudo, a Casa Civil, respons\u00e1vel pela publica\u00e7\u00e3o final,&nbsp;\u201cconsultou&nbsp;informalmente\u201d o MME para escolher os tr\u00eas indicados dos nove apresentados pela ag\u00eancia.<\/p>\n\n\n\n<p>Os diretores-substitutos podem exercer o papel provisoriamente por um prazo m\u00e1ximo de 180 dias, ou at\u00e9 que um diretor efetivo assuma o cargo, ap\u00f3s aprova\u00e7\u00e3o pelo Senado.&nbsp;Os nomes para substitutos foram aprovados na ANEEL e encaminhados para o MME em maio passado.<\/p>\n\n\n\n<p><strong>Curr\u00edculo<\/strong><br>Na Lista 1 estavam Ludimila Lima da Silva, Francisco Jos\u00e9 Pereira, Paulo Luciano de Carvalho; na Lista 2,&nbsp;Joseanne Aguiar Santos, Daniel Danna, Adriana Carvalho Vivan; e na Lista 3,&nbsp;Maria Luiza Caldwell, Ivo Sechi Nazareno, Carlos Calixto Mattar.<\/p>\n\n\n\n<p>Segundo a <a href=\"https:\/\/www.gov.br\/aneel\/pt-br\/composicao\/outorgas-e-gestao-dos-potenciais-hidraulicos\/superintendencia-de-concessoes-permissoes-e-autorizacoes-dos-servicos-de-energia-eletrica-sce\/ludimila-lima-da-silva-cge-i\" target=\"_blank\" rel=\"noreferrer noopener\">p\u00e1gina oficial<\/a> da ANEEL, Ludimila \u00e9 Graduada em Engenheira Civil pela UnB (Universidade de Bras\u00edlia) e&nbsp;mestre em Gest\u00e3o Econ\u00f4mica do Meio Ambiente tamb\u00e9m pela universidade, al\u00e9m de ter p\u00f3s-gradua\u00e7\u00f5es&nbsp;pela George Washington University e pela Funda\u00e7\u00e3o Getulio Vargas.<\/p>\n\n\n\n<p>\u00c9 especialista em regula\u00e7\u00e3o dos servi\u00e7os p\u00fablicos de energia desde 2007. Foi superintendente adjunta na \u00e1rea de concess\u00f5es, na de fiscaliza\u00e7\u00e3o dos servi\u00e7os de gera\u00e7\u00e3o e assessorou a diretoria na ANEEL at\u00e9 maio de 2023, quando foi&nbsp;nomeada&nbsp;superintendente da \u00e1rea de&nbsp;concess\u00f5es.<\/p>\n\n\n\n<p><strong>Indefini\u00e7\u00e3o<\/strong><br>O l\u00edder do governo no Senado Federal, senador Jaques Wagner (PT-BA), disse \u00e0 <strong>Ag\u00eancia iNFRA<\/strong>&nbsp;que o cen\u00e1rio segue de indefini\u00e7\u00e3o sobre os nomes que ser\u00e3o enviados ao Senado para serem sabatinados para o posto de titular. Ao menos cinco nomes j\u00e1 foram aventados em 2024 para a vaga aberta, mas&nbsp;diante da falta de consenso entre o governo e os senadores, n\u00e3o h\u00e1 previs\u00e3o de quando a indica\u00e7\u00e3o efetiva pode sair.<\/p>\n\n\n\n<p>A aprova\u00e7\u00e3o e nomea\u00e7\u00e3o de um diretor titular pode demorar, tendo em vista que, quando encaminhado um nome para o Senado, ele ainda dever\u00e1 ser sabatinado na CI (Comiss\u00e3o de Servi\u00e7os de Infraestrutura).&nbsp;<\/p>\n\n\n\n<p>As casas legislativas passar\u00e3o por mudan\u00e7as neste ano, com a elei\u00e7\u00e3o de novos presidentes. Com a altera\u00e7\u00e3o da presid\u00eancia da Casa, ser\u00e3o eleitos ainda novos presidentes para as comiss\u00f5es. O candidato favorito a assumir o Senado em 2025 \u00e9 o senador Davi Alcolumbre (Uni\u00e3o-AP), que presidiu a Casa entre 2019 e 2021.&nbsp;<\/p>\n\n\n\n<p>A tend\u00eancia \u00e9 que a CI seja presidida pelo PL, partido de oposi\u00e7\u00e3o ao governo. Um nome com for\u00e7a nos bastidores para a cadeira \u00e9 o do senador Marcos Rog\u00e9rio (PL-RO). O governo projeta ter dificuldades de passar nomes para a ag\u00eancia com o novo comando.<\/p>\n","protected":false},"excerpt":{"rendered":"<p>Marisa Wanzeller e Geraldo Campos Jr.,\u00a0da Ag\u00eancia iNFRA O decreto com a lista de diretores-substitutos para a ANEEL (Ag\u00eancia Nacional de Energia El\u00e9trica) foi publicado&nbsp;no Di\u00e1rio Oficial da Uni\u00e3o de hoje (9). A publica\u00e7\u00e3o, neste link, traz a superintendente&nbsp;de Concess\u00f5es, Permiss\u00f5es e Autoriza\u00e7\u00f5es dos Servi\u00e7os de Energia El\u00e9trica da ag\u00eancia, Ludimila Lima da Silva, como [&hellip;]<\/p>\n","protected":false},"author":1,"featured_media":10310,"comment_status":"closed","ping_status":"closed","sticky":false,"template":"","format":"standard","meta":{"_monsterinsights_skip_tracking":false,"_monsterinsights_sitenote_active":false,"_monsterinsights_sitenote_note":"","_monsterinsights_sitenote_category":0,"footnotes":""},"categories":[7250,1,10],"tags":[46,53,12214,11594,5608,12212,9402,9404,7366,12213],"class_list":["post-19953","post","type-post","status-publish","format-standard","has-post-thumbnail","hentry","category-destaque-lista","category-geral","category-infraenergia","tag-agencias-reguladoras","tag-aneel","tag-daniel-dana","tag-geraldo-campos-jr","tag-indicacoes","tag-indicacoes-a-aneel","tag-ivo-sechi-nazareno","tag-ludimila-lima-da-silva","tag-marisa-wanzeller","tag-substituicao-na-aneel"],"yoast_head":"<!-- This site is optimized with the Yoast SEO Premium plugin v25.4 (Yoast SEO v26.0) - https:\/\/yoast.com\/wordpress\/plugins\/seo\/ -->\n<title>Decreto aponta superintendente Ludimila Lima como primeira na lista de substitui\u00e7\u00e3o de diretores na ANEEL - Ag\u00eancia iNFRA<\/title>\n<meta name=\"robots\" content=\"index, follow, max-snippet:-1, max-image-preview:large, max-video-preview:-1\" \/>\n<link rel=\"canonical\" href=\"https:\/\/agenciainfra.com\/blog\/decreto-aponta-superintendente-ludimila-lima-como-primeira-na-lista-de-substituicao-de-diretores-na-aneel\/\" \/>\n<meta property=\"og:locale\" content=\"pt_BR\" \/>\n<meta property=\"og:type\" content=\"article\" \/>\n<meta property=\"og:title\" content=\"Decreto aponta superintendente Ludimila Lima como primeira na lista de substitui\u00e7\u00e3o de diretores na ANEEL\" \/>\n<meta property=\"og:description\" content=\"Marisa Wanzeller e Geraldo Campos Jr.,\u00a0da Ag\u00eancia iNFRA O decreto com a lista de diretores-substitutos para a ANEEL (Ag\u00eancia Nacional de Energia El\u00e9trica) foi publicado&nbsp;no Di\u00e1rio Oficial da Uni\u00e3o de hoje (9). A publica\u00e7\u00e3o, neste link, traz a superintendente&nbsp;de Concess\u00f5es, Permiss\u00f5es e Autoriza\u00e7\u00f5es dos Servi\u00e7os de Energia El\u00e9trica da ag\u00eancia, Ludimila Lima da Silva, como [&hellip;]\" \/>\n<meta property=\"og:url\" content=\"https:\/\/agenciainfra.com\/blog\/decreto-aponta-superintendente-ludimila-lima-como-primeira-na-lista-de-substituicao-de-diretores-na-aneel\/\" \/>\n<meta property=\"og:site_name\" content=\"Ag\u00eancia iNFRA\" \/>\n<meta property=\"article:publisher\" content=\"https:\/\/www.facebook.com\/ageninfra\" \/>\n<meta property=\"article:published_time\" content=\"2025-01-09T11:00:00+00:00\" \/>\n<meta property=\"article:modified_time\" content=\"2025-01-10T08:48:01+00:00\" \/>\n<meta property=\"og:image\" content=\"https:\/\/agenciainfra.com\/blog\/wp-content\/uploads\/2022\/05\/aneel-foto-aneel.jpg\" \/>\n\t<meta property=\"og:image:width\" content=\"1299\" \/>\n\t<meta property=\"og:image:height\" content=\"868\" \/>\n\t<meta property=\"og:image:type\" content=\"image\/jpeg\" \/>\n<meta name=\"author\" content=\"Ag\u00eancia iNFRA\" \/>\n<meta name=\"twitter:card\" content=\"summary_large_image\" \/>\n<meta name=\"twitter:creator\" content=\"@agencia_infra\" \/>\n<meta name=\"twitter:site\" content=\"@agencia_infra\" \/>\n<meta name=\"twitter:label1\" content=\"Escrito por\" \/>\n\t<meta name=\"twitter:data1\" content=\"Ag\u00eancia iNFRA\" \/>\n\t<meta name=\"twitter:label2\" content=\"Est. tempo de leitura\" \/>\n\t<meta name=\"twitter:data2\" content=\"4 minutos\" \/>\n<script type=\"application\/ld+json\" class=\"yoast-schema-graph\">{\"@context\":\"https:\/\/schema.org\",\"@graph\":[{\"@type\":\"Article\",\"@id\":\"https:\/\/agenciainfra.com\/blog\/decreto-aponta-superintendente-ludimila-lima-como-primeira-na-lista-de-substituicao-de-diretores-na-aneel\/#article\",\"isPartOf\":{\"@id\":\"https:\/\/agenciainfra.com\/blog\/decreto-aponta-superintendente-ludimila-lima-como-primeira-na-lista-de-substituicao-de-diretores-na-aneel\/\"},\"author\":{\"name\":\"Ag\u00eancia iNFRA\",\"@id\":\"https:\/\/agenciainfra.com\/blog\/#\/schema\/person\/34af08dff6adea4cb22b06612ba7acfa\"},\"headline\":\"Decreto aponta superintendente Ludimila Lima como primeira na lista de substitui\u00e7\u00e3o de diretores na ANEEL\",\"datePublished\":\"2025-01-09T11:00:00+00:00\",\"dateModified\":\"2025-01-10T08:48:01+00:00\",\"mainEntityOfPage\":{\"@id\":\"https:\/\/agenciainfra.com\/blog\/decreto-aponta-superintendente-ludimila-lima-como-primeira-na-lista-de-substituicao-de-diretores-na-aneel\/\"},\"wordCount\":785,\"publisher\":{\"@id\":\"https:\/\/agenciainfra.com\/blog\/#organization\"},\"image\":{\"@id\":\"https:\/\/agenciainfra.com\/blog\/decreto-aponta-superintendente-ludimila-lima-como-primeira-na-lista-de-substituicao-de-diretores-na-aneel\/#primaryimage\"},\"thumbnailUrl\":\"https:\/\/agenciainfra.com\/blog\/wp-content\/uploads\/2022\/05\/aneel-foto-aneel-e1764788022595.jpg\",\"keywords\":[\"Ag\u00eancias Reguladoras\",\"ANEEL\",\"Daniel Dana\",\"Geraldo Campos Jr.\",\"indica\u00e7\u00f5es\",\"indica\u00e7\u00f5es \u00e0 ANEEL\",\"Ivo Sechi Nazareno\",\"Ludimila Lima da Silva\",\"Marisa Wanzeller\",\"substitui\u00e7\u00e3o na ANEEL\"],\"articleSection\":[\"Destaque lista\",\"Geral\",\"iNFRAEnergia\"],\"inLanguage\":\"pt-BR\",\"copyrightYear\":\"2025\",\"copyrightHolder\":{\"@id\":\"https:\/\/agenciainfra.com\/blog\/#organization\"}},{\"@type\":\"WebPage\",\"@id\":\"https:\/\/agenciainfra.com\/blog\/decreto-aponta-superintendente-ludimila-lima-como-primeira-na-lista-de-substituicao-de-diretores-na-aneel\/\",\"url\":\"https:\/\/agenciainfra.com\/blog\/decreto-aponta-superintendente-ludimila-lima-como-primeira-na-lista-de-substituicao-de-diretores-na-aneel\/\",\"name\":\"Decreto aponta superintendente Ludimila Lima como primeira na lista de substitui\u00e7\u00e3o de diretores na ANEEL - Ag\u00eancia iNFRA\",\"isPartOf\":{\"@id\":\"https:\/\/agenciainfra.com\/blog\/#website\"},\"primaryImageOfPage\":{\"@id\":\"https:\/\/agenciainfra.com\/blog\/decreto-aponta-superintendente-ludimila-lima-como-primeira-na-lista-de-substituicao-de-diretores-na-aneel\/#primaryimage\"},\"image\":{\"@id\":\"https:\/\/agenciainfra.com\/blog\/decreto-aponta-superintendente-ludimila-lima-como-primeira-na-lista-de-substituicao-de-diretores-na-aneel\/#primaryimage\"},\"thumbnailUrl\":\"https:\/\/agenciainfra.com\/blog\/wp-content\/uploads\/2022\/05\/aneel-foto-aneel-e1764788022595.jpg\",\"datePublished\":\"2025-01-09T11:00:00+00:00\",\"dateModified\":\"2025-01-10T08:48:01+00:00\",\"breadcrumb\":{\"@id\":\"https:\/\/agenciainfra.com\/blog\/decreto-aponta-superintendente-ludimila-lima-como-primeira-na-lista-de-substituicao-de-diretores-na-aneel\/#breadcrumb\"},\"inLanguage\":\"pt-BR\",\"potentialAction\":[{\"@type\":\"ReadAction\",\"target\":[\"https:\/\/agenciainfra.com\/blog\/decreto-aponta-superintendente-ludimila-lima-como-primeira-na-lista-de-substituicao-de-diretores-na-aneel\/\"]}]},{\"@type\":\"ImageObject\",\"inLanguage\":\"pt-BR\",\"@id\":\"https:\/\/agenciainfra.com\/blog\/decreto-aponta-superintendente-ludimila-lima-como-primeira-na-lista-de-substituicao-de-diretores-na-aneel\/#primaryimage\",\"url\":\"https:\/\/agenciainfra.com\/blog\/wp-content\/uploads\/2022\/05\/aneel-foto-aneel-e1764788022595.jpg\",\"contentUrl\":\"https:\/\/agenciainfra.com\/blog\/wp-content\/uploads\/2022\/05\/aneel-foto-aneel-e1764788022595.jpg\",\"width\":1280,\"height\":753,\"caption\":\"Foto: ANEEL\"},{\"@type\":\"BreadcrumbList\",\"@id\":\"https:\/\/agenciainfra.com\/blog\/decreto-aponta-superintendente-ludimila-lima-como-primeira-na-lista-de-substituicao-de-diretores-na-aneel\/#breadcrumb\",\"itemListElement\":[{\"@type\":\"ListItem\",\"position\":1,\"name\":\"In\u00edcio\",\"item\":\"https:\/\/agenciainfra.com\/blog\/\"},{\"@type\":\"ListItem\",\"position\":2,\"name\":\"Decreto aponta superintendente Ludimila Lima como primeira na lista de substitui\u00e7\u00e3o de diretores na ANEEL\"}]},{\"@type\":\"WebSite\",\"@id\":\"https:\/\/agenciainfra.com\/blog\/#website\",\"url\":\"https:\/\/agenciainfra.com\/blog\/\",\"name\":\"Ag\u00eancia iNFRA\",\"description\":\"Multiplataforma de informa\u00e7\u00e3o jornal\u00edstica refer\u00eancia na \u00e1rea de infraestrutura no Brasil!\",\"publisher\":{\"@id\":\"https:\/\/agenciainfra.com\/blog\/#organization\"},\"potentialAction\":[{\"@type\":\"SearchAction\",\"target\":{\"@type\":\"EntryPoint\",\"urlTemplate\":\"https:\/\/agenciainfra.com\/blog\/?s={search_term_string}\"},\"query-input\":{\"@type\":\"PropertyValueSpecification\",\"valueRequired\":true,\"valueName\":\"search_term_string\"}}],\"inLanguage\":\"pt-BR\"},{\"@type\":\"Organization\",\"@id\":\"https:\/\/agenciainfra.com\/blog\/#organization\",\"name\":\"Ag\u00eancia iNFRA\",\"url\":\"https:\/\/agenciainfra.com\/blog\/\",\"logo\":{\"@type\":\"ImageObject\",\"inLanguage\":\"pt-BR\",\"@id\":\"https:\/\/agenciainfra.com\/blog\/#\/schema\/logo\/image\/\",\"url\":\"https:\/\/agenciainfra.com\/blog\/wp-content\/uploads\/2023\/09\/iNFRA_5-e1761735885940.png\",\"contentUrl\":\"https:\/\/agenciainfra.com\/blog\/wp-content\/uploads\/2023\/09\/iNFRA_5-e1761735885940.png\",\"width\":1672,\"height\":454,\"caption\":\"Ag\u00eancia iNFRA\"},\"image\":{\"@id\":\"https:\/\/agenciainfra.com\/blog\/#\/schema\/logo\/image\/\"},\"sameAs\":[\"https:\/\/www.facebook.com\/ageninfra\",\"https:\/\/x.com\/agencia_infra\",\"https:\/\/www.linkedin.com\/company\/ag\u00eanciainfra\/\",\"https:\/\/www.instagram.com\/agenciainfra\/\"]},{\"@type\":\"Person\",\"@id\":\"https:\/\/agenciainfra.com\/blog\/#\/schema\/person\/34af08dff6adea4cb22b06612ba7acfa\",\"name\":\"Ag\u00eancia iNFRA\",\"image\":{\"@type\":\"ImageObject\",\"inLanguage\":\"pt-BR\",\"@id\":\"https:\/\/agenciainfra.com\/blog\/#\/schema\/person\/image\/\",\"url\":\"https:\/\/secure.gravatar.com\/avatar\/d189e01678f06d8eb84d4e01f08eb848b3fffe3f8443818d3c356c66892f5be8?s=96&d=mm&r=g\",\"contentUrl\":\"https:\/\/secure.gravatar.com\/avatar\/d189e01678f06d8eb84d4e01f08eb848b3fffe3f8443818d3c356c66892f5be8?s=96&d=mm&r=g\",\"caption\":\"Ag\u00eancia iNFRA\"},\"url\":\"https:\/\/agenciainfra.com\/blog\/author\/admin\/\"}]}<\/script>\n<!-- \/ Yoast SEO Premium plugin. -->","yoast_head_json":{"title":"Decreto aponta superintendente Ludimila Lima como primeira na lista de substitui\u00e7\u00e3o de diretores na ANEEL - Ag\u00eancia iNFRA","robots":{"index":"index","follow":"follow","max-snippet":"max-snippet:-1","max-image-preview":"max-image-preview:large","max-video-preview":"max-video-preview:-1"},"canonical":"https:\/\/agenciainfra.com\/blog\/decreto-aponta-superintendente-ludimila-lima-como-primeira-na-lista-de-substituicao-de-diretores-na-aneel\/","og_locale":"pt_BR","og_type":"article","og_title":"Decreto aponta superintendente Ludimila Lima como primeira na lista de substitui\u00e7\u00e3o de diretores na ANEEL","og_description":"Marisa Wanzeller e Geraldo Campos Jr.,\u00a0da Ag\u00eancia iNFRA O decreto com a lista de diretores-substitutos para a ANEEL (Ag\u00eancia Nacional de Energia El\u00e9trica) foi publicado&nbsp;no Di\u00e1rio Oficial da Uni\u00e3o de hoje (9). A publica\u00e7\u00e3o, neste link, traz a superintendente&nbsp;de Concess\u00f5es, Permiss\u00f5es e Autoriza\u00e7\u00f5es dos Servi\u00e7os de Energia El\u00e9trica da ag\u00eancia, Ludimila Lima da Silva, como [&hellip;]","og_url":"https:\/\/agenciainfra.com\/blog\/decreto-aponta-superintendente-ludimila-lima-como-primeira-na-lista-de-substituicao-de-diretores-na-aneel\/","og_site_name":"Ag\u00eancia iNFRA","article_publisher":"https:\/\/www.facebook.com\/ageninfra","article_published_time":"2025-01-09T11:00:00+00:00","article_modified_time":"2025-01-10T08:48:01+00:00","og_image":[{"width":1299,"height":868,"url":"https:\/\/agenciainfra.com\/blog\/wp-content\/uploads\/2022\/05\/aneel-foto-aneel.jpg","type":"image\/jpeg"}],"author":"Ag\u00eancia iNFRA","twitter_card":"summary_large_image","twitter_creator":"@agencia_infra","twitter_site":"@agencia_infra","twitter_misc":{"Escrito por":"Ag\u00eancia iNFRA","Est. tempo de leitura":"4 minutos"},"schema":{"@context":"https:\/\/schema.org","@graph":[{"@type":"Article","@id":"https:\/\/agenciainfra.com\/blog\/decreto-aponta-superintendente-ludimila-lima-como-primeira-na-lista-de-substituicao-de-diretores-na-aneel\/#article","isPartOf":{"@id":"https:\/\/agenciainfra.com\/blog\/decreto-aponta-superintendente-ludimila-lima-como-primeira-na-lista-de-substituicao-de-diretores-na-aneel\/"},"author":{"name":"Ag\u00eancia iNFRA","@id":"https:\/\/agenciainfra.com\/blog\/#\/schema\/person\/34af08dff6adea4cb22b06612ba7acfa"},"headline":"Decreto aponta superintendente Ludimila Lima como primeira na lista de substitui\u00e7\u00e3o de diretores na ANEEL","datePublished":"2025-01-09T11:00:00+00:00","dateModified":"2025-01-10T08:48:01+00:00","mainEntityOfPage":{"@id":"https:\/\/agenciainfra.com\/blog\/decreto-aponta-superintendente-ludimila-lima-como-primeira-na-lista-de-substituicao-de-diretores-na-aneel\/"},"wordCount":785,"publisher":{"@id":"https:\/\/agenciainfra.com\/blog\/#organization"},"image":{"@id":"https:\/\/agenciainfra.com\/blog\/decreto-aponta-superintendente-ludimila-lima-como-primeira-na-lista-de-substituicao-de-diretores-na-aneel\/#primaryimage"},"thumbnailUrl":"https:\/\/agenciainfra.com\/blog\/wp-content\/uploads\/2022\/05\/aneel-foto-aneel-e1764788022595.jpg","keywords":["Ag\u00eancias Reguladoras","ANEEL","Daniel Dana","Geraldo Campos Jr.","indica\u00e7\u00f5es","indica\u00e7\u00f5es \u00e0 ANEEL","Ivo Sechi Nazareno","Ludimila Lima da Silva","Marisa Wanzeller","substitui\u00e7\u00e3o na ANEEL"],"articleSection":["Destaque lista","Geral","iNFRAEnergia"],"inLanguage":"pt-BR","copyrightYear":"2025","copyrightHolder":{"@id":"https:\/\/agenciainfra.com\/blog\/#organization"}},{"@type":"WebPage","@id":"https:\/\/agenciainfra.com\/blog\/decreto-aponta-superintendente-ludimila-lima-como-primeira-na-lista-de-substituicao-de-diretores-na-aneel\/","url":"https:\/\/agenciainfra.com\/blog\/decreto-aponta-superintendente-ludimila-lima-como-primeira-na-lista-de-substituicao-de-diretores-na-aneel\/","name":"Decreto aponta superintendente Ludimila Lima como primeira na lista de substitui\u00e7\u00e3o de diretores na ANEEL - Ag\u00eancia iNFRA","isPartOf":{"@id":"https:\/\/agenciainfra.com\/blog\/#website"},"primaryImageOfPage":{"@id":"https:\/\/agenciainfra.com\/blog\/decreto-aponta-superintendente-ludimila-lima-como-primeira-na-lista-de-substituicao-de-diretores-na-aneel\/#primaryimage"},"image":{"@id":"https:\/\/agenciainfra.com\/blog\/decreto-aponta-superintendente-ludimila-lima-como-primeira-na-lista-de-substituicao-de-diretores-na-aneel\/#primaryimage"},"thumbnailUrl":"https:\/\/agenciainfra.com\/blog\/wp-content\/uploads\/2022\/05\/aneel-foto-aneel-e1764788022595.jpg","datePublished":"2025-01-09T11:00:00+00:00","dateModified":"2025-01-10T08:48:01+00:00","breadcrumb":{"@id":"https:\/\/agenciainfra.com\/blog\/decreto-aponta-superintendente-ludimila-lima-como-primeira-na-lista-de-substituicao-de-diretores-na-aneel\/#breadcrumb"},"inLanguage":"pt-BR","potentialAction":[{"@type":"ReadAction","target":["https:\/\/agenciainfra.com\/blog\/decreto-aponta-superintendente-ludimila-lima-como-primeira-na-lista-de-substituicao-de-diretores-na-aneel\/"]}]},{"@type":"ImageObject","inLanguage":"pt-BR","@id":"https:\/\/agenciainfra.com\/blog\/decreto-aponta-superintendente-ludimila-lima-como-primeira-na-lista-de-substituicao-de-diretores-na-aneel\/#primaryimage","url":"https:\/\/agenciainfra.com\/blog\/wp-content\/uploads\/2022\/05\/aneel-foto-aneel-e1764788022595.jpg","contentUrl":"https:\/\/agenciainfra.com\/blog\/wp-content\/uploads\/2022\/05\/aneel-foto-aneel-e1764788022595.jpg","width":1280,"height":753,"caption":"Foto: ANEEL"},{"@type":"BreadcrumbList","@id":"https:\/\/agenciainfra.com\/blog\/decreto-aponta-superintendente-ludimila-lima-como-primeira-na-lista-de-substituicao-de-diretores-na-aneel\/#breadcrumb","itemListElement":[{"@type":"ListItem","position":1,"name":"In\u00edcio","item":"https:\/\/agenciainfra.com\/blog\/"},{"@type":"ListItem","position":2,"name":"Decreto aponta superintendente Ludimila Lima como primeira na lista de substitui\u00e7\u00e3o de diretores na ANEEL"}]},{"@type":"WebSite","@id":"https:\/\/agenciainfra.com\/blog\/#website","url":"https:\/\/agenciainfra.com\/blog\/","name":"Ag\u00eancia iNFRA","description":"Multiplataforma de informa\u00e7\u00e3o jornal\u00edstica refer\u00eancia na \u00e1rea de infraestrutura no Brasil!","publisher":{"@id":"https:\/\/agenciainfra.com\/blog\/#organization"},"potentialAction":[{"@type":"SearchAction","target":{"@type":"EntryPoint","urlTemplate":"https:\/\/agenciainfra.com\/blog\/?s={search_term_string}"},"query-input":{"@type":"PropertyValueSpecification","valueRequired":true,"valueName":"search_term_string"}}],"inLanguage":"pt-BR"},{"@type":"Organization","@id":"https:\/\/agenciainfra.com\/blog\/#organization","name":"Ag\u00eancia iNFRA","url":"https:\/\/agenciainfra.com\/blog\/","logo":{"@type":"ImageObject","inLanguage":"pt-BR","@id":"https:\/\/agenciainfra.com\/blog\/#\/schema\/logo\/image\/","url":"https:\/\/agenciainfra.com\/blog\/wp-content\/uploads\/2023\/09\/iNFRA_5-e1761735885940.png","contentUrl":"https:\/\/agenciainfra.com\/blog\/wp-content\/uploads\/2023\/09\/iNFRA_5-e1761735885940.png","width":1672,"height":454,"caption":"Ag\u00eancia iNFRA"},"image":{"@id":"https:\/\/agenciainfra.com\/blog\/#\/schema\/logo\/image\/"},"sameAs":["https:\/\/www.facebook.com\/ageninfra","https:\/\/x.com\/agencia_infra","https:\/\/www.linkedin.com\/company\/ag\u00eanciainfra\/","https:\/\/www.instagram.com\/agenciainfra\/"]},{"@type":"Person","@id":"https:\/\/agenciainfra.com\/blog\/#\/schema\/person\/34af08dff6adea4cb22b06612ba7acfa","name":"Ag\u00eancia iNFRA","image":{"@type":"ImageObject","inLanguage":"pt-BR","@id":"https:\/\/agenciainfra.com\/blog\/#\/schema\/person\/image\/","url":"https:\/\/secure.gravatar.com\/avatar\/d189e01678f06d8eb84d4e01f08eb848b3fffe3f8443818d3c356c66892f5be8?s=96&d=mm&r=g","contentUrl":"https:\/\/secure.gravatar.com\/avatar\/d189e01678f06d8eb84d4e01f08eb848b3fffe3f8443818d3c356c66892f5be8?s=96&d=mm&r=g","caption":"Ag\u00eancia iNFRA"},"url":"https:\/\/agenciainfra.com\/blog\/author\/admin\/"}]}},"_links":{"self":[{"href":"https:\/\/agenciainfra.com\/blog\/wp-json\/wp\/v2\/posts\/19953","targetHints":{"allow":["GET"]}}],"collection":[{"href":"https:\/\/agenciainfra.com\/blog\/wp-json\/wp\/v2\/posts"}],"about":[{"href":"https:\/\/agenciainfra.com\/blog\/wp-json\/wp\/v2\/types\/post"}],"author":[{"embeddable":true,"href":"https:\/\/agenciainfra.com\/blog\/wp-json\/wp\/v2\/users\/1"}],"replies":[{"embeddable":true,"href":"https:\/\/agenciainfra.com\/blog\/wp-json\/wp\/v2\/comments?post=19953"}],"version-history":[{"count":1,"href":"https:\/\/agenciainfra.com\/blog\/wp-json\/wp\/v2\/posts\/19953\/revisions"}],"predecessor-version":[{"id":19954,"href":"https:\/\/agenciainfra.com\/blog\/wp-json\/wp\/v2\/posts\/19953\/revisions\/19954"}],"wp:featuredmedia":[{"embeddable":true,"href":"https:\/\/agenciainfra.com\/blog\/wp-json\/wp\/v2\/media\/10310"}],"wp:attachment":[{"href":"https:\/\/agenciainfra.com\/blog\/wp-json\/wp\/v2\/media?parent=19953"}],"wp:term":[{"taxonomy":"category","embeddable":true,"href":"https:\/\/agenciainfra.com\/blog\/wp-json\/wp\/v2\/categories?post=19953"},{"taxonomy":"post_tag","embeddable":true,"href":"https:\/\/agenciainfra.com\/blog\/wp-json\/wp\/v2\/tags?post=19953"}],"curies":[{"name":"wp","href":"https:\/\/api.w.org\/{rel}","templated":true}]}}