{"id":19970,"date":"2025-01-13T08:00:00","date_gmt":"2025-01-13T11:00:00","guid":{"rendered":"https:\/\/agenciainfra.com\/blog\/?p=19970"},"modified":"2025-01-15T05:55:29","modified_gmt":"2025-01-15T08:55:29","slug":"cai-liminar-favoravel-a-cigas-que-anulava-conversao-de-contratos-de-termicas-da-ambar","status":"publish","type":"post","link":"https:\/\/agenciainfra.com\/blog\/cai-liminar-favoravel-a-cigas-que-anulava-conversao-de-contratos-de-termicas-da-ambar\/","title":{"rendered":"Cai liminar favor\u00e1vel \u00e0 Cig\u00e1s que anulava convers\u00e3o de contratos de t\u00e9rmicas da \u00c2mbar"},"content":{"rendered":"\n<p class=\"has-text-align-right\"><strong>Marisa Wanzeller e Geraldo Campos Jr., da Ag\u00eancia iNFRA<\/strong><\/p>\n\n\n\n<p>O presidente do TRF-1 (Tribunal Regional Federal da 1\u00aa Regi\u00e3o), desembargador federal Jo\u00e3o Batista Moreira, tornou sem efeito a liminar que anulou a convers\u00e3o em CERs (Contratos de Energia de Reserva) dos contratos das t\u00e9rmicas compradas pela \u00c2mbar Energia da Eletrobras no Norte. A&nbsp;<a href=\"https:\/\/mcusercontent.com\/d460dd1bcf9ba0ae040e1fc0f\/files\/7bbc1c6f-0a59-7ad8-1f5d-1ecdc00df2e9\/10000515220254010000_429959447_Decisa_oMonocra_ticaTerminativa_1_.pdf\" target=\"_blank\" rel=\"noreferrer noopener\">decis\u00e3o<\/a>&nbsp;foi publicada na sexta-feira (10).<\/p>\n\n\n\n<p>O magistrado tamb\u00e9m tirou a condicionante estabelecida pelo desembargador Ney Bello, durante o plant\u00e3o judicial, para que a opera\u00e7\u00e3o tivesse o aval da Cig\u00e1s (Companhia de G\u00e1s do Amazonas) para prosseguir. Ele entendeu que a empresa de g\u00e1s n\u00e3o tem legitimidade para pedir a suspens\u00e3o da liminar que determinou a convers\u00e3o e por isso indeferiu o pedido formulado pela empresa em segundo grau.<br><br>De acordo com o presidente do TRF-1, um pedido de contracautela em inst\u00e2ncia inferior, ou seja, solicita\u00e7\u00e3o de suspens\u00e3o de liminar de primeiro grau, s\u00f3 pode ser apresentado por pessoas jur\u00eddicas de direito p\u00fablico, que s\u00e3o governos, autarquias e funda\u00e7\u00f5es p\u00fablicas. E que a Cig\u00e1s, embora controlada pelo governo do Amazonas, configura-se como uma personalidade de direito privado, n\u00e3o sendo admiss\u00edvel o seu recurso.<br><br><strong>Interesse comercial<\/strong><br>Moreira n\u00e3o apreciou o m\u00e9rito do assunto, mas refutou o argumento da Cig\u00e1s de que atua no processo em defesa do servi\u00e7o de distribui\u00e7\u00e3o de g\u00e1s natural no estado do Amazonas. \u201cSeus interesses s\u00e3o meramente comerciais\u201d, escreveu o desembargador.<\/p>\n\n\n\n<p>\u201cA alega\u00e7\u00e3o de que eventual inexecu\u00e7\u00e3o contratual possa refletir na composi\u00e7\u00e3o do pre\u00e7o p\u00fablico do g\u00e1s fornecido \u00e0 popula\u00e7\u00e3o amazonense tangencia os limites da legitimidade excepcional reconhecida \u00e0s concession\u00e1rias para o manejo do pedido de suspens\u00e3o de liminar e senten\u00e7a. Se h\u00e1 algum risco nesse sentido, competente para traz\u00ea-lo em ju\u00edzo \u00e9 o pr\u00f3prio poder concedente, a quem cabe velar pela modicidade das tarifas ou pre\u00e7os p\u00fablicos, conforme previs\u00e3o legal e constitucional&#8221;, diz o documento.<\/p>\n\n\n\n<p><a href=\"https:\/\/agenciainfra.com\/blog\/justica-anula-conversao-de-contratos-da-ambar-e-impede-transferencia-sem-anuencia-da-cigas\/\" target=\"_blank\" rel=\"noreferrer noopener\">Em 6 de janeiro<\/a>, \u00faltimo dia do plant\u00e3o judicial, o desembargador Ney Bello atendeu o pedido elaborado pela Cig\u00e1s, que tem o empres\u00e1rio Carlos Suarez entre os acionistas. A peti\u00e7\u00e3o foi assinada pelo ex-presidente Michel Temer como advogado da companhia.<br><br>A decis\u00e3o derrubava liminar da ju\u00edza Jaiza Fraxe, protagonista no processo de convers\u00e3o dos contratos das usinas e da transfer\u00eancia de controle da Amazonas Energia para a \u00c2mbar. Com isso, a empresa que pertence ao grupo J&amp;F, dos irm\u00e3os Wesley e Joesley Batista,&nbsp;<a href=\"https:\/\/agenciainfra.com\/blog\/ambar-diz-que-nao-cedera-a-pressao-sobre-termicas-apos-liminar-que-anulou-conversao-de-contratos\/\" target=\"_blank\" rel=\"noreferrer noopener\">afirmou em nota<\/a>&nbsp;que n\u00e3o cederia \u201c\u00e0s seguidas press\u00f5es do empres\u00e1rio Carlos Suarez\u201d.<br><br>Disse ainda que \u201ca nova tentativa de Suarez de extrair benef\u00edcios de um neg\u00f3cio que n\u00e3o lhe diz respeito deve ter o mesmo destino de seus ataques anteriores contra os interesses da \u00c2mbar: o fracasso\u201d.<\/p>\n","protected":false},"excerpt":{"rendered":"<p>Marisa Wanzeller e Geraldo Campos Jr., da Ag\u00eancia iNFRA O presidente do TRF-1 (Tribunal Regional Federal da 1\u00aa Regi\u00e3o), desembargador federal Jo\u00e3o Batista Moreira, tornou sem efeito a liminar que anulou a convers\u00e3o em CERs (Contratos de Energia de Reserva) dos contratos das t\u00e9rmicas compradas pela \u00c2mbar Energia da Eletrobras no Norte. A&nbsp;decis\u00e3o&nbsp;foi publicada na [&hellip;]<\/p>\n","protected":false},"author":1,"featured_media":6280,"comment_status":"closed","ping_status":"closed","sticky":false,"template":"","format":"standard","meta":{"_monsterinsights_skip_tracking":false,"_monsterinsights_sitenote_active":false,"_monsterinsights_sitenote_note":"","_monsterinsights_sitenote_category":0,"footnotes":""},"categories":[9714,1,10],"tags":[144,5678,5481,11510,2026,7836,12200,9059,50,1229,3713,11594,12221,12220,11970,7366,3367,12192,143,1154,11971,4766,11968],"class_list":["post-19970","post","type-post","status-publish","format-standard","has-post-thumbnail","hentry","category-destaque-menor","category-geral","category-infraenergia","tag-amazonas-energia","tag-ambar","tag-ambar-energia","tag-carlos-suarez","tag-cigas","tag-contratos-de-energia-de-reserva","tag-conversao-de-contratos","tag-decisao-liminar","tag-eletrobras","tag-eletronorte","tag-gas-canalizado","tag-geraldo-campos-jr","tag-jaiza-fraxe","tag-joao-batista-moreira","tag-joesley-e-wesley-batista","tag-marisa-wanzeller","tag-michel-temer","tag-ney-bello","tag-petrobras","tag-termeletricas","tag-termeletricas-do-norte","tag-trf-1","tag-venda-da-amazonas-energia"],"yoast_head":"<!-- This site is optimized with the Yoast SEO Premium plugin v25.4 (Yoast SEO v26.0) - https:\/\/yoast.com\/wordpress\/plugins\/seo\/ -->\n<title>Cai liminar favor\u00e1vel \u00e0 Cig\u00e1s que anulava convers\u00e3o de contratos de t\u00e9rmicas da \u00c2mbar - Ag\u00eancia iNFRA<\/title>\n<meta name=\"robots\" content=\"index, follow, max-snippet:-1, max-image-preview:large, max-video-preview:-1\" \/>\n<link rel=\"canonical\" href=\"https:\/\/agenciainfra.com\/blog\/cai-liminar-favoravel-a-cigas-que-anulava-conversao-de-contratos-de-termicas-da-ambar\/\" \/>\n<meta property=\"og:locale\" content=\"pt_BR\" \/>\n<meta property=\"og:type\" content=\"article\" \/>\n<meta property=\"og:title\" content=\"Cai liminar favor\u00e1vel \u00e0 Cig\u00e1s que anulava convers\u00e3o de contratos de t\u00e9rmicas da \u00c2mbar\" \/>\n<meta property=\"og:description\" content=\"Marisa Wanzeller e Geraldo Campos Jr., da Ag\u00eancia iNFRA O presidente do TRF-1 (Tribunal Regional Federal da 1\u00aa Regi\u00e3o), desembargador federal Jo\u00e3o Batista Moreira, tornou sem efeito a liminar que anulou a convers\u00e3o em CERs (Contratos de Energia de Reserva) dos contratos das t\u00e9rmicas compradas pela \u00c2mbar Energia da Eletrobras no Norte. A&nbsp;decis\u00e3o&nbsp;foi publicada na [&hellip;]\" \/>\n<meta property=\"og:url\" content=\"https:\/\/agenciainfra.com\/blog\/cai-liminar-favoravel-a-cigas-que-anulava-conversao-de-contratos-de-termicas-da-ambar\/\" \/>\n<meta property=\"og:site_name\" content=\"Ag\u00eancia iNFRA\" \/>\n<meta property=\"article:publisher\" content=\"https:\/\/www.facebook.com\/ageninfra\" \/>\n<meta property=\"article:published_time\" content=\"2025-01-13T11:00:00+00:00\" \/>\n<meta property=\"article:modified_time\" content=\"2025-01-15T08:55:29+00:00\" \/>\n<meta property=\"og:image\" content=\"https:\/\/agenciainfra.com\/blog\/wp-content\/uploads\/2020\/11\/usina-termica-foto-dominio-publico.jpg\" \/>\n\t<meta property=\"og:image:width\" content=\"1280\" \/>\n\t<meta property=\"og:image:height\" content=\"853\" \/>\n\t<meta property=\"og:image:type\" content=\"image\/jpeg\" \/>\n<meta name=\"author\" content=\"Ag\u00eancia iNFRA\" \/>\n<meta name=\"twitter:card\" content=\"summary_large_image\" \/>\n<meta name=\"twitter:creator\" content=\"@agencia_infra\" \/>\n<meta name=\"twitter:site\" content=\"@agencia_infra\" \/>\n<meta name=\"twitter:label1\" content=\"Escrito por\" \/>\n\t<meta name=\"twitter:data1\" content=\"Ag\u00eancia iNFRA\" \/>\n\t<meta name=\"twitter:label2\" content=\"Est. tempo de leitura\" \/>\n\t<meta name=\"twitter:data2\" content=\"2 minutos\" \/>\n<script type=\"application\/ld+json\" class=\"yoast-schema-graph\">{\"@context\":\"https:\/\/schema.org\",\"@graph\":[{\"@type\":\"Article\",\"@id\":\"https:\/\/agenciainfra.com\/blog\/cai-liminar-favoravel-a-cigas-que-anulava-conversao-de-contratos-de-termicas-da-ambar\/#article\",\"isPartOf\":{\"@id\":\"https:\/\/agenciainfra.com\/blog\/cai-liminar-favoravel-a-cigas-que-anulava-conversao-de-contratos-de-termicas-da-ambar\/\"},\"author\":{\"name\":\"Ag\u00eancia iNFRA\",\"@id\":\"https:\/\/agenciainfra.com\/blog\/#\/schema\/person\/34af08dff6adea4cb22b06612ba7acfa\"},\"headline\":\"Cai liminar favor\u00e1vel \u00e0 Cig\u00e1s que anulava convers\u00e3o de contratos de t\u00e9rmicas da \u00c2mbar\",\"datePublished\":\"2025-01-13T11:00:00+00:00\",\"dateModified\":\"2025-01-15T08:55:29+00:00\",\"mainEntityOfPage\":{\"@id\":\"https:\/\/agenciainfra.com\/blog\/cai-liminar-favoravel-a-cigas-que-anulava-conversao-de-contratos-de-termicas-da-ambar\/\"},\"wordCount\":515,\"publisher\":{\"@id\":\"https:\/\/agenciainfra.com\/blog\/#organization\"},\"image\":{\"@id\":\"https:\/\/agenciainfra.com\/blog\/cai-liminar-favoravel-a-cigas-que-anulava-conversao-de-contratos-de-termicas-da-ambar\/#primaryimage\"},\"thumbnailUrl\":\"https:\/\/agenciainfra.com\/blog\/wp-content\/uploads\/2020\/11\/usina-termica-foto-dominio-publico-e1750770662460.jpg\",\"keywords\":[\"Amazonas Energia\",\"\u00c2mbar\",\"\u00c2mbar Energia\",\"Carlos Suarez\",\"Cig\u00e1s\",\"Contratos de Energia de Reserva\",\"convers\u00e3o de contratos\",\"Decis\u00e3o liminar\",\"Eletrobras\",\"Eletronorte\",\"g\u00e1s canalizado\",\"Geraldo Campos Jr.\",\"Jaiza Fraxe\",\"Jo\u00e3o Batista Moreira\",\"Joesley e Wesley Batista\",\"Marisa Wanzeller\",\"Michel Temer\",\"Ney Bello\",\"Petrobras\",\"termel\u00e9tricas\",\"termel\u00e9tricas do Norte\",\"TRF-1\",\"Venda da Amazonas Energia\"],\"articleSection\":[\"Destaque Menor\",\"Geral\",\"iNFRAEnergia\"],\"inLanguage\":\"pt-BR\",\"copyrightYear\":\"2025\",\"copyrightHolder\":{\"@id\":\"https:\/\/agenciainfra.com\/blog\/#organization\"}},{\"@type\":\"WebPage\",\"@id\":\"https:\/\/agenciainfra.com\/blog\/cai-liminar-favoravel-a-cigas-que-anulava-conversao-de-contratos-de-termicas-da-ambar\/\",\"url\":\"https:\/\/agenciainfra.com\/blog\/cai-liminar-favoravel-a-cigas-que-anulava-conversao-de-contratos-de-termicas-da-ambar\/\",\"name\":\"Cai liminar favor\u00e1vel \u00e0 Cig\u00e1s que anulava convers\u00e3o de contratos de t\u00e9rmicas da \u00c2mbar - Ag\u00eancia iNFRA\",\"isPartOf\":{\"@id\":\"https:\/\/agenciainfra.com\/blog\/#website\"},\"primaryImageOfPage\":{\"@id\":\"https:\/\/agenciainfra.com\/blog\/cai-liminar-favoravel-a-cigas-que-anulava-conversao-de-contratos-de-termicas-da-ambar\/#primaryimage\"},\"image\":{\"@id\":\"https:\/\/agenciainfra.com\/blog\/cai-liminar-favoravel-a-cigas-que-anulava-conversao-de-contratos-de-termicas-da-ambar\/#primaryimage\"},\"thumbnailUrl\":\"https:\/\/agenciainfra.com\/blog\/wp-content\/uploads\/2020\/11\/usina-termica-foto-dominio-publico-e1750770662460.jpg\",\"datePublished\":\"2025-01-13T11:00:00+00:00\",\"dateModified\":\"2025-01-15T08:55:29+00:00\",\"breadcrumb\":{\"@id\":\"https:\/\/agenciainfra.com\/blog\/cai-liminar-favoravel-a-cigas-que-anulava-conversao-de-contratos-de-termicas-da-ambar\/#breadcrumb\"},\"inLanguage\":\"pt-BR\",\"potentialAction\":[{\"@type\":\"ReadAction\",\"target\":[\"https:\/\/agenciainfra.com\/blog\/cai-liminar-favoravel-a-cigas-que-anulava-conversao-de-contratos-de-termicas-da-ambar\/\"]}]},{\"@type\":\"ImageObject\",\"inLanguage\":\"pt-BR\",\"@id\":\"https:\/\/agenciainfra.com\/blog\/cai-liminar-favoravel-a-cigas-que-anulava-conversao-de-contratos-de-termicas-da-ambar\/#primaryimage\",\"url\":\"https:\/\/agenciainfra.com\/blog\/wp-content\/uploads\/2020\/11\/usina-termica-foto-dominio-publico-e1750770662460.jpg\",\"contentUrl\":\"https:\/\/agenciainfra.com\/blog\/wp-content\/uploads\/2020\/11\/usina-termica-foto-dominio-publico-e1750770662460.jpg\",\"width\":1280,\"height\":755,\"caption\":\"Foto: Dom\u00ednio P\u00fablico\"},{\"@type\":\"BreadcrumbList\",\"@id\":\"https:\/\/agenciainfra.com\/blog\/cai-liminar-favoravel-a-cigas-que-anulava-conversao-de-contratos-de-termicas-da-ambar\/#breadcrumb\",\"itemListElement\":[{\"@type\":\"ListItem\",\"position\":1,\"name\":\"In\u00edcio\",\"item\":\"https:\/\/agenciainfra.com\/blog\/\"},{\"@type\":\"ListItem\",\"position\":2,\"name\":\"Cai liminar favor\u00e1vel \u00e0 Cig\u00e1s que anulava convers\u00e3o de contratos de t\u00e9rmicas da \u00c2mbar\"}]},{\"@type\":\"WebSite\",\"@id\":\"https:\/\/agenciainfra.com\/blog\/#website\",\"url\":\"https:\/\/agenciainfra.com\/blog\/\",\"name\":\"Ag\u00eancia iNFRA\",\"description\":\"Multiplataforma de informa\u00e7\u00e3o jornal\u00edstica refer\u00eancia na \u00e1rea de infraestrutura no Brasil!\",\"publisher\":{\"@id\":\"https:\/\/agenciainfra.com\/blog\/#organization\"},\"potentialAction\":[{\"@type\":\"SearchAction\",\"target\":{\"@type\":\"EntryPoint\",\"urlTemplate\":\"https:\/\/agenciainfra.com\/blog\/?s={search_term_string}\"},\"query-input\":{\"@type\":\"PropertyValueSpecification\",\"valueRequired\":true,\"valueName\":\"search_term_string\"}}],\"inLanguage\":\"pt-BR\"},{\"@type\":\"Organization\",\"@id\":\"https:\/\/agenciainfra.com\/blog\/#organization\",\"name\":\"Ag\u00eancia iNFRA\",\"url\":\"https:\/\/agenciainfra.com\/blog\/\",\"logo\":{\"@type\":\"ImageObject\",\"inLanguage\":\"pt-BR\",\"@id\":\"https:\/\/agenciainfra.com\/blog\/#\/schema\/logo\/image\/\",\"url\":\"https:\/\/agenciainfra.com\/blog\/wp-content\/uploads\/2023\/09\/iNFRA_5-e1761735885940.png\",\"contentUrl\":\"https:\/\/agenciainfra.com\/blog\/wp-content\/uploads\/2023\/09\/iNFRA_5-e1761735885940.png\",\"width\":1672,\"height\":454,\"caption\":\"Ag\u00eancia iNFRA\"},\"image\":{\"@id\":\"https:\/\/agenciainfra.com\/blog\/#\/schema\/logo\/image\/\"},\"sameAs\":[\"https:\/\/www.facebook.com\/ageninfra\",\"https:\/\/x.com\/agencia_infra\",\"https:\/\/www.linkedin.com\/company\/ag\u00eanciainfra\/\",\"https:\/\/www.instagram.com\/agenciainfra\/\"]},{\"@type\":\"Person\",\"@id\":\"https:\/\/agenciainfra.com\/blog\/#\/schema\/person\/34af08dff6adea4cb22b06612ba7acfa\",\"name\":\"Ag\u00eancia iNFRA\",\"image\":{\"@type\":\"ImageObject\",\"inLanguage\":\"pt-BR\",\"@id\":\"https:\/\/agenciainfra.com\/blog\/#\/schema\/person\/image\/\",\"url\":\"https:\/\/secure.gravatar.com\/avatar\/d189e01678f06d8eb84d4e01f08eb848b3fffe3f8443818d3c356c66892f5be8?s=96&d=mm&r=g\",\"contentUrl\":\"https:\/\/secure.gravatar.com\/avatar\/d189e01678f06d8eb84d4e01f08eb848b3fffe3f8443818d3c356c66892f5be8?s=96&d=mm&r=g\",\"caption\":\"Ag\u00eancia iNFRA\"},\"url\":\"https:\/\/agenciainfra.com\/blog\/author\/admin\/\"}]}<\/script>\n<!-- \/ Yoast SEO Premium plugin. -->","yoast_head_json":{"title":"Cai liminar favor\u00e1vel \u00e0 Cig\u00e1s que anulava convers\u00e3o de contratos de t\u00e9rmicas da \u00c2mbar - Ag\u00eancia iNFRA","robots":{"index":"index","follow":"follow","max-snippet":"max-snippet:-1","max-image-preview":"max-image-preview:large","max-video-preview":"max-video-preview:-1"},"canonical":"https:\/\/agenciainfra.com\/blog\/cai-liminar-favoravel-a-cigas-que-anulava-conversao-de-contratos-de-termicas-da-ambar\/","og_locale":"pt_BR","og_type":"article","og_title":"Cai liminar favor\u00e1vel \u00e0 Cig\u00e1s que anulava convers\u00e3o de contratos de t\u00e9rmicas da \u00c2mbar","og_description":"Marisa Wanzeller e Geraldo Campos Jr., da Ag\u00eancia iNFRA O presidente do TRF-1 (Tribunal Regional Federal da 1\u00aa Regi\u00e3o), desembargador federal Jo\u00e3o Batista Moreira, tornou sem efeito a liminar que anulou a convers\u00e3o em CERs (Contratos de Energia de Reserva) dos contratos das t\u00e9rmicas compradas pela \u00c2mbar Energia da Eletrobras no Norte. A&nbsp;decis\u00e3o&nbsp;foi publicada na [&hellip;]","og_url":"https:\/\/agenciainfra.com\/blog\/cai-liminar-favoravel-a-cigas-que-anulava-conversao-de-contratos-de-termicas-da-ambar\/","og_site_name":"Ag\u00eancia iNFRA","article_publisher":"https:\/\/www.facebook.com\/ageninfra","article_published_time":"2025-01-13T11:00:00+00:00","article_modified_time":"2025-01-15T08:55:29+00:00","og_image":[{"width":1280,"height":853,"url":"https:\/\/agenciainfra.com\/blog\/wp-content\/uploads\/2020\/11\/usina-termica-foto-dominio-publico.jpg","type":"image\/jpeg"}],"author":"Ag\u00eancia iNFRA","twitter_card":"summary_large_image","twitter_creator":"@agencia_infra","twitter_site":"@agencia_infra","twitter_misc":{"Escrito por":"Ag\u00eancia iNFRA","Est. tempo de leitura":"2 minutos"},"schema":{"@context":"https:\/\/schema.org","@graph":[{"@type":"Article","@id":"https:\/\/agenciainfra.com\/blog\/cai-liminar-favoravel-a-cigas-que-anulava-conversao-de-contratos-de-termicas-da-ambar\/#article","isPartOf":{"@id":"https:\/\/agenciainfra.com\/blog\/cai-liminar-favoravel-a-cigas-que-anulava-conversao-de-contratos-de-termicas-da-ambar\/"},"author":{"name":"Ag\u00eancia iNFRA","@id":"https:\/\/agenciainfra.com\/blog\/#\/schema\/person\/34af08dff6adea4cb22b06612ba7acfa"},"headline":"Cai liminar favor\u00e1vel \u00e0 Cig\u00e1s que anulava convers\u00e3o de contratos de t\u00e9rmicas da \u00c2mbar","datePublished":"2025-01-13T11:00:00+00:00","dateModified":"2025-01-15T08:55:29+00:00","mainEntityOfPage":{"@id":"https:\/\/agenciainfra.com\/blog\/cai-liminar-favoravel-a-cigas-que-anulava-conversao-de-contratos-de-termicas-da-ambar\/"},"wordCount":515,"publisher":{"@id":"https:\/\/agenciainfra.com\/blog\/#organization"},"image":{"@id":"https:\/\/agenciainfra.com\/blog\/cai-liminar-favoravel-a-cigas-que-anulava-conversao-de-contratos-de-termicas-da-ambar\/#primaryimage"},"thumbnailUrl":"https:\/\/agenciainfra.com\/blog\/wp-content\/uploads\/2020\/11\/usina-termica-foto-dominio-publico-e1750770662460.jpg","keywords":["Amazonas Energia","\u00c2mbar","\u00c2mbar Energia","Carlos Suarez","Cig\u00e1s","Contratos de Energia de Reserva","convers\u00e3o de contratos","Decis\u00e3o liminar","Eletrobras","Eletronorte","g\u00e1s canalizado","Geraldo Campos Jr.","Jaiza Fraxe","Jo\u00e3o Batista Moreira","Joesley e Wesley Batista","Marisa Wanzeller","Michel Temer","Ney Bello","Petrobras","termel\u00e9tricas","termel\u00e9tricas do Norte","TRF-1","Venda da Amazonas Energia"],"articleSection":["Destaque Menor","Geral","iNFRAEnergia"],"inLanguage":"pt-BR","copyrightYear":"2025","copyrightHolder":{"@id":"https:\/\/agenciainfra.com\/blog\/#organization"}},{"@type":"WebPage","@id":"https:\/\/agenciainfra.com\/blog\/cai-liminar-favoravel-a-cigas-que-anulava-conversao-de-contratos-de-termicas-da-ambar\/","url":"https:\/\/agenciainfra.com\/blog\/cai-liminar-favoravel-a-cigas-que-anulava-conversao-de-contratos-de-termicas-da-ambar\/","name":"Cai liminar favor\u00e1vel \u00e0 Cig\u00e1s que anulava convers\u00e3o de contratos de t\u00e9rmicas da \u00c2mbar - Ag\u00eancia iNFRA","isPartOf":{"@id":"https:\/\/agenciainfra.com\/blog\/#website"},"primaryImageOfPage":{"@id":"https:\/\/agenciainfra.com\/blog\/cai-liminar-favoravel-a-cigas-que-anulava-conversao-de-contratos-de-termicas-da-ambar\/#primaryimage"},"image":{"@id":"https:\/\/agenciainfra.com\/blog\/cai-liminar-favoravel-a-cigas-que-anulava-conversao-de-contratos-de-termicas-da-ambar\/#primaryimage"},"thumbnailUrl":"https:\/\/agenciainfra.com\/blog\/wp-content\/uploads\/2020\/11\/usina-termica-foto-dominio-publico-e1750770662460.jpg","datePublished":"2025-01-13T11:00:00+00:00","dateModified":"2025-01-15T08:55:29+00:00","breadcrumb":{"@id":"https:\/\/agenciainfra.com\/blog\/cai-liminar-favoravel-a-cigas-que-anulava-conversao-de-contratos-de-termicas-da-ambar\/#breadcrumb"},"inLanguage":"pt-BR","potentialAction":[{"@type":"ReadAction","target":["https:\/\/agenciainfra.com\/blog\/cai-liminar-favoravel-a-cigas-que-anulava-conversao-de-contratos-de-termicas-da-ambar\/"]}]},{"@type":"ImageObject","inLanguage":"pt-BR","@id":"https:\/\/agenciainfra.com\/blog\/cai-liminar-favoravel-a-cigas-que-anulava-conversao-de-contratos-de-termicas-da-ambar\/#primaryimage","url":"https:\/\/agenciainfra.com\/blog\/wp-content\/uploads\/2020\/11\/usina-termica-foto-dominio-publico-e1750770662460.jpg","contentUrl":"https:\/\/agenciainfra.com\/blog\/wp-content\/uploads\/2020\/11\/usina-termica-foto-dominio-publico-e1750770662460.jpg","width":1280,"height":755,"caption":"Foto: Dom\u00ednio P\u00fablico"},{"@type":"BreadcrumbList","@id":"https:\/\/agenciainfra.com\/blog\/cai-liminar-favoravel-a-cigas-que-anulava-conversao-de-contratos-de-termicas-da-ambar\/#breadcrumb","itemListElement":[{"@type":"ListItem","position":1,"name":"In\u00edcio","item":"https:\/\/agenciainfra.com\/blog\/"},{"@type":"ListItem","position":2,"name":"Cai liminar favor\u00e1vel \u00e0 Cig\u00e1s que anulava convers\u00e3o de contratos de t\u00e9rmicas da \u00c2mbar"}]},{"@type":"WebSite","@id":"https:\/\/agenciainfra.com\/blog\/#website","url":"https:\/\/agenciainfra.com\/blog\/","name":"Ag\u00eancia iNFRA","description":"Multiplataforma de informa\u00e7\u00e3o jornal\u00edstica refer\u00eancia na \u00e1rea de infraestrutura no Brasil!","publisher":{"@id":"https:\/\/agenciainfra.com\/blog\/#organization"},"potentialAction":[{"@type":"SearchAction","target":{"@type":"EntryPoint","urlTemplate":"https:\/\/agenciainfra.com\/blog\/?s={search_term_string}"},"query-input":{"@type":"PropertyValueSpecification","valueRequired":true,"valueName":"search_term_string"}}],"inLanguage":"pt-BR"},{"@type":"Organization","@id":"https:\/\/agenciainfra.com\/blog\/#organization","name":"Ag\u00eancia iNFRA","url":"https:\/\/agenciainfra.com\/blog\/","logo":{"@type":"ImageObject","inLanguage":"pt-BR","@id":"https:\/\/agenciainfra.com\/blog\/#\/schema\/logo\/image\/","url":"https:\/\/agenciainfra.com\/blog\/wp-content\/uploads\/2023\/09\/iNFRA_5-e1761735885940.png","contentUrl":"https:\/\/agenciainfra.com\/blog\/wp-content\/uploads\/2023\/09\/iNFRA_5-e1761735885940.png","width":1672,"height":454,"caption":"Ag\u00eancia iNFRA"},"image":{"@id":"https:\/\/agenciainfra.com\/blog\/#\/schema\/logo\/image\/"},"sameAs":["https:\/\/www.facebook.com\/ageninfra","https:\/\/x.com\/agencia_infra","https:\/\/www.linkedin.com\/company\/ag\u00eanciainfra\/","https:\/\/www.instagram.com\/agenciainfra\/"]},{"@type":"Person","@id":"https:\/\/agenciainfra.com\/blog\/#\/schema\/person\/34af08dff6adea4cb22b06612ba7acfa","name":"Ag\u00eancia iNFRA","image":{"@type":"ImageObject","inLanguage":"pt-BR","@id":"https:\/\/agenciainfra.com\/blog\/#\/schema\/person\/image\/","url":"https:\/\/secure.gravatar.com\/avatar\/d189e01678f06d8eb84d4e01f08eb848b3fffe3f8443818d3c356c66892f5be8?s=96&d=mm&r=g","contentUrl":"https:\/\/secure.gravatar.com\/avatar\/d189e01678f06d8eb84d4e01f08eb848b3fffe3f8443818d3c356c66892f5be8?s=96&d=mm&r=g","caption":"Ag\u00eancia iNFRA"},"url":"https:\/\/agenciainfra.com\/blog\/author\/admin\/"}]}},"_links":{"self":[{"href":"https:\/\/agenciainfra.com\/blog\/wp-json\/wp\/v2\/posts\/19970","targetHints":{"allow":["GET"]}}],"collection":[{"href":"https:\/\/agenciainfra.com\/blog\/wp-json\/wp\/v2\/posts"}],"about":[{"href":"https:\/\/agenciainfra.com\/blog\/wp-json\/wp\/v2\/types\/post"}],"author":[{"embeddable":true,"href":"https:\/\/agenciainfra.com\/blog\/wp-json\/wp\/v2\/users\/1"}],"replies":[{"embeddable":true,"href":"https:\/\/agenciainfra.com\/blog\/wp-json\/wp\/v2\/comments?post=19970"}],"version-history":[{"count":1,"href":"https:\/\/agenciainfra.com\/blog\/wp-json\/wp\/v2\/posts\/19970\/revisions"}],"predecessor-version":[{"id":19971,"href":"https:\/\/agenciainfra.com\/blog\/wp-json\/wp\/v2\/posts\/19970\/revisions\/19971"}],"wp:featuredmedia":[{"embeddable":true,"href":"https:\/\/agenciainfra.com\/blog\/wp-json\/wp\/v2\/media\/6280"}],"wp:attachment":[{"href":"https:\/\/agenciainfra.com\/blog\/wp-json\/wp\/v2\/media?parent=19970"}],"wp:term":[{"taxonomy":"category","embeddable":true,"href":"https:\/\/agenciainfra.com\/blog\/wp-json\/wp\/v2\/categories?post=19970"},{"taxonomy":"post_tag","embeddable":true,"href":"https:\/\/agenciainfra.com\/blog\/wp-json\/wp\/v2\/tags?post=19970"}],"curies":[{"name":"wp","href":"https:\/\/api.w.org\/{rel}","templated":true}]}}