{"id":19972,"date":"2025-01-13T09:00:00","date_gmt":"2025-01-13T12:00:00","guid":{"rendered":"https:\/\/agenciainfra.com\/blog\/?p=19972"},"modified":"2025-01-13T09:53:22","modified_gmt":"2025-01-13T12:53:22","slug":"leilao-de-potencia-precisara-contratar-pelo-menos-13-gw-avalia-abraget","status":"publish","type":"post","link":"https:\/\/agenciainfra.com\/blog\/leilao-de-potencia-precisara-contratar-pelo-menos-13-gw-avalia-abraget\/","title":{"rendered":"Leil\u00e3o de pot\u00eancia precisar\u00e1 contratar pelo menos 13 GW, avalia Abraget"},"content":{"rendered":"\n<p class=\"has-text-align-right\"><strong>Geraldo Campos Jr. e Marisa Wanzeller, da Ag\u00eancia iNFRA<\/strong><\/p>\n\n\n\n<p>A Abraget (Associa\u00e7\u00e3o Brasileira de Geradoras Termel\u00e9tricas) defende que o LRCAP (Leil\u00e3o de Reserva de Capacidade) previsto para 27 de junho deste ano contrate ao menos 13 GW (gigawatts) de gera\u00e7\u00e3o, afirmou o presidente da entidade, Xisto Vieira, \u00e0&nbsp;<strong>Ag\u00eancia iNFRA<\/strong>. No entanto, a defini\u00e7\u00e3o do montante a ser leiloado no certame caber\u00e1 ao governo federal a partir de an\u00e1lises&nbsp;da EPE (Empresa de Pesquisa Energ\u00e9tica).<\/p>\n\n\n\n<p>Um estudo realizado em 2024 pela associa\u00e7\u00e3o em parceria com a consultoria Thymos Energia demonstrou a necessidade de contrata\u00e7\u00e3o de 16 GW, considerando termel\u00e9tricas que estariam descontratadas. Desse montante, haveria necessidade de 3 GW ainda entre 2024 e 2025, e 13 GW para os anos seguintes.<\/p>\n\n\n\n<p>Xisto Vieira considerou as diretrizes do leil\u00e3o fixadas pelo MME (Minist\u00e9rio de Minas e Energia) adequadas, em sua maior parte. Mas defendeu duas altera\u00e7\u00f5es para os pr\u00f3ximos certames: 1) a n\u00e3o separa\u00e7\u00e3o de energia nova e existente; e 2) a possibilidade de contrata\u00e7\u00e3o das t\u00e9rmicas a \u00f3leo combust\u00edvel.<\/p>\n\n\n\n<p>\u201cA equipe do minist\u00e9rio entendeu a filosofia do leil\u00e3o de pot\u00eancia, que n\u00e3o \u00e9 um leil\u00e3o para atender a ponta, em hip\u00f3tese alguma. Ele \u00e9 um leil\u00e3o para a confiabilidade do Sistema Interligado Nacional. O MME demonstrou claramente isso, ao permitir somente a entrada de m\u00e1quinas s\u00edncronas, que s\u00e3o aquelas que d\u00e3o confiabilidade ao sistema\u201d, avalia.<\/p>\n\n\n\n<p><strong>Energia nova e existente<\/strong><br>Na vis\u00e3o do presidente da associa\u00e7\u00e3o, o governo deveria deixar que os agentes definam com qual empreendimento competir. \u201cTem que deixar competir. A competi\u00e7\u00e3o, na nossa forma de ver, \u00e9 o marco que deveria guiar esse leil\u00e3o&#8221;, afirmou.<\/p>\n\n\n\n<p>Ele entende que, em determinadas situa\u00e7\u00f5es, a constru\u00e7\u00e3o de uma nova usina sairia mais barato do que o retrofit necess\u00e1rio em usinas j\u00e1 existentes para lidar com a complexidade do sistema el\u00e9trico atual.<\/p>\n\n\n\n<p>\u201cOs requisitos do sistema s\u00e3o cada vez mais complexos, porque o sistema est\u00e1 ficando mais complexo. (&#8230;) Quando voc\u00ea coloca no edital esses requisitos do sistema, quanto mais complexos eles forem, mais significa o seguinte: as m\u00e1quinas novas da gera\u00e7\u00e3o t\u00e9rmica j\u00e1 v\u00eam quase que assim, a mil por hora, com todas as efici\u00eancias poss\u00edveis. S\u00e3o m\u00e1quinas excepcionais, t\u00eam partida r\u00e1pida, t\u00eam efici\u00eancia muito boa. Se for uma usina existente, pra cumprir aquelas exig\u00eancias do edital, eu vou ter que fazer retrofit, uma op\u00e7\u00e3o de retrofit, e isso custa\u201d, explicou.<\/p>\n\n\n\n<p>Contudo, a Abraget n\u00e3o pedir\u00e1 novas altera\u00e7\u00f5es no leil\u00e3o deste ano, mas apresentar\u00e1 estudos ao minist\u00e9rio para considerar a unifica\u00e7\u00e3o dos produtos nos pr\u00f3ximos anos. A ideia \u00e9 que seja criado um GT (Grupo de Trabalho) para estudar e debater o modelo para os futuros certames.<\/p>\n\n\n\n<p><strong>T\u00e9rmicas a \u00f3leo<\/strong><br>Xisto Vieira afirma que, por se tratar de um leil\u00e3o para dar confiabilidade e flexibilidade ao sistema el\u00e9trico, a participa\u00e7\u00e3o de t\u00e9rmicas a \u00f3leo combust\u00edvel n\u00e3o deveria ser exclu\u00edda. Segundo ele, essas usinas s\u00e3o as com menor tempo para partida ou parada das m\u00e1quinas, ou seja, uma maior flexibilidade para opera\u00e7\u00e3o do SIN (Sistema Interligado Nacional) pelo ONS (Operador Nacional do Sistema El\u00e9trico).<\/p>\n\n\n\n<p>\u201cQuando se fala em t\u00e9rmica a \u00f3leo combust\u00edvel, n\u00e3o \u00e9 para operar na base. N\u00e3o vou pegar uma t\u00e9rmica a \u00f3leo e botar ela pra operar 24 horas por dia, s\u00f3 se tiver em \u00faltimo caso de pr\u00e9-racionamento. Mas essas usinas t\u00eam uma caracter\u00edstica excepcional de flexibilidade. Essas m\u00e1quinas est\u00e3o em opera\u00e7\u00e3o, n\u00e3o \u00e9 colocar uma nova. Ao retirar essas usinas, vou retirar flexibilidade do Sistema Interligado Nacional\u201d, afirmou.<\/p>\n\n\n\n<p>O presidente da Abraget citou o exemplo do apag\u00e3o em 15 de agosto de 2023, que levou mais de sete horas para o restabelecimento da energia em algumas regi\u00f5es do pa\u00eds. \u201cEssas t\u00e9rmicas s\u00e3o as usinas mais r\u00e1pidas para fazer a recomposi\u00e7\u00e3o de cargas, ou seja, s\u00e3o usinas de resili\u00eancia.\u201d<\/p>\n\n\n\n<p>A associa\u00e7\u00e3o pleiteia junto ao MME que seja feito um estudo para buscar um equil\u00edbrio do uso de t\u00e9rmicas a \u00f3leo combust\u00edvel de forma condizente com a transi\u00e7\u00e3o energ\u00e9tica para manter as usinas existentes em opera\u00e7\u00e3o, seja com a cria\u00e7\u00e3o de um leil\u00e3o espec\u00edfico ou de um produto adicional dentro dos futuros LRCAPs. \u201cA retirada dessas termel\u00e9tricas \u00e9 muito ruim para o sistema\u201d, diz Vieira.<\/p>\n\n\n\n<p><strong>Perspectiva para 2025<\/strong><br>No entendimento da Abraget, o n\u00edvel de despacho termel\u00e9trico em 2025 dever\u00e1 seguir o mesmo patamar atingido em 2024 ou aumentar. Isso porque h\u00e1 uma percep\u00e7\u00e3o de que o tempo de dura\u00e7\u00e3o da ponta est\u00e1 cada vez maior, entre sete e oito horas, afirmou Xisto Vieira.<\/p>\n\n\n\n<p>\u201cEssa ponta de sete a oito horas mostra que o sistema mudou muito, a complexidade desse sistema, atualmente. Voc\u00ea tem uma grande quantidade de energia solar, o que \u00e9 \u00f3timo, mas a energia solar em grande escala causa a curva do pato. Quando voc\u00ea n\u00e3o tem sol, voc\u00ea est\u00e1 sendo suprido por outro. A\u00ed, de repente, come\u00e7a o sol e vai l\u00e1 pra baixo o suprimento das outras fontes. E fica a maior parte solar. E a\u00ed, depois, vai acabando o sol e vai subindo [a gera\u00e7\u00e3o de outras fontes] e faz aquela curvinha do pato. E essa queda e a rampa de subida da curva do pato est\u00e1 dando em torno de 40 GW a 50 GW&#8221;, afirmou Xisto.<\/p>\n\n\n\n<p>Ele explicou que essa demanda \u00e9 atendida majoritariamente pelas hidrel\u00e9tricas, no entanto, s\u00e3o as t\u00e9rmicas que suprem essa necessidade em per\u00edodos de seca.<\/p>\n\n\n\n<p><strong>Curtailment<\/strong><br>Xisto tamb\u00e9m apontou o aumento de t\u00e9rmicas no Nordeste como uma solu\u00e7\u00e3o para reduzir os cortes de gera\u00e7\u00e3o e\u00f3lica e solar, o chamado curtailment ou constrained-off, intensificados desde 2023.<\/p>\n\n\n\n<p>\u201cA e\u00f3lica e a solar s\u00f3 podem crescer, aumentar de volume, se tiver o apoio de confiabilidade t\u00e9rmica, se n\u00e3o, n\u00e3o vale. Vamos dar um exemplo: o curtailment que tem a\u00ed \u00e9 \u00fanica e exclusivamente por falta de gera\u00e7\u00e3o t\u00e9rmica na regi\u00e3o Nordeste. Simples assim&#8221;, defendeu.<\/p>\n\n\n\n<p>Na avalia\u00e7\u00e3o do presidente da Abraget, a ocorr\u00eancia do dia 15 de agosto de 2023, que levou a um apag\u00e3o nacional, aconteceu por falta de \u201crobustez\u201d no subsistema Nordeste. \u201cN\u00e3o tinham m\u00e1quinas s\u00edncronas segurando a tens\u00e3o. Ent\u00e3o, uma simples abertura de linha, que \u00e9 um neg\u00f3cio que ocorre no dia a dia da opera\u00e7\u00e3o, derrubou o sistema. Porque o sistema estava muito fraco em rela\u00e7\u00e3o a isso&#8221;, afirmou.<\/p>\n\n\n\n<p>\u201cO ONS rapidamente diminuiu o interc\u00e2mbio com o Sudeste. O interc\u00e2mbio do Nordeste com o Sudeste. Quando ele diminuiu, ele esvaziou as linhas, melhorou as tens\u00f5es, porque aumentou o reativo, a pot\u00eancia reativa que est\u00e1 relacionada \u00e0 tens\u00e3o.\u201d<\/p>\n\n\n\n<p>Essa opera\u00e7\u00e3o considerada mais \u201cconservadora\u201d levou aos cortes de gera\u00e7\u00e3o em usinas fotovoltaicas e e\u00f3licas. Xisto avalia que, se ao menos uma t\u00e9rmica na regi\u00e3o estivesse em opera\u00e7\u00e3o, a pr\u00e1tica n\u00e3o seria necess\u00e1ria. Afirmou ainda que a instala\u00e7\u00e3o de novas linhas de transmiss\u00e3o s\u00e3o apenas paliativos diante da necessidade de maior robustez do sistema na regi\u00e3o, com m\u00e1quinas s\u00edncronas.<\/p>\n","protected":false},"excerpt":{"rendered":"<p>Geraldo Campos Jr. e Marisa Wanzeller, da Ag\u00eancia iNFRA A Abraget (Associa\u00e7\u00e3o Brasileira de Geradoras Termel\u00e9tricas) defende que o LRCAP (Leil\u00e3o de Reserva de Capacidade) previsto para 27 de junho deste ano contrate ao menos 13 GW (gigawatts) de gera\u00e7\u00e3o, afirmou o presidente da entidade, Xisto Vieira, \u00e0&nbsp;Ag\u00eancia iNFRA. No entanto, a defini\u00e7\u00e3o do montante [&hellip;]<\/p>\n","protected":false},"author":1,"featured_media":11832,"comment_status":"closed","ping_status":"closed","sticky":false,"template":"","format":"standard","meta":{"_monsterinsights_skip_tracking":false,"_monsterinsights_sitenote_active":false,"_monsterinsights_sitenote_note":"","_monsterinsights_sitenote_category":0,"footnotes":""},"categories":[7250,1,10],"tags":[724,3002,7471,11474,282,12222,6673,11677,11594,254,4912,12187,9822,12186,7366,216,3360,12223,12224,1155],"class_list":["post-19972","post","type-post","status-publish","format-standard","has-post-thumbnail","hentry","category-destaque-lista","category-geral","category-infraenergia","tag-abraget","tag-apagao","tag-constrained-off","tag-curtailment","tag-energia-eletrica","tag-energia-existente","tag-energia-nova","tag-geracao-eletrica","tag-geraldo-campos-jr","tag-leilao","tag-leilao-de-energia","tag-leilao-de-potencia","tag-lrcap","tag-lrcap-2025","tag-marisa-wanzeller","tag-ons","tag-sin","tag-sistema-eletrico-nacional","tag-termicas-a-oleo","tag-xisto-vieira"],"yoast_head":"<!-- This site is optimized with the Yoast SEO Premium plugin v25.4 (Yoast SEO v26.0) - https:\/\/yoast.com\/wordpress\/plugins\/seo\/ -->\n<title>Leil\u00e3o de pot\u00eancia precisar\u00e1 contratar pelo menos 13 GW, avalia Abraget - Ag\u00eancia iNFRA<\/title>\n<meta name=\"robots\" content=\"index, follow, max-snippet:-1, max-image-preview:large, max-video-preview:-1\" \/>\n<link rel=\"canonical\" href=\"https:\/\/agenciainfra.com\/blog\/leilao-de-potencia-precisara-contratar-pelo-menos-13-gw-avalia-abraget\/\" \/>\n<meta property=\"og:locale\" content=\"pt_BR\" \/>\n<meta property=\"og:type\" content=\"article\" \/>\n<meta property=\"og:title\" content=\"Leil\u00e3o de pot\u00eancia precisar\u00e1 contratar pelo menos 13 GW, avalia Abraget\" \/>\n<meta property=\"og:description\" content=\"Geraldo Campos Jr. e Marisa Wanzeller, da Ag\u00eancia iNFRA A Abraget (Associa\u00e7\u00e3o Brasileira de Geradoras Termel\u00e9tricas) defende que o LRCAP (Leil\u00e3o de Reserva de Capacidade) previsto para 27 de junho deste ano contrate ao menos 13 GW (gigawatts) de gera\u00e7\u00e3o, afirmou o presidente da entidade, Xisto Vieira, \u00e0&nbsp;Ag\u00eancia iNFRA. No entanto, a defini\u00e7\u00e3o do montante [&hellip;]\" \/>\n<meta property=\"og:url\" content=\"https:\/\/agenciainfra.com\/blog\/leilao-de-potencia-precisara-contratar-pelo-menos-13-gw-avalia-abraget\/\" \/>\n<meta property=\"og:site_name\" content=\"Ag\u00eancia iNFRA\" \/>\n<meta property=\"article:publisher\" content=\"https:\/\/www.facebook.com\/ageninfra\" \/>\n<meta property=\"article:published_time\" content=\"2025-01-13T12:00:00+00:00\" \/>\n<meta property=\"article:modified_time\" content=\"2025-01-13T12:53:22+00:00\" \/>\n<meta property=\"og:image\" content=\"https:\/\/agenciainfra.com\/blog\/wp-content\/uploads\/2022\/12\/xisto-vieira-filho-foto-saulo-cruz-mme.jpeg\" \/>\n\t<meta property=\"og:image:width\" content=\"1280\" \/>\n\t<meta property=\"og:image:height\" content=\"720\" \/>\n\t<meta property=\"og:image:type\" content=\"image\/jpeg\" \/>\n<meta name=\"author\" content=\"Ag\u00eancia iNFRA\" \/>\n<meta name=\"twitter:card\" content=\"summary_large_image\" \/>\n<meta name=\"twitter:creator\" content=\"@agencia_infra\" \/>\n<meta name=\"twitter:site\" content=\"@agencia_infra\" \/>\n<meta name=\"twitter:label1\" content=\"Escrito por\" \/>\n\t<meta name=\"twitter:data1\" content=\"Ag\u00eancia iNFRA\" \/>\n\t<meta name=\"twitter:label2\" content=\"Est. tempo de leitura\" \/>\n\t<meta name=\"twitter:data2\" content=\"6 minutos\" \/>\n<script type=\"application\/ld+json\" class=\"yoast-schema-graph\">{\"@context\":\"https:\/\/schema.org\",\"@graph\":[{\"@type\":\"Article\",\"@id\":\"https:\/\/agenciainfra.com\/blog\/leilao-de-potencia-precisara-contratar-pelo-menos-13-gw-avalia-abraget\/#article\",\"isPartOf\":{\"@id\":\"https:\/\/agenciainfra.com\/blog\/leilao-de-potencia-precisara-contratar-pelo-menos-13-gw-avalia-abraget\/\"},\"author\":{\"name\":\"Ag\u00eancia iNFRA\",\"@id\":\"https:\/\/agenciainfra.com\/blog\/#\/schema\/person\/34af08dff6adea4cb22b06612ba7acfa\"},\"headline\":\"Leil\u00e3o de pot\u00eancia precisar\u00e1 contratar pelo menos 13 GW, avalia Abraget\",\"datePublished\":\"2025-01-13T12:00:00+00:00\",\"dateModified\":\"2025-01-13T12:53:22+00:00\",\"mainEntityOfPage\":{\"@id\":\"https:\/\/agenciainfra.com\/blog\/leilao-de-potencia-precisara-contratar-pelo-menos-13-gw-avalia-abraget\/\"},\"wordCount\":1257,\"publisher\":{\"@id\":\"https:\/\/agenciainfra.com\/blog\/#organization\"},\"image\":{\"@id\":\"https:\/\/agenciainfra.com\/blog\/leilao-de-potencia-precisara-contratar-pelo-menos-13-gw-avalia-abraget\/#primaryimage\"},\"thumbnailUrl\":\"https:\/\/agenciainfra.com\/blog\/wp-content\/uploads\/2022\/12\/xisto-vieira-filho-foto-saulo-cruz-mme.jpeg\",\"keywords\":[\"abraget\",\"apag\u00e3o\",\"constrained-off\",\"curtailment\",\"energia el\u00e9trica\",\"energia existente\",\"energia nova\",\"gera\u00e7\u00e3o el\u00e9trica\",\"Geraldo Campos Jr.\",\"leil\u00e3o\",\"leil\u00e3o de energia\",\"Leil\u00e3o de pot\u00eancia\",\"LRCAP\",\"LRCAP 2025\",\"Marisa Wanzeller\",\"ONS\",\"SIN\",\"sistema el\u00e9trico nacional\",\"t\u00e9rmicas a \u00f3leo\",\"Xisto Vieira\"],\"articleSection\":[\"Destaque lista\",\"Geral\",\"iNFRAEnergia\"],\"inLanguage\":\"pt-BR\",\"copyrightYear\":\"2025\",\"copyrightHolder\":{\"@id\":\"https:\/\/agenciainfra.com\/blog\/#organization\"}},{\"@type\":\"WebPage\",\"@id\":\"https:\/\/agenciainfra.com\/blog\/leilao-de-potencia-precisara-contratar-pelo-menos-13-gw-avalia-abraget\/\",\"url\":\"https:\/\/agenciainfra.com\/blog\/leilao-de-potencia-precisara-contratar-pelo-menos-13-gw-avalia-abraget\/\",\"name\":\"Leil\u00e3o de pot\u00eancia precisar\u00e1 contratar pelo menos 13 GW, avalia Abraget - Ag\u00eancia iNFRA\",\"isPartOf\":{\"@id\":\"https:\/\/agenciainfra.com\/blog\/#website\"},\"primaryImageOfPage\":{\"@id\":\"https:\/\/agenciainfra.com\/blog\/leilao-de-potencia-precisara-contratar-pelo-menos-13-gw-avalia-abraget\/#primaryimage\"},\"image\":{\"@id\":\"https:\/\/agenciainfra.com\/blog\/leilao-de-potencia-precisara-contratar-pelo-menos-13-gw-avalia-abraget\/#primaryimage\"},\"thumbnailUrl\":\"https:\/\/agenciainfra.com\/blog\/wp-content\/uploads\/2022\/12\/xisto-vieira-filho-foto-saulo-cruz-mme.jpeg\",\"datePublished\":\"2025-01-13T12:00:00+00:00\",\"dateModified\":\"2025-01-13T12:53:22+00:00\",\"breadcrumb\":{\"@id\":\"https:\/\/agenciainfra.com\/blog\/leilao-de-potencia-precisara-contratar-pelo-menos-13-gw-avalia-abraget\/#breadcrumb\"},\"inLanguage\":\"pt-BR\",\"potentialAction\":[{\"@type\":\"ReadAction\",\"target\":[\"https:\/\/agenciainfra.com\/blog\/leilao-de-potencia-precisara-contratar-pelo-menos-13-gw-avalia-abraget\/\"]}]},{\"@type\":\"ImageObject\",\"inLanguage\":\"pt-BR\",\"@id\":\"https:\/\/agenciainfra.com\/blog\/leilao-de-potencia-precisara-contratar-pelo-menos-13-gw-avalia-abraget\/#primaryimage\",\"url\":\"https:\/\/agenciainfra.com\/blog\/wp-content\/uploads\/2022\/12\/xisto-vieira-filho-foto-saulo-cruz-mme.jpeg\",\"contentUrl\":\"https:\/\/agenciainfra.com\/blog\/wp-content\/uploads\/2022\/12\/xisto-vieira-filho-foto-saulo-cruz-mme.jpeg\",\"width\":1280,\"height\":720,\"caption\":\"Foto: Saulo Cruz\/MME\"},{\"@type\":\"BreadcrumbList\",\"@id\":\"https:\/\/agenciainfra.com\/blog\/leilao-de-potencia-precisara-contratar-pelo-menos-13-gw-avalia-abraget\/#breadcrumb\",\"itemListElement\":[{\"@type\":\"ListItem\",\"position\":1,\"name\":\"In\u00edcio\",\"item\":\"https:\/\/agenciainfra.com\/blog\/\"},{\"@type\":\"ListItem\",\"position\":2,\"name\":\"Leil\u00e3o de pot\u00eancia precisar\u00e1 contratar pelo menos 13 GW, avalia Abraget\"}]},{\"@type\":\"WebSite\",\"@id\":\"https:\/\/agenciainfra.com\/blog\/#website\",\"url\":\"https:\/\/agenciainfra.com\/blog\/\",\"name\":\"Ag\u00eancia iNFRA\",\"description\":\"Multiplataforma de informa\u00e7\u00e3o jornal\u00edstica refer\u00eancia na \u00e1rea de infraestrutura no Brasil!\",\"publisher\":{\"@id\":\"https:\/\/agenciainfra.com\/blog\/#organization\"},\"potentialAction\":[{\"@type\":\"SearchAction\",\"target\":{\"@type\":\"EntryPoint\",\"urlTemplate\":\"https:\/\/agenciainfra.com\/blog\/?s={search_term_string}\"},\"query-input\":{\"@type\":\"PropertyValueSpecification\",\"valueRequired\":true,\"valueName\":\"search_term_string\"}}],\"inLanguage\":\"pt-BR\"},{\"@type\":\"Organization\",\"@id\":\"https:\/\/agenciainfra.com\/blog\/#organization\",\"name\":\"Ag\u00eancia iNFRA\",\"url\":\"https:\/\/agenciainfra.com\/blog\/\",\"logo\":{\"@type\":\"ImageObject\",\"inLanguage\":\"pt-BR\",\"@id\":\"https:\/\/agenciainfra.com\/blog\/#\/schema\/logo\/image\/\",\"url\":\"https:\/\/agenciainfra.com\/blog\/wp-content\/uploads\/2023\/09\/iNFRA_5-e1761735885940.png\",\"contentUrl\":\"https:\/\/agenciainfra.com\/blog\/wp-content\/uploads\/2023\/09\/iNFRA_5-e1761735885940.png\",\"width\":1672,\"height\":454,\"caption\":\"Ag\u00eancia iNFRA\"},\"image\":{\"@id\":\"https:\/\/agenciainfra.com\/blog\/#\/schema\/logo\/image\/\"},\"sameAs\":[\"https:\/\/www.facebook.com\/ageninfra\",\"https:\/\/x.com\/agencia_infra\",\"https:\/\/www.linkedin.com\/company\/ag\u00eanciainfra\/\",\"https:\/\/www.instagram.com\/agenciainfra\/\"]},{\"@type\":\"Person\",\"@id\":\"https:\/\/agenciainfra.com\/blog\/#\/schema\/person\/34af08dff6adea4cb22b06612ba7acfa\",\"name\":\"Ag\u00eancia iNFRA\",\"image\":{\"@type\":\"ImageObject\",\"inLanguage\":\"pt-BR\",\"@id\":\"https:\/\/agenciainfra.com\/blog\/#\/schema\/person\/image\/\",\"url\":\"https:\/\/secure.gravatar.com\/avatar\/d189e01678f06d8eb84d4e01f08eb848b3fffe3f8443818d3c356c66892f5be8?s=96&d=mm&r=g\",\"contentUrl\":\"https:\/\/secure.gravatar.com\/avatar\/d189e01678f06d8eb84d4e01f08eb848b3fffe3f8443818d3c356c66892f5be8?s=96&d=mm&r=g\",\"caption\":\"Ag\u00eancia iNFRA\"},\"url\":\"https:\/\/agenciainfra.com\/blog\/author\/admin\/\"}]}<\/script>\n<!-- \/ Yoast SEO Premium plugin. -->","yoast_head_json":{"title":"Leil\u00e3o de pot\u00eancia precisar\u00e1 contratar pelo menos 13 GW, avalia Abraget - Ag\u00eancia iNFRA","robots":{"index":"index","follow":"follow","max-snippet":"max-snippet:-1","max-image-preview":"max-image-preview:large","max-video-preview":"max-video-preview:-1"},"canonical":"https:\/\/agenciainfra.com\/blog\/leilao-de-potencia-precisara-contratar-pelo-menos-13-gw-avalia-abraget\/","og_locale":"pt_BR","og_type":"article","og_title":"Leil\u00e3o de pot\u00eancia precisar\u00e1 contratar pelo menos 13 GW, avalia Abraget","og_description":"Geraldo Campos Jr. e Marisa Wanzeller, da Ag\u00eancia iNFRA A Abraget (Associa\u00e7\u00e3o Brasileira de Geradoras Termel\u00e9tricas) defende que o LRCAP (Leil\u00e3o de Reserva de Capacidade) previsto para 27 de junho deste ano contrate ao menos 13 GW (gigawatts) de gera\u00e7\u00e3o, afirmou o presidente da entidade, Xisto Vieira, \u00e0&nbsp;Ag\u00eancia iNFRA. No entanto, a defini\u00e7\u00e3o do montante [&hellip;]","og_url":"https:\/\/agenciainfra.com\/blog\/leilao-de-potencia-precisara-contratar-pelo-menos-13-gw-avalia-abraget\/","og_site_name":"Ag\u00eancia iNFRA","article_publisher":"https:\/\/www.facebook.com\/ageninfra","article_published_time":"2025-01-13T12:00:00+00:00","article_modified_time":"2025-01-13T12:53:22+00:00","og_image":[{"width":1280,"height":720,"url":"https:\/\/agenciainfra.com\/blog\/wp-content\/uploads\/2022\/12\/xisto-vieira-filho-foto-saulo-cruz-mme.jpeg","type":"image\/jpeg"}],"author":"Ag\u00eancia iNFRA","twitter_card":"summary_large_image","twitter_creator":"@agencia_infra","twitter_site":"@agencia_infra","twitter_misc":{"Escrito por":"Ag\u00eancia iNFRA","Est. tempo de leitura":"6 minutos"},"schema":{"@context":"https:\/\/schema.org","@graph":[{"@type":"Article","@id":"https:\/\/agenciainfra.com\/blog\/leilao-de-potencia-precisara-contratar-pelo-menos-13-gw-avalia-abraget\/#article","isPartOf":{"@id":"https:\/\/agenciainfra.com\/blog\/leilao-de-potencia-precisara-contratar-pelo-menos-13-gw-avalia-abraget\/"},"author":{"name":"Ag\u00eancia iNFRA","@id":"https:\/\/agenciainfra.com\/blog\/#\/schema\/person\/34af08dff6adea4cb22b06612ba7acfa"},"headline":"Leil\u00e3o de pot\u00eancia precisar\u00e1 contratar pelo menos 13 GW, avalia Abraget","datePublished":"2025-01-13T12:00:00+00:00","dateModified":"2025-01-13T12:53:22+00:00","mainEntityOfPage":{"@id":"https:\/\/agenciainfra.com\/blog\/leilao-de-potencia-precisara-contratar-pelo-menos-13-gw-avalia-abraget\/"},"wordCount":1257,"publisher":{"@id":"https:\/\/agenciainfra.com\/blog\/#organization"},"image":{"@id":"https:\/\/agenciainfra.com\/blog\/leilao-de-potencia-precisara-contratar-pelo-menos-13-gw-avalia-abraget\/#primaryimage"},"thumbnailUrl":"https:\/\/agenciainfra.com\/blog\/wp-content\/uploads\/2022\/12\/xisto-vieira-filho-foto-saulo-cruz-mme.jpeg","keywords":["abraget","apag\u00e3o","constrained-off","curtailment","energia el\u00e9trica","energia existente","energia nova","gera\u00e7\u00e3o el\u00e9trica","Geraldo Campos Jr.","leil\u00e3o","leil\u00e3o de energia","Leil\u00e3o de pot\u00eancia","LRCAP","LRCAP 2025","Marisa Wanzeller","ONS","SIN","sistema el\u00e9trico nacional","t\u00e9rmicas a \u00f3leo","Xisto Vieira"],"articleSection":["Destaque lista","Geral","iNFRAEnergia"],"inLanguage":"pt-BR","copyrightYear":"2025","copyrightHolder":{"@id":"https:\/\/agenciainfra.com\/blog\/#organization"}},{"@type":"WebPage","@id":"https:\/\/agenciainfra.com\/blog\/leilao-de-potencia-precisara-contratar-pelo-menos-13-gw-avalia-abraget\/","url":"https:\/\/agenciainfra.com\/blog\/leilao-de-potencia-precisara-contratar-pelo-menos-13-gw-avalia-abraget\/","name":"Leil\u00e3o de pot\u00eancia precisar\u00e1 contratar pelo menos 13 GW, avalia Abraget - Ag\u00eancia iNFRA","isPartOf":{"@id":"https:\/\/agenciainfra.com\/blog\/#website"},"primaryImageOfPage":{"@id":"https:\/\/agenciainfra.com\/blog\/leilao-de-potencia-precisara-contratar-pelo-menos-13-gw-avalia-abraget\/#primaryimage"},"image":{"@id":"https:\/\/agenciainfra.com\/blog\/leilao-de-potencia-precisara-contratar-pelo-menos-13-gw-avalia-abraget\/#primaryimage"},"thumbnailUrl":"https:\/\/agenciainfra.com\/blog\/wp-content\/uploads\/2022\/12\/xisto-vieira-filho-foto-saulo-cruz-mme.jpeg","datePublished":"2025-01-13T12:00:00+00:00","dateModified":"2025-01-13T12:53:22+00:00","breadcrumb":{"@id":"https:\/\/agenciainfra.com\/blog\/leilao-de-potencia-precisara-contratar-pelo-menos-13-gw-avalia-abraget\/#breadcrumb"},"inLanguage":"pt-BR","potentialAction":[{"@type":"ReadAction","target":["https:\/\/agenciainfra.com\/blog\/leilao-de-potencia-precisara-contratar-pelo-menos-13-gw-avalia-abraget\/"]}]},{"@type":"ImageObject","inLanguage":"pt-BR","@id":"https:\/\/agenciainfra.com\/blog\/leilao-de-potencia-precisara-contratar-pelo-menos-13-gw-avalia-abraget\/#primaryimage","url":"https:\/\/agenciainfra.com\/blog\/wp-content\/uploads\/2022\/12\/xisto-vieira-filho-foto-saulo-cruz-mme.jpeg","contentUrl":"https:\/\/agenciainfra.com\/blog\/wp-content\/uploads\/2022\/12\/xisto-vieira-filho-foto-saulo-cruz-mme.jpeg","width":1280,"height":720,"caption":"Foto: Saulo Cruz\/MME"},{"@type":"BreadcrumbList","@id":"https:\/\/agenciainfra.com\/blog\/leilao-de-potencia-precisara-contratar-pelo-menos-13-gw-avalia-abraget\/#breadcrumb","itemListElement":[{"@type":"ListItem","position":1,"name":"In\u00edcio","item":"https:\/\/agenciainfra.com\/blog\/"},{"@type":"ListItem","position":2,"name":"Leil\u00e3o de pot\u00eancia precisar\u00e1 contratar pelo menos 13 GW, avalia Abraget"}]},{"@type":"WebSite","@id":"https:\/\/agenciainfra.com\/blog\/#website","url":"https:\/\/agenciainfra.com\/blog\/","name":"Ag\u00eancia iNFRA","description":"Multiplataforma de informa\u00e7\u00e3o jornal\u00edstica refer\u00eancia na \u00e1rea de infraestrutura no Brasil!","publisher":{"@id":"https:\/\/agenciainfra.com\/blog\/#organization"},"potentialAction":[{"@type":"SearchAction","target":{"@type":"EntryPoint","urlTemplate":"https:\/\/agenciainfra.com\/blog\/?s={search_term_string}"},"query-input":{"@type":"PropertyValueSpecification","valueRequired":true,"valueName":"search_term_string"}}],"inLanguage":"pt-BR"},{"@type":"Organization","@id":"https:\/\/agenciainfra.com\/blog\/#organization","name":"Ag\u00eancia iNFRA","url":"https:\/\/agenciainfra.com\/blog\/","logo":{"@type":"ImageObject","inLanguage":"pt-BR","@id":"https:\/\/agenciainfra.com\/blog\/#\/schema\/logo\/image\/","url":"https:\/\/agenciainfra.com\/blog\/wp-content\/uploads\/2023\/09\/iNFRA_5-e1761735885940.png","contentUrl":"https:\/\/agenciainfra.com\/blog\/wp-content\/uploads\/2023\/09\/iNFRA_5-e1761735885940.png","width":1672,"height":454,"caption":"Ag\u00eancia iNFRA"},"image":{"@id":"https:\/\/agenciainfra.com\/blog\/#\/schema\/logo\/image\/"},"sameAs":["https:\/\/www.facebook.com\/ageninfra","https:\/\/x.com\/agencia_infra","https:\/\/www.linkedin.com\/company\/ag\u00eanciainfra\/","https:\/\/www.instagram.com\/agenciainfra\/"]},{"@type":"Person","@id":"https:\/\/agenciainfra.com\/blog\/#\/schema\/person\/34af08dff6adea4cb22b06612ba7acfa","name":"Ag\u00eancia iNFRA","image":{"@type":"ImageObject","inLanguage":"pt-BR","@id":"https:\/\/agenciainfra.com\/blog\/#\/schema\/person\/image\/","url":"https:\/\/secure.gravatar.com\/avatar\/d189e01678f06d8eb84d4e01f08eb848b3fffe3f8443818d3c356c66892f5be8?s=96&d=mm&r=g","contentUrl":"https:\/\/secure.gravatar.com\/avatar\/d189e01678f06d8eb84d4e01f08eb848b3fffe3f8443818d3c356c66892f5be8?s=96&d=mm&r=g","caption":"Ag\u00eancia iNFRA"},"url":"https:\/\/agenciainfra.com\/blog\/author\/admin\/"}]}},"_links":{"self":[{"href":"https:\/\/agenciainfra.com\/blog\/wp-json\/wp\/v2\/posts\/19972","targetHints":{"allow":["GET"]}}],"collection":[{"href":"https:\/\/agenciainfra.com\/blog\/wp-json\/wp\/v2\/posts"}],"about":[{"href":"https:\/\/agenciainfra.com\/blog\/wp-json\/wp\/v2\/types\/post"}],"author":[{"embeddable":true,"href":"https:\/\/agenciainfra.com\/blog\/wp-json\/wp\/v2\/users\/1"}],"replies":[{"embeddable":true,"href":"https:\/\/agenciainfra.com\/blog\/wp-json\/wp\/v2\/comments?post=19972"}],"version-history":[{"count":1,"href":"https:\/\/agenciainfra.com\/blog\/wp-json\/wp\/v2\/posts\/19972\/revisions"}],"predecessor-version":[{"id":19973,"href":"https:\/\/agenciainfra.com\/blog\/wp-json\/wp\/v2\/posts\/19972\/revisions\/19973"}],"wp:featuredmedia":[{"embeddable":true,"href":"https:\/\/agenciainfra.com\/blog\/wp-json\/wp\/v2\/media\/11832"}],"wp:attachment":[{"href":"https:\/\/agenciainfra.com\/blog\/wp-json\/wp\/v2\/media?parent=19972"}],"wp:term":[{"taxonomy":"category","embeddable":true,"href":"https:\/\/agenciainfra.com\/blog\/wp-json\/wp\/v2\/categories?post=19972"},{"taxonomy":"post_tag","embeddable":true,"href":"https:\/\/agenciainfra.com\/blog\/wp-json\/wp\/v2\/tags?post=19972"}],"curies":[{"name":"wp","href":"https:\/\/api.w.org\/{rel}","templated":true}]}}