{"id":19974,"date":"2025-01-14T10:00:00","date_gmt":"2025-01-14T13:00:00","guid":{"rendered":"https:\/\/agenciainfra.com\/blog\/?p=19974"},"modified":"2025-01-15T11:28:09","modified_gmt":"2025-01-15T14:28:09","slug":"portos-do-parana-prepara-investimentos-de-r-2-bilhoes-para-2025-com-arrendamentos","status":"publish","type":"post","link":"https:\/\/agenciainfra.com\/blog\/portos-do-parana-prepara-investimentos-de-r-2-bilhoes-para-2025-com-arrendamentos\/","title":{"rendered":"Portos do Paran\u00e1 prepara investimentos de R$ 2 bilh\u00f5es para 2025 com arrendamentos"},"content":{"rendered":"\n<p class=\"has-text-align-right\"><strong>Mar\u00edlia Sena, da Ag\u00eancia iNFRA<\/strong><\/p>\n\n\n\n<p>A Portos do Paran\u00e1 se prepara para um conjunto de investimentos em 2025, com expectativa de que pelo menos tr\u00eas arrendamentos portu\u00e1rios sejam realizados ainda neste ano no porto de Paranagu\u00e1, come\u00e7ando com o leil\u00e3o do PAR15, previsto para o dia 21 de fevereiro, conforme informou o presidente da Portos do Paran\u00e1, Luiz Fernando Garcia, em entrevista exclusiva \u00e0&nbsp;<strong>Ag\u00eancia iNFRA<\/strong>.<\/p>\n\n\n\n<p>Al\u00e9m do PAR15, um terminal para gran\u00e9is vegetais, outras \u00e1reas que devem ir para arrendamento s\u00e3o o&nbsp;PAR14 e o PAR25, tamb\u00e9m de gran\u00e9is vegetais. O PAR14, segundo Luiz Fernando, deve ser submetido \u00e0 avalia\u00e7\u00e3o do TCU (Tribunal de Contas da Uni\u00e3o) em breve. J\u00e1 a an\u00e1lise do arrendamento do PAR25 foi encaminhada \u00e0 Corte na \u00faltima semana.<\/p>\n\n\n\n<p>A expectativa para os arrendamentos \u00e9 alta. &#8220;Temos recebido muitas consultas, de grandes empresas, tanto multinacionais quanto nacionais, que est\u00e3o ou n\u00e3o instaladas aqui, mas que buscam uma posi\u00e7\u00e3o no Brasil. Elas t\u00eam mostrado interesse em entender mais sobre o processo e nos indicam que participar\u00e3o do leil\u00e3o\u201d, afirmou Luiz Fernando, que est\u00e1 a frente do porto que faz&nbsp;anivers\u00e1rio de 90 anos.<\/p>\n\n\n\n<p>\u201cClaro que at\u00e9 l\u00e1 tudo pode mudar, mas as perspectivas que estamos recebendo, as sondagens e os encontros que tivemos com essas empresas demonstram que elas est\u00e3o se preparando para participar&#8221;, completou.<\/p>\n\n\n\n<p>Com o leil\u00e3o das tr\u00eas \u00e1reas previstas, a previs\u00e3o \u00e9 que o montante arrecadado gire em torno de R$ 2 bilh\u00f5es. Com o leil\u00e3o do PAR15, a Portos do Paran\u00e1 ter\u00e1 realizado o sexto leil\u00e3o desde 2019. O terminal, destinado \u00e0 movimenta\u00e7\u00e3o e armazenagem de gran\u00e9is s\u00f3lidos, aguardava licita\u00e7\u00e3o desde 2016.<\/p>\n\n\n\n<p><strong>Concess\u00e3o do Canal de Acesso<\/strong><br>A concess\u00e3o do canal de acesso ao Porto de Paranagu\u00e1 pode ser finalizada ainda no primeiro semestre deste ano, conforme a expectativa da equipe da Portos do Paran\u00e1 (reportagem sobre o modelo est\u00e1&nbsp;<a href=\"https:\/\/agenciainfra.com\/blog\/primeira-proposta-de-concessao-de-canal-portuario-em-paranagua-pr-tem-teto-para-desconto-nas-tarifas\/\" target=\"_blank\" rel=\"noreferrer noopener\">neste link<\/a>). A documenta\u00e7\u00e3o entregue ao TCU no in\u00edcio de dezembro est\u00e1 bem encaminhada. Uma reuni\u00e3o sobre o canal aconteceu na \u00faltima quarta-feira (8).<\/p>\n\n\n\n<p>De acordo com Luiz Fernando Garcia, desde que surgiu a ideia de conceder o canal para investimentos e opera\u00e7\u00e3o privados, a Portos do Paran\u00e1 j\u00e1 vinha sendo procurada para discuss\u00f5es sobre o processo. Agora, com o encaminhamento da documenta\u00e7\u00e3o, os di\u00e1logos com os interessados se intensificaram.<\/p>\n\n\n\n<p>\u201cPrincipalmente as grandes empresas de dragagem do mundo t\u00eam nos procurado, assim como t\u00eam buscado o Minist\u00e9rio [de Portos e Aeroportos] e a ag\u00eancia reguladora [ANTAQ \u2013 Ag\u00eancia Nacional de Transportes Aquavi\u00e1rios] para entender melhor o processo. Durante a audi\u00eancia p\u00fablica e a consulta p\u00fablica, essas empresas manifestaram interesse em contribuir para o aperfei\u00e7oamento do modelo&#8221;, disse o diretor.<\/p>\n\n\n\n<p><strong>Outros cinco em avalia\u00e7\u00e3o<\/strong><br>Segundo Luiz Fernando, o processo se encontra em fase de texto final e h\u00e1 &#8220;sinaliza\u00e7\u00e3o de que essas empresas t\u00eam, sim, apetite para participar deste primeiro processo de concess\u00e3o de canal do pa\u00eds&#8221;.<\/p>\n\n\n\n<p>No canal de acesso p\u00fablico ao Porto de Paranagu\u00e1, o concession\u00e1rio ser\u00e1 respons\u00e1vel pela gest\u00e3o por um per\u00edodo de 25 anos, com a possibilidade de prorroga\u00e7\u00e3o por mais 70 anos.<\/p>\n\n\n\n<p>A expectativa \u00e9 que o valor de aproximadamente R$ 1 bilh\u00e3o seja investido durante a concess\u00e3o, o que pode abrir portas para futuras licita\u00e7\u00f5es desse mesmo modelo em outros portos. Os portos de&nbsp;Santos (SP) e Salvador (BA) est\u00e3o com estudos em andamento. Rio Grande (RS), Suape (PE) e Itaqui (MA) tamb\u00e9m demonstram interesse no modelo.<\/p>\n","protected":false},"excerpt":{"rendered":"<p>Mar\u00edlia Sena, da Ag\u00eancia iNFRA A Portos do Paran\u00e1 se prepara para um conjunto de investimentos em 2025, com expectativa de que pelo menos tr\u00eas arrendamentos portu\u00e1rios sejam realizados ainda neste ano no porto de Paranagu\u00e1, come\u00e7ando com o leil\u00e3o do PAR15, previsto para o dia 21 de fevereiro, conforme informou o presidente da Portos [&hellip;]<\/p>\n","protected":false},"author":1,"featured_media":7180,"comment_status":"closed","ping_status":"closed","sticky":false,"template":"","format":"standard","meta":{"_monsterinsights_skip_tracking":false,"_monsterinsights_sitenote_active":false,"_monsterinsights_sitenote_note":"","_monsterinsights_sitenote_category":0,"footnotes":""},"categories":[7250,1,7],"tags":[9467,22,12226,254,8938,11654,4103,4104,12225,1157,310,1156,18,90],"class_list":["post-19974","post","type-post","status-publish","format-standard","has-post-thumbnail","hentry","category-destaque-lista","category-geral","category-infratransporte","tag-arrendamento-portuario","tag-concessao","tag-concessao-do-canal-de-acesso-de-paranagua","tag-leilao","tag-luiz-fernando-garcia","tag-marilia-sena","tag-par14","tag-par15","tag-par25","tag-porto-de-paranagua","tag-portos","tag-portos-do-parana","tag-tcu","tag-terminal-portuario"],"yoast_head":"<!-- This site is optimized with the Yoast SEO Premium plugin v25.4 (Yoast SEO v26.0) - https:\/\/yoast.com\/wordpress\/plugins\/seo\/ -->\n<title>Portos do Paran\u00e1 prepara investimentos de R$ 2 bilh\u00f5es para 2025 com arrendamentos - Ag\u00eancia iNFRA<\/title>\n<meta name=\"robots\" content=\"index, follow, max-snippet:-1, max-image-preview:large, max-video-preview:-1\" \/>\n<link rel=\"canonical\" href=\"https:\/\/agenciainfra.com\/blog\/portos-do-parana-prepara-investimentos-de-r-2-bilhoes-para-2025-com-arrendamentos\/\" \/>\n<meta property=\"og:locale\" content=\"pt_BR\" \/>\n<meta property=\"og:type\" content=\"article\" \/>\n<meta property=\"og:title\" content=\"Portos do Paran\u00e1 prepara investimentos de R$ 2 bilh\u00f5es para 2025 com arrendamentos\" \/>\n<meta property=\"og:description\" content=\"Mar\u00edlia Sena, da Ag\u00eancia iNFRA A Portos do Paran\u00e1 se prepara para um conjunto de investimentos em 2025, com expectativa de que pelo menos tr\u00eas arrendamentos portu\u00e1rios sejam realizados ainda neste ano no porto de Paranagu\u00e1, come\u00e7ando com o leil\u00e3o do PAR15, previsto para o dia 21 de fevereiro, conforme informou o presidente da Portos [&hellip;]\" \/>\n<meta property=\"og:url\" content=\"https:\/\/agenciainfra.com\/blog\/portos-do-parana-prepara-investimentos-de-r-2-bilhoes-para-2025-com-arrendamentos\/\" \/>\n<meta property=\"og:site_name\" content=\"Ag\u00eancia iNFRA\" \/>\n<meta property=\"article:publisher\" content=\"https:\/\/www.facebook.com\/ageninfra\" \/>\n<meta property=\"article:published_time\" content=\"2025-01-14T13:00:00+00:00\" \/>\n<meta property=\"article:modified_time\" content=\"2025-01-15T14:28:09+00:00\" \/>\n<meta property=\"og:image\" content=\"https:\/\/agenciainfra.com\/blog\/wp-content\/uploads\/2021\/04\/porto-paranagua-foto-portos-do-parana.jpeg\" \/>\n\t<meta property=\"og:image:width\" content=\"1280\" \/>\n\t<meta property=\"og:image:height\" content=\"727\" \/>\n\t<meta property=\"og:image:type\" content=\"image\/jpeg\" \/>\n<meta name=\"author\" content=\"Ag\u00eancia iNFRA\" \/>\n<meta name=\"twitter:card\" content=\"summary_large_image\" \/>\n<meta name=\"twitter:creator\" content=\"@agencia_infra\" \/>\n<meta name=\"twitter:site\" content=\"@agencia_infra\" \/>\n<meta name=\"twitter:label1\" content=\"Escrito por\" \/>\n\t<meta name=\"twitter:data1\" content=\"Ag\u00eancia iNFRA\" \/>\n\t<meta name=\"twitter:label2\" content=\"Est. tempo de leitura\" \/>\n\t<meta name=\"twitter:data2\" content=\"3 minutos\" \/>\n<script type=\"application\/ld+json\" class=\"yoast-schema-graph\">{\"@context\":\"https:\/\/schema.org\",\"@graph\":[{\"@type\":\"Article\",\"@id\":\"https:\/\/agenciainfra.com\/blog\/portos-do-parana-prepara-investimentos-de-r-2-bilhoes-para-2025-com-arrendamentos\/#article\",\"isPartOf\":{\"@id\":\"https:\/\/agenciainfra.com\/blog\/portos-do-parana-prepara-investimentos-de-r-2-bilhoes-para-2025-com-arrendamentos\/\"},\"author\":{\"name\":\"Ag\u00eancia iNFRA\",\"@id\":\"https:\/\/agenciainfra.com\/blog\/#\/schema\/person\/34af08dff6adea4cb22b06612ba7acfa\"},\"headline\":\"Portos do Paran\u00e1 prepara investimentos de R$ 2 bilh\u00f5es para 2025 com arrendamentos\",\"datePublished\":\"2025-01-14T13:00:00+00:00\",\"dateModified\":\"2025-01-15T14:28:09+00:00\",\"mainEntityOfPage\":{\"@id\":\"https:\/\/agenciainfra.com\/blog\/portos-do-parana-prepara-investimentos-de-r-2-bilhoes-para-2025-com-arrendamentos\/\"},\"wordCount\":627,\"publisher\":{\"@id\":\"https:\/\/agenciainfra.com\/blog\/#organization\"},\"image\":{\"@id\":\"https:\/\/agenciainfra.com\/blog\/portos-do-parana-prepara-investimentos-de-r-2-bilhoes-para-2025-com-arrendamentos\/#primaryimage\"},\"thumbnailUrl\":\"https:\/\/agenciainfra.com\/blog\/wp-content\/uploads\/2021\/04\/porto-paranagua-foto-portos-do-parana.jpeg\",\"keywords\":[\"arrendamento portu\u00e1rio\",\"Concess\u00e3o\",\"concess\u00e3o do canal de acesso de paranagu\u00e1\",\"leil\u00e3o\",\"Luiz Fernando Garcia\",\"Mar\u00edlia Sena\",\"PAR14\",\"PAR15\",\"par25\",\"porto de Paranagu\u00e1\",\"portos\",\"Portos do Paran\u00e1\",\"TCU\",\"TERMINAL PORTU\u00c1RIO\"],\"articleSection\":[\"Destaque lista\",\"Geral\",\"iNFRATransporte\"],\"inLanguage\":\"pt-BR\",\"copyrightYear\":\"2025\",\"copyrightHolder\":{\"@id\":\"https:\/\/agenciainfra.com\/blog\/#organization\"}},{\"@type\":\"WebPage\",\"@id\":\"https:\/\/agenciainfra.com\/blog\/portos-do-parana-prepara-investimentos-de-r-2-bilhoes-para-2025-com-arrendamentos\/\",\"url\":\"https:\/\/agenciainfra.com\/blog\/portos-do-parana-prepara-investimentos-de-r-2-bilhoes-para-2025-com-arrendamentos\/\",\"name\":\"Portos do Paran\u00e1 prepara investimentos de R$ 2 bilh\u00f5es para 2025 com arrendamentos - Ag\u00eancia iNFRA\",\"isPartOf\":{\"@id\":\"https:\/\/agenciainfra.com\/blog\/#website\"},\"primaryImageOfPage\":{\"@id\":\"https:\/\/agenciainfra.com\/blog\/portos-do-parana-prepara-investimentos-de-r-2-bilhoes-para-2025-com-arrendamentos\/#primaryimage\"},\"image\":{\"@id\":\"https:\/\/agenciainfra.com\/blog\/portos-do-parana-prepara-investimentos-de-r-2-bilhoes-para-2025-com-arrendamentos\/#primaryimage\"},\"thumbnailUrl\":\"https:\/\/agenciainfra.com\/blog\/wp-content\/uploads\/2021\/04\/porto-paranagua-foto-portos-do-parana.jpeg\",\"datePublished\":\"2025-01-14T13:00:00+00:00\",\"dateModified\":\"2025-01-15T14:28:09+00:00\",\"breadcrumb\":{\"@id\":\"https:\/\/agenciainfra.com\/blog\/portos-do-parana-prepara-investimentos-de-r-2-bilhoes-para-2025-com-arrendamentos\/#breadcrumb\"},\"inLanguage\":\"pt-BR\",\"potentialAction\":[{\"@type\":\"ReadAction\",\"target\":[\"https:\/\/agenciainfra.com\/blog\/portos-do-parana-prepara-investimentos-de-r-2-bilhoes-para-2025-com-arrendamentos\/\"]}]},{\"@type\":\"ImageObject\",\"inLanguage\":\"pt-BR\",\"@id\":\"https:\/\/agenciainfra.com\/blog\/portos-do-parana-prepara-investimentos-de-r-2-bilhoes-para-2025-com-arrendamentos\/#primaryimage\",\"url\":\"https:\/\/agenciainfra.com\/blog\/wp-content\/uploads\/2021\/04\/porto-paranagua-foto-portos-do-parana.jpeg\",\"contentUrl\":\"https:\/\/agenciainfra.com\/blog\/wp-content\/uploads\/2021\/04\/porto-paranagua-foto-portos-do-parana.jpeg\",\"width\":1280,\"height\":727,\"caption\":\"Foto: Portos do Paran\u00e1\"},{\"@type\":\"BreadcrumbList\",\"@id\":\"https:\/\/agenciainfra.com\/blog\/portos-do-parana-prepara-investimentos-de-r-2-bilhoes-para-2025-com-arrendamentos\/#breadcrumb\",\"itemListElement\":[{\"@type\":\"ListItem\",\"position\":1,\"name\":\"In\u00edcio\",\"item\":\"https:\/\/agenciainfra.com\/blog\/\"},{\"@type\":\"ListItem\",\"position\":2,\"name\":\"Portos do Paran\u00e1 prepara investimentos de R$ 2 bilh\u00f5es para 2025 com arrendamentos\"}]},{\"@type\":\"WebSite\",\"@id\":\"https:\/\/agenciainfra.com\/blog\/#website\",\"url\":\"https:\/\/agenciainfra.com\/blog\/\",\"name\":\"Ag\u00eancia iNFRA\",\"description\":\"Multiplataforma de informa\u00e7\u00e3o jornal\u00edstica refer\u00eancia na \u00e1rea de infraestrutura no Brasil!\",\"publisher\":{\"@id\":\"https:\/\/agenciainfra.com\/blog\/#organization\"},\"potentialAction\":[{\"@type\":\"SearchAction\",\"target\":{\"@type\":\"EntryPoint\",\"urlTemplate\":\"https:\/\/agenciainfra.com\/blog\/?s={search_term_string}\"},\"query-input\":{\"@type\":\"PropertyValueSpecification\",\"valueRequired\":true,\"valueName\":\"search_term_string\"}}],\"inLanguage\":\"pt-BR\"},{\"@type\":\"Organization\",\"@id\":\"https:\/\/agenciainfra.com\/blog\/#organization\",\"name\":\"Ag\u00eancia iNFRA\",\"url\":\"https:\/\/agenciainfra.com\/blog\/\",\"logo\":{\"@type\":\"ImageObject\",\"inLanguage\":\"pt-BR\",\"@id\":\"https:\/\/agenciainfra.com\/blog\/#\/schema\/logo\/image\/\",\"url\":\"https:\/\/agenciainfra.com\/blog\/wp-content\/uploads\/2023\/09\/iNFRA_5-e1761735885940.png\",\"contentUrl\":\"https:\/\/agenciainfra.com\/blog\/wp-content\/uploads\/2023\/09\/iNFRA_5-e1761735885940.png\",\"width\":1672,\"height\":454,\"caption\":\"Ag\u00eancia iNFRA\"},\"image\":{\"@id\":\"https:\/\/agenciainfra.com\/blog\/#\/schema\/logo\/image\/\"},\"sameAs\":[\"https:\/\/www.facebook.com\/ageninfra\",\"https:\/\/x.com\/agencia_infra\",\"https:\/\/www.linkedin.com\/company\/ag\u00eanciainfra\/\",\"https:\/\/www.instagram.com\/agenciainfra\/\"]},{\"@type\":\"Person\",\"@id\":\"https:\/\/agenciainfra.com\/blog\/#\/schema\/person\/34af08dff6adea4cb22b06612ba7acfa\",\"name\":\"Ag\u00eancia iNFRA\",\"image\":{\"@type\":\"ImageObject\",\"inLanguage\":\"pt-BR\",\"@id\":\"https:\/\/agenciainfra.com\/blog\/#\/schema\/person\/image\/\",\"url\":\"https:\/\/secure.gravatar.com\/avatar\/d189e01678f06d8eb84d4e01f08eb848b3fffe3f8443818d3c356c66892f5be8?s=96&d=mm&r=g\",\"contentUrl\":\"https:\/\/secure.gravatar.com\/avatar\/d189e01678f06d8eb84d4e01f08eb848b3fffe3f8443818d3c356c66892f5be8?s=96&d=mm&r=g\",\"caption\":\"Ag\u00eancia iNFRA\"},\"url\":\"https:\/\/agenciainfra.com\/blog\/author\/admin\/\"}]}<\/script>\n<!-- \/ Yoast SEO Premium plugin. -->","yoast_head_json":{"title":"Portos do Paran\u00e1 prepara investimentos de R$ 2 bilh\u00f5es para 2025 com arrendamentos - Ag\u00eancia iNFRA","robots":{"index":"index","follow":"follow","max-snippet":"max-snippet:-1","max-image-preview":"max-image-preview:large","max-video-preview":"max-video-preview:-1"},"canonical":"https:\/\/agenciainfra.com\/blog\/portos-do-parana-prepara-investimentos-de-r-2-bilhoes-para-2025-com-arrendamentos\/","og_locale":"pt_BR","og_type":"article","og_title":"Portos do Paran\u00e1 prepara investimentos de R$ 2 bilh\u00f5es para 2025 com arrendamentos","og_description":"Mar\u00edlia Sena, da Ag\u00eancia iNFRA A Portos do Paran\u00e1 se prepara para um conjunto de investimentos em 2025, com expectativa de que pelo menos tr\u00eas arrendamentos portu\u00e1rios sejam realizados ainda neste ano no porto de Paranagu\u00e1, come\u00e7ando com o leil\u00e3o do PAR15, previsto para o dia 21 de fevereiro, conforme informou o presidente da Portos [&hellip;]","og_url":"https:\/\/agenciainfra.com\/blog\/portos-do-parana-prepara-investimentos-de-r-2-bilhoes-para-2025-com-arrendamentos\/","og_site_name":"Ag\u00eancia iNFRA","article_publisher":"https:\/\/www.facebook.com\/ageninfra","article_published_time":"2025-01-14T13:00:00+00:00","article_modified_time":"2025-01-15T14:28:09+00:00","og_image":[{"width":1280,"height":727,"url":"https:\/\/agenciainfra.com\/blog\/wp-content\/uploads\/2021\/04\/porto-paranagua-foto-portos-do-parana.jpeg","type":"image\/jpeg"}],"author":"Ag\u00eancia iNFRA","twitter_card":"summary_large_image","twitter_creator":"@agencia_infra","twitter_site":"@agencia_infra","twitter_misc":{"Escrito por":"Ag\u00eancia iNFRA","Est. tempo de leitura":"3 minutos"},"schema":{"@context":"https:\/\/schema.org","@graph":[{"@type":"Article","@id":"https:\/\/agenciainfra.com\/blog\/portos-do-parana-prepara-investimentos-de-r-2-bilhoes-para-2025-com-arrendamentos\/#article","isPartOf":{"@id":"https:\/\/agenciainfra.com\/blog\/portos-do-parana-prepara-investimentos-de-r-2-bilhoes-para-2025-com-arrendamentos\/"},"author":{"name":"Ag\u00eancia iNFRA","@id":"https:\/\/agenciainfra.com\/blog\/#\/schema\/person\/34af08dff6adea4cb22b06612ba7acfa"},"headline":"Portos do Paran\u00e1 prepara investimentos de R$ 2 bilh\u00f5es para 2025 com arrendamentos","datePublished":"2025-01-14T13:00:00+00:00","dateModified":"2025-01-15T14:28:09+00:00","mainEntityOfPage":{"@id":"https:\/\/agenciainfra.com\/blog\/portos-do-parana-prepara-investimentos-de-r-2-bilhoes-para-2025-com-arrendamentos\/"},"wordCount":627,"publisher":{"@id":"https:\/\/agenciainfra.com\/blog\/#organization"},"image":{"@id":"https:\/\/agenciainfra.com\/blog\/portos-do-parana-prepara-investimentos-de-r-2-bilhoes-para-2025-com-arrendamentos\/#primaryimage"},"thumbnailUrl":"https:\/\/agenciainfra.com\/blog\/wp-content\/uploads\/2021\/04\/porto-paranagua-foto-portos-do-parana.jpeg","keywords":["arrendamento portu\u00e1rio","Concess\u00e3o","concess\u00e3o do canal de acesso de paranagu\u00e1","leil\u00e3o","Luiz Fernando Garcia","Mar\u00edlia Sena","PAR14","PAR15","par25","porto de Paranagu\u00e1","portos","Portos do Paran\u00e1","TCU","TERMINAL PORTU\u00c1RIO"],"articleSection":["Destaque lista","Geral","iNFRATransporte"],"inLanguage":"pt-BR","copyrightYear":"2025","copyrightHolder":{"@id":"https:\/\/agenciainfra.com\/blog\/#organization"}},{"@type":"WebPage","@id":"https:\/\/agenciainfra.com\/blog\/portos-do-parana-prepara-investimentos-de-r-2-bilhoes-para-2025-com-arrendamentos\/","url":"https:\/\/agenciainfra.com\/blog\/portos-do-parana-prepara-investimentos-de-r-2-bilhoes-para-2025-com-arrendamentos\/","name":"Portos do Paran\u00e1 prepara investimentos de R$ 2 bilh\u00f5es para 2025 com arrendamentos - Ag\u00eancia iNFRA","isPartOf":{"@id":"https:\/\/agenciainfra.com\/blog\/#website"},"primaryImageOfPage":{"@id":"https:\/\/agenciainfra.com\/blog\/portos-do-parana-prepara-investimentos-de-r-2-bilhoes-para-2025-com-arrendamentos\/#primaryimage"},"image":{"@id":"https:\/\/agenciainfra.com\/blog\/portos-do-parana-prepara-investimentos-de-r-2-bilhoes-para-2025-com-arrendamentos\/#primaryimage"},"thumbnailUrl":"https:\/\/agenciainfra.com\/blog\/wp-content\/uploads\/2021\/04\/porto-paranagua-foto-portos-do-parana.jpeg","datePublished":"2025-01-14T13:00:00+00:00","dateModified":"2025-01-15T14:28:09+00:00","breadcrumb":{"@id":"https:\/\/agenciainfra.com\/blog\/portos-do-parana-prepara-investimentos-de-r-2-bilhoes-para-2025-com-arrendamentos\/#breadcrumb"},"inLanguage":"pt-BR","potentialAction":[{"@type":"ReadAction","target":["https:\/\/agenciainfra.com\/blog\/portos-do-parana-prepara-investimentos-de-r-2-bilhoes-para-2025-com-arrendamentos\/"]}]},{"@type":"ImageObject","inLanguage":"pt-BR","@id":"https:\/\/agenciainfra.com\/blog\/portos-do-parana-prepara-investimentos-de-r-2-bilhoes-para-2025-com-arrendamentos\/#primaryimage","url":"https:\/\/agenciainfra.com\/blog\/wp-content\/uploads\/2021\/04\/porto-paranagua-foto-portos-do-parana.jpeg","contentUrl":"https:\/\/agenciainfra.com\/blog\/wp-content\/uploads\/2021\/04\/porto-paranagua-foto-portos-do-parana.jpeg","width":1280,"height":727,"caption":"Foto: Portos do Paran\u00e1"},{"@type":"BreadcrumbList","@id":"https:\/\/agenciainfra.com\/blog\/portos-do-parana-prepara-investimentos-de-r-2-bilhoes-para-2025-com-arrendamentos\/#breadcrumb","itemListElement":[{"@type":"ListItem","position":1,"name":"In\u00edcio","item":"https:\/\/agenciainfra.com\/blog\/"},{"@type":"ListItem","position":2,"name":"Portos do Paran\u00e1 prepara investimentos de R$ 2 bilh\u00f5es para 2025 com arrendamentos"}]},{"@type":"WebSite","@id":"https:\/\/agenciainfra.com\/blog\/#website","url":"https:\/\/agenciainfra.com\/blog\/","name":"Ag\u00eancia iNFRA","description":"Multiplataforma de informa\u00e7\u00e3o jornal\u00edstica refer\u00eancia na \u00e1rea de infraestrutura no Brasil!","publisher":{"@id":"https:\/\/agenciainfra.com\/blog\/#organization"},"potentialAction":[{"@type":"SearchAction","target":{"@type":"EntryPoint","urlTemplate":"https:\/\/agenciainfra.com\/blog\/?s={search_term_string}"},"query-input":{"@type":"PropertyValueSpecification","valueRequired":true,"valueName":"search_term_string"}}],"inLanguage":"pt-BR"},{"@type":"Organization","@id":"https:\/\/agenciainfra.com\/blog\/#organization","name":"Ag\u00eancia iNFRA","url":"https:\/\/agenciainfra.com\/blog\/","logo":{"@type":"ImageObject","inLanguage":"pt-BR","@id":"https:\/\/agenciainfra.com\/blog\/#\/schema\/logo\/image\/","url":"https:\/\/agenciainfra.com\/blog\/wp-content\/uploads\/2023\/09\/iNFRA_5-e1761735885940.png","contentUrl":"https:\/\/agenciainfra.com\/blog\/wp-content\/uploads\/2023\/09\/iNFRA_5-e1761735885940.png","width":1672,"height":454,"caption":"Ag\u00eancia iNFRA"},"image":{"@id":"https:\/\/agenciainfra.com\/blog\/#\/schema\/logo\/image\/"},"sameAs":["https:\/\/www.facebook.com\/ageninfra","https:\/\/x.com\/agencia_infra","https:\/\/www.linkedin.com\/company\/ag\u00eanciainfra\/","https:\/\/www.instagram.com\/agenciainfra\/"]},{"@type":"Person","@id":"https:\/\/agenciainfra.com\/blog\/#\/schema\/person\/34af08dff6adea4cb22b06612ba7acfa","name":"Ag\u00eancia iNFRA","image":{"@type":"ImageObject","inLanguage":"pt-BR","@id":"https:\/\/agenciainfra.com\/blog\/#\/schema\/person\/image\/","url":"https:\/\/secure.gravatar.com\/avatar\/d189e01678f06d8eb84d4e01f08eb848b3fffe3f8443818d3c356c66892f5be8?s=96&d=mm&r=g","contentUrl":"https:\/\/secure.gravatar.com\/avatar\/d189e01678f06d8eb84d4e01f08eb848b3fffe3f8443818d3c356c66892f5be8?s=96&d=mm&r=g","caption":"Ag\u00eancia iNFRA"},"url":"https:\/\/agenciainfra.com\/blog\/author\/admin\/"}]}},"_links":{"self":[{"href":"https:\/\/agenciainfra.com\/blog\/wp-json\/wp\/v2\/posts\/19974","targetHints":{"allow":["GET"]}}],"collection":[{"href":"https:\/\/agenciainfra.com\/blog\/wp-json\/wp\/v2\/posts"}],"about":[{"href":"https:\/\/agenciainfra.com\/blog\/wp-json\/wp\/v2\/types\/post"}],"author":[{"embeddable":true,"href":"https:\/\/agenciainfra.com\/blog\/wp-json\/wp\/v2\/users\/1"}],"replies":[{"embeddable":true,"href":"https:\/\/agenciainfra.com\/blog\/wp-json\/wp\/v2\/comments?post=19974"}],"version-history":[{"count":1,"href":"https:\/\/agenciainfra.com\/blog\/wp-json\/wp\/v2\/posts\/19974\/revisions"}],"predecessor-version":[{"id":19975,"href":"https:\/\/agenciainfra.com\/blog\/wp-json\/wp\/v2\/posts\/19974\/revisions\/19975"}],"wp:featuredmedia":[{"embeddable":true,"href":"https:\/\/agenciainfra.com\/blog\/wp-json\/wp\/v2\/media\/7180"}],"wp:attachment":[{"href":"https:\/\/agenciainfra.com\/blog\/wp-json\/wp\/v2\/media?parent=19974"}],"wp:term":[{"taxonomy":"category","embeddable":true,"href":"https:\/\/agenciainfra.com\/blog\/wp-json\/wp\/v2\/categories?post=19974"},{"taxonomy":"post_tag","embeddable":true,"href":"https:\/\/agenciainfra.com\/blog\/wp-json\/wp\/v2\/tags?post=19974"}],"curies":[{"name":"wp","href":"https:\/\/api.w.org\/{rel}","templated":true}]}}