{"id":19987,"date":"2025-01-16T09:00:00","date_gmt":"2025-01-16T12:00:00","guid":{"rendered":"https:\/\/agenciainfra.com\/blog\/?p=19987"},"modified":"2026-02-13T17:16:28","modified_gmt":"2026-02-13T20:16:28","slug":"governo-do-rs-entra-nas-ppps-de-escolas-com-projeto-de-r-1-bi-de-capex-para-99-unidades","status":"publish","type":"post","link":"https:\/\/agenciainfra.com\/blog\/governo-do-rs-entra-nas-ppps-de-escolas-com-projeto-de-r-1-bi-de-capex-para-99-unidades\/","title":{"rendered":"Governo do RS entra nas PPPs de escolas com projeto de R$ 1 bi de capex para 99 unidades"},"content":{"rendered":"\n<p class=\"has-text-align-right\"><strong>Dimmi Amora, da Ag\u00eancia iNFRA<\/strong><\/p>\n\n\n\n<p>Mais um estado vai entrar no projeto de concess\u00e3o de unidades escolares para administra\u00e7\u00e3o por parte da iniciativa privada das \u00e1reas n\u00e3o pedag\u00f3gicas no modelo de PPPs (Parcerias P\u00fablico-Privadas). O Rio Grande do Sul lan\u00e7ar\u00e1, ainda neste m\u00eas, um edital para uma PPP de reconstru\u00e7\u00e3o de 99 unidades, com investimentos estimados na casa de R$ 1 bilh\u00e3o.<\/p>\n\n\n\n<p>As escolas foram divididas em tr\u00eas lotes de 33 unidades cada um, para dar maior atratividade ao leil\u00e3o que est\u00e1 previsto para abril deste ano. Mas, no modelo que ser\u00e1 levado ao mercado, uma esp\u00e9cie de licita\u00e7\u00e3o cruzada, haver\u00e1 prioridade para a empresa que apresentar proposta para gerir os tr\u00eas lotes, ou seja, todas as escolas.<\/p>\n\n\n\n<p>O secret\u00e1rio adjunto da Reconstru\u00e7\u00e3o Ga\u00facha do governo do estado, Gabriel Fajardo, disse que ser\u00e1 levado a leil\u00e3o um projeto desafiador ao vencedor: o de concluir a reforma de todas as unidades em 16 meses, para que seja poss\u00edvel iniciar o ciclo escolar de 2027 j\u00e1 nas novas unidades.<\/p>\n\n\n\n<p>&#8220;\u00c9 um prazo bastante apertado que a gente est\u00e1 colocando de reforma, de 16 meses para todas. Vamos ter bastante frente de obra&#8221;, afirmou Fajardo.<\/p>\n\n\n\n<p>No ano passado, o governo paulista realizou licita\u00e7\u00f5es para dois lotes de PPPs de escolas, e outros estados, como Minas Gerais e Paran\u00e1, tamb\u00e9m est\u00e3o estruturando projetos com esse formato. J\u00e1 h\u00e1 PPPs em funcionamento em grandes munic\u00edpios, como Belo Horizonte (MG) e S\u00e3o Paulo (SP), e outros de menor porte.<\/p>\n\n\n\n<p>Nesse modelo, a empresa vencedora constr\u00f3i ou reforma a unidade e passa a fazer a gest\u00e3o da parte administrativa das unidades com seus pr\u00f3prios recursos e pessoal. J\u00e1 a parte pedag\u00f3gica, segue sendo tocada pelos agentes contratados pelo poder p\u00fablico, como diretores, pedagogos e professores. No ano passado, o movimento Todos Pela Educa\u00e7\u00e3o divulgou um <a href=\"https:\/\/todospelaeducacao.org.br\/wordpress\/wp-content\/uploads\/2024\/06\/posicionamento-sobre-ppps-na-educacao-basica-todos-pela-educacao.pdf\" target=\"_blank\" rel=\"noreferrer noopener\">posicionamento<\/a> sobre o tema.<\/p>\n\n\n\n<p>O governo federal, por meio do PPI (Programa de Parcerias de Investimentos) da Casa Civil da Presid\u00eancia da Rep\u00fablica, <a href=\"https:\/\/agenciainfra.com\/blog\/com-fundo-de-r-1-bi-estruturacao-de-ppps-sociais-sao-aposta-do-ppi-para-deslanchar-parcerias\/\" target=\"_blank\" rel=\"noreferrer noopener\">quer incentivar<\/a> o uso desse instrumento apoiando a estrutura\u00e7\u00e3o de projetos com o Fdirs&nbsp;(Fundo de Desenvolvimento da Infraestrutura Regional Sustent\u00e1vel).<\/p>\n\n\n\n<p>O secret\u00e1rio adjunto explicou que as escolas foram escolhidas por estarem em regi\u00f5es de vulnerabilidade social. Segundo ele, o modelo tenta fazer com que essas escolas tamb\u00e9m passem a integrar os processos de ressocializa\u00e7\u00e3o nessas regi\u00f5es.<\/p>\n\n\n\n<p><strong>Creches<\/strong><br>Al\u00e9m das PPPs de escolas, o governo local quer avan\u00e7ar tamb\u00e9m para a gest\u00e3o de creches em parceria com a iniciativa privada e com os governos municipais. Segundo Fajardo, ser\u00e1 lan\u00e7ado, tamb\u00e9m em janeiro, um edital espec\u00edfico para chamar governos locais que queiram entrar nesse modelo.&nbsp;<\/p>\n\n\n\n<p>&#8220;A gente quer ganhar escala e o estado coordenar essa agenda junto aos munic\u00edpios para reproduzir isso a n\u00edvel estadual. A gente vai incentivar os munic\u00edpios a submeterem projetos de creche para estruturarmos juntos&#8221;, explicou.<\/p>\n\n\n\n<p>De acordo com Fajardo, alguns&nbsp;munic\u00edpios t\u00eam uma ou duas creches ou uma ou duas escolas infantis, o que n\u00e3o gera volume para uma parceria.<\/p>\n\n\n\n<p>&#8220;Quando a gente pega isso a n\u00edvel de estado, consegue dar esse volume e a gente pode inclusive aportar recursos para poder viabilizar uma grande concess\u00e3o, uma grande PPP.&#8221;<\/p>\n\n\n\n<p><strong>PPP de hospital modelo bata branca<\/strong><br>Outra PPP social do governo local deve ter em maio a abertura da consulta p\u00fablica: a de um hospital no munic\u00edpio de Viam\u00e3o, na Regi\u00e3o Metropolitana de Porto Alegre, para 400 leitos,&nbsp;de m\u00e9dia e alta complexidade, com especialidades em&nbsp;traumatologia, maternidade e neurologia.<\/p>\n\n\n\n<p>Segundo Fajardo, ser\u00e1 uma unidade greenfield (nova) e o modelo ser\u00e1 &#8220;bata branca&#8221;, ou seja, os profissionais de sa\u00fade tamb\u00e9m ser\u00e3o geridos pelo parceiro privado. Segundo ele, o modelo parou de ser implementado h\u00e1 alguns anos, mesmo com o sucesso do Hospital do Sub\u00farbio, na Bahia, e a ideia \u00e9 retomar.<\/p>\n\n\n\n<p><strong>PPPs com munic\u00edpios<\/strong><br>Antes da trag\u00e9dia das inunda\u00e7\u00f5es em maio do ano passado, o governo estadual trabalhava num modelo para <a href=\"https:\/\/agenciainfra.com\/blog\/para-diminuir-mortalidade-de-ppps-governo-do-rs-vai-pagar-estudos-de-pre-viabilidade-de-prefeituras\/\" target=\"_blank\" rel=\"noreferrer noopener\">incentivar as prefeituras<\/a> do estado a apresentarem projetos para PPPs e concess\u00f5es em suas cidades, que seriam estudados com recursos do governo estadual.<\/p>\n\n\n\n<p>Segundo Fajardo, com o f\u00f4lego financeiro que o governo ganhou ap\u00f3s a enchente, devido ao fundo para a reconstru\u00e7\u00e3o do estado, os primeiros 20 projetos que tiveram estudo de pr\u00e9-viabilidade aprovados v\u00e3o ser estruturados para concess\u00f5es com os recursos estaduais.<\/p>\n\n\n\n<p>&#8220;Tem de todas as \u00e1reas. Transporte p\u00fablico, ilumina\u00e7\u00e3o, saneamento, res\u00edduos s\u00f3lidos. At\u00e9 concess\u00e3o de gin\u00e1sio&#8221;, disse Fajardo, lembrando que esse \u00e9 um &#8220;edital permanente&#8221; e qualquer munic\u00edpio que queira pode entrar com o pedido para essa an\u00e1lise de pr\u00e9-viabilidade.<\/p>\n","protected":false},"excerpt":{"rendered":"<p>Dimmi Amora, da Ag\u00eancia iNFRA Mais um estado vai entrar no projeto de concess\u00e3o de unidades escolares para administra\u00e7\u00e3o por parte da iniciativa privada das \u00e1reas n\u00e3o pedag\u00f3gicas no modelo de PPPs (Parcerias P\u00fablico-Privadas). O Rio Grande do Sul lan\u00e7ar\u00e1, ainda neste m\u00eas, um edital para uma PPP de reconstru\u00e7\u00e3o de 99 unidades, com investimentos [&hellip;]<\/p>\n","protected":false},"author":1,"featured_media":8985,"comment_status":"closed","ping_status":"closed","sticky":false,"template":"","format":"standard","meta":{"_monsterinsights_skip_tracking":false,"_monsterinsights_sitenote_active":false,"_monsterinsights_sitenote_note":"","_monsterinsights_sitenote_category":0,"footnotes":""},"categories":[18468],"tags":[12234,1299,8496,12237,254,12238,406,12233,12235,12236,3468],"class_list":["post-19987","post","type-post","status-publish","format-standard","has-post-thumbnail","hentry","category-infra-cidades","tag-concessao-de-unidades-escolares","tag-dimmi-amora","tag-fdirs","tag-gestao-de-escolas","tag-leilao","tag-ppp-de-hospital","tag-ppps","tag-ppps-de-escolas","tag-reconstrucao-do-rs","tag-reconstrucao-gaucha","tag-rio-grande-do-sul"],"yoast_head":"<!-- This site is optimized with the Yoast SEO Premium plugin v25.4 (Yoast SEO v26.0) - https:\/\/yoast.com\/wordpress\/plugins\/seo\/ -->\n<title>Governo do RS entra nas PPPs de escolas com projeto de R$ 1 bi de capex para 99 unidades - Ag\u00eancia iNFRA<\/title>\n<meta name=\"robots\" content=\"index, follow, max-snippet:-1, max-image-preview:large, max-video-preview:-1\" \/>\n<link rel=\"canonical\" href=\"https:\/\/agenciainfra.com\/blog\/governo-do-rs-entra-nas-ppps-de-escolas-com-projeto-de-r-1-bi-de-capex-para-99-unidades\/\" \/>\n<meta property=\"og:locale\" content=\"pt_BR\" \/>\n<meta property=\"og:type\" content=\"article\" \/>\n<meta property=\"og:title\" content=\"Governo do RS entra nas PPPs de escolas com projeto de R$ 1 bi de capex para 99 unidades\" \/>\n<meta property=\"og:description\" content=\"Dimmi Amora, da Ag\u00eancia iNFRA Mais um estado vai entrar no projeto de concess\u00e3o de unidades escolares para administra\u00e7\u00e3o por parte da iniciativa privada das \u00e1reas n\u00e3o pedag\u00f3gicas no modelo de PPPs (Parcerias P\u00fablico-Privadas). O Rio Grande do Sul lan\u00e7ar\u00e1, ainda neste m\u00eas, um edital para uma PPP de reconstru\u00e7\u00e3o de 99 unidades, com investimentos [&hellip;]\" \/>\n<meta property=\"og:url\" content=\"https:\/\/agenciainfra.com\/blog\/governo-do-rs-entra-nas-ppps-de-escolas-com-projeto-de-r-1-bi-de-capex-para-99-unidades\/\" \/>\n<meta property=\"og:site_name\" content=\"Ag\u00eancia iNFRA\" \/>\n<meta property=\"article:publisher\" content=\"https:\/\/www.facebook.com\/ageninfra\" \/>\n<meta property=\"article:published_time\" content=\"2025-01-16T12:00:00+00:00\" \/>\n<meta property=\"article:modified_time\" content=\"2026-02-13T20:16:28+00:00\" \/>\n<meta property=\"og:image\" content=\"https:\/\/agenciainfra.com\/blog\/wp-content\/uploads\/2021\/11\/leilao-foto-ricardo-botelho-minfra.jpeg\" \/>\n\t<meta property=\"og:image:width\" content=\"1280\" \/>\n\t<meta property=\"og:image:height\" content=\"853\" \/>\n\t<meta property=\"og:image:type\" content=\"image\/jpeg\" \/>\n<meta name=\"author\" content=\"Ag\u00eancia iNFRA\" \/>\n<meta name=\"twitter:card\" content=\"summary_large_image\" \/>\n<meta name=\"twitter:creator\" content=\"@agencia_infra\" \/>\n<meta name=\"twitter:site\" content=\"@agencia_infra\" \/>\n<meta name=\"twitter:label1\" content=\"Escrito por\" \/>\n\t<meta name=\"twitter:data1\" content=\"Ag\u00eancia iNFRA\" \/>\n\t<meta name=\"twitter:label2\" content=\"Est. tempo de leitura\" \/>\n\t<meta name=\"twitter:data2\" content=\"4 minutos\" \/>\n<script type=\"application\/ld+json\" class=\"yoast-schema-graph\">{\"@context\":\"https:\/\/schema.org\",\"@graph\":[{\"@type\":\"Article\",\"@id\":\"https:\/\/agenciainfra.com\/blog\/governo-do-rs-entra-nas-ppps-de-escolas-com-projeto-de-r-1-bi-de-capex-para-99-unidades\/#article\",\"isPartOf\":{\"@id\":\"https:\/\/agenciainfra.com\/blog\/governo-do-rs-entra-nas-ppps-de-escolas-com-projeto-de-r-1-bi-de-capex-para-99-unidades\/\"},\"author\":{\"name\":\"Ag\u00eancia iNFRA\",\"@id\":\"https:\/\/agenciainfra.com\/blog\/#\/schema\/person\/34af08dff6adea4cb22b06612ba7acfa\"},\"headline\":\"Governo do RS entra nas PPPs de escolas com projeto de R$ 1 bi de capex para 99 unidades\",\"datePublished\":\"2025-01-16T12:00:00+00:00\",\"dateModified\":\"2026-02-13T20:16:28+00:00\",\"mainEntityOfPage\":{\"@id\":\"https:\/\/agenciainfra.com\/blog\/governo-do-rs-entra-nas-ppps-de-escolas-com-projeto-de-r-1-bi-de-capex-para-99-unidades\/\"},\"wordCount\":831,\"publisher\":{\"@id\":\"https:\/\/agenciainfra.com\/blog\/#organization\"},\"image\":{\"@id\":\"https:\/\/agenciainfra.com\/blog\/governo-do-rs-entra-nas-ppps-de-escolas-com-projeto-de-r-1-bi-de-capex-para-99-unidades\/#primaryimage\"},\"thumbnailUrl\":\"https:\/\/agenciainfra.com\/blog\/wp-content\/uploads\/2021\/11\/leilao-foto-ricardo-botelho-minfra.jpeg\",\"keywords\":[\"concess\u00e3o de unidades escolares\",\"Dimmi Amora\",\"Fdirs\",\"gest\u00e3o de escolas\",\"leil\u00e3o\",\"ppp de hospital\",\"PPPs\",\"PPPs de escolas\",\"reconstru\u00e7\u00e3o do rs\",\"reconstru\u00e7\u00e3o ga\u00facha\",\"Rio Grande do Sul\"],\"articleSection\":[\"iNFRACidades\"],\"inLanguage\":\"pt-BR\",\"copyrightYear\":\"2025\",\"copyrightHolder\":{\"@id\":\"https:\/\/agenciainfra.com\/blog\/#organization\"}},{\"@type\":\"WebPage\",\"@id\":\"https:\/\/agenciainfra.com\/blog\/governo-do-rs-entra-nas-ppps-de-escolas-com-projeto-de-r-1-bi-de-capex-para-99-unidades\/\",\"url\":\"https:\/\/agenciainfra.com\/blog\/governo-do-rs-entra-nas-ppps-de-escolas-com-projeto-de-r-1-bi-de-capex-para-99-unidades\/\",\"name\":\"Governo do RS entra nas PPPs de escolas com projeto de R$ 1 bi de capex para 99 unidades - Ag\u00eancia iNFRA\",\"isPartOf\":{\"@id\":\"https:\/\/agenciainfra.com\/blog\/#website\"},\"primaryImageOfPage\":{\"@id\":\"https:\/\/agenciainfra.com\/blog\/governo-do-rs-entra-nas-ppps-de-escolas-com-projeto-de-r-1-bi-de-capex-para-99-unidades\/#primaryimage\"},\"image\":{\"@id\":\"https:\/\/agenciainfra.com\/blog\/governo-do-rs-entra-nas-ppps-de-escolas-com-projeto-de-r-1-bi-de-capex-para-99-unidades\/#primaryimage\"},\"thumbnailUrl\":\"https:\/\/agenciainfra.com\/blog\/wp-content\/uploads\/2021\/11\/leilao-foto-ricardo-botelho-minfra.jpeg\",\"datePublished\":\"2025-01-16T12:00:00+00:00\",\"dateModified\":\"2026-02-13T20:16:28+00:00\",\"breadcrumb\":{\"@id\":\"https:\/\/agenciainfra.com\/blog\/governo-do-rs-entra-nas-ppps-de-escolas-com-projeto-de-r-1-bi-de-capex-para-99-unidades\/#breadcrumb\"},\"inLanguage\":\"pt-BR\",\"potentialAction\":[{\"@type\":\"ReadAction\",\"target\":[\"https:\/\/agenciainfra.com\/blog\/governo-do-rs-entra-nas-ppps-de-escolas-com-projeto-de-r-1-bi-de-capex-para-99-unidades\/\"]}]},{\"@type\":\"ImageObject\",\"inLanguage\":\"pt-BR\",\"@id\":\"https:\/\/agenciainfra.com\/blog\/governo-do-rs-entra-nas-ppps-de-escolas-com-projeto-de-r-1-bi-de-capex-para-99-unidades\/#primaryimage\",\"url\":\"https:\/\/agenciainfra.com\/blog\/wp-content\/uploads\/2021\/11\/leilao-foto-ricardo-botelho-minfra.jpeg\",\"contentUrl\":\"https:\/\/agenciainfra.com\/blog\/wp-content\/uploads\/2021\/11\/leilao-foto-ricardo-botelho-minfra.jpeg\",\"width\":1280,\"height\":853,\"caption\":\"Foto: Ricardo Botelho\/Minfra\"},{\"@type\":\"BreadcrumbList\",\"@id\":\"https:\/\/agenciainfra.com\/blog\/governo-do-rs-entra-nas-ppps-de-escolas-com-projeto-de-r-1-bi-de-capex-para-99-unidades\/#breadcrumb\",\"itemListElement\":[{\"@type\":\"ListItem\",\"position\":1,\"name\":\"In\u00edcio\",\"item\":\"https:\/\/agenciainfra.com\/blog\/\"},{\"@type\":\"ListItem\",\"position\":2,\"name\":\"Governo do RS entra nas PPPs de escolas com projeto de R$ 1 bi de capex para 99 unidades\"}]},{\"@type\":\"WebSite\",\"@id\":\"https:\/\/agenciainfra.com\/blog\/#website\",\"url\":\"https:\/\/agenciainfra.com\/blog\/\",\"name\":\"Ag\u00eancia iNFRA\",\"description\":\"Multiplataforma de informa\u00e7\u00e3o jornal\u00edstica refer\u00eancia na \u00e1rea de infraestrutura no Brasil!\",\"publisher\":{\"@id\":\"https:\/\/agenciainfra.com\/blog\/#organization\"},\"potentialAction\":[{\"@type\":\"SearchAction\",\"target\":{\"@type\":\"EntryPoint\",\"urlTemplate\":\"https:\/\/agenciainfra.com\/blog\/?s={search_term_string}\"},\"query-input\":{\"@type\":\"PropertyValueSpecification\",\"valueRequired\":true,\"valueName\":\"search_term_string\"}}],\"inLanguage\":\"pt-BR\"},{\"@type\":\"Organization\",\"@id\":\"https:\/\/agenciainfra.com\/blog\/#organization\",\"name\":\"Ag\u00eancia iNFRA\",\"url\":\"https:\/\/agenciainfra.com\/blog\/\",\"logo\":{\"@type\":\"ImageObject\",\"inLanguage\":\"pt-BR\",\"@id\":\"https:\/\/agenciainfra.com\/blog\/#\/schema\/logo\/image\/\",\"url\":\"https:\/\/agenciainfra.com\/blog\/wp-content\/uploads\/2023\/09\/iNFRA_5-e1761735885940.png\",\"contentUrl\":\"https:\/\/agenciainfra.com\/blog\/wp-content\/uploads\/2023\/09\/iNFRA_5-e1761735885940.png\",\"width\":1672,\"height\":454,\"caption\":\"Ag\u00eancia iNFRA\"},\"image\":{\"@id\":\"https:\/\/agenciainfra.com\/blog\/#\/schema\/logo\/image\/\"},\"sameAs\":[\"https:\/\/www.facebook.com\/ageninfra\",\"https:\/\/x.com\/agencia_infra\",\"https:\/\/www.linkedin.com\/company\/ag\u00eanciainfra\/\",\"https:\/\/www.instagram.com\/agenciainfra\/\"]},{\"@type\":\"Person\",\"@id\":\"https:\/\/agenciainfra.com\/blog\/#\/schema\/person\/34af08dff6adea4cb22b06612ba7acfa\",\"name\":\"Ag\u00eancia iNFRA\",\"image\":{\"@type\":\"ImageObject\",\"inLanguage\":\"pt-BR\",\"@id\":\"https:\/\/agenciainfra.com\/blog\/#\/schema\/person\/image\/\",\"url\":\"https:\/\/secure.gravatar.com\/avatar\/d189e01678f06d8eb84d4e01f08eb848b3fffe3f8443818d3c356c66892f5be8?s=96&d=mm&r=g\",\"contentUrl\":\"https:\/\/secure.gravatar.com\/avatar\/d189e01678f06d8eb84d4e01f08eb848b3fffe3f8443818d3c356c66892f5be8?s=96&d=mm&r=g\",\"caption\":\"Ag\u00eancia iNFRA\"},\"url\":\"https:\/\/agenciainfra.com\/blog\/author\/admin\/\"}]}<\/script>\n<!-- \/ Yoast SEO Premium plugin. -->","yoast_head_json":{"title":"Governo do RS entra nas PPPs de escolas com projeto de R$ 1 bi de capex para 99 unidades - Ag\u00eancia iNFRA","robots":{"index":"index","follow":"follow","max-snippet":"max-snippet:-1","max-image-preview":"max-image-preview:large","max-video-preview":"max-video-preview:-1"},"canonical":"https:\/\/agenciainfra.com\/blog\/governo-do-rs-entra-nas-ppps-de-escolas-com-projeto-de-r-1-bi-de-capex-para-99-unidades\/","og_locale":"pt_BR","og_type":"article","og_title":"Governo do RS entra nas PPPs de escolas com projeto de R$ 1 bi de capex para 99 unidades","og_description":"Dimmi Amora, da Ag\u00eancia iNFRA Mais um estado vai entrar no projeto de concess\u00e3o de unidades escolares para administra\u00e7\u00e3o por parte da iniciativa privada das \u00e1reas n\u00e3o pedag\u00f3gicas no modelo de PPPs (Parcerias P\u00fablico-Privadas). O Rio Grande do Sul lan\u00e7ar\u00e1, ainda neste m\u00eas, um edital para uma PPP de reconstru\u00e7\u00e3o de 99 unidades, com investimentos [&hellip;]","og_url":"https:\/\/agenciainfra.com\/blog\/governo-do-rs-entra-nas-ppps-de-escolas-com-projeto-de-r-1-bi-de-capex-para-99-unidades\/","og_site_name":"Ag\u00eancia iNFRA","article_publisher":"https:\/\/www.facebook.com\/ageninfra","article_published_time":"2025-01-16T12:00:00+00:00","article_modified_time":"2026-02-13T20:16:28+00:00","og_image":[{"width":1280,"height":853,"url":"https:\/\/agenciainfra.com\/blog\/wp-content\/uploads\/2021\/11\/leilao-foto-ricardo-botelho-minfra.jpeg","type":"image\/jpeg"}],"author":"Ag\u00eancia iNFRA","twitter_card":"summary_large_image","twitter_creator":"@agencia_infra","twitter_site":"@agencia_infra","twitter_misc":{"Escrito por":"Ag\u00eancia iNFRA","Est. tempo de leitura":"4 minutos"},"schema":{"@context":"https:\/\/schema.org","@graph":[{"@type":"Article","@id":"https:\/\/agenciainfra.com\/blog\/governo-do-rs-entra-nas-ppps-de-escolas-com-projeto-de-r-1-bi-de-capex-para-99-unidades\/#article","isPartOf":{"@id":"https:\/\/agenciainfra.com\/blog\/governo-do-rs-entra-nas-ppps-de-escolas-com-projeto-de-r-1-bi-de-capex-para-99-unidades\/"},"author":{"name":"Ag\u00eancia iNFRA","@id":"https:\/\/agenciainfra.com\/blog\/#\/schema\/person\/34af08dff6adea4cb22b06612ba7acfa"},"headline":"Governo do RS entra nas PPPs de escolas com projeto de R$ 1 bi de capex para 99 unidades","datePublished":"2025-01-16T12:00:00+00:00","dateModified":"2026-02-13T20:16:28+00:00","mainEntityOfPage":{"@id":"https:\/\/agenciainfra.com\/blog\/governo-do-rs-entra-nas-ppps-de-escolas-com-projeto-de-r-1-bi-de-capex-para-99-unidades\/"},"wordCount":831,"publisher":{"@id":"https:\/\/agenciainfra.com\/blog\/#organization"},"image":{"@id":"https:\/\/agenciainfra.com\/blog\/governo-do-rs-entra-nas-ppps-de-escolas-com-projeto-de-r-1-bi-de-capex-para-99-unidades\/#primaryimage"},"thumbnailUrl":"https:\/\/agenciainfra.com\/blog\/wp-content\/uploads\/2021\/11\/leilao-foto-ricardo-botelho-minfra.jpeg","keywords":["concess\u00e3o de unidades escolares","Dimmi Amora","Fdirs","gest\u00e3o de escolas","leil\u00e3o","ppp de hospital","PPPs","PPPs de escolas","reconstru\u00e7\u00e3o do rs","reconstru\u00e7\u00e3o ga\u00facha","Rio Grande do Sul"],"articleSection":["iNFRACidades"],"inLanguage":"pt-BR","copyrightYear":"2025","copyrightHolder":{"@id":"https:\/\/agenciainfra.com\/blog\/#organization"}},{"@type":"WebPage","@id":"https:\/\/agenciainfra.com\/blog\/governo-do-rs-entra-nas-ppps-de-escolas-com-projeto-de-r-1-bi-de-capex-para-99-unidades\/","url":"https:\/\/agenciainfra.com\/blog\/governo-do-rs-entra-nas-ppps-de-escolas-com-projeto-de-r-1-bi-de-capex-para-99-unidades\/","name":"Governo do RS entra nas PPPs de escolas com projeto de R$ 1 bi de capex para 99 unidades - Ag\u00eancia iNFRA","isPartOf":{"@id":"https:\/\/agenciainfra.com\/blog\/#website"},"primaryImageOfPage":{"@id":"https:\/\/agenciainfra.com\/blog\/governo-do-rs-entra-nas-ppps-de-escolas-com-projeto-de-r-1-bi-de-capex-para-99-unidades\/#primaryimage"},"image":{"@id":"https:\/\/agenciainfra.com\/blog\/governo-do-rs-entra-nas-ppps-de-escolas-com-projeto-de-r-1-bi-de-capex-para-99-unidades\/#primaryimage"},"thumbnailUrl":"https:\/\/agenciainfra.com\/blog\/wp-content\/uploads\/2021\/11\/leilao-foto-ricardo-botelho-minfra.jpeg","datePublished":"2025-01-16T12:00:00+00:00","dateModified":"2026-02-13T20:16:28+00:00","breadcrumb":{"@id":"https:\/\/agenciainfra.com\/blog\/governo-do-rs-entra-nas-ppps-de-escolas-com-projeto-de-r-1-bi-de-capex-para-99-unidades\/#breadcrumb"},"inLanguage":"pt-BR","potentialAction":[{"@type":"ReadAction","target":["https:\/\/agenciainfra.com\/blog\/governo-do-rs-entra-nas-ppps-de-escolas-com-projeto-de-r-1-bi-de-capex-para-99-unidades\/"]}]},{"@type":"ImageObject","inLanguage":"pt-BR","@id":"https:\/\/agenciainfra.com\/blog\/governo-do-rs-entra-nas-ppps-de-escolas-com-projeto-de-r-1-bi-de-capex-para-99-unidades\/#primaryimage","url":"https:\/\/agenciainfra.com\/blog\/wp-content\/uploads\/2021\/11\/leilao-foto-ricardo-botelho-minfra.jpeg","contentUrl":"https:\/\/agenciainfra.com\/blog\/wp-content\/uploads\/2021\/11\/leilao-foto-ricardo-botelho-minfra.jpeg","width":1280,"height":853,"caption":"Foto: Ricardo Botelho\/Minfra"},{"@type":"BreadcrumbList","@id":"https:\/\/agenciainfra.com\/blog\/governo-do-rs-entra-nas-ppps-de-escolas-com-projeto-de-r-1-bi-de-capex-para-99-unidades\/#breadcrumb","itemListElement":[{"@type":"ListItem","position":1,"name":"In\u00edcio","item":"https:\/\/agenciainfra.com\/blog\/"},{"@type":"ListItem","position":2,"name":"Governo do RS entra nas PPPs de escolas com projeto de R$ 1 bi de capex para 99 unidades"}]},{"@type":"WebSite","@id":"https:\/\/agenciainfra.com\/blog\/#website","url":"https:\/\/agenciainfra.com\/blog\/","name":"Ag\u00eancia iNFRA","description":"Multiplataforma de informa\u00e7\u00e3o jornal\u00edstica refer\u00eancia na \u00e1rea de infraestrutura no Brasil!","publisher":{"@id":"https:\/\/agenciainfra.com\/blog\/#organization"},"potentialAction":[{"@type":"SearchAction","target":{"@type":"EntryPoint","urlTemplate":"https:\/\/agenciainfra.com\/blog\/?s={search_term_string}"},"query-input":{"@type":"PropertyValueSpecification","valueRequired":true,"valueName":"search_term_string"}}],"inLanguage":"pt-BR"},{"@type":"Organization","@id":"https:\/\/agenciainfra.com\/blog\/#organization","name":"Ag\u00eancia iNFRA","url":"https:\/\/agenciainfra.com\/blog\/","logo":{"@type":"ImageObject","inLanguage":"pt-BR","@id":"https:\/\/agenciainfra.com\/blog\/#\/schema\/logo\/image\/","url":"https:\/\/agenciainfra.com\/blog\/wp-content\/uploads\/2023\/09\/iNFRA_5-e1761735885940.png","contentUrl":"https:\/\/agenciainfra.com\/blog\/wp-content\/uploads\/2023\/09\/iNFRA_5-e1761735885940.png","width":1672,"height":454,"caption":"Ag\u00eancia iNFRA"},"image":{"@id":"https:\/\/agenciainfra.com\/blog\/#\/schema\/logo\/image\/"},"sameAs":["https:\/\/www.facebook.com\/ageninfra","https:\/\/x.com\/agencia_infra","https:\/\/www.linkedin.com\/company\/ag\u00eanciainfra\/","https:\/\/www.instagram.com\/agenciainfra\/"]},{"@type":"Person","@id":"https:\/\/agenciainfra.com\/blog\/#\/schema\/person\/34af08dff6adea4cb22b06612ba7acfa","name":"Ag\u00eancia iNFRA","image":{"@type":"ImageObject","inLanguage":"pt-BR","@id":"https:\/\/agenciainfra.com\/blog\/#\/schema\/person\/image\/","url":"https:\/\/secure.gravatar.com\/avatar\/d189e01678f06d8eb84d4e01f08eb848b3fffe3f8443818d3c356c66892f5be8?s=96&d=mm&r=g","contentUrl":"https:\/\/secure.gravatar.com\/avatar\/d189e01678f06d8eb84d4e01f08eb848b3fffe3f8443818d3c356c66892f5be8?s=96&d=mm&r=g","caption":"Ag\u00eancia iNFRA"},"url":"https:\/\/agenciainfra.com\/blog\/author\/admin\/"}]}},"_links":{"self":[{"href":"https:\/\/agenciainfra.com\/blog\/wp-json\/wp\/v2\/posts\/19987","targetHints":{"allow":["GET"]}}],"collection":[{"href":"https:\/\/agenciainfra.com\/blog\/wp-json\/wp\/v2\/posts"}],"about":[{"href":"https:\/\/agenciainfra.com\/blog\/wp-json\/wp\/v2\/types\/post"}],"author":[{"embeddable":true,"href":"https:\/\/agenciainfra.com\/blog\/wp-json\/wp\/v2\/users\/1"}],"replies":[{"embeddable":true,"href":"https:\/\/agenciainfra.com\/blog\/wp-json\/wp\/v2\/comments?post=19987"}],"version-history":[{"count":1,"href":"https:\/\/agenciainfra.com\/blog\/wp-json\/wp\/v2\/posts\/19987\/revisions"}],"predecessor-version":[{"id":19988,"href":"https:\/\/agenciainfra.com\/blog\/wp-json\/wp\/v2\/posts\/19987\/revisions\/19988"}],"wp:featuredmedia":[{"embeddable":true,"href":"https:\/\/agenciainfra.com\/blog\/wp-json\/wp\/v2\/media\/8985"}],"wp:attachment":[{"href":"https:\/\/agenciainfra.com\/blog\/wp-json\/wp\/v2\/media?parent=19987"}],"wp:term":[{"taxonomy":"category","embeddable":true,"href":"https:\/\/agenciainfra.com\/blog\/wp-json\/wp\/v2\/categories?post=19987"},{"taxonomy":"post_tag","embeddable":true,"href":"https:\/\/agenciainfra.com\/blog\/wp-json\/wp\/v2\/tags?post=19987"}],"curies":[{"name":"wp","href":"https:\/\/api.w.org\/{rel}","templated":true}]}}