{"id":19989,"date":"2025-01-15T09:00:00","date_gmt":"2025-01-15T12:00:00","guid":{"rendered":"https:\/\/agenciainfra.com\/blog\/?p=19989"},"modified":"2025-01-20T10:48:33","modified_gmt":"2025-01-20T13:48:33","slug":"preco-da-energia-mais-baixo-em-2025-deve-reduzir-riscos-a-comercializadoras-avalia-executivo","status":"publish","type":"post","link":"https:\/\/agenciainfra.com\/blog\/preco-da-energia-mais-baixo-em-2025-deve-reduzir-riscos-a-comercializadoras-avalia-executivo\/","title":{"rendered":"Pre\u00e7o da energia mais baixo em 2025 deve reduzir riscos a comercializadoras, avalia executivo"},"content":{"rendered":"\n<p class=\"has-text-align-right\"><strong>Geraldo Campos Jr. e Marisa Wanzeller, da Ag\u00eancia iNFRA<\/strong><\/p>\n\n\n\n<p>O PLD (Pre\u00e7o de Liquida\u00e7\u00e3o das Diferen\u00e7as), que \u00e9 o c\u00e1lculo do custo da energia el\u00e9trica comercializada no mercado livre, deve se manter em um &#8220;n\u00edvel civilizado&#8221; em 2025, avalia o CEO da CMU Comercializadora de Energia, Walter Fr\u00f3es. Para a <strong>Ag\u00eancia iNFRA<\/strong>, ele disse esperar que o indicador fique entre R$ 150 MWh (megawatt-hora) e R$ 180 MWh ao longo do ano, ao contr\u00e1rio do que ocorreu em 2024, quando atingiu o pico de R$ 1,2 mil no auge da estiagem.<\/p>\n\n\n\n<p>Segundo o executivo, essa acomoda\u00e7\u00e3o dos pre\u00e7os deve eliminar o risco de default de comercializadoras, ou seja, a incapacidade de empresas honrarem seus compromissos, levando a uma quebradeira generalizada.<\/p>\n\n\n\n<p>Em 2024, os picos do PLD expuseram grandes empresas a este risco, uma vez que tinham contratos de suprimento de curto prazo, apostando em uma queda r\u00e1pida dos pre\u00e7os, o que n\u00e3o ocorreu. Como precisavam cumprir a entrega aos clientes, acabavam comprando a energia mais cara do que ela j\u00e1 estava vendida, provocando rombos em alguns casos na casa de bilh\u00e3o de reais.<\/p>\n\n\n\n<p>&#8220;Esse foi um problema que ficou restrito, foi coisa de empresas grandes, por isso que n\u00e3o houve um efeito domin\u00f3, digamos assim, de sair replicando e atingindo outros [agentes]. Foi circunscrito aos grandes volumes. Ent\u00e3o teve muita gente que perdeu, mas absorveu aquilo e n\u00e3o quebrou&#8221;, afirmou Fr\u00f3es.<\/p>\n\n\n\n<p>Ele continuou: &#8220;Tinha muita gente com as cal\u00e7as na m\u00e3o por causa desses \u00faltimos dois anos, de PLD baixo, o pessoal achou que ia ser assim o resto da vida. Ent\u00e3o teve gente que n\u00e3o quebrou por pouco em novembro passado, porque n\u00e3o estava abastecido e ficou descontratado. Um susto desse \u00e9 bom para se aprender que n\u00e3o tem almo\u00e7o gr\u00e1tis&#8221;.<\/p>\n\n\n\n<p><strong>Aprimoramentos<\/strong><br>O executivo defende que sejam feitas corre\u00e7\u00f5es no mercado livre para que seja poss\u00edvel maior garantia financeira e seguran\u00e7a de atendimento.<\/p>\n\n\n\n<p>&#8220;O nosso mercado \u00e9 um mercado absolutamente imperfeito. \u00c9 um mercado que, quando se compara com o financeiro, ele tem uma volatilidade muito maior e que, em contrapartida, n\u00e3o exige nenhum aporte de garantia. No mercado financeiro, quando h\u00e1 uma subida de juros,&nbsp;enchem&nbsp;a margem de quem est\u00e1 devedor no mercado.&nbsp;No nosso n\u00e3o tem isso&#8221;, afirmou.<\/p>\n\n\n\n<p>O executivo destacou que, se uma comercializadora for aberta hoje vendendo 40 MWmed (megawatts-m\u00e9dios), n\u00e3o h\u00e1 qualquer controle de que ela estar\u00e1 com contratos que cobrem esse montante. &#8220;Esse momento de estresse tem que ser aproveitado para o mercado (&#8230;), as associa\u00e7\u00f5es trabalharem para melhorar essa quest\u00e3o para tornar o nosso mercado mais confi\u00e1vel.&#8221;<\/p>\n\n\n\n<p><strong>Atraso na abertura de mercado<\/strong><br>Fr\u00f3es entende que o LRCAP (Leil\u00e3o de Reserva de Capacidade) de 2025, com as regras previstas pelo MME (Minist\u00e9rio de Minas e Energia), pode acabar adiando ainda mais a previs\u00e3o de abertura total de mercado at\u00e9 2028. Isso porque permite a renova\u00e7\u00e3o de contratos de t\u00e9rmicas, custeadas pelo mercado cativo.&nbsp;<\/p>\n\n\n\n<p>&#8220;Havia, sim, uma possibilidade de abertura de mercado at\u00e9 2028, porque tem uma discrep\u00e2ncia do mercado, que s\u00e3o os contratos legados. Os contratos termoel\u00e9tricos que garantem a seguran\u00e7a do sistema s\u00e3o pagos pelo mercado cativo. Isso \u00e9 uma distor\u00e7\u00e3o. Ent\u00e3o esses contratos devem ser vencidos todos at\u00e9 2028&#8221;, afirmou. &#8220;Seria o momento de rever isso a\u00ed como um freio de arruma\u00e7\u00e3o.&#8221;<\/p>\n\n\n\n<p><strong>&#8220;Coeficiente medo&#8221;<\/strong><br>O executivo entende que o&nbsp;ONS (Operador Nacional do Sistema El\u00e9trico) passou a operar desde o apag\u00e3o de agosto de 2023, com restri\u00e7\u00e3o de interc\u00e2mbio de energia entre subsistemas e, consequentemente, cortes de gera\u00e7\u00e3o de energia (curtailment).&nbsp;<\/p>\n\n\n\n<p>&#8220;O ONS passou a atuar com o grau, o coeficiente de medo, vou chamar assim&#8221;, afirmou. Contudo, Fr\u00f3es espera uma atua\u00e7\u00e3o &#8220;menos medrosa&#8221; em 2025.<\/p>\n\n\n\n<p>&#8220;O ponto nevr\u00e1lgico pra mim \u00e9 o ONS. Ele veio de uma cultura de 80% de energia hidrel\u00e9trica com reservat\u00f3rio [na matriz]. Mas agora a complexidade aumentou. Eu acredito muito na compet\u00eancia t\u00e9cnica do ONS e acho que eles est\u00e3o se preparando cada vez mais para conviver nessa realidade completamente diferente&#8221;, afirmou.<\/p>\n\n\n\n<p>Para Fr\u00f3es, tamb\u00e9m \u00e9 preciso encontrar uma maneira de controlar a inje\u00e7\u00e3o de MMGD (Micro e Minigera\u00e7\u00e3o Distribu\u00edda) solar na rede de distribui\u00e7\u00e3o de energia, como forma de melhorar a opera\u00e7\u00e3o. &#8220;A gente n\u00e3o pode ter uma fonte crescendo dessa barb\u00e1rie, e n\u00e3o ter nenhuma maneira de controlar&#8221;, afirmou.<\/p>\n\n\n\n<p>Ele tamb\u00e9m elencou como possibilidade a inclus\u00e3o de baterias no sistema de GD, a fim de tornar cada vez mais sistemas off-grid e facilitar a opera\u00e7\u00e3o do SIN (Sistema Interligado Nacional).&nbsp;<\/p>\n","protected":false},"excerpt":{"rendered":"<p>Geraldo Campos Jr. e Marisa Wanzeller, da Ag\u00eancia iNFRA O PLD (Pre\u00e7o de Liquida\u00e7\u00e3o das Diferen\u00e7as), que \u00e9 o c\u00e1lculo do custo da energia el\u00e9trica comercializada no mercado livre, deve se manter em um &#8220;n\u00edvel civilizado&#8221; em 2025, avalia o CEO da CMU Comercializadora de Energia, Walter Fr\u00f3es. Para a Ag\u00eancia iNFRA, ele disse esperar [&hellip;]<\/p>\n","protected":false},"author":1,"featured_media":8412,"comment_status":"closed","ping_status":"closed","sticky":false,"template":"","format":"standard","meta":{"_monsterinsights_skip_tracking":false,"_monsterinsights_sitenote_active":false,"_monsterinsights_sitenote_note":"","_monsterinsights_sitenote_category":0,"footnotes":""},"categories":[9714,1,10],"tags":[12239,2679,282,11594,9822,7366,38,55,1169,865,3360,10140],"class_list":["post-19989","post","type-post","status-publish","format-standard","has-post-thumbnail","hentry","category-destaque-menor","category-geral","category-infraenergia","tag-cmu-comercializadora-de-energia","tag-comercializadoras","tag-energia-eletrica","tag-geraldo-campos-jr","tag-lrcap","tag-marisa-wanzeller","tag-mercado-de-energia","tag-mercado-livre","tag-pld","tag-preco-da-energia","tag-sin","tag-walter-froes"],"yoast_head":"<!-- This site is optimized with the Yoast SEO Premium plugin v25.4 (Yoast SEO v26.0) - https:\/\/yoast.com\/wordpress\/plugins\/seo\/ -->\n<title>Pre\u00e7o da energia mais baixo em 2025 deve reduzir riscos a comercializadoras, avalia executivo - Ag\u00eancia iNFRA<\/title>\n<meta name=\"robots\" content=\"index, follow, max-snippet:-1, max-image-preview:large, max-video-preview:-1\" \/>\n<link rel=\"canonical\" href=\"https:\/\/agenciainfra.com\/blog\/preco-da-energia-mais-baixo-em-2025-deve-reduzir-riscos-a-comercializadoras-avalia-executivo\/\" \/>\n<meta property=\"og:locale\" content=\"pt_BR\" \/>\n<meta property=\"og:type\" content=\"article\" \/>\n<meta property=\"og:title\" content=\"Pre\u00e7o da energia mais baixo em 2025 deve reduzir riscos a comercializadoras, avalia executivo\" \/>\n<meta property=\"og:description\" content=\"Geraldo Campos Jr. e Marisa Wanzeller, da Ag\u00eancia iNFRA O PLD (Pre\u00e7o de Liquida\u00e7\u00e3o das Diferen\u00e7as), que \u00e9 o c\u00e1lculo do custo da energia el\u00e9trica comercializada no mercado livre, deve se manter em um &#8220;n\u00edvel civilizado&#8221; em 2025, avalia o CEO da CMU Comercializadora de Energia, Walter Fr\u00f3es. Para a Ag\u00eancia iNFRA, ele disse esperar [&hellip;]\" \/>\n<meta property=\"og:url\" content=\"https:\/\/agenciainfra.com\/blog\/preco-da-energia-mais-baixo-em-2025-deve-reduzir-riscos-a-comercializadoras-avalia-executivo\/\" \/>\n<meta property=\"og:site_name\" content=\"Ag\u00eancia iNFRA\" \/>\n<meta property=\"article:publisher\" content=\"https:\/\/www.facebook.com\/ageninfra\" \/>\n<meta property=\"article:published_time\" content=\"2025-01-15T12:00:00+00:00\" \/>\n<meta property=\"article:modified_time\" content=\"2025-01-20T13:48:33+00:00\" \/>\n<meta property=\"og:image\" content=\"https:\/\/agenciainfra.com\/blog\/wp-content\/uploads\/2021\/09\/consumo-energia-eletrica-foto-dominio-publico-1024x683.jpg\" \/>\n\t<meta property=\"og:image:width\" content=\"1024\" \/>\n\t<meta property=\"og:image:height\" content=\"683\" \/>\n\t<meta property=\"og:image:type\" content=\"image\/jpeg\" \/>\n<meta name=\"author\" content=\"Ag\u00eancia iNFRA\" \/>\n<meta name=\"twitter:card\" content=\"summary_large_image\" \/>\n<meta name=\"twitter:creator\" content=\"@agencia_infra\" \/>\n<meta name=\"twitter:site\" content=\"@agencia_infra\" \/>\n<meta name=\"twitter:label1\" content=\"Escrito por\" \/>\n\t<meta name=\"twitter:data1\" content=\"Ag\u00eancia iNFRA\" \/>\n\t<meta name=\"twitter:label2\" content=\"Est. tempo de leitura\" \/>\n\t<meta name=\"twitter:data2\" content=\"4 minutos\" \/>\n<script type=\"application\/ld+json\" class=\"yoast-schema-graph\">{\"@context\":\"https:\/\/schema.org\",\"@graph\":[{\"@type\":\"Article\",\"@id\":\"https:\/\/agenciainfra.com\/blog\/preco-da-energia-mais-baixo-em-2025-deve-reduzir-riscos-a-comercializadoras-avalia-executivo\/#article\",\"isPartOf\":{\"@id\":\"https:\/\/agenciainfra.com\/blog\/preco-da-energia-mais-baixo-em-2025-deve-reduzir-riscos-a-comercializadoras-avalia-executivo\/\"},\"author\":{\"name\":\"Ag\u00eancia iNFRA\",\"@id\":\"https:\/\/agenciainfra.com\/blog\/#\/schema\/person\/34af08dff6adea4cb22b06612ba7acfa\"},\"headline\":\"Pre\u00e7o da energia mais baixo em 2025 deve reduzir riscos a comercializadoras, avalia executivo\",\"datePublished\":\"2025-01-15T12:00:00+00:00\",\"dateModified\":\"2025-01-20T13:48:33+00:00\",\"mainEntityOfPage\":{\"@id\":\"https:\/\/agenciainfra.com\/blog\/preco-da-energia-mais-baixo-em-2025-deve-reduzir-riscos-a-comercializadoras-avalia-executivo\/\"},\"wordCount\":815,\"publisher\":{\"@id\":\"https:\/\/agenciainfra.com\/blog\/#organization\"},\"image\":{\"@id\":\"https:\/\/agenciainfra.com\/blog\/preco-da-energia-mais-baixo-em-2025-deve-reduzir-riscos-a-comercializadoras-avalia-executivo\/#primaryimage\"},\"thumbnailUrl\":\"https:\/\/agenciainfra.com\/blog\/wp-content\/uploads\/2021\/09\/consumo-energia-eletrica-foto-dominio-publico.jpg\",\"keywords\":[\"cmu comercializadora de energia\",\"comercializadoras\",\"energia el\u00e9trica\",\"Geraldo Campos Jr.\",\"LRCAP\",\"Marisa Wanzeller\",\"mercado de energia\",\"mercado livre\",\"PLD\",\"pre\u00e7o da energia\",\"SIN\",\"Walter Fr\u00f3es\"],\"articleSection\":[\"Destaque Menor\",\"Geral\",\"iNFRAEnergia\"],\"inLanguage\":\"pt-BR\",\"copyrightYear\":\"2025\",\"copyrightHolder\":{\"@id\":\"https:\/\/agenciainfra.com\/blog\/#organization\"}},{\"@type\":\"WebPage\",\"@id\":\"https:\/\/agenciainfra.com\/blog\/preco-da-energia-mais-baixo-em-2025-deve-reduzir-riscos-a-comercializadoras-avalia-executivo\/\",\"url\":\"https:\/\/agenciainfra.com\/blog\/preco-da-energia-mais-baixo-em-2025-deve-reduzir-riscos-a-comercializadoras-avalia-executivo\/\",\"name\":\"Pre\u00e7o da energia mais baixo em 2025 deve reduzir riscos a comercializadoras, avalia executivo - Ag\u00eancia iNFRA\",\"isPartOf\":{\"@id\":\"https:\/\/agenciainfra.com\/blog\/#website\"},\"primaryImageOfPage\":{\"@id\":\"https:\/\/agenciainfra.com\/blog\/preco-da-energia-mais-baixo-em-2025-deve-reduzir-riscos-a-comercializadoras-avalia-executivo\/#primaryimage\"},\"image\":{\"@id\":\"https:\/\/agenciainfra.com\/blog\/preco-da-energia-mais-baixo-em-2025-deve-reduzir-riscos-a-comercializadoras-avalia-executivo\/#primaryimage\"},\"thumbnailUrl\":\"https:\/\/agenciainfra.com\/blog\/wp-content\/uploads\/2021\/09\/consumo-energia-eletrica-foto-dominio-publico.jpg\",\"datePublished\":\"2025-01-15T12:00:00+00:00\",\"dateModified\":\"2025-01-20T13:48:33+00:00\",\"breadcrumb\":{\"@id\":\"https:\/\/agenciainfra.com\/blog\/preco-da-energia-mais-baixo-em-2025-deve-reduzir-riscos-a-comercializadoras-avalia-executivo\/#breadcrumb\"},\"inLanguage\":\"pt-BR\",\"potentialAction\":[{\"@type\":\"ReadAction\",\"target\":[\"https:\/\/agenciainfra.com\/blog\/preco-da-energia-mais-baixo-em-2025-deve-reduzir-riscos-a-comercializadoras-avalia-executivo\/\"]}]},{\"@type\":\"ImageObject\",\"inLanguage\":\"pt-BR\",\"@id\":\"https:\/\/agenciainfra.com\/blog\/preco-da-energia-mais-baixo-em-2025-deve-reduzir-riscos-a-comercializadoras-avalia-executivo\/#primaryimage\",\"url\":\"https:\/\/agenciainfra.com\/blog\/wp-content\/uploads\/2021\/09\/consumo-energia-eletrica-foto-dominio-publico.jpg\",\"contentUrl\":\"https:\/\/agenciainfra.com\/blog\/wp-content\/uploads\/2021\/09\/consumo-energia-eletrica-foto-dominio-publico.jpg\",\"width\":2119,\"height\":1414,\"caption\":\"Foto: Dom\u00ednio p\u00fablico\"},{\"@type\":\"BreadcrumbList\",\"@id\":\"https:\/\/agenciainfra.com\/blog\/preco-da-energia-mais-baixo-em-2025-deve-reduzir-riscos-a-comercializadoras-avalia-executivo\/#breadcrumb\",\"itemListElement\":[{\"@type\":\"ListItem\",\"position\":1,\"name\":\"In\u00edcio\",\"item\":\"https:\/\/agenciainfra.com\/blog\/\"},{\"@type\":\"ListItem\",\"position\":2,\"name\":\"Pre\u00e7o da energia mais baixo em 2025 deve reduzir riscos a comercializadoras, avalia executivo\"}]},{\"@type\":\"WebSite\",\"@id\":\"https:\/\/agenciainfra.com\/blog\/#website\",\"url\":\"https:\/\/agenciainfra.com\/blog\/\",\"name\":\"Ag\u00eancia iNFRA\",\"description\":\"Multiplataforma de informa\u00e7\u00e3o jornal\u00edstica refer\u00eancia na \u00e1rea de infraestrutura no Brasil!\",\"publisher\":{\"@id\":\"https:\/\/agenciainfra.com\/blog\/#organization\"},\"potentialAction\":[{\"@type\":\"SearchAction\",\"target\":{\"@type\":\"EntryPoint\",\"urlTemplate\":\"https:\/\/agenciainfra.com\/blog\/?s={search_term_string}\"},\"query-input\":{\"@type\":\"PropertyValueSpecification\",\"valueRequired\":true,\"valueName\":\"search_term_string\"}}],\"inLanguage\":\"pt-BR\"},{\"@type\":\"Organization\",\"@id\":\"https:\/\/agenciainfra.com\/blog\/#organization\",\"name\":\"Ag\u00eancia iNFRA\",\"url\":\"https:\/\/agenciainfra.com\/blog\/\",\"logo\":{\"@type\":\"ImageObject\",\"inLanguage\":\"pt-BR\",\"@id\":\"https:\/\/agenciainfra.com\/blog\/#\/schema\/logo\/image\/\",\"url\":\"https:\/\/agenciainfra.com\/blog\/wp-content\/uploads\/2023\/09\/iNFRA_5-e1761735885940.png\",\"contentUrl\":\"https:\/\/agenciainfra.com\/blog\/wp-content\/uploads\/2023\/09\/iNFRA_5-e1761735885940.png\",\"width\":1672,\"height\":454,\"caption\":\"Ag\u00eancia iNFRA\"},\"image\":{\"@id\":\"https:\/\/agenciainfra.com\/blog\/#\/schema\/logo\/image\/\"},\"sameAs\":[\"https:\/\/www.facebook.com\/ageninfra\",\"https:\/\/x.com\/agencia_infra\",\"https:\/\/www.linkedin.com\/company\/ag\u00eanciainfra\/\",\"https:\/\/www.instagram.com\/agenciainfra\/\"]},{\"@type\":\"Person\",\"@id\":\"https:\/\/agenciainfra.com\/blog\/#\/schema\/person\/34af08dff6adea4cb22b06612ba7acfa\",\"name\":\"Ag\u00eancia iNFRA\",\"image\":{\"@type\":\"ImageObject\",\"inLanguage\":\"pt-BR\",\"@id\":\"https:\/\/agenciainfra.com\/blog\/#\/schema\/person\/image\/\",\"url\":\"https:\/\/secure.gravatar.com\/avatar\/d189e01678f06d8eb84d4e01f08eb848b3fffe3f8443818d3c356c66892f5be8?s=96&d=mm&r=g\",\"contentUrl\":\"https:\/\/secure.gravatar.com\/avatar\/d189e01678f06d8eb84d4e01f08eb848b3fffe3f8443818d3c356c66892f5be8?s=96&d=mm&r=g\",\"caption\":\"Ag\u00eancia iNFRA\"},\"url\":\"https:\/\/agenciainfra.com\/blog\/author\/admin\/\"}]}<\/script>\n<!-- \/ Yoast SEO Premium plugin. -->","yoast_head_json":{"title":"Pre\u00e7o da energia mais baixo em 2025 deve reduzir riscos a comercializadoras, avalia executivo - Ag\u00eancia iNFRA","robots":{"index":"index","follow":"follow","max-snippet":"max-snippet:-1","max-image-preview":"max-image-preview:large","max-video-preview":"max-video-preview:-1"},"canonical":"https:\/\/agenciainfra.com\/blog\/preco-da-energia-mais-baixo-em-2025-deve-reduzir-riscos-a-comercializadoras-avalia-executivo\/","og_locale":"pt_BR","og_type":"article","og_title":"Pre\u00e7o da energia mais baixo em 2025 deve reduzir riscos a comercializadoras, avalia executivo","og_description":"Geraldo Campos Jr. e Marisa Wanzeller, da Ag\u00eancia iNFRA O PLD (Pre\u00e7o de Liquida\u00e7\u00e3o das Diferen\u00e7as), que \u00e9 o c\u00e1lculo do custo da energia el\u00e9trica comercializada no mercado livre, deve se manter em um &#8220;n\u00edvel civilizado&#8221; em 2025, avalia o CEO da CMU Comercializadora de Energia, Walter Fr\u00f3es. Para a Ag\u00eancia iNFRA, ele disse esperar [&hellip;]","og_url":"https:\/\/agenciainfra.com\/blog\/preco-da-energia-mais-baixo-em-2025-deve-reduzir-riscos-a-comercializadoras-avalia-executivo\/","og_site_name":"Ag\u00eancia iNFRA","article_publisher":"https:\/\/www.facebook.com\/ageninfra","article_published_time":"2025-01-15T12:00:00+00:00","article_modified_time":"2025-01-20T13:48:33+00:00","og_image":[{"width":1024,"height":683,"url":"https:\/\/agenciainfra.com\/blog\/wp-content\/uploads\/2021\/09\/consumo-energia-eletrica-foto-dominio-publico-1024x683.jpg","type":"image\/jpeg"}],"author":"Ag\u00eancia iNFRA","twitter_card":"summary_large_image","twitter_creator":"@agencia_infra","twitter_site":"@agencia_infra","twitter_misc":{"Escrito por":"Ag\u00eancia iNFRA","Est. tempo de leitura":"4 minutos"},"schema":{"@context":"https:\/\/schema.org","@graph":[{"@type":"Article","@id":"https:\/\/agenciainfra.com\/blog\/preco-da-energia-mais-baixo-em-2025-deve-reduzir-riscos-a-comercializadoras-avalia-executivo\/#article","isPartOf":{"@id":"https:\/\/agenciainfra.com\/blog\/preco-da-energia-mais-baixo-em-2025-deve-reduzir-riscos-a-comercializadoras-avalia-executivo\/"},"author":{"name":"Ag\u00eancia iNFRA","@id":"https:\/\/agenciainfra.com\/blog\/#\/schema\/person\/34af08dff6adea4cb22b06612ba7acfa"},"headline":"Pre\u00e7o da energia mais baixo em 2025 deve reduzir riscos a comercializadoras, avalia executivo","datePublished":"2025-01-15T12:00:00+00:00","dateModified":"2025-01-20T13:48:33+00:00","mainEntityOfPage":{"@id":"https:\/\/agenciainfra.com\/blog\/preco-da-energia-mais-baixo-em-2025-deve-reduzir-riscos-a-comercializadoras-avalia-executivo\/"},"wordCount":815,"publisher":{"@id":"https:\/\/agenciainfra.com\/blog\/#organization"},"image":{"@id":"https:\/\/agenciainfra.com\/blog\/preco-da-energia-mais-baixo-em-2025-deve-reduzir-riscos-a-comercializadoras-avalia-executivo\/#primaryimage"},"thumbnailUrl":"https:\/\/agenciainfra.com\/blog\/wp-content\/uploads\/2021\/09\/consumo-energia-eletrica-foto-dominio-publico.jpg","keywords":["cmu comercializadora de energia","comercializadoras","energia el\u00e9trica","Geraldo Campos Jr.","LRCAP","Marisa Wanzeller","mercado de energia","mercado livre","PLD","pre\u00e7o da energia","SIN","Walter Fr\u00f3es"],"articleSection":["Destaque Menor","Geral","iNFRAEnergia"],"inLanguage":"pt-BR","copyrightYear":"2025","copyrightHolder":{"@id":"https:\/\/agenciainfra.com\/blog\/#organization"}},{"@type":"WebPage","@id":"https:\/\/agenciainfra.com\/blog\/preco-da-energia-mais-baixo-em-2025-deve-reduzir-riscos-a-comercializadoras-avalia-executivo\/","url":"https:\/\/agenciainfra.com\/blog\/preco-da-energia-mais-baixo-em-2025-deve-reduzir-riscos-a-comercializadoras-avalia-executivo\/","name":"Pre\u00e7o da energia mais baixo em 2025 deve reduzir riscos a comercializadoras, avalia executivo - Ag\u00eancia iNFRA","isPartOf":{"@id":"https:\/\/agenciainfra.com\/blog\/#website"},"primaryImageOfPage":{"@id":"https:\/\/agenciainfra.com\/blog\/preco-da-energia-mais-baixo-em-2025-deve-reduzir-riscos-a-comercializadoras-avalia-executivo\/#primaryimage"},"image":{"@id":"https:\/\/agenciainfra.com\/blog\/preco-da-energia-mais-baixo-em-2025-deve-reduzir-riscos-a-comercializadoras-avalia-executivo\/#primaryimage"},"thumbnailUrl":"https:\/\/agenciainfra.com\/blog\/wp-content\/uploads\/2021\/09\/consumo-energia-eletrica-foto-dominio-publico.jpg","datePublished":"2025-01-15T12:00:00+00:00","dateModified":"2025-01-20T13:48:33+00:00","breadcrumb":{"@id":"https:\/\/agenciainfra.com\/blog\/preco-da-energia-mais-baixo-em-2025-deve-reduzir-riscos-a-comercializadoras-avalia-executivo\/#breadcrumb"},"inLanguage":"pt-BR","potentialAction":[{"@type":"ReadAction","target":["https:\/\/agenciainfra.com\/blog\/preco-da-energia-mais-baixo-em-2025-deve-reduzir-riscos-a-comercializadoras-avalia-executivo\/"]}]},{"@type":"ImageObject","inLanguage":"pt-BR","@id":"https:\/\/agenciainfra.com\/blog\/preco-da-energia-mais-baixo-em-2025-deve-reduzir-riscos-a-comercializadoras-avalia-executivo\/#primaryimage","url":"https:\/\/agenciainfra.com\/blog\/wp-content\/uploads\/2021\/09\/consumo-energia-eletrica-foto-dominio-publico.jpg","contentUrl":"https:\/\/agenciainfra.com\/blog\/wp-content\/uploads\/2021\/09\/consumo-energia-eletrica-foto-dominio-publico.jpg","width":2119,"height":1414,"caption":"Foto: Dom\u00ednio p\u00fablico"},{"@type":"BreadcrumbList","@id":"https:\/\/agenciainfra.com\/blog\/preco-da-energia-mais-baixo-em-2025-deve-reduzir-riscos-a-comercializadoras-avalia-executivo\/#breadcrumb","itemListElement":[{"@type":"ListItem","position":1,"name":"In\u00edcio","item":"https:\/\/agenciainfra.com\/blog\/"},{"@type":"ListItem","position":2,"name":"Pre\u00e7o da energia mais baixo em 2025 deve reduzir riscos a comercializadoras, avalia executivo"}]},{"@type":"WebSite","@id":"https:\/\/agenciainfra.com\/blog\/#website","url":"https:\/\/agenciainfra.com\/blog\/","name":"Ag\u00eancia iNFRA","description":"Multiplataforma de informa\u00e7\u00e3o jornal\u00edstica refer\u00eancia na \u00e1rea de infraestrutura no Brasil!","publisher":{"@id":"https:\/\/agenciainfra.com\/blog\/#organization"},"potentialAction":[{"@type":"SearchAction","target":{"@type":"EntryPoint","urlTemplate":"https:\/\/agenciainfra.com\/blog\/?s={search_term_string}"},"query-input":{"@type":"PropertyValueSpecification","valueRequired":true,"valueName":"search_term_string"}}],"inLanguage":"pt-BR"},{"@type":"Organization","@id":"https:\/\/agenciainfra.com\/blog\/#organization","name":"Ag\u00eancia iNFRA","url":"https:\/\/agenciainfra.com\/blog\/","logo":{"@type":"ImageObject","inLanguage":"pt-BR","@id":"https:\/\/agenciainfra.com\/blog\/#\/schema\/logo\/image\/","url":"https:\/\/agenciainfra.com\/blog\/wp-content\/uploads\/2023\/09\/iNFRA_5-e1761735885940.png","contentUrl":"https:\/\/agenciainfra.com\/blog\/wp-content\/uploads\/2023\/09\/iNFRA_5-e1761735885940.png","width":1672,"height":454,"caption":"Ag\u00eancia iNFRA"},"image":{"@id":"https:\/\/agenciainfra.com\/blog\/#\/schema\/logo\/image\/"},"sameAs":["https:\/\/www.facebook.com\/ageninfra","https:\/\/x.com\/agencia_infra","https:\/\/www.linkedin.com\/company\/ag\u00eanciainfra\/","https:\/\/www.instagram.com\/agenciainfra\/"]},{"@type":"Person","@id":"https:\/\/agenciainfra.com\/blog\/#\/schema\/person\/34af08dff6adea4cb22b06612ba7acfa","name":"Ag\u00eancia iNFRA","image":{"@type":"ImageObject","inLanguage":"pt-BR","@id":"https:\/\/agenciainfra.com\/blog\/#\/schema\/person\/image\/","url":"https:\/\/secure.gravatar.com\/avatar\/d189e01678f06d8eb84d4e01f08eb848b3fffe3f8443818d3c356c66892f5be8?s=96&d=mm&r=g","contentUrl":"https:\/\/secure.gravatar.com\/avatar\/d189e01678f06d8eb84d4e01f08eb848b3fffe3f8443818d3c356c66892f5be8?s=96&d=mm&r=g","caption":"Ag\u00eancia iNFRA"},"url":"https:\/\/agenciainfra.com\/blog\/author\/admin\/"}]}},"_links":{"self":[{"href":"https:\/\/agenciainfra.com\/blog\/wp-json\/wp\/v2\/posts\/19989","targetHints":{"allow":["GET"]}}],"collection":[{"href":"https:\/\/agenciainfra.com\/blog\/wp-json\/wp\/v2\/posts"}],"about":[{"href":"https:\/\/agenciainfra.com\/blog\/wp-json\/wp\/v2\/types\/post"}],"author":[{"embeddable":true,"href":"https:\/\/agenciainfra.com\/blog\/wp-json\/wp\/v2\/users\/1"}],"replies":[{"embeddable":true,"href":"https:\/\/agenciainfra.com\/blog\/wp-json\/wp\/v2\/comments?post=19989"}],"version-history":[{"count":1,"href":"https:\/\/agenciainfra.com\/blog\/wp-json\/wp\/v2\/posts\/19989\/revisions"}],"predecessor-version":[{"id":19990,"href":"https:\/\/agenciainfra.com\/blog\/wp-json\/wp\/v2\/posts\/19989\/revisions\/19990"}],"wp:featuredmedia":[{"embeddable":true,"href":"https:\/\/agenciainfra.com\/blog\/wp-json\/wp\/v2\/media\/8412"}],"wp:attachment":[{"href":"https:\/\/agenciainfra.com\/blog\/wp-json\/wp\/v2\/media?parent=19989"}],"wp:term":[{"taxonomy":"category","embeddable":true,"href":"https:\/\/agenciainfra.com\/blog\/wp-json\/wp\/v2\/categories?post=19989"},{"taxonomy":"post_tag","embeddable":true,"href":"https:\/\/agenciainfra.com\/blog\/wp-json\/wp\/v2\/tags?post=19989"}],"curies":[{"name":"wp","href":"https:\/\/api.w.org\/{rel}","templated":true}]}}