{"id":20002,"date":"2025-01-18T10:00:00","date_gmt":"2025-01-18T13:00:00","guid":{"rendered":"https:\/\/agenciainfra.com\/blog\/?p=20002"},"modified":"2025-01-16T06:10:55","modified_gmt":"2025-01-16T09:10:55","slug":"nao-e-privatizacao-diz-diretor-do-bndes-sobre-concessoes-e-ppps-sociais","status":"publish","type":"post","link":"https:\/\/agenciainfra.com\/blog\/nao-e-privatizacao-diz-diretor-do-bndes-sobre-concessoes-e-ppps-sociais\/","title":{"rendered":"&#8220;N\u00e3o \u00e9 privatiza\u00e7\u00e3o&#8221;, diz diretor do BNDES sobre concess\u00f5es e PPPs sociais"},"content":{"rendered":"\n<p class=\"has-text-align-right\"><strong>da Ag\u00eancia iNFRA<\/strong><\/p>\n\n\n\n<p>Nessas \u00e1reas de PPPs Sociais, os grandes projetos para 2025 em estrutura\u00e7\u00e3o pelo BNDES, segundo o diretor de Planejamento e Rela\u00e7\u00f5es Institucionais, Nelson Barbosa, s\u00e3o a retomada do projeto do Inca (Instituto Nacional de C\u00e2ncer), no Rio de Janeiro, e o avan\u00e7o em PPPs (Parcerias P\u00fablico-Privadas) com uma dezena de projetos envolvendo escolas e creches.<\/p>\n\n\n\n<p>\u201cO desafio agora \u00e9 o ensino fundamental e as creches para governos municipais\u201d, avalia Barbosa.<\/p>\n\n\n\n<p>Rebatendo cr\u00edticas de alas mais \u00e0 esquerda do governo sobre haver privatiza\u00e7\u00e3o nessas \u00e1reas, o diretor afirma que a estrutura\u00e7\u00e3o de projetos inclui di\u00e1logo com lideran\u00e7as pol\u00edticas e sindicatos.<\/p>\n\n\n\n<p>\u201cUma concess\u00e3o, uma PPP&nbsp;n\u00e3o \u00e9 uma privatiza\u00e7\u00e3o\u201d, disse. \u201cO caso mais recente, que gerou algumas perguntas, foi com as escolas de S\u00e3o Paulo. Queria deixar claro que se trata de uma PPP. Constru\u00e7\u00e3o de novas unidades, constru\u00e7\u00e3o de escola no Brasil, sempre foi feito com empresa privada\u201d, afirmou, acrescentando que os servi\u00e7os pedag\u00f3gicos permanecem sob a responsabilidade do governo.<\/p>\n\n\n\n<p>No caso de hospitais, ele afirma que \u00e9 um caso um pouco mais complexo, visto que cada hospital tem sua din\u00e2mica, considerando p\u00fablico-alvo e tratamentos. \u201cPor isso que a gente est\u00e1 apostando muito nesse contrato com o Inca. \u00c9 um projeto que j\u00e1 vem de longe, tem um projeto de engenharia feito h\u00e1 muito tempo, e a pr\u00f3pria comunidade m\u00e9dica do Rio de Janeiro est\u00e1 apoiando\u201d, afirmou.<\/p>\n\n\n\n<p>Perguntado sobre haver apetite para a robusta carteira de projetos, o diretor afirmou que o banco realiza o chamado market sounding, no qual o mercado \u00e9 ouvido em todas as fases do projeto a fim de aferir se h\u00e1 atratividade, e n\u00e3o apenas quando os projetos v\u00e3o a leil\u00e3o. O banco tamb\u00e9m considera experi\u00eancias passadas na estrutura\u00e7\u00e3o de novos projetos.<\/p>\n\n\n\n<p>\u201cDepende de cada setor. A gente tem visto fundos de investimentos entrando [em concess\u00f5es], se articulando. Em setores de educa\u00e7\u00e3o, s\u00e3o firmas que j\u00e1 prestavam servi\u00e7o ao governo. Em constru\u00e7\u00e3o civil, firmas que combinam reforma e presta\u00e7\u00e3o de servi\u00e7o. Cada \u00e1rea tem sua din\u00e2mica\u201d, disse Barbosa.<\/p>\n","protected":false},"excerpt":{"rendered":"<p>da Ag\u00eancia iNFRA Nessas \u00e1reas de PPPs Sociais, os grandes projetos para 2025 em estrutura\u00e7\u00e3o pelo BNDES, segundo o diretor de Planejamento e Rela\u00e7\u00f5es Institucionais, Nelson Barbosa, s\u00e3o a retomada do projeto do Inca (Instituto Nacional de C\u00e2ncer), no Rio de Janeiro, e o avan\u00e7o em PPPs (Parcerias P\u00fablico-Privadas) com uma dezena de projetos envolvendo [&hellip;]<\/p>\n","protected":false},"author":1,"featured_media":20004,"comment_status":"closed","ping_status":"closed","sticky":false,"template":"","format":"standard","meta":{"_monsterinsights_skip_tracking":false,"_monsterinsights_sitenote_active":false,"_monsterinsights_sitenote_note":"","_monsterinsights_sitenote_category":0,"footnotes":""},"categories":[7250,1,7],"tags":[103,11651,5611,32,12254,7020,8504,51],"class_list":["post-20002","post","type-post","status-publish","format-standard","has-post-thumbnail","hentry","category-destaque-lista","category-geral","category-infratransporte","tag-bndes","tag-concessoes-e-ppps","tag-educacao","tag-investimentos","tag-market-souding","tag-nelson-barbosa","tag-ppps-sociais","tag-privatizacao"],"yoast_head":"<!-- This site is optimized with the Yoast SEO Premium plugin v25.4 (Yoast SEO v26.0) - https:\/\/yoast.com\/wordpress\/plugins\/seo\/ -->\n<title>&quot;N\u00e3o \u00e9 privatiza\u00e7\u00e3o&quot;, diz diretor do BNDES sobre concess\u00f5es e PPPs sociais - Ag\u00eancia iNFRA<\/title>\n<meta name=\"robots\" content=\"index, follow, max-snippet:-1, max-image-preview:large, max-video-preview:-1\" \/>\n<link rel=\"canonical\" href=\"https:\/\/agenciainfra.com\/blog\/nao-e-privatizacao-diz-diretor-do-bndes-sobre-concessoes-e-ppps-sociais\/\" \/>\n<meta property=\"og:locale\" content=\"pt_BR\" \/>\n<meta property=\"og:type\" content=\"article\" \/>\n<meta property=\"og:title\" content=\"&quot;N\u00e3o \u00e9 privatiza\u00e7\u00e3o&quot;, diz diretor do BNDES sobre concess\u00f5es e PPPs sociais\" \/>\n<meta property=\"og:description\" content=\"da Ag\u00eancia iNFRA Nessas \u00e1reas de PPPs Sociais, os grandes projetos para 2025 em estrutura\u00e7\u00e3o pelo BNDES, segundo o diretor de Planejamento e Rela\u00e7\u00f5es Institucionais, Nelson Barbosa, s\u00e3o a retomada do projeto do Inca (Instituto Nacional de C\u00e2ncer), no Rio de Janeiro, e o avan\u00e7o em PPPs (Parcerias P\u00fablico-Privadas) com uma dezena de projetos envolvendo [&hellip;]\" \/>\n<meta property=\"og:url\" content=\"https:\/\/agenciainfra.com\/blog\/nao-e-privatizacao-diz-diretor-do-bndes-sobre-concessoes-e-ppps-sociais\/\" \/>\n<meta property=\"og:site_name\" content=\"Ag\u00eancia iNFRA\" \/>\n<meta property=\"article:publisher\" content=\"https:\/\/www.facebook.com\/ageninfra\" \/>\n<meta property=\"article:published_time\" content=\"2025-01-18T13:00:00+00:00\" \/>\n<meta property=\"og:image\" content=\"https:\/\/agenciainfra.com\/blog\/wp-content\/uploads\/2025\/01\/nelson-barbosa-foto-pedro-franca-agencia-senado.jpg\" \/>\n\t<meta property=\"og:image:width\" content=\"1208\" \/>\n\t<meta property=\"og:image:height\" content=\"801\" \/>\n\t<meta property=\"og:image:type\" content=\"image\/jpeg\" \/>\n<meta name=\"author\" content=\"Ag\u00eancia iNFRA\" \/>\n<meta name=\"twitter:card\" content=\"summary_large_image\" \/>\n<meta name=\"twitter:creator\" content=\"@agencia_infra\" \/>\n<meta name=\"twitter:site\" content=\"@agencia_infra\" \/>\n<meta name=\"twitter:label1\" content=\"Escrito por\" \/>\n\t<meta name=\"twitter:data1\" content=\"Ag\u00eancia iNFRA\" \/>\n\t<meta name=\"twitter:label2\" content=\"Est. tempo de leitura\" \/>\n\t<meta name=\"twitter:data2\" content=\"2 minutos\" \/>\n<script type=\"application\/ld+json\" class=\"yoast-schema-graph\">{\"@context\":\"https:\/\/schema.org\",\"@graph\":[{\"@type\":\"Article\",\"@id\":\"https:\/\/agenciainfra.com\/blog\/nao-e-privatizacao-diz-diretor-do-bndes-sobre-concessoes-e-ppps-sociais\/#article\",\"isPartOf\":{\"@id\":\"https:\/\/agenciainfra.com\/blog\/nao-e-privatizacao-diz-diretor-do-bndes-sobre-concessoes-e-ppps-sociais\/\"},\"author\":{\"name\":\"Ag\u00eancia iNFRA\",\"@id\":\"https:\/\/agenciainfra.com\/blog\/#\/schema\/person\/34af08dff6adea4cb22b06612ba7acfa\"},\"headline\":\"&#8220;N\u00e3o \u00e9 privatiza\u00e7\u00e3o&#8221;, diz diretor do BNDES sobre concess\u00f5es e PPPs sociais\",\"datePublished\":\"2025-01-18T13:00:00+00:00\",\"mainEntityOfPage\":{\"@id\":\"https:\/\/agenciainfra.com\/blog\/nao-e-privatizacao-diz-diretor-do-bndes-sobre-concessoes-e-ppps-sociais\/\"},\"wordCount\":382,\"publisher\":{\"@id\":\"https:\/\/agenciainfra.com\/blog\/#organization\"},\"image\":{\"@id\":\"https:\/\/agenciainfra.com\/blog\/nao-e-privatizacao-diz-diretor-do-bndes-sobre-concessoes-e-ppps-sociais\/#primaryimage\"},\"thumbnailUrl\":\"https:\/\/agenciainfra.com\/blog\/wp-content\/uploads\/2025\/01\/nelson-barbosa-foto-pedro-franca-agencia-senado.jpg\",\"keywords\":[\"BNDES\",\"concess\u00f5es e ppps\",\"educa\u00e7\u00e3o\",\"Investimentos\",\"market souding\",\"Nelson Barbosa\",\"PPPs sociais\",\"Privatiza\u00e7\u00e3o\"],\"articleSection\":[\"Destaque lista\",\"Geral\",\"iNFRATransporte\"],\"inLanguage\":\"pt-BR\",\"copyrightYear\":\"2025\",\"copyrightHolder\":{\"@id\":\"https:\/\/agenciainfra.com\/blog\/#organization\"}},{\"@type\":\"WebPage\",\"@id\":\"https:\/\/agenciainfra.com\/blog\/nao-e-privatizacao-diz-diretor-do-bndes-sobre-concessoes-e-ppps-sociais\/\",\"url\":\"https:\/\/agenciainfra.com\/blog\/nao-e-privatizacao-diz-diretor-do-bndes-sobre-concessoes-e-ppps-sociais\/\",\"name\":\"\\\"N\u00e3o \u00e9 privatiza\u00e7\u00e3o\\\", diz diretor do BNDES sobre concess\u00f5es e PPPs sociais - Ag\u00eancia iNFRA\",\"isPartOf\":{\"@id\":\"https:\/\/agenciainfra.com\/blog\/#website\"},\"primaryImageOfPage\":{\"@id\":\"https:\/\/agenciainfra.com\/blog\/nao-e-privatizacao-diz-diretor-do-bndes-sobre-concessoes-e-ppps-sociais\/#primaryimage\"},\"image\":{\"@id\":\"https:\/\/agenciainfra.com\/blog\/nao-e-privatizacao-diz-diretor-do-bndes-sobre-concessoes-e-ppps-sociais\/#primaryimage\"},\"thumbnailUrl\":\"https:\/\/agenciainfra.com\/blog\/wp-content\/uploads\/2025\/01\/nelson-barbosa-foto-pedro-franca-agencia-senado.jpg\",\"datePublished\":\"2025-01-18T13:00:00+00:00\",\"breadcrumb\":{\"@id\":\"https:\/\/agenciainfra.com\/blog\/nao-e-privatizacao-diz-diretor-do-bndes-sobre-concessoes-e-ppps-sociais\/#breadcrumb\"},\"inLanguage\":\"pt-BR\",\"potentialAction\":[{\"@type\":\"ReadAction\",\"target\":[\"https:\/\/agenciainfra.com\/blog\/nao-e-privatizacao-diz-diretor-do-bndes-sobre-concessoes-e-ppps-sociais\/\"]}]},{\"@type\":\"ImageObject\",\"inLanguage\":\"pt-BR\",\"@id\":\"https:\/\/agenciainfra.com\/blog\/nao-e-privatizacao-diz-diretor-do-bndes-sobre-concessoes-e-ppps-sociais\/#primaryimage\",\"url\":\"https:\/\/agenciainfra.com\/blog\/wp-content\/uploads\/2025\/01\/nelson-barbosa-foto-pedro-franca-agencia-senado.jpg\",\"contentUrl\":\"https:\/\/agenciainfra.com\/blog\/wp-content\/uploads\/2025\/01\/nelson-barbosa-foto-pedro-franca-agencia-senado.jpg\",\"width\":1208,\"height\":801},{\"@type\":\"BreadcrumbList\",\"@id\":\"https:\/\/agenciainfra.com\/blog\/nao-e-privatizacao-diz-diretor-do-bndes-sobre-concessoes-e-ppps-sociais\/#breadcrumb\",\"itemListElement\":[{\"@type\":\"ListItem\",\"position\":1,\"name\":\"In\u00edcio\",\"item\":\"https:\/\/agenciainfra.com\/blog\/\"},{\"@type\":\"ListItem\",\"position\":2,\"name\":\"&#8220;N\u00e3o \u00e9 privatiza\u00e7\u00e3o&#8221;, diz diretor do BNDES sobre concess\u00f5es e PPPs sociais\"}]},{\"@type\":\"WebSite\",\"@id\":\"https:\/\/agenciainfra.com\/blog\/#website\",\"url\":\"https:\/\/agenciainfra.com\/blog\/\",\"name\":\"Ag\u00eancia iNFRA\",\"description\":\"Multiplataforma de informa\u00e7\u00e3o jornal\u00edstica refer\u00eancia na \u00e1rea de infraestrutura no Brasil!\",\"publisher\":{\"@id\":\"https:\/\/agenciainfra.com\/blog\/#organization\"},\"potentialAction\":[{\"@type\":\"SearchAction\",\"target\":{\"@type\":\"EntryPoint\",\"urlTemplate\":\"https:\/\/agenciainfra.com\/blog\/?s={search_term_string}\"},\"query-input\":{\"@type\":\"PropertyValueSpecification\",\"valueRequired\":true,\"valueName\":\"search_term_string\"}}],\"inLanguage\":\"pt-BR\"},{\"@type\":\"Organization\",\"@id\":\"https:\/\/agenciainfra.com\/blog\/#organization\",\"name\":\"Ag\u00eancia iNFRA\",\"url\":\"https:\/\/agenciainfra.com\/blog\/\",\"logo\":{\"@type\":\"ImageObject\",\"inLanguage\":\"pt-BR\",\"@id\":\"https:\/\/agenciainfra.com\/blog\/#\/schema\/logo\/image\/\",\"url\":\"https:\/\/agenciainfra.com\/blog\/wp-content\/uploads\/2023\/09\/iNFRA_5-e1761735885940.png\",\"contentUrl\":\"https:\/\/agenciainfra.com\/blog\/wp-content\/uploads\/2023\/09\/iNFRA_5-e1761735885940.png\",\"width\":1672,\"height\":454,\"caption\":\"Ag\u00eancia iNFRA\"},\"image\":{\"@id\":\"https:\/\/agenciainfra.com\/blog\/#\/schema\/logo\/image\/\"},\"sameAs\":[\"https:\/\/www.facebook.com\/ageninfra\",\"https:\/\/x.com\/agencia_infra\",\"https:\/\/www.linkedin.com\/company\/ag\u00eanciainfra\/\",\"https:\/\/www.instagram.com\/agenciainfra\/\"]},{\"@type\":\"Person\",\"@id\":\"https:\/\/agenciainfra.com\/blog\/#\/schema\/person\/34af08dff6adea4cb22b06612ba7acfa\",\"name\":\"Ag\u00eancia iNFRA\",\"image\":{\"@type\":\"ImageObject\",\"inLanguage\":\"pt-BR\",\"@id\":\"https:\/\/agenciainfra.com\/blog\/#\/schema\/person\/image\/\",\"url\":\"https:\/\/secure.gravatar.com\/avatar\/d189e01678f06d8eb84d4e01f08eb848b3fffe3f8443818d3c356c66892f5be8?s=96&d=mm&r=g\",\"contentUrl\":\"https:\/\/secure.gravatar.com\/avatar\/d189e01678f06d8eb84d4e01f08eb848b3fffe3f8443818d3c356c66892f5be8?s=96&d=mm&r=g\",\"caption\":\"Ag\u00eancia iNFRA\"},\"url\":\"https:\/\/agenciainfra.com\/blog\/author\/admin\/\"}]}<\/script>\n<!-- \/ Yoast SEO Premium plugin. -->","yoast_head_json":{"title":"\"N\u00e3o \u00e9 privatiza\u00e7\u00e3o\", diz diretor do BNDES sobre concess\u00f5es e PPPs sociais - Ag\u00eancia iNFRA","robots":{"index":"index","follow":"follow","max-snippet":"max-snippet:-1","max-image-preview":"max-image-preview:large","max-video-preview":"max-video-preview:-1"},"canonical":"https:\/\/agenciainfra.com\/blog\/nao-e-privatizacao-diz-diretor-do-bndes-sobre-concessoes-e-ppps-sociais\/","og_locale":"pt_BR","og_type":"article","og_title":"\"N\u00e3o \u00e9 privatiza\u00e7\u00e3o\", diz diretor do BNDES sobre concess\u00f5es e PPPs sociais","og_description":"da Ag\u00eancia iNFRA Nessas \u00e1reas de PPPs Sociais, os grandes projetos para 2025 em estrutura\u00e7\u00e3o pelo BNDES, segundo o diretor de Planejamento e Rela\u00e7\u00f5es Institucionais, Nelson Barbosa, s\u00e3o a retomada do projeto do Inca (Instituto Nacional de C\u00e2ncer), no Rio de Janeiro, e o avan\u00e7o em PPPs (Parcerias P\u00fablico-Privadas) com uma dezena de projetos envolvendo [&hellip;]","og_url":"https:\/\/agenciainfra.com\/blog\/nao-e-privatizacao-diz-diretor-do-bndes-sobre-concessoes-e-ppps-sociais\/","og_site_name":"Ag\u00eancia iNFRA","article_publisher":"https:\/\/www.facebook.com\/ageninfra","article_published_time":"2025-01-18T13:00:00+00:00","og_image":[{"width":1208,"height":801,"url":"https:\/\/agenciainfra.com\/blog\/wp-content\/uploads\/2025\/01\/nelson-barbosa-foto-pedro-franca-agencia-senado.jpg","type":"image\/jpeg"}],"author":"Ag\u00eancia iNFRA","twitter_card":"summary_large_image","twitter_creator":"@agencia_infra","twitter_site":"@agencia_infra","twitter_misc":{"Escrito por":"Ag\u00eancia iNFRA","Est. tempo de leitura":"2 minutos"},"schema":{"@context":"https:\/\/schema.org","@graph":[{"@type":"Article","@id":"https:\/\/agenciainfra.com\/blog\/nao-e-privatizacao-diz-diretor-do-bndes-sobre-concessoes-e-ppps-sociais\/#article","isPartOf":{"@id":"https:\/\/agenciainfra.com\/blog\/nao-e-privatizacao-diz-diretor-do-bndes-sobre-concessoes-e-ppps-sociais\/"},"author":{"name":"Ag\u00eancia iNFRA","@id":"https:\/\/agenciainfra.com\/blog\/#\/schema\/person\/34af08dff6adea4cb22b06612ba7acfa"},"headline":"&#8220;N\u00e3o \u00e9 privatiza\u00e7\u00e3o&#8221;, diz diretor do BNDES sobre concess\u00f5es e PPPs sociais","datePublished":"2025-01-18T13:00:00+00:00","mainEntityOfPage":{"@id":"https:\/\/agenciainfra.com\/blog\/nao-e-privatizacao-diz-diretor-do-bndes-sobre-concessoes-e-ppps-sociais\/"},"wordCount":382,"publisher":{"@id":"https:\/\/agenciainfra.com\/blog\/#organization"},"image":{"@id":"https:\/\/agenciainfra.com\/blog\/nao-e-privatizacao-diz-diretor-do-bndes-sobre-concessoes-e-ppps-sociais\/#primaryimage"},"thumbnailUrl":"https:\/\/agenciainfra.com\/blog\/wp-content\/uploads\/2025\/01\/nelson-barbosa-foto-pedro-franca-agencia-senado.jpg","keywords":["BNDES","concess\u00f5es e ppps","educa\u00e7\u00e3o","Investimentos","market souding","Nelson Barbosa","PPPs sociais","Privatiza\u00e7\u00e3o"],"articleSection":["Destaque lista","Geral","iNFRATransporte"],"inLanguage":"pt-BR","copyrightYear":"2025","copyrightHolder":{"@id":"https:\/\/agenciainfra.com\/blog\/#organization"}},{"@type":"WebPage","@id":"https:\/\/agenciainfra.com\/blog\/nao-e-privatizacao-diz-diretor-do-bndes-sobre-concessoes-e-ppps-sociais\/","url":"https:\/\/agenciainfra.com\/blog\/nao-e-privatizacao-diz-diretor-do-bndes-sobre-concessoes-e-ppps-sociais\/","name":"\"N\u00e3o \u00e9 privatiza\u00e7\u00e3o\", diz diretor do BNDES sobre concess\u00f5es e PPPs sociais - Ag\u00eancia iNFRA","isPartOf":{"@id":"https:\/\/agenciainfra.com\/blog\/#website"},"primaryImageOfPage":{"@id":"https:\/\/agenciainfra.com\/blog\/nao-e-privatizacao-diz-diretor-do-bndes-sobre-concessoes-e-ppps-sociais\/#primaryimage"},"image":{"@id":"https:\/\/agenciainfra.com\/blog\/nao-e-privatizacao-diz-diretor-do-bndes-sobre-concessoes-e-ppps-sociais\/#primaryimage"},"thumbnailUrl":"https:\/\/agenciainfra.com\/blog\/wp-content\/uploads\/2025\/01\/nelson-barbosa-foto-pedro-franca-agencia-senado.jpg","datePublished":"2025-01-18T13:00:00+00:00","breadcrumb":{"@id":"https:\/\/agenciainfra.com\/blog\/nao-e-privatizacao-diz-diretor-do-bndes-sobre-concessoes-e-ppps-sociais\/#breadcrumb"},"inLanguage":"pt-BR","potentialAction":[{"@type":"ReadAction","target":["https:\/\/agenciainfra.com\/blog\/nao-e-privatizacao-diz-diretor-do-bndes-sobre-concessoes-e-ppps-sociais\/"]}]},{"@type":"ImageObject","inLanguage":"pt-BR","@id":"https:\/\/agenciainfra.com\/blog\/nao-e-privatizacao-diz-diretor-do-bndes-sobre-concessoes-e-ppps-sociais\/#primaryimage","url":"https:\/\/agenciainfra.com\/blog\/wp-content\/uploads\/2025\/01\/nelson-barbosa-foto-pedro-franca-agencia-senado.jpg","contentUrl":"https:\/\/agenciainfra.com\/blog\/wp-content\/uploads\/2025\/01\/nelson-barbosa-foto-pedro-franca-agencia-senado.jpg","width":1208,"height":801},{"@type":"BreadcrumbList","@id":"https:\/\/agenciainfra.com\/blog\/nao-e-privatizacao-diz-diretor-do-bndes-sobre-concessoes-e-ppps-sociais\/#breadcrumb","itemListElement":[{"@type":"ListItem","position":1,"name":"In\u00edcio","item":"https:\/\/agenciainfra.com\/blog\/"},{"@type":"ListItem","position":2,"name":"&#8220;N\u00e3o \u00e9 privatiza\u00e7\u00e3o&#8221;, diz diretor do BNDES sobre concess\u00f5es e PPPs sociais"}]},{"@type":"WebSite","@id":"https:\/\/agenciainfra.com\/blog\/#website","url":"https:\/\/agenciainfra.com\/blog\/","name":"Ag\u00eancia iNFRA","description":"Multiplataforma de informa\u00e7\u00e3o jornal\u00edstica refer\u00eancia na \u00e1rea de infraestrutura no Brasil!","publisher":{"@id":"https:\/\/agenciainfra.com\/blog\/#organization"},"potentialAction":[{"@type":"SearchAction","target":{"@type":"EntryPoint","urlTemplate":"https:\/\/agenciainfra.com\/blog\/?s={search_term_string}"},"query-input":{"@type":"PropertyValueSpecification","valueRequired":true,"valueName":"search_term_string"}}],"inLanguage":"pt-BR"},{"@type":"Organization","@id":"https:\/\/agenciainfra.com\/blog\/#organization","name":"Ag\u00eancia iNFRA","url":"https:\/\/agenciainfra.com\/blog\/","logo":{"@type":"ImageObject","inLanguage":"pt-BR","@id":"https:\/\/agenciainfra.com\/blog\/#\/schema\/logo\/image\/","url":"https:\/\/agenciainfra.com\/blog\/wp-content\/uploads\/2023\/09\/iNFRA_5-e1761735885940.png","contentUrl":"https:\/\/agenciainfra.com\/blog\/wp-content\/uploads\/2023\/09\/iNFRA_5-e1761735885940.png","width":1672,"height":454,"caption":"Ag\u00eancia iNFRA"},"image":{"@id":"https:\/\/agenciainfra.com\/blog\/#\/schema\/logo\/image\/"},"sameAs":["https:\/\/www.facebook.com\/ageninfra","https:\/\/x.com\/agencia_infra","https:\/\/www.linkedin.com\/company\/ag\u00eanciainfra\/","https:\/\/www.instagram.com\/agenciainfra\/"]},{"@type":"Person","@id":"https:\/\/agenciainfra.com\/blog\/#\/schema\/person\/34af08dff6adea4cb22b06612ba7acfa","name":"Ag\u00eancia iNFRA","image":{"@type":"ImageObject","inLanguage":"pt-BR","@id":"https:\/\/agenciainfra.com\/blog\/#\/schema\/person\/image\/","url":"https:\/\/secure.gravatar.com\/avatar\/d189e01678f06d8eb84d4e01f08eb848b3fffe3f8443818d3c356c66892f5be8?s=96&d=mm&r=g","contentUrl":"https:\/\/secure.gravatar.com\/avatar\/d189e01678f06d8eb84d4e01f08eb848b3fffe3f8443818d3c356c66892f5be8?s=96&d=mm&r=g","caption":"Ag\u00eancia iNFRA"},"url":"https:\/\/agenciainfra.com\/blog\/author\/admin\/"}]}},"_links":{"self":[{"href":"https:\/\/agenciainfra.com\/blog\/wp-json\/wp\/v2\/posts\/20002","targetHints":{"allow":["GET"]}}],"collection":[{"href":"https:\/\/agenciainfra.com\/blog\/wp-json\/wp\/v2\/posts"}],"about":[{"href":"https:\/\/agenciainfra.com\/blog\/wp-json\/wp\/v2\/types\/post"}],"author":[{"embeddable":true,"href":"https:\/\/agenciainfra.com\/blog\/wp-json\/wp\/v2\/users\/1"}],"replies":[{"embeddable":true,"href":"https:\/\/agenciainfra.com\/blog\/wp-json\/wp\/v2\/comments?post=20002"}],"version-history":[{"count":1,"href":"https:\/\/agenciainfra.com\/blog\/wp-json\/wp\/v2\/posts\/20002\/revisions"}],"predecessor-version":[{"id":20005,"href":"https:\/\/agenciainfra.com\/blog\/wp-json\/wp\/v2\/posts\/20002\/revisions\/20005"}],"wp:featuredmedia":[{"embeddable":true,"href":"https:\/\/agenciainfra.com\/blog\/wp-json\/wp\/v2\/media\/20004"}],"wp:attachment":[{"href":"https:\/\/agenciainfra.com\/blog\/wp-json\/wp\/v2\/media?parent=20002"}],"wp:term":[{"taxonomy":"category","embeddable":true,"href":"https:\/\/agenciainfra.com\/blog\/wp-json\/wp\/v2\/categories?post=20002"},{"taxonomy":"post_tag","embeddable":true,"href":"https:\/\/agenciainfra.com\/blog\/wp-json\/wp\/v2\/tags?post=20002"}],"curies":[{"name":"wp","href":"https:\/\/api.w.org\/{rel}","templated":true}]}}