{"id":20014,"date":"2025-01-17T09:00:00","date_gmt":"2025-01-17T12:00:00","guid":{"rendered":"https:\/\/agenciainfra.com\/blog\/?p=20014"},"modified":"2025-01-17T11:29:25","modified_gmt":"2025-01-17T14:29:25","slug":"ambar-aguarda-solucao-da-aneel-sobre-a-amazonas-energia-mas-processos-foram-extintos","status":"publish","type":"post","link":"https:\/\/agenciainfra.com\/blog\/ambar-aguarda-solucao-da-aneel-sobre-a-amazonas-energia-mas-processos-foram-extintos\/","title":{"rendered":"\u00c2mbar aguarda solu\u00e7\u00e3o da ANEEL sobre a Amazonas Energia, mas processos foram extintos"},"content":{"rendered":"\n<p class=\"has-text-align-right\"><strong>Geraldo Campos Jr. e Marisa Wanzeler, da Ag\u00eancia iNFRA<\/strong><\/p>\n\n\n\n<p>A \u00c2mbar afirma que aguarda uma solu\u00e7\u00e3o definitiva na ANEEL (Ag\u00eancia Nacional de Energia El\u00e9trica) para poder adquirir o controle da distribuidora Amazonas Energia. Contudo, o entendimento dentro da ag\u00eancia \u00e9 de que n\u00e3o h\u00e1 o que ser discutido administrativamente, uma vez que tudo est\u00e1 sendo decidido por via judicial. Assim, os processos foram extintos por perda de objeto, haja vista que j\u00e1 houve determina\u00e7\u00e3o da Justi\u00e7a sobre o assunto.<\/p>\n\n\n\n<p>Em nota, a \u00c2mbar disse que espera que a reguladora &#8220;garanta a seguran\u00e7a jur\u00eddica necess\u00e1ria para assumir plenamente suas responsabilidades e oferecer um servi\u00e7o de excel\u00eancia \u00e0 popula\u00e7\u00e3o amazonense&#8221;.<\/p>\n\n\n\n<p>&#8220;Confiamos que a ANEEL, como \u00f3rg\u00e3o regulador, encontrar\u00e1 a melhor solu\u00e7\u00e3o para evitar os impactos que uma eventual interven\u00e7\u00e3o poderia causar, evitando preju\u00edzos aos consumidores de energia&#8221;, continua.<\/p>\n\n\n\n<p>A ag\u00eancia, por sua vez, afirmou que &#8220;aguarda o tema ser decidido judicialmente e que cumprir\u00e1 as decis\u00f5es judiciais&#8221;.<\/p>\n\n\n\n<p>Os Despachos <a href=\"https:\/\/www.in.gov.br\/en\/web\/dou\/-\/despacho-n-3.091-de-11-de-outubro-de-2024-589787656\" target=\"_blank\" rel=\"noreferrer noopener\">3.091<\/a>&nbsp;e <a href=\"https:\/\/www.in.gov.br\/en\/web\/dou\/-\/despacho-n-3.092-de-11-de-outubro-de-2024-589790888\" target=\"_blank\" rel=\"noreferrer noopener\">3.092<\/a>, de 11 de outubro de 2024, da ANEEL, decidem &#8220;declarar extintos&#8221; os processos de transfer\u00eancia de controle e da convers\u00e3o dos contratos das t\u00e9rmicas, uma vez que o objeto da decis\u00e3o se tornou imposs\u00edvel com a perda da efic\u00e1cia da MP 1.232, que determinava condi\u00e7\u00f5es mais favor\u00e1veis para a troca do controle da Amazonas.<\/p>\n\n\n\n<p>J\u00e1 o Despacho <a href=\"https:\/\/www2.aneel.gov.br\/cedoc\/dsp20243883.pdf \" target=\"_blank\" rel=\"noreferrer noopener\">3.883<\/a>, de 26 de dezembro, assinado pela diretora Agnes Costa enquanto diretora-geral substituta, n\u00e3o conheceu o pedido da Amazonas Energia para prorrogar o prazo de transfer\u00eancia do controle da empresa por &#8220;perda de objeto&#8221;. Segundo ela, o pedido administrativo interposto ficou esvaziado em fun\u00e7\u00e3o de liminar judicial que determinou a extens\u00e3o em 60 dias.<\/p>\n\n\n\n<p><strong>Fora da pauta<\/strong><br>Agentes do setor aguardavam a delibera\u00e7\u00e3o de processos sobre a Amazonas na primeira RPO (Reuni\u00e3o P\u00fablica Ordin\u00e1ria) do ano, que ocorre na pr\u00f3xima ter\u00e7a-feira (21). Foram colocados em <a href=\"https:\/\/www2.aneel.gov.br\/aplicacoes_liferay\/noticias_area\/dsp_detalheNoticia.cfm?idNoticia=14527&amp;idAreaNoticia=425\" target=\"_blank\" rel=\"noreferrer noopener\">pauta<\/a> 19 processos empatados que ser\u00e3o apreciados pela diretora-substituta Ludimila Lima para desempate. Mas n\u00e3o foi pautado nenhum processo que trata das opera\u00e7\u00f5es.<\/p>\n\n\n\n<p>Entre os processos que devem ser apreciados por Ludimila est\u00e1 um pedido da \u00c2mbar Energia de impugna\u00e7\u00e3o, com pedido de cautelar, contra procedimento administrativo da CCEE (C\u00e2mara de Comercializa\u00e7\u00e3o de Energia El\u00e9trica) contra a empresa por descumprimento de obriga\u00e7\u00f5es no \u00e2mbito do PCS (Procedimento Competitivo Simplificado), ocorrido em 2021.<\/p>\n\n\n\n<p>Tamb\u00e9m est\u00e1 empatada parte da proposta de abertura de consulta p\u00fablica acerca da regulamenta\u00e7\u00e3o dos efeitos tarif\u00e1rios da quita\u00e7\u00e3o antecipada das contas Covid e Escassez H\u00eddrica. Trata-se do encaminhamento do diretor Fernando Mosna para envio ao TCU (Tribunal de Contas da Uni\u00e3o) e \u00e0 CGU (Controladoria-Geral da Uni\u00e3o) de sugest\u00e3o de abertura de auditoria e sindic\u00e2ncia sobre os atos referentes \u00e0 opera\u00e7\u00e3o conduzidos pelo secret\u00e1rio de Energia El\u00e9trica do MME (Minist\u00e9rio de Minas e Energia), Gentil Nogueira.<\/p>\n\n\n\n<p>Al\u00e9m do resultado da CP (Consulta P\u00fablica) 28\/2024, que trata do aprimoramento regulat\u00f3rio para empreendimentos abarcados pela MP (Medida Provis\u00f3ria) 1.212\/2024. A medida prorrogou em 36 meses o prazo para entrada em opera\u00e7\u00e3o de usinas renov\u00e1veis com descontos nas TUST (Tarifas de Uso do Sistema de Transmiss\u00e3o) e TUSD (Tarifas de Uso do Sistema de Distribui\u00e7\u00e3o).<\/p>\n","protected":false},"excerpt":{"rendered":"<p>Geraldo Campos Jr. e Marisa Wanzeler, da Ag\u00eancia iNFRA A \u00c2mbar afirma que aguarda uma solu\u00e7\u00e3o definitiva na ANEEL (Ag\u00eancia Nacional de Energia El\u00e9trica) para poder adquirir o controle da distribuidora Amazonas Energia. Contudo, o entendimento dentro da ag\u00eancia \u00e9 de que n\u00e3o h\u00e1 o que ser discutido administrativamente, uma vez que tudo est\u00e1 sendo [&hellip;]<\/p>\n","protected":false},"author":1,"featured_media":7194,"comment_status":"closed","ping_status":"closed","sticky":false,"template":"","format":"standard","meta":{"_monsterinsights_skip_tracking":false,"_monsterinsights_sitenote_active":false,"_monsterinsights_sitenote_note":"","_monsterinsights_sitenote_category":0,"footnotes":""},"categories":[7250,1,10],"tags":[144,5678,5481,11510,2026,7836,12200,9059,50,1229,3713,11594,12221,12220,11970,7366,3367,12192,143,1154,11971,4766,11968],"class_list":["post-20014","post","type-post","status-publish","format-standard","has-post-thumbnail","hentry","category-destaque-lista","category-geral","category-infraenergia","tag-amazonas-energia","tag-ambar","tag-ambar-energia","tag-carlos-suarez","tag-cigas","tag-contratos-de-energia-de-reserva","tag-conversao-de-contratos","tag-decisao-liminar","tag-eletrobras","tag-eletronorte","tag-gas-canalizado","tag-geraldo-campos-jr","tag-jaiza-fraxe","tag-joao-batista-moreira","tag-joesley-e-wesley-batista","tag-marisa-wanzeller","tag-michel-temer","tag-ney-bello","tag-petrobras","tag-termeletricas","tag-termeletricas-do-norte","tag-trf-1","tag-venda-da-amazonas-energia"],"yoast_head":"<!-- This site is optimized with the Yoast SEO Premium plugin v25.4 (Yoast SEO v26.0) - https:\/\/yoast.com\/wordpress\/plugins\/seo\/ -->\n<title>\u00c2mbar aguarda solu\u00e7\u00e3o da ANEEL sobre a Amazonas Energia, mas processos foram extintos - Ag\u00eancia iNFRA<\/title>\n<meta name=\"robots\" content=\"index, follow, max-snippet:-1, max-image-preview:large, max-video-preview:-1\" \/>\n<link rel=\"canonical\" href=\"https:\/\/agenciainfra.com\/blog\/ambar-aguarda-solucao-da-aneel-sobre-a-amazonas-energia-mas-processos-foram-extintos\/\" \/>\n<meta property=\"og:locale\" content=\"pt_BR\" \/>\n<meta property=\"og:type\" content=\"article\" \/>\n<meta property=\"og:title\" content=\"\u00c2mbar aguarda solu\u00e7\u00e3o da ANEEL sobre a Amazonas Energia, mas processos foram extintos\" \/>\n<meta property=\"og:description\" content=\"Geraldo Campos Jr. e Marisa Wanzeler, da Ag\u00eancia iNFRA A \u00c2mbar afirma que aguarda uma solu\u00e7\u00e3o definitiva na ANEEL (Ag\u00eancia Nacional de Energia El\u00e9trica) para poder adquirir o controle da distribuidora Amazonas Energia. Contudo, o entendimento dentro da ag\u00eancia \u00e9 de que n\u00e3o h\u00e1 o que ser discutido administrativamente, uma vez que tudo est\u00e1 sendo [&hellip;]\" \/>\n<meta property=\"og:url\" content=\"https:\/\/agenciainfra.com\/blog\/ambar-aguarda-solucao-da-aneel-sobre-a-amazonas-energia-mas-processos-foram-extintos\/\" \/>\n<meta property=\"og:site_name\" content=\"Ag\u00eancia iNFRA\" \/>\n<meta property=\"article:publisher\" content=\"https:\/\/www.facebook.com\/ageninfra\" \/>\n<meta property=\"article:published_time\" content=\"2025-01-17T12:00:00+00:00\" \/>\n<meta property=\"article:modified_time\" content=\"2025-01-17T14:29:25+00:00\" \/>\n<meta property=\"og:image\" content=\"https:\/\/agenciainfra.com\/blog\/wp-content\/uploads\/2021\/05\/amazonas-energia-foto-amazonas-energia.jpeg\" \/>\n\t<meta property=\"og:image:width\" content=\"1280\" \/>\n\t<meta property=\"og:image:height\" content=\"959\" \/>\n\t<meta property=\"og:image:type\" content=\"image\/jpeg\" \/>\n<meta name=\"author\" content=\"Ag\u00eancia iNFRA\" \/>\n<meta name=\"twitter:card\" content=\"summary_large_image\" \/>\n<meta name=\"twitter:creator\" content=\"@agencia_infra\" \/>\n<meta name=\"twitter:site\" content=\"@agencia_infra\" \/>\n<meta name=\"twitter:label1\" content=\"Escrito por\" \/>\n\t<meta name=\"twitter:data1\" content=\"Ag\u00eancia iNFRA\" \/>\n\t<meta name=\"twitter:label2\" content=\"Est. tempo de leitura\" \/>\n\t<meta name=\"twitter:data2\" content=\"3 minutos\" \/>\n<script type=\"application\/ld+json\" class=\"yoast-schema-graph\">{\"@context\":\"https:\/\/schema.org\",\"@graph\":[{\"@type\":\"Article\",\"@id\":\"https:\/\/agenciainfra.com\/blog\/ambar-aguarda-solucao-da-aneel-sobre-a-amazonas-energia-mas-processos-foram-extintos\/#article\",\"isPartOf\":{\"@id\":\"https:\/\/agenciainfra.com\/blog\/ambar-aguarda-solucao-da-aneel-sobre-a-amazonas-energia-mas-processos-foram-extintos\/\"},\"author\":{\"name\":\"Ag\u00eancia iNFRA\",\"@id\":\"https:\/\/agenciainfra.com\/blog\/#\/schema\/person\/34af08dff6adea4cb22b06612ba7acfa\"},\"headline\":\"\u00c2mbar aguarda solu\u00e7\u00e3o da ANEEL sobre a Amazonas Energia, mas processos foram extintos\",\"datePublished\":\"2025-01-17T12:00:00+00:00\",\"dateModified\":\"2025-01-17T14:29:25+00:00\",\"mainEntityOfPage\":{\"@id\":\"https:\/\/agenciainfra.com\/blog\/ambar-aguarda-solucao-da-aneel-sobre-a-amazonas-energia-mas-processos-foram-extintos\/\"},\"wordCount\":572,\"publisher\":{\"@id\":\"https:\/\/agenciainfra.com\/blog\/#organization\"},\"image\":{\"@id\":\"https:\/\/agenciainfra.com\/blog\/ambar-aguarda-solucao-da-aneel-sobre-a-amazonas-energia-mas-processos-foram-extintos\/#primaryimage\"},\"thumbnailUrl\":\"https:\/\/agenciainfra.com\/blog\/wp-content\/uploads\/2021\/05\/amazonas-energia-foto-amazonas-energia.jpeg\",\"keywords\":[\"Amazonas Energia\",\"\u00c2mbar\",\"\u00c2mbar Energia\",\"Carlos Suarez\",\"Cig\u00e1s\",\"Contratos de Energia de Reserva\",\"convers\u00e3o de contratos\",\"Decis\u00e3o liminar\",\"Eletrobras\",\"Eletronorte\",\"g\u00e1s canalizado\",\"Geraldo Campos Jr.\",\"Jaiza Fraxe\",\"Jo\u00e3o Batista Moreira\",\"Joesley e Wesley Batista\",\"Marisa Wanzeller\",\"Michel Temer\",\"Ney Bello\",\"Petrobras\",\"termel\u00e9tricas\",\"termel\u00e9tricas do Norte\",\"TRF-1\",\"Venda da Amazonas Energia\"],\"articleSection\":[\"Destaque lista\",\"Geral\",\"iNFRAEnergia\"],\"inLanguage\":\"pt-BR\",\"copyrightYear\":\"2025\",\"copyrightHolder\":{\"@id\":\"https:\/\/agenciainfra.com\/blog\/#organization\"}},{\"@type\":\"WebPage\",\"@id\":\"https:\/\/agenciainfra.com\/blog\/ambar-aguarda-solucao-da-aneel-sobre-a-amazonas-energia-mas-processos-foram-extintos\/\",\"url\":\"https:\/\/agenciainfra.com\/blog\/ambar-aguarda-solucao-da-aneel-sobre-a-amazonas-energia-mas-processos-foram-extintos\/\",\"name\":\"\u00c2mbar aguarda solu\u00e7\u00e3o da ANEEL sobre a Amazonas Energia, mas processos foram extintos - Ag\u00eancia iNFRA\",\"isPartOf\":{\"@id\":\"https:\/\/agenciainfra.com\/blog\/#website\"},\"primaryImageOfPage\":{\"@id\":\"https:\/\/agenciainfra.com\/blog\/ambar-aguarda-solucao-da-aneel-sobre-a-amazonas-energia-mas-processos-foram-extintos\/#primaryimage\"},\"image\":{\"@id\":\"https:\/\/agenciainfra.com\/blog\/ambar-aguarda-solucao-da-aneel-sobre-a-amazonas-energia-mas-processos-foram-extintos\/#primaryimage\"},\"thumbnailUrl\":\"https:\/\/agenciainfra.com\/blog\/wp-content\/uploads\/2021\/05\/amazonas-energia-foto-amazonas-energia.jpeg\",\"datePublished\":\"2025-01-17T12:00:00+00:00\",\"dateModified\":\"2025-01-17T14:29:25+00:00\",\"breadcrumb\":{\"@id\":\"https:\/\/agenciainfra.com\/blog\/ambar-aguarda-solucao-da-aneel-sobre-a-amazonas-energia-mas-processos-foram-extintos\/#breadcrumb\"},\"inLanguage\":\"pt-BR\",\"potentialAction\":[{\"@type\":\"ReadAction\",\"target\":[\"https:\/\/agenciainfra.com\/blog\/ambar-aguarda-solucao-da-aneel-sobre-a-amazonas-energia-mas-processos-foram-extintos\/\"]}]},{\"@type\":\"ImageObject\",\"inLanguage\":\"pt-BR\",\"@id\":\"https:\/\/agenciainfra.com\/blog\/ambar-aguarda-solucao-da-aneel-sobre-a-amazonas-energia-mas-processos-foram-extintos\/#primaryimage\",\"url\":\"https:\/\/agenciainfra.com\/blog\/wp-content\/uploads\/2021\/05\/amazonas-energia-foto-amazonas-energia.jpeg\",\"contentUrl\":\"https:\/\/agenciainfra.com\/blog\/wp-content\/uploads\/2021\/05\/amazonas-energia-foto-amazonas-energia.jpeg\",\"width\":1280,\"height\":959},{\"@type\":\"BreadcrumbList\",\"@id\":\"https:\/\/agenciainfra.com\/blog\/ambar-aguarda-solucao-da-aneel-sobre-a-amazonas-energia-mas-processos-foram-extintos\/#breadcrumb\",\"itemListElement\":[{\"@type\":\"ListItem\",\"position\":1,\"name\":\"In\u00edcio\",\"item\":\"https:\/\/agenciainfra.com\/blog\/\"},{\"@type\":\"ListItem\",\"position\":2,\"name\":\"\u00c2mbar aguarda solu\u00e7\u00e3o da ANEEL sobre a Amazonas Energia, mas processos foram extintos\"}]},{\"@type\":\"WebSite\",\"@id\":\"https:\/\/agenciainfra.com\/blog\/#website\",\"url\":\"https:\/\/agenciainfra.com\/blog\/\",\"name\":\"Ag\u00eancia iNFRA\",\"description\":\"Multiplataforma de informa\u00e7\u00e3o jornal\u00edstica refer\u00eancia na \u00e1rea de infraestrutura no Brasil!\",\"publisher\":{\"@id\":\"https:\/\/agenciainfra.com\/blog\/#organization\"},\"potentialAction\":[{\"@type\":\"SearchAction\",\"target\":{\"@type\":\"EntryPoint\",\"urlTemplate\":\"https:\/\/agenciainfra.com\/blog\/?s={search_term_string}\"},\"query-input\":{\"@type\":\"PropertyValueSpecification\",\"valueRequired\":true,\"valueName\":\"search_term_string\"}}],\"inLanguage\":\"pt-BR\"},{\"@type\":\"Organization\",\"@id\":\"https:\/\/agenciainfra.com\/blog\/#organization\",\"name\":\"Ag\u00eancia iNFRA\",\"url\":\"https:\/\/agenciainfra.com\/blog\/\",\"logo\":{\"@type\":\"ImageObject\",\"inLanguage\":\"pt-BR\",\"@id\":\"https:\/\/agenciainfra.com\/blog\/#\/schema\/logo\/image\/\",\"url\":\"https:\/\/agenciainfra.com\/blog\/wp-content\/uploads\/2023\/09\/iNFRA_5-e1761735885940.png\",\"contentUrl\":\"https:\/\/agenciainfra.com\/blog\/wp-content\/uploads\/2023\/09\/iNFRA_5-e1761735885940.png\",\"width\":1672,\"height\":454,\"caption\":\"Ag\u00eancia iNFRA\"},\"image\":{\"@id\":\"https:\/\/agenciainfra.com\/blog\/#\/schema\/logo\/image\/\"},\"sameAs\":[\"https:\/\/www.facebook.com\/ageninfra\",\"https:\/\/x.com\/agencia_infra\",\"https:\/\/www.linkedin.com\/company\/ag\u00eanciainfra\/\",\"https:\/\/www.instagram.com\/agenciainfra\/\"]},{\"@type\":\"Person\",\"@id\":\"https:\/\/agenciainfra.com\/blog\/#\/schema\/person\/34af08dff6adea4cb22b06612ba7acfa\",\"name\":\"Ag\u00eancia iNFRA\",\"image\":{\"@type\":\"ImageObject\",\"inLanguage\":\"pt-BR\",\"@id\":\"https:\/\/agenciainfra.com\/blog\/#\/schema\/person\/image\/\",\"url\":\"https:\/\/secure.gravatar.com\/avatar\/d189e01678f06d8eb84d4e01f08eb848b3fffe3f8443818d3c356c66892f5be8?s=96&d=mm&r=g\",\"contentUrl\":\"https:\/\/secure.gravatar.com\/avatar\/d189e01678f06d8eb84d4e01f08eb848b3fffe3f8443818d3c356c66892f5be8?s=96&d=mm&r=g\",\"caption\":\"Ag\u00eancia iNFRA\"},\"url\":\"https:\/\/agenciainfra.com\/blog\/author\/admin\/\"}]}<\/script>\n<!-- \/ Yoast SEO Premium plugin. -->","yoast_head_json":{"title":"\u00c2mbar aguarda solu\u00e7\u00e3o da ANEEL sobre a Amazonas Energia, mas processos foram extintos - Ag\u00eancia iNFRA","robots":{"index":"index","follow":"follow","max-snippet":"max-snippet:-1","max-image-preview":"max-image-preview:large","max-video-preview":"max-video-preview:-1"},"canonical":"https:\/\/agenciainfra.com\/blog\/ambar-aguarda-solucao-da-aneel-sobre-a-amazonas-energia-mas-processos-foram-extintos\/","og_locale":"pt_BR","og_type":"article","og_title":"\u00c2mbar aguarda solu\u00e7\u00e3o da ANEEL sobre a Amazonas Energia, mas processos foram extintos","og_description":"Geraldo Campos Jr. e Marisa Wanzeler, da Ag\u00eancia iNFRA A \u00c2mbar afirma que aguarda uma solu\u00e7\u00e3o definitiva na ANEEL (Ag\u00eancia Nacional de Energia El\u00e9trica) para poder adquirir o controle da distribuidora Amazonas Energia. Contudo, o entendimento dentro da ag\u00eancia \u00e9 de que n\u00e3o h\u00e1 o que ser discutido administrativamente, uma vez que tudo est\u00e1 sendo [&hellip;]","og_url":"https:\/\/agenciainfra.com\/blog\/ambar-aguarda-solucao-da-aneel-sobre-a-amazonas-energia-mas-processos-foram-extintos\/","og_site_name":"Ag\u00eancia iNFRA","article_publisher":"https:\/\/www.facebook.com\/ageninfra","article_published_time":"2025-01-17T12:00:00+00:00","article_modified_time":"2025-01-17T14:29:25+00:00","og_image":[{"width":1280,"height":959,"url":"https:\/\/agenciainfra.com\/blog\/wp-content\/uploads\/2021\/05\/amazonas-energia-foto-amazonas-energia.jpeg","type":"image\/jpeg"}],"author":"Ag\u00eancia iNFRA","twitter_card":"summary_large_image","twitter_creator":"@agencia_infra","twitter_site":"@agencia_infra","twitter_misc":{"Escrito por":"Ag\u00eancia iNFRA","Est. tempo de leitura":"3 minutos"},"schema":{"@context":"https:\/\/schema.org","@graph":[{"@type":"Article","@id":"https:\/\/agenciainfra.com\/blog\/ambar-aguarda-solucao-da-aneel-sobre-a-amazonas-energia-mas-processos-foram-extintos\/#article","isPartOf":{"@id":"https:\/\/agenciainfra.com\/blog\/ambar-aguarda-solucao-da-aneel-sobre-a-amazonas-energia-mas-processos-foram-extintos\/"},"author":{"name":"Ag\u00eancia iNFRA","@id":"https:\/\/agenciainfra.com\/blog\/#\/schema\/person\/34af08dff6adea4cb22b06612ba7acfa"},"headline":"\u00c2mbar aguarda solu\u00e7\u00e3o da ANEEL sobre a Amazonas Energia, mas processos foram extintos","datePublished":"2025-01-17T12:00:00+00:00","dateModified":"2025-01-17T14:29:25+00:00","mainEntityOfPage":{"@id":"https:\/\/agenciainfra.com\/blog\/ambar-aguarda-solucao-da-aneel-sobre-a-amazonas-energia-mas-processos-foram-extintos\/"},"wordCount":572,"publisher":{"@id":"https:\/\/agenciainfra.com\/blog\/#organization"},"image":{"@id":"https:\/\/agenciainfra.com\/blog\/ambar-aguarda-solucao-da-aneel-sobre-a-amazonas-energia-mas-processos-foram-extintos\/#primaryimage"},"thumbnailUrl":"https:\/\/agenciainfra.com\/blog\/wp-content\/uploads\/2021\/05\/amazonas-energia-foto-amazonas-energia.jpeg","keywords":["Amazonas Energia","\u00c2mbar","\u00c2mbar Energia","Carlos Suarez","Cig\u00e1s","Contratos de Energia de Reserva","convers\u00e3o de contratos","Decis\u00e3o liminar","Eletrobras","Eletronorte","g\u00e1s canalizado","Geraldo Campos Jr.","Jaiza Fraxe","Jo\u00e3o Batista Moreira","Joesley e Wesley Batista","Marisa Wanzeller","Michel Temer","Ney Bello","Petrobras","termel\u00e9tricas","termel\u00e9tricas do Norte","TRF-1","Venda da Amazonas Energia"],"articleSection":["Destaque lista","Geral","iNFRAEnergia"],"inLanguage":"pt-BR","copyrightYear":"2025","copyrightHolder":{"@id":"https:\/\/agenciainfra.com\/blog\/#organization"}},{"@type":"WebPage","@id":"https:\/\/agenciainfra.com\/blog\/ambar-aguarda-solucao-da-aneel-sobre-a-amazonas-energia-mas-processos-foram-extintos\/","url":"https:\/\/agenciainfra.com\/blog\/ambar-aguarda-solucao-da-aneel-sobre-a-amazonas-energia-mas-processos-foram-extintos\/","name":"\u00c2mbar aguarda solu\u00e7\u00e3o da ANEEL sobre a Amazonas Energia, mas processos foram extintos - Ag\u00eancia iNFRA","isPartOf":{"@id":"https:\/\/agenciainfra.com\/blog\/#website"},"primaryImageOfPage":{"@id":"https:\/\/agenciainfra.com\/blog\/ambar-aguarda-solucao-da-aneel-sobre-a-amazonas-energia-mas-processos-foram-extintos\/#primaryimage"},"image":{"@id":"https:\/\/agenciainfra.com\/blog\/ambar-aguarda-solucao-da-aneel-sobre-a-amazonas-energia-mas-processos-foram-extintos\/#primaryimage"},"thumbnailUrl":"https:\/\/agenciainfra.com\/blog\/wp-content\/uploads\/2021\/05\/amazonas-energia-foto-amazonas-energia.jpeg","datePublished":"2025-01-17T12:00:00+00:00","dateModified":"2025-01-17T14:29:25+00:00","breadcrumb":{"@id":"https:\/\/agenciainfra.com\/blog\/ambar-aguarda-solucao-da-aneel-sobre-a-amazonas-energia-mas-processos-foram-extintos\/#breadcrumb"},"inLanguage":"pt-BR","potentialAction":[{"@type":"ReadAction","target":["https:\/\/agenciainfra.com\/blog\/ambar-aguarda-solucao-da-aneel-sobre-a-amazonas-energia-mas-processos-foram-extintos\/"]}]},{"@type":"ImageObject","inLanguage":"pt-BR","@id":"https:\/\/agenciainfra.com\/blog\/ambar-aguarda-solucao-da-aneel-sobre-a-amazonas-energia-mas-processos-foram-extintos\/#primaryimage","url":"https:\/\/agenciainfra.com\/blog\/wp-content\/uploads\/2021\/05\/amazonas-energia-foto-amazonas-energia.jpeg","contentUrl":"https:\/\/agenciainfra.com\/blog\/wp-content\/uploads\/2021\/05\/amazonas-energia-foto-amazonas-energia.jpeg","width":1280,"height":959},{"@type":"BreadcrumbList","@id":"https:\/\/agenciainfra.com\/blog\/ambar-aguarda-solucao-da-aneel-sobre-a-amazonas-energia-mas-processos-foram-extintos\/#breadcrumb","itemListElement":[{"@type":"ListItem","position":1,"name":"In\u00edcio","item":"https:\/\/agenciainfra.com\/blog\/"},{"@type":"ListItem","position":2,"name":"\u00c2mbar aguarda solu\u00e7\u00e3o da ANEEL sobre a Amazonas Energia, mas processos foram extintos"}]},{"@type":"WebSite","@id":"https:\/\/agenciainfra.com\/blog\/#website","url":"https:\/\/agenciainfra.com\/blog\/","name":"Ag\u00eancia iNFRA","description":"Multiplataforma de informa\u00e7\u00e3o jornal\u00edstica refer\u00eancia na \u00e1rea de infraestrutura no Brasil!","publisher":{"@id":"https:\/\/agenciainfra.com\/blog\/#organization"},"potentialAction":[{"@type":"SearchAction","target":{"@type":"EntryPoint","urlTemplate":"https:\/\/agenciainfra.com\/blog\/?s={search_term_string}"},"query-input":{"@type":"PropertyValueSpecification","valueRequired":true,"valueName":"search_term_string"}}],"inLanguage":"pt-BR"},{"@type":"Organization","@id":"https:\/\/agenciainfra.com\/blog\/#organization","name":"Ag\u00eancia iNFRA","url":"https:\/\/agenciainfra.com\/blog\/","logo":{"@type":"ImageObject","inLanguage":"pt-BR","@id":"https:\/\/agenciainfra.com\/blog\/#\/schema\/logo\/image\/","url":"https:\/\/agenciainfra.com\/blog\/wp-content\/uploads\/2023\/09\/iNFRA_5-e1761735885940.png","contentUrl":"https:\/\/agenciainfra.com\/blog\/wp-content\/uploads\/2023\/09\/iNFRA_5-e1761735885940.png","width":1672,"height":454,"caption":"Ag\u00eancia iNFRA"},"image":{"@id":"https:\/\/agenciainfra.com\/blog\/#\/schema\/logo\/image\/"},"sameAs":["https:\/\/www.facebook.com\/ageninfra","https:\/\/x.com\/agencia_infra","https:\/\/www.linkedin.com\/company\/ag\u00eanciainfra\/","https:\/\/www.instagram.com\/agenciainfra\/"]},{"@type":"Person","@id":"https:\/\/agenciainfra.com\/blog\/#\/schema\/person\/34af08dff6adea4cb22b06612ba7acfa","name":"Ag\u00eancia iNFRA","image":{"@type":"ImageObject","inLanguage":"pt-BR","@id":"https:\/\/agenciainfra.com\/blog\/#\/schema\/person\/image\/","url":"https:\/\/secure.gravatar.com\/avatar\/d189e01678f06d8eb84d4e01f08eb848b3fffe3f8443818d3c356c66892f5be8?s=96&d=mm&r=g","contentUrl":"https:\/\/secure.gravatar.com\/avatar\/d189e01678f06d8eb84d4e01f08eb848b3fffe3f8443818d3c356c66892f5be8?s=96&d=mm&r=g","caption":"Ag\u00eancia iNFRA"},"url":"https:\/\/agenciainfra.com\/blog\/author\/admin\/"}]}},"_links":{"self":[{"href":"https:\/\/agenciainfra.com\/blog\/wp-json\/wp\/v2\/posts\/20014","targetHints":{"allow":["GET"]}}],"collection":[{"href":"https:\/\/agenciainfra.com\/blog\/wp-json\/wp\/v2\/posts"}],"about":[{"href":"https:\/\/agenciainfra.com\/blog\/wp-json\/wp\/v2\/types\/post"}],"author":[{"embeddable":true,"href":"https:\/\/agenciainfra.com\/blog\/wp-json\/wp\/v2\/users\/1"}],"replies":[{"embeddable":true,"href":"https:\/\/agenciainfra.com\/blog\/wp-json\/wp\/v2\/comments?post=20014"}],"version-history":[{"count":1,"href":"https:\/\/agenciainfra.com\/blog\/wp-json\/wp\/v2\/posts\/20014\/revisions"}],"predecessor-version":[{"id":20015,"href":"https:\/\/agenciainfra.com\/blog\/wp-json\/wp\/v2\/posts\/20014\/revisions\/20015"}],"wp:featuredmedia":[{"embeddable":true,"href":"https:\/\/agenciainfra.com\/blog\/wp-json\/wp\/v2\/media\/7194"}],"wp:attachment":[{"href":"https:\/\/agenciainfra.com\/blog\/wp-json\/wp\/v2\/media?parent=20014"}],"wp:term":[{"taxonomy":"category","embeddable":true,"href":"https:\/\/agenciainfra.com\/blog\/wp-json\/wp\/v2\/categories?post=20014"},{"taxonomy":"post_tag","embeddable":true,"href":"https:\/\/agenciainfra.com\/blog\/wp-json\/wp\/v2\/tags?post=20014"}],"curies":[{"name":"wp","href":"https:\/\/api.w.org\/{rel}","templated":true}]}}