{"id":20016,"date":"2025-01-17T08:00:00","date_gmt":"2025-01-17T11:00:00","guid":{"rendered":"https:\/\/agenciainfra.com\/blog\/?p=20016"},"modified":"2025-06-13T15:59:07","modified_gmt":"2025-06-13T18:59:07","slug":"antt-deve-aprovar-edital-de-concessao-da-br-040-495-mg-rj-hoje-em-reuniao-extraordinaria","status":"publish","type":"post","link":"https:\/\/agenciainfra.com\/blog\/antt-deve-aprovar-edital-de-concessao-da-br-040-495-mg-rj-hoje-em-reuniao-extraordinaria\/","title":{"rendered":"ANTT deve aprovar edital de concess\u00e3o da BR-040\/495\/MG\/RJ hoje, em reuni\u00e3o extraordin\u00e1ria"},"content":{"rendered":"\n<p class=\"has-text-align-right\"><strong>da Ag\u00eancia iNFRA<\/strong><\/p>\n\n\n\n<p>A ANTT (Ag\u00eancia Nacional de Transportes Terrestres) realiza reuni\u00e3o extraordin\u00e1ria hoje (17), \u00e0s 10h, na qual deve aprovar o edital de concess\u00e3o da BR-040\/495\/MG\/RJ. O relator do processo \u00e9 o diretor Felipe Queiroz.<\/p>\n\n\n\n<p>A <a href=\"https:\/\/portal.antt.gov.br\/en\/reuniao\/-\/asset_publisher\/9NmL6MbUt7f1\/content\/id\/6612980\/88-reuniao-extraordinaria-de-diretoria\" target=\"_blank\" rel=\"noreferrer noopener\">pauta<\/a> foi publicada na quinta-feira (16), e cont\u00e9m ainda o processo de emiss\u00e3o do ato de outorga referente \u00e0 concess\u00e3o da BR-381\/MG, de relatoria do diretor Guilherme Sampaio. A estimativa \u00e9 que o contrato seja assinado em 22 de janeiro, em cerim\u00f4nia no Pal\u00e1cio do Planalto.<\/p>\n\n\n\n<p>Tamb\u00e9m est\u00e1 pautado o processo de homologa\u00e7\u00e3o do resultado do leil\u00e3o de concess\u00e3o da BR-060\/452\/GO. O relator \u00e9 o diretor Lucas Asfor.<\/p>\n\n\n\n<p><strong>Acordo de Coopera\u00e7\u00e3o T\u00e9cnica<\/strong><br>A diretoria da ANTT (Ag\u00eancia Nacional de Transportes Terrestres) aprovou nesta quinta-feira (16), em reuni\u00e3o colegiada, um ACT (Acordo de Coopera\u00e7\u00e3o T\u00e9cnica) entre o Minist\u00e9rio dos Transportes e suas vinculadas (ANTT, DNIT e Infra S.A.) juntamente com o CNJ (Conselho Nacional de Justi\u00e7a).<\/p>\n\n\n\n<p>De acordo com o diretor-geral da ag\u00eancia e relator do processo, Rafael Vitale, o acordo visa o desenvolvimento colaborativo de projetos que ampliem a oferta de trabalho para pessoas privadas de liberdade e egressas do sistema prisional, especialmente nos setores de infraestrutura de transporte rodovi\u00e1rio e ferrovi\u00e1rio.<\/p>\n\n\n\n<p><strong>Concess\u00f5es de rodovias<\/strong><br>O diretor-geral retirou de pauta o processo, tamb\u00e9m de sua relatoria, para referendar a delibera\u00e7\u00e3o que postergou, em 120 dias, o in\u00edcio da vig\u00eancia da quarta norma do RCR (Regulamento das Concess\u00f5es Rodovi\u00e1rias), o chamado RCR-4.<\/p>\n\n\n\n<p>Aprovada pela diretoria em novembro do ano passado, a norma apresenta um novo modelo para a fiscaliza\u00e7\u00e3o e recupera\u00e7\u00e3o de concess\u00f5es que n\u00e3o est\u00e3o cumprindo com os contratos.&nbsp;Com a norma, as concession\u00e1rias passariam a ser classificadas em quatro classes, de A a D.<\/p>\n\n\n\n<p>Conforme mostrado em&nbsp;<a href=\"https:\/\/agenciainfra.com\/blog\/nova-regra-para-fiscalizacao-de-concessoes-rodoviarias-e-aprovada-pela-antt-sob-reclamacao-das-empresas\/\" rel=\"noreferrer noopener\" target=\"_blank\">reportagem<\/a>, houve oposi\u00e7\u00e3o das companhias do setor \u00e0 nova norma desde a fase de audi\u00eancia p\u00fablica, com demonstra\u00e7\u00e3o de insatisfa\u00e7\u00e3o e receio quanto \u00e0 possibilidade de futuros lit\u00edgios.<\/p>\n\n\n\n<p><strong>Regimento interno<\/strong><br>O processo que trata da altera\u00e7\u00e3o do regimento interno da ANTT, tamb\u00e9m de relatoria de Vitale, ser\u00e1 deliberado na pr\u00f3xima reuni\u00e3o de diretoria da ag\u00eancia, a ser realizada em 30 de janeiro.<\/p>\n","protected":false},"excerpt":{"rendered":"<p>da Ag\u00eancia iNFRA A ANTT (Ag\u00eancia Nacional de Transportes Terrestres) realiza reuni\u00e3o extraordin\u00e1ria hoje (17), \u00e0s 10h, na qual deve aprovar o edital de concess\u00e3o da BR-040\/495\/MG\/RJ. O relator do processo \u00e9 o diretor Felipe Queiroz. A pauta foi publicada na quinta-feira (16), e cont\u00e9m ainda o processo de emiss\u00e3o do ato de outorga referente [&hellip;]<\/p>\n","protected":false},"author":1,"featured_media":12126,"comment_status":"closed","ping_status":"closed","sticky":false,"template":"","format":"standard","meta":{"_monsterinsights_skip_tracking":false,"_monsterinsights_sitenote_active":false,"_monsterinsights_sitenote_note":"","_monsterinsights_sitenote_category":0,"footnotes":""},"categories":[1,7],"tags":[8663,19,5165,5491,22,8752,951,11944,12261,5732,4168,12263,2634,12262,126],"class_list":["post-20016","post","type-post","status-publish","format-standard","has-post-thumbnail","hentry","category-geral","category-infratransporte","tag-act","tag-antt","tag-br-040-495-mg-rj","tag-br-381-mg","tag-concessao","tag-concessao-de-rodovia","tag-concessoes-de-rodovias","tag-diretoria-da-antt","tag-edital-de-concessao","tag-felipe-queiroz","tag-guilherme-sampaio","tag-rcr-4-2","tag-regimento-interno","tag-reuniao-extraordinaria","tag-rodovias"],"yoast_head":"<!-- This site is optimized with the Yoast SEO Premium plugin v25.4 (Yoast SEO v26.0) - https:\/\/yoast.com\/wordpress\/plugins\/seo\/ -->\n<title>ANTT deve aprovar edital de concess\u00e3o da BR-040\/495\/MG\/RJ hoje, em reuni\u00e3o extraordin\u00e1ria - Ag\u00eancia iNFRA<\/title>\n<meta name=\"robots\" content=\"index, follow, max-snippet:-1, max-image-preview:large, max-video-preview:-1\" \/>\n<link rel=\"canonical\" href=\"https:\/\/agenciainfra.com\/blog\/antt-deve-aprovar-edital-de-concessao-da-br-040-495-mg-rj-hoje-em-reuniao-extraordinaria\/\" \/>\n<meta property=\"og:locale\" content=\"pt_BR\" \/>\n<meta property=\"og:type\" content=\"article\" \/>\n<meta property=\"og:title\" content=\"ANTT deve aprovar edital de concess\u00e3o da BR-040\/495\/MG\/RJ hoje, em reuni\u00e3o extraordin\u00e1ria\" \/>\n<meta property=\"og:description\" content=\"da Ag\u00eancia iNFRA A ANTT (Ag\u00eancia Nacional de Transportes Terrestres) realiza reuni\u00e3o extraordin\u00e1ria hoje (17), \u00e0s 10h, na qual deve aprovar o edital de concess\u00e3o da BR-040\/495\/MG\/RJ. O relator do processo \u00e9 o diretor Felipe Queiroz. A pauta foi publicada na quinta-feira (16), e cont\u00e9m ainda o processo de emiss\u00e3o do ato de outorga referente [&hellip;]\" \/>\n<meta property=\"og:url\" content=\"https:\/\/agenciainfra.com\/blog\/antt-deve-aprovar-edital-de-concessao-da-br-040-495-mg-rj-hoje-em-reuniao-extraordinaria\/\" \/>\n<meta property=\"og:site_name\" content=\"Ag\u00eancia iNFRA\" \/>\n<meta property=\"article:publisher\" content=\"https:\/\/www.facebook.com\/ageninfra\" \/>\n<meta property=\"article:published_time\" content=\"2025-01-17T11:00:00+00:00\" \/>\n<meta property=\"article:modified_time\" content=\"2025-06-13T18:59:07+00:00\" \/>\n<meta property=\"og:image\" content=\"https:\/\/agenciainfra.com\/blog\/wp-content\/uploads\/2023\/01\/br-040-rj-foto-antt.png\" \/>\n\t<meta property=\"og:image:width\" content=\"1280\" \/>\n\t<meta property=\"og:image:height\" content=\"853\" \/>\n\t<meta property=\"og:image:type\" content=\"image\/png\" \/>\n<meta name=\"author\" content=\"Ag\u00eancia iNFRA\" \/>\n<meta name=\"twitter:card\" content=\"summary_large_image\" \/>\n<meta name=\"twitter:creator\" content=\"@agencia_infra\" \/>\n<meta name=\"twitter:site\" content=\"@agencia_infra\" \/>\n<meta name=\"twitter:label1\" content=\"Escrito por\" \/>\n\t<meta name=\"twitter:data1\" content=\"Ag\u00eancia iNFRA\" \/>\n\t<meta name=\"twitter:label2\" content=\"Est. tempo de leitura\" \/>\n\t<meta name=\"twitter:data2\" content=\"2 minutos\" \/>\n<script type=\"application\/ld+json\" class=\"yoast-schema-graph\">{\"@context\":\"https:\/\/schema.org\",\"@graph\":[{\"@type\":\"Article\",\"@id\":\"https:\/\/agenciainfra.com\/blog\/antt-deve-aprovar-edital-de-concessao-da-br-040-495-mg-rj-hoje-em-reuniao-extraordinaria\/#article\",\"isPartOf\":{\"@id\":\"https:\/\/agenciainfra.com\/blog\/antt-deve-aprovar-edital-de-concessao-da-br-040-495-mg-rj-hoje-em-reuniao-extraordinaria\/\"},\"author\":{\"name\":\"Ag\u00eancia iNFRA\",\"@id\":\"https:\/\/agenciainfra.com\/blog\/#\/schema\/person\/34af08dff6adea4cb22b06612ba7acfa\"},\"headline\":\"ANTT deve aprovar edital de concess\u00e3o da BR-040\/495\/MG\/RJ hoje, em reuni\u00e3o extraordin\u00e1ria\",\"datePublished\":\"2025-01-17T11:00:00+00:00\",\"dateModified\":\"2025-06-13T18:59:07+00:00\",\"mainEntityOfPage\":{\"@id\":\"https:\/\/agenciainfra.com\/blog\/antt-deve-aprovar-edital-de-concessao-da-br-040-495-mg-rj-hoje-em-reuniao-extraordinaria\/\"},\"wordCount\":408,\"publisher\":{\"@id\":\"https:\/\/agenciainfra.com\/blog\/#organization\"},\"image\":{\"@id\":\"https:\/\/agenciainfra.com\/blog\/antt-deve-aprovar-edital-de-concessao-da-br-040-495-mg-rj-hoje-em-reuniao-extraordinaria\/#primaryimage\"},\"thumbnailUrl\":\"https:\/\/agenciainfra.com\/blog\/wp-content\/uploads\/2023\/01\/br-040-rj-foto-antt.png\",\"keywords\":[\"ACT\",\"ANTT\",\"BR-040\/495\/MG\/RJ\",\"BR-381\/MG\",\"Concess\u00e3o\",\"concess\u00e3o de rodovia\",\"concess\u00f5es de rodovias\",\"diretoria da antt\",\"edital de concess\u00e3o\",\"Felipe Queiroz\",\"Guilherme Sampaio\",\"RCR-4\",\"regimento interno\",\"reuni\u00e3o extraordin\u00e1ria\",\"rodovias\"],\"articleSection\":[\"Geral\",\"iNFRATransporte\"],\"inLanguage\":\"pt-BR\",\"copyrightYear\":\"2025\",\"copyrightHolder\":{\"@id\":\"https:\/\/agenciainfra.com\/blog\/#organization\"}},{\"@type\":\"WebPage\",\"@id\":\"https:\/\/agenciainfra.com\/blog\/antt-deve-aprovar-edital-de-concessao-da-br-040-495-mg-rj-hoje-em-reuniao-extraordinaria\/\",\"url\":\"https:\/\/agenciainfra.com\/blog\/antt-deve-aprovar-edital-de-concessao-da-br-040-495-mg-rj-hoje-em-reuniao-extraordinaria\/\",\"name\":\"ANTT deve aprovar edital de concess\u00e3o da BR-040\/495\/MG\/RJ hoje, em reuni\u00e3o extraordin\u00e1ria - Ag\u00eancia iNFRA\",\"isPartOf\":{\"@id\":\"https:\/\/agenciainfra.com\/blog\/#website\"},\"primaryImageOfPage\":{\"@id\":\"https:\/\/agenciainfra.com\/blog\/antt-deve-aprovar-edital-de-concessao-da-br-040-495-mg-rj-hoje-em-reuniao-extraordinaria\/#primaryimage\"},\"image\":{\"@id\":\"https:\/\/agenciainfra.com\/blog\/antt-deve-aprovar-edital-de-concessao-da-br-040-495-mg-rj-hoje-em-reuniao-extraordinaria\/#primaryimage\"},\"thumbnailUrl\":\"https:\/\/agenciainfra.com\/blog\/wp-content\/uploads\/2023\/01\/br-040-rj-foto-antt.png\",\"datePublished\":\"2025-01-17T11:00:00+00:00\",\"dateModified\":\"2025-06-13T18:59:07+00:00\",\"breadcrumb\":{\"@id\":\"https:\/\/agenciainfra.com\/blog\/antt-deve-aprovar-edital-de-concessao-da-br-040-495-mg-rj-hoje-em-reuniao-extraordinaria\/#breadcrumb\"},\"inLanguage\":\"pt-BR\",\"potentialAction\":[{\"@type\":\"ReadAction\",\"target\":[\"https:\/\/agenciainfra.com\/blog\/antt-deve-aprovar-edital-de-concessao-da-br-040-495-mg-rj-hoje-em-reuniao-extraordinaria\/\"]}]},{\"@type\":\"ImageObject\",\"inLanguage\":\"pt-BR\",\"@id\":\"https:\/\/agenciainfra.com\/blog\/antt-deve-aprovar-edital-de-concessao-da-br-040-495-mg-rj-hoje-em-reuniao-extraordinaria\/#primaryimage\",\"url\":\"https:\/\/agenciainfra.com\/blog\/wp-content\/uploads\/2023\/01\/br-040-rj-foto-antt.png\",\"contentUrl\":\"https:\/\/agenciainfra.com\/blog\/wp-content\/uploads\/2023\/01\/br-040-rj-foto-antt.png\",\"width\":1280,\"height\":853},{\"@type\":\"BreadcrumbList\",\"@id\":\"https:\/\/agenciainfra.com\/blog\/antt-deve-aprovar-edital-de-concessao-da-br-040-495-mg-rj-hoje-em-reuniao-extraordinaria\/#breadcrumb\",\"itemListElement\":[{\"@type\":\"ListItem\",\"position\":1,\"name\":\"In\u00edcio\",\"item\":\"https:\/\/agenciainfra.com\/blog\/\"},{\"@type\":\"ListItem\",\"position\":2,\"name\":\"ANTT deve aprovar edital de concess\u00e3o da BR-040\/495\/MG\/RJ hoje, em reuni\u00e3o extraordin\u00e1ria\"}]},{\"@type\":\"WebSite\",\"@id\":\"https:\/\/agenciainfra.com\/blog\/#website\",\"url\":\"https:\/\/agenciainfra.com\/blog\/\",\"name\":\"Ag\u00eancia iNFRA\",\"description\":\"Multiplataforma de informa\u00e7\u00e3o jornal\u00edstica refer\u00eancia na \u00e1rea de infraestrutura no Brasil!\",\"publisher\":{\"@id\":\"https:\/\/agenciainfra.com\/blog\/#organization\"},\"potentialAction\":[{\"@type\":\"SearchAction\",\"target\":{\"@type\":\"EntryPoint\",\"urlTemplate\":\"https:\/\/agenciainfra.com\/blog\/?s={search_term_string}\"},\"query-input\":{\"@type\":\"PropertyValueSpecification\",\"valueRequired\":true,\"valueName\":\"search_term_string\"}}],\"inLanguage\":\"pt-BR\"},{\"@type\":\"Organization\",\"@id\":\"https:\/\/agenciainfra.com\/blog\/#organization\",\"name\":\"Ag\u00eancia iNFRA\",\"url\":\"https:\/\/agenciainfra.com\/blog\/\",\"logo\":{\"@type\":\"ImageObject\",\"inLanguage\":\"pt-BR\",\"@id\":\"https:\/\/agenciainfra.com\/blog\/#\/schema\/logo\/image\/\",\"url\":\"https:\/\/agenciainfra.com\/blog\/wp-content\/uploads\/2023\/09\/iNFRA_5-e1761735885940.png\",\"contentUrl\":\"https:\/\/agenciainfra.com\/blog\/wp-content\/uploads\/2023\/09\/iNFRA_5-e1761735885940.png\",\"width\":1672,\"height\":454,\"caption\":\"Ag\u00eancia iNFRA\"},\"image\":{\"@id\":\"https:\/\/agenciainfra.com\/blog\/#\/schema\/logo\/image\/\"},\"sameAs\":[\"https:\/\/www.facebook.com\/ageninfra\",\"https:\/\/x.com\/agencia_infra\",\"https:\/\/www.linkedin.com\/company\/ag\u00eanciainfra\/\",\"https:\/\/www.instagram.com\/agenciainfra\/\"]},{\"@type\":\"Person\",\"@id\":\"https:\/\/agenciainfra.com\/blog\/#\/schema\/person\/34af08dff6adea4cb22b06612ba7acfa\",\"name\":\"Ag\u00eancia iNFRA\",\"image\":{\"@type\":\"ImageObject\",\"inLanguage\":\"pt-BR\",\"@id\":\"https:\/\/agenciainfra.com\/blog\/#\/schema\/person\/image\/\",\"url\":\"https:\/\/secure.gravatar.com\/avatar\/d189e01678f06d8eb84d4e01f08eb848b3fffe3f8443818d3c356c66892f5be8?s=96&d=mm&r=g\",\"contentUrl\":\"https:\/\/secure.gravatar.com\/avatar\/d189e01678f06d8eb84d4e01f08eb848b3fffe3f8443818d3c356c66892f5be8?s=96&d=mm&r=g\",\"caption\":\"Ag\u00eancia iNFRA\"},\"url\":\"https:\/\/agenciainfra.com\/blog\/author\/admin\/\"}]}<\/script>\n<!-- \/ Yoast SEO Premium plugin. -->","yoast_head_json":{"title":"ANTT deve aprovar edital de concess\u00e3o da BR-040\/495\/MG\/RJ hoje, em reuni\u00e3o extraordin\u00e1ria - Ag\u00eancia iNFRA","robots":{"index":"index","follow":"follow","max-snippet":"max-snippet:-1","max-image-preview":"max-image-preview:large","max-video-preview":"max-video-preview:-1"},"canonical":"https:\/\/agenciainfra.com\/blog\/antt-deve-aprovar-edital-de-concessao-da-br-040-495-mg-rj-hoje-em-reuniao-extraordinaria\/","og_locale":"pt_BR","og_type":"article","og_title":"ANTT deve aprovar edital de concess\u00e3o da BR-040\/495\/MG\/RJ hoje, em reuni\u00e3o extraordin\u00e1ria","og_description":"da Ag\u00eancia iNFRA A ANTT (Ag\u00eancia Nacional de Transportes Terrestres) realiza reuni\u00e3o extraordin\u00e1ria hoje (17), \u00e0s 10h, na qual deve aprovar o edital de concess\u00e3o da BR-040\/495\/MG\/RJ. O relator do processo \u00e9 o diretor Felipe Queiroz. A pauta foi publicada na quinta-feira (16), e cont\u00e9m ainda o processo de emiss\u00e3o do ato de outorga referente [&hellip;]","og_url":"https:\/\/agenciainfra.com\/blog\/antt-deve-aprovar-edital-de-concessao-da-br-040-495-mg-rj-hoje-em-reuniao-extraordinaria\/","og_site_name":"Ag\u00eancia iNFRA","article_publisher":"https:\/\/www.facebook.com\/ageninfra","article_published_time":"2025-01-17T11:00:00+00:00","article_modified_time":"2025-06-13T18:59:07+00:00","og_image":[{"width":1280,"height":853,"url":"https:\/\/agenciainfra.com\/blog\/wp-content\/uploads\/2023\/01\/br-040-rj-foto-antt.png","type":"image\/png"}],"author":"Ag\u00eancia iNFRA","twitter_card":"summary_large_image","twitter_creator":"@agencia_infra","twitter_site":"@agencia_infra","twitter_misc":{"Escrito por":"Ag\u00eancia iNFRA","Est. tempo de leitura":"2 minutos"},"schema":{"@context":"https:\/\/schema.org","@graph":[{"@type":"Article","@id":"https:\/\/agenciainfra.com\/blog\/antt-deve-aprovar-edital-de-concessao-da-br-040-495-mg-rj-hoje-em-reuniao-extraordinaria\/#article","isPartOf":{"@id":"https:\/\/agenciainfra.com\/blog\/antt-deve-aprovar-edital-de-concessao-da-br-040-495-mg-rj-hoje-em-reuniao-extraordinaria\/"},"author":{"name":"Ag\u00eancia iNFRA","@id":"https:\/\/agenciainfra.com\/blog\/#\/schema\/person\/34af08dff6adea4cb22b06612ba7acfa"},"headline":"ANTT deve aprovar edital de concess\u00e3o da BR-040\/495\/MG\/RJ hoje, em reuni\u00e3o extraordin\u00e1ria","datePublished":"2025-01-17T11:00:00+00:00","dateModified":"2025-06-13T18:59:07+00:00","mainEntityOfPage":{"@id":"https:\/\/agenciainfra.com\/blog\/antt-deve-aprovar-edital-de-concessao-da-br-040-495-mg-rj-hoje-em-reuniao-extraordinaria\/"},"wordCount":408,"publisher":{"@id":"https:\/\/agenciainfra.com\/blog\/#organization"},"image":{"@id":"https:\/\/agenciainfra.com\/blog\/antt-deve-aprovar-edital-de-concessao-da-br-040-495-mg-rj-hoje-em-reuniao-extraordinaria\/#primaryimage"},"thumbnailUrl":"https:\/\/agenciainfra.com\/blog\/wp-content\/uploads\/2023\/01\/br-040-rj-foto-antt.png","keywords":["ACT","ANTT","BR-040\/495\/MG\/RJ","BR-381\/MG","Concess\u00e3o","concess\u00e3o de rodovia","concess\u00f5es de rodovias","diretoria da antt","edital de concess\u00e3o","Felipe Queiroz","Guilherme Sampaio","RCR-4","regimento interno","reuni\u00e3o extraordin\u00e1ria","rodovias"],"articleSection":["Geral","iNFRATransporte"],"inLanguage":"pt-BR","copyrightYear":"2025","copyrightHolder":{"@id":"https:\/\/agenciainfra.com\/blog\/#organization"}},{"@type":"WebPage","@id":"https:\/\/agenciainfra.com\/blog\/antt-deve-aprovar-edital-de-concessao-da-br-040-495-mg-rj-hoje-em-reuniao-extraordinaria\/","url":"https:\/\/agenciainfra.com\/blog\/antt-deve-aprovar-edital-de-concessao-da-br-040-495-mg-rj-hoje-em-reuniao-extraordinaria\/","name":"ANTT deve aprovar edital de concess\u00e3o da BR-040\/495\/MG\/RJ hoje, em reuni\u00e3o extraordin\u00e1ria - Ag\u00eancia iNFRA","isPartOf":{"@id":"https:\/\/agenciainfra.com\/blog\/#website"},"primaryImageOfPage":{"@id":"https:\/\/agenciainfra.com\/blog\/antt-deve-aprovar-edital-de-concessao-da-br-040-495-mg-rj-hoje-em-reuniao-extraordinaria\/#primaryimage"},"image":{"@id":"https:\/\/agenciainfra.com\/blog\/antt-deve-aprovar-edital-de-concessao-da-br-040-495-mg-rj-hoje-em-reuniao-extraordinaria\/#primaryimage"},"thumbnailUrl":"https:\/\/agenciainfra.com\/blog\/wp-content\/uploads\/2023\/01\/br-040-rj-foto-antt.png","datePublished":"2025-01-17T11:00:00+00:00","dateModified":"2025-06-13T18:59:07+00:00","breadcrumb":{"@id":"https:\/\/agenciainfra.com\/blog\/antt-deve-aprovar-edital-de-concessao-da-br-040-495-mg-rj-hoje-em-reuniao-extraordinaria\/#breadcrumb"},"inLanguage":"pt-BR","potentialAction":[{"@type":"ReadAction","target":["https:\/\/agenciainfra.com\/blog\/antt-deve-aprovar-edital-de-concessao-da-br-040-495-mg-rj-hoje-em-reuniao-extraordinaria\/"]}]},{"@type":"ImageObject","inLanguage":"pt-BR","@id":"https:\/\/agenciainfra.com\/blog\/antt-deve-aprovar-edital-de-concessao-da-br-040-495-mg-rj-hoje-em-reuniao-extraordinaria\/#primaryimage","url":"https:\/\/agenciainfra.com\/blog\/wp-content\/uploads\/2023\/01\/br-040-rj-foto-antt.png","contentUrl":"https:\/\/agenciainfra.com\/blog\/wp-content\/uploads\/2023\/01\/br-040-rj-foto-antt.png","width":1280,"height":853},{"@type":"BreadcrumbList","@id":"https:\/\/agenciainfra.com\/blog\/antt-deve-aprovar-edital-de-concessao-da-br-040-495-mg-rj-hoje-em-reuniao-extraordinaria\/#breadcrumb","itemListElement":[{"@type":"ListItem","position":1,"name":"In\u00edcio","item":"https:\/\/agenciainfra.com\/blog\/"},{"@type":"ListItem","position":2,"name":"ANTT deve aprovar edital de concess\u00e3o da BR-040\/495\/MG\/RJ hoje, em reuni\u00e3o extraordin\u00e1ria"}]},{"@type":"WebSite","@id":"https:\/\/agenciainfra.com\/blog\/#website","url":"https:\/\/agenciainfra.com\/blog\/","name":"Ag\u00eancia iNFRA","description":"Multiplataforma de informa\u00e7\u00e3o jornal\u00edstica refer\u00eancia na \u00e1rea de infraestrutura no Brasil!","publisher":{"@id":"https:\/\/agenciainfra.com\/blog\/#organization"},"potentialAction":[{"@type":"SearchAction","target":{"@type":"EntryPoint","urlTemplate":"https:\/\/agenciainfra.com\/blog\/?s={search_term_string}"},"query-input":{"@type":"PropertyValueSpecification","valueRequired":true,"valueName":"search_term_string"}}],"inLanguage":"pt-BR"},{"@type":"Organization","@id":"https:\/\/agenciainfra.com\/blog\/#organization","name":"Ag\u00eancia iNFRA","url":"https:\/\/agenciainfra.com\/blog\/","logo":{"@type":"ImageObject","inLanguage":"pt-BR","@id":"https:\/\/agenciainfra.com\/blog\/#\/schema\/logo\/image\/","url":"https:\/\/agenciainfra.com\/blog\/wp-content\/uploads\/2023\/09\/iNFRA_5-e1761735885940.png","contentUrl":"https:\/\/agenciainfra.com\/blog\/wp-content\/uploads\/2023\/09\/iNFRA_5-e1761735885940.png","width":1672,"height":454,"caption":"Ag\u00eancia iNFRA"},"image":{"@id":"https:\/\/agenciainfra.com\/blog\/#\/schema\/logo\/image\/"},"sameAs":["https:\/\/www.facebook.com\/ageninfra","https:\/\/x.com\/agencia_infra","https:\/\/www.linkedin.com\/company\/ag\u00eanciainfra\/","https:\/\/www.instagram.com\/agenciainfra\/"]},{"@type":"Person","@id":"https:\/\/agenciainfra.com\/blog\/#\/schema\/person\/34af08dff6adea4cb22b06612ba7acfa","name":"Ag\u00eancia iNFRA","image":{"@type":"ImageObject","inLanguage":"pt-BR","@id":"https:\/\/agenciainfra.com\/blog\/#\/schema\/person\/image\/","url":"https:\/\/secure.gravatar.com\/avatar\/d189e01678f06d8eb84d4e01f08eb848b3fffe3f8443818d3c356c66892f5be8?s=96&d=mm&r=g","contentUrl":"https:\/\/secure.gravatar.com\/avatar\/d189e01678f06d8eb84d4e01f08eb848b3fffe3f8443818d3c356c66892f5be8?s=96&d=mm&r=g","caption":"Ag\u00eancia iNFRA"},"url":"https:\/\/agenciainfra.com\/blog\/author\/admin\/"}]}},"_links":{"self":[{"href":"https:\/\/agenciainfra.com\/blog\/wp-json\/wp\/v2\/posts\/20016","targetHints":{"allow":["GET"]}}],"collection":[{"href":"https:\/\/agenciainfra.com\/blog\/wp-json\/wp\/v2\/posts"}],"about":[{"href":"https:\/\/agenciainfra.com\/blog\/wp-json\/wp\/v2\/types\/post"}],"author":[{"embeddable":true,"href":"https:\/\/agenciainfra.com\/blog\/wp-json\/wp\/v2\/users\/1"}],"replies":[{"embeddable":true,"href":"https:\/\/agenciainfra.com\/blog\/wp-json\/wp\/v2\/comments?post=20016"}],"version-history":[{"count":1,"href":"https:\/\/agenciainfra.com\/blog\/wp-json\/wp\/v2\/posts\/20016\/revisions"}],"predecessor-version":[{"id":20017,"href":"https:\/\/agenciainfra.com\/blog\/wp-json\/wp\/v2\/posts\/20016\/revisions\/20017"}],"wp:featuredmedia":[{"embeddable":true,"href":"https:\/\/agenciainfra.com\/blog\/wp-json\/wp\/v2\/media\/12126"}],"wp:attachment":[{"href":"https:\/\/agenciainfra.com\/blog\/wp-json\/wp\/v2\/media?parent=20016"}],"wp:term":[{"taxonomy":"category","embeddable":true,"href":"https:\/\/agenciainfra.com\/blog\/wp-json\/wp\/v2\/categories?post=20016"},{"taxonomy":"post_tag","embeddable":true,"href":"https:\/\/agenciainfra.com\/blog\/wp-json\/wp\/v2\/tags?post=20016"}],"curies":[{"name":"wp","href":"https:\/\/api.w.org\/{rel}","templated":true}]}}