{"id":20040,"date":"2025-01-20T09:00:00","date_gmt":"2025-01-20T12:00:00","guid":{"rendered":"https:\/\/agenciainfra.com\/blog\/?p=20040"},"modified":"2025-01-22T06:05:14","modified_gmt":"2025-01-22T09:05:14","slug":"solucao-para-o-curtailment-e-a-aneel-cumprir-a-lei-diz-presidente-da-abeeolica","status":"publish","type":"post","link":"https:\/\/agenciainfra.com\/blog\/solucao-para-o-curtailment-e-a-aneel-cumprir-a-lei-diz-presidente-da-abeeolica\/","title":{"rendered":"Solu\u00e7\u00e3o para o curtailment \u00e9 a ANEEL &#8216;cumprir a lei&#8217;, diz presidente da Abee\u00f3lica"},"content":{"rendered":"\n<p class=\"has-text-align-right\"><strong>Marisa Wanzeller e Geraldo Campos Jr., da Ag\u00eancia iNFRA<\/strong><\/p>\n\n\n\n<p>O segmento de energia e\u00f3lica passou por um \u201cinferno astral\u201d em 2024, na avalia\u00e7\u00e3o da presidente da Abee\u00f3lica (Associa\u00e7\u00e3o Brasileira de Energia E\u00f3lica e Novas Tecnologias), Elbia Gannoum, principalmente por conta do curtailment (cortes na produ\u00e7\u00e3o de energia impostos aos geradores que provocam preju\u00edzos). \u201cFoi o pior ano da e\u00f3lica para n\u00f3s\u201d, disse a executiva, em entrevista \u00e0&nbsp;<strong>Ag\u00eancia iNFRA<\/strong>.<\/p>\n\n\n\n<p>Para Elbia, a solu\u00e7\u00e3o para o problema seria a \u201ca ANEEL [Ag\u00eancia Nacional de Energia El\u00e9trica] cumprir a lei\u201d e garantir o ressarcimento dos cortes aos agentes. \u201c\u00c9 o que est\u00e1 na lei de 2004, que tanto o ambiente de contrata\u00e7\u00e3o livre quanto o ambiente de contrata\u00e7\u00e3o regulada sejam tratados do mesmo jeito, porque corte de gera\u00e7\u00e3o \u00e9 corte de gera\u00e7\u00e3o&#8221;, disse. &#8220;Essa inova\u00e7\u00e3o da ANEEL foi absurda, na nossa perspectiva&#8221;, completou a executiva.<\/p>\n\n\n\n<p>Se os geradores precificarem antecipadamente o risco do curtailment, a conta acabar\u00e1 recaindo sobre o consumidor ainda mais cara, explicou ela:&nbsp;\u201cSe eu vou fazer uma usina e\u00f3lica, mas n\u00e3o tenho garantia se eu vou gerar e ter receita, vou precificar ex-ante esse eventual corte de gera\u00e7\u00e3o que pode acontecer e pode n\u00e3o acontecer, mas eu j\u00e1 vou p\u00f4r ele no pre\u00e7o e algu\u00e9m vai pagar essa conta. Esse algu\u00e9m \u00e9 o consumidor&#8221;.<br><br>A presidente da Abee\u00f3lica tamb\u00e9m falou sobre a san\u00e7\u00e3o do Marco Legal das E\u00f3licas Offshore (Lei 15.097\/2025), e sobre as expectativas para o primeiro leil\u00e3o de cess\u00e3o de uso do mar, que pode vir a ocorrer no segundo semestre de 2025. Al\u00e9m disso, apresentou uma perspectiva de retomada de crescimento da ind\u00fastria e\u00f3lica no Brasil no m\u00e9dio prazo, ap\u00f3s enfrentar uma crise que surgiu na segunda metade de 2023 e eclodiu no \u00faltimo ano. Leia a seguir os principais trechos da entrevista:&nbsp;<\/p>\n\n\n\n<p><strong>Ag\u00eancia iNFRA \u2013 O presidente Lula sancionou esse m\u00eas o Marco Legal das E\u00f3licas Offshore. Como os investidores est\u00e3o reagindo a esse momento e quais s\u00e3o as perspectivas?&nbsp;<br>Elbia Gannoum \u2013&nbsp;<\/strong>At\u00e9 ano passado eu conversava muito com os investidores porque havia uma percep\u00e7\u00e3o de um certo atraso na aprova\u00e7\u00e3o da lei. Eu sempre dizia que aprovar uma nova lei \u00e9 mesmo muito demorado.<\/p>\n\n\n\n<p>Agora, foi muito importante ter sido aprovada ali, porque eu entendia como um limite final para o Brasil. Devido ao contexto internacional, o Brasil precisava se posicionar rapidamente. O mundo todo est\u00e1 fazendo, os recursos s\u00e3o escassos, o capital se direciona para outros mercados. Realmente j\u00e1 n\u00e3o teria mais como segurar os investidores aqui no Brasil.<\/p>\n\n\n\n<p><strong>A demora foi por conta dos \u201cjabutis\u201d(artigos estranhos \u00e0 lei)\u201d?<\/strong><br>A gente sabe que um dos fatores da demora foi essa negocia\u00e7\u00e3o associada aos jabutis, os artigos estranhos \u00e0 lei. Que n\u00e3o \u00e9 de nossa ger\u00eancia, que tamb\u00e9m envolve uma complexidade do Congresso muito grande. Mas mesmo com os jabutis, a gente comemorou muito a aprova\u00e7\u00e3o. \u00c9 claro, a gente gostaria que o PL sa\u00edsse limpo disso, ficasse longe da discuss\u00e3o de jabutis, mas n\u00e3o foi poss\u00edvel.<\/p>\n\n\n\n<p>Eu sa\u00ed muito feliz do ano de 2024, mas agora v\u00eam outras quest\u00f5es, como a regulamenta\u00e7\u00e3o e prepara\u00e7\u00e3o do leil\u00e3o. Mas eu estou come\u00e7ando o ano de 2025 muito, muito animada com tudo que a gente tem pela frente.<\/p>\n\n\n\n<p><strong>Quando voc\u00ea fala em regulamenta\u00e7\u00e3o, quais s\u00e3o os pr\u00f3ximos passos?<\/strong><br>O passo mais fundamental com rela\u00e7\u00e3o \u00e0s e\u00f3licas offshore \u00e9 preparar o chamado leil\u00e3o de cess\u00e3o de uso do mar. Ali\u00e1s, o projeto de lei s\u00f3 existiu e a lei s\u00f3 existe porque \u00e9 necess\u00e1ria uma aprova\u00e7\u00e3o legal dada \u00e0 Constitui\u00e7\u00e3o para ceder o mar, que \u00e9 um bem da Uni\u00e3o, para explora\u00e7\u00e3o de recursos energ\u00e9ticos. E a\u00ed n\u00e3o \u00e9 s\u00f3 e\u00f3lica, pode ser solar, pode ser outras fontes, porque essa autoriza\u00e7\u00e3o n\u00e3o existia.<\/p>\n\n\n\n<p>N\u00f3s precisamos fazer um ajuste no decreto que j\u00e1 existe, talvez um novo decreto, a\u00ed o MME [Minist\u00e9rio de Minas e Energia] que \u00e9 respons\u00e1vel. Um decreto regulamentando essa lei, e portarias regulamentando o decreto, preparando o leil\u00e3o de cess\u00e3o de uso do mar.<\/p>\n\n\n\n<p><strong>Quando seria esse primeiro leil\u00e3o?<\/strong><br>Eu trabalho, o setor vai trabalhar, e eu tenho visto isso por parte da EPE [Empresa de Pesquisa Energ\u00e9tica], do MME tamb\u00e9m, para fazer o primeiro leil\u00e3o de cess\u00e3o de uso do mar talvez no segundo semestre, de prefer\u00eancia ali pr\u00f3ximo a COP 30 (novembro), que vai ser no Brasil.<\/p>\n\n\n\n<p><strong>E quais as expectativas de primeiros investimentos no segmento offshore? Para quando seria isso?<\/strong><br>Um leil\u00e3o j\u00e1 \u00e9 um investimento, e depois tem os investimentos de estudos para a licen\u00e7a e depois o investimento na constru\u00e7\u00e3o efetiva do projeto. A constru\u00e7\u00e3o efetiva n\u00e3o se d\u00e1 antes de 2028, porque s\u00e3o de dois a tr\u00eas anos para se conseguir a licen\u00e7a.<\/p>\n\n\n\n<p>O que eu acho mais interessante nessas situa\u00e7\u00f5es \u00e9 voc\u00ea criar ali uma disposi\u00e7\u00e3o marginal a investir. Voc\u00ea j\u00e1 deslancha uma cadeia de investimentos que vem pela frente. E em um cen\u00e1rio muito diferente: em 2028 a gente vai ter outro Brasil, outro mundo.<\/p>\n\n\n\n<p>Hoje a situa\u00e7\u00e3o do mercado para a contrata\u00e7\u00e3o n\u00e3o est\u00e1 boa. Tem sobra de energia, PLD [Pre\u00e7o de Liquida\u00e7\u00e3o das Diferen\u00e7as] baixo. Mas em um cen\u00e1rio l\u00e1 na frente em que voc\u00ea est\u00e1 falando de descarboniza\u00e7\u00e3o da economia, data center, retomada do crescimento econ\u00f4mico, acelera\u00e7\u00e3o da transi\u00e7\u00e3o energ\u00e9tica, \u00e9 outro mundo.<\/p>\n\n\n\n<p><strong>Existem quantos projetos no Ibama esperando licen\u00e7a para projetos offshore? Houve desist\u00eancias ao longo da tramita\u00e7\u00e3o PL no Congresso?<\/strong><br>N\u00e3o, na realidade, os projetos est\u00e3o l\u00e1. Ali tem mais de 200 GW [gigawatts]. Imagina se o Brasil vai fazer 200 GW de offshore agora, n\u00e3o tem nem como. \u00c9 uma sinaliza\u00e7\u00e3o. E a aprova\u00e7\u00e3o da lei traz um novo \u00e2nimo ao mercado.<\/p>\n\n\n\n<p>Eu, efetivamente, n\u00e3o me preocupo muito com isso. Eu me preocupo mais com a organiza\u00e7\u00e3o desse leil\u00e3o de cess\u00e3o, se o minist\u00e9rio vai fazer uma cess\u00e3o independente, ou se vai fazer uma cess\u00e3o planejada. Acho que os primeiros leil\u00f5es ter\u00e3o que ser cess\u00e3o independente.<\/p>\n\n\n\n<p><strong>O presidente Lula vetou a maioria dos jabutis do Marco Legal das E\u00f3licas Offshore, mas agora o Congresso precisa apreciar esses vetos. Na vis\u00e3o da Abee\u00f3lica, \u00e9 importante a manuten\u00e7\u00e3o dos vetos?<\/strong><br>Na realidade, manter um veto \u00e9 sempre importante, falando do ponto de vista institucional, falando do ponto de vista de pa\u00eds. E a\u00ed eu n\u00e3o estou falando mais de energia, estou falando de institui\u00e7\u00f5es, a rela\u00e7\u00e3o entre poderes Executivo e Legislativo precisa ser a mais afinada poss\u00edvel. Qualquer tentativa de derrubar vetos, institucionalmente n\u00e3o \u00e9 bacana. Esse j\u00e1 \u00e9 um primeiro ponto.<\/p>\n\n\n\n<p>Do ponto de vista de setor, eu noto que a gente precisa pensar num setor descarbonizado.<br>Partir para a transi\u00e7\u00e3o energ\u00e9tica. E a gente sabe que esses jabutis, eles est\u00e3o indo na contram\u00e3o da transi\u00e7\u00e3o.<\/p>\n\n\n\n<p>N\u00f3s, da associa\u00e7\u00e3o, nos juntamos com outras associa\u00e7\u00f5es, [porque] al\u00e9m de impactos tarif\u00e1rios, [tem] a quest\u00e3o da descarboniza\u00e7\u00e3o da economia. E outra coisa, aquela obrigatoriedade de contrata\u00e7\u00e3o de t\u00e9rmica [prevista em um dos jabutis vetados], tira todo o mercado de renov\u00e1veis pela frente.<\/p>\n\n\n\n<p>Eu acho que o setor fez um papel muit\u00edssimo importante de conseguir esses vetos e \u00e9 m\u00e9rito nosso. N\u00f3s vamos continuar trabalhando para convencer o Legislativo de que \u00e9 importante que esses vetos sejam mantidos. Mas a nossa inger\u00eancia sobre o processo \u00e9 bem baixa.<\/p>\n\n\n\n<p><strong>H\u00e1 outro assunto muito falado, o curtailment (corte for\u00e7ado de gera\u00e7\u00e3o de energia). No fim de 2024 a ANEEL encerrou uma Consulta P\u00fablica e abriu outra, e h\u00e1 uma decis\u00e3o judicial endere\u00e7ando solu\u00e7\u00f5es sobre isso. Sobre a parte que est\u00e1 na ANEEL, o que voc\u00eas est\u00e3o esperando na condu\u00e7\u00e3o disso em 2025? E sobre essa liminar, como&nbsp;est\u00e1 isso hoje?<\/strong><br>Na realidade, \u00e9 at\u00e9 importante separar os temas, embora o tema geral seja curtailment. O que a ANEEL fez na consulta p\u00fablica \u00e9 diferente do que a gente conseguiu l\u00e1 no ju\u00edzo, que \u00e9 o seguinte: quando a ANEEL fez a regulamenta\u00e7\u00e3o do curtailment, l\u00e1 atr\u00e1s, o escopo do ressarcimento foi bem menor do que aquilo que n\u00f3s agentes entendemos que seja razo\u00e1vel ser pago.<\/p>\n\n\n\n<p>O que est\u00e1 na lei do setor, que \u00e9 de 2004, sobre constrained-off ou curtailment, \u00e9 que o agente n\u00e3o tem ger\u00eancia sobre a opera\u00e7\u00e3o do sistema e, portanto, quando ele for determinado a parar de gerar, ele tem que ser ressarcido. Ponto. Acabou. Esse \u00e9 o dado.<\/p>\n\n\n\n<p>E quando a ANEEL foi regulamentar, ela inovou a lei. Na nossa vis\u00e3o, a ANEEL n\u00e3o cumpriu a lei. Ela fez uma regulamenta\u00e7\u00e3o que trouxe alguns recortes, criou alguns conceitos ali, e que fere a lei e nossos interesses em termos de ressarcimento. Ent\u00e3o, diante dessa decis\u00e3o, dessa regula\u00e7\u00e3o geral que a ANEEL fez, n\u00f3s entramos com o processo administrativo e na sequ\u00eancia com o processo judicial.<\/p>\n\n\n\n<p>Na justi\u00e7a a gente conseguiu uma liminar, essa liminar caiu, a pr\u00f3pria ANEEL derrubou, e depois n\u00f3s restabelecemos a liminar. E a ANEEL entrou agora com recurso. \u00c9 uma briga na justi\u00e7a do escopo do curtailment. Do espectro mais amplo do curtailment.<\/p>\n\n\n\n<p>E o que est\u00e1 em consulta p\u00fablica j\u00e1 \u00e9 detalhamento do escopo pela ANEEL. Agora, existe uma discuss\u00e3o maior, que \u00e9 o amplo escopo do pagamento do curtailment. Ent\u00e3o, s\u00e3o quest\u00f5es distintas.<\/p>\n\n\n\n<p><strong>E para voc\u00eas, qual \u00e9 a solu\u00e7\u00e3o desse problema?<\/strong><br>A solu\u00e7\u00e3o desse problema \u00e9 a ANEEL cumprir a lei. \u00c9 o que est\u00e1 na lei de 2004, que tanto o ambiente de contrata\u00e7\u00e3o livre quanto o ambiente de contrata\u00e7\u00e3o regulada sejam tratados do mesmo jeito, porque corte de gera\u00e7\u00e3o \u00e9 corte de gera\u00e7\u00e3o, n\u00e3o interessa se em mercado livre. Essa inova\u00e7\u00e3o da ANEEL foi absurda, na nossa perspectiva.<\/p>\n\n\n\n<p>A ANEEL tem que tratar os dois ambientes da mesma forma. N\u00e3o existe um corte de gera\u00e7\u00e3o para uma coisa e um corte para outra. Corte de gera\u00e7\u00e3o \u00e9 corte de gera\u00e7\u00e3o.<\/p>\n\n\n\n<p>Esse \u00e9 o nosso ponto, essas classifica\u00e7\u00f5es que a ANEEL faz, que \u00e9 curtailment por seguran\u00e7a, curtailment por n\u00e3o sei das quantas, isso a\u00ed n\u00e3o faz sentido. Cortou, cortou.<br>Essa \u00e9 a nossa grande briga, a tal da classifica\u00e7\u00e3o do corte.<\/p>\n\n\n\n<p>Vamos supor que voc\u00ea faz um corte de gera\u00e7\u00e3o por seguran\u00e7a. Mas foi [devido a] um atraso de linha. E qual a ger\u00eancia que eu, gerador, tenho numa linha que a ANEEL licitou e que est\u00e1 atrasada? Porque que eu, gerador, vou ter que pagar por isso?<\/p>\n\n\n\n<p><strong>Um dos pontos levantados \u00e9 que se ressarcir tudo, o custo vai para o consumidor. Como voc\u00eas respondem isso?<\/strong><br>Ora, o Brasil quando optou por um Sistema Interligado Nacional, l\u00e1 atr\u00e1s, optou por um sistema de otimiza\u00e7\u00e3o para levar a energia el\u00e9trica ao consumidor ao menor custo e com a maior seguran\u00e7a poss\u00edvel. \u00c9 por isso que 99% do nosso sistema \u00e9 interligado.<\/p>\n\n\n\n<p>E quando a gente olha a experi\u00eancia de outros locais, Estados Unidos e a pr\u00f3pria Europa, a gente sabe que o Brasil acertou muito bem ao escolher esse modelo otimizado. \u00c9 por isso que a gente tem a matriz el\u00e9trica mais limpa do mundo e, do ponto de vista do suprimento, \u00e9 a energia mais barata do mundo.<\/p>\n\n\n\n<p>Ent\u00e3o, essa otimiza\u00e7\u00e3o, ela faz muito sentido para o Brasil. Agora, n\u00e3o d\u00e1 para voc\u00ea suprir energia para o consumidor com zero risco. Voc\u00ea tem que aceitar algum grau de risco. Se voc\u00ea quer um sistema mais robusto, vai garantir a energia a qualquer custo. E se voc\u00ea quer um sistema mais barato, vai ter que abrir m\u00e3o da seguran\u00e7a.<\/p>\n\n\n\n<p>O Brasil j\u00e1 tem li\u00e7\u00f5es muito importantes de que esse sistema interligado, otimizado, funciona bem, s\u00f3 que ele vai ter um custo. E esse custo, ele tem que ser dividido no sistema, com os consumidores.<\/p>\n\n\n\n<p>Ent\u00e3o, eu entendo, acho muito razo\u00e1vel que seja o consumidor que pague pela seguran\u00e7a. Se o operador do sistema mandou desligar, ele mandou desligar por seguran\u00e7a. E quem \u00e9 respons\u00e1vel por pagar a conta da seguran\u00e7a? \u00c9 o mesmo cara que tem a garantia de que a energia que est\u00e1 chegando na casa dele. E esse cara \u00e9 o consumidor.<\/p>\n\n\n\n<p>Imagina se voc\u00ea coloca esse risco de n\u00e3o gerar energia na m\u00e3o do gerador. \u00c9 um risco que o gerador vai calcular ex-ante. Se eu vou fazer uma usina e\u00f3lica, mas n\u00e3o tenho garantia se eu vou gerar e ter receita, vou precificar ex-ante esse eventual corte de gera\u00e7\u00e3o que pode acontecer e pode n\u00e3o acontecer, mas eu j\u00e1 vou p\u00f4r ele no pre\u00e7o e algu\u00e9m vai pagar essa conta. Esse algu\u00e9m \u00e9 sempre o consumidor que paga a conta.<\/p>\n\n\n\n<p>Agora, quando eu adoto um sistema em que voc\u00ea vai pagar o risco ex-post, depois que ele aconteceu, depois que o sinistro aconteceu, voc\u00ea vai pagar efetivamente um problema que aconteceu e n\u00e3o o problema esperado. Ent\u00e3o n\u00e3o tem muita racionalidade econ\u00f4mica voc\u00ea alocar esse risco no gerador.<\/p>\n\n\n\n<p>A gente discute muito a respeito do modelo do setor em alocar adequadamente os riscos e os custos. Neste caso de gera\u00e7\u00e3o de atendimento de sistema, quando voc\u00ea coloca o risco no consumidor, voc\u00ea est\u00e1 garantindo a seguran\u00e7a do sistema para ele, e vai cobrar se eventualmente acontecer o sinistro.<br>Quando voc\u00ea joga no colo do gerador, ele vai precificar antecipadamente. Nessa conta, vai ficar mais caro para o consumidor.<\/p>\n\n\n\n<p><strong>No \u00faltimo ano tamb\u00e9m se falou muito sobre a crise das e\u00f3licas. Em que p\u00e9 est\u00e1 essa situa\u00e7\u00e3o? H\u00e1 perspectiva de retomada de crescimento?<\/strong><br>A crise das e\u00f3licas \u00e9 um ponto muito relevante e n\u00f3s come\u00e7amos a perceber sinais de crise j\u00e1 ali na segunda metade de 2023, foi agravando e a\u00ed em 2024 eclodiu essa crise. Ela est\u00e1 muito associada \u00e0 sustenta\u00e7\u00e3o da cadeia de produ\u00e7\u00e3o da ind\u00fastria e\u00f3lica brasileira, uma vez que a e\u00f3lica \u00e9 80% nacional.<\/p>\n\n\n\n<p>N\u00f3s constru\u00edmos toda uma cadeia de suprimento que n\u00f3s precisamos sustent\u00e1-la ao longo do tempo. Caso contr\u00e1rio, a gente perde essa cadeia de produ\u00e7\u00e3o, e o Brasil \u00e9 um pa\u00eds que precisa se industrializar e est\u00e1 muito empenhado em seguir esse processo de industrializa\u00e7\u00e3o.<\/p>\n\n\n\n<p>O primeiro sinal foi associado a uma queda natural do mercado, j\u00e1 percebendo de 2022 para c\u00e1, pelo movimento da economia brasileira crescendo pouco h\u00e1 muitos anos, isso em algum momento impacta na contrata\u00e7\u00e3o de energia, tanto que a gente n\u00e3o teve mais leil\u00f5es robustos como t\u00ednhamos no passado.&nbsp;<\/p>\n\n\n\n<p>Outro fator muito importante \u00e9 aquele efeito p\u00eandulo. Em 2021 houve um&nbsp;grande problema de suprimento, j\u00e1 em 2022 veio \u00e1gua pra caramba, a\u00ed o PLD foi l\u00e1 embaixo. J\u00e1 que o mercado regulado n\u00e3o contrata tanto, a nossa depend\u00eancia do mercado livre \u00e9 muito grande. E o mercado livre, diante de PLD baixo, ele n\u00e3o contrata, ele arbitra no mercado.<\/p>\n\n\n\n<p>E um terceiro fator, que talvez seja o mais grave dele, foi a quest\u00e3o da GD [Gera\u00e7\u00e3o Distribu\u00edda] solar. Aquilo que poderia ter de mercado, a GD absorveu, tendo em vista os subs\u00eddios muito pesados para a GD solar.<\/p>\n\n\n\n<p>Ent\u00e3o esses fatores somados nos trouxeram a conclus\u00e3o em 2023 e 2024 que a cadeia de produ\u00e7\u00e3o estava em risco muito grave e levamos isso inclusive ao governo federal. O pr\u00f3prio presidente Lula se interessou para entender, porque afinal de contas \u00e9 uma ind\u00fastria que n\u00f3s constru\u00edmos e temos muito orgulho dela.<\/p>\n\n\n\n<p><strong>Qual seria a solu\u00e7\u00e3o para a retomada do segmento, na sua avalia\u00e7\u00e3o?<\/strong><br>Naquela ocasi\u00e3o, a gente n\u00e3o tinha muitas solu\u00e7\u00f5es de curto prazo. Uma crise com essa envergadura, com essa profundidade, voc\u00ea tem poucas solu\u00e7\u00f5es de curto prazo. Mas n\u00f3s colocamos algumas ali importantes, pensando em resultados mais de m\u00e9dio e longo prazo, mas algumas de curto prazo.<\/p>\n\n\n\n<p>Por exemplo, as quest\u00f5es de financiamento. Uma das propostas foi que a gente melhorasse as condi\u00e7\u00f5es do Fundo Clima. E n\u00f3s conseguimos essa mudan\u00e7a do Fundo Clima em dezembro. Uma&nbsp;<a href=\"https:\/\/www.bcb.gov.br\/estabilidadefinanceira\/exibenormativo?tipo=Resolu%C3%A7%C3%A3o%20CMN&amp;numero=5190\">resolu\u00e7\u00e3o do CMN (Conselho Monet\u00e1rio Nacional)<\/a>&nbsp;com uma taxa mais adequada. O governo mostrou uma disposi\u00e7\u00e3o muito grande. N\u00f3s falamos ali da import\u00e2ncia de fazer as leis, como Mercado de Carbono, e isso aconteceu tamb\u00e9m, mas que traz resultados mais de m\u00e9dio e longo prazo.<\/p>\n\n\n\n<p>E no meio do caminho veio o curtailment. Foi um inferno astral 2024 nessa perspectiva de mercado. De um lado, foi bom pela aprova\u00e7\u00e3o das leis, mas foi o pior ano da e\u00f3lica para n\u00f3s.<\/p>\n\n\n\n<p>E as medidas mais de m\u00e9dio prazo s\u00e3o a retomada do mercado brasileiro, a contrata\u00e7\u00e3o de hidrog\u00eanio, da\u00ed a import\u00e2ncia de aprovar o PL de hidrog\u00eanio verde, os data centers, intelig\u00eancia artificial, que s\u00e3o coisas que v\u00e3o vir mais a m\u00e9dio prazo.<\/p>\n\n\n\n<p>Estamos sobrevivendo \u00e0 crise, tentando ficar com o nariz de fora, porque a gente sabe que a economia brasileira vai voltar a crescer, ali\u00e1s desde 2023 ela est\u00e1 voltando a crescer. A gente sabe que o Brasil \u00e9 um grande mercado que tem um grande potencial e essas mudan\u00e7as estruturais podem trazer a\u00ed uma boa retomada.<\/p>\n\n\n\n<p>Agora, vai ser uma retomada sustentada no prazo, nessa l\u00f3gica de transi\u00e7\u00e3o energ\u00e9tica, nessa l\u00f3gica do Brasil ser um grande provedor de recursos renov\u00e1veis para a economia global diante das mudan\u00e7as clim\u00e1ticas e da necess\u00e1ria transi\u00e7\u00e3o energ\u00e9tica.<\/p>\n\n\n\n<p><strong>E quais s\u00e3o as expectativas para o setor e para o segmento neste ano?<\/strong><br>A nossa perspectiva para 2025, e eu estou come\u00e7ando o ano muito animada, \u00e9 que a gente tem muita lei para regulamentar, tem muito trabalho justamente para criar essa base regulat\u00f3ria para atrair investimentos.<\/p>\n\n\n\n<p>Come\u00e7amos o ano j\u00e1 com essa perspectiva melhor de fundo clima e de que vai ser um ano de prepara\u00e7\u00e3o para uma retomada do crescimento da energia renov\u00e1vel no Brasil. Mas n\u00e3o vai ser efetivamente um ano de crescimento ainda porque o crescimento n\u00e3o vem da noite para o dia, porque a gente est\u00e1 falando de infraestrutura, um acontecimento hoje \u00e9 resultado de uma decis\u00e3o de dois anos atr\u00e1s.<\/p>\n\n\n\n<p>Ent\u00e3o, uma retomada efetiva, assim, de voc\u00ea ver n\u00famero dos resultados, s\u00f3 entre 2027 e 2028. Mas \u00e9 a vida. A gente est\u00e1 falando de infraestrutura, de um pa\u00eds em desenvolvimento e o Brasil precisa fazer umas li\u00e7\u00f5es de casa importantes do ponto de vista macroecon\u00f4mico para retomar os investimentos tamb\u00e9m.<\/p>\n","protected":false},"excerpt":{"rendered":"<p>Marisa Wanzeller e Geraldo Campos Jr., da Ag\u00eancia iNFRA O segmento de energia e\u00f3lica passou por um \u201cinferno astral\u201d em 2024, na avalia\u00e7\u00e3o da presidente da Abee\u00f3lica (Associa\u00e7\u00e3o Brasileira de Energia E\u00f3lica e Novas Tecnologias), Elbia Gannoum, principalmente por conta do curtailment (cortes na produ\u00e7\u00e3o de energia impostos aos geradores que provocam preju\u00edzos). \u201cFoi o [&hellip;]<\/p>\n","protected":false},"author":1,"featured_media":15216,"comment_status":"closed","ping_status":"closed","sticky":false,"template":"","format":"standard","meta":{"_monsterinsights_skip_tracking":false,"_monsterinsights_sitenote_active":false,"_monsterinsights_sitenote_note":"","_monsterinsights_sitenote_category":0,"footnotes":""},"categories":[9714,1,10],"tags":[725,53,12281,11474,1113,1275,6015,11594,12282,7366,12283,12280],"class_list":["post-20040","post","type-post","status-publish","format-standard","has-post-thumbnail","hentry","category-destaque-menor","category-geral","category-infraenergia","tag-abeeolica","tag-aneel","tag-cortes-de-energia","tag-curtailment","tag-elbia-gannoum","tag-energia-eolica","tag-eolicas-offshore","tag-geraldo-campos-jr","tag-lei-15-097-2025","tag-marisa-wanzeller","tag-pld-baixo","tag-producao-de-energia"],"yoast_head":"<!-- This site is optimized with the Yoast SEO Premium plugin v25.4 (Yoast SEO v26.0) - https:\/\/yoast.com\/wordpress\/plugins\/seo\/ -->\n<title>Solu\u00e7\u00e3o para o curtailment \u00e9 a ANEEL &#039;cumprir a lei&#039;, diz presidente da Abee\u00f3lica - Ag\u00eancia iNFRA<\/title>\n<meta name=\"robots\" content=\"index, follow, max-snippet:-1, max-image-preview:large, max-video-preview:-1\" \/>\n<link rel=\"canonical\" href=\"https:\/\/agenciainfra.com\/blog\/solucao-para-o-curtailment-e-a-aneel-cumprir-a-lei-diz-presidente-da-abeeolica\/\" \/>\n<meta property=\"og:locale\" content=\"pt_BR\" \/>\n<meta property=\"og:type\" content=\"article\" \/>\n<meta property=\"og:title\" content=\"Solu\u00e7\u00e3o para o curtailment \u00e9 a ANEEL &#039;cumprir a lei&#039;, diz presidente da Abee\u00f3lica\" \/>\n<meta property=\"og:description\" content=\"Marisa Wanzeller e Geraldo Campos Jr., da Ag\u00eancia iNFRA O segmento de energia e\u00f3lica passou por um \u201cinferno astral\u201d em 2024, na avalia\u00e7\u00e3o da presidente da Abee\u00f3lica (Associa\u00e7\u00e3o Brasileira de Energia E\u00f3lica e Novas Tecnologias), Elbia Gannoum, principalmente por conta do curtailment (cortes na produ\u00e7\u00e3o de energia impostos aos geradores que provocam preju\u00edzos). \u201cFoi o [&hellip;]\" \/>\n<meta property=\"og:url\" content=\"https:\/\/agenciainfra.com\/blog\/solucao-para-o-curtailment-e-a-aneel-cumprir-a-lei-diz-presidente-da-abeeolica\/\" \/>\n<meta property=\"og:site_name\" content=\"Ag\u00eancia iNFRA\" \/>\n<meta property=\"article:publisher\" content=\"https:\/\/www.facebook.com\/ageninfra\" \/>\n<meta property=\"article:published_time\" content=\"2025-01-20T12:00:00+00:00\" \/>\n<meta property=\"article:modified_time\" content=\"2025-01-22T09:05:14+00:00\" \/>\n<meta property=\"og:image\" content=\"https:\/\/agenciainfra.com\/blog\/wp-content\/uploads\/2024\/01\/elbia-gannoum-foto-flavia-valsani.jpg\" \/>\n\t<meta property=\"og:image:width\" content=\"1202\" \/>\n\t<meta property=\"og:image:height\" content=\"801\" \/>\n\t<meta property=\"og:image:type\" content=\"image\/jpeg\" \/>\n<meta name=\"author\" content=\"Ag\u00eancia iNFRA\" \/>\n<meta name=\"twitter:card\" content=\"summary_large_image\" \/>\n<meta name=\"twitter:creator\" content=\"@agencia_infra\" \/>\n<meta name=\"twitter:site\" content=\"@agencia_infra\" \/>\n<meta name=\"twitter:label1\" content=\"Escrito por\" \/>\n\t<meta name=\"twitter:data1\" content=\"Ag\u00eancia iNFRA\" \/>\n\t<meta name=\"twitter:label2\" content=\"Est. tempo de leitura\" \/>\n\t<meta name=\"twitter:data2\" content=\"16 minutos\" \/>\n<script type=\"application\/ld+json\" class=\"yoast-schema-graph\">{\"@context\":\"https:\/\/schema.org\",\"@graph\":[{\"@type\":\"Article\",\"@id\":\"https:\/\/agenciainfra.com\/blog\/solucao-para-o-curtailment-e-a-aneel-cumprir-a-lei-diz-presidente-da-abeeolica\/#article\",\"isPartOf\":{\"@id\":\"https:\/\/agenciainfra.com\/blog\/solucao-para-o-curtailment-e-a-aneel-cumprir-a-lei-diz-presidente-da-abeeolica\/\"},\"author\":{\"name\":\"Ag\u00eancia iNFRA\",\"@id\":\"https:\/\/agenciainfra.com\/blog\/#\/schema\/person\/34af08dff6adea4cb22b06612ba7acfa\"},\"headline\":\"Solu\u00e7\u00e3o para o curtailment \u00e9 a ANEEL &#8216;cumprir a lei&#8217;, diz presidente da Abee\u00f3lica\",\"datePublished\":\"2025-01-20T12:00:00+00:00\",\"dateModified\":\"2025-01-22T09:05:14+00:00\",\"mainEntityOfPage\":{\"@id\":\"https:\/\/agenciainfra.com\/blog\/solucao-para-o-curtailment-e-a-aneel-cumprir-a-lei-diz-presidente-da-abeeolica\/\"},\"wordCount\":3248,\"publisher\":{\"@id\":\"https:\/\/agenciainfra.com\/blog\/#organization\"},\"image\":{\"@id\":\"https:\/\/agenciainfra.com\/blog\/solucao-para-o-curtailment-e-a-aneel-cumprir-a-lei-diz-presidente-da-abeeolica\/#primaryimage\"},\"thumbnailUrl\":\"https:\/\/agenciainfra.com\/blog\/wp-content\/uploads\/2024\/01\/elbia-gannoum-foto-flavia-valsani.jpg\",\"keywords\":[\"abeeolica\",\"ANEEL\",\"cortes de energia\",\"curtailment\",\"Elbia Gannoum\",\"energia e\u00f3lica\",\"e\u00f3licas offshore\",\"Geraldo Campos Jr.\",\"Lei 15.097\/2025\",\"Marisa Wanzeller\",\"pld baixo\",\"produ\u00e7\u00e3o de energia\"],\"articleSection\":[\"Destaque Menor\",\"Geral\",\"iNFRAEnergia\"],\"inLanguage\":\"pt-BR\",\"copyrightYear\":\"2025\",\"copyrightHolder\":{\"@id\":\"https:\/\/agenciainfra.com\/blog\/#organization\"}},{\"@type\":\"WebPage\",\"@id\":\"https:\/\/agenciainfra.com\/blog\/solucao-para-o-curtailment-e-a-aneel-cumprir-a-lei-diz-presidente-da-abeeolica\/\",\"url\":\"https:\/\/agenciainfra.com\/blog\/solucao-para-o-curtailment-e-a-aneel-cumprir-a-lei-diz-presidente-da-abeeolica\/\",\"name\":\"Solu\u00e7\u00e3o para o curtailment \u00e9 a ANEEL 'cumprir a lei', diz presidente da Abee\u00f3lica - Ag\u00eancia iNFRA\",\"isPartOf\":{\"@id\":\"https:\/\/agenciainfra.com\/blog\/#website\"},\"primaryImageOfPage\":{\"@id\":\"https:\/\/agenciainfra.com\/blog\/solucao-para-o-curtailment-e-a-aneel-cumprir-a-lei-diz-presidente-da-abeeolica\/#primaryimage\"},\"image\":{\"@id\":\"https:\/\/agenciainfra.com\/blog\/solucao-para-o-curtailment-e-a-aneel-cumprir-a-lei-diz-presidente-da-abeeolica\/#primaryimage\"},\"thumbnailUrl\":\"https:\/\/agenciainfra.com\/blog\/wp-content\/uploads\/2024\/01\/elbia-gannoum-foto-flavia-valsani.jpg\",\"datePublished\":\"2025-01-20T12:00:00+00:00\",\"dateModified\":\"2025-01-22T09:05:14+00:00\",\"breadcrumb\":{\"@id\":\"https:\/\/agenciainfra.com\/blog\/solucao-para-o-curtailment-e-a-aneel-cumprir-a-lei-diz-presidente-da-abeeolica\/#breadcrumb\"},\"inLanguage\":\"pt-BR\",\"potentialAction\":[{\"@type\":\"ReadAction\",\"target\":[\"https:\/\/agenciainfra.com\/blog\/solucao-para-o-curtailment-e-a-aneel-cumprir-a-lei-diz-presidente-da-abeeolica\/\"]}]},{\"@type\":\"ImageObject\",\"inLanguage\":\"pt-BR\",\"@id\":\"https:\/\/agenciainfra.com\/blog\/solucao-para-o-curtailment-e-a-aneel-cumprir-a-lei-diz-presidente-da-abeeolica\/#primaryimage\",\"url\":\"https:\/\/agenciainfra.com\/blog\/wp-content\/uploads\/2024\/01\/elbia-gannoum-foto-flavia-valsani.jpg\",\"contentUrl\":\"https:\/\/agenciainfra.com\/blog\/wp-content\/uploads\/2024\/01\/elbia-gannoum-foto-flavia-valsani.jpg\",\"width\":1202,\"height\":801},{\"@type\":\"BreadcrumbList\",\"@id\":\"https:\/\/agenciainfra.com\/blog\/solucao-para-o-curtailment-e-a-aneel-cumprir-a-lei-diz-presidente-da-abeeolica\/#breadcrumb\",\"itemListElement\":[{\"@type\":\"ListItem\",\"position\":1,\"name\":\"In\u00edcio\",\"item\":\"https:\/\/agenciainfra.com\/blog\/\"},{\"@type\":\"ListItem\",\"position\":2,\"name\":\"Solu\u00e7\u00e3o para o curtailment \u00e9 a ANEEL &#8216;cumprir a lei&#8217;, diz presidente da Abee\u00f3lica\"}]},{\"@type\":\"WebSite\",\"@id\":\"https:\/\/agenciainfra.com\/blog\/#website\",\"url\":\"https:\/\/agenciainfra.com\/blog\/\",\"name\":\"Ag\u00eancia iNFRA\",\"description\":\"Multiplataforma de informa\u00e7\u00e3o jornal\u00edstica refer\u00eancia na \u00e1rea de infraestrutura no Brasil!\",\"publisher\":{\"@id\":\"https:\/\/agenciainfra.com\/blog\/#organization\"},\"potentialAction\":[{\"@type\":\"SearchAction\",\"target\":{\"@type\":\"EntryPoint\",\"urlTemplate\":\"https:\/\/agenciainfra.com\/blog\/?s={search_term_string}\"},\"query-input\":{\"@type\":\"PropertyValueSpecification\",\"valueRequired\":true,\"valueName\":\"search_term_string\"}}],\"inLanguage\":\"pt-BR\"},{\"@type\":\"Organization\",\"@id\":\"https:\/\/agenciainfra.com\/blog\/#organization\",\"name\":\"Ag\u00eancia iNFRA\",\"url\":\"https:\/\/agenciainfra.com\/blog\/\",\"logo\":{\"@type\":\"ImageObject\",\"inLanguage\":\"pt-BR\",\"@id\":\"https:\/\/agenciainfra.com\/blog\/#\/schema\/logo\/image\/\",\"url\":\"https:\/\/agenciainfra.com\/blog\/wp-content\/uploads\/2023\/09\/iNFRA_5-e1761735885940.png\",\"contentUrl\":\"https:\/\/agenciainfra.com\/blog\/wp-content\/uploads\/2023\/09\/iNFRA_5-e1761735885940.png\",\"width\":1672,\"height\":454,\"caption\":\"Ag\u00eancia iNFRA\"},\"image\":{\"@id\":\"https:\/\/agenciainfra.com\/blog\/#\/schema\/logo\/image\/\"},\"sameAs\":[\"https:\/\/www.facebook.com\/ageninfra\",\"https:\/\/x.com\/agencia_infra\",\"https:\/\/www.linkedin.com\/company\/ag\u00eanciainfra\/\",\"https:\/\/www.instagram.com\/agenciainfra\/\"]},{\"@type\":\"Person\",\"@id\":\"https:\/\/agenciainfra.com\/blog\/#\/schema\/person\/34af08dff6adea4cb22b06612ba7acfa\",\"name\":\"Ag\u00eancia iNFRA\",\"image\":{\"@type\":\"ImageObject\",\"inLanguage\":\"pt-BR\",\"@id\":\"https:\/\/agenciainfra.com\/blog\/#\/schema\/person\/image\/\",\"url\":\"https:\/\/secure.gravatar.com\/avatar\/d189e01678f06d8eb84d4e01f08eb848b3fffe3f8443818d3c356c66892f5be8?s=96&d=mm&r=g\",\"contentUrl\":\"https:\/\/secure.gravatar.com\/avatar\/d189e01678f06d8eb84d4e01f08eb848b3fffe3f8443818d3c356c66892f5be8?s=96&d=mm&r=g\",\"caption\":\"Ag\u00eancia iNFRA\"},\"url\":\"https:\/\/agenciainfra.com\/blog\/author\/admin\/\"}]}<\/script>\n<!-- \/ Yoast SEO Premium plugin. -->","yoast_head_json":{"title":"Solu\u00e7\u00e3o para o curtailment \u00e9 a ANEEL 'cumprir a lei', diz presidente da Abee\u00f3lica - Ag\u00eancia iNFRA","robots":{"index":"index","follow":"follow","max-snippet":"max-snippet:-1","max-image-preview":"max-image-preview:large","max-video-preview":"max-video-preview:-1"},"canonical":"https:\/\/agenciainfra.com\/blog\/solucao-para-o-curtailment-e-a-aneel-cumprir-a-lei-diz-presidente-da-abeeolica\/","og_locale":"pt_BR","og_type":"article","og_title":"Solu\u00e7\u00e3o para o curtailment \u00e9 a ANEEL 'cumprir a lei', diz presidente da Abee\u00f3lica","og_description":"Marisa Wanzeller e Geraldo Campos Jr., da Ag\u00eancia iNFRA O segmento de energia e\u00f3lica passou por um \u201cinferno astral\u201d em 2024, na avalia\u00e7\u00e3o da presidente da Abee\u00f3lica (Associa\u00e7\u00e3o Brasileira de Energia E\u00f3lica e Novas Tecnologias), Elbia Gannoum, principalmente por conta do curtailment (cortes na produ\u00e7\u00e3o de energia impostos aos geradores que provocam preju\u00edzos). \u201cFoi o [&hellip;]","og_url":"https:\/\/agenciainfra.com\/blog\/solucao-para-o-curtailment-e-a-aneel-cumprir-a-lei-diz-presidente-da-abeeolica\/","og_site_name":"Ag\u00eancia iNFRA","article_publisher":"https:\/\/www.facebook.com\/ageninfra","article_published_time":"2025-01-20T12:00:00+00:00","article_modified_time":"2025-01-22T09:05:14+00:00","og_image":[{"width":1202,"height":801,"url":"https:\/\/agenciainfra.com\/blog\/wp-content\/uploads\/2024\/01\/elbia-gannoum-foto-flavia-valsani.jpg","type":"image\/jpeg"}],"author":"Ag\u00eancia iNFRA","twitter_card":"summary_large_image","twitter_creator":"@agencia_infra","twitter_site":"@agencia_infra","twitter_misc":{"Escrito por":"Ag\u00eancia iNFRA","Est. tempo de leitura":"16 minutos"},"schema":{"@context":"https:\/\/schema.org","@graph":[{"@type":"Article","@id":"https:\/\/agenciainfra.com\/blog\/solucao-para-o-curtailment-e-a-aneel-cumprir-a-lei-diz-presidente-da-abeeolica\/#article","isPartOf":{"@id":"https:\/\/agenciainfra.com\/blog\/solucao-para-o-curtailment-e-a-aneel-cumprir-a-lei-diz-presidente-da-abeeolica\/"},"author":{"name":"Ag\u00eancia iNFRA","@id":"https:\/\/agenciainfra.com\/blog\/#\/schema\/person\/34af08dff6adea4cb22b06612ba7acfa"},"headline":"Solu\u00e7\u00e3o para o curtailment \u00e9 a ANEEL &#8216;cumprir a lei&#8217;, diz presidente da Abee\u00f3lica","datePublished":"2025-01-20T12:00:00+00:00","dateModified":"2025-01-22T09:05:14+00:00","mainEntityOfPage":{"@id":"https:\/\/agenciainfra.com\/blog\/solucao-para-o-curtailment-e-a-aneel-cumprir-a-lei-diz-presidente-da-abeeolica\/"},"wordCount":3248,"publisher":{"@id":"https:\/\/agenciainfra.com\/blog\/#organization"},"image":{"@id":"https:\/\/agenciainfra.com\/blog\/solucao-para-o-curtailment-e-a-aneel-cumprir-a-lei-diz-presidente-da-abeeolica\/#primaryimage"},"thumbnailUrl":"https:\/\/agenciainfra.com\/blog\/wp-content\/uploads\/2024\/01\/elbia-gannoum-foto-flavia-valsani.jpg","keywords":["abeeolica","ANEEL","cortes de energia","curtailment","Elbia Gannoum","energia e\u00f3lica","e\u00f3licas offshore","Geraldo Campos Jr.","Lei 15.097\/2025","Marisa Wanzeller","pld baixo","produ\u00e7\u00e3o de energia"],"articleSection":["Destaque Menor","Geral","iNFRAEnergia"],"inLanguage":"pt-BR","copyrightYear":"2025","copyrightHolder":{"@id":"https:\/\/agenciainfra.com\/blog\/#organization"}},{"@type":"WebPage","@id":"https:\/\/agenciainfra.com\/blog\/solucao-para-o-curtailment-e-a-aneel-cumprir-a-lei-diz-presidente-da-abeeolica\/","url":"https:\/\/agenciainfra.com\/blog\/solucao-para-o-curtailment-e-a-aneel-cumprir-a-lei-diz-presidente-da-abeeolica\/","name":"Solu\u00e7\u00e3o para o curtailment \u00e9 a ANEEL 'cumprir a lei', diz presidente da Abee\u00f3lica - Ag\u00eancia iNFRA","isPartOf":{"@id":"https:\/\/agenciainfra.com\/blog\/#website"},"primaryImageOfPage":{"@id":"https:\/\/agenciainfra.com\/blog\/solucao-para-o-curtailment-e-a-aneel-cumprir-a-lei-diz-presidente-da-abeeolica\/#primaryimage"},"image":{"@id":"https:\/\/agenciainfra.com\/blog\/solucao-para-o-curtailment-e-a-aneel-cumprir-a-lei-diz-presidente-da-abeeolica\/#primaryimage"},"thumbnailUrl":"https:\/\/agenciainfra.com\/blog\/wp-content\/uploads\/2024\/01\/elbia-gannoum-foto-flavia-valsani.jpg","datePublished":"2025-01-20T12:00:00+00:00","dateModified":"2025-01-22T09:05:14+00:00","breadcrumb":{"@id":"https:\/\/agenciainfra.com\/blog\/solucao-para-o-curtailment-e-a-aneel-cumprir-a-lei-diz-presidente-da-abeeolica\/#breadcrumb"},"inLanguage":"pt-BR","potentialAction":[{"@type":"ReadAction","target":["https:\/\/agenciainfra.com\/blog\/solucao-para-o-curtailment-e-a-aneel-cumprir-a-lei-diz-presidente-da-abeeolica\/"]}]},{"@type":"ImageObject","inLanguage":"pt-BR","@id":"https:\/\/agenciainfra.com\/blog\/solucao-para-o-curtailment-e-a-aneel-cumprir-a-lei-diz-presidente-da-abeeolica\/#primaryimage","url":"https:\/\/agenciainfra.com\/blog\/wp-content\/uploads\/2024\/01\/elbia-gannoum-foto-flavia-valsani.jpg","contentUrl":"https:\/\/agenciainfra.com\/blog\/wp-content\/uploads\/2024\/01\/elbia-gannoum-foto-flavia-valsani.jpg","width":1202,"height":801},{"@type":"BreadcrumbList","@id":"https:\/\/agenciainfra.com\/blog\/solucao-para-o-curtailment-e-a-aneel-cumprir-a-lei-diz-presidente-da-abeeolica\/#breadcrumb","itemListElement":[{"@type":"ListItem","position":1,"name":"In\u00edcio","item":"https:\/\/agenciainfra.com\/blog\/"},{"@type":"ListItem","position":2,"name":"Solu\u00e7\u00e3o para o curtailment \u00e9 a ANEEL &#8216;cumprir a lei&#8217;, diz presidente da Abee\u00f3lica"}]},{"@type":"WebSite","@id":"https:\/\/agenciainfra.com\/blog\/#website","url":"https:\/\/agenciainfra.com\/blog\/","name":"Ag\u00eancia iNFRA","description":"Multiplataforma de informa\u00e7\u00e3o jornal\u00edstica refer\u00eancia na \u00e1rea de infraestrutura no Brasil!","publisher":{"@id":"https:\/\/agenciainfra.com\/blog\/#organization"},"potentialAction":[{"@type":"SearchAction","target":{"@type":"EntryPoint","urlTemplate":"https:\/\/agenciainfra.com\/blog\/?s={search_term_string}"},"query-input":{"@type":"PropertyValueSpecification","valueRequired":true,"valueName":"search_term_string"}}],"inLanguage":"pt-BR"},{"@type":"Organization","@id":"https:\/\/agenciainfra.com\/blog\/#organization","name":"Ag\u00eancia iNFRA","url":"https:\/\/agenciainfra.com\/blog\/","logo":{"@type":"ImageObject","inLanguage":"pt-BR","@id":"https:\/\/agenciainfra.com\/blog\/#\/schema\/logo\/image\/","url":"https:\/\/agenciainfra.com\/blog\/wp-content\/uploads\/2023\/09\/iNFRA_5-e1761735885940.png","contentUrl":"https:\/\/agenciainfra.com\/blog\/wp-content\/uploads\/2023\/09\/iNFRA_5-e1761735885940.png","width":1672,"height":454,"caption":"Ag\u00eancia iNFRA"},"image":{"@id":"https:\/\/agenciainfra.com\/blog\/#\/schema\/logo\/image\/"},"sameAs":["https:\/\/www.facebook.com\/ageninfra","https:\/\/x.com\/agencia_infra","https:\/\/www.linkedin.com\/company\/ag\u00eanciainfra\/","https:\/\/www.instagram.com\/agenciainfra\/"]},{"@type":"Person","@id":"https:\/\/agenciainfra.com\/blog\/#\/schema\/person\/34af08dff6adea4cb22b06612ba7acfa","name":"Ag\u00eancia iNFRA","image":{"@type":"ImageObject","inLanguage":"pt-BR","@id":"https:\/\/agenciainfra.com\/blog\/#\/schema\/person\/image\/","url":"https:\/\/secure.gravatar.com\/avatar\/d189e01678f06d8eb84d4e01f08eb848b3fffe3f8443818d3c356c66892f5be8?s=96&d=mm&r=g","contentUrl":"https:\/\/secure.gravatar.com\/avatar\/d189e01678f06d8eb84d4e01f08eb848b3fffe3f8443818d3c356c66892f5be8?s=96&d=mm&r=g","caption":"Ag\u00eancia iNFRA"},"url":"https:\/\/agenciainfra.com\/blog\/author\/admin\/"}]}},"_links":{"self":[{"href":"https:\/\/agenciainfra.com\/blog\/wp-json\/wp\/v2\/posts\/20040","targetHints":{"allow":["GET"]}}],"collection":[{"href":"https:\/\/agenciainfra.com\/blog\/wp-json\/wp\/v2\/posts"}],"about":[{"href":"https:\/\/agenciainfra.com\/blog\/wp-json\/wp\/v2\/types\/post"}],"author":[{"embeddable":true,"href":"https:\/\/agenciainfra.com\/blog\/wp-json\/wp\/v2\/users\/1"}],"replies":[{"embeddable":true,"href":"https:\/\/agenciainfra.com\/blog\/wp-json\/wp\/v2\/comments?post=20040"}],"version-history":[{"count":1,"href":"https:\/\/agenciainfra.com\/blog\/wp-json\/wp\/v2\/posts\/20040\/revisions"}],"predecessor-version":[{"id":20041,"href":"https:\/\/agenciainfra.com\/blog\/wp-json\/wp\/v2\/posts\/20040\/revisions\/20041"}],"wp:featuredmedia":[{"embeddable":true,"href":"https:\/\/agenciainfra.com\/blog\/wp-json\/wp\/v2\/media\/15216"}],"wp:attachment":[{"href":"https:\/\/agenciainfra.com\/blog\/wp-json\/wp\/v2\/media?parent=20040"}],"wp:term":[{"taxonomy":"category","embeddable":true,"href":"https:\/\/agenciainfra.com\/blog\/wp-json\/wp\/v2\/categories?post=20040"},{"taxonomy":"post_tag","embeddable":true,"href":"https:\/\/agenciainfra.com\/blog\/wp-json\/wp\/v2\/tags?post=20040"}],"curies":[{"name":"wp","href":"https:\/\/api.w.org\/{rel}","templated":true}]}}