{"id":20049,"date":"2025-01-21T09:00:00","date_gmt":"2025-01-21T12:00:00","guid":{"rendered":"https:\/\/agenciainfra.com\/blog\/?p=20049"},"modified":"2025-01-22T10:53:12","modified_gmt":"2025-01-22T13:53:12","slug":"conselho-da-petrobras-deve-discutir-precos-de-combustiveis-sob-pressao-do-governo","status":"publish","type":"post","link":"https:\/\/agenciainfra.com\/blog\/conselho-da-petrobras-deve-discutir-precos-de-combustiveis-sob-pressao-do-governo\/","title":{"rendered":"Conselho da Petrobras deve discutir pre\u00e7os de combust\u00edveis sob press\u00e3o do governo"},"content":{"rendered":"\n<p class=\"has-text-align-right\"><strong>Geraldo Campos Jr. e Marisa Wanzeller, da Ag\u00eancia iNFRA<\/strong><\/p>\n\n\n\n<p>O CA (Conselho de Administra\u00e7\u00e3o) da Petrobras marcou reuni\u00e3o para a pr\u00f3xima semana, na&nbsp;quarta-feira (29), ocasi\u00e3o&nbsp;em que ser\u00e1 discutida a&nbsp;atual pol\u00edtica de pre\u00e7os dos combust\u00edveis da estatal, segundo fontes. A convoca\u00e7\u00e3o se d\u00e1 em um momento em que a defasagem nos valores cobrados pela petroleira tem sido crescente. O governo Lula, por outro lado, sinaliza intensificar a press\u00e3o contra um reajuste diante do temor de impacto na infla\u00e7\u00e3o.<\/p>\n\n\n\n<p>A Petrobras tem segurado ao m\u00e1ximo repassar aumentos desde que a atual presidente da companhia, Magda Chambriard, assumiu em maio de 2024. No ano passado, s\u00f3 houve um reajuste, em julho, que resultou no aumento do pre\u00e7o da gasolina. J\u00e1 no caso do diesel, a \u00faltima altera\u00e7\u00e3o foi em dezembro de 2023, ainda sob o comando de Jean Paul Prates.<\/p>\n\n\n\n<p>Agora, analistas de mercado avaliam que a situa\u00e7\u00e3o \u00e9 insustent\u00e1vel. Segundo dados da Abicom (Associa\u00e7\u00e3o Brasileira dos Importadores de Combust\u00edveis), h\u00e1 uma defasagem m\u00e9dia de -25% no \u00f3leo diesel e de -13% dos pre\u00e7os praticados pela Petrobras comparados ao cen\u00e1rio internacional nesta&nbsp;segunda-feira (20).<\/p>\n\n\n\n<p>O cen\u00e1rio tem sido provocado pela valoriza\u00e7\u00e3o do d\u00f3lar ante ao real, com cota\u00e7\u00e3o acima de R$ 6 desde novembro de 2024. Al\u00e9m disso, o pre\u00e7o do petr\u00f3leo valorizou cerca de US$ 10 no \u00faltimo m\u00eas, sendo o barril negociado acima dos US$ 81 como reflexo das perspectivas de aumento na demanda global e o temor de novas san\u00e7\u00f5es contra a R\u00fassia.<\/p>\n\n\n\n<p><strong>Conselho governista<\/strong><br>Os reajustes nos pre\u00e7os dos combust\u00edveis n\u00e3o passam pelo crivo do Conselho de Administra\u00e7\u00e3o, mas o colegiado faz uma avalia\u00e7\u00e3o trimestral se a pol\u00edtica de pre\u00e7os est\u00e1 sendo cumprida. Caso a maioria entenda que n\u00e3o, pode determinar que a diretoria da Petrobras promova os aumentos necess\u00e1rios.<\/p>\n\n\n\n<p>\u00c9 essa avalia\u00e7\u00e3o que ser\u00e1 feita agora. No entanto, a expectativa \u00e9 que o governo use sua maioria no Conselho para evitar esse tipo de determina\u00e7\u00e3o ou, pelo menos, tentar fazer com que um eventual reajuste seja suavizado para evitar um impacto grande na infla\u00e7\u00e3o, tema de preocupa\u00e7\u00e3o no Planalto por causa da popularidade do presidente Lula.<\/p>\n\n\n\n<p>Dos 11 integrantes do CA, seis s\u00e3o indicados pelo governo. Dentre eles, o secret\u00e1rio de Petr\u00f3leo, G\u00e1s Natural e Biocombust\u00edveis do MME (Minist\u00e9rio de Minas e Energia), Pietro Mendes, que preside o colegiado. Outros quatro membros representam acionistas minorit\u00e1rios e um&nbsp;\u00e9 eleito&nbsp;pelos funcion\u00e1rios.<\/p>\n\n\n\n<p><strong>Infla\u00e7\u00e3o<\/strong><br>Em 2024, a infla\u00e7\u00e3o oficial encerrou o ano em 4,83%, superando o teto de 4,5% da meta. O grupo de transportes foi um dos principais causadores da alta, sendo seu principal componente a gasolina, que subiu 9,71% no mesmo ano. O item \u00e9 o que tem o maior peso individual no IPCA (\u00cdndice de Pre\u00e7os ao Consumidor Amplo).<\/p>\n\n\n\n<p>Neste in\u00edcio de 2025, mesmo sem nenhum reajuste da Petrobras, os pre\u00e7os dos combust\u00edveis j\u00e1 t\u00eam subido nos postos por causa de aumentos promovidos pelas distribuidoras. Muitas delas t\u00eam parte dos seus produtos fornecidos por meio&nbsp;de importa\u00e7\u00e3o, o que tem ficado mais caro com a alta do d\u00f3lar e do petr\u00f3leo.<\/p>\n\n\n\n<p>Em fevereiro, outro aumento vir\u00e1. No dia 1\u00ba, entra em vigor a nova al\u00edquota&nbsp;do ICMS (Imposto sobre Circula\u00e7\u00e3o de Mercadorias e Servi\u00e7os). No caso da gasolina e do etanol, a cobran\u00e7a aumentar\u00e1 7,14%, passando dos atuais R$ 1,37 para R$ 1,47 por litro. J\u00e1 para diesel e biodiesel, a al\u00edquota do imposto estadual subir\u00e1 de R$ 1,06 para R$ 1,12 por litro, um aumento de 5,31%.&nbsp;<\/p>\n\n\n\n<p><strong>Pol\u00edtica de pre\u00e7os<\/strong><br>A Petrobras alterou a pol\u00edtica de pre\u00e7os em maio de 2023, durante a gest\u00e3o do ex-presidente da companhia Jean Paul Prates. A atual pol\u00edtica levou ao descolamento dos pre\u00e7os praticados pela estatal dos pre\u00e7os internacionais, sendo o fim da conex\u00e3o direta com o PPI (Pre\u00e7o de Paridade de Importa\u00e7\u00e3o) e levando a menos reajustes.&nbsp;<\/p>\n\n\n\n<p>A partir da\u00ed, agentes do setor reclamam da falta de transpar\u00eancia nas decis\u00f5es relativas \u00e0s precifica\u00e7\u00f5es feitas pela companhia. Em novembro do \u00faltimo ano, o TCU (Tribunal de Contas da Uni\u00e3o) determinou que a empresa criasse uma norma com crit\u00e9rios objetivos da sua pol\u00edtica de pre\u00e7os de combust\u00edveis. O documento ser\u00e1 para uso interno e precisar\u00e1 detalhar de forma clara a aplica\u00e7\u00e3o das diretrizes da atual ECDG (Estrat\u00e9gia Comercial do Diesel e da Gasolina) da companhia.&nbsp;<\/p>\n\n\n\n<p>O relator do processo, ministro Jhonatan de Jesus, afirmou que a norma \u00e9 essencial para garantir \u201cclareza e a seguran\u00e7a na execu\u00e7\u00e3o\u201d da estrat\u00e9gia da Petrobras, \u201cgarantindo que todos os envolvidos tenham entendimento comum dos procedimentos e crit\u00e9rios a serem seguidos&#8221;.<\/p>\n","protected":false},"excerpt":{"rendered":"<p>Geraldo Campos Jr. e Marisa Wanzeller, da Ag\u00eancia iNFRA O CA (Conselho de Administra\u00e7\u00e3o) da Petrobras marcou reuni\u00e3o para a pr\u00f3xima semana, na&nbsp;quarta-feira (29), ocasi\u00e3o&nbsp;em que ser\u00e1 discutida a&nbsp;atual pol\u00edtica de pre\u00e7os dos combust\u00edveis da estatal, segundo fontes. A convoca\u00e7\u00e3o se d\u00e1 em um momento em que a defasagem nos valores cobrados pela petroleira tem [&hellip;]<\/p>\n","protected":false},"author":1,"featured_media":8054,"comment_status":"closed","ping_status":"closed","sticky":false,"template":"","format":"standard","meta":{"_monsterinsights_skip_tracking":false,"_monsterinsights_sitenote_active":false,"_monsterinsights_sitenote_note":"","_monsterinsights_sitenote_category":0,"footnotes":""},"categories":[7250,1,10],"tags":[3376,12206,314,12293,11594,1351,9446,7366,143,213,3369,36,12297,12295,5163],"class_list":["post-20049","post","type-post","status-publish","format-standard","has-post-thumbnail","hentry","category-destaque-lista","category-geral","category-infraenergia","tag-abicom","tag-alta-do-dolar","tag-combustiveis","tag-conselho-da-petrobras","tag-geraldo-campos-jr","tag-jean-paul-prates","tag-magda-chambriard","tag-marisa-wanzeller","tag-petrobras","tag-petroleo","tag-politica-de-precos","tag-ppi","tag-preco-de-paridade-de-importacao","tag-preco-do-petroleo","tag-preco-dos-combustiveis"],"yoast_head":"<!-- This site is optimized with the Yoast SEO Premium plugin v25.4 (Yoast SEO v26.0) - https:\/\/yoast.com\/wordpress\/plugins\/seo\/ -->\n<title>Conselho da Petrobras deve discutir pre\u00e7os de combust\u00edveis sob press\u00e3o do governo - Ag\u00eancia iNFRA<\/title>\n<meta name=\"robots\" content=\"index, follow, max-snippet:-1, max-image-preview:large, max-video-preview:-1\" \/>\n<link rel=\"canonical\" href=\"https:\/\/agenciainfra.com\/blog\/conselho-da-petrobras-deve-discutir-precos-de-combustiveis-sob-pressao-do-governo\/\" \/>\n<meta property=\"og:locale\" content=\"pt_BR\" \/>\n<meta property=\"og:type\" content=\"article\" \/>\n<meta property=\"og:title\" content=\"Conselho da Petrobras deve discutir pre\u00e7os de combust\u00edveis sob press\u00e3o do governo\" \/>\n<meta property=\"og:description\" content=\"Geraldo Campos Jr. e Marisa Wanzeller, da Ag\u00eancia iNFRA O CA (Conselho de Administra\u00e7\u00e3o) da Petrobras marcou reuni\u00e3o para a pr\u00f3xima semana, na&nbsp;quarta-feira (29), ocasi\u00e3o&nbsp;em que ser\u00e1 discutida a&nbsp;atual pol\u00edtica de pre\u00e7os dos combust\u00edveis da estatal, segundo fontes. A convoca\u00e7\u00e3o se d\u00e1 em um momento em que a defasagem nos valores cobrados pela petroleira tem [&hellip;]\" \/>\n<meta property=\"og:url\" content=\"https:\/\/agenciainfra.com\/blog\/conselho-da-petrobras-deve-discutir-precos-de-combustiveis-sob-pressao-do-governo\/\" \/>\n<meta property=\"og:site_name\" content=\"Ag\u00eancia iNFRA\" \/>\n<meta property=\"article:publisher\" content=\"https:\/\/www.facebook.com\/ageninfra\" \/>\n<meta property=\"article:published_time\" content=\"2025-01-21T12:00:00+00:00\" \/>\n<meta property=\"article:modified_time\" content=\"2025-01-22T13:53:12+00:00\" \/>\n<meta property=\"og:image\" content=\"https:\/\/agenciainfra.com\/blog\/wp-content\/uploads\/2021\/08\/combustivel-foto-agenciabrasil.png\" \/>\n\t<meta property=\"og:image:width\" content=\"1280\" \/>\n\t<meta property=\"og:image:height\" content=\"719\" \/>\n\t<meta property=\"og:image:type\" content=\"image\/png\" \/>\n<meta name=\"author\" content=\"Ag\u00eancia iNFRA\" \/>\n<meta name=\"twitter:card\" content=\"summary_large_image\" \/>\n<meta name=\"twitter:creator\" content=\"@agencia_infra\" \/>\n<meta name=\"twitter:site\" content=\"@agencia_infra\" \/>\n<meta name=\"twitter:label1\" content=\"Escrito por\" \/>\n\t<meta name=\"twitter:data1\" content=\"Ag\u00eancia iNFRA\" \/>\n\t<meta name=\"twitter:label2\" content=\"Est. tempo de leitura\" \/>\n\t<meta name=\"twitter:data2\" content=\"4 minutos\" \/>\n<script type=\"application\/ld+json\" class=\"yoast-schema-graph\">{\"@context\":\"https:\/\/schema.org\",\"@graph\":[{\"@type\":\"Article\",\"@id\":\"https:\/\/agenciainfra.com\/blog\/conselho-da-petrobras-deve-discutir-precos-de-combustiveis-sob-pressao-do-governo\/#article\",\"isPartOf\":{\"@id\":\"https:\/\/agenciainfra.com\/blog\/conselho-da-petrobras-deve-discutir-precos-de-combustiveis-sob-pressao-do-governo\/\"},\"author\":{\"name\":\"Ag\u00eancia iNFRA\",\"@id\":\"https:\/\/agenciainfra.com\/blog\/#\/schema\/person\/34af08dff6adea4cb22b06612ba7acfa\"},\"headline\":\"Conselho da Petrobras deve discutir pre\u00e7os de combust\u00edveis sob press\u00e3o do governo\",\"datePublished\":\"2025-01-21T12:00:00+00:00\",\"dateModified\":\"2025-01-22T13:53:12+00:00\",\"mainEntityOfPage\":{\"@id\":\"https:\/\/agenciainfra.com\/blog\/conselho-da-petrobras-deve-discutir-precos-de-combustiveis-sob-pressao-do-governo\/\"},\"wordCount\":839,\"publisher\":{\"@id\":\"https:\/\/agenciainfra.com\/blog\/#organization\"},\"image\":{\"@id\":\"https:\/\/agenciainfra.com\/blog\/conselho-da-petrobras-deve-discutir-precos-de-combustiveis-sob-pressao-do-governo\/#primaryimage\"},\"thumbnailUrl\":\"https:\/\/agenciainfra.com\/blog\/wp-content\/uploads\/2021\/08\/combustivel-foto-agenciabrasil.png\",\"keywords\":[\"Abicom\",\"alta do d\u00f3lar\",\"combust\u00edveis\",\"conselho da petrobras\",\"Geraldo Campos Jr.\",\"Jean Paul Prates\",\"Magda Chambriard\",\"Marisa Wanzeller\",\"Petrobras\",\"petr\u00f3leo\",\"pol\u00edtica de pre\u00e7os\",\"PPI\",\"pre\u00e7o de paridade de importa\u00e7\u00e3o\",\"pre\u00e7o do petr\u00f3leo\",\"pre\u00e7o dos combust\u00edveis\"],\"articleSection\":[\"Destaque lista\",\"Geral\",\"iNFRAEnergia\"],\"inLanguage\":\"pt-BR\",\"copyrightYear\":\"2025\",\"copyrightHolder\":{\"@id\":\"https:\/\/agenciainfra.com\/blog\/#organization\"}},{\"@type\":\"WebPage\",\"@id\":\"https:\/\/agenciainfra.com\/blog\/conselho-da-petrobras-deve-discutir-precos-de-combustiveis-sob-pressao-do-governo\/\",\"url\":\"https:\/\/agenciainfra.com\/blog\/conselho-da-petrobras-deve-discutir-precos-de-combustiveis-sob-pressao-do-governo\/\",\"name\":\"Conselho da Petrobras deve discutir pre\u00e7os de combust\u00edveis sob press\u00e3o do governo - Ag\u00eancia iNFRA\",\"isPartOf\":{\"@id\":\"https:\/\/agenciainfra.com\/blog\/#website\"},\"primaryImageOfPage\":{\"@id\":\"https:\/\/agenciainfra.com\/blog\/conselho-da-petrobras-deve-discutir-precos-de-combustiveis-sob-pressao-do-governo\/#primaryimage\"},\"image\":{\"@id\":\"https:\/\/agenciainfra.com\/blog\/conselho-da-petrobras-deve-discutir-precos-de-combustiveis-sob-pressao-do-governo\/#primaryimage\"},\"thumbnailUrl\":\"https:\/\/agenciainfra.com\/blog\/wp-content\/uploads\/2021\/08\/combustivel-foto-agenciabrasil.png\",\"datePublished\":\"2025-01-21T12:00:00+00:00\",\"dateModified\":\"2025-01-22T13:53:12+00:00\",\"breadcrumb\":{\"@id\":\"https:\/\/agenciainfra.com\/blog\/conselho-da-petrobras-deve-discutir-precos-de-combustiveis-sob-pressao-do-governo\/#breadcrumb\"},\"inLanguage\":\"pt-BR\",\"potentialAction\":[{\"@type\":\"ReadAction\",\"target\":[\"https:\/\/agenciainfra.com\/blog\/conselho-da-petrobras-deve-discutir-precos-de-combustiveis-sob-pressao-do-governo\/\"]}]},{\"@type\":\"ImageObject\",\"inLanguage\":\"pt-BR\",\"@id\":\"https:\/\/agenciainfra.com\/blog\/conselho-da-petrobras-deve-discutir-precos-de-combustiveis-sob-pressao-do-governo\/#primaryimage\",\"url\":\"https:\/\/agenciainfra.com\/blog\/wp-content\/uploads\/2021\/08\/combustivel-foto-agenciabrasil.png\",\"contentUrl\":\"https:\/\/agenciainfra.com\/blog\/wp-content\/uploads\/2021\/08\/combustivel-foto-agenciabrasil.png\",\"width\":1280,\"height\":719,\"caption\":\"Foto: Ag\u00eancia Brasil\"},{\"@type\":\"BreadcrumbList\",\"@id\":\"https:\/\/agenciainfra.com\/blog\/conselho-da-petrobras-deve-discutir-precos-de-combustiveis-sob-pressao-do-governo\/#breadcrumb\",\"itemListElement\":[{\"@type\":\"ListItem\",\"position\":1,\"name\":\"In\u00edcio\",\"item\":\"https:\/\/agenciainfra.com\/blog\/\"},{\"@type\":\"ListItem\",\"position\":2,\"name\":\"Conselho da Petrobras deve discutir pre\u00e7os de combust\u00edveis sob press\u00e3o do governo\"}]},{\"@type\":\"WebSite\",\"@id\":\"https:\/\/agenciainfra.com\/blog\/#website\",\"url\":\"https:\/\/agenciainfra.com\/blog\/\",\"name\":\"Ag\u00eancia iNFRA\",\"description\":\"Multiplataforma de informa\u00e7\u00e3o jornal\u00edstica refer\u00eancia na \u00e1rea de infraestrutura no Brasil!\",\"publisher\":{\"@id\":\"https:\/\/agenciainfra.com\/blog\/#organization\"},\"potentialAction\":[{\"@type\":\"SearchAction\",\"target\":{\"@type\":\"EntryPoint\",\"urlTemplate\":\"https:\/\/agenciainfra.com\/blog\/?s={search_term_string}\"},\"query-input\":{\"@type\":\"PropertyValueSpecification\",\"valueRequired\":true,\"valueName\":\"search_term_string\"}}],\"inLanguage\":\"pt-BR\"},{\"@type\":\"Organization\",\"@id\":\"https:\/\/agenciainfra.com\/blog\/#organization\",\"name\":\"Ag\u00eancia iNFRA\",\"url\":\"https:\/\/agenciainfra.com\/blog\/\",\"logo\":{\"@type\":\"ImageObject\",\"inLanguage\":\"pt-BR\",\"@id\":\"https:\/\/agenciainfra.com\/blog\/#\/schema\/logo\/image\/\",\"url\":\"https:\/\/agenciainfra.com\/blog\/wp-content\/uploads\/2023\/09\/iNFRA_5-e1761735885940.png\",\"contentUrl\":\"https:\/\/agenciainfra.com\/blog\/wp-content\/uploads\/2023\/09\/iNFRA_5-e1761735885940.png\",\"width\":1672,\"height\":454,\"caption\":\"Ag\u00eancia iNFRA\"},\"image\":{\"@id\":\"https:\/\/agenciainfra.com\/blog\/#\/schema\/logo\/image\/\"},\"sameAs\":[\"https:\/\/www.facebook.com\/ageninfra\",\"https:\/\/x.com\/agencia_infra\",\"https:\/\/www.linkedin.com\/company\/ag\u00eanciainfra\/\",\"https:\/\/www.instagram.com\/agenciainfra\/\"]},{\"@type\":\"Person\",\"@id\":\"https:\/\/agenciainfra.com\/blog\/#\/schema\/person\/34af08dff6adea4cb22b06612ba7acfa\",\"name\":\"Ag\u00eancia iNFRA\",\"image\":{\"@type\":\"ImageObject\",\"inLanguage\":\"pt-BR\",\"@id\":\"https:\/\/agenciainfra.com\/blog\/#\/schema\/person\/image\/\",\"url\":\"https:\/\/secure.gravatar.com\/avatar\/d189e01678f06d8eb84d4e01f08eb848b3fffe3f8443818d3c356c66892f5be8?s=96&d=mm&r=g\",\"contentUrl\":\"https:\/\/secure.gravatar.com\/avatar\/d189e01678f06d8eb84d4e01f08eb848b3fffe3f8443818d3c356c66892f5be8?s=96&d=mm&r=g\",\"caption\":\"Ag\u00eancia iNFRA\"},\"url\":\"https:\/\/agenciainfra.com\/blog\/author\/admin\/\"}]}<\/script>\n<!-- \/ Yoast SEO Premium plugin. -->","yoast_head_json":{"title":"Conselho da Petrobras deve discutir pre\u00e7os de combust\u00edveis sob press\u00e3o do governo - Ag\u00eancia iNFRA","robots":{"index":"index","follow":"follow","max-snippet":"max-snippet:-1","max-image-preview":"max-image-preview:large","max-video-preview":"max-video-preview:-1"},"canonical":"https:\/\/agenciainfra.com\/blog\/conselho-da-petrobras-deve-discutir-precos-de-combustiveis-sob-pressao-do-governo\/","og_locale":"pt_BR","og_type":"article","og_title":"Conselho da Petrobras deve discutir pre\u00e7os de combust\u00edveis sob press\u00e3o do governo","og_description":"Geraldo Campos Jr. e Marisa Wanzeller, da Ag\u00eancia iNFRA O CA (Conselho de Administra\u00e7\u00e3o) da Petrobras marcou reuni\u00e3o para a pr\u00f3xima semana, na&nbsp;quarta-feira (29), ocasi\u00e3o&nbsp;em que ser\u00e1 discutida a&nbsp;atual pol\u00edtica de pre\u00e7os dos combust\u00edveis da estatal, segundo fontes. A convoca\u00e7\u00e3o se d\u00e1 em um momento em que a defasagem nos valores cobrados pela petroleira tem [&hellip;]","og_url":"https:\/\/agenciainfra.com\/blog\/conselho-da-petrobras-deve-discutir-precos-de-combustiveis-sob-pressao-do-governo\/","og_site_name":"Ag\u00eancia iNFRA","article_publisher":"https:\/\/www.facebook.com\/ageninfra","article_published_time":"2025-01-21T12:00:00+00:00","article_modified_time":"2025-01-22T13:53:12+00:00","og_image":[{"width":1280,"height":719,"url":"https:\/\/agenciainfra.com\/blog\/wp-content\/uploads\/2021\/08\/combustivel-foto-agenciabrasil.png","type":"image\/png"}],"author":"Ag\u00eancia iNFRA","twitter_card":"summary_large_image","twitter_creator":"@agencia_infra","twitter_site":"@agencia_infra","twitter_misc":{"Escrito por":"Ag\u00eancia iNFRA","Est. tempo de leitura":"4 minutos"},"schema":{"@context":"https:\/\/schema.org","@graph":[{"@type":"Article","@id":"https:\/\/agenciainfra.com\/blog\/conselho-da-petrobras-deve-discutir-precos-de-combustiveis-sob-pressao-do-governo\/#article","isPartOf":{"@id":"https:\/\/agenciainfra.com\/blog\/conselho-da-petrobras-deve-discutir-precos-de-combustiveis-sob-pressao-do-governo\/"},"author":{"name":"Ag\u00eancia iNFRA","@id":"https:\/\/agenciainfra.com\/blog\/#\/schema\/person\/34af08dff6adea4cb22b06612ba7acfa"},"headline":"Conselho da Petrobras deve discutir pre\u00e7os de combust\u00edveis sob press\u00e3o do governo","datePublished":"2025-01-21T12:00:00+00:00","dateModified":"2025-01-22T13:53:12+00:00","mainEntityOfPage":{"@id":"https:\/\/agenciainfra.com\/blog\/conselho-da-petrobras-deve-discutir-precos-de-combustiveis-sob-pressao-do-governo\/"},"wordCount":839,"publisher":{"@id":"https:\/\/agenciainfra.com\/blog\/#organization"},"image":{"@id":"https:\/\/agenciainfra.com\/blog\/conselho-da-petrobras-deve-discutir-precos-de-combustiveis-sob-pressao-do-governo\/#primaryimage"},"thumbnailUrl":"https:\/\/agenciainfra.com\/blog\/wp-content\/uploads\/2021\/08\/combustivel-foto-agenciabrasil.png","keywords":["Abicom","alta do d\u00f3lar","combust\u00edveis","conselho da petrobras","Geraldo Campos Jr.","Jean Paul Prates","Magda Chambriard","Marisa Wanzeller","Petrobras","petr\u00f3leo","pol\u00edtica de pre\u00e7os","PPI","pre\u00e7o de paridade de importa\u00e7\u00e3o","pre\u00e7o do petr\u00f3leo","pre\u00e7o dos combust\u00edveis"],"articleSection":["Destaque lista","Geral","iNFRAEnergia"],"inLanguage":"pt-BR","copyrightYear":"2025","copyrightHolder":{"@id":"https:\/\/agenciainfra.com\/blog\/#organization"}},{"@type":"WebPage","@id":"https:\/\/agenciainfra.com\/blog\/conselho-da-petrobras-deve-discutir-precos-de-combustiveis-sob-pressao-do-governo\/","url":"https:\/\/agenciainfra.com\/blog\/conselho-da-petrobras-deve-discutir-precos-de-combustiveis-sob-pressao-do-governo\/","name":"Conselho da Petrobras deve discutir pre\u00e7os de combust\u00edveis sob press\u00e3o do governo - Ag\u00eancia iNFRA","isPartOf":{"@id":"https:\/\/agenciainfra.com\/blog\/#website"},"primaryImageOfPage":{"@id":"https:\/\/agenciainfra.com\/blog\/conselho-da-petrobras-deve-discutir-precos-de-combustiveis-sob-pressao-do-governo\/#primaryimage"},"image":{"@id":"https:\/\/agenciainfra.com\/blog\/conselho-da-petrobras-deve-discutir-precos-de-combustiveis-sob-pressao-do-governo\/#primaryimage"},"thumbnailUrl":"https:\/\/agenciainfra.com\/blog\/wp-content\/uploads\/2021\/08\/combustivel-foto-agenciabrasil.png","datePublished":"2025-01-21T12:00:00+00:00","dateModified":"2025-01-22T13:53:12+00:00","breadcrumb":{"@id":"https:\/\/agenciainfra.com\/blog\/conselho-da-petrobras-deve-discutir-precos-de-combustiveis-sob-pressao-do-governo\/#breadcrumb"},"inLanguage":"pt-BR","potentialAction":[{"@type":"ReadAction","target":["https:\/\/agenciainfra.com\/blog\/conselho-da-petrobras-deve-discutir-precos-de-combustiveis-sob-pressao-do-governo\/"]}]},{"@type":"ImageObject","inLanguage":"pt-BR","@id":"https:\/\/agenciainfra.com\/blog\/conselho-da-petrobras-deve-discutir-precos-de-combustiveis-sob-pressao-do-governo\/#primaryimage","url":"https:\/\/agenciainfra.com\/blog\/wp-content\/uploads\/2021\/08\/combustivel-foto-agenciabrasil.png","contentUrl":"https:\/\/agenciainfra.com\/blog\/wp-content\/uploads\/2021\/08\/combustivel-foto-agenciabrasil.png","width":1280,"height":719,"caption":"Foto: Ag\u00eancia Brasil"},{"@type":"BreadcrumbList","@id":"https:\/\/agenciainfra.com\/blog\/conselho-da-petrobras-deve-discutir-precos-de-combustiveis-sob-pressao-do-governo\/#breadcrumb","itemListElement":[{"@type":"ListItem","position":1,"name":"In\u00edcio","item":"https:\/\/agenciainfra.com\/blog\/"},{"@type":"ListItem","position":2,"name":"Conselho da Petrobras deve discutir pre\u00e7os de combust\u00edveis sob press\u00e3o do governo"}]},{"@type":"WebSite","@id":"https:\/\/agenciainfra.com\/blog\/#website","url":"https:\/\/agenciainfra.com\/blog\/","name":"Ag\u00eancia iNFRA","description":"Multiplataforma de informa\u00e7\u00e3o jornal\u00edstica refer\u00eancia na \u00e1rea de infraestrutura no Brasil!","publisher":{"@id":"https:\/\/agenciainfra.com\/blog\/#organization"},"potentialAction":[{"@type":"SearchAction","target":{"@type":"EntryPoint","urlTemplate":"https:\/\/agenciainfra.com\/blog\/?s={search_term_string}"},"query-input":{"@type":"PropertyValueSpecification","valueRequired":true,"valueName":"search_term_string"}}],"inLanguage":"pt-BR"},{"@type":"Organization","@id":"https:\/\/agenciainfra.com\/blog\/#organization","name":"Ag\u00eancia iNFRA","url":"https:\/\/agenciainfra.com\/blog\/","logo":{"@type":"ImageObject","inLanguage":"pt-BR","@id":"https:\/\/agenciainfra.com\/blog\/#\/schema\/logo\/image\/","url":"https:\/\/agenciainfra.com\/blog\/wp-content\/uploads\/2023\/09\/iNFRA_5-e1761735885940.png","contentUrl":"https:\/\/agenciainfra.com\/blog\/wp-content\/uploads\/2023\/09\/iNFRA_5-e1761735885940.png","width":1672,"height":454,"caption":"Ag\u00eancia iNFRA"},"image":{"@id":"https:\/\/agenciainfra.com\/blog\/#\/schema\/logo\/image\/"},"sameAs":["https:\/\/www.facebook.com\/ageninfra","https:\/\/x.com\/agencia_infra","https:\/\/www.linkedin.com\/company\/ag\u00eanciainfra\/","https:\/\/www.instagram.com\/agenciainfra\/"]},{"@type":"Person","@id":"https:\/\/agenciainfra.com\/blog\/#\/schema\/person\/34af08dff6adea4cb22b06612ba7acfa","name":"Ag\u00eancia iNFRA","image":{"@type":"ImageObject","inLanguage":"pt-BR","@id":"https:\/\/agenciainfra.com\/blog\/#\/schema\/person\/image\/","url":"https:\/\/secure.gravatar.com\/avatar\/d189e01678f06d8eb84d4e01f08eb848b3fffe3f8443818d3c356c66892f5be8?s=96&d=mm&r=g","contentUrl":"https:\/\/secure.gravatar.com\/avatar\/d189e01678f06d8eb84d4e01f08eb848b3fffe3f8443818d3c356c66892f5be8?s=96&d=mm&r=g","caption":"Ag\u00eancia iNFRA"},"url":"https:\/\/agenciainfra.com\/blog\/author\/admin\/"}]}},"_links":{"self":[{"href":"https:\/\/agenciainfra.com\/blog\/wp-json\/wp\/v2\/posts\/20049","targetHints":{"allow":["GET"]}}],"collection":[{"href":"https:\/\/agenciainfra.com\/blog\/wp-json\/wp\/v2\/posts"}],"about":[{"href":"https:\/\/agenciainfra.com\/blog\/wp-json\/wp\/v2\/types\/post"}],"author":[{"embeddable":true,"href":"https:\/\/agenciainfra.com\/blog\/wp-json\/wp\/v2\/users\/1"}],"replies":[{"embeddable":true,"href":"https:\/\/agenciainfra.com\/blog\/wp-json\/wp\/v2\/comments?post=20049"}],"version-history":[{"count":1,"href":"https:\/\/agenciainfra.com\/blog\/wp-json\/wp\/v2\/posts\/20049\/revisions"}],"predecessor-version":[{"id":20050,"href":"https:\/\/agenciainfra.com\/blog\/wp-json\/wp\/v2\/posts\/20049\/revisions\/20050"}],"wp:featuredmedia":[{"embeddable":true,"href":"https:\/\/agenciainfra.com\/blog\/wp-json\/wp\/v2\/media\/8054"}],"wp:attachment":[{"href":"https:\/\/agenciainfra.com\/blog\/wp-json\/wp\/v2\/media?parent=20049"}],"wp:term":[{"taxonomy":"category","embeddable":true,"href":"https:\/\/agenciainfra.com\/blog\/wp-json\/wp\/v2\/categories?post=20049"},{"taxonomy":"post_tag","embeddable":true,"href":"https:\/\/agenciainfra.com\/blog\/wp-json\/wp\/v2\/tags?post=20049"}],"curies":[{"name":"wp","href":"https:\/\/api.w.org\/{rel}","templated":true}]}}