{"id":20053,"date":"2025-01-22T08:00:00","date_gmt":"2025-01-22T11:00:00","guid":{"rendered":"https:\/\/agenciainfra.com\/blog\/?p=20053"},"modified":"2025-01-22T06:17:49","modified_gmt":"2025-01-22T09:17:49","slug":"parecer-da-agu-apoia-mecanismo-de-contas-vinculadas-em-concessoes-alvo-de-contestacao-no-tcu","status":"publish","type":"post","link":"https:\/\/agenciainfra.com\/blog\/parecer-da-agu-apoia-mecanismo-de-contas-vinculadas-em-concessoes-alvo-de-contestacao-no-tcu\/","title":{"rendered":"Parecer da AGU apoia mecanismo de contas vinculadas em concess\u00f5es, alvo de contesta\u00e7\u00e3o no TCU"},"content":{"rendered":"\n<p class=\"has-text-align-right\"><strong>Dimmi Amora, da Ag\u00eancia iNFRA<\/strong><\/p>\n\n\n\n<p>Um\u00a0<a href=\"https:\/\/agenciainfra.com\/blog\/wp-content\/uploads\/2025\/01\/Parecer-AGU-Contas-Vinculadas.pdf\" target=\"_blank\" rel=\"noreferrer noopener\">parecer<\/a>\u00a0da AGU (Advocacia-Geral da Uni\u00e3o), assinado por nove integrantes do \u00f3rg\u00e3o, defendeu que as contas vinculadas em concess\u00e3o t\u00eam legalidade jur\u00eddica e s\u00e3o uma inova\u00e7\u00e3o que traz qualidade e seguran\u00e7a jur\u00eddica para esses contratos.<\/p>\n\n\n\n<p>O parecer indica que esses valores \u2013 que ficam separados em contas espec\u00edficas para utiliza\u00e7\u00e3o em diversas ocasi\u00f5es ao longo dos contratos por determina\u00e7\u00e3o do agente p\u00fablico \u2013 s\u00e3o de natureza privada e n\u00e3o podem ser confundidos com recursos p\u00fablicos, sujeitos \u00e0s regras do Or\u00e7amento da Uni\u00e3o.<\/p>\n\n\n\n<p>O parecer defende esse mecanismo, que vem sendo usado por v\u00e1rias ag\u00eancias reguladoras, especialmente pelas de transportes, mas que est\u00e1 amea\u00e7ado por um processo em curso no TCU (Tribunal de Contas da Uni\u00e3o) que tenta qualificar a pr\u00e1tica como uma burla ao or\u00e7amento e restringi-la.<\/p>\n\n\n\n<p>A pol\u00eamica com o modelo come\u00e7ou com a decis\u00e3o do ministro Walton Alencar Rodrigues no processo de concess\u00e3o da BR-040\/DF-GO-MG, que vinha em an\u00e1lise desde 2022, mas foi votado em 2023. L\u00e1, ele manifestou pela primeira vez a &#8220;preocupa\u00e7\u00e3o com a burla ao or\u00e7amento&#8221;, indicando que os recursos das contas vinculadas seriam &#8220;outorgas&#8221; da Uni\u00e3o, o que os procuradores alegam que n\u00e3o s\u00e3o.<\/p>\n\n\n\n<p>Logo depois, em dois processos em que o governo pretendia conceder portos (Itaja\u00ed e S\u00e3o Sebasti\u00e3o), o ministro Alencar Rodrigues indicou a proibi\u00e7\u00e3o do uso do mecanismo de contas vinculadas nesses dois processos (como o governo atual desistiu dessas concess\u00f5es, a ordem acabou n\u00e3o sendo executada ou contestada).<\/p>\n\n\n\n<p>Um processo espec\u00edfico para analisar a legalidade do mecanismo foi aberto no \u00f3rg\u00e3o e, no ano passado, a auditoria especializada do TCU que fez a an\u00e1lise concordou com a tese do ministro, indicando que o modelo afronta o princ\u00edpio da universalidade e unidade do or\u00e7amento, formando uma esp\u00e9cie de &#8220;or\u00e7amento paralelo&#8221;.<\/p>\n\n\n\n<p>A partir disso, em algumas vezes que os estudos de uma concess\u00e3o s\u00e3o aprovados pelo \u00f3rg\u00e3o com contas vinculadas, o problema \u00e9 citado e \u00e9 solicitado pelos ministros que o caso v\u00e1 a plen\u00e1rio para julgamento, o que pode acontecer neste ano.<\/p>\n\n\n\n<p>Al\u00e9m das concess\u00f5es de rodovias, que s\u00e3o as que mais se utilizam dessas contas, e de concess\u00f5es portu\u00e1rias, as de ferrovias tamb\u00e9m podem ser impactadas por essa decis\u00e3o.<\/p>\n\n\n\n<p>Isso porque no chamado plano ferrovi\u00e1rio que o Minist\u00e9rio dos Transportes quer lan\u00e7ar, diz agora que em fevereiro, os recursos previstos para aportes em PPPs (Parcerias P\u00fablico-Privadas) ferrovi\u00e1rias seriam provenientes de recursos que s\u00e3o classificados especificamente como outorgas das concession\u00e1rias.<\/p>\n\n\n\n<p>No parecer emitido em novembro, os nove integrantes da advocacia da Uni\u00e3o, entre eles os procuradores-chefes de minist\u00e9rios, ag\u00eancias reguladoras e da Secretaria de Assuntos Jur\u00eddicos da Casa Civil, n\u00e3o tratam da quest\u00e3o ferrovi\u00e1ria e fazem uma separa\u00e7\u00e3o entre outorgas e os mecanismos de contas vinculadas, dizendo inclusive que um mesmo contrato pode ter os dois.<\/p>\n\n\n\n<p><strong>&#8220;Premissa equivocada&#8221;<\/strong><br>Para eles, os recursos para as contas vinculadas seguem sendo recursos privados dos contratos, mesmo que indispon\u00edveis para utiliza\u00e7\u00e3o direta pelas concession\u00e1rias.<\/p>\n\n\n\n<p>&#8220;A an\u00e1lise dos apontamentos do auditor do TCU revela uma premissa fundamental equivocada: a suposi\u00e7\u00e3o de que os recursos envolvidos no mecanismo de contas vinculadas s\u00e3o de natureza p\u00fablica. Esta interpreta\u00e7\u00e3o err\u00f4nea \u00e9 a raiz de todos os questionamentos levantados. Os valores depositados na conta vinculada s\u00e3o recursos privados, n\u00e3o se confundindo com valores devidos a t\u00edtulo de outorga, sua natureza jur\u00eddica \u00e9 de bens revers\u00edveis&#8221;, informa o texto.<\/p>\n\n\n\n<p>O texto defende ainda que o mecanismo est\u00e1 alinhado &#8220;com as melhores pr\u00e1ticas internacionais de gest\u00e3o de concess\u00f5es de longo prazo&#8221; e &#8220;foi aprovado pelo pr\u00f3prio TCU em 14 projetos anteriores&#8221;. E tamb\u00e9m aponta que o modelo, chamado de inovador, est\u00e1 dentro da discricionariedade do poder p\u00fablico para definir uma concess\u00e3o, o que \u00e9 previsto na lei de concess\u00f5es.<\/p>\n\n\n\n<p>&#8220;Qualquer inova\u00e7\u00e3o contratual, como o mecanismo de contas vinculadas, deve encontrar respaldo, ainda que indireto, no ordenamento jur\u00eddico vigente. No caso em tela, como demonstrado anteriormente, o mecanismo encontra fundamento em diversas disposi\u00e7\u00f5es da Lei 8.987\/1995 e em outros diplomas legais&#8221;, apontam os autores.<\/p>\n\n\n\n<p><strong>Maior seguran\u00e7a jur\u00eddica<\/strong><br>Ao longo do parecer de 24 p\u00e1ginas, h\u00e1 uma longa explica\u00e7\u00e3o sobre o funcionamento do mecanismo, especialmente nos contratos de concess\u00e3o rodovi\u00e1ria, defendendo que eles est\u00e3o garantindo maior seguran\u00e7a jur\u00eddica a esses contratos pela aceita\u00e7\u00e3o das empresas concorrentes ao formato.<\/p>\n\n\n\n<p>&#8220;Sem um mecanismo predefinido e \u00e1gil para lidar com varia\u00e7\u00f5es cambiais, oscila\u00e7\u00f5es de demanda ou aumentos imprevistos no pre\u00e7o de insumos, cada evento que demandasse um reequil\u00edbrio exigiria um processo administrativo complexo e potencialmente moroso, limitado pela falta de liquidez imediata ou dependendo diretamente do aumento tarif\u00e1rio como meio de reequil\u00edbrio. Isso poderia resultar em atrasos na implementa\u00e7\u00e3o de medidas corretivas, comprometendo a qualidade do servi\u00e7o prestado aos usu\u00e1rios e a sa\u00fade financeira da concess\u00e3o&#8221;, avaliam os advogados.<\/p>\n\n\n\n<p><strong>Experi\u00eancias anteriores<\/strong><br>Os autores apontam que a cria\u00e7\u00e3o das contas vinculadas decorre de experi\u00eancias fracassadas de concess\u00f5es, que mostraram a dificuldade do poder p\u00fablico em gerir esses contratos, especialmente por eles terem quase toda a receita vinculada \u00e0s tarifas aos usu\u00e1rios.<\/p>\n\n\n\n<p>&#8220;Na medida em que possibilita a reten\u00e7\u00e3o de um percentual da receita tarif\u00e1ria, o mecanismo de contas e recursos vinculados pode ser considerado como uma antecipa\u00e7\u00e3o que o pr\u00f3prio usu\u00e1rio faz do pagamento de ped\u00e1gio por eventos que potencialmente onerariam a tarifa no futuro&#8221;, defendem os autores, indicando que isso evita ou mitiga aumentos tarif\u00e1rios mais significativos no futuro, preservando a modicidade tarif\u00e1ria ao longo do tempo do contrato.<\/p>\n","protected":false},"excerpt":{"rendered":"<p>Dimmi Amora, da Ag\u00eancia iNFRA Um\u00a0parecer\u00a0da AGU (Advocacia-Geral da Uni\u00e3o), assinado por nove integrantes do \u00f3rg\u00e3o, defendeu que as contas vinculadas em concess\u00e3o t\u00eam legalidade jur\u00eddica e s\u00e3o uma inova\u00e7\u00e3o que traz qualidade e seguran\u00e7a jur\u00eddica para esses contratos. O parecer indica que esses valores \u2013 que ficam separados em contas espec\u00edficas para utiliza\u00e7\u00e3o em [&hellip;]<\/p>\n","protected":false},"author":1,"featured_media":17912,"comment_status":"closed","ping_status":"closed","sticky":false,"template":"","format":"standard","meta":{"_monsterinsights_skip_tracking":false,"_monsterinsights_sitenote_active":false,"_monsterinsights_sitenote_note":"","_monsterinsights_sitenote_category":0,"footnotes":""},"categories":[7250,1,7],"tags":[353,514,78,12300,12301,12302,1299,18],"class_list":["post-20053","post","type-post","status-publish","format-standard","has-post-thumbnail","hentry","category-destaque-lista","category-geral","category-infratransporte","tag-agu","tag-br-040","tag-concessoes","tag-contas-vinculadas","tag-contas-vinculadas-em-concessoes","tag-contestacao-no-tcu","tag-dimmi-amora","tag-tcu"],"yoast_head":"<!-- This site is optimized with the Yoast SEO Premium plugin v25.4 (Yoast SEO v26.0) - https:\/\/yoast.com\/wordpress\/plugins\/seo\/ -->\n<title>Parecer da AGU apoia mecanismo de contas vinculadas em concess\u00f5es, alvo de contesta\u00e7\u00e3o no TCU - Ag\u00eancia iNFRA<\/title>\n<meta name=\"robots\" content=\"index, follow, max-snippet:-1, max-image-preview:large, max-video-preview:-1\" \/>\n<link rel=\"canonical\" href=\"https:\/\/agenciainfra.com\/blog\/parecer-da-agu-apoia-mecanismo-de-contas-vinculadas-em-concessoes-alvo-de-contestacao-no-tcu\/\" \/>\n<meta property=\"og:locale\" content=\"pt_BR\" \/>\n<meta property=\"og:type\" content=\"article\" \/>\n<meta property=\"og:title\" content=\"Parecer da AGU apoia mecanismo de contas vinculadas em concess\u00f5es, alvo de contesta\u00e7\u00e3o no TCU\" \/>\n<meta property=\"og:description\" content=\"Dimmi Amora, da Ag\u00eancia iNFRA Um\u00a0parecer\u00a0da AGU (Advocacia-Geral da Uni\u00e3o), assinado por nove integrantes do \u00f3rg\u00e3o, defendeu que as contas vinculadas em concess\u00e3o t\u00eam legalidade jur\u00eddica e s\u00e3o uma inova\u00e7\u00e3o que traz qualidade e seguran\u00e7a jur\u00eddica para esses contratos. O parecer indica que esses valores \u2013 que ficam separados em contas espec\u00edficas para utiliza\u00e7\u00e3o em [&hellip;]\" \/>\n<meta property=\"og:url\" content=\"https:\/\/agenciainfra.com\/blog\/parecer-da-agu-apoia-mecanismo-de-contas-vinculadas-em-concessoes-alvo-de-contestacao-no-tcu\/\" \/>\n<meta property=\"og:site_name\" content=\"Ag\u00eancia iNFRA\" \/>\n<meta property=\"article:publisher\" content=\"https:\/\/www.facebook.com\/ageninfra\" \/>\n<meta property=\"article:published_time\" content=\"2025-01-22T11:00:00+00:00\" \/>\n<meta property=\"og:image\" content=\"https:\/\/agenciainfra.com\/blog\/wp-content\/uploads\/2024\/07\/predio-fachada-tcu-foto-agencia-brasil-valter-campanato-3.jpg\" \/>\n\t<meta property=\"og:image:width\" content=\"1202\" \/>\n\t<meta property=\"og:image:height\" content=\"801\" \/>\n\t<meta property=\"og:image:type\" content=\"image\/jpeg\" \/>\n<meta name=\"author\" content=\"Ag\u00eancia iNFRA\" \/>\n<meta name=\"twitter:card\" content=\"summary_large_image\" \/>\n<meta name=\"twitter:creator\" content=\"@agencia_infra\" \/>\n<meta name=\"twitter:site\" content=\"@agencia_infra\" \/>\n<meta name=\"twitter:label1\" content=\"Escrito por\" \/>\n\t<meta name=\"twitter:data1\" content=\"Ag\u00eancia iNFRA\" \/>\n\t<meta name=\"twitter:label2\" content=\"Est. tempo de leitura\" \/>\n\t<meta name=\"twitter:data2\" content=\"5 minutos\" \/>\n<script type=\"application\/ld+json\" class=\"yoast-schema-graph\">{\"@context\":\"https:\/\/schema.org\",\"@graph\":[{\"@type\":\"Article\",\"@id\":\"https:\/\/agenciainfra.com\/blog\/parecer-da-agu-apoia-mecanismo-de-contas-vinculadas-em-concessoes-alvo-de-contestacao-no-tcu\/#article\",\"isPartOf\":{\"@id\":\"https:\/\/agenciainfra.com\/blog\/parecer-da-agu-apoia-mecanismo-de-contas-vinculadas-em-concessoes-alvo-de-contestacao-no-tcu\/\"},\"author\":{\"name\":\"Ag\u00eancia iNFRA\",\"@id\":\"https:\/\/agenciainfra.com\/blog\/#\/schema\/person\/34af08dff6adea4cb22b06612ba7acfa\"},\"headline\":\"Parecer da AGU apoia mecanismo de contas vinculadas em concess\u00f5es, alvo de contesta\u00e7\u00e3o no TCU\",\"datePublished\":\"2025-01-22T11:00:00+00:00\",\"mainEntityOfPage\":{\"@id\":\"https:\/\/agenciainfra.com\/blog\/parecer-da-agu-apoia-mecanismo-de-contas-vinculadas-em-concessoes-alvo-de-contestacao-no-tcu\/\"},\"wordCount\":1028,\"publisher\":{\"@id\":\"https:\/\/agenciainfra.com\/blog\/#organization\"},\"image\":{\"@id\":\"https:\/\/agenciainfra.com\/blog\/parecer-da-agu-apoia-mecanismo-de-contas-vinculadas-em-concessoes-alvo-de-contestacao-no-tcu\/#primaryimage\"},\"thumbnailUrl\":\"https:\/\/agenciainfra.com\/blog\/wp-content\/uploads\/2024\/07\/predio-fachada-tcu-foto-agencia-brasil-valter-campanato-3.jpg\",\"keywords\":[\"AGU\",\"BR-040\",\"concess\u00f5es\",\"contas vinculadas\",\"contas vinculadas em concess\u00f5es\",\"contesta\u00e7\u00e3o no tcu\",\"Dimmi Amora\",\"TCU\"],\"articleSection\":[\"Destaque lista\",\"Geral\",\"iNFRATransporte\"],\"inLanguage\":\"pt-BR\",\"copyrightYear\":\"2025\",\"copyrightHolder\":{\"@id\":\"https:\/\/agenciainfra.com\/blog\/#organization\"}},{\"@type\":\"WebPage\",\"@id\":\"https:\/\/agenciainfra.com\/blog\/parecer-da-agu-apoia-mecanismo-de-contas-vinculadas-em-concessoes-alvo-de-contestacao-no-tcu\/\",\"url\":\"https:\/\/agenciainfra.com\/blog\/parecer-da-agu-apoia-mecanismo-de-contas-vinculadas-em-concessoes-alvo-de-contestacao-no-tcu\/\",\"name\":\"Parecer da AGU apoia mecanismo de contas vinculadas em concess\u00f5es, alvo de contesta\u00e7\u00e3o no TCU - Ag\u00eancia iNFRA\",\"isPartOf\":{\"@id\":\"https:\/\/agenciainfra.com\/blog\/#website\"},\"primaryImageOfPage\":{\"@id\":\"https:\/\/agenciainfra.com\/blog\/parecer-da-agu-apoia-mecanismo-de-contas-vinculadas-em-concessoes-alvo-de-contestacao-no-tcu\/#primaryimage\"},\"image\":{\"@id\":\"https:\/\/agenciainfra.com\/blog\/parecer-da-agu-apoia-mecanismo-de-contas-vinculadas-em-concessoes-alvo-de-contestacao-no-tcu\/#primaryimage\"},\"thumbnailUrl\":\"https:\/\/agenciainfra.com\/blog\/wp-content\/uploads\/2024\/07\/predio-fachada-tcu-foto-agencia-brasil-valter-campanato-3.jpg\",\"datePublished\":\"2025-01-22T11:00:00+00:00\",\"breadcrumb\":{\"@id\":\"https:\/\/agenciainfra.com\/blog\/parecer-da-agu-apoia-mecanismo-de-contas-vinculadas-em-concessoes-alvo-de-contestacao-no-tcu\/#breadcrumb\"},\"inLanguage\":\"pt-BR\",\"potentialAction\":[{\"@type\":\"ReadAction\",\"target\":[\"https:\/\/agenciainfra.com\/blog\/parecer-da-agu-apoia-mecanismo-de-contas-vinculadas-em-concessoes-alvo-de-contestacao-no-tcu\/\"]}]},{\"@type\":\"ImageObject\",\"inLanguage\":\"pt-BR\",\"@id\":\"https:\/\/agenciainfra.com\/blog\/parecer-da-agu-apoia-mecanismo-de-contas-vinculadas-em-concessoes-alvo-de-contestacao-no-tcu\/#primaryimage\",\"url\":\"https:\/\/agenciainfra.com\/blog\/wp-content\/uploads\/2024\/07\/predio-fachada-tcu-foto-agencia-brasil-valter-campanato-3.jpg\",\"contentUrl\":\"https:\/\/agenciainfra.com\/blog\/wp-content\/uploads\/2024\/07\/predio-fachada-tcu-foto-agencia-brasil-valter-campanato-3.jpg\",\"width\":1202,\"height\":801},{\"@type\":\"BreadcrumbList\",\"@id\":\"https:\/\/agenciainfra.com\/blog\/parecer-da-agu-apoia-mecanismo-de-contas-vinculadas-em-concessoes-alvo-de-contestacao-no-tcu\/#breadcrumb\",\"itemListElement\":[{\"@type\":\"ListItem\",\"position\":1,\"name\":\"In\u00edcio\",\"item\":\"https:\/\/agenciainfra.com\/blog\/\"},{\"@type\":\"ListItem\",\"position\":2,\"name\":\"Parecer da AGU apoia mecanismo de contas vinculadas em concess\u00f5es, alvo de contesta\u00e7\u00e3o no TCU\"}]},{\"@type\":\"WebSite\",\"@id\":\"https:\/\/agenciainfra.com\/blog\/#website\",\"url\":\"https:\/\/agenciainfra.com\/blog\/\",\"name\":\"Ag\u00eancia iNFRA\",\"description\":\"Multiplataforma de informa\u00e7\u00e3o jornal\u00edstica refer\u00eancia na \u00e1rea de infraestrutura no Brasil!\",\"publisher\":{\"@id\":\"https:\/\/agenciainfra.com\/blog\/#organization\"},\"potentialAction\":[{\"@type\":\"SearchAction\",\"target\":{\"@type\":\"EntryPoint\",\"urlTemplate\":\"https:\/\/agenciainfra.com\/blog\/?s={search_term_string}\"},\"query-input\":{\"@type\":\"PropertyValueSpecification\",\"valueRequired\":true,\"valueName\":\"search_term_string\"}}],\"inLanguage\":\"pt-BR\"},{\"@type\":\"Organization\",\"@id\":\"https:\/\/agenciainfra.com\/blog\/#organization\",\"name\":\"Ag\u00eancia iNFRA\",\"url\":\"https:\/\/agenciainfra.com\/blog\/\",\"logo\":{\"@type\":\"ImageObject\",\"inLanguage\":\"pt-BR\",\"@id\":\"https:\/\/agenciainfra.com\/blog\/#\/schema\/logo\/image\/\",\"url\":\"https:\/\/agenciainfra.com\/blog\/wp-content\/uploads\/2023\/09\/iNFRA_5-e1761735885940.png\",\"contentUrl\":\"https:\/\/agenciainfra.com\/blog\/wp-content\/uploads\/2023\/09\/iNFRA_5-e1761735885940.png\",\"width\":1672,\"height\":454,\"caption\":\"Ag\u00eancia iNFRA\"},\"image\":{\"@id\":\"https:\/\/agenciainfra.com\/blog\/#\/schema\/logo\/image\/\"},\"sameAs\":[\"https:\/\/www.facebook.com\/ageninfra\",\"https:\/\/x.com\/agencia_infra\",\"https:\/\/www.linkedin.com\/company\/ag\u00eanciainfra\/\",\"https:\/\/www.instagram.com\/agenciainfra\/\"]},{\"@type\":\"Person\",\"@id\":\"https:\/\/agenciainfra.com\/blog\/#\/schema\/person\/34af08dff6adea4cb22b06612ba7acfa\",\"name\":\"Ag\u00eancia iNFRA\",\"image\":{\"@type\":\"ImageObject\",\"inLanguage\":\"pt-BR\",\"@id\":\"https:\/\/agenciainfra.com\/blog\/#\/schema\/person\/image\/\",\"url\":\"https:\/\/secure.gravatar.com\/avatar\/d189e01678f06d8eb84d4e01f08eb848b3fffe3f8443818d3c356c66892f5be8?s=96&d=mm&r=g\",\"contentUrl\":\"https:\/\/secure.gravatar.com\/avatar\/d189e01678f06d8eb84d4e01f08eb848b3fffe3f8443818d3c356c66892f5be8?s=96&d=mm&r=g\",\"caption\":\"Ag\u00eancia iNFRA\"},\"url\":\"https:\/\/agenciainfra.com\/blog\/author\/admin\/\"}]}<\/script>\n<!-- \/ Yoast SEO Premium plugin. -->","yoast_head_json":{"title":"Parecer da AGU apoia mecanismo de contas vinculadas em concess\u00f5es, alvo de contesta\u00e7\u00e3o no TCU - Ag\u00eancia iNFRA","robots":{"index":"index","follow":"follow","max-snippet":"max-snippet:-1","max-image-preview":"max-image-preview:large","max-video-preview":"max-video-preview:-1"},"canonical":"https:\/\/agenciainfra.com\/blog\/parecer-da-agu-apoia-mecanismo-de-contas-vinculadas-em-concessoes-alvo-de-contestacao-no-tcu\/","og_locale":"pt_BR","og_type":"article","og_title":"Parecer da AGU apoia mecanismo de contas vinculadas em concess\u00f5es, alvo de contesta\u00e7\u00e3o no TCU","og_description":"Dimmi Amora, da Ag\u00eancia iNFRA Um\u00a0parecer\u00a0da AGU (Advocacia-Geral da Uni\u00e3o), assinado por nove integrantes do \u00f3rg\u00e3o, defendeu que as contas vinculadas em concess\u00e3o t\u00eam legalidade jur\u00eddica e s\u00e3o uma inova\u00e7\u00e3o que traz qualidade e seguran\u00e7a jur\u00eddica para esses contratos. O parecer indica que esses valores \u2013 que ficam separados em contas espec\u00edficas para utiliza\u00e7\u00e3o em [&hellip;]","og_url":"https:\/\/agenciainfra.com\/blog\/parecer-da-agu-apoia-mecanismo-de-contas-vinculadas-em-concessoes-alvo-de-contestacao-no-tcu\/","og_site_name":"Ag\u00eancia iNFRA","article_publisher":"https:\/\/www.facebook.com\/ageninfra","article_published_time":"2025-01-22T11:00:00+00:00","og_image":[{"width":1202,"height":801,"url":"https:\/\/agenciainfra.com\/blog\/wp-content\/uploads\/2024\/07\/predio-fachada-tcu-foto-agencia-brasil-valter-campanato-3.jpg","type":"image\/jpeg"}],"author":"Ag\u00eancia iNFRA","twitter_card":"summary_large_image","twitter_creator":"@agencia_infra","twitter_site":"@agencia_infra","twitter_misc":{"Escrito por":"Ag\u00eancia iNFRA","Est. tempo de leitura":"5 minutos"},"schema":{"@context":"https:\/\/schema.org","@graph":[{"@type":"Article","@id":"https:\/\/agenciainfra.com\/blog\/parecer-da-agu-apoia-mecanismo-de-contas-vinculadas-em-concessoes-alvo-de-contestacao-no-tcu\/#article","isPartOf":{"@id":"https:\/\/agenciainfra.com\/blog\/parecer-da-agu-apoia-mecanismo-de-contas-vinculadas-em-concessoes-alvo-de-contestacao-no-tcu\/"},"author":{"name":"Ag\u00eancia iNFRA","@id":"https:\/\/agenciainfra.com\/blog\/#\/schema\/person\/34af08dff6adea4cb22b06612ba7acfa"},"headline":"Parecer da AGU apoia mecanismo de contas vinculadas em concess\u00f5es, alvo de contesta\u00e7\u00e3o no TCU","datePublished":"2025-01-22T11:00:00+00:00","mainEntityOfPage":{"@id":"https:\/\/agenciainfra.com\/blog\/parecer-da-agu-apoia-mecanismo-de-contas-vinculadas-em-concessoes-alvo-de-contestacao-no-tcu\/"},"wordCount":1028,"publisher":{"@id":"https:\/\/agenciainfra.com\/blog\/#organization"},"image":{"@id":"https:\/\/agenciainfra.com\/blog\/parecer-da-agu-apoia-mecanismo-de-contas-vinculadas-em-concessoes-alvo-de-contestacao-no-tcu\/#primaryimage"},"thumbnailUrl":"https:\/\/agenciainfra.com\/blog\/wp-content\/uploads\/2024\/07\/predio-fachada-tcu-foto-agencia-brasil-valter-campanato-3.jpg","keywords":["AGU","BR-040","concess\u00f5es","contas vinculadas","contas vinculadas em concess\u00f5es","contesta\u00e7\u00e3o no tcu","Dimmi Amora","TCU"],"articleSection":["Destaque lista","Geral","iNFRATransporte"],"inLanguage":"pt-BR","copyrightYear":"2025","copyrightHolder":{"@id":"https:\/\/agenciainfra.com\/blog\/#organization"}},{"@type":"WebPage","@id":"https:\/\/agenciainfra.com\/blog\/parecer-da-agu-apoia-mecanismo-de-contas-vinculadas-em-concessoes-alvo-de-contestacao-no-tcu\/","url":"https:\/\/agenciainfra.com\/blog\/parecer-da-agu-apoia-mecanismo-de-contas-vinculadas-em-concessoes-alvo-de-contestacao-no-tcu\/","name":"Parecer da AGU apoia mecanismo de contas vinculadas em concess\u00f5es, alvo de contesta\u00e7\u00e3o no TCU - Ag\u00eancia iNFRA","isPartOf":{"@id":"https:\/\/agenciainfra.com\/blog\/#website"},"primaryImageOfPage":{"@id":"https:\/\/agenciainfra.com\/blog\/parecer-da-agu-apoia-mecanismo-de-contas-vinculadas-em-concessoes-alvo-de-contestacao-no-tcu\/#primaryimage"},"image":{"@id":"https:\/\/agenciainfra.com\/blog\/parecer-da-agu-apoia-mecanismo-de-contas-vinculadas-em-concessoes-alvo-de-contestacao-no-tcu\/#primaryimage"},"thumbnailUrl":"https:\/\/agenciainfra.com\/blog\/wp-content\/uploads\/2024\/07\/predio-fachada-tcu-foto-agencia-brasil-valter-campanato-3.jpg","datePublished":"2025-01-22T11:00:00+00:00","breadcrumb":{"@id":"https:\/\/agenciainfra.com\/blog\/parecer-da-agu-apoia-mecanismo-de-contas-vinculadas-em-concessoes-alvo-de-contestacao-no-tcu\/#breadcrumb"},"inLanguage":"pt-BR","potentialAction":[{"@type":"ReadAction","target":["https:\/\/agenciainfra.com\/blog\/parecer-da-agu-apoia-mecanismo-de-contas-vinculadas-em-concessoes-alvo-de-contestacao-no-tcu\/"]}]},{"@type":"ImageObject","inLanguage":"pt-BR","@id":"https:\/\/agenciainfra.com\/blog\/parecer-da-agu-apoia-mecanismo-de-contas-vinculadas-em-concessoes-alvo-de-contestacao-no-tcu\/#primaryimage","url":"https:\/\/agenciainfra.com\/blog\/wp-content\/uploads\/2024\/07\/predio-fachada-tcu-foto-agencia-brasil-valter-campanato-3.jpg","contentUrl":"https:\/\/agenciainfra.com\/blog\/wp-content\/uploads\/2024\/07\/predio-fachada-tcu-foto-agencia-brasil-valter-campanato-3.jpg","width":1202,"height":801},{"@type":"BreadcrumbList","@id":"https:\/\/agenciainfra.com\/blog\/parecer-da-agu-apoia-mecanismo-de-contas-vinculadas-em-concessoes-alvo-de-contestacao-no-tcu\/#breadcrumb","itemListElement":[{"@type":"ListItem","position":1,"name":"In\u00edcio","item":"https:\/\/agenciainfra.com\/blog\/"},{"@type":"ListItem","position":2,"name":"Parecer da AGU apoia mecanismo de contas vinculadas em concess\u00f5es, alvo de contesta\u00e7\u00e3o no TCU"}]},{"@type":"WebSite","@id":"https:\/\/agenciainfra.com\/blog\/#website","url":"https:\/\/agenciainfra.com\/blog\/","name":"Ag\u00eancia iNFRA","description":"Multiplataforma de informa\u00e7\u00e3o jornal\u00edstica refer\u00eancia na \u00e1rea de infraestrutura no Brasil!","publisher":{"@id":"https:\/\/agenciainfra.com\/blog\/#organization"},"potentialAction":[{"@type":"SearchAction","target":{"@type":"EntryPoint","urlTemplate":"https:\/\/agenciainfra.com\/blog\/?s={search_term_string}"},"query-input":{"@type":"PropertyValueSpecification","valueRequired":true,"valueName":"search_term_string"}}],"inLanguage":"pt-BR"},{"@type":"Organization","@id":"https:\/\/agenciainfra.com\/blog\/#organization","name":"Ag\u00eancia iNFRA","url":"https:\/\/agenciainfra.com\/blog\/","logo":{"@type":"ImageObject","inLanguage":"pt-BR","@id":"https:\/\/agenciainfra.com\/blog\/#\/schema\/logo\/image\/","url":"https:\/\/agenciainfra.com\/blog\/wp-content\/uploads\/2023\/09\/iNFRA_5-e1761735885940.png","contentUrl":"https:\/\/agenciainfra.com\/blog\/wp-content\/uploads\/2023\/09\/iNFRA_5-e1761735885940.png","width":1672,"height":454,"caption":"Ag\u00eancia iNFRA"},"image":{"@id":"https:\/\/agenciainfra.com\/blog\/#\/schema\/logo\/image\/"},"sameAs":["https:\/\/www.facebook.com\/ageninfra","https:\/\/x.com\/agencia_infra","https:\/\/www.linkedin.com\/company\/ag\u00eanciainfra\/","https:\/\/www.instagram.com\/agenciainfra\/"]},{"@type":"Person","@id":"https:\/\/agenciainfra.com\/blog\/#\/schema\/person\/34af08dff6adea4cb22b06612ba7acfa","name":"Ag\u00eancia iNFRA","image":{"@type":"ImageObject","inLanguage":"pt-BR","@id":"https:\/\/agenciainfra.com\/blog\/#\/schema\/person\/image\/","url":"https:\/\/secure.gravatar.com\/avatar\/d189e01678f06d8eb84d4e01f08eb848b3fffe3f8443818d3c356c66892f5be8?s=96&d=mm&r=g","contentUrl":"https:\/\/secure.gravatar.com\/avatar\/d189e01678f06d8eb84d4e01f08eb848b3fffe3f8443818d3c356c66892f5be8?s=96&d=mm&r=g","caption":"Ag\u00eancia iNFRA"},"url":"https:\/\/agenciainfra.com\/blog\/author\/admin\/"}]}},"_links":{"self":[{"href":"https:\/\/agenciainfra.com\/blog\/wp-json\/wp\/v2\/posts\/20053","targetHints":{"allow":["GET"]}}],"collection":[{"href":"https:\/\/agenciainfra.com\/blog\/wp-json\/wp\/v2\/posts"}],"about":[{"href":"https:\/\/agenciainfra.com\/blog\/wp-json\/wp\/v2\/types\/post"}],"author":[{"embeddable":true,"href":"https:\/\/agenciainfra.com\/blog\/wp-json\/wp\/v2\/users\/1"}],"replies":[{"embeddable":true,"href":"https:\/\/agenciainfra.com\/blog\/wp-json\/wp\/v2\/comments?post=20053"}],"version-history":[{"count":1,"href":"https:\/\/agenciainfra.com\/blog\/wp-json\/wp\/v2\/posts\/20053\/revisions"}],"predecessor-version":[{"id":20055,"href":"https:\/\/agenciainfra.com\/blog\/wp-json\/wp\/v2\/posts\/20053\/revisions\/20055"}],"wp:featuredmedia":[{"embeddable":true,"href":"https:\/\/agenciainfra.com\/blog\/wp-json\/wp\/v2\/media\/17912"}],"wp:attachment":[{"href":"https:\/\/agenciainfra.com\/blog\/wp-json\/wp\/v2\/media?parent=20053"}],"wp:term":[{"taxonomy":"category","embeddable":true,"href":"https:\/\/agenciainfra.com\/blog\/wp-json\/wp\/v2\/categories?post=20053"},{"taxonomy":"post_tag","embeddable":true,"href":"https:\/\/agenciainfra.com\/blog\/wp-json\/wp\/v2\/tags?post=20053"}],"curies":[{"name":"wp","href":"https:\/\/api.w.org\/{rel}","templated":true}]}}