{"id":20059,"date":"2025-01-23T08:00:00","date_gmt":"2025-01-23T11:00:00","guid":{"rendered":"https:\/\/agenciainfra.com\/blog\/?p=20059"},"modified":"2025-01-23T09:09:14","modified_gmt":"2025-01-23T12:09:14","slug":"avaliacoes-para-repactuacao-da-concessao-do-aeroporto-de-brasilia-ja-estao-em-andamento-na-anac","status":"publish","type":"post","link":"https:\/\/agenciainfra.com\/blog\/avaliacoes-para-repactuacao-da-concessao-do-aeroporto-de-brasilia-ja-estao-em-andamento-na-anac\/","title":{"rendered":"Avalia\u00e7\u00f5es para repactua\u00e7\u00e3o da concess\u00e3o do Aeroporto de Bras\u00edlia j\u00e1 est\u00e3o em andamento na ANAC"},"content":{"rendered":"\n<p class=\"has-text-align-right\"><strong>Dimmi Amora, da Ag\u00eancia iNFRA<\/strong><\/p>\n\n\n\n<p>As tratativas entre o governo federal, ANAC (Ag\u00eancia Nacional de Avia\u00e7\u00e3o Civil) e a concession\u00e1ria Infram\u00e9rica, do Aeroporto de Bras\u00edlia (DF), para a repactua\u00e7\u00e3o do contrato de concess\u00e3o para um poss\u00edvel leil\u00e3o est\u00e3o em andamento desde dezembro do ano passado.<\/p>\n\n\n\n<p>As conversas giram em torno de fazer um acordo nos moldes do que foi pactuado na SecexConsenso (Secretaria de Solu\u00e7\u00e3o Consensual e Preven\u00e7\u00e3o de Conflitos) do TCU (Tribunal de Contas da Uni\u00e3o) para o Aeroporto do Gale\u00e3o (RJ), no qual \u00e9 feito um novo contrato de concess\u00e3o e a concession\u00e1ria se disp\u00f5e a participar de um leil\u00e3o privado com outras companhias para esse novo contrato.<\/p>\n\n\n\n<p>Pelo prazo de dois meses, que termina em fevereiro, os t\u00e9cnicos v\u00e3o avaliar se \u00e9 poss\u00edvel fazer um acordo dentro da pr\u00f3pria ag\u00eancia, seguindo todas as diretrizes do acordo negociado do Gale\u00e3o, ou se ser\u00e1 necess\u00e1rio iniciar o processo na SecexConsenso do TCU, que tem prazos e um modelo espec\u00edfico para tratar desses acordos.<\/p>\n\n\n\n<p>No caso do Gale\u00e3o, a proposta de acordo foi fechada na SecexConsenso em dezembro e est\u00e1 em tramita\u00e7\u00e3o no Tribunal para ser votada em plen\u00e1rio, conforme informou a&nbsp;<strong>Ag\u00eancia iNFRA<\/strong>&nbsp;em reportagens no m\u00eas passado&nbsp;dispon\u00edveis&nbsp;<a href=\"https:\/\/agenciainfra.com\/blog\/anac-aprova-novo-modelo-de-fiscalizacao-da-aviacao-civil-adotando-a-regulacao-responsiva\/\" target=\"_blank\" rel=\"noreferrer noopener\">neste<\/a>&nbsp;e&nbsp;<a href=\"https:\/\/agenciainfra.com\/blog\/mpor-propoe-fazer-alocacao-direta-de-aeroportos-regionais\/\" target=\"_blank\" rel=\"noreferrer noopener\">neste link<\/a>.<\/p>\n\n\n\n<p>O plano de repactuar o contrato da Infram\u00e9rica chegou a ficar amea\u00e7ado no ano passado. O projeto estava na fila para ir para discuss\u00e3o do TCU, mas teve que dar um passo atr\u00e1s. Segundo apurou a&nbsp;<strong>Ag\u00eancia iNFRA<\/strong>, a Casa Civil n\u00e3o estava convencida da necessidade de repactuar o contrato apresentado pelo Minist\u00e9rio de Portos e Aeroportos.<\/p>\n\n\n\n<p>A percep\u00e7\u00e3o inicial era de que o aeroporto estaria bem e n\u00e3o precisaria de uma repactua\u00e7\u00e3o, mas na pr\u00e1tica a unidade ainda n\u00e3o conseguiu recuperar o volume de passageiros pr\u00e9-Covid-19. Segundo explicou um t\u00e9cnico, isso decorre de uma caracter\u00edstica do aeroporto que \u00e9 ser um hub para voos regionais.<\/p>\n\n\n\n<p>Com essa caracter\u00edstica, a unidade fica muita cheia em determinados momentos do dia, quando os voos chegam para se conectar. E em outros, tem baixo volume de passageiros. Os t\u00e9cnicos acabaram convencidos de que seria melhor tentar a repactua\u00e7\u00e3o para iniciar um novo contrato.<\/p>\n\n\n\n<p>Bras\u00edlia tem um contrato de 25 anos, da primeira grande rodada de concess\u00f5es, de 2012. Nesse modelo, a estatal Infraero \u00e9 s\u00f3cia de 49% da concession\u00e1ria. O modelo de leil\u00e3o tamb\u00e9m incentivou a lances com elevados valores de&nbsp;outorgas, o que deixa os contratos com dif\u00edcil gest\u00e3o.&nbsp;<\/p>\n\n\n\n<p><strong>Bras\u00edlia \u00e9 4\u00aa tentativa<\/strong><br>Esse modelo de concess\u00e3o da primeira rodada foi trocado nos leil\u00f5es seguintes e as empresas que administram essas concess\u00f5es&nbsp;tentam desde ent\u00e3o alguma maneira de alterar o contrato, o que est\u00e1 sendo buscado agora com o modelo de solu\u00e7\u00e3o consensual. Bras\u00edlia&nbsp;\u00e9 a quarta a tentar.<\/p>\n\n\n\n<p>No caso do Gale\u00e3o, houve acordo para uma repactua\u00e7\u00e3o com leil\u00e3o, que depende de valida\u00e7\u00e3o do \u00f3rg\u00e3o de controle. Guarulhos (SP) teve aprovado apenas um pequeno reequil\u00edbrio de seu contrato. E Viracopos (SP) n\u00e3o chegou a um acordo e o processo est\u00e1 para ser arquivado no \u00f3rg\u00e3o de controle.<\/p>\n\n\n\n<p>No pacote de mudan\u00e7as, o Minist\u00e9rio de Portos e Aeroportos tamb\u00e9m trabalha para apresentar um modelo em que os aeroportos j\u00e1 concedidos possam administrar unidades regionais que necessitam de investimentos, o chamado&nbsp;<a href=\"https:\/\/agenciainfra.com\/blog\/mpor-propoe-fazer-alocacao-direta-de-aeroportos-regionais\/\" target=\"_blank\" rel=\"noreferrer noopener\">Programa AmpliAR<\/a>. Uma consulta p\u00fablica sobre o tema est\u00e1 em andamento, com previs\u00e3o de leil\u00e3o de 50 unidades ainda neste semestre.<\/p>\n","protected":false},"excerpt":{"rendered":"<p>Dimmi Amora, da Ag\u00eancia iNFRA As tratativas entre o governo federal, ANAC (Ag\u00eancia Nacional de Avia\u00e7\u00e3o Civil) e a concession\u00e1ria Infram\u00e9rica, do Aeroporto de Bras\u00edlia (DF), para a repactua\u00e7\u00e3o do contrato de concess\u00e3o para um poss\u00edvel leil\u00e3o est\u00e3o em andamento desde dezembro do ano passado. As conversas giram em torno de fazer um acordo nos [&hellip;]<\/p>\n","protected":false},"author":1,"featured_media":10787,"comment_status":"closed","ping_status":"closed","sticky":false,"template":"","format":"standard","meta":{"_monsterinsights_skip_tracking":false,"_monsterinsights_sitenote_active":false,"_monsterinsights_sitenote_note":"","_monsterinsights_sitenote_category":0,"footnotes":""},"categories":[7250,1,7],"tags":[6120,11881,600,4840,1299,210,11819,1937,8010,7218,6379,18],"class_list":["post-20059","post","type-post","status-publish","format-standard","has-post-thumbnail","hentry","category-destaque-lista","category-geral","category-infratransporte","tag-aeroporto-de-brasilia","tag-ampliar","tag-concessao-aeroportuaria","tag-contratos-de-concessao","tag-dimmi-amora","tag-inframerica","tag-programa-ampliar","tag-reequilibrio-de-contratos","tag-repactuacao-de-contratos","tag-secexconsenso","tag-solucao-consensual","tag-tcu"],"yoast_head":"<!-- This site is optimized with the Yoast SEO Premium plugin v25.4 (Yoast SEO v26.0) - https:\/\/yoast.com\/wordpress\/plugins\/seo\/ -->\n<title>Avalia\u00e7\u00f5es para repactua\u00e7\u00e3o da concess\u00e3o do Aeroporto de Bras\u00edlia j\u00e1 est\u00e3o em andamento na ANAC - Ag\u00eancia iNFRA<\/title>\n<meta name=\"robots\" content=\"index, follow, max-snippet:-1, max-image-preview:large, max-video-preview:-1\" \/>\n<link rel=\"canonical\" href=\"https:\/\/agenciainfra.com\/blog\/avaliacoes-para-repactuacao-da-concessao-do-aeroporto-de-brasilia-ja-estao-em-andamento-na-anac\/\" \/>\n<meta property=\"og:locale\" content=\"pt_BR\" \/>\n<meta property=\"og:type\" content=\"article\" \/>\n<meta property=\"og:title\" content=\"Avalia\u00e7\u00f5es para repactua\u00e7\u00e3o da concess\u00e3o do Aeroporto de Bras\u00edlia j\u00e1 est\u00e3o em andamento na ANAC\" \/>\n<meta property=\"og:description\" content=\"Dimmi Amora, da Ag\u00eancia iNFRA As tratativas entre o governo federal, ANAC (Ag\u00eancia Nacional de Avia\u00e7\u00e3o Civil) e a concession\u00e1ria Infram\u00e9rica, do Aeroporto de Bras\u00edlia (DF), para a repactua\u00e7\u00e3o do contrato de concess\u00e3o para um poss\u00edvel leil\u00e3o est\u00e3o em andamento desde dezembro do ano passado. As conversas giram em torno de fazer um acordo nos [&hellip;]\" \/>\n<meta property=\"og:url\" content=\"https:\/\/agenciainfra.com\/blog\/avaliacoes-para-repactuacao-da-concessao-do-aeroporto-de-brasilia-ja-estao-em-andamento-na-anac\/\" \/>\n<meta property=\"og:site_name\" content=\"Ag\u00eancia iNFRA\" \/>\n<meta property=\"article:publisher\" content=\"https:\/\/www.facebook.com\/ageninfra\" \/>\n<meta property=\"article:published_time\" content=\"2025-01-23T11:00:00+00:00\" \/>\n<meta property=\"article:modified_time\" content=\"2025-01-23T12:09:14+00:00\" \/>\n<meta property=\"og:image\" content=\"https:\/\/agenciainfra.com\/blog\/wp-content\/uploads\/2022\/07\/aeroporto-de-brasilia-foto-antonio-cruz-agencia-brasil.jpeg\" \/>\n\t<meta property=\"og:image:width\" content=\"1280\" \/>\n\t<meta property=\"og:image:height\" content=\"766\" \/>\n\t<meta property=\"og:image:type\" content=\"image\/jpeg\" \/>\n<meta name=\"author\" content=\"Ag\u00eancia iNFRA\" \/>\n<meta name=\"twitter:card\" content=\"summary_large_image\" \/>\n<meta name=\"twitter:creator\" content=\"@agencia_infra\" \/>\n<meta name=\"twitter:site\" content=\"@agencia_infra\" \/>\n<meta name=\"twitter:label1\" content=\"Escrito por\" \/>\n\t<meta name=\"twitter:data1\" content=\"Ag\u00eancia iNFRA\" \/>\n\t<meta name=\"twitter:label2\" content=\"Est. tempo de leitura\" \/>\n\t<meta name=\"twitter:data2\" content=\"3 minutos\" \/>\n<script type=\"application\/ld+json\" class=\"yoast-schema-graph\">{\"@context\":\"https:\/\/schema.org\",\"@graph\":[{\"@type\":\"Article\",\"@id\":\"https:\/\/agenciainfra.com\/blog\/avaliacoes-para-repactuacao-da-concessao-do-aeroporto-de-brasilia-ja-estao-em-andamento-na-anac\/#article\",\"isPartOf\":{\"@id\":\"https:\/\/agenciainfra.com\/blog\/avaliacoes-para-repactuacao-da-concessao-do-aeroporto-de-brasilia-ja-estao-em-andamento-na-anac\/\"},\"author\":{\"name\":\"Ag\u00eancia iNFRA\",\"@id\":\"https:\/\/agenciainfra.com\/blog\/#\/schema\/person\/34af08dff6adea4cb22b06612ba7acfa\"},\"headline\":\"Avalia\u00e7\u00f5es para repactua\u00e7\u00e3o da concess\u00e3o do Aeroporto de Bras\u00edlia j\u00e1 est\u00e3o em andamento na ANAC\",\"datePublished\":\"2025-01-23T11:00:00+00:00\",\"dateModified\":\"2025-01-23T12:09:14+00:00\",\"mainEntityOfPage\":{\"@id\":\"https:\/\/agenciainfra.com\/blog\/avaliacoes-para-repactuacao-da-concessao-do-aeroporto-de-brasilia-ja-estao-em-andamento-na-anac\/\"},\"wordCount\":654,\"publisher\":{\"@id\":\"https:\/\/agenciainfra.com\/blog\/#organization\"},\"image\":{\"@id\":\"https:\/\/agenciainfra.com\/blog\/avaliacoes-para-repactuacao-da-concessao-do-aeroporto-de-brasilia-ja-estao-em-andamento-na-anac\/#primaryimage\"},\"thumbnailUrl\":\"https:\/\/agenciainfra.com\/blog\/wp-content\/uploads\/2022\/07\/aeroporto-de-brasilia-foto-antonio-cruz-agencia-brasil.jpeg\",\"keywords\":[\"Aeroporto de Bras\u00edlia\",\"AmpliAR\",\"concess\u00e3o aeroportu\u00e1ria\",\"contratos de concess\u00e3o\",\"Dimmi Amora\",\"Inframerica\",\"Programa AmpliAR\",\"reequil\u00edbrio de contratos\",\"repactua\u00e7\u00e3o de contratos\",\"SecexConsenso\",\"solu\u00e7\u00e3o consensual\",\"TCU\"],\"articleSection\":[\"Destaque lista\",\"Geral\",\"iNFRATransporte\"],\"inLanguage\":\"pt-BR\",\"copyrightYear\":\"2025\",\"copyrightHolder\":{\"@id\":\"https:\/\/agenciainfra.com\/blog\/#organization\"}},{\"@type\":\"WebPage\",\"@id\":\"https:\/\/agenciainfra.com\/blog\/avaliacoes-para-repactuacao-da-concessao-do-aeroporto-de-brasilia-ja-estao-em-andamento-na-anac\/\",\"url\":\"https:\/\/agenciainfra.com\/blog\/avaliacoes-para-repactuacao-da-concessao-do-aeroporto-de-brasilia-ja-estao-em-andamento-na-anac\/\",\"name\":\"Avalia\u00e7\u00f5es para repactua\u00e7\u00e3o da concess\u00e3o do Aeroporto de Bras\u00edlia j\u00e1 est\u00e3o em andamento na ANAC - Ag\u00eancia iNFRA\",\"isPartOf\":{\"@id\":\"https:\/\/agenciainfra.com\/blog\/#website\"},\"primaryImageOfPage\":{\"@id\":\"https:\/\/agenciainfra.com\/blog\/avaliacoes-para-repactuacao-da-concessao-do-aeroporto-de-brasilia-ja-estao-em-andamento-na-anac\/#primaryimage\"},\"image\":{\"@id\":\"https:\/\/agenciainfra.com\/blog\/avaliacoes-para-repactuacao-da-concessao-do-aeroporto-de-brasilia-ja-estao-em-andamento-na-anac\/#primaryimage\"},\"thumbnailUrl\":\"https:\/\/agenciainfra.com\/blog\/wp-content\/uploads\/2022\/07\/aeroporto-de-brasilia-foto-antonio-cruz-agencia-brasil.jpeg\",\"datePublished\":\"2025-01-23T11:00:00+00:00\",\"dateModified\":\"2025-01-23T12:09:14+00:00\",\"breadcrumb\":{\"@id\":\"https:\/\/agenciainfra.com\/blog\/avaliacoes-para-repactuacao-da-concessao-do-aeroporto-de-brasilia-ja-estao-em-andamento-na-anac\/#breadcrumb\"},\"inLanguage\":\"pt-BR\",\"potentialAction\":[{\"@type\":\"ReadAction\",\"target\":[\"https:\/\/agenciainfra.com\/blog\/avaliacoes-para-repactuacao-da-concessao-do-aeroporto-de-brasilia-ja-estao-em-andamento-na-anac\/\"]}]},{\"@type\":\"ImageObject\",\"inLanguage\":\"pt-BR\",\"@id\":\"https:\/\/agenciainfra.com\/blog\/avaliacoes-para-repactuacao-da-concessao-do-aeroporto-de-brasilia-ja-estao-em-andamento-na-anac\/#primaryimage\",\"url\":\"https:\/\/agenciainfra.com\/blog\/wp-content\/uploads\/2022\/07\/aeroporto-de-brasilia-foto-antonio-cruz-agencia-brasil.jpeg\",\"contentUrl\":\"https:\/\/agenciainfra.com\/blog\/wp-content\/uploads\/2022\/07\/aeroporto-de-brasilia-foto-antonio-cruz-agencia-brasil.jpeg\",\"width\":1280,\"height\":766,\"caption\":\"Foto: Ant\u00f4nio Cruz\/Ag\u00eancia Brasil\"},{\"@type\":\"BreadcrumbList\",\"@id\":\"https:\/\/agenciainfra.com\/blog\/avaliacoes-para-repactuacao-da-concessao-do-aeroporto-de-brasilia-ja-estao-em-andamento-na-anac\/#breadcrumb\",\"itemListElement\":[{\"@type\":\"ListItem\",\"position\":1,\"name\":\"In\u00edcio\",\"item\":\"https:\/\/agenciainfra.com\/blog\/\"},{\"@type\":\"ListItem\",\"position\":2,\"name\":\"Avalia\u00e7\u00f5es para repactua\u00e7\u00e3o da concess\u00e3o do Aeroporto de Bras\u00edlia j\u00e1 est\u00e3o em andamento na ANAC\"}]},{\"@type\":\"WebSite\",\"@id\":\"https:\/\/agenciainfra.com\/blog\/#website\",\"url\":\"https:\/\/agenciainfra.com\/blog\/\",\"name\":\"Ag\u00eancia iNFRA\",\"description\":\"Multiplataforma de informa\u00e7\u00e3o jornal\u00edstica refer\u00eancia na \u00e1rea de infraestrutura no Brasil!\",\"publisher\":{\"@id\":\"https:\/\/agenciainfra.com\/blog\/#organization\"},\"potentialAction\":[{\"@type\":\"SearchAction\",\"target\":{\"@type\":\"EntryPoint\",\"urlTemplate\":\"https:\/\/agenciainfra.com\/blog\/?s={search_term_string}\"},\"query-input\":{\"@type\":\"PropertyValueSpecification\",\"valueRequired\":true,\"valueName\":\"search_term_string\"}}],\"inLanguage\":\"pt-BR\"},{\"@type\":\"Organization\",\"@id\":\"https:\/\/agenciainfra.com\/blog\/#organization\",\"name\":\"Ag\u00eancia iNFRA\",\"url\":\"https:\/\/agenciainfra.com\/blog\/\",\"logo\":{\"@type\":\"ImageObject\",\"inLanguage\":\"pt-BR\",\"@id\":\"https:\/\/agenciainfra.com\/blog\/#\/schema\/logo\/image\/\",\"url\":\"https:\/\/agenciainfra.com\/blog\/wp-content\/uploads\/2023\/09\/iNFRA_5-e1761735885940.png\",\"contentUrl\":\"https:\/\/agenciainfra.com\/blog\/wp-content\/uploads\/2023\/09\/iNFRA_5-e1761735885940.png\",\"width\":1672,\"height\":454,\"caption\":\"Ag\u00eancia iNFRA\"},\"image\":{\"@id\":\"https:\/\/agenciainfra.com\/blog\/#\/schema\/logo\/image\/\"},\"sameAs\":[\"https:\/\/www.facebook.com\/ageninfra\",\"https:\/\/x.com\/agencia_infra\",\"https:\/\/www.linkedin.com\/company\/ag\u00eanciainfra\/\",\"https:\/\/www.instagram.com\/agenciainfra\/\"]},{\"@type\":\"Person\",\"@id\":\"https:\/\/agenciainfra.com\/blog\/#\/schema\/person\/34af08dff6adea4cb22b06612ba7acfa\",\"name\":\"Ag\u00eancia iNFRA\",\"image\":{\"@type\":\"ImageObject\",\"inLanguage\":\"pt-BR\",\"@id\":\"https:\/\/agenciainfra.com\/blog\/#\/schema\/person\/image\/\",\"url\":\"https:\/\/secure.gravatar.com\/avatar\/d189e01678f06d8eb84d4e01f08eb848b3fffe3f8443818d3c356c66892f5be8?s=96&d=mm&r=g\",\"contentUrl\":\"https:\/\/secure.gravatar.com\/avatar\/d189e01678f06d8eb84d4e01f08eb848b3fffe3f8443818d3c356c66892f5be8?s=96&d=mm&r=g\",\"caption\":\"Ag\u00eancia iNFRA\"},\"url\":\"https:\/\/agenciainfra.com\/blog\/author\/admin\/\"}]}<\/script>\n<!-- \/ Yoast SEO Premium plugin. -->","yoast_head_json":{"title":"Avalia\u00e7\u00f5es para repactua\u00e7\u00e3o da concess\u00e3o do Aeroporto de Bras\u00edlia j\u00e1 est\u00e3o em andamento na ANAC - Ag\u00eancia iNFRA","robots":{"index":"index","follow":"follow","max-snippet":"max-snippet:-1","max-image-preview":"max-image-preview:large","max-video-preview":"max-video-preview:-1"},"canonical":"https:\/\/agenciainfra.com\/blog\/avaliacoes-para-repactuacao-da-concessao-do-aeroporto-de-brasilia-ja-estao-em-andamento-na-anac\/","og_locale":"pt_BR","og_type":"article","og_title":"Avalia\u00e7\u00f5es para repactua\u00e7\u00e3o da concess\u00e3o do Aeroporto de Bras\u00edlia j\u00e1 est\u00e3o em andamento na ANAC","og_description":"Dimmi Amora, da Ag\u00eancia iNFRA As tratativas entre o governo federal, ANAC (Ag\u00eancia Nacional de Avia\u00e7\u00e3o Civil) e a concession\u00e1ria Infram\u00e9rica, do Aeroporto de Bras\u00edlia (DF), para a repactua\u00e7\u00e3o do contrato de concess\u00e3o para um poss\u00edvel leil\u00e3o est\u00e3o em andamento desde dezembro do ano passado. As conversas giram em torno de fazer um acordo nos [&hellip;]","og_url":"https:\/\/agenciainfra.com\/blog\/avaliacoes-para-repactuacao-da-concessao-do-aeroporto-de-brasilia-ja-estao-em-andamento-na-anac\/","og_site_name":"Ag\u00eancia iNFRA","article_publisher":"https:\/\/www.facebook.com\/ageninfra","article_published_time":"2025-01-23T11:00:00+00:00","article_modified_time":"2025-01-23T12:09:14+00:00","og_image":[{"width":1280,"height":766,"url":"https:\/\/agenciainfra.com\/blog\/wp-content\/uploads\/2022\/07\/aeroporto-de-brasilia-foto-antonio-cruz-agencia-brasil.jpeg","type":"image\/jpeg"}],"author":"Ag\u00eancia iNFRA","twitter_card":"summary_large_image","twitter_creator":"@agencia_infra","twitter_site":"@agencia_infra","twitter_misc":{"Escrito por":"Ag\u00eancia iNFRA","Est. tempo de leitura":"3 minutos"},"schema":{"@context":"https:\/\/schema.org","@graph":[{"@type":"Article","@id":"https:\/\/agenciainfra.com\/blog\/avaliacoes-para-repactuacao-da-concessao-do-aeroporto-de-brasilia-ja-estao-em-andamento-na-anac\/#article","isPartOf":{"@id":"https:\/\/agenciainfra.com\/blog\/avaliacoes-para-repactuacao-da-concessao-do-aeroporto-de-brasilia-ja-estao-em-andamento-na-anac\/"},"author":{"name":"Ag\u00eancia iNFRA","@id":"https:\/\/agenciainfra.com\/blog\/#\/schema\/person\/34af08dff6adea4cb22b06612ba7acfa"},"headline":"Avalia\u00e7\u00f5es para repactua\u00e7\u00e3o da concess\u00e3o do Aeroporto de Bras\u00edlia j\u00e1 est\u00e3o em andamento na ANAC","datePublished":"2025-01-23T11:00:00+00:00","dateModified":"2025-01-23T12:09:14+00:00","mainEntityOfPage":{"@id":"https:\/\/agenciainfra.com\/blog\/avaliacoes-para-repactuacao-da-concessao-do-aeroporto-de-brasilia-ja-estao-em-andamento-na-anac\/"},"wordCount":654,"publisher":{"@id":"https:\/\/agenciainfra.com\/blog\/#organization"},"image":{"@id":"https:\/\/agenciainfra.com\/blog\/avaliacoes-para-repactuacao-da-concessao-do-aeroporto-de-brasilia-ja-estao-em-andamento-na-anac\/#primaryimage"},"thumbnailUrl":"https:\/\/agenciainfra.com\/blog\/wp-content\/uploads\/2022\/07\/aeroporto-de-brasilia-foto-antonio-cruz-agencia-brasil.jpeg","keywords":["Aeroporto de Bras\u00edlia","AmpliAR","concess\u00e3o aeroportu\u00e1ria","contratos de concess\u00e3o","Dimmi Amora","Inframerica","Programa AmpliAR","reequil\u00edbrio de contratos","repactua\u00e7\u00e3o de contratos","SecexConsenso","solu\u00e7\u00e3o consensual","TCU"],"articleSection":["Destaque lista","Geral","iNFRATransporte"],"inLanguage":"pt-BR","copyrightYear":"2025","copyrightHolder":{"@id":"https:\/\/agenciainfra.com\/blog\/#organization"}},{"@type":"WebPage","@id":"https:\/\/agenciainfra.com\/blog\/avaliacoes-para-repactuacao-da-concessao-do-aeroporto-de-brasilia-ja-estao-em-andamento-na-anac\/","url":"https:\/\/agenciainfra.com\/blog\/avaliacoes-para-repactuacao-da-concessao-do-aeroporto-de-brasilia-ja-estao-em-andamento-na-anac\/","name":"Avalia\u00e7\u00f5es para repactua\u00e7\u00e3o da concess\u00e3o do Aeroporto de Bras\u00edlia j\u00e1 est\u00e3o em andamento na ANAC - Ag\u00eancia iNFRA","isPartOf":{"@id":"https:\/\/agenciainfra.com\/blog\/#website"},"primaryImageOfPage":{"@id":"https:\/\/agenciainfra.com\/blog\/avaliacoes-para-repactuacao-da-concessao-do-aeroporto-de-brasilia-ja-estao-em-andamento-na-anac\/#primaryimage"},"image":{"@id":"https:\/\/agenciainfra.com\/blog\/avaliacoes-para-repactuacao-da-concessao-do-aeroporto-de-brasilia-ja-estao-em-andamento-na-anac\/#primaryimage"},"thumbnailUrl":"https:\/\/agenciainfra.com\/blog\/wp-content\/uploads\/2022\/07\/aeroporto-de-brasilia-foto-antonio-cruz-agencia-brasil.jpeg","datePublished":"2025-01-23T11:00:00+00:00","dateModified":"2025-01-23T12:09:14+00:00","breadcrumb":{"@id":"https:\/\/agenciainfra.com\/blog\/avaliacoes-para-repactuacao-da-concessao-do-aeroporto-de-brasilia-ja-estao-em-andamento-na-anac\/#breadcrumb"},"inLanguage":"pt-BR","potentialAction":[{"@type":"ReadAction","target":["https:\/\/agenciainfra.com\/blog\/avaliacoes-para-repactuacao-da-concessao-do-aeroporto-de-brasilia-ja-estao-em-andamento-na-anac\/"]}]},{"@type":"ImageObject","inLanguage":"pt-BR","@id":"https:\/\/agenciainfra.com\/blog\/avaliacoes-para-repactuacao-da-concessao-do-aeroporto-de-brasilia-ja-estao-em-andamento-na-anac\/#primaryimage","url":"https:\/\/agenciainfra.com\/blog\/wp-content\/uploads\/2022\/07\/aeroporto-de-brasilia-foto-antonio-cruz-agencia-brasil.jpeg","contentUrl":"https:\/\/agenciainfra.com\/blog\/wp-content\/uploads\/2022\/07\/aeroporto-de-brasilia-foto-antonio-cruz-agencia-brasil.jpeg","width":1280,"height":766,"caption":"Foto: Ant\u00f4nio Cruz\/Ag\u00eancia Brasil"},{"@type":"BreadcrumbList","@id":"https:\/\/agenciainfra.com\/blog\/avaliacoes-para-repactuacao-da-concessao-do-aeroporto-de-brasilia-ja-estao-em-andamento-na-anac\/#breadcrumb","itemListElement":[{"@type":"ListItem","position":1,"name":"In\u00edcio","item":"https:\/\/agenciainfra.com\/blog\/"},{"@type":"ListItem","position":2,"name":"Avalia\u00e7\u00f5es para repactua\u00e7\u00e3o da concess\u00e3o do Aeroporto de Bras\u00edlia j\u00e1 est\u00e3o em andamento na ANAC"}]},{"@type":"WebSite","@id":"https:\/\/agenciainfra.com\/blog\/#website","url":"https:\/\/agenciainfra.com\/blog\/","name":"Ag\u00eancia iNFRA","description":"Multiplataforma de informa\u00e7\u00e3o jornal\u00edstica refer\u00eancia na \u00e1rea de infraestrutura no Brasil!","publisher":{"@id":"https:\/\/agenciainfra.com\/blog\/#organization"},"potentialAction":[{"@type":"SearchAction","target":{"@type":"EntryPoint","urlTemplate":"https:\/\/agenciainfra.com\/blog\/?s={search_term_string}"},"query-input":{"@type":"PropertyValueSpecification","valueRequired":true,"valueName":"search_term_string"}}],"inLanguage":"pt-BR"},{"@type":"Organization","@id":"https:\/\/agenciainfra.com\/blog\/#organization","name":"Ag\u00eancia iNFRA","url":"https:\/\/agenciainfra.com\/blog\/","logo":{"@type":"ImageObject","inLanguage":"pt-BR","@id":"https:\/\/agenciainfra.com\/blog\/#\/schema\/logo\/image\/","url":"https:\/\/agenciainfra.com\/blog\/wp-content\/uploads\/2023\/09\/iNFRA_5-e1761735885940.png","contentUrl":"https:\/\/agenciainfra.com\/blog\/wp-content\/uploads\/2023\/09\/iNFRA_5-e1761735885940.png","width":1672,"height":454,"caption":"Ag\u00eancia iNFRA"},"image":{"@id":"https:\/\/agenciainfra.com\/blog\/#\/schema\/logo\/image\/"},"sameAs":["https:\/\/www.facebook.com\/ageninfra","https:\/\/x.com\/agencia_infra","https:\/\/www.linkedin.com\/company\/ag\u00eanciainfra\/","https:\/\/www.instagram.com\/agenciainfra\/"]},{"@type":"Person","@id":"https:\/\/agenciainfra.com\/blog\/#\/schema\/person\/34af08dff6adea4cb22b06612ba7acfa","name":"Ag\u00eancia iNFRA","image":{"@type":"ImageObject","inLanguage":"pt-BR","@id":"https:\/\/agenciainfra.com\/blog\/#\/schema\/person\/image\/","url":"https:\/\/secure.gravatar.com\/avatar\/d189e01678f06d8eb84d4e01f08eb848b3fffe3f8443818d3c356c66892f5be8?s=96&d=mm&r=g","contentUrl":"https:\/\/secure.gravatar.com\/avatar\/d189e01678f06d8eb84d4e01f08eb848b3fffe3f8443818d3c356c66892f5be8?s=96&d=mm&r=g","caption":"Ag\u00eancia iNFRA"},"url":"https:\/\/agenciainfra.com\/blog\/author\/admin\/"}]}},"_links":{"self":[{"href":"https:\/\/agenciainfra.com\/blog\/wp-json\/wp\/v2\/posts\/20059","targetHints":{"allow":["GET"]}}],"collection":[{"href":"https:\/\/agenciainfra.com\/blog\/wp-json\/wp\/v2\/posts"}],"about":[{"href":"https:\/\/agenciainfra.com\/blog\/wp-json\/wp\/v2\/types\/post"}],"author":[{"embeddable":true,"href":"https:\/\/agenciainfra.com\/blog\/wp-json\/wp\/v2\/users\/1"}],"replies":[{"embeddable":true,"href":"https:\/\/agenciainfra.com\/blog\/wp-json\/wp\/v2\/comments?post=20059"}],"version-history":[{"count":1,"href":"https:\/\/agenciainfra.com\/blog\/wp-json\/wp\/v2\/posts\/20059\/revisions"}],"predecessor-version":[{"id":20060,"href":"https:\/\/agenciainfra.com\/blog\/wp-json\/wp\/v2\/posts\/20059\/revisions\/20060"}],"wp:featuredmedia":[{"embeddable":true,"href":"https:\/\/agenciainfra.com\/blog\/wp-json\/wp\/v2\/media\/10787"}],"wp:attachment":[{"href":"https:\/\/agenciainfra.com\/blog\/wp-json\/wp\/v2\/media?parent=20059"}],"wp:term":[{"taxonomy":"category","embeddable":true,"href":"https:\/\/agenciainfra.com\/blog\/wp-json\/wp\/v2\/categories?post=20059"},{"taxonomy":"post_tag","embeddable":true,"href":"https:\/\/agenciainfra.com\/blog\/wp-json\/wp\/v2\/tags?post=20059"}],"curies":[{"name":"wp","href":"https:\/\/api.w.org\/{rel}","templated":true}]}}