{"id":20061,"date":"2025-01-22T09:00:00","date_gmt":"2025-01-22T12:00:00","guid":{"rendered":"https:\/\/agenciainfra.com\/blog\/?p=20061"},"modified":"2025-01-23T09:10:00","modified_gmt":"2025-01-23T12:10:00","slug":"anac-aprova-consulta-publica-para-revisao-de-regulamentacao-de-acessibilidade-no-transporte-aereo","status":"publish","type":"post","link":"https:\/\/agenciainfra.com\/blog\/anac-aprova-consulta-publica-para-revisao-de-regulamentacao-de-acessibilidade-no-transporte-aereo\/","title":{"rendered":"ANAC aprova consulta p\u00fablica para revis\u00e3o de regulamenta\u00e7\u00e3o de acessibilidade no transporte a\u00e9reo"},"content":{"rendered":"\n<p class=\"has-text-align-right\"><strong>Mar\u00edlia Sena, da Ag\u00eancia iNFRA<\/strong><\/p>\n\n\n\n<p>A ANAC (Ag\u00eancia Nacional de Avia\u00e7\u00e3o Civil) aprovou, nesta ter\u00e7a-feira (21), a abertura de consulta e audi\u00eancia p\u00fablica para revisar a regulamenta\u00e7\u00e3o de acessibilidade e assist\u00eancia especial aos passageiros no transporte a\u00e9reo. A proposta de revis\u00e3o da Resolu\u00e7\u00e3o 280\/2013 receber\u00e1 contribui\u00e7\u00f5es ao longo de 60 dias no \u00e2mbito da ag\u00eancia. A reuni\u00e3o pode ser acompanhada\u00a0<a href=\"https:\/\/www.youtube.com\/watch?v=db1chGMpN9c&amp;t=1s\" target=\"_blank\" rel=\"noreferrer noopener\">neste link<\/a>.<\/p>\n\n\n\n<p>A proposta de revis\u00e3o contempla quatro pontos principais, conforme explicou o relator da medida, o diretor Tiago Pereira. S\u00e3o eles: as informa\u00e7\u00f5es que o passageiro dever\u00e1 fornecer ao solicitar assist\u00eancia especial, a an\u00e1lise desta solicita\u00e7\u00e3o pelo transporte a\u00e9reo, a quest\u00e3o do acompanhante do passageiro com necessidade de assist\u00eancia especial, e o fornecimento de equipamentos para ascenso e descenso.<\/p>\n\n\n\n<p>A quest\u00e3o do acompanhante foi um tema amplamente debatido durante o desenvolvimento do projeto, segundo o diretor Tiago Pereira. A ANAC prop\u00f5e que o passageiro que requer atendimento especial tenha a autonomia de viajar sem acompanhante, caso deseje. No entanto, se optar por assist\u00eancia, o acompanhante ter\u00e1 isen\u00e7\u00e3o do valor total da passagem a\u00e9rea, exceto para os custos relacionados \u00e0 tarifa aeroportu\u00e1ria.<\/p>\n\n\n\n<p>\u201cO objetivo dessa medida regulat\u00f3ria \u00e9 garantir condi\u00e7\u00f5es iguais de acesso ao transporte a\u00e9reo. Dessa forma, passageiros que necessitam de acompanhamento por quest\u00f5es de seguran\u00e7a operacional n\u00e3o ter\u00e3o \u00f4nus adicionais com a aquisi\u00e7\u00e3o de bilhetes para acompanhantes. Trata-se, portanto, de uma medida de equidade\u201d, afirmou Tiago Pereira.<\/p>\n\n\n\n<p>O diretor Tiago Pereira, que \u00e9 o relator da medida, enfatizou a import\u00e2ncia de um debate amplo sobre o tema e anunciou que a ANAC enviar\u00e1 uma carta aos \u00f3rg\u00e3os p\u00fablicos e \u00e0s entidades n\u00e3o governamentais, incentivando a participa\u00e7\u00e3o de todos no processo de revis\u00e3o.<\/p>\n\n\n\n<p><strong>Tarifas de armazenagem e capatazia<\/strong><br>A ag\u00eancia tamb\u00e9m aprovou uma resolu\u00e7\u00e3o que estabelece as tarifas de armazenagem e capatazia para cargas importadas e a serem exportadas. Essa nova medida substitui a Portaria 219GC5\/2001, emitida pelo Comando da Aeron\u00e1utica.<\/p>\n\n\n\n<p>Entre as principais mudan\u00e7as, destaca-se a nova forma de contagem do per\u00edodo de armazenagem. A cobran\u00e7a passar\u00e1 a considerar apenas os dias \u00fateis de funcionamento do terminal de cargas, e n\u00e3o mais o funcionamento dos \u00f3rg\u00e3os p\u00fablicos envolvidos no processo.<\/p>\n\n\n\n<p>As tarifas de armazenagem e capatazia s\u00e3o aplic\u00e1veis \u00e0s cargas que transitam pelo recinto alfandegado administrado pela autoridade aeroportu\u00e1ria, enquanto essas permanecem sob sua guarda em \u00e1reas destinadas ao desembara\u00e7o aduaneiro. A concession\u00e1ria n\u00e3o ser\u00e1 respons\u00e1vel por cargas importadas ou exportadas que n\u00e3o estejam sob sua guarda, ficando isenta de qualquer responsabilidade, \u00f4nus ou indeniza\u00e7\u00e3o.<\/p>\n\n\n\n<p>Al\u00e9m disso, aeronaves importadas ou destinadas \u00e0 exporta\u00e7\u00e3o, que chegam em voo e permanecem nos p\u00e1tios durante o despacho aduaneiro, n\u00e3o estar\u00e3o sujeitas \u00e0s tarifas de armazenagem e capatazia. Nesses casos, apenas as tarifas de pouso e perman\u00eancia ser\u00e3o aplic\u00e1veis.<\/p>\n\n\n\n<p>Outra altera\u00e7\u00e3o foi o aumento do per\u00edodo de isen\u00e7\u00e3o das tarifas de armazenagem, que passou de cinco para 10 dias corridos. A nova legisla\u00e7\u00e3o entrar\u00e1 em vigor ap\u00f3s um prazo de 90 dias da sua publica\u00e7\u00e3o, garantindo tempo adequado para a adapta\u00e7\u00e3o \u00e0s novas normas.<\/p>\n\n\n\n<p><strong>Reequil\u00edbrio em raz\u00e3o da pandemia<\/strong><br>Na reuni\u00e3o, a ag\u00eancia tamb\u00e9m discutiu a situa\u00e7\u00e3o do Aeroporto Internacional de Fortaleza (CE), considerando os impactos da pandemia de Covid-19 no ano de 2024. O voto da diretora Mariana Alto\u00e9 seguiu o modelo definitivo de resolu\u00e7\u00e3o da ANAC, aprovado na \u00faltima semana, que orienta os reequil\u00edbrios financeiros das concession\u00e1rias de aeroportos devido \u00e0 pandemia.<\/p>\n\n\n\n<p>O valor proposto para o reequil\u00edbrio financeiro do aeroporto \u00e9 de R$ 61 milh\u00f5es, calculado at\u00e9 o final de 2024. De acordo com o novo m\u00e9todo, os reequil\u00edbrios s\u00e3o calculados com base em uma linha de refer\u00eancia de passageiros, estimada pela ag\u00eancia, desconsiderando os efeitos da Covid-19. Quando o aeroporto atingir essa linha de passageiros, os reequil\u00edbrios anuais ser\u00e3o suspensos. Essa decis\u00e3o ainda depende de aprova\u00e7\u00e3o pelo Minist\u00e9rio de Portos e Aeroportos.<\/p>\n","protected":false},"excerpt":{"rendered":"<p>Mar\u00edlia Sena, da Ag\u00eancia iNFRA A ANAC (Ag\u00eancia Nacional de Avia\u00e7\u00e3o Civil) aprovou, nesta ter\u00e7a-feira (21), a abertura de consulta e audi\u00eancia p\u00fablica para revisar a regulamenta\u00e7\u00e3o de acessibilidade e assist\u00eancia especial aos passageiros no transporte a\u00e9reo. A proposta de revis\u00e3o da Resolu\u00e7\u00e3o 280\/2013 receber\u00e1 contribui\u00e7\u00f5es ao longo de 60 dias no \u00e2mbito da ag\u00eancia. [&hellip;]<\/p>\n","protected":false},"author":1,"featured_media":8666,"comment_status":"closed","ping_status":"closed","sticky":false,"template":"","format":"standard","meta":{"_monsterinsights_skip_tracking":false,"_monsterinsights_sitenote_active":false,"_monsterinsights_sitenote_note":"","_monsterinsights_sitenote_category":0,"footnotes":""},"categories":[7250,1,7],"tags":[9456,12308,12313,242,236,11654,6919,1937,12309,12311,215,362,12310],"class_list":["post-20061","post","type-post","status-publish","format-standard","has-post-thumbnail","hentry","category-destaque-lista","category-geral","category-infratransporte","tag-acessibilidade","tag-acessibilidade-no-transporte-aereo","tag-aeroporto-de-fortaleza","tag-anac","tag-aviacao","tag-marilia-sena","tag-mpor","tag-reequilibrio-de-contratos","tag-resolucao-280-2013","tag-tarifa-de-armazenagem-e-capatazia","tag-tarifas","tag-transporte-aereo","tag-viagem-sem-acompanhamente"],"yoast_head":"<!-- This site is optimized with the Yoast SEO Premium plugin v25.4 (Yoast SEO v26.0) - https:\/\/yoast.com\/wordpress\/plugins\/seo\/ -->\n<title>ANAC aprova consulta p\u00fablica para revis\u00e3o de regulamenta\u00e7\u00e3o de acessibilidade no transporte a\u00e9reo - Ag\u00eancia iNFRA<\/title>\n<meta name=\"robots\" content=\"index, follow, max-snippet:-1, max-image-preview:large, max-video-preview:-1\" \/>\n<link rel=\"canonical\" href=\"https:\/\/agenciainfra.com\/blog\/anac-aprova-consulta-publica-para-revisao-de-regulamentacao-de-acessibilidade-no-transporte-aereo\/\" \/>\n<meta property=\"og:locale\" content=\"pt_BR\" \/>\n<meta property=\"og:type\" content=\"article\" \/>\n<meta property=\"og:title\" content=\"ANAC aprova consulta p\u00fablica para revis\u00e3o de regulamenta\u00e7\u00e3o de acessibilidade no transporte a\u00e9reo\" \/>\n<meta property=\"og:description\" content=\"Mar\u00edlia Sena, da Ag\u00eancia iNFRA A ANAC (Ag\u00eancia Nacional de Avia\u00e7\u00e3o Civil) aprovou, nesta ter\u00e7a-feira (21), a abertura de consulta e audi\u00eancia p\u00fablica para revisar a regulamenta\u00e7\u00e3o de acessibilidade e assist\u00eancia especial aos passageiros no transporte a\u00e9reo. A proposta de revis\u00e3o da Resolu\u00e7\u00e3o 280\/2013 receber\u00e1 contribui\u00e7\u00f5es ao longo de 60 dias no \u00e2mbito da ag\u00eancia. [&hellip;]\" \/>\n<meta property=\"og:url\" content=\"https:\/\/agenciainfra.com\/blog\/anac-aprova-consulta-publica-para-revisao-de-regulamentacao-de-acessibilidade-no-transporte-aereo\/\" \/>\n<meta property=\"og:site_name\" content=\"Ag\u00eancia iNFRA\" \/>\n<meta property=\"article:publisher\" content=\"https:\/\/www.facebook.com\/ageninfra\" \/>\n<meta property=\"article:published_time\" content=\"2025-01-22T12:00:00+00:00\" \/>\n<meta property=\"article:modified_time\" content=\"2025-01-23T12:10:00+00:00\" \/>\n<meta property=\"og:image\" content=\"https:\/\/agenciainfra.com\/blog\/wp-content\/uploads\/2021\/10\/aeroporto-galeao-foto-fernando-frazao-agencia-brasil.jpg\" \/>\n\t<meta property=\"og:image:width\" content=\"1280\" \/>\n\t<meta property=\"og:image:height\" content=\"716\" \/>\n\t<meta property=\"og:image:type\" content=\"image\/jpeg\" \/>\n<meta name=\"author\" content=\"Ag\u00eancia iNFRA\" \/>\n<meta name=\"twitter:card\" content=\"summary_large_image\" \/>\n<meta name=\"twitter:creator\" content=\"@agencia_infra\" \/>\n<meta name=\"twitter:site\" content=\"@agencia_infra\" \/>\n<meta name=\"twitter:label1\" content=\"Escrito por\" \/>\n\t<meta name=\"twitter:data1\" content=\"Ag\u00eancia iNFRA\" \/>\n\t<meta name=\"twitter:label2\" content=\"Est. tempo de leitura\" \/>\n\t<meta name=\"twitter:data2\" content=\"4 minutos\" \/>\n<script type=\"application\/ld+json\" class=\"yoast-schema-graph\">{\"@context\":\"https:\/\/schema.org\",\"@graph\":[{\"@type\":\"Article\",\"@id\":\"https:\/\/agenciainfra.com\/blog\/anac-aprova-consulta-publica-para-revisao-de-regulamentacao-de-acessibilidade-no-transporte-aereo\/#article\",\"isPartOf\":{\"@id\":\"https:\/\/agenciainfra.com\/blog\/anac-aprova-consulta-publica-para-revisao-de-regulamentacao-de-acessibilidade-no-transporte-aereo\/\"},\"author\":{\"name\":\"Ag\u00eancia iNFRA\",\"@id\":\"https:\/\/agenciainfra.com\/blog\/#\/schema\/person\/34af08dff6adea4cb22b06612ba7acfa\"},\"headline\":\"ANAC aprova consulta p\u00fablica para revis\u00e3o de regulamenta\u00e7\u00e3o de acessibilidade no transporte a\u00e9reo\",\"datePublished\":\"2025-01-22T12:00:00+00:00\",\"dateModified\":\"2025-01-23T12:10:00+00:00\",\"mainEntityOfPage\":{\"@id\":\"https:\/\/agenciainfra.com\/blog\/anac-aprova-consulta-publica-para-revisao-de-regulamentacao-de-acessibilidade-no-transporte-aereo\/\"},\"wordCount\":726,\"publisher\":{\"@id\":\"https:\/\/agenciainfra.com\/blog\/#organization\"},\"image\":{\"@id\":\"https:\/\/agenciainfra.com\/blog\/anac-aprova-consulta-publica-para-revisao-de-regulamentacao-de-acessibilidade-no-transporte-aereo\/#primaryimage\"},\"thumbnailUrl\":\"https:\/\/agenciainfra.com\/blog\/wp-content\/uploads\/2021\/10\/aeroporto-galeao-foto-fernando-frazao-agencia-brasil.jpg\",\"keywords\":[\"acessibilidade\",\"acessibilidade no transporte a\u00e9reo\",\"aeroporto de fortaleza\",\"ANAC\",\"avia\u00e7\u00e3o\",\"Mar\u00edlia Sena\",\"MPor\",\"reequil\u00edbrio de contratos\",\"resolu\u00e7\u00e3o 280\/2013\",\"tarifa de armazenagem e capatazia\",\"tarifas\",\"transporte a\u00e9reo\",\"viagem sem acompanhamente\"],\"articleSection\":[\"Destaque lista\",\"Geral\",\"iNFRATransporte\"],\"inLanguage\":\"pt-BR\",\"copyrightYear\":\"2025\",\"copyrightHolder\":{\"@id\":\"https:\/\/agenciainfra.com\/blog\/#organization\"}},{\"@type\":\"WebPage\",\"@id\":\"https:\/\/agenciainfra.com\/blog\/anac-aprova-consulta-publica-para-revisao-de-regulamentacao-de-acessibilidade-no-transporte-aereo\/\",\"url\":\"https:\/\/agenciainfra.com\/blog\/anac-aprova-consulta-publica-para-revisao-de-regulamentacao-de-acessibilidade-no-transporte-aereo\/\",\"name\":\"ANAC aprova consulta p\u00fablica para revis\u00e3o de regulamenta\u00e7\u00e3o de acessibilidade no transporte a\u00e9reo - Ag\u00eancia iNFRA\",\"isPartOf\":{\"@id\":\"https:\/\/agenciainfra.com\/blog\/#website\"},\"primaryImageOfPage\":{\"@id\":\"https:\/\/agenciainfra.com\/blog\/anac-aprova-consulta-publica-para-revisao-de-regulamentacao-de-acessibilidade-no-transporte-aereo\/#primaryimage\"},\"image\":{\"@id\":\"https:\/\/agenciainfra.com\/blog\/anac-aprova-consulta-publica-para-revisao-de-regulamentacao-de-acessibilidade-no-transporte-aereo\/#primaryimage\"},\"thumbnailUrl\":\"https:\/\/agenciainfra.com\/blog\/wp-content\/uploads\/2021\/10\/aeroporto-galeao-foto-fernando-frazao-agencia-brasil.jpg\",\"datePublished\":\"2025-01-22T12:00:00+00:00\",\"dateModified\":\"2025-01-23T12:10:00+00:00\",\"breadcrumb\":{\"@id\":\"https:\/\/agenciainfra.com\/blog\/anac-aprova-consulta-publica-para-revisao-de-regulamentacao-de-acessibilidade-no-transporte-aereo\/#breadcrumb\"},\"inLanguage\":\"pt-BR\",\"potentialAction\":[{\"@type\":\"ReadAction\",\"target\":[\"https:\/\/agenciainfra.com\/blog\/anac-aprova-consulta-publica-para-revisao-de-regulamentacao-de-acessibilidade-no-transporte-aereo\/\"]}]},{\"@type\":\"ImageObject\",\"inLanguage\":\"pt-BR\",\"@id\":\"https:\/\/agenciainfra.com\/blog\/anac-aprova-consulta-publica-para-revisao-de-regulamentacao-de-acessibilidade-no-transporte-aereo\/#primaryimage\",\"url\":\"https:\/\/agenciainfra.com\/blog\/wp-content\/uploads\/2021\/10\/aeroporto-galeao-foto-fernando-frazao-agencia-brasil.jpg\",\"contentUrl\":\"https:\/\/agenciainfra.com\/blog\/wp-content\/uploads\/2021\/10\/aeroporto-galeao-foto-fernando-frazao-agencia-brasil.jpg\",\"width\":1280,\"height\":716,\"caption\":\"Foto: Fernando Fraz\u00e3o\/Ag\u00eancia Brasil\"},{\"@type\":\"BreadcrumbList\",\"@id\":\"https:\/\/agenciainfra.com\/blog\/anac-aprova-consulta-publica-para-revisao-de-regulamentacao-de-acessibilidade-no-transporte-aereo\/#breadcrumb\",\"itemListElement\":[{\"@type\":\"ListItem\",\"position\":1,\"name\":\"In\u00edcio\",\"item\":\"https:\/\/agenciainfra.com\/blog\/\"},{\"@type\":\"ListItem\",\"position\":2,\"name\":\"ANAC aprova consulta p\u00fablica para revis\u00e3o de regulamenta\u00e7\u00e3o de acessibilidade no transporte a\u00e9reo\"}]},{\"@type\":\"WebSite\",\"@id\":\"https:\/\/agenciainfra.com\/blog\/#website\",\"url\":\"https:\/\/agenciainfra.com\/blog\/\",\"name\":\"Ag\u00eancia iNFRA\",\"description\":\"Multiplataforma de informa\u00e7\u00e3o jornal\u00edstica refer\u00eancia na \u00e1rea de infraestrutura no Brasil!\",\"publisher\":{\"@id\":\"https:\/\/agenciainfra.com\/blog\/#organization\"},\"potentialAction\":[{\"@type\":\"SearchAction\",\"target\":{\"@type\":\"EntryPoint\",\"urlTemplate\":\"https:\/\/agenciainfra.com\/blog\/?s={search_term_string}\"},\"query-input\":{\"@type\":\"PropertyValueSpecification\",\"valueRequired\":true,\"valueName\":\"search_term_string\"}}],\"inLanguage\":\"pt-BR\"},{\"@type\":\"Organization\",\"@id\":\"https:\/\/agenciainfra.com\/blog\/#organization\",\"name\":\"Ag\u00eancia iNFRA\",\"url\":\"https:\/\/agenciainfra.com\/blog\/\",\"logo\":{\"@type\":\"ImageObject\",\"inLanguage\":\"pt-BR\",\"@id\":\"https:\/\/agenciainfra.com\/blog\/#\/schema\/logo\/image\/\",\"url\":\"https:\/\/agenciainfra.com\/blog\/wp-content\/uploads\/2023\/09\/iNFRA_5-e1761735885940.png\",\"contentUrl\":\"https:\/\/agenciainfra.com\/blog\/wp-content\/uploads\/2023\/09\/iNFRA_5-e1761735885940.png\",\"width\":1672,\"height\":454,\"caption\":\"Ag\u00eancia iNFRA\"},\"image\":{\"@id\":\"https:\/\/agenciainfra.com\/blog\/#\/schema\/logo\/image\/\"},\"sameAs\":[\"https:\/\/www.facebook.com\/ageninfra\",\"https:\/\/x.com\/agencia_infra\",\"https:\/\/www.linkedin.com\/company\/ag\u00eanciainfra\/\",\"https:\/\/www.instagram.com\/agenciainfra\/\"]},{\"@type\":\"Person\",\"@id\":\"https:\/\/agenciainfra.com\/blog\/#\/schema\/person\/34af08dff6adea4cb22b06612ba7acfa\",\"name\":\"Ag\u00eancia iNFRA\",\"image\":{\"@type\":\"ImageObject\",\"inLanguage\":\"pt-BR\",\"@id\":\"https:\/\/agenciainfra.com\/blog\/#\/schema\/person\/image\/\",\"url\":\"https:\/\/secure.gravatar.com\/avatar\/d189e01678f06d8eb84d4e01f08eb848b3fffe3f8443818d3c356c66892f5be8?s=96&d=mm&r=g\",\"contentUrl\":\"https:\/\/secure.gravatar.com\/avatar\/d189e01678f06d8eb84d4e01f08eb848b3fffe3f8443818d3c356c66892f5be8?s=96&d=mm&r=g\",\"caption\":\"Ag\u00eancia iNFRA\"},\"url\":\"https:\/\/agenciainfra.com\/blog\/author\/admin\/\"}]}<\/script>\n<!-- \/ Yoast SEO Premium plugin. -->","yoast_head_json":{"title":"ANAC aprova consulta p\u00fablica para revis\u00e3o de regulamenta\u00e7\u00e3o de acessibilidade no transporte a\u00e9reo - Ag\u00eancia iNFRA","robots":{"index":"index","follow":"follow","max-snippet":"max-snippet:-1","max-image-preview":"max-image-preview:large","max-video-preview":"max-video-preview:-1"},"canonical":"https:\/\/agenciainfra.com\/blog\/anac-aprova-consulta-publica-para-revisao-de-regulamentacao-de-acessibilidade-no-transporte-aereo\/","og_locale":"pt_BR","og_type":"article","og_title":"ANAC aprova consulta p\u00fablica para revis\u00e3o de regulamenta\u00e7\u00e3o de acessibilidade no transporte a\u00e9reo","og_description":"Mar\u00edlia Sena, da Ag\u00eancia iNFRA A ANAC (Ag\u00eancia Nacional de Avia\u00e7\u00e3o Civil) aprovou, nesta ter\u00e7a-feira (21), a abertura de consulta e audi\u00eancia p\u00fablica para revisar a regulamenta\u00e7\u00e3o de acessibilidade e assist\u00eancia especial aos passageiros no transporte a\u00e9reo. A proposta de revis\u00e3o da Resolu\u00e7\u00e3o 280\/2013 receber\u00e1 contribui\u00e7\u00f5es ao longo de 60 dias no \u00e2mbito da ag\u00eancia. [&hellip;]","og_url":"https:\/\/agenciainfra.com\/blog\/anac-aprova-consulta-publica-para-revisao-de-regulamentacao-de-acessibilidade-no-transporte-aereo\/","og_site_name":"Ag\u00eancia iNFRA","article_publisher":"https:\/\/www.facebook.com\/ageninfra","article_published_time":"2025-01-22T12:00:00+00:00","article_modified_time":"2025-01-23T12:10:00+00:00","og_image":[{"width":1280,"height":716,"url":"https:\/\/agenciainfra.com\/blog\/wp-content\/uploads\/2021\/10\/aeroporto-galeao-foto-fernando-frazao-agencia-brasil.jpg","type":"image\/jpeg"}],"author":"Ag\u00eancia iNFRA","twitter_card":"summary_large_image","twitter_creator":"@agencia_infra","twitter_site":"@agencia_infra","twitter_misc":{"Escrito por":"Ag\u00eancia iNFRA","Est. tempo de leitura":"4 minutos"},"schema":{"@context":"https:\/\/schema.org","@graph":[{"@type":"Article","@id":"https:\/\/agenciainfra.com\/blog\/anac-aprova-consulta-publica-para-revisao-de-regulamentacao-de-acessibilidade-no-transporte-aereo\/#article","isPartOf":{"@id":"https:\/\/agenciainfra.com\/blog\/anac-aprova-consulta-publica-para-revisao-de-regulamentacao-de-acessibilidade-no-transporte-aereo\/"},"author":{"name":"Ag\u00eancia iNFRA","@id":"https:\/\/agenciainfra.com\/blog\/#\/schema\/person\/34af08dff6adea4cb22b06612ba7acfa"},"headline":"ANAC aprova consulta p\u00fablica para revis\u00e3o de regulamenta\u00e7\u00e3o de acessibilidade no transporte a\u00e9reo","datePublished":"2025-01-22T12:00:00+00:00","dateModified":"2025-01-23T12:10:00+00:00","mainEntityOfPage":{"@id":"https:\/\/agenciainfra.com\/blog\/anac-aprova-consulta-publica-para-revisao-de-regulamentacao-de-acessibilidade-no-transporte-aereo\/"},"wordCount":726,"publisher":{"@id":"https:\/\/agenciainfra.com\/blog\/#organization"},"image":{"@id":"https:\/\/agenciainfra.com\/blog\/anac-aprova-consulta-publica-para-revisao-de-regulamentacao-de-acessibilidade-no-transporte-aereo\/#primaryimage"},"thumbnailUrl":"https:\/\/agenciainfra.com\/blog\/wp-content\/uploads\/2021\/10\/aeroporto-galeao-foto-fernando-frazao-agencia-brasil.jpg","keywords":["acessibilidade","acessibilidade no transporte a\u00e9reo","aeroporto de fortaleza","ANAC","avia\u00e7\u00e3o","Mar\u00edlia Sena","MPor","reequil\u00edbrio de contratos","resolu\u00e7\u00e3o 280\/2013","tarifa de armazenagem e capatazia","tarifas","transporte a\u00e9reo","viagem sem acompanhamente"],"articleSection":["Destaque lista","Geral","iNFRATransporte"],"inLanguage":"pt-BR","copyrightYear":"2025","copyrightHolder":{"@id":"https:\/\/agenciainfra.com\/blog\/#organization"}},{"@type":"WebPage","@id":"https:\/\/agenciainfra.com\/blog\/anac-aprova-consulta-publica-para-revisao-de-regulamentacao-de-acessibilidade-no-transporte-aereo\/","url":"https:\/\/agenciainfra.com\/blog\/anac-aprova-consulta-publica-para-revisao-de-regulamentacao-de-acessibilidade-no-transporte-aereo\/","name":"ANAC aprova consulta p\u00fablica para revis\u00e3o de regulamenta\u00e7\u00e3o de acessibilidade no transporte a\u00e9reo - Ag\u00eancia iNFRA","isPartOf":{"@id":"https:\/\/agenciainfra.com\/blog\/#website"},"primaryImageOfPage":{"@id":"https:\/\/agenciainfra.com\/blog\/anac-aprova-consulta-publica-para-revisao-de-regulamentacao-de-acessibilidade-no-transporte-aereo\/#primaryimage"},"image":{"@id":"https:\/\/agenciainfra.com\/blog\/anac-aprova-consulta-publica-para-revisao-de-regulamentacao-de-acessibilidade-no-transporte-aereo\/#primaryimage"},"thumbnailUrl":"https:\/\/agenciainfra.com\/blog\/wp-content\/uploads\/2021\/10\/aeroporto-galeao-foto-fernando-frazao-agencia-brasil.jpg","datePublished":"2025-01-22T12:00:00+00:00","dateModified":"2025-01-23T12:10:00+00:00","breadcrumb":{"@id":"https:\/\/agenciainfra.com\/blog\/anac-aprova-consulta-publica-para-revisao-de-regulamentacao-de-acessibilidade-no-transporte-aereo\/#breadcrumb"},"inLanguage":"pt-BR","potentialAction":[{"@type":"ReadAction","target":["https:\/\/agenciainfra.com\/blog\/anac-aprova-consulta-publica-para-revisao-de-regulamentacao-de-acessibilidade-no-transporte-aereo\/"]}]},{"@type":"ImageObject","inLanguage":"pt-BR","@id":"https:\/\/agenciainfra.com\/blog\/anac-aprova-consulta-publica-para-revisao-de-regulamentacao-de-acessibilidade-no-transporte-aereo\/#primaryimage","url":"https:\/\/agenciainfra.com\/blog\/wp-content\/uploads\/2021\/10\/aeroporto-galeao-foto-fernando-frazao-agencia-brasil.jpg","contentUrl":"https:\/\/agenciainfra.com\/blog\/wp-content\/uploads\/2021\/10\/aeroporto-galeao-foto-fernando-frazao-agencia-brasil.jpg","width":1280,"height":716,"caption":"Foto: Fernando Fraz\u00e3o\/Ag\u00eancia Brasil"},{"@type":"BreadcrumbList","@id":"https:\/\/agenciainfra.com\/blog\/anac-aprova-consulta-publica-para-revisao-de-regulamentacao-de-acessibilidade-no-transporte-aereo\/#breadcrumb","itemListElement":[{"@type":"ListItem","position":1,"name":"In\u00edcio","item":"https:\/\/agenciainfra.com\/blog\/"},{"@type":"ListItem","position":2,"name":"ANAC aprova consulta p\u00fablica para revis\u00e3o de regulamenta\u00e7\u00e3o de acessibilidade no transporte a\u00e9reo"}]},{"@type":"WebSite","@id":"https:\/\/agenciainfra.com\/blog\/#website","url":"https:\/\/agenciainfra.com\/blog\/","name":"Ag\u00eancia iNFRA","description":"Multiplataforma de informa\u00e7\u00e3o jornal\u00edstica refer\u00eancia na \u00e1rea de infraestrutura no Brasil!","publisher":{"@id":"https:\/\/agenciainfra.com\/blog\/#organization"},"potentialAction":[{"@type":"SearchAction","target":{"@type":"EntryPoint","urlTemplate":"https:\/\/agenciainfra.com\/blog\/?s={search_term_string}"},"query-input":{"@type":"PropertyValueSpecification","valueRequired":true,"valueName":"search_term_string"}}],"inLanguage":"pt-BR"},{"@type":"Organization","@id":"https:\/\/agenciainfra.com\/blog\/#organization","name":"Ag\u00eancia iNFRA","url":"https:\/\/agenciainfra.com\/blog\/","logo":{"@type":"ImageObject","inLanguage":"pt-BR","@id":"https:\/\/agenciainfra.com\/blog\/#\/schema\/logo\/image\/","url":"https:\/\/agenciainfra.com\/blog\/wp-content\/uploads\/2023\/09\/iNFRA_5-e1761735885940.png","contentUrl":"https:\/\/agenciainfra.com\/blog\/wp-content\/uploads\/2023\/09\/iNFRA_5-e1761735885940.png","width":1672,"height":454,"caption":"Ag\u00eancia iNFRA"},"image":{"@id":"https:\/\/agenciainfra.com\/blog\/#\/schema\/logo\/image\/"},"sameAs":["https:\/\/www.facebook.com\/ageninfra","https:\/\/x.com\/agencia_infra","https:\/\/www.linkedin.com\/company\/ag\u00eanciainfra\/","https:\/\/www.instagram.com\/agenciainfra\/"]},{"@type":"Person","@id":"https:\/\/agenciainfra.com\/blog\/#\/schema\/person\/34af08dff6adea4cb22b06612ba7acfa","name":"Ag\u00eancia iNFRA","image":{"@type":"ImageObject","inLanguage":"pt-BR","@id":"https:\/\/agenciainfra.com\/blog\/#\/schema\/person\/image\/","url":"https:\/\/secure.gravatar.com\/avatar\/d189e01678f06d8eb84d4e01f08eb848b3fffe3f8443818d3c356c66892f5be8?s=96&d=mm&r=g","contentUrl":"https:\/\/secure.gravatar.com\/avatar\/d189e01678f06d8eb84d4e01f08eb848b3fffe3f8443818d3c356c66892f5be8?s=96&d=mm&r=g","caption":"Ag\u00eancia iNFRA"},"url":"https:\/\/agenciainfra.com\/blog\/author\/admin\/"}]}},"_links":{"self":[{"href":"https:\/\/agenciainfra.com\/blog\/wp-json\/wp\/v2\/posts\/20061","targetHints":{"allow":["GET"]}}],"collection":[{"href":"https:\/\/agenciainfra.com\/blog\/wp-json\/wp\/v2\/posts"}],"about":[{"href":"https:\/\/agenciainfra.com\/blog\/wp-json\/wp\/v2\/types\/post"}],"author":[{"embeddable":true,"href":"https:\/\/agenciainfra.com\/blog\/wp-json\/wp\/v2\/users\/1"}],"replies":[{"embeddable":true,"href":"https:\/\/agenciainfra.com\/blog\/wp-json\/wp\/v2\/comments?post=20061"}],"version-history":[{"count":1,"href":"https:\/\/agenciainfra.com\/blog\/wp-json\/wp\/v2\/posts\/20061\/revisions"}],"predecessor-version":[{"id":20062,"href":"https:\/\/agenciainfra.com\/blog\/wp-json\/wp\/v2\/posts\/20061\/revisions\/20062"}],"wp:featuredmedia":[{"embeddable":true,"href":"https:\/\/agenciainfra.com\/blog\/wp-json\/wp\/v2\/media\/8666"}],"wp:attachment":[{"href":"https:\/\/agenciainfra.com\/blog\/wp-json\/wp\/v2\/media?parent=20061"}],"wp:term":[{"taxonomy":"category","embeddable":true,"href":"https:\/\/agenciainfra.com\/blog\/wp-json\/wp\/v2\/categories?post=20061"},{"taxonomy":"post_tag","embeddable":true,"href":"https:\/\/agenciainfra.com\/blog\/wp-json\/wp\/v2\/tags?post=20061"}],"curies":[{"name":"wp","href":"https:\/\/api.w.org\/{rel}","templated":true}]}}