{"id":20063,"date":"2025-01-22T15:30:00","date_gmt":"2025-01-22T18:30:00","guid":{"rendered":"https:\/\/agenciainfra.com\/blog\/?p=20063"},"modified":"2025-01-23T09:22:05","modified_gmt":"2025-01-23T12:22:05","slug":"opiniao-por-um-sistema-rodoviario-robusto-e-eficiente-a-contribuicao-dos-usuarios","status":"publish","type":"post","link":"https:\/\/agenciainfra.com\/blog\/opiniao-por-um-sistema-rodoviario-robusto-e-eficiente-a-contribuicao-dos-usuarios\/","title":{"rendered":"Opini\u00e3o \u2013 Por um sistema rodovi\u00e1rio robusto e eficiente: a contribui\u00e7\u00e3o dos usu\u00e1rios"},"content":{"rendered":"\n<p class=\"has-text-align-right\"><strong>Luis Baldez*<\/strong><\/p>\n\n\n\n<p>Em 1997, foi publicada a Lei n\u00ba 9.491, que disp\u00f4s sobre o regime de concess\u00e3o e permiss\u00e3o da presta\u00e7\u00e3o de servi\u00e7os p\u00fablicos tendo como um dos objetivos fundamentais \u201ccontribuir para a moderniza\u00e7\u00e3o da infraestrutura e do parque industrial do pa\u00eds, ampliando sua competitividade e refor\u00e7ando a capacidade empresarial nos diversos setores da economia\u201d.<\/p>\n\n\n\n<p><a><\/a>Passados quase 30 anos, ainda n\u00e3o se tem uma avalia\u00e7\u00e3o completa se essa pol\u00edtica p\u00fablica de parceria com o setor privado atingiu os objetivos propalados na referida lei, principalmente quanto \u00e0 moderniza\u00e7\u00e3o da infraestrutura e o aumento de competitividade da economia. Ali\u00e1s, esta \u00e9 uma defici\u00eancia t\u00edpica no Brasil, onde n\u00e3o se consolidou uma cultura de avalia\u00e7\u00e3o de resultados de marcos regulat\u00f3rios frente \u00e0queles objetivos previamente explicitados (\u201cavalia\u00e7\u00e3o ex-post\u201d<em>).<\/em><\/p>\n\n\n\n<p>A concess\u00e3o de rodovias iniciada em 1997, \u00e9 um case que a Anut (Associa\u00e7\u00e3o Nacional dos Usu\u00e1rios do Transporte de Carga), como entidade representativa dos usu\u00e1rios, abordou em estudos internos elaborando um diagn\u00f3stico de resultados quanto aos aspectos de aloca\u00e7\u00e3o de recursos financeiros e de qualidade das vias. Prospecta tamb\u00e9m uma vis\u00e3o de longo prazo para o sistema rodovi\u00e1rio.<\/p>\n\n\n\n<p>Nos \u00faltimos 10 anos, as concession\u00e1rias de rodovias federais arrecadaram cerca de R$ 150 bilh\u00f5es em ped\u00e1gios, alocando R$ 120 bilh\u00f5es na pr\u00f3pria via e apropriando o restante para remunera\u00e7\u00e3o dos investimentos realizados. Todos os valores s\u00e3o referentes a dezembro de 2024, atualizados pelo IPCA (\u00cdndice Nacional de Pre\u00e7os ao Consumidor Amplo).<\/p>\n\n\n\n<p>Conceitualmente, o volume de recursos aplicados diretamente nas rodovias pelas concession\u00e1rias (investimentos, manuten\u00e7\u00e3o e opera\u00e7\u00e3o) representam, como contrapartida, uma libera\u00e7\u00e3o de valores or\u00e7ament\u00e1rios na mesma medida, ou seja, quando os usu\u00e1rios financiam, via ped\u00e1gio, todas as interven\u00e7\u00f5es na via, abre-se um volume de recursos p\u00fablicos equivalentes para serem aplicados em outros projetos rodovi\u00e1rios de investimentos e manuten\u00e7\u00e3o.<\/p>\n\n\n\n<p>Ressalte-se que, dos R$ 120 bilh\u00f5es aplicados, R$ 70 bilh\u00f5es foram em investimentos, R$ 35 bilh\u00f5es em opera\u00e7\u00e3o e manuten\u00e7\u00e3o e R$ 15 bilh\u00f5es em tributos e verbas fiscalizat\u00f3rias. Este \u00e9 o tamanho da libera\u00e7\u00e3o de recursos p\u00fablicos para aplica\u00e7\u00e3o em melhorias, manuten\u00e7\u00e3o e expans\u00e3o da malha rodovi\u00e1ria num per\u00edodo de 10 anos.<\/p>\n\n\n\n<p>Seguindo a Pesquisa CNT 2023, o estado geral das rodovias sob gest\u00e3o p\u00fablica \u00e9 de 40% de \u00f3timo\/bom e 60% de regular\/ruim\/p\u00e9ssimo. Portanto, o foco de recupera\u00e7\u00e3o de trechos seria de cerca de 30 mil km de vias federais que ainda est\u00e3o em estado insatisfat\u00f3rio de qualidade.<\/p>\n\n\n\n<p>Desta forma, a Anut entende que seria necess\u00e1rio estruturar um plano de recupera\u00e7\u00e3o e expans\u00e3o da malha rodovi\u00e1ria brasileira de longo prazo (10 anos), o qual deveria se sustentar nos seguintes pressupostos e a\u00e7\u00f5es:<\/p>\n\n\n\n<ul class=\"wp-block-list\">\n<li>Decis\u00e3o de pol\u00edtica p\u00fablica de que seriam disponibilizados recursos p\u00fablicos equivalentes \u00e0queles transferidos \u00e0 inciativa privada, via concess\u00e3o, os quais s\u00e3o financiados pelos usu\u00e1rios, via tarifa de ped\u00e1gio (neste caso, cerca de R$ 120 bilh\u00f5es, a cada 10 anos);<\/li>\n\n\n\n<li>Aplica\u00e7\u00e3o de parte dos recursos para recupera\u00e7\u00e3o e manuten\u00e7\u00e3o dos atuais\u00a0 trechos considerados insatisfat\u00f3rios colocando-os, num per\u00edodo de tr\u00eas anos, na condi\u00e7\u00e3o \u00f3timo\/bom (neste caso, cerca de R$ 15 bilh\u00f5es);<\/li>\n\n\n\n<li>Aplica\u00e7\u00e3o de parte dos recursos para manuten\u00e7\u00e3o da malha ap\u00f3s atingir a condi\u00e7\u00e3o de \u00f3timo\/bom em toda a malha federal (neste caso, cerca de R$ 55 bilh\u00f5es);<\/li>\n\n\n\n<li>Expans\u00e3o da malha federal em 10 mil km de rodovias de alta performance (nesta caso, cerca de R$ 50 bilh\u00f5es);<\/li>\n\n\n\n<li>Com um sistema rodovi\u00e1rio robusto e de alta qualidade de tr\u00e1fego, a redu\u00e7\u00e3o de custo do transporte rodovi\u00e1rio ser\u00e1 de 35% (equivalente ao atual aumento de custo decorrente das m\u00e1s condi\u00e7\u00f5es das vias).<\/li>\n<\/ul>\n\n\n\n<p>Com uma condu\u00e7\u00e3o eficaz de um plano desta envergadura, os objetivos de pol\u00edtica p\u00fablica setorial seriam atingidos, principalmente quanto \u00e0 moderniza\u00e7\u00e3o da infraestrutura rodovi\u00e1ria e a amplia\u00e7\u00e3o da competitividade dos diversos setores da economia, como ali\u00e1s apregoou o marco regulat\u00f3rio de 1997.Que tal um estadista pensar a respeito?<\/p>\n\n\n\n<p><strong>*Luis Baldez<\/strong> \u00e9 presidente executivo da Anut (Associa\u00e7\u00e3o Nacional dos Usu\u00e1rios do Transporte de Carga).<\/p>\n\n\n\n<p class=\"has-luminous-vivid-orange-color has-text-color has-link-color wp-elements-fd3f544adf696c46a4d36363cd72c59e\">As opini\u00f5es dos autores n\u00e3o refletem necessariamente o pensamento da<strong> Ag\u00eancia iNFRA<\/strong>, sendo de total responsabilidade do autor as informa\u00e7\u00f5es, ju\u00edzos de valor e conceitos descritos no texto.<\/p>\n","protected":false},"excerpt":{"rendered":"<p>Luis Baldez* Em 1997, foi publicada a Lei n\u00ba 9.491, que disp\u00f4s sobre o regime de concess\u00e3o e permiss\u00e3o da presta\u00e7\u00e3o de servi\u00e7os p\u00fablicos tendo como um dos objetivos fundamentais \u201ccontribuir para a moderniza\u00e7\u00e3o da infraestrutura e do parque industrial do pa\u00eds, ampliando sua competitividade e refor\u00e7ando a capacidade empresarial nos diversos setores da economia\u201d. [&hellip;]<\/p>\n","protected":false},"author":1,"featured_media":12098,"comment_status":"closed","ping_status":"closed","sticky":false,"template":"","format":"standard","meta":{"_monsterinsights_skip_tracking":false,"_monsterinsights_sitenote_active":false,"_monsterinsights_sitenote_note":"","_monsterinsights_sitenote_category":0,"footnotes":""},"categories":[1,7,10040],"tags":[947,4359,12315,34,838,12316,5607,4134,2648,12317,10317,433,12314],"class_list":["post-20063","post","type-post","status-publish","format-standard","has-post-thumbnail","hentry","category-geral","category-infratransporte","category-opiniao","tag-anut","tag-arrecadacao","tag-arrecadacao-das-rodovias","tag-infraestrutura","tag-infraestrutura-rodoviaria","tag-luis-baldes","tag-luis-baldez","tag-marcos-regulatorios","tag-modernizacao","tag-modernizacao-da-infraestrutura-rodoviaria","tag-opiniao","tag-rodovias-federais","tag-sistema-rodoviario"],"yoast_head":"<!-- This site is optimized with the Yoast SEO Premium plugin v25.4 (Yoast SEO v26.0) - https:\/\/yoast.com\/wordpress\/plugins\/seo\/ -->\n<title>Opini\u00e3o \u2013 Por um sistema rodovi\u00e1rio robusto e eficiente: a contribui\u00e7\u00e3o dos usu\u00e1rios - Ag\u00eancia iNFRA<\/title>\n<meta name=\"robots\" content=\"index, follow, max-snippet:-1, max-image-preview:large, max-video-preview:-1\" \/>\n<link rel=\"canonical\" href=\"https:\/\/agenciainfra.com\/blog\/opiniao-por-um-sistema-rodoviario-robusto-e-eficiente-a-contribuicao-dos-usuarios\/\" \/>\n<meta property=\"og:locale\" content=\"pt_BR\" \/>\n<meta property=\"og:type\" content=\"article\" \/>\n<meta property=\"og:title\" content=\"Opini\u00e3o \u2013 Por um sistema rodovi\u00e1rio robusto e eficiente: a contribui\u00e7\u00e3o dos usu\u00e1rios\" \/>\n<meta property=\"og:description\" content=\"Luis Baldez* Em 1997, foi publicada a Lei n\u00ba 9.491, que disp\u00f4s sobre o regime de concess\u00e3o e permiss\u00e3o da presta\u00e7\u00e3o de servi\u00e7os p\u00fablicos tendo como um dos objetivos fundamentais \u201ccontribuir para a moderniza\u00e7\u00e3o da infraestrutura e do parque industrial do pa\u00eds, ampliando sua competitividade e refor\u00e7ando a capacidade empresarial nos diversos setores da economia\u201d. [&hellip;]\" \/>\n<meta property=\"og:url\" content=\"https:\/\/agenciainfra.com\/blog\/opiniao-por-um-sistema-rodoviario-robusto-e-eficiente-a-contribuicao-dos-usuarios\/\" \/>\n<meta property=\"og:site_name\" content=\"Ag\u00eancia iNFRA\" \/>\n<meta property=\"article:publisher\" content=\"https:\/\/www.facebook.com\/ageninfra\" \/>\n<meta property=\"article:published_time\" content=\"2025-01-22T18:30:00+00:00\" \/>\n<meta property=\"article:modified_time\" content=\"2025-01-23T12:22:05+00:00\" \/>\n<meta property=\"og:image\" content=\"https:\/\/agenciainfra.com\/blog\/wp-content\/uploads\/2023\/01\/luis-henrique-teixeira-baldez-foto-marcia-kalume-agencia-senado.jpeg\" \/>\n\t<meta property=\"og:image:width\" content=\"1280\" \/>\n\t<meta property=\"og:image:height\" content=\"852\" \/>\n\t<meta property=\"og:image:type\" content=\"image\/jpeg\" \/>\n<meta name=\"author\" content=\"Ag\u00eancia iNFRA\" \/>\n<meta name=\"twitter:card\" content=\"summary_large_image\" \/>\n<meta name=\"twitter:creator\" content=\"@agencia_infra\" \/>\n<meta name=\"twitter:site\" content=\"@agencia_infra\" \/>\n<meta name=\"twitter:label1\" content=\"Escrito por\" \/>\n\t<meta name=\"twitter:data1\" content=\"Ag\u00eancia iNFRA\" \/>\n\t<meta name=\"twitter:label2\" content=\"Est. tempo de leitura\" \/>\n\t<meta name=\"twitter:data2\" content=\"4 minutos\" \/>\n<script type=\"application\/ld+json\" class=\"yoast-schema-graph\">{\"@context\":\"https:\/\/schema.org\",\"@graph\":[{\"@type\":\"Article\",\"@id\":\"https:\/\/agenciainfra.com\/blog\/opiniao-por-um-sistema-rodoviario-robusto-e-eficiente-a-contribuicao-dos-usuarios\/#article\",\"isPartOf\":{\"@id\":\"https:\/\/agenciainfra.com\/blog\/opiniao-por-um-sistema-rodoviario-robusto-e-eficiente-a-contribuicao-dos-usuarios\/\"},\"author\":{\"name\":\"Ag\u00eancia iNFRA\",\"@id\":\"https:\/\/agenciainfra.com\/blog\/#\/schema\/person\/34af08dff6adea4cb22b06612ba7acfa\"},\"headline\":\"Opini\u00e3o \u2013 Por um sistema rodovi\u00e1rio robusto e eficiente: a contribui\u00e7\u00e3o dos usu\u00e1rios\",\"datePublished\":\"2025-01-22T18:30:00+00:00\",\"dateModified\":\"2025-01-23T12:22:05+00:00\",\"mainEntityOfPage\":{\"@id\":\"https:\/\/agenciainfra.com\/blog\/opiniao-por-um-sistema-rodoviario-robusto-e-eficiente-a-contribuicao-dos-usuarios\/\"},\"wordCount\":774,\"publisher\":{\"@id\":\"https:\/\/agenciainfra.com\/blog\/#organization\"},\"image\":{\"@id\":\"https:\/\/agenciainfra.com\/blog\/opiniao-por-um-sistema-rodoviario-robusto-e-eficiente-a-contribuicao-dos-usuarios\/#primaryimage\"},\"thumbnailUrl\":\"https:\/\/agenciainfra.com\/blog\/wp-content\/uploads\/2023\/01\/luis-henrique-teixeira-baldez-foto-marcia-kalume-agencia-senado.jpeg\",\"keywords\":[\"ANUT\",\"arrecada\u00e7\u00e3o\",\"arrecada\u00e7\u00e3o das rodovias\",\"Infraestrutura\",\"infraestrutura rodovi\u00e1ria\",\"Luis Baldes\",\"Luis Baldez\",\"marcos regulat\u00f3rios\",\"moderniza\u00e7\u00e3o\",\"moderniza\u00e7\u00e3o da infraestrutura rodovi\u00e1ria\",\"opini\u00e3o\",\"rodovias federais\",\"sistema rodovi\u00e1rio\"],\"articleSection\":[\"Geral\",\"iNFRATransporte\",\"Opini\u00e3o\"],\"inLanguage\":\"pt-BR\",\"copyrightYear\":\"2025\",\"copyrightHolder\":{\"@id\":\"https:\/\/agenciainfra.com\/blog\/#organization\"}},{\"@type\":\"WebPage\",\"@id\":\"https:\/\/agenciainfra.com\/blog\/opiniao-por-um-sistema-rodoviario-robusto-e-eficiente-a-contribuicao-dos-usuarios\/\",\"url\":\"https:\/\/agenciainfra.com\/blog\/opiniao-por-um-sistema-rodoviario-robusto-e-eficiente-a-contribuicao-dos-usuarios\/\",\"name\":\"Opini\u00e3o \u2013 Por um sistema rodovi\u00e1rio robusto e eficiente: a contribui\u00e7\u00e3o dos usu\u00e1rios - Ag\u00eancia iNFRA\",\"isPartOf\":{\"@id\":\"https:\/\/agenciainfra.com\/blog\/#website\"},\"primaryImageOfPage\":{\"@id\":\"https:\/\/agenciainfra.com\/blog\/opiniao-por-um-sistema-rodoviario-robusto-e-eficiente-a-contribuicao-dos-usuarios\/#primaryimage\"},\"image\":{\"@id\":\"https:\/\/agenciainfra.com\/blog\/opiniao-por-um-sistema-rodoviario-robusto-e-eficiente-a-contribuicao-dos-usuarios\/#primaryimage\"},\"thumbnailUrl\":\"https:\/\/agenciainfra.com\/blog\/wp-content\/uploads\/2023\/01\/luis-henrique-teixeira-baldez-foto-marcia-kalume-agencia-senado.jpeg\",\"datePublished\":\"2025-01-22T18:30:00+00:00\",\"dateModified\":\"2025-01-23T12:22:05+00:00\",\"breadcrumb\":{\"@id\":\"https:\/\/agenciainfra.com\/blog\/opiniao-por-um-sistema-rodoviario-robusto-e-eficiente-a-contribuicao-dos-usuarios\/#breadcrumb\"},\"inLanguage\":\"pt-BR\",\"potentialAction\":[{\"@type\":\"ReadAction\",\"target\":[\"https:\/\/agenciainfra.com\/blog\/opiniao-por-um-sistema-rodoviario-robusto-e-eficiente-a-contribuicao-dos-usuarios\/\"]}]},{\"@type\":\"ImageObject\",\"inLanguage\":\"pt-BR\",\"@id\":\"https:\/\/agenciainfra.com\/blog\/opiniao-por-um-sistema-rodoviario-robusto-e-eficiente-a-contribuicao-dos-usuarios\/#primaryimage\",\"url\":\"https:\/\/agenciainfra.com\/blog\/wp-content\/uploads\/2023\/01\/luis-henrique-teixeira-baldez-foto-marcia-kalume-agencia-senado.jpeg\",\"contentUrl\":\"https:\/\/agenciainfra.com\/blog\/wp-content\/uploads\/2023\/01\/luis-henrique-teixeira-baldez-foto-marcia-kalume-agencia-senado.jpeg\",\"width\":1280,\"height\":852},{\"@type\":\"BreadcrumbList\",\"@id\":\"https:\/\/agenciainfra.com\/blog\/opiniao-por-um-sistema-rodoviario-robusto-e-eficiente-a-contribuicao-dos-usuarios\/#breadcrumb\",\"itemListElement\":[{\"@type\":\"ListItem\",\"position\":1,\"name\":\"In\u00edcio\",\"item\":\"https:\/\/agenciainfra.com\/blog\/\"},{\"@type\":\"ListItem\",\"position\":2,\"name\":\"Opini\u00e3o \u2013 Por um sistema rodovi\u00e1rio robusto e eficiente: a contribui\u00e7\u00e3o dos usu\u00e1rios\"}]},{\"@type\":\"WebSite\",\"@id\":\"https:\/\/agenciainfra.com\/blog\/#website\",\"url\":\"https:\/\/agenciainfra.com\/blog\/\",\"name\":\"Ag\u00eancia iNFRA\",\"description\":\"Multiplataforma de informa\u00e7\u00e3o jornal\u00edstica refer\u00eancia na \u00e1rea de infraestrutura no Brasil!\",\"publisher\":{\"@id\":\"https:\/\/agenciainfra.com\/blog\/#organization\"},\"potentialAction\":[{\"@type\":\"SearchAction\",\"target\":{\"@type\":\"EntryPoint\",\"urlTemplate\":\"https:\/\/agenciainfra.com\/blog\/?s={search_term_string}\"},\"query-input\":{\"@type\":\"PropertyValueSpecification\",\"valueRequired\":true,\"valueName\":\"search_term_string\"}}],\"inLanguage\":\"pt-BR\"},{\"@type\":\"Organization\",\"@id\":\"https:\/\/agenciainfra.com\/blog\/#organization\",\"name\":\"Ag\u00eancia iNFRA\",\"url\":\"https:\/\/agenciainfra.com\/blog\/\",\"logo\":{\"@type\":\"ImageObject\",\"inLanguage\":\"pt-BR\",\"@id\":\"https:\/\/agenciainfra.com\/blog\/#\/schema\/logo\/image\/\",\"url\":\"https:\/\/agenciainfra.com\/blog\/wp-content\/uploads\/2023\/09\/iNFRA_5-e1761735885940.png\",\"contentUrl\":\"https:\/\/agenciainfra.com\/blog\/wp-content\/uploads\/2023\/09\/iNFRA_5-e1761735885940.png\",\"width\":1672,\"height\":454,\"caption\":\"Ag\u00eancia iNFRA\"},\"image\":{\"@id\":\"https:\/\/agenciainfra.com\/blog\/#\/schema\/logo\/image\/\"},\"sameAs\":[\"https:\/\/www.facebook.com\/ageninfra\",\"https:\/\/x.com\/agencia_infra\",\"https:\/\/www.linkedin.com\/company\/ag\u00eanciainfra\/\",\"https:\/\/www.instagram.com\/agenciainfra\/\"]},{\"@type\":\"Person\",\"@id\":\"https:\/\/agenciainfra.com\/blog\/#\/schema\/person\/34af08dff6adea4cb22b06612ba7acfa\",\"name\":\"Ag\u00eancia iNFRA\",\"image\":{\"@type\":\"ImageObject\",\"inLanguage\":\"pt-BR\",\"@id\":\"https:\/\/agenciainfra.com\/blog\/#\/schema\/person\/image\/\",\"url\":\"https:\/\/secure.gravatar.com\/avatar\/d189e01678f06d8eb84d4e01f08eb848b3fffe3f8443818d3c356c66892f5be8?s=96&d=mm&r=g\",\"contentUrl\":\"https:\/\/secure.gravatar.com\/avatar\/d189e01678f06d8eb84d4e01f08eb848b3fffe3f8443818d3c356c66892f5be8?s=96&d=mm&r=g\",\"caption\":\"Ag\u00eancia iNFRA\"},\"url\":\"https:\/\/agenciainfra.com\/blog\/author\/admin\/\"}]}<\/script>\n<!-- \/ Yoast SEO Premium plugin. -->","yoast_head_json":{"title":"Opini\u00e3o \u2013 Por um sistema rodovi\u00e1rio robusto e eficiente: a contribui\u00e7\u00e3o dos usu\u00e1rios - Ag\u00eancia iNFRA","robots":{"index":"index","follow":"follow","max-snippet":"max-snippet:-1","max-image-preview":"max-image-preview:large","max-video-preview":"max-video-preview:-1"},"canonical":"https:\/\/agenciainfra.com\/blog\/opiniao-por-um-sistema-rodoviario-robusto-e-eficiente-a-contribuicao-dos-usuarios\/","og_locale":"pt_BR","og_type":"article","og_title":"Opini\u00e3o \u2013 Por um sistema rodovi\u00e1rio robusto e eficiente: a contribui\u00e7\u00e3o dos usu\u00e1rios","og_description":"Luis Baldez* Em 1997, foi publicada a Lei n\u00ba 9.491, que disp\u00f4s sobre o regime de concess\u00e3o e permiss\u00e3o da presta\u00e7\u00e3o de servi\u00e7os p\u00fablicos tendo como um dos objetivos fundamentais \u201ccontribuir para a moderniza\u00e7\u00e3o da infraestrutura e do parque industrial do pa\u00eds, ampliando sua competitividade e refor\u00e7ando a capacidade empresarial nos diversos setores da economia\u201d. [&hellip;]","og_url":"https:\/\/agenciainfra.com\/blog\/opiniao-por-um-sistema-rodoviario-robusto-e-eficiente-a-contribuicao-dos-usuarios\/","og_site_name":"Ag\u00eancia iNFRA","article_publisher":"https:\/\/www.facebook.com\/ageninfra","article_published_time":"2025-01-22T18:30:00+00:00","article_modified_time":"2025-01-23T12:22:05+00:00","og_image":[{"width":1280,"height":852,"url":"https:\/\/agenciainfra.com\/blog\/wp-content\/uploads\/2023\/01\/luis-henrique-teixeira-baldez-foto-marcia-kalume-agencia-senado.jpeg","type":"image\/jpeg"}],"author":"Ag\u00eancia iNFRA","twitter_card":"summary_large_image","twitter_creator":"@agencia_infra","twitter_site":"@agencia_infra","twitter_misc":{"Escrito por":"Ag\u00eancia iNFRA","Est. tempo de leitura":"4 minutos"},"schema":{"@context":"https:\/\/schema.org","@graph":[{"@type":"Article","@id":"https:\/\/agenciainfra.com\/blog\/opiniao-por-um-sistema-rodoviario-robusto-e-eficiente-a-contribuicao-dos-usuarios\/#article","isPartOf":{"@id":"https:\/\/agenciainfra.com\/blog\/opiniao-por-um-sistema-rodoviario-robusto-e-eficiente-a-contribuicao-dos-usuarios\/"},"author":{"name":"Ag\u00eancia iNFRA","@id":"https:\/\/agenciainfra.com\/blog\/#\/schema\/person\/34af08dff6adea4cb22b06612ba7acfa"},"headline":"Opini\u00e3o \u2013 Por um sistema rodovi\u00e1rio robusto e eficiente: a contribui\u00e7\u00e3o dos usu\u00e1rios","datePublished":"2025-01-22T18:30:00+00:00","dateModified":"2025-01-23T12:22:05+00:00","mainEntityOfPage":{"@id":"https:\/\/agenciainfra.com\/blog\/opiniao-por-um-sistema-rodoviario-robusto-e-eficiente-a-contribuicao-dos-usuarios\/"},"wordCount":774,"publisher":{"@id":"https:\/\/agenciainfra.com\/blog\/#organization"},"image":{"@id":"https:\/\/agenciainfra.com\/blog\/opiniao-por-um-sistema-rodoviario-robusto-e-eficiente-a-contribuicao-dos-usuarios\/#primaryimage"},"thumbnailUrl":"https:\/\/agenciainfra.com\/blog\/wp-content\/uploads\/2023\/01\/luis-henrique-teixeira-baldez-foto-marcia-kalume-agencia-senado.jpeg","keywords":["ANUT","arrecada\u00e7\u00e3o","arrecada\u00e7\u00e3o das rodovias","Infraestrutura","infraestrutura rodovi\u00e1ria","Luis Baldes","Luis Baldez","marcos regulat\u00f3rios","moderniza\u00e7\u00e3o","moderniza\u00e7\u00e3o da infraestrutura rodovi\u00e1ria","opini\u00e3o","rodovias federais","sistema rodovi\u00e1rio"],"articleSection":["Geral","iNFRATransporte","Opini\u00e3o"],"inLanguage":"pt-BR","copyrightYear":"2025","copyrightHolder":{"@id":"https:\/\/agenciainfra.com\/blog\/#organization"}},{"@type":"WebPage","@id":"https:\/\/agenciainfra.com\/blog\/opiniao-por-um-sistema-rodoviario-robusto-e-eficiente-a-contribuicao-dos-usuarios\/","url":"https:\/\/agenciainfra.com\/blog\/opiniao-por-um-sistema-rodoviario-robusto-e-eficiente-a-contribuicao-dos-usuarios\/","name":"Opini\u00e3o \u2013 Por um sistema rodovi\u00e1rio robusto e eficiente: a contribui\u00e7\u00e3o dos usu\u00e1rios - Ag\u00eancia iNFRA","isPartOf":{"@id":"https:\/\/agenciainfra.com\/blog\/#website"},"primaryImageOfPage":{"@id":"https:\/\/agenciainfra.com\/blog\/opiniao-por-um-sistema-rodoviario-robusto-e-eficiente-a-contribuicao-dos-usuarios\/#primaryimage"},"image":{"@id":"https:\/\/agenciainfra.com\/blog\/opiniao-por-um-sistema-rodoviario-robusto-e-eficiente-a-contribuicao-dos-usuarios\/#primaryimage"},"thumbnailUrl":"https:\/\/agenciainfra.com\/blog\/wp-content\/uploads\/2023\/01\/luis-henrique-teixeira-baldez-foto-marcia-kalume-agencia-senado.jpeg","datePublished":"2025-01-22T18:30:00+00:00","dateModified":"2025-01-23T12:22:05+00:00","breadcrumb":{"@id":"https:\/\/agenciainfra.com\/blog\/opiniao-por-um-sistema-rodoviario-robusto-e-eficiente-a-contribuicao-dos-usuarios\/#breadcrumb"},"inLanguage":"pt-BR","potentialAction":[{"@type":"ReadAction","target":["https:\/\/agenciainfra.com\/blog\/opiniao-por-um-sistema-rodoviario-robusto-e-eficiente-a-contribuicao-dos-usuarios\/"]}]},{"@type":"ImageObject","inLanguage":"pt-BR","@id":"https:\/\/agenciainfra.com\/blog\/opiniao-por-um-sistema-rodoviario-robusto-e-eficiente-a-contribuicao-dos-usuarios\/#primaryimage","url":"https:\/\/agenciainfra.com\/blog\/wp-content\/uploads\/2023\/01\/luis-henrique-teixeira-baldez-foto-marcia-kalume-agencia-senado.jpeg","contentUrl":"https:\/\/agenciainfra.com\/blog\/wp-content\/uploads\/2023\/01\/luis-henrique-teixeira-baldez-foto-marcia-kalume-agencia-senado.jpeg","width":1280,"height":852},{"@type":"BreadcrumbList","@id":"https:\/\/agenciainfra.com\/blog\/opiniao-por-um-sistema-rodoviario-robusto-e-eficiente-a-contribuicao-dos-usuarios\/#breadcrumb","itemListElement":[{"@type":"ListItem","position":1,"name":"In\u00edcio","item":"https:\/\/agenciainfra.com\/blog\/"},{"@type":"ListItem","position":2,"name":"Opini\u00e3o \u2013 Por um sistema rodovi\u00e1rio robusto e eficiente: a contribui\u00e7\u00e3o dos usu\u00e1rios"}]},{"@type":"WebSite","@id":"https:\/\/agenciainfra.com\/blog\/#website","url":"https:\/\/agenciainfra.com\/blog\/","name":"Ag\u00eancia iNFRA","description":"Multiplataforma de informa\u00e7\u00e3o jornal\u00edstica refer\u00eancia na \u00e1rea de infraestrutura no Brasil!","publisher":{"@id":"https:\/\/agenciainfra.com\/blog\/#organization"},"potentialAction":[{"@type":"SearchAction","target":{"@type":"EntryPoint","urlTemplate":"https:\/\/agenciainfra.com\/blog\/?s={search_term_string}"},"query-input":{"@type":"PropertyValueSpecification","valueRequired":true,"valueName":"search_term_string"}}],"inLanguage":"pt-BR"},{"@type":"Organization","@id":"https:\/\/agenciainfra.com\/blog\/#organization","name":"Ag\u00eancia iNFRA","url":"https:\/\/agenciainfra.com\/blog\/","logo":{"@type":"ImageObject","inLanguage":"pt-BR","@id":"https:\/\/agenciainfra.com\/blog\/#\/schema\/logo\/image\/","url":"https:\/\/agenciainfra.com\/blog\/wp-content\/uploads\/2023\/09\/iNFRA_5-e1761735885940.png","contentUrl":"https:\/\/agenciainfra.com\/blog\/wp-content\/uploads\/2023\/09\/iNFRA_5-e1761735885940.png","width":1672,"height":454,"caption":"Ag\u00eancia iNFRA"},"image":{"@id":"https:\/\/agenciainfra.com\/blog\/#\/schema\/logo\/image\/"},"sameAs":["https:\/\/www.facebook.com\/ageninfra","https:\/\/x.com\/agencia_infra","https:\/\/www.linkedin.com\/company\/ag\u00eanciainfra\/","https:\/\/www.instagram.com\/agenciainfra\/"]},{"@type":"Person","@id":"https:\/\/agenciainfra.com\/blog\/#\/schema\/person\/34af08dff6adea4cb22b06612ba7acfa","name":"Ag\u00eancia iNFRA","image":{"@type":"ImageObject","inLanguage":"pt-BR","@id":"https:\/\/agenciainfra.com\/blog\/#\/schema\/person\/image\/","url":"https:\/\/secure.gravatar.com\/avatar\/d189e01678f06d8eb84d4e01f08eb848b3fffe3f8443818d3c356c66892f5be8?s=96&d=mm&r=g","contentUrl":"https:\/\/secure.gravatar.com\/avatar\/d189e01678f06d8eb84d4e01f08eb848b3fffe3f8443818d3c356c66892f5be8?s=96&d=mm&r=g","caption":"Ag\u00eancia iNFRA"},"url":"https:\/\/agenciainfra.com\/blog\/author\/admin\/"}]}},"_links":{"self":[{"href":"https:\/\/agenciainfra.com\/blog\/wp-json\/wp\/v2\/posts\/20063","targetHints":{"allow":["GET"]}}],"collection":[{"href":"https:\/\/agenciainfra.com\/blog\/wp-json\/wp\/v2\/posts"}],"about":[{"href":"https:\/\/agenciainfra.com\/blog\/wp-json\/wp\/v2\/types\/post"}],"author":[{"embeddable":true,"href":"https:\/\/agenciainfra.com\/blog\/wp-json\/wp\/v2\/users\/1"}],"replies":[{"embeddable":true,"href":"https:\/\/agenciainfra.com\/blog\/wp-json\/wp\/v2\/comments?post=20063"}],"version-history":[{"count":1,"href":"https:\/\/agenciainfra.com\/blog\/wp-json\/wp\/v2\/posts\/20063\/revisions"}],"predecessor-version":[{"id":20064,"href":"https:\/\/agenciainfra.com\/blog\/wp-json\/wp\/v2\/posts\/20063\/revisions\/20064"}],"wp:featuredmedia":[{"embeddable":true,"href":"https:\/\/agenciainfra.com\/blog\/wp-json\/wp\/v2\/media\/12098"}],"wp:attachment":[{"href":"https:\/\/agenciainfra.com\/blog\/wp-json\/wp\/v2\/media?parent=20063"}],"wp:term":[{"taxonomy":"category","embeddable":true,"href":"https:\/\/agenciainfra.com\/blog\/wp-json\/wp\/v2\/categories?post=20063"},{"taxonomy":"post_tag","embeddable":true,"href":"https:\/\/agenciainfra.com\/blog\/wp-json\/wp\/v2\/tags?post=20063"}],"curies":[{"name":"wp","href":"https:\/\/api.w.org\/{rel}","templated":true}]}}