{"id":20082,"date":"2025-01-24T08:00:00","date_gmt":"2025-01-24T11:00:00","guid":{"rendered":"https:\/\/agenciainfra.com\/blog\/?p=20082"},"modified":"2025-01-24T06:00:40","modified_gmt":"2025-01-24T09:00:40","slug":"raul-lisboa-pede-exoneracao-da-procuradoria-geral-da-aneel-eduardo-estevao-e-cotado-a-vaga","status":"publish","type":"post","link":"https:\/\/agenciainfra.com\/blog\/raul-lisboa-pede-exoneracao-da-procuradoria-geral-da-aneel-eduardo-estevao-e-cotado-a-vaga\/","title":{"rendered":"Raul Lisboa pede exonera\u00e7\u00e3o da Procuradoria-Geral da ANEEL. Eduardo Estev\u00e3o \u00e9 cotado \u00e0 vaga"},"content":{"rendered":"\n<p class=\"has-text-align-right\"><strong>da Ag\u00eancia iNFRA<\/strong><\/p>\n\n\n\n<p>O procurador-geral da ANEEL (Ag\u00eancia Nacional de Energia El\u00e9trica), Raul Pereira Lisboa, pediu exonera\u00e7\u00e3o da cadeira nesta semana por raz\u00f5es pessoais, informaram fontes \u00e0 <strong>Ag\u00eancia iNFRA<\/strong>. O subprocurador-geral, Eduardo Estev\u00e3o Ramalho, \u00e9 o principal cotado para assumir a vaga de procurador-chefe da Uni\u00e3o junto \u00e0 reguladora.<\/p>\n\n\n\n<p>Segundo fontes, n\u00e3o h\u00e1 oposi\u00e7\u00e3o na diretoria quanto ao nome de Ramalho. A indica\u00e7\u00e3o cabe ao diretor-geral, Sandoval Feitosa, junto ao advogado-geral da Uni\u00e3o, Jorge Messias, conforme o <a href=\"https:\/\/www.planalto.gov.br\/ccivil_03\/_Ato2023-2026\/2024\/Decreto\/D11910.htm\" target=\"_blank\" rel=\"noreferrer noopener\">Decreto 11.910<\/a>, publicado em fevereiro de 2024.<\/p>\n\n\n\n<p>Eduardo Estev\u00e3o&nbsp;atua na Procuradoria da ANEEL desde dezembro de 2008, ocupando o posto de subprocurador-geral desde 2016.<\/p>\n\n\n\n<p><strong>Escolha conturbada<\/strong><br>Raul Lisboa assumiu o cargo de procurador-geral em novembro de 2023 no lugar do ent\u00e3o procurador Luiz Eduardo Diniz, ap\u00f3s atritos na diretoria sobre a condu\u00e7\u00e3o do processo para a nomea\u00e7\u00e3o de um novo procurador-geral.&nbsp;<\/p>\n\n\n\n<p>Os diretores Fernando Mosna e Ricardo Tili disseram durante uma reuni\u00e3o p\u00fablica da diretoria em agosto daquele ano que o nome sugerido pelo diretor-geral inicialmente, do advogado-geral Paulo Firmeza, n\u00e3o foi discutido pelo colegiado. Em seguida, eles deixaram a reuni\u00e3o, n\u00e3o havendo qu\u00f3rum para delibera\u00e7\u00f5es.&nbsp;<\/p>\n\n\n\n<p>A Procuradoria Federal junto \u00e0 ANEEL \u00e9 vinculada \u00e0 AGU (Advocacia-Geral da Uni\u00e3o), sendo composta por procuradores efetivos da Uni\u00e3o. O \u00f3rg\u00e3o tem como atribui\u00e7\u00f5es a representa\u00e7\u00e3o judicial e extrajudicial da ag\u00eancia, como tamb\u00e9m a presta\u00e7\u00e3o de assessoria jur\u00eddica.<\/p>\n","protected":false},"excerpt":{"rendered":"<p>da Ag\u00eancia iNFRA O procurador-geral da ANEEL (Ag\u00eancia Nacional de Energia El\u00e9trica), Raul Pereira Lisboa, pediu exonera\u00e7\u00e3o da cadeira nesta semana por raz\u00f5es pessoais, informaram fontes \u00e0 Ag\u00eancia iNFRA. O subprocurador-geral, Eduardo Estev\u00e3o Ramalho, \u00e9 o principal cotado para assumir a vaga de procurador-chefe da Uni\u00e3o junto \u00e0 reguladora. Segundo fontes, n\u00e3o h\u00e1 oposi\u00e7\u00e3o na [&hellip;]<\/p>\n","protected":false},"author":1,"featured_media":2508,"comment_status":"closed","ping_status":"closed","sticky":false,"template":"","format":"standard","meta":{"_monsterinsights_skip_tracking":false,"_monsterinsights_sitenote_active":false,"_monsterinsights_sitenote_note":"","_monsterinsights_sitenote_category":0,"footnotes":""},"categories":[7250,1,10],"tags":[53,12331,12328,12330,7014,8520,8522,12329,8525,5682,1026],"class_list":["post-20082","post","type-post","status-publish","format-standard","has-post-thumbnail","hentry","category-destaque-lista","category-geral","category-infraenergia","tag-aneel","tag-decreto-11-910","tag-eduardo-estevao-ramalho","tag-exoneracao","tag-fernando-mosna","tag-luiz-eduardo-diniz","tag-paulo-firmeza","tag-procuradora-geral-da-aneel","tag-raul-lisboa","tag-ricardo-tili","tag-sandoval-feitosa"],"yoast_head":"<!-- This site is optimized with the Yoast SEO Premium plugin v25.4 (Yoast SEO v26.0) - https:\/\/yoast.com\/wordpress\/plugins\/seo\/ -->\n<title>Raul Lisboa pede exonera\u00e7\u00e3o da Procuradoria-Geral da ANEEL. Eduardo Estev\u00e3o \u00e9 cotado \u00e0 vaga - Ag\u00eancia iNFRA<\/title>\n<meta name=\"robots\" content=\"index, follow, max-snippet:-1, max-image-preview:large, max-video-preview:-1\" \/>\n<link rel=\"canonical\" href=\"https:\/\/agenciainfra.com\/blog\/raul-lisboa-pede-exoneracao-da-procuradoria-geral-da-aneel-eduardo-estevao-e-cotado-a-vaga\/\" \/>\n<meta property=\"og:locale\" content=\"pt_BR\" \/>\n<meta property=\"og:type\" content=\"article\" \/>\n<meta property=\"og:title\" content=\"Raul Lisboa pede exonera\u00e7\u00e3o da Procuradoria-Geral da ANEEL. Eduardo Estev\u00e3o \u00e9 cotado \u00e0 vaga\" \/>\n<meta property=\"og:description\" content=\"da Ag\u00eancia iNFRA O procurador-geral da ANEEL (Ag\u00eancia Nacional de Energia El\u00e9trica), Raul Pereira Lisboa, pediu exonera\u00e7\u00e3o da cadeira nesta semana por raz\u00f5es pessoais, informaram fontes \u00e0 Ag\u00eancia iNFRA. O subprocurador-geral, Eduardo Estev\u00e3o Ramalho, \u00e9 o principal cotado para assumir a vaga de procurador-chefe da Uni\u00e3o junto \u00e0 reguladora. Segundo fontes, n\u00e3o h\u00e1 oposi\u00e7\u00e3o na [&hellip;]\" \/>\n<meta property=\"og:url\" content=\"https:\/\/agenciainfra.com\/blog\/raul-lisboa-pede-exoneracao-da-procuradoria-geral-da-aneel-eduardo-estevao-e-cotado-a-vaga\/\" \/>\n<meta property=\"og:site_name\" content=\"Ag\u00eancia iNFRA\" \/>\n<meta property=\"article:publisher\" content=\"https:\/\/www.facebook.com\/ageninfra\" \/>\n<meta property=\"article:published_time\" content=\"2025-01-24T11:00:00+00:00\" \/>\n<meta property=\"og:image\" content=\"https:\/\/agenciainfra.com\/blog\/wp-content\/uploads\/2018\/10\/Faixada-ANEEL-Essencial_divulgacao-e1685106779328.jpg\" \/>\n\t<meta property=\"og:image:width\" content=\"1200\" \/>\n\t<meta property=\"og:image:height\" content=\"800\" \/>\n\t<meta property=\"og:image:type\" content=\"image\/jpeg\" \/>\n<meta name=\"author\" content=\"Ag\u00eancia iNFRA\" \/>\n<meta name=\"twitter:card\" content=\"summary_large_image\" \/>\n<meta name=\"twitter:creator\" content=\"@agencia_infra\" \/>\n<meta name=\"twitter:site\" content=\"@agencia_infra\" \/>\n<meta name=\"twitter:label1\" content=\"Escrito por\" \/>\n\t<meta name=\"twitter:data1\" content=\"Ag\u00eancia iNFRA\" \/>\n\t<meta name=\"twitter:label2\" content=\"Est. tempo de leitura\" \/>\n\t<meta name=\"twitter:data2\" content=\"1 minuto\" \/>\n<script type=\"application\/ld+json\" class=\"yoast-schema-graph\">{\"@context\":\"https:\/\/schema.org\",\"@graph\":[{\"@type\":\"Article\",\"@id\":\"https:\/\/agenciainfra.com\/blog\/raul-lisboa-pede-exoneracao-da-procuradoria-geral-da-aneel-eduardo-estevao-e-cotado-a-vaga\/#article\",\"isPartOf\":{\"@id\":\"https:\/\/agenciainfra.com\/blog\/raul-lisboa-pede-exoneracao-da-procuradoria-geral-da-aneel-eduardo-estevao-e-cotado-a-vaga\/\"},\"author\":{\"name\":\"Ag\u00eancia iNFRA\",\"@id\":\"https:\/\/agenciainfra.com\/blog\/#\/schema\/person\/34af08dff6adea4cb22b06612ba7acfa\"},\"headline\":\"Raul Lisboa pede exonera\u00e7\u00e3o da Procuradoria-Geral da ANEEL. Eduardo Estev\u00e3o \u00e9 cotado \u00e0 vaga\",\"datePublished\":\"2025-01-24T11:00:00+00:00\",\"mainEntityOfPage\":{\"@id\":\"https:\/\/agenciainfra.com\/blog\/raul-lisboa-pede-exoneracao-da-procuradoria-geral-da-aneel-eduardo-estevao-e-cotado-a-vaga\/\"},\"wordCount\":262,\"publisher\":{\"@id\":\"https:\/\/agenciainfra.com\/blog\/#organization\"},\"image\":{\"@id\":\"https:\/\/agenciainfra.com\/blog\/raul-lisboa-pede-exoneracao-da-procuradoria-geral-da-aneel-eduardo-estevao-e-cotado-a-vaga\/#primaryimage\"},\"thumbnailUrl\":\"https:\/\/agenciainfra.com\/blog\/wp-content\/uploads\/2018\/10\/Faixada-ANEEL-Essencial_divulgacao-e1750175900658.jpg\",\"keywords\":[\"ANEEL\",\"Decreto 11.910\",\"Eduardo Estev\u00e3o Ramalho\",\"exonera\u00e7\u00e3o\",\"Fernando Mosna\",\"Luiz Eduardo Diniz\",\"Paulo Firmeza\",\"procuradora-geral da ANEEL\",\"Raul Lisboa\",\"Ricardo Tili\",\"Sandoval Feitosa\"],\"articleSection\":[\"Destaque lista\",\"Geral\",\"iNFRAEnergia\"],\"inLanguage\":\"pt-BR\",\"copyrightYear\":\"2025\",\"copyrightHolder\":{\"@id\":\"https:\/\/agenciainfra.com\/blog\/#organization\"}},{\"@type\":\"WebPage\",\"@id\":\"https:\/\/agenciainfra.com\/blog\/raul-lisboa-pede-exoneracao-da-procuradoria-geral-da-aneel-eduardo-estevao-e-cotado-a-vaga\/\",\"url\":\"https:\/\/agenciainfra.com\/blog\/raul-lisboa-pede-exoneracao-da-procuradoria-geral-da-aneel-eduardo-estevao-e-cotado-a-vaga\/\",\"name\":\"Raul Lisboa pede exonera\u00e7\u00e3o da Procuradoria-Geral da ANEEL. Eduardo Estev\u00e3o \u00e9 cotado \u00e0 vaga - Ag\u00eancia iNFRA\",\"isPartOf\":{\"@id\":\"https:\/\/agenciainfra.com\/blog\/#website\"},\"primaryImageOfPage\":{\"@id\":\"https:\/\/agenciainfra.com\/blog\/raul-lisboa-pede-exoneracao-da-procuradoria-geral-da-aneel-eduardo-estevao-e-cotado-a-vaga\/#primaryimage\"},\"image\":{\"@id\":\"https:\/\/agenciainfra.com\/blog\/raul-lisboa-pede-exoneracao-da-procuradoria-geral-da-aneel-eduardo-estevao-e-cotado-a-vaga\/#primaryimage\"},\"thumbnailUrl\":\"https:\/\/agenciainfra.com\/blog\/wp-content\/uploads\/2018\/10\/Faixada-ANEEL-Essencial_divulgacao-e1750175900658.jpg\",\"datePublished\":\"2025-01-24T11:00:00+00:00\",\"breadcrumb\":{\"@id\":\"https:\/\/agenciainfra.com\/blog\/raul-lisboa-pede-exoneracao-da-procuradoria-geral-da-aneel-eduardo-estevao-e-cotado-a-vaga\/#breadcrumb\"},\"inLanguage\":\"pt-BR\",\"potentialAction\":[{\"@type\":\"ReadAction\",\"target\":[\"https:\/\/agenciainfra.com\/blog\/raul-lisboa-pede-exoneracao-da-procuradoria-geral-da-aneel-eduardo-estevao-e-cotado-a-vaga\/\"]}]},{\"@type\":\"ImageObject\",\"inLanguage\":\"pt-BR\",\"@id\":\"https:\/\/agenciainfra.com\/blog\/raul-lisboa-pede-exoneracao-da-procuradoria-geral-da-aneel-eduardo-estevao-e-cotado-a-vaga\/#primaryimage\",\"url\":\"https:\/\/agenciainfra.com\/blog\/wp-content\/uploads\/2018\/10\/Faixada-ANEEL-Essencial_divulgacao-e1750175900658.jpg\",\"contentUrl\":\"https:\/\/agenciainfra.com\/blog\/wp-content\/uploads\/2018\/10\/Faixada-ANEEL-Essencial_divulgacao-e1750175900658.jpg\",\"width\":1200,\"height\":740,\"caption\":\"Foto: ANEEL\/Divulga\u00e7\u00e3o\"},{\"@type\":\"BreadcrumbList\",\"@id\":\"https:\/\/agenciainfra.com\/blog\/raul-lisboa-pede-exoneracao-da-procuradoria-geral-da-aneel-eduardo-estevao-e-cotado-a-vaga\/#breadcrumb\",\"itemListElement\":[{\"@type\":\"ListItem\",\"position\":1,\"name\":\"In\u00edcio\",\"item\":\"https:\/\/agenciainfra.com\/blog\/\"},{\"@type\":\"ListItem\",\"position\":2,\"name\":\"Raul Lisboa pede exonera\u00e7\u00e3o da Procuradoria-Geral da ANEEL. Eduardo Estev\u00e3o \u00e9 cotado \u00e0 vaga\"}]},{\"@type\":\"WebSite\",\"@id\":\"https:\/\/agenciainfra.com\/blog\/#website\",\"url\":\"https:\/\/agenciainfra.com\/blog\/\",\"name\":\"Ag\u00eancia iNFRA\",\"description\":\"Multiplataforma de informa\u00e7\u00e3o jornal\u00edstica refer\u00eancia na \u00e1rea de infraestrutura no Brasil!\",\"publisher\":{\"@id\":\"https:\/\/agenciainfra.com\/blog\/#organization\"},\"potentialAction\":[{\"@type\":\"SearchAction\",\"target\":{\"@type\":\"EntryPoint\",\"urlTemplate\":\"https:\/\/agenciainfra.com\/blog\/?s={search_term_string}\"},\"query-input\":{\"@type\":\"PropertyValueSpecification\",\"valueRequired\":true,\"valueName\":\"search_term_string\"}}],\"inLanguage\":\"pt-BR\"},{\"@type\":\"Organization\",\"@id\":\"https:\/\/agenciainfra.com\/blog\/#organization\",\"name\":\"Ag\u00eancia iNFRA\",\"url\":\"https:\/\/agenciainfra.com\/blog\/\",\"logo\":{\"@type\":\"ImageObject\",\"inLanguage\":\"pt-BR\",\"@id\":\"https:\/\/agenciainfra.com\/blog\/#\/schema\/logo\/image\/\",\"url\":\"https:\/\/agenciainfra.com\/blog\/wp-content\/uploads\/2023\/09\/iNFRA_5-e1761735885940.png\",\"contentUrl\":\"https:\/\/agenciainfra.com\/blog\/wp-content\/uploads\/2023\/09\/iNFRA_5-e1761735885940.png\",\"width\":1672,\"height\":454,\"caption\":\"Ag\u00eancia iNFRA\"},\"image\":{\"@id\":\"https:\/\/agenciainfra.com\/blog\/#\/schema\/logo\/image\/\"},\"sameAs\":[\"https:\/\/www.facebook.com\/ageninfra\",\"https:\/\/x.com\/agencia_infra\",\"https:\/\/www.linkedin.com\/company\/ag\u00eanciainfra\/\",\"https:\/\/www.instagram.com\/agenciainfra\/\"]},{\"@type\":\"Person\",\"@id\":\"https:\/\/agenciainfra.com\/blog\/#\/schema\/person\/34af08dff6adea4cb22b06612ba7acfa\",\"name\":\"Ag\u00eancia iNFRA\",\"image\":{\"@type\":\"ImageObject\",\"inLanguage\":\"pt-BR\",\"@id\":\"https:\/\/agenciainfra.com\/blog\/#\/schema\/person\/image\/\",\"url\":\"https:\/\/secure.gravatar.com\/avatar\/d189e01678f06d8eb84d4e01f08eb848b3fffe3f8443818d3c356c66892f5be8?s=96&d=mm&r=g\",\"contentUrl\":\"https:\/\/secure.gravatar.com\/avatar\/d189e01678f06d8eb84d4e01f08eb848b3fffe3f8443818d3c356c66892f5be8?s=96&d=mm&r=g\",\"caption\":\"Ag\u00eancia iNFRA\"},\"url\":\"https:\/\/agenciainfra.com\/blog\/author\/admin\/\"}]}<\/script>\n<!-- \/ Yoast SEO Premium plugin. -->","yoast_head_json":{"title":"Raul Lisboa pede exonera\u00e7\u00e3o da Procuradoria-Geral da ANEEL. Eduardo Estev\u00e3o \u00e9 cotado \u00e0 vaga - Ag\u00eancia iNFRA","robots":{"index":"index","follow":"follow","max-snippet":"max-snippet:-1","max-image-preview":"max-image-preview:large","max-video-preview":"max-video-preview:-1"},"canonical":"https:\/\/agenciainfra.com\/blog\/raul-lisboa-pede-exoneracao-da-procuradoria-geral-da-aneel-eduardo-estevao-e-cotado-a-vaga\/","og_locale":"pt_BR","og_type":"article","og_title":"Raul Lisboa pede exonera\u00e7\u00e3o da Procuradoria-Geral da ANEEL. Eduardo Estev\u00e3o \u00e9 cotado \u00e0 vaga","og_description":"da Ag\u00eancia iNFRA O procurador-geral da ANEEL (Ag\u00eancia Nacional de Energia El\u00e9trica), Raul Pereira Lisboa, pediu exonera\u00e7\u00e3o da cadeira nesta semana por raz\u00f5es pessoais, informaram fontes \u00e0 Ag\u00eancia iNFRA. O subprocurador-geral, Eduardo Estev\u00e3o Ramalho, \u00e9 o principal cotado para assumir a vaga de procurador-chefe da Uni\u00e3o junto \u00e0 reguladora. Segundo fontes, n\u00e3o h\u00e1 oposi\u00e7\u00e3o na [&hellip;]","og_url":"https:\/\/agenciainfra.com\/blog\/raul-lisboa-pede-exoneracao-da-procuradoria-geral-da-aneel-eduardo-estevao-e-cotado-a-vaga\/","og_site_name":"Ag\u00eancia iNFRA","article_publisher":"https:\/\/www.facebook.com\/ageninfra","article_published_time":"2025-01-24T11:00:00+00:00","og_image":[{"width":1200,"height":800,"url":"https:\/\/agenciainfra.com\/blog\/wp-content\/uploads\/2018\/10\/Faixada-ANEEL-Essencial_divulgacao-e1685106779328.jpg","type":"image\/jpeg"}],"author":"Ag\u00eancia iNFRA","twitter_card":"summary_large_image","twitter_creator":"@agencia_infra","twitter_site":"@agencia_infra","twitter_misc":{"Escrito por":"Ag\u00eancia iNFRA","Est. tempo de leitura":"1 minuto"},"schema":{"@context":"https:\/\/schema.org","@graph":[{"@type":"Article","@id":"https:\/\/agenciainfra.com\/blog\/raul-lisboa-pede-exoneracao-da-procuradoria-geral-da-aneel-eduardo-estevao-e-cotado-a-vaga\/#article","isPartOf":{"@id":"https:\/\/agenciainfra.com\/blog\/raul-lisboa-pede-exoneracao-da-procuradoria-geral-da-aneel-eduardo-estevao-e-cotado-a-vaga\/"},"author":{"name":"Ag\u00eancia iNFRA","@id":"https:\/\/agenciainfra.com\/blog\/#\/schema\/person\/34af08dff6adea4cb22b06612ba7acfa"},"headline":"Raul Lisboa pede exonera\u00e7\u00e3o da Procuradoria-Geral da ANEEL. Eduardo Estev\u00e3o \u00e9 cotado \u00e0 vaga","datePublished":"2025-01-24T11:00:00+00:00","mainEntityOfPage":{"@id":"https:\/\/agenciainfra.com\/blog\/raul-lisboa-pede-exoneracao-da-procuradoria-geral-da-aneel-eduardo-estevao-e-cotado-a-vaga\/"},"wordCount":262,"publisher":{"@id":"https:\/\/agenciainfra.com\/blog\/#organization"},"image":{"@id":"https:\/\/agenciainfra.com\/blog\/raul-lisboa-pede-exoneracao-da-procuradoria-geral-da-aneel-eduardo-estevao-e-cotado-a-vaga\/#primaryimage"},"thumbnailUrl":"https:\/\/agenciainfra.com\/blog\/wp-content\/uploads\/2018\/10\/Faixada-ANEEL-Essencial_divulgacao-e1750175900658.jpg","keywords":["ANEEL","Decreto 11.910","Eduardo Estev\u00e3o Ramalho","exonera\u00e7\u00e3o","Fernando Mosna","Luiz Eduardo Diniz","Paulo Firmeza","procuradora-geral da ANEEL","Raul Lisboa","Ricardo Tili","Sandoval Feitosa"],"articleSection":["Destaque lista","Geral","iNFRAEnergia"],"inLanguage":"pt-BR","copyrightYear":"2025","copyrightHolder":{"@id":"https:\/\/agenciainfra.com\/blog\/#organization"}},{"@type":"WebPage","@id":"https:\/\/agenciainfra.com\/blog\/raul-lisboa-pede-exoneracao-da-procuradoria-geral-da-aneel-eduardo-estevao-e-cotado-a-vaga\/","url":"https:\/\/agenciainfra.com\/blog\/raul-lisboa-pede-exoneracao-da-procuradoria-geral-da-aneel-eduardo-estevao-e-cotado-a-vaga\/","name":"Raul Lisboa pede exonera\u00e7\u00e3o da Procuradoria-Geral da ANEEL. Eduardo Estev\u00e3o \u00e9 cotado \u00e0 vaga - Ag\u00eancia iNFRA","isPartOf":{"@id":"https:\/\/agenciainfra.com\/blog\/#website"},"primaryImageOfPage":{"@id":"https:\/\/agenciainfra.com\/blog\/raul-lisboa-pede-exoneracao-da-procuradoria-geral-da-aneel-eduardo-estevao-e-cotado-a-vaga\/#primaryimage"},"image":{"@id":"https:\/\/agenciainfra.com\/blog\/raul-lisboa-pede-exoneracao-da-procuradoria-geral-da-aneel-eduardo-estevao-e-cotado-a-vaga\/#primaryimage"},"thumbnailUrl":"https:\/\/agenciainfra.com\/blog\/wp-content\/uploads\/2018\/10\/Faixada-ANEEL-Essencial_divulgacao-e1750175900658.jpg","datePublished":"2025-01-24T11:00:00+00:00","breadcrumb":{"@id":"https:\/\/agenciainfra.com\/blog\/raul-lisboa-pede-exoneracao-da-procuradoria-geral-da-aneel-eduardo-estevao-e-cotado-a-vaga\/#breadcrumb"},"inLanguage":"pt-BR","potentialAction":[{"@type":"ReadAction","target":["https:\/\/agenciainfra.com\/blog\/raul-lisboa-pede-exoneracao-da-procuradoria-geral-da-aneel-eduardo-estevao-e-cotado-a-vaga\/"]}]},{"@type":"ImageObject","inLanguage":"pt-BR","@id":"https:\/\/agenciainfra.com\/blog\/raul-lisboa-pede-exoneracao-da-procuradoria-geral-da-aneel-eduardo-estevao-e-cotado-a-vaga\/#primaryimage","url":"https:\/\/agenciainfra.com\/blog\/wp-content\/uploads\/2018\/10\/Faixada-ANEEL-Essencial_divulgacao-e1750175900658.jpg","contentUrl":"https:\/\/agenciainfra.com\/blog\/wp-content\/uploads\/2018\/10\/Faixada-ANEEL-Essencial_divulgacao-e1750175900658.jpg","width":1200,"height":740,"caption":"Foto: ANEEL\/Divulga\u00e7\u00e3o"},{"@type":"BreadcrumbList","@id":"https:\/\/agenciainfra.com\/blog\/raul-lisboa-pede-exoneracao-da-procuradoria-geral-da-aneel-eduardo-estevao-e-cotado-a-vaga\/#breadcrumb","itemListElement":[{"@type":"ListItem","position":1,"name":"In\u00edcio","item":"https:\/\/agenciainfra.com\/blog\/"},{"@type":"ListItem","position":2,"name":"Raul Lisboa pede exonera\u00e7\u00e3o da Procuradoria-Geral da ANEEL. Eduardo Estev\u00e3o \u00e9 cotado \u00e0 vaga"}]},{"@type":"WebSite","@id":"https:\/\/agenciainfra.com\/blog\/#website","url":"https:\/\/agenciainfra.com\/blog\/","name":"Ag\u00eancia iNFRA","description":"Multiplataforma de informa\u00e7\u00e3o jornal\u00edstica refer\u00eancia na \u00e1rea de infraestrutura no Brasil!","publisher":{"@id":"https:\/\/agenciainfra.com\/blog\/#organization"},"potentialAction":[{"@type":"SearchAction","target":{"@type":"EntryPoint","urlTemplate":"https:\/\/agenciainfra.com\/blog\/?s={search_term_string}"},"query-input":{"@type":"PropertyValueSpecification","valueRequired":true,"valueName":"search_term_string"}}],"inLanguage":"pt-BR"},{"@type":"Organization","@id":"https:\/\/agenciainfra.com\/blog\/#organization","name":"Ag\u00eancia iNFRA","url":"https:\/\/agenciainfra.com\/blog\/","logo":{"@type":"ImageObject","inLanguage":"pt-BR","@id":"https:\/\/agenciainfra.com\/blog\/#\/schema\/logo\/image\/","url":"https:\/\/agenciainfra.com\/blog\/wp-content\/uploads\/2023\/09\/iNFRA_5-e1761735885940.png","contentUrl":"https:\/\/agenciainfra.com\/blog\/wp-content\/uploads\/2023\/09\/iNFRA_5-e1761735885940.png","width":1672,"height":454,"caption":"Ag\u00eancia iNFRA"},"image":{"@id":"https:\/\/agenciainfra.com\/blog\/#\/schema\/logo\/image\/"},"sameAs":["https:\/\/www.facebook.com\/ageninfra","https:\/\/x.com\/agencia_infra","https:\/\/www.linkedin.com\/company\/ag\u00eanciainfra\/","https:\/\/www.instagram.com\/agenciainfra\/"]},{"@type":"Person","@id":"https:\/\/agenciainfra.com\/blog\/#\/schema\/person\/34af08dff6adea4cb22b06612ba7acfa","name":"Ag\u00eancia iNFRA","image":{"@type":"ImageObject","inLanguage":"pt-BR","@id":"https:\/\/agenciainfra.com\/blog\/#\/schema\/person\/image\/","url":"https:\/\/secure.gravatar.com\/avatar\/d189e01678f06d8eb84d4e01f08eb848b3fffe3f8443818d3c356c66892f5be8?s=96&d=mm&r=g","contentUrl":"https:\/\/secure.gravatar.com\/avatar\/d189e01678f06d8eb84d4e01f08eb848b3fffe3f8443818d3c356c66892f5be8?s=96&d=mm&r=g","caption":"Ag\u00eancia iNFRA"},"url":"https:\/\/agenciainfra.com\/blog\/author\/admin\/"}]}},"_links":{"self":[{"href":"https:\/\/agenciainfra.com\/blog\/wp-json\/wp\/v2\/posts\/20082","targetHints":{"allow":["GET"]}}],"collection":[{"href":"https:\/\/agenciainfra.com\/blog\/wp-json\/wp\/v2\/posts"}],"about":[{"href":"https:\/\/agenciainfra.com\/blog\/wp-json\/wp\/v2\/types\/post"}],"author":[{"embeddable":true,"href":"https:\/\/agenciainfra.com\/blog\/wp-json\/wp\/v2\/users\/1"}],"replies":[{"embeddable":true,"href":"https:\/\/agenciainfra.com\/blog\/wp-json\/wp\/v2\/comments?post=20082"}],"version-history":[{"count":1,"href":"https:\/\/agenciainfra.com\/blog\/wp-json\/wp\/v2\/posts\/20082\/revisions"}],"predecessor-version":[{"id":20083,"href":"https:\/\/agenciainfra.com\/blog\/wp-json\/wp\/v2\/posts\/20082\/revisions\/20083"}],"wp:featuredmedia":[{"embeddable":true,"href":"https:\/\/agenciainfra.com\/blog\/wp-json\/wp\/v2\/media\/2508"}],"wp:attachment":[{"href":"https:\/\/agenciainfra.com\/blog\/wp-json\/wp\/v2\/media?parent=20082"}],"wp:term":[{"taxonomy":"category","embeddable":true,"href":"https:\/\/agenciainfra.com\/blog\/wp-json\/wp\/v2\/categories?post=20082"},{"taxonomy":"post_tag","embeddable":true,"href":"https:\/\/agenciainfra.com\/blog\/wp-json\/wp\/v2\/tags?post=20082"}],"curies":[{"name":"wp","href":"https:\/\/api.w.org\/{rel}","templated":true}]}}