{"id":20084,"date":"2025-01-24T09:00:00","date_gmt":"2025-01-24T12:00:00","guid":{"rendered":"https:\/\/agenciainfra.com\/blog\/?p=20084"},"modified":"2025-01-27T06:05:58","modified_gmt":"2025-01-27T09:05:58","slug":"distribuidoras-citam-custo-de-ate-r-2-bilhoes-com-compensacoes-de-apagoes-proposta-pela-aneel","status":"publish","type":"post","link":"https:\/\/agenciainfra.com\/blog\/distribuidoras-citam-custo-de-ate-r-2-bilhoes-com-compensacoes-de-apagoes-proposta-pela-aneel\/","title":{"rendered":"Distribuidoras citam custo de at\u00e9 R$ 2 bilh\u00f5es com compensa\u00e7\u00f5es de apag\u00f5es proposta pela ANEEL"},"content":{"rendered":"\n<p class=\"has-text-align-right\"><strong>Geraldo Campos Jr. e Marisa Wanzeller, da Ag\u00eancia iNFRA<\/strong><\/p>\n\n\n\n<p>As distribuidoras de energia el\u00e9trica defendem junto \u00e0 ANEEL (Ag\u00eancia Nacional de Energia El\u00e9trica) que podem sofrer elevados impactos financeiros caso seja aprovada a <a href=\"https:\/\/mcusercontent.com\/d460dd1bcf9ba0ae040e1fc0f\/files\/353f6b29-cd8a-cf34-1efb-8722393dbfc8\/48500.006650.2023.59_Voto_CP_aprimoramento_regulatorio_resiliencia.pdf\" target=\"_blank\" rel=\"noreferrer noopener\">proposta<\/a> para que as concession\u00e1rias <a href=\"https:\/\/agenciainfra.com\/blog\/aneel-coloca-em-consulta-publica-proposta-de-compensacao-a-consumidores-por-apagao\/\" target=\"_blank\" rel=\"noreferrer noopener\">paguem<\/a> uma compensa\u00e7\u00e3o financeira aos consumidores pela demora no restabelecimento da energia em casos de eventos clim\u00e1ticos extremos. As empresas, assim como a CGU (Controladoria-Geral da Uni\u00e3o), sugeriram em contribui\u00e7\u00f5es \u00e0&nbsp;CP (Consulta P\u00fablica) 32\/2024&nbsp;que a reguladora realize mais estudos, com maior aprofundamento na metodologia.<\/p>\n\n\n\n<p>Em sua&nbsp;<a href=\"https:\/\/antigo.aneel.gov.br\/web\/guest\/consultas-publicas?p_p_id=participacaopublica_WAR_participacaopublicaportlet&amp;p_p_lifecycle=2&amp;p_p_state=normal&amp;p_p_mode=view&amp;p_p_cacheability=cacheLevelPage&amp;p_p_col_id=column-2&amp;p_p_col_pos=1&amp;p_p_col_count=2&amp;_participacaopublica_WAR_participacaopublicaportlet_ideDocumento=54368&amp;_participacaopublica_WAR_participacaopublicaportlet_tipoFaseReuniao=fase&amp;_participacaopublica_WAR_participacaopublicaportlet_jspPage=%2Fhtml%2Fpp%2Fvisualizar.jsp\" target=\"_blank\" rel=\"noreferrer noopener\">contribui\u00e7\u00e3o<\/a>,&nbsp;o Grupo CPFL apresentou um estudo preliminar que indica que&nbsp;o mecanismo de compensa\u00e7\u00f5es teria potencial para impactar o segmento de distribui\u00e7\u00e3o em R$ 1,67 bilh\u00e3o, em uma estimativa conservadora, caso estivesse vigente nos anos de 2023 e 2024. A cifra poderia chegar a R$ 2 bilh\u00f5es a depender das premissas e regras que ser\u00e3o adotadas pela ANEEL.&nbsp;<\/p>\n\n\n\n<p>A Enel, que recebeu termo de intima\u00e7\u00e3o da ANEEL pela demora no restabelecimento do servi\u00e7o em fun\u00e7\u00e3o de eventos extremos, apresentou <a href=\"https:\/\/antigo.aneel.gov.br\/web\/guest\/consultas-publicas?p_p_id=participacaopublica_WAR_participacaopublicaportlet&amp;p_p_lifecycle=2&amp;p_p_state=normal&amp;p_p_mode=view&amp;p_p_cacheability=cacheLevelPage&amp;p_p_col_id=column-2&amp;p_p_col_pos=1&amp;p_p_col_count=2&amp;_participacaopublica_WAR_participacaopublicaportlet_ideDocumento=54358&amp;_participacaopublica_WAR_participacaopublicaportlet_tipoFaseReuniao=fase&amp;_participacaopublica_WAR_participacaopublicaportlet_jspPage=%2Fhtml%2Fpp%2Fvisualizar.jsp\" target=\"_blank\" rel=\"noreferrer noopener\">c\u00e1lculos<\/a> individuais de compensa\u00e7\u00f5es que chegariam a R$ 350 milh\u00f5es para os seus consumidores em S\u00e3o Paulo, considerando os epis\u00f3dios dos anos de 2022 e 2023. Para o mesmo per\u00edodo, teria que ter pago outros R$ 141 milh\u00f5es no Rio de Janeiro e R$ 85 milh\u00f5es no Cear\u00e1.<\/p>\n\n\n\n<p><strong>Restabelecimento em 24h<\/strong><br>O segmento pede que seja feita uma AIR (An\u00e1lise de Impacto Regulat\u00f3rio) para avaliar os poss\u00edveis reflexos da medida nos contratos de concess\u00e3o, e, consequentemente, nas tarifas de energia. Tamb\u00e9m \u00e9 criticada a metodologia do novo indicador, batizado de Dise (Dura\u00e7\u00e3o da Interrup\u00e7\u00e3o Individual ocorrida em Situa\u00e7\u00e3o de Emerg\u00eancia por Unidade Consumidora ou por Ponto de Conex\u00e3o), e a franquia de horas proposta, de restabelecimento em no m\u00e1ximo 24 horas para consumidores urbanos e de 26 horas para a zona rural.<\/p>\n\n\n\n<p>Segundo a Copel, a CP &#8220;n\u00e3o foi devidamente instru\u00edda&#8221; pela falta de realiza\u00e7\u00e3o de uma AIR e [&#8230;], diante disso, a ANEEL precisar\u00e1 instaurar uma segunda etapa da consulta p\u00fablica com a devida instru\u00e7\u00e3o de an\u00e1lise de impacto, &#8220;de modo a assegurar a legalidade do processo decis\u00f3rio e a qualidade das normas a serem propostas&#8221;, afirmou em seu <a href=\"https:\/\/antigo.aneel.gov.br\/web\/guest\/consultas-publicas?p_p_id=participacaopublica_WAR_participacaopublicaportlet&amp;p_p_lifecycle=2&amp;p_p_state=normal&amp;p_p_mode=view&amp;p_p_cacheability=cacheLevelPage&amp;p_p_col_id=column-2&amp;p_p_col_pos=1&amp;p_p_col_count=2&amp;_participacaopublica_WAR_participacaopublicaportlet_ideDocumento=54364&amp;_participacaopublica_WAR_participacaopublicaportlet_tipoFaseReuniao=fase&amp;_participacaopublica_WAR_participacaopublicaportlet_jspPage=%2Fhtml%2Fpp%2Fvisualizar.jsp\" target=\"_blank\" rel=\"noreferrer noopener\">of\u00edcio<\/a>.<\/p>\n\n\n\n<p>A consulta teve a fase de contribui\u00e7\u00f5es encerrada em 19 de dezembro. Foram feitas 72 sugest\u00f5es, que agora est\u00e3o sendo avaliadas pela \u00e1rea t\u00e9cnica da ANEEL para serem encaminhadas posteriormente \u00e0 diretora Agnes Costa, relatora do processo que inclui outras medidas para refor\u00e7ar a resili\u00eancia das redes ante a eventos extremos.<\/p>\n\n\n\n<p><strong>&#8220;Medida&nbsp;ilegal&#8221;<\/strong><br>Em sua <a href=\"https:\/\/antigo.aneel.gov.br\/web\/guest\/consultas-publicas?p_p_id=participacaopublica_WAR_participacaopublicaportlet&amp;p_p_lifecycle=2&amp;p_p_state=normal&amp;p_p_mode=view&amp;p_p_cacheability=cacheLevelPage&amp;p_p_col_id=column-2&amp;p_p_col_pos=1&amp;p_p_col_count=2&amp;_participacaopublica_WAR_participacaopublicaportlet_ideDocumento=54362&amp;_participacaopublica_WAR_participacaopublicaportlet_tipoFaseReuniao=fase&amp;_participacaopublica_WAR_participacaopublicaportlet_jspPage=%2Fhtml%2Fpp%2Fvisualizar.jsp\" target=\"_blank\" rel=\"noreferrer noopener\">contribui\u00e7\u00e3o<\/a>, a Abradee (Associa\u00e7\u00e3o Brasileira de Distribuidores de Energia El\u00e9trica) afirmou que a proposta configura-se como ilegal ante o C\u00f3digo Civil Brasileiro, alegando que as empresas &#8220;n\u00e3o podem suportar a responsabilidade de compensa\u00e7\u00e3o financeira para o consumidor em decorr\u00eancia de um evento imprevis\u00edvel, inevit\u00e1vel, cuja ocorr\u00eancia caracteriza hip\u00f3tese de caso fortuito e for\u00e7a maior \u00e0 luz do C\u00f3digo Civil, nem tampouco pode a regula\u00e7\u00e3o estabelecer obriga\u00e7\u00e3o materialmente imposs\u00edvel de cumprir&#8221;.<\/p>\n\n\n\n<p>Segundo a entidade, ao estabelecer &#8220;obriga\u00e7\u00e3o de imposs\u00edvel cumprimento nos casos de eventos clim\u00e1ticos extremos&#8221;, a ANEEL criaria na pr\u00e1tica uma &#8220;penalidade para uma hip\u00f3tese em que a legisla\u00e7\u00e3o brasileira caracteriza como excludente de responsabilidade, tornando a proposta ilegal&#8221;.<\/p>\n\n\n\n<p>Para a Enel, seria uma incongru\u00eancia obrigar as concession\u00e1rias a arcar financeiramente por preju\u00edzos que n\u00e3o causaram diretamente, &#8220;mesmo que regulat\u00f3ria e juridicamente as distribuidoras n\u00e3o sejam consideradas respons\u00e1veis pelos efeitos dos eventos extraordin\u00e1rios&#8221;. A empresa diz que a interpreta\u00e7\u00e3o &#8220;desafia a l\u00f3gica do dispositivo regulat\u00f3rio que rege as ISE (Interrup\u00e7\u00e3o em Situa\u00e7\u00e3o de Emerg\u00eancia) e contraria os princ\u00edpios jur\u00eddicos do conceito de caso fortuito e for\u00e7a maior&#8221;.<\/p>\n\n\n\n<p><strong>Impacto maior para algumas regi\u00f5es<\/strong><br>A Abradee afirmou que o mecanismo como est\u00e1 proposto pesaria mais sobre algumas distribuidoras. Uma simula\u00e7\u00e3o preliminar realizada pela associa\u00e7\u00e3o, considerando dados abertos dos anos de 2023 e 2024, indicou que 55% do total de compensa\u00e7\u00f5es pagas seriam destinados pelas distribuidoras que atuam na regi\u00e3o Sul do pa\u00eds. &#8220;Tal efeito n\u00e3o se deve a qualquer inefici\u00eancia das empresas que atendem a regi\u00e3o, mas t\u00e3o somente pela maior incid\u00eancia de eventos clim\u00e1ticos extremos&#8221;, sustentou.<\/p>\n\n\n\n<p>S\u00f3 no caso do Rio Grande do Sul, que enfrentou a maior enchente da sua hist\u00f3ria em maio de 2024, a associa\u00e7\u00e3o das distribuidoras calculou que as duas distribuidoras de grande porte que atuam no estado seriam responsabilizadas pelo pagamento de mais de R$ 400 milh\u00f5es em compensa\u00e7\u00e3o aos consumidores com servi\u00e7o interrompido durante o desastre natural daquele m\u00eas.<\/p>\n\n\n\n<p>A Light tamb\u00e9m citou no seu <a href=\"https:\/\/antigo.aneel.gov.br\/web\/guest\/consultas-publicas?p_p_id=participacaopublica_WAR_participacaopublicaportlet&amp;p_p_lifecycle=2&amp;p_p_state=normal&amp;p_p_mode=view&amp;p_p_cacheability=cacheLevelPage&amp;p_p_col_id=column-2&amp;p_p_col_pos=1&amp;p_p_col_count=2&amp;_participacaopublica_WAR_participacaopublicaportlet_ideDocumento=54365&amp;_participacaopublica_WAR_participacaopublicaportlet_tipoFaseReuniao=fase&amp;_participacaopublica_WAR_participacaopublicaportlet_jspPage=%2Fhtml%2Fpp%2Fvisualizar.jsp\" target=\"_blank\" rel=\"noreferrer noopener\">of\u00edcio<\/a> o <a href=\"https:\/\/www.planalto.gov.br\/ccivil_03\/_ato2023-2026\/2024\/decreto\/d12068.htm\" target=\"_blank\" rel=\"noreferrer noopener\">Decreto 12.068\/2024<\/a>, que traz as premissas para a renova\u00e7\u00e3o das concess\u00f5es de distribui\u00e7\u00e3o. A empresa afirma que a proposta contrataria o texto por n\u00e3o adotar um tratamento diferenciado de regi\u00f5es de maior complexidade operacional. Assim, pediu que sejam criadas regras espec\u00edficas para esses locais de maior incid\u00eancia de eventos extremos e com mais \u00e1reas de restri\u00e7\u00e3o operativa, como \u00e9 o caso da distribuidora.<\/p>\n\n\n\n<p>J\u00e1 o Grupo Energisa <a href=\"https:\/\/antigo.aneel.gov.br\/web\/guest\/consultas-publicas?p_p_id=participacaopublica_WAR_participacaopublicaportlet&amp;p_p_lifecycle=2&amp;p_p_state=normal&amp;p_p_mode=view&amp;p_p_cacheability=cacheLevelPage&amp;p_p_col_id=column-2&amp;p_p_col_pos=1&amp;p_p_col_count=2&amp;_participacaopublica_WAR_participacaopublicaportlet_ideDocumento=54369&amp;_participacaopublica_WAR_participacaopublicaportlet_tipoFaseReuniao=fase&amp;_participacaopublica_WAR_participacaopublicaportlet_jspPage=%2Fhtml%2Fpp%2Fvisualizar.jsp\" target=\"_blank\" rel=\"noreferrer noopener\">elencou<\/a> exemplos de impedimento de religa\u00e7\u00e3o em 24 horas, como&nbsp;enchentes ocorridas no estado do Acre em fevereiro de 2024, onde parte das regi\u00f5es da capital ficaram tomadas pelas \u00e1guas por cerca de 10 dias. E o caso inverso em localidades rurais do Norte, onde nos per\u00edodos secos&nbsp;em que h\u00e1 redu\u00e7\u00e3o dos n\u00edveis dos rios, h\u00e1 impedimento de locomo\u00e7\u00e3o das equipes para determinadas regi\u00f5es somente acess\u00edveis por meio fluvial, sendo invi\u00e1vel a atua\u00e7\u00e3o em 26 horas.<\/p>\n\n\n\n<p><strong>CGU sugere mais estudos<\/strong><br>Segundo a controladoria, a cria\u00e7\u00e3o do indicador &#8220;surge como uma necessidade frente ao aumento de eventos clim\u00e1ticos extremos que ocasionaram a falta de energia el\u00e9trica a in\u00fameros consumidores que por diversas vezes sofreram preju\u00edzos materiais devido ao enorme tempo necess\u00e1rio para o restabelecimento completo do fornecimento de energia, mas que n\u00e3o era abarcado pelos ressarcimentos previstos na regulamenta\u00e7\u00e3o&#8221;.<\/p>\n\n\n\n<p>A nota t\u00e9cnica da CGU sugere que a ANEEL avalie melhor o enquadramento do indicador na regula\u00e7\u00e3o e se nos \u00faltimos anos tem ocorrido extens\u00e3o inadequada pelas distribuidoras nos enquadramentos de declara\u00e7\u00f5es de situa\u00e7\u00e3o de emerg\u00eancias emitidas pelos \u00f3rg\u00e3os p\u00fablicos em \u00e1reas n\u00e3o afetadas.<\/p>\n\n\n\n<p>A <a href=\"https:\/\/mcusercontent.com\/d460dd1bcf9ba0ae040e1fc0f\/files\/83ab2532-653a-7d7a-9a91-09407f66a5b8\/SEI_3465870_Nota_Tecnica_3688.pdf\" target=\"_blank\" rel=\"noreferrer noopener\">nota t\u00e9cnica<\/a> diz que h\u00e1 &#8220;a necessidade de reavaliar se est\u00e1 ocorrendo um grande n\u00famero de decretos emitidos por \u00f3rg\u00e3o competente em que as concession\u00e1rias aproveitam essa situa\u00e7\u00e3o para enquadrar todas as interrup\u00e7\u00f5es nessa categoria, ou se o enquadramento est\u00e1 ocorrendo por meio da equa\u00e7\u00e3o que poderia tanto necessitar de reavalia\u00e7\u00e3o dos seus valores ou a manipula\u00e7\u00e3o dos dados para que ocorra o enquadramento favor\u00e1vel&#8221;.<\/p>\n","protected":false},"excerpt":{"rendered":"<p>Geraldo Campos Jr. e Marisa Wanzeller, da Ag\u00eancia iNFRA As distribuidoras de energia el\u00e9trica defendem junto \u00e0 ANEEL (Ag\u00eancia Nacional de Energia El\u00e9trica) que podem sofrer elevados impactos financeiros caso seja aprovada a proposta para que as concession\u00e1rias paguem uma compensa\u00e7\u00e3o financeira aos consumidores pela demora no restabelecimento da energia em casos de eventos clim\u00e1ticos [&hellip;]<\/p>\n","protected":false},"author":1,"featured_media":6378,"comment_status":"closed","ping_status":"closed","sticky":false,"template":"","format":"standard","meta":{"_monsterinsights_skip_tracking":false,"_monsterinsights_sitenote_active":false,"_monsterinsights_sitenote_note":"","_monsterinsights_sitenote_category":0,"footnotes":""},"categories":[9714,1,10],"tags":[53,3002,12332,12339,9584,12334,12333,9308,11594,12335,12337,12338,12336],"class_list":["post-20084","post","type-post","status-publish","format-standard","has-post-thumbnail","hentry","category-destaque-menor","category-geral","category-infraenergia","tag-aneel","tag-apagao","tag-compensacao-financeira-consumidores","tag-compensacoes-de-apagoes","tag-concessao-de-energia-eletrica","tag-consulta-publica-32-2024","tag-distribuidoras-de-energia-eletrica","tag-eventos-climaticos-extremos","tag-geraldo-campos-jr","tag-impacto-financeiro-distribuidoras","tag-indicador-dise","tag-resiliencia-redes-eletricas","tag-restabelecimento-de-energia"],"yoast_head":"<!-- This site is optimized with the Yoast SEO Premium plugin v25.4 (Yoast SEO v26.0) - https:\/\/yoast.com\/wordpress\/plugins\/seo\/ -->\n<title>Distribuidoras citam custo de at\u00e9 R$ 2 bilh\u00f5es com compensa\u00e7\u00f5es de apag\u00f5es proposta pela ANEEL - Ag\u00eancia iNFRA<\/title>\n<meta name=\"robots\" content=\"index, follow, max-snippet:-1, max-image-preview:large, max-video-preview:-1\" \/>\n<link rel=\"canonical\" href=\"https:\/\/agenciainfra.com\/blog\/distribuidoras-citam-custo-de-ate-r-2-bilhoes-com-compensacoes-de-apagoes-proposta-pela-aneel\/\" \/>\n<meta property=\"og:locale\" content=\"pt_BR\" \/>\n<meta property=\"og:type\" content=\"article\" \/>\n<meta property=\"og:title\" content=\"Distribuidoras citam custo de at\u00e9 R$ 2 bilh\u00f5es com compensa\u00e7\u00f5es de apag\u00f5es proposta pela ANEEL\" \/>\n<meta property=\"og:description\" content=\"Geraldo Campos Jr. e Marisa Wanzeller, da Ag\u00eancia iNFRA As distribuidoras de energia el\u00e9trica defendem junto \u00e0 ANEEL (Ag\u00eancia Nacional de Energia El\u00e9trica) que podem sofrer elevados impactos financeiros caso seja aprovada a proposta para que as concession\u00e1rias paguem uma compensa\u00e7\u00e3o financeira aos consumidores pela demora no restabelecimento da energia em casos de eventos clim\u00e1ticos [&hellip;]\" \/>\n<meta property=\"og:url\" content=\"https:\/\/agenciainfra.com\/blog\/distribuidoras-citam-custo-de-ate-r-2-bilhoes-com-compensacoes-de-apagoes-proposta-pela-aneel\/\" \/>\n<meta property=\"og:site_name\" content=\"Ag\u00eancia iNFRA\" \/>\n<meta property=\"article:publisher\" content=\"https:\/\/www.facebook.com\/ageninfra\" \/>\n<meta property=\"article:published_time\" content=\"2025-01-24T12:00:00+00:00\" \/>\n<meta property=\"article:modified_time\" content=\"2025-01-27T09:05:58+00:00\" \/>\n<meta property=\"og:image\" content=\"https:\/\/agenciainfra.com\/blog\/wp-content\/uploads\/2020\/11\/apagao-Amapa-foto-Rudja-Santos-Amazonia-Real.jpg\" \/>\n\t<meta property=\"og:image:width\" content=\"1280\" \/>\n\t<meta property=\"og:image:height\" content=\"853\" \/>\n\t<meta property=\"og:image:type\" content=\"image\/jpeg\" \/>\n<meta name=\"author\" content=\"Ag\u00eancia iNFRA\" \/>\n<meta name=\"twitter:card\" content=\"summary_large_image\" \/>\n<meta name=\"twitter:creator\" content=\"@agencia_infra\" \/>\n<meta name=\"twitter:site\" content=\"@agencia_infra\" \/>\n<meta name=\"twitter:label1\" content=\"Escrito por\" \/>\n\t<meta name=\"twitter:data1\" content=\"Ag\u00eancia iNFRA\" \/>\n\t<meta name=\"twitter:label2\" content=\"Est. tempo de leitura\" \/>\n\t<meta name=\"twitter:data2\" content=\"6 minutos\" \/>\n<script type=\"application\/ld+json\" class=\"yoast-schema-graph\">{\"@context\":\"https:\/\/schema.org\",\"@graph\":[{\"@type\":\"Article\",\"@id\":\"https:\/\/agenciainfra.com\/blog\/distribuidoras-citam-custo-de-ate-r-2-bilhoes-com-compensacoes-de-apagoes-proposta-pela-aneel\/#article\",\"isPartOf\":{\"@id\":\"https:\/\/agenciainfra.com\/blog\/distribuidoras-citam-custo-de-ate-r-2-bilhoes-com-compensacoes-de-apagoes-proposta-pela-aneel\/\"},\"author\":{\"name\":\"Ag\u00eancia iNFRA\",\"@id\":\"https:\/\/agenciainfra.com\/blog\/#\/schema\/person\/34af08dff6adea4cb22b06612ba7acfa\"},\"headline\":\"Distribuidoras citam custo de at\u00e9 R$ 2 bilh\u00f5es com compensa\u00e7\u00f5es de apag\u00f5es proposta pela ANEEL\",\"datePublished\":\"2025-01-24T12:00:00+00:00\",\"dateModified\":\"2025-01-27T09:05:58+00:00\",\"mainEntityOfPage\":{\"@id\":\"https:\/\/agenciainfra.com\/blog\/distribuidoras-citam-custo-de-ate-r-2-bilhoes-com-compensacoes-de-apagoes-proposta-pela-aneel\/\"},\"wordCount\":1201,\"publisher\":{\"@id\":\"https:\/\/agenciainfra.com\/blog\/#organization\"},\"image\":{\"@id\":\"https:\/\/agenciainfra.com\/blog\/distribuidoras-citam-custo-de-ate-r-2-bilhoes-com-compensacoes-de-apagoes-proposta-pela-aneel\/#primaryimage\"},\"thumbnailUrl\":\"https:\/\/agenciainfra.com\/blog\/wp-content\/uploads\/2020\/11\/apagao-Amapa-foto-Rudja-Santos-Amazonia-Real.jpg\",\"keywords\":[\"ANEEL\",\"apag\u00e3o\",\"Compensa\u00e7\u00e3o financeira consumidores\",\"compensa\u00e7\u00f5es de apag\u00f5es\",\"concess\u00e3o de energia el\u00e9trica\",\"Consulta P\u00fablica 32\/2024\",\"Distribuidoras de energia el\u00e9trica\",\"Eventos clim\u00e1ticos extremos\",\"Geraldo Campos Jr.\",\"Impacto financeiro distribuidoras\",\"Indicador DISE\",\"Resili\u00eancia redes el\u00e9tricas\",\"Restabelecimento de energia\"],\"articleSection\":[\"Destaque Menor\",\"Geral\",\"iNFRAEnergia\"],\"inLanguage\":\"pt-BR\",\"copyrightYear\":\"2025\",\"copyrightHolder\":{\"@id\":\"https:\/\/agenciainfra.com\/blog\/#organization\"}},{\"@type\":\"WebPage\",\"@id\":\"https:\/\/agenciainfra.com\/blog\/distribuidoras-citam-custo-de-ate-r-2-bilhoes-com-compensacoes-de-apagoes-proposta-pela-aneel\/\",\"url\":\"https:\/\/agenciainfra.com\/blog\/distribuidoras-citam-custo-de-ate-r-2-bilhoes-com-compensacoes-de-apagoes-proposta-pela-aneel\/\",\"name\":\"Distribuidoras citam custo de at\u00e9 R$ 2 bilh\u00f5es com compensa\u00e7\u00f5es de apag\u00f5es proposta pela ANEEL - Ag\u00eancia iNFRA\",\"isPartOf\":{\"@id\":\"https:\/\/agenciainfra.com\/blog\/#website\"},\"primaryImageOfPage\":{\"@id\":\"https:\/\/agenciainfra.com\/blog\/distribuidoras-citam-custo-de-ate-r-2-bilhoes-com-compensacoes-de-apagoes-proposta-pela-aneel\/#primaryimage\"},\"image\":{\"@id\":\"https:\/\/agenciainfra.com\/blog\/distribuidoras-citam-custo-de-ate-r-2-bilhoes-com-compensacoes-de-apagoes-proposta-pela-aneel\/#primaryimage\"},\"thumbnailUrl\":\"https:\/\/agenciainfra.com\/blog\/wp-content\/uploads\/2020\/11\/apagao-Amapa-foto-Rudja-Santos-Amazonia-Real.jpg\",\"datePublished\":\"2025-01-24T12:00:00+00:00\",\"dateModified\":\"2025-01-27T09:05:58+00:00\",\"breadcrumb\":{\"@id\":\"https:\/\/agenciainfra.com\/blog\/distribuidoras-citam-custo-de-ate-r-2-bilhoes-com-compensacoes-de-apagoes-proposta-pela-aneel\/#breadcrumb\"},\"inLanguage\":\"pt-BR\",\"potentialAction\":[{\"@type\":\"ReadAction\",\"target\":[\"https:\/\/agenciainfra.com\/blog\/distribuidoras-citam-custo-de-ate-r-2-bilhoes-com-compensacoes-de-apagoes-proposta-pela-aneel\/\"]}]},{\"@type\":\"ImageObject\",\"inLanguage\":\"pt-BR\",\"@id\":\"https:\/\/agenciainfra.com\/blog\/distribuidoras-citam-custo-de-ate-r-2-bilhoes-com-compensacoes-de-apagoes-proposta-pela-aneel\/#primaryimage\",\"url\":\"https:\/\/agenciainfra.com\/blog\/wp-content\/uploads\/2020\/11\/apagao-Amapa-foto-Rudja-Santos-Amazonia-Real.jpg\",\"contentUrl\":\"https:\/\/agenciainfra.com\/blog\/wp-content\/uploads\/2020\/11\/apagao-Amapa-foto-Rudja-Santos-Amazonia-Real.jpg\",\"width\":1280,\"height\":853,\"caption\":\"Foto: Rudja Santos\/Amaz\u00f4nia Real\"},{\"@type\":\"BreadcrumbList\",\"@id\":\"https:\/\/agenciainfra.com\/blog\/distribuidoras-citam-custo-de-ate-r-2-bilhoes-com-compensacoes-de-apagoes-proposta-pela-aneel\/#breadcrumb\",\"itemListElement\":[{\"@type\":\"ListItem\",\"position\":1,\"name\":\"In\u00edcio\",\"item\":\"https:\/\/agenciainfra.com\/blog\/\"},{\"@type\":\"ListItem\",\"position\":2,\"name\":\"Distribuidoras citam custo de at\u00e9 R$ 2 bilh\u00f5es com compensa\u00e7\u00f5es de apag\u00f5es proposta pela ANEEL\"}]},{\"@type\":\"WebSite\",\"@id\":\"https:\/\/agenciainfra.com\/blog\/#website\",\"url\":\"https:\/\/agenciainfra.com\/blog\/\",\"name\":\"Ag\u00eancia iNFRA\",\"description\":\"Multiplataforma de informa\u00e7\u00e3o jornal\u00edstica refer\u00eancia na \u00e1rea de infraestrutura no Brasil!\",\"publisher\":{\"@id\":\"https:\/\/agenciainfra.com\/blog\/#organization\"},\"potentialAction\":[{\"@type\":\"SearchAction\",\"target\":{\"@type\":\"EntryPoint\",\"urlTemplate\":\"https:\/\/agenciainfra.com\/blog\/?s={search_term_string}\"},\"query-input\":{\"@type\":\"PropertyValueSpecification\",\"valueRequired\":true,\"valueName\":\"search_term_string\"}}],\"inLanguage\":\"pt-BR\"},{\"@type\":\"Organization\",\"@id\":\"https:\/\/agenciainfra.com\/blog\/#organization\",\"name\":\"Ag\u00eancia iNFRA\",\"url\":\"https:\/\/agenciainfra.com\/blog\/\",\"logo\":{\"@type\":\"ImageObject\",\"inLanguage\":\"pt-BR\",\"@id\":\"https:\/\/agenciainfra.com\/blog\/#\/schema\/logo\/image\/\",\"url\":\"https:\/\/agenciainfra.com\/blog\/wp-content\/uploads\/2023\/09\/iNFRA_5-e1761735885940.png\",\"contentUrl\":\"https:\/\/agenciainfra.com\/blog\/wp-content\/uploads\/2023\/09\/iNFRA_5-e1761735885940.png\",\"width\":1672,\"height\":454,\"caption\":\"Ag\u00eancia iNFRA\"},\"image\":{\"@id\":\"https:\/\/agenciainfra.com\/blog\/#\/schema\/logo\/image\/\"},\"sameAs\":[\"https:\/\/www.facebook.com\/ageninfra\",\"https:\/\/x.com\/agencia_infra\",\"https:\/\/www.linkedin.com\/company\/ag\u00eanciainfra\/\",\"https:\/\/www.instagram.com\/agenciainfra\/\"]},{\"@type\":\"Person\",\"@id\":\"https:\/\/agenciainfra.com\/blog\/#\/schema\/person\/34af08dff6adea4cb22b06612ba7acfa\",\"name\":\"Ag\u00eancia iNFRA\",\"image\":{\"@type\":\"ImageObject\",\"inLanguage\":\"pt-BR\",\"@id\":\"https:\/\/agenciainfra.com\/blog\/#\/schema\/person\/image\/\",\"url\":\"https:\/\/secure.gravatar.com\/avatar\/d189e01678f06d8eb84d4e01f08eb848b3fffe3f8443818d3c356c66892f5be8?s=96&d=mm&r=g\",\"contentUrl\":\"https:\/\/secure.gravatar.com\/avatar\/d189e01678f06d8eb84d4e01f08eb848b3fffe3f8443818d3c356c66892f5be8?s=96&d=mm&r=g\",\"caption\":\"Ag\u00eancia iNFRA\"},\"url\":\"https:\/\/agenciainfra.com\/blog\/author\/admin\/\"}]}<\/script>\n<!-- \/ Yoast SEO Premium plugin. -->","yoast_head_json":{"title":"Distribuidoras citam custo de at\u00e9 R$ 2 bilh\u00f5es com compensa\u00e7\u00f5es de apag\u00f5es proposta pela ANEEL - Ag\u00eancia iNFRA","robots":{"index":"index","follow":"follow","max-snippet":"max-snippet:-1","max-image-preview":"max-image-preview:large","max-video-preview":"max-video-preview:-1"},"canonical":"https:\/\/agenciainfra.com\/blog\/distribuidoras-citam-custo-de-ate-r-2-bilhoes-com-compensacoes-de-apagoes-proposta-pela-aneel\/","og_locale":"pt_BR","og_type":"article","og_title":"Distribuidoras citam custo de at\u00e9 R$ 2 bilh\u00f5es com compensa\u00e7\u00f5es de apag\u00f5es proposta pela ANEEL","og_description":"Geraldo Campos Jr. e Marisa Wanzeller, da Ag\u00eancia iNFRA As distribuidoras de energia el\u00e9trica defendem junto \u00e0 ANEEL (Ag\u00eancia Nacional de Energia El\u00e9trica) que podem sofrer elevados impactos financeiros caso seja aprovada a proposta para que as concession\u00e1rias paguem uma compensa\u00e7\u00e3o financeira aos consumidores pela demora no restabelecimento da energia em casos de eventos clim\u00e1ticos [&hellip;]","og_url":"https:\/\/agenciainfra.com\/blog\/distribuidoras-citam-custo-de-ate-r-2-bilhoes-com-compensacoes-de-apagoes-proposta-pela-aneel\/","og_site_name":"Ag\u00eancia iNFRA","article_publisher":"https:\/\/www.facebook.com\/ageninfra","article_published_time":"2025-01-24T12:00:00+00:00","article_modified_time":"2025-01-27T09:05:58+00:00","og_image":[{"width":1280,"height":853,"url":"https:\/\/agenciainfra.com\/blog\/wp-content\/uploads\/2020\/11\/apagao-Amapa-foto-Rudja-Santos-Amazonia-Real.jpg","type":"image\/jpeg"}],"author":"Ag\u00eancia iNFRA","twitter_card":"summary_large_image","twitter_creator":"@agencia_infra","twitter_site":"@agencia_infra","twitter_misc":{"Escrito por":"Ag\u00eancia iNFRA","Est. tempo de leitura":"6 minutos"},"schema":{"@context":"https:\/\/schema.org","@graph":[{"@type":"Article","@id":"https:\/\/agenciainfra.com\/blog\/distribuidoras-citam-custo-de-ate-r-2-bilhoes-com-compensacoes-de-apagoes-proposta-pela-aneel\/#article","isPartOf":{"@id":"https:\/\/agenciainfra.com\/blog\/distribuidoras-citam-custo-de-ate-r-2-bilhoes-com-compensacoes-de-apagoes-proposta-pela-aneel\/"},"author":{"name":"Ag\u00eancia iNFRA","@id":"https:\/\/agenciainfra.com\/blog\/#\/schema\/person\/34af08dff6adea4cb22b06612ba7acfa"},"headline":"Distribuidoras citam custo de at\u00e9 R$ 2 bilh\u00f5es com compensa\u00e7\u00f5es de apag\u00f5es proposta pela ANEEL","datePublished":"2025-01-24T12:00:00+00:00","dateModified":"2025-01-27T09:05:58+00:00","mainEntityOfPage":{"@id":"https:\/\/agenciainfra.com\/blog\/distribuidoras-citam-custo-de-ate-r-2-bilhoes-com-compensacoes-de-apagoes-proposta-pela-aneel\/"},"wordCount":1201,"publisher":{"@id":"https:\/\/agenciainfra.com\/blog\/#organization"},"image":{"@id":"https:\/\/agenciainfra.com\/blog\/distribuidoras-citam-custo-de-ate-r-2-bilhoes-com-compensacoes-de-apagoes-proposta-pela-aneel\/#primaryimage"},"thumbnailUrl":"https:\/\/agenciainfra.com\/blog\/wp-content\/uploads\/2020\/11\/apagao-Amapa-foto-Rudja-Santos-Amazonia-Real.jpg","keywords":["ANEEL","apag\u00e3o","Compensa\u00e7\u00e3o financeira consumidores","compensa\u00e7\u00f5es de apag\u00f5es","concess\u00e3o de energia el\u00e9trica","Consulta P\u00fablica 32\/2024","Distribuidoras de energia el\u00e9trica","Eventos clim\u00e1ticos extremos","Geraldo Campos Jr.","Impacto financeiro distribuidoras","Indicador DISE","Resili\u00eancia redes el\u00e9tricas","Restabelecimento de energia"],"articleSection":["Destaque Menor","Geral","iNFRAEnergia"],"inLanguage":"pt-BR","copyrightYear":"2025","copyrightHolder":{"@id":"https:\/\/agenciainfra.com\/blog\/#organization"}},{"@type":"WebPage","@id":"https:\/\/agenciainfra.com\/blog\/distribuidoras-citam-custo-de-ate-r-2-bilhoes-com-compensacoes-de-apagoes-proposta-pela-aneel\/","url":"https:\/\/agenciainfra.com\/blog\/distribuidoras-citam-custo-de-ate-r-2-bilhoes-com-compensacoes-de-apagoes-proposta-pela-aneel\/","name":"Distribuidoras citam custo de at\u00e9 R$ 2 bilh\u00f5es com compensa\u00e7\u00f5es de apag\u00f5es proposta pela ANEEL - Ag\u00eancia iNFRA","isPartOf":{"@id":"https:\/\/agenciainfra.com\/blog\/#website"},"primaryImageOfPage":{"@id":"https:\/\/agenciainfra.com\/blog\/distribuidoras-citam-custo-de-ate-r-2-bilhoes-com-compensacoes-de-apagoes-proposta-pela-aneel\/#primaryimage"},"image":{"@id":"https:\/\/agenciainfra.com\/blog\/distribuidoras-citam-custo-de-ate-r-2-bilhoes-com-compensacoes-de-apagoes-proposta-pela-aneel\/#primaryimage"},"thumbnailUrl":"https:\/\/agenciainfra.com\/blog\/wp-content\/uploads\/2020\/11\/apagao-Amapa-foto-Rudja-Santos-Amazonia-Real.jpg","datePublished":"2025-01-24T12:00:00+00:00","dateModified":"2025-01-27T09:05:58+00:00","breadcrumb":{"@id":"https:\/\/agenciainfra.com\/blog\/distribuidoras-citam-custo-de-ate-r-2-bilhoes-com-compensacoes-de-apagoes-proposta-pela-aneel\/#breadcrumb"},"inLanguage":"pt-BR","potentialAction":[{"@type":"ReadAction","target":["https:\/\/agenciainfra.com\/blog\/distribuidoras-citam-custo-de-ate-r-2-bilhoes-com-compensacoes-de-apagoes-proposta-pela-aneel\/"]}]},{"@type":"ImageObject","inLanguage":"pt-BR","@id":"https:\/\/agenciainfra.com\/blog\/distribuidoras-citam-custo-de-ate-r-2-bilhoes-com-compensacoes-de-apagoes-proposta-pela-aneel\/#primaryimage","url":"https:\/\/agenciainfra.com\/blog\/wp-content\/uploads\/2020\/11\/apagao-Amapa-foto-Rudja-Santos-Amazonia-Real.jpg","contentUrl":"https:\/\/agenciainfra.com\/blog\/wp-content\/uploads\/2020\/11\/apagao-Amapa-foto-Rudja-Santos-Amazonia-Real.jpg","width":1280,"height":853,"caption":"Foto: Rudja Santos\/Amaz\u00f4nia Real"},{"@type":"BreadcrumbList","@id":"https:\/\/agenciainfra.com\/blog\/distribuidoras-citam-custo-de-ate-r-2-bilhoes-com-compensacoes-de-apagoes-proposta-pela-aneel\/#breadcrumb","itemListElement":[{"@type":"ListItem","position":1,"name":"In\u00edcio","item":"https:\/\/agenciainfra.com\/blog\/"},{"@type":"ListItem","position":2,"name":"Distribuidoras citam custo de at\u00e9 R$ 2 bilh\u00f5es com compensa\u00e7\u00f5es de apag\u00f5es proposta pela ANEEL"}]},{"@type":"WebSite","@id":"https:\/\/agenciainfra.com\/blog\/#website","url":"https:\/\/agenciainfra.com\/blog\/","name":"Ag\u00eancia iNFRA","description":"Multiplataforma de informa\u00e7\u00e3o jornal\u00edstica refer\u00eancia na \u00e1rea de infraestrutura no Brasil!","publisher":{"@id":"https:\/\/agenciainfra.com\/blog\/#organization"},"potentialAction":[{"@type":"SearchAction","target":{"@type":"EntryPoint","urlTemplate":"https:\/\/agenciainfra.com\/blog\/?s={search_term_string}"},"query-input":{"@type":"PropertyValueSpecification","valueRequired":true,"valueName":"search_term_string"}}],"inLanguage":"pt-BR"},{"@type":"Organization","@id":"https:\/\/agenciainfra.com\/blog\/#organization","name":"Ag\u00eancia iNFRA","url":"https:\/\/agenciainfra.com\/blog\/","logo":{"@type":"ImageObject","inLanguage":"pt-BR","@id":"https:\/\/agenciainfra.com\/blog\/#\/schema\/logo\/image\/","url":"https:\/\/agenciainfra.com\/blog\/wp-content\/uploads\/2023\/09\/iNFRA_5-e1761735885940.png","contentUrl":"https:\/\/agenciainfra.com\/blog\/wp-content\/uploads\/2023\/09\/iNFRA_5-e1761735885940.png","width":1672,"height":454,"caption":"Ag\u00eancia iNFRA"},"image":{"@id":"https:\/\/agenciainfra.com\/blog\/#\/schema\/logo\/image\/"},"sameAs":["https:\/\/www.facebook.com\/ageninfra","https:\/\/x.com\/agencia_infra","https:\/\/www.linkedin.com\/company\/ag\u00eanciainfra\/","https:\/\/www.instagram.com\/agenciainfra\/"]},{"@type":"Person","@id":"https:\/\/agenciainfra.com\/blog\/#\/schema\/person\/34af08dff6adea4cb22b06612ba7acfa","name":"Ag\u00eancia iNFRA","image":{"@type":"ImageObject","inLanguage":"pt-BR","@id":"https:\/\/agenciainfra.com\/blog\/#\/schema\/person\/image\/","url":"https:\/\/secure.gravatar.com\/avatar\/d189e01678f06d8eb84d4e01f08eb848b3fffe3f8443818d3c356c66892f5be8?s=96&d=mm&r=g","contentUrl":"https:\/\/secure.gravatar.com\/avatar\/d189e01678f06d8eb84d4e01f08eb848b3fffe3f8443818d3c356c66892f5be8?s=96&d=mm&r=g","caption":"Ag\u00eancia iNFRA"},"url":"https:\/\/agenciainfra.com\/blog\/author\/admin\/"}]}},"_links":{"self":[{"href":"https:\/\/agenciainfra.com\/blog\/wp-json\/wp\/v2\/posts\/20084","targetHints":{"allow":["GET"]}}],"collection":[{"href":"https:\/\/agenciainfra.com\/blog\/wp-json\/wp\/v2\/posts"}],"about":[{"href":"https:\/\/agenciainfra.com\/blog\/wp-json\/wp\/v2\/types\/post"}],"author":[{"embeddable":true,"href":"https:\/\/agenciainfra.com\/blog\/wp-json\/wp\/v2\/users\/1"}],"replies":[{"embeddable":true,"href":"https:\/\/agenciainfra.com\/blog\/wp-json\/wp\/v2\/comments?post=20084"}],"version-history":[{"count":1,"href":"https:\/\/agenciainfra.com\/blog\/wp-json\/wp\/v2\/posts\/20084\/revisions"}],"predecessor-version":[{"id":20085,"href":"https:\/\/agenciainfra.com\/blog\/wp-json\/wp\/v2\/posts\/20084\/revisions\/20085"}],"wp:featuredmedia":[{"embeddable":true,"href":"https:\/\/agenciainfra.com\/blog\/wp-json\/wp\/v2\/media\/6378"}],"wp:attachment":[{"href":"https:\/\/agenciainfra.com\/blog\/wp-json\/wp\/v2\/media?parent=20084"}],"wp:term":[{"taxonomy":"category","embeddable":true,"href":"https:\/\/agenciainfra.com\/blog\/wp-json\/wp\/v2\/categories?post=20084"},{"taxonomy":"post_tag","embeddable":true,"href":"https:\/\/agenciainfra.com\/blog\/wp-json\/wp\/v2\/tags?post=20084"}],"curies":[{"name":"wp","href":"https:\/\/api.w.org\/{rel}","templated":true}]}}