{"id":20096,"date":"2025-01-29T08:00:00","date_gmt":"2025-01-29T11:00:00","guid":{"rendered":"https:\/\/agenciainfra.com\/blog\/?p=20096"},"modified":"2025-02-06T11:59:33","modified_gmt":"2025-02-06T14:59:33","slug":"megaterminal-de-conteiner-em-santos-vai-a-r-45-bi-e-passara-por-nova-consulta-publica-em-fevereiro","status":"publish","type":"post","link":"https:\/\/agenciainfra.com\/blog\/megaterminal-de-conteiner-em-santos-vai-a-r-45-bi-e-passara-por-nova-consulta-publica-em-fevereiro\/","title":{"rendered":"Megaterminal de cont\u00eainer em Santos vai a R$ 4,5 bi e passar\u00e1 por nova consulta p\u00fablica em fevereiro"},"content":{"rendered":"\n<p class=\"has-text-align-right\"><strong>Dimmi Amora, da Ag\u00eancia iNFRA<\/strong><\/p>\n\n\n\n<p>Em reuni\u00e3o realizada na semana passada, a equipe do&nbsp;Minist\u00e9rio&nbsp;de Portos e Aeroportos definiu os par\u00e2metros para a concess\u00e3o do novo megaterminal de cont\u00eaineres do Porto de Santos (SP). A remodelagem do projeto ser\u00e1 apresentada para consulta p\u00fablica nas pr\u00f3ximas semanas.<\/p>\n\n\n\n<p>A&nbsp;<strong>Ag\u00eancia iNFRA<\/strong>&nbsp;apurou junto a fontes no governo que a nova proposta \u00e9 maior que a originalmente apresentada em 2021, com \u00e1rea ampliada para o novo e um ber\u00e7o a mais que o previsto antes (ser\u00e3o 4 no total).<\/p>\n\n\n\n<p>Ainda n\u00e3o est\u00e1 definido se haver\u00e1 restri\u00e7\u00f5es concorrenciais na disputa. Uma avalia\u00e7\u00e3o sobre o tema ser\u00e1 feita em parceria entre a ANTAQ (Ag\u00eancia Nacional de Transportes Aquavi\u00e1rios) e o Cade (Conselho Administrativo de Defesa da Concorr\u00eancia) em paralelo ao processo de consulta p\u00fablica.<\/p>\n\n\n\n<p>A estimativa de investimentos dos estudos, que s\u00e3o realizados pela Infra S.A,&nbsp;passa dos R$ 4,5 bilh\u00f5es, com indica\u00e7\u00f5es para que o terminal seja constru\u00eddo com equipamentos n\u00e3o poluentes e tecnologia de ponta para movimentar&nbsp;mais de tr\u00eas milh\u00f5es de TEU (medida de cont\u00eainer) ao ano. A proposta original previa investimentos na casa dos R$ 3,3 bilh\u00f5es para movimentar pouco mais de dois milh\u00f5es de TEU. O novo tamanho&nbsp;levaria o porto santista a figurar entre os 20 maiores do mundo (hoje est\u00e1 acima da 40\u00aa posi\u00e7\u00e3o).<\/p>\n\n\n\n<p>De acordo com o projeto apresentado para o chamado Tecon 10, toda a regi\u00e3o do porto que era disputada para outros projetos ser\u00e1 ocupada pelo terminal de cont\u00eaineres. A outorga decorrente desta licita\u00e7\u00e3o ser\u00e1 destinada exclusivamente para a constru\u00e7\u00e3o de um novo terminal de passageiros em outra \u00e1rea do porto.<\/p>\n\n\n\n<p>No projeto original, o terminal ocuparia toda a regi\u00e3o do Sabo\u00f3, em Santos. Mas em 2023, a atual gest\u00e3o do Porto de Santos&nbsp;<a href=\"https:\/\/agenciainfra.com\/blog\/porto-de-santos-descarta-implementar-o-sts10-novo-terminal-de-conteineres-previsto-na-gestao-passada\/\" target=\"_blank\" rel=\"noreferrer noopener\">anunciou<\/a>&nbsp;que iria dividir a \u00e1rea em tr\u00eas partes, para abrigar al\u00e9m do terminal de cont\u00eaineres, um terminal multi-prop\u00f3sito e um terminal de passageiros.<\/p>\n\n\n\n<p>A \u00e1rea t\u00e9cnica do&nbsp;TCU (Tribunal de Contas da Uni\u00e3o)&nbsp;<a href=\"https:\/\/agenciainfra.com\/blog\/fiscalizacao-do-tcu-indica-indicio-de-irregularidade-em-fatiamento-sem-licitacao-de-area-para-novo-terminal-de-conteineres-do-porto-de-santos\/\" target=\"_blank\" rel=\"noreferrer noopener\">contestou a decis\u00e3o<\/a>,&nbsp;houve uma interven\u00e7\u00e3o do Pal\u00e1cio do Planalto e a proposta de dividir a \u00e1rea foi arquivada. Por isso, o terminal de cont\u00eaineres vai ocupar todo o espa\u00e7o nessa regi\u00e3o.&nbsp;<\/p>\n\n\n\n<p>A audi\u00eancia p\u00fablica a ser realizada pela ANTAQ (Ag\u00eancia Nacional de Transportes Aquavi\u00e1rios) deve ter um per\u00edodo de 30 dias, j\u00e1 que os estudos do terminal j\u00e1 tinham passado por essa etapa em 2020\/2021.&nbsp;Depois, a proposta ser\u00e1 levada para an\u00e1lise do TCU. O planejamento do governo para o projeto, que \u00e9 considerado o mais priorit\u00e1rio da pasta, \u00e9 fazer o leil\u00e3o em novembro deste ano.<\/p>\n\n\n\n<p><strong>Concorr\u00eancia<\/strong><br>A discuss\u00e3o sobre a licita\u00e7\u00e3o do novo terminal de cont\u00eaineres no Porto de Santos em 2021\/2022 teve um forte componente concorrencial. A \u00e1rea do porto santista, que \u00e9 o que mais movimenta esse tipo de carga no continente, tem tr\u00eas grandes terminais de opera\u00e7\u00e3o de cont\u00eaineres.&nbsp;<\/p>\n\n\n\n<p>Na \u00e9poca, dois deles, o Santos Brasil e o TUP DP World eram os chamados &#8216;bandeira branca&#8217;, ou seja, sem armadores no controle da opera\u00e7\u00e3o. E o terceiro, o BTP, \u00e9 uma sociedade entre os grupos de armadores Maersk e MSC, os dois maiores em opera\u00e7\u00e3o no mundo.&nbsp;<\/p>\n\n\n\n<p>Os terminais bandeira branca reclamavam de pr\u00e1ticas de self preference por parte dos armadores (privil\u00e9gio para o terminal da BTP, o que eles negavam) e clamavam para que o governo, a ag\u00eancia e os \u00f3rg\u00e3os de controle impusessem&nbsp;restri\u00e7\u00f5es na concorr\u00eancia do ent\u00e3o chamado STS10, alegando um suposto risco ao com\u00e9rcio exterior. Os grandes armadores defendiam que o processo de verticaliza\u00e7\u00e3o (portos controlados por armadores) resultava em pre\u00e7os menores ao com\u00e9rcio exterior.<\/p>\n\n\n\n<p>As propostas que estavam em an\u00e1lise na \u00e9poca&nbsp;<a href=\"https:\/\/agenciainfra.com\/blog\/governo-decide-impor-restricao-a-dois-armadores-em-licitacao-de-terminal-de-conteiner-em-santos\/\" target=\"_blank\" rel=\"noreferrer noopener\">indicaram<\/a>&nbsp;que seriam feitas algumas travas concorrenciais, o que provocou reclama\u00e7\u00f5es dos grandes armadores. O relator do processo que foi ao TCU, o ent\u00e3o ministro Bruno Dantas, chegou a&nbsp;<a href=\"https:\/\/agenciainfra.com\/blog\/relator-da-desestatizacao-do-porto-de-santos-indica-querer-manter-restricoes-em-novo-terminal-de-conteiner\/\" target=\"_blank\" rel=\"noreferrer noopener\">falar<\/a>&nbsp;sobre a necessidade de restri\u00e7\u00f5es \u00e0 participa\u00e7\u00e3o dos armadores na concorr\u00eancia. A an\u00e1lise dos estudos de ent\u00e3o n\u00e3o seguiram porque o governo anterior indicou que o arrendamento desse terminal seria feito dentro do processo de concess\u00e3o do porto, que acabou n\u00e3o acontecendo. Por isso, n\u00e3o h\u00e1 qualquer decis\u00e3o sobre criar ou n\u00e3o alguma restri\u00e7\u00e3o no leil\u00e3o atual.<\/p>\n\n\n\n<p><strong>Nova situa\u00e7\u00e3o<\/strong><br>A situa\u00e7\u00e3o mudou desde 2021. O terminal da DP World&nbsp;vem se direcionando a outras cargas al\u00e9m do cont\u00eainer. E o Santos Brasil foi comprado ano passado pela CMA CGM, que \u00e9 a terceira maior operadora de cont\u00eaineres do planeta, s\u00f3 atr\u00e1s da MSC e Maersk, deixando de ser bandeira branca.&nbsp;<\/p>\n\n\n\n<p>O indicativo do governo atual para o tema \u00e9 que, paralelamente \u00e0 audi\u00eancia p\u00fablica, a ANTAQ e o Cade (Conselho Administrativo de Defesa Econ\u00f4mica) realizem um estudo concorrencial espec\u00edfico para saber se ser\u00e1 ou n\u00e3o necess\u00e1ria alguma restri\u00e7\u00e3o concorrencial no leil\u00e3o do Tecon 10. A avalia\u00e7\u00e3o \u00e9 que essa an\u00e1lise concorrencial pode correr junto com a nova audi\u00eancia para n\u00e3o atrasar o processo, que se tornou priorit\u00e1rio para o governo, que quer fazer a licita\u00e7\u00e3o at\u00e9 o fim do ano.<\/p>\n","protected":false},"excerpt":{"rendered":"<p>Dimmi Amora, da Ag\u00eancia iNFRA Em reuni\u00e3o realizada na semana passada, a equipe do&nbsp;Minist\u00e9rio&nbsp;de Portos e Aeroportos definiu os par\u00e2metros para a concess\u00e3o do novo megaterminal de cont\u00eaineres do Porto de Santos (SP). A remodelagem do projeto ser\u00e1 apresentada para consulta p\u00fablica nas pr\u00f3ximas semanas. A&nbsp;Ag\u00eancia iNFRA&nbsp;apurou junto a fontes no governo que a nova [&hellip;]<\/p>\n","protected":false},"author":1,"featured_media":4603,"comment_status":"closed","ping_status":"closed","sticky":false,"template":"","format":"standard","meta":{"_monsterinsights_skip_tracking":false,"_monsterinsights_sitenote_active":false,"_monsterinsights_sitenote_note":"","_monsterinsights_sitenote_category":0,"footnotes":""},"categories":[7250,1,7],"tags":[86,12351,345,1299,2344,9472,12350,12353,260,4101,12352,8201],"class_list":["post-20096","post","type-post","status-publish","format-standard","has-post-thumbnail","hentry","category-destaque-lista","category-geral","category-infratransporte","tag-antaq","tag-concorrencia-portuaria","tag-consulta-publica","tag-dimmi-amora","tag-infra-s-a","tag-licitacao-portuaria","tag-megaterminal-de-conteineres","tag-movimentacao-de-teu","tag-porto-de-santos","tag-sts10","tag-tecon-10","tag-terminal-de-passageiros"],"yoast_head":"<!-- This site is optimized with the Yoast SEO Premium plugin v25.4 (Yoast SEO v26.0) - https:\/\/yoast.com\/wordpress\/plugins\/seo\/ -->\n<title>Megaterminal de cont\u00eainer em Santos vai a R$ 4,5 bi e passar\u00e1 por nova consulta p\u00fablica em fevereiro - Ag\u00eancia iNFRA<\/title>\n<meta name=\"robots\" content=\"index, follow, max-snippet:-1, max-image-preview:large, max-video-preview:-1\" \/>\n<link rel=\"canonical\" href=\"https:\/\/agenciainfra.com\/blog\/megaterminal-de-conteiner-em-santos-vai-a-r-45-bi-e-passara-por-nova-consulta-publica-em-fevereiro\/\" \/>\n<meta property=\"og:locale\" content=\"pt_BR\" \/>\n<meta property=\"og:type\" content=\"article\" \/>\n<meta property=\"og:title\" content=\"Megaterminal de cont\u00eainer em Santos vai a R$ 4,5 bi e passar\u00e1 por nova consulta p\u00fablica em fevereiro\" \/>\n<meta property=\"og:description\" content=\"Dimmi Amora, da Ag\u00eancia iNFRA Em reuni\u00e3o realizada na semana passada, a equipe do&nbsp;Minist\u00e9rio&nbsp;de Portos e Aeroportos definiu os par\u00e2metros para a concess\u00e3o do novo megaterminal de cont\u00eaineres do Porto de Santos (SP). A remodelagem do projeto ser\u00e1 apresentada para consulta p\u00fablica nas pr\u00f3ximas semanas. A&nbsp;Ag\u00eancia iNFRA&nbsp;apurou junto a fontes no governo que a nova [&hellip;]\" \/>\n<meta property=\"og:url\" content=\"https:\/\/agenciainfra.com\/blog\/megaterminal-de-conteiner-em-santos-vai-a-r-45-bi-e-passara-por-nova-consulta-publica-em-fevereiro\/\" \/>\n<meta property=\"og:site_name\" content=\"Ag\u00eancia iNFRA\" \/>\n<meta property=\"article:publisher\" content=\"https:\/\/www.facebook.com\/ageninfra\" \/>\n<meta property=\"article:published_time\" content=\"2025-01-29T11:00:00+00:00\" \/>\n<meta property=\"article:modified_time\" content=\"2025-02-06T14:59:33+00:00\" \/>\n<meta property=\"og:image\" content=\"https:\/\/agenciainfra.com\/blog\/wp-content\/uploads\/2020\/03\/conteiner-dominio-publico.jpg\" \/>\n\t<meta property=\"og:image:width\" content=\"1280\" \/>\n\t<meta property=\"og:image:height\" content=\"788\" \/>\n\t<meta property=\"og:image:type\" content=\"image\/jpeg\" \/>\n<meta name=\"author\" content=\"Ag\u00eancia iNFRA\" \/>\n<meta name=\"twitter:card\" content=\"summary_large_image\" \/>\n<meta name=\"twitter:creator\" content=\"@agencia_infra\" \/>\n<meta name=\"twitter:site\" content=\"@agencia_infra\" \/>\n<meta name=\"twitter:label1\" content=\"Escrito por\" \/>\n\t<meta name=\"twitter:data1\" content=\"Ag\u00eancia iNFRA\" \/>\n\t<meta name=\"twitter:label2\" content=\"Est. tempo de leitura\" \/>\n\t<meta name=\"twitter:data2\" content=\"5 minutos\" \/>\n<script type=\"application\/ld+json\" class=\"yoast-schema-graph\">{\"@context\":\"https:\/\/schema.org\",\"@graph\":[{\"@type\":\"Article\",\"@id\":\"https:\/\/agenciainfra.com\/blog\/megaterminal-de-conteiner-em-santos-vai-a-r-45-bi-e-passara-por-nova-consulta-publica-em-fevereiro\/#article\",\"isPartOf\":{\"@id\":\"https:\/\/agenciainfra.com\/blog\/megaterminal-de-conteiner-em-santos-vai-a-r-45-bi-e-passara-por-nova-consulta-publica-em-fevereiro\/\"},\"author\":{\"name\":\"Ag\u00eancia iNFRA\",\"@id\":\"https:\/\/agenciainfra.com\/blog\/#\/schema\/person\/34af08dff6adea4cb22b06612ba7acfa\"},\"headline\":\"Megaterminal de cont\u00eainer em Santos vai a R$ 4,5 bi e passar\u00e1 por nova consulta p\u00fablica em fevereiro\",\"datePublished\":\"2025-01-29T11:00:00+00:00\",\"dateModified\":\"2025-02-06T14:59:33+00:00\",\"mainEntityOfPage\":{\"@id\":\"https:\/\/agenciainfra.com\/blog\/megaterminal-de-conteiner-em-santos-vai-a-r-45-bi-e-passara-por-nova-consulta-publica-em-fevereiro\/\"},\"wordCount\":948,\"publisher\":{\"@id\":\"https:\/\/agenciainfra.com\/blog\/#organization\"},\"image\":{\"@id\":\"https:\/\/agenciainfra.com\/blog\/megaterminal-de-conteiner-em-santos-vai-a-r-45-bi-e-passara-por-nova-consulta-publica-em-fevereiro\/#primaryimage\"},\"thumbnailUrl\":\"https:\/\/agenciainfra.com\/blog\/wp-content\/uploads\/2020\/03\/conteiner-dominio-publico.jpg\",\"keywords\":[\"ANTAQ\",\"Concorr\u00eancia portu\u00e1ria\",\"consulta p\u00fablica\",\"Dimmi Amora\",\"Infra S.A.\",\"licita\u00e7\u00e3o portu\u00e1ria\",\"Megaterminal de cont\u00eaineres\",\"Movimenta\u00e7\u00e3o de TEU\",\"Porto de Santos\",\"STS10\",\"Tecon 10\",\"Terminal de Passageiros\"],\"articleSection\":[\"Destaque lista\",\"Geral\",\"iNFRATransporte\"],\"inLanguage\":\"pt-BR\",\"copyrightYear\":\"2025\",\"copyrightHolder\":{\"@id\":\"https:\/\/agenciainfra.com\/blog\/#organization\"}},{\"@type\":\"WebPage\",\"@id\":\"https:\/\/agenciainfra.com\/blog\/megaterminal-de-conteiner-em-santos-vai-a-r-45-bi-e-passara-por-nova-consulta-publica-em-fevereiro\/\",\"url\":\"https:\/\/agenciainfra.com\/blog\/megaterminal-de-conteiner-em-santos-vai-a-r-45-bi-e-passara-por-nova-consulta-publica-em-fevereiro\/\",\"name\":\"Megaterminal de cont\u00eainer em Santos vai a R$ 4,5 bi e passar\u00e1 por nova consulta p\u00fablica em fevereiro - Ag\u00eancia iNFRA\",\"isPartOf\":{\"@id\":\"https:\/\/agenciainfra.com\/blog\/#website\"},\"primaryImageOfPage\":{\"@id\":\"https:\/\/agenciainfra.com\/blog\/megaterminal-de-conteiner-em-santos-vai-a-r-45-bi-e-passara-por-nova-consulta-publica-em-fevereiro\/#primaryimage\"},\"image\":{\"@id\":\"https:\/\/agenciainfra.com\/blog\/megaterminal-de-conteiner-em-santos-vai-a-r-45-bi-e-passara-por-nova-consulta-publica-em-fevereiro\/#primaryimage\"},\"thumbnailUrl\":\"https:\/\/agenciainfra.com\/blog\/wp-content\/uploads\/2020\/03\/conteiner-dominio-publico.jpg\",\"datePublished\":\"2025-01-29T11:00:00+00:00\",\"dateModified\":\"2025-02-06T14:59:33+00:00\",\"breadcrumb\":{\"@id\":\"https:\/\/agenciainfra.com\/blog\/megaterminal-de-conteiner-em-santos-vai-a-r-45-bi-e-passara-por-nova-consulta-publica-em-fevereiro\/#breadcrumb\"},\"inLanguage\":\"pt-BR\",\"potentialAction\":[{\"@type\":\"ReadAction\",\"target\":[\"https:\/\/agenciainfra.com\/blog\/megaterminal-de-conteiner-em-santos-vai-a-r-45-bi-e-passara-por-nova-consulta-publica-em-fevereiro\/\"]}]},{\"@type\":\"ImageObject\",\"inLanguage\":\"pt-BR\",\"@id\":\"https:\/\/agenciainfra.com\/blog\/megaterminal-de-conteiner-em-santos-vai-a-r-45-bi-e-passara-por-nova-consulta-publica-em-fevereiro\/#primaryimage\",\"url\":\"https:\/\/agenciainfra.com\/blog\/wp-content\/uploads\/2020\/03\/conteiner-dominio-publico.jpg\",\"contentUrl\":\"https:\/\/agenciainfra.com\/blog\/wp-content\/uploads\/2020\/03\/conteiner-dominio-publico.jpg\",\"width\":1280,\"height\":788,\"caption\":\"Foto: Dom\u00ednio P\u00fablico\"},{\"@type\":\"BreadcrumbList\",\"@id\":\"https:\/\/agenciainfra.com\/blog\/megaterminal-de-conteiner-em-santos-vai-a-r-45-bi-e-passara-por-nova-consulta-publica-em-fevereiro\/#breadcrumb\",\"itemListElement\":[{\"@type\":\"ListItem\",\"position\":1,\"name\":\"In\u00edcio\",\"item\":\"https:\/\/agenciainfra.com\/blog\/\"},{\"@type\":\"ListItem\",\"position\":2,\"name\":\"Megaterminal de cont\u00eainer em Santos vai a R$ 4,5 bi e passar\u00e1 por nova consulta p\u00fablica em fevereiro\"}]},{\"@type\":\"WebSite\",\"@id\":\"https:\/\/agenciainfra.com\/blog\/#website\",\"url\":\"https:\/\/agenciainfra.com\/blog\/\",\"name\":\"Ag\u00eancia iNFRA\",\"description\":\"Multiplataforma de informa\u00e7\u00e3o jornal\u00edstica refer\u00eancia na \u00e1rea de infraestrutura no Brasil!\",\"publisher\":{\"@id\":\"https:\/\/agenciainfra.com\/blog\/#organization\"},\"potentialAction\":[{\"@type\":\"SearchAction\",\"target\":{\"@type\":\"EntryPoint\",\"urlTemplate\":\"https:\/\/agenciainfra.com\/blog\/?s={search_term_string}\"},\"query-input\":{\"@type\":\"PropertyValueSpecification\",\"valueRequired\":true,\"valueName\":\"search_term_string\"}}],\"inLanguage\":\"pt-BR\"},{\"@type\":\"Organization\",\"@id\":\"https:\/\/agenciainfra.com\/blog\/#organization\",\"name\":\"Ag\u00eancia iNFRA\",\"url\":\"https:\/\/agenciainfra.com\/blog\/\",\"logo\":{\"@type\":\"ImageObject\",\"inLanguage\":\"pt-BR\",\"@id\":\"https:\/\/agenciainfra.com\/blog\/#\/schema\/logo\/image\/\",\"url\":\"https:\/\/agenciainfra.com\/blog\/wp-content\/uploads\/2023\/09\/iNFRA_5-e1761735885940.png\",\"contentUrl\":\"https:\/\/agenciainfra.com\/blog\/wp-content\/uploads\/2023\/09\/iNFRA_5-e1761735885940.png\",\"width\":1672,\"height\":454,\"caption\":\"Ag\u00eancia iNFRA\"},\"image\":{\"@id\":\"https:\/\/agenciainfra.com\/blog\/#\/schema\/logo\/image\/\"},\"sameAs\":[\"https:\/\/www.facebook.com\/ageninfra\",\"https:\/\/x.com\/agencia_infra\",\"https:\/\/www.linkedin.com\/company\/ag\u00eanciainfra\/\",\"https:\/\/www.instagram.com\/agenciainfra\/\"]},{\"@type\":\"Person\",\"@id\":\"https:\/\/agenciainfra.com\/blog\/#\/schema\/person\/34af08dff6adea4cb22b06612ba7acfa\",\"name\":\"Ag\u00eancia iNFRA\",\"image\":{\"@type\":\"ImageObject\",\"inLanguage\":\"pt-BR\",\"@id\":\"https:\/\/agenciainfra.com\/blog\/#\/schema\/person\/image\/\",\"url\":\"https:\/\/secure.gravatar.com\/avatar\/d189e01678f06d8eb84d4e01f08eb848b3fffe3f8443818d3c356c66892f5be8?s=96&d=mm&r=g\",\"contentUrl\":\"https:\/\/secure.gravatar.com\/avatar\/d189e01678f06d8eb84d4e01f08eb848b3fffe3f8443818d3c356c66892f5be8?s=96&d=mm&r=g\",\"caption\":\"Ag\u00eancia iNFRA\"},\"url\":\"https:\/\/agenciainfra.com\/blog\/author\/admin\/\"}]}<\/script>\n<!-- \/ Yoast SEO Premium plugin. -->","yoast_head_json":{"title":"Megaterminal de cont\u00eainer em Santos vai a R$ 4,5 bi e passar\u00e1 por nova consulta p\u00fablica em fevereiro - Ag\u00eancia iNFRA","robots":{"index":"index","follow":"follow","max-snippet":"max-snippet:-1","max-image-preview":"max-image-preview:large","max-video-preview":"max-video-preview:-1"},"canonical":"https:\/\/agenciainfra.com\/blog\/megaterminal-de-conteiner-em-santos-vai-a-r-45-bi-e-passara-por-nova-consulta-publica-em-fevereiro\/","og_locale":"pt_BR","og_type":"article","og_title":"Megaterminal de cont\u00eainer em Santos vai a R$ 4,5 bi e passar\u00e1 por nova consulta p\u00fablica em fevereiro","og_description":"Dimmi Amora, da Ag\u00eancia iNFRA Em reuni\u00e3o realizada na semana passada, a equipe do&nbsp;Minist\u00e9rio&nbsp;de Portos e Aeroportos definiu os par\u00e2metros para a concess\u00e3o do novo megaterminal de cont\u00eaineres do Porto de Santos (SP). A remodelagem do projeto ser\u00e1 apresentada para consulta p\u00fablica nas pr\u00f3ximas semanas. A&nbsp;Ag\u00eancia iNFRA&nbsp;apurou junto a fontes no governo que a nova [&hellip;]","og_url":"https:\/\/agenciainfra.com\/blog\/megaterminal-de-conteiner-em-santos-vai-a-r-45-bi-e-passara-por-nova-consulta-publica-em-fevereiro\/","og_site_name":"Ag\u00eancia iNFRA","article_publisher":"https:\/\/www.facebook.com\/ageninfra","article_published_time":"2025-01-29T11:00:00+00:00","article_modified_time":"2025-02-06T14:59:33+00:00","og_image":[{"width":1280,"height":788,"url":"https:\/\/agenciainfra.com\/blog\/wp-content\/uploads\/2020\/03\/conteiner-dominio-publico.jpg","type":"image\/jpeg"}],"author":"Ag\u00eancia iNFRA","twitter_card":"summary_large_image","twitter_creator":"@agencia_infra","twitter_site":"@agencia_infra","twitter_misc":{"Escrito por":"Ag\u00eancia iNFRA","Est. tempo de leitura":"5 minutos"},"schema":{"@context":"https:\/\/schema.org","@graph":[{"@type":"Article","@id":"https:\/\/agenciainfra.com\/blog\/megaterminal-de-conteiner-em-santos-vai-a-r-45-bi-e-passara-por-nova-consulta-publica-em-fevereiro\/#article","isPartOf":{"@id":"https:\/\/agenciainfra.com\/blog\/megaterminal-de-conteiner-em-santos-vai-a-r-45-bi-e-passara-por-nova-consulta-publica-em-fevereiro\/"},"author":{"name":"Ag\u00eancia iNFRA","@id":"https:\/\/agenciainfra.com\/blog\/#\/schema\/person\/34af08dff6adea4cb22b06612ba7acfa"},"headline":"Megaterminal de cont\u00eainer em Santos vai a R$ 4,5 bi e passar\u00e1 por nova consulta p\u00fablica em fevereiro","datePublished":"2025-01-29T11:00:00+00:00","dateModified":"2025-02-06T14:59:33+00:00","mainEntityOfPage":{"@id":"https:\/\/agenciainfra.com\/blog\/megaterminal-de-conteiner-em-santos-vai-a-r-45-bi-e-passara-por-nova-consulta-publica-em-fevereiro\/"},"wordCount":948,"publisher":{"@id":"https:\/\/agenciainfra.com\/blog\/#organization"},"image":{"@id":"https:\/\/agenciainfra.com\/blog\/megaterminal-de-conteiner-em-santos-vai-a-r-45-bi-e-passara-por-nova-consulta-publica-em-fevereiro\/#primaryimage"},"thumbnailUrl":"https:\/\/agenciainfra.com\/blog\/wp-content\/uploads\/2020\/03\/conteiner-dominio-publico.jpg","keywords":["ANTAQ","Concorr\u00eancia portu\u00e1ria","consulta p\u00fablica","Dimmi Amora","Infra S.A.","licita\u00e7\u00e3o portu\u00e1ria","Megaterminal de cont\u00eaineres","Movimenta\u00e7\u00e3o de TEU","Porto de Santos","STS10","Tecon 10","Terminal de Passageiros"],"articleSection":["Destaque lista","Geral","iNFRATransporte"],"inLanguage":"pt-BR","copyrightYear":"2025","copyrightHolder":{"@id":"https:\/\/agenciainfra.com\/blog\/#organization"}},{"@type":"WebPage","@id":"https:\/\/agenciainfra.com\/blog\/megaterminal-de-conteiner-em-santos-vai-a-r-45-bi-e-passara-por-nova-consulta-publica-em-fevereiro\/","url":"https:\/\/agenciainfra.com\/blog\/megaterminal-de-conteiner-em-santos-vai-a-r-45-bi-e-passara-por-nova-consulta-publica-em-fevereiro\/","name":"Megaterminal de cont\u00eainer em Santos vai a R$ 4,5 bi e passar\u00e1 por nova consulta p\u00fablica em fevereiro - Ag\u00eancia iNFRA","isPartOf":{"@id":"https:\/\/agenciainfra.com\/blog\/#website"},"primaryImageOfPage":{"@id":"https:\/\/agenciainfra.com\/blog\/megaterminal-de-conteiner-em-santos-vai-a-r-45-bi-e-passara-por-nova-consulta-publica-em-fevereiro\/#primaryimage"},"image":{"@id":"https:\/\/agenciainfra.com\/blog\/megaterminal-de-conteiner-em-santos-vai-a-r-45-bi-e-passara-por-nova-consulta-publica-em-fevereiro\/#primaryimage"},"thumbnailUrl":"https:\/\/agenciainfra.com\/blog\/wp-content\/uploads\/2020\/03\/conteiner-dominio-publico.jpg","datePublished":"2025-01-29T11:00:00+00:00","dateModified":"2025-02-06T14:59:33+00:00","breadcrumb":{"@id":"https:\/\/agenciainfra.com\/blog\/megaterminal-de-conteiner-em-santos-vai-a-r-45-bi-e-passara-por-nova-consulta-publica-em-fevereiro\/#breadcrumb"},"inLanguage":"pt-BR","potentialAction":[{"@type":"ReadAction","target":["https:\/\/agenciainfra.com\/blog\/megaterminal-de-conteiner-em-santos-vai-a-r-45-bi-e-passara-por-nova-consulta-publica-em-fevereiro\/"]}]},{"@type":"ImageObject","inLanguage":"pt-BR","@id":"https:\/\/agenciainfra.com\/blog\/megaterminal-de-conteiner-em-santos-vai-a-r-45-bi-e-passara-por-nova-consulta-publica-em-fevereiro\/#primaryimage","url":"https:\/\/agenciainfra.com\/blog\/wp-content\/uploads\/2020\/03\/conteiner-dominio-publico.jpg","contentUrl":"https:\/\/agenciainfra.com\/blog\/wp-content\/uploads\/2020\/03\/conteiner-dominio-publico.jpg","width":1280,"height":788,"caption":"Foto: Dom\u00ednio P\u00fablico"},{"@type":"BreadcrumbList","@id":"https:\/\/agenciainfra.com\/blog\/megaterminal-de-conteiner-em-santos-vai-a-r-45-bi-e-passara-por-nova-consulta-publica-em-fevereiro\/#breadcrumb","itemListElement":[{"@type":"ListItem","position":1,"name":"In\u00edcio","item":"https:\/\/agenciainfra.com\/blog\/"},{"@type":"ListItem","position":2,"name":"Megaterminal de cont\u00eainer em Santos vai a R$ 4,5 bi e passar\u00e1 por nova consulta p\u00fablica em fevereiro"}]},{"@type":"WebSite","@id":"https:\/\/agenciainfra.com\/blog\/#website","url":"https:\/\/agenciainfra.com\/blog\/","name":"Ag\u00eancia iNFRA","description":"Multiplataforma de informa\u00e7\u00e3o jornal\u00edstica refer\u00eancia na \u00e1rea de infraestrutura no Brasil!","publisher":{"@id":"https:\/\/agenciainfra.com\/blog\/#organization"},"potentialAction":[{"@type":"SearchAction","target":{"@type":"EntryPoint","urlTemplate":"https:\/\/agenciainfra.com\/blog\/?s={search_term_string}"},"query-input":{"@type":"PropertyValueSpecification","valueRequired":true,"valueName":"search_term_string"}}],"inLanguage":"pt-BR"},{"@type":"Organization","@id":"https:\/\/agenciainfra.com\/blog\/#organization","name":"Ag\u00eancia iNFRA","url":"https:\/\/agenciainfra.com\/blog\/","logo":{"@type":"ImageObject","inLanguage":"pt-BR","@id":"https:\/\/agenciainfra.com\/blog\/#\/schema\/logo\/image\/","url":"https:\/\/agenciainfra.com\/blog\/wp-content\/uploads\/2023\/09\/iNFRA_5-e1761735885940.png","contentUrl":"https:\/\/agenciainfra.com\/blog\/wp-content\/uploads\/2023\/09\/iNFRA_5-e1761735885940.png","width":1672,"height":454,"caption":"Ag\u00eancia iNFRA"},"image":{"@id":"https:\/\/agenciainfra.com\/blog\/#\/schema\/logo\/image\/"},"sameAs":["https:\/\/www.facebook.com\/ageninfra","https:\/\/x.com\/agencia_infra","https:\/\/www.linkedin.com\/company\/ag\u00eanciainfra\/","https:\/\/www.instagram.com\/agenciainfra\/"]},{"@type":"Person","@id":"https:\/\/agenciainfra.com\/blog\/#\/schema\/person\/34af08dff6adea4cb22b06612ba7acfa","name":"Ag\u00eancia iNFRA","image":{"@type":"ImageObject","inLanguage":"pt-BR","@id":"https:\/\/agenciainfra.com\/blog\/#\/schema\/person\/image\/","url":"https:\/\/secure.gravatar.com\/avatar\/d189e01678f06d8eb84d4e01f08eb848b3fffe3f8443818d3c356c66892f5be8?s=96&d=mm&r=g","contentUrl":"https:\/\/secure.gravatar.com\/avatar\/d189e01678f06d8eb84d4e01f08eb848b3fffe3f8443818d3c356c66892f5be8?s=96&d=mm&r=g","caption":"Ag\u00eancia iNFRA"},"url":"https:\/\/agenciainfra.com\/blog\/author\/admin\/"}]}},"_links":{"self":[{"href":"https:\/\/agenciainfra.com\/blog\/wp-json\/wp\/v2\/posts\/20096","targetHints":{"allow":["GET"]}}],"collection":[{"href":"https:\/\/agenciainfra.com\/blog\/wp-json\/wp\/v2\/posts"}],"about":[{"href":"https:\/\/agenciainfra.com\/blog\/wp-json\/wp\/v2\/types\/post"}],"author":[{"embeddable":true,"href":"https:\/\/agenciainfra.com\/blog\/wp-json\/wp\/v2\/users\/1"}],"replies":[{"embeddable":true,"href":"https:\/\/agenciainfra.com\/blog\/wp-json\/wp\/v2\/comments?post=20096"}],"version-history":[{"count":1,"href":"https:\/\/agenciainfra.com\/blog\/wp-json\/wp\/v2\/posts\/20096\/revisions"}],"predecessor-version":[{"id":20097,"href":"https:\/\/agenciainfra.com\/blog\/wp-json\/wp\/v2\/posts\/20096\/revisions\/20097"}],"wp:featuredmedia":[{"embeddable":true,"href":"https:\/\/agenciainfra.com\/blog\/wp-json\/wp\/v2\/media\/4603"}],"wp:attachment":[{"href":"https:\/\/agenciainfra.com\/blog\/wp-json\/wp\/v2\/media?parent=20096"}],"wp:term":[{"taxonomy":"category","embeddable":true,"href":"https:\/\/agenciainfra.com\/blog\/wp-json\/wp\/v2\/categories?post=20096"},{"taxonomy":"post_tag","embeddable":true,"href":"https:\/\/agenciainfra.com\/blog\/wp-json\/wp\/v2\/tags?post=20096"}],"curies":[{"name":"wp","href":"https:\/\/api.w.org\/{rel}","templated":true}]}}