{"id":20098,"date":"2025-01-28T08:00:00","date_gmt":"2025-01-28T11:00:00","guid":{"rendered":"https:\/\/agenciainfra.com\/blog\/?p=20098"},"modified":"2025-01-28T06:14:53","modified_gmt":"2025-01-28T09:14:53","slug":"governo-avalia-que-25-distribuidoras-ja-estao-subcontratadas-e-por-isso-leilao-a-5-e-necessario","status":"publish","type":"post","link":"https:\/\/agenciainfra.com\/blog\/governo-avalia-que-25-distribuidoras-ja-estao-subcontratadas-e-por-isso-leilao-a-5-e-necessario\/","title":{"rendered":"Governo avalia que 25 distribuidoras j\u00e1 est\u00e3o subcontratadas e por isso Leil\u00e3o A-5 \u00e9 necess\u00e1rio"},"content":{"rendered":"\n<p class=\"has-text-align-right\"><strong>Marisa Wanzeller e Geraldo Campos Jr., da Ag\u00eancia iNFRA<\/strong><\/p>\n\n\n\n<p>O cen\u00e1rio de sobrecontrata\u00e7\u00e3o (excesso de energia contratada) das distribuidoras el\u00e9tricas dos \u00faltimos anos est\u00e1 sendo revertido. Segundo fontes do governo, 25 delas j\u00e1 est\u00e3o subcontratadas (contratos insuficientes para honrar o seu mercado) e apenas 13 est\u00e3o contratadas acima de 105%.<\/p>\n\n\n\n<p>Mateus Cavaliere, head em Intelig\u00eancia de Mercado na PSR, avalia que muitas empresas j\u00e1 \u201ctrabalhavam com cen\u00e1rios de estresse\u201d em que poderiam estar subcontratadas no fim&nbsp;de 2024. Isso se deve, principalmente, ao aumento de carga abrupto decorrente das altas temperaturas em algumas regi\u00f5es do pa\u00eds no \u00faltimo ano.&nbsp;<\/p>\n\n\n\n<p>A PSR projeta um d\u00e9ficit para o ACR (Ambiente de Contrata\u00e7\u00e3o Regulada) a partir de 2027. Na avalia\u00e7\u00e3o de Cavaliere, esse cen\u00e1rio poderia ser solucionado com leil\u00f5es de energia existente e de curto prazo.<\/p>\n\n\n\n<p>O MME (Minist\u00e9rio de Minas e Energia) preparou para este ano um leil\u00e3o de energia nova A-5, modelo que tem entrega dos empreendimentos em cinco anos ap\u00f3s o certame. Uma <a href=\"https:\/\/www.in.gov.br\/en\/web\/dou\/-\/portaria-normativa-gm\/mme-n-95-de-19-de-dezembro-de-2024-603278388\" target=\"_blank\" rel=\"noreferrer noopener\">portaria normativa<\/a> com as diretrizes prev\u00ea a realiza\u00e7\u00e3o do leil\u00e3o no dia 25 de julho e apenas PCHs (pequenas centrais hidrel\u00e9tricas) poder\u00e3o participar, segundo as regras divulgadas.<\/p>\n\n\n\n<p><strong>Demanda futura<\/strong><br>O MME trabalha com a possibilidade de crescimento do mercado regulado, mesmo que pequeno. Segundo fontes do governo, mesmo que esse crescimento nos pr\u00f3ximos cinco anos seja de somente 1%, ou seja, 0,15% ao ano, j\u00e1 demandaria uma contrata\u00e7\u00e3o de 400 MW (megawatts) m\u00e9dios anuais.<\/p>\n\n\n\n<p>Enquanto o governo projeta um aumento da subcontrata\u00e7\u00e3o das distribuidoras e crescimento do consumo para justificar a necessidade do leil\u00e3o, h\u00e1 quem avalie que o cen\u00e1rio at\u00e9 2030 n\u00e3o indica expans\u00e3o do mercado regulado de energia.<\/p>\n\n\n\n<p>Segundo avaliam fontes, fatores como a prometida abertura de mercado para o segmento de baixa tens\u00e3o e o crescimento da MMGD (Micro e Minigera\u00e7\u00e3o Distribu\u00edda) devem manter a maior parte das distribuidoras sobrecontratadas. H\u00e1 tamb\u00e9m questionamentos sobre se um leil\u00e3o do tamanho de um A-5 seria necess\u00e1rio para suprir uma demanda residual.<\/p>\n\n\n\n<p>Para Mateus Cavaliere, da PSR, mesmo que a tend\u00eancia seja de que o ACR continue crescendo, \u201crealizar uma contrata\u00e7\u00e3o de longo prazo, com uma entrega t\u00e3o distante e com pre\u00e7os possivelmente acima do pre\u00e7o m\u00e9dio do seu portf\u00f3lio pode ser visto por algumas distribuidoras como um grande risco \u2013 em especial se considerarmos a potencial abertura do mercado livre para a baixa tens\u00e3o\u201d.&nbsp;<\/p>\n\n\n\n<p>O \u00faltimo leil\u00e3o A-5 foi realizado em outubro de 2022 e apresentou baixa demanda pelas distribuidoras. Na ocasi\u00e3o, foram habilitados pela EPE (Empresa de Pesquisa Energ\u00e9tica) mais de 80 GW em projetos de gera\u00e7\u00e3o para participa\u00e7\u00e3o, mas foram contratados apenas 176,8 MW.<\/p>\n\n\n\n<p>\u201cMuito provavelmente a estrat\u00e9gia das distribuidoras deve ser repartir essa necessidade de contrata\u00e7\u00e3o e investir mais em contratos de curto prazo, geralmente associados \u00e0 energia existente&#8221;, avaliou o especialista da PSR.<\/p>\n\n\n\n<p>O ministro de Minas e Energia, Alexandre Silveira, j\u00e1 afirmou que a sua proposta de reforma do setor el\u00e9trico incluir\u00e1 a abertura total do mercado de energia at\u00e9 2028. Neste cen\u00e1rio, as distribuidoras veriam uma fuga de clientes para o mercado livre e sobraria ainda mais energia no ambiente regulado.<\/p>\n\n\n\n<p><strong>Hidrel\u00e9tricas<\/strong><br>O certame previsto para julho ser\u00e1 exclusivo para contrata\u00e7\u00e3o de PCHs. Ainda n\u00e3o h\u00e1 estimativa do montante de energia que deve ser contratado no leil\u00e3o.&nbsp;<\/p>\n\n\n\n<p>Conforme a portaria, as distribuidoras ter\u00e3o de 3 a 10 de fevereiro para apresentar declara\u00e7\u00e3o de necessidade visando o suprimento dos seus mercados a partir de 2030. J\u00e1 os empreendimentos de gera\u00e7\u00e3o interessados devem se cadastrar na EPE at\u00e9 7 de fevereiro. Os contratos ter\u00e3o dura\u00e7\u00e3o de 20 anos.<\/p>\n\n\n\n<p>A Lei 14.182\/2021, que permitiu a desestatiza\u00e7\u00e3o da Eletrobras, j\u00e1 garantia uma reserva de 50% da demanda dos leil\u00f5es A-5, A-6 e A-7 para PCHs. J\u00e1 a destina\u00e7\u00e3o dos outros 50% para a mesma matriz neste leil\u00e3o teria sido motivada tanto por flexibilidade operativa da rede quanto por incentivo ao \u201cconte\u00fado local&#8221;, avaliam fontes.&nbsp;<\/p>\n\n\n\n<p>\u201cPCH \u00e9 100% nacional, e \u00e9 uma ind\u00fastria que est\u00e1 acabando, tem v\u00e1rias f\u00e1bricas fechando. Ela tem uma capacidade de modula\u00e7\u00e3o. Ela pode gerar mais no per\u00edodo da ponta e deslocar a necessidade do despacho t\u00e9rmico&#8221;, disse um especialista \u00e0 <strong>Ag\u00eancia iNFRA<\/strong>.<\/p>\n","protected":false},"excerpt":{"rendered":"<p>Marisa Wanzeller e Geraldo Campos Jr., da Ag\u00eancia iNFRA O cen\u00e1rio de sobrecontrata\u00e7\u00e3o (excesso de energia contratada) das distribuidoras el\u00e9tricas dos \u00faltimos anos est\u00e1 sendo revertido. Segundo fontes do governo, 25 delas j\u00e1 est\u00e3o subcontratadas (contratos insuficientes para honrar o seu mercado) e apenas 13 est\u00e3o contratadas acima de 105%. Mateus Cavaliere, head em Intelig\u00eancia [&hellip;]<\/p>\n","protected":false},"author":1,"featured_media":0,"comment_status":"closed","ping_status":"closed","sticky":false,"template":"","format":"standard","meta":{"_monsterinsights_skip_tracking":false,"_monsterinsights_sitenote_active":false,"_monsterinsights_sitenote_note":"","_monsterinsights_sitenote_category":0,"footnotes":""},"categories":[7250,1,10],"tags":[12357,11594,1548,7366,12355,10466,96,3274,12356,10710,12358],"class_list":["post-20098","post","type-post","status-publish","format-standard","hentry","category-destaque-lista","category-geral","category-infraenergia","tag-abertura-do-mercado-livre","tag-geraldo-campos-jr","tag-leilao-a-5","tag-marisa-wanzeller","tag-mercado-regulado-de-energia","tag-micro-e-minigeracao-distribuida","tag-ministerio-de-minas-e-energia","tag-pequenas-centrais-hidreletricas","tag-psr-inteligencia-de-mercado","tag-reforma-do-setor-eletrico","tag-subcontratacao-de-distribuidoras"],"yoast_head":"<!-- This site is optimized with the Yoast SEO Premium plugin v25.4 (Yoast SEO v26.0) - https:\/\/yoast.com\/wordpress\/plugins\/seo\/ -->\n<title>Governo avalia que 25 distribuidoras j\u00e1 est\u00e3o subcontratadas e por isso Leil\u00e3o A-5 \u00e9 necess\u00e1rio - Ag\u00eancia iNFRA<\/title>\n<meta name=\"robots\" content=\"index, follow, max-snippet:-1, max-image-preview:large, max-video-preview:-1\" \/>\n<link rel=\"canonical\" href=\"https:\/\/agenciainfra.com\/blog\/governo-avalia-que-25-distribuidoras-ja-estao-subcontratadas-e-por-isso-leilao-a-5-e-necessario\/\" \/>\n<meta property=\"og:locale\" content=\"pt_BR\" \/>\n<meta property=\"og:type\" content=\"article\" \/>\n<meta property=\"og:title\" content=\"Governo avalia que 25 distribuidoras j\u00e1 est\u00e3o subcontratadas e por isso Leil\u00e3o A-5 \u00e9 necess\u00e1rio\" \/>\n<meta property=\"og:description\" content=\"Marisa Wanzeller e Geraldo Campos Jr., da Ag\u00eancia iNFRA O cen\u00e1rio de sobrecontrata\u00e7\u00e3o (excesso de energia contratada) das distribuidoras el\u00e9tricas dos \u00faltimos anos est\u00e1 sendo revertido. Segundo fontes do governo, 25 delas j\u00e1 est\u00e3o subcontratadas (contratos insuficientes para honrar o seu mercado) e apenas 13 est\u00e3o contratadas acima de 105%. Mateus Cavaliere, head em Intelig\u00eancia [&hellip;]\" \/>\n<meta property=\"og:url\" content=\"https:\/\/agenciainfra.com\/blog\/governo-avalia-que-25-distribuidoras-ja-estao-subcontratadas-e-por-isso-leilao-a-5-e-necessario\/\" \/>\n<meta property=\"og:site_name\" content=\"Ag\u00eancia iNFRA\" \/>\n<meta property=\"article:publisher\" content=\"https:\/\/www.facebook.com\/ageninfra\" \/>\n<meta property=\"article:published_time\" content=\"2025-01-28T11:00:00+00:00\" \/>\n<meta property=\"og:image\" content=\"https:\/\/agenciainfra.com\/blog\/wp-content\/uploads\/2020\/11\/distribuicao-energia-foto-dominio-publico.jpg\" \/>\n\t<meta property=\"og:image:width\" content=\"1280\" \/>\n\t<meta property=\"og:image:height\" content=\"703\" \/>\n\t<meta property=\"og:image:type\" content=\"image\/jpeg\" \/>\n<meta name=\"author\" content=\"Ag\u00eancia iNFRA\" \/>\n<meta name=\"twitter:card\" content=\"summary_large_image\" \/>\n<meta name=\"twitter:creator\" content=\"@agencia_infra\" \/>\n<meta name=\"twitter:site\" content=\"@agencia_infra\" \/>\n<meta name=\"twitter:label1\" content=\"Escrito por\" \/>\n\t<meta name=\"twitter:data1\" content=\"Ag\u00eancia iNFRA\" \/>\n\t<meta name=\"twitter:label2\" content=\"Est. tempo de leitura\" \/>\n\t<meta name=\"twitter:data2\" content=\"4 minutos\" \/>\n<script type=\"application\/ld+json\" class=\"yoast-schema-graph\">{\"@context\":\"https:\/\/schema.org\",\"@graph\":[{\"@type\":\"Article\",\"@id\":\"https:\/\/agenciainfra.com\/blog\/governo-avalia-que-25-distribuidoras-ja-estao-subcontratadas-e-por-isso-leilao-a-5-e-necessario\/#article\",\"isPartOf\":{\"@id\":\"https:\/\/agenciainfra.com\/blog\/governo-avalia-que-25-distribuidoras-ja-estao-subcontratadas-e-por-isso-leilao-a-5-e-necessario\/\"},\"author\":{\"name\":\"Ag\u00eancia iNFRA\",\"@id\":\"https:\/\/agenciainfra.com\/blog\/#\/schema\/person\/34af08dff6adea4cb22b06612ba7acfa\"},\"headline\":\"Governo avalia que 25 distribuidoras j\u00e1 est\u00e3o subcontratadas e por isso Leil\u00e3o A-5 \u00e9 necess\u00e1rio\",\"datePublished\":\"2025-01-28T11:00:00+00:00\",\"mainEntityOfPage\":{\"@id\":\"https:\/\/agenciainfra.com\/blog\/governo-avalia-que-25-distribuidoras-ja-estao-subcontratadas-e-por-isso-leilao-a-5-e-necessario\/\"},\"wordCount\":749,\"publisher\":{\"@id\":\"https:\/\/agenciainfra.com\/blog\/#organization\"},\"keywords\":[\"Abertura do mercado livre\",\"Geraldo Campos Jr.\",\"leil\u00e3o A-5\",\"Marisa Wanzeller\",\"Mercado regulado de energia\",\"micro e minigera\u00e7\u00e3o distribu\u00edda\",\"Minist\u00e9rio de Minas e Energia\",\"pequenas centrais hidrel\u00e9tricas\",\"PSR Intelig\u00eancia de Mercado\",\"Reforma do Setor El\u00e9trico\",\"Subcontrata\u00e7\u00e3o de distribuidoras\"],\"articleSection\":[\"Destaque lista\",\"Geral\",\"iNFRAEnergia\"],\"inLanguage\":\"pt-BR\",\"copyrightYear\":\"2025\",\"copyrightHolder\":{\"@id\":\"https:\/\/agenciainfra.com\/blog\/#organization\"}},{\"@type\":\"WebPage\",\"@id\":\"https:\/\/agenciainfra.com\/blog\/governo-avalia-que-25-distribuidoras-ja-estao-subcontratadas-e-por-isso-leilao-a-5-e-necessario\/\",\"url\":\"https:\/\/agenciainfra.com\/blog\/governo-avalia-que-25-distribuidoras-ja-estao-subcontratadas-e-por-isso-leilao-a-5-e-necessario\/\",\"name\":\"Governo avalia que 25 distribuidoras j\u00e1 est\u00e3o subcontratadas e por isso Leil\u00e3o A-5 \u00e9 necess\u00e1rio - Ag\u00eancia iNFRA\",\"isPartOf\":{\"@id\":\"https:\/\/agenciainfra.com\/blog\/#website\"},\"datePublished\":\"2025-01-28T11:00:00+00:00\",\"breadcrumb\":{\"@id\":\"https:\/\/agenciainfra.com\/blog\/governo-avalia-que-25-distribuidoras-ja-estao-subcontratadas-e-por-isso-leilao-a-5-e-necessario\/#breadcrumb\"},\"inLanguage\":\"pt-BR\",\"potentialAction\":[{\"@type\":\"ReadAction\",\"target\":[\"https:\/\/agenciainfra.com\/blog\/governo-avalia-que-25-distribuidoras-ja-estao-subcontratadas-e-por-isso-leilao-a-5-e-necessario\/\"]}]},{\"@type\":\"BreadcrumbList\",\"@id\":\"https:\/\/agenciainfra.com\/blog\/governo-avalia-que-25-distribuidoras-ja-estao-subcontratadas-e-por-isso-leilao-a-5-e-necessario\/#breadcrumb\",\"itemListElement\":[{\"@type\":\"ListItem\",\"position\":1,\"name\":\"In\u00edcio\",\"item\":\"https:\/\/agenciainfra.com\/blog\/\"},{\"@type\":\"ListItem\",\"position\":2,\"name\":\"Governo avalia que 25 distribuidoras j\u00e1 est\u00e3o subcontratadas e por isso Leil\u00e3o A-5 \u00e9 necess\u00e1rio\"}]},{\"@type\":\"WebSite\",\"@id\":\"https:\/\/agenciainfra.com\/blog\/#website\",\"url\":\"https:\/\/agenciainfra.com\/blog\/\",\"name\":\"Ag\u00eancia iNFRA\",\"description\":\"Multiplataforma de informa\u00e7\u00e3o jornal\u00edstica refer\u00eancia na \u00e1rea de infraestrutura no Brasil!\",\"publisher\":{\"@id\":\"https:\/\/agenciainfra.com\/blog\/#organization\"},\"potentialAction\":[{\"@type\":\"SearchAction\",\"target\":{\"@type\":\"EntryPoint\",\"urlTemplate\":\"https:\/\/agenciainfra.com\/blog\/?s={search_term_string}\"},\"query-input\":{\"@type\":\"PropertyValueSpecification\",\"valueRequired\":true,\"valueName\":\"search_term_string\"}}],\"inLanguage\":\"pt-BR\"},{\"@type\":\"Organization\",\"@id\":\"https:\/\/agenciainfra.com\/blog\/#organization\",\"name\":\"Ag\u00eancia iNFRA\",\"url\":\"https:\/\/agenciainfra.com\/blog\/\",\"logo\":{\"@type\":\"ImageObject\",\"inLanguage\":\"pt-BR\",\"@id\":\"https:\/\/agenciainfra.com\/blog\/#\/schema\/logo\/image\/\",\"url\":\"https:\/\/agenciainfra.com\/blog\/wp-content\/uploads\/2023\/09\/iNFRA_5-e1761735885940.png\",\"contentUrl\":\"https:\/\/agenciainfra.com\/blog\/wp-content\/uploads\/2023\/09\/iNFRA_5-e1761735885940.png\",\"width\":1672,\"height\":454,\"caption\":\"Ag\u00eancia iNFRA\"},\"image\":{\"@id\":\"https:\/\/agenciainfra.com\/blog\/#\/schema\/logo\/image\/\"},\"sameAs\":[\"https:\/\/www.facebook.com\/ageninfra\",\"https:\/\/x.com\/agencia_infra\",\"https:\/\/www.linkedin.com\/company\/ag\u00eanciainfra\/\",\"https:\/\/www.instagram.com\/agenciainfra\/\"]},{\"@type\":\"Person\",\"@id\":\"https:\/\/agenciainfra.com\/blog\/#\/schema\/person\/34af08dff6adea4cb22b06612ba7acfa\",\"name\":\"Ag\u00eancia iNFRA\",\"image\":{\"@type\":\"ImageObject\",\"inLanguage\":\"pt-BR\",\"@id\":\"https:\/\/agenciainfra.com\/blog\/#\/schema\/person\/image\/\",\"url\":\"https:\/\/secure.gravatar.com\/avatar\/d189e01678f06d8eb84d4e01f08eb848b3fffe3f8443818d3c356c66892f5be8?s=96&d=mm&r=g\",\"contentUrl\":\"https:\/\/secure.gravatar.com\/avatar\/d189e01678f06d8eb84d4e01f08eb848b3fffe3f8443818d3c356c66892f5be8?s=96&d=mm&r=g\",\"caption\":\"Ag\u00eancia iNFRA\"},\"url\":\"https:\/\/agenciainfra.com\/blog\/author\/admin\/\"}]}<\/script>\n<!-- \/ Yoast SEO Premium plugin. -->","yoast_head_json":{"title":"Governo avalia que 25 distribuidoras j\u00e1 est\u00e3o subcontratadas e por isso Leil\u00e3o A-5 \u00e9 necess\u00e1rio - Ag\u00eancia iNFRA","robots":{"index":"index","follow":"follow","max-snippet":"max-snippet:-1","max-image-preview":"max-image-preview:large","max-video-preview":"max-video-preview:-1"},"canonical":"https:\/\/agenciainfra.com\/blog\/governo-avalia-que-25-distribuidoras-ja-estao-subcontratadas-e-por-isso-leilao-a-5-e-necessario\/","og_locale":"pt_BR","og_type":"article","og_title":"Governo avalia que 25 distribuidoras j\u00e1 est\u00e3o subcontratadas e por isso Leil\u00e3o A-5 \u00e9 necess\u00e1rio","og_description":"Marisa Wanzeller e Geraldo Campos Jr., da Ag\u00eancia iNFRA O cen\u00e1rio de sobrecontrata\u00e7\u00e3o (excesso de energia contratada) das distribuidoras el\u00e9tricas dos \u00faltimos anos est\u00e1 sendo revertido. Segundo fontes do governo, 25 delas j\u00e1 est\u00e3o subcontratadas (contratos insuficientes para honrar o seu mercado) e apenas 13 est\u00e3o contratadas acima de 105%. Mateus Cavaliere, head em Intelig\u00eancia [&hellip;]","og_url":"https:\/\/agenciainfra.com\/blog\/governo-avalia-que-25-distribuidoras-ja-estao-subcontratadas-e-por-isso-leilao-a-5-e-necessario\/","og_site_name":"Ag\u00eancia iNFRA","article_publisher":"https:\/\/www.facebook.com\/ageninfra","article_published_time":"2025-01-28T11:00:00+00:00","og_image":[{"width":1280,"height":703,"url":"https:\/\/agenciainfra.com\/blog\/wp-content\/uploads\/2020\/11\/distribuicao-energia-foto-dominio-publico.jpg","type":"image\/jpeg"}],"author":"Ag\u00eancia iNFRA","twitter_card":"summary_large_image","twitter_creator":"@agencia_infra","twitter_site":"@agencia_infra","twitter_misc":{"Escrito por":"Ag\u00eancia iNFRA","Est. tempo de leitura":"4 minutos"},"schema":{"@context":"https:\/\/schema.org","@graph":[{"@type":"Article","@id":"https:\/\/agenciainfra.com\/blog\/governo-avalia-que-25-distribuidoras-ja-estao-subcontratadas-e-por-isso-leilao-a-5-e-necessario\/#article","isPartOf":{"@id":"https:\/\/agenciainfra.com\/blog\/governo-avalia-que-25-distribuidoras-ja-estao-subcontratadas-e-por-isso-leilao-a-5-e-necessario\/"},"author":{"name":"Ag\u00eancia iNFRA","@id":"https:\/\/agenciainfra.com\/blog\/#\/schema\/person\/34af08dff6adea4cb22b06612ba7acfa"},"headline":"Governo avalia que 25 distribuidoras j\u00e1 est\u00e3o subcontratadas e por isso Leil\u00e3o A-5 \u00e9 necess\u00e1rio","datePublished":"2025-01-28T11:00:00+00:00","mainEntityOfPage":{"@id":"https:\/\/agenciainfra.com\/blog\/governo-avalia-que-25-distribuidoras-ja-estao-subcontratadas-e-por-isso-leilao-a-5-e-necessario\/"},"wordCount":749,"publisher":{"@id":"https:\/\/agenciainfra.com\/blog\/#organization"},"keywords":["Abertura do mercado livre","Geraldo Campos Jr.","leil\u00e3o A-5","Marisa Wanzeller","Mercado regulado de energia","micro e minigera\u00e7\u00e3o distribu\u00edda","Minist\u00e9rio de Minas e Energia","pequenas centrais hidrel\u00e9tricas","PSR Intelig\u00eancia de Mercado","Reforma do Setor El\u00e9trico","Subcontrata\u00e7\u00e3o de distribuidoras"],"articleSection":["Destaque lista","Geral","iNFRAEnergia"],"inLanguage":"pt-BR","copyrightYear":"2025","copyrightHolder":{"@id":"https:\/\/agenciainfra.com\/blog\/#organization"}},{"@type":"WebPage","@id":"https:\/\/agenciainfra.com\/blog\/governo-avalia-que-25-distribuidoras-ja-estao-subcontratadas-e-por-isso-leilao-a-5-e-necessario\/","url":"https:\/\/agenciainfra.com\/blog\/governo-avalia-que-25-distribuidoras-ja-estao-subcontratadas-e-por-isso-leilao-a-5-e-necessario\/","name":"Governo avalia que 25 distribuidoras j\u00e1 est\u00e3o subcontratadas e por isso Leil\u00e3o A-5 \u00e9 necess\u00e1rio - Ag\u00eancia iNFRA","isPartOf":{"@id":"https:\/\/agenciainfra.com\/blog\/#website"},"datePublished":"2025-01-28T11:00:00+00:00","breadcrumb":{"@id":"https:\/\/agenciainfra.com\/blog\/governo-avalia-que-25-distribuidoras-ja-estao-subcontratadas-e-por-isso-leilao-a-5-e-necessario\/#breadcrumb"},"inLanguage":"pt-BR","potentialAction":[{"@type":"ReadAction","target":["https:\/\/agenciainfra.com\/blog\/governo-avalia-que-25-distribuidoras-ja-estao-subcontratadas-e-por-isso-leilao-a-5-e-necessario\/"]}]},{"@type":"BreadcrumbList","@id":"https:\/\/agenciainfra.com\/blog\/governo-avalia-que-25-distribuidoras-ja-estao-subcontratadas-e-por-isso-leilao-a-5-e-necessario\/#breadcrumb","itemListElement":[{"@type":"ListItem","position":1,"name":"In\u00edcio","item":"https:\/\/agenciainfra.com\/blog\/"},{"@type":"ListItem","position":2,"name":"Governo avalia que 25 distribuidoras j\u00e1 est\u00e3o subcontratadas e por isso Leil\u00e3o A-5 \u00e9 necess\u00e1rio"}]},{"@type":"WebSite","@id":"https:\/\/agenciainfra.com\/blog\/#website","url":"https:\/\/agenciainfra.com\/blog\/","name":"Ag\u00eancia iNFRA","description":"Multiplataforma de informa\u00e7\u00e3o jornal\u00edstica refer\u00eancia na \u00e1rea de infraestrutura no Brasil!","publisher":{"@id":"https:\/\/agenciainfra.com\/blog\/#organization"},"potentialAction":[{"@type":"SearchAction","target":{"@type":"EntryPoint","urlTemplate":"https:\/\/agenciainfra.com\/blog\/?s={search_term_string}"},"query-input":{"@type":"PropertyValueSpecification","valueRequired":true,"valueName":"search_term_string"}}],"inLanguage":"pt-BR"},{"@type":"Organization","@id":"https:\/\/agenciainfra.com\/blog\/#organization","name":"Ag\u00eancia iNFRA","url":"https:\/\/agenciainfra.com\/blog\/","logo":{"@type":"ImageObject","inLanguage":"pt-BR","@id":"https:\/\/agenciainfra.com\/blog\/#\/schema\/logo\/image\/","url":"https:\/\/agenciainfra.com\/blog\/wp-content\/uploads\/2023\/09\/iNFRA_5-e1761735885940.png","contentUrl":"https:\/\/agenciainfra.com\/blog\/wp-content\/uploads\/2023\/09\/iNFRA_5-e1761735885940.png","width":1672,"height":454,"caption":"Ag\u00eancia iNFRA"},"image":{"@id":"https:\/\/agenciainfra.com\/blog\/#\/schema\/logo\/image\/"},"sameAs":["https:\/\/www.facebook.com\/ageninfra","https:\/\/x.com\/agencia_infra","https:\/\/www.linkedin.com\/company\/ag\u00eanciainfra\/","https:\/\/www.instagram.com\/agenciainfra\/"]},{"@type":"Person","@id":"https:\/\/agenciainfra.com\/blog\/#\/schema\/person\/34af08dff6adea4cb22b06612ba7acfa","name":"Ag\u00eancia iNFRA","image":{"@type":"ImageObject","inLanguage":"pt-BR","@id":"https:\/\/agenciainfra.com\/blog\/#\/schema\/person\/image\/","url":"https:\/\/secure.gravatar.com\/avatar\/d189e01678f06d8eb84d4e01f08eb848b3fffe3f8443818d3c356c66892f5be8?s=96&d=mm&r=g","contentUrl":"https:\/\/secure.gravatar.com\/avatar\/d189e01678f06d8eb84d4e01f08eb848b3fffe3f8443818d3c356c66892f5be8?s=96&d=mm&r=g","caption":"Ag\u00eancia iNFRA"},"url":"https:\/\/agenciainfra.com\/blog\/author\/admin\/"}]}},"_links":{"self":[{"href":"https:\/\/agenciainfra.com\/blog\/wp-json\/wp\/v2\/posts\/20098","targetHints":{"allow":["GET"]}}],"collection":[{"href":"https:\/\/agenciainfra.com\/blog\/wp-json\/wp\/v2\/posts"}],"about":[{"href":"https:\/\/agenciainfra.com\/blog\/wp-json\/wp\/v2\/types\/post"}],"author":[{"embeddable":true,"href":"https:\/\/agenciainfra.com\/blog\/wp-json\/wp\/v2\/users\/1"}],"replies":[{"embeddable":true,"href":"https:\/\/agenciainfra.com\/blog\/wp-json\/wp\/v2\/comments?post=20098"}],"version-history":[{"count":1,"href":"https:\/\/agenciainfra.com\/blog\/wp-json\/wp\/v2\/posts\/20098\/revisions"}],"predecessor-version":[{"id":20099,"href":"https:\/\/agenciainfra.com\/blog\/wp-json\/wp\/v2\/posts\/20098\/revisions\/20099"}],"wp:attachment":[{"href":"https:\/\/agenciainfra.com\/blog\/wp-json\/wp\/v2\/media?parent=20098"}],"wp:term":[{"taxonomy":"category","embeddable":true,"href":"https:\/\/agenciainfra.com\/blog\/wp-json\/wp\/v2\/categories?post=20098"},{"taxonomy":"post_tag","embeddable":true,"href":"https:\/\/agenciainfra.com\/blog\/wp-json\/wp\/v2\/tags?post=20098"}],"curies":[{"name":"wp","href":"https:\/\/api.w.org\/{rel}","templated":true}]}}