{"id":20126,"date":"2025-01-29T08:00:00","date_gmt":"2025-01-29T11:00:00","guid":{"rendered":"https:\/\/agenciainfra.com\/blog\/?p=20126"},"modified":"2025-01-29T06:14:26","modified_gmt":"2025-01-29T09:14:26","slug":"nova-diretora-da-aneel-vota-contra-fiscalizacao-de-secretario-do-mme","status":"publish","type":"post","link":"https:\/\/agenciainfra.com\/blog\/nova-diretora-da-aneel-vota-contra-fiscalizacao-de-secretario-do-mme\/","title":{"rendered":"Nova diretora da ANEEL vota contra fiscaliza\u00e7\u00e3o de secret\u00e1rio do MME"},"content":{"rendered":"\n<p class=\"has-text-align-right\"><strong>Marisa Wanzeller e Geraldo Campos Jr., da Ag\u00eancia iNFRA<\/strong><\/p>\n\n\n\n<p>A diretora-substituta Ludimila Silva, da ANEEL (Ag\u00eancia Nacional de Energia El\u00e9trica), apresentou voto nesta ter\u00e7a-feira (28) contra o encaminhamento ao TCU (Tribunal de Contas da Uni\u00e3o), \u00e0 CGU (Controladoria-Geral da Uni\u00e3o) e ao Congresso de pedido de an\u00e1lise sobre processo de securitiza\u00e7\u00e3o da CDE Eletrobras realizado pelo MME (Minist\u00e9rio de Minas e Energia).<\/p>\n\n\n\n<p>O encaminhamento tinha sido proposto pelo relator, diretor Fernando Mosna, por avaliar que o despacho do secret\u00e1rio de Energia El\u00e9trica, Gentil Nogueira, autorizava uma opera\u00e7\u00e3o que n\u00e3o traria ganhos para o consumidor.&nbsp;Segundo dados das \u00e1reas t\u00e9cnicas, a securitiza\u00e7\u00e3o resultou em um benef\u00edcio ao consumidor de R$ 46,5 milh\u00f5es, quantia 11 vezes menor que os R$ 510 milh\u00f5es de al\u00edvio calculados inicialmente.<\/p>\n\n\n\n<p>Ludimila acompanhou o diretor-geral, Sandoval Feitosa, e a diretora Agnes Costa, formando a maioria de tr\u00eas a dois para rejeitar o pedido de fiscaliza\u00e7\u00e3o externa. Por outro lado, ela concordou que seja instaurada fiscaliza\u00e7\u00e3o na CCEE (C\u00e2mara de Comercializa\u00e7\u00e3o de Energia El\u00e9trica) sobre os tr\u00e2mites realizados na opera\u00e7\u00e3o de antecipa\u00e7\u00e3o de receb\u00edveis da Eletrobras. Sobre essa apura\u00e7\u00e3o interna j\u00e1 havia maioria no colegiado.<\/p>\n\n\n\n<p>A diretora-substituta afirmou que, como se tratava de um processo de abertura de consulta p\u00fablica para avaliar os impactos da opera\u00e7\u00e3o nas distribuidoras e nas tarifas, ou seja, que voltar\u00e1 a ser analisado ap\u00f3s o fechamento das contribui\u00e7\u00f5es, acompanharia o entendimento divergente para n\u00e3o encaminhar os autos neste momento para apura\u00e7\u00e3o externa.<\/p>\n\n\n\n<p>O TCU, no entanto, j\u00e1 avalia o caso e pode finalizar uma an\u00e1lise t\u00e9cnica ainda neste m\u00eas, segundo fontes. O caso foi apresentado \u00e0 corte por meio de representa\u00e7\u00f5es do senador Rog\u00e9rio Marinho (PL-RN) e do subprocurador-geral do MPTCU (Minist\u00e9rio P\u00fablico junto ao TCU), Lucas Furtado.<\/p>\n\n\n\n<p><strong>Tema voltar\u00e1 \u00e0 pauta em breve<\/strong><br>O assunto&nbsp;deve voltar ao debate da diretoria da ANEEL nas pr\u00f3ximas semanas, uma vez que foi encerrada em 13 de dezembro a fase de contribui\u00e7\u00f5es da consulta p\u00fablica sobre os impactos nas distribuidoras da quita\u00e7\u00e3o das contas Covid e Escassez H\u00eddrica com os recursos da securitiza\u00e7\u00e3o. Agora, as sugest\u00f5es est\u00e3o em fase de an\u00e1lise pela \u00e1rea t\u00e9cnica.<\/p>\n\n\n\n<p>Conforme o voto do diretor Mosna na abertura da consulta, o impacto tarif\u00e1rio m\u00e9dio com a opera\u00e7\u00e3o ser\u00e1 de 0,02%. No entanto, apenas os clientes de 50 distribuidoras ter\u00e3o alguma redu\u00e7\u00e3o tarif\u00e1ria com a opera\u00e7\u00e3o. Para os consumidores de outras 53 empresas, o impacto do benef\u00edcio n\u00e3o ser\u00e1 sentido. Isso porque essas concession\u00e1rias tinham mais valor a receber da Eletrobras do que a pagar pelas contas Covid e Escassez H\u00eddrica.<\/p>\n\n\n\n<p>Esse grupo de 53 empresas ter\u00e1 na verdade um preju\u00edzo com a opera\u00e7\u00e3o, calculado em R$ 1,17 bilh\u00e3o. S\u00f3 os consumidores da Cemig ter\u00e3o um custo de R$ 175 milh\u00f5es, segundo a ANEEL. J\u00e1 nas 50 distribuidoras que ter\u00e3o ganho com a securitiza\u00e7\u00e3o, o benef\u00edcio total foi calculado em R$ 1,22 bilh\u00e3o.<\/p>\n","protected":false},"excerpt":{"rendered":"<p>Marisa Wanzeller e Geraldo Campos Jr., da Ag\u00eancia iNFRA A diretora-substituta Ludimila Silva, da ANEEL (Ag\u00eancia Nacional de Energia El\u00e9trica), apresentou voto nesta ter\u00e7a-feira (28) contra o encaminhamento ao TCU (Tribunal de Contas da Uni\u00e3o), \u00e0 CGU (Controladoria-Geral da Uni\u00e3o) e ao Congresso de pedido de an\u00e1lise sobre processo de securitiza\u00e7\u00e3o da CDE Eletrobras realizado [&hellip;]<\/p>\n","protected":false},"author":1,"featured_media":16424,"comment_status":"closed","ping_status":"closed","sticky":false,"template":"","format":"standard","meta":{"_monsterinsights_skip_tracking":false,"_monsterinsights_sitenote_active":false,"_monsterinsights_sitenote_note":"","_monsterinsights_sitenote_category":0,"footnotes":""},"categories":[7250,1,10],"tags":[6800,53,14,11304,12291,7014,380,6781,11594,12371,7366,71,12373,11764,1026,3182,12372],"class_list":["post-20126","post","type-post","status-publish","format-standard","has-post-thumbnail","hentry","category-destaque-lista","category-geral","category-infraenergia","tag-agnes-costa","tag-aneel","tag-ccee","tag-cde-eletrobras","tag-contas-covid-e-escassez-hidrica","tag-fernando-mosna","tag-fiscalizacao","tag-gentil-nogueira","tag-geraldo-campos-jr","tag-ludimila-silva","tag-marisa-wanzeller","tag-mme","tag-recebiveis-da-eletrobras","tag-reuniao-da-aneel","tag-sandoval-feitosa","tag-securitizacao","tag-securitizacao-da-cde-eletrobras"],"yoast_head":"<!-- This site is optimized with the Yoast SEO Premium plugin v25.4 (Yoast SEO v26.0) - https:\/\/yoast.com\/wordpress\/plugins\/seo\/ -->\n<title>Nova diretora da ANEEL vota contra fiscaliza\u00e7\u00e3o de secret\u00e1rio do MME - Ag\u00eancia iNFRA<\/title>\n<meta name=\"robots\" content=\"index, follow, max-snippet:-1, max-image-preview:large, max-video-preview:-1\" \/>\n<link rel=\"canonical\" href=\"https:\/\/agenciainfra.com\/blog\/?p=20126\" \/>\n<meta property=\"og:locale\" content=\"pt_BR\" \/>\n<meta property=\"og:type\" content=\"article\" \/>\n<meta property=\"og:title\" content=\"Nova diretora da ANEEL vota contra fiscaliza\u00e7\u00e3o de secret\u00e1rio do MME\" \/>\n<meta property=\"og:description\" content=\"Marisa Wanzeller e Geraldo Campos Jr., da Ag\u00eancia iNFRA A diretora-substituta Ludimila Silva, da ANEEL (Ag\u00eancia Nacional de Energia El\u00e9trica), apresentou voto nesta ter\u00e7a-feira (28) contra o encaminhamento ao TCU (Tribunal de Contas da Uni\u00e3o), \u00e0 CGU (Controladoria-Geral da Uni\u00e3o) e ao Congresso de pedido de an\u00e1lise sobre processo de securitiza\u00e7\u00e3o da CDE Eletrobras realizado [&hellip;]\" \/>\n<meta property=\"og:url\" content=\"https:\/\/agenciainfra.com\/blog\/?p=20126\" \/>\n<meta property=\"og:site_name\" content=\"Ag\u00eancia iNFRA\" \/>\n<meta property=\"article:publisher\" content=\"https:\/\/www.facebook.com\/ageninfra\" \/>\n<meta property=\"article:published_time\" content=\"2025-01-29T11:00:00+00:00\" \/>\n<meta property=\"og:image\" content=\"https:\/\/agenciainfra.com\/blog\/wp-content\/uploads\/2024\/04\/gentil-nogueira-foto-camara-dos-deputados-will-shutter.jpg\" \/>\n\t<meta property=\"og:image:width\" content=\"1202\" \/>\n\t<meta property=\"og:image:height\" content=\"799\" \/>\n\t<meta property=\"og:image:type\" content=\"image\/jpeg\" \/>\n<meta name=\"author\" content=\"Ag\u00eancia iNFRA\" \/>\n<meta name=\"twitter:card\" content=\"summary_large_image\" \/>\n<meta name=\"twitter:creator\" content=\"@agencia_infra\" \/>\n<meta name=\"twitter:site\" content=\"@agencia_infra\" \/>\n<meta name=\"twitter:label1\" content=\"Escrito por\" \/>\n\t<meta name=\"twitter:data1\" content=\"Ag\u00eancia iNFRA\" \/>\n\t<meta name=\"twitter:label2\" content=\"Est. tempo de leitura\" \/>\n\t<meta name=\"twitter:data2\" content=\"3 minutos\" \/>\n<script type=\"application\/ld+json\" class=\"yoast-schema-graph\">{\"@context\":\"https:\/\/schema.org\",\"@graph\":[{\"@type\":\"Article\",\"@id\":\"https:\/\/agenciainfra.com\/blog\/?p=20126#article\",\"isPartOf\":{\"@id\":\"https:\/\/agenciainfra.com\/blog\/?p=20126\"},\"author\":{\"name\":\"Ag\u00eancia iNFRA\",\"@id\":\"https:\/\/agenciainfra.com\/blog\/#\/schema\/person\/34af08dff6adea4cb22b06612ba7acfa\"},\"headline\":\"Nova diretora da ANEEL vota contra fiscaliza\u00e7\u00e3o de secret\u00e1rio do MME\",\"datePublished\":\"2025-01-29T11:00:00+00:00\",\"mainEntityOfPage\":{\"@id\":\"https:\/\/agenciainfra.com\/blog\/?p=20126\"},\"wordCount\":543,\"publisher\":{\"@id\":\"https:\/\/agenciainfra.com\/blog\/#organization\"},\"image\":{\"@id\":\"https:\/\/agenciainfra.com\/blog\/?p=20126#primaryimage\"},\"thumbnailUrl\":\"https:\/\/agenciainfra.com\/blog\/wp-content\/uploads\/2024\/04\/gentil-nogueira-foto-camara-dos-deputados-will-shutter.jpg\",\"keywords\":[\"Agnes Costa\",\"ANEEL\",\"ccee\",\"CDE Eletrobras\",\"Contas Covid e Escassez H\u00eddrica\",\"Fernando Mosna\",\"fiscaliza\u00e7\u00e3o\",\"Gentil Nogueira\",\"Geraldo Campos Jr.\",\"ludimila silva\",\"Marisa Wanzeller\",\"MME\",\"receb\u00edveis da eletrobras\",\"reuni\u00e3o da aneel\",\"Sandoval Feitosa\",\"securitiza\u00e7\u00e3o\",\"securitiza\u00e7\u00e3o da cde eletrobras\"],\"articleSection\":[\"Destaque lista\",\"Geral\",\"iNFRAEnergia\"],\"inLanguage\":\"pt-BR\",\"copyrightYear\":\"2025\",\"copyrightHolder\":{\"@id\":\"https:\/\/agenciainfra.com\/blog\/#organization\"}},{\"@type\":\"WebPage\",\"@id\":\"https:\/\/agenciainfra.com\/blog\/?p=20126\",\"url\":\"https:\/\/agenciainfra.com\/blog\/?p=20126\",\"name\":\"Nova diretora da ANEEL vota contra fiscaliza\u00e7\u00e3o de secret\u00e1rio do MME - Ag\u00eancia iNFRA\",\"isPartOf\":{\"@id\":\"https:\/\/agenciainfra.com\/blog\/#website\"},\"primaryImageOfPage\":{\"@id\":\"https:\/\/agenciainfra.com\/blog\/?p=20126#primaryimage\"},\"image\":{\"@id\":\"https:\/\/agenciainfra.com\/blog\/?p=20126#primaryimage\"},\"thumbnailUrl\":\"https:\/\/agenciainfra.com\/blog\/wp-content\/uploads\/2024\/04\/gentil-nogueira-foto-camara-dos-deputados-will-shutter.jpg\",\"datePublished\":\"2025-01-29T11:00:00+00:00\",\"breadcrumb\":{\"@id\":\"https:\/\/agenciainfra.com\/blog\/?p=20126#breadcrumb\"},\"inLanguage\":\"pt-BR\",\"potentialAction\":[{\"@type\":\"ReadAction\",\"target\":[\"https:\/\/agenciainfra.com\/blog\/?p=20126\"]}]},{\"@type\":\"ImageObject\",\"inLanguage\":\"pt-BR\",\"@id\":\"https:\/\/agenciainfra.com\/blog\/?p=20126#primaryimage\",\"url\":\"https:\/\/agenciainfra.com\/blog\/wp-content\/uploads\/2024\/04\/gentil-nogueira-foto-camara-dos-deputados-will-shutter.jpg\",\"contentUrl\":\"https:\/\/agenciainfra.com\/blog\/wp-content\/uploads\/2024\/04\/gentil-nogueira-foto-camara-dos-deputados-will-shutter.jpg\",\"width\":1202,\"height\":799,\"caption\":\"Foto: Will Shutter\/C\u00e2mara dos Deputados\"},{\"@type\":\"BreadcrumbList\",\"@id\":\"https:\/\/agenciainfra.com\/blog\/?p=20126#breadcrumb\",\"itemListElement\":[{\"@type\":\"ListItem\",\"position\":1,\"name\":\"In\u00edcio\",\"item\":\"https:\/\/agenciainfra.com\/blog\/\"},{\"@type\":\"ListItem\",\"position\":2,\"name\":\"Nova diretora da ANEEL vota contra fiscaliza\u00e7\u00e3o de secret\u00e1rio do MME\"}]},{\"@type\":\"WebSite\",\"@id\":\"https:\/\/agenciainfra.com\/blog\/#website\",\"url\":\"https:\/\/agenciainfra.com\/blog\/\",\"name\":\"Ag\u00eancia iNFRA\",\"description\":\"Multiplataforma de informa\u00e7\u00e3o jornal\u00edstica refer\u00eancia na \u00e1rea de infraestrutura no Brasil!\",\"publisher\":{\"@id\":\"https:\/\/agenciainfra.com\/blog\/#organization\"},\"potentialAction\":[{\"@type\":\"SearchAction\",\"target\":{\"@type\":\"EntryPoint\",\"urlTemplate\":\"https:\/\/agenciainfra.com\/blog\/?s={search_term_string}\"},\"query-input\":{\"@type\":\"PropertyValueSpecification\",\"valueRequired\":true,\"valueName\":\"search_term_string\"}}],\"inLanguage\":\"pt-BR\"},{\"@type\":\"Organization\",\"@id\":\"https:\/\/agenciainfra.com\/blog\/#organization\",\"name\":\"Ag\u00eancia iNFRA\",\"url\":\"https:\/\/agenciainfra.com\/blog\/\",\"logo\":{\"@type\":\"ImageObject\",\"inLanguage\":\"pt-BR\",\"@id\":\"https:\/\/agenciainfra.com\/blog\/#\/schema\/logo\/image\/\",\"url\":\"https:\/\/agenciainfra.com\/blog\/wp-content\/uploads\/2023\/09\/iNFRA_5-e1761735885940.png\",\"contentUrl\":\"https:\/\/agenciainfra.com\/blog\/wp-content\/uploads\/2023\/09\/iNFRA_5-e1761735885940.png\",\"width\":1672,\"height\":454,\"caption\":\"Ag\u00eancia iNFRA\"},\"image\":{\"@id\":\"https:\/\/agenciainfra.com\/blog\/#\/schema\/logo\/image\/\"},\"sameAs\":[\"https:\/\/www.facebook.com\/ageninfra\",\"https:\/\/x.com\/agencia_infra\",\"https:\/\/www.linkedin.com\/company\/ag\u00eanciainfra\/\",\"https:\/\/www.instagram.com\/agenciainfra\/\"]},{\"@type\":\"Person\",\"@id\":\"https:\/\/agenciainfra.com\/blog\/#\/schema\/person\/34af08dff6adea4cb22b06612ba7acfa\",\"name\":\"Ag\u00eancia iNFRA\",\"image\":{\"@type\":\"ImageObject\",\"inLanguage\":\"pt-BR\",\"@id\":\"https:\/\/agenciainfra.com\/blog\/#\/schema\/person\/image\/\",\"url\":\"https:\/\/secure.gravatar.com\/avatar\/d189e01678f06d8eb84d4e01f08eb848b3fffe3f8443818d3c356c66892f5be8?s=96&d=mm&r=g\",\"contentUrl\":\"https:\/\/secure.gravatar.com\/avatar\/d189e01678f06d8eb84d4e01f08eb848b3fffe3f8443818d3c356c66892f5be8?s=96&d=mm&r=g\",\"caption\":\"Ag\u00eancia iNFRA\"},\"url\":\"https:\/\/agenciainfra.com\/blog\/author\/admin\/\"}]}<\/script>\n<!-- \/ Yoast SEO Premium plugin. -->","yoast_head_json":{"title":"Nova diretora da ANEEL vota contra fiscaliza\u00e7\u00e3o de secret\u00e1rio do MME - Ag\u00eancia iNFRA","robots":{"index":"index","follow":"follow","max-snippet":"max-snippet:-1","max-image-preview":"max-image-preview:large","max-video-preview":"max-video-preview:-1"},"canonical":"https:\/\/agenciainfra.com\/blog\/?p=20126","og_locale":"pt_BR","og_type":"article","og_title":"Nova diretora da ANEEL vota contra fiscaliza\u00e7\u00e3o de secret\u00e1rio do MME","og_description":"Marisa Wanzeller e Geraldo Campos Jr., da Ag\u00eancia iNFRA A diretora-substituta Ludimila Silva, da ANEEL (Ag\u00eancia Nacional de Energia El\u00e9trica), apresentou voto nesta ter\u00e7a-feira (28) contra o encaminhamento ao TCU (Tribunal de Contas da Uni\u00e3o), \u00e0 CGU (Controladoria-Geral da Uni\u00e3o) e ao Congresso de pedido de an\u00e1lise sobre processo de securitiza\u00e7\u00e3o da CDE Eletrobras realizado [&hellip;]","og_url":"https:\/\/agenciainfra.com\/blog\/?p=20126","og_site_name":"Ag\u00eancia iNFRA","article_publisher":"https:\/\/www.facebook.com\/ageninfra","article_published_time":"2025-01-29T11:00:00+00:00","og_image":[{"width":1202,"height":799,"url":"https:\/\/agenciainfra.com\/blog\/wp-content\/uploads\/2024\/04\/gentil-nogueira-foto-camara-dos-deputados-will-shutter.jpg","type":"image\/jpeg"}],"author":"Ag\u00eancia iNFRA","twitter_card":"summary_large_image","twitter_creator":"@agencia_infra","twitter_site":"@agencia_infra","twitter_misc":{"Escrito por":"Ag\u00eancia iNFRA","Est. tempo de leitura":"3 minutos"},"schema":{"@context":"https:\/\/schema.org","@graph":[{"@type":"Article","@id":"https:\/\/agenciainfra.com\/blog\/?p=20126#article","isPartOf":{"@id":"https:\/\/agenciainfra.com\/blog\/?p=20126"},"author":{"name":"Ag\u00eancia iNFRA","@id":"https:\/\/agenciainfra.com\/blog\/#\/schema\/person\/34af08dff6adea4cb22b06612ba7acfa"},"headline":"Nova diretora da ANEEL vota contra fiscaliza\u00e7\u00e3o de secret\u00e1rio do MME","datePublished":"2025-01-29T11:00:00+00:00","mainEntityOfPage":{"@id":"https:\/\/agenciainfra.com\/blog\/?p=20126"},"wordCount":543,"publisher":{"@id":"https:\/\/agenciainfra.com\/blog\/#organization"},"image":{"@id":"https:\/\/agenciainfra.com\/blog\/?p=20126#primaryimage"},"thumbnailUrl":"https:\/\/agenciainfra.com\/blog\/wp-content\/uploads\/2024\/04\/gentil-nogueira-foto-camara-dos-deputados-will-shutter.jpg","keywords":["Agnes Costa","ANEEL","ccee","CDE Eletrobras","Contas Covid e Escassez H\u00eddrica","Fernando Mosna","fiscaliza\u00e7\u00e3o","Gentil Nogueira","Geraldo Campos Jr.","ludimila silva","Marisa Wanzeller","MME","receb\u00edveis da eletrobras","reuni\u00e3o da aneel","Sandoval Feitosa","securitiza\u00e7\u00e3o","securitiza\u00e7\u00e3o da cde eletrobras"],"articleSection":["Destaque lista","Geral","iNFRAEnergia"],"inLanguage":"pt-BR","copyrightYear":"2025","copyrightHolder":{"@id":"https:\/\/agenciainfra.com\/blog\/#organization"}},{"@type":"WebPage","@id":"https:\/\/agenciainfra.com\/blog\/?p=20126","url":"https:\/\/agenciainfra.com\/blog\/?p=20126","name":"Nova diretora da ANEEL vota contra fiscaliza\u00e7\u00e3o de secret\u00e1rio do MME - Ag\u00eancia iNFRA","isPartOf":{"@id":"https:\/\/agenciainfra.com\/blog\/#website"},"primaryImageOfPage":{"@id":"https:\/\/agenciainfra.com\/blog\/?p=20126#primaryimage"},"image":{"@id":"https:\/\/agenciainfra.com\/blog\/?p=20126#primaryimage"},"thumbnailUrl":"https:\/\/agenciainfra.com\/blog\/wp-content\/uploads\/2024\/04\/gentil-nogueira-foto-camara-dos-deputados-will-shutter.jpg","datePublished":"2025-01-29T11:00:00+00:00","breadcrumb":{"@id":"https:\/\/agenciainfra.com\/blog\/?p=20126#breadcrumb"},"inLanguage":"pt-BR","potentialAction":[{"@type":"ReadAction","target":["https:\/\/agenciainfra.com\/blog\/?p=20126"]}]},{"@type":"ImageObject","inLanguage":"pt-BR","@id":"https:\/\/agenciainfra.com\/blog\/?p=20126#primaryimage","url":"https:\/\/agenciainfra.com\/blog\/wp-content\/uploads\/2024\/04\/gentil-nogueira-foto-camara-dos-deputados-will-shutter.jpg","contentUrl":"https:\/\/agenciainfra.com\/blog\/wp-content\/uploads\/2024\/04\/gentil-nogueira-foto-camara-dos-deputados-will-shutter.jpg","width":1202,"height":799,"caption":"Foto: Will Shutter\/C\u00e2mara dos Deputados"},{"@type":"BreadcrumbList","@id":"https:\/\/agenciainfra.com\/blog\/?p=20126#breadcrumb","itemListElement":[{"@type":"ListItem","position":1,"name":"In\u00edcio","item":"https:\/\/agenciainfra.com\/blog\/"},{"@type":"ListItem","position":2,"name":"Nova diretora da ANEEL vota contra fiscaliza\u00e7\u00e3o de secret\u00e1rio do MME"}]},{"@type":"WebSite","@id":"https:\/\/agenciainfra.com\/blog\/#website","url":"https:\/\/agenciainfra.com\/blog\/","name":"Ag\u00eancia iNFRA","description":"Multiplataforma de informa\u00e7\u00e3o jornal\u00edstica refer\u00eancia na \u00e1rea de infraestrutura no Brasil!","publisher":{"@id":"https:\/\/agenciainfra.com\/blog\/#organization"},"potentialAction":[{"@type":"SearchAction","target":{"@type":"EntryPoint","urlTemplate":"https:\/\/agenciainfra.com\/blog\/?s={search_term_string}"},"query-input":{"@type":"PropertyValueSpecification","valueRequired":true,"valueName":"search_term_string"}}],"inLanguage":"pt-BR"},{"@type":"Organization","@id":"https:\/\/agenciainfra.com\/blog\/#organization","name":"Ag\u00eancia iNFRA","url":"https:\/\/agenciainfra.com\/blog\/","logo":{"@type":"ImageObject","inLanguage":"pt-BR","@id":"https:\/\/agenciainfra.com\/blog\/#\/schema\/logo\/image\/","url":"https:\/\/agenciainfra.com\/blog\/wp-content\/uploads\/2023\/09\/iNFRA_5-e1761735885940.png","contentUrl":"https:\/\/agenciainfra.com\/blog\/wp-content\/uploads\/2023\/09\/iNFRA_5-e1761735885940.png","width":1672,"height":454,"caption":"Ag\u00eancia iNFRA"},"image":{"@id":"https:\/\/agenciainfra.com\/blog\/#\/schema\/logo\/image\/"},"sameAs":["https:\/\/www.facebook.com\/ageninfra","https:\/\/x.com\/agencia_infra","https:\/\/www.linkedin.com\/company\/ag\u00eanciainfra\/","https:\/\/www.instagram.com\/agenciainfra\/"]},{"@type":"Person","@id":"https:\/\/agenciainfra.com\/blog\/#\/schema\/person\/34af08dff6adea4cb22b06612ba7acfa","name":"Ag\u00eancia iNFRA","image":{"@type":"ImageObject","inLanguage":"pt-BR","@id":"https:\/\/agenciainfra.com\/blog\/#\/schema\/person\/image\/","url":"https:\/\/secure.gravatar.com\/avatar\/d189e01678f06d8eb84d4e01f08eb848b3fffe3f8443818d3c356c66892f5be8?s=96&d=mm&r=g","contentUrl":"https:\/\/secure.gravatar.com\/avatar\/d189e01678f06d8eb84d4e01f08eb848b3fffe3f8443818d3c356c66892f5be8?s=96&d=mm&r=g","caption":"Ag\u00eancia iNFRA"},"url":"https:\/\/agenciainfra.com\/blog\/author\/admin\/"}]}},"_links":{"self":[{"href":"https:\/\/agenciainfra.com\/blog\/wp-json\/wp\/v2\/posts\/20126","targetHints":{"allow":["GET"]}}],"collection":[{"href":"https:\/\/agenciainfra.com\/blog\/wp-json\/wp\/v2\/posts"}],"about":[{"href":"https:\/\/agenciainfra.com\/blog\/wp-json\/wp\/v2\/types\/post"}],"author":[{"embeddable":true,"href":"https:\/\/agenciainfra.com\/blog\/wp-json\/wp\/v2\/users\/1"}],"replies":[{"embeddable":true,"href":"https:\/\/agenciainfra.com\/blog\/wp-json\/wp\/v2\/comments?post=20126"}],"version-history":[{"count":1,"href":"https:\/\/agenciainfra.com\/blog\/wp-json\/wp\/v2\/posts\/20126\/revisions"}],"predecessor-version":[{"id":20128,"href":"https:\/\/agenciainfra.com\/blog\/wp-json\/wp\/v2\/posts\/20126\/revisions\/20128"}],"wp:featuredmedia":[{"embeddable":true,"href":"https:\/\/agenciainfra.com\/blog\/wp-json\/wp\/v2\/media\/16424"}],"wp:attachment":[{"href":"https:\/\/agenciainfra.com\/blog\/wp-json\/wp\/v2\/media?parent=20126"}],"wp:term":[{"taxonomy":"category","embeddable":true,"href":"https:\/\/agenciainfra.com\/blog\/wp-json\/wp\/v2\/categories?post=20126"},{"taxonomy":"post_tag","embeddable":true,"href":"https:\/\/agenciainfra.com\/blog\/wp-json\/wp\/v2\/tags?post=20126"}],"curies":[{"name":"wp","href":"https:\/\/api.w.org\/{rel}","templated":true}]}}