{"id":20129,"date":"2025-01-29T09:00:00","date_gmt":"2025-01-29T12:00:00","guid":{"rendered":"https:\/\/agenciainfra.com\/blog\/?p=20129"},"modified":"2025-01-30T05:47:27","modified_gmt":"2025-01-30T08:47:27","slug":"ambar-paga-r-11-bi-em-multas-do-pcs-e-aneel-extingue-processos-sobre-o-tema","status":"publish","type":"post","link":"https:\/\/agenciainfra.com\/blog\/ambar-paga-r-11-bi-em-multas-do-pcs-e-aneel-extingue-processos-sobre-o-tema\/","title":{"rendered":"\u00c2mbar paga R$ 1,1 bi em multas do PCS e ANEEL extingue processos sobre o tema"},"content":{"rendered":"\n<p class=\"has-text-align-right\"><strong>Geraldo Campos Jr. e Marisa Wanzeller, da Ag\u00eancia iNFRA<\/strong><\/p>\n\n\n\n<p>A ANEEL (Ag\u00eancia Nacional de Energia El\u00e9trica) extinguiu nesta ter\u00e7a-feira (28) sete processos relativos \u00e0 contrata\u00e7\u00e3o da \u00c2mbar Energia, do Grupo J&amp;F, no PCS (Procedimento Competitivo Simplificado) de&nbsp;2021. A decis\u00e3o foi tomada ap\u00f3s a empresa pagar no mesmo dia&nbsp;R$ 1,1 bilh\u00e3o em multas,&nbsp;cumprindo&nbsp;acordo que entrou em vigor no final de 2024.&nbsp;<\/p>\n\n\n\n<p>A diretora-substituta Ludimila Silva apontou durante reuni\u00e3o do colegiado que a empresa havia quitado suas obriga\u00e7\u00f5es. Por isso, acompanhou o relator, diretor Ricardo Tili, no entendimento de que houve perda de objeto dos itens por causa da vig\u00eancia do acordo de repactua\u00e7\u00e3o.&nbsp;<\/p>\n\n\n\n<p>Em novembro de 2024, a diretora Agnes Costa tinha apresentado voto divergente, contra a extin\u00e7\u00e3o dos processos, sendo seguida pelo diretor-geral, Sandoval Feitosa. Nesta ter\u00e7a, em fun\u00e7\u00e3o dos dep\u00f3sitos das multas, Feitosa mudou o seu entendimento e acompanhou o relator, formando maioria para arquivar os processos.<\/p>\n\n\n\n<p>O diretor Fernando Mosna declarou suspei\u00e7\u00e3o sobre o tema e n\u00e3o votou em nenhum dos sete processos. Desta forma, o arquivamento foi aprovado por tr\u00eas a um.<\/p>\n\n\n\n<p>Sandoval Feitosa disse \u00e0 imprensa que a \u00c2mbar tinha at\u00e9 hoje (29) para realizar os pagamentos. &#8220;A empresa, certamente sabendo da possibilidade de j\u00e1 arquivar os processos, antecipou o pagamento, o que foi confirmado pela dilig\u00eancia feita pela doutora Ludimila&#8221;, afirmou.<\/p>\n\n\n\n<p>Foram depositados pela empresa R$ 124 milh\u00f5es em favor da ANEEL e R$ 978 milh\u00f5es para a CCEE (C\u00e2mara de Comercializa\u00e7\u00e3o de Energia El\u00e9trica). Segundo a diretora Ludimila Silva, os valores estavam no acordo realizado pela \u00c2mbar com o MME (Minist\u00e9rio de Minas e Energia) e a ag\u00eancia, assinado em maio do ano passado.<\/p>\n\n\n\n<p><strong>\u00c2mbar diz que cumpriu termos<\/strong><br>A \u00c2mbar afirmou em nota que a celebra\u00e7\u00e3o do acordo com o MME encerrou todas as quest\u00f5es relacionadas ao processo e que j\u00e1 &#8220;cumpriu integralmente seus compromissos com a Uni\u00e3o, incluindo a quita\u00e7\u00e3o antecipada de todas as pend\u00eancias&#8221;.<\/p>\n\n\n\n<p>&#8220;O fechamento do acordo com a Uni\u00e3o traz seguran\u00e7a jur\u00eddica e energ\u00e9tica, fortalecendo o sistema el\u00e9trico nacional e proporcionando benef\u00edcios significativos ao consumidor em rela\u00e7\u00e3o ao contrato original&#8221;, afirmou.<\/p>\n\n\n\n<p><strong>Os processos<\/strong><br>Um dos itens arquivados tratava de pedido de cautelar pela Abrace (Associa\u00e7\u00e3o Brasileira dos Grandes Consumidores de Energia e Consumidores Livres) e pela Anace (Associa\u00e7\u00e3o Nacional dos Consumidores de Energia) para suspender os efeitos e declarar ineficaz despacho da ANEEL que autorizou \u00e0 \u00c2mbar cumprir com as obriga\u00e7\u00f5es de gera\u00e7\u00e3o dos contratos firmados para as quatro novas usinas por meio da UTE (Usina Termel\u00e9trica) Cuiab\u00e1. As associa\u00e7\u00f5es pediam ainda que a ANEEL indeferisse todos os pleitos da \u00c2mbar referente ao tema.<\/p>\n\n\n\n<p>Em outro processo, a \u00c2mbar pleiteava a suspens\u00e3o de multas pela CCEE e reconhecimento de excludente de responsabilidade pelo descumprimento de cronograma do PCS. Tamb\u00e9m foi arquivado um recurso da empresa contra o indeferimento pela ANEEL, em 2022, do pedido de opera\u00e7\u00e3o em teste da t\u00e9rmica UTE Cuiab\u00e1 no lugar das quatro usinas contratadas, al\u00e9m de um pedido para alterar as caracter\u00edsticas t\u00e9cnicas das usinas termel\u00e9tricas contratadas para que o suprimento seja feito pela UTE Cuiab\u00e1.<\/p>\n\n\n\n<p>Por fim, tr\u00eas processos tratavam de pedido da \u00c2mbar de impugna\u00e7\u00e3o e cautelar contra procedimento administrativo da CCEE contra a empresa por descumprimento de obriga\u00e7\u00f5es em fun\u00e7\u00e3o da n\u00e3o entrega das t\u00e9rmicas no prazo, com aplica\u00e7\u00e3o de d\u00e9bitos.<\/p>\n\n\n\n<p><strong>Desempates<\/strong><br>A diretoria da ANEEL apreciou nesta ter\u00e7a-feira 17 dos 19 processos que estavam empatados ou sem delibera\u00e7\u00e3o, chegando a uma maioria com o voto da diretora-substituta Ludimila Silva na primeira RPO (Reuni\u00e3o P\u00fablica Ordin\u00e1ria) de que participou.<\/p>\n\n\n\n<p>Ainda restam ser analisados dois processos empatados, que foram retirados de pauta a pedido do relator, diretor Fernando Mosna. Segundo o diretor-geral da ANEEL, eles devem retornar \u00e0 pauta na pr\u00f3xima semana.<\/p>\n\n\n\n<p>Um deles trata de resultado de consulta p\u00fablica sobre aprimoramento da regula\u00e7\u00e3o para empreendimentos abarcados pela MP (Medida Provis\u00f3ria) 1.212\/2024, no que diz respeito \u00e0 posterga\u00e7\u00e3o dos CUSTs (Contratos de Uso do Sistema de Transmiss\u00e3o) por per\u00edodo superior a 12 meses. O outro, diz respeito a pedidos de reconsidera\u00e7\u00e3o de agentes e\u00f3licos sobre a resolu\u00e7\u00e3o que estabeleceu as TUSTs (Tarifas de Uso do Sistema de Transmiss\u00e3o) para o ciclo 2023-2024.<\/p>\n\n\n\n<p>&#8220;Tivemos uma reuni\u00e3o que mostrar\u00e1 o tom da ag\u00eancia daqui em diante, ou seja, o tom de normalidade. Diverg\u00eancias v\u00e3o acontecer e \u00e9 natural que ocorram. (&#8230;) Problemas de oito meses foram resolvidos, n\u00e3o em um dia, mas em uma manh\u00e3, gra\u00e7as \u00e0 composi\u00e7\u00e3o do colegiado e ao trabalho eficiente da doutora Ludimila&#8221;, afirmou Sandoval em entrevista.<\/p>\n","protected":false},"excerpt":{"rendered":"<p>Geraldo Campos Jr. e Marisa Wanzeller, da Ag\u00eancia iNFRA A ANEEL (Ag\u00eancia Nacional de Energia El\u00e9trica) extinguiu nesta ter\u00e7a-feira (28) sete processos relativos \u00e0 contrata\u00e7\u00e3o da \u00c2mbar Energia, do Grupo J&amp;F, no PCS (Procedimento Competitivo Simplificado) de&nbsp;2021. A decis\u00e3o foi tomada ap\u00f3s a empresa pagar no mesmo dia&nbsp;R$ 1,1 bilh\u00e3o em multas,&nbsp;cumprindo&nbsp;acordo que entrou em [&hellip;]<\/p>\n","protected":false},"author":1,"featured_media":5101,"comment_status":"closed","ping_status":"closed","sticky":false,"template":"","format":"standard","meta":{"_monsterinsights_skip_tracking":false,"_monsterinsights_sitenote_active":false,"_monsterinsights_sitenote_note":"","_monsterinsights_sitenote_category":0,"footnotes":""},"categories":[7250,1,10],"tags":[12376,5678,5481,53,11624,10323,7366,71,12375,5589,11764],"class_list":["post-20129","post","type-post","status-publish","format-standard","has-post-thumbnail","hentry","category-destaque-lista","category-geral","category-infraenergia","tag-acordo-ambar-e-mme","tag-ambar","tag-ambar-energia","tag-aneel","tag-geraldo-campos-jr-2","tag-grupo-jf","tag-marisa-wanzeller","tag-mme","tag-multas-do-pcs","tag-pcs","tag-reuniao-da-aneel"],"yoast_head":"<!-- This site is optimized with the Yoast SEO Premium plugin v25.4 (Yoast SEO v26.0) - https:\/\/yoast.com\/wordpress\/plugins\/seo\/ -->\n<title>\u00c2mbar paga R$ 1,1 bi em multas do PCS e ANEEL extingue processos sobre o tema - Ag\u00eancia iNFRA<\/title>\n<meta name=\"robots\" content=\"index, follow, max-snippet:-1, max-image-preview:large, max-video-preview:-1\" \/>\n<link rel=\"canonical\" href=\"https:\/\/agenciainfra.com\/blog\/ambar-paga-r-11-bi-em-multas-do-pcs-e-aneel-extingue-processos-sobre-o-tema\/\" \/>\n<meta property=\"og:locale\" content=\"pt_BR\" \/>\n<meta property=\"og:type\" content=\"article\" \/>\n<meta property=\"og:title\" content=\"\u00c2mbar paga R$ 1,1 bi em multas do PCS e ANEEL extingue processos sobre o tema\" \/>\n<meta property=\"og:description\" content=\"Geraldo Campos Jr. e Marisa Wanzeller, da Ag\u00eancia iNFRA A ANEEL (Ag\u00eancia Nacional de Energia El\u00e9trica) extinguiu nesta ter\u00e7a-feira (28) sete processos relativos \u00e0 contrata\u00e7\u00e3o da \u00c2mbar Energia, do Grupo J&amp;F, no PCS (Procedimento Competitivo Simplificado) de&nbsp;2021. A decis\u00e3o foi tomada ap\u00f3s a empresa pagar no mesmo dia&nbsp;R$ 1,1 bilh\u00e3o em multas,&nbsp;cumprindo&nbsp;acordo que entrou em [&hellip;]\" \/>\n<meta property=\"og:url\" content=\"https:\/\/agenciainfra.com\/blog\/ambar-paga-r-11-bi-em-multas-do-pcs-e-aneel-extingue-processos-sobre-o-tema\/\" \/>\n<meta property=\"og:site_name\" content=\"Ag\u00eancia iNFRA\" \/>\n<meta property=\"article:publisher\" content=\"https:\/\/www.facebook.com\/ageninfra\" \/>\n<meta property=\"article:published_time\" content=\"2025-01-29T12:00:00+00:00\" \/>\n<meta property=\"article:modified_time\" content=\"2025-01-30T08:47:27+00:00\" \/>\n<meta property=\"og:image\" content=\"https:\/\/agenciainfra.com\/blog\/wp-content\/uploads\/2020\/06\/contratos-foto-dominio-publico.jpg\" \/>\n\t<meta property=\"og:image:width\" content=\"1280\" \/>\n\t<meta property=\"og:image:height\" content=\"853\" \/>\n\t<meta property=\"og:image:type\" content=\"image\/jpeg\" \/>\n<meta name=\"author\" content=\"Ag\u00eancia iNFRA\" \/>\n<meta name=\"twitter:card\" content=\"summary_large_image\" \/>\n<meta name=\"twitter:creator\" content=\"@agencia_infra\" \/>\n<meta name=\"twitter:site\" content=\"@agencia_infra\" \/>\n<meta name=\"twitter:label1\" content=\"Escrito por\" \/>\n\t<meta name=\"twitter:data1\" content=\"Ag\u00eancia iNFRA\" \/>\n\t<meta name=\"twitter:label2\" content=\"Est. tempo de leitura\" \/>\n\t<meta name=\"twitter:data2\" content=\"4 minutos\" \/>\n<script type=\"application\/ld+json\" class=\"yoast-schema-graph\">{\"@context\":\"https:\/\/schema.org\",\"@graph\":[{\"@type\":\"Article\",\"@id\":\"https:\/\/agenciainfra.com\/blog\/ambar-paga-r-11-bi-em-multas-do-pcs-e-aneel-extingue-processos-sobre-o-tema\/#article\",\"isPartOf\":{\"@id\":\"https:\/\/agenciainfra.com\/blog\/ambar-paga-r-11-bi-em-multas-do-pcs-e-aneel-extingue-processos-sobre-o-tema\/\"},\"author\":{\"name\":\"Ag\u00eancia iNFRA\",\"@id\":\"https:\/\/agenciainfra.com\/blog\/#\/schema\/person\/34af08dff6adea4cb22b06612ba7acfa\"},\"headline\":\"\u00c2mbar paga R$ 1,1 bi em multas do PCS e ANEEL extingue processos sobre o tema\",\"datePublished\":\"2025-01-29T12:00:00+00:00\",\"dateModified\":\"2025-01-30T08:47:27+00:00\",\"mainEntityOfPage\":{\"@id\":\"https:\/\/agenciainfra.com\/blog\/ambar-paga-r-11-bi-em-multas-do-pcs-e-aneel-extingue-processos-sobre-o-tema\/\"},\"wordCount\":826,\"publisher\":{\"@id\":\"https:\/\/agenciainfra.com\/blog\/#organization\"},\"image\":{\"@id\":\"https:\/\/agenciainfra.com\/blog\/ambar-paga-r-11-bi-em-multas-do-pcs-e-aneel-extingue-processos-sobre-o-tema\/#primaryimage\"},\"thumbnailUrl\":\"https:\/\/agenciainfra.com\/blog\/wp-content\/uploads\/2020\/06\/contratos-foto-dominio-publico-e1751021330131.jpg\",\"keywords\":[\"Acordo \u00e2mbar e MME\",\"\u00c2mbar\",\"\u00c2mbar Energia\",\"ANEEL\",\"Geraldo Campos Jr\",\"Grupo J&amp;F\",\"Marisa Wanzeller\",\"MME\",\"multas do pcs\",\"PCS\",\"reuni\u00e3o da aneel\"],\"articleSection\":[\"Destaque lista\",\"Geral\",\"iNFRAEnergia\"],\"inLanguage\":\"pt-BR\",\"copyrightYear\":\"2025\",\"copyrightHolder\":{\"@id\":\"https:\/\/agenciainfra.com\/blog\/#organization\"}},{\"@type\":\"WebPage\",\"@id\":\"https:\/\/agenciainfra.com\/blog\/ambar-paga-r-11-bi-em-multas-do-pcs-e-aneel-extingue-processos-sobre-o-tema\/\",\"url\":\"https:\/\/agenciainfra.com\/blog\/ambar-paga-r-11-bi-em-multas-do-pcs-e-aneel-extingue-processos-sobre-o-tema\/\",\"name\":\"\u00c2mbar paga R$ 1,1 bi em multas do PCS e ANEEL extingue processos sobre o tema - Ag\u00eancia iNFRA\",\"isPartOf\":{\"@id\":\"https:\/\/agenciainfra.com\/blog\/#website\"},\"primaryImageOfPage\":{\"@id\":\"https:\/\/agenciainfra.com\/blog\/ambar-paga-r-11-bi-em-multas-do-pcs-e-aneel-extingue-processos-sobre-o-tema\/#primaryimage\"},\"image\":{\"@id\":\"https:\/\/agenciainfra.com\/blog\/ambar-paga-r-11-bi-em-multas-do-pcs-e-aneel-extingue-processos-sobre-o-tema\/#primaryimage\"},\"thumbnailUrl\":\"https:\/\/agenciainfra.com\/blog\/wp-content\/uploads\/2020\/06\/contratos-foto-dominio-publico-e1751021330131.jpg\",\"datePublished\":\"2025-01-29T12:00:00+00:00\",\"dateModified\":\"2025-01-30T08:47:27+00:00\",\"breadcrumb\":{\"@id\":\"https:\/\/agenciainfra.com\/blog\/ambar-paga-r-11-bi-em-multas-do-pcs-e-aneel-extingue-processos-sobre-o-tema\/#breadcrumb\"},\"inLanguage\":\"pt-BR\",\"potentialAction\":[{\"@type\":\"ReadAction\",\"target\":[\"https:\/\/agenciainfra.com\/blog\/ambar-paga-r-11-bi-em-multas-do-pcs-e-aneel-extingue-processos-sobre-o-tema\/\"]}]},{\"@type\":\"ImageObject\",\"inLanguage\":\"pt-BR\",\"@id\":\"https:\/\/agenciainfra.com\/blog\/ambar-paga-r-11-bi-em-multas-do-pcs-e-aneel-extingue-processos-sobre-o-tema\/#primaryimage\",\"url\":\"https:\/\/agenciainfra.com\/blog\/wp-content\/uploads\/2020\/06\/contratos-foto-dominio-publico-e1751021330131.jpg\",\"contentUrl\":\"https:\/\/agenciainfra.com\/blog\/wp-content\/uploads\/2020\/06\/contratos-foto-dominio-publico-e1751021330131.jpg\",\"width\":1280,\"height\":762,\"caption\":\"Foto: Dom\u00ednio P\u00fablico\"},{\"@type\":\"BreadcrumbList\",\"@id\":\"https:\/\/agenciainfra.com\/blog\/ambar-paga-r-11-bi-em-multas-do-pcs-e-aneel-extingue-processos-sobre-o-tema\/#breadcrumb\",\"itemListElement\":[{\"@type\":\"ListItem\",\"position\":1,\"name\":\"In\u00edcio\",\"item\":\"https:\/\/agenciainfra.com\/blog\/\"},{\"@type\":\"ListItem\",\"position\":2,\"name\":\"\u00c2mbar paga R$ 1,1 bi em multas do PCS e ANEEL extingue processos sobre o tema\"}]},{\"@type\":\"WebSite\",\"@id\":\"https:\/\/agenciainfra.com\/blog\/#website\",\"url\":\"https:\/\/agenciainfra.com\/blog\/\",\"name\":\"Ag\u00eancia iNFRA\",\"description\":\"Multiplataforma de informa\u00e7\u00e3o jornal\u00edstica refer\u00eancia na \u00e1rea de infraestrutura no Brasil!\",\"publisher\":{\"@id\":\"https:\/\/agenciainfra.com\/blog\/#organization\"},\"potentialAction\":[{\"@type\":\"SearchAction\",\"target\":{\"@type\":\"EntryPoint\",\"urlTemplate\":\"https:\/\/agenciainfra.com\/blog\/?s={search_term_string}\"},\"query-input\":{\"@type\":\"PropertyValueSpecification\",\"valueRequired\":true,\"valueName\":\"search_term_string\"}}],\"inLanguage\":\"pt-BR\"},{\"@type\":\"Organization\",\"@id\":\"https:\/\/agenciainfra.com\/blog\/#organization\",\"name\":\"Ag\u00eancia iNFRA\",\"url\":\"https:\/\/agenciainfra.com\/blog\/\",\"logo\":{\"@type\":\"ImageObject\",\"inLanguage\":\"pt-BR\",\"@id\":\"https:\/\/agenciainfra.com\/blog\/#\/schema\/logo\/image\/\",\"url\":\"https:\/\/agenciainfra.com\/blog\/wp-content\/uploads\/2023\/09\/iNFRA_5-e1761735885940.png\",\"contentUrl\":\"https:\/\/agenciainfra.com\/blog\/wp-content\/uploads\/2023\/09\/iNFRA_5-e1761735885940.png\",\"width\":1672,\"height\":454,\"caption\":\"Ag\u00eancia iNFRA\"},\"image\":{\"@id\":\"https:\/\/agenciainfra.com\/blog\/#\/schema\/logo\/image\/\"},\"sameAs\":[\"https:\/\/www.facebook.com\/ageninfra\",\"https:\/\/x.com\/agencia_infra\",\"https:\/\/www.linkedin.com\/company\/ag\u00eanciainfra\/\",\"https:\/\/www.instagram.com\/agenciainfra\/\"]},{\"@type\":\"Person\",\"@id\":\"https:\/\/agenciainfra.com\/blog\/#\/schema\/person\/34af08dff6adea4cb22b06612ba7acfa\",\"name\":\"Ag\u00eancia iNFRA\",\"image\":{\"@type\":\"ImageObject\",\"inLanguage\":\"pt-BR\",\"@id\":\"https:\/\/agenciainfra.com\/blog\/#\/schema\/person\/image\/\",\"url\":\"https:\/\/secure.gravatar.com\/avatar\/d189e01678f06d8eb84d4e01f08eb848b3fffe3f8443818d3c356c66892f5be8?s=96&d=mm&r=g\",\"contentUrl\":\"https:\/\/secure.gravatar.com\/avatar\/d189e01678f06d8eb84d4e01f08eb848b3fffe3f8443818d3c356c66892f5be8?s=96&d=mm&r=g\",\"caption\":\"Ag\u00eancia iNFRA\"},\"url\":\"https:\/\/agenciainfra.com\/blog\/author\/admin\/\"}]}<\/script>\n<!-- \/ Yoast SEO Premium plugin. -->","yoast_head_json":{"title":"\u00c2mbar paga R$ 1,1 bi em multas do PCS e ANEEL extingue processos sobre o tema - Ag\u00eancia iNFRA","robots":{"index":"index","follow":"follow","max-snippet":"max-snippet:-1","max-image-preview":"max-image-preview:large","max-video-preview":"max-video-preview:-1"},"canonical":"https:\/\/agenciainfra.com\/blog\/ambar-paga-r-11-bi-em-multas-do-pcs-e-aneel-extingue-processos-sobre-o-tema\/","og_locale":"pt_BR","og_type":"article","og_title":"\u00c2mbar paga R$ 1,1 bi em multas do PCS e ANEEL extingue processos sobre o tema","og_description":"Geraldo Campos Jr. e Marisa Wanzeller, da Ag\u00eancia iNFRA A ANEEL (Ag\u00eancia Nacional de Energia El\u00e9trica) extinguiu nesta ter\u00e7a-feira (28) sete processos relativos \u00e0 contrata\u00e7\u00e3o da \u00c2mbar Energia, do Grupo J&amp;F, no PCS (Procedimento Competitivo Simplificado) de&nbsp;2021. A decis\u00e3o foi tomada ap\u00f3s a empresa pagar no mesmo dia&nbsp;R$ 1,1 bilh\u00e3o em multas,&nbsp;cumprindo&nbsp;acordo que entrou em [&hellip;]","og_url":"https:\/\/agenciainfra.com\/blog\/ambar-paga-r-11-bi-em-multas-do-pcs-e-aneel-extingue-processos-sobre-o-tema\/","og_site_name":"Ag\u00eancia iNFRA","article_publisher":"https:\/\/www.facebook.com\/ageninfra","article_published_time":"2025-01-29T12:00:00+00:00","article_modified_time":"2025-01-30T08:47:27+00:00","og_image":[{"width":1280,"height":853,"url":"https:\/\/agenciainfra.com\/blog\/wp-content\/uploads\/2020\/06\/contratos-foto-dominio-publico.jpg","type":"image\/jpeg"}],"author":"Ag\u00eancia iNFRA","twitter_card":"summary_large_image","twitter_creator":"@agencia_infra","twitter_site":"@agencia_infra","twitter_misc":{"Escrito por":"Ag\u00eancia iNFRA","Est. tempo de leitura":"4 minutos"},"schema":{"@context":"https:\/\/schema.org","@graph":[{"@type":"Article","@id":"https:\/\/agenciainfra.com\/blog\/ambar-paga-r-11-bi-em-multas-do-pcs-e-aneel-extingue-processos-sobre-o-tema\/#article","isPartOf":{"@id":"https:\/\/agenciainfra.com\/blog\/ambar-paga-r-11-bi-em-multas-do-pcs-e-aneel-extingue-processos-sobre-o-tema\/"},"author":{"name":"Ag\u00eancia iNFRA","@id":"https:\/\/agenciainfra.com\/blog\/#\/schema\/person\/34af08dff6adea4cb22b06612ba7acfa"},"headline":"\u00c2mbar paga R$ 1,1 bi em multas do PCS e ANEEL extingue processos sobre o tema","datePublished":"2025-01-29T12:00:00+00:00","dateModified":"2025-01-30T08:47:27+00:00","mainEntityOfPage":{"@id":"https:\/\/agenciainfra.com\/blog\/ambar-paga-r-11-bi-em-multas-do-pcs-e-aneel-extingue-processos-sobre-o-tema\/"},"wordCount":826,"publisher":{"@id":"https:\/\/agenciainfra.com\/blog\/#organization"},"image":{"@id":"https:\/\/agenciainfra.com\/blog\/ambar-paga-r-11-bi-em-multas-do-pcs-e-aneel-extingue-processos-sobre-o-tema\/#primaryimage"},"thumbnailUrl":"https:\/\/agenciainfra.com\/blog\/wp-content\/uploads\/2020\/06\/contratos-foto-dominio-publico-e1751021330131.jpg","keywords":["Acordo \u00e2mbar e MME","\u00c2mbar","\u00c2mbar Energia","ANEEL","Geraldo Campos Jr","Grupo J&amp;F","Marisa Wanzeller","MME","multas do pcs","PCS","reuni\u00e3o da aneel"],"articleSection":["Destaque lista","Geral","iNFRAEnergia"],"inLanguage":"pt-BR","copyrightYear":"2025","copyrightHolder":{"@id":"https:\/\/agenciainfra.com\/blog\/#organization"}},{"@type":"WebPage","@id":"https:\/\/agenciainfra.com\/blog\/ambar-paga-r-11-bi-em-multas-do-pcs-e-aneel-extingue-processos-sobre-o-tema\/","url":"https:\/\/agenciainfra.com\/blog\/ambar-paga-r-11-bi-em-multas-do-pcs-e-aneel-extingue-processos-sobre-o-tema\/","name":"\u00c2mbar paga R$ 1,1 bi em multas do PCS e ANEEL extingue processos sobre o tema - Ag\u00eancia iNFRA","isPartOf":{"@id":"https:\/\/agenciainfra.com\/blog\/#website"},"primaryImageOfPage":{"@id":"https:\/\/agenciainfra.com\/blog\/ambar-paga-r-11-bi-em-multas-do-pcs-e-aneel-extingue-processos-sobre-o-tema\/#primaryimage"},"image":{"@id":"https:\/\/agenciainfra.com\/blog\/ambar-paga-r-11-bi-em-multas-do-pcs-e-aneel-extingue-processos-sobre-o-tema\/#primaryimage"},"thumbnailUrl":"https:\/\/agenciainfra.com\/blog\/wp-content\/uploads\/2020\/06\/contratos-foto-dominio-publico-e1751021330131.jpg","datePublished":"2025-01-29T12:00:00+00:00","dateModified":"2025-01-30T08:47:27+00:00","breadcrumb":{"@id":"https:\/\/agenciainfra.com\/blog\/ambar-paga-r-11-bi-em-multas-do-pcs-e-aneel-extingue-processos-sobre-o-tema\/#breadcrumb"},"inLanguage":"pt-BR","potentialAction":[{"@type":"ReadAction","target":["https:\/\/agenciainfra.com\/blog\/ambar-paga-r-11-bi-em-multas-do-pcs-e-aneel-extingue-processos-sobre-o-tema\/"]}]},{"@type":"ImageObject","inLanguage":"pt-BR","@id":"https:\/\/agenciainfra.com\/blog\/ambar-paga-r-11-bi-em-multas-do-pcs-e-aneel-extingue-processos-sobre-o-tema\/#primaryimage","url":"https:\/\/agenciainfra.com\/blog\/wp-content\/uploads\/2020\/06\/contratos-foto-dominio-publico-e1751021330131.jpg","contentUrl":"https:\/\/agenciainfra.com\/blog\/wp-content\/uploads\/2020\/06\/contratos-foto-dominio-publico-e1751021330131.jpg","width":1280,"height":762,"caption":"Foto: Dom\u00ednio P\u00fablico"},{"@type":"BreadcrumbList","@id":"https:\/\/agenciainfra.com\/blog\/ambar-paga-r-11-bi-em-multas-do-pcs-e-aneel-extingue-processos-sobre-o-tema\/#breadcrumb","itemListElement":[{"@type":"ListItem","position":1,"name":"In\u00edcio","item":"https:\/\/agenciainfra.com\/blog\/"},{"@type":"ListItem","position":2,"name":"\u00c2mbar paga R$ 1,1 bi em multas do PCS e ANEEL extingue processos sobre o tema"}]},{"@type":"WebSite","@id":"https:\/\/agenciainfra.com\/blog\/#website","url":"https:\/\/agenciainfra.com\/blog\/","name":"Ag\u00eancia iNFRA","description":"Multiplataforma de informa\u00e7\u00e3o jornal\u00edstica refer\u00eancia na \u00e1rea de infraestrutura no Brasil!","publisher":{"@id":"https:\/\/agenciainfra.com\/blog\/#organization"},"potentialAction":[{"@type":"SearchAction","target":{"@type":"EntryPoint","urlTemplate":"https:\/\/agenciainfra.com\/blog\/?s={search_term_string}"},"query-input":{"@type":"PropertyValueSpecification","valueRequired":true,"valueName":"search_term_string"}}],"inLanguage":"pt-BR"},{"@type":"Organization","@id":"https:\/\/agenciainfra.com\/blog\/#organization","name":"Ag\u00eancia iNFRA","url":"https:\/\/agenciainfra.com\/blog\/","logo":{"@type":"ImageObject","inLanguage":"pt-BR","@id":"https:\/\/agenciainfra.com\/blog\/#\/schema\/logo\/image\/","url":"https:\/\/agenciainfra.com\/blog\/wp-content\/uploads\/2023\/09\/iNFRA_5-e1761735885940.png","contentUrl":"https:\/\/agenciainfra.com\/blog\/wp-content\/uploads\/2023\/09\/iNFRA_5-e1761735885940.png","width":1672,"height":454,"caption":"Ag\u00eancia iNFRA"},"image":{"@id":"https:\/\/agenciainfra.com\/blog\/#\/schema\/logo\/image\/"},"sameAs":["https:\/\/www.facebook.com\/ageninfra","https:\/\/x.com\/agencia_infra","https:\/\/www.linkedin.com\/company\/ag\u00eanciainfra\/","https:\/\/www.instagram.com\/agenciainfra\/"]},{"@type":"Person","@id":"https:\/\/agenciainfra.com\/blog\/#\/schema\/person\/34af08dff6adea4cb22b06612ba7acfa","name":"Ag\u00eancia iNFRA","image":{"@type":"ImageObject","inLanguage":"pt-BR","@id":"https:\/\/agenciainfra.com\/blog\/#\/schema\/person\/image\/","url":"https:\/\/secure.gravatar.com\/avatar\/d189e01678f06d8eb84d4e01f08eb848b3fffe3f8443818d3c356c66892f5be8?s=96&d=mm&r=g","contentUrl":"https:\/\/secure.gravatar.com\/avatar\/d189e01678f06d8eb84d4e01f08eb848b3fffe3f8443818d3c356c66892f5be8?s=96&d=mm&r=g","caption":"Ag\u00eancia iNFRA"},"url":"https:\/\/agenciainfra.com\/blog\/author\/admin\/"}]}},"_links":{"self":[{"href":"https:\/\/agenciainfra.com\/blog\/wp-json\/wp\/v2\/posts\/20129","targetHints":{"allow":["GET"]}}],"collection":[{"href":"https:\/\/agenciainfra.com\/blog\/wp-json\/wp\/v2\/posts"}],"about":[{"href":"https:\/\/agenciainfra.com\/blog\/wp-json\/wp\/v2\/types\/post"}],"author":[{"embeddable":true,"href":"https:\/\/agenciainfra.com\/blog\/wp-json\/wp\/v2\/users\/1"}],"replies":[{"embeddable":true,"href":"https:\/\/agenciainfra.com\/blog\/wp-json\/wp\/v2\/comments?post=20129"}],"version-history":[{"count":1,"href":"https:\/\/agenciainfra.com\/blog\/wp-json\/wp\/v2\/posts\/20129\/revisions"}],"predecessor-version":[{"id":20130,"href":"https:\/\/agenciainfra.com\/blog\/wp-json\/wp\/v2\/posts\/20129\/revisions\/20130"}],"wp:featuredmedia":[{"embeddable":true,"href":"https:\/\/agenciainfra.com\/blog\/wp-json\/wp\/v2\/media\/5101"}],"wp:attachment":[{"href":"https:\/\/agenciainfra.com\/blog\/wp-json\/wp\/v2\/media?parent=20129"}],"wp:term":[{"taxonomy":"category","embeddable":true,"href":"https:\/\/agenciainfra.com\/blog\/wp-json\/wp\/v2\/categories?post=20129"},{"taxonomy":"post_tag","embeddable":true,"href":"https:\/\/agenciainfra.com\/blog\/wp-json\/wp\/v2\/tags?post=20129"}],"curies":[{"name":"wp","href":"https:\/\/api.w.org\/{rel}","templated":true}]}}