{"id":20142,"date":"2025-01-30T08:00:00","date_gmt":"2025-01-30T11:00:00","guid":{"rendered":"https:\/\/agenciainfra.com\/blog\/?p=20142"},"modified":"2025-02-03T06:08:29","modified_gmt":"2025-02-03T09:08:29","slug":"juiza-mantem-prazo-maior-para-venda-da-amazonas-energia-e-condena-cigas-por-litigancia-de-ma-fe","status":"publish","type":"post","link":"https:\/\/agenciainfra.com\/blog\/juiza-mantem-prazo-maior-para-venda-da-amazonas-energia-e-condena-cigas-por-litigancia-de-ma-fe\/","title":{"rendered":"Ju\u00edza mant\u00e9m prazo maior para venda da Amazonas Energia e condena Cig\u00e1s por litig\u00e2ncia de m\u00e1-f\u00e9"},"content":{"rendered":"\n<p class=\"has-text-align-right\"><strong>Geraldo Campos\u00a0Jr. e Marisa Wanzeller, da Ag\u00eancia iNFRA<\/strong><\/p>\n\n\n\n<p>A ju\u00edza Jaiza Fraxe, da 1\u00aa Vara C\u00edvel da SJAM (Se\u00e7\u00e3o Judici\u00e1ria do Amazonas), <a href=\"https:\/\/mcusercontent.com\/d460dd1bcf9ba0ae040e1fc0f\/files\/25bbc4ac-a6e7-6840-856e-2e5a7349ca18\/1029198_63.2024.4.01.3200_2167638808.pdf\" target=\"_blank\" rel=\"noreferrer noopener\">negou recursos<\/a> da ANEEL (Ag\u00eancia Nacional de Energia El\u00e9trica) e da Cig\u00e1s (Companhia de G\u00e1s do Amazonas) contra a decis\u00e3o que prorrogou em 60 dias (desde&nbsp;31 de dezembro)&nbsp;o prazo para transfer\u00eancia de controle da Amazonas Energia para a \u00c2mbar, do Grupo J&amp;F, dos irm\u00e3os Joesley e Wesley Batista. Com isso, se mant\u00e9m o cronograma at\u00e9 o fim de fevereiro para a conclus\u00e3o do neg\u00f3cio.<\/p>\n\n\n\n<p>A magistrada ainda condenou a Cig\u00e1s, empresa que tem o empres\u00e1rio Carlos Suarez dentre os s\u00f3cios,&nbsp;a pagar multa por litig\u00e2ncia de m\u00e1-f\u00e9 por dizer n\u00e3o ter sido intimada acerca de decis\u00e3o judicial e por \u201ctumultuar\u201d o processo com \u201cpeticionamentos diversos&#8221;. O valor da multa ser\u00e1 fixado posteriormente, n\u00e3o ultrapassando 1% do valor da causa.<\/p>\n\n\n\n<p>\u201cA empresa Cig\u00e1s faltou deliberadamente com a verdade ao afirmar n\u00e3o haver sido regularmente intimada acerca da decis\u00e3o, estando a intima\u00e7\u00e3o devidamente registrada (&#8230;). Al\u00e9m disso, a empresa Cig\u00e1s vem tumultuando o feito atrav\u00e9s de peticionamentos diversos, apesar de n\u00e3o possuir legitimidade para tanto, o que, inclusive, j\u00e1 foi reconhecido pelo TRF1\u201d, escreveu a ju\u00edza.&nbsp;<\/p>\n\n\n\n<p>A ju\u00edza afirmou que foi reconhecida a ilegitimidade da Cig\u00e1s no processo pelo presidente do TRF-1 (Tribunal Regional Federal da 1\u00aa Regi\u00e3o), desembargador federal Jo\u00e3o Batista Moreira, e que por isso suas peti\u00e7\u00f5es n\u00e3o ser\u00e3o mais apreciadas pelo ju\u00edzo, \u201cexceto se demonstrar leg\u00edtimo interesse superveniente\u201d. Orientou que, se a empresa discordar do entendimento, deve recorrer \u00e0s inst\u00e2ncias superiores.<\/p>\n\n\n\n<p><strong>Flexibiliza\u00e7\u00f5es<\/strong><br>A decis\u00e3o proferida na noite de ter\u00e7a-feira (28) tamb\u00e9m determinou que a ANEEL libere para a Amazonas Energia novos repasses referentes \u00e0s flexibiliza\u00e7\u00f5es operacionais previstas no termo aditivo do contrato de concess\u00e3o, que s\u00e3o reembolsadas pela CCC (Conta de Consumo de Combust\u00edveis).&nbsp;<\/p>\n\n\n\n<p>A magistrada mandou que sejam pagas as parcelas de flexibiliza\u00e7\u00f5es referentes aos meses de novembro e de dezembro de 2024, em prazo de at\u00e9 dez dias, bem como aquelas que vencerem durante o per\u00edodo de prorroga\u00e7\u00e3o do prazo do aditivo contratual, ou seja, janeiro e fevereiro de 2025.&nbsp;<\/p>\n\n\n\n<p>Jaiza Fraxe afirmou ainda que \u201ceventuais descontinuidades da presta\u00e7\u00e3o do servi\u00e7o p\u00fablico de energia el\u00e9trica ser\u00e3o atribu\u00eddas \u00e0 ag\u00eancia e seus respons\u00e1veis\u201d. De acordo com a ju\u00edza, sem os repasses, a Amazonas Energia \u201cn\u00e3o ter\u00e1 condi\u00e7\u00f5es financeiras de manter h\u00edgida a presta\u00e7\u00e3o do servi\u00e7o\u201d.<\/p>\n\n\n\n<p><strong>Prorroga\u00e7\u00e3o do prazo<\/strong><br>A Cig\u00e1s e a ANEEL tinham pleiteado \u00e0 Justi\u00e7a do Amazonas a reconsidera\u00e7\u00e3o da decis\u00e3o de 18 de dezembro de 2024 que determinou que a reguladora prorrogasse em 60 dias o prazo que se encerraria em 31 de dezembro para conclus\u00e3o da transfer\u00eancia de controle da distribuidora para a \u00c2mbar.<\/p>\n\n\n\n<p>Na ocasi\u00e3o, a magistrada entendeu que se fazia necess\u00e1ria a extens\u00e3o do prazo para conclus\u00e3o de tr\u00e2mites burocr\u00e1ticos para a transfer\u00eancia que dependem de terceiros, como a obten\u00e7\u00e3o do aval do Cade (Conselho Administrativo de Defesa Econ\u00f4mica) e aprova\u00e7\u00e3o na Junta Comercial.<\/p>\n\n\n\n<p>Apesar de ter recorrido da decis\u00e3o, a ANEEL cumpriu a determina\u00e7\u00e3o da Justi\u00e7a e aprovou, sub judice, a prorroga\u00e7\u00e3o por 60 dias do prazo para conclus\u00e3o do neg\u00f3cio, conforme despacho da diretora Agnes Costa, publicado em 24 de dezembro no DOU (Di\u00e1rio Oficial da Uni\u00e3o), quando ela ocupava a diretoria-geral interinamente.<\/p>\n\n\n\n<p><strong>Processo na ANEEL<\/strong><br>O diretor-geral da ANEEL, Sandoval Feitosa, informou \u00e0 imprensa que a ag\u00eancia ainda dever\u00e1 apreciar um agravo interposto pela \u00c2mbar Energia em novembro de 2024 contra despachos que extinguiram os processos sobre a transfer\u00eancia da Amazonas Energia e a convers\u00e3o dos contratos das t\u00e9rmicas no Norte.<\/p>\n\n\n\n<p>Nos despachos, Feitosa concluiu que os objetos das decis\u00f5es tornaram-se prejudicados por &#8220;fato superveniente&#8221;, com a perda de efic\u00e1cia da MP (Medida Provis\u00f3ria) 1.232\/2024, que viabilizava as opera\u00e7\u00f5es.<\/p>\n","protected":false},"excerpt":{"rendered":"<p>Geraldo Campos\u00a0Jr. e Marisa Wanzeller, da Ag\u00eancia iNFRA A ju\u00edza Jaiza Fraxe, da 1\u00aa Vara C\u00edvel da SJAM (Se\u00e7\u00e3o Judici\u00e1ria do Amazonas), negou recursos da ANEEL (Ag\u00eancia Nacional de Energia El\u00e9trica) e da Cig\u00e1s (Companhia de G\u00e1s do Amazonas) contra a decis\u00e3o que prorrogou em 60 dias (desde&nbsp;31 de dezembro)&nbsp;o prazo para transfer\u00eancia de controle [&hellip;]<\/p>\n","protected":false},"author":1,"featured_media":6714,"comment_status":"closed","ping_status":"closed","sticky":false,"template":"","format":"standard","meta":{"_monsterinsights_skip_tracking":false,"_monsterinsights_sitenote_active":false,"_monsterinsights_sitenote_note":"","_monsterinsights_sitenote_category":0,"footnotes":""},"categories":[7250,1,10],"tags":[144,5678,5481,11510,2026,7836,12200,9059,50,1229,3713,11594,12221,12220,11970,7366,12192,143,1154,11971,4766,11968],"class_list":["post-20142","post","type-post","status-publish","format-standard","has-post-thumbnail","hentry","category-destaque-lista","category-geral","category-infraenergia","tag-amazonas-energia","tag-ambar","tag-ambar-energia","tag-carlos-suarez","tag-cigas","tag-contratos-de-energia-de-reserva","tag-conversao-de-contratos","tag-decisao-liminar","tag-eletrobras","tag-eletronorte","tag-gas-canalizado","tag-geraldo-campos-jr","tag-jaiza-fraxe","tag-joao-batista-moreira","tag-joesley-e-wesley-batista","tag-marisa-wanzeller","tag-ney-bello","tag-petrobras","tag-termeletricas","tag-termeletricas-do-norte","tag-trf-1","tag-venda-da-amazonas-energia"],"yoast_head":"<!-- This site is optimized with the Yoast SEO Premium plugin v25.4 (Yoast SEO v26.0) - https:\/\/yoast.com\/wordpress\/plugins\/seo\/ -->\n<title>Ju\u00edza mant\u00e9m prazo maior para venda da Amazonas Energia e condena Cig\u00e1s por litig\u00e2ncia de m\u00e1-f\u00e9 - Ag\u00eancia iNFRA<\/title>\n<meta name=\"robots\" content=\"index, follow, max-snippet:-1, max-image-preview:large, max-video-preview:-1\" \/>\n<link rel=\"canonical\" href=\"https:\/\/agenciainfra.com\/blog\/juiza-mantem-prazo-maior-para-venda-da-amazonas-energia-e-condena-cigas-por-litigancia-de-ma-fe\/\" \/>\n<meta property=\"og:locale\" content=\"pt_BR\" \/>\n<meta property=\"og:type\" content=\"article\" \/>\n<meta property=\"og:title\" content=\"Ju\u00edza mant\u00e9m prazo maior para venda da Amazonas Energia e condena Cig\u00e1s por litig\u00e2ncia de m\u00e1-f\u00e9\" \/>\n<meta property=\"og:description\" content=\"Geraldo Campos\u00a0Jr. e Marisa Wanzeller, da Ag\u00eancia iNFRA A ju\u00edza Jaiza Fraxe, da 1\u00aa Vara C\u00edvel da SJAM (Se\u00e7\u00e3o Judici\u00e1ria do Amazonas), negou recursos da ANEEL (Ag\u00eancia Nacional de Energia El\u00e9trica) e da Cig\u00e1s (Companhia de G\u00e1s do Amazonas) contra a decis\u00e3o que prorrogou em 60 dias (desde&nbsp;31 de dezembro)&nbsp;o prazo para transfer\u00eancia de controle [&hellip;]\" \/>\n<meta property=\"og:url\" content=\"https:\/\/agenciainfra.com\/blog\/juiza-mantem-prazo-maior-para-venda-da-amazonas-energia-e-condena-cigas-por-litigancia-de-ma-fe\/\" \/>\n<meta property=\"og:site_name\" content=\"Ag\u00eancia iNFRA\" \/>\n<meta property=\"article:publisher\" content=\"https:\/\/www.facebook.com\/ageninfra\" \/>\n<meta property=\"article:published_time\" content=\"2025-01-30T11:00:00+00:00\" \/>\n<meta property=\"article:modified_time\" content=\"2025-02-03T09:08:29+00:00\" \/>\n<meta property=\"og:image\" content=\"https:\/\/agenciainfra.com\/blog\/wp-content\/uploads\/2021\/01\/amazonas-energia-foto-divulgacao-redes-sociais.jpg\" \/>\n\t<meta property=\"og:image:width\" content=\"1280\" \/>\n\t<meta property=\"og:image:height\" content=\"855\" \/>\n\t<meta property=\"og:image:type\" content=\"image\/jpeg\" \/>\n<meta name=\"author\" content=\"Ag\u00eancia iNFRA\" \/>\n<meta name=\"twitter:card\" content=\"summary_large_image\" \/>\n<meta name=\"twitter:creator\" content=\"@agencia_infra\" \/>\n<meta name=\"twitter:site\" content=\"@agencia_infra\" \/>\n<meta name=\"twitter:label1\" content=\"Escrito por\" \/>\n\t<meta name=\"twitter:data1\" content=\"Ag\u00eancia iNFRA\" \/>\n\t<meta name=\"twitter:label2\" content=\"Est. tempo de leitura\" \/>\n\t<meta name=\"twitter:data2\" content=\"4 minutos\" \/>\n<script type=\"application\/ld+json\" class=\"yoast-schema-graph\">{\"@context\":\"https:\/\/schema.org\",\"@graph\":[{\"@type\":\"Article\",\"@id\":\"https:\/\/agenciainfra.com\/blog\/juiza-mantem-prazo-maior-para-venda-da-amazonas-energia-e-condena-cigas-por-litigancia-de-ma-fe\/#article\",\"isPartOf\":{\"@id\":\"https:\/\/agenciainfra.com\/blog\/juiza-mantem-prazo-maior-para-venda-da-amazonas-energia-e-condena-cigas-por-litigancia-de-ma-fe\/\"},\"author\":{\"name\":\"Ag\u00eancia iNFRA\",\"@id\":\"https:\/\/agenciainfra.com\/blog\/#\/schema\/person\/34af08dff6adea4cb22b06612ba7acfa\"},\"headline\":\"Ju\u00edza mant\u00e9m prazo maior para venda da Amazonas Energia e condena Cig\u00e1s por litig\u00e2ncia de m\u00e1-f\u00e9\",\"datePublished\":\"2025-01-30T11:00:00+00:00\",\"dateModified\":\"2025-02-03T09:08:29+00:00\",\"mainEntityOfPage\":{\"@id\":\"https:\/\/agenciainfra.com\/blog\/juiza-mantem-prazo-maior-para-venda-da-amazonas-energia-e-condena-cigas-por-litigancia-de-ma-fe\/\"},\"wordCount\":724,\"publisher\":{\"@id\":\"https:\/\/agenciainfra.com\/blog\/#organization\"},\"image\":{\"@id\":\"https:\/\/agenciainfra.com\/blog\/juiza-mantem-prazo-maior-para-venda-da-amazonas-energia-e-condena-cigas-por-litigancia-de-ma-fe\/#primaryimage\"},\"thumbnailUrl\":\"https:\/\/agenciainfra.com\/blog\/wp-content\/uploads\/2021\/01\/amazonas-energia-foto-divulgacao-redes-sociais.jpg\",\"keywords\":[\"Amazonas Energia\",\"\u00c2mbar\",\"\u00c2mbar Energia\",\"Carlos Suarez\",\"Cig\u00e1s\",\"Contratos de Energia de Reserva\",\"convers\u00e3o de contratos\",\"Decis\u00e3o liminar\",\"Eletrobras\",\"Eletronorte\",\"g\u00e1s canalizado\",\"Geraldo Campos Jr.\",\"Jaiza Fraxe\",\"Jo\u00e3o Batista Moreira\",\"Joesley e Wesley Batista\",\"Marisa Wanzeller\",\"Ney Bello\",\"Petrobras\",\"termel\u00e9tricas\",\"termel\u00e9tricas do Norte\",\"TRF-1\",\"Venda da Amazonas Energia\"],\"articleSection\":[\"Destaque lista\",\"Geral\",\"iNFRAEnergia\"],\"inLanguage\":\"pt-BR\",\"copyrightYear\":\"2025\",\"copyrightHolder\":{\"@id\":\"https:\/\/agenciainfra.com\/blog\/#organization\"}},{\"@type\":\"WebPage\",\"@id\":\"https:\/\/agenciainfra.com\/blog\/juiza-mantem-prazo-maior-para-venda-da-amazonas-energia-e-condena-cigas-por-litigancia-de-ma-fe\/\",\"url\":\"https:\/\/agenciainfra.com\/blog\/juiza-mantem-prazo-maior-para-venda-da-amazonas-energia-e-condena-cigas-por-litigancia-de-ma-fe\/\",\"name\":\"Ju\u00edza mant\u00e9m prazo maior para venda da Amazonas Energia e condena Cig\u00e1s por litig\u00e2ncia de m\u00e1-f\u00e9 - Ag\u00eancia iNFRA\",\"isPartOf\":{\"@id\":\"https:\/\/agenciainfra.com\/blog\/#website\"},\"primaryImageOfPage\":{\"@id\":\"https:\/\/agenciainfra.com\/blog\/juiza-mantem-prazo-maior-para-venda-da-amazonas-energia-e-condena-cigas-por-litigancia-de-ma-fe\/#primaryimage\"},\"image\":{\"@id\":\"https:\/\/agenciainfra.com\/blog\/juiza-mantem-prazo-maior-para-venda-da-amazonas-energia-e-condena-cigas-por-litigancia-de-ma-fe\/#primaryimage\"},\"thumbnailUrl\":\"https:\/\/agenciainfra.com\/blog\/wp-content\/uploads\/2021\/01\/amazonas-energia-foto-divulgacao-redes-sociais.jpg\",\"datePublished\":\"2025-01-30T11:00:00+00:00\",\"dateModified\":\"2025-02-03T09:08:29+00:00\",\"breadcrumb\":{\"@id\":\"https:\/\/agenciainfra.com\/blog\/juiza-mantem-prazo-maior-para-venda-da-amazonas-energia-e-condena-cigas-por-litigancia-de-ma-fe\/#breadcrumb\"},\"inLanguage\":\"pt-BR\",\"potentialAction\":[{\"@type\":\"ReadAction\",\"target\":[\"https:\/\/agenciainfra.com\/blog\/juiza-mantem-prazo-maior-para-venda-da-amazonas-energia-e-condena-cigas-por-litigancia-de-ma-fe\/\"]}]},{\"@type\":\"ImageObject\",\"inLanguage\":\"pt-BR\",\"@id\":\"https:\/\/agenciainfra.com\/blog\/juiza-mantem-prazo-maior-para-venda-da-amazonas-energia-e-condena-cigas-por-litigancia-de-ma-fe\/#primaryimage\",\"url\":\"https:\/\/agenciainfra.com\/blog\/wp-content\/uploads\/2021\/01\/amazonas-energia-foto-divulgacao-redes-sociais.jpg\",\"contentUrl\":\"https:\/\/agenciainfra.com\/blog\/wp-content\/uploads\/2021\/01\/amazonas-energia-foto-divulgacao-redes-sociais.jpg\",\"width\":1280,\"height\":855,\"caption\":\"Foto: Divulga\u00e7\u00e3o\/Amazonas Energia\"},{\"@type\":\"BreadcrumbList\",\"@id\":\"https:\/\/agenciainfra.com\/blog\/juiza-mantem-prazo-maior-para-venda-da-amazonas-energia-e-condena-cigas-por-litigancia-de-ma-fe\/#breadcrumb\",\"itemListElement\":[{\"@type\":\"ListItem\",\"position\":1,\"name\":\"In\u00edcio\",\"item\":\"https:\/\/agenciainfra.com\/blog\/\"},{\"@type\":\"ListItem\",\"position\":2,\"name\":\"Ju\u00edza mant\u00e9m prazo maior para venda da Amazonas Energia e condena Cig\u00e1s por litig\u00e2ncia de m\u00e1-f\u00e9\"}]},{\"@type\":\"WebSite\",\"@id\":\"https:\/\/agenciainfra.com\/blog\/#website\",\"url\":\"https:\/\/agenciainfra.com\/blog\/\",\"name\":\"Ag\u00eancia iNFRA\",\"description\":\"Multiplataforma de informa\u00e7\u00e3o jornal\u00edstica refer\u00eancia na \u00e1rea de infraestrutura no Brasil!\",\"publisher\":{\"@id\":\"https:\/\/agenciainfra.com\/blog\/#organization\"},\"potentialAction\":[{\"@type\":\"SearchAction\",\"target\":{\"@type\":\"EntryPoint\",\"urlTemplate\":\"https:\/\/agenciainfra.com\/blog\/?s={search_term_string}\"},\"query-input\":{\"@type\":\"PropertyValueSpecification\",\"valueRequired\":true,\"valueName\":\"search_term_string\"}}],\"inLanguage\":\"pt-BR\"},{\"@type\":\"Organization\",\"@id\":\"https:\/\/agenciainfra.com\/blog\/#organization\",\"name\":\"Ag\u00eancia iNFRA\",\"url\":\"https:\/\/agenciainfra.com\/blog\/\",\"logo\":{\"@type\":\"ImageObject\",\"inLanguage\":\"pt-BR\",\"@id\":\"https:\/\/agenciainfra.com\/blog\/#\/schema\/logo\/image\/\",\"url\":\"https:\/\/agenciainfra.com\/blog\/wp-content\/uploads\/2023\/09\/iNFRA_5-e1761735885940.png\",\"contentUrl\":\"https:\/\/agenciainfra.com\/blog\/wp-content\/uploads\/2023\/09\/iNFRA_5-e1761735885940.png\",\"width\":1672,\"height\":454,\"caption\":\"Ag\u00eancia iNFRA\"},\"image\":{\"@id\":\"https:\/\/agenciainfra.com\/blog\/#\/schema\/logo\/image\/\"},\"sameAs\":[\"https:\/\/www.facebook.com\/ageninfra\",\"https:\/\/x.com\/agencia_infra\",\"https:\/\/www.linkedin.com\/company\/ag\u00eanciainfra\/\",\"https:\/\/www.instagram.com\/agenciainfra\/\"]},{\"@type\":\"Person\",\"@id\":\"https:\/\/agenciainfra.com\/blog\/#\/schema\/person\/34af08dff6adea4cb22b06612ba7acfa\",\"name\":\"Ag\u00eancia iNFRA\",\"image\":{\"@type\":\"ImageObject\",\"inLanguage\":\"pt-BR\",\"@id\":\"https:\/\/agenciainfra.com\/blog\/#\/schema\/person\/image\/\",\"url\":\"https:\/\/secure.gravatar.com\/avatar\/d189e01678f06d8eb84d4e01f08eb848b3fffe3f8443818d3c356c66892f5be8?s=96&d=mm&r=g\",\"contentUrl\":\"https:\/\/secure.gravatar.com\/avatar\/d189e01678f06d8eb84d4e01f08eb848b3fffe3f8443818d3c356c66892f5be8?s=96&d=mm&r=g\",\"caption\":\"Ag\u00eancia iNFRA\"},\"url\":\"https:\/\/agenciainfra.com\/blog\/author\/admin\/\"}]}<\/script>\n<!-- \/ Yoast SEO Premium plugin. -->","yoast_head_json":{"title":"Ju\u00edza mant\u00e9m prazo maior para venda da Amazonas Energia e condena Cig\u00e1s por litig\u00e2ncia de m\u00e1-f\u00e9 - Ag\u00eancia iNFRA","robots":{"index":"index","follow":"follow","max-snippet":"max-snippet:-1","max-image-preview":"max-image-preview:large","max-video-preview":"max-video-preview:-1"},"canonical":"https:\/\/agenciainfra.com\/blog\/juiza-mantem-prazo-maior-para-venda-da-amazonas-energia-e-condena-cigas-por-litigancia-de-ma-fe\/","og_locale":"pt_BR","og_type":"article","og_title":"Ju\u00edza mant\u00e9m prazo maior para venda da Amazonas Energia e condena Cig\u00e1s por litig\u00e2ncia de m\u00e1-f\u00e9","og_description":"Geraldo Campos\u00a0Jr. e Marisa Wanzeller, da Ag\u00eancia iNFRA A ju\u00edza Jaiza Fraxe, da 1\u00aa Vara C\u00edvel da SJAM (Se\u00e7\u00e3o Judici\u00e1ria do Amazonas), negou recursos da ANEEL (Ag\u00eancia Nacional de Energia El\u00e9trica) e da Cig\u00e1s (Companhia de G\u00e1s do Amazonas) contra a decis\u00e3o que prorrogou em 60 dias (desde&nbsp;31 de dezembro)&nbsp;o prazo para transfer\u00eancia de controle [&hellip;]","og_url":"https:\/\/agenciainfra.com\/blog\/juiza-mantem-prazo-maior-para-venda-da-amazonas-energia-e-condena-cigas-por-litigancia-de-ma-fe\/","og_site_name":"Ag\u00eancia iNFRA","article_publisher":"https:\/\/www.facebook.com\/ageninfra","article_published_time":"2025-01-30T11:00:00+00:00","article_modified_time":"2025-02-03T09:08:29+00:00","og_image":[{"width":1280,"height":855,"url":"https:\/\/agenciainfra.com\/blog\/wp-content\/uploads\/2021\/01\/amazonas-energia-foto-divulgacao-redes-sociais.jpg","type":"image\/jpeg"}],"author":"Ag\u00eancia iNFRA","twitter_card":"summary_large_image","twitter_creator":"@agencia_infra","twitter_site":"@agencia_infra","twitter_misc":{"Escrito por":"Ag\u00eancia iNFRA","Est. tempo de leitura":"4 minutos"},"schema":{"@context":"https:\/\/schema.org","@graph":[{"@type":"Article","@id":"https:\/\/agenciainfra.com\/blog\/juiza-mantem-prazo-maior-para-venda-da-amazonas-energia-e-condena-cigas-por-litigancia-de-ma-fe\/#article","isPartOf":{"@id":"https:\/\/agenciainfra.com\/blog\/juiza-mantem-prazo-maior-para-venda-da-amazonas-energia-e-condena-cigas-por-litigancia-de-ma-fe\/"},"author":{"name":"Ag\u00eancia iNFRA","@id":"https:\/\/agenciainfra.com\/blog\/#\/schema\/person\/34af08dff6adea4cb22b06612ba7acfa"},"headline":"Ju\u00edza mant\u00e9m prazo maior para venda da Amazonas Energia e condena Cig\u00e1s por litig\u00e2ncia de m\u00e1-f\u00e9","datePublished":"2025-01-30T11:00:00+00:00","dateModified":"2025-02-03T09:08:29+00:00","mainEntityOfPage":{"@id":"https:\/\/agenciainfra.com\/blog\/juiza-mantem-prazo-maior-para-venda-da-amazonas-energia-e-condena-cigas-por-litigancia-de-ma-fe\/"},"wordCount":724,"publisher":{"@id":"https:\/\/agenciainfra.com\/blog\/#organization"},"image":{"@id":"https:\/\/agenciainfra.com\/blog\/juiza-mantem-prazo-maior-para-venda-da-amazonas-energia-e-condena-cigas-por-litigancia-de-ma-fe\/#primaryimage"},"thumbnailUrl":"https:\/\/agenciainfra.com\/blog\/wp-content\/uploads\/2021\/01\/amazonas-energia-foto-divulgacao-redes-sociais.jpg","keywords":["Amazonas Energia","\u00c2mbar","\u00c2mbar Energia","Carlos Suarez","Cig\u00e1s","Contratos de Energia de Reserva","convers\u00e3o de contratos","Decis\u00e3o liminar","Eletrobras","Eletronorte","g\u00e1s canalizado","Geraldo Campos Jr.","Jaiza Fraxe","Jo\u00e3o Batista Moreira","Joesley e Wesley Batista","Marisa Wanzeller","Ney Bello","Petrobras","termel\u00e9tricas","termel\u00e9tricas do Norte","TRF-1","Venda da Amazonas Energia"],"articleSection":["Destaque lista","Geral","iNFRAEnergia"],"inLanguage":"pt-BR","copyrightYear":"2025","copyrightHolder":{"@id":"https:\/\/agenciainfra.com\/blog\/#organization"}},{"@type":"WebPage","@id":"https:\/\/agenciainfra.com\/blog\/juiza-mantem-prazo-maior-para-venda-da-amazonas-energia-e-condena-cigas-por-litigancia-de-ma-fe\/","url":"https:\/\/agenciainfra.com\/blog\/juiza-mantem-prazo-maior-para-venda-da-amazonas-energia-e-condena-cigas-por-litigancia-de-ma-fe\/","name":"Ju\u00edza mant\u00e9m prazo maior para venda da Amazonas Energia e condena Cig\u00e1s por litig\u00e2ncia de m\u00e1-f\u00e9 - Ag\u00eancia iNFRA","isPartOf":{"@id":"https:\/\/agenciainfra.com\/blog\/#website"},"primaryImageOfPage":{"@id":"https:\/\/agenciainfra.com\/blog\/juiza-mantem-prazo-maior-para-venda-da-amazonas-energia-e-condena-cigas-por-litigancia-de-ma-fe\/#primaryimage"},"image":{"@id":"https:\/\/agenciainfra.com\/blog\/juiza-mantem-prazo-maior-para-venda-da-amazonas-energia-e-condena-cigas-por-litigancia-de-ma-fe\/#primaryimage"},"thumbnailUrl":"https:\/\/agenciainfra.com\/blog\/wp-content\/uploads\/2021\/01\/amazonas-energia-foto-divulgacao-redes-sociais.jpg","datePublished":"2025-01-30T11:00:00+00:00","dateModified":"2025-02-03T09:08:29+00:00","breadcrumb":{"@id":"https:\/\/agenciainfra.com\/blog\/juiza-mantem-prazo-maior-para-venda-da-amazonas-energia-e-condena-cigas-por-litigancia-de-ma-fe\/#breadcrumb"},"inLanguage":"pt-BR","potentialAction":[{"@type":"ReadAction","target":["https:\/\/agenciainfra.com\/blog\/juiza-mantem-prazo-maior-para-venda-da-amazonas-energia-e-condena-cigas-por-litigancia-de-ma-fe\/"]}]},{"@type":"ImageObject","inLanguage":"pt-BR","@id":"https:\/\/agenciainfra.com\/blog\/juiza-mantem-prazo-maior-para-venda-da-amazonas-energia-e-condena-cigas-por-litigancia-de-ma-fe\/#primaryimage","url":"https:\/\/agenciainfra.com\/blog\/wp-content\/uploads\/2021\/01\/amazonas-energia-foto-divulgacao-redes-sociais.jpg","contentUrl":"https:\/\/agenciainfra.com\/blog\/wp-content\/uploads\/2021\/01\/amazonas-energia-foto-divulgacao-redes-sociais.jpg","width":1280,"height":855,"caption":"Foto: Divulga\u00e7\u00e3o\/Amazonas Energia"},{"@type":"BreadcrumbList","@id":"https:\/\/agenciainfra.com\/blog\/juiza-mantem-prazo-maior-para-venda-da-amazonas-energia-e-condena-cigas-por-litigancia-de-ma-fe\/#breadcrumb","itemListElement":[{"@type":"ListItem","position":1,"name":"In\u00edcio","item":"https:\/\/agenciainfra.com\/blog\/"},{"@type":"ListItem","position":2,"name":"Ju\u00edza mant\u00e9m prazo maior para venda da Amazonas Energia e condena Cig\u00e1s por litig\u00e2ncia de m\u00e1-f\u00e9"}]},{"@type":"WebSite","@id":"https:\/\/agenciainfra.com\/blog\/#website","url":"https:\/\/agenciainfra.com\/blog\/","name":"Ag\u00eancia iNFRA","description":"Multiplataforma de informa\u00e7\u00e3o jornal\u00edstica refer\u00eancia na \u00e1rea de infraestrutura no Brasil!","publisher":{"@id":"https:\/\/agenciainfra.com\/blog\/#organization"},"potentialAction":[{"@type":"SearchAction","target":{"@type":"EntryPoint","urlTemplate":"https:\/\/agenciainfra.com\/blog\/?s={search_term_string}"},"query-input":{"@type":"PropertyValueSpecification","valueRequired":true,"valueName":"search_term_string"}}],"inLanguage":"pt-BR"},{"@type":"Organization","@id":"https:\/\/agenciainfra.com\/blog\/#organization","name":"Ag\u00eancia iNFRA","url":"https:\/\/agenciainfra.com\/blog\/","logo":{"@type":"ImageObject","inLanguage":"pt-BR","@id":"https:\/\/agenciainfra.com\/blog\/#\/schema\/logo\/image\/","url":"https:\/\/agenciainfra.com\/blog\/wp-content\/uploads\/2023\/09\/iNFRA_5-e1761735885940.png","contentUrl":"https:\/\/agenciainfra.com\/blog\/wp-content\/uploads\/2023\/09\/iNFRA_5-e1761735885940.png","width":1672,"height":454,"caption":"Ag\u00eancia iNFRA"},"image":{"@id":"https:\/\/agenciainfra.com\/blog\/#\/schema\/logo\/image\/"},"sameAs":["https:\/\/www.facebook.com\/ageninfra","https:\/\/x.com\/agencia_infra","https:\/\/www.linkedin.com\/company\/ag\u00eanciainfra\/","https:\/\/www.instagram.com\/agenciainfra\/"]},{"@type":"Person","@id":"https:\/\/agenciainfra.com\/blog\/#\/schema\/person\/34af08dff6adea4cb22b06612ba7acfa","name":"Ag\u00eancia iNFRA","image":{"@type":"ImageObject","inLanguage":"pt-BR","@id":"https:\/\/agenciainfra.com\/blog\/#\/schema\/person\/image\/","url":"https:\/\/secure.gravatar.com\/avatar\/d189e01678f06d8eb84d4e01f08eb848b3fffe3f8443818d3c356c66892f5be8?s=96&d=mm&r=g","contentUrl":"https:\/\/secure.gravatar.com\/avatar\/d189e01678f06d8eb84d4e01f08eb848b3fffe3f8443818d3c356c66892f5be8?s=96&d=mm&r=g","caption":"Ag\u00eancia iNFRA"},"url":"https:\/\/agenciainfra.com\/blog\/author\/admin\/"}]}},"_links":{"self":[{"href":"https:\/\/agenciainfra.com\/blog\/wp-json\/wp\/v2\/posts\/20142","targetHints":{"allow":["GET"]}}],"collection":[{"href":"https:\/\/agenciainfra.com\/blog\/wp-json\/wp\/v2\/posts"}],"about":[{"href":"https:\/\/agenciainfra.com\/blog\/wp-json\/wp\/v2\/types\/post"}],"author":[{"embeddable":true,"href":"https:\/\/agenciainfra.com\/blog\/wp-json\/wp\/v2\/users\/1"}],"replies":[{"embeddable":true,"href":"https:\/\/agenciainfra.com\/blog\/wp-json\/wp\/v2\/comments?post=20142"}],"version-history":[{"count":1,"href":"https:\/\/agenciainfra.com\/blog\/wp-json\/wp\/v2\/posts\/20142\/revisions"}],"predecessor-version":[{"id":20143,"href":"https:\/\/agenciainfra.com\/blog\/wp-json\/wp\/v2\/posts\/20142\/revisions\/20143"}],"wp:featuredmedia":[{"embeddable":true,"href":"https:\/\/agenciainfra.com\/blog\/wp-json\/wp\/v2\/media\/6714"}],"wp:attachment":[{"href":"https:\/\/agenciainfra.com\/blog\/wp-json\/wp\/v2\/media?parent=20142"}],"wp:term":[{"taxonomy":"category","embeddable":true,"href":"https:\/\/agenciainfra.com\/blog\/wp-json\/wp\/v2\/categories?post=20142"},{"taxonomy":"post_tag","embeddable":true,"href":"https:\/\/agenciainfra.com\/blog\/wp-json\/wp\/v2\/tags?post=20142"}],"curies":[{"name":"wp","href":"https:\/\/api.w.org\/{rel}","templated":true}]}}