{"id":2015,"date":"2018-07-02T00:10:36","date_gmt":"2018-07-02T03:10:36","guid":{"rendered":"http:\/\/www.agenciainfra.com\/blog\/?p=2015"},"modified":"2018-07-01T23:02:52","modified_gmt":"2018-07-02T02:02:52","slug":"tcu-decide-validar-com-restricoes-regras-contestadas-em-decreto-dos-portos","status":"publish","type":"post","link":"https:\/\/agenciainfra.com\/blog\/tcu-decide-validar-com-restricoes-regras-contestadas-em-decreto-dos-portos\/","title":{"rendered":"TCU decide validar, com restri\u00e7\u00f5es, regras contestadas em Decreto dos Portos"},"content":{"rendered":"<p>&nbsp;<\/p>\n<div>\n<div style=\"text-align: right;\"><strong>Dimmi Amora, da Ag\u00eancia iNFRA<\/strong><\/div>\n<p>O plen\u00e1rio do TCU (Tribunal de Contas da Uni\u00e3o) decidiu, na ter\u00e7a-feira (26), validar dois dos tr\u00eas pontos que estavam sendo contestados do Decreto 9.048\/2017, o chamado Decreto de Portos. Os ministros, no entanto, impuseram mais de duas dezenas de\u00a0restri\u00e7\u00f5es. Foram\u00a0validados os artigos do texto que permitem que terminais fa\u00e7am obras fora da \u00e1rea do arrendamento e que possam trocar de \u00e1rea dentro do porto.<\/p>\n<p>No caso da extens\u00e3o de prazo para at\u00e9 70 anos para contratos licitados entre 1993 e 2017, outro ponto contestado, o ministro Bruno Dantas, relator do processo, informou que os terminais ter\u00e3o que seguir a regra em que foram licitados e o que consta em contrato. Ou seja, uma \u00fanica prorroga\u00e7\u00e3o pelo mesmo tempo do contrato licitado. O decreto permitia que fossem feitas v\u00e1rias prorroga\u00e7\u00f5es consecutivas, que n\u00e3o ultrapassassem o prazo m\u00e1ximo de 70 anos.<\/p>\n<p>Venceu a tese dentro do TCU de que os contratos j\u00e1 licitados devem ser cumpridos, como forma de n\u00e3o criar uma restri\u00e7\u00e3o posterior ao car\u00e1ter competitivo da licita\u00e7\u00e3o com a extens\u00e3o de prazo, prejudicando poss\u00edveis competidores da \u00e9poca.<\/p>\n<p>Mas os ministros permitiram no ac\u00f3rd\u00e3o hip\u00f3teses de extens\u00e3o extraordin\u00e1ria do prazo\u00a0contratual\u00a0para al\u00e9m dos limites previstos, sem prazo definido,\u00a0contanto que sejam comprovados fatos supervenientes e a inviabilidade de outro instrumento de reequil\u00edbrio, entre outras restri\u00e7\u00f5es. O ac\u00f3rd\u00e3o est\u00e1 dispon\u00edvel\u00a0<a href=\"https:\/\/agenciainfra.us14.list-manage.com\/track\/click?u=d460dd1bcf9ba0ae040e1fc0f&amp;id=e44d989ae5&amp;e=0c440aab2b\" target=\"_blank\" rel=\"noopener\" data-saferedirecturl=\"https:\/\/www.google.com\/url?hl=pt-BR&amp;q=https:\/\/agenciainfra.us14.list-manage.com\/track\/click?u%3Dd460dd1bcf9ba0ae040e1fc0f%26id%3De44d989ae5%26e%3D0c440aab2b&amp;source=gmail&amp;ust=1530582985551000&amp;usg=AFQjCNEkAa63qJlP2UEra8BqguOPtdT5vg\">neste link<\/a>.<\/p>\n<p><strong>Debates<\/strong><br \/>\nOs debates no tribunal ocorreram desde a semana passada, quando a SeinfraFerroviasPortos terminou sua an\u00e1lise. A primeira vers\u00e3o do texto levado ao plen\u00e1rio por Dantas foi interpretada pelo ministro Benjamin Zymler como uma declara\u00e7\u00e3o, na pr\u00e1tica, de inconstitucionalidade do artigo que permite a extens\u00e3o de prazo at\u00e9 70 anos, inclusive para novos contratos.<\/p>\n<p>Dantas alterou seu texto no plen\u00e1rio. No novo formato, os ministros decidiram determinar ao Minist\u00e9rio dos Transportes, Portos e Avia\u00e7\u00e3o Civil que respeite os contratos j\u00e1 assinados e informar \u00e0 PGR (Procuradoria-Geral da Rep\u00fablica) sobre a possibilidade de inconstitucionalidade apenas desse artigo, para que os procuradores decidam se entram ou n\u00e3o com uma a\u00e7\u00e3o no STF (Supremo Tribunal Federal). A quest\u00e3o levantada \u00e9 se, por decreto, um governo pode estabelecer tempos de contrato, mesmo quando n\u00e3o h\u00e1 previs\u00e3o legal para isso.<\/p>\n<p><strong>Obras fora do arrendamento e troca de \u00e1rea<\/strong><br \/>\nNos outros dois pontos do decreto em an\u00e1lise pelo TCU, Dantas permitiu os investimentos das arrendat\u00e1rias em \u00e1reas comuns do porto, mas com condicionantes para que n\u00e3o se permitam obras que n\u00e3o beneficiem a atividade portu\u00e1ria. O or\u00e7amento tamb\u00e9m ter\u00e1 que ser autorizado previamente pelo governo. A tentativa do \u00f3rg\u00e3o, segundo Dantas, \u00e9 evitar que sejam feitos investimentos desnecess\u00e1rios ou caros apenas para beneficiar construtoras, citando o caso ocorrido nas concess\u00f5es aeroportu\u00e1rias.<\/p>\n<p>O plen\u00e1rio tamb\u00e9m permitiu a troca de \u00e1reas entre terminais dentro do porto, mesmo sem necessidade de nova lei, como pedia a \u00e1rea t\u00e9cnica do TCU. Para isso, ter\u00e3o que ser impostas restri\u00e7\u00f5es pelo governo, para evitar benef\u00edcios indevido \u00e0s empresas. Um dos impedimentos ser\u00e1 n\u00e3o permitir a troca pr\u00f3xima ao fim do contrato e todas as mudan\u00e7as ter\u00e3o que ser submetidas individualmente ao TCU para an\u00e1lise pr\u00e9via.<\/p>\n<p>O ministro Jos\u00e9 M\u00facio Monteiro, que fez a proposta para que o TCU analise todas\u00a0as propostas de mudan\u00e7a de \u00e1rea, afirmou que a tentativa do tribunal \u00e9 a de dar maior seguran\u00e7a para que os dispositivos do decreto possam ser aplicados sem despertar suspeitas de beneficiamento a empresas ou gestores.<\/p>\n<p>&#8220;Vivemos numa rep\u00fablica de suspeitos&#8221;, definiu o futuro presidente do Tribunal.<\/p>\n<p><strong>Libra e Rodrimar<\/strong><br \/>\nDurante a entrevista coletiva ap\u00f3s a decis\u00e3o, Bruno Dantas foi perguntado sobre os casos da Libra e da Rodrimar, empresas portu\u00e1rias no Porto de Santos (SP)\u00a0que est\u00e3o sendo investigadas no inqu\u00e9rito aberto ap\u00f3s o empres\u00e1rio Joesley Batista fazer\u00a0dela\u00e7\u00e3o informando ter repassado propina a um ex-assessor da Presid\u00eancia para que\u00a0empresas fossem beneficiadas no Decreto dos Portos. A presid\u00eancia nega benef\u00edcio.<\/p>\n<p>Dantas respondeu que o processo espec\u00edfico em que se analisava a validade do decreto n\u00e3o tinha a necessidade de tratar dessa quest\u00e3o e que, por isso, sequer foram pedidos compartilhamento de provas para o caso. Segundo ele, nos casos espec\u00edficos em an\u00e1lise de cada renova\u00e7\u00e3o, os ministros relatores podem pedir esses dados se entenderem pertinentes.<\/p>\n<p>No caso da Rodrimar, tanto o Minist\u00e9rio dos Transportes como\u00a0o TCU j\u00e1 decidiram que os contratos n\u00e3o ser\u00e3o renovados pois s\u00e3o anteriores a 1993. J\u00e1 para o caso da Libra, um pedido de prorroga\u00e7\u00e3o feito em 2015, ainda sob as regras do decreto anterior, o 8.033\/2015, foi vetado este ano pelo TCU, mas o processo ainda cabe recurso.<\/p>\n<p>O novo pedido da Libra, feito ao Minist\u00e9rio dos Transportes\u00a0ap\u00f3s o decreto de 2017, \u00e9 um dos 114 que est\u00e3o em an\u00e1lise pela pasta. Pelo menos 18 j\u00e1 foram vetados por n\u00e3o se enquadrarem nas normas.<\/p>\n<p>Os ministros do TCU aproveitaram o ac\u00f3rd\u00e3o\u00a0para tamb\u00e9m regular as prorroga\u00e7\u00f5es pelo decreto anterior, o 8.033\/2013. O texto atinge especialmente a Libra, j\u00e1 que o minist\u00e9rio ter\u00e1 que criar regras espec\u00edficas para impedir prorroga\u00e7\u00f5es de quem n\u00e3o cumpriu os investimentos previstos no primeiro per\u00edodo do contrato\u00a0&#8211;\u00a0o que foi o motivo para o TCU vetar a renova\u00e7\u00e3o da Libra.<\/p>\n<\/div>\n","protected":false},"excerpt":{"rendered":"<p>&nbsp; Dimmi Amora, da Ag\u00eancia iNFRA O plen\u00e1rio do TCU (Tribunal de Contas da Uni\u00e3o) decidiu, na ter\u00e7a-feira (26), validar dois dos tr\u00eas pontos que estavam sendo contestados do Decreto 9.048\/2017, o chamado Decreto de Portos. Os ministros, no entanto, impuseram mais de duas dezenas de\u00a0restri\u00e7\u00f5es. Foram\u00a0validados os artigos do texto que permitem que terminais [&hellip;]<\/p>\n","protected":false},"author":1,"featured_media":1436,"comment_status":"closed","ping_status":"open","sticky":false,"template":"","format":"standard","meta":{"_monsterinsights_skip_tracking":false,"_monsterinsights_sitenote_active":false,"_monsterinsights_sitenote_note":"","_monsterinsights_sitenote_category":0,"footnotes":""},"categories":[7],"tags":[396,222,259,397,18],"class_list":["post-2015","post","type-post","status-publish","format-standard","has-post-thumbnail","hentry","category-infratransporte","tag-bruno-dantas","tag-decreto-dos-portos","tag-libra","tag-rodrimar-stf","tag-tcu"],"yoast_head":"<!-- This site is optimized with the Yoast SEO Premium plugin v25.4 (Yoast SEO v26.0) - https:\/\/yoast.com\/wordpress\/plugins\/seo\/ -->\n<title>TCU decide validar, com restri\u00e7\u00f5es, regras contestadas em Decreto dos Portos - Ag\u00eancia iNFRA<\/title>\n<meta name=\"robots\" content=\"index, follow, max-snippet:-1, max-image-preview:large, max-video-preview:-1\" \/>\n<link rel=\"canonical\" href=\"https:\/\/agenciainfra.com\/blog\/tcu-decide-validar-com-restricoes-regras-contestadas-em-decreto-dos-portos\/\" \/>\n<meta property=\"og:locale\" content=\"pt_BR\" \/>\n<meta property=\"og:type\" content=\"article\" \/>\n<meta property=\"og:title\" content=\"TCU decide validar, com restri\u00e7\u00f5es, regras contestadas em Decreto dos Portos\" \/>\n<meta property=\"og:description\" content=\"&nbsp; Dimmi Amora, da Ag\u00eancia iNFRA O plen\u00e1rio do TCU (Tribunal de Contas da Uni\u00e3o) decidiu, na ter\u00e7a-feira (26), validar dois dos tr\u00eas pontos que estavam sendo contestados do Decreto 9.048\/2017, o chamado Decreto de Portos. Os ministros, no entanto, impuseram mais de duas dezenas de\u00a0restri\u00e7\u00f5es. Foram\u00a0validados os artigos do texto que permitem que terminais [&hellip;]\" \/>\n<meta property=\"og:url\" content=\"https:\/\/agenciainfra.com\/blog\/tcu-decide-validar-com-restricoes-regras-contestadas-em-decreto-dos-portos\/\" \/>\n<meta property=\"og:site_name\" content=\"Ag\u00eancia iNFRA\" \/>\n<meta property=\"article:publisher\" content=\"https:\/\/www.facebook.com\/ageninfra\" \/>\n<meta property=\"article:published_time\" content=\"2018-07-02T03:10:36+00:00\" \/>\n<meta property=\"og:image\" content=\"https:\/\/agenciainfra.com\/blog\/wp-content\/uploads\/2018\/04\/bruno_dantas_arquivo_pessoal.jpeg\" \/>\n\t<meta property=\"og:image:width\" content=\"1024\" \/>\n\t<meta property=\"og:image:height\" content=\"683\" \/>\n\t<meta property=\"og:image:type\" content=\"image\/jpeg\" \/>\n<meta name=\"author\" content=\"Ag\u00eancia iNFRA\" \/>\n<meta name=\"twitter:card\" content=\"summary_large_image\" \/>\n<meta name=\"twitter:creator\" content=\"@agencia_infra\" \/>\n<meta name=\"twitter:site\" content=\"@agencia_infra\" \/>\n<meta name=\"twitter:label1\" content=\"Escrito por\" \/>\n\t<meta name=\"twitter:data1\" content=\"Ag\u00eancia iNFRA\" \/>\n\t<meta name=\"twitter:label2\" content=\"Est. tempo de leitura\" \/>\n\t<meta name=\"twitter:data2\" content=\"5 minutos\" \/>\n<script type=\"application\/ld+json\" class=\"yoast-schema-graph\">{\"@context\":\"https:\/\/schema.org\",\"@graph\":[{\"@type\":\"Article\",\"@id\":\"https:\/\/agenciainfra.com\/blog\/tcu-decide-validar-com-restricoes-regras-contestadas-em-decreto-dos-portos\/#article\",\"isPartOf\":{\"@id\":\"https:\/\/agenciainfra.com\/blog\/tcu-decide-validar-com-restricoes-regras-contestadas-em-decreto-dos-portos\/\"},\"author\":{\"name\":\"Ag\u00eancia iNFRA\",\"@id\":\"https:\/\/agenciainfra.com\/blog\/#\/schema\/person\/34af08dff6adea4cb22b06612ba7acfa\"},\"headline\":\"TCU decide validar, com restri\u00e7\u00f5es, regras contestadas em Decreto dos Portos\",\"datePublished\":\"2018-07-02T03:10:36+00:00\",\"mainEntityOfPage\":{\"@id\":\"https:\/\/agenciainfra.com\/blog\/tcu-decide-validar-com-restricoes-regras-contestadas-em-decreto-dos-portos\/\"},\"wordCount\":955,\"publisher\":{\"@id\":\"https:\/\/agenciainfra.com\/blog\/#organization\"},\"image\":{\"@id\":\"https:\/\/agenciainfra.com\/blog\/tcu-decide-validar-com-restricoes-regras-contestadas-em-decreto-dos-portos\/#primaryimage\"},\"thumbnailUrl\":\"https:\/\/agenciainfra.com\/blog\/wp-content\/uploads\/2018\/04\/bruno_dantas_arquivo_pessoal.jpeg\",\"keywords\":[\"Bruno Dantas\",\"Decreto dos Portos\",\"Libra\",\"Rodrimar. STF\",\"TCU\"],\"articleSection\":[\"iNFRATransporte\"],\"inLanguage\":\"pt-BR\",\"copyrightYear\":\"2018\",\"copyrightHolder\":{\"@id\":\"https:\/\/agenciainfra.com\/blog\/#organization\"}},{\"@type\":\"WebPage\",\"@id\":\"https:\/\/agenciainfra.com\/blog\/tcu-decide-validar-com-restricoes-regras-contestadas-em-decreto-dos-portos\/\",\"url\":\"https:\/\/agenciainfra.com\/blog\/tcu-decide-validar-com-restricoes-regras-contestadas-em-decreto-dos-portos\/\",\"name\":\"TCU decide validar, com restri\u00e7\u00f5es, regras contestadas em Decreto dos Portos - Ag\u00eancia iNFRA\",\"isPartOf\":{\"@id\":\"https:\/\/agenciainfra.com\/blog\/#website\"},\"primaryImageOfPage\":{\"@id\":\"https:\/\/agenciainfra.com\/blog\/tcu-decide-validar-com-restricoes-regras-contestadas-em-decreto-dos-portos\/#primaryimage\"},\"image\":{\"@id\":\"https:\/\/agenciainfra.com\/blog\/tcu-decide-validar-com-restricoes-regras-contestadas-em-decreto-dos-portos\/#primaryimage\"},\"thumbnailUrl\":\"https:\/\/agenciainfra.com\/blog\/wp-content\/uploads\/2018\/04\/bruno_dantas_arquivo_pessoal.jpeg\",\"datePublished\":\"2018-07-02T03:10:36+00:00\",\"breadcrumb\":{\"@id\":\"https:\/\/agenciainfra.com\/blog\/tcu-decide-validar-com-restricoes-regras-contestadas-em-decreto-dos-portos\/#breadcrumb\"},\"inLanguage\":\"pt-BR\",\"potentialAction\":[{\"@type\":\"ReadAction\",\"target\":[\"https:\/\/agenciainfra.com\/blog\/tcu-decide-validar-com-restricoes-regras-contestadas-em-decreto-dos-portos\/\"]}]},{\"@type\":\"ImageObject\",\"inLanguage\":\"pt-BR\",\"@id\":\"https:\/\/agenciainfra.com\/blog\/tcu-decide-validar-com-restricoes-regras-contestadas-em-decreto-dos-portos\/#primaryimage\",\"url\":\"https:\/\/agenciainfra.com\/blog\/wp-content\/uploads\/2018\/04\/bruno_dantas_arquivo_pessoal.jpeg\",\"contentUrl\":\"https:\/\/agenciainfra.com\/blog\/wp-content\/uploads\/2018\/04\/bruno_dantas_arquivo_pessoal.jpeg\",\"width\":1024,\"height\":683},{\"@type\":\"BreadcrumbList\",\"@id\":\"https:\/\/agenciainfra.com\/blog\/tcu-decide-validar-com-restricoes-regras-contestadas-em-decreto-dos-portos\/#breadcrumb\",\"itemListElement\":[{\"@type\":\"ListItem\",\"position\":1,\"name\":\"In\u00edcio\",\"item\":\"https:\/\/agenciainfra.com\/blog\/\"},{\"@type\":\"ListItem\",\"position\":2,\"name\":\"TCU decide validar, com restri\u00e7\u00f5es, regras contestadas em Decreto dos Portos\"}]},{\"@type\":\"WebSite\",\"@id\":\"https:\/\/agenciainfra.com\/blog\/#website\",\"url\":\"https:\/\/agenciainfra.com\/blog\/\",\"name\":\"Ag\u00eancia iNFRA\",\"description\":\"Multiplataforma de informa\u00e7\u00e3o jornal\u00edstica refer\u00eancia na \u00e1rea de infraestrutura no Brasil!\",\"publisher\":{\"@id\":\"https:\/\/agenciainfra.com\/blog\/#organization\"},\"potentialAction\":[{\"@type\":\"SearchAction\",\"target\":{\"@type\":\"EntryPoint\",\"urlTemplate\":\"https:\/\/agenciainfra.com\/blog\/?s={search_term_string}\"},\"query-input\":{\"@type\":\"PropertyValueSpecification\",\"valueRequired\":true,\"valueName\":\"search_term_string\"}}],\"inLanguage\":\"pt-BR\"},{\"@type\":\"Organization\",\"@id\":\"https:\/\/agenciainfra.com\/blog\/#organization\",\"name\":\"Ag\u00eancia iNFRA\",\"url\":\"https:\/\/agenciainfra.com\/blog\/\",\"logo\":{\"@type\":\"ImageObject\",\"inLanguage\":\"pt-BR\",\"@id\":\"https:\/\/agenciainfra.com\/blog\/#\/schema\/logo\/image\/\",\"url\":\"https:\/\/agenciainfra.com\/blog\/wp-content\/uploads\/2023\/09\/iNFRA_5-e1761735885940.png\",\"contentUrl\":\"https:\/\/agenciainfra.com\/blog\/wp-content\/uploads\/2023\/09\/iNFRA_5-e1761735885940.png\",\"width\":1672,\"height\":454,\"caption\":\"Ag\u00eancia iNFRA\"},\"image\":{\"@id\":\"https:\/\/agenciainfra.com\/blog\/#\/schema\/logo\/image\/\"},\"sameAs\":[\"https:\/\/www.facebook.com\/ageninfra\",\"https:\/\/x.com\/agencia_infra\",\"https:\/\/www.linkedin.com\/company\/ag\u00eanciainfra\/\",\"https:\/\/www.instagram.com\/agenciainfra\/\"]},{\"@type\":\"Person\",\"@id\":\"https:\/\/agenciainfra.com\/blog\/#\/schema\/person\/34af08dff6adea4cb22b06612ba7acfa\",\"name\":\"Ag\u00eancia iNFRA\",\"image\":{\"@type\":\"ImageObject\",\"inLanguage\":\"pt-BR\",\"@id\":\"https:\/\/agenciainfra.com\/blog\/#\/schema\/person\/image\/\",\"url\":\"https:\/\/secure.gravatar.com\/avatar\/d189e01678f06d8eb84d4e01f08eb848b3fffe3f8443818d3c356c66892f5be8?s=96&d=mm&r=g\",\"contentUrl\":\"https:\/\/secure.gravatar.com\/avatar\/d189e01678f06d8eb84d4e01f08eb848b3fffe3f8443818d3c356c66892f5be8?s=96&d=mm&r=g\",\"caption\":\"Ag\u00eancia iNFRA\"},\"url\":\"https:\/\/agenciainfra.com\/blog\/author\/admin\/\"}]}<\/script>\n<!-- \/ Yoast SEO Premium plugin. -->","yoast_head_json":{"title":"TCU decide validar, com restri\u00e7\u00f5es, regras contestadas em Decreto dos Portos - Ag\u00eancia iNFRA","robots":{"index":"index","follow":"follow","max-snippet":"max-snippet:-1","max-image-preview":"max-image-preview:large","max-video-preview":"max-video-preview:-1"},"canonical":"https:\/\/agenciainfra.com\/blog\/tcu-decide-validar-com-restricoes-regras-contestadas-em-decreto-dos-portos\/","og_locale":"pt_BR","og_type":"article","og_title":"TCU decide validar, com restri\u00e7\u00f5es, regras contestadas em Decreto dos Portos","og_description":"&nbsp; Dimmi Amora, da Ag\u00eancia iNFRA O plen\u00e1rio do TCU (Tribunal de Contas da Uni\u00e3o) decidiu, na ter\u00e7a-feira (26), validar dois dos tr\u00eas pontos que estavam sendo contestados do Decreto 9.048\/2017, o chamado Decreto de Portos. Os ministros, no entanto, impuseram mais de duas dezenas de\u00a0restri\u00e7\u00f5es. Foram\u00a0validados os artigos do texto que permitem que terminais [&hellip;]","og_url":"https:\/\/agenciainfra.com\/blog\/tcu-decide-validar-com-restricoes-regras-contestadas-em-decreto-dos-portos\/","og_site_name":"Ag\u00eancia iNFRA","article_publisher":"https:\/\/www.facebook.com\/ageninfra","article_published_time":"2018-07-02T03:10:36+00:00","og_image":[{"width":1024,"height":683,"url":"https:\/\/agenciainfra.com\/blog\/wp-content\/uploads\/2018\/04\/bruno_dantas_arquivo_pessoal.jpeg","type":"image\/jpeg"}],"author":"Ag\u00eancia iNFRA","twitter_card":"summary_large_image","twitter_creator":"@agencia_infra","twitter_site":"@agencia_infra","twitter_misc":{"Escrito por":"Ag\u00eancia iNFRA","Est. tempo de leitura":"5 minutos"},"schema":{"@context":"https:\/\/schema.org","@graph":[{"@type":"Article","@id":"https:\/\/agenciainfra.com\/blog\/tcu-decide-validar-com-restricoes-regras-contestadas-em-decreto-dos-portos\/#article","isPartOf":{"@id":"https:\/\/agenciainfra.com\/blog\/tcu-decide-validar-com-restricoes-regras-contestadas-em-decreto-dos-portos\/"},"author":{"name":"Ag\u00eancia iNFRA","@id":"https:\/\/agenciainfra.com\/blog\/#\/schema\/person\/34af08dff6adea4cb22b06612ba7acfa"},"headline":"TCU decide validar, com restri\u00e7\u00f5es, regras contestadas em Decreto dos Portos","datePublished":"2018-07-02T03:10:36+00:00","mainEntityOfPage":{"@id":"https:\/\/agenciainfra.com\/blog\/tcu-decide-validar-com-restricoes-regras-contestadas-em-decreto-dos-portos\/"},"wordCount":955,"publisher":{"@id":"https:\/\/agenciainfra.com\/blog\/#organization"},"image":{"@id":"https:\/\/agenciainfra.com\/blog\/tcu-decide-validar-com-restricoes-regras-contestadas-em-decreto-dos-portos\/#primaryimage"},"thumbnailUrl":"https:\/\/agenciainfra.com\/blog\/wp-content\/uploads\/2018\/04\/bruno_dantas_arquivo_pessoal.jpeg","keywords":["Bruno Dantas","Decreto dos Portos","Libra","Rodrimar. STF","TCU"],"articleSection":["iNFRATransporte"],"inLanguage":"pt-BR","copyrightYear":"2018","copyrightHolder":{"@id":"https:\/\/agenciainfra.com\/blog\/#organization"}},{"@type":"WebPage","@id":"https:\/\/agenciainfra.com\/blog\/tcu-decide-validar-com-restricoes-regras-contestadas-em-decreto-dos-portos\/","url":"https:\/\/agenciainfra.com\/blog\/tcu-decide-validar-com-restricoes-regras-contestadas-em-decreto-dos-portos\/","name":"TCU decide validar, com restri\u00e7\u00f5es, regras contestadas em Decreto dos Portos - Ag\u00eancia iNFRA","isPartOf":{"@id":"https:\/\/agenciainfra.com\/blog\/#website"},"primaryImageOfPage":{"@id":"https:\/\/agenciainfra.com\/blog\/tcu-decide-validar-com-restricoes-regras-contestadas-em-decreto-dos-portos\/#primaryimage"},"image":{"@id":"https:\/\/agenciainfra.com\/blog\/tcu-decide-validar-com-restricoes-regras-contestadas-em-decreto-dos-portos\/#primaryimage"},"thumbnailUrl":"https:\/\/agenciainfra.com\/blog\/wp-content\/uploads\/2018\/04\/bruno_dantas_arquivo_pessoal.jpeg","datePublished":"2018-07-02T03:10:36+00:00","breadcrumb":{"@id":"https:\/\/agenciainfra.com\/blog\/tcu-decide-validar-com-restricoes-regras-contestadas-em-decreto-dos-portos\/#breadcrumb"},"inLanguage":"pt-BR","potentialAction":[{"@type":"ReadAction","target":["https:\/\/agenciainfra.com\/blog\/tcu-decide-validar-com-restricoes-regras-contestadas-em-decreto-dos-portos\/"]}]},{"@type":"ImageObject","inLanguage":"pt-BR","@id":"https:\/\/agenciainfra.com\/blog\/tcu-decide-validar-com-restricoes-regras-contestadas-em-decreto-dos-portos\/#primaryimage","url":"https:\/\/agenciainfra.com\/blog\/wp-content\/uploads\/2018\/04\/bruno_dantas_arquivo_pessoal.jpeg","contentUrl":"https:\/\/agenciainfra.com\/blog\/wp-content\/uploads\/2018\/04\/bruno_dantas_arquivo_pessoal.jpeg","width":1024,"height":683},{"@type":"BreadcrumbList","@id":"https:\/\/agenciainfra.com\/blog\/tcu-decide-validar-com-restricoes-regras-contestadas-em-decreto-dos-portos\/#breadcrumb","itemListElement":[{"@type":"ListItem","position":1,"name":"In\u00edcio","item":"https:\/\/agenciainfra.com\/blog\/"},{"@type":"ListItem","position":2,"name":"TCU decide validar, com restri\u00e7\u00f5es, regras contestadas em Decreto dos Portos"}]},{"@type":"WebSite","@id":"https:\/\/agenciainfra.com\/blog\/#website","url":"https:\/\/agenciainfra.com\/blog\/","name":"Ag\u00eancia iNFRA","description":"Multiplataforma de informa\u00e7\u00e3o jornal\u00edstica refer\u00eancia na \u00e1rea de infraestrutura no Brasil!","publisher":{"@id":"https:\/\/agenciainfra.com\/blog\/#organization"},"potentialAction":[{"@type":"SearchAction","target":{"@type":"EntryPoint","urlTemplate":"https:\/\/agenciainfra.com\/blog\/?s={search_term_string}"},"query-input":{"@type":"PropertyValueSpecification","valueRequired":true,"valueName":"search_term_string"}}],"inLanguage":"pt-BR"},{"@type":"Organization","@id":"https:\/\/agenciainfra.com\/blog\/#organization","name":"Ag\u00eancia iNFRA","url":"https:\/\/agenciainfra.com\/blog\/","logo":{"@type":"ImageObject","inLanguage":"pt-BR","@id":"https:\/\/agenciainfra.com\/blog\/#\/schema\/logo\/image\/","url":"https:\/\/agenciainfra.com\/blog\/wp-content\/uploads\/2023\/09\/iNFRA_5-e1761735885940.png","contentUrl":"https:\/\/agenciainfra.com\/blog\/wp-content\/uploads\/2023\/09\/iNFRA_5-e1761735885940.png","width":1672,"height":454,"caption":"Ag\u00eancia iNFRA"},"image":{"@id":"https:\/\/agenciainfra.com\/blog\/#\/schema\/logo\/image\/"},"sameAs":["https:\/\/www.facebook.com\/ageninfra","https:\/\/x.com\/agencia_infra","https:\/\/www.linkedin.com\/company\/ag\u00eanciainfra\/","https:\/\/www.instagram.com\/agenciainfra\/"]},{"@type":"Person","@id":"https:\/\/agenciainfra.com\/blog\/#\/schema\/person\/34af08dff6adea4cb22b06612ba7acfa","name":"Ag\u00eancia iNFRA","image":{"@type":"ImageObject","inLanguage":"pt-BR","@id":"https:\/\/agenciainfra.com\/blog\/#\/schema\/person\/image\/","url":"https:\/\/secure.gravatar.com\/avatar\/d189e01678f06d8eb84d4e01f08eb848b3fffe3f8443818d3c356c66892f5be8?s=96&d=mm&r=g","contentUrl":"https:\/\/secure.gravatar.com\/avatar\/d189e01678f06d8eb84d4e01f08eb848b3fffe3f8443818d3c356c66892f5be8?s=96&d=mm&r=g","caption":"Ag\u00eancia iNFRA"},"url":"https:\/\/agenciainfra.com\/blog\/author\/admin\/"}]}},"_links":{"self":[{"href":"https:\/\/agenciainfra.com\/blog\/wp-json\/wp\/v2\/posts\/2015","targetHints":{"allow":["GET"]}}],"collection":[{"href":"https:\/\/agenciainfra.com\/blog\/wp-json\/wp\/v2\/posts"}],"about":[{"href":"https:\/\/agenciainfra.com\/blog\/wp-json\/wp\/v2\/types\/post"}],"author":[{"embeddable":true,"href":"https:\/\/agenciainfra.com\/blog\/wp-json\/wp\/v2\/users\/1"}],"replies":[{"embeddable":true,"href":"https:\/\/agenciainfra.com\/blog\/wp-json\/wp\/v2\/comments?post=2015"}],"version-history":[{"count":0,"href":"https:\/\/agenciainfra.com\/blog\/wp-json\/wp\/v2\/posts\/2015\/revisions"}],"wp:featuredmedia":[{"embeddable":true,"href":"https:\/\/agenciainfra.com\/blog\/wp-json\/wp\/v2\/media\/1436"}],"wp:attachment":[{"href":"https:\/\/agenciainfra.com\/blog\/wp-json\/wp\/v2\/media?parent=2015"}],"wp:term":[{"taxonomy":"category","embeddable":true,"href":"https:\/\/agenciainfra.com\/blog\/wp-json\/wp\/v2\/categories?post=2015"},{"taxonomy":"post_tag","embeddable":true,"href":"https:\/\/agenciainfra.com\/blog\/wp-json\/wp\/v2\/tags?post=2015"}],"curies":[{"name":"wp","href":"https:\/\/api.w.org\/{rel}","templated":true}]}}