{"id":20159,"date":"2025-01-31T08:59:31","date_gmt":"2025-01-31T11:59:31","guid":{"rendered":"https:\/\/agenciainfra.com\/blog\/?p=20159"},"modified":"2025-01-31T08:59:33","modified_gmt":"2025-01-31T11:59:33","slug":"eduardo-ramalho-e-nomeado-procurador-geral-da-aneel-em-substituicao-a-raul-lisboa","status":"publish","type":"post","link":"https:\/\/agenciainfra.com\/blog\/eduardo-ramalho-e-nomeado-procurador-geral-da-aneel-em-substituicao-a-raul-lisboa\/","title":{"rendered":"Eduardo Ramalho \u00e9 nomeado procurador-geral da ANEEL, em substitui\u00e7\u00e3o a Raul Lisboa"},"content":{"rendered":"\n<p class=\"has-text-align-right\"><strong>da Ag\u00eancia iNFRA<\/strong><\/p>\n\n\n\n<p>O subprocurador-geral da ANEEL (Ag\u00eancia Nacional de Energia El\u00e9trica), Eduardo Estev\u00e3o Ramalho, foi nomeado novo procurador-geral da ag\u00eancia. A nomea\u00e7\u00e3o <a href=\"https:\/\/www.in.gov.br\/en\/web\/dou\/-\/portarias-de-30-de-janeiro-de-2025-610202288\">foi publicada<\/a> no DOU (Di\u00e1rio Oficial da Uni\u00e3o) de hoje (31).<\/p>\n\n\n\n<p>Ramalho ir\u00e1 ocupar vaga deixada por Raul Pereira Lisboa, exonerado hoje. Lisboa havia pedido pela exonera\u00e7\u00e3o na <a href=\"https:\/\/agenciainfra.com\/blog\/raul-lisboa-pede-exoneracao-da-procuradoria-geral-da-aneel-eduardo-estevao-e-cotado-a-vaga\/\">semana passada<\/a>, por raz\u00f5es pessoais.<\/p>\n","protected":false},"excerpt":{"rendered":"<p>da Ag\u00eancia iNFRA O subprocurador-geral da ANEEL (Ag\u00eancia Nacional de Energia El\u00e9trica), Eduardo Estev\u00e3o Ramalho, foi nomeado novo procurador-geral da ag\u00eancia. A nomea\u00e7\u00e3o foi publicada no DOU (Di\u00e1rio Oficial da Uni\u00e3o) de hoje (31). Ramalho ir\u00e1 ocupar vaga deixada por Raul Pereira Lisboa, exonerado hoje. Lisboa havia pedido pela exonera\u00e7\u00e3o na semana passada, por raz\u00f5es [&hellip;]<\/p>\n","protected":false},"author":1,"featured_media":20160,"comment_status":"closed","ping_status":"closed","sticky":false,"template":"","format":"standard","meta":{"_monsterinsights_skip_tracking":false,"_monsterinsights_sitenote_active":false,"_monsterinsights_sitenote_note":"","_monsterinsights_sitenote_category":0,"footnotes":""},"categories":[7250,1,10],"tags":[53,12328,12330,12417,12416],"class_list":["post-20159","post","type-post","status-publish","format-standard","has-post-thumbnail","hentry","category-destaque-lista","category-geral","category-infraenergia","tag-aneel","tag-eduardo-estevao-ramalho","tag-exoneracao","tag-procuradoria-geral-da-aneel","tag-raul-pereira-lisboa"],"yoast_head":"<!-- This site is optimized with the Yoast SEO Premium plugin v25.4 (Yoast SEO v26.0) - https:\/\/yoast.com\/wordpress\/plugins\/seo\/ -->\n<title>Eduardo Ramalho \u00e9 nomeado procurador-geral da ANEEL, em substitui\u00e7\u00e3o a Raul Lisboa - Ag\u00eancia iNFRA<\/title>\n<meta name=\"robots\" content=\"index, follow, max-snippet:-1, max-image-preview:large, max-video-preview:-1\" \/>\n<link rel=\"canonical\" href=\"https:\/\/agenciainfra.com\/blog\/eduardo-ramalho-e-nomeado-procurador-geral-da-aneel-em-substituicao-a-raul-lisboa\/\" \/>\n<meta property=\"og:locale\" content=\"pt_BR\" \/>\n<meta property=\"og:type\" content=\"article\" \/>\n<meta property=\"og:title\" content=\"Eduardo Ramalho \u00e9 nomeado procurador-geral da ANEEL, em substitui\u00e7\u00e3o a Raul Lisboa\" \/>\n<meta property=\"og:description\" content=\"da Ag\u00eancia iNFRA O subprocurador-geral da ANEEL (Ag\u00eancia Nacional de Energia El\u00e9trica), Eduardo Estev\u00e3o Ramalho, foi nomeado novo procurador-geral da ag\u00eancia. A nomea\u00e7\u00e3o foi publicada no DOU (Di\u00e1rio Oficial da Uni\u00e3o) de hoje (31). Ramalho ir\u00e1 ocupar vaga deixada por Raul Pereira Lisboa, exonerado hoje. Lisboa havia pedido pela exonera\u00e7\u00e3o na semana passada, por raz\u00f5es [&hellip;]\" \/>\n<meta property=\"og:url\" content=\"https:\/\/agenciainfra.com\/blog\/eduardo-ramalho-e-nomeado-procurador-geral-da-aneel-em-substituicao-a-raul-lisboa\/\" \/>\n<meta property=\"og:site_name\" content=\"Ag\u00eancia iNFRA\" \/>\n<meta property=\"article:publisher\" content=\"https:\/\/www.facebook.com\/ageninfra\" \/>\n<meta property=\"article:published_time\" content=\"2025-01-31T11:59:31+00:00\" \/>\n<meta property=\"article:modified_time\" content=\"2025-01-31T11:59:33+00:00\" \/>\n<meta property=\"og:image\" content=\"https:\/\/agenciainfra.com\/blog\/wp-content\/uploads\/2025\/01\/eduardo-ramalho-foto-aneel-1.png\" \/>\n\t<meta property=\"og:image:width\" content=\"1208\" \/>\n\t<meta property=\"og:image:height\" content=\"661\" \/>\n\t<meta property=\"og:image:type\" content=\"image\/png\" \/>\n<meta name=\"author\" content=\"Ag\u00eancia iNFRA\" \/>\n<meta name=\"twitter:card\" content=\"summary_large_image\" \/>\n<meta name=\"twitter:creator\" content=\"@agencia_infra\" \/>\n<meta name=\"twitter:site\" content=\"@agencia_infra\" \/>\n<meta name=\"twitter:label1\" content=\"Escrito por\" \/>\n\t<meta name=\"twitter:data1\" content=\"Ag\u00eancia iNFRA\" \/>\n<script type=\"application\/ld+json\" class=\"yoast-schema-graph\">{\"@context\":\"https:\/\/schema.org\",\"@graph\":[{\"@type\":\"Article\",\"@id\":\"https:\/\/agenciainfra.com\/blog\/eduardo-ramalho-e-nomeado-procurador-geral-da-aneel-em-substituicao-a-raul-lisboa\/#article\",\"isPartOf\":{\"@id\":\"https:\/\/agenciainfra.com\/blog\/eduardo-ramalho-e-nomeado-procurador-geral-da-aneel-em-substituicao-a-raul-lisboa\/\"},\"author\":{\"name\":\"Ag\u00eancia iNFRA\",\"@id\":\"https:\/\/agenciainfra.com\/blog\/#\/schema\/person\/34af08dff6adea4cb22b06612ba7acfa\"},\"headline\":\"Eduardo Ramalho \u00e9 nomeado procurador-geral da ANEEL, em substitui\u00e7\u00e3o a Raul Lisboa\",\"datePublished\":\"2025-01-31T11:59:31+00:00\",\"dateModified\":\"2025-01-31T11:59:33+00:00\",\"mainEntityOfPage\":{\"@id\":\"https:\/\/agenciainfra.com\/blog\/eduardo-ramalho-e-nomeado-procurador-geral-da-aneel-em-substituicao-a-raul-lisboa\/\"},\"wordCount\":77,\"publisher\":{\"@id\":\"https:\/\/agenciainfra.com\/blog\/#organization\"},\"image\":{\"@id\":\"https:\/\/agenciainfra.com\/blog\/eduardo-ramalho-e-nomeado-procurador-geral-da-aneel-em-substituicao-a-raul-lisboa\/#primaryimage\"},\"thumbnailUrl\":\"https:\/\/agenciainfra.com\/blog\/wp-content\/uploads\/2025\/01\/eduardo-ramalho-foto-aneel-1.png\",\"keywords\":[\"ANEEL\",\"Eduardo Estev\u00e3o Ramalho\",\"exonera\u00e7\u00e3o\",\"procuradoria-geral da ANEEL\",\"Raul Pereira Lisboa\"],\"articleSection\":[\"Destaque lista\",\"Geral\",\"iNFRAEnergia\"],\"inLanguage\":\"pt-BR\",\"copyrightYear\":\"2025\",\"copyrightHolder\":{\"@id\":\"https:\/\/agenciainfra.com\/blog\/#organization\"}},{\"@type\":\"WebPage\",\"@id\":\"https:\/\/agenciainfra.com\/blog\/eduardo-ramalho-e-nomeado-procurador-geral-da-aneel-em-substituicao-a-raul-lisboa\/\",\"url\":\"https:\/\/agenciainfra.com\/blog\/eduardo-ramalho-e-nomeado-procurador-geral-da-aneel-em-substituicao-a-raul-lisboa\/\",\"name\":\"Eduardo Ramalho \u00e9 nomeado procurador-geral da ANEEL, em substitui\u00e7\u00e3o a Raul Lisboa - Ag\u00eancia iNFRA\",\"isPartOf\":{\"@id\":\"https:\/\/agenciainfra.com\/blog\/#website\"},\"primaryImageOfPage\":{\"@id\":\"https:\/\/agenciainfra.com\/blog\/eduardo-ramalho-e-nomeado-procurador-geral-da-aneel-em-substituicao-a-raul-lisboa\/#primaryimage\"},\"image\":{\"@id\":\"https:\/\/agenciainfra.com\/blog\/eduardo-ramalho-e-nomeado-procurador-geral-da-aneel-em-substituicao-a-raul-lisboa\/#primaryimage\"},\"thumbnailUrl\":\"https:\/\/agenciainfra.com\/blog\/wp-content\/uploads\/2025\/01\/eduardo-ramalho-foto-aneel-1.png\",\"datePublished\":\"2025-01-31T11:59:31+00:00\",\"dateModified\":\"2025-01-31T11:59:33+00:00\",\"breadcrumb\":{\"@id\":\"https:\/\/agenciainfra.com\/blog\/eduardo-ramalho-e-nomeado-procurador-geral-da-aneel-em-substituicao-a-raul-lisboa\/#breadcrumb\"},\"inLanguage\":\"pt-BR\",\"potentialAction\":[{\"@type\":\"ReadAction\",\"target\":[\"https:\/\/agenciainfra.com\/blog\/eduardo-ramalho-e-nomeado-procurador-geral-da-aneel-em-substituicao-a-raul-lisboa\/\"]}]},{\"@type\":\"ImageObject\",\"inLanguage\":\"pt-BR\",\"@id\":\"https:\/\/agenciainfra.com\/blog\/eduardo-ramalho-e-nomeado-procurador-geral-da-aneel-em-substituicao-a-raul-lisboa\/#primaryimage\",\"url\":\"https:\/\/agenciainfra.com\/blog\/wp-content\/uploads\/2025\/01\/eduardo-ramalho-foto-aneel-1.png\",\"contentUrl\":\"https:\/\/agenciainfra.com\/blog\/wp-content\/uploads\/2025\/01\/eduardo-ramalho-foto-aneel-1.png\",\"width\":1208,\"height\":661},{\"@type\":\"BreadcrumbList\",\"@id\":\"https:\/\/agenciainfra.com\/blog\/eduardo-ramalho-e-nomeado-procurador-geral-da-aneel-em-substituicao-a-raul-lisboa\/#breadcrumb\",\"itemListElement\":[{\"@type\":\"ListItem\",\"position\":1,\"name\":\"In\u00edcio\",\"item\":\"https:\/\/agenciainfra.com\/blog\/\"},{\"@type\":\"ListItem\",\"position\":2,\"name\":\"Eduardo Ramalho \u00e9 nomeado procurador-geral da ANEEL, em substitui\u00e7\u00e3o a Raul Lisboa\"}]},{\"@type\":\"WebSite\",\"@id\":\"https:\/\/agenciainfra.com\/blog\/#website\",\"url\":\"https:\/\/agenciainfra.com\/blog\/\",\"name\":\"Ag\u00eancia iNFRA\",\"description\":\"Multiplataforma de informa\u00e7\u00e3o jornal\u00edstica refer\u00eancia na \u00e1rea de infraestrutura no Brasil!\",\"publisher\":{\"@id\":\"https:\/\/agenciainfra.com\/blog\/#organization\"},\"potentialAction\":[{\"@type\":\"SearchAction\",\"target\":{\"@type\":\"EntryPoint\",\"urlTemplate\":\"https:\/\/agenciainfra.com\/blog\/?s={search_term_string}\"},\"query-input\":{\"@type\":\"PropertyValueSpecification\",\"valueRequired\":true,\"valueName\":\"search_term_string\"}}],\"inLanguage\":\"pt-BR\"},{\"@type\":\"Organization\",\"@id\":\"https:\/\/agenciainfra.com\/blog\/#organization\",\"name\":\"Ag\u00eancia iNFRA\",\"url\":\"https:\/\/agenciainfra.com\/blog\/\",\"logo\":{\"@type\":\"ImageObject\",\"inLanguage\":\"pt-BR\",\"@id\":\"https:\/\/agenciainfra.com\/blog\/#\/schema\/logo\/image\/\",\"url\":\"https:\/\/agenciainfra.com\/blog\/wp-content\/uploads\/2023\/09\/iNFRA_5-e1761735885940.png\",\"contentUrl\":\"https:\/\/agenciainfra.com\/blog\/wp-content\/uploads\/2023\/09\/iNFRA_5-e1761735885940.png\",\"width\":1672,\"height\":454,\"caption\":\"Ag\u00eancia iNFRA\"},\"image\":{\"@id\":\"https:\/\/agenciainfra.com\/blog\/#\/schema\/logo\/image\/\"},\"sameAs\":[\"https:\/\/www.facebook.com\/ageninfra\",\"https:\/\/x.com\/agencia_infra\",\"https:\/\/www.linkedin.com\/company\/ag\u00eanciainfra\/\",\"https:\/\/www.instagram.com\/agenciainfra\/\"]},{\"@type\":\"Person\",\"@id\":\"https:\/\/agenciainfra.com\/blog\/#\/schema\/person\/34af08dff6adea4cb22b06612ba7acfa\",\"name\":\"Ag\u00eancia iNFRA\",\"image\":{\"@type\":\"ImageObject\",\"inLanguage\":\"pt-BR\",\"@id\":\"https:\/\/agenciainfra.com\/blog\/#\/schema\/person\/image\/\",\"url\":\"https:\/\/secure.gravatar.com\/avatar\/d189e01678f06d8eb84d4e01f08eb848b3fffe3f8443818d3c356c66892f5be8?s=96&d=mm&r=g\",\"contentUrl\":\"https:\/\/secure.gravatar.com\/avatar\/d189e01678f06d8eb84d4e01f08eb848b3fffe3f8443818d3c356c66892f5be8?s=96&d=mm&r=g\",\"caption\":\"Ag\u00eancia iNFRA\"},\"url\":\"https:\/\/agenciainfra.com\/blog\/author\/admin\/\"}]}<\/script>\n<!-- \/ Yoast SEO Premium plugin. -->","yoast_head_json":{"title":"Eduardo Ramalho \u00e9 nomeado procurador-geral da ANEEL, em substitui\u00e7\u00e3o a Raul Lisboa - Ag\u00eancia iNFRA","robots":{"index":"index","follow":"follow","max-snippet":"max-snippet:-1","max-image-preview":"max-image-preview:large","max-video-preview":"max-video-preview:-1"},"canonical":"https:\/\/agenciainfra.com\/blog\/eduardo-ramalho-e-nomeado-procurador-geral-da-aneel-em-substituicao-a-raul-lisboa\/","og_locale":"pt_BR","og_type":"article","og_title":"Eduardo Ramalho \u00e9 nomeado procurador-geral da ANEEL, em substitui\u00e7\u00e3o a Raul Lisboa","og_description":"da Ag\u00eancia iNFRA O subprocurador-geral da ANEEL (Ag\u00eancia Nacional de Energia El\u00e9trica), Eduardo Estev\u00e3o Ramalho, foi nomeado novo procurador-geral da ag\u00eancia. A nomea\u00e7\u00e3o foi publicada no DOU (Di\u00e1rio Oficial da Uni\u00e3o) de hoje (31). Ramalho ir\u00e1 ocupar vaga deixada por Raul Pereira Lisboa, exonerado hoje. Lisboa havia pedido pela exonera\u00e7\u00e3o na semana passada, por raz\u00f5es [&hellip;]","og_url":"https:\/\/agenciainfra.com\/blog\/eduardo-ramalho-e-nomeado-procurador-geral-da-aneel-em-substituicao-a-raul-lisboa\/","og_site_name":"Ag\u00eancia iNFRA","article_publisher":"https:\/\/www.facebook.com\/ageninfra","article_published_time":"2025-01-31T11:59:31+00:00","article_modified_time":"2025-01-31T11:59:33+00:00","og_image":[{"width":1208,"height":661,"url":"https:\/\/agenciainfra.com\/blog\/wp-content\/uploads\/2025\/01\/eduardo-ramalho-foto-aneel-1.png","type":"image\/png"}],"author":"Ag\u00eancia iNFRA","twitter_card":"summary_large_image","twitter_creator":"@agencia_infra","twitter_site":"@agencia_infra","twitter_misc":{"Escrito por":"Ag\u00eancia iNFRA"},"schema":{"@context":"https:\/\/schema.org","@graph":[{"@type":"Article","@id":"https:\/\/agenciainfra.com\/blog\/eduardo-ramalho-e-nomeado-procurador-geral-da-aneel-em-substituicao-a-raul-lisboa\/#article","isPartOf":{"@id":"https:\/\/agenciainfra.com\/blog\/eduardo-ramalho-e-nomeado-procurador-geral-da-aneel-em-substituicao-a-raul-lisboa\/"},"author":{"name":"Ag\u00eancia iNFRA","@id":"https:\/\/agenciainfra.com\/blog\/#\/schema\/person\/34af08dff6adea4cb22b06612ba7acfa"},"headline":"Eduardo Ramalho \u00e9 nomeado procurador-geral da ANEEL, em substitui\u00e7\u00e3o a Raul Lisboa","datePublished":"2025-01-31T11:59:31+00:00","dateModified":"2025-01-31T11:59:33+00:00","mainEntityOfPage":{"@id":"https:\/\/agenciainfra.com\/blog\/eduardo-ramalho-e-nomeado-procurador-geral-da-aneel-em-substituicao-a-raul-lisboa\/"},"wordCount":77,"publisher":{"@id":"https:\/\/agenciainfra.com\/blog\/#organization"},"image":{"@id":"https:\/\/agenciainfra.com\/blog\/eduardo-ramalho-e-nomeado-procurador-geral-da-aneel-em-substituicao-a-raul-lisboa\/#primaryimage"},"thumbnailUrl":"https:\/\/agenciainfra.com\/blog\/wp-content\/uploads\/2025\/01\/eduardo-ramalho-foto-aneel-1.png","keywords":["ANEEL","Eduardo Estev\u00e3o Ramalho","exonera\u00e7\u00e3o","procuradoria-geral da ANEEL","Raul Pereira Lisboa"],"articleSection":["Destaque lista","Geral","iNFRAEnergia"],"inLanguage":"pt-BR","copyrightYear":"2025","copyrightHolder":{"@id":"https:\/\/agenciainfra.com\/blog\/#organization"}},{"@type":"WebPage","@id":"https:\/\/agenciainfra.com\/blog\/eduardo-ramalho-e-nomeado-procurador-geral-da-aneel-em-substituicao-a-raul-lisboa\/","url":"https:\/\/agenciainfra.com\/blog\/eduardo-ramalho-e-nomeado-procurador-geral-da-aneel-em-substituicao-a-raul-lisboa\/","name":"Eduardo Ramalho \u00e9 nomeado procurador-geral da ANEEL, em substitui\u00e7\u00e3o a Raul Lisboa - Ag\u00eancia iNFRA","isPartOf":{"@id":"https:\/\/agenciainfra.com\/blog\/#website"},"primaryImageOfPage":{"@id":"https:\/\/agenciainfra.com\/blog\/eduardo-ramalho-e-nomeado-procurador-geral-da-aneel-em-substituicao-a-raul-lisboa\/#primaryimage"},"image":{"@id":"https:\/\/agenciainfra.com\/blog\/eduardo-ramalho-e-nomeado-procurador-geral-da-aneel-em-substituicao-a-raul-lisboa\/#primaryimage"},"thumbnailUrl":"https:\/\/agenciainfra.com\/blog\/wp-content\/uploads\/2025\/01\/eduardo-ramalho-foto-aneel-1.png","datePublished":"2025-01-31T11:59:31+00:00","dateModified":"2025-01-31T11:59:33+00:00","breadcrumb":{"@id":"https:\/\/agenciainfra.com\/blog\/eduardo-ramalho-e-nomeado-procurador-geral-da-aneel-em-substituicao-a-raul-lisboa\/#breadcrumb"},"inLanguage":"pt-BR","potentialAction":[{"@type":"ReadAction","target":["https:\/\/agenciainfra.com\/blog\/eduardo-ramalho-e-nomeado-procurador-geral-da-aneel-em-substituicao-a-raul-lisboa\/"]}]},{"@type":"ImageObject","inLanguage":"pt-BR","@id":"https:\/\/agenciainfra.com\/blog\/eduardo-ramalho-e-nomeado-procurador-geral-da-aneel-em-substituicao-a-raul-lisboa\/#primaryimage","url":"https:\/\/agenciainfra.com\/blog\/wp-content\/uploads\/2025\/01\/eduardo-ramalho-foto-aneel-1.png","contentUrl":"https:\/\/agenciainfra.com\/blog\/wp-content\/uploads\/2025\/01\/eduardo-ramalho-foto-aneel-1.png","width":1208,"height":661},{"@type":"BreadcrumbList","@id":"https:\/\/agenciainfra.com\/blog\/eduardo-ramalho-e-nomeado-procurador-geral-da-aneel-em-substituicao-a-raul-lisboa\/#breadcrumb","itemListElement":[{"@type":"ListItem","position":1,"name":"In\u00edcio","item":"https:\/\/agenciainfra.com\/blog\/"},{"@type":"ListItem","position":2,"name":"Eduardo Ramalho \u00e9 nomeado procurador-geral da ANEEL, em substitui\u00e7\u00e3o a Raul Lisboa"}]},{"@type":"WebSite","@id":"https:\/\/agenciainfra.com\/blog\/#website","url":"https:\/\/agenciainfra.com\/blog\/","name":"Ag\u00eancia iNFRA","description":"Multiplataforma de informa\u00e7\u00e3o jornal\u00edstica refer\u00eancia na \u00e1rea de infraestrutura no Brasil!","publisher":{"@id":"https:\/\/agenciainfra.com\/blog\/#organization"},"potentialAction":[{"@type":"SearchAction","target":{"@type":"EntryPoint","urlTemplate":"https:\/\/agenciainfra.com\/blog\/?s={search_term_string}"},"query-input":{"@type":"PropertyValueSpecification","valueRequired":true,"valueName":"search_term_string"}}],"inLanguage":"pt-BR"},{"@type":"Organization","@id":"https:\/\/agenciainfra.com\/blog\/#organization","name":"Ag\u00eancia iNFRA","url":"https:\/\/agenciainfra.com\/blog\/","logo":{"@type":"ImageObject","inLanguage":"pt-BR","@id":"https:\/\/agenciainfra.com\/blog\/#\/schema\/logo\/image\/","url":"https:\/\/agenciainfra.com\/blog\/wp-content\/uploads\/2023\/09\/iNFRA_5-e1761735885940.png","contentUrl":"https:\/\/agenciainfra.com\/blog\/wp-content\/uploads\/2023\/09\/iNFRA_5-e1761735885940.png","width":1672,"height":454,"caption":"Ag\u00eancia iNFRA"},"image":{"@id":"https:\/\/agenciainfra.com\/blog\/#\/schema\/logo\/image\/"},"sameAs":["https:\/\/www.facebook.com\/ageninfra","https:\/\/x.com\/agencia_infra","https:\/\/www.linkedin.com\/company\/ag\u00eanciainfra\/","https:\/\/www.instagram.com\/agenciainfra\/"]},{"@type":"Person","@id":"https:\/\/agenciainfra.com\/blog\/#\/schema\/person\/34af08dff6adea4cb22b06612ba7acfa","name":"Ag\u00eancia iNFRA","image":{"@type":"ImageObject","inLanguage":"pt-BR","@id":"https:\/\/agenciainfra.com\/blog\/#\/schema\/person\/image\/","url":"https:\/\/secure.gravatar.com\/avatar\/d189e01678f06d8eb84d4e01f08eb848b3fffe3f8443818d3c356c66892f5be8?s=96&d=mm&r=g","contentUrl":"https:\/\/secure.gravatar.com\/avatar\/d189e01678f06d8eb84d4e01f08eb848b3fffe3f8443818d3c356c66892f5be8?s=96&d=mm&r=g","caption":"Ag\u00eancia iNFRA"},"url":"https:\/\/agenciainfra.com\/blog\/author\/admin\/"}]}},"_links":{"self":[{"href":"https:\/\/agenciainfra.com\/blog\/wp-json\/wp\/v2\/posts\/20159","targetHints":{"allow":["GET"]}}],"collection":[{"href":"https:\/\/agenciainfra.com\/blog\/wp-json\/wp\/v2\/posts"}],"about":[{"href":"https:\/\/agenciainfra.com\/blog\/wp-json\/wp\/v2\/types\/post"}],"author":[{"embeddable":true,"href":"https:\/\/agenciainfra.com\/blog\/wp-json\/wp\/v2\/users\/1"}],"replies":[{"embeddable":true,"href":"https:\/\/agenciainfra.com\/blog\/wp-json\/wp\/v2\/comments?post=20159"}],"version-history":[{"count":1,"href":"https:\/\/agenciainfra.com\/blog\/wp-json\/wp\/v2\/posts\/20159\/revisions"}],"predecessor-version":[{"id":20161,"href":"https:\/\/agenciainfra.com\/blog\/wp-json\/wp\/v2\/posts\/20159\/revisions\/20161"}],"wp:featuredmedia":[{"embeddable":true,"href":"https:\/\/agenciainfra.com\/blog\/wp-json\/wp\/v2\/media\/20160"}],"wp:attachment":[{"href":"https:\/\/agenciainfra.com\/blog\/wp-json\/wp\/v2\/media?parent=20159"}],"wp:term":[{"taxonomy":"category","embeddable":true,"href":"https:\/\/agenciainfra.com\/blog\/wp-json\/wp\/v2\/categories?post=20159"},{"taxonomy":"post_tag","embeddable":true,"href":"https:\/\/agenciainfra.com\/blog\/wp-json\/wp\/v2\/tags?post=20159"}],"curies":[{"name":"wp","href":"https:\/\/api.w.org\/{rel}","templated":true}]}}