{"id":20179,"date":"2025-02-04T09:00:00","date_gmt":"2025-02-04T12:00:00","guid":{"rendered":"https:\/\/agenciainfra.com\/blog\/?p=20179"},"modified":"2025-10-01T19:09:36","modified_gmt":"2025-10-01T22:09:36","slug":"cnpe-decide-se-retoma-ou-nao-as-obras-de-angra-3-com-base-na-tarifa-da-usina","status":"publish","type":"post","link":"https:\/\/agenciainfra.com\/blog\/cnpe-decide-se-retoma-ou-nao-as-obras-de-angra-3-com-base-na-tarifa-da-usina\/","title":{"rendered":"CNPE decide se retoma ou n\u00e3o as obras de Angra 3 com base na tarifa da usina"},"content":{"rendered":"\n<p class=\"has-text-align-right\"><strong>Marisa Wanzeller e Geraldo Campos Jr., da Ag\u00eancia iNFRA<\/strong><\/p>\n\n\n\n<p>O CNPE (Conselho Nacional de Pol\u00edtica Energ\u00e9tica) deve decidir&nbsp;o pre\u00e7o da tarifa da usina nuclear de Angra 3&nbsp;em reuni\u00e3o extraordin\u00e1ria marcada para o dia 18 de fevereiro, segundo fontes. Na pr\u00e1tica, isso determinar\u00e1 se ser\u00e1 vi\u00e1vel ou n\u00e3o retomar as obras de conclus\u00e3o da usina nuclear.<\/p>\n\n\n\n<p>O entendimento no MME (Minist\u00e9rio de Minas e Energia) \u00e9 que a decis\u00e3o de dar continuidade \u00e0 usina j\u00e1 foi tomada pelo Congresso Nacional com a Lei 14.120, de 2019, disseram fontes \u00e0<strong> Ag\u00eancia iNFRA<\/strong>. Contudo, a defini\u00e7\u00e3o de um pre\u00e7o muito baixo pelo CNPE poderia inviabilizar o investimento bilion\u00e1rio necess\u00e1rio para que a usina entre em opera\u00e7\u00e3o.&nbsp;<\/p>\n\n\n\n<p>Na reuni\u00e3o, o CNPE votar\u00e1 uma proposta de outorga que inclui o cronograma de implanta\u00e7\u00e3o e a tarifa da usina. Caso o pre\u00e7o n\u00e3o viabilize o investimento, o conselho pode optar pela desmobiliza\u00e7\u00e3o do ativo, o que tamb\u00e9m teria custos bilion\u00e1rios. Al\u00e9m disso, deve ser indicada a&nbsp;fonte do&nbsp;investimento em qualquer uma das alternativas, o que pode incluir ou n\u00e3o a Eletrobras.<\/p>\n\n\n\n<p>Hoje a Eletrobras possui 35% da Eletronuclear,&nbsp;respons\u00e1vel pelas usinas nucleares brasileiras, mas tenta negociar com o governo termos para deixar a participa\u00e7\u00e3o acion\u00e1ria da companhia e ficar desobrigada do acordo de investimentos na usina. Atualmente, a lei de privatiza\u00e7\u00e3o da Eletrobras obriga a companhia a aportar recursos para garantir a continuidade de Angra 3 caso o governo queira.<\/p>\n\n\n\n<p><strong>Acordo com a Eletrobras<\/strong><br>A sa\u00edda da Eletrobras da estatal de energia nuclear est\u00e1 sendo negociada no \u00e2mbito da tentativa de solu\u00e7\u00e3o consensual com a Uni\u00e3o sobre a ADI (A\u00e7\u00e3o Direta de Inconstitucionalidade) 7.385, na qual o governo reivindica maior participa\u00e7\u00e3o nos conselhos da companhia. O STF (Supremo Tribunal Federal) concedeu prazo at\u00e9 16 de fevereiro para que as partes concluam as negocia\u00e7\u00f5es.&nbsp;<\/p>\n\n\n\n<p>Segundo fontes, a realiza\u00e7\u00e3o do acordo no prazo atual \u00e9 vi\u00e1vel, visto que h\u00e1 uma proposta na mesa que aguarda apenas o aval do Minist\u00e9rio da Fazenda para ser conclu\u00edda. Os termos t\u00eam algumas premissas, como neutralidade para o consumidor de energia.<\/p>\n\n\n\n<p>Em troca de a Eletrobras se desvincular da Eletronuclear, a companhia cederia ao governo mais uma cadeira no seu CA (Conselho de Administra\u00e7\u00e3o), que passaria a ser composto por 10 conselheiros. Atualmente, o governo tem dois representantes entre nove conselheiros. Tamb\u00e9m est\u00e1 sendo negociado mais um assento para a Uni\u00e3o no Conselho Fiscal da empresa.&nbsp;<\/p>\n\n\n\n<p>A Eletrobras j\u00e1 convocou uma AGE (Assembleia Geral Extraordin\u00e1ria) para o dia 26 de fevereiro, na qual prev\u00ea a cria\u00e7\u00e3o de uma nova cadeira no Conselho de Administra\u00e7\u00e3o. Contudo, n\u00e3o h\u00e1 especifica\u00e7\u00e3o na pauta sobre autorizar que o governo tenha mais participa\u00e7\u00e3o nos conselhos da companhia. Na avalia\u00e7\u00e3o de fontes, se o acordo a ser firmado tratar do aumento de cadeiras para o governo, a Eletrobras precisar\u00e1 convocar uma nova assembleia.&nbsp;<\/p>\n\n\n\n<p><strong>Custo de Angra 3<\/strong><br>O grande debate em torno da decis\u00e3o sobre Angra 3 \u00e9&nbsp;definir se a conclus\u00e3o da usina vale mais a pena que o custo de abandonar a obra j\u00e1 iniciada, assim como os impactos para a tarifa de energia. Um estudo realizado no ano passado pelo BNDES (Banco Nacional de Desenvolvimento Econ\u00f4mico e Social) apontou que o investimento necess\u00e1rio para conclus\u00e3o da usina ser\u00e1 de R$ 23 bilh\u00f5es. J\u00e1 o custo para abandonar as obras ultrapassaria R$ 21 bilh\u00f5es. A tarifa da energia gerada foi calculada em R$ 640 por MWh&nbsp;(megawatt-hora).<\/p>\n\n\n\n<p>O tema chegou a ser levado ao CNPE em reuni\u00e3o no dia 10 de dezembro de 2024, mas o colegiado decidiu adiar a decis\u00e3o diante das diverg\u00eancias dentro do governo sobre a continuidade de Angra 3. Houve um pedido de vista coletivo com a alega\u00e7\u00e3o de que seriam necess\u00e1rios estudos mais aprofundados sobre o impacto fiscal da conclus\u00e3o da usina e para buscar fontes de financiamento alternativas para a obra, justamente diante da poss\u00edvel sa\u00edda da Eletrobras do neg\u00f3cio.<\/p>\n\n\n\n<p>Em novembro de 2024, o ministro de Minas e Energia, Alexandre Silveira, disse&nbsp;que o &#8220;caminho natural&#8221; do governo seria optar por concluir as obras da usina. Silveira ainda afirmou que a Eletrobras &#8220;exacerba na negocia\u00e7\u00e3o&#8221; ao colocar a compra pelo governo das a\u00e7\u00f5es da Eletronuclear como uma condi\u00e7\u00e3o.<\/p>\n","protected":false},"excerpt":{"rendered":"<p>Marisa Wanzeller e Geraldo Campos Jr., da Ag\u00eancia iNFRA O CNPE (Conselho Nacional de Pol\u00edtica Energ\u00e9tica) deve decidir&nbsp;o pre\u00e7o da tarifa da usina nuclear de Angra 3&nbsp;em reuni\u00e3o extraordin\u00e1ria marcada para o dia 18 de fevereiro, segundo fontes. Na pr\u00e1tica, isso determinar\u00e1 se ser\u00e1 vi\u00e1vel ou n\u00e3o retomar as obras de conclus\u00e3o da usina nuclear. [&hellip;]<\/p>\n","protected":false},"author":1,"featured_media":1880,"comment_status":"closed","ping_status":"closed","sticky":false,"template":"","format":"standard","meta":{"_monsterinsights_skip_tracking":false,"_monsterinsights_sitenote_active":false,"_monsterinsights_sitenote_note":"","_monsterinsights_sitenote_category":0,"footnotes":""},"categories":[1,10],"tags":[326,3004,12432,50,651,11594,3699,7366,11957,11955,12431,759],"class_list":["post-20179","post","type-post","status-publish","format-standard","has-post-thumbnail","hentry","category-geral","category-infraenergia","tag-angra-3","tag-cnpe","tag-custo-de-angra-3","tag-eletrobras","tag-energia-nuclear","tag-geraldo-campos-jr","tag-lei-14-120","tag-marisa-wanzeller","tag-obras-de-angra-3","tag-retomada-de-obras","tag-reuniao-do-cnpe","tag-usina-nuclear"],"yoast_head":"<!-- This site is optimized with the Yoast SEO Premium plugin v25.4 (Yoast SEO v26.0) - https:\/\/yoast.com\/wordpress\/plugins\/seo\/ -->\n<title>CNPE decide se retoma ou n\u00e3o as obras de Angra 3 com base na tarifa da usina - Ag\u00eancia iNFRA<\/title>\n<meta name=\"robots\" content=\"index, follow, max-snippet:-1, max-image-preview:large, max-video-preview:-1\" \/>\n<link rel=\"canonical\" href=\"https:\/\/agenciainfra.com\/blog\/cnpe-decide-se-retoma-ou-nao-as-obras-de-angra-3-com-base-na-tarifa-da-usina\/\" \/>\n<meta property=\"og:locale\" content=\"pt_BR\" \/>\n<meta property=\"og:type\" content=\"article\" \/>\n<meta property=\"og:title\" content=\"CNPE decide se retoma ou n\u00e3o as obras de Angra 3 com base na tarifa da usina\" \/>\n<meta property=\"og:description\" content=\"Marisa Wanzeller e Geraldo Campos Jr., da Ag\u00eancia iNFRA O CNPE (Conselho Nacional de Pol\u00edtica Energ\u00e9tica) deve decidir&nbsp;o pre\u00e7o da tarifa da usina nuclear de Angra 3&nbsp;em reuni\u00e3o extraordin\u00e1ria marcada para o dia 18 de fevereiro, segundo fontes. Na pr\u00e1tica, isso determinar\u00e1 se ser\u00e1 vi\u00e1vel ou n\u00e3o retomar as obras de conclus\u00e3o da usina nuclear. [&hellip;]\" \/>\n<meta property=\"og:url\" content=\"https:\/\/agenciainfra.com\/blog\/cnpe-decide-se-retoma-ou-nao-as-obras-de-angra-3-com-base-na-tarifa-da-usina\/\" \/>\n<meta property=\"og:site_name\" content=\"Ag\u00eancia iNFRA\" \/>\n<meta property=\"article:publisher\" content=\"https:\/\/www.facebook.com\/ageninfra\" \/>\n<meta property=\"article:published_time\" content=\"2025-02-04T12:00:00+00:00\" \/>\n<meta property=\"article:modified_time\" content=\"2025-10-01T22:09:36+00:00\" \/>\n<meta property=\"og:image\" content=\"https:\/\/agenciainfra.com\/blog\/wp-content\/uploads\/2018\/06\/angra_3_divulgacao_eletronuclear.jpg\" \/>\n\t<meta property=\"og:image:width\" content=\"1024\" \/>\n\t<meta property=\"og:image:height\" content=\"683\" \/>\n\t<meta property=\"og:image:type\" content=\"image\/jpeg\" \/>\n<meta name=\"author\" content=\"Ag\u00eancia iNFRA\" \/>\n<meta name=\"twitter:card\" content=\"summary_large_image\" \/>\n<meta name=\"twitter:creator\" content=\"@agencia_infra\" \/>\n<meta name=\"twitter:site\" content=\"@agencia_infra\" \/>\n<meta name=\"twitter:label1\" content=\"Escrito por\" \/>\n\t<meta name=\"twitter:data1\" content=\"Ag\u00eancia iNFRA\" \/>\n\t<meta name=\"twitter:label2\" content=\"Est. tempo de leitura\" \/>\n\t<meta name=\"twitter:data2\" content=\"4 minutos\" \/>\n<script type=\"application\/ld+json\" class=\"yoast-schema-graph\">{\"@context\":\"https:\/\/schema.org\",\"@graph\":[{\"@type\":\"Article\",\"@id\":\"https:\/\/agenciainfra.com\/blog\/cnpe-decide-se-retoma-ou-nao-as-obras-de-angra-3-com-base-na-tarifa-da-usina\/#article\",\"isPartOf\":{\"@id\":\"https:\/\/agenciainfra.com\/blog\/cnpe-decide-se-retoma-ou-nao-as-obras-de-angra-3-com-base-na-tarifa-da-usina\/\"},\"author\":{\"name\":\"Ag\u00eancia iNFRA\",\"@id\":\"https:\/\/agenciainfra.com\/blog\/#\/schema\/person\/34af08dff6adea4cb22b06612ba7acfa\"},\"headline\":\"CNPE decide se retoma ou n\u00e3o as obras de Angra 3 com base na tarifa da usina\",\"datePublished\":\"2025-02-04T12:00:00+00:00\",\"dateModified\":\"2025-10-01T22:09:36+00:00\",\"mainEntityOfPage\":{\"@id\":\"https:\/\/agenciainfra.com\/blog\/cnpe-decide-se-retoma-ou-nao-as-obras-de-angra-3-com-base-na-tarifa-da-usina\/\"},\"wordCount\":768,\"publisher\":{\"@id\":\"https:\/\/agenciainfra.com\/blog\/#organization\"},\"image\":{\"@id\":\"https:\/\/agenciainfra.com\/blog\/cnpe-decide-se-retoma-ou-nao-as-obras-de-angra-3-com-base-na-tarifa-da-usina\/#primaryimage\"},\"thumbnailUrl\":\"https:\/\/agenciainfra.com\/blog\/wp-content\/uploads\/2018\/06\/angra_3_divulgacao_eletronuclear.jpg\",\"keywords\":[\"Angra 3\",\"CNPE\",\"Custo de angra 3\",\"Eletrobras\",\"Energia Nuclear\",\"Geraldo Campos Jr.\",\"Lei 14.120\",\"Marisa Wanzeller\",\"obras de Angra 3\",\"retomada de obras\",\"reuni\u00e3o do CNPE\",\"usina nuclear\"],\"articleSection\":[\"Geral\",\"iNFRAEnergia\"],\"inLanguage\":\"pt-BR\",\"copyrightYear\":\"2025\",\"copyrightHolder\":{\"@id\":\"https:\/\/agenciainfra.com\/blog\/#organization\"}},{\"@type\":\"WebPage\",\"@id\":\"https:\/\/agenciainfra.com\/blog\/cnpe-decide-se-retoma-ou-nao-as-obras-de-angra-3-com-base-na-tarifa-da-usina\/\",\"url\":\"https:\/\/agenciainfra.com\/blog\/cnpe-decide-se-retoma-ou-nao-as-obras-de-angra-3-com-base-na-tarifa-da-usina\/\",\"name\":\"CNPE decide se retoma ou n\u00e3o as obras de Angra 3 com base na tarifa da usina - Ag\u00eancia iNFRA\",\"isPartOf\":{\"@id\":\"https:\/\/agenciainfra.com\/blog\/#website\"},\"primaryImageOfPage\":{\"@id\":\"https:\/\/agenciainfra.com\/blog\/cnpe-decide-se-retoma-ou-nao-as-obras-de-angra-3-com-base-na-tarifa-da-usina\/#primaryimage\"},\"image\":{\"@id\":\"https:\/\/agenciainfra.com\/blog\/cnpe-decide-se-retoma-ou-nao-as-obras-de-angra-3-com-base-na-tarifa-da-usina\/#primaryimage\"},\"thumbnailUrl\":\"https:\/\/agenciainfra.com\/blog\/wp-content\/uploads\/2018\/06\/angra_3_divulgacao_eletronuclear.jpg\",\"datePublished\":\"2025-02-04T12:00:00+00:00\",\"dateModified\":\"2025-10-01T22:09:36+00:00\",\"breadcrumb\":{\"@id\":\"https:\/\/agenciainfra.com\/blog\/cnpe-decide-se-retoma-ou-nao-as-obras-de-angra-3-com-base-na-tarifa-da-usina\/#breadcrumb\"},\"inLanguage\":\"pt-BR\",\"potentialAction\":[{\"@type\":\"ReadAction\",\"target\":[\"https:\/\/agenciainfra.com\/blog\/cnpe-decide-se-retoma-ou-nao-as-obras-de-angra-3-com-base-na-tarifa-da-usina\/\"]}]},{\"@type\":\"ImageObject\",\"inLanguage\":\"pt-BR\",\"@id\":\"https:\/\/agenciainfra.com\/blog\/cnpe-decide-se-retoma-ou-nao-as-obras-de-angra-3-com-base-na-tarifa-da-usina\/#primaryimage\",\"url\":\"https:\/\/agenciainfra.com\/blog\/wp-content\/uploads\/2018\/06\/angra_3_divulgacao_eletronuclear.jpg\",\"contentUrl\":\"https:\/\/agenciainfra.com\/blog\/wp-content\/uploads\/2018\/06\/angra_3_divulgacao_eletronuclear.jpg\",\"width\":1024,\"height\":683,\"caption\":\"Foto: Eletronuclear\"},{\"@type\":\"BreadcrumbList\",\"@id\":\"https:\/\/agenciainfra.com\/blog\/cnpe-decide-se-retoma-ou-nao-as-obras-de-angra-3-com-base-na-tarifa-da-usina\/#breadcrumb\",\"itemListElement\":[{\"@type\":\"ListItem\",\"position\":1,\"name\":\"In\u00edcio\",\"item\":\"https:\/\/agenciainfra.com\/blog\/\"},{\"@type\":\"ListItem\",\"position\":2,\"name\":\"CNPE decide se retoma ou n\u00e3o as obras de Angra 3 com base na tarifa da usina\"}]},{\"@type\":\"WebSite\",\"@id\":\"https:\/\/agenciainfra.com\/blog\/#website\",\"url\":\"https:\/\/agenciainfra.com\/blog\/\",\"name\":\"Ag\u00eancia iNFRA\",\"description\":\"Multiplataforma de informa\u00e7\u00e3o jornal\u00edstica refer\u00eancia na \u00e1rea de infraestrutura no Brasil!\",\"publisher\":{\"@id\":\"https:\/\/agenciainfra.com\/blog\/#organization\"},\"potentialAction\":[{\"@type\":\"SearchAction\",\"target\":{\"@type\":\"EntryPoint\",\"urlTemplate\":\"https:\/\/agenciainfra.com\/blog\/?s={search_term_string}\"},\"query-input\":{\"@type\":\"PropertyValueSpecification\",\"valueRequired\":true,\"valueName\":\"search_term_string\"}}],\"inLanguage\":\"pt-BR\"},{\"@type\":\"Organization\",\"@id\":\"https:\/\/agenciainfra.com\/blog\/#organization\",\"name\":\"Ag\u00eancia iNFRA\",\"url\":\"https:\/\/agenciainfra.com\/blog\/\",\"logo\":{\"@type\":\"ImageObject\",\"inLanguage\":\"pt-BR\",\"@id\":\"https:\/\/agenciainfra.com\/blog\/#\/schema\/logo\/image\/\",\"url\":\"https:\/\/agenciainfra.com\/blog\/wp-content\/uploads\/2023\/09\/iNFRA_5-e1761735885940.png\",\"contentUrl\":\"https:\/\/agenciainfra.com\/blog\/wp-content\/uploads\/2023\/09\/iNFRA_5-e1761735885940.png\",\"width\":1672,\"height\":454,\"caption\":\"Ag\u00eancia iNFRA\"},\"image\":{\"@id\":\"https:\/\/agenciainfra.com\/blog\/#\/schema\/logo\/image\/\"},\"sameAs\":[\"https:\/\/www.facebook.com\/ageninfra\",\"https:\/\/x.com\/agencia_infra\",\"https:\/\/www.linkedin.com\/company\/ag\u00eanciainfra\/\",\"https:\/\/www.instagram.com\/agenciainfra\/\"]},{\"@type\":\"Person\",\"@id\":\"https:\/\/agenciainfra.com\/blog\/#\/schema\/person\/34af08dff6adea4cb22b06612ba7acfa\",\"name\":\"Ag\u00eancia iNFRA\",\"image\":{\"@type\":\"ImageObject\",\"inLanguage\":\"pt-BR\",\"@id\":\"https:\/\/agenciainfra.com\/blog\/#\/schema\/person\/image\/\",\"url\":\"https:\/\/secure.gravatar.com\/avatar\/d189e01678f06d8eb84d4e01f08eb848b3fffe3f8443818d3c356c66892f5be8?s=96&d=mm&r=g\",\"contentUrl\":\"https:\/\/secure.gravatar.com\/avatar\/d189e01678f06d8eb84d4e01f08eb848b3fffe3f8443818d3c356c66892f5be8?s=96&d=mm&r=g\",\"caption\":\"Ag\u00eancia iNFRA\"},\"url\":\"https:\/\/agenciainfra.com\/blog\/author\/admin\/\"}]}<\/script>\n<!-- \/ Yoast SEO Premium plugin. -->","yoast_head_json":{"title":"CNPE decide se retoma ou n\u00e3o as obras de Angra 3 com base na tarifa da usina - Ag\u00eancia iNFRA","robots":{"index":"index","follow":"follow","max-snippet":"max-snippet:-1","max-image-preview":"max-image-preview:large","max-video-preview":"max-video-preview:-1"},"canonical":"https:\/\/agenciainfra.com\/blog\/cnpe-decide-se-retoma-ou-nao-as-obras-de-angra-3-com-base-na-tarifa-da-usina\/","og_locale":"pt_BR","og_type":"article","og_title":"CNPE decide se retoma ou n\u00e3o as obras de Angra 3 com base na tarifa da usina","og_description":"Marisa Wanzeller e Geraldo Campos Jr., da Ag\u00eancia iNFRA O CNPE (Conselho Nacional de Pol\u00edtica Energ\u00e9tica) deve decidir&nbsp;o pre\u00e7o da tarifa da usina nuclear de Angra 3&nbsp;em reuni\u00e3o extraordin\u00e1ria marcada para o dia 18 de fevereiro, segundo fontes. Na pr\u00e1tica, isso determinar\u00e1 se ser\u00e1 vi\u00e1vel ou n\u00e3o retomar as obras de conclus\u00e3o da usina nuclear. [&hellip;]","og_url":"https:\/\/agenciainfra.com\/blog\/cnpe-decide-se-retoma-ou-nao-as-obras-de-angra-3-com-base-na-tarifa-da-usina\/","og_site_name":"Ag\u00eancia iNFRA","article_publisher":"https:\/\/www.facebook.com\/ageninfra","article_published_time":"2025-02-04T12:00:00+00:00","article_modified_time":"2025-10-01T22:09:36+00:00","og_image":[{"width":1024,"height":683,"url":"https:\/\/agenciainfra.com\/blog\/wp-content\/uploads\/2018\/06\/angra_3_divulgacao_eletronuclear.jpg","type":"image\/jpeg"}],"author":"Ag\u00eancia iNFRA","twitter_card":"summary_large_image","twitter_creator":"@agencia_infra","twitter_site":"@agencia_infra","twitter_misc":{"Escrito por":"Ag\u00eancia iNFRA","Est. tempo de leitura":"4 minutos"},"schema":{"@context":"https:\/\/schema.org","@graph":[{"@type":"Article","@id":"https:\/\/agenciainfra.com\/blog\/cnpe-decide-se-retoma-ou-nao-as-obras-de-angra-3-com-base-na-tarifa-da-usina\/#article","isPartOf":{"@id":"https:\/\/agenciainfra.com\/blog\/cnpe-decide-se-retoma-ou-nao-as-obras-de-angra-3-com-base-na-tarifa-da-usina\/"},"author":{"name":"Ag\u00eancia iNFRA","@id":"https:\/\/agenciainfra.com\/blog\/#\/schema\/person\/34af08dff6adea4cb22b06612ba7acfa"},"headline":"CNPE decide se retoma ou n\u00e3o as obras de Angra 3 com base na tarifa da usina","datePublished":"2025-02-04T12:00:00+00:00","dateModified":"2025-10-01T22:09:36+00:00","mainEntityOfPage":{"@id":"https:\/\/agenciainfra.com\/blog\/cnpe-decide-se-retoma-ou-nao-as-obras-de-angra-3-com-base-na-tarifa-da-usina\/"},"wordCount":768,"publisher":{"@id":"https:\/\/agenciainfra.com\/blog\/#organization"},"image":{"@id":"https:\/\/agenciainfra.com\/blog\/cnpe-decide-se-retoma-ou-nao-as-obras-de-angra-3-com-base-na-tarifa-da-usina\/#primaryimage"},"thumbnailUrl":"https:\/\/agenciainfra.com\/blog\/wp-content\/uploads\/2018\/06\/angra_3_divulgacao_eletronuclear.jpg","keywords":["Angra 3","CNPE","Custo de angra 3","Eletrobras","Energia Nuclear","Geraldo Campos Jr.","Lei 14.120","Marisa Wanzeller","obras de Angra 3","retomada de obras","reuni\u00e3o do CNPE","usina nuclear"],"articleSection":["Geral","iNFRAEnergia"],"inLanguage":"pt-BR","copyrightYear":"2025","copyrightHolder":{"@id":"https:\/\/agenciainfra.com\/blog\/#organization"}},{"@type":"WebPage","@id":"https:\/\/agenciainfra.com\/blog\/cnpe-decide-se-retoma-ou-nao-as-obras-de-angra-3-com-base-na-tarifa-da-usina\/","url":"https:\/\/agenciainfra.com\/blog\/cnpe-decide-se-retoma-ou-nao-as-obras-de-angra-3-com-base-na-tarifa-da-usina\/","name":"CNPE decide se retoma ou n\u00e3o as obras de Angra 3 com base na tarifa da usina - Ag\u00eancia iNFRA","isPartOf":{"@id":"https:\/\/agenciainfra.com\/blog\/#website"},"primaryImageOfPage":{"@id":"https:\/\/agenciainfra.com\/blog\/cnpe-decide-se-retoma-ou-nao-as-obras-de-angra-3-com-base-na-tarifa-da-usina\/#primaryimage"},"image":{"@id":"https:\/\/agenciainfra.com\/blog\/cnpe-decide-se-retoma-ou-nao-as-obras-de-angra-3-com-base-na-tarifa-da-usina\/#primaryimage"},"thumbnailUrl":"https:\/\/agenciainfra.com\/blog\/wp-content\/uploads\/2018\/06\/angra_3_divulgacao_eletronuclear.jpg","datePublished":"2025-02-04T12:00:00+00:00","dateModified":"2025-10-01T22:09:36+00:00","breadcrumb":{"@id":"https:\/\/agenciainfra.com\/blog\/cnpe-decide-se-retoma-ou-nao-as-obras-de-angra-3-com-base-na-tarifa-da-usina\/#breadcrumb"},"inLanguage":"pt-BR","potentialAction":[{"@type":"ReadAction","target":["https:\/\/agenciainfra.com\/blog\/cnpe-decide-se-retoma-ou-nao-as-obras-de-angra-3-com-base-na-tarifa-da-usina\/"]}]},{"@type":"ImageObject","inLanguage":"pt-BR","@id":"https:\/\/agenciainfra.com\/blog\/cnpe-decide-se-retoma-ou-nao-as-obras-de-angra-3-com-base-na-tarifa-da-usina\/#primaryimage","url":"https:\/\/agenciainfra.com\/blog\/wp-content\/uploads\/2018\/06\/angra_3_divulgacao_eletronuclear.jpg","contentUrl":"https:\/\/agenciainfra.com\/blog\/wp-content\/uploads\/2018\/06\/angra_3_divulgacao_eletronuclear.jpg","width":1024,"height":683,"caption":"Foto: Eletronuclear"},{"@type":"BreadcrumbList","@id":"https:\/\/agenciainfra.com\/blog\/cnpe-decide-se-retoma-ou-nao-as-obras-de-angra-3-com-base-na-tarifa-da-usina\/#breadcrumb","itemListElement":[{"@type":"ListItem","position":1,"name":"In\u00edcio","item":"https:\/\/agenciainfra.com\/blog\/"},{"@type":"ListItem","position":2,"name":"CNPE decide se retoma ou n\u00e3o as obras de Angra 3 com base na tarifa da usina"}]},{"@type":"WebSite","@id":"https:\/\/agenciainfra.com\/blog\/#website","url":"https:\/\/agenciainfra.com\/blog\/","name":"Ag\u00eancia iNFRA","description":"Multiplataforma de informa\u00e7\u00e3o jornal\u00edstica refer\u00eancia na \u00e1rea de infraestrutura no Brasil!","publisher":{"@id":"https:\/\/agenciainfra.com\/blog\/#organization"},"potentialAction":[{"@type":"SearchAction","target":{"@type":"EntryPoint","urlTemplate":"https:\/\/agenciainfra.com\/blog\/?s={search_term_string}"},"query-input":{"@type":"PropertyValueSpecification","valueRequired":true,"valueName":"search_term_string"}}],"inLanguage":"pt-BR"},{"@type":"Organization","@id":"https:\/\/agenciainfra.com\/blog\/#organization","name":"Ag\u00eancia iNFRA","url":"https:\/\/agenciainfra.com\/blog\/","logo":{"@type":"ImageObject","inLanguage":"pt-BR","@id":"https:\/\/agenciainfra.com\/blog\/#\/schema\/logo\/image\/","url":"https:\/\/agenciainfra.com\/blog\/wp-content\/uploads\/2023\/09\/iNFRA_5-e1761735885940.png","contentUrl":"https:\/\/agenciainfra.com\/blog\/wp-content\/uploads\/2023\/09\/iNFRA_5-e1761735885940.png","width":1672,"height":454,"caption":"Ag\u00eancia iNFRA"},"image":{"@id":"https:\/\/agenciainfra.com\/blog\/#\/schema\/logo\/image\/"},"sameAs":["https:\/\/www.facebook.com\/ageninfra","https:\/\/x.com\/agencia_infra","https:\/\/www.linkedin.com\/company\/ag\u00eanciainfra\/","https:\/\/www.instagram.com\/agenciainfra\/"]},{"@type":"Person","@id":"https:\/\/agenciainfra.com\/blog\/#\/schema\/person\/34af08dff6adea4cb22b06612ba7acfa","name":"Ag\u00eancia iNFRA","image":{"@type":"ImageObject","inLanguage":"pt-BR","@id":"https:\/\/agenciainfra.com\/blog\/#\/schema\/person\/image\/","url":"https:\/\/secure.gravatar.com\/avatar\/d189e01678f06d8eb84d4e01f08eb848b3fffe3f8443818d3c356c66892f5be8?s=96&d=mm&r=g","contentUrl":"https:\/\/secure.gravatar.com\/avatar\/d189e01678f06d8eb84d4e01f08eb848b3fffe3f8443818d3c356c66892f5be8?s=96&d=mm&r=g","caption":"Ag\u00eancia iNFRA"},"url":"https:\/\/agenciainfra.com\/blog\/author\/admin\/"}]}},"_links":{"self":[{"href":"https:\/\/agenciainfra.com\/blog\/wp-json\/wp\/v2\/posts\/20179","targetHints":{"allow":["GET"]}}],"collection":[{"href":"https:\/\/agenciainfra.com\/blog\/wp-json\/wp\/v2\/posts"}],"about":[{"href":"https:\/\/agenciainfra.com\/blog\/wp-json\/wp\/v2\/types\/post"}],"author":[{"embeddable":true,"href":"https:\/\/agenciainfra.com\/blog\/wp-json\/wp\/v2\/users\/1"}],"replies":[{"embeddable":true,"href":"https:\/\/agenciainfra.com\/blog\/wp-json\/wp\/v2\/comments?post=20179"}],"version-history":[{"count":1,"href":"https:\/\/agenciainfra.com\/blog\/wp-json\/wp\/v2\/posts\/20179\/revisions"}],"predecessor-version":[{"id":20180,"href":"https:\/\/agenciainfra.com\/blog\/wp-json\/wp\/v2\/posts\/20179\/revisions\/20180"}],"wp:featuredmedia":[{"embeddable":true,"href":"https:\/\/agenciainfra.com\/blog\/wp-json\/wp\/v2\/media\/1880"}],"wp:attachment":[{"href":"https:\/\/agenciainfra.com\/blog\/wp-json\/wp\/v2\/media?parent=20179"}],"wp:term":[{"taxonomy":"category","embeddable":true,"href":"https:\/\/agenciainfra.com\/blog\/wp-json\/wp\/v2\/categories?post=20179"},{"taxonomy":"post_tag","embeddable":true,"href":"https:\/\/agenciainfra.com\/blog\/wp-json\/wp\/v2\/tags?post=20179"}],"curies":[{"name":"wp","href":"https:\/\/api.w.org\/{rel}","templated":true}]}}