{"id":20181,"date":"2025-02-05T10:00:00","date_gmt":"2025-02-05T13:00:00","guid":{"rendered":"https:\/\/agenciainfra.com\/blog\/?p=20181"},"modified":"2025-02-06T09:03:50","modified_gmt":"2025-02-06T12:03:50","slug":"sem-lista-triplice-antt-deve-ter-diretor-guilherme-sampaio-no-comando","status":"publish","type":"post","link":"https:\/\/agenciainfra.com\/blog\/sem-lista-triplice-antt-deve-ter-diretor-guilherme-sampaio-no-comando\/","title":{"rendered":"Sem lista tr\u00edplice, ANTT deve ter diretor Guilherme Sampaio no comando"},"content":{"rendered":"\n<p class=\"has-text-align-right\"><strong>da Ag\u00eancia iNFRA<\/strong><\/p>\n\n\n\n<p>A menos de quinze dias para o fim do mandato de dois diretores, entre eles o diretor-geral, e sem nomes aprovados pelo Senado para essas vagas, a ANTT (Ag\u00eancia Nacional de Transportes Terrestres) n\u00e3o tem novos indicados escolhidos e uma lista de substitui\u00e7\u00e3o de diretores aprovada.<\/p>\n\n\n\n<p>Essa situa\u00e7\u00e3o deve levar o diretor Guilherme Sampaio a assumir o comando da ag\u00eancia a partir de 19 de fevereiro, quando terminam os mandatos do diretor-geral, Rafael Vitale, e do diretor Luciano Louren\u00e7o.<\/p>\n\n\n\n<p>Isso ocorre porque, para a vaga de diretor-geral, o governo encaminhou no fim do ano passado ao Senado o nome de Sampaio. Para a vaga de Louren\u00e7o, n\u00e3o houve indica\u00e7\u00e3o de nome, assim como para a vaga que ser\u00e1 aberta caso Sampaio, hoje diretor, seja al\u00e7ado \u00e0 vaga de diretor-geral.<\/p>\n\n\n\n<p>O ministro Renan Filho disse que j\u00e1 tem um nome para a vaga de Louren\u00e7o, mas que n\u00e3o revelaria. Segundo apurou a <strong>Ag\u00eancia iNFRA<\/strong>, o indicado \u00e9 Alex Antonio Azevedo Cruz, atual assessor da presid\u00eancia da Infra S.A. Ele foi secret\u00e1rio de obras na prefeitura de Campina Grande (PB) na gest\u00e3o do senador Veneziano Vital, irm\u00e3o do presidente do TCU (Tribunal de Contas da Uni\u00e3o), Vital do R\u00eago.<\/p>\n\n\n\n<p>Apesar do nome de Sampaio ter sido enviado em dezembro, a avalia\u00e7\u00e3o \u00e9 que ser\u00e1 muito dif\u00edcil a an\u00e1lise pelos senadores do nome dele at\u00e9 o pr\u00f3ximo dia 18, visto que ainda h\u00e1 muitas vagas pendentes em outras ag\u00eancias, a possibilidade de uma reforma ministerial e a aprova\u00e7\u00e3o de uma nova composi\u00e7\u00e3o de comiss\u00f5es na casa.<\/p>\n\n\n\n<p>Pela lei das ag\u00eancias, elas devem ter uma lista de substitutos formada por superintendentes. Essa lista \u00e9 submetida ao governo, com tr\u00eas sugest\u00f5es para cada uma das tr\u00eas vagas de substituto. O governo escolhe um nome dos tr\u00eas de cada lista e publica um decreto com os tr\u00eas substitutos escolhidos, em ordem para assumir as vagas.<\/p>\n\n\n\n<p>A \u00faltima lista enviada pela ANTT ao Minist\u00e9rio dos Transportes \u00e9 de janeiro de 2024, mas ela n\u00e3o chegou a ter as escolhas dos substitutos por parte do governo. Portanto, n\u00e3o h\u00e1 uma lista oficial da ag\u00eancia. No entanto, o regimento interno da ANTT indica que o diretor-geral pode convocar o superintendente mais antigo no cargo para assumir a vaga.<\/p>\n\n\n\n<p>Os superintendentes mais antigos s\u00e3o, pela ordem: Eduardo Marra (Sudeg), Mateus Salom\u00e9 (Suesp), Roger P\u00eagas (Surod), Jos\u00e9 Aires do Amaral (Suroc) e Marcelo Fonseca (Sucon).<\/p>\n\n\n\n<p>Nesse caso, quem teria que convocar o superintendente na ANTT seria o pr\u00f3prio Guilherme Sampaio. Se nada mudar at\u00e9 o dia 18, Sampaio se manter\u00e1 como&nbsp;o diretor-substituto do atual diretor-geral, Rafael Vitale.<\/p>\n\n\n\n<p><strong>Caso da ANAC<\/strong><br>No entanto, segue em vigor um parecer da AGU (Advocacia-Geral da Uni\u00e3o) que determina que os convocados assumam a vaga de diretor, mesmo que seja a do diretor-geral. Foi o que ocorreu no fim do ano na ANAC (Ag\u00eancia Nacional de Avia\u00e7\u00e3o Civil). O primeiro da lista, o superintendente Roberto Honorato, assumiu como diretor-presidente.<\/p>\n\n\n\n<p>O ent\u00e3o diretor-presidente&nbsp;da ag\u00eancia, Juliano Noman, havia renunciado em 2023. Logo ap\u00f3s sua ren\u00fancia, o governo indicou ao Senado para a vaga dele outro diretor da ag\u00eancia, Tiago Pereira, e por isso a procuradoria do \u00f3rg\u00e3o aceitou a manuten\u00e7\u00e3o de Pereira como substituto no comando, mesmo com contesta\u00e7\u00f5es formais a essa decis\u00e3o.<\/p>\n\n\n\n<p>Como Tiago Pereira teve a indica\u00e7\u00e3o ao Senado retirada em dezembro pelo governo, a solu\u00e7\u00e3o foi ele tamb\u00e9m deixar a diretoria-presid\u00eancia da ag\u00eancia e convocar o superintendente da lista da ANAC, que estava com o decreto publicado.<\/p>\n\n\n\n<p>No caso de Sampaio, o fato de ele estar indicado e ser o diretor mais antigo da ag\u00eancia dever\u00e1 fazer com que ele seja mantido como diretor-geral, seguindo o que ocorreu na ANAC. A convoca\u00e7\u00e3o de superintendentes para as vagas remanescentes est\u00e1 em avalia\u00e7\u00e3o, segundo apurou a <strong>Ag\u00eancia iNFRA<\/strong>.<\/p>\n\n\n\n<p>Na ter\u00e7a-feira (4), o superintendente de Acompanhamento de Servi\u00e7os A\u00e9reos, Adriano Pinto de Miranda, foi convocado para ocupar a vaga de diretor da ANAC, em decorr\u00eancia do t\u00e9rmino do mandato do diretor Rog\u00e9rio Benevides. A convoca\u00e7\u00e3o <a href=\"https:\/\/www.in.gov.br\/en\/web\/dou\/-\/portaria-de-pessoal-n-79-de-31-de-janeiro-de-2025-610598047\">foi publicada<\/a> no Di\u00e1rio Oficial da Uni\u00e3o.<\/p>\n\n\n\n<p><strong>Mandato de cinco anos<\/strong><br>Na indica\u00e7\u00e3o feita ao Senado pela Casa Civil, o prazo do mandato de Sampaio para diretor-geral foi de um ano, que \u00e9 o prazo&nbsp;de mandato que ele tem atualmente como diretor. Mas o mandato do diretor-geral na ANTT tem prazo fixo, de cinco anos, e h\u00e1 d\u00favidas sobre se o Senado vai aceitar esse&nbsp;prazo indicado pela Casa Civil.<\/p>\n\n\n\n<p>At\u00e9 o ano passado, essa era a pol\u00eamica&nbsp;de um processo que tramitou por anos no TCU (Tribunal de Contas da Uni\u00e3o) para definir se diretores de ag\u00eancia que assumiam a diretoria-geral poderiam ter mais de cinco anos de mandato. A atual lei indica que o tempo m\u00e1ximo de mandato \u00e9 de cinco anos.&nbsp;Mas o processo acabou arquivado pelos ministros, sem uma decis\u00e3o de m\u00e9rito.<\/p>\n\n\n\n<p>Com isso, o que deve prevalecer \u00e9 o que est\u00e1 ocorrendo com outros diretores de ag\u00eancias reguladoras que foram escolhidos pelo Senado para ocupar as vagas de comando das ag\u00eancias ap\u00f3s a nova lei. Eles est\u00e3o cumprindo os mandatos completos no comando das ag\u00eancias&nbsp;e n\u00e3o se limitando aos cinco anos somados dos dois per\u00edodos.<\/p>\n","protected":false},"excerpt":{"rendered":"<p>da Ag\u00eancia iNFRA A menos de quinze dias para o fim do mandato de dois diretores, entre eles o diretor-geral, e sem nomes aprovados pelo Senado para essas vagas, a ANTT (Ag\u00eancia Nacional de Transportes Terrestres) n\u00e3o tem novos indicados escolhidos e uma lista de substitui\u00e7\u00e3o de diretores aprovada. Essa situa\u00e7\u00e3o deve levar o diretor [&hellip;]<\/p>\n","protected":false},"author":1,"featured_media":18214,"comment_status":"closed","ping_status":"closed","sticky":false,"template":"","format":"standard","meta":{"_monsterinsights_skip_tracking":false,"_monsterinsights_sitenote_active":false,"_monsterinsights_sitenote_note":"","_monsterinsights_sitenote_category":0,"footnotes":""},"categories":[7250,1,7],"tags":[46,12435,242,19,11944,12434,4168,11960,12436,5760,4611],"class_list":["post-20181","post","type-post","status-publish","format-standard","has-post-thumbnail","hentry","category-destaque-lista","category-geral","category-infratransporte","tag-agencias-reguladoras","tag-alex-antonio-azevedo-cruz","tag-anac","tag-antt","tag-diretoria-da-antt","tag-fim-de-mandato","tag-guilherme-sampaio","tag-indicacao-as-agencias","tag-lista-de-substitutos","tag-luciano-lourenco","tag-rafael-vitale"],"yoast_head":"<!-- This site is optimized with the Yoast SEO Premium plugin v25.4 (Yoast SEO v26.0) - https:\/\/yoast.com\/wordpress\/plugins\/seo\/ -->\n<title>Sem lista tr\u00edplice, ANTT deve ter diretor Guilherme Sampaio no comando - Ag\u00eancia iNFRA<\/title>\n<meta name=\"robots\" content=\"index, follow, max-snippet:-1, max-image-preview:large, max-video-preview:-1\" \/>\n<link rel=\"canonical\" href=\"https:\/\/agenciainfra.com\/blog\/sem-lista-triplice-antt-deve-ter-diretor-guilherme-sampaio-no-comando\/\" \/>\n<meta property=\"og:locale\" content=\"pt_BR\" \/>\n<meta property=\"og:type\" content=\"article\" \/>\n<meta property=\"og:title\" content=\"Sem lista tr\u00edplice, ANTT deve ter diretor Guilherme Sampaio no comando\" \/>\n<meta property=\"og:description\" content=\"da Ag\u00eancia iNFRA A menos de quinze dias para o fim do mandato de dois diretores, entre eles o diretor-geral, e sem nomes aprovados pelo Senado para essas vagas, a ANTT (Ag\u00eancia Nacional de Transportes Terrestres) n\u00e3o tem novos indicados escolhidos e uma lista de substitui\u00e7\u00e3o de diretores aprovada. Essa situa\u00e7\u00e3o deve levar o diretor [&hellip;]\" \/>\n<meta property=\"og:url\" content=\"https:\/\/agenciainfra.com\/blog\/sem-lista-triplice-antt-deve-ter-diretor-guilherme-sampaio-no-comando\/\" \/>\n<meta property=\"og:site_name\" content=\"Ag\u00eancia iNFRA\" \/>\n<meta property=\"article:publisher\" content=\"https:\/\/www.facebook.com\/ageninfra\" \/>\n<meta property=\"article:published_time\" content=\"2025-02-05T13:00:00+00:00\" \/>\n<meta property=\"article:modified_time\" content=\"2025-02-06T12:03:50+00:00\" \/>\n<meta property=\"og:image\" content=\"https:\/\/agenciainfra.com\/blog\/wp-content\/uploads\/2024\/08\/fachada-antt-foto-governo-federal-2.jpeg\" \/>\n\t<meta property=\"og:image:width\" content=\"1202\" \/>\n\t<meta property=\"og:image:height\" content=\"801\" \/>\n\t<meta property=\"og:image:type\" content=\"image\/jpeg\" \/>\n<meta name=\"author\" content=\"Ag\u00eancia iNFRA\" \/>\n<meta name=\"twitter:card\" content=\"summary_large_image\" \/>\n<meta name=\"twitter:creator\" content=\"@agencia_infra\" \/>\n<meta name=\"twitter:site\" content=\"@agencia_infra\" \/>\n<meta name=\"twitter:label1\" content=\"Escrito por\" \/>\n\t<meta name=\"twitter:data1\" content=\"Ag\u00eancia iNFRA\" \/>\n\t<meta name=\"twitter:label2\" content=\"Est. tempo de leitura\" \/>\n\t<meta name=\"twitter:data2\" content=\"5 minutos\" \/>\n<script type=\"application\/ld+json\" class=\"yoast-schema-graph\">{\"@context\":\"https:\/\/schema.org\",\"@graph\":[{\"@type\":\"Article\",\"@id\":\"https:\/\/agenciainfra.com\/blog\/sem-lista-triplice-antt-deve-ter-diretor-guilherme-sampaio-no-comando\/#article\",\"isPartOf\":{\"@id\":\"https:\/\/agenciainfra.com\/blog\/sem-lista-triplice-antt-deve-ter-diretor-guilherme-sampaio-no-comando\/\"},\"author\":{\"name\":\"Ag\u00eancia iNFRA\",\"@id\":\"https:\/\/agenciainfra.com\/blog\/#\/schema\/person\/34af08dff6adea4cb22b06612ba7acfa\"},\"headline\":\"Sem lista tr\u00edplice, ANTT deve ter diretor Guilherme Sampaio no comando\",\"datePublished\":\"2025-02-05T13:00:00+00:00\",\"dateModified\":\"2025-02-06T12:03:50+00:00\",\"mainEntityOfPage\":{\"@id\":\"https:\/\/agenciainfra.com\/blog\/sem-lista-triplice-antt-deve-ter-diretor-guilherme-sampaio-no-comando\/\"},\"wordCount\":946,\"publisher\":{\"@id\":\"https:\/\/agenciainfra.com\/blog\/#organization\"},\"image\":{\"@id\":\"https:\/\/agenciainfra.com\/blog\/sem-lista-triplice-antt-deve-ter-diretor-guilherme-sampaio-no-comando\/#primaryimage\"},\"thumbnailUrl\":\"https:\/\/agenciainfra.com\/blog\/wp-content\/uploads\/2024\/08\/fachada-antt-foto-governo-federal-2.jpeg\",\"keywords\":[\"Ag\u00eancias Reguladoras\",\"Alex Antonio Azevedo Cruz\",\"ANAC\",\"ANTT\",\"diretoria da antt\",\"fim de mandato\",\"Guilherme Sampaio\",\"Indica\u00e7\u00e3o \u00e0s ag\u00eancias\",\"lista de substitutos\",\"Luciano Louren\u00e7o\",\"Rafael Vitale\"],\"articleSection\":[\"Destaque lista\",\"Geral\",\"iNFRATransporte\"],\"inLanguage\":\"pt-BR\",\"copyrightYear\":\"2025\",\"copyrightHolder\":{\"@id\":\"https:\/\/agenciainfra.com\/blog\/#organization\"}},{\"@type\":\"WebPage\",\"@id\":\"https:\/\/agenciainfra.com\/blog\/sem-lista-triplice-antt-deve-ter-diretor-guilherme-sampaio-no-comando\/\",\"url\":\"https:\/\/agenciainfra.com\/blog\/sem-lista-triplice-antt-deve-ter-diretor-guilherme-sampaio-no-comando\/\",\"name\":\"Sem lista tr\u00edplice, ANTT deve ter diretor Guilherme Sampaio no comando - Ag\u00eancia iNFRA\",\"isPartOf\":{\"@id\":\"https:\/\/agenciainfra.com\/blog\/#website\"},\"primaryImageOfPage\":{\"@id\":\"https:\/\/agenciainfra.com\/blog\/sem-lista-triplice-antt-deve-ter-diretor-guilherme-sampaio-no-comando\/#primaryimage\"},\"image\":{\"@id\":\"https:\/\/agenciainfra.com\/blog\/sem-lista-triplice-antt-deve-ter-diretor-guilherme-sampaio-no-comando\/#primaryimage\"},\"thumbnailUrl\":\"https:\/\/agenciainfra.com\/blog\/wp-content\/uploads\/2024\/08\/fachada-antt-foto-governo-federal-2.jpeg\",\"datePublished\":\"2025-02-05T13:00:00+00:00\",\"dateModified\":\"2025-02-06T12:03:50+00:00\",\"breadcrumb\":{\"@id\":\"https:\/\/agenciainfra.com\/blog\/sem-lista-triplice-antt-deve-ter-diretor-guilherme-sampaio-no-comando\/#breadcrumb\"},\"inLanguage\":\"pt-BR\",\"potentialAction\":[{\"@type\":\"ReadAction\",\"target\":[\"https:\/\/agenciainfra.com\/blog\/sem-lista-triplice-antt-deve-ter-diretor-guilherme-sampaio-no-comando\/\"]}]},{\"@type\":\"ImageObject\",\"inLanguage\":\"pt-BR\",\"@id\":\"https:\/\/agenciainfra.com\/blog\/sem-lista-triplice-antt-deve-ter-diretor-guilherme-sampaio-no-comando\/#primaryimage\",\"url\":\"https:\/\/agenciainfra.com\/blog\/wp-content\/uploads\/2024\/08\/fachada-antt-foto-governo-federal-2.jpeg\",\"contentUrl\":\"https:\/\/agenciainfra.com\/blog\/wp-content\/uploads\/2024\/08\/fachada-antt-foto-governo-federal-2.jpeg\",\"width\":1202,\"height\":801,\"caption\":\"Foto: Governo Federal\"},{\"@type\":\"BreadcrumbList\",\"@id\":\"https:\/\/agenciainfra.com\/blog\/sem-lista-triplice-antt-deve-ter-diretor-guilherme-sampaio-no-comando\/#breadcrumb\",\"itemListElement\":[{\"@type\":\"ListItem\",\"position\":1,\"name\":\"In\u00edcio\",\"item\":\"https:\/\/agenciainfra.com\/blog\/\"},{\"@type\":\"ListItem\",\"position\":2,\"name\":\"Sem lista tr\u00edplice, ANTT deve ter diretor Guilherme Sampaio no comando\"}]},{\"@type\":\"WebSite\",\"@id\":\"https:\/\/agenciainfra.com\/blog\/#website\",\"url\":\"https:\/\/agenciainfra.com\/blog\/\",\"name\":\"Ag\u00eancia iNFRA\",\"description\":\"Multiplataforma de informa\u00e7\u00e3o jornal\u00edstica refer\u00eancia na \u00e1rea de infraestrutura no Brasil!\",\"publisher\":{\"@id\":\"https:\/\/agenciainfra.com\/blog\/#organization\"},\"potentialAction\":[{\"@type\":\"SearchAction\",\"target\":{\"@type\":\"EntryPoint\",\"urlTemplate\":\"https:\/\/agenciainfra.com\/blog\/?s={search_term_string}\"},\"query-input\":{\"@type\":\"PropertyValueSpecification\",\"valueRequired\":true,\"valueName\":\"search_term_string\"}}],\"inLanguage\":\"pt-BR\"},{\"@type\":\"Organization\",\"@id\":\"https:\/\/agenciainfra.com\/blog\/#organization\",\"name\":\"Ag\u00eancia iNFRA\",\"url\":\"https:\/\/agenciainfra.com\/blog\/\",\"logo\":{\"@type\":\"ImageObject\",\"inLanguage\":\"pt-BR\",\"@id\":\"https:\/\/agenciainfra.com\/blog\/#\/schema\/logo\/image\/\",\"url\":\"https:\/\/agenciainfra.com\/blog\/wp-content\/uploads\/2023\/09\/iNFRA_5-e1761735885940.png\",\"contentUrl\":\"https:\/\/agenciainfra.com\/blog\/wp-content\/uploads\/2023\/09\/iNFRA_5-e1761735885940.png\",\"width\":1672,\"height\":454,\"caption\":\"Ag\u00eancia iNFRA\"},\"image\":{\"@id\":\"https:\/\/agenciainfra.com\/blog\/#\/schema\/logo\/image\/\"},\"sameAs\":[\"https:\/\/www.facebook.com\/ageninfra\",\"https:\/\/x.com\/agencia_infra\",\"https:\/\/www.linkedin.com\/company\/ag\u00eanciainfra\/\",\"https:\/\/www.instagram.com\/agenciainfra\/\"]},{\"@type\":\"Person\",\"@id\":\"https:\/\/agenciainfra.com\/blog\/#\/schema\/person\/34af08dff6adea4cb22b06612ba7acfa\",\"name\":\"Ag\u00eancia iNFRA\",\"image\":{\"@type\":\"ImageObject\",\"inLanguage\":\"pt-BR\",\"@id\":\"https:\/\/agenciainfra.com\/blog\/#\/schema\/person\/image\/\",\"url\":\"https:\/\/secure.gravatar.com\/avatar\/d189e01678f06d8eb84d4e01f08eb848b3fffe3f8443818d3c356c66892f5be8?s=96&d=mm&r=g\",\"contentUrl\":\"https:\/\/secure.gravatar.com\/avatar\/d189e01678f06d8eb84d4e01f08eb848b3fffe3f8443818d3c356c66892f5be8?s=96&d=mm&r=g\",\"caption\":\"Ag\u00eancia iNFRA\"},\"url\":\"https:\/\/agenciainfra.com\/blog\/author\/admin\/\"}]}<\/script>\n<!-- \/ Yoast SEO Premium plugin. -->","yoast_head_json":{"title":"Sem lista tr\u00edplice, ANTT deve ter diretor Guilherme Sampaio no comando - Ag\u00eancia iNFRA","robots":{"index":"index","follow":"follow","max-snippet":"max-snippet:-1","max-image-preview":"max-image-preview:large","max-video-preview":"max-video-preview:-1"},"canonical":"https:\/\/agenciainfra.com\/blog\/sem-lista-triplice-antt-deve-ter-diretor-guilherme-sampaio-no-comando\/","og_locale":"pt_BR","og_type":"article","og_title":"Sem lista tr\u00edplice, ANTT deve ter diretor Guilherme Sampaio no comando","og_description":"da Ag\u00eancia iNFRA A menos de quinze dias para o fim do mandato de dois diretores, entre eles o diretor-geral, e sem nomes aprovados pelo Senado para essas vagas, a ANTT (Ag\u00eancia Nacional de Transportes Terrestres) n\u00e3o tem novos indicados escolhidos e uma lista de substitui\u00e7\u00e3o de diretores aprovada. Essa situa\u00e7\u00e3o deve levar o diretor [&hellip;]","og_url":"https:\/\/agenciainfra.com\/blog\/sem-lista-triplice-antt-deve-ter-diretor-guilherme-sampaio-no-comando\/","og_site_name":"Ag\u00eancia iNFRA","article_publisher":"https:\/\/www.facebook.com\/ageninfra","article_published_time":"2025-02-05T13:00:00+00:00","article_modified_time":"2025-02-06T12:03:50+00:00","og_image":[{"width":1202,"height":801,"url":"https:\/\/agenciainfra.com\/blog\/wp-content\/uploads\/2024\/08\/fachada-antt-foto-governo-federal-2.jpeg","type":"image\/jpeg"}],"author":"Ag\u00eancia iNFRA","twitter_card":"summary_large_image","twitter_creator":"@agencia_infra","twitter_site":"@agencia_infra","twitter_misc":{"Escrito por":"Ag\u00eancia iNFRA","Est. tempo de leitura":"5 minutos"},"schema":{"@context":"https:\/\/schema.org","@graph":[{"@type":"Article","@id":"https:\/\/agenciainfra.com\/blog\/sem-lista-triplice-antt-deve-ter-diretor-guilherme-sampaio-no-comando\/#article","isPartOf":{"@id":"https:\/\/agenciainfra.com\/blog\/sem-lista-triplice-antt-deve-ter-diretor-guilherme-sampaio-no-comando\/"},"author":{"name":"Ag\u00eancia iNFRA","@id":"https:\/\/agenciainfra.com\/blog\/#\/schema\/person\/34af08dff6adea4cb22b06612ba7acfa"},"headline":"Sem lista tr\u00edplice, ANTT deve ter diretor Guilherme Sampaio no comando","datePublished":"2025-02-05T13:00:00+00:00","dateModified":"2025-02-06T12:03:50+00:00","mainEntityOfPage":{"@id":"https:\/\/agenciainfra.com\/blog\/sem-lista-triplice-antt-deve-ter-diretor-guilherme-sampaio-no-comando\/"},"wordCount":946,"publisher":{"@id":"https:\/\/agenciainfra.com\/blog\/#organization"},"image":{"@id":"https:\/\/agenciainfra.com\/blog\/sem-lista-triplice-antt-deve-ter-diretor-guilherme-sampaio-no-comando\/#primaryimage"},"thumbnailUrl":"https:\/\/agenciainfra.com\/blog\/wp-content\/uploads\/2024\/08\/fachada-antt-foto-governo-federal-2.jpeg","keywords":["Ag\u00eancias Reguladoras","Alex Antonio Azevedo Cruz","ANAC","ANTT","diretoria da antt","fim de mandato","Guilherme Sampaio","Indica\u00e7\u00e3o \u00e0s ag\u00eancias","lista de substitutos","Luciano Louren\u00e7o","Rafael Vitale"],"articleSection":["Destaque lista","Geral","iNFRATransporte"],"inLanguage":"pt-BR","copyrightYear":"2025","copyrightHolder":{"@id":"https:\/\/agenciainfra.com\/blog\/#organization"}},{"@type":"WebPage","@id":"https:\/\/agenciainfra.com\/blog\/sem-lista-triplice-antt-deve-ter-diretor-guilherme-sampaio-no-comando\/","url":"https:\/\/agenciainfra.com\/blog\/sem-lista-triplice-antt-deve-ter-diretor-guilherme-sampaio-no-comando\/","name":"Sem lista tr\u00edplice, ANTT deve ter diretor Guilherme Sampaio no comando - Ag\u00eancia iNFRA","isPartOf":{"@id":"https:\/\/agenciainfra.com\/blog\/#website"},"primaryImageOfPage":{"@id":"https:\/\/agenciainfra.com\/blog\/sem-lista-triplice-antt-deve-ter-diretor-guilherme-sampaio-no-comando\/#primaryimage"},"image":{"@id":"https:\/\/agenciainfra.com\/blog\/sem-lista-triplice-antt-deve-ter-diretor-guilherme-sampaio-no-comando\/#primaryimage"},"thumbnailUrl":"https:\/\/agenciainfra.com\/blog\/wp-content\/uploads\/2024\/08\/fachada-antt-foto-governo-federal-2.jpeg","datePublished":"2025-02-05T13:00:00+00:00","dateModified":"2025-02-06T12:03:50+00:00","breadcrumb":{"@id":"https:\/\/agenciainfra.com\/blog\/sem-lista-triplice-antt-deve-ter-diretor-guilherme-sampaio-no-comando\/#breadcrumb"},"inLanguage":"pt-BR","potentialAction":[{"@type":"ReadAction","target":["https:\/\/agenciainfra.com\/blog\/sem-lista-triplice-antt-deve-ter-diretor-guilherme-sampaio-no-comando\/"]}]},{"@type":"ImageObject","inLanguage":"pt-BR","@id":"https:\/\/agenciainfra.com\/blog\/sem-lista-triplice-antt-deve-ter-diretor-guilherme-sampaio-no-comando\/#primaryimage","url":"https:\/\/agenciainfra.com\/blog\/wp-content\/uploads\/2024\/08\/fachada-antt-foto-governo-federal-2.jpeg","contentUrl":"https:\/\/agenciainfra.com\/blog\/wp-content\/uploads\/2024\/08\/fachada-antt-foto-governo-federal-2.jpeg","width":1202,"height":801,"caption":"Foto: Governo Federal"},{"@type":"BreadcrumbList","@id":"https:\/\/agenciainfra.com\/blog\/sem-lista-triplice-antt-deve-ter-diretor-guilherme-sampaio-no-comando\/#breadcrumb","itemListElement":[{"@type":"ListItem","position":1,"name":"In\u00edcio","item":"https:\/\/agenciainfra.com\/blog\/"},{"@type":"ListItem","position":2,"name":"Sem lista tr\u00edplice, ANTT deve ter diretor Guilherme Sampaio no comando"}]},{"@type":"WebSite","@id":"https:\/\/agenciainfra.com\/blog\/#website","url":"https:\/\/agenciainfra.com\/blog\/","name":"Ag\u00eancia iNFRA","description":"Multiplataforma de informa\u00e7\u00e3o jornal\u00edstica refer\u00eancia na \u00e1rea de infraestrutura no Brasil!","publisher":{"@id":"https:\/\/agenciainfra.com\/blog\/#organization"},"potentialAction":[{"@type":"SearchAction","target":{"@type":"EntryPoint","urlTemplate":"https:\/\/agenciainfra.com\/blog\/?s={search_term_string}"},"query-input":{"@type":"PropertyValueSpecification","valueRequired":true,"valueName":"search_term_string"}}],"inLanguage":"pt-BR"},{"@type":"Organization","@id":"https:\/\/agenciainfra.com\/blog\/#organization","name":"Ag\u00eancia iNFRA","url":"https:\/\/agenciainfra.com\/blog\/","logo":{"@type":"ImageObject","inLanguage":"pt-BR","@id":"https:\/\/agenciainfra.com\/blog\/#\/schema\/logo\/image\/","url":"https:\/\/agenciainfra.com\/blog\/wp-content\/uploads\/2023\/09\/iNFRA_5-e1761735885940.png","contentUrl":"https:\/\/agenciainfra.com\/blog\/wp-content\/uploads\/2023\/09\/iNFRA_5-e1761735885940.png","width":1672,"height":454,"caption":"Ag\u00eancia iNFRA"},"image":{"@id":"https:\/\/agenciainfra.com\/blog\/#\/schema\/logo\/image\/"},"sameAs":["https:\/\/www.facebook.com\/ageninfra","https:\/\/x.com\/agencia_infra","https:\/\/www.linkedin.com\/company\/ag\u00eanciainfra\/","https:\/\/www.instagram.com\/agenciainfra\/"]},{"@type":"Person","@id":"https:\/\/agenciainfra.com\/blog\/#\/schema\/person\/34af08dff6adea4cb22b06612ba7acfa","name":"Ag\u00eancia iNFRA","image":{"@type":"ImageObject","inLanguage":"pt-BR","@id":"https:\/\/agenciainfra.com\/blog\/#\/schema\/person\/image\/","url":"https:\/\/secure.gravatar.com\/avatar\/d189e01678f06d8eb84d4e01f08eb848b3fffe3f8443818d3c356c66892f5be8?s=96&d=mm&r=g","contentUrl":"https:\/\/secure.gravatar.com\/avatar\/d189e01678f06d8eb84d4e01f08eb848b3fffe3f8443818d3c356c66892f5be8?s=96&d=mm&r=g","caption":"Ag\u00eancia iNFRA"},"url":"https:\/\/agenciainfra.com\/blog\/author\/admin\/"}]}},"_links":{"self":[{"href":"https:\/\/agenciainfra.com\/blog\/wp-json\/wp\/v2\/posts\/20181","targetHints":{"allow":["GET"]}}],"collection":[{"href":"https:\/\/agenciainfra.com\/blog\/wp-json\/wp\/v2\/posts"}],"about":[{"href":"https:\/\/agenciainfra.com\/blog\/wp-json\/wp\/v2\/types\/post"}],"author":[{"embeddable":true,"href":"https:\/\/agenciainfra.com\/blog\/wp-json\/wp\/v2\/users\/1"}],"replies":[{"embeddable":true,"href":"https:\/\/agenciainfra.com\/blog\/wp-json\/wp\/v2\/comments?post=20181"}],"version-history":[{"count":1,"href":"https:\/\/agenciainfra.com\/blog\/wp-json\/wp\/v2\/posts\/20181\/revisions"}],"predecessor-version":[{"id":20182,"href":"https:\/\/agenciainfra.com\/blog\/wp-json\/wp\/v2\/posts\/20181\/revisions\/20182"}],"wp:featuredmedia":[{"embeddable":true,"href":"https:\/\/agenciainfra.com\/blog\/wp-json\/wp\/v2\/media\/18214"}],"wp:attachment":[{"href":"https:\/\/agenciainfra.com\/blog\/wp-json\/wp\/v2\/media?parent=20181"}],"wp:term":[{"taxonomy":"category","embeddable":true,"href":"https:\/\/agenciainfra.com\/blog\/wp-json\/wp\/v2\/categories?post=20181"},{"taxonomy":"post_tag","embeddable":true,"href":"https:\/\/agenciainfra.com\/blog\/wp-json\/wp\/v2\/tags?post=20181"}],"curies":[{"name":"wp","href":"https:\/\/api.w.org\/{rel}","templated":true}]}}