{"id":20199,"date":"2025-02-06T09:00:00","date_gmt":"2025-02-06T12:00:00","guid":{"rendered":"https:\/\/agenciainfra.com\/blog\/?p=20199"},"modified":"2025-02-07T12:08:54","modified_gmt":"2025-02-07T15:08:54","slug":"enel-devera-cumprir-investimentos-anunciados-se-quiser-continuar-no-brasil-diz-ministro","status":"publish","type":"post","link":"https:\/\/agenciainfra.com\/blog\/enel-devera-cumprir-investimentos-anunciados-se-quiser-continuar-no-brasil-diz-ministro\/","title":{"rendered":"Enel dever\u00e1 cumprir investimentos anunciados se quiser continuar no Brasil, diz ministro"},"content":{"rendered":"\n<p class=\"has-text-align-right\"><strong>Marisa Wanzeller e Geraldo Campos Jr., da Ag\u00eancia iNFRA<\/strong><\/p>\n\n\n\n<p>O ministro Alexandre Silveira, de Minas e Energia, disse nesta quarta-feira (5) que a Enel dever\u00e1 cumprir investimentos anunciados caso queira continuar atuando no Brasil. A empresa possui tr\u00eas concess\u00f5es no pa\u00eds atualmente, nos estados do Rio de Janeiro, que vence em 2026, Cear\u00e1 e S\u00e3o Paulo, com vencimento em 2028.<\/p>\n\n\n\n<p>Durante cerim\u00f4nia para lan\u00e7amento do programa \u201cAlian\u00e7a pelo Desenvolvimento Energ\u00e9tico dos Polos e dos Projetos de Irriga\u00e7\u00e3o do Brasil&#8221;, na sede da pasta em Bras\u00edlia, Silveira declarou que as concession\u00e1rias de distribui\u00e7\u00e3o de energia devem estar prontas para o crescimento da produ\u00e7\u00e3o agr\u00edcola e apresentar \u201cplanos robustos de investimento\u201d que contemplem as necessidades do campo.&nbsp;<\/p>\n\n\n\n<p>\u201cTrabalhamos com firmeza sob a lideran\u00e7a do presidente Lula no decreto [para renova\u00e7\u00e3o] das distribuidoras que publicamos em junho de 2024. Gra\u00e7as a ele, as distribuidoras t\u00eam condi\u00e7\u00f5es e seguran\u00e7a jur\u00eddica para fazer os investimentos. At\u00e9 2027 ser\u00e3o em torno de R$ 120 bilh\u00f5es investidos nas distribuidoras no Brasil&#8221;, disse o ministro.<\/p>\n\n\n\n<p>Em 15 de janeiro, a Enel anunciou que investir\u00e1 R$ 25,3 bilh\u00f5es em suas opera\u00e7\u00f5es no Brasil. O ministro citou ainda R$ 21 bilh\u00f5es de investimentos da Neoenergia em suas concess\u00f5es at\u00e9 2027, R$ 20 bilh\u00f5es da Energisa, R$ 7 bilh\u00f5es da EDP, e R$ 25 bilh\u00f5es da Equatorial.&nbsp;<\/p>\n\n\n\n<p><strong>Crise na Enel<\/strong><br>As concess\u00f5es da Enel est\u00e3o nos holofotes desde apag\u00f5es que ocorreram em S\u00e3o Paulo e no Rio de Janeiro nos \u00faltimos dois anos. Em janeiro, o diretor-geral da ANEEL (Ag\u00eancia Nacional de Energia El\u00e9trica), Sandoval Feitosa, afirmou que a reguladora tem feito uma fiscaliza\u00e7\u00e3o semanal sobre o cumprimento das obriga\u00e7\u00f5es da Enel S\u00e3o Paulo, que foram definidas em termo de intima\u00e7\u00e3o emitido pela ag\u00eancia em 21 de outubro.&nbsp;<\/p>\n\n\n\n<p>Esse monitoramento faz parte do processo que pode levar a interven\u00e7\u00e3o ou recomenda\u00e7\u00e3o de caducidade da distribuidora. Segundo o diretor-geral, caber\u00e1 \u00e0 relatora do processo na ag\u00eancia, diretora Agnes Costa, avaliar as informa\u00e7\u00f5es coletadas para submeter sua percep\u00e7\u00e3o ao colegiado. \u201cO que eu posso assegurar a todos aqui \u00e9 que a diretora Agnes Costa e o colegiado da ANEEL est\u00e3o permanentemente envolvidos com este tema exatamente em fun\u00e7\u00e3o da sensibilidade deste caso&#8221;, disse na ocasi\u00e3o.<\/p>\n","protected":false},"excerpt":{"rendered":"<p>Marisa Wanzeller e Geraldo Campos Jr., da Ag\u00eancia iNFRA O ministro Alexandre Silveira, de Minas e Energia, disse nesta quarta-feira (5) que a Enel dever\u00e1 cumprir investimentos anunciados caso queira continuar atuando no Brasil. A empresa possui tr\u00eas concess\u00f5es no pa\u00eds atualmente, nos estados do Rio de Janeiro, que vence em 2026, Cear\u00e1 e S\u00e3o [&hellip;]<\/p>\n","protected":false},"author":1,"featured_media":19322,"comment_status":"closed","ping_status":"closed","sticky":false,"template":"","format":"standard","meta":{"_monsterinsights_skip_tracking":false,"_monsterinsights_sitenote_active":false,"_monsterinsights_sitenote_note":"","_monsterinsights_sitenote_category":0,"footnotes":""},"categories":[9714,1,10],"tags":[12467,12462,12466,12464,12463,491,1955,12460,12465,2816,11594,12459,7366,12461,7169,12468,7762],"class_list":["post-20199","post","type-post","status-publish","format-standard","has-post-thumbnail","hentry","category-destaque-menor","category-geral","category-infraenergia","tag-agnes-costa-aneel","tag-alexandre-silveira-mme","tag-aneel-fiscalizacao","tag-apagoes-enel","tag-concessoes-enel","tag-distribuidoras-de-energia","tag-edp-brasil","tag-enel-brasil","tag-energisa-brasil","tag-equatorial-energia","tag-geraldo-campos-jr","tag-investimentos-em-energia","tag-marisa-wanzeller","tag-neoenergia-investimentos","tag-renovacao-de-concessoes","tag-sandoval-feitosa-aneel","tag-setor-eletrico-brasileiro"],"yoast_head":"<!-- This site is optimized with the Yoast SEO Premium plugin v25.4 (Yoast SEO v26.0) - https:\/\/yoast.com\/wordpress\/plugins\/seo\/ -->\n<title>Enel dever\u00e1 cumprir investimentos anunciados se quiser continuar no Brasil, diz ministro - Ag\u00eancia iNFRA<\/title>\n<meta name=\"robots\" content=\"index, follow, max-snippet:-1, max-image-preview:large, max-video-preview:-1\" \/>\n<link rel=\"canonical\" href=\"https:\/\/agenciainfra.com\/blog\/enel-devera-cumprir-investimentos-anunciados-se-quiser-continuar-no-brasil-diz-ministro\/\" \/>\n<meta property=\"og:locale\" content=\"pt_BR\" \/>\n<meta property=\"og:type\" content=\"article\" \/>\n<meta property=\"og:title\" content=\"Enel dever\u00e1 cumprir investimentos anunciados se quiser continuar no Brasil, diz ministro\" \/>\n<meta property=\"og:description\" content=\"Marisa Wanzeller e Geraldo Campos Jr., da Ag\u00eancia iNFRA O ministro Alexandre Silveira, de Minas e Energia, disse nesta quarta-feira (5) que a Enel dever\u00e1 cumprir investimentos anunciados caso queira continuar atuando no Brasil. A empresa possui tr\u00eas concess\u00f5es no pa\u00eds atualmente, nos estados do Rio de Janeiro, que vence em 2026, Cear\u00e1 e S\u00e3o [&hellip;]\" \/>\n<meta property=\"og:url\" content=\"https:\/\/agenciainfra.com\/blog\/enel-devera-cumprir-investimentos-anunciados-se-quiser-continuar-no-brasil-diz-ministro\/\" \/>\n<meta property=\"og:site_name\" content=\"Ag\u00eancia iNFRA\" \/>\n<meta property=\"article:publisher\" content=\"https:\/\/www.facebook.com\/ageninfra\" \/>\n<meta property=\"article:published_time\" content=\"2025-02-06T12:00:00+00:00\" \/>\n<meta property=\"article:modified_time\" content=\"2025-02-07T15:08:54+00:00\" \/>\n<meta property=\"og:image\" content=\"https:\/\/agenciainfra.com\/blog\/wp-content\/uploads\/2024\/11\/alexandre-silveira-foto-ricardo-botelho-mme-1.jpeg\" \/>\n\t<meta property=\"og:image:width\" content=\"1280\" \/>\n\t<meta property=\"og:image:height\" content=\"742\" \/>\n\t<meta property=\"og:image:type\" content=\"image\/jpeg\" \/>\n<meta name=\"author\" content=\"Ag\u00eancia iNFRA\" \/>\n<meta name=\"twitter:card\" content=\"summary_large_image\" \/>\n<meta name=\"twitter:creator\" content=\"@agencia_infra\" \/>\n<meta name=\"twitter:site\" content=\"@agencia_infra\" \/>\n<meta name=\"twitter:label1\" content=\"Escrito por\" \/>\n\t<meta name=\"twitter:data1\" content=\"Ag\u00eancia iNFRA\" \/>\n\t<meta name=\"twitter:label2\" content=\"Est. tempo de leitura\" \/>\n\t<meta name=\"twitter:data2\" content=\"2 minutos\" \/>\n<script type=\"application\/ld+json\" class=\"yoast-schema-graph\">{\"@context\":\"https:\/\/schema.org\",\"@graph\":[{\"@type\":\"Article\",\"@id\":\"https:\/\/agenciainfra.com\/blog\/enel-devera-cumprir-investimentos-anunciados-se-quiser-continuar-no-brasil-diz-ministro\/#article\",\"isPartOf\":{\"@id\":\"https:\/\/agenciainfra.com\/blog\/enel-devera-cumprir-investimentos-anunciados-se-quiser-continuar-no-brasil-diz-ministro\/\"},\"author\":{\"name\":\"Ag\u00eancia iNFRA\",\"@id\":\"https:\/\/agenciainfra.com\/blog\/#\/schema\/person\/34af08dff6adea4cb22b06612ba7acfa\"},\"headline\":\"Enel dever\u00e1 cumprir investimentos anunciados se quiser continuar no Brasil, diz ministro\",\"datePublished\":\"2025-02-06T12:00:00+00:00\",\"dateModified\":\"2025-02-07T15:08:54+00:00\",\"mainEntityOfPage\":{\"@id\":\"https:\/\/agenciainfra.com\/blog\/enel-devera-cumprir-investimentos-anunciados-se-quiser-continuar-no-brasil-diz-ministro\/\"},\"wordCount\":411,\"publisher\":{\"@id\":\"https:\/\/agenciainfra.com\/blog\/#organization\"},\"image\":{\"@id\":\"https:\/\/agenciainfra.com\/blog\/enel-devera-cumprir-investimentos-anunciados-se-quiser-continuar-no-brasil-diz-ministro\/#primaryimage\"},\"thumbnailUrl\":\"https:\/\/agenciainfra.com\/blog\/wp-content\/uploads\/2024\/11\/alexandre-silveira-foto-ricardo-botelho-mme-1.jpeg\",\"keywords\":[\"Agnes Costa ANEEL\",\"Alexandre Silveira MME\",\"ANEEL fiscaliza\u00e7\u00e3o\",\"apag\u00f5es Enel\",\"concess\u00f5es Enel\",\"distribuidoras de energia\",\"EDP Brasil\",\"Enel Brasil\",\"Energisa Brasil\",\"Equatorial Energia\",\"Geraldo Campos Jr.\",\"investimentos em energia\",\"Marisa Wanzeller\",\"Neoenergia investimentos\",\"renova\u00e7\u00e3o de concess\u00f5es\",\"Sandoval Feitosa ANEEL\",\"Setor El\u00e9trico Brasileiro\"],\"articleSection\":[\"Destaque Menor\",\"Geral\",\"iNFRAEnergia\"],\"inLanguage\":\"pt-BR\",\"copyrightYear\":\"2025\",\"copyrightHolder\":{\"@id\":\"https:\/\/agenciainfra.com\/blog\/#organization\"}},{\"@type\":\"WebPage\",\"@id\":\"https:\/\/agenciainfra.com\/blog\/enel-devera-cumprir-investimentos-anunciados-se-quiser-continuar-no-brasil-diz-ministro\/\",\"url\":\"https:\/\/agenciainfra.com\/blog\/enel-devera-cumprir-investimentos-anunciados-se-quiser-continuar-no-brasil-diz-ministro\/\",\"name\":\"Enel dever\u00e1 cumprir investimentos anunciados se quiser continuar no Brasil, diz ministro - Ag\u00eancia iNFRA\",\"isPartOf\":{\"@id\":\"https:\/\/agenciainfra.com\/blog\/#website\"},\"primaryImageOfPage\":{\"@id\":\"https:\/\/agenciainfra.com\/blog\/enel-devera-cumprir-investimentos-anunciados-se-quiser-continuar-no-brasil-diz-ministro\/#primaryimage\"},\"image\":{\"@id\":\"https:\/\/agenciainfra.com\/blog\/enel-devera-cumprir-investimentos-anunciados-se-quiser-continuar-no-brasil-diz-ministro\/#primaryimage\"},\"thumbnailUrl\":\"https:\/\/agenciainfra.com\/blog\/wp-content\/uploads\/2024\/11\/alexandre-silveira-foto-ricardo-botelho-mme-1.jpeg\",\"datePublished\":\"2025-02-06T12:00:00+00:00\",\"dateModified\":\"2025-02-07T15:08:54+00:00\",\"breadcrumb\":{\"@id\":\"https:\/\/agenciainfra.com\/blog\/enel-devera-cumprir-investimentos-anunciados-se-quiser-continuar-no-brasil-diz-ministro\/#breadcrumb\"},\"inLanguage\":\"pt-BR\",\"potentialAction\":[{\"@type\":\"ReadAction\",\"target\":[\"https:\/\/agenciainfra.com\/blog\/enel-devera-cumprir-investimentos-anunciados-se-quiser-continuar-no-brasil-diz-ministro\/\"]}]},{\"@type\":\"ImageObject\",\"inLanguage\":\"pt-BR\",\"@id\":\"https:\/\/agenciainfra.com\/blog\/enel-devera-cumprir-investimentos-anunciados-se-quiser-continuar-no-brasil-diz-ministro\/#primaryimage\",\"url\":\"https:\/\/agenciainfra.com\/blog\/wp-content\/uploads\/2024\/11\/alexandre-silveira-foto-ricardo-botelho-mme-1.jpeg\",\"contentUrl\":\"https:\/\/agenciainfra.com\/blog\/wp-content\/uploads\/2024\/11\/alexandre-silveira-foto-ricardo-botelho-mme-1.jpeg\",\"width\":1280,\"height\":742},{\"@type\":\"BreadcrumbList\",\"@id\":\"https:\/\/agenciainfra.com\/blog\/enel-devera-cumprir-investimentos-anunciados-se-quiser-continuar-no-brasil-diz-ministro\/#breadcrumb\",\"itemListElement\":[{\"@type\":\"ListItem\",\"position\":1,\"name\":\"In\u00edcio\",\"item\":\"https:\/\/agenciainfra.com\/blog\/\"},{\"@type\":\"ListItem\",\"position\":2,\"name\":\"Enel dever\u00e1 cumprir investimentos anunciados se quiser continuar no Brasil, diz ministro\"}]},{\"@type\":\"WebSite\",\"@id\":\"https:\/\/agenciainfra.com\/blog\/#website\",\"url\":\"https:\/\/agenciainfra.com\/blog\/\",\"name\":\"Ag\u00eancia iNFRA\",\"description\":\"Multiplataforma de informa\u00e7\u00e3o jornal\u00edstica refer\u00eancia na \u00e1rea de infraestrutura no Brasil!\",\"publisher\":{\"@id\":\"https:\/\/agenciainfra.com\/blog\/#organization\"},\"potentialAction\":[{\"@type\":\"SearchAction\",\"target\":{\"@type\":\"EntryPoint\",\"urlTemplate\":\"https:\/\/agenciainfra.com\/blog\/?s={search_term_string}\"},\"query-input\":{\"@type\":\"PropertyValueSpecification\",\"valueRequired\":true,\"valueName\":\"search_term_string\"}}],\"inLanguage\":\"pt-BR\"},{\"@type\":\"Organization\",\"@id\":\"https:\/\/agenciainfra.com\/blog\/#organization\",\"name\":\"Ag\u00eancia iNFRA\",\"url\":\"https:\/\/agenciainfra.com\/blog\/\",\"logo\":{\"@type\":\"ImageObject\",\"inLanguage\":\"pt-BR\",\"@id\":\"https:\/\/agenciainfra.com\/blog\/#\/schema\/logo\/image\/\",\"url\":\"https:\/\/agenciainfra.com\/blog\/wp-content\/uploads\/2023\/09\/iNFRA_5-e1761735885940.png\",\"contentUrl\":\"https:\/\/agenciainfra.com\/blog\/wp-content\/uploads\/2023\/09\/iNFRA_5-e1761735885940.png\",\"width\":1672,\"height\":454,\"caption\":\"Ag\u00eancia iNFRA\"},\"image\":{\"@id\":\"https:\/\/agenciainfra.com\/blog\/#\/schema\/logo\/image\/\"},\"sameAs\":[\"https:\/\/www.facebook.com\/ageninfra\",\"https:\/\/x.com\/agencia_infra\",\"https:\/\/www.linkedin.com\/company\/ag\u00eanciainfra\/\",\"https:\/\/www.instagram.com\/agenciainfra\/\"]},{\"@type\":\"Person\",\"@id\":\"https:\/\/agenciainfra.com\/blog\/#\/schema\/person\/34af08dff6adea4cb22b06612ba7acfa\",\"name\":\"Ag\u00eancia iNFRA\",\"image\":{\"@type\":\"ImageObject\",\"inLanguage\":\"pt-BR\",\"@id\":\"https:\/\/agenciainfra.com\/blog\/#\/schema\/person\/image\/\",\"url\":\"https:\/\/secure.gravatar.com\/avatar\/d189e01678f06d8eb84d4e01f08eb848b3fffe3f8443818d3c356c66892f5be8?s=96&d=mm&r=g\",\"contentUrl\":\"https:\/\/secure.gravatar.com\/avatar\/d189e01678f06d8eb84d4e01f08eb848b3fffe3f8443818d3c356c66892f5be8?s=96&d=mm&r=g\",\"caption\":\"Ag\u00eancia iNFRA\"},\"url\":\"https:\/\/agenciainfra.com\/blog\/author\/admin\/\"}]}<\/script>\n<!-- \/ Yoast SEO Premium plugin. -->","yoast_head_json":{"title":"Enel dever\u00e1 cumprir investimentos anunciados se quiser continuar no Brasil, diz ministro - Ag\u00eancia iNFRA","robots":{"index":"index","follow":"follow","max-snippet":"max-snippet:-1","max-image-preview":"max-image-preview:large","max-video-preview":"max-video-preview:-1"},"canonical":"https:\/\/agenciainfra.com\/blog\/enel-devera-cumprir-investimentos-anunciados-se-quiser-continuar-no-brasil-diz-ministro\/","og_locale":"pt_BR","og_type":"article","og_title":"Enel dever\u00e1 cumprir investimentos anunciados se quiser continuar no Brasil, diz ministro","og_description":"Marisa Wanzeller e Geraldo Campos Jr., da Ag\u00eancia iNFRA O ministro Alexandre Silveira, de Minas e Energia, disse nesta quarta-feira (5) que a Enel dever\u00e1 cumprir investimentos anunciados caso queira continuar atuando no Brasil. A empresa possui tr\u00eas concess\u00f5es no pa\u00eds atualmente, nos estados do Rio de Janeiro, que vence em 2026, Cear\u00e1 e S\u00e3o [&hellip;]","og_url":"https:\/\/agenciainfra.com\/blog\/enel-devera-cumprir-investimentos-anunciados-se-quiser-continuar-no-brasil-diz-ministro\/","og_site_name":"Ag\u00eancia iNFRA","article_publisher":"https:\/\/www.facebook.com\/ageninfra","article_published_time":"2025-02-06T12:00:00+00:00","article_modified_time":"2025-02-07T15:08:54+00:00","og_image":[{"width":1280,"height":742,"url":"https:\/\/agenciainfra.com\/blog\/wp-content\/uploads\/2024\/11\/alexandre-silveira-foto-ricardo-botelho-mme-1.jpeg","type":"image\/jpeg"}],"author":"Ag\u00eancia iNFRA","twitter_card":"summary_large_image","twitter_creator":"@agencia_infra","twitter_site":"@agencia_infra","twitter_misc":{"Escrito por":"Ag\u00eancia iNFRA","Est. tempo de leitura":"2 minutos"},"schema":{"@context":"https:\/\/schema.org","@graph":[{"@type":"Article","@id":"https:\/\/agenciainfra.com\/blog\/enel-devera-cumprir-investimentos-anunciados-se-quiser-continuar-no-brasil-diz-ministro\/#article","isPartOf":{"@id":"https:\/\/agenciainfra.com\/blog\/enel-devera-cumprir-investimentos-anunciados-se-quiser-continuar-no-brasil-diz-ministro\/"},"author":{"name":"Ag\u00eancia iNFRA","@id":"https:\/\/agenciainfra.com\/blog\/#\/schema\/person\/34af08dff6adea4cb22b06612ba7acfa"},"headline":"Enel dever\u00e1 cumprir investimentos anunciados se quiser continuar no Brasil, diz ministro","datePublished":"2025-02-06T12:00:00+00:00","dateModified":"2025-02-07T15:08:54+00:00","mainEntityOfPage":{"@id":"https:\/\/agenciainfra.com\/blog\/enel-devera-cumprir-investimentos-anunciados-se-quiser-continuar-no-brasil-diz-ministro\/"},"wordCount":411,"publisher":{"@id":"https:\/\/agenciainfra.com\/blog\/#organization"},"image":{"@id":"https:\/\/agenciainfra.com\/blog\/enel-devera-cumprir-investimentos-anunciados-se-quiser-continuar-no-brasil-diz-ministro\/#primaryimage"},"thumbnailUrl":"https:\/\/agenciainfra.com\/blog\/wp-content\/uploads\/2024\/11\/alexandre-silveira-foto-ricardo-botelho-mme-1.jpeg","keywords":["Agnes Costa ANEEL","Alexandre Silveira MME","ANEEL fiscaliza\u00e7\u00e3o","apag\u00f5es Enel","concess\u00f5es Enel","distribuidoras de energia","EDP Brasil","Enel Brasil","Energisa Brasil","Equatorial Energia","Geraldo Campos Jr.","investimentos em energia","Marisa Wanzeller","Neoenergia investimentos","renova\u00e7\u00e3o de concess\u00f5es","Sandoval Feitosa ANEEL","Setor El\u00e9trico Brasileiro"],"articleSection":["Destaque Menor","Geral","iNFRAEnergia"],"inLanguage":"pt-BR","copyrightYear":"2025","copyrightHolder":{"@id":"https:\/\/agenciainfra.com\/blog\/#organization"}},{"@type":"WebPage","@id":"https:\/\/agenciainfra.com\/blog\/enel-devera-cumprir-investimentos-anunciados-se-quiser-continuar-no-brasil-diz-ministro\/","url":"https:\/\/agenciainfra.com\/blog\/enel-devera-cumprir-investimentos-anunciados-se-quiser-continuar-no-brasil-diz-ministro\/","name":"Enel dever\u00e1 cumprir investimentos anunciados se quiser continuar no Brasil, diz ministro - Ag\u00eancia iNFRA","isPartOf":{"@id":"https:\/\/agenciainfra.com\/blog\/#website"},"primaryImageOfPage":{"@id":"https:\/\/agenciainfra.com\/blog\/enel-devera-cumprir-investimentos-anunciados-se-quiser-continuar-no-brasil-diz-ministro\/#primaryimage"},"image":{"@id":"https:\/\/agenciainfra.com\/blog\/enel-devera-cumprir-investimentos-anunciados-se-quiser-continuar-no-brasil-diz-ministro\/#primaryimage"},"thumbnailUrl":"https:\/\/agenciainfra.com\/blog\/wp-content\/uploads\/2024\/11\/alexandre-silveira-foto-ricardo-botelho-mme-1.jpeg","datePublished":"2025-02-06T12:00:00+00:00","dateModified":"2025-02-07T15:08:54+00:00","breadcrumb":{"@id":"https:\/\/agenciainfra.com\/blog\/enel-devera-cumprir-investimentos-anunciados-se-quiser-continuar-no-brasil-diz-ministro\/#breadcrumb"},"inLanguage":"pt-BR","potentialAction":[{"@type":"ReadAction","target":["https:\/\/agenciainfra.com\/blog\/enel-devera-cumprir-investimentos-anunciados-se-quiser-continuar-no-brasil-diz-ministro\/"]}]},{"@type":"ImageObject","inLanguage":"pt-BR","@id":"https:\/\/agenciainfra.com\/blog\/enel-devera-cumprir-investimentos-anunciados-se-quiser-continuar-no-brasil-diz-ministro\/#primaryimage","url":"https:\/\/agenciainfra.com\/blog\/wp-content\/uploads\/2024\/11\/alexandre-silveira-foto-ricardo-botelho-mme-1.jpeg","contentUrl":"https:\/\/agenciainfra.com\/blog\/wp-content\/uploads\/2024\/11\/alexandre-silveira-foto-ricardo-botelho-mme-1.jpeg","width":1280,"height":742},{"@type":"BreadcrumbList","@id":"https:\/\/agenciainfra.com\/blog\/enel-devera-cumprir-investimentos-anunciados-se-quiser-continuar-no-brasil-diz-ministro\/#breadcrumb","itemListElement":[{"@type":"ListItem","position":1,"name":"In\u00edcio","item":"https:\/\/agenciainfra.com\/blog\/"},{"@type":"ListItem","position":2,"name":"Enel dever\u00e1 cumprir investimentos anunciados se quiser continuar no Brasil, diz ministro"}]},{"@type":"WebSite","@id":"https:\/\/agenciainfra.com\/blog\/#website","url":"https:\/\/agenciainfra.com\/blog\/","name":"Ag\u00eancia iNFRA","description":"Multiplataforma de informa\u00e7\u00e3o jornal\u00edstica refer\u00eancia na \u00e1rea de infraestrutura no Brasil!","publisher":{"@id":"https:\/\/agenciainfra.com\/blog\/#organization"},"potentialAction":[{"@type":"SearchAction","target":{"@type":"EntryPoint","urlTemplate":"https:\/\/agenciainfra.com\/blog\/?s={search_term_string}"},"query-input":{"@type":"PropertyValueSpecification","valueRequired":true,"valueName":"search_term_string"}}],"inLanguage":"pt-BR"},{"@type":"Organization","@id":"https:\/\/agenciainfra.com\/blog\/#organization","name":"Ag\u00eancia iNFRA","url":"https:\/\/agenciainfra.com\/blog\/","logo":{"@type":"ImageObject","inLanguage":"pt-BR","@id":"https:\/\/agenciainfra.com\/blog\/#\/schema\/logo\/image\/","url":"https:\/\/agenciainfra.com\/blog\/wp-content\/uploads\/2023\/09\/iNFRA_5-e1761735885940.png","contentUrl":"https:\/\/agenciainfra.com\/blog\/wp-content\/uploads\/2023\/09\/iNFRA_5-e1761735885940.png","width":1672,"height":454,"caption":"Ag\u00eancia iNFRA"},"image":{"@id":"https:\/\/agenciainfra.com\/blog\/#\/schema\/logo\/image\/"},"sameAs":["https:\/\/www.facebook.com\/ageninfra","https:\/\/x.com\/agencia_infra","https:\/\/www.linkedin.com\/company\/ag\u00eanciainfra\/","https:\/\/www.instagram.com\/agenciainfra\/"]},{"@type":"Person","@id":"https:\/\/agenciainfra.com\/blog\/#\/schema\/person\/34af08dff6adea4cb22b06612ba7acfa","name":"Ag\u00eancia iNFRA","image":{"@type":"ImageObject","inLanguage":"pt-BR","@id":"https:\/\/agenciainfra.com\/blog\/#\/schema\/person\/image\/","url":"https:\/\/secure.gravatar.com\/avatar\/d189e01678f06d8eb84d4e01f08eb848b3fffe3f8443818d3c356c66892f5be8?s=96&d=mm&r=g","contentUrl":"https:\/\/secure.gravatar.com\/avatar\/d189e01678f06d8eb84d4e01f08eb848b3fffe3f8443818d3c356c66892f5be8?s=96&d=mm&r=g","caption":"Ag\u00eancia iNFRA"},"url":"https:\/\/agenciainfra.com\/blog\/author\/admin\/"}]}},"_links":{"self":[{"href":"https:\/\/agenciainfra.com\/blog\/wp-json\/wp\/v2\/posts\/20199","targetHints":{"allow":["GET"]}}],"collection":[{"href":"https:\/\/agenciainfra.com\/blog\/wp-json\/wp\/v2\/posts"}],"about":[{"href":"https:\/\/agenciainfra.com\/blog\/wp-json\/wp\/v2\/types\/post"}],"author":[{"embeddable":true,"href":"https:\/\/agenciainfra.com\/blog\/wp-json\/wp\/v2\/users\/1"}],"replies":[{"embeddable":true,"href":"https:\/\/agenciainfra.com\/blog\/wp-json\/wp\/v2\/comments?post=20199"}],"version-history":[{"count":1,"href":"https:\/\/agenciainfra.com\/blog\/wp-json\/wp\/v2\/posts\/20199\/revisions"}],"predecessor-version":[{"id":20200,"href":"https:\/\/agenciainfra.com\/blog\/wp-json\/wp\/v2\/posts\/20199\/revisions\/20200"}],"wp:featuredmedia":[{"embeddable":true,"href":"https:\/\/agenciainfra.com\/blog\/wp-json\/wp\/v2\/media\/19322"}],"wp:attachment":[{"href":"https:\/\/agenciainfra.com\/blog\/wp-json\/wp\/v2\/media?parent=20199"}],"wp:term":[{"taxonomy":"category","embeddable":true,"href":"https:\/\/agenciainfra.com\/blog\/wp-json\/wp\/v2\/categories?post=20199"},{"taxonomy":"post_tag","embeddable":true,"href":"https:\/\/agenciainfra.com\/blog\/wp-json\/wp\/v2\/tags?post=20199"}],"curies":[{"name":"wp","href":"https:\/\/api.w.org\/{rel}","templated":true}]}}