{"id":20201,"date":"2025-02-06T10:00:00","date_gmt":"2025-02-06T13:00:00","guid":{"rendered":"https:\/\/agenciainfra.com\/blog\/?p=20201"},"modified":"2025-02-06T07:08:55","modified_gmt":"2025-02-06T10:08:55","slug":"mme-prepara-decreto-que-permite-uso-de-bonus-de-itaipu-para-solucionar-deficit-em-conta","status":"publish","type":"post","link":"https:\/\/agenciainfra.com\/blog\/mme-prepara-decreto-que-permite-uso-de-bonus-de-itaipu-para-solucionar-deficit-em-conta\/","title":{"rendered":"MME prepara decreto que permite uso de b\u00f4nus de Itaipu para solucionar d\u00e9ficit em conta"},"content":{"rendered":"\n<p class=\"has-text-align-right\"><strong>Marisa Wanzeller e Geraldo Campos Jr., da Ag\u00eancia iNFRA<\/strong><\/p>\n\n\n\n<p>O MME (Minist\u00e9rio de Minas e Energia) est\u00e1 preparando um novo decreto para permitir o uso de parte do b\u00f4nus de Itaipu para abater o saldo negativo da Conta de Comercializa\u00e7\u00e3o da usina, segundo fontes. A medida tem como objetivo garantir a manuten\u00e7\u00e3o da atual tarifa de repasse da hidrel\u00e9trica, fixada em US$ 17,66\/KW at\u00e9 31 de mar\u00e7o de 2025.<\/p>\n\n\n\n<p>Nesta quarta-feira (5), o ministro de Minas e Energia, Alexandre Silveira, afirmou que j\u00e1 &#8220;est\u00e1 pronta&#8221; uma solu\u00e7\u00e3o para equacionar o d\u00e9ficit e permitir a manuten\u00e7\u00e3o da atual tarifa. Segundo ele, trata-se de um ajuste t\u00e9cnico que aguarda apenas um parecer jur\u00eddico da Secretaria Executiva. &#8220;Mas est\u00e1 resolvido&#8221;, disse em entrevista.<\/p>\n\n\n\n<p>A ideia \u00e9 alterar um trecho do&nbsp;<a href=\"https:\/\/agenciainfra.us14.list-manage.com\/track\/click?u=d460dd1bcf9ba0ae040e1fc0f&amp;id=8d154df938&amp;e=cccbf75ee3\" target=\"_blank\" rel=\"noreferrer noopener\">Decreto 11.027\/2022<\/a>&nbsp;para equacionar o saldo negativo de quase R$ 333 milh\u00f5es na Conta de Comercializa\u00e7\u00e3o de Energia El\u00e9trica de Itaipu em 2024. Fontes informaram que uma reuni\u00e3o entre o minist\u00e9rio, a ANEEL (Ag\u00eancia Nacional de Energia El\u00e9trica) e a ENBPar (Empresa Brasileira de Participa\u00e7\u00f5es em Energia Nuclear e Binacional) foi marcada para sexta-feira (7) para tratar sobre o tema.<\/p>\n\n\n\n<p>De acordo com o decreto em vigor, em caso de d\u00e9ficit na Conta de Comercializa\u00e7\u00e3o, o valor deve ser repassado para a tarifa de Itaipu do ano seguinte. O texto ainda estipula que o b\u00f4nus da usina s\u00f3 pode ser destinado para rateio entre os consumidores, em forma de abatimento nas contas de luz, trecho que deve ser alterado.<\/p>\n\n\n\n<p><strong>Aumento tarif\u00e1rio<\/strong><br>Na \u00faltima ter\u00e7a-feira (4), o diretor Fernando Mosna, da ANEEL,&nbsp;<a href=\"https:\/\/agenciainfra.com\/blog\/impacto-ao-consumidor-por-deficit-de-itaipu-e-de-us-120-milhoes-diz-relator-da-aneel\/\" target=\"_blank\" rel=\"noreferrer noopener\">alertou<\/a>&nbsp;para um poss\u00edvel aumento tarif\u00e1rio para os consumidores, caso n\u00e3o haja uma solu\u00e7\u00e3o em tempo h\u00e1bil. O impacto seria da ordem de US$ 120,9 milh\u00f5es (ou R$ 709 milh\u00f5es, conforme o fechamento da cota\u00e7\u00e3o do d\u00f3lar daquele dia) para os consumidores, o que representa um aumento de 5,99% sobre a tarifa de repasse, calculada em d\u00f3lar.<\/p>\n\n\n\n<p>Assim, a diretoria da ANEEL concedeu apenas mais 15 dias para que o MME e a ENBPar apresentem uma alternativa que garanta a equaliza\u00e7\u00e3o da Conta de Comercializa\u00e7\u00e3o de Itaipu. O pedido da estatal era por 45 dias.&nbsp;<\/p>\n\n\n\n<p>O diretor-geral da ag\u00eancia, Sandoval Feitosa, avaliou que a altera\u00e7\u00e3o legislativa para permitir a utiliza\u00e7\u00e3o do \u201cb\u00f4nus de Itaipu\u201d \u00e9 a melhor solu\u00e7\u00e3o. Contudo, citou tamb\u00e9m a possibilidade de Itaipu fazer um aporte dos seus recursos pr\u00f3prios para manter a estabiliza\u00e7\u00e3o da tarifa.<\/p>\n\n\n\n<p>\u201cA melhor de todas [as alternativas] que a gente entende \u00e9 que haja alguma mudan\u00e7a no arcabou\u00e7o legal por meio da altera\u00e7\u00e3o do decreto (\u2026) havendo a mudan\u00e7a da destina\u00e7\u00e3o do b\u00f4nus de Itaipu. Ou seja, o b\u00f4nus de Itaipu que tem uma destina\u00e7\u00e3o espec\u00edfica e \u00e9 pago uma vez por ano, uma parte desse recurso iria para fazer a cobertura da conta de comercializa\u00e7\u00e3o de Itaipu\u201d, disse em entrevista \u00e0 imprensa na \u00faltima ter\u00e7a-feira.<\/p>\n","protected":false},"excerpt":{"rendered":"<p>Marisa Wanzeller e Geraldo Campos Jr., da Ag\u00eancia iNFRA O MME (Minist\u00e9rio de Minas e Energia) est\u00e1 preparando um novo decreto para permitir o uso de parte do b\u00f4nus de Itaipu para abater o saldo negativo da Conta de Comercializa\u00e7\u00e3o da usina, segundo fontes. A medida tem como objetivo garantir a manuten\u00e7\u00e3o da atual tarifa [&hellip;]<\/p>\n","protected":false},"author":1,"featured_media":7280,"comment_status":"closed","ping_status":"closed","sticky":false,"template":"","format":"standard","meta":{"_monsterinsights_skip_tracking":false,"_monsterinsights_sitenote_active":false,"_monsterinsights_sitenote_note":"","_monsterinsights_sitenote_category":0,"footnotes":""},"categories":[7250,1,10],"tags":[12472,6040,12469,11815,11816,12189,12190,5453,12470,11594,12471,7366,71,12468,11448],"class_list":["post-20201","post","type-post","status-publish","format-standard","has-post-thumbnail","hentry","category-destaque-lista","category-geral","category-infraenergia","tag-abatimento-na-conta-de-luz","tag-alexandre-silveira","tag-aumento-tarifario-itaipu","tag-bonus-de-itaipu","tag-conta-de-comercializacao","tag-decreto-11-027-2022","tag-deficit-energetico","tag-enbpar","tag-fernando-mosna-aneel","tag-geraldo-campos-jr","tag-hidreletrica-itaipu","tag-marisa-wanzeller","tag-mme","tag-sandoval-feitosa-aneel","tag-tarifa-de-itaipu"],"yoast_head":"<!-- This site is optimized with the Yoast SEO Premium plugin v25.4 (Yoast SEO v26.0) - https:\/\/yoast.com\/wordpress\/plugins\/seo\/ -->\n<title>MME prepara decreto que permite uso de b\u00f4nus de Itaipu para solucionar d\u00e9ficit em conta - Ag\u00eancia iNFRA<\/title>\n<meta name=\"robots\" content=\"index, follow, max-snippet:-1, max-image-preview:large, max-video-preview:-1\" \/>\n<link rel=\"canonical\" href=\"https:\/\/agenciainfra.com\/blog\/mme-prepara-decreto-que-permite-uso-de-bonus-de-itaipu-para-solucionar-deficit-em-conta\/\" \/>\n<meta property=\"og:locale\" content=\"pt_BR\" \/>\n<meta property=\"og:type\" content=\"article\" \/>\n<meta property=\"og:title\" content=\"MME prepara decreto que permite uso de b\u00f4nus de Itaipu para solucionar d\u00e9ficit em conta\" \/>\n<meta property=\"og:description\" content=\"Marisa Wanzeller e Geraldo Campos Jr., da Ag\u00eancia iNFRA O MME (Minist\u00e9rio de Minas e Energia) est\u00e1 preparando um novo decreto para permitir o uso de parte do b\u00f4nus de Itaipu para abater o saldo negativo da Conta de Comercializa\u00e7\u00e3o da usina, segundo fontes. A medida tem como objetivo garantir a manuten\u00e7\u00e3o da atual tarifa [&hellip;]\" \/>\n<meta property=\"og:url\" content=\"https:\/\/agenciainfra.com\/blog\/mme-prepara-decreto-que-permite-uso-de-bonus-de-itaipu-para-solucionar-deficit-em-conta\/\" \/>\n<meta property=\"og:site_name\" content=\"Ag\u00eancia iNFRA\" \/>\n<meta property=\"article:publisher\" content=\"https:\/\/www.facebook.com\/ageninfra\" \/>\n<meta property=\"article:published_time\" content=\"2025-02-06T13:00:00+00:00\" \/>\n<meta property=\"og:image\" content=\"https:\/\/agenciainfra.com\/blog\/wp-content\/uploads\/2021\/05\/itaipu-foto-itaipu.jpeg\" \/>\n\t<meta property=\"og:image:width\" content=\"1280\" \/>\n\t<meta property=\"og:image:height\" content=\"810\" \/>\n\t<meta property=\"og:image:type\" content=\"image\/jpeg\" \/>\n<meta name=\"author\" content=\"Ag\u00eancia iNFRA\" \/>\n<meta name=\"twitter:card\" content=\"summary_large_image\" \/>\n<meta name=\"twitter:creator\" content=\"@agencia_infra\" \/>\n<meta name=\"twitter:site\" content=\"@agencia_infra\" \/>\n<meta name=\"twitter:label1\" content=\"Escrito por\" \/>\n\t<meta name=\"twitter:data1\" content=\"Ag\u00eancia iNFRA\" \/>\n\t<meta name=\"twitter:label2\" content=\"Est. tempo de leitura\" \/>\n\t<meta name=\"twitter:data2\" content=\"3 minutos\" \/>\n<script type=\"application\/ld+json\" class=\"yoast-schema-graph\">{\"@context\":\"https:\/\/schema.org\",\"@graph\":[{\"@type\":\"Article\",\"@id\":\"https:\/\/agenciainfra.com\/blog\/mme-prepara-decreto-que-permite-uso-de-bonus-de-itaipu-para-solucionar-deficit-em-conta\/#article\",\"isPartOf\":{\"@id\":\"https:\/\/agenciainfra.com\/blog\/mme-prepara-decreto-que-permite-uso-de-bonus-de-itaipu-para-solucionar-deficit-em-conta\/\"},\"author\":{\"name\":\"Ag\u00eancia iNFRA\",\"@id\":\"https:\/\/agenciainfra.com\/blog\/#\/schema\/person\/34af08dff6adea4cb22b06612ba7acfa\"},\"headline\":\"MME prepara decreto que permite uso de b\u00f4nus de Itaipu para solucionar d\u00e9ficit em conta\",\"datePublished\":\"2025-02-06T13:00:00+00:00\",\"mainEntityOfPage\":{\"@id\":\"https:\/\/agenciainfra.com\/blog\/mme-prepara-decreto-que-permite-uso-de-bonus-de-itaipu-para-solucionar-deficit-em-conta\/\"},\"wordCount\":530,\"publisher\":{\"@id\":\"https:\/\/agenciainfra.com\/blog\/#organization\"},\"image\":{\"@id\":\"https:\/\/agenciainfra.com\/blog\/mme-prepara-decreto-que-permite-uso-de-bonus-de-itaipu-para-solucionar-deficit-em-conta\/#primaryimage\"},\"thumbnailUrl\":\"https:\/\/agenciainfra.com\/blog\/wp-content\/uploads\/2021\/05\/itaipu-foto-itaipu.jpeg\",\"keywords\":[\"abatimento na conta de luz.\",\"Alexandre Silveira\",\"aumento tarif\u00e1rio Itaipu\",\"B\u00f4nus de Itaipu\",\"conta de comercializa\u00e7\u00e3o\",\"decreto 11.027\/2022\",\"d\u00e9ficit energ\u00e9tico\",\"ENBPar\",\"Fernando Mosna ANEEL\",\"Geraldo Campos Jr.\",\"hidrel\u00e9trica Itaipu\",\"Marisa Wanzeller\",\"MME\",\"Sandoval Feitosa ANEEL\",\"tarifa de itaipu\"],\"articleSection\":[\"Destaque lista\",\"Geral\",\"iNFRAEnergia\"],\"inLanguage\":\"pt-BR\",\"copyrightYear\":\"2025\",\"copyrightHolder\":{\"@id\":\"https:\/\/agenciainfra.com\/blog\/#organization\"}},{\"@type\":\"WebPage\",\"@id\":\"https:\/\/agenciainfra.com\/blog\/mme-prepara-decreto-que-permite-uso-de-bonus-de-itaipu-para-solucionar-deficit-em-conta\/\",\"url\":\"https:\/\/agenciainfra.com\/blog\/mme-prepara-decreto-que-permite-uso-de-bonus-de-itaipu-para-solucionar-deficit-em-conta\/\",\"name\":\"MME prepara decreto que permite uso de b\u00f4nus de Itaipu para solucionar d\u00e9ficit em conta - Ag\u00eancia iNFRA\",\"isPartOf\":{\"@id\":\"https:\/\/agenciainfra.com\/blog\/#website\"},\"primaryImageOfPage\":{\"@id\":\"https:\/\/agenciainfra.com\/blog\/mme-prepara-decreto-que-permite-uso-de-bonus-de-itaipu-para-solucionar-deficit-em-conta\/#primaryimage\"},\"image\":{\"@id\":\"https:\/\/agenciainfra.com\/blog\/mme-prepara-decreto-que-permite-uso-de-bonus-de-itaipu-para-solucionar-deficit-em-conta\/#primaryimage\"},\"thumbnailUrl\":\"https:\/\/agenciainfra.com\/blog\/wp-content\/uploads\/2021\/05\/itaipu-foto-itaipu.jpeg\",\"datePublished\":\"2025-02-06T13:00:00+00:00\",\"breadcrumb\":{\"@id\":\"https:\/\/agenciainfra.com\/blog\/mme-prepara-decreto-que-permite-uso-de-bonus-de-itaipu-para-solucionar-deficit-em-conta\/#breadcrumb\"},\"inLanguage\":\"pt-BR\",\"potentialAction\":[{\"@type\":\"ReadAction\",\"target\":[\"https:\/\/agenciainfra.com\/blog\/mme-prepara-decreto-que-permite-uso-de-bonus-de-itaipu-para-solucionar-deficit-em-conta\/\"]}]},{\"@type\":\"ImageObject\",\"inLanguage\":\"pt-BR\",\"@id\":\"https:\/\/agenciainfra.com\/blog\/mme-prepara-decreto-que-permite-uso-de-bonus-de-itaipu-para-solucionar-deficit-em-conta\/#primaryimage\",\"url\":\"https:\/\/agenciainfra.com\/blog\/wp-content\/uploads\/2021\/05\/itaipu-foto-itaipu.jpeg\",\"contentUrl\":\"https:\/\/agenciainfra.com\/blog\/wp-content\/uploads\/2021\/05\/itaipu-foto-itaipu.jpeg\",\"width\":1280,\"height\":810,\"caption\":\"Foto: Itaipu\"},{\"@type\":\"BreadcrumbList\",\"@id\":\"https:\/\/agenciainfra.com\/blog\/mme-prepara-decreto-que-permite-uso-de-bonus-de-itaipu-para-solucionar-deficit-em-conta\/#breadcrumb\",\"itemListElement\":[{\"@type\":\"ListItem\",\"position\":1,\"name\":\"In\u00edcio\",\"item\":\"https:\/\/agenciainfra.com\/blog\/\"},{\"@type\":\"ListItem\",\"position\":2,\"name\":\"MME prepara decreto que permite uso de b\u00f4nus de Itaipu para solucionar d\u00e9ficit em conta\"}]},{\"@type\":\"WebSite\",\"@id\":\"https:\/\/agenciainfra.com\/blog\/#website\",\"url\":\"https:\/\/agenciainfra.com\/blog\/\",\"name\":\"Ag\u00eancia iNFRA\",\"description\":\"Multiplataforma de informa\u00e7\u00e3o jornal\u00edstica refer\u00eancia na \u00e1rea de infraestrutura no Brasil!\",\"publisher\":{\"@id\":\"https:\/\/agenciainfra.com\/blog\/#organization\"},\"potentialAction\":[{\"@type\":\"SearchAction\",\"target\":{\"@type\":\"EntryPoint\",\"urlTemplate\":\"https:\/\/agenciainfra.com\/blog\/?s={search_term_string}\"},\"query-input\":{\"@type\":\"PropertyValueSpecification\",\"valueRequired\":true,\"valueName\":\"search_term_string\"}}],\"inLanguage\":\"pt-BR\"},{\"@type\":\"Organization\",\"@id\":\"https:\/\/agenciainfra.com\/blog\/#organization\",\"name\":\"Ag\u00eancia iNFRA\",\"url\":\"https:\/\/agenciainfra.com\/blog\/\",\"logo\":{\"@type\":\"ImageObject\",\"inLanguage\":\"pt-BR\",\"@id\":\"https:\/\/agenciainfra.com\/blog\/#\/schema\/logo\/image\/\",\"url\":\"https:\/\/agenciainfra.com\/blog\/wp-content\/uploads\/2023\/09\/iNFRA_5-e1761735885940.png\",\"contentUrl\":\"https:\/\/agenciainfra.com\/blog\/wp-content\/uploads\/2023\/09\/iNFRA_5-e1761735885940.png\",\"width\":1672,\"height\":454,\"caption\":\"Ag\u00eancia iNFRA\"},\"image\":{\"@id\":\"https:\/\/agenciainfra.com\/blog\/#\/schema\/logo\/image\/\"},\"sameAs\":[\"https:\/\/www.facebook.com\/ageninfra\",\"https:\/\/x.com\/agencia_infra\",\"https:\/\/www.linkedin.com\/company\/ag\u00eanciainfra\/\",\"https:\/\/www.instagram.com\/agenciainfra\/\"]},{\"@type\":\"Person\",\"@id\":\"https:\/\/agenciainfra.com\/blog\/#\/schema\/person\/34af08dff6adea4cb22b06612ba7acfa\",\"name\":\"Ag\u00eancia iNFRA\",\"image\":{\"@type\":\"ImageObject\",\"inLanguage\":\"pt-BR\",\"@id\":\"https:\/\/agenciainfra.com\/blog\/#\/schema\/person\/image\/\",\"url\":\"https:\/\/secure.gravatar.com\/avatar\/d189e01678f06d8eb84d4e01f08eb848b3fffe3f8443818d3c356c66892f5be8?s=96&d=mm&r=g\",\"contentUrl\":\"https:\/\/secure.gravatar.com\/avatar\/d189e01678f06d8eb84d4e01f08eb848b3fffe3f8443818d3c356c66892f5be8?s=96&d=mm&r=g\",\"caption\":\"Ag\u00eancia iNFRA\"},\"url\":\"https:\/\/agenciainfra.com\/blog\/author\/admin\/\"}]}<\/script>\n<!-- \/ Yoast SEO Premium plugin. -->","yoast_head_json":{"title":"MME prepara decreto que permite uso de b\u00f4nus de Itaipu para solucionar d\u00e9ficit em conta - Ag\u00eancia iNFRA","robots":{"index":"index","follow":"follow","max-snippet":"max-snippet:-1","max-image-preview":"max-image-preview:large","max-video-preview":"max-video-preview:-1"},"canonical":"https:\/\/agenciainfra.com\/blog\/mme-prepara-decreto-que-permite-uso-de-bonus-de-itaipu-para-solucionar-deficit-em-conta\/","og_locale":"pt_BR","og_type":"article","og_title":"MME prepara decreto que permite uso de b\u00f4nus de Itaipu para solucionar d\u00e9ficit em conta","og_description":"Marisa Wanzeller e Geraldo Campos Jr., da Ag\u00eancia iNFRA O MME (Minist\u00e9rio de Minas e Energia) est\u00e1 preparando um novo decreto para permitir o uso de parte do b\u00f4nus de Itaipu para abater o saldo negativo da Conta de Comercializa\u00e7\u00e3o da usina, segundo fontes. A medida tem como objetivo garantir a manuten\u00e7\u00e3o da atual tarifa [&hellip;]","og_url":"https:\/\/agenciainfra.com\/blog\/mme-prepara-decreto-que-permite-uso-de-bonus-de-itaipu-para-solucionar-deficit-em-conta\/","og_site_name":"Ag\u00eancia iNFRA","article_publisher":"https:\/\/www.facebook.com\/ageninfra","article_published_time":"2025-02-06T13:00:00+00:00","og_image":[{"width":1280,"height":810,"url":"https:\/\/agenciainfra.com\/blog\/wp-content\/uploads\/2021\/05\/itaipu-foto-itaipu.jpeg","type":"image\/jpeg"}],"author":"Ag\u00eancia iNFRA","twitter_card":"summary_large_image","twitter_creator":"@agencia_infra","twitter_site":"@agencia_infra","twitter_misc":{"Escrito por":"Ag\u00eancia iNFRA","Est. tempo de leitura":"3 minutos"},"schema":{"@context":"https:\/\/schema.org","@graph":[{"@type":"Article","@id":"https:\/\/agenciainfra.com\/blog\/mme-prepara-decreto-que-permite-uso-de-bonus-de-itaipu-para-solucionar-deficit-em-conta\/#article","isPartOf":{"@id":"https:\/\/agenciainfra.com\/blog\/mme-prepara-decreto-que-permite-uso-de-bonus-de-itaipu-para-solucionar-deficit-em-conta\/"},"author":{"name":"Ag\u00eancia iNFRA","@id":"https:\/\/agenciainfra.com\/blog\/#\/schema\/person\/34af08dff6adea4cb22b06612ba7acfa"},"headline":"MME prepara decreto que permite uso de b\u00f4nus de Itaipu para solucionar d\u00e9ficit em conta","datePublished":"2025-02-06T13:00:00+00:00","mainEntityOfPage":{"@id":"https:\/\/agenciainfra.com\/blog\/mme-prepara-decreto-que-permite-uso-de-bonus-de-itaipu-para-solucionar-deficit-em-conta\/"},"wordCount":530,"publisher":{"@id":"https:\/\/agenciainfra.com\/blog\/#organization"},"image":{"@id":"https:\/\/agenciainfra.com\/blog\/mme-prepara-decreto-que-permite-uso-de-bonus-de-itaipu-para-solucionar-deficit-em-conta\/#primaryimage"},"thumbnailUrl":"https:\/\/agenciainfra.com\/blog\/wp-content\/uploads\/2021\/05\/itaipu-foto-itaipu.jpeg","keywords":["abatimento na conta de luz.","Alexandre Silveira","aumento tarif\u00e1rio Itaipu","B\u00f4nus de Itaipu","conta de comercializa\u00e7\u00e3o","decreto 11.027\/2022","d\u00e9ficit energ\u00e9tico","ENBPar","Fernando Mosna ANEEL","Geraldo Campos Jr.","hidrel\u00e9trica Itaipu","Marisa Wanzeller","MME","Sandoval Feitosa ANEEL","tarifa de itaipu"],"articleSection":["Destaque lista","Geral","iNFRAEnergia"],"inLanguage":"pt-BR","copyrightYear":"2025","copyrightHolder":{"@id":"https:\/\/agenciainfra.com\/blog\/#organization"}},{"@type":"WebPage","@id":"https:\/\/agenciainfra.com\/blog\/mme-prepara-decreto-que-permite-uso-de-bonus-de-itaipu-para-solucionar-deficit-em-conta\/","url":"https:\/\/agenciainfra.com\/blog\/mme-prepara-decreto-que-permite-uso-de-bonus-de-itaipu-para-solucionar-deficit-em-conta\/","name":"MME prepara decreto que permite uso de b\u00f4nus de Itaipu para solucionar d\u00e9ficit em conta - Ag\u00eancia iNFRA","isPartOf":{"@id":"https:\/\/agenciainfra.com\/blog\/#website"},"primaryImageOfPage":{"@id":"https:\/\/agenciainfra.com\/blog\/mme-prepara-decreto-que-permite-uso-de-bonus-de-itaipu-para-solucionar-deficit-em-conta\/#primaryimage"},"image":{"@id":"https:\/\/agenciainfra.com\/blog\/mme-prepara-decreto-que-permite-uso-de-bonus-de-itaipu-para-solucionar-deficit-em-conta\/#primaryimage"},"thumbnailUrl":"https:\/\/agenciainfra.com\/blog\/wp-content\/uploads\/2021\/05\/itaipu-foto-itaipu.jpeg","datePublished":"2025-02-06T13:00:00+00:00","breadcrumb":{"@id":"https:\/\/agenciainfra.com\/blog\/mme-prepara-decreto-que-permite-uso-de-bonus-de-itaipu-para-solucionar-deficit-em-conta\/#breadcrumb"},"inLanguage":"pt-BR","potentialAction":[{"@type":"ReadAction","target":["https:\/\/agenciainfra.com\/blog\/mme-prepara-decreto-que-permite-uso-de-bonus-de-itaipu-para-solucionar-deficit-em-conta\/"]}]},{"@type":"ImageObject","inLanguage":"pt-BR","@id":"https:\/\/agenciainfra.com\/blog\/mme-prepara-decreto-que-permite-uso-de-bonus-de-itaipu-para-solucionar-deficit-em-conta\/#primaryimage","url":"https:\/\/agenciainfra.com\/blog\/wp-content\/uploads\/2021\/05\/itaipu-foto-itaipu.jpeg","contentUrl":"https:\/\/agenciainfra.com\/blog\/wp-content\/uploads\/2021\/05\/itaipu-foto-itaipu.jpeg","width":1280,"height":810,"caption":"Foto: Itaipu"},{"@type":"BreadcrumbList","@id":"https:\/\/agenciainfra.com\/blog\/mme-prepara-decreto-que-permite-uso-de-bonus-de-itaipu-para-solucionar-deficit-em-conta\/#breadcrumb","itemListElement":[{"@type":"ListItem","position":1,"name":"In\u00edcio","item":"https:\/\/agenciainfra.com\/blog\/"},{"@type":"ListItem","position":2,"name":"MME prepara decreto que permite uso de b\u00f4nus de Itaipu para solucionar d\u00e9ficit em conta"}]},{"@type":"WebSite","@id":"https:\/\/agenciainfra.com\/blog\/#website","url":"https:\/\/agenciainfra.com\/blog\/","name":"Ag\u00eancia iNFRA","description":"Multiplataforma de informa\u00e7\u00e3o jornal\u00edstica refer\u00eancia na \u00e1rea de infraestrutura no Brasil!","publisher":{"@id":"https:\/\/agenciainfra.com\/blog\/#organization"},"potentialAction":[{"@type":"SearchAction","target":{"@type":"EntryPoint","urlTemplate":"https:\/\/agenciainfra.com\/blog\/?s={search_term_string}"},"query-input":{"@type":"PropertyValueSpecification","valueRequired":true,"valueName":"search_term_string"}}],"inLanguage":"pt-BR"},{"@type":"Organization","@id":"https:\/\/agenciainfra.com\/blog\/#organization","name":"Ag\u00eancia iNFRA","url":"https:\/\/agenciainfra.com\/blog\/","logo":{"@type":"ImageObject","inLanguage":"pt-BR","@id":"https:\/\/agenciainfra.com\/blog\/#\/schema\/logo\/image\/","url":"https:\/\/agenciainfra.com\/blog\/wp-content\/uploads\/2023\/09\/iNFRA_5-e1761735885940.png","contentUrl":"https:\/\/agenciainfra.com\/blog\/wp-content\/uploads\/2023\/09\/iNFRA_5-e1761735885940.png","width":1672,"height":454,"caption":"Ag\u00eancia iNFRA"},"image":{"@id":"https:\/\/agenciainfra.com\/blog\/#\/schema\/logo\/image\/"},"sameAs":["https:\/\/www.facebook.com\/ageninfra","https:\/\/x.com\/agencia_infra","https:\/\/www.linkedin.com\/company\/ag\u00eanciainfra\/","https:\/\/www.instagram.com\/agenciainfra\/"]},{"@type":"Person","@id":"https:\/\/agenciainfra.com\/blog\/#\/schema\/person\/34af08dff6adea4cb22b06612ba7acfa","name":"Ag\u00eancia iNFRA","image":{"@type":"ImageObject","inLanguage":"pt-BR","@id":"https:\/\/agenciainfra.com\/blog\/#\/schema\/person\/image\/","url":"https:\/\/secure.gravatar.com\/avatar\/d189e01678f06d8eb84d4e01f08eb848b3fffe3f8443818d3c356c66892f5be8?s=96&d=mm&r=g","contentUrl":"https:\/\/secure.gravatar.com\/avatar\/d189e01678f06d8eb84d4e01f08eb848b3fffe3f8443818d3c356c66892f5be8?s=96&d=mm&r=g","caption":"Ag\u00eancia iNFRA"},"url":"https:\/\/agenciainfra.com\/blog\/author\/admin\/"}]}},"_links":{"self":[{"href":"https:\/\/agenciainfra.com\/blog\/wp-json\/wp\/v2\/posts\/20201","targetHints":{"allow":["GET"]}}],"collection":[{"href":"https:\/\/agenciainfra.com\/blog\/wp-json\/wp\/v2\/posts"}],"about":[{"href":"https:\/\/agenciainfra.com\/blog\/wp-json\/wp\/v2\/types\/post"}],"author":[{"embeddable":true,"href":"https:\/\/agenciainfra.com\/blog\/wp-json\/wp\/v2\/users\/1"}],"replies":[{"embeddable":true,"href":"https:\/\/agenciainfra.com\/blog\/wp-json\/wp\/v2\/comments?post=20201"}],"version-history":[{"count":1,"href":"https:\/\/agenciainfra.com\/blog\/wp-json\/wp\/v2\/posts\/20201\/revisions"}],"predecessor-version":[{"id":20202,"href":"https:\/\/agenciainfra.com\/blog\/wp-json\/wp\/v2\/posts\/20201\/revisions\/20202"}],"wp:featuredmedia":[{"embeddable":true,"href":"https:\/\/agenciainfra.com\/blog\/wp-json\/wp\/v2\/media\/7280"}],"wp:attachment":[{"href":"https:\/\/agenciainfra.com\/blog\/wp-json\/wp\/v2\/media?parent=20201"}],"wp:term":[{"taxonomy":"category","embeddable":true,"href":"https:\/\/agenciainfra.com\/blog\/wp-json\/wp\/v2\/categories?post=20201"},{"taxonomy":"post_tag","embeddable":true,"href":"https:\/\/agenciainfra.com\/blog\/wp-json\/wp\/v2\/tags?post=20201"}],"curies":[{"name":"wp","href":"https:\/\/api.w.org\/{rel}","templated":true}]}}