{"id":20212,"date":"2025-02-07T09:00:00","date_gmt":"2025-02-07T12:00:00","guid":{"rendered":"https:\/\/agenciainfra.com\/blog\/?p=20212"},"modified":"2025-02-08T11:56:53","modified_gmt":"2025-02-08T14:56:53","slug":"deputado-ve-risco-de-distribuidoras-do-rj-terem-contratos-renovados-sem-seguir-criterios-tecnicos","status":"publish","type":"post","link":"https:\/\/agenciainfra.com\/blog\/deputado-ve-risco-de-distribuidoras-do-rj-terem-contratos-renovados-sem-seguir-criterios-tecnicos\/","title":{"rendered":"Deputado v\u00ea risco de distribuidoras do RJ terem contratos renovados sem seguir crit\u00e9rios t\u00e9cnicos"},"content":{"rendered":"\n<p class=\"has-text-align-right\"><strong>Marisa Wanzeller e Geraldo Campos Jr., da Ag\u00eancia iNFRA<\/strong><\/p>\n\n\n\n<p>O deputado Hugo Leal (PSD-RJ) avalia que h\u00e1 risco de que as renova\u00e7\u00f5es dos contratos das distribuidoras de energia do estado do Rio de Janeiro, que vencem em 2026, sejam feitas mesmo sem o cumprimento de todos os crit\u00e9rios t\u00e9cnicos. Tanto a Enel Rio de Janeiro quanto a Light enfrentam graves problemas, como altos \u00edndices de furtos de energia e de interrup\u00e7\u00f5es de fornecimento, pontuou.<br><br>O parlamentar disse temer que a \u201cr\u00e9gua\u201d a ser utilizada para a renova\u00e7\u00e3o da concess\u00e3o da EDP Esp\u00edrito Santo, cujo contrato vence em 2025, seja utilizada para as demais distribuidoras, como as do Rio, que n\u00e3o t\u00eam \u00edndices t\u00e3o favor\u00e1veis quanto a concession\u00e1ria capixaba.&nbsp;<br><br>Segundo Hugo Leal, as renova\u00e7\u00f5es da Enel Rio e da Light depender\u00e3o mais do fator pol\u00edtico do que t\u00e9cnico, uma vez que a decis\u00e3o final cabe ao poder concedente, ou seja, o Minist\u00e9rio de Minas e Energia. E essa boa vontade do governo, que ele acredita existir hoje, pode mudar at\u00e9 l\u00e1.&nbsp;<br><br>O parlamentar tem procurado autoridades p\u00fablicas para falar sobre o tema. Ele se reuniu com o presidente do TCU (Tribunal de Contas da Uni\u00e3o), Vital do R\u00eago, com secret\u00e1rios do MME (Minist\u00e9rio de Minas e Energia) e com diretores da ANEEL (Ag\u00eancia Nacional de Energia El\u00e9trica), informou \u00e0&nbsp;<strong>Ag\u00eancia iNFRA<\/strong>.<br><br><strong>Termo aditivo<\/strong><br>A reguladora deve deliberar nas pr\u00f3ximas semanas sobre o aditivo contratual para as renova\u00e7\u00f5es. Na \u00faltima quarta-feira (5), o diretor-geral da ANEEL, Sandoval Feitosa, reuniu-se com membros da Abradee (Associa\u00e7\u00e3o de Distribuidores de Energia El\u00e9trica), diretores das distribuidoras e com a relatora do processo na ag\u00eancia, diretora Agnes Costa.&nbsp;<br><br>\u201cNa oportunidade debatemos com os representantes das distribuidoras os novos contratos de concess\u00e3o a serem assinados que trar\u00e3o importantes avan\u00e7os para a melhoria da qualidade, da satisfa\u00e7\u00e3o dos usu\u00e1rios, da resili\u00eancia das redes, sempre prezando pela estabilidade regulat\u00f3ria e seguran\u00e7a jur\u00eddica&#8221;, informou Feitosa em publica\u00e7\u00e3o nas redes sociais.<br><br><strong>Ano decisivo<\/strong><br>Na avalia\u00e7\u00e3o do deputado Hugo Leal, 2025 ser\u00e1 um ano decisivo para a Enel Rio de Janeiro e para a Light, que ter\u00e3o contratos vencidos em 2026.&nbsp;<br><br>Ele acredita que este ver\u00e3o ser\u00e1 \u201cuma prova de fogo\u201d para as concession\u00e1rias, que dever\u00e3o mostrar compet\u00eancia na presta\u00e7\u00e3o do servi\u00e7o mesmo durante as chuvas. Caso o desempenho das distribuidoras seja ruim, ele acredita que as chances de renova\u00e7\u00e3o dos contratos cair\u00e3o.<br><br>A situa\u00e7\u00e3o mais delicada seria a da Enel, que tamb\u00e9m tem enfrentado dificuldades na sua concess\u00e3o em S\u00e3o Paulo por causa das interrup\u00e7\u00f5es de energia. Para Leal, esse problema pode acabar respingando no contrato do Rio, onde as quedas de fornecimento tamb\u00e9m s\u00e3o constantes, mas \u201cn\u00e3o ganham a mesma repercuss\u00e3o\u201d.<br><br><strong>TCU avaliar\u00e1 caso a caso<\/strong><br>O parlamentar acredita que o TCU \u201cvai olhar com lupa\u201d todos os tr\u00e2mites da renova\u00e7\u00e3o das concess\u00f5es de distribui\u00e7\u00e3o de energia el\u00e9trica.<br><br>Em janeiro de 2024, o plen\u00e1rio da Corte decidiu que vai analisar caso a caso as renova\u00e7\u00f5es de concess\u00f5es que ser\u00e3o pactuadas pela ANEEL e o MME com as distribuidoras. A tend\u00eancia \u00e9 que sejam instaurados processos de acompanhamento individuais \u00e0 medida que os aditivos sejam assinados.<br><br>Na \u00e9poca, o relator Antonio Anastasia entendeu que, diante da demora do envio por parte do Minist\u00e9rio de Minas e Energia de uma proposta e da possibilidade de o Congresso aprovar uma lei sobre o tema, n\u00e3o faria sentido o tribunal analisar uma proposta do minist\u00e9rio que valesse para todas as empresas. Assim, optou-se pela an\u00e1lise individual de cada contrato.&nbsp;<\/p>\n","protected":false},"excerpt":{"rendered":"<p>Marisa Wanzeller e Geraldo Campos Jr., da Ag\u00eancia iNFRA O deputado Hugo Leal (PSD-RJ) avalia que h\u00e1 risco de que as renova\u00e7\u00f5es dos contratos das distribuidoras de energia do estado do Rio de Janeiro, que vencem em 2026, sejam feitas mesmo sem o cumprimento de todos os crit\u00e9rios t\u00e9cnicos. Tanto a Enel Rio de Janeiro [&hellip;]<\/p>\n","protected":false},"author":1,"featured_media":20215,"comment_status":"closed","ping_status":"closed","sticky":false,"template":"","format":"standard","meta":{"_monsterinsights_skip_tracking":false,"_monsterinsights_sitenote_active":false,"_monsterinsights_sitenote_note":"","_monsterinsights_sitenote_category":0,"footnotes":""},"categories":[7250,1,10],"tags":[8447,491,12484,7090,282,11594,1867,7366,7169,8449],"class_list":["post-20212","post","type-post","status-publish","format-standard","has-post-thumbnail","hentry","category-destaque-lista","category-geral","category-infraenergia","tag-concessoes-de-energia","tag-distribuidoras-de-energia","tag-distribuidoras-do-rj","tag-enel-rio","tag-energia-eletrica","tag-geraldo-campos-jr","tag-light","tag-marisa-wanzeller","tag-renovacao-de-concessoes","tag-renovacao-de-contratos"],"yoast_head":"<!-- This site is optimized with the Yoast SEO Premium plugin v25.4 (Yoast SEO v26.0) - https:\/\/yoast.com\/wordpress\/plugins\/seo\/ -->\n<title>Deputado v\u00ea risco de distribuidoras do RJ terem contratos renovados sem seguir crit\u00e9rios t\u00e9cnicos - Ag\u00eancia iNFRA<\/title>\n<meta name=\"robots\" content=\"index, follow, max-snippet:-1, max-image-preview:large, max-video-preview:-1\" \/>\n<link rel=\"canonical\" href=\"https:\/\/agenciainfra.com\/blog\/deputado-ve-risco-de-distribuidoras-do-rj-terem-contratos-renovados-sem-seguir-criterios-tecnicos\/\" \/>\n<meta property=\"og:locale\" content=\"pt_BR\" \/>\n<meta property=\"og:type\" content=\"article\" \/>\n<meta property=\"og:title\" content=\"Deputado v\u00ea risco de distribuidoras do RJ terem contratos renovados sem seguir crit\u00e9rios t\u00e9cnicos\" \/>\n<meta property=\"og:description\" content=\"Marisa Wanzeller e Geraldo Campos Jr., da Ag\u00eancia iNFRA O deputado Hugo Leal (PSD-RJ) avalia que h\u00e1 risco de que as renova\u00e7\u00f5es dos contratos das distribuidoras de energia do estado do Rio de Janeiro, que vencem em 2026, sejam feitas mesmo sem o cumprimento de todos os crit\u00e9rios t\u00e9cnicos. Tanto a Enel Rio de Janeiro [&hellip;]\" \/>\n<meta property=\"og:url\" content=\"https:\/\/agenciainfra.com\/blog\/deputado-ve-risco-de-distribuidoras-do-rj-terem-contratos-renovados-sem-seguir-criterios-tecnicos\/\" \/>\n<meta property=\"og:site_name\" content=\"Ag\u00eancia iNFRA\" \/>\n<meta property=\"article:publisher\" content=\"https:\/\/www.facebook.com\/ageninfra\" \/>\n<meta property=\"article:published_time\" content=\"2025-02-07T12:00:00+00:00\" \/>\n<meta property=\"article:modified_time\" content=\"2025-02-08T14:56:53+00:00\" \/>\n<meta property=\"og:image\" content=\"https:\/\/agenciainfra.com\/blog\/wp-content\/uploads\/2025\/02\/hugo-leal-foto-vinicius-loures-agencia-camara-2.jpg\" \/>\n\t<meta property=\"og:image:width\" content=\"1208\" \/>\n\t<meta property=\"og:image:height\" content=\"805\" \/>\n\t<meta property=\"og:image:type\" content=\"image\/jpeg\" \/>\n<meta name=\"author\" content=\"Ag\u00eancia iNFRA\" \/>\n<meta name=\"twitter:card\" content=\"summary_large_image\" \/>\n<meta name=\"twitter:creator\" content=\"@agencia_infra\" \/>\n<meta name=\"twitter:site\" content=\"@agencia_infra\" \/>\n<meta name=\"twitter:label1\" content=\"Escrito por\" \/>\n\t<meta name=\"twitter:data1\" content=\"Ag\u00eancia iNFRA\" \/>\n\t<meta name=\"twitter:label2\" content=\"Est. tempo de leitura\" \/>\n\t<meta name=\"twitter:data2\" content=\"3 minutos\" \/>\n<script type=\"application\/ld+json\" class=\"yoast-schema-graph\">{\"@context\":\"https:\/\/schema.org\",\"@graph\":[{\"@type\":\"Article\",\"@id\":\"https:\/\/agenciainfra.com\/blog\/deputado-ve-risco-de-distribuidoras-do-rj-terem-contratos-renovados-sem-seguir-criterios-tecnicos\/#article\",\"isPartOf\":{\"@id\":\"https:\/\/agenciainfra.com\/blog\/deputado-ve-risco-de-distribuidoras-do-rj-terem-contratos-renovados-sem-seguir-criterios-tecnicos\/\"},\"author\":{\"name\":\"Ag\u00eancia iNFRA\",\"@id\":\"https:\/\/agenciainfra.com\/blog\/#\/schema\/person\/34af08dff6adea4cb22b06612ba7acfa\"},\"headline\":\"Deputado v\u00ea risco de distribuidoras do RJ terem contratos renovados sem seguir crit\u00e9rios t\u00e9cnicos\",\"datePublished\":\"2025-02-07T12:00:00+00:00\",\"dateModified\":\"2025-02-08T14:56:53+00:00\",\"mainEntityOfPage\":{\"@id\":\"https:\/\/agenciainfra.com\/blog\/deputado-ve-risco-de-distribuidoras-do-rj-terem-contratos-renovados-sem-seguir-criterios-tecnicos\/\"},\"wordCount\":663,\"publisher\":{\"@id\":\"https:\/\/agenciainfra.com\/blog\/#organization\"},\"image\":{\"@id\":\"https:\/\/agenciainfra.com\/blog\/deputado-ve-risco-de-distribuidoras-do-rj-terem-contratos-renovados-sem-seguir-criterios-tecnicos\/#primaryimage\"},\"thumbnailUrl\":\"https:\/\/agenciainfra.com\/blog\/wp-content\/uploads\/2025\/02\/hugo-leal-foto-vinicius-loures-agencia-camara-2-e1747939162195.jpg\",\"keywords\":[\"Concess\u00f5es de Energia\",\"distribuidoras de energia\",\"distribuidoras do RJ\",\"Enel Rio\",\"energia el\u00e9trica\",\"Geraldo Campos Jr.\",\"Light\",\"Marisa Wanzeller\",\"renova\u00e7\u00e3o de concess\u00f5es\",\"Renova\u00e7\u00e3o de Contratos\"],\"articleSection\":[\"Destaque lista\",\"Geral\",\"iNFRAEnergia\"],\"inLanguage\":\"pt-BR\",\"copyrightYear\":\"2025\",\"copyrightHolder\":{\"@id\":\"https:\/\/agenciainfra.com\/blog\/#organization\"}},{\"@type\":\"WebPage\",\"@id\":\"https:\/\/agenciainfra.com\/blog\/deputado-ve-risco-de-distribuidoras-do-rj-terem-contratos-renovados-sem-seguir-criterios-tecnicos\/\",\"url\":\"https:\/\/agenciainfra.com\/blog\/deputado-ve-risco-de-distribuidoras-do-rj-terem-contratos-renovados-sem-seguir-criterios-tecnicos\/\",\"name\":\"Deputado v\u00ea risco de distribuidoras do RJ terem contratos renovados sem seguir crit\u00e9rios t\u00e9cnicos - Ag\u00eancia iNFRA\",\"isPartOf\":{\"@id\":\"https:\/\/agenciainfra.com\/blog\/#website\"},\"primaryImageOfPage\":{\"@id\":\"https:\/\/agenciainfra.com\/blog\/deputado-ve-risco-de-distribuidoras-do-rj-terem-contratos-renovados-sem-seguir-criterios-tecnicos\/#primaryimage\"},\"image\":{\"@id\":\"https:\/\/agenciainfra.com\/blog\/deputado-ve-risco-de-distribuidoras-do-rj-terem-contratos-renovados-sem-seguir-criterios-tecnicos\/#primaryimage\"},\"thumbnailUrl\":\"https:\/\/agenciainfra.com\/blog\/wp-content\/uploads\/2025\/02\/hugo-leal-foto-vinicius-loures-agencia-camara-2-e1747939162195.jpg\",\"datePublished\":\"2025-02-07T12:00:00+00:00\",\"dateModified\":\"2025-02-08T14:56:53+00:00\",\"breadcrumb\":{\"@id\":\"https:\/\/agenciainfra.com\/blog\/deputado-ve-risco-de-distribuidoras-do-rj-terem-contratos-renovados-sem-seguir-criterios-tecnicos\/#breadcrumb\"},\"inLanguage\":\"pt-BR\",\"potentialAction\":[{\"@type\":\"ReadAction\",\"target\":[\"https:\/\/agenciainfra.com\/blog\/deputado-ve-risco-de-distribuidoras-do-rj-terem-contratos-renovados-sem-seguir-criterios-tecnicos\/\"]}]},{\"@type\":\"ImageObject\",\"inLanguage\":\"pt-BR\",\"@id\":\"https:\/\/agenciainfra.com\/blog\/deputado-ve-risco-de-distribuidoras-do-rj-terem-contratos-renovados-sem-seguir-criterios-tecnicos\/#primaryimage\",\"url\":\"https:\/\/agenciainfra.com\/blog\/wp-content\/uploads\/2025\/02\/hugo-leal-foto-vinicius-loures-agencia-camara-2-e1747939162195.jpg\",\"contentUrl\":\"https:\/\/agenciainfra.com\/blog\/wp-content\/uploads\/2025\/02\/hugo-leal-foto-vinicius-loures-agencia-camara-2-e1747939162195.jpg\",\"width\":1208,\"height\":727,\"caption\":\"Foto: Vinicius Loures\/Ag\u00eancia C\u00e2mara\"},{\"@type\":\"BreadcrumbList\",\"@id\":\"https:\/\/agenciainfra.com\/blog\/deputado-ve-risco-de-distribuidoras-do-rj-terem-contratos-renovados-sem-seguir-criterios-tecnicos\/#breadcrumb\",\"itemListElement\":[{\"@type\":\"ListItem\",\"position\":1,\"name\":\"In\u00edcio\",\"item\":\"https:\/\/agenciainfra.com\/blog\/\"},{\"@type\":\"ListItem\",\"position\":2,\"name\":\"Deputado v\u00ea risco de distribuidoras do RJ terem contratos renovados sem seguir crit\u00e9rios t\u00e9cnicos\"}]},{\"@type\":\"WebSite\",\"@id\":\"https:\/\/agenciainfra.com\/blog\/#website\",\"url\":\"https:\/\/agenciainfra.com\/blog\/\",\"name\":\"Ag\u00eancia iNFRA\",\"description\":\"Multiplataforma de informa\u00e7\u00e3o jornal\u00edstica refer\u00eancia na \u00e1rea de infraestrutura no Brasil!\",\"publisher\":{\"@id\":\"https:\/\/agenciainfra.com\/blog\/#organization\"},\"potentialAction\":[{\"@type\":\"SearchAction\",\"target\":{\"@type\":\"EntryPoint\",\"urlTemplate\":\"https:\/\/agenciainfra.com\/blog\/?s={search_term_string}\"},\"query-input\":{\"@type\":\"PropertyValueSpecification\",\"valueRequired\":true,\"valueName\":\"search_term_string\"}}],\"inLanguage\":\"pt-BR\"},{\"@type\":\"Organization\",\"@id\":\"https:\/\/agenciainfra.com\/blog\/#organization\",\"name\":\"Ag\u00eancia iNFRA\",\"url\":\"https:\/\/agenciainfra.com\/blog\/\",\"logo\":{\"@type\":\"ImageObject\",\"inLanguage\":\"pt-BR\",\"@id\":\"https:\/\/agenciainfra.com\/blog\/#\/schema\/logo\/image\/\",\"url\":\"https:\/\/agenciainfra.com\/blog\/wp-content\/uploads\/2023\/09\/iNFRA_5-e1761735885940.png\",\"contentUrl\":\"https:\/\/agenciainfra.com\/blog\/wp-content\/uploads\/2023\/09\/iNFRA_5-e1761735885940.png\",\"width\":1672,\"height\":454,\"caption\":\"Ag\u00eancia iNFRA\"},\"image\":{\"@id\":\"https:\/\/agenciainfra.com\/blog\/#\/schema\/logo\/image\/\"},\"sameAs\":[\"https:\/\/www.facebook.com\/ageninfra\",\"https:\/\/x.com\/agencia_infra\",\"https:\/\/www.linkedin.com\/company\/ag\u00eanciainfra\/\",\"https:\/\/www.instagram.com\/agenciainfra\/\"]},{\"@type\":\"Person\",\"@id\":\"https:\/\/agenciainfra.com\/blog\/#\/schema\/person\/34af08dff6adea4cb22b06612ba7acfa\",\"name\":\"Ag\u00eancia iNFRA\",\"image\":{\"@type\":\"ImageObject\",\"inLanguage\":\"pt-BR\",\"@id\":\"https:\/\/agenciainfra.com\/blog\/#\/schema\/person\/image\/\",\"url\":\"https:\/\/secure.gravatar.com\/avatar\/d189e01678f06d8eb84d4e01f08eb848b3fffe3f8443818d3c356c66892f5be8?s=96&d=mm&r=g\",\"contentUrl\":\"https:\/\/secure.gravatar.com\/avatar\/d189e01678f06d8eb84d4e01f08eb848b3fffe3f8443818d3c356c66892f5be8?s=96&d=mm&r=g\",\"caption\":\"Ag\u00eancia iNFRA\"},\"url\":\"https:\/\/agenciainfra.com\/blog\/author\/admin\/\"}]}<\/script>\n<!-- \/ Yoast SEO Premium plugin. -->","yoast_head_json":{"title":"Deputado v\u00ea risco de distribuidoras do RJ terem contratos renovados sem seguir crit\u00e9rios t\u00e9cnicos - Ag\u00eancia iNFRA","robots":{"index":"index","follow":"follow","max-snippet":"max-snippet:-1","max-image-preview":"max-image-preview:large","max-video-preview":"max-video-preview:-1"},"canonical":"https:\/\/agenciainfra.com\/blog\/deputado-ve-risco-de-distribuidoras-do-rj-terem-contratos-renovados-sem-seguir-criterios-tecnicos\/","og_locale":"pt_BR","og_type":"article","og_title":"Deputado v\u00ea risco de distribuidoras do RJ terem contratos renovados sem seguir crit\u00e9rios t\u00e9cnicos","og_description":"Marisa Wanzeller e Geraldo Campos Jr., da Ag\u00eancia iNFRA O deputado Hugo Leal (PSD-RJ) avalia que h\u00e1 risco de que as renova\u00e7\u00f5es dos contratos das distribuidoras de energia do estado do Rio de Janeiro, que vencem em 2026, sejam feitas mesmo sem o cumprimento de todos os crit\u00e9rios t\u00e9cnicos. Tanto a Enel Rio de Janeiro [&hellip;]","og_url":"https:\/\/agenciainfra.com\/blog\/deputado-ve-risco-de-distribuidoras-do-rj-terem-contratos-renovados-sem-seguir-criterios-tecnicos\/","og_site_name":"Ag\u00eancia iNFRA","article_publisher":"https:\/\/www.facebook.com\/ageninfra","article_published_time":"2025-02-07T12:00:00+00:00","article_modified_time":"2025-02-08T14:56:53+00:00","og_image":[{"width":1208,"height":805,"url":"https:\/\/agenciainfra.com\/blog\/wp-content\/uploads\/2025\/02\/hugo-leal-foto-vinicius-loures-agencia-camara-2.jpg","type":"image\/jpeg"}],"author":"Ag\u00eancia iNFRA","twitter_card":"summary_large_image","twitter_creator":"@agencia_infra","twitter_site":"@agencia_infra","twitter_misc":{"Escrito por":"Ag\u00eancia iNFRA","Est. tempo de leitura":"3 minutos"},"schema":{"@context":"https:\/\/schema.org","@graph":[{"@type":"Article","@id":"https:\/\/agenciainfra.com\/blog\/deputado-ve-risco-de-distribuidoras-do-rj-terem-contratos-renovados-sem-seguir-criterios-tecnicos\/#article","isPartOf":{"@id":"https:\/\/agenciainfra.com\/blog\/deputado-ve-risco-de-distribuidoras-do-rj-terem-contratos-renovados-sem-seguir-criterios-tecnicos\/"},"author":{"name":"Ag\u00eancia iNFRA","@id":"https:\/\/agenciainfra.com\/blog\/#\/schema\/person\/34af08dff6adea4cb22b06612ba7acfa"},"headline":"Deputado v\u00ea risco de distribuidoras do RJ terem contratos renovados sem seguir crit\u00e9rios t\u00e9cnicos","datePublished":"2025-02-07T12:00:00+00:00","dateModified":"2025-02-08T14:56:53+00:00","mainEntityOfPage":{"@id":"https:\/\/agenciainfra.com\/blog\/deputado-ve-risco-de-distribuidoras-do-rj-terem-contratos-renovados-sem-seguir-criterios-tecnicos\/"},"wordCount":663,"publisher":{"@id":"https:\/\/agenciainfra.com\/blog\/#organization"},"image":{"@id":"https:\/\/agenciainfra.com\/blog\/deputado-ve-risco-de-distribuidoras-do-rj-terem-contratos-renovados-sem-seguir-criterios-tecnicos\/#primaryimage"},"thumbnailUrl":"https:\/\/agenciainfra.com\/blog\/wp-content\/uploads\/2025\/02\/hugo-leal-foto-vinicius-loures-agencia-camara-2-e1747939162195.jpg","keywords":["Concess\u00f5es de Energia","distribuidoras de energia","distribuidoras do RJ","Enel Rio","energia el\u00e9trica","Geraldo Campos Jr.","Light","Marisa Wanzeller","renova\u00e7\u00e3o de concess\u00f5es","Renova\u00e7\u00e3o de Contratos"],"articleSection":["Destaque lista","Geral","iNFRAEnergia"],"inLanguage":"pt-BR","copyrightYear":"2025","copyrightHolder":{"@id":"https:\/\/agenciainfra.com\/blog\/#organization"}},{"@type":"WebPage","@id":"https:\/\/agenciainfra.com\/blog\/deputado-ve-risco-de-distribuidoras-do-rj-terem-contratos-renovados-sem-seguir-criterios-tecnicos\/","url":"https:\/\/agenciainfra.com\/blog\/deputado-ve-risco-de-distribuidoras-do-rj-terem-contratos-renovados-sem-seguir-criterios-tecnicos\/","name":"Deputado v\u00ea risco de distribuidoras do RJ terem contratos renovados sem seguir crit\u00e9rios t\u00e9cnicos - Ag\u00eancia iNFRA","isPartOf":{"@id":"https:\/\/agenciainfra.com\/blog\/#website"},"primaryImageOfPage":{"@id":"https:\/\/agenciainfra.com\/blog\/deputado-ve-risco-de-distribuidoras-do-rj-terem-contratos-renovados-sem-seguir-criterios-tecnicos\/#primaryimage"},"image":{"@id":"https:\/\/agenciainfra.com\/blog\/deputado-ve-risco-de-distribuidoras-do-rj-terem-contratos-renovados-sem-seguir-criterios-tecnicos\/#primaryimage"},"thumbnailUrl":"https:\/\/agenciainfra.com\/blog\/wp-content\/uploads\/2025\/02\/hugo-leal-foto-vinicius-loures-agencia-camara-2-e1747939162195.jpg","datePublished":"2025-02-07T12:00:00+00:00","dateModified":"2025-02-08T14:56:53+00:00","breadcrumb":{"@id":"https:\/\/agenciainfra.com\/blog\/deputado-ve-risco-de-distribuidoras-do-rj-terem-contratos-renovados-sem-seguir-criterios-tecnicos\/#breadcrumb"},"inLanguage":"pt-BR","potentialAction":[{"@type":"ReadAction","target":["https:\/\/agenciainfra.com\/blog\/deputado-ve-risco-de-distribuidoras-do-rj-terem-contratos-renovados-sem-seguir-criterios-tecnicos\/"]}]},{"@type":"ImageObject","inLanguage":"pt-BR","@id":"https:\/\/agenciainfra.com\/blog\/deputado-ve-risco-de-distribuidoras-do-rj-terem-contratos-renovados-sem-seguir-criterios-tecnicos\/#primaryimage","url":"https:\/\/agenciainfra.com\/blog\/wp-content\/uploads\/2025\/02\/hugo-leal-foto-vinicius-loures-agencia-camara-2-e1747939162195.jpg","contentUrl":"https:\/\/agenciainfra.com\/blog\/wp-content\/uploads\/2025\/02\/hugo-leal-foto-vinicius-loures-agencia-camara-2-e1747939162195.jpg","width":1208,"height":727,"caption":"Foto: Vinicius Loures\/Ag\u00eancia C\u00e2mara"},{"@type":"BreadcrumbList","@id":"https:\/\/agenciainfra.com\/blog\/deputado-ve-risco-de-distribuidoras-do-rj-terem-contratos-renovados-sem-seguir-criterios-tecnicos\/#breadcrumb","itemListElement":[{"@type":"ListItem","position":1,"name":"In\u00edcio","item":"https:\/\/agenciainfra.com\/blog\/"},{"@type":"ListItem","position":2,"name":"Deputado v\u00ea risco de distribuidoras do RJ terem contratos renovados sem seguir crit\u00e9rios t\u00e9cnicos"}]},{"@type":"WebSite","@id":"https:\/\/agenciainfra.com\/blog\/#website","url":"https:\/\/agenciainfra.com\/blog\/","name":"Ag\u00eancia iNFRA","description":"Multiplataforma de informa\u00e7\u00e3o jornal\u00edstica refer\u00eancia na \u00e1rea de infraestrutura no Brasil!","publisher":{"@id":"https:\/\/agenciainfra.com\/blog\/#organization"},"potentialAction":[{"@type":"SearchAction","target":{"@type":"EntryPoint","urlTemplate":"https:\/\/agenciainfra.com\/blog\/?s={search_term_string}"},"query-input":{"@type":"PropertyValueSpecification","valueRequired":true,"valueName":"search_term_string"}}],"inLanguage":"pt-BR"},{"@type":"Organization","@id":"https:\/\/agenciainfra.com\/blog\/#organization","name":"Ag\u00eancia iNFRA","url":"https:\/\/agenciainfra.com\/blog\/","logo":{"@type":"ImageObject","inLanguage":"pt-BR","@id":"https:\/\/agenciainfra.com\/blog\/#\/schema\/logo\/image\/","url":"https:\/\/agenciainfra.com\/blog\/wp-content\/uploads\/2023\/09\/iNFRA_5-e1761735885940.png","contentUrl":"https:\/\/agenciainfra.com\/blog\/wp-content\/uploads\/2023\/09\/iNFRA_5-e1761735885940.png","width":1672,"height":454,"caption":"Ag\u00eancia iNFRA"},"image":{"@id":"https:\/\/agenciainfra.com\/blog\/#\/schema\/logo\/image\/"},"sameAs":["https:\/\/www.facebook.com\/ageninfra","https:\/\/x.com\/agencia_infra","https:\/\/www.linkedin.com\/company\/ag\u00eanciainfra\/","https:\/\/www.instagram.com\/agenciainfra\/"]},{"@type":"Person","@id":"https:\/\/agenciainfra.com\/blog\/#\/schema\/person\/34af08dff6adea4cb22b06612ba7acfa","name":"Ag\u00eancia iNFRA","image":{"@type":"ImageObject","inLanguage":"pt-BR","@id":"https:\/\/agenciainfra.com\/blog\/#\/schema\/person\/image\/","url":"https:\/\/secure.gravatar.com\/avatar\/d189e01678f06d8eb84d4e01f08eb848b3fffe3f8443818d3c356c66892f5be8?s=96&d=mm&r=g","contentUrl":"https:\/\/secure.gravatar.com\/avatar\/d189e01678f06d8eb84d4e01f08eb848b3fffe3f8443818d3c356c66892f5be8?s=96&d=mm&r=g","caption":"Ag\u00eancia iNFRA"},"url":"https:\/\/agenciainfra.com\/blog\/author\/admin\/"}]}},"_links":{"self":[{"href":"https:\/\/agenciainfra.com\/blog\/wp-json\/wp\/v2\/posts\/20212","targetHints":{"allow":["GET"]}}],"collection":[{"href":"https:\/\/agenciainfra.com\/blog\/wp-json\/wp\/v2\/posts"}],"about":[{"href":"https:\/\/agenciainfra.com\/blog\/wp-json\/wp\/v2\/types\/post"}],"author":[{"embeddable":true,"href":"https:\/\/agenciainfra.com\/blog\/wp-json\/wp\/v2\/users\/1"}],"replies":[{"embeddable":true,"href":"https:\/\/agenciainfra.com\/blog\/wp-json\/wp\/v2\/comments?post=20212"}],"version-history":[{"count":1,"href":"https:\/\/agenciainfra.com\/blog\/wp-json\/wp\/v2\/posts\/20212\/revisions"}],"predecessor-version":[{"id":20213,"href":"https:\/\/agenciainfra.com\/blog\/wp-json\/wp\/v2\/posts\/20212\/revisions\/20213"}],"wp:featuredmedia":[{"embeddable":true,"href":"https:\/\/agenciainfra.com\/blog\/wp-json\/wp\/v2\/media\/20215"}],"wp:attachment":[{"href":"https:\/\/agenciainfra.com\/blog\/wp-json\/wp\/v2\/media?parent=20212"}],"wp:term":[{"taxonomy":"category","embeddable":true,"href":"https:\/\/agenciainfra.com\/blog\/wp-json\/wp\/v2\/categories?post=20212"},{"taxonomy":"post_tag","embeddable":true,"href":"https:\/\/agenciainfra.com\/blog\/wp-json\/wp\/v2\/tags?post=20212"}],"curies":[{"name":"wp","href":"https:\/\/api.w.org\/{rel}","templated":true}]}}