{"id":20253,"date":"2025-02-11T10:00:00","date_gmt":"2025-02-11T13:00:00","guid":{"rendered":"https:\/\/agenciainfra.com\/blog\/?p=20253"},"modified":"2025-02-11T06:25:55","modified_gmt":"2025-02-11T09:25:55","slug":"curtailment-alexandre-silveira-diz-procurar-equilibrio-entre-seguranca-e-modicidade-tarifaria","status":"publish","type":"post","link":"https:\/\/agenciainfra.com\/blog\/curtailment-alexandre-silveira-diz-procurar-equilibrio-entre-seguranca-e-modicidade-tarifaria\/","title":{"rendered":"Curtailment: Alexandre Silveira diz procurar equil\u00edbrio entre seguran\u00e7a e modicidade tarif\u00e1ria"},"content":{"rendered":"\n<p class=\"has-text-align-right\"><strong>Geraldo Campos Jr. e Marisa Wanzeller, da Ag\u00eancia iNFRA<\/strong><\/p>\n\n\n\n<p>O ministro Alexandre Silveira, de Minas e Energia, disse nesta segunda-feira (10) que o governo trabalha para encontrar um &#8220;ponto de equil\u00edbrio&#8221; entre a seguran\u00e7a do SIN (Sistema Interligado Nacional) e a modicidade tarif\u00e1ria, at\u00e9 que as obras de transmiss\u00e3o j\u00e1 licitadas sejam conclu\u00eddas.<\/p>\n\n\n\n<p>Segundo ele, o atraso nos leil\u00f5es de linhas de transmiss\u00e3o no passado foi o que levou ao problema atual dos cortes de gera\u00e7\u00e3o, o curtailment. O problema est\u00e1 afetando geradores e\u00f3licos e solares, com queda de receita, e levando a imbr\u00f3glios judiciais e administrativos com pedidos de ressarcimento.&nbsp;<\/p>\n\n\n\n<p>&#8220;N\u00f3s estamos trabalhando com isso, n\u00f3s vamos chegar a um ponto de equil\u00edbrio, mas n\u00e3o abrindo m\u00e3o da seguran\u00e7a energ\u00e9tica, porque seguran\u00e7a energ\u00e9tica e modicidade tarif\u00e1ria, ou seja, cada vez menor custo para o consumidor, \u00e9 o nosso grande objetivo&#8221;, afirmou Silveira \u00e0 imprensa em Jana\u00faba (MG), durante visita ao canteiro de obras da ISA Energia.<\/p>\n\n\n\n<p>O ministro mencionou que o ONS (Operador Nacional do Sistema El\u00e9trico) criou &#8220;regras mais r\u00edgidas para despacho&#8221; das energias renov\u00e1veis ap\u00f3s o apag\u00e3o de agosto de 2023, e disse ser necess\u00e1rio um equil\u00edbrio para que &#8220;isso n\u00e3o seja exagerado e possa comprometer aqueles que geram energia e que t\u00eam que ter seguran\u00e7a jur\u00eddica&#8221;.<\/p>\n\n\n\n<p>&#8220;O problema \u00e9 que h\u00e1 uma ansiedade natural daqueles que precisam efetivamente escoar a energia que est\u00e3o produzindo, porque houve um desencontro de data entre a transmiss\u00e3o por irresponsabilidade e falta de planejamento nos \u00faltimos seis anos, antes de 2022. E n\u00f3s corrigimos isso com os leil\u00f5es&#8221;, disse o ministro.<\/p>\n\n\n\n<p><strong>Grupo de Trabalho<\/strong><br>O minist\u00e9rio, juntamente com a ANEEL (Ag\u00eancia Nacional de Energia El\u00e9trica), o ONS e a EPE (Empresa de Pesquisa Energ\u00e9tica) devem criar oficialmente nas pr\u00f3ximas semanas um GT (Grupo de Trabalho) para discutir o tema.<\/p>\n\n\n\n<p>A ideia \u00e9 que o GT, fa\u00e7a uma avalia\u00e7\u00e3o &#8220;hol\u00edstica&#8221; do problema e das solu\u00e7\u00f5es poss\u00edveis, sem tirar a compet\u00eancia regulat\u00f3ria da ANEEL, mas abordando mudan\u00e7as operativas e no planejamento do sistema que podem ser feitas, segundo fontes.<\/p>\n","protected":false},"excerpt":{"rendered":"<p>Geraldo Campos Jr. e Marisa Wanzeller, da Ag\u00eancia iNFRA O ministro Alexandre Silveira, de Minas e Energia, disse nesta segunda-feira (10) que o governo trabalha para encontrar um &#8220;ponto de equil\u00edbrio&#8221; entre a seguran\u00e7a do SIN (Sistema Interligado Nacional) e a modicidade tarif\u00e1ria, at\u00e9 que as obras de transmiss\u00e3o j\u00e1 licitadas sejam conclu\u00eddas. Segundo ele, [&hellip;]<\/p>\n","protected":false},"author":1,"featured_media":0,"comment_status":"closed","ping_status":"closed","sticky":false,"template":"","format":"standard","meta":{"_monsterinsights_skip_tracking":false,"_monsterinsights_sitenote_active":false,"_monsterinsights_sitenote_note":"","_monsterinsights_sitenote_category":0,"footnotes":""},"categories":[7250,1,10],"tags":[6040,53,12154,11474,12,2803,12508,11594,12507,7366,2941,12506,216,12505],"class_list":["post-20253","post","type-post","status-publish","format-standard","hentry","category-destaque-lista","category-geral","category-infraenergia","tag-alexandre-silveira","tag-aneel","tag-cortes-de-geracao","tag-curtailment","tag-epe","tag-geracao-de-energia","tag-geradores-eolicos-e-solares","tag-geraldo-campos-jr","tag-leiloes-de-linhas-de-transmissao","tag-marisa-wanzeller","tag-modicidade-tarifaria","tag-obras-de-transmissao","tag-ons","tag-seguranca-do-sin"],"yoast_head":"<!-- This site is optimized with the Yoast SEO Premium plugin v25.4 (Yoast SEO v26.0) - https:\/\/yoast.com\/wordpress\/plugins\/seo\/ -->\n<title>Curtailment: Alexandre Silveira diz procurar equil\u00edbrio entre seguran\u00e7a e modicidade tarif\u00e1ria - Ag\u00eancia iNFRA<\/title>\n<meta name=\"robots\" content=\"index, follow, max-snippet:-1, max-image-preview:large, max-video-preview:-1\" \/>\n<link rel=\"canonical\" href=\"https:\/\/agenciainfra.com\/blog\/curtailment-alexandre-silveira-diz-procurar-equilibrio-entre-seguranca-e-modicidade-tarifaria\/\" \/>\n<meta property=\"og:locale\" content=\"pt_BR\" \/>\n<meta property=\"og:type\" content=\"article\" \/>\n<meta property=\"og:title\" content=\"Curtailment: Alexandre Silveira diz procurar equil\u00edbrio entre seguran\u00e7a e modicidade tarif\u00e1ria\" \/>\n<meta property=\"og:description\" content=\"Geraldo Campos Jr. e Marisa Wanzeller, da Ag\u00eancia iNFRA O ministro Alexandre Silveira, de Minas e Energia, disse nesta segunda-feira (10) que o governo trabalha para encontrar um &#8220;ponto de equil\u00edbrio&#8221; entre a seguran\u00e7a do SIN (Sistema Interligado Nacional) e a modicidade tarif\u00e1ria, at\u00e9 que as obras de transmiss\u00e3o j\u00e1 licitadas sejam conclu\u00eddas. Segundo ele, [&hellip;]\" \/>\n<meta property=\"og:url\" content=\"https:\/\/agenciainfra.com\/blog\/curtailment-alexandre-silveira-diz-procurar-equilibrio-entre-seguranca-e-modicidade-tarifaria\/\" \/>\n<meta property=\"og:site_name\" content=\"Ag\u00eancia iNFRA\" \/>\n<meta property=\"article:publisher\" content=\"https:\/\/www.facebook.com\/ageninfra\" \/>\n<meta property=\"article:published_time\" content=\"2025-02-11T13:00:00+00:00\" \/>\n<meta property=\"og:image\" content=\"https:\/\/agenciainfra.com\/blog\/wp-content\/uploads\/2020\/01\/geracao-distribuida-dominio-publico.jpg\" \/>\n\t<meta property=\"og:image:width\" content=\"1280\" \/>\n\t<meta property=\"og:image:height\" content=\"851\" \/>\n\t<meta property=\"og:image:type\" content=\"image\/jpeg\" \/>\n<meta name=\"author\" content=\"Ag\u00eancia iNFRA\" \/>\n<meta name=\"twitter:card\" content=\"summary_large_image\" \/>\n<meta name=\"twitter:creator\" content=\"@agencia_infra\" \/>\n<meta name=\"twitter:site\" content=\"@agencia_infra\" \/>\n<meta name=\"twitter:label1\" content=\"Escrito por\" \/>\n\t<meta name=\"twitter:data1\" content=\"Ag\u00eancia iNFRA\" \/>\n\t<meta name=\"twitter:label2\" content=\"Est. tempo de leitura\" \/>\n\t<meta name=\"twitter:data2\" content=\"2 minutos\" \/>\n<script type=\"application\/ld+json\" class=\"yoast-schema-graph\">{\"@context\":\"https:\/\/schema.org\",\"@graph\":[{\"@type\":\"Article\",\"@id\":\"https:\/\/agenciainfra.com\/blog\/curtailment-alexandre-silveira-diz-procurar-equilibrio-entre-seguranca-e-modicidade-tarifaria\/#article\",\"isPartOf\":{\"@id\":\"https:\/\/agenciainfra.com\/blog\/curtailment-alexandre-silveira-diz-procurar-equilibrio-entre-seguranca-e-modicidade-tarifaria\/\"},\"author\":{\"name\":\"Ag\u00eancia iNFRA\",\"@id\":\"https:\/\/agenciainfra.com\/blog\/#\/schema\/person\/34af08dff6adea4cb22b06612ba7acfa\"},\"headline\":\"Curtailment: Alexandre Silveira diz procurar equil\u00edbrio entre seguran\u00e7a e modicidade tarif\u00e1ria\",\"datePublished\":\"2025-02-11T13:00:00+00:00\",\"mainEntityOfPage\":{\"@id\":\"https:\/\/agenciainfra.com\/blog\/curtailment-alexandre-silveira-diz-procurar-equilibrio-entre-seguranca-e-modicidade-tarifaria\/\"},\"wordCount\":394,\"publisher\":{\"@id\":\"https:\/\/agenciainfra.com\/blog\/#organization\"},\"keywords\":[\"Alexandre Silveira\",\"ANEEL\",\"cortes de gera\u00e7\u00e3o\",\"curtailment\",\"epe\",\"gera\u00e7\u00e3o de energia\",\"geradores e\u00f3licos e solares\",\"Geraldo Campos Jr.\",\"leil\u00f5es de linhas de transmiss\u00e3o\",\"Marisa Wanzeller\",\"modicidade tarif\u00e1ria\",\"obras de transmiss\u00e3o\",\"ONS\",\"seguran\u00e7a do SIN\"],\"articleSection\":[\"Destaque lista\",\"Geral\",\"iNFRAEnergia\"],\"inLanguage\":\"pt-BR\",\"copyrightYear\":\"2025\",\"copyrightHolder\":{\"@id\":\"https:\/\/agenciainfra.com\/blog\/#organization\"}},{\"@type\":\"WebPage\",\"@id\":\"https:\/\/agenciainfra.com\/blog\/curtailment-alexandre-silveira-diz-procurar-equilibrio-entre-seguranca-e-modicidade-tarifaria\/\",\"url\":\"https:\/\/agenciainfra.com\/blog\/curtailment-alexandre-silveira-diz-procurar-equilibrio-entre-seguranca-e-modicidade-tarifaria\/\",\"name\":\"Curtailment: Alexandre Silveira diz procurar equil\u00edbrio entre seguran\u00e7a e modicidade tarif\u00e1ria - Ag\u00eancia iNFRA\",\"isPartOf\":{\"@id\":\"https:\/\/agenciainfra.com\/blog\/#website\"},\"datePublished\":\"2025-02-11T13:00:00+00:00\",\"breadcrumb\":{\"@id\":\"https:\/\/agenciainfra.com\/blog\/curtailment-alexandre-silveira-diz-procurar-equilibrio-entre-seguranca-e-modicidade-tarifaria\/#breadcrumb\"},\"inLanguage\":\"pt-BR\",\"potentialAction\":[{\"@type\":\"ReadAction\",\"target\":[\"https:\/\/agenciainfra.com\/blog\/curtailment-alexandre-silveira-diz-procurar-equilibrio-entre-seguranca-e-modicidade-tarifaria\/\"]}]},{\"@type\":\"BreadcrumbList\",\"@id\":\"https:\/\/agenciainfra.com\/blog\/curtailment-alexandre-silveira-diz-procurar-equilibrio-entre-seguranca-e-modicidade-tarifaria\/#breadcrumb\",\"itemListElement\":[{\"@type\":\"ListItem\",\"position\":1,\"name\":\"In\u00edcio\",\"item\":\"https:\/\/agenciainfra.com\/blog\/\"},{\"@type\":\"ListItem\",\"position\":2,\"name\":\"Curtailment: Alexandre Silveira diz procurar equil\u00edbrio entre seguran\u00e7a e modicidade tarif\u00e1ria\"}]},{\"@type\":\"WebSite\",\"@id\":\"https:\/\/agenciainfra.com\/blog\/#website\",\"url\":\"https:\/\/agenciainfra.com\/blog\/\",\"name\":\"Ag\u00eancia iNFRA\",\"description\":\"Multiplataforma de informa\u00e7\u00e3o jornal\u00edstica refer\u00eancia na \u00e1rea de infraestrutura no Brasil!\",\"publisher\":{\"@id\":\"https:\/\/agenciainfra.com\/blog\/#organization\"},\"potentialAction\":[{\"@type\":\"SearchAction\",\"target\":{\"@type\":\"EntryPoint\",\"urlTemplate\":\"https:\/\/agenciainfra.com\/blog\/?s={search_term_string}\"},\"query-input\":{\"@type\":\"PropertyValueSpecification\",\"valueRequired\":true,\"valueName\":\"search_term_string\"}}],\"inLanguage\":\"pt-BR\"},{\"@type\":\"Organization\",\"@id\":\"https:\/\/agenciainfra.com\/blog\/#organization\",\"name\":\"Ag\u00eancia iNFRA\",\"url\":\"https:\/\/agenciainfra.com\/blog\/\",\"logo\":{\"@type\":\"ImageObject\",\"inLanguage\":\"pt-BR\",\"@id\":\"https:\/\/agenciainfra.com\/blog\/#\/schema\/logo\/image\/\",\"url\":\"https:\/\/agenciainfra.com\/blog\/wp-content\/uploads\/2023\/09\/iNFRA_5-e1761735885940.png\",\"contentUrl\":\"https:\/\/agenciainfra.com\/blog\/wp-content\/uploads\/2023\/09\/iNFRA_5-e1761735885940.png\",\"width\":1672,\"height\":454,\"caption\":\"Ag\u00eancia iNFRA\"},\"image\":{\"@id\":\"https:\/\/agenciainfra.com\/blog\/#\/schema\/logo\/image\/\"},\"sameAs\":[\"https:\/\/www.facebook.com\/ageninfra\",\"https:\/\/x.com\/agencia_infra\",\"https:\/\/www.linkedin.com\/company\/ag\u00eanciainfra\/\",\"https:\/\/www.instagram.com\/agenciainfra\/\"]},{\"@type\":\"Person\",\"@id\":\"https:\/\/agenciainfra.com\/blog\/#\/schema\/person\/34af08dff6adea4cb22b06612ba7acfa\",\"name\":\"Ag\u00eancia iNFRA\",\"image\":{\"@type\":\"ImageObject\",\"inLanguage\":\"pt-BR\",\"@id\":\"https:\/\/agenciainfra.com\/blog\/#\/schema\/person\/image\/\",\"url\":\"https:\/\/secure.gravatar.com\/avatar\/d189e01678f06d8eb84d4e01f08eb848b3fffe3f8443818d3c356c66892f5be8?s=96&d=mm&r=g\",\"contentUrl\":\"https:\/\/secure.gravatar.com\/avatar\/d189e01678f06d8eb84d4e01f08eb848b3fffe3f8443818d3c356c66892f5be8?s=96&d=mm&r=g\",\"caption\":\"Ag\u00eancia iNFRA\"},\"url\":\"https:\/\/agenciainfra.com\/blog\/author\/admin\/\"}]}<\/script>\n<!-- \/ Yoast SEO Premium plugin. -->","yoast_head_json":{"title":"Curtailment: Alexandre Silveira diz procurar equil\u00edbrio entre seguran\u00e7a e modicidade tarif\u00e1ria - Ag\u00eancia iNFRA","robots":{"index":"index","follow":"follow","max-snippet":"max-snippet:-1","max-image-preview":"max-image-preview:large","max-video-preview":"max-video-preview:-1"},"canonical":"https:\/\/agenciainfra.com\/blog\/curtailment-alexandre-silveira-diz-procurar-equilibrio-entre-seguranca-e-modicidade-tarifaria\/","og_locale":"pt_BR","og_type":"article","og_title":"Curtailment: Alexandre Silveira diz procurar equil\u00edbrio entre seguran\u00e7a e modicidade tarif\u00e1ria","og_description":"Geraldo Campos Jr. e Marisa Wanzeller, da Ag\u00eancia iNFRA O ministro Alexandre Silveira, de Minas e Energia, disse nesta segunda-feira (10) que o governo trabalha para encontrar um &#8220;ponto de equil\u00edbrio&#8221; entre a seguran\u00e7a do SIN (Sistema Interligado Nacional) e a modicidade tarif\u00e1ria, at\u00e9 que as obras de transmiss\u00e3o j\u00e1 licitadas sejam conclu\u00eddas. Segundo ele, [&hellip;]","og_url":"https:\/\/agenciainfra.com\/blog\/curtailment-alexandre-silveira-diz-procurar-equilibrio-entre-seguranca-e-modicidade-tarifaria\/","og_site_name":"Ag\u00eancia iNFRA","article_publisher":"https:\/\/www.facebook.com\/ageninfra","article_published_time":"2025-02-11T13:00:00+00:00","og_image":[{"width":1280,"height":851,"url":"https:\/\/agenciainfra.com\/blog\/wp-content\/uploads\/2020\/01\/geracao-distribuida-dominio-publico.jpg","type":"image\/jpeg"}],"author":"Ag\u00eancia iNFRA","twitter_card":"summary_large_image","twitter_creator":"@agencia_infra","twitter_site":"@agencia_infra","twitter_misc":{"Escrito por":"Ag\u00eancia iNFRA","Est. tempo de leitura":"2 minutos"},"schema":{"@context":"https:\/\/schema.org","@graph":[{"@type":"Article","@id":"https:\/\/agenciainfra.com\/blog\/curtailment-alexandre-silveira-diz-procurar-equilibrio-entre-seguranca-e-modicidade-tarifaria\/#article","isPartOf":{"@id":"https:\/\/agenciainfra.com\/blog\/curtailment-alexandre-silveira-diz-procurar-equilibrio-entre-seguranca-e-modicidade-tarifaria\/"},"author":{"name":"Ag\u00eancia iNFRA","@id":"https:\/\/agenciainfra.com\/blog\/#\/schema\/person\/34af08dff6adea4cb22b06612ba7acfa"},"headline":"Curtailment: Alexandre Silveira diz procurar equil\u00edbrio entre seguran\u00e7a e modicidade tarif\u00e1ria","datePublished":"2025-02-11T13:00:00+00:00","mainEntityOfPage":{"@id":"https:\/\/agenciainfra.com\/blog\/curtailment-alexandre-silveira-diz-procurar-equilibrio-entre-seguranca-e-modicidade-tarifaria\/"},"wordCount":394,"publisher":{"@id":"https:\/\/agenciainfra.com\/blog\/#organization"},"keywords":["Alexandre Silveira","ANEEL","cortes de gera\u00e7\u00e3o","curtailment","epe","gera\u00e7\u00e3o de energia","geradores e\u00f3licos e solares","Geraldo Campos Jr.","leil\u00f5es de linhas de transmiss\u00e3o","Marisa Wanzeller","modicidade tarif\u00e1ria","obras de transmiss\u00e3o","ONS","seguran\u00e7a do SIN"],"articleSection":["Destaque lista","Geral","iNFRAEnergia"],"inLanguage":"pt-BR","copyrightYear":"2025","copyrightHolder":{"@id":"https:\/\/agenciainfra.com\/blog\/#organization"}},{"@type":"WebPage","@id":"https:\/\/agenciainfra.com\/blog\/curtailment-alexandre-silveira-diz-procurar-equilibrio-entre-seguranca-e-modicidade-tarifaria\/","url":"https:\/\/agenciainfra.com\/blog\/curtailment-alexandre-silveira-diz-procurar-equilibrio-entre-seguranca-e-modicidade-tarifaria\/","name":"Curtailment: Alexandre Silveira diz procurar equil\u00edbrio entre seguran\u00e7a e modicidade tarif\u00e1ria - Ag\u00eancia iNFRA","isPartOf":{"@id":"https:\/\/agenciainfra.com\/blog\/#website"},"datePublished":"2025-02-11T13:00:00+00:00","breadcrumb":{"@id":"https:\/\/agenciainfra.com\/blog\/curtailment-alexandre-silveira-diz-procurar-equilibrio-entre-seguranca-e-modicidade-tarifaria\/#breadcrumb"},"inLanguage":"pt-BR","potentialAction":[{"@type":"ReadAction","target":["https:\/\/agenciainfra.com\/blog\/curtailment-alexandre-silveira-diz-procurar-equilibrio-entre-seguranca-e-modicidade-tarifaria\/"]}]},{"@type":"BreadcrumbList","@id":"https:\/\/agenciainfra.com\/blog\/curtailment-alexandre-silveira-diz-procurar-equilibrio-entre-seguranca-e-modicidade-tarifaria\/#breadcrumb","itemListElement":[{"@type":"ListItem","position":1,"name":"In\u00edcio","item":"https:\/\/agenciainfra.com\/blog\/"},{"@type":"ListItem","position":2,"name":"Curtailment: Alexandre Silveira diz procurar equil\u00edbrio entre seguran\u00e7a e modicidade tarif\u00e1ria"}]},{"@type":"WebSite","@id":"https:\/\/agenciainfra.com\/blog\/#website","url":"https:\/\/agenciainfra.com\/blog\/","name":"Ag\u00eancia iNFRA","description":"Multiplataforma de informa\u00e7\u00e3o jornal\u00edstica refer\u00eancia na \u00e1rea de infraestrutura no Brasil!","publisher":{"@id":"https:\/\/agenciainfra.com\/blog\/#organization"},"potentialAction":[{"@type":"SearchAction","target":{"@type":"EntryPoint","urlTemplate":"https:\/\/agenciainfra.com\/blog\/?s={search_term_string}"},"query-input":{"@type":"PropertyValueSpecification","valueRequired":true,"valueName":"search_term_string"}}],"inLanguage":"pt-BR"},{"@type":"Organization","@id":"https:\/\/agenciainfra.com\/blog\/#organization","name":"Ag\u00eancia iNFRA","url":"https:\/\/agenciainfra.com\/blog\/","logo":{"@type":"ImageObject","inLanguage":"pt-BR","@id":"https:\/\/agenciainfra.com\/blog\/#\/schema\/logo\/image\/","url":"https:\/\/agenciainfra.com\/blog\/wp-content\/uploads\/2023\/09\/iNFRA_5-e1761735885940.png","contentUrl":"https:\/\/agenciainfra.com\/blog\/wp-content\/uploads\/2023\/09\/iNFRA_5-e1761735885940.png","width":1672,"height":454,"caption":"Ag\u00eancia iNFRA"},"image":{"@id":"https:\/\/agenciainfra.com\/blog\/#\/schema\/logo\/image\/"},"sameAs":["https:\/\/www.facebook.com\/ageninfra","https:\/\/x.com\/agencia_infra","https:\/\/www.linkedin.com\/company\/ag\u00eanciainfra\/","https:\/\/www.instagram.com\/agenciainfra\/"]},{"@type":"Person","@id":"https:\/\/agenciainfra.com\/blog\/#\/schema\/person\/34af08dff6adea4cb22b06612ba7acfa","name":"Ag\u00eancia iNFRA","image":{"@type":"ImageObject","inLanguage":"pt-BR","@id":"https:\/\/agenciainfra.com\/blog\/#\/schema\/person\/image\/","url":"https:\/\/secure.gravatar.com\/avatar\/d189e01678f06d8eb84d4e01f08eb848b3fffe3f8443818d3c356c66892f5be8?s=96&d=mm&r=g","contentUrl":"https:\/\/secure.gravatar.com\/avatar\/d189e01678f06d8eb84d4e01f08eb848b3fffe3f8443818d3c356c66892f5be8?s=96&d=mm&r=g","caption":"Ag\u00eancia iNFRA"},"url":"https:\/\/agenciainfra.com\/blog\/author\/admin\/"}]}},"_links":{"self":[{"href":"https:\/\/agenciainfra.com\/blog\/wp-json\/wp\/v2\/posts\/20253","targetHints":{"allow":["GET"]}}],"collection":[{"href":"https:\/\/agenciainfra.com\/blog\/wp-json\/wp\/v2\/posts"}],"about":[{"href":"https:\/\/agenciainfra.com\/blog\/wp-json\/wp\/v2\/types\/post"}],"author":[{"embeddable":true,"href":"https:\/\/agenciainfra.com\/blog\/wp-json\/wp\/v2\/users\/1"}],"replies":[{"embeddable":true,"href":"https:\/\/agenciainfra.com\/blog\/wp-json\/wp\/v2\/comments?post=20253"}],"version-history":[{"count":1,"href":"https:\/\/agenciainfra.com\/blog\/wp-json\/wp\/v2\/posts\/20253\/revisions"}],"predecessor-version":[{"id":20254,"href":"https:\/\/agenciainfra.com\/blog\/wp-json\/wp\/v2\/posts\/20253\/revisions\/20254"}],"wp:attachment":[{"href":"https:\/\/agenciainfra.com\/blog\/wp-json\/wp\/v2\/media?parent=20253"}],"wp:term":[{"taxonomy":"category","embeddable":true,"href":"https:\/\/agenciainfra.com\/blog\/wp-json\/wp\/v2\/categories?post=20253"},{"taxonomy":"post_tag","embeddable":true,"href":"https:\/\/agenciainfra.com\/blog\/wp-json\/wp\/v2\/tags?post=20253"}],"curies":[{"name":"wp","href":"https:\/\/api.w.org\/{rel}","templated":true}]}}